{"id":7632,"date":"2026-08-23T15:11:39","date_gmt":"2026-08-23T15:11:39","guid":{"rendered":"https:\/\/ruralrafaela.com.ar\/exporural2026\/2026\/08\/23\/con-la-entrada-de-los-primeros-ejemplares-lecheros-la-exporural-comienza-a-armarse-para-el-jueves-2\/"},"modified":"2026-08-23T15:11:39","modified_gmt":"2026-08-23T15:11:39","slug":"con-la-entrada-de-los-primeros-ejemplares-lecheros-la-exporural-comienza-a-armarse-para-el-jueves-2","status":"publish","type":"post","link":"https:\/\/ruralrafaela.com.ar\/exporural2026\/2026\/08\/23\/con-la-entrada-de-los-primeros-ejemplares-lecheros-la-exporural-comienza-a-armarse-para-el-jueves-2\/","title":{"rendered":"Con la entrada de los primeros ejemplares lecheros la ExpoRural comienza a armarse para el jueves"},"content":{"rendered":"\n<p class=\"wp-block-paragraph\"><strong>La muestra se dar\u00e1 del 27 al 30 de agosto, mientras que la jura de la raza Holando en pista se har\u00e1 entre viernes y s\u00e1bado, para machos y hembras, respectivamente.<\/strong><\/p>\n\n\n\n<figure class=\"wp-block-gallery has-nested-images columns-default is-cropped wp-block-gallery-1 is-layout-flex wp-block-gallery-is-layout-flex\">\n<figure class=\"wp-block-image size-large\"><a href=\"https:\/\/ruralrafaela.com.ar\/wp-content\/uploads\/2026\/08\/20260823_111343-scaled.jpg\"><img decoding=\"async\" data-id=\"9549\" src=\"https:\/\/ruralrafaela.com.ar\/wp-content\/uploads\/2026\/08\/20260823_111343-1024x473.jpg\" alt=\"\" class=\"wp-image-9549\"\/><\/a><\/figure>\n\n\n\n<figure class=\"wp-block-image size-large\"><a href=\"https:\/\/ruralrafaela.com.ar\/wp-content\/uploads\/2026\/08\/20260823_104424-scaled.jpg\"><img decoding=\"async\" data-id=\"9551\" src=\"https:\/\/ruralrafaela.com.ar\/wp-content\/uploads\/2026\/08\/20260823_104424-1024x473.jpg\" alt=\"\" class=\"wp-image-9551\"\/><\/a><\/figure>\n\n\n\n<figure class=\"wp-block-image size-large\"><a href=\"https:\/\/ruralrafaela.com.ar\/wp-content\/uploads\/2026\/08\/20260823_104255-scaled.jpg\"><img decoding=\"async\" data-id=\"9550\" src=\"https:\/\/ruralrafaela.com.ar\/wp-content\/uploads\/2026\/08\/20260823_104255-1024x473.jpg\" alt=\"\" class=\"wp-image-9550\"\/><\/a><\/figure>\n\n\n\n<figure class=\"wp-block-image size-large\"><a href=\"https:\/\/ruralrafaela.com.ar\/wp-content\/uploads\/2026\/08\/20260823_104251-scaled.jpg\"><img decoding=\"async\" data-id=\"9547\" src=\"https:\/\/ruralrafaela.com.ar\/wp-content\/uploads\/2026\/08\/20260823_104251-1024x473.jpg\" alt=\"\" class=\"wp-image-9547\"\/><\/a><\/figure>\n\n\n\n<figure class=\"wp-block-image size-large\"><a href=\"https:\/\/ruralrafaela.com.ar\/wp-content\/uploads\/2026\/08\/20260823_102955-scaled.jpg\"><img decoding=\"async\" data-id=\"9548\" src=\"https:\/\/ruralrafaela.com.ar\/wp-content\/uploads\/2026\/08\/20260823_102955-1024x473.jpg\" alt=\"\" class=\"wp-image-9548\"\/><\/a><\/figure>\n<\/figure>\n\n\n\n<p class=\"wp-block-paragraph\">Este domingo por la ma\u00f1ana, con la llegada de los primeros animales, la 119\u00b0 ExpoRural de Rafaela y la Regi\u00f3n ya comienza a tomar forma.<\/p>\n\n\n\n<p class=\"wp-block-paragraph\">La semana arranca por el coraz\u00f3n de la muestra, con el ingreso de 37 cabezas de tres de las 13 caba\u00f1as que estar\u00e1n participando en la pista, entre viernes y s\u00e1bado.<\/p>\n\n\n\n<p class=\"wp-block-paragraph\">Fue el momento de abrir los portones, empezar a preparar las camas de los animales, acomodar todos los implementos que cada grupo de trabajo necesita para los que ser\u00e1n d\u00edas de mucho trabajo, de preparaci\u00f3n para una competencia que promete mostrar a los mejores ejemplares Holando Argentino y para seguir construyendo la historia de la Sociedad Rural de Rafaela.<\/p>\n\n\n\n<p class=\"wp-block-paragraph\">Fue la Caba\u00f1a Beatriz, de Barberis y Cavallero, la que entr\u00f3 primero al predio y ya comenz\u00f3 a instalarse en el Sal\u00f3n de Toros.<\/p>\n\n\n\n<p class=\"wp-block-paragraph\">\u201cVinimos a participar con 11 animales, cuatro vacas, un toro, una ternera y cinco vaquillonas\u201d, coment\u00f3 Juli\u00e1n Cavallero, junto a su equipo de trabajo.<\/p>\n\n\n\n<p class=\"wp-block-paragraph\">Una buena jornada de sol es la que los motiv\u00f3 a llegar temprano. \u201cSiempre le lleva un tiempo tambi\u00e9n de adaptaci\u00f3n a las vacas a su nuevo lugar en el Sal\u00f3n, como de todas maneras las tenemos que cuidar en la caba\u00f1a o ac\u00e1, vinimos. Adem\u00e1s, la ciudad parece que el domingo est\u00e1 m\u00e1s tranquila para poder ingresar los camiones, incluso para circular por el predio porque despu\u00e9s empiezan a llegar las maquinarias y a instalar los stands, as\u00ed que optamos por venir y aprovechar el domingo para mudarnos por estos d\u00edas\u201d.<\/p>\n\n\n\n<p class=\"wp-block-paragraph\">En una edici\u00f3n donde ser\u00e1n 13 las caba\u00f1as presentes y con una competencia de gran nivel, Juli\u00e1n Cavallero explic\u00f3 que en las juras de viernes y s\u00e1bado \u201cvenimos a participar, mostrar, estar presentes, para que los productores que tambi\u00e9n son clientes vean el trabajo que uno hace d\u00eda a d\u00eda, a pesar que ya lo conocen, ya ven c\u00f3mo uno trabaja. Tambi\u00e9n es siempre lindo acompa\u00f1ar a la Sociedad Rural de Rafalea, de la que uno forma parte\u201d.<br>Con muchos premios acumulados en ediciones anteriores, estos grandes productores de Colonia Aldao reconocen que \u201csiempre hay buenos animales, el jurado es muy bueno, as\u00ed que bueno, nos vamos a ver todos en la pista\u201d, cuando est\u00e9 haciendo su trabajo el estadounidense Ryan Krohlow.<\/p>\n\n\n\n<p class=\"wp-block-paragraph\">Guillermo Patrono, como responsable de Ganader\u00eda de la SRR destac\u00f3 que durante esta primera jornada de ingresos ya habr\u00e1 en el predio unos 50 animales.<\/p>\n\n\n\n<p class=\"wp-block-paragraph\">Con todas las familias trabajando y los cuidadores, La Luisa de la familia Miretti lleg\u00f3 con nueve vacas, seis toros y cinco terneras, para la pista y tambi\u00e9n el 105\u00b0 Concurso de Vacas Lecheras.<\/p>\n\n\n\n<p class=\"wp-block-paragraph\">Por su parte, Germ\u00e1n Fux de la Caba\u00f1a La Traves\u00eda entr\u00f3 con cuatro vacas, una ternera y un toro, siendo todos ejemplares que debutan en las exposiciones, pensando en la pista y en el Concurso, donde deben defender el t\u00edtulo de 2025.<\/p>\n\n\n\n<p class=\"wp-block-paragraph\">La ExpoRural comenzar\u00e1 formalmente el jueves y hasta el domingo mostrar\u00e1 todo el trabajo del campo de la regi\u00f3n, con un foco fundamental en la lecher\u00eda, siendo sin dudas esta la pista m\u00e1s lechera del pa\u00eds, hecho que a simple vista ya se puede disfrutar.<br>Durante la tarde, seguir\u00e1n los ingresos de bovinos, estim\u00e1ndose para el martes tener completo el Sal\u00f3n de Toros y espacios anexos destinados a la raza Holando Argentino.<br><br>Para mayor informaci\u00f3n sobre las actividades de la ganader\u00eda de leche se puede ingresar en <a href=\"https:\/\/ruralrafaela.com.ar\/record-de-holando-este-ano-para-la-pista-de-la-exporural-de-rafaela\/\">https:\/\/ruralrafaela.com.ar\/record-de-holando-este-ano-para-la-pista-de-la-exporural-de-rafaela\/<\/a><\/p>\n\n\n\n<p class=\"wp-block-paragraph\"><\/p>\n","protected":false},"excerpt":{"rendered":"<p>La muestra se dar\u00e1 del 27 al 30 de agosto, mientras que la jura de la raza Holando en pista se har\u00e1 entre viernes y s\u00e1bado, para machos y hembras, respectivamente. Este domingo por la ma\u00f1ana, con la llegada de los primeros animales, la 119\u00b0 ExpoRural de Rafaela y la Regi\u00f3n ya comienza a tomar [&hellip;]<\/p>\n","protected":false},"author":17,"featured_media":0,"comment_status":"closed","ping_status":"closed","sticky":false,"template":"","format":"standard","meta":{"ocean_front_end_style_editor":"no","ocean_post_layout":"","ocean_both_sidebars_style":"","ocean_both_sidebars_content_width":0,"ocean_both_sidebars_sidebars_width":0,"ocean_sidebar":"","ocean_second_sidebar":"","ocean_disable_margins":"enable","ocean_add_body_class":"","ocean_shortcode_before_top_bar":"","ocean_shortcode_after_top_bar":"","ocean_shortcode_before_header":"","ocean_shortcode_after_header":"","ocean_has_shortcode":"","ocean_shortcode_after_title":"","ocean_shortcode_before_footer_widgets":"","ocean_shortcode_after_footer_widgets":"","ocean_shortcode_before_footer_bottom":"","ocean_shortcode_after_footer_bottom":"","ocean_display_top_bar":"default","ocean_display_header":"default","ocean_header_style":"","ocean_center_header_left_menu":"","ocean_custom_header_template":"","ocean_custom_logo":0,"ocean_custom_retina_logo":0,"ocean_custom_logo_max_width":0,"ocean_custom_logo_tablet_max_width":0,"ocean_custom_logo_mobile_max_width":0,"ocean_custom_logo_max_height":0,"ocean_custom_logo_tablet_max_height":0,"ocean_custom_logo_mobile_max_height":0,"ocean_header_custom_menu":"","ocean_menu_typo_font_family":"","ocean_menu_typo_font_subset":"","ocean_menu_typo_font_size":0,"ocean_menu_typo_font_size_tablet":0,"ocean_menu_typo_font_size_mobile":0,"ocean_menu_typo_font_size_unit":"px","ocean_menu_typo_font_weight":"","ocean_menu_typo_font_weight_tablet":"","ocean_menu_typo_font_weight_mobile":"","ocean_menu_typo_transform":"","ocean_menu_typo_transform_tablet":"","ocean_menu_typo_transform_mobile":"","ocean_menu_typo_line_height":0,"ocean_menu_typo_line_height_tablet":0,"ocean_menu_typo_line_height_mobile":0,"ocean_menu_typo_line_height_unit":"","ocean_menu_typo_spacing":0,"ocean_menu_typo_spacing_tablet":0,"ocean_menu_typo_spacing_mobile":0,"ocean_menu_typo_spacing_unit":"","ocean_menu_link_color":"","ocean_menu_link_color_hover":"","ocean_menu_link_color_active":"","ocean_menu_link_background":"","ocean_menu_link_hover_background":"","ocean_menu_link_active_background":"","ocean_menu_social_links_bg":"","ocean_menu_social_hover_links_bg":"","ocean_menu_social_links_color":"","ocean_menu_social_hover_links_color":"","ocean_disable_title":"default","ocean_disable_heading":"default","ocean_post_title":"","ocean_post_subheading":"","ocean_post_title_style":"","ocean_post_title_background_color":"","ocean_post_title_background":0,"ocean_post_title_bg_image_position":"","ocean_post_title_bg_image_attachment":"","ocean_post_title_bg_image_repeat":"","ocean_post_title_bg_image_size":"","ocean_post_title_height":0,"ocean_post_title_bg_overlay":0.5,"ocean_post_title_bg_overlay_color":"","ocean_disable_breadcrumbs":"default","ocean_breadcrumbs_color":"","ocean_breadcrumbs_separator_color":"","ocean_breadcrumbs_links_color":"","ocean_breadcrumbs_links_hover_color":"","ocean_display_footer_widgets":"default","ocean_display_footer_bottom":"default","ocean_custom_footer_template":"","_joinchat":[],"ocean_post_oembed":"","ocean_post_self_hosted_media":"","ocean_post_video_embed":"","ocean_link_format":"","ocean_link_format_target":"self","ocean_quote_format":"","ocean_quote_format_link":"post","ocean_gallery_link_images":"on","ocean_gallery_id":[],"footnotes":""},"categories":[1],"tags":[],"class_list":["post-7632","post","type-post","status-publish","format-standard","hentry","category-sin-categoria","entry"],"yoast_head":"<!-- This site is optimized with the Yoast SEO plugin v28.4 - https:\/\/yoast.com\/product\/yoast-seo-wordpress\/ -->\n<title>Con la entrada de los primeros ejemplares lecheros la ExpoRural comienza a armarse para el jueves - 119 Expo Rural Rafaela 2026<\/title>\n<meta name=\"robots\" content=\"index, follow, max-snippet:-1, max-image-preview:large, max-video-preview:-1\" \/>\n<link rel=\"canonical\" href=\"https:\/\/ruralrafaela.com.ar\/exporural2026\/2026\/08\/23\/con-la-entrada-de-los-primeros-ejemplares-lecheros-la-exporural-comienza-a-armarse-para-el-jueves-2\/\" \/>\n<meta property=\"og:locale\" content=\"es_ES\" \/>\n<meta property=\"og:type\" content=\"article\" \/>\n<meta property=\"og:title\" content=\"Con la entrada de los primeros ejemplares lecheros la ExpoRural comienza a armarse para el jueves - 119 Expo Rural Rafaela 2026\" \/>\n<meta property=\"og:description\" content=\"La muestra se dar\u00e1 del 27 al 30 de agosto, mientras que la jura de la raza Holando en pista se har\u00e1 entre viernes y s\u00e1bado, para machos y hembras, respectivamente. Este domingo por la ma\u00f1ana, con la llegada de los primeros animales, la 119\u00b0 ExpoRural de Rafaela y la Regi\u00f3n ya comienza a tomar [&hellip;]\" \/>\n<meta property=\"og:url\" content=\"https:\/\/ruralrafaela.com.ar\/exporural2026\/2026\/08\/23\/con-la-entrada-de-los-primeros-ejemplares-lecheros-la-exporural-comienza-a-armarse-para-el-jueves-2\/\" \/>\n<meta property=\"og:site_name\" content=\"119 Expo Rural Rafaela 2026\" \/>\n<meta property=\"article:published_time\" content=\"2026-08-23T15:11:39+00:00\" \/>\n<meta property=\"og:image\" content=\"https:\/\/ruralrafaela.com.ar\/wp-content\/uploads\/2026\/08\/20260823_111343-1024x473.jpg\" \/>\n<meta name=\"author\" content=\"voces\" \/>\n<meta name=\"twitter:card\" content=\"summary_large_image\" \/>\n<meta name=\"twitter:label1\" content=\"Escrito por\" \/>\n\t<meta name=\"twitter:data1\" content=\"voces\" \/>\n\t<meta name=\"twitter:label2\" content=\"Tiempo de lectura\" \/>\n\t<meta name=\"twitter:data2\" content=\"3 minutos\" \/>\n<script type=\"application\/ld+json\" class=\"yoast-schema-graph\">{\"@context\":\"https:\\\/\\\/schema.org\",\"@graph\":[{\"@type\":\"Article\",\"@id\":\"https:\\\/\\\/ruralrafaela.com.ar\\\/exporural2026\\\/2026\\\/08\\\/23\\\/con-la-entrada-de-los-primeros-ejemplares-lecheros-la-exporural-comienza-a-armarse-para-el-jueves-2\\\/#article\",\"isPartOf\":{\"@id\":\"https:\\\/\\\/ruralrafaela.com.ar\\\/exporural2026\\\/2026\\\/08\\\/23\\\/con-la-entrada-de-los-primeros-ejemplares-lecheros-la-exporural-comienza-a-armarse-para-el-jueves-2\\\/\"},\"author\":{\"name\":\"voces\",\"@id\":\"https:\\\/\\\/ruralrafaela.com.ar\\\/exporural2026\\\/#\\\/schema\\\/person\\\/fa167bfed3a2b8029213c0bac80612f7\"},\"headline\":\"Con la entrada de los primeros ejemplares lecheros la ExpoRural comienza a armarse para el jueves\",\"datePublished\":\"2026-08-23T15:11:39+00:00\",\"mainEntityOfPage\":{\"@id\":\"https:\\\/\\\/ruralrafaela.com.ar\\\/exporural2026\\\/2026\\\/08\\\/23\\\/con-la-entrada-de-los-primeros-ejemplares-lecheros-la-exporural-comienza-a-armarse-para-el-jueves-2\\\/\"},\"wordCount\":654,\"publisher\":{\"@id\":\"https:\\\/\\\/ruralrafaela.com.ar\\\/exporural2026\\\/#organization\"},\"image\":{\"@id\":\"https:\\\/\\\/ruralrafaela.com.ar\\\/exporural2026\\\/2026\\\/08\\\/23\\\/con-la-entrada-de-los-primeros-ejemplares-lecheros-la-exporural-comienza-a-armarse-para-el-jueves-2\\\/#primaryimage\"},\"thumbnailUrl\":\"https:\\\/\\\/ruralrafaela.com.ar\\\/wp-content\\\/uploads\\\/2026\\\/08\\\/20260823_111343-1024x473.jpg\",\"inLanguage\":\"es\"},{\"@type\":\"WebPage\",\"@id\":\"https:\\\/\\\/ruralrafaela.com.ar\\\/exporural2026\\\/2026\\\/08\\\/23\\\/con-la-entrada-de-los-primeros-ejemplares-lecheros-la-exporural-comienza-a-armarse-para-el-jueves-2\\\/\",\"url\":\"https:\\\/\\\/ruralrafaela.com.ar\\\/exporural2026\\\/2026\\\/08\\\/23\\\/con-la-entrada-de-los-primeros-ejemplares-lecheros-la-exporural-comienza-a-armarse-para-el-jueves-2\\\/\",\"name\":\"Con la entrada de los primeros ejemplares lecheros la ExpoRural comienza a armarse para el jueves - 119 Expo Rural Rafaela 2026\",\"isPartOf\":{\"@id\":\"https:\\\/\\\/ruralrafaela.com.ar\\\/exporural2026\\\/#website\"},\"primaryImageOfPage\":{\"@id\":\"https:\\\/\\\/ruralrafaela.com.ar\\\/exporural2026\\\/2026\\\/08\\\/23\\\/con-la-entrada-de-los-primeros-ejemplares-lecheros-la-exporural-comienza-a-armarse-para-el-jueves-2\\\/#primaryimage\"},\"image\":{\"@id\":\"https:\\\/\\\/ruralrafaela.com.ar\\\/exporural2026\\\/2026\\\/08\\\/23\\\/con-la-entrada-de-los-primeros-ejemplares-lecheros-la-exporural-comienza-a-armarse-para-el-jueves-2\\\/#primaryimage\"},\"thumbnailUrl\":\"https:\\\/\\\/ruralrafaela.com.ar\\\/wp-content\\\/uploads\\\/2026\\\/08\\\/20260823_111343-1024x473.jpg\",\"datePublished\":\"2026-08-23T15:11:39+00:00\",\"breadcrumb\":{\"@id\":\"https:\\\/\\\/ruralrafaela.com.ar\\\/exporural2026\\\/2026\\\/08\\\/23\\\/con-la-entrada-de-los-primeros-ejemplares-lecheros-la-exporural-comienza-a-armarse-para-el-jueves-2\\\/#breadcrumb\"},\"inLanguage\":\"es\",\"potentialAction\":[{\"@type\":\"ReadAction\",\"target\":[\"https:\\\/\\\/ruralrafaela.com.ar\\\/exporural2026\\\/2026\\\/08\\\/23\\\/con-la-entrada-de-los-primeros-ejemplares-lecheros-la-exporural-comienza-a-armarse-para-el-jueves-2\\\/\"]}]},{\"@type\":\"ImageObject\",\"inLanguage\":\"es\",\"@id\":\"https:\\\/\\\/ruralrafaela.com.ar\\\/exporural2026\\\/2026\\\/08\\\/23\\\/con-la-entrada-de-los-primeros-ejemplares-lecheros-la-exporural-comienza-a-armarse-para-el-jueves-2\\\/#primaryimage\",\"url\":\"https:\\\/\\\/ruralrafaela.com.ar\\\/wp-content\\\/uploads\\\/2026\\\/08\\\/20260823_111343-1024x473.jpg\",\"contentUrl\":\"https:\\\/\\\/ruralrafaela.com.ar\\\/wp-content\\\/uploads\\\/2026\\\/08\\\/20260823_111343-1024x473.jpg\"},{\"@type\":\"BreadcrumbList\",\"@id\":\"https:\\\/\\\/ruralrafaela.com.ar\\\/exporural2026\\\/2026\\\/08\\\/23\\\/con-la-entrada-de-los-primeros-ejemplares-lecheros-la-exporural-comienza-a-armarse-para-el-jueves-2\\\/#breadcrumb\",\"itemListElement\":[{\"@type\":\"ListItem\",\"position\":1,\"name\":\"Portada\",\"item\":\"https:\\\/\\\/ruralrafaela.com.ar\\\/exporural2026\\\/\"},{\"@type\":\"ListItem\",\"position\":2,\"name\":\"Con la entrada de los primeros ejemplares lecheros la ExpoRural comienza a armarse para el jueves\"}]},{\"@type\":\"WebSite\",\"@id\":\"https:\\\/\\\/ruralrafaela.com.ar\\\/exporural2026\\\/#website\",\"url\":\"https:\\\/\\\/ruralrafaela.com.ar\\\/exporural2026\\\/\",\"name\":\"119 Expo Rural Rafaela 2026\",\"description\":\"Sitio oficial de la Expo Rural Rafaela\",\"publisher\":{\"@id\":\"https:\\\/\\\/ruralrafaela.com.ar\\\/exporural2026\\\/#organization\"},\"potentialAction\":[{\"@type\":\"SearchAction\",\"target\":{\"@type\":\"EntryPoint\",\"urlTemplate\":\"https:\\\/\\\/ruralrafaela.com.ar\\\/exporural2026\\\/?s={search_term_string}\"},\"query-input\":{\"@type\":\"PropertyValueSpecification\",\"valueRequired\":true,\"valueName\":\"search_term_string\"}}],\"inLanguage\":\"es\"},{\"@type\":\"Organization\",\"@id\":\"https:\\\/\\\/ruralrafaela.com.ar\\\/exporural2026\\\/#organization\",\"name\":\"119 Expo Rural Rafaela 2026\",\"url\":\"https:\\\/\\\/ruralrafaela.com.ar\\\/exporural2026\\\/\",\"logo\":{\"@type\":\"ImageObject\",\"inLanguage\":\"es\",\"@id\":\"https:\\\/\\\/ruralrafaela.com.ar\\\/exporural2026\\\/#\\\/schema\\\/logo\\\/image\\\/\",\"url\":\"https:\\\/\\\/ruralrafaela.com.ar\\\/exporural2026\\\/wp-content\\\/uploads\\\/sites\\\/26\\\/2026\\\/08\\\/logoexpo2026.jpg\",\"contentUrl\":\"https:\\\/\\\/ruralrafaela.com.ar\\\/exporural2026\\\/wp-content\\\/uploads\\\/sites\\\/26\\\/2026\\\/08\\\/logoexpo2026.jpg\",\"width\":516,\"height\":308,\"caption\":\"119 Expo Rural Rafaela 2026\"},\"image\":{\"@id\":\"https:\\\/\\\/ruralrafaela.com.ar\\\/exporural2026\\\/#\\\/schema\\\/logo\\\/image\\\/\"}},{\"@type\":\"Person\",\"@id\":\"https:\\\/\\\/ruralrafaela.com.ar\\\/exporural2026\\\/#\\\/schema\\\/person\\\/fa167bfed3a2b8029213c0bac80612f7\",\"name\":\"voces\",\"image\":{\"@type\":\"ImageObject\",\"inLanguage\":\"es\",\"@id\":\"https:\\\/\\\/secure.gravatar.com\\\/avatar\\\/8be4c66bb16cf788ff6688b77c76240c16a5397e072068b8fd79350e9acb3d86?s=96&d=mm&r=g\",\"url\":\"https:\\\/\\\/secure.gravatar.com\\\/avatar\\\/8be4c66bb16cf788ff6688b77c76240c16a5397e072068b8fd79350e9acb3d86?s=96&d=mm&r=g\",\"contentUrl\":\"https:\\\/\\\/secure.gravatar.com\\\/avatar\\\/8be4c66bb16cf788ff6688b77c76240c16a5397e072068b8fd79350e9acb3d86?s=96&d=mm&r=g\",\"caption\":\"voces\"},\"url\":\"https:\\\/\\\/ruralrafaela.com.ar\\\/exporural2026\\\/author\\\/voces\\\/\"}]}<\/script>\n<!-- \/ Yoast SEO plugin. -->","yoast_head_json":{"title":"Con la entrada de los primeros ejemplares lecheros la ExpoRural comienza a armarse para el jueves - 119 Expo Rural Rafaela 2026","robots":{"index":"index","follow":"follow","max-snippet":"max-snippet:-1","max-image-preview":"max-image-preview:large","max-video-preview":"max-video-preview:-1"},"canonical":"https:\/\/ruralrafaela.com.ar\/exporural2026\/2026\/08\/23\/con-la-entrada-de-los-primeros-ejemplares-lecheros-la-exporural-comienza-a-armarse-para-el-jueves-2\/","og_locale":"es_ES","og_type":"article","og_title":"Con la entrada de los primeros ejemplares lecheros la ExpoRural comienza a armarse para el jueves - 119 Expo Rural Rafaela 2026","og_description":"La muestra se dar\u00e1 del 27 al 30 de agosto, mientras que la jura de la raza Holando en pista se har\u00e1 entre viernes y s\u00e1bado, para machos y hembras, respectivamente. Este domingo por la ma\u00f1ana, con la llegada de los primeros animales, la 119\u00b0 ExpoRural de Rafaela y la Regi\u00f3n ya comienza a tomar [&hellip;]","og_url":"https:\/\/ruralrafaela.com.ar\/exporural2026\/2026\/08\/23\/con-la-entrada-de-los-primeros-ejemplares-lecheros-la-exporural-comienza-a-armarse-para-el-jueves-2\/","og_site_name":"119 Expo Rural Rafaela 2026","article_published_time":"2026-08-23T15:11:39+00:00","og_image":[{"url":"https:\/\/ruralrafaela.com.ar\/wp-content\/uploads\/2026\/08\/20260823_111343-1024x473.jpg","type":"","width":"","height":""}],"author":"voces","twitter_card":"summary_large_image","twitter_misc":{"Escrito por":"voces","Tiempo de lectura":"3 minutos"},"schema":{"@context":"https:\/\/schema.org","@graph":[{"@type":"Article","@id":"https:\/\/ruralrafaela.com.ar\/exporural2026\/2026\/08\/23\/con-la-entrada-de-los-primeros-ejemplares-lecheros-la-exporural-comienza-a-armarse-para-el-jueves-2\/#article","isPartOf":{"@id":"https:\/\/ruralrafaela.com.ar\/exporural2026\/2026\/08\/23\/con-la-entrada-de-los-primeros-ejemplares-lecheros-la-exporural-comienza-a-armarse-para-el-jueves-2\/"},"author":{"name":"voces","@id":"https:\/\/ruralrafaela.com.ar\/exporural2026\/#\/schema\/person\/fa167bfed3a2b8029213c0bac80612f7"},"headline":"Con la entrada de los primeros ejemplares lecheros la ExpoRural comienza a armarse para el jueves","datePublished":"2026-08-23T15:11:39+00:00","mainEntityOfPage":{"@id":"https:\/\/ruralrafaela.com.ar\/exporural2026\/2026\/08\/23\/con-la-entrada-de-los-primeros-ejemplares-lecheros-la-exporural-comienza-a-armarse-para-el-jueves-2\/"},"wordCount":654,"publisher":{"@id":"https:\/\/ruralrafaela.com.ar\/exporural2026\/#organization"},"image":{"@id":"https:\/\/ruralrafaela.com.ar\/exporural2026\/2026\/08\/23\/con-la-entrada-de-los-primeros-ejemplares-lecheros-la-exporural-comienza-a-armarse-para-el-jueves-2\/#primaryimage"},"thumbnailUrl":"https:\/\/ruralrafaela.com.ar\/wp-content\/uploads\/2026\/08\/20260823_111343-1024x473.jpg","inLanguage":"es"},{"@type":"WebPage","@id":"https:\/\/ruralrafaela.com.ar\/exporural2026\/2026\/08\/23\/con-la-entrada-de-los-primeros-ejemplares-lecheros-la-exporural-comienza-a-armarse-para-el-jueves-2\/","url":"https:\/\/ruralrafaela.com.ar\/exporural2026\/2026\/08\/23\/con-la-entrada-de-los-primeros-ejemplares-lecheros-la-exporural-comienza-a-armarse-para-el-jueves-2\/","name":"Con la entrada de los primeros ejemplares lecheros la ExpoRural comienza a armarse para el jueves - 119 Expo Rural Rafaela 2026","isPartOf":{"@id":"https:\/\/ruralrafaela.com.ar\/exporural2026\/#website"},"primaryImageOfPage":{"@id":"https:\/\/ruralrafaela.com.ar\/exporural2026\/2026\/08\/23\/con-la-entrada-de-los-primeros-ejemplares-lecheros-la-exporural-comienza-a-armarse-para-el-jueves-2\/#primaryimage"},"image":{"@id":"https:\/\/ruralrafaela.com.ar\/exporural2026\/2026\/08\/23\/con-la-entrada-de-los-primeros-ejemplares-lecheros-la-exporural-comienza-a-armarse-para-el-jueves-2\/#primaryimage"},"thumbnailUrl":"https:\/\/ruralrafaela.com.ar\/wp-content\/uploads\/2026\/08\/20260823_111343-1024x473.jpg","datePublished":"2026-08-23T15:11:39+00:00","breadcrumb":{"@id":"https:\/\/ruralrafaela.com.ar\/exporural2026\/2026\/08\/23\/con-la-entrada-de-los-primeros-ejemplares-lecheros-la-exporural-comienza-a-armarse-para-el-jueves-2\/#breadcrumb"},"inLanguage":"es","potentialAction":[{"@type":"ReadAction","target":["https:\/\/ruralrafaela.com.ar\/exporural2026\/2026\/08\/23\/con-la-entrada-de-los-primeros-ejemplares-lecheros-la-exporural-comienza-a-armarse-para-el-jueves-2\/"]}]},{"@type":"ImageObject","inLanguage":"es","@id":"https:\/\/ruralrafaela.com.ar\/exporural2026\/2026\/08\/23\/con-la-entrada-de-los-primeros-ejemplares-lecheros-la-exporural-comienza-a-armarse-para-el-jueves-2\/#primaryimage","url":"https:\/\/ruralrafaela.com.ar\/wp-content\/uploads\/2026\/08\/20260823_111343-1024x473.jpg","contentUrl":"https:\/\/ruralrafaela.com.ar\/wp-content\/uploads\/2026\/08\/20260823_111343-1024x473.jpg"},{"@type":"BreadcrumbList","@id":"https:\/\/ruralrafaela.com.ar\/exporural2026\/2026\/08\/23\/con-la-entrada-de-los-primeros-ejemplares-lecheros-la-exporural-comienza-a-armarse-para-el-jueves-2\/#breadcrumb","itemListElement":[{"@type":"ListItem","position":1,"name":"Portada","item":"https:\/\/ruralrafaela.com.ar\/exporural2026\/"},{"@type":"ListItem","position":2,"name":"Con la entrada de los primeros ejemplares lecheros la ExpoRural comienza a armarse para el jueves"}]},{"@type":"WebSite","@id":"https:\/\/ruralrafaela.com.ar\/exporural2026\/#website","url":"https:\/\/ruralrafaela.com.ar\/exporural2026\/","name":"119 Expo Rural Rafaela 2026","description":"Sitio oficial de la Expo Rural Rafaela","publisher":{"@id":"https:\/\/ruralrafaela.com.ar\/exporural2026\/#organization"},"potentialAction":[{"@type":"SearchAction","target":{"@type":"EntryPoint","urlTemplate":"https:\/\/ruralrafaela.com.ar\/exporural2026\/?s={search_term_string}"},"query-input":{"@type":"PropertyValueSpecification","valueRequired":true,"valueName":"search_term_string"}}],"inLanguage":"es"},{"@type":"Organization","@id":"https:\/\/ruralrafaela.com.ar\/exporural2026\/#organization","name":"119 Expo Rural Rafaela 2026","url":"https:\/\/ruralrafaela.com.ar\/exporural2026\/","logo":{"@type":"ImageObject","inLanguage":"es","@id":"https:\/\/ruralrafaela.com.ar\/exporural2026\/#\/schema\/logo\/image\/","url":"https:\/\/ruralrafaela.com.ar\/exporural2026\/wp-content\/uploads\/sites\/26\/2026\/08\/logoexpo2026.jpg","contentUrl":"https:\/\/ruralrafaela.com.ar\/exporural2026\/wp-content\/uploads\/sites\/26\/2026\/08\/logoexpo2026.jpg","width":516,"height":308,"caption":"119 Expo Rural Rafaela 2026"},"image":{"@id":"https:\/\/ruralrafaela.com.ar\/exporural2026\/#\/schema\/logo\/image\/"}},{"@type":"Person","@id":"https:\/\/ruralrafaela.com.ar\/exporural2026\/#\/schema\/person\/fa167bfed3a2b8029213c0bac80612f7","name":"voces","image":{"@type":"ImageObject","inLanguage":"es","@id":"https:\/\/secure.gravatar.com\/avatar\/8be4c66bb16cf788ff6688b77c76240c16a5397e072068b8fd79350e9acb3d86?s=96&d=mm&r=g","url":"https:\/\/secure.gravatar.com\/avatar\/8be4c66bb16cf788ff6688b77c76240c16a5397e072068b8fd79350e9acb3d86?s=96&d=mm&r=g","contentUrl":"https:\/\/secure.gravatar.com\/avatar\/8be4c66bb16cf788ff6688b77c76240c16a5397e072068b8fd79350e9acb3d86?s=96&d=mm&r=g","caption":"voces"},"url":"https:\/\/ruralrafaela.com.ar\/exporural2026\/author\/voces\/"}]}},"_links":{"self":[{"href":"https:\/\/ruralrafaela.com.ar\/exporural2026\/wp-json\/wp\/v2\/posts\/7632","targetHints":{"allow":["GET"]}}],"collection":[{"href":"https:\/\/ruralrafaela.com.ar\/exporural2026\/wp-json\/wp\/v2\/posts"}],"about":[{"href":"https:\/\/ruralrafaela.com.ar\/exporural2026\/wp-json\/wp\/v2\/types\/post"}],"author":[{"embeddable":true,"href":"https:\/\/ruralrafaela.com.ar\/exporural2026\/wp-json\/wp\/v2\/users\/17"}],"replies":[{"embeddable":true,"href":"https:\/\/ruralrafaela.com.ar\/exporural2026\/wp-json\/wp\/v2\/comments?post=7632"}],"version-history":[{"count":0,"href":"https:\/\/ruralrafaela.com.ar\/exporural2026\/wp-json\/wp\/v2\/posts\/7632\/revisions"}],"wp:attachment":[{"href":"https:\/\/ruralrafaela.com.ar\/exporural2026\/wp-json\/wp\/v2\/media?parent=7632"}],"wp:term":[{"taxonomy":"category","embeddable":true,"href":"https:\/\/ruralrafaela.com.ar\/exporural2026\/wp-json\/wp\/v2\/categories?post=7632"},{"taxonomy":"post_tag","embeddable":true,"href":"https:\/\/ruralrafaela.com.ar\/exporural2026\/wp-json\/wp\/v2\/tags?post=7632"}],"curies":[{"name":"wp","href":"https:\/\/api.w.org\/{rel}","templated":true}]}}