{"id":7614,"date":"2026-08-30T12:43:30","date_gmt":"2026-08-30T12:43:30","guid":{"rendered":"https:\/\/ruralrafaela.com.ar\/exporural2026\/2026\/08\/30\/la-mirada-de-los-mas-chicos-volvio-a-ser-protagonista-en-la-exporural\/"},"modified":"2026-08-30T12:43:30","modified_gmt":"2026-08-30T12:43:30","slug":"la-mirada-de-los-mas-chicos-volvio-a-ser-protagonista-en-la-exporural","status":"publish","type":"post","link":"https:\/\/ruralrafaela.com.ar\/exporural2026\/2026\/08\/30\/la-mirada-de-los-mas-chicos-volvio-a-ser-protagonista-en-la-exporural\/","title":{"rendered":"La mirada de los m\u00e1s chicos volvi\u00f3 a ser protagonista en la ExpoRural"},"content":{"rendered":"\n<h1 class=\"wp-block-heading\"><\/h1>\n\n\n\n<p class=\"wp-block-paragraph\">En el a\u00f1o del 120\u00ba aniversario de la Sociedad Rural de Rafaela, un mensaje de amor y gratitud a las familias, n\u00facleo fundamental de la comunidad que sostiene los valores del esfuerzo, compromiso, educaci\u00f3n y trabajo, atraviesa cada propuesta de la entidad. Y en el marco de la 119\u00aa ExpoRural, esto se tradujo en un n\u00famero que nos conmueve y abraza: <strong>m\u00e1s de 4300 ni\u00f1os de 52 instituciones educativas de Rafaela y la Regi\u00f3n visitaron la Muestra<\/strong> acompa\u00f1ados por sus docentes. En el predio encontraron actividades especialmente planificadas para su aprendizaje y disfrute. <\/p>\n\n\n\n<p class=\"wp-block-paragraph\">En el marco de esta tradicional visita, <strong>la 68\u00aa edici\u00f3n del tradicional Concurso de Dibujo y Pintura reuni\u00f3 a 263 participantes<\/strong>. La propuesta, organizada por la Sociedad Rural de Rafaela con la colaboraci\u00f3n de GAMA, volvi\u00f3 a convertir la visita a la Expo en una experiencia de observaci\u00f3n y creatividad.<\/p>\n\n\n\n<p class=\"wp-block-paragraph\">Durante jueves y viernes de la ExpoRural Rafaela 2026, los alumnos participantes recorrieron el predio, observaron animales, producciones, m\u00e1quinas, empresas y distintas escenas de la muestra y, a partir de esa experiencia, realizaron sus trabajos.<\/p>\n\n\n\n<p class=\"wp-block-paragraph\">El certamen, que lleva 68 ediciones, est\u00e1 destinado a ni\u00f1os y ni\u00f1as de 5 a 13 a\u00f1os, con categor\u00edas que abarcan desde sala de 5 de nivel inicial hasta s\u00e9ptimo grado, e incluye adem\u00e1s una categor\u00eda para participantes con discapacidad.<\/p>\n\n\n\n<p class=\"wp-block-paragraph\">Los trabajos fueron realizados durante la propia visita a la Expo y luego evaluados en las disciplinas Dibujo y Pintura, considerando el m\u00e9rito art\u00edstico de cada obra. El concurso contempla dos reconocimientos por categor\u00eda, uno para cada disciplina. En esta oportunidad, las encargadas de seleccionar a los ganadores fueron: Elsa Operto, Marcela Grosso y Graciela Ruatta.<\/p>\n\n\n\n<p class=\"wp-block-paragraph\">En el a\u00f1o en que la Sociedad Rural celebra sus 120 a\u00f1os, el concurso adquiere adem\u00e1s un significado especial: una tradici\u00f3n de 68 a\u00f1os que contin\u00faa encontrando nuevas generaciones dispuestas a mirar la muestra, descubrir el mundo productivo y contarlo desde su propia creatividad.<\/p>\n\n\n\n<p class=\"wp-block-paragraph\"><strong>Todos los ganadores<\/strong><\/p>\n\n\n\n<p class=\"wp-block-paragraph\"><strong>1\u00b0 Categor\u00eda (5 a\u00f1os)<\/strong><\/p>\n\n\n\n<ul class=\"wp-block-list\">\n<li>1\u00b0 Premio Dibujo: Juan Bautista Espinosa \u2013 Jard\u00edn de Infantes Nucleado N\u00b0 152 \u201cAlfonsina Storni\u201d<\/li>\n\n\n\n<li>2\u00b0 Premio Dibujo: Bautista Villarruel \u2013 Jard\u00edn de Infantes N\u00b0218 \u201cMa. Cristina F. de Aimino\u201d<\/li>\n\n\n\n<li>1\u00b0 Premio Pintura: Benito Kestler &#8211; Jard\u00edn de Infantes Nucleado N\u00b0 152 \u201cAlfonsina Storni\u201d<\/li>\n\n\n\n<li>2\u00b0 Premio Pintura: Cristian Zerda L\u00f3pez &#8211; Jard\u00edn de Infantes Nucleado N\u00b0 152 \u201cAlfonsina Storni\u201d<\/li>\n\n\n\n<li>Menci\u00f3n especial: Felicita Capella &#8211; Jard\u00edn de Infantes N\u00b0218 \u201cMa. Cristina F. de Aimino\u201d<\/li>\n<\/ul>\n\n\n\n<p class=\"wp-block-paragraph\"><strong>2\u00b0 Categor\u00eda (6\/7 a\u00f1os)<\/strong><\/p>\n\n\n\n<ul class=\"wp-block-list\">\n<li>1\u00b0 Premio Dibujo: Agust\u00edn Sterren \u2013 Esc. N\u00b0 481 \u201cBartolom\u00e9 Mitre\u201d<\/li>\n\n\n\n<li>1\u00b0 Premio Pintura: Joaqu\u00edn Irusta &#8211; Esc. N\u00b0 1025 &#8211; \u201cNuestra Se\u00f1ora de la Misericordia\u201d<\/li>\n\n\n\n<li>2\u00b0 Premio Pintura: Gaia Cipolatti &#8211; Esc. N\u00b0 1025 &#8211; \u201cNuestra Se\u00f1ora de la Misericordia\u201d<\/li>\n\n\n\n<li>Menci\u00f3n especial: Ramiro Fariolli &#8211; Esc. N\u00b0 481 \u201cBartolom\u00e9 Mitre\u201d<\/li>\n<\/ul>\n\n\n\n<p class=\"wp-block-paragraph\"><strong>3\u00b0 Categor\u00eda (8\/9 a\u00f1os)<\/strong><\/p>\n\n\n\n<ul class=\"wp-block-list\">\n<li>1\u00b0 Premio Dibujo: Felipe Chiquini &#8211; Esc. N\u00b0 481 \u201cBartolom\u00e9 Mitre\u201d<\/li>\n\n\n\n<li>2\u00b0 Premio Dibujo: Leonel Cavello \u2013 Esc. N\u00b0 480 \u201cMariano Moreno\u201d<\/li>\n\n\n\n<li>1\u00b0 Premio Pintura: Ariel Schachner &#8211; Esc. N\u00b0 1025 &#8211; \u201cNuestra Se\u00f1ora de la Misericordia\u201d<\/li>\n\n\n\n<li>2\u00b0 premio Pintura: Enzo Schachner &#8211; Esc. N\u00b0 1025 &#8211; \u201cNuestra Se\u00f1ora de la Misericordia\u201d<\/li>\n\n\n\n<li>Menci\u00f3n especial: Josefina Aquino \u2013 Esc. N\u00b0 1351 \u201cMadre Teresa de Calcuta\u201d<\/li>\n<\/ul>\n\n\n\n<p class=\"wp-block-paragraph\"><strong>4\u00b0 Categor\u00eda (10\/11 a\u00f1os)<\/strong><\/p>\n\n\n\n<ul class=\"wp-block-list\">\n<li>1\u00b0 Premio Dibujo: Julieta Garc\u00eda \u2013 Esc. N\u00b0 478 \u201cVilla Rosas\u201d<\/li>\n\n\n\n<li>2\u00b0 Premio Dibujo: Lucas Neiff &#8211; Esc. N\u00b0 1351 \u201cMadre Teresa de Calcuta\u201d<\/li>\n\n\n\n<li>1\u00b0 Premio Pintura: Thom\u00e1s Torres \u2013 Esc. N\u00b0 475 \u201cBernardino Rivadav\u00eda\u201d<\/li>\n\n\n\n<li>2\u00b0 Premio Pintura: Faustina Possetto &#8211; Esc. N\u00b0 1025 &#8211; \u201cNuestra Se\u00f1ora de la Misericordia\u201d<\/li>\n\n\n\n<li>Menci\u00f3n especial: Micaela Primo &#8211; Esc. N\u00b0 481 \u201cBartolom\u00e9 Mitre\u201d<\/li>\n<\/ul>\n\n\n\n<p class=\"wp-block-paragraph\"><strong>5\u00b0 Categor\u00eda (12\/13 a\u00f1os)<\/strong><\/p>\n\n\n\n<ul class=\"wp-block-list\">\n<li>1\u00b0 Premio Dibujo: Zoe P\u00e9rez \u2013 Esc. N\u00b0 476 &#8211; \u201cJuan Bautista Alberdi\u201d<\/li>\n\n\n\n<li>2\u00b0 Premio Dibujo: Santiago Peralta &#8211; Esc. N\u00b0 480 &#8211; \u201cMariano Moreno\u201d<\/li>\n\n\n\n<li>1\u00b0 Premio Pintura: Tom\u00e1s Stucky &#8211; Esc. N\u00b0 481 &#8211; \u201cBartolom\u00e9 Mitre\u201d<\/li>\n\n\n\n<li>2\u00b0 Premio Pintura: Victoria Vacou Aubagna &#8211; Esc. N\u00b0 481 &#8211; \u201cBartolom\u00e9 Mitre\u201d<\/li>\n\n\n\n<li>Menci\u00f3n especial: Emanuel Aredes \u2013 Esc. N\u00b0 1136 &#8211; \u201cPaul Harris\u201d<\/li>\n<\/ul>\n\n\n\n<p class=\"wp-block-paragraph\"><strong>6\u00b0 Categor\u00eda&nbsp;<\/strong><\/p>\n\n\n\n<ul class=\"wp-block-list\">\n<li>1\u00b0 Premio Dibujo: N\u00e9stor Romero &#8211; Esc. N\u00b0 1025 &#8211; \u201cNuestra Se\u00f1ora de la Misericordia\u201d<\/li>\n\n\n\n<li>1\u00b0 Premio Pintura: Miguel Aranda \u2013 Centro Azahares<\/li>\n\n\n\n<li>Menci\u00f3n especial: Silvana Guti\u00e9rrez \u2013 Centro Azahares<\/li>\n<\/ul>\n","protected":false},"excerpt":{"rendered":"<p>En el a\u00f1o del 120\u00ba aniversario de la Sociedad Rural de Rafaela, un mensaje de amor y gratitud a las familias, n\u00facleo fundamental de la comunidad que sostiene los valores del esfuerzo, compromiso, educaci\u00f3n y trabajo, atraviesa cada propuesta de la entidad. Y en el marco de la 119\u00aa ExpoRural, esto se tradujo en un [&hellip;]<\/p>\n","protected":false},"author":17,"featured_media":0,"comment_status":"closed","ping_status":"closed","sticky":false,"template":"","format":"standard","meta":{"ocean_front_end_style_editor":"no","ocean_post_layout":"","ocean_both_sidebars_style":"","ocean_both_sidebars_content_width":0,"ocean_both_sidebars_sidebars_width":0,"ocean_sidebar":"","ocean_second_sidebar":"","ocean_disable_margins":"enable","ocean_add_body_class":"","ocean_shortcode_before_top_bar":"","ocean_shortcode_after_top_bar":"","ocean_shortcode_before_header":"","ocean_shortcode_after_header":"","ocean_has_shortcode":"","ocean_shortcode_after_title":"","ocean_shortcode_before_footer_widgets":"","ocean_shortcode_after_footer_widgets":"","ocean_shortcode_before_footer_bottom":"","ocean_shortcode_after_footer_bottom":"","ocean_display_top_bar":"default","ocean_display_header":"default","ocean_header_style":"","ocean_center_header_left_menu":"","ocean_custom_header_template":"","ocean_custom_logo":0,"ocean_custom_retina_logo":0,"ocean_custom_logo_max_width":0,"ocean_custom_logo_tablet_max_width":0,"ocean_custom_logo_mobile_max_width":0,"ocean_custom_logo_max_height":0,"ocean_custom_logo_tablet_max_height":0,"ocean_custom_logo_mobile_max_height":0,"ocean_header_custom_menu":"","ocean_menu_typo_font_family":"","ocean_menu_typo_font_subset":"","ocean_menu_typo_font_size":0,"ocean_menu_typo_font_size_tablet":0,"ocean_menu_typo_font_size_mobile":0,"ocean_menu_typo_font_size_unit":"px","ocean_menu_typo_font_weight":"","ocean_menu_typo_font_weight_tablet":"","ocean_menu_typo_font_weight_mobile":"","ocean_menu_typo_transform":"","ocean_menu_typo_transform_tablet":"","ocean_menu_typo_transform_mobile":"","ocean_menu_typo_line_height":0,"ocean_menu_typo_line_height_tablet":0,"ocean_menu_typo_line_height_mobile":0,"ocean_menu_typo_line_height_unit":"","ocean_menu_typo_spacing":0,"ocean_menu_typo_spacing_tablet":0,"ocean_menu_typo_spacing_mobile":0,"ocean_menu_typo_spacing_unit":"","ocean_menu_link_color":"","ocean_menu_link_color_hover":"","ocean_menu_link_color_active":"","ocean_menu_link_background":"","ocean_menu_link_hover_background":"","ocean_menu_link_active_background":"","ocean_menu_social_links_bg":"","ocean_menu_social_hover_links_bg":"","ocean_menu_social_links_color":"","ocean_menu_social_hover_links_color":"","ocean_disable_title":"default","ocean_disable_heading":"default","ocean_post_title":"","ocean_post_subheading":"","ocean_post_title_style":"","ocean_post_title_background_color":"","ocean_post_title_background":0,"ocean_post_title_bg_image_position":"","ocean_post_title_bg_image_attachment":"","ocean_post_title_bg_image_repeat":"","ocean_post_title_bg_image_size":"","ocean_post_title_height":0,"ocean_post_title_bg_overlay":0.5,"ocean_post_title_bg_overlay_color":"","ocean_disable_breadcrumbs":"default","ocean_breadcrumbs_color":"","ocean_breadcrumbs_separator_color":"","ocean_breadcrumbs_links_color":"","ocean_breadcrumbs_links_hover_color":"","ocean_display_footer_widgets":"default","ocean_display_footer_bottom":"default","ocean_custom_footer_template":"","_joinchat":[],"ocean_post_oembed":"","ocean_post_self_hosted_media":"","ocean_post_video_embed":"","ocean_link_format":"","ocean_link_format_target":"self","ocean_quote_format":"","ocean_quote_format_link":"post","ocean_gallery_link_images":"on","ocean_gallery_id":[],"footnotes":""},"categories":[1],"tags":[],"class_list":["post-7614","post","type-post","status-publish","format-standard","hentry","category-sin-categoria","entry"],"yoast_head":"<!-- This site is optimized with the Yoast SEO plugin v28.4 - https:\/\/yoast.com\/product\/yoast-seo-wordpress\/ -->\n<title>La mirada de los m\u00e1s chicos volvi\u00f3 a ser protagonista en la ExpoRural - 119 Expo Rural Rafaela 2026<\/title>\n<meta name=\"robots\" content=\"index, follow, max-snippet:-1, max-image-preview:large, max-video-preview:-1\" \/>\n<link rel=\"canonical\" href=\"https:\/\/ruralrafaela.com.ar\/exporural2026\/2026\/08\/30\/la-mirada-de-los-mas-chicos-volvio-a-ser-protagonista-en-la-exporural\/\" \/>\n<meta property=\"og:locale\" content=\"es_ES\" \/>\n<meta property=\"og:type\" content=\"article\" \/>\n<meta property=\"og:title\" content=\"La mirada de los m\u00e1s chicos volvi\u00f3 a ser protagonista en la ExpoRural - 119 Expo Rural Rafaela 2026\" \/>\n<meta property=\"og:description\" content=\"En el a\u00f1o del 120\u00ba aniversario de la Sociedad Rural de Rafaela, un mensaje de amor y gratitud a las familias, n\u00facleo fundamental de la comunidad que sostiene los valores del esfuerzo, compromiso, educaci\u00f3n y trabajo, atraviesa cada propuesta de la entidad. Y en el marco de la 119\u00aa ExpoRural, esto se tradujo en un [&hellip;]\" \/>\n<meta property=\"og:url\" content=\"https:\/\/ruralrafaela.com.ar\/exporural2026\/2026\/08\/30\/la-mirada-de-los-mas-chicos-volvio-a-ser-protagonista-en-la-exporural\/\" \/>\n<meta property=\"og:site_name\" content=\"119 Expo Rural Rafaela 2026\" \/>\n<meta property=\"article:published_time\" content=\"2026-08-30T12:43:30+00:00\" \/>\n<meta name=\"author\" content=\"voces\" \/>\n<meta name=\"twitter:card\" content=\"summary_large_image\" \/>\n<meta name=\"twitter:label1\" content=\"Escrito por\" \/>\n\t<meta name=\"twitter:data1\" content=\"voces\" \/>\n\t<meta name=\"twitter:label2\" content=\"Tiempo de lectura\" \/>\n\t<meta name=\"twitter:data2\" content=\"3 minutos\" \/>\n<script type=\"application\/ld+json\" class=\"yoast-schema-graph\">{\"@context\":\"https:\\\/\\\/schema.org\",\"@graph\":[{\"@type\":\"Article\",\"@id\":\"https:\\\/\\\/ruralrafaela.com.ar\\\/exporural2026\\\/2026\\\/08\\\/30\\\/la-mirada-de-los-mas-chicos-volvio-a-ser-protagonista-en-la-exporural\\\/#article\",\"isPartOf\":{\"@id\":\"https:\\\/\\\/ruralrafaela.com.ar\\\/exporural2026\\\/2026\\\/08\\\/30\\\/la-mirada-de-los-mas-chicos-volvio-a-ser-protagonista-en-la-exporural\\\/\"},\"author\":{\"name\":\"voces\",\"@id\":\"https:\\\/\\\/ruralrafaela.com.ar\\\/exporural2026\\\/#\\\/schema\\\/person\\\/fa167bfed3a2b8029213c0bac80612f7\"},\"headline\":\"La mirada de los m\u00e1s chicos volvi\u00f3 a ser protagonista en la ExpoRural\",\"datePublished\":\"2026-08-30T12:43:30+00:00\",\"mainEntityOfPage\":{\"@id\":\"https:\\\/\\\/ruralrafaela.com.ar\\\/exporural2026\\\/2026\\\/08\\\/30\\\/la-mirada-de-los-mas-chicos-volvio-a-ser-protagonista-en-la-exporural\\\/\"},\"wordCount\":684,\"publisher\":{\"@id\":\"https:\\\/\\\/ruralrafaela.com.ar\\\/exporural2026\\\/#organization\"},\"inLanguage\":\"es\"},{\"@type\":\"WebPage\",\"@id\":\"https:\\\/\\\/ruralrafaela.com.ar\\\/exporural2026\\\/2026\\\/08\\\/30\\\/la-mirada-de-los-mas-chicos-volvio-a-ser-protagonista-en-la-exporural\\\/\",\"url\":\"https:\\\/\\\/ruralrafaela.com.ar\\\/exporural2026\\\/2026\\\/08\\\/30\\\/la-mirada-de-los-mas-chicos-volvio-a-ser-protagonista-en-la-exporural\\\/\",\"name\":\"La mirada de los m\u00e1s chicos volvi\u00f3 a ser protagonista en la ExpoRural - 119 Expo Rural Rafaela 2026\",\"isPartOf\":{\"@id\":\"https:\\\/\\\/ruralrafaela.com.ar\\\/exporural2026\\\/#website\"},\"datePublished\":\"2026-08-30T12:43:30+00:00\",\"breadcrumb\":{\"@id\":\"https:\\\/\\\/ruralrafaela.com.ar\\\/exporural2026\\\/2026\\\/08\\\/30\\\/la-mirada-de-los-mas-chicos-volvio-a-ser-protagonista-en-la-exporural\\\/#breadcrumb\"},\"inLanguage\":\"es\",\"potentialAction\":[{\"@type\":\"ReadAction\",\"target\":[\"https:\\\/\\\/ruralrafaela.com.ar\\\/exporural2026\\\/2026\\\/08\\\/30\\\/la-mirada-de-los-mas-chicos-volvio-a-ser-protagonista-en-la-exporural\\\/\"]}]},{\"@type\":\"BreadcrumbList\",\"@id\":\"https:\\\/\\\/ruralrafaela.com.ar\\\/exporural2026\\\/2026\\\/08\\\/30\\\/la-mirada-de-los-mas-chicos-volvio-a-ser-protagonista-en-la-exporural\\\/#breadcrumb\",\"itemListElement\":[{\"@type\":\"ListItem\",\"position\":1,\"name\":\"Portada\",\"item\":\"https:\\\/\\\/ruralrafaela.com.ar\\\/exporural2026\\\/\"},{\"@type\":\"ListItem\",\"position\":2,\"name\":\"La mirada de los m\u00e1s chicos volvi\u00f3 a ser protagonista en la ExpoRural\"}]},{\"@type\":\"WebSite\",\"@id\":\"https:\\\/\\\/ruralrafaela.com.ar\\\/exporural2026\\\/#website\",\"url\":\"https:\\\/\\\/ruralrafaela.com.ar\\\/exporural2026\\\/\",\"name\":\"119 Expo Rural Rafaela 2026\",\"description\":\"Sitio oficial de la Expo Rural Rafaela\",\"publisher\":{\"@id\":\"https:\\\/\\\/ruralrafaela.com.ar\\\/exporural2026\\\/#organization\"},\"potentialAction\":[{\"@type\":\"SearchAction\",\"target\":{\"@type\":\"EntryPoint\",\"urlTemplate\":\"https:\\\/\\\/ruralrafaela.com.ar\\\/exporural2026\\\/?s={search_term_string}\"},\"query-input\":{\"@type\":\"PropertyValueSpecification\",\"valueRequired\":true,\"valueName\":\"search_term_string\"}}],\"inLanguage\":\"es\"},{\"@type\":\"Organization\",\"@id\":\"https:\\\/\\\/ruralrafaela.com.ar\\\/exporural2026\\\/#organization\",\"name\":\"119 Expo Rural Rafaela 2026\",\"url\":\"https:\\\/\\\/ruralrafaela.com.ar\\\/exporural2026\\\/\",\"logo\":{\"@type\":\"ImageObject\",\"inLanguage\":\"es\",\"@id\":\"https:\\\/\\\/ruralrafaela.com.ar\\\/exporural2026\\\/#\\\/schema\\\/logo\\\/image\\\/\",\"url\":\"https:\\\/\\\/ruralrafaela.com.ar\\\/exporural2026\\\/wp-content\\\/uploads\\\/sites\\\/26\\\/2026\\\/08\\\/logoexpo2026.jpg\",\"contentUrl\":\"https:\\\/\\\/ruralrafaela.com.ar\\\/exporural2026\\\/wp-content\\\/uploads\\\/sites\\\/26\\\/2026\\\/08\\\/logoexpo2026.jpg\",\"width\":516,\"height\":308,\"caption\":\"119 Expo Rural Rafaela 2026\"},\"image\":{\"@id\":\"https:\\\/\\\/ruralrafaela.com.ar\\\/exporural2026\\\/#\\\/schema\\\/logo\\\/image\\\/\"}},{\"@type\":\"Person\",\"@id\":\"https:\\\/\\\/ruralrafaela.com.ar\\\/exporural2026\\\/#\\\/schema\\\/person\\\/fa167bfed3a2b8029213c0bac80612f7\",\"name\":\"voces\",\"image\":{\"@type\":\"ImageObject\",\"inLanguage\":\"es\",\"@id\":\"https:\\\/\\\/secure.gravatar.com\\\/avatar\\\/8be4c66bb16cf788ff6688b77c76240c16a5397e072068b8fd79350e9acb3d86?s=96&d=mm&r=g\",\"url\":\"https:\\\/\\\/secure.gravatar.com\\\/avatar\\\/8be4c66bb16cf788ff6688b77c76240c16a5397e072068b8fd79350e9acb3d86?s=96&d=mm&r=g\",\"contentUrl\":\"https:\\\/\\\/secure.gravatar.com\\\/avatar\\\/8be4c66bb16cf788ff6688b77c76240c16a5397e072068b8fd79350e9acb3d86?s=96&d=mm&r=g\",\"caption\":\"voces\"},\"url\":\"https:\\\/\\\/ruralrafaela.com.ar\\\/exporural2026\\\/author\\\/voces\\\/\"}]}<\/script>\n<!-- \/ Yoast SEO plugin. -->","yoast_head_json":{"title":"La mirada de los m\u00e1s chicos volvi\u00f3 a ser protagonista en la ExpoRural - 119 Expo Rural Rafaela 2026","robots":{"index":"index","follow":"follow","max-snippet":"max-snippet:-1","max-image-preview":"max-image-preview:large","max-video-preview":"max-video-preview:-1"},"canonical":"https:\/\/ruralrafaela.com.ar\/exporural2026\/2026\/08\/30\/la-mirada-de-los-mas-chicos-volvio-a-ser-protagonista-en-la-exporural\/","og_locale":"es_ES","og_type":"article","og_title":"La mirada de los m\u00e1s chicos volvi\u00f3 a ser protagonista en la ExpoRural - 119 Expo Rural Rafaela 2026","og_description":"En el a\u00f1o del 120\u00ba aniversario de la Sociedad Rural de Rafaela, un mensaje de amor y gratitud a las familias, n\u00facleo fundamental de la comunidad que sostiene los valores del esfuerzo, compromiso, educaci\u00f3n y trabajo, atraviesa cada propuesta de la entidad. Y en el marco de la 119\u00aa ExpoRural, esto se tradujo en un [&hellip;]","og_url":"https:\/\/ruralrafaela.com.ar\/exporural2026\/2026\/08\/30\/la-mirada-de-los-mas-chicos-volvio-a-ser-protagonista-en-la-exporural\/","og_site_name":"119 Expo Rural Rafaela 2026","article_published_time":"2026-08-30T12:43:30+00:00","author":"voces","twitter_card":"summary_large_image","twitter_misc":{"Escrito por":"voces","Tiempo de lectura":"3 minutos"},"schema":{"@context":"https:\/\/schema.org","@graph":[{"@type":"Article","@id":"https:\/\/ruralrafaela.com.ar\/exporural2026\/2026\/08\/30\/la-mirada-de-los-mas-chicos-volvio-a-ser-protagonista-en-la-exporural\/#article","isPartOf":{"@id":"https:\/\/ruralrafaela.com.ar\/exporural2026\/2026\/08\/30\/la-mirada-de-los-mas-chicos-volvio-a-ser-protagonista-en-la-exporural\/"},"author":{"name":"voces","@id":"https:\/\/ruralrafaela.com.ar\/exporural2026\/#\/schema\/person\/fa167bfed3a2b8029213c0bac80612f7"},"headline":"La mirada de los m\u00e1s chicos volvi\u00f3 a ser protagonista en la ExpoRural","datePublished":"2026-08-30T12:43:30+00:00","mainEntityOfPage":{"@id":"https:\/\/ruralrafaela.com.ar\/exporural2026\/2026\/08\/30\/la-mirada-de-los-mas-chicos-volvio-a-ser-protagonista-en-la-exporural\/"},"wordCount":684,"publisher":{"@id":"https:\/\/ruralrafaela.com.ar\/exporural2026\/#organization"},"inLanguage":"es"},{"@type":"WebPage","@id":"https:\/\/ruralrafaela.com.ar\/exporural2026\/2026\/08\/30\/la-mirada-de-los-mas-chicos-volvio-a-ser-protagonista-en-la-exporural\/","url":"https:\/\/ruralrafaela.com.ar\/exporural2026\/2026\/08\/30\/la-mirada-de-los-mas-chicos-volvio-a-ser-protagonista-en-la-exporural\/","name":"La mirada de los m\u00e1s chicos volvi\u00f3 a ser protagonista en la ExpoRural - 119 Expo Rural Rafaela 2026","isPartOf":{"@id":"https:\/\/ruralrafaela.com.ar\/exporural2026\/#website"},"datePublished":"2026-08-30T12:43:30+00:00","breadcrumb":{"@id":"https:\/\/ruralrafaela.com.ar\/exporural2026\/2026\/08\/30\/la-mirada-de-los-mas-chicos-volvio-a-ser-protagonista-en-la-exporural\/#breadcrumb"},"inLanguage":"es","potentialAction":[{"@type":"ReadAction","target":["https:\/\/ruralrafaela.com.ar\/exporural2026\/2026\/08\/30\/la-mirada-de-los-mas-chicos-volvio-a-ser-protagonista-en-la-exporural\/"]}]},{"@type":"BreadcrumbList","@id":"https:\/\/ruralrafaela.com.ar\/exporural2026\/2026\/08\/30\/la-mirada-de-los-mas-chicos-volvio-a-ser-protagonista-en-la-exporural\/#breadcrumb","itemListElement":[{"@type":"ListItem","position":1,"name":"Portada","item":"https:\/\/ruralrafaela.com.ar\/exporural2026\/"},{"@type":"ListItem","position":2,"name":"La mirada de los m\u00e1s chicos volvi\u00f3 a ser protagonista en la ExpoRural"}]},{"@type":"WebSite","@id":"https:\/\/ruralrafaela.com.ar\/exporural2026\/#website","url":"https:\/\/ruralrafaela.com.ar\/exporural2026\/","name":"119 Expo Rural Rafaela 2026","description":"Sitio oficial de la Expo Rural Rafaela","publisher":{"@id":"https:\/\/ruralrafaela.com.ar\/exporural2026\/#organization"},"potentialAction":[{"@type":"SearchAction","target":{"@type":"EntryPoint","urlTemplate":"https:\/\/ruralrafaela.com.ar\/exporural2026\/?s={search_term_string}"},"query-input":{"@type":"PropertyValueSpecification","valueRequired":true,"valueName":"search_term_string"}}],"inLanguage":"es"},{"@type":"Organization","@id":"https:\/\/ruralrafaela.com.ar\/exporural2026\/#organization","name":"119 Expo Rural Rafaela 2026","url":"https:\/\/ruralrafaela.com.ar\/exporural2026\/","logo":{"@type":"ImageObject","inLanguage":"es","@id":"https:\/\/ruralrafaela.com.ar\/exporural2026\/#\/schema\/logo\/image\/","url":"https:\/\/ruralrafaela.com.ar\/exporural2026\/wp-content\/uploads\/sites\/26\/2026\/08\/logoexpo2026.jpg","contentUrl":"https:\/\/ruralrafaela.com.ar\/exporural2026\/wp-content\/uploads\/sites\/26\/2026\/08\/logoexpo2026.jpg","width":516,"height":308,"caption":"119 Expo Rural Rafaela 2026"},"image":{"@id":"https:\/\/ruralrafaela.com.ar\/exporural2026\/#\/schema\/logo\/image\/"}},{"@type":"Person","@id":"https:\/\/ruralrafaela.com.ar\/exporural2026\/#\/schema\/person\/fa167bfed3a2b8029213c0bac80612f7","name":"voces","image":{"@type":"ImageObject","inLanguage":"es","@id":"https:\/\/secure.gravatar.com\/avatar\/8be4c66bb16cf788ff6688b77c76240c16a5397e072068b8fd79350e9acb3d86?s=96&d=mm&r=g","url":"https:\/\/secure.gravatar.com\/avatar\/8be4c66bb16cf788ff6688b77c76240c16a5397e072068b8fd79350e9acb3d86?s=96&d=mm&r=g","contentUrl":"https:\/\/secure.gravatar.com\/avatar\/8be4c66bb16cf788ff6688b77c76240c16a5397e072068b8fd79350e9acb3d86?s=96&d=mm&r=g","caption":"voces"},"url":"https:\/\/ruralrafaela.com.ar\/exporural2026\/author\/voces\/"}]}},"_links":{"self":[{"href":"https:\/\/ruralrafaela.com.ar\/exporural2026\/wp-json\/wp\/v2\/posts\/7614","targetHints":{"allow":["GET"]}}],"collection":[{"href":"https:\/\/ruralrafaela.com.ar\/exporural2026\/wp-json\/wp\/v2\/posts"}],"about":[{"href":"https:\/\/ruralrafaela.com.ar\/exporural2026\/wp-json\/wp\/v2\/types\/post"}],"author":[{"embeddable":true,"href":"https:\/\/ruralrafaela.com.ar\/exporural2026\/wp-json\/wp\/v2\/users\/17"}],"replies":[{"embeddable":true,"href":"https:\/\/ruralrafaela.com.ar\/exporural2026\/wp-json\/wp\/v2\/comments?post=7614"}],"version-history":[{"count":0,"href":"https:\/\/ruralrafaela.com.ar\/exporural2026\/wp-json\/wp\/v2\/posts\/7614\/revisions"}],"wp:attachment":[{"href":"https:\/\/ruralrafaela.com.ar\/exporural2026\/wp-json\/wp\/v2\/media?parent=7614"}],"wp:term":[{"taxonomy":"category","embeddable":true,"href":"https:\/\/ruralrafaela.com.ar\/exporural2026\/wp-json\/wp\/v2\/categories?post=7614"},{"taxonomy":"post_tag","embeddable":true,"href":"https:\/\/ruralrafaela.com.ar\/exporural2026\/wp-json\/wp\/v2\/tags?post=7614"}],"curies":[{"name":"wp","href":"https:\/\/api.w.org\/{rel}","templated":true}]}}