{"id":7612,"date":"2026-08-30T13:47:03","date_gmt":"2026-08-30T13:47:03","guid":{"rendered":"https:\/\/ruralrafaela.com.ar\/exporural2026\/2026\/08\/30\/gabriela-correnti-una-mujer-detras-de-las-holando-en-el-salon-de-toros\/"},"modified":"2026-08-30T13:47:03","modified_gmt":"2026-08-30T13:47:03","slug":"gabriela-correnti-una-mujer-detras-de-las-holando-en-el-salon-de-toros","status":"publish","type":"post","link":"https:\/\/ruralrafaela.com.ar\/exporural2026\/2026\/08\/30\/gabriela-correnti-una-mujer-detras-de-las-holando-en-el-salon-de-toros\/","title":{"rendered":"Gabriela Correnti, una mujer detr\u00e1s de las Holando en el Sal\u00f3n de Toros"},"content":{"rendered":"\n<figure class=\"wp-block-gallery has-nested-images columns-default is-cropped wp-block-gallery-1 is-layout-flex wp-block-gallery-is-layout-flex\">\n<figure class=\"wp-block-image size-large\"><a href=\"https:\/\/ruralrafaela.com.ar\/wp-content\/uploads\/2026\/08\/WhatsApp-Image-2026-08-29-at-21.31.12-1.jpeg\"><img decoding=\"async\" data-id=\"9738\" src=\"https:\/\/ruralrafaela.com.ar\/wp-content\/uploads\/2026\/08\/WhatsApp-Image-2026-08-29-at-21.31.12-1-1024x885.jpeg\" alt=\"\" class=\"wp-image-9738\"\/><\/a><\/figure>\n\n\n\n<figure class=\"wp-block-image size-large\"><a href=\"https:\/\/ruralrafaela.com.ar\/wp-content\/uploads\/2026\/08\/WhatsApp-Image-2026-08-29-at-21.31.12.jpeg\"><img decoding=\"async\" data-id=\"9737\" src=\"https:\/\/ruralrafaela.com.ar\/wp-content\/uploads\/2026\/08\/WhatsApp-Image-2026-08-29-at-21.31.12-1024x685.jpeg\" alt=\"\" class=\"wp-image-9737\"\/><\/a><\/figure>\n<\/figure>\n\n\n\n<p class=\"wp-block-paragraph\">La caba\u00f1a La Florida es una de las 13 presentes en esta 119\u00b0 ExpoRural de Rafaela y la Regi\u00f3n. Con resultados crecientes cada a\u00f1o en la Sociedad Rural de Rafaela, es interesante conocer el trabajo que hay detr\u00e1s de estos criadores que trabajan en familia y por la raza Holando Argentino.<\/p>\n\n\n\n<p class=\"wp-block-paragraph\">Gabriela Correnti es una mujer de campo, que al heredar el campo de su madre, siendo titular de todas las actividades de la firma, es la \u00fanica mujer titular de una caba\u00f1a Holando en la regi\u00f3n. Esa singularidad se combina con la pasi\u00f3n de Oscar \u201cCaito\u201d Rabellino, su marido, que desde los 11 a\u00f1os trabajaba en una caba\u00f1a y nunca perdi\u00f3 el entusiasmo por la gen\u00e9tica. Pasaron a\u00f1os haciendo otros trabajos, hasta que volvieron al impulso inicial.<br>En 2018, casi como un experimento, prepararon una ternera y obtuvieron la campeona Registro de Cr\u00edas, en su primera exposici\u00f3n. Ese triunfo inicial fue el punto de partida de una historia que hoy se sigue escribiendo con constancia y orgullo.<\/p>\n\n\n\n<p class=\"wp-block-paragraph\">La Florida se consolid\u00f3 con la incorporaci\u00f3n de animales de pedigree. \u201cAl principio mi marido agarr\u00f3 una ternera y me dice, \u00b4\u00bfy si arrancamos y probamos?\u00b4, vamos una vez a ver. Nos fue bien. Yo nunca hab\u00eda hecho eso, trabaj\u00e1bamos en la preparaci\u00f3n, me empec\u00e9 a entusiasmar y el primer a\u00f1o que vinimos nos hab\u00eda ido re bien, hab\u00edamos sacado la campeona Registro de Cr\u00eda. Despu\u00e9s seguimos, le compramos a Germ\u00e1n Fux una pura de pedigree y ah\u00ed empezamos a hacer todo con la madre y las hijas. Despu\u00e9s otra a C\u00e9sar Fux y eso nos consolid\u00f3\u201d, con las familias gen\u00e9ticas y dar solidez al rodeo.<br>La apuesta fue clara, mostrar en las pistas la calidad de los ejemplares y sostener un tambo que financia la actividad de la caba\u00f1a. \u201cEl tambo compensa la caba\u00f1a, sale todo del tambo\u201d, explica Gabriela, consciente de que la baja rentabilidad de la leche condiciona cada decisi\u00f3n.<br>A pesar de esas dificultades, los resultados son destacados, este a\u00f1o obtuvieron el tercer mejor toro y la tercera mejor hembra, entre ocho animales presentados, con ventas en remates que consolidan su presencia en el circuito.<\/p>\n\n\n\n<p class=\"wp-block-paragraph\">La vida cotidiana se reparte entre el pueblo de Felicia, donde reside la familia, y el establecimiento sobre la ruta, con empleados que atienden la caba\u00f1a. Candela, la hija, estudia marketing y aporta una mirada renovadora con el manejo de redes sociales y proyectos acad\u00e9micos vinculados al campo, como cat\u00e1logos digitales de semen.<br>\u201cYo no soy de las redes, pero ahora teni\u00e9ndola a ella\u2026\u201d, admite Gabriela, valorando el aporte de una nueva generaci\u00f3n que conecta tradici\u00f3n con innovaci\u00f3n. Ese cruce entre la experiencia de los padres y la formaci\u00f3n de la hija muestra c\u00f3mo la historia de La Florida se proyecta hacia adelante.<\/p>\n\n\n\n<p class=\"wp-block-paragraph\">En un contexto donde la lecher\u00eda atraviesa diferentes ritmos y situaciones cr\u00edticas, la decisi\u00f3n de sostener una caba\u00f1a y competir en exposiciones habla de la voluntad de darle identidad propia a un rodeo y de inscribir a Felicia en el mapa de la gen\u00e9tica Holando Argentino.<br>Es la historia de una mujer que asumi\u00f3 la titularidad en un \u00e1mbito dominado por hombres, de un hombre que convirti\u00f3 su pasi\u00f3n infantil en proyecto adulto y de una hija que aporta herramientas modernas para comunicar y proyectar.<\/p>\n\n\n\n<p class=\"wp-block-paragraph\">En definitiva, La Florida es un emprendimiento familiar que refleja la fuerza de la constancia, la transmisi\u00f3n de saberes y la capacidad de reinventarse. Una caba\u00f1a que naci\u00f3 de un impulso y que hoy se sostiene como testimonio de que la pasi\u00f3n, cuando se convierte en trabajo, puede transformar la vida de una familia y la historia de un pueblo, mostrando ese trabajo en el centro del Sal\u00f3n de Toros.<\/p>\n","protected":false},"excerpt":{"rendered":"<p>La caba\u00f1a La Florida es una de las 13 presentes en esta 119\u00b0 ExpoRural de Rafaela y la Regi\u00f3n. Con resultados crecientes cada a\u00f1o en la Sociedad Rural de Rafaela, es interesante conocer el trabajo que hay detr\u00e1s de estos criadores que trabajan en familia y por la raza Holando Argentino. Gabriela Correnti es una [&hellip;]<\/p>\n","protected":false},"author":17,"featured_media":0,"comment_status":"closed","ping_status":"closed","sticky":false,"template":"","format":"standard","meta":{"ocean_front_end_style_editor":"no","ocean_post_layout":"","ocean_both_sidebars_style":"","ocean_both_sidebars_content_width":0,"ocean_both_sidebars_sidebars_width":0,"ocean_sidebar":"","ocean_second_sidebar":"","ocean_disable_margins":"enable","ocean_add_body_class":"","ocean_shortcode_before_top_bar":"","ocean_shortcode_after_top_bar":"","ocean_shortcode_before_header":"","ocean_shortcode_after_header":"","ocean_has_shortcode":"","ocean_shortcode_after_title":"","ocean_shortcode_before_footer_widgets":"","ocean_shortcode_after_footer_widgets":"","ocean_shortcode_before_footer_bottom":"","ocean_shortcode_after_footer_bottom":"","ocean_display_top_bar":"default","ocean_display_header":"default","ocean_header_style":"","ocean_center_header_left_menu":"","ocean_custom_header_template":"","ocean_custom_logo":0,"ocean_custom_retina_logo":0,"ocean_custom_logo_max_width":0,"ocean_custom_logo_tablet_max_width":0,"ocean_custom_logo_mobile_max_width":0,"ocean_custom_logo_max_height":0,"ocean_custom_logo_tablet_max_height":0,"ocean_custom_logo_mobile_max_height":0,"ocean_header_custom_menu":"","ocean_menu_typo_font_family":"","ocean_menu_typo_font_subset":"","ocean_menu_typo_font_size":0,"ocean_menu_typo_font_size_tablet":0,"ocean_menu_typo_font_size_mobile":0,"ocean_menu_typo_font_size_unit":"px","ocean_menu_typo_font_weight":"","ocean_menu_typo_font_weight_tablet":"","ocean_menu_typo_font_weight_mobile":"","ocean_menu_typo_transform":"","ocean_menu_typo_transform_tablet":"","ocean_menu_typo_transform_mobile":"","ocean_menu_typo_line_height":0,"ocean_menu_typo_line_height_tablet":0,"ocean_menu_typo_line_height_mobile":0,"ocean_menu_typo_line_height_unit":"","ocean_menu_typo_spacing":0,"ocean_menu_typo_spacing_tablet":0,"ocean_menu_typo_spacing_mobile":0,"ocean_menu_typo_spacing_unit":"","ocean_menu_link_color":"","ocean_menu_link_color_hover":"","ocean_menu_link_color_active":"","ocean_menu_link_background":"","ocean_menu_link_hover_background":"","ocean_menu_link_active_background":"","ocean_menu_social_links_bg":"","ocean_menu_social_hover_links_bg":"","ocean_menu_social_links_color":"","ocean_menu_social_hover_links_color":"","ocean_disable_title":"default","ocean_disable_heading":"default","ocean_post_title":"","ocean_post_subheading":"","ocean_post_title_style":"","ocean_post_title_background_color":"","ocean_post_title_background":0,"ocean_post_title_bg_image_position":"","ocean_post_title_bg_image_attachment":"","ocean_post_title_bg_image_repeat":"","ocean_post_title_bg_image_size":"","ocean_post_title_height":0,"ocean_post_title_bg_overlay":0.5,"ocean_post_title_bg_overlay_color":"","ocean_disable_breadcrumbs":"default","ocean_breadcrumbs_color":"","ocean_breadcrumbs_separator_color":"","ocean_breadcrumbs_links_color":"","ocean_breadcrumbs_links_hover_color":"","ocean_display_footer_widgets":"default","ocean_display_footer_bottom":"default","ocean_custom_footer_template":"","_joinchat":[],"ocean_post_oembed":"","ocean_post_self_hosted_media":"","ocean_post_video_embed":"","ocean_link_format":"","ocean_link_format_target":"self","ocean_quote_format":"","ocean_quote_format_link":"post","ocean_gallery_link_images":"on","ocean_gallery_id":[],"footnotes":""},"categories":[1],"tags":[],"class_list":["post-7612","post","type-post","status-publish","format-standard","hentry","category-sin-categoria","entry"],"yoast_head":"<!-- This site is optimized with the Yoast SEO plugin v28.4 - https:\/\/yoast.com\/product\/yoast-seo-wordpress\/ -->\n<title>Gabriela Correnti, una mujer detr\u00e1s de las Holando en el Sal\u00f3n de Toros - 119 Expo Rural Rafaela 2026<\/title>\n<meta name=\"robots\" content=\"index, follow, max-snippet:-1, max-image-preview:large, max-video-preview:-1\" \/>\n<link rel=\"canonical\" href=\"https:\/\/ruralrafaela.com.ar\/exporural2026\/2026\/08\/30\/gabriela-correnti-una-mujer-detras-de-las-holando-en-el-salon-de-toros\/\" \/>\n<meta property=\"og:locale\" content=\"es_ES\" \/>\n<meta property=\"og:type\" content=\"article\" \/>\n<meta property=\"og:title\" content=\"Gabriela Correnti, una mujer detr\u00e1s de las Holando en el Sal\u00f3n de Toros - 119 Expo Rural Rafaela 2026\" \/>\n<meta property=\"og:description\" content=\"La caba\u00f1a La Florida es una de las 13 presentes en esta 119\u00b0 ExpoRural de Rafaela y la Regi\u00f3n. Con resultados crecientes cada a\u00f1o en la Sociedad Rural de Rafaela, es interesante conocer el trabajo que hay detr\u00e1s de estos criadores que trabajan en familia y por la raza Holando Argentino. Gabriela Correnti es una [&hellip;]\" \/>\n<meta property=\"og:url\" content=\"https:\/\/ruralrafaela.com.ar\/exporural2026\/2026\/08\/30\/gabriela-correnti-una-mujer-detras-de-las-holando-en-el-salon-de-toros\/\" \/>\n<meta property=\"og:site_name\" content=\"119 Expo Rural Rafaela 2026\" \/>\n<meta property=\"article:published_time\" content=\"2026-08-30T13:47:03+00:00\" \/>\n<meta property=\"og:image\" content=\"https:\/\/ruralrafaela.com.ar\/wp-content\/uploads\/2026\/08\/WhatsApp-Image-2026-08-29-at-21.31.12-1-1024x885.jpeg\" \/>\n<meta name=\"author\" content=\"voces\" \/>\n<meta name=\"twitter:card\" content=\"summary_large_image\" \/>\n<meta name=\"twitter:label1\" content=\"Escrito por\" \/>\n\t<meta name=\"twitter:data1\" content=\"voces\" \/>\n\t<meta name=\"twitter:label2\" content=\"Tiempo de lectura\" \/>\n\t<meta name=\"twitter:data2\" content=\"3 minutos\" \/>\n<script type=\"application\/ld+json\" class=\"yoast-schema-graph\">{\"@context\":\"https:\\\/\\\/schema.org\",\"@graph\":[{\"@type\":\"Article\",\"@id\":\"https:\\\/\\\/ruralrafaela.com.ar\\\/exporural2026\\\/2026\\\/08\\\/30\\\/gabriela-correnti-una-mujer-detras-de-las-holando-en-el-salon-de-toros\\\/#article\",\"isPartOf\":{\"@id\":\"https:\\\/\\\/ruralrafaela.com.ar\\\/exporural2026\\\/2026\\\/08\\\/30\\\/gabriela-correnti-una-mujer-detras-de-las-holando-en-el-salon-de-toros\\\/\"},\"author\":{\"name\":\"voces\",\"@id\":\"https:\\\/\\\/ruralrafaela.com.ar\\\/exporural2026\\\/#\\\/schema\\\/person\\\/fa167bfed3a2b8029213c0bac80612f7\"},\"headline\":\"Gabriela Correnti, una mujer detr\u00e1s de las Holando en el Sal\u00f3n de Toros\",\"datePublished\":\"2026-08-30T13:47:03+00:00\",\"mainEntityOfPage\":{\"@id\":\"https:\\\/\\\/ruralrafaela.com.ar\\\/exporural2026\\\/2026\\\/08\\\/30\\\/gabriela-correnti-una-mujer-detras-de-las-holando-en-el-salon-de-toros\\\/\"},\"wordCount\":675,\"publisher\":{\"@id\":\"https:\\\/\\\/ruralrafaela.com.ar\\\/exporural2026\\\/#organization\"},\"image\":{\"@id\":\"https:\\\/\\\/ruralrafaela.com.ar\\\/exporural2026\\\/2026\\\/08\\\/30\\\/gabriela-correnti-una-mujer-detras-de-las-holando-en-el-salon-de-toros\\\/#primaryimage\"},\"thumbnailUrl\":\"https:\\\/\\\/ruralrafaela.com.ar\\\/wp-content\\\/uploads\\\/2026\\\/08\\\/WhatsApp-Image-2026-08-29-at-21.31.12-1-1024x885.jpeg\",\"inLanguage\":\"es\"},{\"@type\":\"WebPage\",\"@id\":\"https:\\\/\\\/ruralrafaela.com.ar\\\/exporural2026\\\/2026\\\/08\\\/30\\\/gabriela-correnti-una-mujer-detras-de-las-holando-en-el-salon-de-toros\\\/\",\"url\":\"https:\\\/\\\/ruralrafaela.com.ar\\\/exporural2026\\\/2026\\\/08\\\/30\\\/gabriela-correnti-una-mujer-detras-de-las-holando-en-el-salon-de-toros\\\/\",\"name\":\"Gabriela Correnti, una mujer detr\u00e1s de las Holando en el Sal\u00f3n de Toros - 119 Expo Rural Rafaela 2026\",\"isPartOf\":{\"@id\":\"https:\\\/\\\/ruralrafaela.com.ar\\\/exporural2026\\\/#website\"},\"primaryImageOfPage\":{\"@id\":\"https:\\\/\\\/ruralrafaela.com.ar\\\/exporural2026\\\/2026\\\/08\\\/30\\\/gabriela-correnti-una-mujer-detras-de-las-holando-en-el-salon-de-toros\\\/#primaryimage\"},\"image\":{\"@id\":\"https:\\\/\\\/ruralrafaela.com.ar\\\/exporural2026\\\/2026\\\/08\\\/30\\\/gabriela-correnti-una-mujer-detras-de-las-holando-en-el-salon-de-toros\\\/#primaryimage\"},\"thumbnailUrl\":\"https:\\\/\\\/ruralrafaela.com.ar\\\/wp-content\\\/uploads\\\/2026\\\/08\\\/WhatsApp-Image-2026-08-29-at-21.31.12-1-1024x885.jpeg\",\"datePublished\":\"2026-08-30T13:47:03+00:00\",\"breadcrumb\":{\"@id\":\"https:\\\/\\\/ruralrafaela.com.ar\\\/exporural2026\\\/2026\\\/08\\\/30\\\/gabriela-correnti-una-mujer-detras-de-las-holando-en-el-salon-de-toros\\\/#breadcrumb\"},\"inLanguage\":\"es\",\"potentialAction\":[{\"@type\":\"ReadAction\",\"target\":[\"https:\\\/\\\/ruralrafaela.com.ar\\\/exporural2026\\\/2026\\\/08\\\/30\\\/gabriela-correnti-una-mujer-detras-de-las-holando-en-el-salon-de-toros\\\/\"]}]},{\"@type\":\"ImageObject\",\"inLanguage\":\"es\",\"@id\":\"https:\\\/\\\/ruralrafaela.com.ar\\\/exporural2026\\\/2026\\\/08\\\/30\\\/gabriela-correnti-una-mujer-detras-de-las-holando-en-el-salon-de-toros\\\/#primaryimage\",\"url\":\"https:\\\/\\\/ruralrafaela.com.ar\\\/wp-content\\\/uploads\\\/2026\\\/08\\\/WhatsApp-Image-2026-08-29-at-21.31.12-1-1024x885.jpeg\",\"contentUrl\":\"https:\\\/\\\/ruralrafaela.com.ar\\\/wp-content\\\/uploads\\\/2026\\\/08\\\/WhatsApp-Image-2026-08-29-at-21.31.12-1-1024x885.jpeg\"},{\"@type\":\"BreadcrumbList\",\"@id\":\"https:\\\/\\\/ruralrafaela.com.ar\\\/exporural2026\\\/2026\\\/08\\\/30\\\/gabriela-correnti-una-mujer-detras-de-las-holando-en-el-salon-de-toros\\\/#breadcrumb\",\"itemListElement\":[{\"@type\":\"ListItem\",\"position\":1,\"name\":\"Portada\",\"item\":\"https:\\\/\\\/ruralrafaela.com.ar\\\/exporural2026\\\/\"},{\"@type\":\"ListItem\",\"position\":2,\"name\":\"Gabriela Correnti, una mujer detr\u00e1s de las Holando en el Sal\u00f3n de Toros\"}]},{\"@type\":\"WebSite\",\"@id\":\"https:\\\/\\\/ruralrafaela.com.ar\\\/exporural2026\\\/#website\",\"url\":\"https:\\\/\\\/ruralrafaela.com.ar\\\/exporural2026\\\/\",\"name\":\"119 Expo Rural Rafaela 2026\",\"description\":\"Sitio oficial de la Expo Rural Rafaela\",\"publisher\":{\"@id\":\"https:\\\/\\\/ruralrafaela.com.ar\\\/exporural2026\\\/#organization\"},\"potentialAction\":[{\"@type\":\"SearchAction\",\"target\":{\"@type\":\"EntryPoint\",\"urlTemplate\":\"https:\\\/\\\/ruralrafaela.com.ar\\\/exporural2026\\\/?s={search_term_string}\"},\"query-input\":{\"@type\":\"PropertyValueSpecification\",\"valueRequired\":true,\"valueName\":\"search_term_string\"}}],\"inLanguage\":\"es\"},{\"@type\":\"Organization\",\"@id\":\"https:\\\/\\\/ruralrafaela.com.ar\\\/exporural2026\\\/#organization\",\"name\":\"119 Expo Rural Rafaela 2026\",\"url\":\"https:\\\/\\\/ruralrafaela.com.ar\\\/exporural2026\\\/\",\"logo\":{\"@type\":\"ImageObject\",\"inLanguage\":\"es\",\"@id\":\"https:\\\/\\\/ruralrafaela.com.ar\\\/exporural2026\\\/#\\\/schema\\\/logo\\\/image\\\/\",\"url\":\"https:\\\/\\\/ruralrafaela.com.ar\\\/exporural2026\\\/wp-content\\\/uploads\\\/sites\\\/26\\\/2026\\\/08\\\/logoexpo2026.jpg\",\"contentUrl\":\"https:\\\/\\\/ruralrafaela.com.ar\\\/exporural2026\\\/wp-content\\\/uploads\\\/sites\\\/26\\\/2026\\\/08\\\/logoexpo2026.jpg\",\"width\":516,\"height\":308,\"caption\":\"119 Expo Rural Rafaela 2026\"},\"image\":{\"@id\":\"https:\\\/\\\/ruralrafaela.com.ar\\\/exporural2026\\\/#\\\/schema\\\/logo\\\/image\\\/\"}},{\"@type\":\"Person\",\"@id\":\"https:\\\/\\\/ruralrafaela.com.ar\\\/exporural2026\\\/#\\\/schema\\\/person\\\/fa167bfed3a2b8029213c0bac80612f7\",\"name\":\"voces\",\"image\":{\"@type\":\"ImageObject\",\"inLanguage\":\"es\",\"@id\":\"https:\\\/\\\/secure.gravatar.com\\\/avatar\\\/8be4c66bb16cf788ff6688b77c76240c16a5397e072068b8fd79350e9acb3d86?s=96&d=mm&r=g\",\"url\":\"https:\\\/\\\/secure.gravatar.com\\\/avatar\\\/8be4c66bb16cf788ff6688b77c76240c16a5397e072068b8fd79350e9acb3d86?s=96&d=mm&r=g\",\"contentUrl\":\"https:\\\/\\\/secure.gravatar.com\\\/avatar\\\/8be4c66bb16cf788ff6688b77c76240c16a5397e072068b8fd79350e9acb3d86?s=96&d=mm&r=g\",\"caption\":\"voces\"},\"url\":\"https:\\\/\\\/ruralrafaela.com.ar\\\/exporural2026\\\/author\\\/voces\\\/\"}]}<\/script>\n<!-- \/ Yoast SEO plugin. -->","yoast_head_json":{"title":"Gabriela Correnti, una mujer detr\u00e1s de las Holando en el Sal\u00f3n de Toros - 119 Expo Rural Rafaela 2026","robots":{"index":"index","follow":"follow","max-snippet":"max-snippet:-1","max-image-preview":"max-image-preview:large","max-video-preview":"max-video-preview:-1"},"canonical":"https:\/\/ruralrafaela.com.ar\/exporural2026\/2026\/08\/30\/gabriela-correnti-una-mujer-detras-de-las-holando-en-el-salon-de-toros\/","og_locale":"es_ES","og_type":"article","og_title":"Gabriela Correnti, una mujer detr\u00e1s de las Holando en el Sal\u00f3n de Toros - 119 Expo Rural Rafaela 2026","og_description":"La caba\u00f1a La Florida es una de las 13 presentes en esta 119\u00b0 ExpoRural de Rafaela y la Regi\u00f3n. Con resultados crecientes cada a\u00f1o en la Sociedad Rural de Rafaela, es interesante conocer el trabajo que hay detr\u00e1s de estos criadores que trabajan en familia y por la raza Holando Argentino. Gabriela Correnti es una [&hellip;]","og_url":"https:\/\/ruralrafaela.com.ar\/exporural2026\/2026\/08\/30\/gabriela-correnti-una-mujer-detras-de-las-holando-en-el-salon-de-toros\/","og_site_name":"119 Expo Rural Rafaela 2026","article_published_time":"2026-08-30T13:47:03+00:00","og_image":[{"url":"https:\/\/ruralrafaela.com.ar\/wp-content\/uploads\/2026\/08\/WhatsApp-Image-2026-08-29-at-21.31.12-1-1024x885.jpeg","type":"","width":"","height":""}],"author":"voces","twitter_card":"summary_large_image","twitter_misc":{"Escrito por":"voces","Tiempo de lectura":"3 minutos"},"schema":{"@context":"https:\/\/schema.org","@graph":[{"@type":"Article","@id":"https:\/\/ruralrafaela.com.ar\/exporural2026\/2026\/08\/30\/gabriela-correnti-una-mujer-detras-de-las-holando-en-el-salon-de-toros\/#article","isPartOf":{"@id":"https:\/\/ruralrafaela.com.ar\/exporural2026\/2026\/08\/30\/gabriela-correnti-una-mujer-detras-de-las-holando-en-el-salon-de-toros\/"},"author":{"name":"voces","@id":"https:\/\/ruralrafaela.com.ar\/exporural2026\/#\/schema\/person\/fa167bfed3a2b8029213c0bac80612f7"},"headline":"Gabriela Correnti, una mujer detr\u00e1s de las Holando en el Sal\u00f3n de Toros","datePublished":"2026-08-30T13:47:03+00:00","mainEntityOfPage":{"@id":"https:\/\/ruralrafaela.com.ar\/exporural2026\/2026\/08\/30\/gabriela-correnti-una-mujer-detras-de-las-holando-en-el-salon-de-toros\/"},"wordCount":675,"publisher":{"@id":"https:\/\/ruralrafaela.com.ar\/exporural2026\/#organization"},"image":{"@id":"https:\/\/ruralrafaela.com.ar\/exporural2026\/2026\/08\/30\/gabriela-correnti-una-mujer-detras-de-las-holando-en-el-salon-de-toros\/#primaryimage"},"thumbnailUrl":"https:\/\/ruralrafaela.com.ar\/wp-content\/uploads\/2026\/08\/WhatsApp-Image-2026-08-29-at-21.31.12-1-1024x885.jpeg","inLanguage":"es"},{"@type":"WebPage","@id":"https:\/\/ruralrafaela.com.ar\/exporural2026\/2026\/08\/30\/gabriela-correnti-una-mujer-detras-de-las-holando-en-el-salon-de-toros\/","url":"https:\/\/ruralrafaela.com.ar\/exporural2026\/2026\/08\/30\/gabriela-correnti-una-mujer-detras-de-las-holando-en-el-salon-de-toros\/","name":"Gabriela Correnti, una mujer detr\u00e1s de las Holando en el Sal\u00f3n de Toros - 119 Expo Rural Rafaela 2026","isPartOf":{"@id":"https:\/\/ruralrafaela.com.ar\/exporural2026\/#website"},"primaryImageOfPage":{"@id":"https:\/\/ruralrafaela.com.ar\/exporural2026\/2026\/08\/30\/gabriela-correnti-una-mujer-detras-de-las-holando-en-el-salon-de-toros\/#primaryimage"},"image":{"@id":"https:\/\/ruralrafaela.com.ar\/exporural2026\/2026\/08\/30\/gabriela-correnti-una-mujer-detras-de-las-holando-en-el-salon-de-toros\/#primaryimage"},"thumbnailUrl":"https:\/\/ruralrafaela.com.ar\/wp-content\/uploads\/2026\/08\/WhatsApp-Image-2026-08-29-at-21.31.12-1-1024x885.jpeg","datePublished":"2026-08-30T13:47:03+00:00","breadcrumb":{"@id":"https:\/\/ruralrafaela.com.ar\/exporural2026\/2026\/08\/30\/gabriela-correnti-una-mujer-detras-de-las-holando-en-el-salon-de-toros\/#breadcrumb"},"inLanguage":"es","potentialAction":[{"@type":"ReadAction","target":["https:\/\/ruralrafaela.com.ar\/exporural2026\/2026\/08\/30\/gabriela-correnti-una-mujer-detras-de-las-holando-en-el-salon-de-toros\/"]}]},{"@type":"ImageObject","inLanguage":"es","@id":"https:\/\/ruralrafaela.com.ar\/exporural2026\/2026\/08\/30\/gabriela-correnti-una-mujer-detras-de-las-holando-en-el-salon-de-toros\/#primaryimage","url":"https:\/\/ruralrafaela.com.ar\/wp-content\/uploads\/2026\/08\/WhatsApp-Image-2026-08-29-at-21.31.12-1-1024x885.jpeg","contentUrl":"https:\/\/ruralrafaela.com.ar\/wp-content\/uploads\/2026\/08\/WhatsApp-Image-2026-08-29-at-21.31.12-1-1024x885.jpeg"},{"@type":"BreadcrumbList","@id":"https:\/\/ruralrafaela.com.ar\/exporural2026\/2026\/08\/30\/gabriela-correnti-una-mujer-detras-de-las-holando-en-el-salon-de-toros\/#breadcrumb","itemListElement":[{"@type":"ListItem","position":1,"name":"Portada","item":"https:\/\/ruralrafaela.com.ar\/exporural2026\/"},{"@type":"ListItem","position":2,"name":"Gabriela Correnti, una mujer detr\u00e1s de las Holando en el Sal\u00f3n de Toros"}]},{"@type":"WebSite","@id":"https:\/\/ruralrafaela.com.ar\/exporural2026\/#website","url":"https:\/\/ruralrafaela.com.ar\/exporural2026\/","name":"119 Expo Rural Rafaela 2026","description":"Sitio oficial de la Expo Rural Rafaela","publisher":{"@id":"https:\/\/ruralrafaela.com.ar\/exporural2026\/#organization"},"potentialAction":[{"@type":"SearchAction","target":{"@type":"EntryPoint","urlTemplate":"https:\/\/ruralrafaela.com.ar\/exporural2026\/?s={search_term_string}"},"query-input":{"@type":"PropertyValueSpecification","valueRequired":true,"valueName":"search_term_string"}}],"inLanguage":"es"},{"@type":"Organization","@id":"https:\/\/ruralrafaela.com.ar\/exporural2026\/#organization","name":"119 Expo Rural Rafaela 2026","url":"https:\/\/ruralrafaela.com.ar\/exporural2026\/","logo":{"@type":"ImageObject","inLanguage":"es","@id":"https:\/\/ruralrafaela.com.ar\/exporural2026\/#\/schema\/logo\/image\/","url":"https:\/\/ruralrafaela.com.ar\/exporural2026\/wp-content\/uploads\/sites\/26\/2026\/08\/logoexpo2026.jpg","contentUrl":"https:\/\/ruralrafaela.com.ar\/exporural2026\/wp-content\/uploads\/sites\/26\/2026\/08\/logoexpo2026.jpg","width":516,"height":308,"caption":"119 Expo Rural Rafaela 2026"},"image":{"@id":"https:\/\/ruralrafaela.com.ar\/exporural2026\/#\/schema\/logo\/image\/"}},{"@type":"Person","@id":"https:\/\/ruralrafaela.com.ar\/exporural2026\/#\/schema\/person\/fa167bfed3a2b8029213c0bac80612f7","name":"voces","image":{"@type":"ImageObject","inLanguage":"es","@id":"https:\/\/secure.gravatar.com\/avatar\/8be4c66bb16cf788ff6688b77c76240c16a5397e072068b8fd79350e9acb3d86?s=96&d=mm&r=g","url":"https:\/\/secure.gravatar.com\/avatar\/8be4c66bb16cf788ff6688b77c76240c16a5397e072068b8fd79350e9acb3d86?s=96&d=mm&r=g","contentUrl":"https:\/\/secure.gravatar.com\/avatar\/8be4c66bb16cf788ff6688b77c76240c16a5397e072068b8fd79350e9acb3d86?s=96&d=mm&r=g","caption":"voces"},"url":"https:\/\/ruralrafaela.com.ar\/exporural2026\/author\/voces\/"}]}},"_links":{"self":[{"href":"https:\/\/ruralrafaela.com.ar\/exporural2026\/wp-json\/wp\/v2\/posts\/7612","targetHints":{"allow":["GET"]}}],"collection":[{"href":"https:\/\/ruralrafaela.com.ar\/exporural2026\/wp-json\/wp\/v2\/posts"}],"about":[{"href":"https:\/\/ruralrafaela.com.ar\/exporural2026\/wp-json\/wp\/v2\/types\/post"}],"author":[{"embeddable":true,"href":"https:\/\/ruralrafaela.com.ar\/exporural2026\/wp-json\/wp\/v2\/users\/17"}],"replies":[{"embeddable":true,"href":"https:\/\/ruralrafaela.com.ar\/exporural2026\/wp-json\/wp\/v2\/comments?post=7612"}],"version-history":[{"count":0,"href":"https:\/\/ruralrafaela.com.ar\/exporural2026\/wp-json\/wp\/v2\/posts\/7612\/revisions"}],"wp:attachment":[{"href":"https:\/\/ruralrafaela.com.ar\/exporural2026\/wp-json\/wp\/v2\/media?parent=7612"}],"wp:term":[{"taxonomy":"category","embeddable":true,"href":"https:\/\/ruralrafaela.com.ar\/exporural2026\/wp-json\/wp\/v2\/categories?post=7612"},{"taxonomy":"post_tag","embeddable":true,"href":"https:\/\/ruralrafaela.com.ar\/exporural2026\/wp-json\/wp\/v2\/tags?post=7612"}],"curies":[{"name":"wp","href":"https:\/\/api.w.org\/{rel}","templated":true}]}}