{"id":7609,"date":"2026-09-02T10:05:37","date_gmt":"2026-09-02T10:05:37","guid":{"rendered":"https:\/\/ruralrafaela.com.ar\/exporural2026\/2026\/09\/02\/los-animales-de-granja-fueron-protagonistas-de-una-exporural-que-sigue-ampliandose-en-ese-sector\/"},"modified":"2026-09-02T10:05:37","modified_gmt":"2026-09-02T10:05:37","slug":"los-animales-de-granja-fueron-protagonistas-de-una-exporural-que-sigue-ampliandose-en-ese-sector","status":"publish","type":"post","link":"https:\/\/ruralrafaela.com.ar\/exporural2026\/2026\/09\/02\/los-animales-de-granja-fueron-protagonistas-de-una-exporural-que-sigue-ampliandose-en-ese-sector\/","title":{"rendered":"Los animales de Granja fueron protagonistas de una ExpoRural que sigue ampli\u00e1ndose en ese sector"},"content":{"rendered":"\n<p class=\"wp-block-paragraph\">El sector Granja de la 119\u00b0 ExpoRural de Rafaela y la Regi\u00f3n mostr\u00f3 una vez m\u00e1s la capacidad de crecimiento y desarrollo que tienen los productores de la regi\u00f3n.<br>Un rinc\u00f3n del predio que se dedica a estas actividades, en el Sal\u00f3n 43 y debajo de la tribuna, permite ver de cerca ejemplares maravillosos, de todas las categor\u00edas, demostrando la importancia de actividades complementarias, que se extienden por toda la regi\u00f3n.<\/p>\n\n\n\n<p class=\"wp-block-paragraph\">En el que fue el juzgamiento 101\u00b0 de la historia de la Sociedad Rural de Rafaela, la actividad de los diferentes jurados fue destacada durante varias jornadas de la exposici\u00f3n, a la vista de los miles de visitantes que pasaron por un sector que promete seguir creciendo.<\/p>\n\n\n\n<p class=\"wp-block-paragraph\">En aves, el Gran Campe\u00f3n Macho fue el ejemplar Orpington Negro del Box 59, presentado por Nazareno Maldonado de la Caba\u00f1a \u201cLas 3 Nenas\u201d, sumando premios y qued\u00e1ndose con el reconocimiento al mejor animal en \u201cAves de Raza\u201d.<br>El t\u00edtulo de Gran Campe\u00f3n Hembra correspondi\u00f3 al Plymouth Rock Barrado del Box 22, de Gainza Hoctor, Caba\u00f1a \u201cNo Gainza\u201d. El reservado Gran Campe\u00f3n Macho fue el New Hampshire del Box 45, tambi\u00e9n de Gainza Hoctor, Caba\u00f1a \u201cNahiara y A Ron Gainza\u201d, mientras que el reservado Gran Campe\u00f3n Hembra recay\u00f3 en el Orpington Negro del Box 60, de Ceferino Aiassa, Caba\u00f1a \u201cLas Casuarinas\u201d.<br>En la categor\u00eda Bantams, tanto el Gran Campe\u00f3n Macho como la Gran Campeona Hembra fueron los Cochinchinos Negros Rizados de los Boxes 89 y 90, presentados por Diego Yanolino de la Caba\u00f1a \u201cEl Rejunte\u201d.<br>En conejos se destacaron la Caba\u00f1a \u201cEl Quebracho\u201d de Miguel Orellano y la Caba\u00f1a \u201cNago\u201d de Mart\u00edn Perez.<br>En ovinos Dorper, el premio fue para la Caba\u00f1a \u201cEl Candil\u201d de Fernando Zeiter, quedando por delante de \u201cLa Ilusi\u00f3n\u201d, el proyecto productivo de ka Facultad de Veterinaria de la Universidad Nacional del Litoral.<br>En caprinos Boer, la UNL tambi\u00e9n tuvo presencia con la Caba\u00f1a \u201cLa Vanguardia\u201d, y se sum\u00f3 la Caba\u00f1a \u201cEl Sacrificio\u201d de Nahuel Molina.<\/p>\n\n\n\n<p class=\"wp-block-paragraph\">Desde la Sociedad Rural de Rafaela se seguir\u00e1 trabajando para ampliar los espacios y mejorar las condiciones para que se sigan sumando ejemplares y criadores en las pr\u00f3ximas ediciones de la muestra, adem\u00e1s de seguir promoviendo actividades y capacitaciones a lo largo del a\u00f1o, para todas las producciones.<\/p>\n\n\n\n<figure class=\"wp-block-gallery has-nested-images columns-default is-cropped wp-block-gallery-1 is-layout-flex wp-block-gallery-is-layout-flex\">\n<figure class=\"wp-block-image size-large\"><a href=\"https:\/\/ruralrafaela.com.ar\/wp-content\/uploads\/2026\/09\/WhatsApp-Image-2026-09-02-at-10.01.55-1.jpeg\"><img decoding=\"async\" data-id=\"9767\" src=\"https:\/\/ruralrafaela.com.ar\/wp-content\/uploads\/2026\/09\/WhatsApp-Image-2026-09-02-at-10.01.55-1-1024x473.jpeg\" alt=\"\" class=\"wp-image-9767\"\/><\/a><\/figure>\n\n\n\n<figure class=\"wp-block-image size-large\"><a href=\"https:\/\/ruralrafaela.com.ar\/wp-content\/uploads\/2026\/09\/WhatsApp-Image-2026-09-02-at-10.01.55.jpeg\"><img decoding=\"async\" data-id=\"9768\" src=\"https:\/\/ruralrafaela.com.ar\/wp-content\/uploads\/2026\/09\/WhatsApp-Image-2026-09-02-at-10.01.55-1024x473.jpeg\" alt=\"\" class=\"wp-image-9768\"\/><\/a><\/figure>\n\n\n\n<figure class=\"wp-block-image size-large\"><a href=\"https:\/\/ruralrafaela.com.ar\/wp-content\/uploads\/2026\/09\/WhatsApp-Image-2026-08-29-at-10.47.13.jpeg\"><img decoding=\"async\" data-id=\"9769\" src=\"https:\/\/ruralrafaela.com.ar\/wp-content\/uploads\/2026\/09\/WhatsApp-Image-2026-08-29-at-10.47.13-1024x879.jpeg\" alt=\"\" class=\"wp-image-9769\"\/><\/a><\/figure>\n\n\n\n<figure class=\"wp-block-image size-large\"><a href=\"https:\/\/ruralrafaela.com.ar\/wp-content\/uploads\/2026\/09\/WhatsApp-Image-2026-08-29-at-11.08.43.jpeg\"><img decoding=\"async\" data-id=\"9770\" src=\"https:\/\/ruralrafaela.com.ar\/wp-content\/uploads\/2026\/09\/WhatsApp-Image-2026-08-29-at-11.08.43-1024x768.jpeg\" alt=\"\" class=\"wp-image-9770\"\/><\/a><\/figure>\n\n\n\n<figure class=\"wp-block-image size-large\"><a href=\"https:\/\/ruralrafaela.com.ar\/wp-content\/uploads\/2026\/09\/WhatsApp-Image-2026-08-29-at-12.49.42.jpeg\"><img decoding=\"async\" data-id=\"9771\" src=\"https:\/\/ruralrafaela.com.ar\/wp-content\/uploads\/2026\/09\/WhatsApp-Image-2026-08-29-at-12.49.42-1024x576.jpeg\" alt=\"\" class=\"wp-image-9771\"\/><\/a><\/figure>\n<\/figure>\n","protected":false},"excerpt":{"rendered":"<p>El sector Granja de la 119\u00b0 ExpoRural de Rafaela y la Regi\u00f3n mostr\u00f3 una vez m\u00e1s la capacidad de crecimiento y desarrollo que tienen los productores de la regi\u00f3n.Un rinc\u00f3n del predio que se dedica a estas actividades, en el Sal\u00f3n 43 y debajo de la tribuna, permite ver de cerca ejemplares maravillosos, de todas [&hellip;]<\/p>\n","protected":false},"author":17,"featured_media":0,"comment_status":"closed","ping_status":"closed","sticky":false,"template":"","format":"standard","meta":{"ocean_front_end_style_editor":"no","ocean_post_layout":"","ocean_both_sidebars_style":"","ocean_both_sidebars_content_width":0,"ocean_both_sidebars_sidebars_width":0,"ocean_sidebar":"","ocean_second_sidebar":"","ocean_disable_margins":"enable","ocean_add_body_class":"","ocean_shortcode_before_top_bar":"","ocean_shortcode_after_top_bar":"","ocean_shortcode_before_header":"","ocean_shortcode_after_header":"","ocean_has_shortcode":"","ocean_shortcode_after_title":"","ocean_shortcode_before_footer_widgets":"","ocean_shortcode_after_footer_widgets":"","ocean_shortcode_before_footer_bottom":"","ocean_shortcode_after_footer_bottom":"","ocean_display_top_bar":"default","ocean_display_header":"default","ocean_header_style":"","ocean_center_header_left_menu":"","ocean_custom_header_template":"","ocean_custom_logo":0,"ocean_custom_retina_logo":0,"ocean_custom_logo_max_width":0,"ocean_custom_logo_tablet_max_width":0,"ocean_custom_logo_mobile_max_width":0,"ocean_custom_logo_max_height":0,"ocean_custom_logo_tablet_max_height":0,"ocean_custom_logo_mobile_max_height":0,"ocean_header_custom_menu":"","ocean_menu_typo_font_family":"","ocean_menu_typo_font_subset":"","ocean_menu_typo_font_size":0,"ocean_menu_typo_font_size_tablet":0,"ocean_menu_typo_font_size_mobile":0,"ocean_menu_typo_font_size_unit":"px","ocean_menu_typo_font_weight":"","ocean_menu_typo_font_weight_tablet":"","ocean_menu_typo_font_weight_mobile":"","ocean_menu_typo_transform":"","ocean_menu_typo_transform_tablet":"","ocean_menu_typo_transform_mobile":"","ocean_menu_typo_line_height":0,"ocean_menu_typo_line_height_tablet":0,"ocean_menu_typo_line_height_mobile":0,"ocean_menu_typo_line_height_unit":"","ocean_menu_typo_spacing":0,"ocean_menu_typo_spacing_tablet":0,"ocean_menu_typo_spacing_mobile":0,"ocean_menu_typo_spacing_unit":"","ocean_menu_link_color":"","ocean_menu_link_color_hover":"","ocean_menu_link_color_active":"","ocean_menu_link_background":"","ocean_menu_link_hover_background":"","ocean_menu_link_active_background":"","ocean_menu_social_links_bg":"","ocean_menu_social_hover_links_bg":"","ocean_menu_social_links_color":"","ocean_menu_social_hover_links_color":"","ocean_disable_title":"default","ocean_disable_heading":"default","ocean_post_title":"","ocean_post_subheading":"","ocean_post_title_style":"","ocean_post_title_background_color":"","ocean_post_title_background":0,"ocean_post_title_bg_image_position":"","ocean_post_title_bg_image_attachment":"","ocean_post_title_bg_image_repeat":"","ocean_post_title_bg_image_size":"","ocean_post_title_height":0,"ocean_post_title_bg_overlay":0.5,"ocean_post_title_bg_overlay_color":"","ocean_disable_breadcrumbs":"default","ocean_breadcrumbs_color":"","ocean_breadcrumbs_separator_color":"","ocean_breadcrumbs_links_color":"","ocean_breadcrumbs_links_hover_color":"","ocean_display_footer_widgets":"default","ocean_display_footer_bottom":"default","ocean_custom_footer_template":"","_joinchat":[],"ocean_post_oembed":"","ocean_post_self_hosted_media":"","ocean_post_video_embed":"","ocean_link_format":"","ocean_link_format_target":"self","ocean_quote_format":"","ocean_quote_format_link":"post","ocean_gallery_link_images":"on","ocean_gallery_id":[],"footnotes":""},"categories":[1],"tags":[],"class_list":["post-7609","post","type-post","status-publish","format-standard","hentry","category-sin-categoria","entry"],"yoast_head":"<!-- This site is optimized with the Yoast SEO plugin v28.4 - https:\/\/yoast.com\/product\/yoast-seo-wordpress\/ -->\n<title>Los animales de Granja fueron protagonistas de una ExpoRural que sigue ampli\u00e1ndose en ese sector - 119 Expo Rural Rafaela 2026<\/title>\n<meta name=\"robots\" content=\"index, follow, max-snippet:-1, max-image-preview:large, max-video-preview:-1\" \/>\n<link rel=\"canonical\" href=\"https:\/\/ruralrafaela.com.ar\/exporural2026\/2026\/09\/02\/los-animales-de-granja-fueron-protagonistas-de-una-exporural-que-sigue-ampliandose-en-ese-sector\/\" \/>\n<meta property=\"og:locale\" content=\"es_ES\" \/>\n<meta property=\"og:type\" content=\"article\" \/>\n<meta property=\"og:title\" content=\"Los animales de Granja fueron protagonistas de una ExpoRural que sigue ampli\u00e1ndose en ese sector - 119 Expo Rural Rafaela 2026\" \/>\n<meta property=\"og:description\" content=\"El sector Granja de la 119\u00b0 ExpoRural de Rafaela y la Regi\u00f3n mostr\u00f3 una vez m\u00e1s la capacidad de crecimiento y desarrollo que tienen los productores de la regi\u00f3n.Un rinc\u00f3n del predio que se dedica a estas actividades, en el Sal\u00f3n 43 y debajo de la tribuna, permite ver de cerca ejemplares maravillosos, de todas [&hellip;]\" \/>\n<meta property=\"og:url\" content=\"https:\/\/ruralrafaela.com.ar\/exporural2026\/2026\/09\/02\/los-animales-de-granja-fueron-protagonistas-de-una-exporural-que-sigue-ampliandose-en-ese-sector\/\" \/>\n<meta property=\"og:site_name\" content=\"119 Expo Rural Rafaela 2026\" \/>\n<meta property=\"article:published_time\" content=\"2026-09-02T10:05:37+00:00\" \/>\n<meta property=\"og:image\" content=\"https:\/\/ruralrafaela.com.ar\/wp-content\/uploads\/2026\/09\/WhatsApp-Image-2026-09-02-at-10.01.55-1-1024x473.jpeg\" \/>\n<meta name=\"author\" content=\"voces\" \/>\n<meta name=\"twitter:card\" content=\"summary_large_image\" \/>\n<meta name=\"twitter:label1\" content=\"Escrito por\" \/>\n\t<meta name=\"twitter:data1\" content=\"voces\" \/>\n\t<meta name=\"twitter:label2\" content=\"Tiempo de lectura\" \/>\n\t<meta name=\"twitter:data2\" content=\"2 minutos\" \/>\n<script type=\"application\/ld+json\" class=\"yoast-schema-graph\">{\"@context\":\"https:\\\/\\\/schema.org\",\"@graph\":[{\"@type\":\"Article\",\"@id\":\"https:\\\/\\\/ruralrafaela.com.ar\\\/exporural2026\\\/2026\\\/09\\\/02\\\/los-animales-de-granja-fueron-protagonistas-de-una-exporural-que-sigue-ampliandose-en-ese-sector\\\/#article\",\"isPartOf\":{\"@id\":\"https:\\\/\\\/ruralrafaela.com.ar\\\/exporural2026\\\/2026\\\/09\\\/02\\\/los-animales-de-granja-fueron-protagonistas-de-una-exporural-que-sigue-ampliandose-en-ese-sector\\\/\"},\"author\":{\"name\":\"voces\",\"@id\":\"https:\\\/\\\/ruralrafaela.com.ar\\\/exporural2026\\\/#\\\/schema\\\/person\\\/fa167bfed3a2b8029213c0bac80612f7\"},\"headline\":\"Los animales de Granja fueron protagonistas de una ExpoRural que sigue ampli\u00e1ndose en ese sector\",\"datePublished\":\"2026-09-02T10:05:37+00:00\",\"mainEntityOfPage\":{\"@id\":\"https:\\\/\\\/ruralrafaela.com.ar\\\/exporural2026\\\/2026\\\/09\\\/02\\\/los-animales-de-granja-fueron-protagonistas-de-una-exporural-que-sigue-ampliandose-en-ese-sector\\\/\"},\"wordCount\":415,\"publisher\":{\"@id\":\"https:\\\/\\\/ruralrafaela.com.ar\\\/exporural2026\\\/#organization\"},\"image\":{\"@id\":\"https:\\\/\\\/ruralrafaela.com.ar\\\/exporural2026\\\/2026\\\/09\\\/02\\\/los-animales-de-granja-fueron-protagonistas-de-una-exporural-que-sigue-ampliandose-en-ese-sector\\\/#primaryimage\"},\"thumbnailUrl\":\"https:\\\/\\\/ruralrafaela.com.ar\\\/wp-content\\\/uploads\\\/2026\\\/09\\\/WhatsApp-Image-2026-09-02-at-10.01.55-1-1024x473.jpeg\",\"inLanguage\":\"es\"},{\"@type\":\"WebPage\",\"@id\":\"https:\\\/\\\/ruralrafaela.com.ar\\\/exporural2026\\\/2026\\\/09\\\/02\\\/los-animales-de-granja-fueron-protagonistas-de-una-exporural-que-sigue-ampliandose-en-ese-sector\\\/\",\"url\":\"https:\\\/\\\/ruralrafaela.com.ar\\\/exporural2026\\\/2026\\\/09\\\/02\\\/los-animales-de-granja-fueron-protagonistas-de-una-exporural-que-sigue-ampliandose-en-ese-sector\\\/\",\"name\":\"Los animales de Granja fueron protagonistas de una ExpoRural que sigue ampli\u00e1ndose en ese sector - 119 Expo Rural Rafaela 2026\",\"isPartOf\":{\"@id\":\"https:\\\/\\\/ruralrafaela.com.ar\\\/exporural2026\\\/#website\"},\"primaryImageOfPage\":{\"@id\":\"https:\\\/\\\/ruralrafaela.com.ar\\\/exporural2026\\\/2026\\\/09\\\/02\\\/los-animales-de-granja-fueron-protagonistas-de-una-exporural-que-sigue-ampliandose-en-ese-sector\\\/#primaryimage\"},\"image\":{\"@id\":\"https:\\\/\\\/ruralrafaela.com.ar\\\/exporural2026\\\/2026\\\/09\\\/02\\\/los-animales-de-granja-fueron-protagonistas-de-una-exporural-que-sigue-ampliandose-en-ese-sector\\\/#primaryimage\"},\"thumbnailUrl\":\"https:\\\/\\\/ruralrafaela.com.ar\\\/wp-content\\\/uploads\\\/2026\\\/09\\\/WhatsApp-Image-2026-09-02-at-10.01.55-1-1024x473.jpeg\",\"datePublished\":\"2026-09-02T10:05:37+00:00\",\"breadcrumb\":{\"@id\":\"https:\\\/\\\/ruralrafaela.com.ar\\\/exporural2026\\\/2026\\\/09\\\/02\\\/los-animales-de-granja-fueron-protagonistas-de-una-exporural-que-sigue-ampliandose-en-ese-sector\\\/#breadcrumb\"},\"inLanguage\":\"es\",\"potentialAction\":[{\"@type\":\"ReadAction\",\"target\":[\"https:\\\/\\\/ruralrafaela.com.ar\\\/exporural2026\\\/2026\\\/09\\\/02\\\/los-animales-de-granja-fueron-protagonistas-de-una-exporural-que-sigue-ampliandose-en-ese-sector\\\/\"]}]},{\"@type\":\"ImageObject\",\"inLanguage\":\"es\",\"@id\":\"https:\\\/\\\/ruralrafaela.com.ar\\\/exporural2026\\\/2026\\\/09\\\/02\\\/los-animales-de-granja-fueron-protagonistas-de-una-exporural-que-sigue-ampliandose-en-ese-sector\\\/#primaryimage\",\"url\":\"https:\\\/\\\/ruralrafaela.com.ar\\\/wp-content\\\/uploads\\\/2026\\\/09\\\/WhatsApp-Image-2026-09-02-at-10.01.55-1-1024x473.jpeg\",\"contentUrl\":\"https:\\\/\\\/ruralrafaela.com.ar\\\/wp-content\\\/uploads\\\/2026\\\/09\\\/WhatsApp-Image-2026-09-02-at-10.01.55-1-1024x473.jpeg\"},{\"@type\":\"BreadcrumbList\",\"@id\":\"https:\\\/\\\/ruralrafaela.com.ar\\\/exporural2026\\\/2026\\\/09\\\/02\\\/los-animales-de-granja-fueron-protagonistas-de-una-exporural-que-sigue-ampliandose-en-ese-sector\\\/#breadcrumb\",\"itemListElement\":[{\"@type\":\"ListItem\",\"position\":1,\"name\":\"Portada\",\"item\":\"https:\\\/\\\/ruralrafaela.com.ar\\\/exporural2026\\\/\"},{\"@type\":\"ListItem\",\"position\":2,\"name\":\"Los animales de Granja fueron protagonistas de una ExpoRural que sigue ampli\u00e1ndose en ese sector\"}]},{\"@type\":\"WebSite\",\"@id\":\"https:\\\/\\\/ruralrafaela.com.ar\\\/exporural2026\\\/#website\",\"url\":\"https:\\\/\\\/ruralrafaela.com.ar\\\/exporural2026\\\/\",\"name\":\"119 Expo Rural Rafaela 2026\",\"description\":\"Sitio oficial de la Expo Rural Rafaela\",\"publisher\":{\"@id\":\"https:\\\/\\\/ruralrafaela.com.ar\\\/exporural2026\\\/#organization\"},\"potentialAction\":[{\"@type\":\"SearchAction\",\"target\":{\"@type\":\"EntryPoint\",\"urlTemplate\":\"https:\\\/\\\/ruralrafaela.com.ar\\\/exporural2026\\\/?s={search_term_string}\"},\"query-input\":{\"@type\":\"PropertyValueSpecification\",\"valueRequired\":true,\"valueName\":\"search_term_string\"}}],\"inLanguage\":\"es\"},{\"@type\":\"Organization\",\"@id\":\"https:\\\/\\\/ruralrafaela.com.ar\\\/exporural2026\\\/#organization\",\"name\":\"119 Expo Rural Rafaela 2026\",\"url\":\"https:\\\/\\\/ruralrafaela.com.ar\\\/exporural2026\\\/\",\"logo\":{\"@type\":\"ImageObject\",\"inLanguage\":\"es\",\"@id\":\"https:\\\/\\\/ruralrafaela.com.ar\\\/exporural2026\\\/#\\\/schema\\\/logo\\\/image\\\/\",\"url\":\"https:\\\/\\\/ruralrafaela.com.ar\\\/exporural2026\\\/wp-content\\\/uploads\\\/sites\\\/26\\\/2026\\\/08\\\/logoexpo2026.jpg\",\"contentUrl\":\"https:\\\/\\\/ruralrafaela.com.ar\\\/exporural2026\\\/wp-content\\\/uploads\\\/sites\\\/26\\\/2026\\\/08\\\/logoexpo2026.jpg\",\"width\":516,\"height\":308,\"caption\":\"119 Expo Rural Rafaela 2026\"},\"image\":{\"@id\":\"https:\\\/\\\/ruralrafaela.com.ar\\\/exporural2026\\\/#\\\/schema\\\/logo\\\/image\\\/\"}},{\"@type\":\"Person\",\"@id\":\"https:\\\/\\\/ruralrafaela.com.ar\\\/exporural2026\\\/#\\\/schema\\\/person\\\/fa167bfed3a2b8029213c0bac80612f7\",\"name\":\"voces\",\"image\":{\"@type\":\"ImageObject\",\"inLanguage\":\"es\",\"@id\":\"https:\\\/\\\/secure.gravatar.com\\\/avatar\\\/8be4c66bb16cf788ff6688b77c76240c16a5397e072068b8fd79350e9acb3d86?s=96&d=mm&r=g\",\"url\":\"https:\\\/\\\/secure.gravatar.com\\\/avatar\\\/8be4c66bb16cf788ff6688b77c76240c16a5397e072068b8fd79350e9acb3d86?s=96&d=mm&r=g\",\"contentUrl\":\"https:\\\/\\\/secure.gravatar.com\\\/avatar\\\/8be4c66bb16cf788ff6688b77c76240c16a5397e072068b8fd79350e9acb3d86?s=96&d=mm&r=g\",\"caption\":\"voces\"},\"url\":\"https:\\\/\\\/ruralrafaela.com.ar\\\/exporural2026\\\/author\\\/voces\\\/\"}]}<\/script>\n<!-- \/ Yoast SEO plugin. -->","yoast_head_json":{"title":"Los animales de Granja fueron protagonistas de una ExpoRural que sigue ampli\u00e1ndose en ese sector - 119 Expo Rural Rafaela 2026","robots":{"index":"index","follow":"follow","max-snippet":"max-snippet:-1","max-image-preview":"max-image-preview:large","max-video-preview":"max-video-preview:-1"},"canonical":"https:\/\/ruralrafaela.com.ar\/exporural2026\/2026\/09\/02\/los-animales-de-granja-fueron-protagonistas-de-una-exporural-que-sigue-ampliandose-en-ese-sector\/","og_locale":"es_ES","og_type":"article","og_title":"Los animales de Granja fueron protagonistas de una ExpoRural que sigue ampli\u00e1ndose en ese sector - 119 Expo Rural Rafaela 2026","og_description":"El sector Granja de la 119\u00b0 ExpoRural de Rafaela y la Regi\u00f3n mostr\u00f3 una vez m\u00e1s la capacidad de crecimiento y desarrollo que tienen los productores de la regi\u00f3n.Un rinc\u00f3n del predio que se dedica a estas actividades, en el Sal\u00f3n 43 y debajo de la tribuna, permite ver de cerca ejemplares maravillosos, de todas [&hellip;]","og_url":"https:\/\/ruralrafaela.com.ar\/exporural2026\/2026\/09\/02\/los-animales-de-granja-fueron-protagonistas-de-una-exporural-que-sigue-ampliandose-en-ese-sector\/","og_site_name":"119 Expo Rural Rafaela 2026","article_published_time":"2026-09-02T10:05:37+00:00","og_image":[{"url":"https:\/\/ruralrafaela.com.ar\/wp-content\/uploads\/2026\/09\/WhatsApp-Image-2026-09-02-at-10.01.55-1-1024x473.jpeg","type":"","width":"","height":""}],"author":"voces","twitter_card":"summary_large_image","twitter_misc":{"Escrito por":"voces","Tiempo de lectura":"2 minutos"},"schema":{"@context":"https:\/\/schema.org","@graph":[{"@type":"Article","@id":"https:\/\/ruralrafaela.com.ar\/exporural2026\/2026\/09\/02\/los-animales-de-granja-fueron-protagonistas-de-una-exporural-que-sigue-ampliandose-en-ese-sector\/#article","isPartOf":{"@id":"https:\/\/ruralrafaela.com.ar\/exporural2026\/2026\/09\/02\/los-animales-de-granja-fueron-protagonistas-de-una-exporural-que-sigue-ampliandose-en-ese-sector\/"},"author":{"name":"voces","@id":"https:\/\/ruralrafaela.com.ar\/exporural2026\/#\/schema\/person\/fa167bfed3a2b8029213c0bac80612f7"},"headline":"Los animales de Granja fueron protagonistas de una ExpoRural que sigue ampli\u00e1ndose en ese sector","datePublished":"2026-09-02T10:05:37+00:00","mainEntityOfPage":{"@id":"https:\/\/ruralrafaela.com.ar\/exporural2026\/2026\/09\/02\/los-animales-de-granja-fueron-protagonistas-de-una-exporural-que-sigue-ampliandose-en-ese-sector\/"},"wordCount":415,"publisher":{"@id":"https:\/\/ruralrafaela.com.ar\/exporural2026\/#organization"},"image":{"@id":"https:\/\/ruralrafaela.com.ar\/exporural2026\/2026\/09\/02\/los-animales-de-granja-fueron-protagonistas-de-una-exporural-que-sigue-ampliandose-en-ese-sector\/#primaryimage"},"thumbnailUrl":"https:\/\/ruralrafaela.com.ar\/wp-content\/uploads\/2026\/09\/WhatsApp-Image-2026-09-02-at-10.01.55-1-1024x473.jpeg","inLanguage":"es"},{"@type":"WebPage","@id":"https:\/\/ruralrafaela.com.ar\/exporural2026\/2026\/09\/02\/los-animales-de-granja-fueron-protagonistas-de-una-exporural-que-sigue-ampliandose-en-ese-sector\/","url":"https:\/\/ruralrafaela.com.ar\/exporural2026\/2026\/09\/02\/los-animales-de-granja-fueron-protagonistas-de-una-exporural-que-sigue-ampliandose-en-ese-sector\/","name":"Los animales de Granja fueron protagonistas de una ExpoRural que sigue ampli\u00e1ndose en ese sector - 119 Expo Rural Rafaela 2026","isPartOf":{"@id":"https:\/\/ruralrafaela.com.ar\/exporural2026\/#website"},"primaryImageOfPage":{"@id":"https:\/\/ruralrafaela.com.ar\/exporural2026\/2026\/09\/02\/los-animales-de-granja-fueron-protagonistas-de-una-exporural-que-sigue-ampliandose-en-ese-sector\/#primaryimage"},"image":{"@id":"https:\/\/ruralrafaela.com.ar\/exporural2026\/2026\/09\/02\/los-animales-de-granja-fueron-protagonistas-de-una-exporural-que-sigue-ampliandose-en-ese-sector\/#primaryimage"},"thumbnailUrl":"https:\/\/ruralrafaela.com.ar\/wp-content\/uploads\/2026\/09\/WhatsApp-Image-2026-09-02-at-10.01.55-1-1024x473.jpeg","datePublished":"2026-09-02T10:05:37+00:00","breadcrumb":{"@id":"https:\/\/ruralrafaela.com.ar\/exporural2026\/2026\/09\/02\/los-animales-de-granja-fueron-protagonistas-de-una-exporural-que-sigue-ampliandose-en-ese-sector\/#breadcrumb"},"inLanguage":"es","potentialAction":[{"@type":"ReadAction","target":["https:\/\/ruralrafaela.com.ar\/exporural2026\/2026\/09\/02\/los-animales-de-granja-fueron-protagonistas-de-una-exporural-que-sigue-ampliandose-en-ese-sector\/"]}]},{"@type":"ImageObject","inLanguage":"es","@id":"https:\/\/ruralrafaela.com.ar\/exporural2026\/2026\/09\/02\/los-animales-de-granja-fueron-protagonistas-de-una-exporural-que-sigue-ampliandose-en-ese-sector\/#primaryimage","url":"https:\/\/ruralrafaela.com.ar\/wp-content\/uploads\/2026\/09\/WhatsApp-Image-2026-09-02-at-10.01.55-1-1024x473.jpeg","contentUrl":"https:\/\/ruralrafaela.com.ar\/wp-content\/uploads\/2026\/09\/WhatsApp-Image-2026-09-02-at-10.01.55-1-1024x473.jpeg"},{"@type":"BreadcrumbList","@id":"https:\/\/ruralrafaela.com.ar\/exporural2026\/2026\/09\/02\/los-animales-de-granja-fueron-protagonistas-de-una-exporural-que-sigue-ampliandose-en-ese-sector\/#breadcrumb","itemListElement":[{"@type":"ListItem","position":1,"name":"Portada","item":"https:\/\/ruralrafaela.com.ar\/exporural2026\/"},{"@type":"ListItem","position":2,"name":"Los animales de Granja fueron protagonistas de una ExpoRural que sigue ampli\u00e1ndose en ese sector"}]},{"@type":"WebSite","@id":"https:\/\/ruralrafaela.com.ar\/exporural2026\/#website","url":"https:\/\/ruralrafaela.com.ar\/exporural2026\/","name":"119 Expo Rural Rafaela 2026","description":"Sitio oficial de la Expo Rural Rafaela","publisher":{"@id":"https:\/\/ruralrafaela.com.ar\/exporural2026\/#organization"},"potentialAction":[{"@type":"SearchAction","target":{"@type":"EntryPoint","urlTemplate":"https:\/\/ruralrafaela.com.ar\/exporural2026\/?s={search_term_string}"},"query-input":{"@type":"PropertyValueSpecification","valueRequired":true,"valueName":"search_term_string"}}],"inLanguage":"es"},{"@type":"Organization","@id":"https:\/\/ruralrafaela.com.ar\/exporural2026\/#organization","name":"119 Expo Rural Rafaela 2026","url":"https:\/\/ruralrafaela.com.ar\/exporural2026\/","logo":{"@type":"ImageObject","inLanguage":"es","@id":"https:\/\/ruralrafaela.com.ar\/exporural2026\/#\/schema\/logo\/image\/","url":"https:\/\/ruralrafaela.com.ar\/exporural2026\/wp-content\/uploads\/sites\/26\/2026\/08\/logoexpo2026.jpg","contentUrl":"https:\/\/ruralrafaela.com.ar\/exporural2026\/wp-content\/uploads\/sites\/26\/2026\/08\/logoexpo2026.jpg","width":516,"height":308,"caption":"119 Expo Rural Rafaela 2026"},"image":{"@id":"https:\/\/ruralrafaela.com.ar\/exporural2026\/#\/schema\/logo\/image\/"}},{"@type":"Person","@id":"https:\/\/ruralrafaela.com.ar\/exporural2026\/#\/schema\/person\/fa167bfed3a2b8029213c0bac80612f7","name":"voces","image":{"@type":"ImageObject","inLanguage":"es","@id":"https:\/\/secure.gravatar.com\/avatar\/8be4c66bb16cf788ff6688b77c76240c16a5397e072068b8fd79350e9acb3d86?s=96&d=mm&r=g","url":"https:\/\/secure.gravatar.com\/avatar\/8be4c66bb16cf788ff6688b77c76240c16a5397e072068b8fd79350e9acb3d86?s=96&d=mm&r=g","contentUrl":"https:\/\/secure.gravatar.com\/avatar\/8be4c66bb16cf788ff6688b77c76240c16a5397e072068b8fd79350e9acb3d86?s=96&d=mm&r=g","caption":"voces"},"url":"https:\/\/ruralrafaela.com.ar\/exporural2026\/author\/voces\/"}]}},"_links":{"self":[{"href":"https:\/\/ruralrafaela.com.ar\/exporural2026\/wp-json\/wp\/v2\/posts\/7609","targetHints":{"allow":["GET"]}}],"collection":[{"href":"https:\/\/ruralrafaela.com.ar\/exporural2026\/wp-json\/wp\/v2\/posts"}],"about":[{"href":"https:\/\/ruralrafaela.com.ar\/exporural2026\/wp-json\/wp\/v2\/types\/post"}],"author":[{"embeddable":true,"href":"https:\/\/ruralrafaela.com.ar\/exporural2026\/wp-json\/wp\/v2\/users\/17"}],"replies":[{"embeddable":true,"href":"https:\/\/ruralrafaela.com.ar\/exporural2026\/wp-json\/wp\/v2\/comments?post=7609"}],"version-history":[{"count":0,"href":"https:\/\/ruralrafaela.com.ar\/exporural2026\/wp-json\/wp\/v2\/posts\/7609\/revisions"}],"wp:attachment":[{"href":"https:\/\/ruralrafaela.com.ar\/exporural2026\/wp-json\/wp\/v2\/media?parent=7609"}],"wp:term":[{"taxonomy":"category","embeddable":true,"href":"https:\/\/ruralrafaela.com.ar\/exporural2026\/wp-json\/wp\/v2\/categories?post=7609"},{"taxonomy":"post_tag","embeddable":true,"href":"https:\/\/ruralrafaela.com.ar\/exporural2026\/wp-json\/wp\/v2\/tags?post=7609"}],"curies":[{"name":"wp","href":"https:\/\/api.w.org\/{rel}","templated":true}]}}