{"id":7589,"date":"2026-08-28T20:48:12","date_gmt":"2026-08-28T20:48:12","guid":{"rendered":"https:\/\/ruralrafaela.com.ar\/exporural2026\/2026\/08\/28\/los-cerdos-tuvieron-su-jura-y-esperan-al-remate-del-sabado\/"},"modified":"2026-09-02T15:20:34","modified_gmt":"2026-09-02T15:20:34","slug":"los-cerdos-tuvieron-su-jura-y-esperan-al-remate-del-sabado","status":"publish","type":"post","link":"https:\/\/ruralrafaela.com.ar\/exporural2026\/2026\/08\/28\/los-cerdos-tuvieron-su-jura-y-esperan-al-remate-del-sabado\/","title":{"rendered":"Los cerdos tuvieron su jura y esperan al remate del s\u00e1bado"},"content":{"rendered":"\n<figure class=\"wp-block-gallery has-nested-images columns-default is-cropped wp-block-gallery-1 is-layout-flex wp-block-gallery-is-layout-flex\">\n<figure class=\"wp-block-image size-large\"><a href=\"https:\/\/ruralrafaela.com.ar\/wp-content\/uploads\/2026\/08\/WhatsApp-Image-2026-08-28-at-20.37.57.jpeg\"><img decoding=\"async\" data-id=\"9661\" src=\"https:\/\/ruralrafaela.com.ar\/wp-content\/uploads\/2026\/08\/WhatsApp-Image-2026-08-28-at-20.37.57-1024x473.jpeg\" alt=\"\" class=\"wp-image-9661\"\/><\/a><\/figure>\n\n\n\n<figure class=\"wp-block-image size-large\"><a href=\"https:\/\/ruralrafaela.com.ar\/wp-content\/uploads\/2026\/08\/WhatsApp-Image-2026-08-28-at-18.22.02-1.jpeg\"><img decoding=\"async\" data-id=\"9660\" src=\"https:\/\/ruralrafaela.com.ar\/wp-content\/uploads\/2026\/08\/WhatsApp-Image-2026-08-28-at-18.22.02-1-1024x685.jpeg\" alt=\"\" class=\"wp-image-9660\"\/><\/a><\/figure>\n\n\n\n<figure class=\"wp-block-image size-large\"><a href=\"https:\/\/ruralrafaela.com.ar\/wp-content\/uploads\/2026\/08\/WhatsApp-Image-2026-08-28-at-18.22.02.jpeg\"><img decoding=\"async\" data-id=\"9662\" src=\"https:\/\/ruralrafaela.com.ar\/wp-content\/uploads\/2026\/08\/WhatsApp-Image-2026-08-28-at-18.22.02-1024x685.jpeg\" alt=\"\" class=\"wp-image-9662\"\/><\/a><\/figure>\n<\/figure>\n\n\n\n<p class=\"wp-block-paragraph\">En su tradicional espacio del norte del predio, en esta 119\u00b0 edici\u00f3n de la ExpoRural de Rafaela y la Regi\u00f3n, el ganado porcino cumpli\u00f3 con su jura, a cargo del criterio de Alberto Brasca.<br>RAZA:<br>El premio principal fue para el corral 2, Campe\u00f3n Yorkshire de la Caba\u00f1a San Antonio, de Artemio Dezotti e hijos, de Arteaga, provincia de Santa Fe.<br>El resto de los ejemplares se ordenan de la siguiente manera. Corral 1, Campe\u00f3n H\u00edbrido; Corral 6, 1\u00ba Premio H\u00edbridas, Corral 7, 2\u00ba Premio; Corral 8, 3\u00ba Premio. Corral 5, Campeona Yorkshire; Corral 3, Reservado Campe\u00f3n Yorkshire (2\u00ba Premio); Corral 12, Reservada Yorkshire (3\u00ba Premio). Corral 14, Campe\u00f3n Spotted. Corral 13, Reservado Campe\u00f3n Spotted (2\u00ba Premio); y Corral 4, 1\u00ba Premio Poland Spotted.<\/p>\n\n\n\n<p class=\"wp-block-paragraph\">Este s\u00e1bado, a partir de las 14:30 horas, estos porcinos saldr\u00e1n a la venta en el sector de Animales de Granja, junto a ovinos, ca<strong>prinos y equinos.<\/strong><\/p>\n","protected":false},"excerpt":{"rendered":"<p>En su tradicional espacio del norte del predio, en esta 119\u00b0 edici\u00f3n de la ExpoRural de Rafaela y la Regi\u00f3n, el ganado porcino cumpli\u00f3 con su jura, a cargo del criterio de Alberto Brasca.RAZA:El premio principal fue para el corral 2, Campe\u00f3n Yorkshire de la Caba\u00f1a San Antonio, de Artemio Dezotti e hijos, de Arteaga, [&hellip;]<\/p>\n","protected":false},"author":17,"featured_media":7590,"comment_status":"closed","ping_status":"closed","sticky":false,"template":"","format":"standard","meta":{"ocean_front_end_style_editor":"no","ocean_post_layout":"","ocean_both_sidebars_style":"","ocean_both_sidebars_content_width":0,"ocean_both_sidebars_sidebars_width":0,"ocean_sidebar":"","ocean_second_sidebar":"","ocean_disable_margins":"enable","ocean_add_body_class":"","ocean_shortcode_before_top_bar":"","ocean_shortcode_after_top_bar":"","ocean_shortcode_before_header":"","ocean_shortcode_after_header":"","ocean_has_shortcode":"","ocean_shortcode_after_title":"","ocean_shortcode_before_footer_widgets":"","ocean_shortcode_after_footer_widgets":"","ocean_shortcode_before_footer_bottom":"","ocean_shortcode_after_footer_bottom":"","ocean_display_top_bar":"default","ocean_display_header":"default","ocean_header_style":"","ocean_center_header_left_menu":"","ocean_custom_header_template":"","ocean_custom_logo":0,"ocean_custom_retina_logo":0,"ocean_custom_logo_max_width":0,"ocean_custom_logo_tablet_max_width":0,"ocean_custom_logo_mobile_max_width":0,"ocean_custom_logo_max_height":0,"ocean_custom_logo_tablet_max_height":0,"ocean_custom_logo_mobile_max_height":0,"ocean_header_custom_menu":"","ocean_menu_typo_font_family":"","ocean_menu_typo_font_subset":"","ocean_menu_typo_font_size":0,"ocean_menu_typo_font_size_tablet":0,"ocean_menu_typo_font_size_mobile":0,"ocean_menu_typo_font_size_unit":"px","ocean_menu_typo_font_weight":"","ocean_menu_typo_font_weight_tablet":"","ocean_menu_typo_font_weight_mobile":"","ocean_menu_typo_transform":"","ocean_menu_typo_transform_tablet":"","ocean_menu_typo_transform_mobile":"","ocean_menu_typo_line_height":0,"ocean_menu_typo_line_height_tablet":0,"ocean_menu_typo_line_height_mobile":0,"ocean_menu_typo_line_height_unit":"","ocean_menu_typo_spacing":0,"ocean_menu_typo_spacing_tablet":0,"ocean_menu_typo_spacing_mobile":0,"ocean_menu_typo_spacing_unit":"","ocean_menu_link_color":"","ocean_menu_link_color_hover":"","ocean_menu_link_color_active":"","ocean_menu_link_background":"","ocean_menu_link_hover_background":"","ocean_menu_link_active_background":"","ocean_menu_social_links_bg":"","ocean_menu_social_hover_links_bg":"","ocean_menu_social_links_color":"","ocean_menu_social_hover_links_color":"","ocean_disable_title":"default","ocean_disable_heading":"default","ocean_post_title":"","ocean_post_subheading":"","ocean_post_title_style":"","ocean_post_title_background_color":"","ocean_post_title_background":0,"ocean_post_title_bg_image_position":"","ocean_post_title_bg_image_attachment":"","ocean_post_title_bg_image_repeat":"","ocean_post_title_bg_image_size":"","ocean_post_title_height":0,"ocean_post_title_bg_overlay":0.5,"ocean_post_title_bg_overlay_color":"","ocean_disable_breadcrumbs":"default","ocean_breadcrumbs_color":"","ocean_breadcrumbs_separator_color":"","ocean_breadcrumbs_links_color":"","ocean_breadcrumbs_links_hover_color":"","ocean_display_footer_widgets":"default","ocean_display_footer_bottom":"default","ocean_custom_footer_template":"","_joinchat":[],"ocean_post_oembed":"","ocean_post_self_hosted_media":"","ocean_post_video_embed":"","ocean_link_format":"","ocean_link_format_target":"self","ocean_quote_format":"","ocean_quote_format_link":"post","ocean_gallery_link_images":"on","ocean_gallery_id":[],"footnotes":""},"categories":[12],"tags":[],"class_list":["post-7589","post","type-post","status-publish","format-standard","has-post-thumbnail","hentry","category-informacion-institucional","entry","has-media"],"yoast_head":"<!-- This site is optimized with the Yoast SEO plugin v28.4 - https:\/\/yoast.com\/product\/yoast-seo-wordpress\/ -->\n<title>Los cerdos tuvieron su jura y esperan al remate del s\u00e1bado - 119 Expo Rural Rafaela 2026<\/title>\n<meta name=\"robots\" content=\"index, follow, max-snippet:-1, max-image-preview:large, max-video-preview:-1\" \/>\n<link rel=\"canonical\" href=\"https:\/\/ruralrafaela.com.ar\/exporural2026\/2026\/08\/28\/los-cerdos-tuvieron-su-jura-y-esperan-al-remate-del-sabado\/\" \/>\n<meta property=\"og:locale\" content=\"es_ES\" \/>\n<meta property=\"og:type\" content=\"article\" \/>\n<meta property=\"og:title\" content=\"Los cerdos tuvieron su jura y esperan al remate del s\u00e1bado - 119 Expo Rural Rafaela 2026\" \/>\n<meta property=\"og:description\" content=\"En su tradicional espacio del norte del predio, en esta 119\u00b0 edici\u00f3n de la ExpoRural de Rafaela y la Regi\u00f3n, el ganado porcino cumpli\u00f3 con su jura, a cargo del criterio de Alberto Brasca.RAZA:El premio principal fue para el corral 2, Campe\u00f3n Yorkshire de la Caba\u00f1a San Antonio, de Artemio Dezotti e hijos, de Arteaga, [&hellip;]\" \/>\n<meta property=\"og:url\" content=\"https:\/\/ruralrafaela.com.ar\/exporural2026\/2026\/08\/28\/los-cerdos-tuvieron-su-jura-y-esperan-al-remate-del-sabado\/\" \/>\n<meta property=\"og:site_name\" content=\"119 Expo Rural Rafaela 2026\" \/>\n<meta property=\"article:published_time\" content=\"2026-08-28T20:48:12+00:00\" \/>\n<meta property=\"article:modified_time\" content=\"2026-09-02T15:20:34+00:00\" \/>\n<meta property=\"og:image\" content=\"https:\/\/ruralrafaela.com.ar\/exporural2026\/wp-content\/uploads\/sites\/26\/2026\/08\/WhatsApp-Image-2026-08-28-at-18.22.02-1.jpeg\" \/>\n\t<meta property=\"og:image:width\" content=\"1600\" \/>\n\t<meta property=\"og:image:height\" content=\"1070\" \/>\n\t<meta property=\"og:image:type\" content=\"image\/jpeg\" \/>\n<meta name=\"author\" content=\"voces\" \/>\n<meta name=\"twitter:card\" content=\"summary_large_image\" \/>\n<meta name=\"twitter:label1\" content=\"Escrito por\" \/>\n\t<meta name=\"twitter:data1\" content=\"voces\" \/>\n\t<meta name=\"twitter:label2\" content=\"Tiempo de lectura\" \/>\n\t<meta name=\"twitter:data2\" content=\"1 minuto\" \/>\n<script type=\"application\/ld+json\" class=\"yoast-schema-graph\">{\"@context\":\"https:\\\/\\\/schema.org\",\"@graph\":[{\"@type\":\"Article\",\"@id\":\"https:\\\/\\\/ruralrafaela.com.ar\\\/exporural2026\\\/2026\\\/08\\\/28\\\/los-cerdos-tuvieron-su-jura-y-esperan-al-remate-del-sabado\\\/#article\",\"isPartOf\":{\"@id\":\"https:\\\/\\\/ruralrafaela.com.ar\\\/exporural2026\\\/2026\\\/08\\\/28\\\/los-cerdos-tuvieron-su-jura-y-esperan-al-remate-del-sabado\\\/\"},\"author\":{\"name\":\"voces\",\"@id\":\"https:\\\/\\\/ruralrafaela.com.ar\\\/exporural2026\\\/#\\\/schema\\\/person\\\/fa167bfed3a2b8029213c0bac80612f7\"},\"headline\":\"Los cerdos tuvieron su jura y esperan al remate del s\u00e1bado\",\"datePublished\":\"2026-08-28T20:48:12+00:00\",\"dateModified\":\"2026-09-02T15:20:34+00:00\",\"mainEntityOfPage\":{\"@id\":\"https:\\\/\\\/ruralrafaela.com.ar\\\/exporural2026\\\/2026\\\/08\\\/28\\\/los-cerdos-tuvieron-su-jura-y-esperan-al-remate-del-sabado\\\/\"},\"wordCount\":155,\"publisher\":{\"@id\":\"https:\\\/\\\/ruralrafaela.com.ar\\\/exporural2026\\\/#organization\"},\"image\":{\"@id\":\"https:\\\/\\\/ruralrafaela.com.ar\\\/exporural2026\\\/2026\\\/08\\\/28\\\/los-cerdos-tuvieron-su-jura-y-esperan-al-remate-del-sabado\\\/#primaryimage\"},\"thumbnailUrl\":\"https:\\\/\\\/ruralrafaela.com.ar\\\/exporural2026\\\/wp-content\\\/uploads\\\/sites\\\/26\\\/2026\\\/08\\\/WhatsApp-Image-2026-08-28-at-18.22.02-1.jpeg\",\"articleSection\":[\"Informaci\u00f3n Institucional\"],\"inLanguage\":\"es\"},{\"@type\":\"WebPage\",\"@id\":\"https:\\\/\\\/ruralrafaela.com.ar\\\/exporural2026\\\/2026\\\/08\\\/28\\\/los-cerdos-tuvieron-su-jura-y-esperan-al-remate-del-sabado\\\/\",\"url\":\"https:\\\/\\\/ruralrafaela.com.ar\\\/exporural2026\\\/2026\\\/08\\\/28\\\/los-cerdos-tuvieron-su-jura-y-esperan-al-remate-del-sabado\\\/\",\"name\":\"Los cerdos tuvieron su jura y esperan al remate del s\u00e1bado - 119 Expo Rural Rafaela 2026\",\"isPartOf\":{\"@id\":\"https:\\\/\\\/ruralrafaela.com.ar\\\/exporural2026\\\/#website\"},\"primaryImageOfPage\":{\"@id\":\"https:\\\/\\\/ruralrafaela.com.ar\\\/exporural2026\\\/2026\\\/08\\\/28\\\/los-cerdos-tuvieron-su-jura-y-esperan-al-remate-del-sabado\\\/#primaryimage\"},\"image\":{\"@id\":\"https:\\\/\\\/ruralrafaela.com.ar\\\/exporural2026\\\/2026\\\/08\\\/28\\\/los-cerdos-tuvieron-su-jura-y-esperan-al-remate-del-sabado\\\/#primaryimage\"},\"thumbnailUrl\":\"https:\\\/\\\/ruralrafaela.com.ar\\\/exporural2026\\\/wp-content\\\/uploads\\\/sites\\\/26\\\/2026\\\/08\\\/WhatsApp-Image-2026-08-28-at-18.22.02-1.jpeg\",\"datePublished\":\"2026-08-28T20:48:12+00:00\",\"dateModified\":\"2026-09-02T15:20:34+00:00\",\"breadcrumb\":{\"@id\":\"https:\\\/\\\/ruralrafaela.com.ar\\\/exporural2026\\\/2026\\\/08\\\/28\\\/los-cerdos-tuvieron-su-jura-y-esperan-al-remate-del-sabado\\\/#breadcrumb\"},\"inLanguage\":\"es\",\"potentialAction\":[{\"@type\":\"ReadAction\",\"target\":[\"https:\\\/\\\/ruralrafaela.com.ar\\\/exporural2026\\\/2026\\\/08\\\/28\\\/los-cerdos-tuvieron-su-jura-y-esperan-al-remate-del-sabado\\\/\"]}]},{\"@type\":\"ImageObject\",\"inLanguage\":\"es\",\"@id\":\"https:\\\/\\\/ruralrafaela.com.ar\\\/exporural2026\\\/2026\\\/08\\\/28\\\/los-cerdos-tuvieron-su-jura-y-esperan-al-remate-del-sabado\\\/#primaryimage\",\"url\":\"https:\\\/\\\/ruralrafaela.com.ar\\\/exporural2026\\\/wp-content\\\/uploads\\\/sites\\\/26\\\/2026\\\/08\\\/WhatsApp-Image-2026-08-28-at-18.22.02-1.jpeg\",\"contentUrl\":\"https:\\\/\\\/ruralrafaela.com.ar\\\/exporural2026\\\/wp-content\\\/uploads\\\/sites\\\/26\\\/2026\\\/08\\\/WhatsApp-Image-2026-08-28-at-18.22.02-1.jpeg\",\"width\":\"1600\",\"height\":\"1070\"},{\"@type\":\"BreadcrumbList\",\"@id\":\"https:\\\/\\\/ruralrafaela.com.ar\\\/exporural2026\\\/2026\\\/08\\\/28\\\/los-cerdos-tuvieron-su-jura-y-esperan-al-remate-del-sabado\\\/#breadcrumb\",\"itemListElement\":[{\"@type\":\"ListItem\",\"position\":1,\"name\":\"Portada\",\"item\":\"https:\\\/\\\/ruralrafaela.com.ar\\\/exporural2026\\\/\"},{\"@type\":\"ListItem\",\"position\":2,\"name\":\"Los cerdos tuvieron su jura y esperan al remate del s\u00e1bado\"}]},{\"@type\":\"WebSite\",\"@id\":\"https:\\\/\\\/ruralrafaela.com.ar\\\/exporural2026\\\/#website\",\"url\":\"https:\\\/\\\/ruralrafaela.com.ar\\\/exporural2026\\\/\",\"name\":\"119 Expo Rural Rafaela 2026\",\"description\":\"Sitio oficial de la Expo Rural Rafaela\",\"publisher\":{\"@id\":\"https:\\\/\\\/ruralrafaela.com.ar\\\/exporural2026\\\/#organization\"},\"potentialAction\":[{\"@type\":\"SearchAction\",\"target\":{\"@type\":\"EntryPoint\",\"urlTemplate\":\"https:\\\/\\\/ruralrafaela.com.ar\\\/exporural2026\\\/?s={search_term_string}\"},\"query-input\":{\"@type\":\"PropertyValueSpecification\",\"valueRequired\":true,\"valueName\":\"search_term_string\"}}],\"inLanguage\":\"es\"},{\"@type\":\"Organization\",\"@id\":\"https:\\\/\\\/ruralrafaela.com.ar\\\/exporural2026\\\/#organization\",\"name\":\"119 Expo Rural Rafaela 2026\",\"url\":\"https:\\\/\\\/ruralrafaela.com.ar\\\/exporural2026\\\/\",\"logo\":{\"@type\":\"ImageObject\",\"inLanguage\":\"es\",\"@id\":\"https:\\\/\\\/ruralrafaela.com.ar\\\/exporural2026\\\/#\\\/schema\\\/logo\\\/image\\\/\",\"url\":\"https:\\\/\\\/ruralrafaela.com.ar\\\/exporural2026\\\/wp-content\\\/uploads\\\/sites\\\/26\\\/2026\\\/08\\\/logoexpo2026.jpg\",\"contentUrl\":\"https:\\\/\\\/ruralrafaela.com.ar\\\/exporural2026\\\/wp-content\\\/uploads\\\/sites\\\/26\\\/2026\\\/08\\\/logoexpo2026.jpg\",\"width\":516,\"height\":308,\"caption\":\"119 Expo Rural Rafaela 2026\"},\"image\":{\"@id\":\"https:\\\/\\\/ruralrafaela.com.ar\\\/exporural2026\\\/#\\\/schema\\\/logo\\\/image\\\/\"}},{\"@type\":\"Person\",\"@id\":\"https:\\\/\\\/ruralrafaela.com.ar\\\/exporural2026\\\/#\\\/schema\\\/person\\\/fa167bfed3a2b8029213c0bac80612f7\",\"name\":\"voces\",\"image\":{\"@type\":\"ImageObject\",\"inLanguage\":\"es\",\"@id\":\"https:\\\/\\\/secure.gravatar.com\\\/avatar\\\/8be4c66bb16cf788ff6688b77c76240c16a5397e072068b8fd79350e9acb3d86?s=96&d=mm&r=g\",\"url\":\"https:\\\/\\\/secure.gravatar.com\\\/avatar\\\/8be4c66bb16cf788ff6688b77c76240c16a5397e072068b8fd79350e9acb3d86?s=96&d=mm&r=g\",\"contentUrl\":\"https:\\\/\\\/secure.gravatar.com\\\/avatar\\\/8be4c66bb16cf788ff6688b77c76240c16a5397e072068b8fd79350e9acb3d86?s=96&d=mm&r=g\",\"caption\":\"voces\"},\"url\":\"https:\\\/\\\/ruralrafaela.com.ar\\\/exporural2026\\\/author\\\/voces\\\/\"}]}<\/script>\n<!-- \/ Yoast SEO plugin. -->","yoast_head_json":{"title":"Los cerdos tuvieron su jura y esperan al remate del s\u00e1bado - 119 Expo Rural Rafaela 2026","robots":{"index":"index","follow":"follow","max-snippet":"max-snippet:-1","max-image-preview":"max-image-preview:large","max-video-preview":"max-video-preview:-1"},"canonical":"https:\/\/ruralrafaela.com.ar\/exporural2026\/2026\/08\/28\/los-cerdos-tuvieron-su-jura-y-esperan-al-remate-del-sabado\/","og_locale":"es_ES","og_type":"article","og_title":"Los cerdos tuvieron su jura y esperan al remate del s\u00e1bado - 119 Expo Rural Rafaela 2026","og_description":"En su tradicional espacio del norte del predio, en esta 119\u00b0 edici\u00f3n de la ExpoRural de Rafaela y la Regi\u00f3n, el ganado porcino cumpli\u00f3 con su jura, a cargo del criterio de Alberto Brasca.RAZA:El premio principal fue para el corral 2, Campe\u00f3n Yorkshire de la Caba\u00f1a San Antonio, de Artemio Dezotti e hijos, de Arteaga, [&hellip;]","og_url":"https:\/\/ruralrafaela.com.ar\/exporural2026\/2026\/08\/28\/los-cerdos-tuvieron-su-jura-y-esperan-al-remate-del-sabado\/","og_site_name":"119 Expo Rural Rafaela 2026","article_published_time":"2026-08-28T20:48:12+00:00","article_modified_time":"2026-09-02T15:20:34+00:00","og_image":[{"width":1600,"height":1070,"url":"https:\/\/ruralrafaela.com.ar\/exporural2026\/wp-content\/uploads\/sites\/26\/2026\/08\/WhatsApp-Image-2026-08-28-at-18.22.02-1.jpeg","type":"image\/jpeg"}],"author":"voces","twitter_card":"summary_large_image","twitter_misc":{"Escrito por":"voces","Tiempo de lectura":"1 minuto"},"schema":{"@context":"https:\/\/schema.org","@graph":[{"@type":"Article","@id":"https:\/\/ruralrafaela.com.ar\/exporural2026\/2026\/08\/28\/los-cerdos-tuvieron-su-jura-y-esperan-al-remate-del-sabado\/#article","isPartOf":{"@id":"https:\/\/ruralrafaela.com.ar\/exporural2026\/2026\/08\/28\/los-cerdos-tuvieron-su-jura-y-esperan-al-remate-del-sabado\/"},"author":{"name":"voces","@id":"https:\/\/ruralrafaela.com.ar\/exporural2026\/#\/schema\/person\/fa167bfed3a2b8029213c0bac80612f7"},"headline":"Los cerdos tuvieron su jura y esperan al remate del s\u00e1bado","datePublished":"2026-08-28T20:48:12+00:00","dateModified":"2026-09-02T15:20:34+00:00","mainEntityOfPage":{"@id":"https:\/\/ruralrafaela.com.ar\/exporural2026\/2026\/08\/28\/los-cerdos-tuvieron-su-jura-y-esperan-al-remate-del-sabado\/"},"wordCount":155,"publisher":{"@id":"https:\/\/ruralrafaela.com.ar\/exporural2026\/#organization"},"image":{"@id":"https:\/\/ruralrafaela.com.ar\/exporural2026\/2026\/08\/28\/los-cerdos-tuvieron-su-jura-y-esperan-al-remate-del-sabado\/#primaryimage"},"thumbnailUrl":"https:\/\/ruralrafaela.com.ar\/exporural2026\/wp-content\/uploads\/sites\/26\/2026\/08\/WhatsApp-Image-2026-08-28-at-18.22.02-1.jpeg","articleSection":["Informaci\u00f3n Institucional"],"inLanguage":"es"},{"@type":"WebPage","@id":"https:\/\/ruralrafaela.com.ar\/exporural2026\/2026\/08\/28\/los-cerdos-tuvieron-su-jura-y-esperan-al-remate-del-sabado\/","url":"https:\/\/ruralrafaela.com.ar\/exporural2026\/2026\/08\/28\/los-cerdos-tuvieron-su-jura-y-esperan-al-remate-del-sabado\/","name":"Los cerdos tuvieron su jura y esperan al remate del s\u00e1bado - 119 Expo Rural Rafaela 2026","isPartOf":{"@id":"https:\/\/ruralrafaela.com.ar\/exporural2026\/#website"},"primaryImageOfPage":{"@id":"https:\/\/ruralrafaela.com.ar\/exporural2026\/2026\/08\/28\/los-cerdos-tuvieron-su-jura-y-esperan-al-remate-del-sabado\/#primaryimage"},"image":{"@id":"https:\/\/ruralrafaela.com.ar\/exporural2026\/2026\/08\/28\/los-cerdos-tuvieron-su-jura-y-esperan-al-remate-del-sabado\/#primaryimage"},"thumbnailUrl":"https:\/\/ruralrafaela.com.ar\/exporural2026\/wp-content\/uploads\/sites\/26\/2026\/08\/WhatsApp-Image-2026-08-28-at-18.22.02-1.jpeg","datePublished":"2026-08-28T20:48:12+00:00","dateModified":"2026-09-02T15:20:34+00:00","breadcrumb":{"@id":"https:\/\/ruralrafaela.com.ar\/exporural2026\/2026\/08\/28\/los-cerdos-tuvieron-su-jura-y-esperan-al-remate-del-sabado\/#breadcrumb"},"inLanguage":"es","potentialAction":[{"@type":"ReadAction","target":["https:\/\/ruralrafaela.com.ar\/exporural2026\/2026\/08\/28\/los-cerdos-tuvieron-su-jura-y-esperan-al-remate-del-sabado\/"]}]},{"@type":"ImageObject","inLanguage":"es","@id":"https:\/\/ruralrafaela.com.ar\/exporural2026\/2026\/08\/28\/los-cerdos-tuvieron-su-jura-y-esperan-al-remate-del-sabado\/#primaryimage","url":"https:\/\/ruralrafaela.com.ar\/exporural2026\/wp-content\/uploads\/sites\/26\/2026\/08\/WhatsApp-Image-2026-08-28-at-18.22.02-1.jpeg","contentUrl":"https:\/\/ruralrafaela.com.ar\/exporural2026\/wp-content\/uploads\/sites\/26\/2026\/08\/WhatsApp-Image-2026-08-28-at-18.22.02-1.jpeg","width":"1600","height":"1070"},{"@type":"BreadcrumbList","@id":"https:\/\/ruralrafaela.com.ar\/exporural2026\/2026\/08\/28\/los-cerdos-tuvieron-su-jura-y-esperan-al-remate-del-sabado\/#breadcrumb","itemListElement":[{"@type":"ListItem","position":1,"name":"Portada","item":"https:\/\/ruralrafaela.com.ar\/exporural2026\/"},{"@type":"ListItem","position":2,"name":"Los cerdos tuvieron su jura y esperan al remate del s\u00e1bado"}]},{"@type":"WebSite","@id":"https:\/\/ruralrafaela.com.ar\/exporural2026\/#website","url":"https:\/\/ruralrafaela.com.ar\/exporural2026\/","name":"119 Expo Rural Rafaela 2026","description":"Sitio oficial de la Expo Rural Rafaela","publisher":{"@id":"https:\/\/ruralrafaela.com.ar\/exporural2026\/#organization"},"potentialAction":[{"@type":"SearchAction","target":{"@type":"EntryPoint","urlTemplate":"https:\/\/ruralrafaela.com.ar\/exporural2026\/?s={search_term_string}"},"query-input":{"@type":"PropertyValueSpecification","valueRequired":true,"valueName":"search_term_string"}}],"inLanguage":"es"},{"@type":"Organization","@id":"https:\/\/ruralrafaela.com.ar\/exporural2026\/#organization","name":"119 Expo Rural Rafaela 2026","url":"https:\/\/ruralrafaela.com.ar\/exporural2026\/","logo":{"@type":"ImageObject","inLanguage":"es","@id":"https:\/\/ruralrafaela.com.ar\/exporural2026\/#\/schema\/logo\/image\/","url":"https:\/\/ruralrafaela.com.ar\/exporural2026\/wp-content\/uploads\/sites\/26\/2026\/08\/logoexpo2026.jpg","contentUrl":"https:\/\/ruralrafaela.com.ar\/exporural2026\/wp-content\/uploads\/sites\/26\/2026\/08\/logoexpo2026.jpg","width":516,"height":308,"caption":"119 Expo Rural Rafaela 2026"},"image":{"@id":"https:\/\/ruralrafaela.com.ar\/exporural2026\/#\/schema\/logo\/image\/"}},{"@type":"Person","@id":"https:\/\/ruralrafaela.com.ar\/exporural2026\/#\/schema\/person\/fa167bfed3a2b8029213c0bac80612f7","name":"voces","image":{"@type":"ImageObject","inLanguage":"es","@id":"https:\/\/secure.gravatar.com\/avatar\/8be4c66bb16cf788ff6688b77c76240c16a5397e072068b8fd79350e9acb3d86?s=96&d=mm&r=g","url":"https:\/\/secure.gravatar.com\/avatar\/8be4c66bb16cf788ff6688b77c76240c16a5397e072068b8fd79350e9acb3d86?s=96&d=mm&r=g","contentUrl":"https:\/\/secure.gravatar.com\/avatar\/8be4c66bb16cf788ff6688b77c76240c16a5397e072068b8fd79350e9acb3d86?s=96&d=mm&r=g","caption":"voces"},"url":"https:\/\/ruralrafaela.com.ar\/exporural2026\/author\/voces\/"}]}},"_links":{"self":[{"href":"https:\/\/ruralrafaela.com.ar\/exporural2026\/wp-json\/wp\/v2\/posts\/7589","targetHints":{"allow":["GET"]}}],"collection":[{"href":"https:\/\/ruralrafaela.com.ar\/exporural2026\/wp-json\/wp\/v2\/posts"}],"about":[{"href":"https:\/\/ruralrafaela.com.ar\/exporural2026\/wp-json\/wp\/v2\/types\/post"}],"author":[{"embeddable":true,"href":"https:\/\/ruralrafaela.com.ar\/exporural2026\/wp-json\/wp\/v2\/users\/17"}],"replies":[{"embeddable":true,"href":"https:\/\/ruralrafaela.com.ar\/exporural2026\/wp-json\/wp\/v2\/comments?post=7589"}],"version-history":[{"count":1,"href":"https:\/\/ruralrafaela.com.ar\/exporural2026\/wp-json\/wp\/v2\/posts\/7589\/revisions"}],"predecessor-version":[{"id":7620,"href":"https:\/\/ruralrafaela.com.ar\/exporural2026\/wp-json\/wp\/v2\/posts\/7589\/revisions\/7620"}],"wp:featuredmedia":[{"embeddable":true,"href":"https:\/\/ruralrafaela.com.ar\/exporural2026\/wp-json\/wp\/v2\/media\/7590"}],"wp:attachment":[{"href":"https:\/\/ruralrafaela.com.ar\/exporural2026\/wp-json\/wp\/v2\/media?parent=7589"}],"wp:term":[{"taxonomy":"category","embeddable":true,"href":"https:\/\/ruralrafaela.com.ar\/exporural2026\/wp-json\/wp\/v2\/categories?post=7589"},{"taxonomy":"post_tag","embeddable":true,"href":"https:\/\/ruralrafaela.com.ar\/exporural2026\/wp-json\/wp\/v2\/tags?post=7589"}],"curies":[{"name":"wp","href":"https:\/\/api.w.org\/{rel}","templated":true}]}}