{"id":7290,"date":"2025-09-21T22:08:43","date_gmt":"2025-09-21T22:08:43","guid":{"rendered":"https:\/\/ruralrafaela.com.ar\/exporural2025\/?p=7290"},"modified":"2025-09-21T22:08:45","modified_gmt":"2025-09-21T22:08:45","slug":"el-campo-tiene-la-fuerza-y-la-capacidad-de-poner-al-pais-de-pie-pero-necesita-libertad-seguridad-y-un-marco-justo-para-producir","status":"publish","type":"post","link":"https:\/\/ruralrafaela.com.ar\/exporural2025\/2025\/09\/21\/el-campo-tiene-la-fuerza-y-la-capacidad-de-poner-al-pais-de-pie-pero-necesita-libertad-seguridad-y-un-marco-justo-para-producir\/","title":{"rendered":"\u201cEl campo tiene la fuerza y la capacidad de poner al pa\u00eds de pie, pero necesita libertad, seguridad y un marco justo para producir\u201d"},"content":{"rendered":"\n<figure class=\"wp-block-gallery has-nested-images columns-default is-cropped wp-block-gallery-1 is-layout-flex wp-block-gallery-is-layout-flex\">\n<figure class=\"wp-block-image size-large\"><img fetchpriority=\"high\" decoding=\"async\" width=\"1024\" height=\"685\" data-id=\"7293\" src=\"https:\/\/ruralrafaela.com.ar\/exporural2025\/wp-content\/uploads\/sites\/24\/2025\/09\/Imagen-de-WhatsApp-2025-09-21-a-las-16.20.08_13847d9f-1-1024x685.jpg\" alt=\"\" class=\"wp-image-7293\" srcset=\"https:\/\/ruralrafaela.com.ar\/exporural2025\/wp-content\/uploads\/sites\/24\/2025\/09\/Imagen-de-WhatsApp-2025-09-21-a-las-16.20.08_13847d9f-1-1024x685.jpg 1024w, https:\/\/ruralrafaela.com.ar\/exporural2025\/wp-content\/uploads\/sites\/24\/2025\/09\/Imagen-de-WhatsApp-2025-09-21-a-las-16.20.08_13847d9f-1-300x201.jpg 300w, https:\/\/ruralrafaela.com.ar\/exporural2025\/wp-content\/uploads\/sites\/24\/2025\/09\/Imagen-de-WhatsApp-2025-09-21-a-las-16.20.08_13847d9f-1-768x514.jpg 768w, https:\/\/ruralrafaela.com.ar\/exporural2025\/wp-content\/uploads\/sites\/24\/2025\/09\/Imagen-de-WhatsApp-2025-09-21-a-las-16.20.08_13847d9f-1-1536x1027.jpg 1536w, https:\/\/ruralrafaela.com.ar\/exporural2025\/wp-content\/uploads\/sites\/24\/2025\/09\/Imagen-de-WhatsApp-2025-09-21-a-las-16.20.08_13847d9f-1.jpg 1600w\" sizes=\"(max-width: 1024px) 100vw, 1024px\" \/><\/figure>\n\n\n\n<figure class=\"wp-block-image size-large\"><img decoding=\"async\" width=\"1024\" height=\"685\" data-id=\"7295\" src=\"https:\/\/ruralrafaela.com.ar\/exporural2025\/wp-content\/uploads\/sites\/24\/2025\/09\/Imagen-de-WhatsApp-2025-09-21-a-las-16.20.09_bebb4a8a-1-1024x685.jpg\" alt=\"\" class=\"wp-image-7295\" srcset=\"https:\/\/ruralrafaela.com.ar\/exporural2025\/wp-content\/uploads\/sites\/24\/2025\/09\/Imagen-de-WhatsApp-2025-09-21-a-las-16.20.09_bebb4a8a-1-1024x685.jpg 1024w, https:\/\/ruralrafaela.com.ar\/exporural2025\/wp-content\/uploads\/sites\/24\/2025\/09\/Imagen-de-WhatsApp-2025-09-21-a-las-16.20.09_bebb4a8a-1-300x201.jpg 300w, https:\/\/ruralrafaela.com.ar\/exporural2025\/wp-content\/uploads\/sites\/24\/2025\/09\/Imagen-de-WhatsApp-2025-09-21-a-las-16.20.09_bebb4a8a-1-768x514.jpg 768w, https:\/\/ruralrafaela.com.ar\/exporural2025\/wp-content\/uploads\/sites\/24\/2025\/09\/Imagen-de-WhatsApp-2025-09-21-a-las-16.20.09_bebb4a8a-1-1536x1027.jpg 1536w, https:\/\/ruralrafaela.com.ar\/exporural2025\/wp-content\/uploads\/sites\/24\/2025\/09\/Imagen-de-WhatsApp-2025-09-21-a-las-16.20.09_bebb4a8a-1.jpg 1600w\" sizes=\"(max-width: 1024px) 100vw, 1024px\" \/><\/figure>\n\n\n\n<figure class=\"wp-block-image size-large\"><img decoding=\"async\" width=\"1024\" height=\"685\" data-id=\"7292\" src=\"https:\/\/ruralrafaela.com.ar\/exporural2025\/wp-content\/uploads\/sites\/24\/2025\/09\/Imagen-de-WhatsApp-2025-09-21-a-las-16.20.11_999b3702-1-1-1024x685.jpg\" alt=\"\" class=\"wp-image-7292\" srcset=\"https:\/\/ruralrafaela.com.ar\/exporural2025\/wp-content\/uploads\/sites\/24\/2025\/09\/Imagen-de-WhatsApp-2025-09-21-a-las-16.20.11_999b3702-1-1-1024x685.jpg 1024w, https:\/\/ruralrafaela.com.ar\/exporural2025\/wp-content\/uploads\/sites\/24\/2025\/09\/Imagen-de-WhatsApp-2025-09-21-a-las-16.20.11_999b3702-1-1-300x201.jpg 300w, https:\/\/ruralrafaela.com.ar\/exporural2025\/wp-content\/uploads\/sites\/24\/2025\/09\/Imagen-de-WhatsApp-2025-09-21-a-las-16.20.11_999b3702-1-1-768x514.jpg 768w, https:\/\/ruralrafaela.com.ar\/exporural2025\/wp-content\/uploads\/sites\/24\/2025\/09\/Imagen-de-WhatsApp-2025-09-21-a-las-16.20.11_999b3702-1-1-1536x1027.jpg 1536w, https:\/\/ruralrafaela.com.ar\/exporural2025\/wp-content\/uploads\/sites\/24\/2025\/09\/Imagen-de-WhatsApp-2025-09-21-a-las-16.20.11_999b3702-1-1.jpg 1600w\" sizes=\"(max-width: 1024px) 100vw, 1024px\" \/><\/figure>\n\n\n\n<figure class=\"wp-block-image size-large\"><img loading=\"lazy\" decoding=\"async\" width=\"1024\" height=\"685\" data-id=\"7296\" src=\"https:\/\/ruralrafaela.com.ar\/exporural2025\/wp-content\/uploads\/sites\/24\/2025\/09\/Imagen-de-WhatsApp-2025-09-21-a-las-16.20.11_999b3702-1-1024x685.jpg\" alt=\"\" class=\"wp-image-7296\" srcset=\"https:\/\/ruralrafaela.com.ar\/exporural2025\/wp-content\/uploads\/sites\/24\/2025\/09\/Imagen-de-WhatsApp-2025-09-21-a-las-16.20.11_999b3702-1-1024x685.jpg 1024w, https:\/\/ruralrafaela.com.ar\/exporural2025\/wp-content\/uploads\/sites\/24\/2025\/09\/Imagen-de-WhatsApp-2025-09-21-a-las-16.20.11_999b3702-1-300x201.jpg 300w, https:\/\/ruralrafaela.com.ar\/exporural2025\/wp-content\/uploads\/sites\/24\/2025\/09\/Imagen-de-WhatsApp-2025-09-21-a-las-16.20.11_999b3702-1-768x514.jpg 768w, https:\/\/ruralrafaela.com.ar\/exporural2025\/wp-content\/uploads\/sites\/24\/2025\/09\/Imagen-de-WhatsApp-2025-09-21-a-las-16.20.11_999b3702-1-1536x1027.jpg 1536w, https:\/\/ruralrafaela.com.ar\/exporural2025\/wp-content\/uploads\/sites\/24\/2025\/09\/Imagen-de-WhatsApp-2025-09-21-a-las-16.20.11_999b3702-1.jpg 1600w\" sizes=\"(max-width: 1024px) 100vw, 1024px\" \/><\/figure>\n\n\n\n<figure class=\"wp-block-image size-large\"><img loading=\"lazy\" decoding=\"async\" width=\"1024\" height=\"685\" data-id=\"7291\" src=\"https:\/\/ruralrafaela.com.ar\/exporural2025\/wp-content\/uploads\/sites\/24\/2025\/09\/Imagen-de-WhatsApp-2025-09-21-a-las-16.20.13_69a872eb-1-1024x685.jpg\" alt=\"\" class=\"wp-image-7291\" srcset=\"https:\/\/ruralrafaela.com.ar\/exporural2025\/wp-content\/uploads\/sites\/24\/2025\/09\/Imagen-de-WhatsApp-2025-09-21-a-las-16.20.13_69a872eb-1-1024x685.jpg 1024w, https:\/\/ruralrafaela.com.ar\/exporural2025\/wp-content\/uploads\/sites\/24\/2025\/09\/Imagen-de-WhatsApp-2025-09-21-a-las-16.20.13_69a872eb-1-300x201.jpg 300w, https:\/\/ruralrafaela.com.ar\/exporural2025\/wp-content\/uploads\/sites\/24\/2025\/09\/Imagen-de-WhatsApp-2025-09-21-a-las-16.20.13_69a872eb-1-768x514.jpg 768w, https:\/\/ruralrafaela.com.ar\/exporural2025\/wp-content\/uploads\/sites\/24\/2025\/09\/Imagen-de-WhatsApp-2025-09-21-a-las-16.20.13_69a872eb-1-1536x1027.jpg 1536w, https:\/\/ruralrafaela.com.ar\/exporural2025\/wp-content\/uploads\/sites\/24\/2025\/09\/Imagen-de-WhatsApp-2025-09-21-a-las-16.20.13_69a872eb-1.jpg 1600w\" sizes=\"(max-width: 1024px) 100vw, 1024px\" \/><\/figure>\n\n\n\n<figure class=\"wp-block-image size-large\"><img loading=\"lazy\" decoding=\"async\" width=\"1024\" height=\"685\" data-id=\"7300\" src=\"https:\/\/ruralrafaela.com.ar\/exporural2025\/wp-content\/uploads\/sites\/24\/2025\/09\/Imagen-de-WhatsApp-2025-09-21-a-las-16.46.49_f164e52c-1-1024x685.jpg\" alt=\"\" class=\"wp-image-7300\" srcset=\"https:\/\/ruralrafaela.com.ar\/exporural2025\/wp-content\/uploads\/sites\/24\/2025\/09\/Imagen-de-WhatsApp-2025-09-21-a-las-16.46.49_f164e52c-1-1024x685.jpg 1024w, https:\/\/ruralrafaela.com.ar\/exporural2025\/wp-content\/uploads\/sites\/24\/2025\/09\/Imagen-de-WhatsApp-2025-09-21-a-las-16.46.49_f164e52c-1-300x201.jpg 300w, https:\/\/ruralrafaela.com.ar\/exporural2025\/wp-content\/uploads\/sites\/24\/2025\/09\/Imagen-de-WhatsApp-2025-09-21-a-las-16.46.49_f164e52c-1-768x514.jpg 768w, https:\/\/ruralrafaela.com.ar\/exporural2025\/wp-content\/uploads\/sites\/24\/2025\/09\/Imagen-de-WhatsApp-2025-09-21-a-las-16.46.49_f164e52c-1-1536x1027.jpg 1536w, https:\/\/ruralrafaela.com.ar\/exporural2025\/wp-content\/uploads\/sites\/24\/2025\/09\/Imagen-de-WhatsApp-2025-09-21-a-las-16.46.49_f164e52c-1.jpg 1600w\" sizes=\"(max-width: 1024px) 100vw, 1024px\" \/><\/figure>\n\n\n\n<figure class=\"wp-block-image size-large\"><img loading=\"lazy\" decoding=\"async\" width=\"1024\" height=\"685\" data-id=\"7294\" src=\"https:\/\/ruralrafaela.com.ar\/exporural2025\/wp-content\/uploads\/sites\/24\/2025\/09\/Imagen-de-WhatsApp-2025-09-21-a-las-16.46.50_cdd0cd6d-1-1024x685.jpg\" alt=\"\" class=\"wp-image-7294\" srcset=\"https:\/\/ruralrafaela.com.ar\/exporural2025\/wp-content\/uploads\/sites\/24\/2025\/09\/Imagen-de-WhatsApp-2025-09-21-a-las-16.46.50_cdd0cd6d-1-1024x685.jpg 1024w, https:\/\/ruralrafaela.com.ar\/exporural2025\/wp-content\/uploads\/sites\/24\/2025\/09\/Imagen-de-WhatsApp-2025-09-21-a-las-16.46.50_cdd0cd6d-1-300x201.jpg 300w, https:\/\/ruralrafaela.com.ar\/exporural2025\/wp-content\/uploads\/sites\/24\/2025\/09\/Imagen-de-WhatsApp-2025-09-21-a-las-16.46.50_cdd0cd6d-1-768x514.jpg 768w, https:\/\/ruralrafaela.com.ar\/exporural2025\/wp-content\/uploads\/sites\/24\/2025\/09\/Imagen-de-WhatsApp-2025-09-21-a-las-16.46.50_cdd0cd6d-1-1536x1027.jpg 1536w, https:\/\/ruralrafaela.com.ar\/exporural2025\/wp-content\/uploads\/sites\/24\/2025\/09\/Imagen-de-WhatsApp-2025-09-21-a-las-16.46.50_cdd0cd6d-1.jpg 1600w\" sizes=\"(max-width: 1024px) 100vw, 1024px\" \/><\/figure>\n\n\n\n<figure class=\"wp-block-image size-large\"><img loading=\"lazy\" decoding=\"async\" width=\"1024\" height=\"685\" data-id=\"7306\" src=\"https:\/\/ruralrafaela.com.ar\/exporural2025\/wp-content\/uploads\/sites\/24\/2025\/09\/Imagen-de-WhatsApp-2025-09-21-a-las-16.46.54_fb6fd16e-1-1024x685.jpg\" alt=\"\" class=\"wp-image-7306\" srcset=\"https:\/\/ruralrafaela.com.ar\/exporural2025\/wp-content\/uploads\/sites\/24\/2025\/09\/Imagen-de-WhatsApp-2025-09-21-a-las-16.46.54_fb6fd16e-1-1024x685.jpg 1024w, https:\/\/ruralrafaela.com.ar\/exporural2025\/wp-content\/uploads\/sites\/24\/2025\/09\/Imagen-de-WhatsApp-2025-09-21-a-las-16.46.54_fb6fd16e-1-300x201.jpg 300w, https:\/\/ruralrafaela.com.ar\/exporural2025\/wp-content\/uploads\/sites\/24\/2025\/09\/Imagen-de-WhatsApp-2025-09-21-a-las-16.46.54_fb6fd16e-1-768x514.jpg 768w, https:\/\/ruralrafaela.com.ar\/exporural2025\/wp-content\/uploads\/sites\/24\/2025\/09\/Imagen-de-WhatsApp-2025-09-21-a-las-16.46.54_fb6fd16e-1-1536x1027.jpg 1536w, https:\/\/ruralrafaela.com.ar\/exporural2025\/wp-content\/uploads\/sites\/24\/2025\/09\/Imagen-de-WhatsApp-2025-09-21-a-las-16.46.54_fb6fd16e-1.jpg 1600w\" sizes=\"(max-width: 1024px) 100vw, 1024px\" \/><\/figure>\n\n\n\n<figure class=\"wp-block-image size-large\"><img loading=\"lazy\" decoding=\"async\" width=\"1024\" height=\"685\" data-id=\"7304\" src=\"https:\/\/ruralrafaela.com.ar\/exporural2025\/wp-content\/uploads\/sites\/24\/2025\/09\/Imagen-de-WhatsApp-2025-09-21-a-las-16.46.55_e9461e4d-1-1024x685.jpg\" alt=\"\" class=\"wp-image-7304\" srcset=\"https:\/\/ruralrafaela.com.ar\/exporural2025\/wp-content\/uploads\/sites\/24\/2025\/09\/Imagen-de-WhatsApp-2025-09-21-a-las-16.46.55_e9461e4d-1-1024x685.jpg 1024w, https:\/\/ruralrafaela.com.ar\/exporural2025\/wp-content\/uploads\/sites\/24\/2025\/09\/Imagen-de-WhatsApp-2025-09-21-a-las-16.46.55_e9461e4d-1-300x201.jpg 300w, https:\/\/ruralrafaela.com.ar\/exporural2025\/wp-content\/uploads\/sites\/24\/2025\/09\/Imagen-de-WhatsApp-2025-09-21-a-las-16.46.55_e9461e4d-1-768x514.jpg 768w, https:\/\/ruralrafaela.com.ar\/exporural2025\/wp-content\/uploads\/sites\/24\/2025\/09\/Imagen-de-WhatsApp-2025-09-21-a-las-16.46.55_e9461e4d-1-1536x1027.jpg 1536w, https:\/\/ruralrafaela.com.ar\/exporural2025\/wp-content\/uploads\/sites\/24\/2025\/09\/Imagen-de-WhatsApp-2025-09-21-a-las-16.46.55_e9461e4d-1.jpg 1600w\" sizes=\"(max-width: 1024px) 100vw, 1024px\" \/><\/figure>\n\n\n\n<figure class=\"wp-block-image size-large\"><img loading=\"lazy\" decoding=\"async\" width=\"1024\" height=\"685\" data-id=\"7299\" src=\"https:\/\/ruralrafaela.com.ar\/exporural2025\/wp-content\/uploads\/sites\/24\/2025\/09\/Imagen-de-WhatsApp-2025-09-21-a-las-16.54.10_2b660f2b-1024x685.jpg\" alt=\"\" class=\"wp-image-7299\" srcset=\"https:\/\/ruralrafaela.com.ar\/exporural2025\/wp-content\/uploads\/sites\/24\/2025\/09\/Imagen-de-WhatsApp-2025-09-21-a-las-16.54.10_2b660f2b-1024x685.jpg 1024w, https:\/\/ruralrafaela.com.ar\/exporural2025\/wp-content\/uploads\/sites\/24\/2025\/09\/Imagen-de-WhatsApp-2025-09-21-a-las-16.54.10_2b660f2b-300x201.jpg 300w, https:\/\/ruralrafaela.com.ar\/exporural2025\/wp-content\/uploads\/sites\/24\/2025\/09\/Imagen-de-WhatsApp-2025-09-21-a-las-16.54.10_2b660f2b-768x514.jpg 768w, https:\/\/ruralrafaela.com.ar\/exporural2025\/wp-content\/uploads\/sites\/24\/2025\/09\/Imagen-de-WhatsApp-2025-09-21-a-las-16.54.10_2b660f2b.jpg 1280w\" sizes=\"(max-width: 1024px) 100vw, 1024px\" \/><\/figure>\n\n\n\n<figure class=\"wp-block-image size-large\"><img loading=\"lazy\" decoding=\"async\" width=\"1024\" height=\"684\" data-id=\"7298\" src=\"https:\/\/ruralrafaela.com.ar\/exporural2025\/wp-content\/uploads\/sites\/24\/2025\/09\/Imagen-de-WhatsApp-2025-09-21-a-las-18.30.04_e05ac8df-1024x684.jpg\" alt=\"\" class=\"wp-image-7298\" srcset=\"https:\/\/ruralrafaela.com.ar\/exporural2025\/wp-content\/uploads\/sites\/24\/2025\/09\/Imagen-de-WhatsApp-2025-09-21-a-las-18.30.04_e05ac8df-1024x684.jpg 1024w, https:\/\/ruralrafaela.com.ar\/exporural2025\/wp-content\/uploads\/sites\/24\/2025\/09\/Imagen-de-WhatsApp-2025-09-21-a-las-18.30.04_e05ac8df-300x200.jpg 300w, https:\/\/ruralrafaela.com.ar\/exporural2025\/wp-content\/uploads\/sites\/24\/2025\/09\/Imagen-de-WhatsApp-2025-09-21-a-las-18.30.04_e05ac8df-768x513.jpg 768w, https:\/\/ruralrafaela.com.ar\/exporural2025\/wp-content\/uploads\/sites\/24\/2025\/09\/Imagen-de-WhatsApp-2025-09-21-a-las-18.30.04_e05ac8df.jpg 1280w\" sizes=\"(max-width: 1024px) 100vw, 1024px\" \/><\/figure>\n\n\n\n<figure class=\"wp-block-image size-large\"><img loading=\"lazy\" decoding=\"async\" width=\"1024\" height=\"684\" data-id=\"7297\" src=\"https:\/\/ruralrafaela.com.ar\/exporural2025\/wp-content\/uploads\/sites\/24\/2025\/09\/Imagen-de-WhatsApp-2025-09-21-a-las-18.30.07_1c108dc0-1024x684.jpg\" alt=\"\" class=\"wp-image-7297\" srcset=\"https:\/\/ruralrafaela.com.ar\/exporural2025\/wp-content\/uploads\/sites\/24\/2025\/09\/Imagen-de-WhatsApp-2025-09-21-a-las-18.30.07_1c108dc0-1024x684.jpg 1024w, https:\/\/ruralrafaela.com.ar\/exporural2025\/wp-content\/uploads\/sites\/24\/2025\/09\/Imagen-de-WhatsApp-2025-09-21-a-las-18.30.07_1c108dc0-300x200.jpg 300w, https:\/\/ruralrafaela.com.ar\/exporural2025\/wp-content\/uploads\/sites\/24\/2025\/09\/Imagen-de-WhatsApp-2025-09-21-a-las-18.30.07_1c108dc0-768x513.jpg 768w, https:\/\/ruralrafaela.com.ar\/exporural2025\/wp-content\/uploads\/sites\/24\/2025\/09\/Imagen-de-WhatsApp-2025-09-21-a-las-18.30.07_1c108dc0.jpg 1280w\" sizes=\"(max-width: 1024px) 100vw, 1024px\" \/><\/figure>\n\n\n\n<figure class=\"wp-block-image size-large\"><img loading=\"lazy\" decoding=\"async\" width=\"1024\" height=\"684\" data-id=\"7305\" src=\"https:\/\/ruralrafaela.com.ar\/exporural2025\/wp-content\/uploads\/sites\/24\/2025\/09\/Imagen-de-WhatsApp-2025-09-21-a-las-18.30.10_9aaf47df-1024x684.jpg\" alt=\"\" class=\"wp-image-7305\" srcset=\"https:\/\/ruralrafaela.com.ar\/exporural2025\/wp-content\/uploads\/sites\/24\/2025\/09\/Imagen-de-WhatsApp-2025-09-21-a-las-18.30.10_9aaf47df-1024x684.jpg 1024w, https:\/\/ruralrafaela.com.ar\/exporural2025\/wp-content\/uploads\/sites\/24\/2025\/09\/Imagen-de-WhatsApp-2025-09-21-a-las-18.30.10_9aaf47df-300x200.jpg 300w, https:\/\/ruralrafaela.com.ar\/exporural2025\/wp-content\/uploads\/sites\/24\/2025\/09\/Imagen-de-WhatsApp-2025-09-21-a-las-18.30.10_9aaf47df-768x513.jpg 768w, https:\/\/ruralrafaela.com.ar\/exporural2025\/wp-content\/uploads\/sites\/24\/2025\/09\/Imagen-de-WhatsApp-2025-09-21-a-las-18.30.10_9aaf47df.jpg 1280w\" sizes=\"(max-width: 1024px) 100vw, 1024px\" \/><\/figure>\n\n\n\n<figure class=\"wp-block-image size-large\"><img loading=\"lazy\" decoding=\"async\" width=\"1024\" height=\"684\" data-id=\"7302\" src=\"https:\/\/ruralrafaela.com.ar\/exporural2025\/wp-content\/uploads\/sites\/24\/2025\/09\/Imagen-de-WhatsApp-2025-09-21-a-las-18.30.13_9711a6da-1024x684.jpg\" alt=\"\" class=\"wp-image-7302\" srcset=\"https:\/\/ruralrafaela.com.ar\/exporural2025\/wp-content\/uploads\/sites\/24\/2025\/09\/Imagen-de-WhatsApp-2025-09-21-a-las-18.30.13_9711a6da-1024x684.jpg 1024w, https:\/\/ruralrafaela.com.ar\/exporural2025\/wp-content\/uploads\/sites\/24\/2025\/09\/Imagen-de-WhatsApp-2025-09-21-a-las-18.30.13_9711a6da-300x200.jpg 300w, https:\/\/ruralrafaela.com.ar\/exporural2025\/wp-content\/uploads\/sites\/24\/2025\/09\/Imagen-de-WhatsApp-2025-09-21-a-las-18.30.13_9711a6da-768x513.jpg 768w, https:\/\/ruralrafaela.com.ar\/exporural2025\/wp-content\/uploads\/sites\/24\/2025\/09\/Imagen-de-WhatsApp-2025-09-21-a-las-18.30.13_9711a6da.jpg 1280w\" sizes=\"(max-width: 1024px) 100vw, 1024px\" \/><\/figure>\n\n\n\n<figure class=\"wp-block-image size-large\"><img loading=\"lazy\" decoding=\"async\" width=\"1024\" height=\"684\" data-id=\"7301\" src=\"https:\/\/ruralrafaela.com.ar\/exporural2025\/wp-content\/uploads\/sites\/24\/2025\/09\/Imagen-de-WhatsApp-2025-09-21-a-las-18.30.15_47cee831-1024x684.jpg\" alt=\"\" class=\"wp-image-7301\" srcset=\"https:\/\/ruralrafaela.com.ar\/exporural2025\/wp-content\/uploads\/sites\/24\/2025\/09\/Imagen-de-WhatsApp-2025-09-21-a-las-18.30.15_47cee831-1024x684.jpg 1024w, https:\/\/ruralrafaela.com.ar\/exporural2025\/wp-content\/uploads\/sites\/24\/2025\/09\/Imagen-de-WhatsApp-2025-09-21-a-las-18.30.15_47cee831-300x200.jpg 300w, https:\/\/ruralrafaela.com.ar\/exporural2025\/wp-content\/uploads\/sites\/24\/2025\/09\/Imagen-de-WhatsApp-2025-09-21-a-las-18.30.15_47cee831-768x513.jpg 768w, https:\/\/ruralrafaela.com.ar\/exporural2025\/wp-content\/uploads\/sites\/24\/2025\/09\/Imagen-de-WhatsApp-2025-09-21-a-las-18.30.15_47cee831.jpg 1280w\" sizes=\"(max-width: 1024px) 100vw, 1024px\" \/><\/figure>\n\n\n\n<figure class=\"wp-block-image size-large\"><img loading=\"lazy\" decoding=\"async\" width=\"1024\" height=\"684\" data-id=\"7303\" src=\"https:\/\/ruralrafaela.com.ar\/exporural2025\/wp-content\/uploads\/sites\/24\/2025\/09\/Imagen-de-WhatsApp-2025-09-21-a-las-18.30.16_daab7520-1024x684.jpg\" alt=\"\" class=\"wp-image-7303\" srcset=\"https:\/\/ruralrafaela.com.ar\/exporural2025\/wp-content\/uploads\/sites\/24\/2025\/09\/Imagen-de-WhatsApp-2025-09-21-a-las-18.30.16_daab7520-1024x684.jpg 1024w, https:\/\/ruralrafaela.com.ar\/exporural2025\/wp-content\/uploads\/sites\/24\/2025\/09\/Imagen-de-WhatsApp-2025-09-21-a-las-18.30.16_daab7520-300x200.jpg 300w, https:\/\/ruralrafaela.com.ar\/exporural2025\/wp-content\/uploads\/sites\/24\/2025\/09\/Imagen-de-WhatsApp-2025-09-21-a-las-18.30.16_daab7520-768x513.jpg 768w, https:\/\/ruralrafaela.com.ar\/exporural2025\/wp-content\/uploads\/sites\/24\/2025\/09\/Imagen-de-WhatsApp-2025-09-21-a-las-18.30.16_daab7520.jpg 1280w\" sizes=\"(max-width: 1024px) 100vw, 1024px\" \/><\/figure>\n\n\n\n<figure class=\"wp-block-image size-large\"><img loading=\"lazy\" decoding=\"async\" width=\"1024\" height=\"684\" data-id=\"7307\" src=\"https:\/\/ruralrafaela.com.ar\/exporural2025\/wp-content\/uploads\/sites\/24\/2025\/09\/Imagen-de-WhatsApp-2025-09-21-a-las-18.30.17_ee8a813e-1024x684.jpg\" alt=\"\" class=\"wp-image-7307\" srcset=\"https:\/\/ruralrafaela.com.ar\/exporural2025\/wp-content\/uploads\/sites\/24\/2025\/09\/Imagen-de-WhatsApp-2025-09-21-a-las-18.30.17_ee8a813e-1024x684.jpg 1024w, https:\/\/ruralrafaela.com.ar\/exporural2025\/wp-content\/uploads\/sites\/24\/2025\/09\/Imagen-de-WhatsApp-2025-09-21-a-las-18.30.17_ee8a813e-300x200.jpg 300w, https:\/\/ruralrafaela.com.ar\/exporural2025\/wp-content\/uploads\/sites\/24\/2025\/09\/Imagen-de-WhatsApp-2025-09-21-a-las-18.30.17_ee8a813e-768x513.jpg 768w, https:\/\/ruralrafaela.com.ar\/exporural2025\/wp-content\/uploads\/sites\/24\/2025\/09\/Imagen-de-WhatsApp-2025-09-21-a-las-18.30.17_ee8a813e.jpg 1280w\" sizes=\"(max-width: 1024px) 100vw, 1024px\" \/><\/figure>\n\n\n\n<figure class=\"wp-block-image size-large\"><img loading=\"lazy\" decoding=\"async\" width=\"1024\" height=\"684\" data-id=\"7308\" src=\"https:\/\/ruralrafaela.com.ar\/exporural2025\/wp-content\/uploads\/sites\/24\/2025\/09\/Imagen-de-WhatsApp-2025-09-21-a-las-18.30.18_60f3f3f1-1024x684.jpg\" alt=\"\" class=\"wp-image-7308\" srcset=\"https:\/\/ruralrafaela.com.ar\/exporural2025\/wp-content\/uploads\/sites\/24\/2025\/09\/Imagen-de-WhatsApp-2025-09-21-a-las-18.30.18_60f3f3f1-1024x684.jpg 1024w, https:\/\/ruralrafaela.com.ar\/exporural2025\/wp-content\/uploads\/sites\/24\/2025\/09\/Imagen-de-WhatsApp-2025-09-21-a-las-18.30.18_60f3f3f1-300x200.jpg 300w, https:\/\/ruralrafaela.com.ar\/exporural2025\/wp-content\/uploads\/sites\/24\/2025\/09\/Imagen-de-WhatsApp-2025-09-21-a-las-18.30.18_60f3f3f1-768x513.jpg 768w, https:\/\/ruralrafaela.com.ar\/exporural2025\/wp-content\/uploads\/sites\/24\/2025\/09\/Imagen-de-WhatsApp-2025-09-21-a-las-18.30.18_60f3f3f1.jpg 1280w\" sizes=\"(max-width: 1024px) 100vw, 1024px\" \/><\/figure>\n<\/figure>\n\n\n\n<p><\/p>\n\n\n\n<p><strong><em>Leonardo Alassia, presidente de la Sociedad Rural de Rafalea brind\u00f3 un discurso concreto sobre la realidad del sector agropecuario y sus necesidades, ante autoridades provinciales y locales.<\/em><\/strong><\/p>\n\n\n\n<p>En el \u00faltimo d\u00eda de la 118\u00b0 ExpoRural de Rafaela y la Regi\u00f3n, en el acto inaugural se apreciaron a todos los grandes campeones de la muestra y la potencia del campo, la industria y el comercio, acompa\u00f1ado todo por un interesante marco de p\u00fablico, para coronar el fin de semana de un nuevo cap\u00edtulo en la historia de la Sociedad Rural de Rafaela.<\/p>\n\n\n\n<p>Con la presencia del gobernador de la Provincia, Maximiliano Pullaro; de la vicegobernadora, Gisela Scaglia; el ministro de Desarrollo Productivo de Santa Fe, Gustavo Puccini; el Secretario de Agricultura y Ganader\u00eda, Ignacio M\u00e1ntaras; el intendente, Leonardo Viotti; vicepresidente tercero de Confederaciones Rurales Argentinas, Pablo Juan S\u00e1nchez Lago ; vicepresidente de la Confederaci\u00f3n de Asociaciones Rurales de Santa Fe, Juan Priotti; funcionarios municipales, concejales, representantes de entidades hermanas, de instituciones de la ciudad y la regi\u00f3n, entre otros, se escucharon todas las voces que tendieron a fortalecer la producci\u00f3n y el desarrollo santafesino.<\/p>\n\n\n\n<p>Al t\u00e9rmino de la apertura de cintas en la tranquera de la pista por parte del Presidente de la entidad junto a Maximiliano Pullaro, Gisela Scaglia, Pablo Juan S\u00e1nchez Lago, Juan Priotti y Leonardo Viotti, se desarroll\u00f3 el desfile inaugural de la muestra, que se continu\u00f3 con el espect\u00e1culo de las tropillas entabladas, siendo ese el momento en el que las autoridades recorrieron el predio.<\/p>\n\n\n\n<p><strong>Compartimos a continuaci\u00f3n las palabras del presidente de la SRR, Leonardo Alassia.<\/strong><\/p>\n\n\n\n<p>Cada a\u00f1o, este momento es una oportunidad para reafirmar lo que somos, lo que defendemos y lo que so\u00f1amos para nuestra tierra.<\/p>\n\n\n\n<p>Caminando nuestros 119 a\u00f1os de historia institucional, celebramos los visibles avances en nuestro predio, para brindar cada vez mejores servicios a nuestros socios y a quienes nos eligen para sus eventos.<\/p>\n\n\n\n<p>Estamos trabajando con mucha dedicaci\u00f3n en la forestaci\u00f3n del predio ferial y acompa\u00f1ando en esta tarea a otras instituciones de la ciudad y a los productores, reforzando nuestro compromiso con el ambiente.<\/p>\n\n\n\n<p>Con una importante agenda de capacitaci\u00f3n y di\u00e1logo, en la que se destac\u00f3 el quinto Seminario Internacional de Lecher\u00eda, seguimos trabajando para mejorar las condiciones del sector y vinculando a los eslabones de una cadena fundamental.<\/p>\n\n\n\n<p>Aplaudimos al Grupo de Ayuda a Mujeres Agropecuarias, que comenz\u00f3 siendo un espacio simple de encuentro y este a\u00f1o celebra sus 30 a\u00f1os de historia, siendo fundamentales en el crecimiento reciente de esta entidad.<\/p>\n\n\n\n<p>Remarcamos la importancia del trabajo de nuestro Ateneo, los j\u00f3venes que renuevan la energ\u00eda de esta Rural con actividades que nos hacen seguir adelante, siempre de la mano de nuestros or\u00edgenes, valores y actualizando tradiciones.<\/p>\n\n\n\n<p>Esta ExpoRural es el momento para mostrar todo el esfuerzo de un a\u00f1o de trabajo, no s\u00f3lo nuestro, sino de nuestros productores, de los industriales y comerciantes de toda la regi\u00f3n. Este es el espacio de encuentro social m\u00e1s legendario de la ciudad, donde volvemos a celebrar la pista m\u00e1s importante de la raza Holando del pa\u00eds.<\/p>\n\n\n\n<p>Tenemos el orgullo de ser este a\u00f1o la muestra con mayor cantidad de ejemplares, habiendo llegado a los 15 animales de la raza m\u00e1s lechera, con la participaci\u00f3n de 15 caba\u00f1as y reafirmando as\u00ed que nos distingue el blanco y negro en el mapa lechero nacional.<\/p>\n\n\n\n<p>Nuestra instituci\u00f3n no s\u00f3lo representa a Rafaela, sino al departamento Castellanos y a una gran porci\u00f3n de productores del resto de la provincia. En este territorio, que es uno de los m\u00e1s productivos de la Argentina, tenemos realidades que merecen ser reconocidas y problem\u00e1ticas que no pueden seguir esperando.<\/p>\n\n\n\n<p>Hay avances importantes en las cuatro trazas de los Caminos de la Producci\u00f3n de Rafaela, restando a\u00fan el 20% de los trabajos para su conclusi\u00f3n. Productores que invierten en tecnolog\u00eda y maquinaria de \u00faltima generaci\u00f3n, sin la realizaci\u00f3n y culminaci\u00f3n de las obras seguir\u00e1n transitando como en los tiempos de nuestros abuelos.<\/p>\n\n\n\n<p>El aporte impositivo constante no motiva a quienes tienen que cumplir con mantenimientos y mejoras que deber\u00edan ser cotidianas, porque no son s\u00f3lo para nosotros, sino para todos los vecinos, para trabajar, producir alimentos y generar las divisas que sostienen a nuestras comunidades.<\/p>\n\n\n\n<p>La problem\u00e1tica de la basura de las ciudades y pueblos, que se dispone intencional y descuidadamente en los caminos lindantes con nuestros campos, es una constante de la que no nos podemos desentender, porque sobre todo es un problema ambiental.<\/p>\n\n\n\n<p>Por eso, nuestro mensaje a la Municipalidad de Rafaela y a los gobiernos locales vecinos es claro: necesitamos gesti\u00f3n, coordinaci\u00f3n y resultados concretos, porque la producci\u00f3n no puede esperar, pero tampoco el arraigo y el desarrollo que acompa\u00f1a a la ciudad.<\/p>\n\n\n\n<p>En cuanto a la inseguridad rural, si comparamos los hechos de 2024 con los de la actualidad, las cifras mejoraron, pero estamos muy lejos de erradicar esto como uno de nuestros principales reclamos. Lo que este a\u00f1o sucedi\u00f3 en menor medida fue el robo de maquinaria y herramientas, al igual que los diferentes tipos de ataques a la propiedad privada, pero lo que se incrementa es el faenamiento de animales.<\/p>\n\n\n\n<p>Los productores, junto a nuestros colaboradores, no podemos naturalizar que nuestros campos sean tierra de nadie. Merecemos vivir y trabajar seguros, en las ciudades y tambi\u00e9n en la ruralidad.<\/p>\n\n\n\n<p>Hacemos las denuncias y colaboramos con las fuerzas de seguridad que dependen del Gobierno Provincial. Precisamos una reacci\u00f3n inmediata, la resoluci\u00f3n de cada delito y la condena de los responsables por parte del Poder Judicial.<\/p>\n\n\n\n<p>Es por todo esto que las obras y las pol\u00edticas que necesitamos no pueden quedar a mitad de camino.<\/p>\n\n\n\n<p>La Provincia debe asumir un compromiso mayor para garantizar el desarrollo de las obras h\u00eddricas pendientes y la conclusi\u00f3n inmediata del Bajo Peretti, por ejemplo, pero tambi\u00e9n el avance en infraestructura vial, un servicio estable de energ\u00eda el\u00e9ctrica, seguridad rural y un esquema impositivo justo, que incentive a la producci\u00f3n y el empleo.<\/p>\n\n\n\n<p>Basta de cargas distorsivas que frenan la inversi\u00f3n. Basta de postergar soluciones para problemas que llevan d\u00e9cadas. La producci\u00f3n agropecuaria no es un recurso inagotable que pueda sostenerse sin condiciones para crecer.<\/p>\n\n\n\n<p>Quiero hablar de Ingresos Brutos, porque si bien en el campo tenemos una al\u00edcuota del 0%, nos pegan directamente en los costos de producci\u00f3n las cargas que pagan el comercio y la industria, del 3 al 5%, que son volcadas al precio de los insumos, de forma concreta.<\/p>\n\n\n\n<p>El Gobernador repite constantemente, en consonancia con nuestros reclamos, la necesidad de reducir y eliminar las \u201cmalditas retenciones\u201d. Valoramos y agradecemos por ayudarnos a poner m\u00e1s voz a esto, pero no lo escuchamos con la misma insistencia pedir por la reducci\u00f3n del resto de los \u201cmalditos impuestos nacionales\u201d como el IVA, Ganancias, e incluso el Impuesto al Cheque.<\/p>\n\n\n\n<p>Necesitamos que con esa misma energ\u00eda y fuerzas pida tambi\u00e9n la reducci\u00f3n de esos impuestos que tienen impacto directo en nuestro sector, pero sobre todo en la realidad de los habitantes del suelo santafesino.<\/p>\n\n\n\n<p>Por supuesto que valoramos que el gobierno provincial haya acompa\u00f1ado a la lecher\u00eda con algunas herramientas, como cr\u00e9ditos y beneficios impositivos; que promueva la renovaci\u00f3n de insumos, servicios y tecnolog\u00eda en cada una de las muestras sectoriales. Tambi\u00e9n reconocemos el impulso a espacios de di\u00e1logo, como el 5\u00b0 Seminario Internacional de Lecher\u00eda, que dej\u00f3 en claro que este sector es motor econ\u00f3mico y social de nuestra regi\u00f3n.<\/p>\n\n\n\n<p>En el plano nacional, queremos ser muy claros: no alcanza con reducir las retenciones. La presi\u00f3n impositiva que soporta el campo es asfixiante. Seg\u00fan FADA, la carga fiscal sobre la renta agr\u00edcola lleg\u00f3 al 63% en junio, correspondiendo el 64% de ese total a impuestos nacionales no coparticipables, que se van de nuestros campos y no vuelven de ninguna manera.<\/p>\n\n\n\n<p>Una clara muestra del impacto positivo de la eliminaci\u00f3n de retenciones de forma definitiva y absoluta se da en la cadena lechera, junto con el impulso de la disponibilidad de cr\u00e9ditos para incorporar tecnolog\u00eda a los tambos. La producci\u00f3n se expande, la industria avanza en la mirada exportadora y el consumo acompa\u00f1a con mayor aceleraci\u00f3n, aunque la estacionalidad frena ahora los precios en el tambo.<\/p>\n\n\n\n<p>En la ganader\u00eda de carne, al mes de agosto la faena tuvo una contracci\u00f3n interanual de 4,8%, mientras que en lo que va del a\u00f1o la actividad baj\u00f3 0,6%, aunque los precios siguen en alza y el consumo en recuperaci\u00f3n.<\/p>\n\n\n\n<p>Reconocemos los avances parciales, pero insistimos: necesitamos reglas claras, previsibilidad y libertad para producir.<\/p>\n\n\n\n<p>Es por esto que necesitamos una reforma tributaria integral, una reforma laboral, una gran reforma del Estado, para no seguir dependiendo de parches, ni de medidas temporales.<\/p>\n\n\n\n<p>El campo es el gran responsable de sostener la caja nacional y de las provincias, es el gran sost\u00e9n del super\u00e1vit fiscal del pa\u00eds, del que tanto se habla. Pero no puede seguir siendo el \u00fanico que haga este esfuerzo superlativo.<\/p>\n\n\n\n<p>Desde aqu\u00ed nos dirigimos especialmente a los legisladores nacionales. El interior productivo espera de ustedes coraje y responsabilidad. No se puede sesionar en tiempo r\u00e9cord para aumentarse los sueldos y despu\u00e9s demorar meses para leyes que mejoren la calidad de vida de la gente. Tampoco pueden olvidarse de los territorios a los que representan, salvo cuando convenga hacer alguna referencia a nuestra realidad como santafesinos en tiempos electorales.<\/p>\n\n\n\n<p>Ante d\u00e9cadas de despilfarros, mala praxis y corrupci\u00f3n, pedimos que est\u00e9n a la altura de las circunstancias. La honestidad, la transparencia, el brindar explicaciones, rendir cuentas, esos deber\u00edan ser valores estructurales de cada uno. Estos no tendr\u00edan que ser reclamados constantemente por el ciudadano, que siempre termina cediendo facultades a trav\u00e9s del voto, con la esperanza de construir un Estado soberano para todos, representado por servidores p\u00fablicos que una vez en su cargo olvidan a quienes los eligieron.<\/p>\n\n\n\n<p>Quien ocupa un cargo p\u00fablico elegido por el voto soberano, con carga ejecutiva o legislativa, debe tener muy presente que mientras ejerza un cargo p\u00fablico es empleado de todos nosotros, los ciudadanos, quienes tenemos el poder originario; y es a nuestra voluntad conjunta, a nuestros principios fundamentales y esenciales, lo que deben defender.<\/p>\n\n\n\n<p>Por eso proponemos gestar juntos los cambios y aportar el esfuerzo por construir un pa\u00eds mejor, de todos y para todos.<\/p>\n\n\n\n<p>Como lo hemos dicho en m\u00e1s de una oportunidad: este no es un pa\u00eds pobre, es un pa\u00eds empobrecido por d\u00e9cadas de malas decisiones y oportunismo pol\u00edtico. El campo tiene la fuerza y la capacidad de poner al pa\u00eds de pie, pero necesita libertad, seguridad y un marco justo para producir.<\/p>\n\n\n\n<p>Reiteramos lo dicho el a\u00f1o pasado: la tierra nos ense\u00f1a que con paciencia, trabajo y constancia, la semilla da fruto.<\/p>\n\n\n\n<p>Sigamos cultivando ese futuro con esperanza y firmeza. Porque el trabajo compartido entre quienes producimos y quienes gobiernan es el \u00fanico camino para construir una Argentina m\u00e1s justa, pr\u00f3spera y con oportunidades para todos.<\/p>\n","protected":false},"excerpt":{"rendered":"<p>Leonardo Alassia, presidente de la Sociedad Rural de Rafalea brind\u00f3 un discurso concreto sobre la realidad del sector agropecuario y sus necesidades, ante autoridades provinciales y locales. En el \u00faltimo d\u00eda de la 118\u00b0 ExpoRural de Rafaela y la Regi\u00f3n, en el acto inaugural se apreciaron a todos los grandes campeones de la muestra y [&hellip;]<\/p>\n","protected":false},"author":17,"featured_media":7296,"comment_status":"closed","ping_status":"open","sticky":false,"template":"","format":"standard","meta":{"ocean_post_layout":"","ocean_both_sidebars_style":"","ocean_both_sidebars_content_width":0,"ocean_both_sidebars_sidebars_width":0,"ocean_sidebar":"","ocean_second_sidebar":"","ocean_disable_margins":"enable","ocean_add_body_class":"","ocean_shortcode_before_top_bar":"","ocean_shortcode_after_top_bar":"","ocean_shortcode_before_header":"","ocean_shortcode_after_header":"","ocean_has_shortcode":"","ocean_shortcode_after_title":"","ocean_shortcode_before_footer_widgets":"","ocean_shortcode_after_footer_widgets":"","ocean_shortcode_before_footer_bottom":"","ocean_shortcode_after_footer_bottom":"","ocean_display_top_bar":"default","ocean_display_header":"default","ocean_header_style":"","ocean_center_header_left_menu":"","ocean_custom_header_template":"","ocean_custom_logo":0,"ocean_custom_retina_logo":0,"ocean_custom_logo_max_width":0,"ocean_custom_logo_tablet_max_width":0,"ocean_custom_logo_mobile_max_width":0,"ocean_custom_logo_max_height":0,"ocean_custom_logo_tablet_max_height":0,"ocean_custom_logo_mobile_max_height":0,"ocean_header_custom_menu":"","ocean_menu_typo_font_family":"","ocean_menu_typo_font_subset":"","ocean_menu_typo_font_size":0,"ocean_menu_typo_font_size_tablet":0,"ocean_menu_typo_font_size_mobile":0,"ocean_menu_typo_font_size_unit":"px","ocean_menu_typo_font_weight":"","ocean_menu_typo_font_weight_tablet":"","ocean_menu_typo_font_weight_mobile":"","ocean_menu_typo_transform":"","ocean_menu_typo_transform_tablet":"","ocean_menu_typo_transform_mobile":"","ocean_menu_typo_line_height":0,"ocean_menu_typo_line_height_tablet":0,"ocean_menu_typo_line_height_mobile":0,"ocean_menu_typo_line_height_unit":"","ocean_menu_typo_spacing":0,"ocean_menu_typo_spacing_tablet":0,"ocean_menu_typo_spacing_mobile":0,"ocean_menu_typo_spacing_unit":"","ocean_menu_link_color":"","ocean_menu_link_color_hover":"","ocean_menu_link_color_active":"","ocean_menu_link_background":"","ocean_menu_link_hover_background":"","ocean_menu_link_active_background":"","ocean_menu_social_links_bg":"","ocean_menu_social_hover_links_bg":"","ocean_menu_social_links_color":"","ocean_menu_social_hover_links_color":"","ocean_disable_title":"default","ocean_disable_heading":"default","ocean_post_title":"","ocean_post_subheading":"","ocean_post_title_style":"","ocean_post_title_background_color":"","ocean_post_title_background":0,"ocean_post_title_bg_image_position":"","ocean_post_title_bg_image_attachment":"","ocean_post_title_bg_image_repeat":"","ocean_post_title_bg_image_size":"","ocean_post_title_height":0,"ocean_post_title_bg_overlay":0.5,"ocean_post_title_bg_overlay_color":"","ocean_disable_breadcrumbs":"default","ocean_breadcrumbs_color":"","ocean_breadcrumbs_separator_color":"","ocean_breadcrumbs_links_color":"","ocean_breadcrumbs_links_hover_color":"","ocean_display_footer_widgets":"default","ocean_display_footer_bottom":"default","ocean_custom_footer_template":"","_joinchat":[],"ocean_post_oembed":"","ocean_post_self_hosted_media":"","ocean_post_video_embed":"","ocean_link_format":"","ocean_link_format_target":"self","ocean_quote_format":"","ocean_quote_format_link":"post","ocean_gallery_link_images":"on","ocean_gallery_id":[],"footnotes":""},"categories":[52],"tags":[50,58,9],"class_list":["post-7290","post","type-post","status-publish","format-standard","has-post-thumbnail","hentry","category-exporural-2025","tag-50","tag-acto-inaugural","tag-exporural","entry","has-media"],"yoast_head":"<!-- This site is optimized with the Yoast SEO plugin v27.5 - https:\/\/yoast.com\/product\/yoast-seo-wordpress\/ -->\n<title>\u201cEl campo tiene la fuerza y la capacidad de poner al pa\u00eds de pie, pero necesita libertad, seguridad y un marco justo para producir\u201d - 118 Expo Rural Rafaela 2025<\/title>\n<meta name=\"robots\" content=\"index, follow, max-snippet:-1, max-image-preview:large, max-video-preview:-1\" \/>\n<link rel=\"canonical\" href=\"https:\/\/ruralrafaela.com.ar\/exporural2025\/2025\/09\/21\/el-campo-tiene-la-fuerza-y-la-capacidad-de-poner-al-pais-de-pie-pero-necesita-libertad-seguridad-y-un-marco-justo-para-producir\/\" \/>\n<meta property=\"og:locale\" content=\"es_ES\" \/>\n<meta property=\"og:type\" content=\"article\" \/>\n<meta property=\"og:title\" content=\"\u201cEl campo tiene la fuerza y la capacidad de poner al pa\u00eds de pie, pero necesita libertad, seguridad y un marco justo para producir\u201d - 118 Expo Rural Rafaela 2025\" \/>\n<meta property=\"og:description\" content=\"Leonardo Alassia, presidente de la Sociedad Rural de Rafalea brind\u00f3 un discurso concreto sobre la realidad del sector agropecuario y sus necesidades, ante autoridades provinciales y locales. En el \u00faltimo d\u00eda de la 118\u00b0 ExpoRural de Rafaela y la Regi\u00f3n, en el acto inaugural se apreciaron a todos los grandes campeones de la muestra y [&hellip;]\" \/>\n<meta property=\"og:url\" content=\"https:\/\/ruralrafaela.com.ar\/exporural2025\/2025\/09\/21\/el-campo-tiene-la-fuerza-y-la-capacidad-de-poner-al-pais-de-pie-pero-necesita-libertad-seguridad-y-un-marco-justo-para-producir\/\" \/>\n<meta property=\"og:site_name\" content=\"118 Expo Rural Rafaela 2025\" \/>\n<meta property=\"article:published_time\" content=\"2025-09-21T22:08:43+00:00\" \/>\n<meta property=\"article:modified_time\" content=\"2025-09-21T22:08:45+00:00\" \/>\n<meta property=\"og:image\" content=\"https:\/\/ruralrafaela.com.ar\/exporural2025\/wp-content\/uploads\/sites\/24\/2025\/09\/Imagen-de-WhatsApp-2025-09-21-a-las-16.20.11_999b3702-1.jpg\" \/>\n\t<meta property=\"og:image:width\" content=\"1600\" \/>\n\t<meta property=\"og:image:height\" content=\"1070\" \/>\n\t<meta property=\"og:image:type\" content=\"image\/jpeg\" \/>\n<meta name=\"author\" content=\"voces\" \/>\n<meta name=\"twitter:card\" content=\"summary_large_image\" \/>\n<meta name=\"twitter:label1\" content=\"Escrito por\" \/>\n\t<meta name=\"twitter:data1\" content=\"voces\" \/>\n\t<meta name=\"twitter:label2\" content=\"Tiempo de lectura\" \/>\n\t<meta name=\"twitter:data2\" content=\"13 minutos\" \/>\n<script type=\"application\/ld+json\" class=\"yoast-schema-graph\">{\"@context\":\"https:\\\/\\\/schema.org\",\"@graph\":[{\"@type\":\"Article\",\"@id\":\"https:\\\/\\\/ruralrafaela.com.ar\\\/exporural2025\\\/2025\\\/09\\\/21\\\/el-campo-tiene-la-fuerza-y-la-capacidad-de-poner-al-pais-de-pie-pero-necesita-libertad-seguridad-y-un-marco-justo-para-producir\\\/#article\",\"isPartOf\":{\"@id\":\"https:\\\/\\\/ruralrafaela.com.ar\\\/exporural2025\\\/2025\\\/09\\\/21\\\/el-campo-tiene-la-fuerza-y-la-capacidad-de-poner-al-pais-de-pie-pero-necesita-libertad-seguridad-y-un-marco-justo-para-producir\\\/\"},\"author\":{\"name\":\"voces\",\"@id\":\"https:\\\/\\\/ruralrafaela.com.ar\\\/exporural2025\\\/#\\\/schema\\\/person\\\/fa167bfed3a2b8029213c0bac80612f7\"},\"headline\":\"\u201cEl campo tiene la fuerza y la capacidad de poner al pa\u00eds de pie, pero necesita libertad, seguridad y un marco justo para producir\u201d\",\"datePublished\":\"2025-09-21T22:08:43+00:00\",\"dateModified\":\"2025-09-21T22:08:45+00:00\",\"mainEntityOfPage\":{\"@id\":\"https:\\\/\\\/ruralrafaela.com.ar\\\/exporural2025\\\/2025\\\/09\\\/21\\\/el-campo-tiene-la-fuerza-y-la-capacidad-de-poner-al-pais-de-pie-pero-necesita-libertad-seguridad-y-un-marco-justo-para-producir\\\/\"},\"wordCount\":1932,\"publisher\":{\"@id\":\"https:\\\/\\\/ruralrafaela.com.ar\\\/exporural2025\\\/#organization\"},\"image\":{\"@id\":\"https:\\\/\\\/ruralrafaela.com.ar\\\/exporural2025\\\/2025\\\/09\\\/21\\\/el-campo-tiene-la-fuerza-y-la-capacidad-de-poner-al-pais-de-pie-pero-necesita-libertad-seguridad-y-un-marco-justo-para-producir\\\/#primaryimage\"},\"thumbnailUrl\":\"https:\\\/\\\/ruralrafaela.com.ar\\\/exporural2025\\\/wp-content\\\/uploads\\\/sites\\\/24\\\/2025\\\/09\\\/Imagen-de-WhatsApp-2025-09-21-a-las-16.20.11_999b3702-1.jpg\",\"keywords\":[\"2025\",\"acto inaugural\",\"exporural\"],\"articleSection\":[\"Exporural 2025\"],\"inLanguage\":\"es\"},{\"@type\":\"WebPage\",\"@id\":\"https:\\\/\\\/ruralrafaela.com.ar\\\/exporural2025\\\/2025\\\/09\\\/21\\\/el-campo-tiene-la-fuerza-y-la-capacidad-de-poner-al-pais-de-pie-pero-necesita-libertad-seguridad-y-un-marco-justo-para-producir\\\/\",\"url\":\"https:\\\/\\\/ruralrafaela.com.ar\\\/exporural2025\\\/2025\\\/09\\\/21\\\/el-campo-tiene-la-fuerza-y-la-capacidad-de-poner-al-pais-de-pie-pero-necesita-libertad-seguridad-y-un-marco-justo-para-producir\\\/\",\"name\":\"\u201cEl campo tiene la fuerza y la capacidad de poner al pa\u00eds de pie, pero necesita libertad, seguridad y un marco justo para producir\u201d - 118 Expo Rural Rafaela 2025\",\"isPartOf\":{\"@id\":\"https:\\\/\\\/ruralrafaela.com.ar\\\/exporural2025\\\/#website\"},\"primaryImageOfPage\":{\"@id\":\"https:\\\/\\\/ruralrafaela.com.ar\\\/exporural2025\\\/2025\\\/09\\\/21\\\/el-campo-tiene-la-fuerza-y-la-capacidad-de-poner-al-pais-de-pie-pero-necesita-libertad-seguridad-y-un-marco-justo-para-producir\\\/#primaryimage\"},\"image\":{\"@id\":\"https:\\\/\\\/ruralrafaela.com.ar\\\/exporural2025\\\/2025\\\/09\\\/21\\\/el-campo-tiene-la-fuerza-y-la-capacidad-de-poner-al-pais-de-pie-pero-necesita-libertad-seguridad-y-un-marco-justo-para-producir\\\/#primaryimage\"},\"thumbnailUrl\":\"https:\\\/\\\/ruralrafaela.com.ar\\\/exporural2025\\\/wp-content\\\/uploads\\\/sites\\\/24\\\/2025\\\/09\\\/Imagen-de-WhatsApp-2025-09-21-a-las-16.20.11_999b3702-1.jpg\",\"datePublished\":\"2025-09-21T22:08:43+00:00\",\"dateModified\":\"2025-09-21T22:08:45+00:00\",\"breadcrumb\":{\"@id\":\"https:\\\/\\\/ruralrafaela.com.ar\\\/exporural2025\\\/2025\\\/09\\\/21\\\/el-campo-tiene-la-fuerza-y-la-capacidad-de-poner-al-pais-de-pie-pero-necesita-libertad-seguridad-y-un-marco-justo-para-producir\\\/#breadcrumb\"},\"inLanguage\":\"es\",\"potentialAction\":[{\"@type\":\"ReadAction\",\"target\":[\"https:\\\/\\\/ruralrafaela.com.ar\\\/exporural2025\\\/2025\\\/09\\\/21\\\/el-campo-tiene-la-fuerza-y-la-capacidad-de-poner-al-pais-de-pie-pero-necesita-libertad-seguridad-y-un-marco-justo-para-producir\\\/\"]}]},{\"@type\":\"ImageObject\",\"inLanguage\":\"es\",\"@id\":\"https:\\\/\\\/ruralrafaela.com.ar\\\/exporural2025\\\/2025\\\/09\\\/21\\\/el-campo-tiene-la-fuerza-y-la-capacidad-de-poner-al-pais-de-pie-pero-necesita-libertad-seguridad-y-un-marco-justo-para-producir\\\/#primaryimage\",\"url\":\"https:\\\/\\\/ruralrafaela.com.ar\\\/exporural2025\\\/wp-content\\\/uploads\\\/sites\\\/24\\\/2025\\\/09\\\/Imagen-de-WhatsApp-2025-09-21-a-las-16.20.11_999b3702-1.jpg\",\"contentUrl\":\"https:\\\/\\\/ruralrafaela.com.ar\\\/exporural2025\\\/wp-content\\\/uploads\\\/sites\\\/24\\\/2025\\\/09\\\/Imagen-de-WhatsApp-2025-09-21-a-las-16.20.11_999b3702-1.jpg\",\"width\":\"1600\",\"height\":\"1070\"},{\"@type\":\"BreadcrumbList\",\"@id\":\"https:\\\/\\\/ruralrafaela.com.ar\\\/exporural2025\\\/2025\\\/09\\\/21\\\/el-campo-tiene-la-fuerza-y-la-capacidad-de-poner-al-pais-de-pie-pero-necesita-libertad-seguridad-y-un-marco-justo-para-producir\\\/#breadcrumb\",\"itemListElement\":[{\"@type\":\"ListItem\",\"position\":1,\"name\":\"Portada\",\"item\":\"https:\\\/\\\/ruralrafaela.com.ar\\\/exporural2025\\\/\"},{\"@type\":\"ListItem\",\"position\":2,\"name\":\"\u201cEl campo tiene la fuerza y la capacidad de poner al pa\u00eds de pie, pero necesita libertad, seguridad y un marco justo para producir\u201d\"}]},{\"@type\":\"WebSite\",\"@id\":\"https:\\\/\\\/ruralrafaela.com.ar\\\/exporural2025\\\/#website\",\"url\":\"https:\\\/\\\/ruralrafaela.com.ar\\\/exporural2025\\\/\",\"name\":\"118 Expo Rural Rafaela 2025\",\"description\":\"Sitio oficial de la Expo Rural Rafaela\",\"publisher\":{\"@id\":\"https:\\\/\\\/ruralrafaela.com.ar\\\/exporural2025\\\/#organization\"},\"potentialAction\":[{\"@type\":\"SearchAction\",\"target\":{\"@type\":\"EntryPoint\",\"urlTemplate\":\"https:\\\/\\\/ruralrafaela.com.ar\\\/exporural2025\\\/?s={search_term_string}\"},\"query-input\":{\"@type\":\"PropertyValueSpecification\",\"valueRequired\":true,\"valueName\":\"search_term_string\"}}],\"inLanguage\":\"es\"},{\"@type\":\"Organization\",\"@id\":\"https:\\\/\\\/ruralrafaela.com.ar\\\/exporural2025\\\/#organization\",\"name\":\"118 Expo Rural Rafaela 2025\",\"url\":\"https:\\\/\\\/ruralrafaela.com.ar\\\/exporural2025\\\/\",\"logo\":{\"@type\":\"ImageObject\",\"inLanguage\":\"es\",\"@id\":\"https:\\\/\\\/ruralrafaela.com.ar\\\/exporural2025\\\/#\\\/schema\\\/logo\\\/image\\\/\",\"url\":\"https:\\\/\\\/ruralrafaela.com.ar\\\/exporural2025\\\/wp-content\\\/uploads\\\/sites\\\/24\\\/2025\\\/08\\\/logo_expo2025.jpg\",\"contentUrl\":\"https:\\\/\\\/ruralrafaela.com.ar\\\/exporural2025\\\/wp-content\\\/uploads\\\/sites\\\/24\\\/2025\\\/08\\\/logo_expo2025.jpg\",\"width\":611,\"height\":368,\"caption\":\"118 Expo Rural Rafaela 2025\"},\"image\":{\"@id\":\"https:\\\/\\\/ruralrafaela.com.ar\\\/exporural2025\\\/#\\\/schema\\\/logo\\\/image\\\/\"}},{\"@type\":\"Person\",\"@id\":\"https:\\\/\\\/ruralrafaela.com.ar\\\/exporural2025\\\/#\\\/schema\\\/person\\\/fa167bfed3a2b8029213c0bac80612f7\",\"name\":\"voces\",\"image\":{\"@type\":\"ImageObject\",\"inLanguage\":\"es\",\"@id\":\"https:\\\/\\\/secure.gravatar.com\\\/avatar\\\/8be4c66bb16cf788ff6688b77c76240c16a5397e072068b8fd79350e9acb3d86?s=96&d=mm&r=g\",\"url\":\"https:\\\/\\\/secure.gravatar.com\\\/avatar\\\/8be4c66bb16cf788ff6688b77c76240c16a5397e072068b8fd79350e9acb3d86?s=96&d=mm&r=g\",\"contentUrl\":\"https:\\\/\\\/secure.gravatar.com\\\/avatar\\\/8be4c66bb16cf788ff6688b77c76240c16a5397e072068b8fd79350e9acb3d86?s=96&d=mm&r=g\",\"caption\":\"voces\"},\"url\":\"https:\\\/\\\/ruralrafaela.com.ar\\\/exporural2025\\\/author\\\/voces\\\/\"}]}<\/script>\n<!-- \/ Yoast SEO plugin. -->","yoast_head_json":{"title":"\u201cEl campo tiene la fuerza y la capacidad de poner al pa\u00eds de pie, pero necesita libertad, seguridad y un marco justo para producir\u201d - 118 Expo Rural Rafaela 2025","robots":{"index":"index","follow":"follow","max-snippet":"max-snippet:-1","max-image-preview":"max-image-preview:large","max-video-preview":"max-video-preview:-1"},"canonical":"https:\/\/ruralrafaela.com.ar\/exporural2025\/2025\/09\/21\/el-campo-tiene-la-fuerza-y-la-capacidad-de-poner-al-pais-de-pie-pero-necesita-libertad-seguridad-y-un-marco-justo-para-producir\/","og_locale":"es_ES","og_type":"article","og_title":"\u201cEl campo tiene la fuerza y la capacidad de poner al pa\u00eds de pie, pero necesita libertad, seguridad y un marco justo para producir\u201d - 118 Expo Rural Rafaela 2025","og_description":"Leonardo Alassia, presidente de la Sociedad Rural de Rafalea brind\u00f3 un discurso concreto sobre la realidad del sector agropecuario y sus necesidades, ante autoridades provinciales y locales. En el \u00faltimo d\u00eda de la 118\u00b0 ExpoRural de Rafaela y la Regi\u00f3n, en el acto inaugural se apreciaron a todos los grandes campeones de la muestra y [&hellip;]","og_url":"https:\/\/ruralrafaela.com.ar\/exporural2025\/2025\/09\/21\/el-campo-tiene-la-fuerza-y-la-capacidad-de-poner-al-pais-de-pie-pero-necesita-libertad-seguridad-y-un-marco-justo-para-producir\/","og_site_name":"118 Expo Rural Rafaela 2025","article_published_time":"2025-09-21T22:08:43+00:00","article_modified_time":"2025-09-21T22:08:45+00:00","og_image":[{"width":1600,"height":1070,"url":"https:\/\/ruralrafaela.com.ar\/exporural2025\/wp-content\/uploads\/sites\/24\/2025\/09\/Imagen-de-WhatsApp-2025-09-21-a-las-16.20.11_999b3702-1.jpg","type":"image\/jpeg"}],"author":"voces","twitter_card":"summary_large_image","twitter_misc":{"Escrito por":"voces","Tiempo de lectura":"13 minutos"},"schema":{"@context":"https:\/\/schema.org","@graph":[{"@type":"Article","@id":"https:\/\/ruralrafaela.com.ar\/exporural2025\/2025\/09\/21\/el-campo-tiene-la-fuerza-y-la-capacidad-de-poner-al-pais-de-pie-pero-necesita-libertad-seguridad-y-un-marco-justo-para-producir\/#article","isPartOf":{"@id":"https:\/\/ruralrafaela.com.ar\/exporural2025\/2025\/09\/21\/el-campo-tiene-la-fuerza-y-la-capacidad-de-poner-al-pais-de-pie-pero-necesita-libertad-seguridad-y-un-marco-justo-para-producir\/"},"author":{"name":"voces","@id":"https:\/\/ruralrafaela.com.ar\/exporural2025\/#\/schema\/person\/fa167bfed3a2b8029213c0bac80612f7"},"headline":"\u201cEl campo tiene la fuerza y la capacidad de poner al pa\u00eds de pie, pero necesita libertad, seguridad y un marco justo para producir\u201d","datePublished":"2025-09-21T22:08:43+00:00","dateModified":"2025-09-21T22:08:45+00:00","mainEntityOfPage":{"@id":"https:\/\/ruralrafaela.com.ar\/exporural2025\/2025\/09\/21\/el-campo-tiene-la-fuerza-y-la-capacidad-de-poner-al-pais-de-pie-pero-necesita-libertad-seguridad-y-un-marco-justo-para-producir\/"},"wordCount":1932,"publisher":{"@id":"https:\/\/ruralrafaela.com.ar\/exporural2025\/#organization"},"image":{"@id":"https:\/\/ruralrafaela.com.ar\/exporural2025\/2025\/09\/21\/el-campo-tiene-la-fuerza-y-la-capacidad-de-poner-al-pais-de-pie-pero-necesita-libertad-seguridad-y-un-marco-justo-para-producir\/#primaryimage"},"thumbnailUrl":"https:\/\/ruralrafaela.com.ar\/exporural2025\/wp-content\/uploads\/sites\/24\/2025\/09\/Imagen-de-WhatsApp-2025-09-21-a-las-16.20.11_999b3702-1.jpg","keywords":["2025","acto inaugural","exporural"],"articleSection":["Exporural 2025"],"inLanguage":"es"},{"@type":"WebPage","@id":"https:\/\/ruralrafaela.com.ar\/exporural2025\/2025\/09\/21\/el-campo-tiene-la-fuerza-y-la-capacidad-de-poner-al-pais-de-pie-pero-necesita-libertad-seguridad-y-un-marco-justo-para-producir\/","url":"https:\/\/ruralrafaela.com.ar\/exporural2025\/2025\/09\/21\/el-campo-tiene-la-fuerza-y-la-capacidad-de-poner-al-pais-de-pie-pero-necesita-libertad-seguridad-y-un-marco-justo-para-producir\/","name":"\u201cEl campo tiene la fuerza y la capacidad de poner al pa\u00eds de pie, pero necesita libertad, seguridad y un marco justo para producir\u201d - 118 Expo Rural Rafaela 2025","isPartOf":{"@id":"https:\/\/ruralrafaela.com.ar\/exporural2025\/#website"},"primaryImageOfPage":{"@id":"https:\/\/ruralrafaela.com.ar\/exporural2025\/2025\/09\/21\/el-campo-tiene-la-fuerza-y-la-capacidad-de-poner-al-pais-de-pie-pero-necesita-libertad-seguridad-y-un-marco-justo-para-producir\/#primaryimage"},"image":{"@id":"https:\/\/ruralrafaela.com.ar\/exporural2025\/2025\/09\/21\/el-campo-tiene-la-fuerza-y-la-capacidad-de-poner-al-pais-de-pie-pero-necesita-libertad-seguridad-y-un-marco-justo-para-producir\/#primaryimage"},"thumbnailUrl":"https:\/\/ruralrafaela.com.ar\/exporural2025\/wp-content\/uploads\/sites\/24\/2025\/09\/Imagen-de-WhatsApp-2025-09-21-a-las-16.20.11_999b3702-1.jpg","datePublished":"2025-09-21T22:08:43+00:00","dateModified":"2025-09-21T22:08:45+00:00","breadcrumb":{"@id":"https:\/\/ruralrafaela.com.ar\/exporural2025\/2025\/09\/21\/el-campo-tiene-la-fuerza-y-la-capacidad-de-poner-al-pais-de-pie-pero-necesita-libertad-seguridad-y-un-marco-justo-para-producir\/#breadcrumb"},"inLanguage":"es","potentialAction":[{"@type":"ReadAction","target":["https:\/\/ruralrafaela.com.ar\/exporural2025\/2025\/09\/21\/el-campo-tiene-la-fuerza-y-la-capacidad-de-poner-al-pais-de-pie-pero-necesita-libertad-seguridad-y-un-marco-justo-para-producir\/"]}]},{"@type":"ImageObject","inLanguage":"es","@id":"https:\/\/ruralrafaela.com.ar\/exporural2025\/2025\/09\/21\/el-campo-tiene-la-fuerza-y-la-capacidad-de-poner-al-pais-de-pie-pero-necesita-libertad-seguridad-y-un-marco-justo-para-producir\/#primaryimage","url":"https:\/\/ruralrafaela.com.ar\/exporural2025\/wp-content\/uploads\/sites\/24\/2025\/09\/Imagen-de-WhatsApp-2025-09-21-a-las-16.20.11_999b3702-1.jpg","contentUrl":"https:\/\/ruralrafaela.com.ar\/exporural2025\/wp-content\/uploads\/sites\/24\/2025\/09\/Imagen-de-WhatsApp-2025-09-21-a-las-16.20.11_999b3702-1.jpg","width":"1600","height":"1070"},{"@type":"BreadcrumbList","@id":"https:\/\/ruralrafaela.com.ar\/exporural2025\/2025\/09\/21\/el-campo-tiene-la-fuerza-y-la-capacidad-de-poner-al-pais-de-pie-pero-necesita-libertad-seguridad-y-un-marco-justo-para-producir\/#breadcrumb","itemListElement":[{"@type":"ListItem","position":1,"name":"Portada","item":"https:\/\/ruralrafaela.com.ar\/exporural2025\/"},{"@type":"ListItem","position":2,"name":"\u201cEl campo tiene la fuerza y la capacidad de poner al pa\u00eds de pie, pero necesita libertad, seguridad y un marco justo para producir\u201d"}]},{"@type":"WebSite","@id":"https:\/\/ruralrafaela.com.ar\/exporural2025\/#website","url":"https:\/\/ruralrafaela.com.ar\/exporural2025\/","name":"118 Expo Rural Rafaela 2025","description":"Sitio oficial de la Expo Rural Rafaela","publisher":{"@id":"https:\/\/ruralrafaela.com.ar\/exporural2025\/#organization"},"potentialAction":[{"@type":"SearchAction","target":{"@type":"EntryPoint","urlTemplate":"https:\/\/ruralrafaela.com.ar\/exporural2025\/?s={search_term_string}"},"query-input":{"@type":"PropertyValueSpecification","valueRequired":true,"valueName":"search_term_string"}}],"inLanguage":"es"},{"@type":"Organization","@id":"https:\/\/ruralrafaela.com.ar\/exporural2025\/#organization","name":"118 Expo Rural Rafaela 2025","url":"https:\/\/ruralrafaela.com.ar\/exporural2025\/","logo":{"@type":"ImageObject","inLanguage":"es","@id":"https:\/\/ruralrafaela.com.ar\/exporural2025\/#\/schema\/logo\/image\/","url":"https:\/\/ruralrafaela.com.ar\/exporural2025\/wp-content\/uploads\/sites\/24\/2025\/08\/logo_expo2025.jpg","contentUrl":"https:\/\/ruralrafaela.com.ar\/exporural2025\/wp-content\/uploads\/sites\/24\/2025\/08\/logo_expo2025.jpg","width":611,"height":368,"caption":"118 Expo Rural Rafaela 2025"},"image":{"@id":"https:\/\/ruralrafaela.com.ar\/exporural2025\/#\/schema\/logo\/image\/"}},{"@type":"Person","@id":"https:\/\/ruralrafaela.com.ar\/exporural2025\/#\/schema\/person\/fa167bfed3a2b8029213c0bac80612f7","name":"voces","image":{"@type":"ImageObject","inLanguage":"es","@id":"https:\/\/secure.gravatar.com\/avatar\/8be4c66bb16cf788ff6688b77c76240c16a5397e072068b8fd79350e9acb3d86?s=96&d=mm&r=g","url":"https:\/\/secure.gravatar.com\/avatar\/8be4c66bb16cf788ff6688b77c76240c16a5397e072068b8fd79350e9acb3d86?s=96&d=mm&r=g","contentUrl":"https:\/\/secure.gravatar.com\/avatar\/8be4c66bb16cf788ff6688b77c76240c16a5397e072068b8fd79350e9acb3d86?s=96&d=mm&r=g","caption":"voces"},"url":"https:\/\/ruralrafaela.com.ar\/exporural2025\/author\/voces\/"}]}},"_links":{"self":[{"href":"https:\/\/ruralrafaela.com.ar\/exporural2025\/wp-json\/wp\/v2\/posts\/7290","targetHints":{"allow":["GET"]}}],"collection":[{"href":"https:\/\/ruralrafaela.com.ar\/exporural2025\/wp-json\/wp\/v2\/posts"}],"about":[{"href":"https:\/\/ruralrafaela.com.ar\/exporural2025\/wp-json\/wp\/v2\/types\/post"}],"author":[{"embeddable":true,"href":"https:\/\/ruralrafaela.com.ar\/exporural2025\/wp-json\/wp\/v2\/users\/17"}],"replies":[{"embeddable":true,"href":"https:\/\/ruralrafaela.com.ar\/exporural2025\/wp-json\/wp\/v2\/comments?post=7290"}],"version-history":[{"count":1,"href":"https:\/\/ruralrafaela.com.ar\/exporural2025\/wp-json\/wp\/v2\/posts\/7290\/revisions"}],"predecessor-version":[{"id":7309,"href":"https:\/\/ruralrafaela.com.ar\/exporural2025\/wp-json\/wp\/v2\/posts\/7290\/revisions\/7309"}],"wp:featuredmedia":[{"embeddable":true,"href":"https:\/\/ruralrafaela.com.ar\/exporural2025\/wp-json\/wp\/v2\/media\/7296"}],"wp:attachment":[{"href":"https:\/\/ruralrafaela.com.ar\/exporural2025\/wp-json\/wp\/v2\/media?parent=7290"}],"wp:term":[{"taxonomy":"category","embeddable":true,"href":"https:\/\/ruralrafaela.com.ar\/exporural2025\/wp-json\/wp\/v2\/categories?post=7290"},{"taxonomy":"post_tag","embeddable":true,"href":"https:\/\/ruralrafaela.com.ar\/exporural2025\/wp-json\/wp\/v2\/tags?post=7290"}],"curies":[{"name":"wp","href":"https:\/\/api.w.org\/{rel}","templated":true}]}}