{"id":7282,"date":"2025-09-21T22:03:37","date_gmt":"2025-09-21T22:03:37","guid":{"rendered":"https:\/\/ruralrafaela.com.ar\/exporural2025\/?p=7282"},"modified":"2025-09-21T22:03:39","modified_gmt":"2025-09-21T22:03:39","slug":"rafaela-celebro-el-centenario-de-la-jura-de-animales-de-granja-por-estandar","status":"publish","type":"post","link":"https:\/\/ruralrafaela.com.ar\/exporural2025\/2025\/09\/21\/rafaela-celebro-el-centenario-de-la-jura-de-animales-de-granja-por-estandar\/","title":{"rendered":"Rafaela celebr\u00f3 el centenario de la jura de animales de granja por est\u00e1ndar"},"content":{"rendered":"\n<figure class=\"wp-block-gallery has-nested-images columns-default is-cropped wp-block-gallery-1 is-layout-flex wp-block-gallery-is-layout-flex\">\n<figure class=\"wp-block-image size-large\"><img fetchpriority=\"high\" decoding=\"async\" width=\"1024\" height=\"683\" data-id=\"7287\" src=\"https:\/\/ruralrafaela.com.ar\/exporural2025\/wp-content\/uploads\/sites\/24\/2025\/09\/Jura-gallinas-11-de-12-1024x683.jpg\" alt=\"\" class=\"wp-image-7287\" srcset=\"https:\/\/ruralrafaela.com.ar\/exporural2025\/wp-content\/uploads\/sites\/24\/2025\/09\/Jura-gallinas-11-de-12-1024x683.jpg 1024w, https:\/\/ruralrafaela.com.ar\/exporural2025\/wp-content\/uploads\/sites\/24\/2025\/09\/Jura-gallinas-11-de-12-300x200.jpg 300w, https:\/\/ruralrafaela.com.ar\/exporural2025\/wp-content\/uploads\/sites\/24\/2025\/09\/Jura-gallinas-11-de-12-768x512.jpg 768w, https:\/\/ruralrafaela.com.ar\/exporural2025\/wp-content\/uploads\/sites\/24\/2025\/09\/Jura-gallinas-11-de-12-1536x1024.jpg 1536w, https:\/\/ruralrafaela.com.ar\/exporural2025\/wp-content\/uploads\/sites\/24\/2025\/09\/Jura-gallinas-11-de-12-2048x1366.jpg 2048w\" sizes=\"(max-width: 1024px) 100vw, 1024px\" \/><\/figure>\n\n\n\n<figure class=\"wp-block-image size-large\"><img decoding=\"async\" width=\"1024\" height=\"683\" data-id=\"7286\" src=\"https:\/\/ruralrafaela.com.ar\/exporural2025\/wp-content\/uploads\/sites\/24\/2025\/09\/Jura-gallinas-8-de-12-1024x683.jpg\" alt=\"\" class=\"wp-image-7286\" srcset=\"https:\/\/ruralrafaela.com.ar\/exporural2025\/wp-content\/uploads\/sites\/24\/2025\/09\/Jura-gallinas-8-de-12-1024x683.jpg 1024w, https:\/\/ruralrafaela.com.ar\/exporural2025\/wp-content\/uploads\/sites\/24\/2025\/09\/Jura-gallinas-8-de-12-300x200.jpg 300w, https:\/\/ruralrafaela.com.ar\/exporural2025\/wp-content\/uploads\/sites\/24\/2025\/09\/Jura-gallinas-8-de-12-768x512.jpg 768w, https:\/\/ruralrafaela.com.ar\/exporural2025\/wp-content\/uploads\/sites\/24\/2025\/09\/Jura-gallinas-8-de-12-1536x1024.jpg 1536w, https:\/\/ruralrafaela.com.ar\/exporural2025\/wp-content\/uploads\/sites\/24\/2025\/09\/Jura-gallinas-8-de-12-2048x1366.jpg 2048w\" sizes=\"(max-width: 1024px) 100vw, 1024px\" \/><\/figure>\n\n\n\n<figure class=\"wp-block-image size-large\"><img decoding=\"async\" width=\"1024\" height=\"683\" data-id=\"7285\" src=\"https:\/\/ruralrafaela.com.ar\/exporural2025\/wp-content\/uploads\/sites\/24\/2025\/09\/Jura-gallinas-4-de-12-1024x683.jpg\" alt=\"\" class=\"wp-image-7285\" srcset=\"https:\/\/ruralrafaela.com.ar\/exporural2025\/wp-content\/uploads\/sites\/24\/2025\/09\/Jura-gallinas-4-de-12-1024x683.jpg 1024w, https:\/\/ruralrafaela.com.ar\/exporural2025\/wp-content\/uploads\/sites\/24\/2025\/09\/Jura-gallinas-4-de-12-300x200.jpg 300w, https:\/\/ruralrafaela.com.ar\/exporural2025\/wp-content\/uploads\/sites\/24\/2025\/09\/Jura-gallinas-4-de-12-768x512.jpg 768w, https:\/\/ruralrafaela.com.ar\/exporural2025\/wp-content\/uploads\/sites\/24\/2025\/09\/Jura-gallinas-4-de-12-1536x1024.jpg 1536w, https:\/\/ruralrafaela.com.ar\/exporural2025\/wp-content\/uploads\/sites\/24\/2025\/09\/Jura-gallinas-4-de-12-2048x1366.jpg 2048w\" sizes=\"(max-width: 1024px) 100vw, 1024px\" \/><\/figure>\n\n\n\n<figure class=\"wp-block-image size-large\"><img loading=\"lazy\" decoding=\"async\" width=\"1024\" height=\"683\" data-id=\"7284\" src=\"https:\/\/ruralrafaela.com.ar\/exporural2025\/wp-content\/uploads\/sites\/24\/2025\/09\/Jura-gallinas-2-de-12-1024x683.jpg\" alt=\"\" class=\"wp-image-7284\" srcset=\"https:\/\/ruralrafaela.com.ar\/exporural2025\/wp-content\/uploads\/sites\/24\/2025\/09\/Jura-gallinas-2-de-12-1024x683.jpg 1024w, https:\/\/ruralrafaela.com.ar\/exporural2025\/wp-content\/uploads\/sites\/24\/2025\/09\/Jura-gallinas-2-de-12-300x200.jpg 300w, https:\/\/ruralrafaela.com.ar\/exporural2025\/wp-content\/uploads\/sites\/24\/2025\/09\/Jura-gallinas-2-de-12-768x512.jpg 768w, https:\/\/ruralrafaela.com.ar\/exporural2025\/wp-content\/uploads\/sites\/24\/2025\/09\/Jura-gallinas-2-de-12-1536x1024.jpg 1536w, https:\/\/ruralrafaela.com.ar\/exporural2025\/wp-content\/uploads\/sites\/24\/2025\/09\/Jura-gallinas-2-de-12-2048x1366.jpg 2048w\" sizes=\"(max-width: 1024px) 100vw, 1024px\" \/><\/figure>\n\n\n\n<figure class=\"wp-block-image size-large\"><img loading=\"lazy\" decoding=\"async\" width=\"1024\" height=\"683\" data-id=\"7283\" src=\"https:\/\/ruralrafaela.com.ar\/exporural2025\/wp-content\/uploads\/sites\/24\/2025\/09\/Jura-gallinas-1-de-12-1024x683.jpg\" alt=\"\" class=\"wp-image-7283\" srcset=\"https:\/\/ruralrafaela.com.ar\/exporural2025\/wp-content\/uploads\/sites\/24\/2025\/09\/Jura-gallinas-1-de-12-1024x683.jpg 1024w, https:\/\/ruralrafaela.com.ar\/exporural2025\/wp-content\/uploads\/sites\/24\/2025\/09\/Jura-gallinas-1-de-12-300x200.jpg 300w, https:\/\/ruralrafaela.com.ar\/exporural2025\/wp-content\/uploads\/sites\/24\/2025\/09\/Jura-gallinas-1-de-12-768x512.jpg 768w, https:\/\/ruralrafaela.com.ar\/exporural2025\/wp-content\/uploads\/sites\/24\/2025\/09\/Jura-gallinas-1-de-12-1536x1024.jpg 1536w, https:\/\/ruralrafaela.com.ar\/exporural2025\/wp-content\/uploads\/sites\/24\/2025\/09\/Jura-gallinas-1-de-12-2048x1366.jpg 2048w\" sizes=\"(max-width: 1024px) 100vw, 1024px\" \/><\/figure>\n<\/figure>\n\n\n\n<p><\/p>\n\n\n\n<p>En el marco del resurgimiento de las exposiciones av\u00edcolas en el pa\u00eds, luego de las sucesivas restricciones por la gripe aviar, en la 118\u00b0 ExpoRural de Rafalea y la Regi\u00f3n se recuper\u00f3 la presencia de aves, en el espacio de animales de granja de la muestra.<\/p>\n\n\n\n<p>Con la presencia de Norberto Roda, como jurado experimentado del circuito nacional, se consigui\u00f3 un ordenamiento entre los ejemplares presentados que consagr\u00f3 al box 1, gallo Plymouth Rock Barrado, de Rodrigo Brondino del Criadero Don Hugo, de Esperanza, como el animal supremo del sector, que obtuvo un premio especial por ser el elegido en la celebraci\u00f3n de los cien a\u00f1os del est\u00e1ndar argentino de perfecci\u00f3n av\u00edcola.<\/p>\n\n\n\n<p>En el intercambio con el experto, se remarca la importancia de recobrar los espacios de muestra, siendo las exposiciones un punto de encuentro para la comunidad, atrayendo a una nueva generaci\u00f3n de criadores.<br>Esta nueva etapa presenta desaf\u00edos y oportunidades. Si bien los animales de mala calidad son casi inexistentes, se ha observado un aumento significativo de ejemplares regulares, lo que denota una p\u00e9rdida del rigor competitivo que exist\u00eda antes de los cortes generados por la pandemia y las diferentes restricciones sanitarias. Este fen\u00f3meno se debe en gran parte a la p\u00e9rdida del h\u00e1bito en los calendarios de exposiciones.<\/p>\n\n\n\n<p>Este a\u00f1o puntualmente, ante la falta de certezas sobre la habilitaci\u00f3n de los eventos, no iniciaron a tiempo los procesos de entrenamiento y acondicionamiento necesarios.<br>\u201cLas exposiciones de estructura y belleza son una combinaci\u00f3n de ciencia y arte, y el \u00e9xito depende de una rigurosa aplicaci\u00f3n de ambos. El criador debe interpretar el est\u00e1ndar y de ah\u00ed tratar de ajustarse al est\u00e1ndar para la selecci\u00f3n de los ejemplares a presentar. Despu\u00e9s, qui\u00e9n juzga es un hecho fortuito\u00bb.<\/p>\n\n\n\n<p>Los est\u00e1ndares de cada raza, que en Argentina est\u00e1n escritos desde 1912, son la gu\u00eda fundamental y objetiva para la cr\u00eda y la selecci\u00f3n, un faro que debe guiar a los criadores por encima de las opiniones subjetivas de los jueces.<br>El segundo pilar en la actividad es la preparaci\u00f3n para el show. El experto destac\u00f3 que los animales de competencia son \u00abatletas\u00bb y deben ser tratados como tales. \u201cNo es suficiente con que un animal sea gen\u00e9ticamente excelente si no est\u00e1 preparado para exhibir su esplendor en la jaula. La preparaci\u00f3n incluye una serie de pasos que van desde acondicionar al animal con dietas especiales hasta acostumbrarlo a la jaula, al ruido y al contacto con el p\u00fablico y los jueces\u201d. \u00abSi el animal no est\u00e1 acostumbrado a que lo toquen, a que lo miren, a que lo manoseen, a que lo saquen de una jaula, por ah\u00ed no muestra todo su esplendor,\u00bb se\u00f1al\u00f3.<br>Roda es muy concreto con sus devoluciones y riguroso en la mirada. \u201cEl camino hacia el \u00e9xito, no s\u00f3lo requiere de animales de alta calidad, sino de ejemplares que hayan sido seleccionados con base en los est\u00e1ndares de la raza y preparados con dedicaci\u00f3n y esmero para el show\u201d. Esta combinaci\u00f3n, que abarca tanto la gen\u00e9tica como el arte de la exhibici\u00f3n, es la que finalmente eleva la calidad del circuito y honra el esfuerzo de los criadores.<\/p>\n\n\n\n<p><strong>Resulados en categor\u00edas de conejos<\/strong><\/p>\n\n\n\n<p>Gran campe\u00f3n macho, box 134, raza Hollan Lop, de la Escuela de Agricultura, Ganader\u00eda y Granja de la UNL, Esperanza; la reservado Gran Campe\u00f3n macho, box 105, neozeland\u00e9s blanco, de Miguel Orellano.<\/p>\n\n\n\n<p>Gran campe\u00f3n hembra, box 119, leonado de Borgo\u00f1oa, de Mart\u00edn P\u00e9rez; y reservado, box 127, californiano hembra de la Escuela de Agricultura, Ganader\u00eda y Granja de la UNL.<\/p>\n\n\n\n<p><strong>Resultados porcinos<\/strong><\/p>\n\n\n\n<p>Gran Campe\u00f3n macho, box 13, Hampshire de 7 meses, de Chiarotto. Reservado el box 14, Hampshir de 11 meses, de Chiarotto.<\/p>\n\n\n\n<p>En hembras el Gran Campe\u00f3n fue el box 5, Yorkshire con 80 d\u00edas de pre\u00f1ez, de Walter Debotti. El reservado, box 9, Yorkshire con 45 d\u00edas de pre\u00f1ez, de Walter Debotti.<\/p>\n","protected":false},"excerpt":{"rendered":"<p>En el marco del resurgimiento de las exposiciones av\u00edcolas en el pa\u00eds, luego de las sucesivas restricciones por la gripe aviar, en la 118\u00b0 ExpoRural de Rafalea y la Regi\u00f3n se recuper\u00f3 la presencia de aves, en el espacio de animales de granja de la muestra. Con la presencia de Norberto Roda, como jurado experimentado [&hellip;]<\/p>\n","protected":false},"author":17,"featured_media":7284,"comment_status":"closed","ping_status":"open","sticky":false,"template":"","format":"standard","meta":{"ocean_post_layout":"","ocean_both_sidebars_style":"","ocean_both_sidebars_content_width":0,"ocean_both_sidebars_sidebars_width":0,"ocean_sidebar":"","ocean_second_sidebar":"","ocean_disable_margins":"enable","ocean_add_body_class":"","ocean_shortcode_before_top_bar":"","ocean_shortcode_after_top_bar":"","ocean_shortcode_before_header":"","ocean_shortcode_after_header":"","ocean_has_shortcode":"","ocean_shortcode_after_title":"","ocean_shortcode_before_footer_widgets":"","ocean_shortcode_after_footer_widgets":"","ocean_shortcode_before_footer_bottom":"","ocean_shortcode_after_footer_bottom":"","ocean_display_top_bar":"default","ocean_display_header":"default","ocean_header_style":"","ocean_center_header_left_menu":"","ocean_custom_header_template":"","ocean_custom_logo":0,"ocean_custom_retina_logo":0,"ocean_custom_logo_max_width":0,"ocean_custom_logo_tablet_max_width":0,"ocean_custom_logo_mobile_max_width":0,"ocean_custom_logo_max_height":0,"ocean_custom_logo_tablet_max_height":0,"ocean_custom_logo_mobile_max_height":0,"ocean_header_custom_menu":"","ocean_menu_typo_font_family":"","ocean_menu_typo_font_subset":"","ocean_menu_typo_font_size":0,"ocean_menu_typo_font_size_tablet":0,"ocean_menu_typo_font_size_mobile":0,"ocean_menu_typo_font_size_unit":"px","ocean_menu_typo_font_weight":"","ocean_menu_typo_font_weight_tablet":"","ocean_menu_typo_font_weight_mobile":"","ocean_menu_typo_transform":"","ocean_menu_typo_transform_tablet":"","ocean_menu_typo_transform_mobile":"","ocean_menu_typo_line_height":0,"ocean_menu_typo_line_height_tablet":0,"ocean_menu_typo_line_height_mobile":0,"ocean_menu_typo_line_height_unit":"","ocean_menu_typo_spacing":0,"ocean_menu_typo_spacing_tablet":0,"ocean_menu_typo_spacing_mobile":0,"ocean_menu_typo_spacing_unit":"","ocean_menu_link_color":"","ocean_menu_link_color_hover":"","ocean_menu_link_color_active":"","ocean_menu_link_background":"","ocean_menu_link_hover_background":"","ocean_menu_link_active_background":"","ocean_menu_social_links_bg":"","ocean_menu_social_hover_links_bg":"","ocean_menu_social_links_color":"","ocean_menu_social_hover_links_color":"","ocean_disable_title":"default","ocean_disable_heading":"default","ocean_post_title":"","ocean_post_subheading":"","ocean_post_title_style":"","ocean_post_title_background_color":"","ocean_post_title_background":0,"ocean_post_title_bg_image_position":"","ocean_post_title_bg_image_attachment":"","ocean_post_title_bg_image_repeat":"","ocean_post_title_bg_image_size":"","ocean_post_title_height":0,"ocean_post_title_bg_overlay":0.5,"ocean_post_title_bg_overlay_color":"","ocean_disable_breadcrumbs":"default","ocean_breadcrumbs_color":"","ocean_breadcrumbs_separator_color":"","ocean_breadcrumbs_links_color":"","ocean_breadcrumbs_links_hover_color":"","ocean_display_footer_widgets":"default","ocean_display_footer_bottom":"default","ocean_custom_footer_template":"","_joinchat":[],"ocean_post_oembed":"","ocean_post_self_hosted_media":"","ocean_post_video_embed":"","ocean_link_format":"","ocean_link_format_target":"self","ocean_quote_format":"","ocean_quote_format_link":"post","ocean_gallery_link_images":"on","ocean_gallery_id":[],"footnotes":""},"categories":[52,12],"tags":[57,9,15],"class_list":["post-7282","post","type-post","status-publish","format-standard","has-post-thumbnail","hentry","category-exporural-2025","category-informacion-institucional","tag-animales-de-granja","tag-exporural","tag-rafaela","entry","has-media"],"yoast_head":"<!-- This site is optimized with the Yoast SEO plugin v27.5 - https:\/\/yoast.com\/product\/yoast-seo-wordpress\/ -->\n<title>Rafaela celebr\u00f3 el centenario de la jura de animales de granja por est\u00e1ndar - 118 Expo Rural Rafaela 2025<\/title>\n<meta name=\"robots\" content=\"index, follow, max-snippet:-1, max-image-preview:large, max-video-preview:-1\" \/>\n<link rel=\"canonical\" href=\"https:\/\/ruralrafaela.com.ar\/exporural2025\/2025\/09\/21\/rafaela-celebro-el-centenario-de-la-jura-de-animales-de-granja-por-estandar\/\" \/>\n<meta property=\"og:locale\" content=\"es_ES\" \/>\n<meta property=\"og:type\" content=\"article\" \/>\n<meta property=\"og:title\" content=\"Rafaela celebr\u00f3 el centenario de la jura de animales de granja por est\u00e1ndar - 118 Expo Rural Rafaela 2025\" \/>\n<meta property=\"og:description\" content=\"En el marco del resurgimiento de las exposiciones av\u00edcolas en el pa\u00eds, luego de las sucesivas restricciones por la gripe aviar, en la 118\u00b0 ExpoRural de Rafalea y la Regi\u00f3n se recuper\u00f3 la presencia de aves, en el espacio de animales de granja de la muestra. Con la presencia de Norberto Roda, como jurado experimentado [&hellip;]\" \/>\n<meta property=\"og:url\" content=\"https:\/\/ruralrafaela.com.ar\/exporural2025\/2025\/09\/21\/rafaela-celebro-el-centenario-de-la-jura-de-animales-de-granja-por-estandar\/\" \/>\n<meta property=\"og:site_name\" content=\"118 Expo Rural Rafaela 2025\" \/>\n<meta property=\"article:published_time\" content=\"2025-09-21T22:03:37+00:00\" \/>\n<meta property=\"article:modified_time\" content=\"2025-09-21T22:03:39+00:00\" \/>\n<meta property=\"og:image\" content=\"https:\/\/ruralrafaela.com.ar\/exporural2025\/wp-content\/uploads\/sites\/24\/2025\/09\/Jura-gallinas-2-de-12.jpg\" \/>\n\t<meta property=\"og:image:width\" content=\"2080\" \/>\n\t<meta property=\"og:image:height\" content=\"1387\" \/>\n\t<meta property=\"og:image:type\" content=\"image\/jpeg\" \/>\n<meta name=\"author\" content=\"voces\" \/>\n<meta name=\"twitter:card\" content=\"summary_large_image\" \/>\n<meta name=\"twitter:label1\" content=\"Escrito por\" \/>\n\t<meta name=\"twitter:data1\" content=\"voces\" \/>\n\t<meta name=\"twitter:label2\" content=\"Tiempo de lectura\" \/>\n\t<meta name=\"twitter:data2\" content=\"5 minutos\" \/>\n<script type=\"application\/ld+json\" class=\"yoast-schema-graph\">{\"@context\":\"https:\\\/\\\/schema.org\",\"@graph\":[{\"@type\":\"Article\",\"@id\":\"https:\\\/\\\/ruralrafaela.com.ar\\\/exporural2025\\\/2025\\\/09\\\/21\\\/rafaela-celebro-el-centenario-de-la-jura-de-animales-de-granja-por-estandar\\\/#article\",\"isPartOf\":{\"@id\":\"https:\\\/\\\/ruralrafaela.com.ar\\\/exporural2025\\\/2025\\\/09\\\/21\\\/rafaela-celebro-el-centenario-de-la-jura-de-animales-de-granja-por-estandar\\\/\"},\"author\":{\"name\":\"voces\",\"@id\":\"https:\\\/\\\/ruralrafaela.com.ar\\\/exporural2025\\\/#\\\/schema\\\/person\\\/fa167bfed3a2b8029213c0bac80612f7\"},\"headline\":\"Rafaela celebr\u00f3 el centenario de la jura de animales de granja por est\u00e1ndar\",\"datePublished\":\"2025-09-21T22:03:37+00:00\",\"dateModified\":\"2025-09-21T22:03:39+00:00\",\"mainEntityOfPage\":{\"@id\":\"https:\\\/\\\/ruralrafaela.com.ar\\\/exporural2025\\\/2025\\\/09\\\/21\\\/rafaela-celebro-el-centenario-de-la-jura-de-animales-de-granja-por-estandar\\\/\"},\"wordCount\":695,\"publisher\":{\"@id\":\"https:\\\/\\\/ruralrafaela.com.ar\\\/exporural2025\\\/#organization\"},\"image\":{\"@id\":\"https:\\\/\\\/ruralrafaela.com.ar\\\/exporural2025\\\/2025\\\/09\\\/21\\\/rafaela-celebro-el-centenario-de-la-jura-de-animales-de-granja-por-estandar\\\/#primaryimage\"},\"thumbnailUrl\":\"https:\\\/\\\/ruralrafaela.com.ar\\\/exporural2025\\\/wp-content\\\/uploads\\\/sites\\\/24\\\/2025\\\/09\\\/Jura-gallinas-2-de-12.jpg\",\"keywords\":[\"animales de granja\",\"exporural\",\"rafaela\"],\"articleSection\":[\"Exporural 2025\",\"Informaci\u00f3n Institucional\"],\"inLanguage\":\"es\"},{\"@type\":\"WebPage\",\"@id\":\"https:\\\/\\\/ruralrafaela.com.ar\\\/exporural2025\\\/2025\\\/09\\\/21\\\/rafaela-celebro-el-centenario-de-la-jura-de-animales-de-granja-por-estandar\\\/\",\"url\":\"https:\\\/\\\/ruralrafaela.com.ar\\\/exporural2025\\\/2025\\\/09\\\/21\\\/rafaela-celebro-el-centenario-de-la-jura-de-animales-de-granja-por-estandar\\\/\",\"name\":\"Rafaela celebr\u00f3 el centenario de la jura de animales de granja por est\u00e1ndar - 118 Expo Rural Rafaela 2025\",\"isPartOf\":{\"@id\":\"https:\\\/\\\/ruralrafaela.com.ar\\\/exporural2025\\\/#website\"},\"primaryImageOfPage\":{\"@id\":\"https:\\\/\\\/ruralrafaela.com.ar\\\/exporural2025\\\/2025\\\/09\\\/21\\\/rafaela-celebro-el-centenario-de-la-jura-de-animales-de-granja-por-estandar\\\/#primaryimage\"},\"image\":{\"@id\":\"https:\\\/\\\/ruralrafaela.com.ar\\\/exporural2025\\\/2025\\\/09\\\/21\\\/rafaela-celebro-el-centenario-de-la-jura-de-animales-de-granja-por-estandar\\\/#primaryimage\"},\"thumbnailUrl\":\"https:\\\/\\\/ruralrafaela.com.ar\\\/exporural2025\\\/wp-content\\\/uploads\\\/sites\\\/24\\\/2025\\\/09\\\/Jura-gallinas-2-de-12.jpg\",\"datePublished\":\"2025-09-21T22:03:37+00:00\",\"dateModified\":\"2025-09-21T22:03:39+00:00\",\"breadcrumb\":{\"@id\":\"https:\\\/\\\/ruralrafaela.com.ar\\\/exporural2025\\\/2025\\\/09\\\/21\\\/rafaela-celebro-el-centenario-de-la-jura-de-animales-de-granja-por-estandar\\\/#breadcrumb\"},\"inLanguage\":\"es\",\"potentialAction\":[{\"@type\":\"ReadAction\",\"target\":[\"https:\\\/\\\/ruralrafaela.com.ar\\\/exporural2025\\\/2025\\\/09\\\/21\\\/rafaela-celebro-el-centenario-de-la-jura-de-animales-de-granja-por-estandar\\\/\"]}]},{\"@type\":\"ImageObject\",\"inLanguage\":\"es\",\"@id\":\"https:\\\/\\\/ruralrafaela.com.ar\\\/exporural2025\\\/2025\\\/09\\\/21\\\/rafaela-celebro-el-centenario-de-la-jura-de-animales-de-granja-por-estandar\\\/#primaryimage\",\"url\":\"https:\\\/\\\/ruralrafaela.com.ar\\\/exporural2025\\\/wp-content\\\/uploads\\\/sites\\\/24\\\/2025\\\/09\\\/Jura-gallinas-2-de-12.jpg\",\"contentUrl\":\"https:\\\/\\\/ruralrafaela.com.ar\\\/exporural2025\\\/wp-content\\\/uploads\\\/sites\\\/24\\\/2025\\\/09\\\/Jura-gallinas-2-de-12.jpg\",\"width\":\"2080\",\"height\":\"1387\"},{\"@type\":\"BreadcrumbList\",\"@id\":\"https:\\\/\\\/ruralrafaela.com.ar\\\/exporural2025\\\/2025\\\/09\\\/21\\\/rafaela-celebro-el-centenario-de-la-jura-de-animales-de-granja-por-estandar\\\/#breadcrumb\",\"itemListElement\":[{\"@type\":\"ListItem\",\"position\":1,\"name\":\"Portada\",\"item\":\"https:\\\/\\\/ruralrafaela.com.ar\\\/exporural2025\\\/\"},{\"@type\":\"ListItem\",\"position\":2,\"name\":\"Rafaela celebr\u00f3 el centenario de la jura de animales de granja por est\u00e1ndar\"}]},{\"@type\":\"WebSite\",\"@id\":\"https:\\\/\\\/ruralrafaela.com.ar\\\/exporural2025\\\/#website\",\"url\":\"https:\\\/\\\/ruralrafaela.com.ar\\\/exporural2025\\\/\",\"name\":\"118 Expo Rural Rafaela 2025\",\"description\":\"Sitio oficial de la Expo Rural Rafaela\",\"publisher\":{\"@id\":\"https:\\\/\\\/ruralrafaela.com.ar\\\/exporural2025\\\/#organization\"},\"potentialAction\":[{\"@type\":\"SearchAction\",\"target\":{\"@type\":\"EntryPoint\",\"urlTemplate\":\"https:\\\/\\\/ruralrafaela.com.ar\\\/exporural2025\\\/?s={search_term_string}\"},\"query-input\":{\"@type\":\"PropertyValueSpecification\",\"valueRequired\":true,\"valueName\":\"search_term_string\"}}],\"inLanguage\":\"es\"},{\"@type\":\"Organization\",\"@id\":\"https:\\\/\\\/ruralrafaela.com.ar\\\/exporural2025\\\/#organization\",\"name\":\"118 Expo Rural Rafaela 2025\",\"url\":\"https:\\\/\\\/ruralrafaela.com.ar\\\/exporural2025\\\/\",\"logo\":{\"@type\":\"ImageObject\",\"inLanguage\":\"es\",\"@id\":\"https:\\\/\\\/ruralrafaela.com.ar\\\/exporural2025\\\/#\\\/schema\\\/logo\\\/image\\\/\",\"url\":\"https:\\\/\\\/ruralrafaela.com.ar\\\/exporural2025\\\/wp-content\\\/uploads\\\/sites\\\/24\\\/2025\\\/08\\\/logo_expo2025.jpg\",\"contentUrl\":\"https:\\\/\\\/ruralrafaela.com.ar\\\/exporural2025\\\/wp-content\\\/uploads\\\/sites\\\/24\\\/2025\\\/08\\\/logo_expo2025.jpg\",\"width\":611,\"height\":368,\"caption\":\"118 Expo Rural Rafaela 2025\"},\"image\":{\"@id\":\"https:\\\/\\\/ruralrafaela.com.ar\\\/exporural2025\\\/#\\\/schema\\\/logo\\\/image\\\/\"}},{\"@type\":\"Person\",\"@id\":\"https:\\\/\\\/ruralrafaela.com.ar\\\/exporural2025\\\/#\\\/schema\\\/person\\\/fa167bfed3a2b8029213c0bac80612f7\",\"name\":\"voces\",\"image\":{\"@type\":\"ImageObject\",\"inLanguage\":\"es\",\"@id\":\"https:\\\/\\\/secure.gravatar.com\\\/avatar\\\/8be4c66bb16cf788ff6688b77c76240c16a5397e072068b8fd79350e9acb3d86?s=96&d=mm&r=g\",\"url\":\"https:\\\/\\\/secure.gravatar.com\\\/avatar\\\/8be4c66bb16cf788ff6688b77c76240c16a5397e072068b8fd79350e9acb3d86?s=96&d=mm&r=g\",\"contentUrl\":\"https:\\\/\\\/secure.gravatar.com\\\/avatar\\\/8be4c66bb16cf788ff6688b77c76240c16a5397e072068b8fd79350e9acb3d86?s=96&d=mm&r=g\",\"caption\":\"voces\"},\"url\":\"https:\\\/\\\/ruralrafaela.com.ar\\\/exporural2025\\\/author\\\/voces\\\/\"}]}<\/script>\n<!-- \/ Yoast SEO plugin. -->","yoast_head_json":{"title":"Rafaela celebr\u00f3 el centenario de la jura de animales de granja por est\u00e1ndar - 118 Expo Rural Rafaela 2025","robots":{"index":"index","follow":"follow","max-snippet":"max-snippet:-1","max-image-preview":"max-image-preview:large","max-video-preview":"max-video-preview:-1"},"canonical":"https:\/\/ruralrafaela.com.ar\/exporural2025\/2025\/09\/21\/rafaela-celebro-el-centenario-de-la-jura-de-animales-de-granja-por-estandar\/","og_locale":"es_ES","og_type":"article","og_title":"Rafaela celebr\u00f3 el centenario de la jura de animales de granja por est\u00e1ndar - 118 Expo Rural Rafaela 2025","og_description":"En el marco del resurgimiento de las exposiciones av\u00edcolas en el pa\u00eds, luego de las sucesivas restricciones por la gripe aviar, en la 118\u00b0 ExpoRural de Rafalea y la Regi\u00f3n se recuper\u00f3 la presencia de aves, en el espacio de animales de granja de la muestra. Con la presencia de Norberto Roda, como jurado experimentado [&hellip;]","og_url":"https:\/\/ruralrafaela.com.ar\/exporural2025\/2025\/09\/21\/rafaela-celebro-el-centenario-de-la-jura-de-animales-de-granja-por-estandar\/","og_site_name":"118 Expo Rural Rafaela 2025","article_published_time":"2025-09-21T22:03:37+00:00","article_modified_time":"2025-09-21T22:03:39+00:00","og_image":[{"width":2080,"height":1387,"url":"https:\/\/ruralrafaela.com.ar\/exporural2025\/wp-content\/uploads\/sites\/24\/2025\/09\/Jura-gallinas-2-de-12.jpg","type":"image\/jpeg"}],"author":"voces","twitter_card":"summary_large_image","twitter_misc":{"Escrito por":"voces","Tiempo de lectura":"5 minutos"},"schema":{"@context":"https:\/\/schema.org","@graph":[{"@type":"Article","@id":"https:\/\/ruralrafaela.com.ar\/exporural2025\/2025\/09\/21\/rafaela-celebro-el-centenario-de-la-jura-de-animales-de-granja-por-estandar\/#article","isPartOf":{"@id":"https:\/\/ruralrafaela.com.ar\/exporural2025\/2025\/09\/21\/rafaela-celebro-el-centenario-de-la-jura-de-animales-de-granja-por-estandar\/"},"author":{"name":"voces","@id":"https:\/\/ruralrafaela.com.ar\/exporural2025\/#\/schema\/person\/fa167bfed3a2b8029213c0bac80612f7"},"headline":"Rafaela celebr\u00f3 el centenario de la jura de animales de granja por est\u00e1ndar","datePublished":"2025-09-21T22:03:37+00:00","dateModified":"2025-09-21T22:03:39+00:00","mainEntityOfPage":{"@id":"https:\/\/ruralrafaela.com.ar\/exporural2025\/2025\/09\/21\/rafaela-celebro-el-centenario-de-la-jura-de-animales-de-granja-por-estandar\/"},"wordCount":695,"publisher":{"@id":"https:\/\/ruralrafaela.com.ar\/exporural2025\/#organization"},"image":{"@id":"https:\/\/ruralrafaela.com.ar\/exporural2025\/2025\/09\/21\/rafaela-celebro-el-centenario-de-la-jura-de-animales-de-granja-por-estandar\/#primaryimage"},"thumbnailUrl":"https:\/\/ruralrafaela.com.ar\/exporural2025\/wp-content\/uploads\/sites\/24\/2025\/09\/Jura-gallinas-2-de-12.jpg","keywords":["animales de granja","exporural","rafaela"],"articleSection":["Exporural 2025","Informaci\u00f3n Institucional"],"inLanguage":"es"},{"@type":"WebPage","@id":"https:\/\/ruralrafaela.com.ar\/exporural2025\/2025\/09\/21\/rafaela-celebro-el-centenario-de-la-jura-de-animales-de-granja-por-estandar\/","url":"https:\/\/ruralrafaela.com.ar\/exporural2025\/2025\/09\/21\/rafaela-celebro-el-centenario-de-la-jura-de-animales-de-granja-por-estandar\/","name":"Rafaela celebr\u00f3 el centenario de la jura de animales de granja por est\u00e1ndar - 118 Expo Rural Rafaela 2025","isPartOf":{"@id":"https:\/\/ruralrafaela.com.ar\/exporural2025\/#website"},"primaryImageOfPage":{"@id":"https:\/\/ruralrafaela.com.ar\/exporural2025\/2025\/09\/21\/rafaela-celebro-el-centenario-de-la-jura-de-animales-de-granja-por-estandar\/#primaryimage"},"image":{"@id":"https:\/\/ruralrafaela.com.ar\/exporural2025\/2025\/09\/21\/rafaela-celebro-el-centenario-de-la-jura-de-animales-de-granja-por-estandar\/#primaryimage"},"thumbnailUrl":"https:\/\/ruralrafaela.com.ar\/exporural2025\/wp-content\/uploads\/sites\/24\/2025\/09\/Jura-gallinas-2-de-12.jpg","datePublished":"2025-09-21T22:03:37+00:00","dateModified":"2025-09-21T22:03:39+00:00","breadcrumb":{"@id":"https:\/\/ruralrafaela.com.ar\/exporural2025\/2025\/09\/21\/rafaela-celebro-el-centenario-de-la-jura-de-animales-de-granja-por-estandar\/#breadcrumb"},"inLanguage":"es","potentialAction":[{"@type":"ReadAction","target":["https:\/\/ruralrafaela.com.ar\/exporural2025\/2025\/09\/21\/rafaela-celebro-el-centenario-de-la-jura-de-animales-de-granja-por-estandar\/"]}]},{"@type":"ImageObject","inLanguage":"es","@id":"https:\/\/ruralrafaela.com.ar\/exporural2025\/2025\/09\/21\/rafaela-celebro-el-centenario-de-la-jura-de-animales-de-granja-por-estandar\/#primaryimage","url":"https:\/\/ruralrafaela.com.ar\/exporural2025\/wp-content\/uploads\/sites\/24\/2025\/09\/Jura-gallinas-2-de-12.jpg","contentUrl":"https:\/\/ruralrafaela.com.ar\/exporural2025\/wp-content\/uploads\/sites\/24\/2025\/09\/Jura-gallinas-2-de-12.jpg","width":"2080","height":"1387"},{"@type":"BreadcrumbList","@id":"https:\/\/ruralrafaela.com.ar\/exporural2025\/2025\/09\/21\/rafaela-celebro-el-centenario-de-la-jura-de-animales-de-granja-por-estandar\/#breadcrumb","itemListElement":[{"@type":"ListItem","position":1,"name":"Portada","item":"https:\/\/ruralrafaela.com.ar\/exporural2025\/"},{"@type":"ListItem","position":2,"name":"Rafaela celebr\u00f3 el centenario de la jura de animales de granja por est\u00e1ndar"}]},{"@type":"WebSite","@id":"https:\/\/ruralrafaela.com.ar\/exporural2025\/#website","url":"https:\/\/ruralrafaela.com.ar\/exporural2025\/","name":"118 Expo Rural Rafaela 2025","description":"Sitio oficial de la Expo Rural Rafaela","publisher":{"@id":"https:\/\/ruralrafaela.com.ar\/exporural2025\/#organization"},"potentialAction":[{"@type":"SearchAction","target":{"@type":"EntryPoint","urlTemplate":"https:\/\/ruralrafaela.com.ar\/exporural2025\/?s={search_term_string}"},"query-input":{"@type":"PropertyValueSpecification","valueRequired":true,"valueName":"search_term_string"}}],"inLanguage":"es"},{"@type":"Organization","@id":"https:\/\/ruralrafaela.com.ar\/exporural2025\/#organization","name":"118 Expo Rural Rafaela 2025","url":"https:\/\/ruralrafaela.com.ar\/exporural2025\/","logo":{"@type":"ImageObject","inLanguage":"es","@id":"https:\/\/ruralrafaela.com.ar\/exporural2025\/#\/schema\/logo\/image\/","url":"https:\/\/ruralrafaela.com.ar\/exporural2025\/wp-content\/uploads\/sites\/24\/2025\/08\/logo_expo2025.jpg","contentUrl":"https:\/\/ruralrafaela.com.ar\/exporural2025\/wp-content\/uploads\/sites\/24\/2025\/08\/logo_expo2025.jpg","width":611,"height":368,"caption":"118 Expo Rural Rafaela 2025"},"image":{"@id":"https:\/\/ruralrafaela.com.ar\/exporural2025\/#\/schema\/logo\/image\/"}},{"@type":"Person","@id":"https:\/\/ruralrafaela.com.ar\/exporural2025\/#\/schema\/person\/fa167bfed3a2b8029213c0bac80612f7","name":"voces","image":{"@type":"ImageObject","inLanguage":"es","@id":"https:\/\/secure.gravatar.com\/avatar\/8be4c66bb16cf788ff6688b77c76240c16a5397e072068b8fd79350e9acb3d86?s=96&d=mm&r=g","url":"https:\/\/secure.gravatar.com\/avatar\/8be4c66bb16cf788ff6688b77c76240c16a5397e072068b8fd79350e9acb3d86?s=96&d=mm&r=g","contentUrl":"https:\/\/secure.gravatar.com\/avatar\/8be4c66bb16cf788ff6688b77c76240c16a5397e072068b8fd79350e9acb3d86?s=96&d=mm&r=g","caption":"voces"},"url":"https:\/\/ruralrafaela.com.ar\/exporural2025\/author\/voces\/"}]}},"_links":{"self":[{"href":"https:\/\/ruralrafaela.com.ar\/exporural2025\/wp-json\/wp\/v2\/posts\/7282","targetHints":{"allow":["GET"]}}],"collection":[{"href":"https:\/\/ruralrafaela.com.ar\/exporural2025\/wp-json\/wp\/v2\/posts"}],"about":[{"href":"https:\/\/ruralrafaela.com.ar\/exporural2025\/wp-json\/wp\/v2\/types\/post"}],"author":[{"embeddable":true,"href":"https:\/\/ruralrafaela.com.ar\/exporural2025\/wp-json\/wp\/v2\/users\/17"}],"replies":[{"embeddable":true,"href":"https:\/\/ruralrafaela.com.ar\/exporural2025\/wp-json\/wp\/v2\/comments?post=7282"}],"version-history":[{"count":1,"href":"https:\/\/ruralrafaela.com.ar\/exporural2025\/wp-json\/wp\/v2\/posts\/7282\/revisions"}],"predecessor-version":[{"id":7288,"href":"https:\/\/ruralrafaela.com.ar\/exporural2025\/wp-json\/wp\/v2\/posts\/7282\/revisions\/7288"}],"wp:featuredmedia":[{"embeddable":true,"href":"https:\/\/ruralrafaela.com.ar\/exporural2025\/wp-json\/wp\/v2\/media\/7284"}],"wp:attachment":[{"href":"https:\/\/ruralrafaela.com.ar\/exporural2025\/wp-json\/wp\/v2\/media?parent=7282"}],"wp:term":[{"taxonomy":"category","embeddable":true,"href":"https:\/\/ruralrafaela.com.ar\/exporural2025\/wp-json\/wp\/v2\/categories?post=7282"},{"taxonomy":"post_tag","embeddable":true,"href":"https:\/\/ruralrafaela.com.ar\/exporural2025\/wp-json\/wp\/v2\/tags?post=7282"}],"curies":[{"name":"wp","href":"https:\/\/api.w.org\/{rel}","templated":true}]}}