{"id":7267,"date":"2025-09-21T14:15:18","date_gmt":"2025-09-21T14:15:18","guid":{"rendered":"https:\/\/ruralrafaela.com.ar\/exporural2025\/?p=7267"},"modified":"2025-09-21T16:07:44","modified_gmt":"2025-09-21T16:07:44","slug":"se-realizo-el-67-concurso-de-dibujo-y-pintura-en-la-expo-rural-2025","status":"publish","type":"post","link":"https:\/\/ruralrafaela.com.ar\/exporural2025\/2025\/09\/21\/se-realizo-el-67-concurso-de-dibujo-y-pintura-en-la-expo-rural-2025\/","title":{"rendered":"Se realiz\u00f3 el 67\u00b0 Concurso de Dibujo y Pintura en la Expo Rural 2025"},"content":{"rendered":"\n<figure class=\"wp-block-gallery has-nested-images columns-default is-cropped wp-block-gallery-1 is-layout-flex wp-block-gallery-is-layout-flex\">\n<figure class=\"wp-block-image size-large\"><img fetchpriority=\"high\" decoding=\"async\" width=\"1024\" height=\"684\" data-id=\"7268\" src=\"https:\/\/ruralrafaela.com.ar\/exporural2025\/wp-content\/uploads\/sites\/24\/2025\/09\/IMG_2803-1024x684.jpg\" alt=\"\" class=\"wp-image-7268\" srcset=\"https:\/\/ruralrafaela.com.ar\/exporural2025\/wp-content\/uploads\/sites\/24\/2025\/09\/IMG_2803-1024x684.jpg 1024w, https:\/\/ruralrafaela.com.ar\/exporural2025\/wp-content\/uploads\/sites\/24\/2025\/09\/IMG_2803-300x200.jpg 300w, https:\/\/ruralrafaela.com.ar\/exporural2025\/wp-content\/uploads\/sites\/24\/2025\/09\/IMG_2803-768x513.jpg 768w, https:\/\/ruralrafaela.com.ar\/exporural2025\/wp-content\/uploads\/sites\/24\/2025\/09\/IMG_2803-1536x1027.jpg 1536w, https:\/\/ruralrafaela.com.ar\/exporural2025\/wp-content\/uploads\/sites\/24\/2025\/09\/IMG_2803.jpg 1616w\" sizes=\"(max-width: 1024px) 100vw, 1024px\" \/><\/figure>\n\n\n\n<figure class=\"wp-block-image size-large\"><img decoding=\"async\" width=\"1024\" height=\"684\" data-id=\"7269\" src=\"https:\/\/ruralrafaela.com.ar\/exporural2025\/wp-content\/uploads\/sites\/24\/2025\/09\/IMG_2804-1024x684.jpg\" alt=\"\" class=\"wp-image-7269\" srcset=\"https:\/\/ruralrafaela.com.ar\/exporural2025\/wp-content\/uploads\/sites\/24\/2025\/09\/IMG_2804-1024x684.jpg 1024w, https:\/\/ruralrafaela.com.ar\/exporural2025\/wp-content\/uploads\/sites\/24\/2025\/09\/IMG_2804-300x200.jpg 300w, https:\/\/ruralrafaela.com.ar\/exporural2025\/wp-content\/uploads\/sites\/24\/2025\/09\/IMG_2804-768x513.jpg 768w, https:\/\/ruralrafaela.com.ar\/exporural2025\/wp-content\/uploads\/sites\/24\/2025\/09\/IMG_2804-1536x1027.jpg 1536w, https:\/\/ruralrafaela.com.ar\/exporural2025\/wp-content\/uploads\/sites\/24\/2025\/09\/IMG_2804.jpg 1616w\" sizes=\"(max-width: 1024px) 100vw, 1024px\" \/><\/figure>\n\n\n\n<figure class=\"wp-block-image size-large\"><img decoding=\"async\" width=\"1024\" height=\"684\" data-id=\"7271\" src=\"https:\/\/ruralrafaela.com.ar\/exporural2025\/wp-content\/uploads\/sites\/24\/2025\/09\/IMG_2805-1024x684.jpg\" alt=\"\" class=\"wp-image-7271\" srcset=\"https:\/\/ruralrafaela.com.ar\/exporural2025\/wp-content\/uploads\/sites\/24\/2025\/09\/IMG_2805-1024x684.jpg 1024w, https:\/\/ruralrafaela.com.ar\/exporural2025\/wp-content\/uploads\/sites\/24\/2025\/09\/IMG_2805-300x200.jpg 300w, https:\/\/ruralrafaela.com.ar\/exporural2025\/wp-content\/uploads\/sites\/24\/2025\/09\/IMG_2805-768x513.jpg 768w, https:\/\/ruralrafaela.com.ar\/exporural2025\/wp-content\/uploads\/sites\/24\/2025\/09\/IMG_2805-1536x1027.jpg 1536w, https:\/\/ruralrafaela.com.ar\/exporural2025\/wp-content\/uploads\/sites\/24\/2025\/09\/IMG_2805.jpg 1616w\" sizes=\"(max-width: 1024px) 100vw, 1024px\" \/><\/figure>\n\n\n\n<figure class=\"wp-block-image size-large\"><img loading=\"lazy\" decoding=\"async\" width=\"1024\" height=\"684\" data-id=\"7270\" src=\"https:\/\/ruralrafaela.com.ar\/exporural2025\/wp-content\/uploads\/sites\/24\/2025\/09\/IMG_2806-1024x684.jpg\" alt=\"\" class=\"wp-image-7270\" srcset=\"https:\/\/ruralrafaela.com.ar\/exporural2025\/wp-content\/uploads\/sites\/24\/2025\/09\/IMG_2806-1024x684.jpg 1024w, https:\/\/ruralrafaela.com.ar\/exporural2025\/wp-content\/uploads\/sites\/24\/2025\/09\/IMG_2806-300x200.jpg 300w, https:\/\/ruralrafaela.com.ar\/exporural2025\/wp-content\/uploads\/sites\/24\/2025\/09\/IMG_2806-768x513.jpg 768w, https:\/\/ruralrafaela.com.ar\/exporural2025\/wp-content\/uploads\/sites\/24\/2025\/09\/IMG_2806-1536x1027.jpg 1536w, https:\/\/ruralrafaela.com.ar\/exporural2025\/wp-content\/uploads\/sites\/24\/2025\/09\/IMG_2806.jpg 1616w\" sizes=\"(max-width: 1024px) 100vw, 1024px\" \/><\/figure>\n\n\n\n<figure class=\"wp-block-image size-large\"><img loading=\"lazy\" decoding=\"async\" width=\"1024\" height=\"684\" data-id=\"7272\" src=\"https:\/\/ruralrafaela.com.ar\/exporural2025\/wp-content\/uploads\/sites\/24\/2025\/09\/IMG_2807-1-1024x684.jpg\" alt=\"\" class=\"wp-image-7272\" srcset=\"https:\/\/ruralrafaela.com.ar\/exporural2025\/wp-content\/uploads\/sites\/24\/2025\/09\/IMG_2807-1-1024x684.jpg 1024w, https:\/\/ruralrafaela.com.ar\/exporural2025\/wp-content\/uploads\/sites\/24\/2025\/09\/IMG_2807-1-300x200.jpg 300w, https:\/\/ruralrafaela.com.ar\/exporural2025\/wp-content\/uploads\/sites\/24\/2025\/09\/IMG_2807-1-768x513.jpg 768w, https:\/\/ruralrafaela.com.ar\/exporural2025\/wp-content\/uploads\/sites\/24\/2025\/09\/IMG_2807-1-1536x1027.jpg 1536w, https:\/\/ruralrafaela.com.ar\/exporural2025\/wp-content\/uploads\/sites\/24\/2025\/09\/IMG_2807-1.jpg 1616w\" sizes=\"(max-width: 1024px) 100vw, 1024px\" \/><\/figure>\n<\/figure>\n\n\n\n<p>En el marco de la 118\u00b0 Expo Rural de Rafaela y la Regi\u00f3n, se llev\u00f3 a cabo el tradicional <strong>Concurso de Dibujo y Pintura<\/strong>, que este a\u00f1o celebr\u00f3 su <strong>67\u00b0 edici\u00f3n<\/strong>.<\/p>\n\n\n\n<p>La actividad, desarrollada durante el jueves y viernes en las instalaciones de la Sociedad Rural de Rafaela, cont\u00f3 con la participaci\u00f3n de <strong>23 escuelas el primer d\u00eda y 28 el segundo<\/strong>. En total reuni\u00f3 a m\u00e1s de <strong>2500 chicos y chicas<\/strong>, quienes plasmaron en papel su mirada sobre el campo, la naturaleza y la vida rural.<\/p>\n\n\n\n<p>Con esta propuesta, la Sociedad Rural de Rafaela busca promover la creatividad art\u00edstica en las infancias y juventudes, adem\u00e1s de fortalecer el v\u00ednculo entre las instituciones educativas y la comunidad rural.<\/p>\n\n\n\n<p>El concurso, a\u00f1o tras a\u00f1o, despierta gran entusiasmo entre estudiantes y docentes de la ciudad y la regi\u00f3n.<\/p>\n\n\n\n<p>Compartimos a continuaci\u00f3n el listado de los ganadores:<\/p>\n\n\n\n<p>PRIMERA CATEGOR\u00cdA 5 A\u00d1OS<\/p>\n\n\n\n<p>1\u00ba PREMIO DIBUJO 5 A\u00d1OS &#8211; LUA TAMPANELLI &#8211; JARD\u00cdN 218<\/p>\n\n\n\n<p>2\u00ba PREMIO DIBUJO 5 A\u00d1OS &#8211; BENJAMIN FERRERYA &#8211; JARD\u00cdN 218<\/p>\n\n\n\n<p>1\u00ba PREMIO PINTURA 5 A\u00d1OS &#8211; BRUNO SIMONELLA &#8211; JARD\u00cdN 152<\/p>\n\n\n\n<p>2\u00ba PREMIO PINTURA 5 A\u00d1OS &#8211; ANTONIA CULASSO &#8211; JARD\u00cdN 152<\/p>\n\n\n\n<p>SEGUNDA CATEGOR\u00cdA 6\/7 A\u00d1OS<\/p>\n\n\n\n<p>1\u00ba PREMIO DIBUJO 6\/7 A\u00d1OS &#8211; FELIPE CHINQUINI &#8211; ESC. MITRE<\/p>\n\n\n\n<p>2\u00ba PREMIO DIBUJO 6\/7 A\u00d1OS &#8211; VIOLETA BARRERA &#8211; ESC. MISERICORDIA<\/p>\n\n\n\n<p>1\u00ba PREMIO PINTURA 6\/7 A\u00d1OS &#8211; MATEO PAGLIAROLI &#8211; ESC. MISERICORDIA<\/p>\n\n\n\n<p>2\u00ba PREMIO PINTURA 6\/7 A\u00d1OS &#8211; SANTIAGO ANDRETICH &#8211; ESC. MISERICORDIA<\/p>\n\n\n\n<p>TERCER CATEGOR\u00cdA 8\/9 A\u00d1OS<\/p>\n\n\n\n<p>1\u00ba PREMIO DIBUJO 8\/9 A\u00d1OS &#8211; TOMMY SANTILLAN &#8211; ESC. COL\u00d3N<\/p>\n\n\n\n<p>2\u00ba PREMIO DIBUJO 8\/9 A\u00d1OS &#8211; FRANCISCO PALAVECINO &#8211; ESC. MORENO<\/p>\n\n\n\n<p>1\u00ba PREMIO PINTURA 8\/9 A\u00d1OS &#8211; EMA SCHERNESKI &#8211; ESC. MITRE<\/p>\n\n\n\n<p>2\u00ba PREMIO PINTURA 8\/9 A\u00d1OS &#8211; SARA SCHERNESKI &#8211; ESC. MITRE<\/p>\n\n\n\n<p>CUARTA CATEGOR\u00cdA 10\/11 A\u00d1OS<\/p>\n\n\n\n<p>1\u00ba PREMIO DIBUJO 10\/11 A\u00d1OS &#8211; MATEO GODOY GERMANO &#8211; ESC. MORENO<\/p>\n\n\n\n<p>2\u00ba PREMIO DIBUJO 10\/11 A\u00d1OS &#8211; MALENA MICHELOTTI &#8211; ESC. COL\u00d3N<\/p>\n\n\n\n<p>1\u00ba PREMIO PINTURA 10\/11 A\u00d1OS &#8211; VICTORIO RICCO &#8211; ESC. MITRE<\/p>\n\n\n\n<p>2\u00ba PREMIO PINTURA 10\/11 A\u00d1OS &#8211; BARBARA PERGAZERE &#8211; ESC. MITRE<\/p>\n\n\n\n<p>MENCI\u00d3N ESPECIAL &#8211; 10\/11 A\u00d1OS &#8211; YANELA G\u00d3MEZ &#8211; ESC. COL\u00d3N<\/p>\n\n\n\n<p>QUINTA CATEGOR\u00cdA 12\/13 A\u00d1OS<\/p>\n\n\n\n<p>1\u00ba PREMIO DIBUJO 12\/13 A\u00d1OS -CANDELARIA&nbsp; SIMONELLA &#8211; ESC. MITRE<\/p>\n\n\n\n<p>2\u00ba PREMIO DIBUJO 12\/13 A\u00d1OS &#8211; SOF\u00cdA FERPOZZI &#8211; ESC. MITRE<\/p>\n\n\n\n<p>1\u00ba PREMIO PINTURA 12\/13 A\u00d1OS &#8211; AMBAR PEREZ DIAZ- ESC. MITRE<\/p>\n\n\n\n<p>2\u00ba PREMIO PINTURA 12\/13 A\u00d1OS &#8211; EVA CASTRO &#8211; ESC. MITRE<\/p>\n\n\n\n<p>SEXTA CATEGOR\u00cdA<\/p>\n\n\n\n<p>1\u00ba PREMIO DIBUJO 6\u00aa CATEGOR\u00cdA &#8211; FABRICIO OLIVA &#8211; GRANJA EL CEIBO<\/p>\n","protected":false},"excerpt":{"rendered":"<p>En el marco de la 118\u00b0 Expo Rural de Rafaela y la Regi\u00f3n, se llev\u00f3 a cabo el tradicional Concurso de Dibujo y Pintura, que este a\u00f1o celebr\u00f3 su 67\u00b0 edici\u00f3n. La actividad, desarrollada durante el jueves y viernes en las instalaciones de la Sociedad Rural de Rafaela, cont\u00f3 con la participaci\u00f3n de 23 escuelas [&hellip;]<\/p>\n","protected":false},"author":17,"featured_media":7272,"comment_status":"closed","ping_status":"open","sticky":false,"template":"","format":"standard","meta":{"ocean_post_layout":"","ocean_both_sidebars_style":"","ocean_both_sidebars_content_width":0,"ocean_both_sidebars_sidebars_width":0,"ocean_sidebar":"","ocean_second_sidebar":"","ocean_disable_margins":"enable","ocean_add_body_class":"","ocean_shortcode_before_top_bar":"","ocean_shortcode_after_top_bar":"","ocean_shortcode_before_header":"","ocean_shortcode_after_header":"","ocean_has_shortcode":"","ocean_shortcode_after_title":"","ocean_shortcode_before_footer_widgets":"","ocean_shortcode_after_footer_widgets":"","ocean_shortcode_before_footer_bottom":"","ocean_shortcode_after_footer_bottom":"","ocean_display_top_bar":"default","ocean_display_header":"default","ocean_header_style":"","ocean_center_header_left_menu":"","ocean_custom_header_template":"","ocean_custom_logo":0,"ocean_custom_retina_logo":0,"ocean_custom_logo_max_width":0,"ocean_custom_logo_tablet_max_width":0,"ocean_custom_logo_mobile_max_width":0,"ocean_custom_logo_max_height":0,"ocean_custom_logo_tablet_max_height":0,"ocean_custom_logo_mobile_max_height":0,"ocean_header_custom_menu":"","ocean_menu_typo_font_family":"","ocean_menu_typo_font_subset":"","ocean_menu_typo_font_size":0,"ocean_menu_typo_font_size_tablet":0,"ocean_menu_typo_font_size_mobile":0,"ocean_menu_typo_font_size_unit":"px","ocean_menu_typo_font_weight":"","ocean_menu_typo_font_weight_tablet":"","ocean_menu_typo_font_weight_mobile":"","ocean_menu_typo_transform":"","ocean_menu_typo_transform_tablet":"","ocean_menu_typo_transform_mobile":"","ocean_menu_typo_line_height":0,"ocean_menu_typo_line_height_tablet":0,"ocean_menu_typo_line_height_mobile":0,"ocean_menu_typo_line_height_unit":"","ocean_menu_typo_spacing":0,"ocean_menu_typo_spacing_tablet":0,"ocean_menu_typo_spacing_mobile":0,"ocean_menu_typo_spacing_unit":"","ocean_menu_link_color":"","ocean_menu_link_color_hover":"","ocean_menu_link_color_active":"","ocean_menu_link_background":"","ocean_menu_link_hover_background":"","ocean_menu_link_active_background":"","ocean_menu_social_links_bg":"","ocean_menu_social_hover_links_bg":"","ocean_menu_social_links_color":"","ocean_menu_social_hover_links_color":"","ocean_disable_title":"default","ocean_disable_heading":"default","ocean_post_title":"","ocean_post_subheading":"","ocean_post_title_style":"","ocean_post_title_background_color":"","ocean_post_title_background":0,"ocean_post_title_bg_image_position":"","ocean_post_title_bg_image_attachment":"","ocean_post_title_bg_image_repeat":"","ocean_post_title_bg_image_size":"","ocean_post_title_height":0,"ocean_post_title_bg_overlay":0.5,"ocean_post_title_bg_overlay_color":"","ocean_disable_breadcrumbs":"default","ocean_breadcrumbs_color":"","ocean_breadcrumbs_separator_color":"","ocean_breadcrumbs_links_color":"","ocean_breadcrumbs_links_hover_color":"","ocean_display_footer_widgets":"default","ocean_display_footer_bottom":"default","ocean_custom_footer_template":"","_joinchat":[],"ocean_post_oembed":"","ocean_post_self_hosted_media":"","ocean_post_video_embed":"","ocean_link_format":"","ocean_link_format_target":"self","ocean_quote_format":"","ocean_quote_format_link":"post","ocean_gallery_link_images":"on","ocean_gallery_id":[],"footnotes":""},"categories":[52,12],"tags":[50,53,9,15],"class_list":["post-7267","post","type-post","status-publish","format-standard","has-post-thumbnail","hentry","category-exporural-2025","category-informacion-institucional","tag-50","tag-concurso","tag-exporural","tag-rafaela","entry","has-media"],"yoast_head":"<!-- This site is optimized with the Yoast SEO plugin v27.5 - https:\/\/yoast.com\/product\/yoast-seo-wordpress\/ -->\n<title>Se realiz\u00f3 el 67\u00b0 Concurso de Dibujo y Pintura en la Expo Rural 2025 - 118 Expo Rural Rafaela 2025<\/title>\n<meta name=\"robots\" content=\"index, follow, max-snippet:-1, max-image-preview:large, max-video-preview:-1\" \/>\n<link rel=\"canonical\" href=\"https:\/\/ruralrafaela.com.ar\/exporural2025\/2025\/09\/21\/se-realizo-el-67-concurso-de-dibujo-y-pintura-en-la-expo-rural-2025\/\" \/>\n<meta property=\"og:locale\" content=\"es_ES\" \/>\n<meta property=\"og:type\" content=\"article\" \/>\n<meta property=\"og:title\" content=\"Se realiz\u00f3 el 67\u00b0 Concurso de Dibujo y Pintura en la Expo Rural 2025 - 118 Expo Rural Rafaela 2025\" \/>\n<meta property=\"og:description\" content=\"En el marco de la 118\u00b0 Expo Rural de Rafaela y la Regi\u00f3n, se llev\u00f3 a cabo el tradicional Concurso de Dibujo y Pintura, que este a\u00f1o celebr\u00f3 su 67\u00b0 edici\u00f3n. La actividad, desarrollada durante el jueves y viernes en las instalaciones de la Sociedad Rural de Rafaela, cont\u00f3 con la participaci\u00f3n de 23 escuelas [&hellip;]\" \/>\n<meta property=\"og:url\" content=\"https:\/\/ruralrafaela.com.ar\/exporural2025\/2025\/09\/21\/se-realizo-el-67-concurso-de-dibujo-y-pintura-en-la-expo-rural-2025\/\" \/>\n<meta property=\"og:site_name\" content=\"118 Expo Rural Rafaela 2025\" \/>\n<meta property=\"article:published_time\" content=\"2025-09-21T14:15:18+00:00\" \/>\n<meta property=\"article:modified_time\" content=\"2025-09-21T16:07:44+00:00\" \/>\n<meta property=\"og:image\" content=\"https:\/\/ruralrafaela.com.ar\/exporural2025\/wp-content\/uploads\/sites\/24\/2025\/09\/IMG_2807-1.jpg\" \/>\n\t<meta property=\"og:image:width\" content=\"1616\" \/>\n\t<meta property=\"og:image:height\" content=\"1080\" \/>\n\t<meta property=\"og:image:type\" content=\"image\/jpeg\" \/>\n<meta name=\"author\" content=\"voces\" \/>\n<meta name=\"twitter:card\" content=\"summary_large_image\" \/>\n<meta name=\"twitter:label1\" content=\"Escrito por\" \/>\n\t<meta name=\"twitter:data1\" content=\"voces\" \/>\n\t<meta name=\"twitter:label2\" content=\"Tiempo de lectura\" \/>\n\t<meta name=\"twitter:data2\" content=\"3 minutos\" \/>\n<script type=\"application\/ld+json\" class=\"yoast-schema-graph\">{\"@context\":\"https:\\\/\\\/schema.org\",\"@graph\":[{\"@type\":\"Article\",\"@id\":\"https:\\\/\\\/ruralrafaela.com.ar\\\/exporural2025\\\/2025\\\/09\\\/21\\\/se-realizo-el-67-concurso-de-dibujo-y-pintura-en-la-expo-rural-2025\\\/#article\",\"isPartOf\":{\"@id\":\"https:\\\/\\\/ruralrafaela.com.ar\\\/exporural2025\\\/2025\\\/09\\\/21\\\/se-realizo-el-67-concurso-de-dibujo-y-pintura-en-la-expo-rural-2025\\\/\"},\"author\":{\"name\":\"voces\",\"@id\":\"https:\\\/\\\/ruralrafaela.com.ar\\\/exporural2025\\\/#\\\/schema\\\/person\\\/fa167bfed3a2b8029213c0bac80612f7\"},\"headline\":\"Se realiz\u00f3 el 67\u00b0 Concurso de Dibujo y Pintura en la Expo Rural 2025\",\"datePublished\":\"2025-09-21T14:15:18+00:00\",\"dateModified\":\"2025-09-21T16:07:44+00:00\",\"mainEntityOfPage\":{\"@id\":\"https:\\\/\\\/ruralrafaela.com.ar\\\/exporural2025\\\/2025\\\/09\\\/21\\\/se-realizo-el-67-concurso-de-dibujo-y-pintura-en-la-expo-rural-2025\\\/\"},\"wordCount\":421,\"publisher\":{\"@id\":\"https:\\\/\\\/ruralrafaela.com.ar\\\/exporural2025\\\/#organization\"},\"image\":{\"@id\":\"https:\\\/\\\/ruralrafaela.com.ar\\\/exporural2025\\\/2025\\\/09\\\/21\\\/se-realizo-el-67-concurso-de-dibujo-y-pintura-en-la-expo-rural-2025\\\/#primaryimage\"},\"thumbnailUrl\":\"https:\\\/\\\/ruralrafaela.com.ar\\\/exporural2025\\\/wp-content\\\/uploads\\\/sites\\\/24\\\/2025\\\/09\\\/IMG_2807-1.jpg\",\"keywords\":[\"2025\",\"concurso\",\"exporural\",\"rafaela\"],\"articleSection\":[\"Exporural 2025\",\"Informaci\u00f3n Institucional\"],\"inLanguage\":\"es\"},{\"@type\":\"WebPage\",\"@id\":\"https:\\\/\\\/ruralrafaela.com.ar\\\/exporural2025\\\/2025\\\/09\\\/21\\\/se-realizo-el-67-concurso-de-dibujo-y-pintura-en-la-expo-rural-2025\\\/\",\"url\":\"https:\\\/\\\/ruralrafaela.com.ar\\\/exporural2025\\\/2025\\\/09\\\/21\\\/se-realizo-el-67-concurso-de-dibujo-y-pintura-en-la-expo-rural-2025\\\/\",\"name\":\"Se realiz\u00f3 el 67\u00b0 Concurso de Dibujo y Pintura en la Expo Rural 2025 - 118 Expo Rural Rafaela 2025\",\"isPartOf\":{\"@id\":\"https:\\\/\\\/ruralrafaela.com.ar\\\/exporural2025\\\/#website\"},\"primaryImageOfPage\":{\"@id\":\"https:\\\/\\\/ruralrafaela.com.ar\\\/exporural2025\\\/2025\\\/09\\\/21\\\/se-realizo-el-67-concurso-de-dibujo-y-pintura-en-la-expo-rural-2025\\\/#primaryimage\"},\"image\":{\"@id\":\"https:\\\/\\\/ruralrafaela.com.ar\\\/exporural2025\\\/2025\\\/09\\\/21\\\/se-realizo-el-67-concurso-de-dibujo-y-pintura-en-la-expo-rural-2025\\\/#primaryimage\"},\"thumbnailUrl\":\"https:\\\/\\\/ruralrafaela.com.ar\\\/exporural2025\\\/wp-content\\\/uploads\\\/sites\\\/24\\\/2025\\\/09\\\/IMG_2807-1.jpg\",\"datePublished\":\"2025-09-21T14:15:18+00:00\",\"dateModified\":\"2025-09-21T16:07:44+00:00\",\"breadcrumb\":{\"@id\":\"https:\\\/\\\/ruralrafaela.com.ar\\\/exporural2025\\\/2025\\\/09\\\/21\\\/se-realizo-el-67-concurso-de-dibujo-y-pintura-en-la-expo-rural-2025\\\/#breadcrumb\"},\"inLanguage\":\"es\",\"potentialAction\":[{\"@type\":\"ReadAction\",\"target\":[\"https:\\\/\\\/ruralrafaela.com.ar\\\/exporural2025\\\/2025\\\/09\\\/21\\\/se-realizo-el-67-concurso-de-dibujo-y-pintura-en-la-expo-rural-2025\\\/\"]}]},{\"@type\":\"ImageObject\",\"inLanguage\":\"es\",\"@id\":\"https:\\\/\\\/ruralrafaela.com.ar\\\/exporural2025\\\/2025\\\/09\\\/21\\\/se-realizo-el-67-concurso-de-dibujo-y-pintura-en-la-expo-rural-2025\\\/#primaryimage\",\"url\":\"https:\\\/\\\/ruralrafaela.com.ar\\\/exporural2025\\\/wp-content\\\/uploads\\\/sites\\\/24\\\/2025\\\/09\\\/IMG_2807-1.jpg\",\"contentUrl\":\"https:\\\/\\\/ruralrafaela.com.ar\\\/exporural2025\\\/wp-content\\\/uploads\\\/sites\\\/24\\\/2025\\\/09\\\/IMG_2807-1.jpg\",\"width\":\"1616\",\"height\":\"1080\"},{\"@type\":\"BreadcrumbList\",\"@id\":\"https:\\\/\\\/ruralrafaela.com.ar\\\/exporural2025\\\/2025\\\/09\\\/21\\\/se-realizo-el-67-concurso-de-dibujo-y-pintura-en-la-expo-rural-2025\\\/#breadcrumb\",\"itemListElement\":[{\"@type\":\"ListItem\",\"position\":1,\"name\":\"Portada\",\"item\":\"https:\\\/\\\/ruralrafaela.com.ar\\\/exporural2025\\\/\"},{\"@type\":\"ListItem\",\"position\":2,\"name\":\"Se realiz\u00f3 el 67\u00b0 Concurso de Dibujo y Pintura en la Expo Rural 2025\"}]},{\"@type\":\"WebSite\",\"@id\":\"https:\\\/\\\/ruralrafaela.com.ar\\\/exporural2025\\\/#website\",\"url\":\"https:\\\/\\\/ruralrafaela.com.ar\\\/exporural2025\\\/\",\"name\":\"118 Expo Rural Rafaela 2025\",\"description\":\"Sitio oficial de la Expo Rural Rafaela\",\"publisher\":{\"@id\":\"https:\\\/\\\/ruralrafaela.com.ar\\\/exporural2025\\\/#organization\"},\"potentialAction\":[{\"@type\":\"SearchAction\",\"target\":{\"@type\":\"EntryPoint\",\"urlTemplate\":\"https:\\\/\\\/ruralrafaela.com.ar\\\/exporural2025\\\/?s={search_term_string}\"},\"query-input\":{\"@type\":\"PropertyValueSpecification\",\"valueRequired\":true,\"valueName\":\"search_term_string\"}}],\"inLanguage\":\"es\"},{\"@type\":\"Organization\",\"@id\":\"https:\\\/\\\/ruralrafaela.com.ar\\\/exporural2025\\\/#organization\",\"name\":\"118 Expo Rural Rafaela 2025\",\"url\":\"https:\\\/\\\/ruralrafaela.com.ar\\\/exporural2025\\\/\",\"logo\":{\"@type\":\"ImageObject\",\"inLanguage\":\"es\",\"@id\":\"https:\\\/\\\/ruralrafaela.com.ar\\\/exporural2025\\\/#\\\/schema\\\/logo\\\/image\\\/\",\"url\":\"https:\\\/\\\/ruralrafaela.com.ar\\\/exporural2025\\\/wp-content\\\/uploads\\\/sites\\\/24\\\/2025\\\/08\\\/logo_expo2025.jpg\",\"contentUrl\":\"https:\\\/\\\/ruralrafaela.com.ar\\\/exporural2025\\\/wp-content\\\/uploads\\\/sites\\\/24\\\/2025\\\/08\\\/logo_expo2025.jpg\",\"width\":611,\"height\":368,\"caption\":\"118 Expo Rural Rafaela 2025\"},\"image\":{\"@id\":\"https:\\\/\\\/ruralrafaela.com.ar\\\/exporural2025\\\/#\\\/schema\\\/logo\\\/image\\\/\"}},{\"@type\":\"Person\",\"@id\":\"https:\\\/\\\/ruralrafaela.com.ar\\\/exporural2025\\\/#\\\/schema\\\/person\\\/fa167bfed3a2b8029213c0bac80612f7\",\"name\":\"voces\",\"image\":{\"@type\":\"ImageObject\",\"inLanguage\":\"es\",\"@id\":\"https:\\\/\\\/secure.gravatar.com\\\/avatar\\\/8be4c66bb16cf788ff6688b77c76240c16a5397e072068b8fd79350e9acb3d86?s=96&d=mm&r=g\",\"url\":\"https:\\\/\\\/secure.gravatar.com\\\/avatar\\\/8be4c66bb16cf788ff6688b77c76240c16a5397e072068b8fd79350e9acb3d86?s=96&d=mm&r=g\",\"contentUrl\":\"https:\\\/\\\/secure.gravatar.com\\\/avatar\\\/8be4c66bb16cf788ff6688b77c76240c16a5397e072068b8fd79350e9acb3d86?s=96&d=mm&r=g\",\"caption\":\"voces\"},\"url\":\"https:\\\/\\\/ruralrafaela.com.ar\\\/exporural2025\\\/author\\\/voces\\\/\"}]}<\/script>\n<!-- \/ Yoast SEO plugin. -->","yoast_head_json":{"title":"Se realiz\u00f3 el 67\u00b0 Concurso de Dibujo y Pintura en la Expo Rural 2025 - 118 Expo Rural Rafaela 2025","robots":{"index":"index","follow":"follow","max-snippet":"max-snippet:-1","max-image-preview":"max-image-preview:large","max-video-preview":"max-video-preview:-1"},"canonical":"https:\/\/ruralrafaela.com.ar\/exporural2025\/2025\/09\/21\/se-realizo-el-67-concurso-de-dibujo-y-pintura-en-la-expo-rural-2025\/","og_locale":"es_ES","og_type":"article","og_title":"Se realiz\u00f3 el 67\u00b0 Concurso de Dibujo y Pintura en la Expo Rural 2025 - 118 Expo Rural Rafaela 2025","og_description":"En el marco de la 118\u00b0 Expo Rural de Rafaela y la Regi\u00f3n, se llev\u00f3 a cabo el tradicional Concurso de Dibujo y Pintura, que este a\u00f1o celebr\u00f3 su 67\u00b0 edici\u00f3n. La actividad, desarrollada durante el jueves y viernes en las instalaciones de la Sociedad Rural de Rafaela, cont\u00f3 con la participaci\u00f3n de 23 escuelas [&hellip;]","og_url":"https:\/\/ruralrafaela.com.ar\/exporural2025\/2025\/09\/21\/se-realizo-el-67-concurso-de-dibujo-y-pintura-en-la-expo-rural-2025\/","og_site_name":"118 Expo Rural Rafaela 2025","article_published_time":"2025-09-21T14:15:18+00:00","article_modified_time":"2025-09-21T16:07:44+00:00","og_image":[{"width":1616,"height":1080,"url":"https:\/\/ruralrafaela.com.ar\/exporural2025\/wp-content\/uploads\/sites\/24\/2025\/09\/IMG_2807-1.jpg","type":"image\/jpeg"}],"author":"voces","twitter_card":"summary_large_image","twitter_misc":{"Escrito por":"voces","Tiempo de lectura":"3 minutos"},"schema":{"@context":"https:\/\/schema.org","@graph":[{"@type":"Article","@id":"https:\/\/ruralrafaela.com.ar\/exporural2025\/2025\/09\/21\/se-realizo-el-67-concurso-de-dibujo-y-pintura-en-la-expo-rural-2025\/#article","isPartOf":{"@id":"https:\/\/ruralrafaela.com.ar\/exporural2025\/2025\/09\/21\/se-realizo-el-67-concurso-de-dibujo-y-pintura-en-la-expo-rural-2025\/"},"author":{"name":"voces","@id":"https:\/\/ruralrafaela.com.ar\/exporural2025\/#\/schema\/person\/fa167bfed3a2b8029213c0bac80612f7"},"headline":"Se realiz\u00f3 el 67\u00b0 Concurso de Dibujo y Pintura en la Expo Rural 2025","datePublished":"2025-09-21T14:15:18+00:00","dateModified":"2025-09-21T16:07:44+00:00","mainEntityOfPage":{"@id":"https:\/\/ruralrafaela.com.ar\/exporural2025\/2025\/09\/21\/se-realizo-el-67-concurso-de-dibujo-y-pintura-en-la-expo-rural-2025\/"},"wordCount":421,"publisher":{"@id":"https:\/\/ruralrafaela.com.ar\/exporural2025\/#organization"},"image":{"@id":"https:\/\/ruralrafaela.com.ar\/exporural2025\/2025\/09\/21\/se-realizo-el-67-concurso-de-dibujo-y-pintura-en-la-expo-rural-2025\/#primaryimage"},"thumbnailUrl":"https:\/\/ruralrafaela.com.ar\/exporural2025\/wp-content\/uploads\/sites\/24\/2025\/09\/IMG_2807-1.jpg","keywords":["2025","concurso","exporural","rafaela"],"articleSection":["Exporural 2025","Informaci\u00f3n Institucional"],"inLanguage":"es"},{"@type":"WebPage","@id":"https:\/\/ruralrafaela.com.ar\/exporural2025\/2025\/09\/21\/se-realizo-el-67-concurso-de-dibujo-y-pintura-en-la-expo-rural-2025\/","url":"https:\/\/ruralrafaela.com.ar\/exporural2025\/2025\/09\/21\/se-realizo-el-67-concurso-de-dibujo-y-pintura-en-la-expo-rural-2025\/","name":"Se realiz\u00f3 el 67\u00b0 Concurso de Dibujo y Pintura en la Expo Rural 2025 - 118 Expo Rural Rafaela 2025","isPartOf":{"@id":"https:\/\/ruralrafaela.com.ar\/exporural2025\/#website"},"primaryImageOfPage":{"@id":"https:\/\/ruralrafaela.com.ar\/exporural2025\/2025\/09\/21\/se-realizo-el-67-concurso-de-dibujo-y-pintura-en-la-expo-rural-2025\/#primaryimage"},"image":{"@id":"https:\/\/ruralrafaela.com.ar\/exporural2025\/2025\/09\/21\/se-realizo-el-67-concurso-de-dibujo-y-pintura-en-la-expo-rural-2025\/#primaryimage"},"thumbnailUrl":"https:\/\/ruralrafaela.com.ar\/exporural2025\/wp-content\/uploads\/sites\/24\/2025\/09\/IMG_2807-1.jpg","datePublished":"2025-09-21T14:15:18+00:00","dateModified":"2025-09-21T16:07:44+00:00","breadcrumb":{"@id":"https:\/\/ruralrafaela.com.ar\/exporural2025\/2025\/09\/21\/se-realizo-el-67-concurso-de-dibujo-y-pintura-en-la-expo-rural-2025\/#breadcrumb"},"inLanguage":"es","potentialAction":[{"@type":"ReadAction","target":["https:\/\/ruralrafaela.com.ar\/exporural2025\/2025\/09\/21\/se-realizo-el-67-concurso-de-dibujo-y-pintura-en-la-expo-rural-2025\/"]}]},{"@type":"ImageObject","inLanguage":"es","@id":"https:\/\/ruralrafaela.com.ar\/exporural2025\/2025\/09\/21\/se-realizo-el-67-concurso-de-dibujo-y-pintura-en-la-expo-rural-2025\/#primaryimage","url":"https:\/\/ruralrafaela.com.ar\/exporural2025\/wp-content\/uploads\/sites\/24\/2025\/09\/IMG_2807-1.jpg","contentUrl":"https:\/\/ruralrafaela.com.ar\/exporural2025\/wp-content\/uploads\/sites\/24\/2025\/09\/IMG_2807-1.jpg","width":"1616","height":"1080"},{"@type":"BreadcrumbList","@id":"https:\/\/ruralrafaela.com.ar\/exporural2025\/2025\/09\/21\/se-realizo-el-67-concurso-de-dibujo-y-pintura-en-la-expo-rural-2025\/#breadcrumb","itemListElement":[{"@type":"ListItem","position":1,"name":"Portada","item":"https:\/\/ruralrafaela.com.ar\/exporural2025\/"},{"@type":"ListItem","position":2,"name":"Se realiz\u00f3 el 67\u00b0 Concurso de Dibujo y Pintura en la Expo Rural 2025"}]},{"@type":"WebSite","@id":"https:\/\/ruralrafaela.com.ar\/exporural2025\/#website","url":"https:\/\/ruralrafaela.com.ar\/exporural2025\/","name":"118 Expo Rural Rafaela 2025","description":"Sitio oficial de la Expo Rural Rafaela","publisher":{"@id":"https:\/\/ruralrafaela.com.ar\/exporural2025\/#organization"},"potentialAction":[{"@type":"SearchAction","target":{"@type":"EntryPoint","urlTemplate":"https:\/\/ruralrafaela.com.ar\/exporural2025\/?s={search_term_string}"},"query-input":{"@type":"PropertyValueSpecification","valueRequired":true,"valueName":"search_term_string"}}],"inLanguage":"es"},{"@type":"Organization","@id":"https:\/\/ruralrafaela.com.ar\/exporural2025\/#organization","name":"118 Expo Rural Rafaela 2025","url":"https:\/\/ruralrafaela.com.ar\/exporural2025\/","logo":{"@type":"ImageObject","inLanguage":"es","@id":"https:\/\/ruralrafaela.com.ar\/exporural2025\/#\/schema\/logo\/image\/","url":"https:\/\/ruralrafaela.com.ar\/exporural2025\/wp-content\/uploads\/sites\/24\/2025\/08\/logo_expo2025.jpg","contentUrl":"https:\/\/ruralrafaela.com.ar\/exporural2025\/wp-content\/uploads\/sites\/24\/2025\/08\/logo_expo2025.jpg","width":611,"height":368,"caption":"118 Expo Rural Rafaela 2025"},"image":{"@id":"https:\/\/ruralrafaela.com.ar\/exporural2025\/#\/schema\/logo\/image\/"}},{"@type":"Person","@id":"https:\/\/ruralrafaela.com.ar\/exporural2025\/#\/schema\/person\/fa167bfed3a2b8029213c0bac80612f7","name":"voces","image":{"@type":"ImageObject","inLanguage":"es","@id":"https:\/\/secure.gravatar.com\/avatar\/8be4c66bb16cf788ff6688b77c76240c16a5397e072068b8fd79350e9acb3d86?s=96&d=mm&r=g","url":"https:\/\/secure.gravatar.com\/avatar\/8be4c66bb16cf788ff6688b77c76240c16a5397e072068b8fd79350e9acb3d86?s=96&d=mm&r=g","contentUrl":"https:\/\/secure.gravatar.com\/avatar\/8be4c66bb16cf788ff6688b77c76240c16a5397e072068b8fd79350e9acb3d86?s=96&d=mm&r=g","caption":"voces"},"url":"https:\/\/ruralrafaela.com.ar\/exporural2025\/author\/voces\/"}]}},"_links":{"self":[{"href":"https:\/\/ruralrafaela.com.ar\/exporural2025\/wp-json\/wp\/v2\/posts\/7267","targetHints":{"allow":["GET"]}}],"collection":[{"href":"https:\/\/ruralrafaela.com.ar\/exporural2025\/wp-json\/wp\/v2\/posts"}],"about":[{"href":"https:\/\/ruralrafaela.com.ar\/exporural2025\/wp-json\/wp\/v2\/types\/post"}],"author":[{"embeddable":true,"href":"https:\/\/ruralrafaela.com.ar\/exporural2025\/wp-json\/wp\/v2\/users\/17"}],"replies":[{"embeddable":true,"href":"https:\/\/ruralrafaela.com.ar\/exporural2025\/wp-json\/wp\/v2\/comments?post=7267"}],"version-history":[{"count":1,"href":"https:\/\/ruralrafaela.com.ar\/exporural2025\/wp-json\/wp\/v2\/posts\/7267\/revisions"}],"predecessor-version":[{"id":7273,"href":"https:\/\/ruralrafaela.com.ar\/exporural2025\/wp-json\/wp\/v2\/posts\/7267\/revisions\/7273"}],"wp:featuredmedia":[{"embeddable":true,"href":"https:\/\/ruralrafaela.com.ar\/exporural2025\/wp-json\/wp\/v2\/media\/7272"}],"wp:attachment":[{"href":"https:\/\/ruralrafaela.com.ar\/exporural2025\/wp-json\/wp\/v2\/media?parent=7267"}],"wp:term":[{"taxonomy":"category","embeddable":true,"href":"https:\/\/ruralrafaela.com.ar\/exporural2025\/wp-json\/wp\/v2\/categories?post=7267"},{"taxonomy":"post_tag","embeddable":true,"href":"https:\/\/ruralrafaela.com.ar\/exporural2025\/wp-json\/wp\/v2\/tags?post=7267"}],"curies":[{"name":"wp","href":"https:\/\/api.w.org\/{rel}","templated":true}]}}