{"id":7232,"date":"2025-09-21T13:30:14","date_gmt":"2025-09-21T13:30:14","guid":{"rendered":"https:\/\/ruralrafaela.com.ar\/exporural2025\/?p=7232"},"modified":"2025-09-21T13:30:16","modified_gmt":"2025-09-21T13:30:16","slug":"la-lilia-se-quedo-con-los-grandes-campeones-de-la-pista-mas-lechera-del-pais","status":"publish","type":"post","link":"https:\/\/ruralrafaela.com.ar\/exporural2025\/2025\/09\/21\/la-lilia-se-quedo-con-los-grandes-campeones-de-la-pista-mas-lechera-del-pais\/","title":{"rendered":"La Lilia se qued\u00f3 con los grandes campeones de la pista m\u00e1s lechera del pa\u00eds"},"content":{"rendered":"\n<figure class=\"wp-block-gallery has-nested-images columns-default is-cropped wp-block-gallery-1 is-layout-flex wp-block-gallery-is-layout-flex\">\n<figure class=\"wp-block-image size-large\"><img fetchpriority=\"high\" decoding=\"async\" width=\"1024\" height=\"683\" data-id=\"7234\" src=\"https:\/\/ruralrafaela.com.ar\/exporural2025\/wp-content\/uploads\/sites\/24\/2025\/09\/jura-final-5-de-131-1024x683.jpg\" alt=\"\" class=\"wp-image-7234\" srcset=\"https:\/\/ruralrafaela.com.ar\/exporural2025\/wp-content\/uploads\/sites\/24\/2025\/09\/jura-final-5-de-131-1024x683.jpg 1024w, https:\/\/ruralrafaela.com.ar\/exporural2025\/wp-content\/uploads\/sites\/24\/2025\/09\/jura-final-5-de-131-300x200.jpg 300w, https:\/\/ruralrafaela.com.ar\/exporural2025\/wp-content\/uploads\/sites\/24\/2025\/09\/jura-final-5-de-131-768x512.jpg 768w, https:\/\/ruralrafaela.com.ar\/exporural2025\/wp-content\/uploads\/sites\/24\/2025\/09\/jura-final-5-de-131-1536x1024.jpg 1536w, https:\/\/ruralrafaela.com.ar\/exporural2025\/wp-content\/uploads\/sites\/24\/2025\/09\/jura-final-5-de-131-2048x1366.jpg 2048w\" sizes=\"(max-width: 1024px) 100vw, 1024px\" \/><\/figure>\n\n\n\n<figure class=\"wp-block-image size-large\"><img decoding=\"async\" width=\"1024\" height=\"683\" data-id=\"7233\" src=\"https:\/\/ruralrafaela.com.ar\/exporural2025\/wp-content\/uploads\/sites\/24\/2025\/09\/jura-final-20-de-131-1024x683.jpg\" alt=\"\" class=\"wp-image-7233\" srcset=\"https:\/\/ruralrafaela.com.ar\/exporural2025\/wp-content\/uploads\/sites\/24\/2025\/09\/jura-final-20-de-131-1024x683.jpg 1024w, https:\/\/ruralrafaela.com.ar\/exporural2025\/wp-content\/uploads\/sites\/24\/2025\/09\/jura-final-20-de-131-300x200.jpg 300w, https:\/\/ruralrafaela.com.ar\/exporural2025\/wp-content\/uploads\/sites\/24\/2025\/09\/jura-final-20-de-131-768x512.jpg 768w, https:\/\/ruralrafaela.com.ar\/exporural2025\/wp-content\/uploads\/sites\/24\/2025\/09\/jura-final-20-de-131-1536x1024.jpg 1536w, https:\/\/ruralrafaela.com.ar\/exporural2025\/wp-content\/uploads\/sites\/24\/2025\/09\/jura-final-20-de-131-2048x1366.jpg 2048w\" sizes=\"(max-width: 1024px) 100vw, 1024px\" \/><\/figure>\n\n\n\n<figure class=\"wp-block-image size-large\"><img decoding=\"async\" width=\"1024\" height=\"683\" data-id=\"7243\" src=\"https:\/\/ruralrafaela.com.ar\/exporural2025\/wp-content\/uploads\/sites\/24\/2025\/09\/jura-final-49-de-131-1024x683.jpg\" alt=\"\" class=\"wp-image-7243\" srcset=\"https:\/\/ruralrafaela.com.ar\/exporural2025\/wp-content\/uploads\/sites\/24\/2025\/09\/jura-final-49-de-131-1024x683.jpg 1024w, https:\/\/ruralrafaela.com.ar\/exporural2025\/wp-content\/uploads\/sites\/24\/2025\/09\/jura-final-49-de-131-300x200.jpg 300w, https:\/\/ruralrafaela.com.ar\/exporural2025\/wp-content\/uploads\/sites\/24\/2025\/09\/jura-final-49-de-131-768x512.jpg 768w, https:\/\/ruralrafaela.com.ar\/exporural2025\/wp-content\/uploads\/sites\/24\/2025\/09\/jura-final-49-de-131-1536x1024.jpg 1536w, https:\/\/ruralrafaela.com.ar\/exporural2025\/wp-content\/uploads\/sites\/24\/2025\/09\/jura-final-49-de-131-2048x1366.jpg 2048w\" sizes=\"(max-width: 1024px) 100vw, 1024px\" \/><\/figure>\n\n\n\n<figure class=\"wp-block-image size-large\"><img loading=\"lazy\" decoding=\"async\" width=\"1024\" height=\"683\" data-id=\"7237\" src=\"https:\/\/ruralrafaela.com.ar\/exporural2025\/wp-content\/uploads\/sites\/24\/2025\/09\/jura-final-77-de-131-1024x683.jpg\" alt=\"\" class=\"wp-image-7237\" srcset=\"https:\/\/ruralrafaela.com.ar\/exporural2025\/wp-content\/uploads\/sites\/24\/2025\/09\/jura-final-77-de-131-1024x683.jpg 1024w, https:\/\/ruralrafaela.com.ar\/exporural2025\/wp-content\/uploads\/sites\/24\/2025\/09\/jura-final-77-de-131-300x200.jpg 300w, https:\/\/ruralrafaela.com.ar\/exporural2025\/wp-content\/uploads\/sites\/24\/2025\/09\/jura-final-77-de-131-768x512.jpg 768w, https:\/\/ruralrafaela.com.ar\/exporural2025\/wp-content\/uploads\/sites\/24\/2025\/09\/jura-final-77-de-131-1536x1024.jpg 1536w, https:\/\/ruralrafaela.com.ar\/exporural2025\/wp-content\/uploads\/sites\/24\/2025\/09\/jura-final-77-de-131-2048x1366.jpg 2048w\" sizes=\"(max-width: 1024px) 100vw, 1024px\" \/><\/figure>\n\n\n\n<figure class=\"wp-block-image size-large\"><img loading=\"lazy\" decoding=\"async\" width=\"1024\" height=\"683\" data-id=\"7240\" src=\"https:\/\/ruralrafaela.com.ar\/exporural2025\/wp-content\/uploads\/sites\/24\/2025\/09\/jura-final-93-de-131-1024x683.jpg\" alt=\"\" class=\"wp-image-7240\" srcset=\"https:\/\/ruralrafaela.com.ar\/exporural2025\/wp-content\/uploads\/sites\/24\/2025\/09\/jura-final-93-de-131-1024x683.jpg 1024w, https:\/\/ruralrafaela.com.ar\/exporural2025\/wp-content\/uploads\/sites\/24\/2025\/09\/jura-final-93-de-131-300x200.jpg 300w, https:\/\/ruralrafaela.com.ar\/exporural2025\/wp-content\/uploads\/sites\/24\/2025\/09\/jura-final-93-de-131-768x512.jpg 768w, https:\/\/ruralrafaela.com.ar\/exporural2025\/wp-content\/uploads\/sites\/24\/2025\/09\/jura-final-93-de-131-1536x1024.jpg 1536w, https:\/\/ruralrafaela.com.ar\/exporural2025\/wp-content\/uploads\/sites\/24\/2025\/09\/jura-final-93-de-131-2048x1366.jpg 2048w\" sizes=\"(max-width: 1024px) 100vw, 1024px\" \/><\/figure>\n\n\n\n<figure class=\"wp-block-image size-large\"><img loading=\"lazy\" decoding=\"async\" width=\"1024\" height=\"683\" data-id=\"7241\" src=\"https:\/\/ruralrafaela.com.ar\/exporural2025\/wp-content\/uploads\/sites\/24\/2025\/09\/jura-final-98-de-131-1024x683.jpg\" alt=\"\" class=\"wp-image-7241\" srcset=\"https:\/\/ruralrafaela.com.ar\/exporural2025\/wp-content\/uploads\/sites\/24\/2025\/09\/jura-final-98-de-131-1024x683.jpg 1024w, https:\/\/ruralrafaela.com.ar\/exporural2025\/wp-content\/uploads\/sites\/24\/2025\/09\/jura-final-98-de-131-300x200.jpg 300w, https:\/\/ruralrafaela.com.ar\/exporural2025\/wp-content\/uploads\/sites\/24\/2025\/09\/jura-final-98-de-131-768x512.jpg 768w, https:\/\/ruralrafaela.com.ar\/exporural2025\/wp-content\/uploads\/sites\/24\/2025\/09\/jura-final-98-de-131-1536x1024.jpg 1536w, https:\/\/ruralrafaela.com.ar\/exporural2025\/wp-content\/uploads\/sites\/24\/2025\/09\/jura-final-98-de-131-2048x1366.jpg 2048w\" sizes=\"(max-width: 1024px) 100vw, 1024px\" \/><\/figure>\n\n\n\n<figure class=\"wp-block-image size-large\"><img loading=\"lazy\" decoding=\"async\" width=\"1024\" height=\"683\" data-id=\"7242\" src=\"https:\/\/ruralrafaela.com.ar\/exporural2025\/wp-content\/uploads\/sites\/24\/2025\/09\/jura-final-112-de-131-1024x683.jpg\" alt=\"\" class=\"wp-image-7242\" srcset=\"https:\/\/ruralrafaela.com.ar\/exporural2025\/wp-content\/uploads\/sites\/24\/2025\/09\/jura-final-112-de-131-1024x683.jpg 1024w, https:\/\/ruralrafaela.com.ar\/exporural2025\/wp-content\/uploads\/sites\/24\/2025\/09\/jura-final-112-de-131-300x200.jpg 300w, https:\/\/ruralrafaela.com.ar\/exporural2025\/wp-content\/uploads\/sites\/24\/2025\/09\/jura-final-112-de-131-768x512.jpg 768w, https:\/\/ruralrafaela.com.ar\/exporural2025\/wp-content\/uploads\/sites\/24\/2025\/09\/jura-final-112-de-131-1536x1024.jpg 1536w, https:\/\/ruralrafaela.com.ar\/exporural2025\/wp-content\/uploads\/sites\/24\/2025\/09\/jura-final-112-de-131-2048x1366.jpg 2048w\" sizes=\"(max-width: 1024px) 100vw, 1024px\" \/><\/figure>\n\n\n\n<figure class=\"wp-block-image size-large\"><img loading=\"lazy\" decoding=\"async\" width=\"1024\" height=\"683\" data-id=\"7236\" src=\"https:\/\/ruralrafaela.com.ar\/exporural2025\/wp-content\/uploads\/sites\/24\/2025\/09\/jura-final-113-de-131-1024x683.jpg\" alt=\"\" class=\"wp-image-7236\" srcset=\"https:\/\/ruralrafaela.com.ar\/exporural2025\/wp-content\/uploads\/sites\/24\/2025\/09\/jura-final-113-de-131-1024x683.jpg 1024w, https:\/\/ruralrafaela.com.ar\/exporural2025\/wp-content\/uploads\/sites\/24\/2025\/09\/jura-final-113-de-131-300x200.jpg 300w, https:\/\/ruralrafaela.com.ar\/exporural2025\/wp-content\/uploads\/sites\/24\/2025\/09\/jura-final-113-de-131-768x512.jpg 768w, https:\/\/ruralrafaela.com.ar\/exporural2025\/wp-content\/uploads\/sites\/24\/2025\/09\/jura-final-113-de-131-1536x1024.jpg 1536w, https:\/\/ruralrafaela.com.ar\/exporural2025\/wp-content\/uploads\/sites\/24\/2025\/09\/jura-final-113-de-131-2048x1366.jpg 2048w\" sizes=\"(max-width: 1024px) 100vw, 1024px\" \/><\/figure>\n\n\n\n<figure class=\"wp-block-image size-large\"><img loading=\"lazy\" decoding=\"async\" width=\"1024\" height=\"683\" data-id=\"7238\" src=\"https:\/\/ruralrafaela.com.ar\/exporural2025\/wp-content\/uploads\/sites\/24\/2025\/09\/jura-final-117-de-131-1024x683.jpg\" alt=\"\" class=\"wp-image-7238\" srcset=\"https:\/\/ruralrafaela.com.ar\/exporural2025\/wp-content\/uploads\/sites\/24\/2025\/09\/jura-final-117-de-131-1024x683.jpg 1024w, https:\/\/ruralrafaela.com.ar\/exporural2025\/wp-content\/uploads\/sites\/24\/2025\/09\/jura-final-117-de-131-300x200.jpg 300w, https:\/\/ruralrafaela.com.ar\/exporural2025\/wp-content\/uploads\/sites\/24\/2025\/09\/jura-final-117-de-131-768x512.jpg 768w, https:\/\/ruralrafaela.com.ar\/exporural2025\/wp-content\/uploads\/sites\/24\/2025\/09\/jura-final-117-de-131-1536x1024.jpg 1536w, https:\/\/ruralrafaela.com.ar\/exporural2025\/wp-content\/uploads\/sites\/24\/2025\/09\/jura-final-117-de-131-2048x1366.jpg 2048w\" sizes=\"(max-width: 1024px) 100vw, 1024px\" \/><\/figure>\n\n\n\n<figure class=\"wp-block-image size-large\"><img loading=\"lazy\" decoding=\"async\" width=\"1024\" height=\"683\" data-id=\"7239\" src=\"https:\/\/ruralrafaela.com.ar\/exporural2025\/wp-content\/uploads\/sites\/24\/2025\/09\/jura-final-119-de-131-1024x683.jpg\" alt=\"\" class=\"wp-image-7239\" srcset=\"https:\/\/ruralrafaela.com.ar\/exporural2025\/wp-content\/uploads\/sites\/24\/2025\/09\/jura-final-119-de-131-1024x683.jpg 1024w, https:\/\/ruralrafaela.com.ar\/exporural2025\/wp-content\/uploads\/sites\/24\/2025\/09\/jura-final-119-de-131-300x200.jpg 300w, https:\/\/ruralrafaela.com.ar\/exporural2025\/wp-content\/uploads\/sites\/24\/2025\/09\/jura-final-119-de-131-768x512.jpg 768w, https:\/\/ruralrafaela.com.ar\/exporural2025\/wp-content\/uploads\/sites\/24\/2025\/09\/jura-final-119-de-131-1536x1024.jpg 1536w, https:\/\/ruralrafaela.com.ar\/exporural2025\/wp-content\/uploads\/sites\/24\/2025\/09\/jura-final-119-de-131-2048x1366.jpg 2048w\" sizes=\"(max-width: 1024px) 100vw, 1024px\" \/><\/figure>\n\n\n\n<figure class=\"wp-block-image size-large\"><img loading=\"lazy\" decoding=\"async\" width=\"1024\" height=\"683\" data-id=\"7235\" src=\"https:\/\/ruralrafaela.com.ar\/exporural2025\/wp-content\/uploads\/sites\/24\/2025\/09\/jura-final-124-de-131-1024x683.jpg\" alt=\"\" class=\"wp-image-7235\" srcset=\"https:\/\/ruralrafaela.com.ar\/exporural2025\/wp-content\/uploads\/sites\/24\/2025\/09\/jura-final-124-de-131-1024x683.jpg 1024w, https:\/\/ruralrafaela.com.ar\/exporural2025\/wp-content\/uploads\/sites\/24\/2025\/09\/jura-final-124-de-131-300x200.jpg 300w, https:\/\/ruralrafaela.com.ar\/exporural2025\/wp-content\/uploads\/sites\/24\/2025\/09\/jura-final-124-de-131-768x512.jpg 768w, https:\/\/ruralrafaela.com.ar\/exporural2025\/wp-content\/uploads\/sites\/24\/2025\/09\/jura-final-124-de-131-1536x1024.jpg 1536w, https:\/\/ruralrafaela.com.ar\/exporural2025\/wp-content\/uploads\/sites\/24\/2025\/09\/jura-final-124-de-131-2048x1366.jpg 2048w\" sizes=\"(max-width: 1024px) 100vw, 1024px\" \/><\/figure>\n\n\n\n<figure class=\"wp-block-image size-large\"><img loading=\"lazy\" decoding=\"async\" width=\"1024\" height=\"683\" data-id=\"7244\" src=\"https:\/\/ruralrafaela.com.ar\/exporural2025\/wp-content\/uploads\/sites\/24\/2025\/09\/jura-final-128-de-131-1024x683.jpg\" alt=\"\" class=\"wp-image-7244\" srcset=\"https:\/\/ruralrafaela.com.ar\/exporural2025\/wp-content\/uploads\/sites\/24\/2025\/09\/jura-final-128-de-131-1024x683.jpg 1024w, https:\/\/ruralrafaela.com.ar\/exporural2025\/wp-content\/uploads\/sites\/24\/2025\/09\/jura-final-128-de-131-300x200.jpg 300w, https:\/\/ruralrafaela.com.ar\/exporural2025\/wp-content\/uploads\/sites\/24\/2025\/09\/jura-final-128-de-131-768x512.jpg 768w, https:\/\/ruralrafaela.com.ar\/exporural2025\/wp-content\/uploads\/sites\/24\/2025\/09\/jura-final-128-de-131-1536x1024.jpg 1536w, https:\/\/ruralrafaela.com.ar\/exporural2025\/wp-content\/uploads\/sites\/24\/2025\/09\/jura-final-128-de-131-2048x1366.jpg 2048w\" sizes=\"(max-width: 1024px) 100vw, 1024px\" \/><\/figure>\n\n\n\n<figure class=\"wp-block-image size-large\"><img loading=\"lazy\" decoding=\"async\" width=\"1024\" height=\"683\" data-id=\"7245\" src=\"https:\/\/ruralrafaela.com.ar\/exporural2025\/wp-content\/uploads\/sites\/24\/2025\/09\/jura-final-130-de-131-1024x683.jpg\" alt=\"\" class=\"wp-image-7245\" srcset=\"https:\/\/ruralrafaela.com.ar\/exporural2025\/wp-content\/uploads\/sites\/24\/2025\/09\/jura-final-130-de-131-1024x683.jpg 1024w, https:\/\/ruralrafaela.com.ar\/exporural2025\/wp-content\/uploads\/sites\/24\/2025\/09\/jura-final-130-de-131-300x200.jpg 300w, https:\/\/ruralrafaela.com.ar\/exporural2025\/wp-content\/uploads\/sites\/24\/2025\/09\/jura-final-130-de-131-768x512.jpg 768w, https:\/\/ruralrafaela.com.ar\/exporural2025\/wp-content\/uploads\/sites\/24\/2025\/09\/jura-final-130-de-131-1536x1024.jpg 1536w, https:\/\/ruralrafaela.com.ar\/exporural2025\/wp-content\/uploads\/sites\/24\/2025\/09\/jura-final-130-de-131-2048x1366.jpg 2048w\" sizes=\"(max-width: 1024px) 100vw, 1024px\" \/><\/figure>\n\n\n\n<figure class=\"wp-block-image size-large\"><img loading=\"lazy\" decoding=\"async\" width=\"1024\" height=\"683\" data-id=\"7246\" src=\"https:\/\/ruralrafaela.com.ar\/exporural2025\/wp-content\/uploads\/sites\/24\/2025\/09\/jura-final-131-de-131-1024x683.jpg\" alt=\"\" class=\"wp-image-7246\" srcset=\"https:\/\/ruralrafaela.com.ar\/exporural2025\/wp-content\/uploads\/sites\/24\/2025\/09\/jura-final-131-de-131-1024x683.jpg 1024w, https:\/\/ruralrafaela.com.ar\/exporural2025\/wp-content\/uploads\/sites\/24\/2025\/09\/jura-final-131-de-131-300x200.jpg 300w, https:\/\/ruralrafaela.com.ar\/exporural2025\/wp-content\/uploads\/sites\/24\/2025\/09\/jura-final-131-de-131-768x512.jpg 768w, https:\/\/ruralrafaela.com.ar\/exporural2025\/wp-content\/uploads\/sites\/24\/2025\/09\/jura-final-131-de-131-1536x1024.jpg 1536w, https:\/\/ruralrafaela.com.ar\/exporural2025\/wp-content\/uploads\/sites\/24\/2025\/09\/jura-final-131-de-131-2048x1366.jpg 2048w\" sizes=\"(max-width: 1024px) 100vw, 1024px\" \/><\/figure>\n<\/figure>\n\n\n\n<p>Fue un s\u00e1bado con todos los climas para transitar la jura de la raza Holando Argentino, en la pista m\u00e1s lechera del pa\u00eds.<\/p>\n\n\n\n<p>As\u00ed la 118\u00b0 ExpoRural de Rafaela y la Regi\u00f3n cumpli\u00f3 con su evento m\u00e1s esperado, junto a la Asociaci\u00f3n de Criadores de Holando Argentino y con el criterio del jurado italiano, Emanuele Balliana.<\/p>\n\n\n\n<p>Con una admisi\u00f3n de 115 animales y la jura de machos en la ma\u00f1ana del viernes, todas las categor\u00edas de hembras pasaron por el c\u00e9sped para ordenarse y terminar llegando a los ejemplares m\u00e1s importantes, que fueron ambos para la caba\u00f1a La Lilia de la familia Barberis.<\/p>\n\n\n\n<p>Fue el Box 124, La Lilia Ember Gloria Solomon T\/E, la que termin\u00f3 consiguiendo el t\u00edtulo de Gran Campe\u00f3n Hembra PP, Suprema de la muestra y&nbsp;Vaca&nbsp;Vitalicia, una vaca negra imponente. Sobre la Gran Campeona PP puso \u00e9nfasis en que \u201ctransmite una carrera que la ha podido desarrollar en el tambo y la caba\u00f1a, pero cuando viene a la pista es justo premiarla por sus caracter\u00edsticas morfol\u00f3gicas, siendo la mejor de todas las otras vacas que pasaron durante el d\u00eda\u201d, explic\u00f3 el jurado<\/p>\n\n\n\n<p>Agradecido por la experiencia, destac\u00f3 haber visto \u201ctantos animales hermosos\u201d.<\/p>\n\n\n\n<p>El reservado fue el box 93, Progenesis Royalflush Munich de La Luisa; y el tercero mejor fue el box 88, Progenesis Kungfu, de Barberis y Cavallero.<\/p>\n\n\n\n<p>En Registro de Cr\u00edas la Gran Campe\u00f3n fue el box 97, Siemers Rengd Parfect-ET. El reservado fue el box 91, Progenesis Champion Red, ambos de los Barberis y el tercero es box 105 de Don Sim\u00f3n SA.<\/p>\n\n\n\n<p>En tanto, la caba\u00f1a La Luisa se qued\u00f3 con el mejor conjunto de la exposici\u00f3n, con los box 93, 95, 88 y 118, ganando tambi\u00e9n el premio especial de mejor expositor con los box 93, 95, 77 y 118.<\/p>\n\n\n\n<p>Balliana desarroll\u00f3 una jura aplicada, en cada una de las categor\u00edas, destacanco siempre el trabajo de las personas que hacen a cada caba\u00f1a, las cualidades de los ejemplares y nunca dej\u00f3 de sorprenderse con la calidad de los animales que caminaron la pista.<\/p>\n\n\n\n<p>El jurado es italiano, de Cerde\u00f1a, precisamente de la localidad de Arborea. En el centro de la isla, a cinco kil\u00f3metros del mar y sobre la costa que da a Espa\u00f1a, tiene un tambo de 250 vacas que producen tres millones de litros al a\u00f1o, con un promedio de 112 mil litros por animal.<\/p>\n\n\n\n<p>\u201cArborea significa naturaleza en italiano. Es una ciudad que tiene una historia muy importante, con unas 15 mil vacas en producci\u00f3n y tres mil habitantes. En Italia es el lugar donde se tiene la mayor concentraci\u00f3n de vacas, con una tradici\u00f3n de unos 60 a\u00f1os en el trabajo con la raza Holstein\u201d.<\/p>\n\n\n\n<p>Con las particularidades de su lugar, \u201cnosotros tambi\u00e9n hacemos una exposici\u00f3n como esta, gracias a muchas personas apasionadas por la tarea y yo tengo ya 15 a\u00f1os haciendo este trabajo de jurado\u201d. regional. Hay muchas personas apasionadas. Yo hago este trabajo desde que ten\u00eda 15 a\u00f1os.<br>\u201cDesde su mirada, en los \u00faltimos dos a\u00f1os, el mundo de la leche ha cambiado y est\u00e1 empezando a ser mucho m\u00e1s remunerativo hacer este trabajo. Es cierto que desde hace 30 a\u00f1os, el n\u00famero de vacas ha disminuido much\u00edsimo. En Italia, en los \u00faltimos 30 a\u00f1os, se han perdido el 70% de los tambos, si bien el n\u00famero de vacas es un poco m\u00e1s bajo, producen mucho m\u00e1s\u201d.<\/p>\n\n\n\n<p>Esto le permite entender que el trabajo que se hace con la selecci\u00f3n gen\u00e9tica ha mejorado las condiciones.<\/p>\n\n\n\n<p>\u201cHay que considerar que la producci\u00f3n no es s\u00f3lo un negocio, es tambi\u00e9n el ambiente, porque una vaca que produce m\u00e1s tiene un impacto en el ambiente que es mucho m\u00e1s bajo\u201d.<\/p>\n\n\n\n<p>Si bien en Italia la agenda global no es relevante, lo contrario sucede en el contienente. \u201cEuropa se ha puesto en el mundo como la que quiere salvar el clima. No ten\u00edan nada m\u00e1s que pensa, se metieron con la idea de creer que con los cambios que propon\u00edan iba a empezar a hacer fr\u00edo\u201d.<\/p>\n\n\n\n<p>En su pa\u00eds el consumo es bueno, no enorme, pero la fortaleza est\u00e1 en la exportaci\u00f3n de quesos, \u201ctenemos una gran tradici\u00f3n en la industria l\u00e1ctea. Vi que aqu\u00ed en Argentina muchas de las cosas que se hacen vienen de las tradiciones italianas\u201d.<\/p>\n\n\n\n<p>Sorprendido con los valores de los animales en los remates de estos d\u00edas, explica que \u201cMe ha tocado eso, porque tambi\u00e9n en Europa el precio es elevado, porque es es muy alto porque no hay animales\u201d, mientras se desarrolla un consumo muy exigente para una cadena con muchos desaf\u00edos.<\/p>\n","protected":false},"excerpt":{"rendered":"<p>Fue un s\u00e1bado con todos los climas para transitar la jura de la raza Holando Argentino, en la pista m\u00e1s lechera del pa\u00eds. As\u00ed la 118\u00b0 ExpoRural de Rafaela y la Regi\u00f3n cumpli\u00f3 con su evento m\u00e1s esperado, junto a la Asociaci\u00f3n de Criadores de Holando Argentino y con el criterio del jurado italiano, Emanuele [&hellip;]<\/p>\n","protected":false},"author":17,"featured_media":7239,"comment_status":"closed","ping_status":"open","sticky":false,"template":"","format":"standard","meta":{"ocean_post_layout":"","ocean_both_sidebars_style":"","ocean_both_sidebars_content_width":0,"ocean_both_sidebars_sidebars_width":0,"ocean_sidebar":"","ocean_second_sidebar":"","ocean_disable_margins":"enable","ocean_add_body_class":"","ocean_shortcode_before_top_bar":"","ocean_shortcode_after_top_bar":"","ocean_shortcode_before_header":"","ocean_shortcode_after_header":"","ocean_has_shortcode":"","ocean_shortcode_after_title":"","ocean_shortcode_before_footer_widgets":"","ocean_shortcode_after_footer_widgets":"","ocean_shortcode_before_footer_bottom":"","ocean_shortcode_after_footer_bottom":"","ocean_display_top_bar":"default","ocean_display_header":"default","ocean_header_style":"","ocean_center_header_left_menu":"","ocean_custom_header_template":"","ocean_custom_logo":0,"ocean_custom_retina_logo":0,"ocean_custom_logo_max_width":0,"ocean_custom_logo_tablet_max_width":0,"ocean_custom_logo_mobile_max_width":0,"ocean_custom_logo_max_height":0,"ocean_custom_logo_tablet_max_height":0,"ocean_custom_logo_mobile_max_height":0,"ocean_header_custom_menu":"","ocean_menu_typo_font_family":"","ocean_menu_typo_font_subset":"","ocean_menu_typo_font_size":0,"ocean_menu_typo_font_size_tablet":0,"ocean_menu_typo_font_size_mobile":0,"ocean_menu_typo_font_size_unit":"px","ocean_menu_typo_font_weight":"","ocean_menu_typo_font_weight_tablet":"","ocean_menu_typo_font_weight_mobile":"","ocean_menu_typo_transform":"","ocean_menu_typo_transform_tablet":"","ocean_menu_typo_transform_mobile":"","ocean_menu_typo_line_height":0,"ocean_menu_typo_line_height_tablet":0,"ocean_menu_typo_line_height_mobile":0,"ocean_menu_typo_line_height_unit":"","ocean_menu_typo_spacing":0,"ocean_menu_typo_spacing_tablet":0,"ocean_menu_typo_spacing_mobile":0,"ocean_menu_typo_spacing_unit":"","ocean_menu_link_color":"","ocean_menu_link_color_hover":"","ocean_menu_link_color_active":"","ocean_menu_link_background":"","ocean_menu_link_hover_background":"","ocean_menu_link_active_background":"","ocean_menu_social_links_bg":"","ocean_menu_social_hover_links_bg":"","ocean_menu_social_links_color":"","ocean_menu_social_hover_links_color":"","ocean_disable_title":"default","ocean_disable_heading":"default","ocean_post_title":"","ocean_post_subheading":"","ocean_post_title_style":"","ocean_post_title_background_color":"","ocean_post_title_background":0,"ocean_post_title_bg_image_position":"","ocean_post_title_bg_image_attachment":"","ocean_post_title_bg_image_repeat":"","ocean_post_title_bg_image_size":"","ocean_post_title_height":0,"ocean_post_title_bg_overlay":0.5,"ocean_post_title_bg_overlay_color":"","ocean_disable_breadcrumbs":"default","ocean_breadcrumbs_color":"","ocean_breadcrumbs_separator_color":"","ocean_breadcrumbs_links_color":"","ocean_breadcrumbs_links_hover_color":"","ocean_display_footer_widgets":"default","ocean_display_footer_bottom":"default","ocean_custom_footer_template":"","_joinchat":[],"ocean_post_oembed":"","ocean_post_self_hosted_media":"","ocean_post_video_embed":"","ocean_link_format":"","ocean_link_format_target":"self","ocean_quote_format":"","ocean_quote_format_link":"post","ocean_gallery_link_images":"on","ocean_gallery_id":[],"footnotes":""},"categories":[1],"tags":[],"class_list":["post-7232","post","type-post","status-publish","format-standard","has-post-thumbnail","hentry","category-sin-categoria","entry","has-media"],"yoast_head":"<!-- This site is optimized with the Yoast SEO plugin v27.5 - https:\/\/yoast.com\/product\/yoast-seo-wordpress\/ -->\n<title>La Lilia se qued\u00f3 con los grandes campeones de la pista m\u00e1s lechera del pa\u00eds - 118 Expo Rural Rafaela 2025<\/title>\n<meta name=\"robots\" content=\"index, follow, max-snippet:-1, max-image-preview:large, max-video-preview:-1\" \/>\n<link rel=\"canonical\" href=\"https:\/\/ruralrafaela.com.ar\/exporural2025\/2025\/09\/21\/la-lilia-se-quedo-con-los-grandes-campeones-de-la-pista-mas-lechera-del-pais\/\" \/>\n<meta property=\"og:locale\" content=\"es_ES\" \/>\n<meta property=\"og:type\" content=\"article\" \/>\n<meta property=\"og:title\" content=\"La Lilia se qued\u00f3 con los grandes campeones de la pista m\u00e1s lechera del pa\u00eds - 118 Expo Rural Rafaela 2025\" \/>\n<meta property=\"og:description\" content=\"Fue un s\u00e1bado con todos los climas para transitar la jura de la raza Holando Argentino, en la pista m\u00e1s lechera del pa\u00eds. As\u00ed la 118\u00b0 ExpoRural de Rafaela y la Regi\u00f3n cumpli\u00f3 con su evento m\u00e1s esperado, junto a la Asociaci\u00f3n de Criadores de Holando Argentino y con el criterio del jurado italiano, Emanuele [&hellip;]\" \/>\n<meta property=\"og:url\" content=\"https:\/\/ruralrafaela.com.ar\/exporural2025\/2025\/09\/21\/la-lilia-se-quedo-con-los-grandes-campeones-de-la-pista-mas-lechera-del-pais\/\" \/>\n<meta property=\"og:site_name\" content=\"118 Expo Rural Rafaela 2025\" \/>\n<meta property=\"article:published_time\" content=\"2025-09-21T13:30:14+00:00\" \/>\n<meta property=\"article:modified_time\" content=\"2025-09-21T13:30:16+00:00\" \/>\n<meta property=\"og:image\" content=\"https:\/\/ruralrafaela.com.ar\/exporural2025\/wp-content\/uploads\/sites\/24\/2025\/09\/jura-final-119-de-131.jpg\" \/>\n\t<meta property=\"og:image:width\" content=\"2080\" \/>\n\t<meta property=\"og:image:height\" content=\"1387\" \/>\n\t<meta property=\"og:image:type\" content=\"image\/jpeg\" \/>\n<meta name=\"author\" content=\"voces\" \/>\n<meta name=\"twitter:card\" content=\"summary_large_image\" \/>\n<meta name=\"twitter:label1\" content=\"Escrito por\" \/>\n\t<meta name=\"twitter:data1\" content=\"voces\" \/>\n\t<meta name=\"twitter:label2\" content=\"Tiempo de lectura\" \/>\n\t<meta name=\"twitter:data2\" content=\"7 minutos\" \/>\n<script type=\"application\/ld+json\" class=\"yoast-schema-graph\">{\"@context\":\"https:\\\/\\\/schema.org\",\"@graph\":[{\"@type\":\"Article\",\"@id\":\"https:\\\/\\\/ruralrafaela.com.ar\\\/exporural2025\\\/2025\\\/09\\\/21\\\/la-lilia-se-quedo-con-los-grandes-campeones-de-la-pista-mas-lechera-del-pais\\\/#article\",\"isPartOf\":{\"@id\":\"https:\\\/\\\/ruralrafaela.com.ar\\\/exporural2025\\\/2025\\\/09\\\/21\\\/la-lilia-se-quedo-con-los-grandes-campeones-de-la-pista-mas-lechera-del-pais\\\/\"},\"author\":{\"name\":\"voces\",\"@id\":\"https:\\\/\\\/ruralrafaela.com.ar\\\/exporural2025\\\/#\\\/schema\\\/person\\\/fa167bfed3a2b8029213c0bac80612f7\"},\"headline\":\"La Lilia se qued\u00f3 con los grandes campeones de la pista m\u00e1s lechera del pa\u00eds\",\"datePublished\":\"2025-09-21T13:30:14+00:00\",\"dateModified\":\"2025-09-21T13:30:16+00:00\",\"mainEntityOfPage\":{\"@id\":\"https:\\\/\\\/ruralrafaela.com.ar\\\/exporural2025\\\/2025\\\/09\\\/21\\\/la-lilia-se-quedo-con-los-grandes-campeones-de-la-pista-mas-lechera-del-pais\\\/\"},\"wordCount\":821,\"publisher\":{\"@id\":\"https:\\\/\\\/ruralrafaela.com.ar\\\/exporural2025\\\/#organization\"},\"image\":{\"@id\":\"https:\\\/\\\/ruralrafaela.com.ar\\\/exporural2025\\\/2025\\\/09\\\/21\\\/la-lilia-se-quedo-con-los-grandes-campeones-de-la-pista-mas-lechera-del-pais\\\/#primaryimage\"},\"thumbnailUrl\":\"https:\\\/\\\/ruralrafaela.com.ar\\\/exporural2025\\\/wp-content\\\/uploads\\\/sites\\\/24\\\/2025\\\/09\\\/jura-final-119-de-131.jpg\",\"inLanguage\":\"es\"},{\"@type\":\"WebPage\",\"@id\":\"https:\\\/\\\/ruralrafaela.com.ar\\\/exporural2025\\\/2025\\\/09\\\/21\\\/la-lilia-se-quedo-con-los-grandes-campeones-de-la-pista-mas-lechera-del-pais\\\/\",\"url\":\"https:\\\/\\\/ruralrafaela.com.ar\\\/exporural2025\\\/2025\\\/09\\\/21\\\/la-lilia-se-quedo-con-los-grandes-campeones-de-la-pista-mas-lechera-del-pais\\\/\",\"name\":\"La Lilia se qued\u00f3 con los grandes campeones de la pista m\u00e1s lechera del pa\u00eds - 118 Expo Rural Rafaela 2025\",\"isPartOf\":{\"@id\":\"https:\\\/\\\/ruralrafaela.com.ar\\\/exporural2025\\\/#website\"},\"primaryImageOfPage\":{\"@id\":\"https:\\\/\\\/ruralrafaela.com.ar\\\/exporural2025\\\/2025\\\/09\\\/21\\\/la-lilia-se-quedo-con-los-grandes-campeones-de-la-pista-mas-lechera-del-pais\\\/#primaryimage\"},\"image\":{\"@id\":\"https:\\\/\\\/ruralrafaela.com.ar\\\/exporural2025\\\/2025\\\/09\\\/21\\\/la-lilia-se-quedo-con-los-grandes-campeones-de-la-pista-mas-lechera-del-pais\\\/#primaryimage\"},\"thumbnailUrl\":\"https:\\\/\\\/ruralrafaela.com.ar\\\/exporural2025\\\/wp-content\\\/uploads\\\/sites\\\/24\\\/2025\\\/09\\\/jura-final-119-de-131.jpg\",\"datePublished\":\"2025-09-21T13:30:14+00:00\",\"dateModified\":\"2025-09-21T13:30:16+00:00\",\"breadcrumb\":{\"@id\":\"https:\\\/\\\/ruralrafaela.com.ar\\\/exporural2025\\\/2025\\\/09\\\/21\\\/la-lilia-se-quedo-con-los-grandes-campeones-de-la-pista-mas-lechera-del-pais\\\/#breadcrumb\"},\"inLanguage\":\"es\",\"potentialAction\":[{\"@type\":\"ReadAction\",\"target\":[\"https:\\\/\\\/ruralrafaela.com.ar\\\/exporural2025\\\/2025\\\/09\\\/21\\\/la-lilia-se-quedo-con-los-grandes-campeones-de-la-pista-mas-lechera-del-pais\\\/\"]}]},{\"@type\":\"ImageObject\",\"inLanguage\":\"es\",\"@id\":\"https:\\\/\\\/ruralrafaela.com.ar\\\/exporural2025\\\/2025\\\/09\\\/21\\\/la-lilia-se-quedo-con-los-grandes-campeones-de-la-pista-mas-lechera-del-pais\\\/#primaryimage\",\"url\":\"https:\\\/\\\/ruralrafaela.com.ar\\\/exporural2025\\\/wp-content\\\/uploads\\\/sites\\\/24\\\/2025\\\/09\\\/jura-final-119-de-131.jpg\",\"contentUrl\":\"https:\\\/\\\/ruralrafaela.com.ar\\\/exporural2025\\\/wp-content\\\/uploads\\\/sites\\\/24\\\/2025\\\/09\\\/jura-final-119-de-131.jpg\",\"width\":\"2080\",\"height\":\"1387\"},{\"@type\":\"BreadcrumbList\",\"@id\":\"https:\\\/\\\/ruralrafaela.com.ar\\\/exporural2025\\\/2025\\\/09\\\/21\\\/la-lilia-se-quedo-con-los-grandes-campeones-de-la-pista-mas-lechera-del-pais\\\/#breadcrumb\",\"itemListElement\":[{\"@type\":\"ListItem\",\"position\":1,\"name\":\"Portada\",\"item\":\"https:\\\/\\\/ruralrafaela.com.ar\\\/exporural2025\\\/\"},{\"@type\":\"ListItem\",\"position\":2,\"name\":\"La Lilia se qued\u00f3 con los grandes campeones de la pista m\u00e1s lechera del pa\u00eds\"}]},{\"@type\":\"WebSite\",\"@id\":\"https:\\\/\\\/ruralrafaela.com.ar\\\/exporural2025\\\/#website\",\"url\":\"https:\\\/\\\/ruralrafaela.com.ar\\\/exporural2025\\\/\",\"name\":\"118 Expo Rural Rafaela 2025\",\"description\":\"Sitio oficial de la Expo Rural Rafaela\",\"publisher\":{\"@id\":\"https:\\\/\\\/ruralrafaela.com.ar\\\/exporural2025\\\/#organization\"},\"potentialAction\":[{\"@type\":\"SearchAction\",\"target\":{\"@type\":\"EntryPoint\",\"urlTemplate\":\"https:\\\/\\\/ruralrafaela.com.ar\\\/exporural2025\\\/?s={search_term_string}\"},\"query-input\":{\"@type\":\"PropertyValueSpecification\",\"valueRequired\":true,\"valueName\":\"search_term_string\"}}],\"inLanguage\":\"es\"},{\"@type\":\"Organization\",\"@id\":\"https:\\\/\\\/ruralrafaela.com.ar\\\/exporural2025\\\/#organization\",\"name\":\"118 Expo Rural Rafaela 2025\",\"url\":\"https:\\\/\\\/ruralrafaela.com.ar\\\/exporural2025\\\/\",\"logo\":{\"@type\":\"ImageObject\",\"inLanguage\":\"es\",\"@id\":\"https:\\\/\\\/ruralrafaela.com.ar\\\/exporural2025\\\/#\\\/schema\\\/logo\\\/image\\\/\",\"url\":\"https:\\\/\\\/ruralrafaela.com.ar\\\/exporural2025\\\/wp-content\\\/uploads\\\/sites\\\/24\\\/2025\\\/08\\\/logo_expo2025.jpg\",\"contentUrl\":\"https:\\\/\\\/ruralrafaela.com.ar\\\/exporural2025\\\/wp-content\\\/uploads\\\/sites\\\/24\\\/2025\\\/08\\\/logo_expo2025.jpg\",\"width\":611,\"height\":368,\"caption\":\"118 Expo Rural Rafaela 2025\"},\"image\":{\"@id\":\"https:\\\/\\\/ruralrafaela.com.ar\\\/exporural2025\\\/#\\\/schema\\\/logo\\\/image\\\/\"}},{\"@type\":\"Person\",\"@id\":\"https:\\\/\\\/ruralrafaela.com.ar\\\/exporural2025\\\/#\\\/schema\\\/person\\\/fa167bfed3a2b8029213c0bac80612f7\",\"name\":\"voces\",\"image\":{\"@type\":\"ImageObject\",\"inLanguage\":\"es\",\"@id\":\"https:\\\/\\\/secure.gravatar.com\\\/avatar\\\/8be4c66bb16cf788ff6688b77c76240c16a5397e072068b8fd79350e9acb3d86?s=96&d=mm&r=g\",\"url\":\"https:\\\/\\\/secure.gravatar.com\\\/avatar\\\/8be4c66bb16cf788ff6688b77c76240c16a5397e072068b8fd79350e9acb3d86?s=96&d=mm&r=g\",\"contentUrl\":\"https:\\\/\\\/secure.gravatar.com\\\/avatar\\\/8be4c66bb16cf788ff6688b77c76240c16a5397e072068b8fd79350e9acb3d86?s=96&d=mm&r=g\",\"caption\":\"voces\"},\"url\":\"https:\\\/\\\/ruralrafaela.com.ar\\\/exporural2025\\\/author\\\/voces\\\/\"}]}<\/script>\n<!-- \/ Yoast SEO plugin. -->","yoast_head_json":{"title":"La Lilia se qued\u00f3 con los grandes campeones de la pista m\u00e1s lechera del pa\u00eds - 118 Expo Rural Rafaela 2025","robots":{"index":"index","follow":"follow","max-snippet":"max-snippet:-1","max-image-preview":"max-image-preview:large","max-video-preview":"max-video-preview:-1"},"canonical":"https:\/\/ruralrafaela.com.ar\/exporural2025\/2025\/09\/21\/la-lilia-se-quedo-con-los-grandes-campeones-de-la-pista-mas-lechera-del-pais\/","og_locale":"es_ES","og_type":"article","og_title":"La Lilia se qued\u00f3 con los grandes campeones de la pista m\u00e1s lechera del pa\u00eds - 118 Expo Rural Rafaela 2025","og_description":"Fue un s\u00e1bado con todos los climas para transitar la jura de la raza Holando Argentino, en la pista m\u00e1s lechera del pa\u00eds. As\u00ed la 118\u00b0 ExpoRural de Rafaela y la Regi\u00f3n cumpli\u00f3 con su evento m\u00e1s esperado, junto a la Asociaci\u00f3n de Criadores de Holando Argentino y con el criterio del jurado italiano, Emanuele [&hellip;]","og_url":"https:\/\/ruralrafaela.com.ar\/exporural2025\/2025\/09\/21\/la-lilia-se-quedo-con-los-grandes-campeones-de-la-pista-mas-lechera-del-pais\/","og_site_name":"118 Expo Rural Rafaela 2025","article_published_time":"2025-09-21T13:30:14+00:00","article_modified_time":"2025-09-21T13:30:16+00:00","og_image":[{"width":2080,"height":1387,"url":"https:\/\/ruralrafaela.com.ar\/exporural2025\/wp-content\/uploads\/sites\/24\/2025\/09\/jura-final-119-de-131.jpg","type":"image\/jpeg"}],"author":"voces","twitter_card":"summary_large_image","twitter_misc":{"Escrito por":"voces","Tiempo de lectura":"7 minutos"},"schema":{"@context":"https:\/\/schema.org","@graph":[{"@type":"Article","@id":"https:\/\/ruralrafaela.com.ar\/exporural2025\/2025\/09\/21\/la-lilia-se-quedo-con-los-grandes-campeones-de-la-pista-mas-lechera-del-pais\/#article","isPartOf":{"@id":"https:\/\/ruralrafaela.com.ar\/exporural2025\/2025\/09\/21\/la-lilia-se-quedo-con-los-grandes-campeones-de-la-pista-mas-lechera-del-pais\/"},"author":{"name":"voces","@id":"https:\/\/ruralrafaela.com.ar\/exporural2025\/#\/schema\/person\/fa167bfed3a2b8029213c0bac80612f7"},"headline":"La Lilia se qued\u00f3 con los grandes campeones de la pista m\u00e1s lechera del pa\u00eds","datePublished":"2025-09-21T13:30:14+00:00","dateModified":"2025-09-21T13:30:16+00:00","mainEntityOfPage":{"@id":"https:\/\/ruralrafaela.com.ar\/exporural2025\/2025\/09\/21\/la-lilia-se-quedo-con-los-grandes-campeones-de-la-pista-mas-lechera-del-pais\/"},"wordCount":821,"publisher":{"@id":"https:\/\/ruralrafaela.com.ar\/exporural2025\/#organization"},"image":{"@id":"https:\/\/ruralrafaela.com.ar\/exporural2025\/2025\/09\/21\/la-lilia-se-quedo-con-los-grandes-campeones-de-la-pista-mas-lechera-del-pais\/#primaryimage"},"thumbnailUrl":"https:\/\/ruralrafaela.com.ar\/exporural2025\/wp-content\/uploads\/sites\/24\/2025\/09\/jura-final-119-de-131.jpg","inLanguage":"es"},{"@type":"WebPage","@id":"https:\/\/ruralrafaela.com.ar\/exporural2025\/2025\/09\/21\/la-lilia-se-quedo-con-los-grandes-campeones-de-la-pista-mas-lechera-del-pais\/","url":"https:\/\/ruralrafaela.com.ar\/exporural2025\/2025\/09\/21\/la-lilia-se-quedo-con-los-grandes-campeones-de-la-pista-mas-lechera-del-pais\/","name":"La Lilia se qued\u00f3 con los grandes campeones de la pista m\u00e1s lechera del pa\u00eds - 118 Expo Rural Rafaela 2025","isPartOf":{"@id":"https:\/\/ruralrafaela.com.ar\/exporural2025\/#website"},"primaryImageOfPage":{"@id":"https:\/\/ruralrafaela.com.ar\/exporural2025\/2025\/09\/21\/la-lilia-se-quedo-con-los-grandes-campeones-de-la-pista-mas-lechera-del-pais\/#primaryimage"},"image":{"@id":"https:\/\/ruralrafaela.com.ar\/exporural2025\/2025\/09\/21\/la-lilia-se-quedo-con-los-grandes-campeones-de-la-pista-mas-lechera-del-pais\/#primaryimage"},"thumbnailUrl":"https:\/\/ruralrafaela.com.ar\/exporural2025\/wp-content\/uploads\/sites\/24\/2025\/09\/jura-final-119-de-131.jpg","datePublished":"2025-09-21T13:30:14+00:00","dateModified":"2025-09-21T13:30:16+00:00","breadcrumb":{"@id":"https:\/\/ruralrafaela.com.ar\/exporural2025\/2025\/09\/21\/la-lilia-se-quedo-con-los-grandes-campeones-de-la-pista-mas-lechera-del-pais\/#breadcrumb"},"inLanguage":"es","potentialAction":[{"@type":"ReadAction","target":["https:\/\/ruralrafaela.com.ar\/exporural2025\/2025\/09\/21\/la-lilia-se-quedo-con-los-grandes-campeones-de-la-pista-mas-lechera-del-pais\/"]}]},{"@type":"ImageObject","inLanguage":"es","@id":"https:\/\/ruralrafaela.com.ar\/exporural2025\/2025\/09\/21\/la-lilia-se-quedo-con-los-grandes-campeones-de-la-pista-mas-lechera-del-pais\/#primaryimage","url":"https:\/\/ruralrafaela.com.ar\/exporural2025\/wp-content\/uploads\/sites\/24\/2025\/09\/jura-final-119-de-131.jpg","contentUrl":"https:\/\/ruralrafaela.com.ar\/exporural2025\/wp-content\/uploads\/sites\/24\/2025\/09\/jura-final-119-de-131.jpg","width":"2080","height":"1387"},{"@type":"BreadcrumbList","@id":"https:\/\/ruralrafaela.com.ar\/exporural2025\/2025\/09\/21\/la-lilia-se-quedo-con-los-grandes-campeones-de-la-pista-mas-lechera-del-pais\/#breadcrumb","itemListElement":[{"@type":"ListItem","position":1,"name":"Portada","item":"https:\/\/ruralrafaela.com.ar\/exporural2025\/"},{"@type":"ListItem","position":2,"name":"La Lilia se qued\u00f3 con los grandes campeones de la pista m\u00e1s lechera del pa\u00eds"}]},{"@type":"WebSite","@id":"https:\/\/ruralrafaela.com.ar\/exporural2025\/#website","url":"https:\/\/ruralrafaela.com.ar\/exporural2025\/","name":"118 Expo Rural Rafaela 2025","description":"Sitio oficial de la Expo Rural Rafaela","publisher":{"@id":"https:\/\/ruralrafaela.com.ar\/exporural2025\/#organization"},"potentialAction":[{"@type":"SearchAction","target":{"@type":"EntryPoint","urlTemplate":"https:\/\/ruralrafaela.com.ar\/exporural2025\/?s={search_term_string}"},"query-input":{"@type":"PropertyValueSpecification","valueRequired":true,"valueName":"search_term_string"}}],"inLanguage":"es"},{"@type":"Organization","@id":"https:\/\/ruralrafaela.com.ar\/exporural2025\/#organization","name":"118 Expo Rural Rafaela 2025","url":"https:\/\/ruralrafaela.com.ar\/exporural2025\/","logo":{"@type":"ImageObject","inLanguage":"es","@id":"https:\/\/ruralrafaela.com.ar\/exporural2025\/#\/schema\/logo\/image\/","url":"https:\/\/ruralrafaela.com.ar\/exporural2025\/wp-content\/uploads\/sites\/24\/2025\/08\/logo_expo2025.jpg","contentUrl":"https:\/\/ruralrafaela.com.ar\/exporural2025\/wp-content\/uploads\/sites\/24\/2025\/08\/logo_expo2025.jpg","width":611,"height":368,"caption":"118 Expo Rural Rafaela 2025"},"image":{"@id":"https:\/\/ruralrafaela.com.ar\/exporural2025\/#\/schema\/logo\/image\/"}},{"@type":"Person","@id":"https:\/\/ruralrafaela.com.ar\/exporural2025\/#\/schema\/person\/fa167bfed3a2b8029213c0bac80612f7","name":"voces","image":{"@type":"ImageObject","inLanguage":"es","@id":"https:\/\/secure.gravatar.com\/avatar\/8be4c66bb16cf788ff6688b77c76240c16a5397e072068b8fd79350e9acb3d86?s=96&d=mm&r=g","url":"https:\/\/secure.gravatar.com\/avatar\/8be4c66bb16cf788ff6688b77c76240c16a5397e072068b8fd79350e9acb3d86?s=96&d=mm&r=g","contentUrl":"https:\/\/secure.gravatar.com\/avatar\/8be4c66bb16cf788ff6688b77c76240c16a5397e072068b8fd79350e9acb3d86?s=96&d=mm&r=g","caption":"voces"},"url":"https:\/\/ruralrafaela.com.ar\/exporural2025\/author\/voces\/"}]}},"_links":{"self":[{"href":"https:\/\/ruralrafaela.com.ar\/exporural2025\/wp-json\/wp\/v2\/posts\/7232","targetHints":{"allow":["GET"]}}],"collection":[{"href":"https:\/\/ruralrafaela.com.ar\/exporural2025\/wp-json\/wp\/v2\/posts"}],"about":[{"href":"https:\/\/ruralrafaela.com.ar\/exporural2025\/wp-json\/wp\/v2\/types\/post"}],"author":[{"embeddable":true,"href":"https:\/\/ruralrafaela.com.ar\/exporural2025\/wp-json\/wp\/v2\/users\/17"}],"replies":[{"embeddable":true,"href":"https:\/\/ruralrafaela.com.ar\/exporural2025\/wp-json\/wp\/v2\/comments?post=7232"}],"version-history":[{"count":1,"href":"https:\/\/ruralrafaela.com.ar\/exporural2025\/wp-json\/wp\/v2\/posts\/7232\/revisions"}],"predecessor-version":[{"id":7247,"href":"https:\/\/ruralrafaela.com.ar\/exporural2025\/wp-json\/wp\/v2\/posts\/7232\/revisions\/7247"}],"wp:featuredmedia":[{"embeddable":true,"href":"https:\/\/ruralrafaela.com.ar\/exporural2025\/wp-json\/wp\/v2\/media\/7239"}],"wp:attachment":[{"href":"https:\/\/ruralrafaela.com.ar\/exporural2025\/wp-json\/wp\/v2\/media?parent=7232"}],"wp:term":[{"taxonomy":"category","embeddable":true,"href":"https:\/\/ruralrafaela.com.ar\/exporural2025\/wp-json\/wp\/v2\/categories?post=7232"},{"taxonomy":"post_tag","embeddable":true,"href":"https:\/\/ruralrafaela.com.ar\/exporural2025\/wp-json\/wp\/v2\/tags?post=7232"}],"curies":[{"name":"wp","href":"https:\/\/api.w.org\/{rel}","templated":true}]}}