{"id":7228,"date":"2025-09-20T22:57:31","date_gmt":"2025-09-20T22:57:31","guid":{"rendered":"https:\/\/ruralrafaela.com.ar\/exporural2025\/?p=7228"},"modified":"2025-09-20T22:57:33","modified_gmt":"2025-09-20T22:57:33","slug":"innovacion-bienestar-y-futuro-ejes-del-foro-de-juventudes-en-la-expo-rural","status":"publish","type":"post","link":"https:\/\/ruralrafaela.com.ar\/exporural2025\/2025\/09\/20\/innovacion-bienestar-y-futuro-ejes-del-foro-de-juventudes-en-la-expo-rural\/","title":{"rendered":"Innovaci\u00f3n, bienestar y futuro: ejes del Foro de Juventudes en la Expo Rural"},"content":{"rendered":"\n<p>El s\u00e1bado 20 de septiembre se realiz\u00f3 en el SUM de la Sociedad Rural de Rafaela el <strong>Foro de Juventudes<\/strong>, en el marco de la 118\u00aa edici\u00f3n de la Expo Rural \u2013 Muestra Institucional y Comercial de Rafaela y la Regi\u00f3n.<\/p>\n\n\n\n<p>El encuentro, organizado por el Ateneo de la Sociedad Rural de Rafaela, se present\u00f3 como un espacio de formaci\u00f3n, aprendizaje y camarader\u00eda, que reuni\u00f3 a j\u00f3venes de la ciudad y de distintas localidades, convocados por la voluntad de debatir y proyectar el futuro del agro en la Argentina. Participaron delegaciones de:<\/p>\n\n\n\n<ul class=\"wp-block-list\">\n<li>Ateneo Sociedad Rural Argentina\u00a0<\/li>\n\n\n\n<li>Ateneo ACHA\u00a0<\/li>\n\n\n\n<li>Juventud de Coop. Guillermo Lehman<\/li>\n\n\n\n<li>Juventud de la Braford Centro NOA\u00a0<\/li>\n\n\n\n<li>Ateneo CRA\u00a0<\/li>\n\n\n\n<li>Ateneo Las Colonias<\/li>\n<\/ul>\n\n\n\n<p>Uno de los momentos m\u00e1s emotivos fue el reconocimiento a <strong>Catalina Zenklusen<\/strong>, estudiante de la EESO N.\u00ba 204 \u201cDomingo de Oro\u201d de Rafaela, quien recientemente obtuvo la <strong>medalla de bronce en las Olimpiadas Iberoamericanas de Biolog\u00eda<\/strong> realizadas en Colombia. La distinci\u00f3n fue entregada por Francisco Comini e Ignacio Lungo, presidente y vicepresidente del Ateneo de la SRR, respectivamente.<\/p>\n\n\n\n<p>El Foro tambi\u00e9n ofreci\u00f3 dos instancias de reflexi\u00f3n y aprendizaje a cargo de profesionales destacados. <strong>Diego Castro<\/strong>, gerente general de Castro \u2013 Concesionario Oficial John Deere, expuso sobre innovaci\u00f3n y tecnolog\u00eda en el agro, compartiendo la experiencia de una empresa reconocida a nivel nacional por el uso inteligente de herramientas de precisi\u00f3n.<\/p>\n\n\n\n<p>Por su parte, la <strong>Lic. Graciela Van\u00edn<\/strong>, psic\u00f3loga y docente universitaria, abord\u00f3 la tem\u00e1tica de <strong>salud mental y bienestar en el agro<\/strong>, subrayando la importancia de cuidar a las personas que forman parte del sector productivo.<\/p>\n\n\n\n<p>El espacio de intercambio final permiti\u00f3 a los presentes realizar consultas y dialogar con los disertantes, enriqueciendo a\u00fan m\u00e1s la jornada.<\/p>\n\n\n\n<p>Al cierre, el presidente del Ateneo, <strong>Francisco Comini<\/strong>, agradeci\u00f3 a los asistentes, en especial a quienes viajaron desde otras localidades para sumarse a esta primera edici\u00f3n del Foro, y destac\u00f3 la importancia de seguir construyendo instancias que vinculen a las juventudes con el presente y el futuro del campo.<\/p>\n\n\n\n<figure class=\"wp-block-image size-large\"><img fetchpriority=\"high\" decoding=\"async\" width=\"1024\" height=\"768\" src=\"https:\/\/ruralrafaela.com.ar\/exporural2025\/wp-content\/uploads\/sites\/24\/2025\/09\/WhatsApp-Image-2025-09-20-at-7.48.40-PM-2-1024x768.jpeg\" alt=\"\" class=\"wp-image-7229\" srcset=\"https:\/\/ruralrafaela.com.ar\/exporural2025\/wp-content\/uploads\/sites\/24\/2025\/09\/WhatsApp-Image-2025-09-20-at-7.48.40-PM-2-1024x768.jpeg 1024w, https:\/\/ruralrafaela.com.ar\/exporural2025\/wp-content\/uploads\/sites\/24\/2025\/09\/WhatsApp-Image-2025-09-20-at-7.48.40-PM-2-300x225.jpeg 300w, https:\/\/ruralrafaela.com.ar\/exporural2025\/wp-content\/uploads\/sites\/24\/2025\/09\/WhatsApp-Image-2025-09-20-at-7.48.40-PM-2-768x576.jpeg 768w, https:\/\/ruralrafaela.com.ar\/exporural2025\/wp-content\/uploads\/sites\/24\/2025\/09\/WhatsApp-Image-2025-09-20-at-7.48.40-PM-2-1536x1152.jpeg 1536w, https:\/\/ruralrafaela.com.ar\/exporural2025\/wp-content\/uploads\/sites\/24\/2025\/09\/WhatsApp-Image-2025-09-20-at-7.48.40-PM-2.jpeg 1600w\" sizes=\"(max-width: 1024px) 100vw, 1024px\" \/><\/figure>\n","protected":false},"excerpt":{"rendered":"<p>El s\u00e1bado 20 de septiembre se realiz\u00f3 en el SUM de la Sociedad Rural de Rafaela el Foro de Juventudes, en el marco de la 118\u00aa edici\u00f3n de la Expo Rural \u2013 Muestra Institucional y Comercial de Rafaela y la Regi\u00f3n. El encuentro, organizado por el Ateneo de la Sociedad Rural de Rafaela, se present\u00f3 [&hellip;]<\/p>\n","protected":false},"author":17,"featured_media":7230,"comment_status":"closed","ping_status":"open","sticky":false,"template":"","format":"standard","meta":{"ocean_post_layout":"","ocean_both_sidebars_style":"","ocean_both_sidebars_content_width":0,"ocean_both_sidebars_sidebars_width":0,"ocean_sidebar":"","ocean_second_sidebar":"","ocean_disable_margins":"enable","ocean_add_body_class":"","ocean_shortcode_before_top_bar":"","ocean_shortcode_after_top_bar":"","ocean_shortcode_before_header":"","ocean_shortcode_after_header":"","ocean_has_shortcode":"","ocean_shortcode_after_title":"","ocean_shortcode_before_footer_widgets":"","ocean_shortcode_after_footer_widgets":"","ocean_shortcode_before_footer_bottom":"","ocean_shortcode_after_footer_bottom":"","ocean_display_top_bar":"default","ocean_display_header":"default","ocean_header_style":"","ocean_center_header_left_menu":"","ocean_custom_header_template":"","ocean_custom_logo":0,"ocean_custom_retina_logo":0,"ocean_custom_logo_max_width":0,"ocean_custom_logo_tablet_max_width":0,"ocean_custom_logo_mobile_max_width":0,"ocean_custom_logo_max_height":0,"ocean_custom_logo_tablet_max_height":0,"ocean_custom_logo_mobile_max_height":0,"ocean_header_custom_menu":"","ocean_menu_typo_font_family":"","ocean_menu_typo_font_subset":"","ocean_menu_typo_font_size":0,"ocean_menu_typo_font_size_tablet":0,"ocean_menu_typo_font_size_mobile":0,"ocean_menu_typo_font_size_unit":"px","ocean_menu_typo_font_weight":"","ocean_menu_typo_font_weight_tablet":"","ocean_menu_typo_font_weight_mobile":"","ocean_menu_typo_transform":"","ocean_menu_typo_transform_tablet":"","ocean_menu_typo_transform_mobile":"","ocean_menu_typo_line_height":0,"ocean_menu_typo_line_height_tablet":0,"ocean_menu_typo_line_height_mobile":0,"ocean_menu_typo_line_height_unit":"","ocean_menu_typo_spacing":0,"ocean_menu_typo_spacing_tablet":0,"ocean_menu_typo_spacing_mobile":0,"ocean_menu_typo_spacing_unit":"","ocean_menu_link_color":"","ocean_menu_link_color_hover":"","ocean_menu_link_color_active":"","ocean_menu_link_background":"","ocean_menu_link_hover_background":"","ocean_menu_link_active_background":"","ocean_menu_social_links_bg":"","ocean_menu_social_hover_links_bg":"","ocean_menu_social_links_color":"","ocean_menu_social_hover_links_color":"","ocean_disable_title":"default","ocean_disable_heading":"default","ocean_post_title":"","ocean_post_subheading":"","ocean_post_title_style":"","ocean_post_title_background_color":"","ocean_post_title_background":0,"ocean_post_title_bg_image_position":"","ocean_post_title_bg_image_attachment":"","ocean_post_title_bg_image_repeat":"","ocean_post_title_bg_image_size":"","ocean_post_title_height":0,"ocean_post_title_bg_overlay":0.5,"ocean_post_title_bg_overlay_color":"","ocean_disable_breadcrumbs":"default","ocean_breadcrumbs_color":"","ocean_breadcrumbs_separator_color":"","ocean_breadcrumbs_links_color":"","ocean_breadcrumbs_links_hover_color":"","ocean_display_footer_widgets":"default","ocean_display_footer_bottom":"default","ocean_custom_footer_template":"","_joinchat":[],"ocean_post_oembed":"","ocean_post_self_hosted_media":"","ocean_post_video_embed":"","ocean_link_format":"","ocean_link_format_target":"self","ocean_quote_format":"","ocean_quote_format_link":"post","ocean_gallery_link_images":"on","ocean_gallery_id":[],"footnotes":""},"categories":[52],"tags":[54,55,15],"class_list":["post-7228","post","type-post","status-publish","format-standard","has-post-thumbnail","hentry","category-exporural-2025","tag-ateneo","tag-exporural2025c","tag-rafaela","entry","has-media"],"yoast_head":"<!-- This site is optimized with the Yoast SEO plugin v27.5 - https:\/\/yoast.com\/product\/yoast-seo-wordpress\/ -->\n<title>Innovaci\u00f3n, bienestar y futuro: ejes del Foro de Juventudes en la Expo Rural - 118 Expo Rural Rafaela 2025<\/title>\n<meta name=\"robots\" content=\"index, follow, max-snippet:-1, max-image-preview:large, max-video-preview:-1\" \/>\n<link rel=\"canonical\" href=\"https:\/\/ruralrafaela.com.ar\/exporural2025\/2025\/09\/20\/innovacion-bienestar-y-futuro-ejes-del-foro-de-juventudes-en-la-expo-rural\/\" \/>\n<meta property=\"og:locale\" content=\"es_ES\" \/>\n<meta property=\"og:type\" content=\"article\" \/>\n<meta property=\"og:title\" content=\"Innovaci\u00f3n, bienestar y futuro: ejes del Foro de Juventudes en la Expo Rural - 118 Expo Rural Rafaela 2025\" \/>\n<meta property=\"og:description\" content=\"El s\u00e1bado 20 de septiembre se realiz\u00f3 en el SUM de la Sociedad Rural de Rafaela el Foro de Juventudes, en el marco de la 118\u00aa edici\u00f3n de la Expo Rural \u2013 Muestra Institucional y Comercial de Rafaela y la Regi\u00f3n. El encuentro, organizado por el Ateneo de la Sociedad Rural de Rafaela, se present\u00f3 [&hellip;]\" \/>\n<meta property=\"og:url\" content=\"https:\/\/ruralrafaela.com.ar\/exporural2025\/2025\/09\/20\/innovacion-bienestar-y-futuro-ejes-del-foro-de-juventudes-en-la-expo-rural\/\" \/>\n<meta property=\"og:site_name\" content=\"118 Expo Rural Rafaela 2025\" \/>\n<meta property=\"article:published_time\" content=\"2025-09-20T22:57:31+00:00\" \/>\n<meta property=\"article:modified_time\" content=\"2025-09-20T22:57:33+00:00\" \/>\n<meta property=\"og:image\" content=\"https:\/\/ruralrafaela.com.ar\/exporural2025\/wp-content\/uploads\/sites\/24\/2025\/09\/WhatsApp-Image-2025-09-20-at-7.48.40-PM.jpeg\" \/>\n\t<meta property=\"og:image:width\" content=\"1600\" \/>\n\t<meta property=\"og:image:height\" content=\"1200\" \/>\n\t<meta property=\"og:image:type\" content=\"image\/jpeg\" \/>\n<meta name=\"author\" content=\"voces\" \/>\n<meta name=\"twitter:card\" content=\"summary_large_image\" \/>\n<meta name=\"twitter:label1\" content=\"Escrito por\" \/>\n\t<meta name=\"twitter:data1\" content=\"voces\" \/>\n\t<meta name=\"twitter:label2\" content=\"Tiempo de lectura\" \/>\n\t<meta name=\"twitter:data2\" content=\"2 minutos\" \/>\n<script type=\"application\/ld+json\" class=\"yoast-schema-graph\">{\"@context\":\"https:\\\/\\\/schema.org\",\"@graph\":[{\"@type\":\"Article\",\"@id\":\"https:\\\/\\\/ruralrafaela.com.ar\\\/exporural2025\\\/2025\\\/09\\\/20\\\/innovacion-bienestar-y-futuro-ejes-del-foro-de-juventudes-en-la-expo-rural\\\/#article\",\"isPartOf\":{\"@id\":\"https:\\\/\\\/ruralrafaela.com.ar\\\/exporural2025\\\/2025\\\/09\\\/20\\\/innovacion-bienestar-y-futuro-ejes-del-foro-de-juventudes-en-la-expo-rural\\\/\"},\"author\":{\"name\":\"voces\",\"@id\":\"https:\\\/\\\/ruralrafaela.com.ar\\\/exporural2025\\\/#\\\/schema\\\/person\\\/fa167bfed3a2b8029213c0bac80612f7\"},\"headline\":\"Innovaci\u00f3n, bienestar y futuro: ejes del Foro de Juventudes en la Expo Rural\",\"datePublished\":\"2025-09-20T22:57:31+00:00\",\"dateModified\":\"2025-09-20T22:57:33+00:00\",\"mainEntityOfPage\":{\"@id\":\"https:\\\/\\\/ruralrafaela.com.ar\\\/exporural2025\\\/2025\\\/09\\\/20\\\/innovacion-bienestar-y-futuro-ejes-del-foro-de-juventudes-en-la-expo-rural\\\/\"},\"wordCount\":359,\"publisher\":{\"@id\":\"https:\\\/\\\/ruralrafaela.com.ar\\\/exporural2025\\\/#organization\"},\"image\":{\"@id\":\"https:\\\/\\\/ruralrafaela.com.ar\\\/exporural2025\\\/2025\\\/09\\\/20\\\/innovacion-bienestar-y-futuro-ejes-del-foro-de-juventudes-en-la-expo-rural\\\/#primaryimage\"},\"thumbnailUrl\":\"https:\\\/\\\/ruralrafaela.com.ar\\\/exporural2025\\\/wp-content\\\/uploads\\\/sites\\\/24\\\/2025\\\/09\\\/WhatsApp-Image-2025-09-20-at-7.48.40-PM.jpeg\",\"keywords\":[\"ateneo\",\"exporural2025\u00e7\",\"rafaela\"],\"articleSection\":[\"Exporural 2025\"],\"inLanguage\":\"es\"},{\"@type\":\"WebPage\",\"@id\":\"https:\\\/\\\/ruralrafaela.com.ar\\\/exporural2025\\\/2025\\\/09\\\/20\\\/innovacion-bienestar-y-futuro-ejes-del-foro-de-juventudes-en-la-expo-rural\\\/\",\"url\":\"https:\\\/\\\/ruralrafaela.com.ar\\\/exporural2025\\\/2025\\\/09\\\/20\\\/innovacion-bienestar-y-futuro-ejes-del-foro-de-juventudes-en-la-expo-rural\\\/\",\"name\":\"Innovaci\u00f3n, bienestar y futuro: ejes del Foro de Juventudes en la Expo Rural - 118 Expo Rural Rafaela 2025\",\"isPartOf\":{\"@id\":\"https:\\\/\\\/ruralrafaela.com.ar\\\/exporural2025\\\/#website\"},\"primaryImageOfPage\":{\"@id\":\"https:\\\/\\\/ruralrafaela.com.ar\\\/exporural2025\\\/2025\\\/09\\\/20\\\/innovacion-bienestar-y-futuro-ejes-del-foro-de-juventudes-en-la-expo-rural\\\/#primaryimage\"},\"image\":{\"@id\":\"https:\\\/\\\/ruralrafaela.com.ar\\\/exporural2025\\\/2025\\\/09\\\/20\\\/innovacion-bienestar-y-futuro-ejes-del-foro-de-juventudes-en-la-expo-rural\\\/#primaryimage\"},\"thumbnailUrl\":\"https:\\\/\\\/ruralrafaela.com.ar\\\/exporural2025\\\/wp-content\\\/uploads\\\/sites\\\/24\\\/2025\\\/09\\\/WhatsApp-Image-2025-09-20-at-7.48.40-PM.jpeg\",\"datePublished\":\"2025-09-20T22:57:31+00:00\",\"dateModified\":\"2025-09-20T22:57:33+00:00\",\"breadcrumb\":{\"@id\":\"https:\\\/\\\/ruralrafaela.com.ar\\\/exporural2025\\\/2025\\\/09\\\/20\\\/innovacion-bienestar-y-futuro-ejes-del-foro-de-juventudes-en-la-expo-rural\\\/#breadcrumb\"},\"inLanguage\":\"es\",\"potentialAction\":[{\"@type\":\"ReadAction\",\"target\":[\"https:\\\/\\\/ruralrafaela.com.ar\\\/exporural2025\\\/2025\\\/09\\\/20\\\/innovacion-bienestar-y-futuro-ejes-del-foro-de-juventudes-en-la-expo-rural\\\/\"]}]},{\"@type\":\"ImageObject\",\"inLanguage\":\"es\",\"@id\":\"https:\\\/\\\/ruralrafaela.com.ar\\\/exporural2025\\\/2025\\\/09\\\/20\\\/innovacion-bienestar-y-futuro-ejes-del-foro-de-juventudes-en-la-expo-rural\\\/#primaryimage\",\"url\":\"https:\\\/\\\/ruralrafaela.com.ar\\\/exporural2025\\\/wp-content\\\/uploads\\\/sites\\\/24\\\/2025\\\/09\\\/WhatsApp-Image-2025-09-20-at-7.48.40-PM.jpeg\",\"contentUrl\":\"https:\\\/\\\/ruralrafaela.com.ar\\\/exporural2025\\\/wp-content\\\/uploads\\\/sites\\\/24\\\/2025\\\/09\\\/WhatsApp-Image-2025-09-20-at-7.48.40-PM.jpeg\",\"width\":\"1600\",\"height\":\"1200\"},{\"@type\":\"BreadcrumbList\",\"@id\":\"https:\\\/\\\/ruralrafaela.com.ar\\\/exporural2025\\\/2025\\\/09\\\/20\\\/innovacion-bienestar-y-futuro-ejes-del-foro-de-juventudes-en-la-expo-rural\\\/#breadcrumb\",\"itemListElement\":[{\"@type\":\"ListItem\",\"position\":1,\"name\":\"Portada\",\"item\":\"https:\\\/\\\/ruralrafaela.com.ar\\\/exporural2025\\\/\"},{\"@type\":\"ListItem\",\"position\":2,\"name\":\"Innovaci\u00f3n, bienestar y futuro: ejes del Foro de Juventudes en la Expo Rural\"}]},{\"@type\":\"WebSite\",\"@id\":\"https:\\\/\\\/ruralrafaela.com.ar\\\/exporural2025\\\/#website\",\"url\":\"https:\\\/\\\/ruralrafaela.com.ar\\\/exporural2025\\\/\",\"name\":\"118 Expo Rural Rafaela 2025\",\"description\":\"Sitio oficial de la Expo Rural Rafaela\",\"publisher\":{\"@id\":\"https:\\\/\\\/ruralrafaela.com.ar\\\/exporural2025\\\/#organization\"},\"potentialAction\":[{\"@type\":\"SearchAction\",\"target\":{\"@type\":\"EntryPoint\",\"urlTemplate\":\"https:\\\/\\\/ruralrafaela.com.ar\\\/exporural2025\\\/?s={search_term_string}\"},\"query-input\":{\"@type\":\"PropertyValueSpecification\",\"valueRequired\":true,\"valueName\":\"search_term_string\"}}],\"inLanguage\":\"es\"},{\"@type\":\"Organization\",\"@id\":\"https:\\\/\\\/ruralrafaela.com.ar\\\/exporural2025\\\/#organization\",\"name\":\"118 Expo Rural Rafaela 2025\",\"url\":\"https:\\\/\\\/ruralrafaela.com.ar\\\/exporural2025\\\/\",\"logo\":{\"@type\":\"ImageObject\",\"inLanguage\":\"es\",\"@id\":\"https:\\\/\\\/ruralrafaela.com.ar\\\/exporural2025\\\/#\\\/schema\\\/logo\\\/image\\\/\",\"url\":\"https:\\\/\\\/ruralrafaela.com.ar\\\/exporural2025\\\/wp-content\\\/uploads\\\/sites\\\/24\\\/2025\\\/08\\\/logo_expo2025.jpg\",\"contentUrl\":\"https:\\\/\\\/ruralrafaela.com.ar\\\/exporural2025\\\/wp-content\\\/uploads\\\/sites\\\/24\\\/2025\\\/08\\\/logo_expo2025.jpg\",\"width\":611,\"height\":368,\"caption\":\"118 Expo Rural Rafaela 2025\"},\"image\":{\"@id\":\"https:\\\/\\\/ruralrafaela.com.ar\\\/exporural2025\\\/#\\\/schema\\\/logo\\\/image\\\/\"}},{\"@type\":\"Person\",\"@id\":\"https:\\\/\\\/ruralrafaela.com.ar\\\/exporural2025\\\/#\\\/schema\\\/person\\\/fa167bfed3a2b8029213c0bac80612f7\",\"name\":\"voces\",\"image\":{\"@type\":\"ImageObject\",\"inLanguage\":\"es\",\"@id\":\"https:\\\/\\\/secure.gravatar.com\\\/avatar\\\/8be4c66bb16cf788ff6688b77c76240c16a5397e072068b8fd79350e9acb3d86?s=96&d=mm&r=g\",\"url\":\"https:\\\/\\\/secure.gravatar.com\\\/avatar\\\/8be4c66bb16cf788ff6688b77c76240c16a5397e072068b8fd79350e9acb3d86?s=96&d=mm&r=g\",\"contentUrl\":\"https:\\\/\\\/secure.gravatar.com\\\/avatar\\\/8be4c66bb16cf788ff6688b77c76240c16a5397e072068b8fd79350e9acb3d86?s=96&d=mm&r=g\",\"caption\":\"voces\"},\"url\":\"https:\\\/\\\/ruralrafaela.com.ar\\\/exporural2025\\\/author\\\/voces\\\/\"}]}<\/script>\n<!-- \/ Yoast SEO plugin. -->","yoast_head_json":{"title":"Innovaci\u00f3n, bienestar y futuro: ejes del Foro de Juventudes en la Expo Rural - 118 Expo Rural Rafaela 2025","robots":{"index":"index","follow":"follow","max-snippet":"max-snippet:-1","max-image-preview":"max-image-preview:large","max-video-preview":"max-video-preview:-1"},"canonical":"https:\/\/ruralrafaela.com.ar\/exporural2025\/2025\/09\/20\/innovacion-bienestar-y-futuro-ejes-del-foro-de-juventudes-en-la-expo-rural\/","og_locale":"es_ES","og_type":"article","og_title":"Innovaci\u00f3n, bienestar y futuro: ejes del Foro de Juventudes en la Expo Rural - 118 Expo Rural Rafaela 2025","og_description":"El s\u00e1bado 20 de septiembre se realiz\u00f3 en el SUM de la Sociedad Rural de Rafaela el Foro de Juventudes, en el marco de la 118\u00aa edici\u00f3n de la Expo Rural \u2013 Muestra Institucional y Comercial de Rafaela y la Regi\u00f3n. El encuentro, organizado por el Ateneo de la Sociedad Rural de Rafaela, se present\u00f3 [&hellip;]","og_url":"https:\/\/ruralrafaela.com.ar\/exporural2025\/2025\/09\/20\/innovacion-bienestar-y-futuro-ejes-del-foro-de-juventudes-en-la-expo-rural\/","og_site_name":"118 Expo Rural Rafaela 2025","article_published_time":"2025-09-20T22:57:31+00:00","article_modified_time":"2025-09-20T22:57:33+00:00","og_image":[{"width":1600,"height":1200,"url":"https:\/\/ruralrafaela.com.ar\/exporural2025\/wp-content\/uploads\/sites\/24\/2025\/09\/WhatsApp-Image-2025-09-20-at-7.48.40-PM.jpeg","type":"image\/jpeg"}],"author":"voces","twitter_card":"summary_large_image","twitter_misc":{"Escrito por":"voces","Tiempo de lectura":"2 minutos"},"schema":{"@context":"https:\/\/schema.org","@graph":[{"@type":"Article","@id":"https:\/\/ruralrafaela.com.ar\/exporural2025\/2025\/09\/20\/innovacion-bienestar-y-futuro-ejes-del-foro-de-juventudes-en-la-expo-rural\/#article","isPartOf":{"@id":"https:\/\/ruralrafaela.com.ar\/exporural2025\/2025\/09\/20\/innovacion-bienestar-y-futuro-ejes-del-foro-de-juventudes-en-la-expo-rural\/"},"author":{"name":"voces","@id":"https:\/\/ruralrafaela.com.ar\/exporural2025\/#\/schema\/person\/fa167bfed3a2b8029213c0bac80612f7"},"headline":"Innovaci\u00f3n, bienestar y futuro: ejes del Foro de Juventudes en la Expo Rural","datePublished":"2025-09-20T22:57:31+00:00","dateModified":"2025-09-20T22:57:33+00:00","mainEntityOfPage":{"@id":"https:\/\/ruralrafaela.com.ar\/exporural2025\/2025\/09\/20\/innovacion-bienestar-y-futuro-ejes-del-foro-de-juventudes-en-la-expo-rural\/"},"wordCount":359,"publisher":{"@id":"https:\/\/ruralrafaela.com.ar\/exporural2025\/#organization"},"image":{"@id":"https:\/\/ruralrafaela.com.ar\/exporural2025\/2025\/09\/20\/innovacion-bienestar-y-futuro-ejes-del-foro-de-juventudes-en-la-expo-rural\/#primaryimage"},"thumbnailUrl":"https:\/\/ruralrafaela.com.ar\/exporural2025\/wp-content\/uploads\/sites\/24\/2025\/09\/WhatsApp-Image-2025-09-20-at-7.48.40-PM.jpeg","keywords":["ateneo","exporural2025\u00e7","rafaela"],"articleSection":["Exporural 2025"],"inLanguage":"es"},{"@type":"WebPage","@id":"https:\/\/ruralrafaela.com.ar\/exporural2025\/2025\/09\/20\/innovacion-bienestar-y-futuro-ejes-del-foro-de-juventudes-en-la-expo-rural\/","url":"https:\/\/ruralrafaela.com.ar\/exporural2025\/2025\/09\/20\/innovacion-bienestar-y-futuro-ejes-del-foro-de-juventudes-en-la-expo-rural\/","name":"Innovaci\u00f3n, bienestar y futuro: ejes del Foro de Juventudes en la Expo Rural - 118 Expo Rural Rafaela 2025","isPartOf":{"@id":"https:\/\/ruralrafaela.com.ar\/exporural2025\/#website"},"primaryImageOfPage":{"@id":"https:\/\/ruralrafaela.com.ar\/exporural2025\/2025\/09\/20\/innovacion-bienestar-y-futuro-ejes-del-foro-de-juventudes-en-la-expo-rural\/#primaryimage"},"image":{"@id":"https:\/\/ruralrafaela.com.ar\/exporural2025\/2025\/09\/20\/innovacion-bienestar-y-futuro-ejes-del-foro-de-juventudes-en-la-expo-rural\/#primaryimage"},"thumbnailUrl":"https:\/\/ruralrafaela.com.ar\/exporural2025\/wp-content\/uploads\/sites\/24\/2025\/09\/WhatsApp-Image-2025-09-20-at-7.48.40-PM.jpeg","datePublished":"2025-09-20T22:57:31+00:00","dateModified":"2025-09-20T22:57:33+00:00","breadcrumb":{"@id":"https:\/\/ruralrafaela.com.ar\/exporural2025\/2025\/09\/20\/innovacion-bienestar-y-futuro-ejes-del-foro-de-juventudes-en-la-expo-rural\/#breadcrumb"},"inLanguage":"es","potentialAction":[{"@type":"ReadAction","target":["https:\/\/ruralrafaela.com.ar\/exporural2025\/2025\/09\/20\/innovacion-bienestar-y-futuro-ejes-del-foro-de-juventudes-en-la-expo-rural\/"]}]},{"@type":"ImageObject","inLanguage":"es","@id":"https:\/\/ruralrafaela.com.ar\/exporural2025\/2025\/09\/20\/innovacion-bienestar-y-futuro-ejes-del-foro-de-juventudes-en-la-expo-rural\/#primaryimage","url":"https:\/\/ruralrafaela.com.ar\/exporural2025\/wp-content\/uploads\/sites\/24\/2025\/09\/WhatsApp-Image-2025-09-20-at-7.48.40-PM.jpeg","contentUrl":"https:\/\/ruralrafaela.com.ar\/exporural2025\/wp-content\/uploads\/sites\/24\/2025\/09\/WhatsApp-Image-2025-09-20-at-7.48.40-PM.jpeg","width":"1600","height":"1200"},{"@type":"BreadcrumbList","@id":"https:\/\/ruralrafaela.com.ar\/exporural2025\/2025\/09\/20\/innovacion-bienestar-y-futuro-ejes-del-foro-de-juventudes-en-la-expo-rural\/#breadcrumb","itemListElement":[{"@type":"ListItem","position":1,"name":"Portada","item":"https:\/\/ruralrafaela.com.ar\/exporural2025\/"},{"@type":"ListItem","position":2,"name":"Innovaci\u00f3n, bienestar y futuro: ejes del Foro de Juventudes en la Expo Rural"}]},{"@type":"WebSite","@id":"https:\/\/ruralrafaela.com.ar\/exporural2025\/#website","url":"https:\/\/ruralrafaela.com.ar\/exporural2025\/","name":"118 Expo Rural Rafaela 2025","description":"Sitio oficial de la Expo Rural Rafaela","publisher":{"@id":"https:\/\/ruralrafaela.com.ar\/exporural2025\/#organization"},"potentialAction":[{"@type":"SearchAction","target":{"@type":"EntryPoint","urlTemplate":"https:\/\/ruralrafaela.com.ar\/exporural2025\/?s={search_term_string}"},"query-input":{"@type":"PropertyValueSpecification","valueRequired":true,"valueName":"search_term_string"}}],"inLanguage":"es"},{"@type":"Organization","@id":"https:\/\/ruralrafaela.com.ar\/exporural2025\/#organization","name":"118 Expo Rural Rafaela 2025","url":"https:\/\/ruralrafaela.com.ar\/exporural2025\/","logo":{"@type":"ImageObject","inLanguage":"es","@id":"https:\/\/ruralrafaela.com.ar\/exporural2025\/#\/schema\/logo\/image\/","url":"https:\/\/ruralrafaela.com.ar\/exporural2025\/wp-content\/uploads\/sites\/24\/2025\/08\/logo_expo2025.jpg","contentUrl":"https:\/\/ruralrafaela.com.ar\/exporural2025\/wp-content\/uploads\/sites\/24\/2025\/08\/logo_expo2025.jpg","width":611,"height":368,"caption":"118 Expo Rural Rafaela 2025"},"image":{"@id":"https:\/\/ruralrafaela.com.ar\/exporural2025\/#\/schema\/logo\/image\/"}},{"@type":"Person","@id":"https:\/\/ruralrafaela.com.ar\/exporural2025\/#\/schema\/person\/fa167bfed3a2b8029213c0bac80612f7","name":"voces","image":{"@type":"ImageObject","inLanguage":"es","@id":"https:\/\/secure.gravatar.com\/avatar\/8be4c66bb16cf788ff6688b77c76240c16a5397e072068b8fd79350e9acb3d86?s=96&d=mm&r=g","url":"https:\/\/secure.gravatar.com\/avatar\/8be4c66bb16cf788ff6688b77c76240c16a5397e072068b8fd79350e9acb3d86?s=96&d=mm&r=g","contentUrl":"https:\/\/secure.gravatar.com\/avatar\/8be4c66bb16cf788ff6688b77c76240c16a5397e072068b8fd79350e9acb3d86?s=96&d=mm&r=g","caption":"voces"},"url":"https:\/\/ruralrafaela.com.ar\/exporural2025\/author\/voces\/"}]}},"_links":{"self":[{"href":"https:\/\/ruralrafaela.com.ar\/exporural2025\/wp-json\/wp\/v2\/posts\/7228","targetHints":{"allow":["GET"]}}],"collection":[{"href":"https:\/\/ruralrafaela.com.ar\/exporural2025\/wp-json\/wp\/v2\/posts"}],"about":[{"href":"https:\/\/ruralrafaela.com.ar\/exporural2025\/wp-json\/wp\/v2\/types\/post"}],"author":[{"embeddable":true,"href":"https:\/\/ruralrafaela.com.ar\/exporural2025\/wp-json\/wp\/v2\/users\/17"}],"replies":[{"embeddable":true,"href":"https:\/\/ruralrafaela.com.ar\/exporural2025\/wp-json\/wp\/v2\/comments?post=7228"}],"version-history":[{"count":1,"href":"https:\/\/ruralrafaela.com.ar\/exporural2025\/wp-json\/wp\/v2\/posts\/7228\/revisions"}],"predecessor-version":[{"id":7231,"href":"https:\/\/ruralrafaela.com.ar\/exporural2025\/wp-json\/wp\/v2\/posts\/7228\/revisions\/7231"}],"wp:featuredmedia":[{"embeddable":true,"href":"https:\/\/ruralrafaela.com.ar\/exporural2025\/wp-json\/wp\/v2\/media\/7230"}],"wp:attachment":[{"href":"https:\/\/ruralrafaela.com.ar\/exporural2025\/wp-json\/wp\/v2\/media?parent=7228"}],"wp:term":[{"taxonomy":"category","embeddable":true,"href":"https:\/\/ruralrafaela.com.ar\/exporural2025\/wp-json\/wp\/v2\/categories?post=7228"},{"taxonomy":"post_tag","embeddable":true,"href":"https:\/\/ruralrafaela.com.ar\/exporural2025\/wp-json\/wp\/v2\/tags?post=7228"}],"curies":[{"name":"wp","href":"https:\/\/api.w.org\/{rel}","templated":true}]}}