{"id":7212,"date":"2025-09-20T16:01:25","date_gmt":"2025-09-20T16:01:25","guid":{"rendered":"https:\/\/ruralrafaela.com.ar\/exporural2025\/?p=7212"},"modified":"2025-09-20T16:01:26","modified_gmt":"2025-09-20T16:01:26","slug":"la-ganaderia-de-carne-sigue-creciendo-en-la-118-exporural-de-rafaela","status":"publish","type":"post","link":"https:\/\/ruralrafaela.com.ar\/exporural2025\/2025\/09\/20\/la-ganaderia-de-carne-sigue-creciendo-en-la-118-exporural-de-rafaela\/","title":{"rendered":"La ganader\u00eda de carne sigue creciendo en la 118\u00b0 ExpoRural de Rafaela"},"content":{"rendered":"\n<figure class=\"wp-block-gallery has-nested-images columns-default is-cropped wp-block-gallery-1 is-layout-flex wp-block-gallery-is-layout-flex\">\n<figure class=\"wp-block-image size-large\"><img fetchpriority=\"high\" decoding=\"async\" width=\"1024\" height=\"461\" data-id=\"7213\" src=\"https:\/\/ruralrafaela.com.ar\/exporural2025\/wp-content\/uploads\/sites\/24\/2025\/09\/20250918_114902-1024x461.jpg\" alt=\"\" class=\"wp-image-7213\" srcset=\"https:\/\/ruralrafaela.com.ar\/exporural2025\/wp-content\/uploads\/sites\/24\/2025\/09\/20250918_114902-1024x461.jpg 1024w, https:\/\/ruralrafaela.com.ar\/exporural2025\/wp-content\/uploads\/sites\/24\/2025\/09\/20250918_114902-300x135.jpg 300w, https:\/\/ruralrafaela.com.ar\/exporural2025\/wp-content\/uploads\/sites\/24\/2025\/09\/20250918_114902-768x346.jpg 768w, https:\/\/ruralrafaela.com.ar\/exporural2025\/wp-content\/uploads\/sites\/24\/2025\/09\/20250918_114902-1536x692.jpg 1536w, https:\/\/ruralrafaela.com.ar\/exporural2025\/wp-content\/uploads\/sites\/24\/2025\/09\/20250918_114902.jpg 1796w\" sizes=\"(max-width: 1024px) 100vw, 1024px\" \/><\/figure>\n\n\n\n<figure class=\"wp-block-image size-large\"><img decoding=\"async\" width=\"1024\" height=\"461\" data-id=\"7214\" src=\"https:\/\/ruralrafaela.com.ar\/exporural2025\/wp-content\/uploads\/sites\/24\/2025\/09\/20250918_114917-1024x461.jpg\" alt=\"\" class=\"wp-image-7214\" srcset=\"https:\/\/ruralrafaela.com.ar\/exporural2025\/wp-content\/uploads\/sites\/24\/2025\/09\/20250918_114917-1024x461.jpg 1024w, https:\/\/ruralrafaela.com.ar\/exporural2025\/wp-content\/uploads\/sites\/24\/2025\/09\/20250918_114917-300x135.jpg 300w, https:\/\/ruralrafaela.com.ar\/exporural2025\/wp-content\/uploads\/sites\/24\/2025\/09\/20250918_114917-768x346.jpg 768w, https:\/\/ruralrafaela.com.ar\/exporural2025\/wp-content\/uploads\/sites\/24\/2025\/09\/20250918_114917-1536x692.jpg 1536w, https:\/\/ruralrafaela.com.ar\/exporural2025\/wp-content\/uploads\/sites\/24\/2025\/09\/20250918_114917.jpg 1776w\" sizes=\"(max-width: 1024px) 100vw, 1024px\" \/><\/figure>\n<\/figure>\n\n\n\n<p><\/p>\n\n\n\n<p>Como en los \u00faltimos a\u00f1os, la 118\u00b0 ExpoRural de Rafaela y la Regi\u00f3n sigue creciendo en ganader\u00eda de carne, logrando el juzgamiento de ejemplares de la zona que confirma el avance del sector y el inter\u00e9s de los productores.<\/p>\n\n\n\n<p>Durante la primera jornada, Mauricio Zanutigh, que es presidente de la C\u00e1mara de Caba\u00f1as Santafesinas y director de Caba\u00f1a Montegrande, ofici\u00f3 de jurado para los ejemplares bovinos de carne admitidos en la muestra.<\/p>\n\n\n\n<p>De acuerdo al recorrido reciente de la exposici\u00f3n, \u201cveo un crecimiento significativo a trav\u00e9s de los a\u00f1os, ya que m\u00e1s o menos voy conociendo la zona y si bien es la primera vez que me toca jurar ac\u00e1, se nota que el crecimiento de la actividad se traslada a las pistas, viendo todo el crecimiento de los productoresde la raza Brasford, que ya participan en otras exposiciones y ahora est\u00e1n interesados en estar ac\u00e1, no s\u00f3lo con ejemplares para vender en el remate, sino tambi\u00e9n exponiendo\u201d.<\/p>\n\n\n\n<p>Es importante para los productores \u201cmostrar lo que hace cada caba\u00f1ero de la zona, que es muy lechera, pero en un momento que la gander\u00eda de carne tiene un momento de despegue, que viene creciendo a\u00f1o a a\u00f1o, se viene extendiendo cada vez m\u00e1s al sur, creo que es propiamente por los climas tan hostiles y tan extremos que venimos pasando\u201d.<\/p>\n\n\n\n<p>Para Zanutigh \u201cb\u00e1sicamente la competencia ser\u00eda la agricultura, pero por ah\u00ed el productor est\u00e1 buscando un poco m\u00e1s ese sistema mixto, tanto ganadero como agr\u00edcola, para que su campo sea m\u00e1s sustentable y en las razas de carne puede encontrar la respuesta\u201d.<\/p>\n\n\n\n<p>En la raza Braford, el gran campe\u00f3n macho fue para un toro de tres a\u00f1os, de Marca Borrada, quedando como reservado un ejemplar de la Caba\u00f1a Mabel.<\/p>\n\n\n\n<p>En tr\u00edos de hembras, el ordenamiento fue primero La Lilia de Barberis, segundo El Fuerte de Jorge Chiabrando; y tercero tambi\u00e9n La Lilia.<\/p>\n\n\n\n<p>En hembras individual Braford, el Gran Campe\u00f3n fue para La Lilia de Barberis, el reservado fue para Maarca borrad de Bessone, seguido por un ejemplar de la Caba\u00f1a Mabel de Trossero.<br>En Brangus, el gran campe\u00f3n macho fue de La Curva, de Marcelo Audero, que tambi\u00e9n se qued\u00f3 con el reservado, siendo el tercer lugar para la caba\u00f1a Don Pedro de Ra\u00fal Gallo.<\/p>\n","protected":false},"excerpt":{"rendered":"<p>Como en los \u00faltimos a\u00f1os, la 118\u00b0 ExpoRural de Rafaela y la Regi\u00f3n sigue creciendo en ganader\u00eda de carne, logrando el juzgamiento de ejemplares de la zona que confirma el avance del sector y el inter\u00e9s de los productores. Durante la primera jornada, Mauricio Zanutigh, que es presidente de la C\u00e1mara de Caba\u00f1as Santafesinas y [&hellip;]<\/p>\n","protected":false},"author":17,"featured_media":7214,"comment_status":"closed","ping_status":"open","sticky":false,"template":"","format":"standard","meta":{"ocean_post_layout":"","ocean_both_sidebars_style":"","ocean_both_sidebars_content_width":0,"ocean_both_sidebars_sidebars_width":0,"ocean_sidebar":"","ocean_second_sidebar":"","ocean_disable_margins":"enable","ocean_add_body_class":"","ocean_shortcode_before_top_bar":"","ocean_shortcode_after_top_bar":"","ocean_shortcode_before_header":"","ocean_shortcode_after_header":"","ocean_has_shortcode":"","ocean_shortcode_after_title":"","ocean_shortcode_before_footer_widgets":"","ocean_shortcode_after_footer_widgets":"","ocean_shortcode_before_footer_bottom":"","ocean_shortcode_after_footer_bottom":"","ocean_display_top_bar":"default","ocean_display_header":"default","ocean_header_style":"","ocean_center_header_left_menu":"","ocean_custom_header_template":"","ocean_custom_logo":0,"ocean_custom_retina_logo":0,"ocean_custom_logo_max_width":0,"ocean_custom_logo_tablet_max_width":0,"ocean_custom_logo_mobile_max_width":0,"ocean_custom_logo_max_height":0,"ocean_custom_logo_tablet_max_height":0,"ocean_custom_logo_mobile_max_height":0,"ocean_header_custom_menu":"","ocean_menu_typo_font_family":"","ocean_menu_typo_font_subset":"","ocean_menu_typo_font_size":0,"ocean_menu_typo_font_size_tablet":0,"ocean_menu_typo_font_size_mobile":0,"ocean_menu_typo_font_size_unit":"px","ocean_menu_typo_font_weight":"","ocean_menu_typo_font_weight_tablet":"","ocean_menu_typo_font_weight_mobile":"","ocean_menu_typo_transform":"","ocean_menu_typo_transform_tablet":"","ocean_menu_typo_transform_mobile":"","ocean_menu_typo_line_height":0,"ocean_menu_typo_line_height_tablet":0,"ocean_menu_typo_line_height_mobile":0,"ocean_menu_typo_line_height_unit":"","ocean_menu_typo_spacing":0,"ocean_menu_typo_spacing_tablet":0,"ocean_menu_typo_spacing_mobile":0,"ocean_menu_typo_spacing_unit":"","ocean_menu_link_color":"","ocean_menu_link_color_hover":"","ocean_menu_link_color_active":"","ocean_menu_link_background":"","ocean_menu_link_hover_background":"","ocean_menu_link_active_background":"","ocean_menu_social_links_bg":"","ocean_menu_social_hover_links_bg":"","ocean_menu_social_links_color":"","ocean_menu_social_hover_links_color":"","ocean_disable_title":"default","ocean_disable_heading":"default","ocean_post_title":"","ocean_post_subheading":"","ocean_post_title_style":"","ocean_post_title_background_color":"","ocean_post_title_background":0,"ocean_post_title_bg_image_position":"","ocean_post_title_bg_image_attachment":"","ocean_post_title_bg_image_repeat":"","ocean_post_title_bg_image_size":"","ocean_post_title_height":0,"ocean_post_title_bg_overlay":0.5,"ocean_post_title_bg_overlay_color":"","ocean_disable_breadcrumbs":"default","ocean_breadcrumbs_color":"","ocean_breadcrumbs_separator_color":"","ocean_breadcrumbs_links_color":"","ocean_breadcrumbs_links_hover_color":"","ocean_display_footer_widgets":"default","ocean_display_footer_bottom":"default","ocean_custom_footer_template":"","_joinchat":[],"ocean_post_oembed":"","ocean_post_self_hosted_media":"","ocean_post_video_embed":"","ocean_link_format":"","ocean_link_format_target":"self","ocean_quote_format":"","ocean_quote_format_link":"post","ocean_gallery_link_images":"on","ocean_gallery_id":[],"footnotes":""},"categories":[1],"tags":[],"class_list":["post-7212","post","type-post","status-publish","format-standard","has-post-thumbnail","hentry","category-sin-categoria","entry","has-media"],"yoast_head":"<!-- This site is optimized with the Yoast SEO plugin v27.5 - https:\/\/yoast.com\/product\/yoast-seo-wordpress\/ -->\n<title>La ganader\u00eda de carne sigue creciendo en la 118\u00b0 ExpoRural de Rafaela - 118 Expo Rural Rafaela 2025<\/title>\n<meta name=\"robots\" content=\"index, follow, max-snippet:-1, max-image-preview:large, max-video-preview:-1\" \/>\n<link rel=\"canonical\" href=\"https:\/\/ruralrafaela.com.ar\/exporural2025\/2025\/09\/20\/la-ganaderia-de-carne-sigue-creciendo-en-la-118-exporural-de-rafaela\/\" \/>\n<meta property=\"og:locale\" content=\"es_ES\" \/>\n<meta property=\"og:type\" content=\"article\" \/>\n<meta property=\"og:title\" content=\"La ganader\u00eda de carne sigue creciendo en la 118\u00b0 ExpoRural de Rafaela - 118 Expo Rural Rafaela 2025\" \/>\n<meta property=\"og:description\" content=\"Como en los \u00faltimos a\u00f1os, la 118\u00b0 ExpoRural de Rafaela y la Regi\u00f3n sigue creciendo en ganader\u00eda de carne, logrando el juzgamiento de ejemplares de la zona que confirma el avance del sector y el inter\u00e9s de los productores. Durante la primera jornada, Mauricio Zanutigh, que es presidente de la C\u00e1mara de Caba\u00f1as Santafesinas y [&hellip;]\" \/>\n<meta property=\"og:url\" content=\"https:\/\/ruralrafaela.com.ar\/exporural2025\/2025\/09\/20\/la-ganaderia-de-carne-sigue-creciendo-en-la-118-exporural-de-rafaela\/\" \/>\n<meta property=\"og:site_name\" content=\"118 Expo Rural Rafaela 2025\" \/>\n<meta property=\"article:published_time\" content=\"2025-09-20T16:01:25+00:00\" \/>\n<meta property=\"article:modified_time\" content=\"2025-09-20T16:01:26+00:00\" \/>\n<meta property=\"og:image\" content=\"https:\/\/ruralrafaela.com.ar\/exporural2025\/wp-content\/uploads\/sites\/24\/2025\/09\/20250918_114917.jpg\" \/>\n\t<meta property=\"og:image:width\" content=\"1776\" \/>\n\t<meta property=\"og:image:height\" content=\"800\" \/>\n\t<meta property=\"og:image:type\" content=\"image\/jpeg\" \/>\n<meta name=\"author\" content=\"voces\" \/>\n<meta name=\"twitter:card\" content=\"summary_large_image\" \/>\n<meta name=\"twitter:label1\" content=\"Escrito por\" \/>\n\t<meta name=\"twitter:data1\" content=\"voces\" \/>\n\t<meta name=\"twitter:label2\" content=\"Tiempo de lectura\" \/>\n\t<meta name=\"twitter:data2\" content=\"3 minutos\" \/>\n<script type=\"application\/ld+json\" class=\"yoast-schema-graph\">{\"@context\":\"https:\\\/\\\/schema.org\",\"@graph\":[{\"@type\":\"Article\",\"@id\":\"https:\\\/\\\/ruralrafaela.com.ar\\\/exporural2025\\\/2025\\\/09\\\/20\\\/la-ganaderia-de-carne-sigue-creciendo-en-la-118-exporural-de-rafaela\\\/#article\",\"isPartOf\":{\"@id\":\"https:\\\/\\\/ruralrafaela.com.ar\\\/exporural2025\\\/2025\\\/09\\\/20\\\/la-ganaderia-de-carne-sigue-creciendo-en-la-118-exporural-de-rafaela\\\/\"},\"author\":{\"name\":\"voces\",\"@id\":\"https:\\\/\\\/ruralrafaela.com.ar\\\/exporural2025\\\/#\\\/schema\\\/person\\\/fa167bfed3a2b8029213c0bac80612f7\"},\"headline\":\"La ganader\u00eda de carne sigue creciendo en la 118\u00b0 ExpoRural de Rafaela\",\"datePublished\":\"2025-09-20T16:01:25+00:00\",\"dateModified\":\"2025-09-20T16:01:26+00:00\",\"mainEntityOfPage\":{\"@id\":\"https:\\\/\\\/ruralrafaela.com.ar\\\/exporural2025\\\/2025\\\/09\\\/20\\\/la-ganaderia-de-carne-sigue-creciendo-en-la-118-exporural-de-rafaela\\\/\"},\"wordCount\":420,\"publisher\":{\"@id\":\"https:\\\/\\\/ruralrafaela.com.ar\\\/exporural2025\\\/#organization\"},\"image\":{\"@id\":\"https:\\\/\\\/ruralrafaela.com.ar\\\/exporural2025\\\/2025\\\/09\\\/20\\\/la-ganaderia-de-carne-sigue-creciendo-en-la-118-exporural-de-rafaela\\\/#primaryimage\"},\"thumbnailUrl\":\"https:\\\/\\\/ruralrafaela.com.ar\\\/exporural2025\\\/wp-content\\\/uploads\\\/sites\\\/24\\\/2025\\\/09\\\/20250918_114917.jpg\",\"inLanguage\":\"es\"},{\"@type\":\"WebPage\",\"@id\":\"https:\\\/\\\/ruralrafaela.com.ar\\\/exporural2025\\\/2025\\\/09\\\/20\\\/la-ganaderia-de-carne-sigue-creciendo-en-la-118-exporural-de-rafaela\\\/\",\"url\":\"https:\\\/\\\/ruralrafaela.com.ar\\\/exporural2025\\\/2025\\\/09\\\/20\\\/la-ganaderia-de-carne-sigue-creciendo-en-la-118-exporural-de-rafaela\\\/\",\"name\":\"La ganader\u00eda de carne sigue creciendo en la 118\u00b0 ExpoRural de Rafaela - 118 Expo Rural Rafaela 2025\",\"isPartOf\":{\"@id\":\"https:\\\/\\\/ruralrafaela.com.ar\\\/exporural2025\\\/#website\"},\"primaryImageOfPage\":{\"@id\":\"https:\\\/\\\/ruralrafaela.com.ar\\\/exporural2025\\\/2025\\\/09\\\/20\\\/la-ganaderia-de-carne-sigue-creciendo-en-la-118-exporural-de-rafaela\\\/#primaryimage\"},\"image\":{\"@id\":\"https:\\\/\\\/ruralrafaela.com.ar\\\/exporural2025\\\/2025\\\/09\\\/20\\\/la-ganaderia-de-carne-sigue-creciendo-en-la-118-exporural-de-rafaela\\\/#primaryimage\"},\"thumbnailUrl\":\"https:\\\/\\\/ruralrafaela.com.ar\\\/exporural2025\\\/wp-content\\\/uploads\\\/sites\\\/24\\\/2025\\\/09\\\/20250918_114917.jpg\",\"datePublished\":\"2025-09-20T16:01:25+00:00\",\"dateModified\":\"2025-09-20T16:01:26+00:00\",\"breadcrumb\":{\"@id\":\"https:\\\/\\\/ruralrafaela.com.ar\\\/exporural2025\\\/2025\\\/09\\\/20\\\/la-ganaderia-de-carne-sigue-creciendo-en-la-118-exporural-de-rafaela\\\/#breadcrumb\"},\"inLanguage\":\"es\",\"potentialAction\":[{\"@type\":\"ReadAction\",\"target\":[\"https:\\\/\\\/ruralrafaela.com.ar\\\/exporural2025\\\/2025\\\/09\\\/20\\\/la-ganaderia-de-carne-sigue-creciendo-en-la-118-exporural-de-rafaela\\\/\"]}]},{\"@type\":\"ImageObject\",\"inLanguage\":\"es\",\"@id\":\"https:\\\/\\\/ruralrafaela.com.ar\\\/exporural2025\\\/2025\\\/09\\\/20\\\/la-ganaderia-de-carne-sigue-creciendo-en-la-118-exporural-de-rafaela\\\/#primaryimage\",\"url\":\"https:\\\/\\\/ruralrafaela.com.ar\\\/exporural2025\\\/wp-content\\\/uploads\\\/sites\\\/24\\\/2025\\\/09\\\/20250918_114917.jpg\",\"contentUrl\":\"https:\\\/\\\/ruralrafaela.com.ar\\\/exporural2025\\\/wp-content\\\/uploads\\\/sites\\\/24\\\/2025\\\/09\\\/20250918_114917.jpg\",\"width\":\"1776\",\"height\":\"800\"},{\"@type\":\"BreadcrumbList\",\"@id\":\"https:\\\/\\\/ruralrafaela.com.ar\\\/exporural2025\\\/2025\\\/09\\\/20\\\/la-ganaderia-de-carne-sigue-creciendo-en-la-118-exporural-de-rafaela\\\/#breadcrumb\",\"itemListElement\":[{\"@type\":\"ListItem\",\"position\":1,\"name\":\"Portada\",\"item\":\"https:\\\/\\\/ruralrafaela.com.ar\\\/exporural2025\\\/\"},{\"@type\":\"ListItem\",\"position\":2,\"name\":\"La ganader\u00eda de carne sigue creciendo en la 118\u00b0 ExpoRural de Rafaela\"}]},{\"@type\":\"WebSite\",\"@id\":\"https:\\\/\\\/ruralrafaela.com.ar\\\/exporural2025\\\/#website\",\"url\":\"https:\\\/\\\/ruralrafaela.com.ar\\\/exporural2025\\\/\",\"name\":\"118 Expo Rural Rafaela 2025\",\"description\":\"Sitio oficial de la Expo Rural Rafaela\",\"publisher\":{\"@id\":\"https:\\\/\\\/ruralrafaela.com.ar\\\/exporural2025\\\/#organization\"},\"potentialAction\":[{\"@type\":\"SearchAction\",\"target\":{\"@type\":\"EntryPoint\",\"urlTemplate\":\"https:\\\/\\\/ruralrafaela.com.ar\\\/exporural2025\\\/?s={search_term_string}\"},\"query-input\":{\"@type\":\"PropertyValueSpecification\",\"valueRequired\":true,\"valueName\":\"search_term_string\"}}],\"inLanguage\":\"es\"},{\"@type\":\"Organization\",\"@id\":\"https:\\\/\\\/ruralrafaela.com.ar\\\/exporural2025\\\/#organization\",\"name\":\"118 Expo Rural Rafaela 2025\",\"url\":\"https:\\\/\\\/ruralrafaela.com.ar\\\/exporural2025\\\/\",\"logo\":{\"@type\":\"ImageObject\",\"inLanguage\":\"es\",\"@id\":\"https:\\\/\\\/ruralrafaela.com.ar\\\/exporural2025\\\/#\\\/schema\\\/logo\\\/image\\\/\",\"url\":\"https:\\\/\\\/ruralrafaela.com.ar\\\/exporural2025\\\/wp-content\\\/uploads\\\/sites\\\/24\\\/2025\\\/08\\\/logo_expo2025.jpg\",\"contentUrl\":\"https:\\\/\\\/ruralrafaela.com.ar\\\/exporural2025\\\/wp-content\\\/uploads\\\/sites\\\/24\\\/2025\\\/08\\\/logo_expo2025.jpg\",\"width\":611,\"height\":368,\"caption\":\"118 Expo Rural Rafaela 2025\"},\"image\":{\"@id\":\"https:\\\/\\\/ruralrafaela.com.ar\\\/exporural2025\\\/#\\\/schema\\\/logo\\\/image\\\/\"}},{\"@type\":\"Person\",\"@id\":\"https:\\\/\\\/ruralrafaela.com.ar\\\/exporural2025\\\/#\\\/schema\\\/person\\\/fa167bfed3a2b8029213c0bac80612f7\",\"name\":\"voces\",\"image\":{\"@type\":\"ImageObject\",\"inLanguage\":\"es\",\"@id\":\"https:\\\/\\\/secure.gravatar.com\\\/avatar\\\/8be4c66bb16cf788ff6688b77c76240c16a5397e072068b8fd79350e9acb3d86?s=96&d=mm&r=g\",\"url\":\"https:\\\/\\\/secure.gravatar.com\\\/avatar\\\/8be4c66bb16cf788ff6688b77c76240c16a5397e072068b8fd79350e9acb3d86?s=96&d=mm&r=g\",\"contentUrl\":\"https:\\\/\\\/secure.gravatar.com\\\/avatar\\\/8be4c66bb16cf788ff6688b77c76240c16a5397e072068b8fd79350e9acb3d86?s=96&d=mm&r=g\",\"caption\":\"voces\"},\"url\":\"https:\\\/\\\/ruralrafaela.com.ar\\\/exporural2025\\\/author\\\/voces\\\/\"}]}<\/script>\n<!-- \/ Yoast SEO plugin. -->","yoast_head_json":{"title":"La ganader\u00eda de carne sigue creciendo en la 118\u00b0 ExpoRural de Rafaela - 118 Expo Rural Rafaela 2025","robots":{"index":"index","follow":"follow","max-snippet":"max-snippet:-1","max-image-preview":"max-image-preview:large","max-video-preview":"max-video-preview:-1"},"canonical":"https:\/\/ruralrafaela.com.ar\/exporural2025\/2025\/09\/20\/la-ganaderia-de-carne-sigue-creciendo-en-la-118-exporural-de-rafaela\/","og_locale":"es_ES","og_type":"article","og_title":"La ganader\u00eda de carne sigue creciendo en la 118\u00b0 ExpoRural de Rafaela - 118 Expo Rural Rafaela 2025","og_description":"Como en los \u00faltimos a\u00f1os, la 118\u00b0 ExpoRural de Rafaela y la Regi\u00f3n sigue creciendo en ganader\u00eda de carne, logrando el juzgamiento de ejemplares de la zona que confirma el avance del sector y el inter\u00e9s de los productores. Durante la primera jornada, Mauricio Zanutigh, que es presidente de la C\u00e1mara de Caba\u00f1as Santafesinas y [&hellip;]","og_url":"https:\/\/ruralrafaela.com.ar\/exporural2025\/2025\/09\/20\/la-ganaderia-de-carne-sigue-creciendo-en-la-118-exporural-de-rafaela\/","og_site_name":"118 Expo Rural Rafaela 2025","article_published_time":"2025-09-20T16:01:25+00:00","article_modified_time":"2025-09-20T16:01:26+00:00","og_image":[{"width":1776,"height":800,"url":"https:\/\/ruralrafaela.com.ar\/exporural2025\/wp-content\/uploads\/sites\/24\/2025\/09\/20250918_114917.jpg","type":"image\/jpeg"}],"author":"voces","twitter_card":"summary_large_image","twitter_misc":{"Escrito por":"voces","Tiempo de lectura":"3 minutos"},"schema":{"@context":"https:\/\/schema.org","@graph":[{"@type":"Article","@id":"https:\/\/ruralrafaela.com.ar\/exporural2025\/2025\/09\/20\/la-ganaderia-de-carne-sigue-creciendo-en-la-118-exporural-de-rafaela\/#article","isPartOf":{"@id":"https:\/\/ruralrafaela.com.ar\/exporural2025\/2025\/09\/20\/la-ganaderia-de-carne-sigue-creciendo-en-la-118-exporural-de-rafaela\/"},"author":{"name":"voces","@id":"https:\/\/ruralrafaela.com.ar\/exporural2025\/#\/schema\/person\/fa167bfed3a2b8029213c0bac80612f7"},"headline":"La ganader\u00eda de carne sigue creciendo en la 118\u00b0 ExpoRural de Rafaela","datePublished":"2025-09-20T16:01:25+00:00","dateModified":"2025-09-20T16:01:26+00:00","mainEntityOfPage":{"@id":"https:\/\/ruralrafaela.com.ar\/exporural2025\/2025\/09\/20\/la-ganaderia-de-carne-sigue-creciendo-en-la-118-exporural-de-rafaela\/"},"wordCount":420,"publisher":{"@id":"https:\/\/ruralrafaela.com.ar\/exporural2025\/#organization"},"image":{"@id":"https:\/\/ruralrafaela.com.ar\/exporural2025\/2025\/09\/20\/la-ganaderia-de-carne-sigue-creciendo-en-la-118-exporural-de-rafaela\/#primaryimage"},"thumbnailUrl":"https:\/\/ruralrafaela.com.ar\/exporural2025\/wp-content\/uploads\/sites\/24\/2025\/09\/20250918_114917.jpg","inLanguage":"es"},{"@type":"WebPage","@id":"https:\/\/ruralrafaela.com.ar\/exporural2025\/2025\/09\/20\/la-ganaderia-de-carne-sigue-creciendo-en-la-118-exporural-de-rafaela\/","url":"https:\/\/ruralrafaela.com.ar\/exporural2025\/2025\/09\/20\/la-ganaderia-de-carne-sigue-creciendo-en-la-118-exporural-de-rafaela\/","name":"La ganader\u00eda de carne sigue creciendo en la 118\u00b0 ExpoRural de Rafaela - 118 Expo Rural Rafaela 2025","isPartOf":{"@id":"https:\/\/ruralrafaela.com.ar\/exporural2025\/#website"},"primaryImageOfPage":{"@id":"https:\/\/ruralrafaela.com.ar\/exporural2025\/2025\/09\/20\/la-ganaderia-de-carne-sigue-creciendo-en-la-118-exporural-de-rafaela\/#primaryimage"},"image":{"@id":"https:\/\/ruralrafaela.com.ar\/exporural2025\/2025\/09\/20\/la-ganaderia-de-carne-sigue-creciendo-en-la-118-exporural-de-rafaela\/#primaryimage"},"thumbnailUrl":"https:\/\/ruralrafaela.com.ar\/exporural2025\/wp-content\/uploads\/sites\/24\/2025\/09\/20250918_114917.jpg","datePublished":"2025-09-20T16:01:25+00:00","dateModified":"2025-09-20T16:01:26+00:00","breadcrumb":{"@id":"https:\/\/ruralrafaela.com.ar\/exporural2025\/2025\/09\/20\/la-ganaderia-de-carne-sigue-creciendo-en-la-118-exporural-de-rafaela\/#breadcrumb"},"inLanguage":"es","potentialAction":[{"@type":"ReadAction","target":["https:\/\/ruralrafaela.com.ar\/exporural2025\/2025\/09\/20\/la-ganaderia-de-carne-sigue-creciendo-en-la-118-exporural-de-rafaela\/"]}]},{"@type":"ImageObject","inLanguage":"es","@id":"https:\/\/ruralrafaela.com.ar\/exporural2025\/2025\/09\/20\/la-ganaderia-de-carne-sigue-creciendo-en-la-118-exporural-de-rafaela\/#primaryimage","url":"https:\/\/ruralrafaela.com.ar\/exporural2025\/wp-content\/uploads\/sites\/24\/2025\/09\/20250918_114917.jpg","contentUrl":"https:\/\/ruralrafaela.com.ar\/exporural2025\/wp-content\/uploads\/sites\/24\/2025\/09\/20250918_114917.jpg","width":"1776","height":"800"},{"@type":"BreadcrumbList","@id":"https:\/\/ruralrafaela.com.ar\/exporural2025\/2025\/09\/20\/la-ganaderia-de-carne-sigue-creciendo-en-la-118-exporural-de-rafaela\/#breadcrumb","itemListElement":[{"@type":"ListItem","position":1,"name":"Portada","item":"https:\/\/ruralrafaela.com.ar\/exporural2025\/"},{"@type":"ListItem","position":2,"name":"La ganader\u00eda de carne sigue creciendo en la 118\u00b0 ExpoRural de Rafaela"}]},{"@type":"WebSite","@id":"https:\/\/ruralrafaela.com.ar\/exporural2025\/#website","url":"https:\/\/ruralrafaela.com.ar\/exporural2025\/","name":"118 Expo Rural Rafaela 2025","description":"Sitio oficial de la Expo Rural Rafaela","publisher":{"@id":"https:\/\/ruralrafaela.com.ar\/exporural2025\/#organization"},"potentialAction":[{"@type":"SearchAction","target":{"@type":"EntryPoint","urlTemplate":"https:\/\/ruralrafaela.com.ar\/exporural2025\/?s={search_term_string}"},"query-input":{"@type":"PropertyValueSpecification","valueRequired":true,"valueName":"search_term_string"}}],"inLanguage":"es"},{"@type":"Organization","@id":"https:\/\/ruralrafaela.com.ar\/exporural2025\/#organization","name":"118 Expo Rural Rafaela 2025","url":"https:\/\/ruralrafaela.com.ar\/exporural2025\/","logo":{"@type":"ImageObject","inLanguage":"es","@id":"https:\/\/ruralrafaela.com.ar\/exporural2025\/#\/schema\/logo\/image\/","url":"https:\/\/ruralrafaela.com.ar\/exporural2025\/wp-content\/uploads\/sites\/24\/2025\/08\/logo_expo2025.jpg","contentUrl":"https:\/\/ruralrafaela.com.ar\/exporural2025\/wp-content\/uploads\/sites\/24\/2025\/08\/logo_expo2025.jpg","width":611,"height":368,"caption":"118 Expo Rural Rafaela 2025"},"image":{"@id":"https:\/\/ruralrafaela.com.ar\/exporural2025\/#\/schema\/logo\/image\/"}},{"@type":"Person","@id":"https:\/\/ruralrafaela.com.ar\/exporural2025\/#\/schema\/person\/fa167bfed3a2b8029213c0bac80612f7","name":"voces","image":{"@type":"ImageObject","inLanguage":"es","@id":"https:\/\/secure.gravatar.com\/avatar\/8be4c66bb16cf788ff6688b77c76240c16a5397e072068b8fd79350e9acb3d86?s=96&d=mm&r=g","url":"https:\/\/secure.gravatar.com\/avatar\/8be4c66bb16cf788ff6688b77c76240c16a5397e072068b8fd79350e9acb3d86?s=96&d=mm&r=g","contentUrl":"https:\/\/secure.gravatar.com\/avatar\/8be4c66bb16cf788ff6688b77c76240c16a5397e072068b8fd79350e9acb3d86?s=96&d=mm&r=g","caption":"voces"},"url":"https:\/\/ruralrafaela.com.ar\/exporural2025\/author\/voces\/"}]}},"_links":{"self":[{"href":"https:\/\/ruralrafaela.com.ar\/exporural2025\/wp-json\/wp\/v2\/posts\/7212","targetHints":{"allow":["GET"]}}],"collection":[{"href":"https:\/\/ruralrafaela.com.ar\/exporural2025\/wp-json\/wp\/v2\/posts"}],"about":[{"href":"https:\/\/ruralrafaela.com.ar\/exporural2025\/wp-json\/wp\/v2\/types\/post"}],"author":[{"embeddable":true,"href":"https:\/\/ruralrafaela.com.ar\/exporural2025\/wp-json\/wp\/v2\/users\/17"}],"replies":[{"embeddable":true,"href":"https:\/\/ruralrafaela.com.ar\/exporural2025\/wp-json\/wp\/v2\/comments?post=7212"}],"version-history":[{"count":1,"href":"https:\/\/ruralrafaela.com.ar\/exporural2025\/wp-json\/wp\/v2\/posts\/7212\/revisions"}],"predecessor-version":[{"id":7215,"href":"https:\/\/ruralrafaela.com.ar\/exporural2025\/wp-json\/wp\/v2\/posts\/7212\/revisions\/7215"}],"wp:featuredmedia":[{"embeddable":true,"href":"https:\/\/ruralrafaela.com.ar\/exporural2025\/wp-json\/wp\/v2\/media\/7214"}],"wp:attachment":[{"href":"https:\/\/ruralrafaela.com.ar\/exporural2025\/wp-json\/wp\/v2\/media?parent=7212"}],"wp:term":[{"taxonomy":"category","embeddable":true,"href":"https:\/\/ruralrafaela.com.ar\/exporural2025\/wp-json\/wp\/v2\/categories?post=7212"},{"taxonomy":"post_tag","embeddable":true,"href":"https:\/\/ruralrafaela.com.ar\/exporural2025\/wp-json\/wp\/v2\/tags?post=7212"}],"curies":[{"name":"wp","href":"https:\/\/api.w.org\/{rel}","templated":true}]}}