{"id":7189,"date":"2025-09-18T17:42:53","date_gmt":"2025-09-18T17:42:53","guid":{"rendered":"https:\/\/ruralrafaela.com.ar\/exporural2025\/?p=7189"},"modified":"2025-09-19T14:41:16","modified_gmt":"2025-09-19T14:41:16","slug":"la-118-exporural-de-rafaela-esta-en-marcha","status":"publish","type":"post","link":"https:\/\/ruralrafaela.com.ar\/exporural2025\/2025\/09\/18\/la-118-exporural-de-rafaela-esta-en-marcha\/","title":{"rendered":"La 118\u00b0 ExpoRural de Rafaela est\u00e1 en marcha"},"content":{"rendered":"\n<figure class=\"wp-block-gallery has-nested-images columns-default is-cropped wp-block-gallery-1 is-layout-flex wp-block-gallery-is-layout-flex\">\n<figure class=\"wp-block-image size-large\"><img fetchpriority=\"high\" decoding=\"async\" width=\"1024\" height=\"684\" data-id=\"7192\" src=\"https:\/\/ruralrafaela.com.ar\/exporural2025\/wp-content\/uploads\/sites\/24\/2025\/09\/Imagen-de-WhatsApp-2025-09-18-a-las-12.23.43_7ac604c1-1024x684.jpg\" alt=\"\" class=\"wp-image-7192\" srcset=\"https:\/\/ruralrafaela.com.ar\/exporural2025\/wp-content\/uploads\/sites\/24\/2025\/09\/Imagen-de-WhatsApp-2025-09-18-a-las-12.23.43_7ac604c1-1024x684.jpg 1024w, https:\/\/ruralrafaela.com.ar\/exporural2025\/wp-content\/uploads\/sites\/24\/2025\/09\/Imagen-de-WhatsApp-2025-09-18-a-las-12.23.43_7ac604c1-300x200.jpg 300w, https:\/\/ruralrafaela.com.ar\/exporural2025\/wp-content\/uploads\/sites\/24\/2025\/09\/Imagen-de-WhatsApp-2025-09-18-a-las-12.23.43_7ac604c1-768x513.jpg 768w, https:\/\/ruralrafaela.com.ar\/exporural2025\/wp-content\/uploads\/sites\/24\/2025\/09\/Imagen-de-WhatsApp-2025-09-18-a-las-12.23.43_7ac604c1.jpg 1280w\" sizes=\"(max-width: 1024px) 100vw, 1024px\" \/><\/figure>\n\n\n\n<figure class=\"wp-block-image size-large\"><img decoding=\"async\" width=\"1024\" height=\"684\" data-id=\"7193\" src=\"https:\/\/ruralrafaela.com.ar\/exporural2025\/wp-content\/uploads\/sites\/24\/2025\/09\/Imagen-de-WhatsApp-2025-09-18-a-las-12.24.16_0055dfae-1024x684.jpg\" alt=\"\" class=\"wp-image-7193\" srcset=\"https:\/\/ruralrafaela.com.ar\/exporural2025\/wp-content\/uploads\/sites\/24\/2025\/09\/Imagen-de-WhatsApp-2025-09-18-a-las-12.24.16_0055dfae-1024x684.jpg 1024w, https:\/\/ruralrafaela.com.ar\/exporural2025\/wp-content\/uploads\/sites\/24\/2025\/09\/Imagen-de-WhatsApp-2025-09-18-a-las-12.24.16_0055dfae-300x200.jpg 300w, https:\/\/ruralrafaela.com.ar\/exporural2025\/wp-content\/uploads\/sites\/24\/2025\/09\/Imagen-de-WhatsApp-2025-09-18-a-las-12.24.16_0055dfae-768x513.jpg 768w, https:\/\/ruralrafaela.com.ar\/exporural2025\/wp-content\/uploads\/sites\/24\/2025\/09\/Imagen-de-WhatsApp-2025-09-18-a-las-12.24.16_0055dfae.jpg 1280w\" sizes=\"(max-width: 1024px) 100vw, 1024px\" \/><\/figure>\n\n\n\n<figure class=\"wp-block-image size-large\"><img decoding=\"async\" width=\"1024\" height=\"684\" data-id=\"7194\" src=\"https:\/\/ruralrafaela.com.ar\/exporural2025\/wp-content\/uploads\/sites\/24\/2025\/09\/Imagen-de-WhatsApp-2025-09-18-a-las-12.24.17_df56363c-1024x684.jpg\" alt=\"\" class=\"wp-image-7194\" srcset=\"https:\/\/ruralrafaela.com.ar\/exporural2025\/wp-content\/uploads\/sites\/24\/2025\/09\/Imagen-de-WhatsApp-2025-09-18-a-las-12.24.17_df56363c-1024x684.jpg 1024w, https:\/\/ruralrafaela.com.ar\/exporural2025\/wp-content\/uploads\/sites\/24\/2025\/09\/Imagen-de-WhatsApp-2025-09-18-a-las-12.24.17_df56363c-300x200.jpg 300w, https:\/\/ruralrafaela.com.ar\/exporural2025\/wp-content\/uploads\/sites\/24\/2025\/09\/Imagen-de-WhatsApp-2025-09-18-a-las-12.24.17_df56363c-768x513.jpg 768w, https:\/\/ruralrafaela.com.ar\/exporural2025\/wp-content\/uploads\/sites\/24\/2025\/09\/Imagen-de-WhatsApp-2025-09-18-a-las-12.24.17_df56363c.jpg 1280w\" sizes=\"(max-width: 1024px) 100vw, 1024px\" \/><\/figure>\n\n\n\n<figure class=\"wp-block-image size-large\"><img loading=\"lazy\" decoding=\"async\" width=\"1024\" height=\"684\" data-id=\"7191\" src=\"https:\/\/ruralrafaela.com.ar\/exporural2025\/wp-content\/uploads\/sites\/24\/2025\/09\/Imagen-de-WhatsApp-2025-09-18-a-las-12.24.18_503b4e95-1024x684.jpg\" alt=\"\" class=\"wp-image-7191\" srcset=\"https:\/\/ruralrafaela.com.ar\/exporural2025\/wp-content\/uploads\/sites\/24\/2025\/09\/Imagen-de-WhatsApp-2025-09-18-a-las-12.24.18_503b4e95-1024x684.jpg 1024w, https:\/\/ruralrafaela.com.ar\/exporural2025\/wp-content\/uploads\/sites\/24\/2025\/09\/Imagen-de-WhatsApp-2025-09-18-a-las-12.24.18_503b4e95-300x200.jpg 300w, https:\/\/ruralrafaela.com.ar\/exporural2025\/wp-content\/uploads\/sites\/24\/2025\/09\/Imagen-de-WhatsApp-2025-09-18-a-las-12.24.18_503b4e95-768x513.jpg 768w, https:\/\/ruralrafaela.com.ar\/exporural2025\/wp-content\/uploads\/sites\/24\/2025\/09\/Imagen-de-WhatsApp-2025-09-18-a-las-12.24.18_503b4e95.jpg 1280w\" sizes=\"(max-width: 1024px) 100vw, 1024px\" \/><\/figure>\n\n\n\n<figure class=\"wp-block-image size-large\"><img loading=\"lazy\" decoding=\"async\" width=\"1024\" height=\"684\" data-id=\"7190\" src=\"https:\/\/ruralrafaela.com.ar\/exporural2025\/wp-content\/uploads\/sites\/24\/2025\/09\/Imagen-de-WhatsApp-2025-09-18-a-las-12.24.20_66ce5b23-1024x684.jpg\" alt=\"\" class=\"wp-image-7190\" srcset=\"https:\/\/ruralrafaela.com.ar\/exporural2025\/wp-content\/uploads\/sites\/24\/2025\/09\/Imagen-de-WhatsApp-2025-09-18-a-las-12.24.20_66ce5b23-1024x684.jpg 1024w, https:\/\/ruralrafaela.com.ar\/exporural2025\/wp-content\/uploads\/sites\/24\/2025\/09\/Imagen-de-WhatsApp-2025-09-18-a-las-12.24.20_66ce5b23-300x200.jpg 300w, https:\/\/ruralrafaela.com.ar\/exporural2025\/wp-content\/uploads\/sites\/24\/2025\/09\/Imagen-de-WhatsApp-2025-09-18-a-las-12.24.20_66ce5b23-768x513.jpg 768w, https:\/\/ruralrafaela.com.ar\/exporural2025\/wp-content\/uploads\/sites\/24\/2025\/09\/Imagen-de-WhatsApp-2025-09-18-a-las-12.24.20_66ce5b23.jpg 1280w\" sizes=\"(max-width: 1024px) 100vw, 1024px\" \/><\/figure>\n\n\n\n<figure class=\"wp-block-image size-large\"><img loading=\"lazy\" decoding=\"async\" width=\"1024\" height=\"684\" data-id=\"7195\" src=\"https:\/\/ruralrafaela.com.ar\/exporural2025\/wp-content\/uploads\/sites\/24\/2025\/09\/Imagen-de-WhatsApp-2025-09-18-a-las-12.24.22_38672930-1024x684.jpg\" alt=\"\" class=\"wp-image-7195\" srcset=\"https:\/\/ruralrafaela.com.ar\/exporural2025\/wp-content\/uploads\/sites\/24\/2025\/09\/Imagen-de-WhatsApp-2025-09-18-a-las-12.24.22_38672930-1024x684.jpg 1024w, https:\/\/ruralrafaela.com.ar\/exporural2025\/wp-content\/uploads\/sites\/24\/2025\/09\/Imagen-de-WhatsApp-2025-09-18-a-las-12.24.22_38672930-300x200.jpg 300w, https:\/\/ruralrafaela.com.ar\/exporural2025\/wp-content\/uploads\/sites\/24\/2025\/09\/Imagen-de-WhatsApp-2025-09-18-a-las-12.24.22_38672930-768x513.jpg 768w, https:\/\/ruralrafaela.com.ar\/exporural2025\/wp-content\/uploads\/sites\/24\/2025\/09\/Imagen-de-WhatsApp-2025-09-18-a-las-12.24.22_38672930.jpg 1280w\" sizes=\"(max-width: 1024px) 100vw, 1024px\" \/><\/figure>\n\n\n\n<figure class=\"wp-block-image size-large\"><img loading=\"lazy\" decoding=\"async\" width=\"1024\" height=\"684\" data-id=\"7196\" src=\"https:\/\/ruralrafaela.com.ar\/exporural2025\/wp-content\/uploads\/sites\/24\/2025\/09\/Imagen-de-WhatsApp-2025-09-18-a-las-12.24.23_9349a3ac-1024x684.jpg\" alt=\"\" class=\"wp-image-7196\" srcset=\"https:\/\/ruralrafaela.com.ar\/exporural2025\/wp-content\/uploads\/sites\/24\/2025\/09\/Imagen-de-WhatsApp-2025-09-18-a-las-12.24.23_9349a3ac-1024x684.jpg 1024w, https:\/\/ruralrafaela.com.ar\/exporural2025\/wp-content\/uploads\/sites\/24\/2025\/09\/Imagen-de-WhatsApp-2025-09-18-a-las-12.24.23_9349a3ac-300x200.jpg 300w, https:\/\/ruralrafaela.com.ar\/exporural2025\/wp-content\/uploads\/sites\/24\/2025\/09\/Imagen-de-WhatsApp-2025-09-18-a-las-12.24.23_9349a3ac-768x513.jpg 768w, https:\/\/ruralrafaela.com.ar\/exporural2025\/wp-content\/uploads\/sites\/24\/2025\/09\/Imagen-de-WhatsApp-2025-09-18-a-las-12.24.23_9349a3ac.jpg 1280w\" sizes=\"(max-width: 1024px) 100vw, 1024px\" \/><\/figure>\n\n\n\n<figure class=\"wp-block-image size-large\"><img loading=\"lazy\" decoding=\"async\" width=\"1024\" height=\"684\" data-id=\"7197\" src=\"https:\/\/ruralrafaela.com.ar\/exporural2025\/wp-content\/uploads\/sites\/24\/2025\/09\/IMG_25781-1-1024x684.jpg\" alt=\"\" class=\"wp-image-7197\" srcset=\"https:\/\/ruralrafaela.com.ar\/exporural2025\/wp-content\/uploads\/sites\/24\/2025\/09\/IMG_25781-1-1024x684.jpg 1024w, https:\/\/ruralrafaela.com.ar\/exporural2025\/wp-content\/uploads\/sites\/24\/2025\/09\/IMG_25781-1-300x200.jpg 300w, https:\/\/ruralrafaela.com.ar\/exporural2025\/wp-content\/uploads\/sites\/24\/2025\/09\/IMG_25781-1-768x513.jpg 768w, https:\/\/ruralrafaela.com.ar\/exporural2025\/wp-content\/uploads\/sites\/24\/2025\/09\/IMG_25781-1-1536x1027.jpg 1536w, https:\/\/ruralrafaela.com.ar\/exporural2025\/wp-content\/uploads\/sites\/24\/2025\/09\/IMG_25781-1.jpg 1616w\" sizes=\"(max-width: 1024px) 100vw, 1024px\" \/><\/figure>\n<\/figure>\n\n\n\n<p><\/p>\n\n\n\n<p>Dando inicio a las actividades oficiales de la 118\u00b0 ExpoRural de Rafaela, este jueves por la ma\u00f1ana se realiz\u00f3 el acto de apertura, donde las autoridades participaron de la ceremonia y recorrieron un predio que est\u00e1 colmado de propuestas, desde maquinarias, implementos, servicios, espacios comerciales, gastron\u00f3micos y por supuesto los galpones con una cifra r\u00e9cord de animales que se lucir\u00e1n en la pista el s\u00e1bado por la ma\u00f1ana.<\/p>\n\n\n\n<p>El acto estuvo encabezado por Leonardo Alassia, como presidente de la Sociedad Rural de Rafaela, junto a su vicepresidente, Horacio Albrecht, la secretaria de la Comisi\u00f3n Directiva y presidente del Grupo de Ayuda a Mujeres Agropecuarias, Romina Romero y dem\u00e1s integrantes de la entidad, a los que se sum\u00f3 el intendente municipal, Leonardo Viotti, autoridades de la ciudad, concejales y representantes de las instituciones que hacen al entramado de desarrollo local.<\/p>\n\n\n\n<p>En honor a la celebraci\u00f3n de los 30 a\u00f1os de GAMA, las palabras de bienvenida estuvieron a cargo de Betty Borgogno, una de las pioneras de este espacio que hoy contin\u00faa una historia de \u201ctres d\u00e9cadas de dedicaci\u00f3n y empoderamiento en el sector agropecuario\u201d, surgido de una reuni\u00f3n generada por una industria agropecuaria en el INTA y que determin\u00f3 la conformaci\u00f3n de un espacio de contenci\u00f3n que la Rural valora, acrecienta y desde donde surgi\u00f3 la primera presidente mujer de la instituci\u00f3n.<\/p>\n\n\n\n<p>\u201cEsta trayectoria resalta la habilidad del Grupo GAMA para involucrarse activamente en las empresas familiares agropecuarias, acompa\u00f1ando y apoyando a las familias en cada paso del camino\u201d, destac\u00f3 esta pionera que demuestra con su propia historia lo dicho en sus palabras.<\/p>\n\n\n\n<p>Llamando a \u201cinspirar y promover la participaci\u00f3n femenina en el agro\u201d, es que se dio lugar a la formalidad de la apertura de cintas, en las que particip\u00f3 tambi\u00e9n el presidente de la Confederaci\u00f3n de Asociaciones Rurales de Santa Fe, Berardo Vignatti.<\/p>\n\n\n\n<p>Luego del izamiento de la bandera nacional, en la que participaron Beatriz Podio, como integrante de GAMA; Marcela Quiroga, propietaria de la caba\u00f1a La Traves\u00eda; y H\u00e9ctor G\u00f3mez, titular de Induqu\u00edmica, como representantes de todos los sectores representados en la exposici\u00f3n.<\/p>\n\n\n\n<p>Durante la recorrida, Alassia destac\u00f3 que \u201ceste a\u00f1o se presenta para el campo en la provincia de Santa Fe una situaci\u00f3n muy particular, con un clima at\u00edpico que trajo lluvias durante el invierno y algunos anegamientos, pero tambi\u00e9n con regiones afectadas por la sequ\u00eda que nos ponen a prueba\u201d, apuntando que m\u00e1s all\u00e1 de la naturaleza el sector tambi\u00e9n tiene un desaf\u00edo \u201chasta llegar al 26 de octubre, cuando se definan las elecciones legislativas, que puedan llegar a calmar las alteraciones que en las \u00faltimas semanas estamos viviendo en pol\u00edtica y econom\u00eda\u201d.<\/p>\n\n\n\n<p>En este mismo sentido, Vignatti remarc\u00f3 la importancia de este tipo de eventos, que muestran el potencial del campo, pero tambi\u00e9n la combinaci\u00f3n con el resto de los sectores, dando sustento a la vida de la provincia de Santa Fe. \u201cEste fue un a\u00f1o diferente en materia clim\u00e1tica y creo que el Noroeste, en San Crist\u00f3bal, Nueve de Julio y parte de Vera son las zonas m\u00e1s complicadas por la falta de precipitaciones que nos presenta una realidad, que se da en un marco de incertidumbre pol\u00edtica, dado que es un a\u00f1o electoral y en muchos casos de desdibujan las necesidades del sector y de los productores\u201d.<\/p>\n\n\n\n<p>Vignatti agreg\u00f3 que \u201cdesde Carsfe queremos acompa\u00f1ar a las rurales y a los productores, para visibilizar esto y que las necesidades puedan ser respondidas\u201d.<\/p>\n\n\n\n<p><\/p>\n","protected":false},"excerpt":{"rendered":"<p>Dando inicio a las actividades oficiales de la 118\u00b0 ExpoRural de Rafaela, este jueves por la ma\u00f1ana se realiz\u00f3 el acto de apertura, donde las autoridades participaron de la ceremonia y recorrieron un predio que est\u00e1 colmado de propuestas, desde maquinarias, implementos, servicios, espacios comerciales, gastron\u00f3micos y por supuesto los galpones con una cifra r\u00e9cord [&hellip;]<\/p>\n","protected":false},"author":17,"featured_media":7192,"comment_status":"closed","ping_status":"open","sticky":false,"template":"","format":"standard","meta":{"ocean_post_layout":"","ocean_both_sidebars_style":"","ocean_both_sidebars_content_width":0,"ocean_both_sidebars_sidebars_width":0,"ocean_sidebar":"","ocean_second_sidebar":"","ocean_disable_margins":"enable","ocean_add_body_class":"","ocean_shortcode_before_top_bar":"","ocean_shortcode_after_top_bar":"","ocean_shortcode_before_header":"","ocean_shortcode_after_header":"","ocean_has_shortcode":"","ocean_shortcode_after_title":"","ocean_shortcode_before_footer_widgets":"","ocean_shortcode_after_footer_widgets":"","ocean_shortcode_before_footer_bottom":"","ocean_shortcode_after_footer_bottom":"","ocean_display_top_bar":"default","ocean_display_header":"default","ocean_header_style":"","ocean_center_header_left_menu":"","ocean_custom_header_template":"","ocean_custom_logo":0,"ocean_custom_retina_logo":0,"ocean_custom_logo_max_width":0,"ocean_custom_logo_tablet_max_width":0,"ocean_custom_logo_mobile_max_width":0,"ocean_custom_logo_max_height":0,"ocean_custom_logo_tablet_max_height":0,"ocean_custom_logo_mobile_max_height":0,"ocean_header_custom_menu":"","ocean_menu_typo_font_family":"","ocean_menu_typo_font_subset":"","ocean_menu_typo_font_size":0,"ocean_menu_typo_font_size_tablet":0,"ocean_menu_typo_font_size_mobile":0,"ocean_menu_typo_font_size_unit":"px","ocean_menu_typo_font_weight":"","ocean_menu_typo_font_weight_tablet":"","ocean_menu_typo_font_weight_mobile":"","ocean_menu_typo_transform":"","ocean_menu_typo_transform_tablet":"","ocean_menu_typo_transform_mobile":"","ocean_menu_typo_line_height":0,"ocean_menu_typo_line_height_tablet":0,"ocean_menu_typo_line_height_mobile":0,"ocean_menu_typo_line_height_unit":"","ocean_menu_typo_spacing":0,"ocean_menu_typo_spacing_tablet":0,"ocean_menu_typo_spacing_mobile":0,"ocean_menu_typo_spacing_unit":"","ocean_menu_link_color":"","ocean_menu_link_color_hover":"","ocean_menu_link_color_active":"","ocean_menu_link_background":"","ocean_menu_link_hover_background":"","ocean_menu_link_active_background":"","ocean_menu_social_links_bg":"","ocean_menu_social_hover_links_bg":"","ocean_menu_social_links_color":"","ocean_menu_social_hover_links_color":"","ocean_disable_title":"default","ocean_disable_heading":"default","ocean_post_title":"","ocean_post_subheading":"","ocean_post_title_style":"","ocean_post_title_background_color":"","ocean_post_title_background":0,"ocean_post_title_bg_image_position":"","ocean_post_title_bg_image_attachment":"","ocean_post_title_bg_image_repeat":"","ocean_post_title_bg_image_size":"","ocean_post_title_height":0,"ocean_post_title_bg_overlay":0.5,"ocean_post_title_bg_overlay_color":"","ocean_disable_breadcrumbs":"default","ocean_breadcrumbs_color":"","ocean_breadcrumbs_separator_color":"","ocean_breadcrumbs_links_color":"","ocean_breadcrumbs_links_hover_color":"","ocean_display_footer_widgets":"default","ocean_display_footer_bottom":"default","ocean_custom_footer_template":"","_joinchat":[],"ocean_post_oembed":"","ocean_post_self_hosted_media":"","ocean_post_video_embed":"","ocean_link_format":"","ocean_link_format_target":"self","ocean_quote_format":"","ocean_quote_format_link":"post","ocean_gallery_link_images":"on","ocean_gallery_id":[],"footnotes":""},"categories":[1],"tags":[],"class_list":["post-7189","post","type-post","status-publish","format-standard","has-post-thumbnail","hentry","category-sin-categoria","entry","has-media"],"yoast_head":"<!-- This site is optimized with the Yoast SEO plugin v27.5 - https:\/\/yoast.com\/product\/yoast-seo-wordpress\/ -->\n<title>La 118\u00b0 ExpoRural de Rafaela est\u00e1 en marcha - 118 Expo Rural Rafaela 2025<\/title>\n<meta name=\"robots\" content=\"index, follow, max-snippet:-1, max-image-preview:large, max-video-preview:-1\" \/>\n<link rel=\"canonical\" href=\"https:\/\/ruralrafaela.com.ar\/exporural2025\/2025\/09\/18\/la-118-exporural-de-rafaela-esta-en-marcha\/\" \/>\n<meta property=\"og:locale\" content=\"es_ES\" \/>\n<meta property=\"og:type\" content=\"article\" \/>\n<meta property=\"og:title\" content=\"La 118\u00b0 ExpoRural de Rafaela est\u00e1 en marcha - 118 Expo Rural Rafaela 2025\" \/>\n<meta property=\"og:description\" content=\"Dando inicio a las actividades oficiales de la 118\u00b0 ExpoRural de Rafaela, este jueves por la ma\u00f1ana se realiz\u00f3 el acto de apertura, donde las autoridades participaron de la ceremonia y recorrieron un predio que est\u00e1 colmado de propuestas, desde maquinarias, implementos, servicios, espacios comerciales, gastron\u00f3micos y por supuesto los galpones con una cifra r\u00e9cord [&hellip;]\" \/>\n<meta property=\"og:url\" content=\"https:\/\/ruralrafaela.com.ar\/exporural2025\/2025\/09\/18\/la-118-exporural-de-rafaela-esta-en-marcha\/\" \/>\n<meta property=\"og:site_name\" content=\"118 Expo Rural Rafaela 2025\" \/>\n<meta property=\"article:published_time\" content=\"2025-09-18T17:42:53+00:00\" \/>\n<meta property=\"article:modified_time\" content=\"2025-09-19T14:41:16+00:00\" \/>\n<meta property=\"og:image\" content=\"https:\/\/ruralrafaela.com.ar\/exporural2025\/wp-content\/uploads\/sites\/24\/2025\/09\/Imagen-de-WhatsApp-2025-09-18-a-las-12.23.43_7ac604c1.jpg\" \/>\n\t<meta property=\"og:image:width\" content=\"1280\" \/>\n\t<meta property=\"og:image:height\" content=\"855\" \/>\n\t<meta property=\"og:image:type\" content=\"image\/jpeg\" \/>\n<meta name=\"author\" content=\"voces\" \/>\n<meta name=\"twitter:card\" content=\"summary_large_image\" \/>\n<meta name=\"twitter:label1\" content=\"Escrito por\" \/>\n\t<meta name=\"twitter:data1\" content=\"voces\" \/>\n\t<meta name=\"twitter:label2\" content=\"Tiempo de lectura\" \/>\n\t<meta name=\"twitter:data2\" content=\"5 minutos\" \/>\n<script type=\"application\/ld+json\" class=\"yoast-schema-graph\">{\"@context\":\"https:\\\/\\\/schema.org\",\"@graph\":[{\"@type\":\"Article\",\"@id\":\"https:\\\/\\\/ruralrafaela.com.ar\\\/exporural2025\\\/2025\\\/09\\\/18\\\/la-118-exporural-de-rafaela-esta-en-marcha\\\/#article\",\"isPartOf\":{\"@id\":\"https:\\\/\\\/ruralrafaela.com.ar\\\/exporural2025\\\/2025\\\/09\\\/18\\\/la-118-exporural-de-rafaela-esta-en-marcha\\\/\"},\"author\":{\"name\":\"voces\",\"@id\":\"https:\\\/\\\/ruralrafaela.com.ar\\\/exporural2025\\\/#\\\/schema\\\/person\\\/fa167bfed3a2b8029213c0bac80612f7\"},\"headline\":\"La 118\u00b0 ExpoRural de Rafaela est\u00e1 en marcha\",\"datePublished\":\"2025-09-18T17:42:53+00:00\",\"dateModified\":\"2025-09-19T14:41:16+00:00\",\"mainEntityOfPage\":{\"@id\":\"https:\\\/\\\/ruralrafaela.com.ar\\\/exporural2025\\\/2025\\\/09\\\/18\\\/la-118-exporural-de-rafaela-esta-en-marcha\\\/\"},\"wordCount\":618,\"publisher\":{\"@id\":\"https:\\\/\\\/ruralrafaela.com.ar\\\/exporural2025\\\/#organization\"},\"image\":{\"@id\":\"https:\\\/\\\/ruralrafaela.com.ar\\\/exporural2025\\\/2025\\\/09\\\/18\\\/la-118-exporural-de-rafaela-esta-en-marcha\\\/#primaryimage\"},\"thumbnailUrl\":\"https:\\\/\\\/ruralrafaela.com.ar\\\/exporural2025\\\/wp-content\\\/uploads\\\/sites\\\/24\\\/2025\\\/09\\\/Imagen-de-WhatsApp-2025-09-18-a-las-12.23.43_7ac604c1.jpg\",\"inLanguage\":\"es\"},{\"@type\":\"WebPage\",\"@id\":\"https:\\\/\\\/ruralrafaela.com.ar\\\/exporural2025\\\/2025\\\/09\\\/18\\\/la-118-exporural-de-rafaela-esta-en-marcha\\\/\",\"url\":\"https:\\\/\\\/ruralrafaela.com.ar\\\/exporural2025\\\/2025\\\/09\\\/18\\\/la-118-exporural-de-rafaela-esta-en-marcha\\\/\",\"name\":\"La 118\u00b0 ExpoRural de Rafaela est\u00e1 en marcha - 118 Expo Rural Rafaela 2025\",\"isPartOf\":{\"@id\":\"https:\\\/\\\/ruralrafaela.com.ar\\\/exporural2025\\\/#website\"},\"primaryImageOfPage\":{\"@id\":\"https:\\\/\\\/ruralrafaela.com.ar\\\/exporural2025\\\/2025\\\/09\\\/18\\\/la-118-exporural-de-rafaela-esta-en-marcha\\\/#primaryimage\"},\"image\":{\"@id\":\"https:\\\/\\\/ruralrafaela.com.ar\\\/exporural2025\\\/2025\\\/09\\\/18\\\/la-118-exporural-de-rafaela-esta-en-marcha\\\/#primaryimage\"},\"thumbnailUrl\":\"https:\\\/\\\/ruralrafaela.com.ar\\\/exporural2025\\\/wp-content\\\/uploads\\\/sites\\\/24\\\/2025\\\/09\\\/Imagen-de-WhatsApp-2025-09-18-a-las-12.23.43_7ac604c1.jpg\",\"datePublished\":\"2025-09-18T17:42:53+00:00\",\"dateModified\":\"2025-09-19T14:41:16+00:00\",\"breadcrumb\":{\"@id\":\"https:\\\/\\\/ruralrafaela.com.ar\\\/exporural2025\\\/2025\\\/09\\\/18\\\/la-118-exporural-de-rafaela-esta-en-marcha\\\/#breadcrumb\"},\"inLanguage\":\"es\",\"potentialAction\":[{\"@type\":\"ReadAction\",\"target\":[\"https:\\\/\\\/ruralrafaela.com.ar\\\/exporural2025\\\/2025\\\/09\\\/18\\\/la-118-exporural-de-rafaela-esta-en-marcha\\\/\"]}]},{\"@type\":\"ImageObject\",\"inLanguage\":\"es\",\"@id\":\"https:\\\/\\\/ruralrafaela.com.ar\\\/exporural2025\\\/2025\\\/09\\\/18\\\/la-118-exporural-de-rafaela-esta-en-marcha\\\/#primaryimage\",\"url\":\"https:\\\/\\\/ruralrafaela.com.ar\\\/exporural2025\\\/wp-content\\\/uploads\\\/sites\\\/24\\\/2025\\\/09\\\/Imagen-de-WhatsApp-2025-09-18-a-las-12.23.43_7ac604c1.jpg\",\"contentUrl\":\"https:\\\/\\\/ruralrafaela.com.ar\\\/exporural2025\\\/wp-content\\\/uploads\\\/sites\\\/24\\\/2025\\\/09\\\/Imagen-de-WhatsApp-2025-09-18-a-las-12.23.43_7ac604c1.jpg\",\"width\":\"1280\",\"height\":\"855\"},{\"@type\":\"BreadcrumbList\",\"@id\":\"https:\\\/\\\/ruralrafaela.com.ar\\\/exporural2025\\\/2025\\\/09\\\/18\\\/la-118-exporural-de-rafaela-esta-en-marcha\\\/#breadcrumb\",\"itemListElement\":[{\"@type\":\"ListItem\",\"position\":1,\"name\":\"Portada\",\"item\":\"https:\\\/\\\/ruralrafaela.com.ar\\\/exporural2025\\\/\"},{\"@type\":\"ListItem\",\"position\":2,\"name\":\"La 118\u00b0 ExpoRural de Rafaela est\u00e1 en marcha\"}]},{\"@type\":\"WebSite\",\"@id\":\"https:\\\/\\\/ruralrafaela.com.ar\\\/exporural2025\\\/#website\",\"url\":\"https:\\\/\\\/ruralrafaela.com.ar\\\/exporural2025\\\/\",\"name\":\"118 Expo Rural Rafaela 2025\",\"description\":\"Sitio oficial de la Expo Rural Rafaela\",\"publisher\":{\"@id\":\"https:\\\/\\\/ruralrafaela.com.ar\\\/exporural2025\\\/#organization\"},\"potentialAction\":[{\"@type\":\"SearchAction\",\"target\":{\"@type\":\"EntryPoint\",\"urlTemplate\":\"https:\\\/\\\/ruralrafaela.com.ar\\\/exporural2025\\\/?s={search_term_string}\"},\"query-input\":{\"@type\":\"PropertyValueSpecification\",\"valueRequired\":true,\"valueName\":\"search_term_string\"}}],\"inLanguage\":\"es\"},{\"@type\":\"Organization\",\"@id\":\"https:\\\/\\\/ruralrafaela.com.ar\\\/exporural2025\\\/#organization\",\"name\":\"118 Expo Rural Rafaela 2025\",\"url\":\"https:\\\/\\\/ruralrafaela.com.ar\\\/exporural2025\\\/\",\"logo\":{\"@type\":\"ImageObject\",\"inLanguage\":\"es\",\"@id\":\"https:\\\/\\\/ruralrafaela.com.ar\\\/exporural2025\\\/#\\\/schema\\\/logo\\\/image\\\/\",\"url\":\"https:\\\/\\\/ruralrafaela.com.ar\\\/exporural2025\\\/wp-content\\\/uploads\\\/sites\\\/24\\\/2025\\\/08\\\/logo_expo2025.jpg\",\"contentUrl\":\"https:\\\/\\\/ruralrafaela.com.ar\\\/exporural2025\\\/wp-content\\\/uploads\\\/sites\\\/24\\\/2025\\\/08\\\/logo_expo2025.jpg\",\"width\":611,\"height\":368,\"caption\":\"118 Expo Rural Rafaela 2025\"},\"image\":{\"@id\":\"https:\\\/\\\/ruralrafaela.com.ar\\\/exporural2025\\\/#\\\/schema\\\/logo\\\/image\\\/\"}},{\"@type\":\"Person\",\"@id\":\"https:\\\/\\\/ruralrafaela.com.ar\\\/exporural2025\\\/#\\\/schema\\\/person\\\/fa167bfed3a2b8029213c0bac80612f7\",\"name\":\"voces\",\"image\":{\"@type\":\"ImageObject\",\"inLanguage\":\"es\",\"@id\":\"https:\\\/\\\/secure.gravatar.com\\\/avatar\\\/8be4c66bb16cf788ff6688b77c76240c16a5397e072068b8fd79350e9acb3d86?s=96&d=mm&r=g\",\"url\":\"https:\\\/\\\/secure.gravatar.com\\\/avatar\\\/8be4c66bb16cf788ff6688b77c76240c16a5397e072068b8fd79350e9acb3d86?s=96&d=mm&r=g\",\"contentUrl\":\"https:\\\/\\\/secure.gravatar.com\\\/avatar\\\/8be4c66bb16cf788ff6688b77c76240c16a5397e072068b8fd79350e9acb3d86?s=96&d=mm&r=g\",\"caption\":\"voces\"},\"url\":\"https:\\\/\\\/ruralrafaela.com.ar\\\/exporural2025\\\/author\\\/voces\\\/\"}]}<\/script>\n<!-- \/ Yoast SEO plugin. -->","yoast_head_json":{"title":"La 118\u00b0 ExpoRural de Rafaela est\u00e1 en marcha - 118 Expo Rural Rafaela 2025","robots":{"index":"index","follow":"follow","max-snippet":"max-snippet:-1","max-image-preview":"max-image-preview:large","max-video-preview":"max-video-preview:-1"},"canonical":"https:\/\/ruralrafaela.com.ar\/exporural2025\/2025\/09\/18\/la-118-exporural-de-rafaela-esta-en-marcha\/","og_locale":"es_ES","og_type":"article","og_title":"La 118\u00b0 ExpoRural de Rafaela est\u00e1 en marcha - 118 Expo Rural Rafaela 2025","og_description":"Dando inicio a las actividades oficiales de la 118\u00b0 ExpoRural de Rafaela, este jueves por la ma\u00f1ana se realiz\u00f3 el acto de apertura, donde las autoridades participaron de la ceremonia y recorrieron un predio que est\u00e1 colmado de propuestas, desde maquinarias, implementos, servicios, espacios comerciales, gastron\u00f3micos y por supuesto los galpones con una cifra r\u00e9cord [&hellip;]","og_url":"https:\/\/ruralrafaela.com.ar\/exporural2025\/2025\/09\/18\/la-118-exporural-de-rafaela-esta-en-marcha\/","og_site_name":"118 Expo Rural Rafaela 2025","article_published_time":"2025-09-18T17:42:53+00:00","article_modified_time":"2025-09-19T14:41:16+00:00","og_image":[{"width":1280,"height":855,"url":"https:\/\/ruralrafaela.com.ar\/exporural2025\/wp-content\/uploads\/sites\/24\/2025\/09\/Imagen-de-WhatsApp-2025-09-18-a-las-12.23.43_7ac604c1.jpg","type":"image\/jpeg"}],"author":"voces","twitter_card":"summary_large_image","twitter_misc":{"Escrito por":"voces","Tiempo de lectura":"5 minutos"},"schema":{"@context":"https:\/\/schema.org","@graph":[{"@type":"Article","@id":"https:\/\/ruralrafaela.com.ar\/exporural2025\/2025\/09\/18\/la-118-exporural-de-rafaela-esta-en-marcha\/#article","isPartOf":{"@id":"https:\/\/ruralrafaela.com.ar\/exporural2025\/2025\/09\/18\/la-118-exporural-de-rafaela-esta-en-marcha\/"},"author":{"name":"voces","@id":"https:\/\/ruralrafaela.com.ar\/exporural2025\/#\/schema\/person\/fa167bfed3a2b8029213c0bac80612f7"},"headline":"La 118\u00b0 ExpoRural de Rafaela est\u00e1 en marcha","datePublished":"2025-09-18T17:42:53+00:00","dateModified":"2025-09-19T14:41:16+00:00","mainEntityOfPage":{"@id":"https:\/\/ruralrafaela.com.ar\/exporural2025\/2025\/09\/18\/la-118-exporural-de-rafaela-esta-en-marcha\/"},"wordCount":618,"publisher":{"@id":"https:\/\/ruralrafaela.com.ar\/exporural2025\/#organization"},"image":{"@id":"https:\/\/ruralrafaela.com.ar\/exporural2025\/2025\/09\/18\/la-118-exporural-de-rafaela-esta-en-marcha\/#primaryimage"},"thumbnailUrl":"https:\/\/ruralrafaela.com.ar\/exporural2025\/wp-content\/uploads\/sites\/24\/2025\/09\/Imagen-de-WhatsApp-2025-09-18-a-las-12.23.43_7ac604c1.jpg","inLanguage":"es"},{"@type":"WebPage","@id":"https:\/\/ruralrafaela.com.ar\/exporural2025\/2025\/09\/18\/la-118-exporural-de-rafaela-esta-en-marcha\/","url":"https:\/\/ruralrafaela.com.ar\/exporural2025\/2025\/09\/18\/la-118-exporural-de-rafaela-esta-en-marcha\/","name":"La 118\u00b0 ExpoRural de Rafaela est\u00e1 en marcha - 118 Expo Rural Rafaela 2025","isPartOf":{"@id":"https:\/\/ruralrafaela.com.ar\/exporural2025\/#website"},"primaryImageOfPage":{"@id":"https:\/\/ruralrafaela.com.ar\/exporural2025\/2025\/09\/18\/la-118-exporural-de-rafaela-esta-en-marcha\/#primaryimage"},"image":{"@id":"https:\/\/ruralrafaela.com.ar\/exporural2025\/2025\/09\/18\/la-118-exporural-de-rafaela-esta-en-marcha\/#primaryimage"},"thumbnailUrl":"https:\/\/ruralrafaela.com.ar\/exporural2025\/wp-content\/uploads\/sites\/24\/2025\/09\/Imagen-de-WhatsApp-2025-09-18-a-las-12.23.43_7ac604c1.jpg","datePublished":"2025-09-18T17:42:53+00:00","dateModified":"2025-09-19T14:41:16+00:00","breadcrumb":{"@id":"https:\/\/ruralrafaela.com.ar\/exporural2025\/2025\/09\/18\/la-118-exporural-de-rafaela-esta-en-marcha\/#breadcrumb"},"inLanguage":"es","potentialAction":[{"@type":"ReadAction","target":["https:\/\/ruralrafaela.com.ar\/exporural2025\/2025\/09\/18\/la-118-exporural-de-rafaela-esta-en-marcha\/"]}]},{"@type":"ImageObject","inLanguage":"es","@id":"https:\/\/ruralrafaela.com.ar\/exporural2025\/2025\/09\/18\/la-118-exporural-de-rafaela-esta-en-marcha\/#primaryimage","url":"https:\/\/ruralrafaela.com.ar\/exporural2025\/wp-content\/uploads\/sites\/24\/2025\/09\/Imagen-de-WhatsApp-2025-09-18-a-las-12.23.43_7ac604c1.jpg","contentUrl":"https:\/\/ruralrafaela.com.ar\/exporural2025\/wp-content\/uploads\/sites\/24\/2025\/09\/Imagen-de-WhatsApp-2025-09-18-a-las-12.23.43_7ac604c1.jpg","width":"1280","height":"855"},{"@type":"BreadcrumbList","@id":"https:\/\/ruralrafaela.com.ar\/exporural2025\/2025\/09\/18\/la-118-exporural-de-rafaela-esta-en-marcha\/#breadcrumb","itemListElement":[{"@type":"ListItem","position":1,"name":"Portada","item":"https:\/\/ruralrafaela.com.ar\/exporural2025\/"},{"@type":"ListItem","position":2,"name":"La 118\u00b0 ExpoRural de Rafaela est\u00e1 en marcha"}]},{"@type":"WebSite","@id":"https:\/\/ruralrafaela.com.ar\/exporural2025\/#website","url":"https:\/\/ruralrafaela.com.ar\/exporural2025\/","name":"118 Expo Rural Rafaela 2025","description":"Sitio oficial de la Expo Rural Rafaela","publisher":{"@id":"https:\/\/ruralrafaela.com.ar\/exporural2025\/#organization"},"potentialAction":[{"@type":"SearchAction","target":{"@type":"EntryPoint","urlTemplate":"https:\/\/ruralrafaela.com.ar\/exporural2025\/?s={search_term_string}"},"query-input":{"@type":"PropertyValueSpecification","valueRequired":true,"valueName":"search_term_string"}}],"inLanguage":"es"},{"@type":"Organization","@id":"https:\/\/ruralrafaela.com.ar\/exporural2025\/#organization","name":"118 Expo Rural Rafaela 2025","url":"https:\/\/ruralrafaela.com.ar\/exporural2025\/","logo":{"@type":"ImageObject","inLanguage":"es","@id":"https:\/\/ruralrafaela.com.ar\/exporural2025\/#\/schema\/logo\/image\/","url":"https:\/\/ruralrafaela.com.ar\/exporural2025\/wp-content\/uploads\/sites\/24\/2025\/08\/logo_expo2025.jpg","contentUrl":"https:\/\/ruralrafaela.com.ar\/exporural2025\/wp-content\/uploads\/sites\/24\/2025\/08\/logo_expo2025.jpg","width":611,"height":368,"caption":"118 Expo Rural Rafaela 2025"},"image":{"@id":"https:\/\/ruralrafaela.com.ar\/exporural2025\/#\/schema\/logo\/image\/"}},{"@type":"Person","@id":"https:\/\/ruralrafaela.com.ar\/exporural2025\/#\/schema\/person\/fa167bfed3a2b8029213c0bac80612f7","name":"voces","image":{"@type":"ImageObject","inLanguage":"es","@id":"https:\/\/secure.gravatar.com\/avatar\/8be4c66bb16cf788ff6688b77c76240c16a5397e072068b8fd79350e9acb3d86?s=96&d=mm&r=g","url":"https:\/\/secure.gravatar.com\/avatar\/8be4c66bb16cf788ff6688b77c76240c16a5397e072068b8fd79350e9acb3d86?s=96&d=mm&r=g","contentUrl":"https:\/\/secure.gravatar.com\/avatar\/8be4c66bb16cf788ff6688b77c76240c16a5397e072068b8fd79350e9acb3d86?s=96&d=mm&r=g","caption":"voces"},"url":"https:\/\/ruralrafaela.com.ar\/exporural2025\/author\/voces\/"}]}},"_links":{"self":[{"href":"https:\/\/ruralrafaela.com.ar\/exporural2025\/wp-json\/wp\/v2\/posts\/7189","targetHints":{"allow":["GET"]}}],"collection":[{"href":"https:\/\/ruralrafaela.com.ar\/exporural2025\/wp-json\/wp\/v2\/posts"}],"about":[{"href":"https:\/\/ruralrafaela.com.ar\/exporural2025\/wp-json\/wp\/v2\/types\/post"}],"author":[{"embeddable":true,"href":"https:\/\/ruralrafaela.com.ar\/exporural2025\/wp-json\/wp\/v2\/users\/17"}],"replies":[{"embeddable":true,"href":"https:\/\/ruralrafaela.com.ar\/exporural2025\/wp-json\/wp\/v2\/comments?post=7189"}],"version-history":[{"count":2,"href":"https:\/\/ruralrafaela.com.ar\/exporural2025\/wp-json\/wp\/v2\/posts\/7189\/revisions"}],"predecessor-version":[{"id":7199,"href":"https:\/\/ruralrafaela.com.ar\/exporural2025\/wp-json\/wp\/v2\/posts\/7189\/revisions\/7199"}],"wp:featuredmedia":[{"embeddable":true,"href":"https:\/\/ruralrafaela.com.ar\/exporural2025\/wp-json\/wp\/v2\/media\/7192"}],"wp:attachment":[{"href":"https:\/\/ruralrafaela.com.ar\/exporural2025\/wp-json\/wp\/v2\/media?parent=7189"}],"wp:term":[{"taxonomy":"category","embeddable":true,"href":"https:\/\/ruralrafaela.com.ar\/exporural2025\/wp-json\/wp\/v2\/categories?post=7189"},{"taxonomy":"post_tag","embeddable":true,"href":"https:\/\/ruralrafaela.com.ar\/exporural2025\/wp-json\/wp\/v2\/tags?post=7189"}],"curies":[{"name":"wp","href":"https:\/\/api.w.org\/{rel}","templated":true}]}}