{"id":7181,"date":"2025-09-18T12:52:21","date_gmt":"2025-09-18T12:52:21","guid":{"rendered":"https:\/\/ruralrafaela.com.ar\/exporural2025\/?p=7181"},"modified":"2025-09-18T12:52:22","modified_gmt":"2025-09-18T12:52:22","slug":"punto-a-punto-se-puso-interesante-la-competencia-por-el-104-concurso-de-vacas-lecheras","status":"publish","type":"post","link":"https:\/\/ruralrafaela.com.ar\/exporural2025\/2025\/09\/18\/punto-a-punto-se-puso-interesante-la-competencia-por-el-104-concurso-de-vacas-lecheras\/","title":{"rendered":"Punto a punto, se puso interesante la competencia por el 104\u00b0 Concurso de Vacas Lecheras"},"content":{"rendered":"\n<figure class=\"wp-block-gallery has-nested-images columns-default is-cropped wp-block-gallery-1 is-layout-flex wp-block-gallery-is-layout-flex\">\n<figure class=\"wp-block-image size-large\"><img fetchpriority=\"high\" decoding=\"async\" width=\"813\" height=\"538\" data-id=\"7185\" src=\"https:\/\/ruralrafaela.com.ar\/exporural2025\/wp-content\/uploads\/sites\/24\/2025\/09\/Captura-de-pantalla-2025-09-17-215244.png\" alt=\"\" class=\"wp-image-7185\" srcset=\"https:\/\/ruralrafaela.com.ar\/exporural2025\/wp-content\/uploads\/sites\/24\/2025\/09\/Captura-de-pantalla-2025-09-17-215244.png 813w, https:\/\/ruralrafaela.com.ar\/exporural2025\/wp-content\/uploads\/sites\/24\/2025\/09\/Captura-de-pantalla-2025-09-17-215244-300x199.png 300w, https:\/\/ruralrafaela.com.ar\/exporural2025\/wp-content\/uploads\/sites\/24\/2025\/09\/Captura-de-pantalla-2025-09-17-215244-768x508.png 768w\" sizes=\"(max-width: 813px) 100vw, 813px\" \/><\/figure>\n\n\n\n<figure class=\"wp-block-image size-large\"><img decoding=\"async\" width=\"810\" height=\"547\" data-id=\"7182\" src=\"https:\/\/ruralrafaela.com.ar\/exporural2025\/wp-content\/uploads\/sites\/24\/2025\/09\/Captura-de-pantalla-2025-09-17-215348.png\" alt=\"\" class=\"wp-image-7182\" srcset=\"https:\/\/ruralrafaela.com.ar\/exporural2025\/wp-content\/uploads\/sites\/24\/2025\/09\/Captura-de-pantalla-2025-09-17-215348.png 810w, https:\/\/ruralrafaela.com.ar\/exporural2025\/wp-content\/uploads\/sites\/24\/2025\/09\/Captura-de-pantalla-2025-09-17-215348-300x203.png 300w, https:\/\/ruralrafaela.com.ar\/exporural2025\/wp-content\/uploads\/sites\/24\/2025\/09\/Captura-de-pantalla-2025-09-17-215348-768x519.png 768w\" sizes=\"(max-width: 810px) 100vw, 810px\" \/><\/figure>\n\n\n\n<figure class=\"wp-block-image size-large\"><img decoding=\"async\" width=\"778\" height=\"552\" data-id=\"7184\" src=\"https:\/\/ruralrafaela.com.ar\/exporural2025\/wp-content\/uploads\/sites\/24\/2025\/09\/Captura-de-pantalla-2025-09-17-215436-1.png\" alt=\"\" class=\"wp-image-7184\" srcset=\"https:\/\/ruralrafaela.com.ar\/exporural2025\/wp-content\/uploads\/sites\/24\/2025\/09\/Captura-de-pantalla-2025-09-17-215436-1.png 778w, https:\/\/ruralrafaela.com.ar\/exporural2025\/wp-content\/uploads\/sites\/24\/2025\/09\/Captura-de-pantalla-2025-09-17-215436-1-300x213.png 300w, https:\/\/ruralrafaela.com.ar\/exporural2025\/wp-content\/uploads\/sites\/24\/2025\/09\/Captura-de-pantalla-2025-09-17-215436-1-768x545.png 768w\" sizes=\"(max-width: 778px) 100vw, 778px\" \/><\/figure>\n\n\n\n<figure class=\"wp-block-image size-large\"><img loading=\"lazy\" decoding=\"async\" width=\"778\" height=\"552\" data-id=\"7186\" src=\"https:\/\/ruralrafaela.com.ar\/exporural2025\/wp-content\/uploads\/sites\/24\/2025\/09\/Captura-de-pantalla-2025-09-17-215436.png\" alt=\"\" class=\"wp-image-7186\" srcset=\"https:\/\/ruralrafaela.com.ar\/exporural2025\/wp-content\/uploads\/sites\/24\/2025\/09\/Captura-de-pantalla-2025-09-17-215436.png 778w, https:\/\/ruralrafaela.com.ar\/exporural2025\/wp-content\/uploads\/sites\/24\/2025\/09\/Captura-de-pantalla-2025-09-17-215436-300x213.png 300w, https:\/\/ruralrafaela.com.ar\/exporural2025\/wp-content\/uploads\/sites\/24\/2025\/09\/Captura-de-pantalla-2025-09-17-215436-768x545.png 768w\" sizes=\"(max-width: 778px) 100vw, 778px\" \/><\/figure>\n\n\n\n<figure class=\"wp-block-image size-large\"><img loading=\"lazy\" decoding=\"async\" width=\"800\" height=\"547\" data-id=\"7183\" src=\"https:\/\/ruralrafaela.com.ar\/exporural2025\/wp-content\/uploads\/sites\/24\/2025\/09\/Captura-de-pantalla-2025-09-17-215521.png\" alt=\"\" class=\"wp-image-7183\" srcset=\"https:\/\/ruralrafaela.com.ar\/exporural2025\/wp-content\/uploads\/sites\/24\/2025\/09\/Captura-de-pantalla-2025-09-17-215521.png 800w, https:\/\/ruralrafaela.com.ar\/exporural2025\/wp-content\/uploads\/sites\/24\/2025\/09\/Captura-de-pantalla-2025-09-17-215521-300x205.png 300w, https:\/\/ruralrafaela.com.ar\/exporural2025\/wp-content\/uploads\/sites\/24\/2025\/09\/Captura-de-pantalla-2025-09-17-215521-768x525.png 768w\" sizes=\"(max-width: 800px) 100vw, 800px\" \/><\/figure>\n\n\n\n<figure class=\"wp-block-image size-large\"><img loading=\"lazy\" decoding=\"async\" width=\"842\" height=\"502\" data-id=\"7187\" src=\"https:\/\/ruralrafaela.com.ar\/exporural2025\/wp-content\/uploads\/sites\/24\/2025\/09\/Captura-de-pantalla-2025-09-17-215600.png\" alt=\"\" class=\"wp-image-7187\" srcset=\"https:\/\/ruralrafaela.com.ar\/exporural2025\/wp-content\/uploads\/sites\/24\/2025\/09\/Captura-de-pantalla-2025-09-17-215600.png 842w, https:\/\/ruralrafaela.com.ar\/exporural2025\/wp-content\/uploads\/sites\/24\/2025\/09\/Captura-de-pantalla-2025-09-17-215600-300x179.png 300w, https:\/\/ruralrafaela.com.ar\/exporural2025\/wp-content\/uploads\/sites\/24\/2025\/09\/Captura-de-pantalla-2025-09-17-215600-768x458.png 768w\" sizes=\"(max-width: 842px) 100vw, 842px\" \/><\/figure>\n<\/figure>\n\n\n\n<p>En esta 118\u00b0 ExpoRural de Rafaela y la Regi\u00f3n, se defini\u00f3 por inquietud de los caba\u00f1eros, cambiar algunos detalles del 104\u00b0 Concurso de Vacas Lecheras.<\/p>\n\n\n\n<p>En lugar de trasladar a los animales para el orde\u00f1o en un galp\u00f3n especial, dos veces por d\u00eda, se accedi\u00f3 a orde\u00f1ar en la fila, en los galpones dispuestos para las caba\u00f1as en el predio ferial, para tener de esa forma una menor alteraci\u00f3n del d\u00eda a d\u00eda de las vacas, manteniendo la ventilaci\u00f3n y mejorando el bienestar animal. De esta manera se ampl\u00eda la competencia en el \u00fanico concurso de su tipo, sostenido hist\u00f3ricamente y con la transparencia que aportan los an\u00e1lisis del INTI L\u00e1cteos, para no s\u00f3lo sumar puntos por litros, sino tambi\u00e9n por los valores composicionales.<\/p>\n\n\n\n<p>S\u00f3lo suspendido en 2020 por la pandemia, este 104\u00b0 Concurso de Vacas Lecheras, propone una competencia que hace a\u00f1os no se viv\u00eda, porque en cada orde\u00f1o se ajustan m\u00e1s los n\u00fameros.<\/p>\n\n\n\n<p>En la ma\u00f1ana del mi\u00e9rcoles, el primero de los orde\u00f1os hab\u00eda ubicado al box 601 como l\u00edder.<\/p>\n\n\n\n<p>Fue entonces que con 32,230 litros, present\u00f3 4,12% de grasa y 3,47% de prote\u00ednas, para llegar a los 180,743 puntos, teniendo en cuenta que este animal es el \u00fanico con handicap, por pertenecer a la categor\u00eda de dos partos.<\/p>\n\n\n\n<p>Por la tarde, Shalom Oasis TE, la caba\u00f1a La Traves\u00eda de Germ\u00e1n Fux, sigui\u00f3 al frente con una nueva extracci\u00f3n de 31,910 litros, con 3,98% de prote\u00ednas y 3,45% de grasa, llegando a los 64,140 litros en la jornada que la llevaron a sumar despu\u00e9s de los dos parciales un total de 358,372 puntos.<\/p>\n\n\n\n<p>El segundo lugar queda despu\u00e9s de la primera de dos jornadas para el box 604, 4189 de Guillermo Miretti e Hijos, con tres partos y un acumulado de 66,660 litros, siendo 33,230 los de la tarde con 4,59% de grasa y 3,03% de prote\u00ednas, para 319,557 puntos.<\/p>\n\n\n\n<p>El tercer lugar es tambi\u00e9n para La Traves\u00eda, con el box 602, Shalom Pule Zasberilla TN TE, que con un acumulado de 32,150 litros (3,93% de grasa y 3,47% de prote\u00ednas), suma 314,289 puntos.<\/p>\n\n\n\n<p>La caba\u00f1a San Santiago de Oscar Giuliano tiene al box 603, San Sars Liam Laia Kimgboy, en el cuarto lugar. Ella con un car\u00e1cter especial, sin comer su raci\u00f3n mientras se le hacen los orde\u00f1os y acusando como todas el impacto de una tarde bastante c\u00e1lida, lleg\u00f3 a los 62,445 litros en el primer d\u00eda (2,497 kilos de grasa y 1,909 kilos de prote\u00edna), accediendo a 293,242 puntos.<\/p>\n\n\n\n<p>Este jueves se har\u00e1n los \u00faltimos dos orde\u00f1os, a las 6 y 18 horas, para definir a la ganadora, a la m\u00e1s lechera y la de mayor calidad de materia prima, entreg\u00e1ndose la copa del Concurso por la noche en la cena de caba\u00f1eros, donde tambi\u00e9n se reconocer\u00e1n a los mejores ejemplares del 8\u00b0 Concurso de Vacas a Campo y Remate de las Estrellas.<\/p>\n\n\n\n<p><\/p>\n","protected":false},"excerpt":{"rendered":"<p>En esta 118\u00b0 ExpoRural de Rafaela y la Regi\u00f3n, se defini\u00f3 por inquietud de los caba\u00f1eros, cambiar algunos detalles del 104\u00b0 Concurso de Vacas Lecheras. En lugar de trasladar a los animales para el orde\u00f1o en un galp\u00f3n especial, dos veces por d\u00eda, se accedi\u00f3 a orde\u00f1ar en la fila, en los galpones dispuestos para [&hellip;]<\/p>\n","protected":false},"author":17,"featured_media":7186,"comment_status":"closed","ping_status":"open","sticky":false,"template":"","format":"standard","meta":{"ocean_post_layout":"","ocean_both_sidebars_style":"","ocean_both_sidebars_content_width":0,"ocean_both_sidebars_sidebars_width":0,"ocean_sidebar":"","ocean_second_sidebar":"","ocean_disable_margins":"enable","ocean_add_body_class":"","ocean_shortcode_before_top_bar":"","ocean_shortcode_after_top_bar":"","ocean_shortcode_before_header":"","ocean_shortcode_after_header":"","ocean_has_shortcode":"","ocean_shortcode_after_title":"","ocean_shortcode_before_footer_widgets":"","ocean_shortcode_after_footer_widgets":"","ocean_shortcode_before_footer_bottom":"","ocean_shortcode_after_footer_bottom":"","ocean_display_top_bar":"default","ocean_display_header":"default","ocean_header_style":"","ocean_center_header_left_menu":"","ocean_custom_header_template":"","ocean_custom_logo":0,"ocean_custom_retina_logo":0,"ocean_custom_logo_max_width":0,"ocean_custom_logo_tablet_max_width":0,"ocean_custom_logo_mobile_max_width":0,"ocean_custom_logo_max_height":0,"ocean_custom_logo_tablet_max_height":0,"ocean_custom_logo_mobile_max_height":0,"ocean_header_custom_menu":"","ocean_menu_typo_font_family":"","ocean_menu_typo_font_subset":"","ocean_menu_typo_font_size":0,"ocean_menu_typo_font_size_tablet":0,"ocean_menu_typo_font_size_mobile":0,"ocean_menu_typo_font_size_unit":"px","ocean_menu_typo_font_weight":"","ocean_menu_typo_font_weight_tablet":"","ocean_menu_typo_font_weight_mobile":"","ocean_menu_typo_transform":"","ocean_menu_typo_transform_tablet":"","ocean_menu_typo_transform_mobile":"","ocean_menu_typo_line_height":0,"ocean_menu_typo_line_height_tablet":0,"ocean_menu_typo_line_height_mobile":0,"ocean_menu_typo_line_height_unit":"","ocean_menu_typo_spacing":0,"ocean_menu_typo_spacing_tablet":0,"ocean_menu_typo_spacing_mobile":0,"ocean_menu_typo_spacing_unit":"","ocean_menu_link_color":"","ocean_menu_link_color_hover":"","ocean_menu_link_color_active":"","ocean_menu_link_background":"","ocean_menu_link_hover_background":"","ocean_menu_link_active_background":"","ocean_menu_social_links_bg":"","ocean_menu_social_hover_links_bg":"","ocean_menu_social_links_color":"","ocean_menu_social_hover_links_color":"","ocean_disable_title":"default","ocean_disable_heading":"default","ocean_post_title":"","ocean_post_subheading":"","ocean_post_title_style":"","ocean_post_title_background_color":"","ocean_post_title_background":0,"ocean_post_title_bg_image_position":"","ocean_post_title_bg_image_attachment":"","ocean_post_title_bg_image_repeat":"","ocean_post_title_bg_image_size":"","ocean_post_title_height":0,"ocean_post_title_bg_overlay":0.5,"ocean_post_title_bg_overlay_color":"","ocean_disable_breadcrumbs":"default","ocean_breadcrumbs_color":"","ocean_breadcrumbs_separator_color":"","ocean_breadcrumbs_links_color":"","ocean_breadcrumbs_links_hover_color":"","ocean_display_footer_widgets":"default","ocean_display_footer_bottom":"default","ocean_custom_footer_template":"","_joinchat":[],"ocean_post_oembed":"","ocean_post_self_hosted_media":"","ocean_post_video_embed":"","ocean_link_format":"","ocean_link_format_target":"self","ocean_quote_format":"","ocean_quote_format_link":"post","ocean_gallery_link_images":"on","ocean_gallery_id":[],"footnotes":""},"categories":[5,52],"tags":[50,53,9,13,15,51],"class_list":["post-7181","post","type-post","status-publish","format-standard","has-post-thumbnail","hentry","category-expo-rural","category-exporural-2025","tag-50","tag-concurso","tag-exporural","tag-lecheria","tag-rafaela","tag-vacas-lecheras","entry","has-media"],"yoast_head":"<!-- This site is optimized with the Yoast SEO plugin v27.5 - https:\/\/yoast.com\/product\/yoast-seo-wordpress\/ -->\n<title>Punto a punto, se puso interesante la competencia por el 104\u00b0 Concurso de Vacas Lecheras - 118 Expo Rural Rafaela 2025<\/title>\n<meta name=\"robots\" content=\"index, follow, max-snippet:-1, max-image-preview:large, max-video-preview:-1\" \/>\n<link rel=\"canonical\" href=\"https:\/\/ruralrafaela.com.ar\/exporural2025\/2025\/09\/18\/punto-a-punto-se-puso-interesante-la-competencia-por-el-104-concurso-de-vacas-lecheras\/\" \/>\n<meta property=\"og:locale\" content=\"es_ES\" \/>\n<meta property=\"og:type\" content=\"article\" \/>\n<meta property=\"og:title\" content=\"Punto a punto, se puso interesante la competencia por el 104\u00b0 Concurso de Vacas Lecheras - 118 Expo Rural Rafaela 2025\" \/>\n<meta property=\"og:description\" content=\"En esta 118\u00b0 ExpoRural de Rafaela y la Regi\u00f3n, se defini\u00f3 por inquietud de los caba\u00f1eros, cambiar algunos detalles del 104\u00b0 Concurso de Vacas Lecheras. En lugar de trasladar a los animales para el orde\u00f1o en un galp\u00f3n especial, dos veces por d\u00eda, se accedi\u00f3 a orde\u00f1ar en la fila, en los galpones dispuestos para [&hellip;]\" \/>\n<meta property=\"og:url\" content=\"https:\/\/ruralrafaela.com.ar\/exporural2025\/2025\/09\/18\/punto-a-punto-se-puso-interesante-la-competencia-por-el-104-concurso-de-vacas-lecheras\/\" \/>\n<meta property=\"og:site_name\" content=\"118 Expo Rural Rafaela 2025\" \/>\n<meta property=\"article:published_time\" content=\"2025-09-18T12:52:21+00:00\" \/>\n<meta property=\"article:modified_time\" content=\"2025-09-18T12:52:22+00:00\" \/>\n<meta property=\"og:image\" content=\"https:\/\/ruralrafaela.com.ar\/exporural2025\/wp-content\/uploads\/sites\/24\/2025\/09\/Captura-de-pantalla-2025-09-17-215436.png\" \/>\n\t<meta property=\"og:image:width\" content=\"778\" \/>\n\t<meta property=\"og:image:height\" content=\"552\" \/>\n\t<meta property=\"og:image:type\" content=\"image\/png\" \/>\n<meta name=\"author\" content=\"voces\" \/>\n<meta name=\"twitter:card\" content=\"summary_large_image\" \/>\n<meta name=\"twitter:label1\" content=\"Escrito por\" \/>\n\t<meta name=\"twitter:data1\" content=\"voces\" \/>\n\t<meta name=\"twitter:label2\" content=\"Tiempo de lectura\" \/>\n\t<meta name=\"twitter:data2\" content=\"4 minutos\" \/>\n<script type=\"application\/ld+json\" class=\"yoast-schema-graph\">{\"@context\":\"https:\\\/\\\/schema.org\",\"@graph\":[{\"@type\":\"Article\",\"@id\":\"https:\\\/\\\/ruralrafaela.com.ar\\\/exporural2025\\\/2025\\\/09\\\/18\\\/punto-a-punto-se-puso-interesante-la-competencia-por-el-104-concurso-de-vacas-lecheras\\\/#article\",\"isPartOf\":{\"@id\":\"https:\\\/\\\/ruralrafaela.com.ar\\\/exporural2025\\\/2025\\\/09\\\/18\\\/punto-a-punto-se-puso-interesante-la-competencia-por-el-104-concurso-de-vacas-lecheras\\\/\"},\"author\":{\"name\":\"voces\",\"@id\":\"https:\\\/\\\/ruralrafaela.com.ar\\\/exporural2025\\\/#\\\/schema\\\/person\\\/fa167bfed3a2b8029213c0bac80612f7\"},\"headline\":\"Punto a punto, se puso interesante la competencia por el 104\u00b0 Concurso de Vacas Lecheras\",\"datePublished\":\"2025-09-18T12:52:21+00:00\",\"dateModified\":\"2025-09-18T12:52:22+00:00\",\"mainEntityOfPage\":{\"@id\":\"https:\\\/\\\/ruralrafaela.com.ar\\\/exporural2025\\\/2025\\\/09\\\/18\\\/punto-a-punto-se-puso-interesante-la-competencia-por-el-104-concurso-de-vacas-lecheras\\\/\"},\"wordCount\":513,\"publisher\":{\"@id\":\"https:\\\/\\\/ruralrafaela.com.ar\\\/exporural2025\\\/#organization\"},\"image\":{\"@id\":\"https:\\\/\\\/ruralrafaela.com.ar\\\/exporural2025\\\/2025\\\/09\\\/18\\\/punto-a-punto-se-puso-interesante-la-competencia-por-el-104-concurso-de-vacas-lecheras\\\/#primaryimage\"},\"thumbnailUrl\":\"https:\\\/\\\/ruralrafaela.com.ar\\\/exporural2025\\\/wp-content\\\/uploads\\\/sites\\\/24\\\/2025\\\/09\\\/Captura-de-pantalla-2025-09-17-215436.png\",\"keywords\":[\"2025\",\"concurso\",\"exporural\",\"lecher\u00eda\",\"rafaela\",\"vacas lecheras\"],\"articleSection\":[\"Expo Rural\",\"Exporural 2025\"],\"inLanguage\":\"es\"},{\"@type\":\"WebPage\",\"@id\":\"https:\\\/\\\/ruralrafaela.com.ar\\\/exporural2025\\\/2025\\\/09\\\/18\\\/punto-a-punto-se-puso-interesante-la-competencia-por-el-104-concurso-de-vacas-lecheras\\\/\",\"url\":\"https:\\\/\\\/ruralrafaela.com.ar\\\/exporural2025\\\/2025\\\/09\\\/18\\\/punto-a-punto-se-puso-interesante-la-competencia-por-el-104-concurso-de-vacas-lecheras\\\/\",\"name\":\"Punto a punto, se puso interesante la competencia por el 104\u00b0 Concurso de Vacas Lecheras - 118 Expo Rural Rafaela 2025\",\"isPartOf\":{\"@id\":\"https:\\\/\\\/ruralrafaela.com.ar\\\/exporural2025\\\/#website\"},\"primaryImageOfPage\":{\"@id\":\"https:\\\/\\\/ruralrafaela.com.ar\\\/exporural2025\\\/2025\\\/09\\\/18\\\/punto-a-punto-se-puso-interesante-la-competencia-por-el-104-concurso-de-vacas-lecheras\\\/#primaryimage\"},\"image\":{\"@id\":\"https:\\\/\\\/ruralrafaela.com.ar\\\/exporural2025\\\/2025\\\/09\\\/18\\\/punto-a-punto-se-puso-interesante-la-competencia-por-el-104-concurso-de-vacas-lecheras\\\/#primaryimage\"},\"thumbnailUrl\":\"https:\\\/\\\/ruralrafaela.com.ar\\\/exporural2025\\\/wp-content\\\/uploads\\\/sites\\\/24\\\/2025\\\/09\\\/Captura-de-pantalla-2025-09-17-215436.png\",\"datePublished\":\"2025-09-18T12:52:21+00:00\",\"dateModified\":\"2025-09-18T12:52:22+00:00\",\"breadcrumb\":{\"@id\":\"https:\\\/\\\/ruralrafaela.com.ar\\\/exporural2025\\\/2025\\\/09\\\/18\\\/punto-a-punto-se-puso-interesante-la-competencia-por-el-104-concurso-de-vacas-lecheras\\\/#breadcrumb\"},\"inLanguage\":\"es\",\"potentialAction\":[{\"@type\":\"ReadAction\",\"target\":[\"https:\\\/\\\/ruralrafaela.com.ar\\\/exporural2025\\\/2025\\\/09\\\/18\\\/punto-a-punto-se-puso-interesante-la-competencia-por-el-104-concurso-de-vacas-lecheras\\\/\"]}]},{\"@type\":\"ImageObject\",\"inLanguage\":\"es\",\"@id\":\"https:\\\/\\\/ruralrafaela.com.ar\\\/exporural2025\\\/2025\\\/09\\\/18\\\/punto-a-punto-se-puso-interesante-la-competencia-por-el-104-concurso-de-vacas-lecheras\\\/#primaryimage\",\"url\":\"https:\\\/\\\/ruralrafaela.com.ar\\\/exporural2025\\\/wp-content\\\/uploads\\\/sites\\\/24\\\/2025\\\/09\\\/Captura-de-pantalla-2025-09-17-215436.png\",\"contentUrl\":\"https:\\\/\\\/ruralrafaela.com.ar\\\/exporural2025\\\/wp-content\\\/uploads\\\/sites\\\/24\\\/2025\\\/09\\\/Captura-de-pantalla-2025-09-17-215436.png\",\"width\":\"778\",\"height\":\"552\"},{\"@type\":\"BreadcrumbList\",\"@id\":\"https:\\\/\\\/ruralrafaela.com.ar\\\/exporural2025\\\/2025\\\/09\\\/18\\\/punto-a-punto-se-puso-interesante-la-competencia-por-el-104-concurso-de-vacas-lecheras\\\/#breadcrumb\",\"itemListElement\":[{\"@type\":\"ListItem\",\"position\":1,\"name\":\"Portada\",\"item\":\"https:\\\/\\\/ruralrafaela.com.ar\\\/exporural2025\\\/\"},{\"@type\":\"ListItem\",\"position\":2,\"name\":\"Punto a punto, se puso interesante la competencia por el 104\u00b0 Concurso de Vacas Lecheras\"}]},{\"@type\":\"WebSite\",\"@id\":\"https:\\\/\\\/ruralrafaela.com.ar\\\/exporural2025\\\/#website\",\"url\":\"https:\\\/\\\/ruralrafaela.com.ar\\\/exporural2025\\\/\",\"name\":\"118 Expo Rural Rafaela 2025\",\"description\":\"Sitio oficial de la Expo Rural Rafaela\",\"publisher\":{\"@id\":\"https:\\\/\\\/ruralrafaela.com.ar\\\/exporural2025\\\/#organization\"},\"potentialAction\":[{\"@type\":\"SearchAction\",\"target\":{\"@type\":\"EntryPoint\",\"urlTemplate\":\"https:\\\/\\\/ruralrafaela.com.ar\\\/exporural2025\\\/?s={search_term_string}\"},\"query-input\":{\"@type\":\"PropertyValueSpecification\",\"valueRequired\":true,\"valueName\":\"search_term_string\"}}],\"inLanguage\":\"es\"},{\"@type\":\"Organization\",\"@id\":\"https:\\\/\\\/ruralrafaela.com.ar\\\/exporural2025\\\/#organization\",\"name\":\"118 Expo Rural Rafaela 2025\",\"url\":\"https:\\\/\\\/ruralrafaela.com.ar\\\/exporural2025\\\/\",\"logo\":{\"@type\":\"ImageObject\",\"inLanguage\":\"es\",\"@id\":\"https:\\\/\\\/ruralrafaela.com.ar\\\/exporural2025\\\/#\\\/schema\\\/logo\\\/image\\\/\",\"url\":\"https:\\\/\\\/ruralrafaela.com.ar\\\/exporural2025\\\/wp-content\\\/uploads\\\/sites\\\/24\\\/2025\\\/08\\\/logo_expo2025.jpg\",\"contentUrl\":\"https:\\\/\\\/ruralrafaela.com.ar\\\/exporural2025\\\/wp-content\\\/uploads\\\/sites\\\/24\\\/2025\\\/08\\\/logo_expo2025.jpg\",\"width\":611,\"height\":368,\"caption\":\"118 Expo Rural Rafaela 2025\"},\"image\":{\"@id\":\"https:\\\/\\\/ruralrafaela.com.ar\\\/exporural2025\\\/#\\\/schema\\\/logo\\\/image\\\/\"}},{\"@type\":\"Person\",\"@id\":\"https:\\\/\\\/ruralrafaela.com.ar\\\/exporural2025\\\/#\\\/schema\\\/person\\\/fa167bfed3a2b8029213c0bac80612f7\",\"name\":\"voces\",\"image\":{\"@type\":\"ImageObject\",\"inLanguage\":\"es\",\"@id\":\"https:\\\/\\\/secure.gravatar.com\\\/avatar\\\/8be4c66bb16cf788ff6688b77c76240c16a5397e072068b8fd79350e9acb3d86?s=96&d=mm&r=g\",\"url\":\"https:\\\/\\\/secure.gravatar.com\\\/avatar\\\/8be4c66bb16cf788ff6688b77c76240c16a5397e072068b8fd79350e9acb3d86?s=96&d=mm&r=g\",\"contentUrl\":\"https:\\\/\\\/secure.gravatar.com\\\/avatar\\\/8be4c66bb16cf788ff6688b77c76240c16a5397e072068b8fd79350e9acb3d86?s=96&d=mm&r=g\",\"caption\":\"voces\"},\"url\":\"https:\\\/\\\/ruralrafaela.com.ar\\\/exporural2025\\\/author\\\/voces\\\/\"}]}<\/script>\n<!-- \/ Yoast SEO plugin. -->","yoast_head_json":{"title":"Punto a punto, se puso interesante la competencia por el 104\u00b0 Concurso de Vacas Lecheras - 118 Expo Rural Rafaela 2025","robots":{"index":"index","follow":"follow","max-snippet":"max-snippet:-1","max-image-preview":"max-image-preview:large","max-video-preview":"max-video-preview:-1"},"canonical":"https:\/\/ruralrafaela.com.ar\/exporural2025\/2025\/09\/18\/punto-a-punto-se-puso-interesante-la-competencia-por-el-104-concurso-de-vacas-lecheras\/","og_locale":"es_ES","og_type":"article","og_title":"Punto a punto, se puso interesante la competencia por el 104\u00b0 Concurso de Vacas Lecheras - 118 Expo Rural Rafaela 2025","og_description":"En esta 118\u00b0 ExpoRural de Rafaela y la Regi\u00f3n, se defini\u00f3 por inquietud de los caba\u00f1eros, cambiar algunos detalles del 104\u00b0 Concurso de Vacas Lecheras. En lugar de trasladar a los animales para el orde\u00f1o en un galp\u00f3n especial, dos veces por d\u00eda, se accedi\u00f3 a orde\u00f1ar en la fila, en los galpones dispuestos para [&hellip;]","og_url":"https:\/\/ruralrafaela.com.ar\/exporural2025\/2025\/09\/18\/punto-a-punto-se-puso-interesante-la-competencia-por-el-104-concurso-de-vacas-lecheras\/","og_site_name":"118 Expo Rural Rafaela 2025","article_published_time":"2025-09-18T12:52:21+00:00","article_modified_time":"2025-09-18T12:52:22+00:00","og_image":[{"width":778,"height":552,"url":"https:\/\/ruralrafaela.com.ar\/exporural2025\/wp-content\/uploads\/sites\/24\/2025\/09\/Captura-de-pantalla-2025-09-17-215436.png","type":"image\/png"}],"author":"voces","twitter_card":"summary_large_image","twitter_misc":{"Escrito por":"voces","Tiempo de lectura":"4 minutos"},"schema":{"@context":"https:\/\/schema.org","@graph":[{"@type":"Article","@id":"https:\/\/ruralrafaela.com.ar\/exporural2025\/2025\/09\/18\/punto-a-punto-se-puso-interesante-la-competencia-por-el-104-concurso-de-vacas-lecheras\/#article","isPartOf":{"@id":"https:\/\/ruralrafaela.com.ar\/exporural2025\/2025\/09\/18\/punto-a-punto-se-puso-interesante-la-competencia-por-el-104-concurso-de-vacas-lecheras\/"},"author":{"name":"voces","@id":"https:\/\/ruralrafaela.com.ar\/exporural2025\/#\/schema\/person\/fa167bfed3a2b8029213c0bac80612f7"},"headline":"Punto a punto, se puso interesante la competencia por el 104\u00b0 Concurso de Vacas Lecheras","datePublished":"2025-09-18T12:52:21+00:00","dateModified":"2025-09-18T12:52:22+00:00","mainEntityOfPage":{"@id":"https:\/\/ruralrafaela.com.ar\/exporural2025\/2025\/09\/18\/punto-a-punto-se-puso-interesante-la-competencia-por-el-104-concurso-de-vacas-lecheras\/"},"wordCount":513,"publisher":{"@id":"https:\/\/ruralrafaela.com.ar\/exporural2025\/#organization"},"image":{"@id":"https:\/\/ruralrafaela.com.ar\/exporural2025\/2025\/09\/18\/punto-a-punto-se-puso-interesante-la-competencia-por-el-104-concurso-de-vacas-lecheras\/#primaryimage"},"thumbnailUrl":"https:\/\/ruralrafaela.com.ar\/exporural2025\/wp-content\/uploads\/sites\/24\/2025\/09\/Captura-de-pantalla-2025-09-17-215436.png","keywords":["2025","concurso","exporural","lecher\u00eda","rafaela","vacas lecheras"],"articleSection":["Expo Rural","Exporural 2025"],"inLanguage":"es"},{"@type":"WebPage","@id":"https:\/\/ruralrafaela.com.ar\/exporural2025\/2025\/09\/18\/punto-a-punto-se-puso-interesante-la-competencia-por-el-104-concurso-de-vacas-lecheras\/","url":"https:\/\/ruralrafaela.com.ar\/exporural2025\/2025\/09\/18\/punto-a-punto-se-puso-interesante-la-competencia-por-el-104-concurso-de-vacas-lecheras\/","name":"Punto a punto, se puso interesante la competencia por el 104\u00b0 Concurso de Vacas Lecheras - 118 Expo Rural Rafaela 2025","isPartOf":{"@id":"https:\/\/ruralrafaela.com.ar\/exporural2025\/#website"},"primaryImageOfPage":{"@id":"https:\/\/ruralrafaela.com.ar\/exporural2025\/2025\/09\/18\/punto-a-punto-se-puso-interesante-la-competencia-por-el-104-concurso-de-vacas-lecheras\/#primaryimage"},"image":{"@id":"https:\/\/ruralrafaela.com.ar\/exporural2025\/2025\/09\/18\/punto-a-punto-se-puso-interesante-la-competencia-por-el-104-concurso-de-vacas-lecheras\/#primaryimage"},"thumbnailUrl":"https:\/\/ruralrafaela.com.ar\/exporural2025\/wp-content\/uploads\/sites\/24\/2025\/09\/Captura-de-pantalla-2025-09-17-215436.png","datePublished":"2025-09-18T12:52:21+00:00","dateModified":"2025-09-18T12:52:22+00:00","breadcrumb":{"@id":"https:\/\/ruralrafaela.com.ar\/exporural2025\/2025\/09\/18\/punto-a-punto-se-puso-interesante-la-competencia-por-el-104-concurso-de-vacas-lecheras\/#breadcrumb"},"inLanguage":"es","potentialAction":[{"@type":"ReadAction","target":["https:\/\/ruralrafaela.com.ar\/exporural2025\/2025\/09\/18\/punto-a-punto-se-puso-interesante-la-competencia-por-el-104-concurso-de-vacas-lecheras\/"]}]},{"@type":"ImageObject","inLanguage":"es","@id":"https:\/\/ruralrafaela.com.ar\/exporural2025\/2025\/09\/18\/punto-a-punto-se-puso-interesante-la-competencia-por-el-104-concurso-de-vacas-lecheras\/#primaryimage","url":"https:\/\/ruralrafaela.com.ar\/exporural2025\/wp-content\/uploads\/sites\/24\/2025\/09\/Captura-de-pantalla-2025-09-17-215436.png","contentUrl":"https:\/\/ruralrafaela.com.ar\/exporural2025\/wp-content\/uploads\/sites\/24\/2025\/09\/Captura-de-pantalla-2025-09-17-215436.png","width":"778","height":"552"},{"@type":"BreadcrumbList","@id":"https:\/\/ruralrafaela.com.ar\/exporural2025\/2025\/09\/18\/punto-a-punto-se-puso-interesante-la-competencia-por-el-104-concurso-de-vacas-lecheras\/#breadcrumb","itemListElement":[{"@type":"ListItem","position":1,"name":"Portada","item":"https:\/\/ruralrafaela.com.ar\/exporural2025\/"},{"@type":"ListItem","position":2,"name":"Punto a punto, se puso interesante la competencia por el 104\u00b0 Concurso de Vacas Lecheras"}]},{"@type":"WebSite","@id":"https:\/\/ruralrafaela.com.ar\/exporural2025\/#website","url":"https:\/\/ruralrafaela.com.ar\/exporural2025\/","name":"118 Expo Rural Rafaela 2025","description":"Sitio oficial de la Expo Rural Rafaela","publisher":{"@id":"https:\/\/ruralrafaela.com.ar\/exporural2025\/#organization"},"potentialAction":[{"@type":"SearchAction","target":{"@type":"EntryPoint","urlTemplate":"https:\/\/ruralrafaela.com.ar\/exporural2025\/?s={search_term_string}"},"query-input":{"@type":"PropertyValueSpecification","valueRequired":true,"valueName":"search_term_string"}}],"inLanguage":"es"},{"@type":"Organization","@id":"https:\/\/ruralrafaela.com.ar\/exporural2025\/#organization","name":"118 Expo Rural Rafaela 2025","url":"https:\/\/ruralrafaela.com.ar\/exporural2025\/","logo":{"@type":"ImageObject","inLanguage":"es","@id":"https:\/\/ruralrafaela.com.ar\/exporural2025\/#\/schema\/logo\/image\/","url":"https:\/\/ruralrafaela.com.ar\/exporural2025\/wp-content\/uploads\/sites\/24\/2025\/08\/logo_expo2025.jpg","contentUrl":"https:\/\/ruralrafaela.com.ar\/exporural2025\/wp-content\/uploads\/sites\/24\/2025\/08\/logo_expo2025.jpg","width":611,"height":368,"caption":"118 Expo Rural Rafaela 2025"},"image":{"@id":"https:\/\/ruralrafaela.com.ar\/exporural2025\/#\/schema\/logo\/image\/"}},{"@type":"Person","@id":"https:\/\/ruralrafaela.com.ar\/exporural2025\/#\/schema\/person\/fa167bfed3a2b8029213c0bac80612f7","name":"voces","image":{"@type":"ImageObject","inLanguage":"es","@id":"https:\/\/secure.gravatar.com\/avatar\/8be4c66bb16cf788ff6688b77c76240c16a5397e072068b8fd79350e9acb3d86?s=96&d=mm&r=g","url":"https:\/\/secure.gravatar.com\/avatar\/8be4c66bb16cf788ff6688b77c76240c16a5397e072068b8fd79350e9acb3d86?s=96&d=mm&r=g","contentUrl":"https:\/\/secure.gravatar.com\/avatar\/8be4c66bb16cf788ff6688b77c76240c16a5397e072068b8fd79350e9acb3d86?s=96&d=mm&r=g","caption":"voces"},"url":"https:\/\/ruralrafaela.com.ar\/exporural2025\/author\/voces\/"}]}},"_links":{"self":[{"href":"https:\/\/ruralrafaela.com.ar\/exporural2025\/wp-json\/wp\/v2\/posts\/7181","targetHints":{"allow":["GET"]}}],"collection":[{"href":"https:\/\/ruralrafaela.com.ar\/exporural2025\/wp-json\/wp\/v2\/posts"}],"about":[{"href":"https:\/\/ruralrafaela.com.ar\/exporural2025\/wp-json\/wp\/v2\/types\/post"}],"author":[{"embeddable":true,"href":"https:\/\/ruralrafaela.com.ar\/exporural2025\/wp-json\/wp\/v2\/users\/17"}],"replies":[{"embeddable":true,"href":"https:\/\/ruralrafaela.com.ar\/exporural2025\/wp-json\/wp\/v2\/comments?post=7181"}],"version-history":[{"count":1,"href":"https:\/\/ruralrafaela.com.ar\/exporural2025\/wp-json\/wp\/v2\/posts\/7181\/revisions"}],"predecessor-version":[{"id":7188,"href":"https:\/\/ruralrafaela.com.ar\/exporural2025\/wp-json\/wp\/v2\/posts\/7181\/revisions\/7188"}],"wp:featuredmedia":[{"embeddable":true,"href":"https:\/\/ruralrafaela.com.ar\/exporural2025\/wp-json\/wp\/v2\/media\/7186"}],"wp:attachment":[{"href":"https:\/\/ruralrafaela.com.ar\/exporural2025\/wp-json\/wp\/v2\/media?parent=7181"}],"wp:term":[{"taxonomy":"category","embeddable":true,"href":"https:\/\/ruralrafaela.com.ar\/exporural2025\/wp-json\/wp\/v2\/categories?post=7181"},{"taxonomy":"post_tag","embeddable":true,"href":"https:\/\/ruralrafaela.com.ar\/exporural2025\/wp-json\/wp\/v2\/tags?post=7181"}],"curies":[{"name":"wp","href":"https:\/\/api.w.org\/{rel}","templated":true}]}}