{"id":7166,"date":"2025-09-17T22:28:03","date_gmt":"2025-09-17T22:28:03","guid":{"rendered":"https:\/\/ruralrafaela.com.ar\/exporural2025\/?p=7166"},"modified":"2025-09-18T12:47:58","modified_gmt":"2025-09-18T12:47:58","slug":"las-olimpiadas-agrotecnicas-2025-fueron-para-la-escuela-de-agricultura-ganaderia-y-granja-de-esperanza","status":"publish","type":"post","link":"https:\/\/ruralrafaela.com.ar\/exporural2025\/2025\/09\/17\/las-olimpiadas-agrotecnicas-2025-fueron-para-la-escuela-de-agricultura-ganaderia-y-granja-de-esperanza\/","title":{"rendered":"Las Olimp\u00edadas Agrot\u00e9cnicas 2025 fueron para la Escuela de Agricultura, Ganader\u00eda y Granja de Esperanza"},"content":{"rendered":"\n<p>En lo que ya es un cl\u00e1sico de cada a\u00f1o, las Olimp\u00edadas Agrot\u00e9cnicas 2025 fueron el centro de atenci\u00f3n del d\u00eda mi\u00e9rcoles en la 118\u00b0 ExpoRural de Rafaela y la Regi\u00f3n, como la actividad de inicio formal de una agenda que se extender\u00e1 hasta el domingo.<\/p>\n\n\n\n<p>Con la presencia de 11 escuelas agrot\u00e9cnicas de una amplia regi\u00f3n, en el predio ferial de Sociedad Rural de Rafaela, se desarrollaron las primeras acciones durante una ma\u00f1ana en la que se continuaba con el armado total de la muestra que comienza para el p\u00fablico este jueves.<\/p>\n\n\n\n<p>La charla \u201cSer T\u00e9cnico Hoy: Inspiraci\u00f3n sobre el rol de la ciencia y tecnolog\u00eda en el agro\u201d, se orient\u00f3 a los alumnos no participantes en olimp\u00edadas, a cargo de Marcelo Signorini, del INTA-Conicet, donde abord\u00f3 los cambios que se dieron en los \u00faltimos a\u00f1os en las profesiones ligadas a las carreras vinculadas al sector agropecuario, el manejo de las expectativas y la vocaci\u00f3n, pero tambi\u00e9n los aspectos m\u00e1s relevantes de las carreras que hacen hoy al futuro del campo argentino.<\/p>\n\n\n\n<p>Con el desaf\u00edo competitivo de conocimientos y habilidades para 18 equipos de las nueve escuelas que participaron, es que se organizaron los grupos para reponder las preguntas sobre Aves, Producci\u00f3n de Hortalizas, Vivero, Maquinaria agr\u00edcola, Producci\u00f3n de leche, Organizaci\u00f3n y gesti\u00f3n, Industrializaci\u00f3n, Forrajes y cereales fueron las tem\u00e1ticas aboradadas para definir a los ganadores, que recibieron su premio por la tarde ya en el predio del INTA Rafaela.<\/p>\n\n\n\n<p>Luego del almuerzo, se comenzaron los recorridos por las diferentes estaciones dispuestas en la Experiencia Educativa que se est\u00e1 desarrollando en la Experimental, abordando con especificidad la visita a los tambos y la crianza artificial, a la nueva calicata y tambi\u00e9n la tecnolog\u00eda aplicada al agro. Con una demostraci\u00f3n con drones agr\u00edcolas a cargo de la empresa Oitana, que fue la coronaci\u00f3n de una jornada de intercambio muy especial.<\/p>\n\n\n\n<p>Finalmente se hizo la entrega de premios, en la actividad en la que la escuela agrot\u00e9cnica Idesa de Ataliva ofici\u00f3 de coordinadora, junto con INTA y la SRR.<\/p>\n\n\n\n<p>De atr\u00e1s hacia adelante el podio lo integraron en el tercer lugar, la Escuela Mariano Moreno de Landeta; en segundo puesto, Monse\u00f1or Zaspe de Emilia; y el primer puesto fue para la Escuela de Agricultura, Ganader\u00eda y Granja de la Universidad Nacional del Litoral. Con premios para los ganadores y reconocmientos para todas las isntituciones participantes, la jornada se cerr\u00f3 con el agradecimiento a quienes participaron y un hasta pronto, cuando la pr\u00f3xima ExpoRural los vuelva a reunir, para seguir fortaleciendo la educaci\u00f3n agropecuaria nacional.<\/p>\n\n\n\n<p><em>Todas las escuelas participantes:<\/em><\/p>\n\n\n\n<p>Escuela de Educaci\u00f3n T\u00e9cnico Profesional N\u00b0299, Carlos Silvestre Begnis, Sa Pereyra, Santa Fe.<\/p>\n\n\n\n<p>Escuela de Educaci\u00f3n Secundaria Agraria N\u00b01, Navarro, Buenos Aires.<\/p>\n\n\n\n<p>Escuela de Agricultura, Ganader\u00eda y Granja de la Universidad Nacional del Litoral, Esperanza, Santa Fe.<\/p>\n\n\n\n<p>Escuela de Educaci\u00f3n T\u00e9cnico Profesional N\u00b0690, Luc\u00eda Araoz, Angel Gallardo, Santa Fe.<\/p>\n\n\n\n<p>Instituto Agrot\u00e9cnico Salesiano Nuestra Se\u00f1ora del Rosario, Colonia Vignaud, C\u00f3rdoba.<\/p>\n\n\n\n<p>Escuela de Educaci\u00f3n Secundaria Orientada y Modalidad T\u00e9cnico Profesional Particular Incorporada N\u00b02047 Los Colonizadores, Santo Domingo, Santa Fe.<\/p>\n\n\n\n<p>Escuela de Educaci\u00f3n T\u00e9cnico Profesional N\u00b0399 Modalidad Agrot\u00e9cnica Lanceros del Sauce, San Crist\u00f3bal, Santa Fe.<\/p>\n\n\n\n<p>Escuela de Educaci\u00f3n Secundaria Modalidad T\u00e9cnico Profesional Particular Incorporada N\u00b02050 Monse\u00f1or Vicente Zaspe, Emilia, Santa Fe.<\/p>\n\n\n\n<p>Escuela de Educaci\u00f3n T\u00e9cnico Profesional N\u00b0351 Carmen Allio de Mart\u00ednez, Pedro G\u00f3mez Cello, Santa Fe.<\/p>\n\n\n\n<p>Escuela de Educaci\u00f3n T\u00e9cnico Profesional N\u00b0301 Mariano Moreno, Landeta, Santa Fe.<\/p>\n\n\n\n<p>Escuela Normal Rural Almafuerte, Entre R\u00edos.<\/p>\n\n\n\n<figure class=\"wp-block-gallery has-nested-images columns-default is-cropped wp-block-gallery-1 is-layout-flex wp-block-gallery-is-layout-flex\">\n<figure class=\"wp-block-image size-large\"><img fetchpriority=\"high\" decoding=\"async\" width=\"868\" height=\"558\" data-id=\"7168\" src=\"https:\/\/ruralrafaela.com.ar\/exporural2025\/wp-content\/uploads\/sites\/24\/2025\/09\/Captura-de-pantalla-2025-09-17-171612.jpg\" alt=\"\" class=\"wp-image-7168\" srcset=\"https:\/\/ruralrafaela.com.ar\/exporural2025\/wp-content\/uploads\/sites\/24\/2025\/09\/Captura-de-pantalla-2025-09-17-171612.jpg 868w, https:\/\/ruralrafaela.com.ar\/exporural2025\/wp-content\/uploads\/sites\/24\/2025\/09\/Captura-de-pantalla-2025-09-17-171612-300x193.jpg 300w, https:\/\/ruralrafaela.com.ar\/exporural2025\/wp-content\/uploads\/sites\/24\/2025\/09\/Captura-de-pantalla-2025-09-17-171612-768x494.jpg 768w\" sizes=\"(max-width: 868px) 100vw, 868px\" \/><\/figure>\n\n\n\n<figure class=\"wp-block-image size-large\"><img decoding=\"async\" width=\"852\" height=\"567\" data-id=\"7170\" src=\"https:\/\/ruralrafaela.com.ar\/exporural2025\/wp-content\/uploads\/sites\/24\/2025\/09\/Captura-de-pantalla-2025-09-17-171652.png\" alt=\"\" class=\"wp-image-7170\" srcset=\"https:\/\/ruralrafaela.com.ar\/exporural2025\/wp-content\/uploads\/sites\/24\/2025\/09\/Captura-de-pantalla-2025-09-17-171652.png 852w, https:\/\/ruralrafaela.com.ar\/exporural2025\/wp-content\/uploads\/sites\/24\/2025\/09\/Captura-de-pantalla-2025-09-17-171652-300x200.png 300w, https:\/\/ruralrafaela.com.ar\/exporural2025\/wp-content\/uploads\/sites\/24\/2025\/09\/Captura-de-pantalla-2025-09-17-171652-768x511.png 768w\" sizes=\"(max-width: 852px) 100vw, 852px\" \/><\/figure>\n\n\n\n<figure class=\"wp-block-image size-large\"><img decoding=\"async\" width=\"877\" height=\"502\" data-id=\"7169\" src=\"https:\/\/ruralrafaela.com.ar\/exporural2025\/wp-content\/uploads\/sites\/24\/2025\/09\/Captura-de-pantalla-2025-09-17-171719.png\" alt=\"\" class=\"wp-image-7169\" srcset=\"https:\/\/ruralrafaela.com.ar\/exporural2025\/wp-content\/uploads\/sites\/24\/2025\/09\/Captura-de-pantalla-2025-09-17-171719.png 877w, https:\/\/ruralrafaela.com.ar\/exporural2025\/wp-content\/uploads\/sites\/24\/2025\/09\/Captura-de-pantalla-2025-09-17-171719-300x172.png 300w, https:\/\/ruralrafaela.com.ar\/exporural2025\/wp-content\/uploads\/sites\/24\/2025\/09\/Captura-de-pantalla-2025-09-17-171719-768x440.png 768w\" sizes=\"(max-width: 877px) 100vw, 877px\" \/><\/figure>\n\n\n\n<figure class=\"wp-block-image size-large\"><img loading=\"lazy\" decoding=\"async\" width=\"877\" height=\"542\" data-id=\"7175\" src=\"https:\/\/ruralrafaela.com.ar\/exporural2025\/wp-content\/uploads\/sites\/24\/2025\/09\/Captura-de-pantalla-2025-09-17-171749.png\" alt=\"\" class=\"wp-image-7175\" srcset=\"https:\/\/ruralrafaela.com.ar\/exporural2025\/wp-content\/uploads\/sites\/24\/2025\/09\/Captura-de-pantalla-2025-09-17-171749.png 877w, https:\/\/ruralrafaela.com.ar\/exporural2025\/wp-content\/uploads\/sites\/24\/2025\/09\/Captura-de-pantalla-2025-09-17-171749-300x185.png 300w, https:\/\/ruralrafaela.com.ar\/exporural2025\/wp-content\/uploads\/sites\/24\/2025\/09\/Captura-de-pantalla-2025-09-17-171749-768x475.png 768w\" sizes=\"(max-width: 877px) 100vw, 877px\" \/><\/figure>\n\n\n\n<figure class=\"wp-block-image size-large\"><img loading=\"lazy\" decoding=\"async\" width=\"880\" height=\"517\" data-id=\"7171\" src=\"https:\/\/ruralrafaela.com.ar\/exporural2025\/wp-content\/uploads\/sites\/24\/2025\/09\/Captura-de-pantalla-2025-09-17-171812.png\" alt=\"\" class=\"wp-image-7171\" srcset=\"https:\/\/ruralrafaela.com.ar\/exporural2025\/wp-content\/uploads\/sites\/24\/2025\/09\/Captura-de-pantalla-2025-09-17-171812.png 880w, https:\/\/ruralrafaela.com.ar\/exporural2025\/wp-content\/uploads\/sites\/24\/2025\/09\/Captura-de-pantalla-2025-09-17-171812-300x176.png 300w, https:\/\/ruralrafaela.com.ar\/exporural2025\/wp-content\/uploads\/sites\/24\/2025\/09\/Captura-de-pantalla-2025-09-17-171812-768x451.png 768w\" sizes=\"(max-width: 880px) 100vw, 880px\" \/><\/figure>\n\n\n\n<figure class=\"wp-block-image size-large\"><img loading=\"lazy\" decoding=\"async\" width=\"872\" height=\"538\" data-id=\"7174\" src=\"https:\/\/ruralrafaela.com.ar\/exporural2025\/wp-content\/uploads\/sites\/24\/2025\/09\/Captura-de-pantalla-2025-09-17-171839.png\" alt=\"\" class=\"wp-image-7174\" srcset=\"https:\/\/ruralrafaela.com.ar\/exporural2025\/wp-content\/uploads\/sites\/24\/2025\/09\/Captura-de-pantalla-2025-09-17-171839.png 872w, https:\/\/ruralrafaela.com.ar\/exporural2025\/wp-content\/uploads\/sites\/24\/2025\/09\/Captura-de-pantalla-2025-09-17-171839-300x185.png 300w, https:\/\/ruralrafaela.com.ar\/exporural2025\/wp-content\/uploads\/sites\/24\/2025\/09\/Captura-de-pantalla-2025-09-17-171839-768x474.png 768w\" sizes=\"(max-width: 872px) 100vw, 872px\" \/><\/figure>\n\n\n\n<figure class=\"wp-block-image size-large\"><img loading=\"lazy\" decoding=\"async\" width=\"886\" height=\"547\" data-id=\"7179\" src=\"https:\/\/ruralrafaela.com.ar\/exporural2025\/wp-content\/uploads\/sites\/24\/2025\/09\/Captura-de-pantalla-2025-09-17-171902.png\" alt=\"\" class=\"wp-image-7179\" srcset=\"https:\/\/ruralrafaela.com.ar\/exporural2025\/wp-content\/uploads\/sites\/24\/2025\/09\/Captura-de-pantalla-2025-09-17-171902.png 886w, https:\/\/ruralrafaela.com.ar\/exporural2025\/wp-content\/uploads\/sites\/24\/2025\/09\/Captura-de-pantalla-2025-09-17-171902-300x185.png 300w, https:\/\/ruralrafaela.com.ar\/exporural2025\/wp-content\/uploads\/sites\/24\/2025\/09\/Captura-de-pantalla-2025-09-17-171902-768x474.png 768w\" sizes=\"(max-width: 886px) 100vw, 886px\" \/><\/figure>\n\n\n\n<figure class=\"wp-block-image size-large\"><img loading=\"lazy\" decoding=\"async\" width=\"880\" height=\"577\" data-id=\"7176\" src=\"https:\/\/ruralrafaela.com.ar\/exporural2025\/wp-content\/uploads\/sites\/24\/2025\/09\/Captura-de-pantalla-2025-09-17-171931-1-1.png\" alt=\"\" class=\"wp-image-7176\" srcset=\"https:\/\/ruralrafaela.com.ar\/exporural2025\/wp-content\/uploads\/sites\/24\/2025\/09\/Captura-de-pantalla-2025-09-17-171931-1-1.png 880w, https:\/\/ruralrafaela.com.ar\/exporural2025\/wp-content\/uploads\/sites\/24\/2025\/09\/Captura-de-pantalla-2025-09-17-171931-1-1-300x197.png 300w, https:\/\/ruralrafaela.com.ar\/exporural2025\/wp-content\/uploads\/sites\/24\/2025\/09\/Captura-de-pantalla-2025-09-17-171931-1-1-768x504.png 768w\" sizes=\"(max-width: 880px) 100vw, 880px\" \/><\/figure>\n\n\n\n<figure class=\"wp-block-image size-large\"><img loading=\"lazy\" decoding=\"async\" width=\"868\" height=\"577\" data-id=\"7173\" src=\"https:\/\/ruralrafaela.com.ar\/exporural2025\/wp-content\/uploads\/sites\/24\/2025\/09\/Captura-de-pantalla-2025-09-17-171957.png\" alt=\"\" class=\"wp-image-7173\" srcset=\"https:\/\/ruralrafaela.com.ar\/exporural2025\/wp-content\/uploads\/sites\/24\/2025\/09\/Captura-de-pantalla-2025-09-17-171957.png 868w, https:\/\/ruralrafaela.com.ar\/exporural2025\/wp-content\/uploads\/sites\/24\/2025\/09\/Captura-de-pantalla-2025-09-17-171957-300x199.png 300w, https:\/\/ruralrafaela.com.ar\/exporural2025\/wp-content\/uploads\/sites\/24\/2025\/09\/Captura-de-pantalla-2025-09-17-171957-768x511.png 768w\" sizes=\"(max-width: 868px) 100vw, 868px\" \/><\/figure>\n\n\n\n<figure class=\"wp-block-image size-large\"><img loading=\"lazy\" decoding=\"async\" width=\"885\" height=\"486\" data-id=\"7178\" src=\"https:\/\/ruralrafaela.com.ar\/exporural2025\/wp-content\/uploads\/sites\/24\/2025\/09\/Captura-de-pantalla-2025-09-17-172030.png\" alt=\"\" class=\"wp-image-7178\" srcset=\"https:\/\/ruralrafaela.com.ar\/exporural2025\/wp-content\/uploads\/sites\/24\/2025\/09\/Captura-de-pantalla-2025-09-17-172030.png 885w, https:\/\/ruralrafaela.com.ar\/exporural2025\/wp-content\/uploads\/sites\/24\/2025\/09\/Captura-de-pantalla-2025-09-17-172030-300x165.png 300w, https:\/\/ruralrafaela.com.ar\/exporural2025\/wp-content\/uploads\/sites\/24\/2025\/09\/Captura-de-pantalla-2025-09-17-172030-768x422.png 768w\" sizes=\"(max-width: 885px) 100vw, 885px\" \/><\/figure>\n\n\n\n<figure class=\"wp-block-image size-large\"><img loading=\"lazy\" decoding=\"async\" width=\"873\" height=\"577\" data-id=\"7177\" src=\"https:\/\/ruralrafaela.com.ar\/exporural2025\/wp-content\/uploads\/sites\/24\/2025\/09\/Captura-de-pantalla-2025-09-17-172102.png\" alt=\"\" class=\"wp-image-7177\" srcset=\"https:\/\/ruralrafaela.com.ar\/exporural2025\/wp-content\/uploads\/sites\/24\/2025\/09\/Captura-de-pantalla-2025-09-17-172102.png 873w, https:\/\/ruralrafaela.com.ar\/exporural2025\/wp-content\/uploads\/sites\/24\/2025\/09\/Captura-de-pantalla-2025-09-17-172102-300x198.png 300w, https:\/\/ruralrafaela.com.ar\/exporural2025\/wp-content\/uploads\/sites\/24\/2025\/09\/Captura-de-pantalla-2025-09-17-172102-768x508.png 768w\" sizes=\"(max-width: 873px) 100vw, 873px\" \/><\/figure>\n<\/figure>\n","protected":false},"excerpt":{"rendered":"<p>En lo que ya es un cl\u00e1sico de cada a\u00f1o, las Olimp\u00edadas Agrot\u00e9cnicas 2025 fueron el centro de atenci\u00f3n del d\u00eda mi\u00e9rcoles en la 118\u00b0 ExpoRural de Rafaela y la Regi\u00f3n, como la actividad de inicio formal de una agenda que se extender\u00e1 hasta el domingo. Con la presencia de 11 escuelas agrot\u00e9cnicas de una [&hellip;]<\/p>\n","protected":false},"author":17,"featured_media":7167,"comment_status":"closed","ping_status":"open","sticky":false,"template":"","format":"standard","meta":{"ocean_post_layout":"","ocean_both_sidebars_style":"","ocean_both_sidebars_content_width":0,"ocean_both_sidebars_sidebars_width":0,"ocean_sidebar":"","ocean_second_sidebar":"","ocean_disable_margins":"enable","ocean_add_body_class":"","ocean_shortcode_before_top_bar":"","ocean_shortcode_after_top_bar":"","ocean_shortcode_before_header":"","ocean_shortcode_after_header":"","ocean_has_shortcode":"","ocean_shortcode_after_title":"","ocean_shortcode_before_footer_widgets":"","ocean_shortcode_after_footer_widgets":"","ocean_shortcode_before_footer_bottom":"","ocean_shortcode_after_footer_bottom":"","ocean_display_top_bar":"default","ocean_display_header":"default","ocean_header_style":"","ocean_center_header_left_menu":"","ocean_custom_header_template":"","ocean_custom_logo":0,"ocean_custom_retina_logo":0,"ocean_custom_logo_max_width":0,"ocean_custom_logo_tablet_max_width":0,"ocean_custom_logo_mobile_max_width":0,"ocean_custom_logo_max_height":0,"ocean_custom_logo_tablet_max_height":0,"ocean_custom_logo_mobile_max_height":0,"ocean_header_custom_menu":"","ocean_menu_typo_font_family":"","ocean_menu_typo_font_subset":"","ocean_menu_typo_font_size":0,"ocean_menu_typo_font_size_tablet":0,"ocean_menu_typo_font_size_mobile":0,"ocean_menu_typo_font_size_unit":"px","ocean_menu_typo_font_weight":"","ocean_menu_typo_font_weight_tablet":"","ocean_menu_typo_font_weight_mobile":"","ocean_menu_typo_transform":"","ocean_menu_typo_transform_tablet":"","ocean_menu_typo_transform_mobile":"","ocean_menu_typo_line_height":0,"ocean_menu_typo_line_height_tablet":0,"ocean_menu_typo_line_height_mobile":0,"ocean_menu_typo_line_height_unit":"","ocean_menu_typo_spacing":0,"ocean_menu_typo_spacing_tablet":0,"ocean_menu_typo_spacing_mobile":0,"ocean_menu_typo_spacing_unit":"","ocean_menu_link_color":"","ocean_menu_link_color_hover":"","ocean_menu_link_color_active":"","ocean_menu_link_background":"","ocean_menu_link_hover_background":"","ocean_menu_link_active_background":"","ocean_menu_social_links_bg":"","ocean_menu_social_hover_links_bg":"","ocean_menu_social_links_color":"","ocean_menu_social_hover_links_color":"","ocean_disable_title":"default","ocean_disable_heading":"default","ocean_post_title":"","ocean_post_subheading":"","ocean_post_title_style":"","ocean_post_title_background_color":"","ocean_post_title_background":0,"ocean_post_title_bg_image_position":"","ocean_post_title_bg_image_attachment":"","ocean_post_title_bg_image_repeat":"","ocean_post_title_bg_image_size":"","ocean_post_title_height":0,"ocean_post_title_bg_overlay":0.5,"ocean_post_title_bg_overlay_color":"","ocean_disable_breadcrumbs":"default","ocean_breadcrumbs_color":"","ocean_breadcrumbs_separator_color":"","ocean_breadcrumbs_links_color":"","ocean_breadcrumbs_links_hover_color":"","ocean_display_footer_widgets":"default","ocean_display_footer_bottom":"default","ocean_custom_footer_template":"","_joinchat":[],"ocean_post_oembed":"","ocean_post_self_hosted_media":"","ocean_post_video_embed":"","ocean_link_format":"","ocean_link_format_target":"self","ocean_quote_format":"","ocean_quote_format_link":"post","ocean_gallery_link_images":"on","ocean_gallery_id":[],"footnotes":""},"categories":[1],"tags":[],"class_list":["post-7166","post","type-post","status-publish","format-standard","has-post-thumbnail","hentry","category-sin-categoria","entry","has-media"],"yoast_head":"<!-- This site is optimized with the Yoast SEO plugin v27.5 - https:\/\/yoast.com\/product\/yoast-seo-wordpress\/ -->\n<title>Las Olimp\u00edadas Agrot\u00e9cnicas 2025 fueron para la Escuela de Agricultura, Ganader\u00eda y Granja de Esperanza - 118 Expo Rural Rafaela 2025<\/title>\n<meta name=\"robots\" content=\"index, follow, max-snippet:-1, max-image-preview:large, max-video-preview:-1\" \/>\n<link rel=\"canonical\" href=\"https:\/\/ruralrafaela.com.ar\/exporural2025\/2025\/09\/17\/las-olimpiadas-agrotecnicas-2025-fueron-para-la-escuela-de-agricultura-ganaderia-y-granja-de-esperanza\/\" \/>\n<meta property=\"og:locale\" content=\"es_ES\" \/>\n<meta property=\"og:type\" content=\"article\" \/>\n<meta property=\"og:title\" content=\"Las Olimp\u00edadas Agrot\u00e9cnicas 2025 fueron para la Escuela de Agricultura, Ganader\u00eda y Granja de Esperanza - 118 Expo Rural Rafaela 2025\" \/>\n<meta property=\"og:description\" content=\"En lo que ya es un cl\u00e1sico de cada a\u00f1o, las Olimp\u00edadas Agrot\u00e9cnicas 2025 fueron el centro de atenci\u00f3n del d\u00eda mi\u00e9rcoles en la 118\u00b0 ExpoRural de Rafaela y la Regi\u00f3n, como la actividad de inicio formal de una agenda que se extender\u00e1 hasta el domingo. Con la presencia de 11 escuelas agrot\u00e9cnicas de una [&hellip;]\" \/>\n<meta property=\"og:url\" content=\"https:\/\/ruralrafaela.com.ar\/exporural2025\/2025\/09\/17\/las-olimpiadas-agrotecnicas-2025-fueron-para-la-escuela-de-agricultura-ganaderia-y-granja-de-esperanza\/\" \/>\n<meta property=\"og:site_name\" content=\"118 Expo Rural Rafaela 2025\" \/>\n<meta property=\"article:published_time\" content=\"2025-09-17T22:28:03+00:00\" \/>\n<meta property=\"article:modified_time\" content=\"2025-09-18T12:47:58+00:00\" \/>\n<meta property=\"og:image\" content=\"https:\/\/ruralrafaela.com.ar\/exporural2025\/wp-content\/uploads\/sites\/24\/2025\/09\/Captura-de-pantalla-2025-09-17-171931-1.png\" \/>\n\t<meta property=\"og:image:width\" content=\"880\" \/>\n\t<meta property=\"og:image:height\" content=\"577\" \/>\n\t<meta property=\"og:image:type\" content=\"image\/png\" \/>\n<meta name=\"author\" content=\"voces\" \/>\n<meta name=\"twitter:card\" content=\"summary_large_image\" \/>\n<meta name=\"twitter:label1\" content=\"Escrito por\" \/>\n\t<meta name=\"twitter:data1\" content=\"voces\" \/>\n\t<meta name=\"twitter:label2\" content=\"Tiempo de lectura\" \/>\n\t<meta name=\"twitter:data2\" content=\"6 minutos\" \/>\n<script type=\"application\/ld+json\" class=\"yoast-schema-graph\">{\"@context\":\"https:\\\/\\\/schema.org\",\"@graph\":[{\"@type\":\"Article\",\"@id\":\"https:\\\/\\\/ruralrafaela.com.ar\\\/exporural2025\\\/2025\\\/09\\\/17\\\/las-olimpiadas-agrotecnicas-2025-fueron-para-la-escuela-de-agricultura-ganaderia-y-granja-de-esperanza\\\/#article\",\"isPartOf\":{\"@id\":\"https:\\\/\\\/ruralrafaela.com.ar\\\/exporural2025\\\/2025\\\/09\\\/17\\\/las-olimpiadas-agrotecnicas-2025-fueron-para-la-escuela-de-agricultura-ganaderia-y-granja-de-esperanza\\\/\"},\"author\":{\"name\":\"voces\",\"@id\":\"https:\\\/\\\/ruralrafaela.com.ar\\\/exporural2025\\\/#\\\/schema\\\/person\\\/fa167bfed3a2b8029213c0bac80612f7\"},\"headline\":\"Las Olimp\u00edadas Agrot\u00e9cnicas 2025 fueron para la Escuela de Agricultura, Ganader\u00eda y Granja de Esperanza\",\"datePublished\":\"2025-09-17T22:28:03+00:00\",\"dateModified\":\"2025-09-18T12:47:58+00:00\",\"mainEntityOfPage\":{\"@id\":\"https:\\\/\\\/ruralrafaela.com.ar\\\/exporural2025\\\/2025\\\/09\\\/17\\\/las-olimpiadas-agrotecnicas-2025-fueron-para-la-escuela-de-agricultura-ganaderia-y-granja-de-esperanza\\\/\"},\"wordCount\":645,\"publisher\":{\"@id\":\"https:\\\/\\\/ruralrafaela.com.ar\\\/exporural2025\\\/#organization\"},\"image\":{\"@id\":\"https:\\\/\\\/ruralrafaela.com.ar\\\/exporural2025\\\/2025\\\/09\\\/17\\\/las-olimpiadas-agrotecnicas-2025-fueron-para-la-escuela-de-agricultura-ganaderia-y-granja-de-esperanza\\\/#primaryimage\"},\"thumbnailUrl\":\"https:\\\/\\\/ruralrafaela.com.ar\\\/exporural2025\\\/wp-content\\\/uploads\\\/sites\\\/24\\\/2025\\\/09\\\/Captura-de-pantalla-2025-09-17-171931-1.png\",\"inLanguage\":\"es\"},{\"@type\":\"WebPage\",\"@id\":\"https:\\\/\\\/ruralrafaela.com.ar\\\/exporural2025\\\/2025\\\/09\\\/17\\\/las-olimpiadas-agrotecnicas-2025-fueron-para-la-escuela-de-agricultura-ganaderia-y-granja-de-esperanza\\\/\",\"url\":\"https:\\\/\\\/ruralrafaela.com.ar\\\/exporural2025\\\/2025\\\/09\\\/17\\\/las-olimpiadas-agrotecnicas-2025-fueron-para-la-escuela-de-agricultura-ganaderia-y-granja-de-esperanza\\\/\",\"name\":\"Las Olimp\u00edadas Agrot\u00e9cnicas 2025 fueron para la Escuela de Agricultura, Ganader\u00eda y Granja de Esperanza - 118 Expo Rural Rafaela 2025\",\"isPartOf\":{\"@id\":\"https:\\\/\\\/ruralrafaela.com.ar\\\/exporural2025\\\/#website\"},\"primaryImageOfPage\":{\"@id\":\"https:\\\/\\\/ruralrafaela.com.ar\\\/exporural2025\\\/2025\\\/09\\\/17\\\/las-olimpiadas-agrotecnicas-2025-fueron-para-la-escuela-de-agricultura-ganaderia-y-granja-de-esperanza\\\/#primaryimage\"},\"image\":{\"@id\":\"https:\\\/\\\/ruralrafaela.com.ar\\\/exporural2025\\\/2025\\\/09\\\/17\\\/las-olimpiadas-agrotecnicas-2025-fueron-para-la-escuela-de-agricultura-ganaderia-y-granja-de-esperanza\\\/#primaryimage\"},\"thumbnailUrl\":\"https:\\\/\\\/ruralrafaela.com.ar\\\/exporural2025\\\/wp-content\\\/uploads\\\/sites\\\/24\\\/2025\\\/09\\\/Captura-de-pantalla-2025-09-17-171931-1.png\",\"datePublished\":\"2025-09-17T22:28:03+00:00\",\"dateModified\":\"2025-09-18T12:47:58+00:00\",\"breadcrumb\":{\"@id\":\"https:\\\/\\\/ruralrafaela.com.ar\\\/exporural2025\\\/2025\\\/09\\\/17\\\/las-olimpiadas-agrotecnicas-2025-fueron-para-la-escuela-de-agricultura-ganaderia-y-granja-de-esperanza\\\/#breadcrumb\"},\"inLanguage\":\"es\",\"potentialAction\":[{\"@type\":\"ReadAction\",\"target\":[\"https:\\\/\\\/ruralrafaela.com.ar\\\/exporural2025\\\/2025\\\/09\\\/17\\\/las-olimpiadas-agrotecnicas-2025-fueron-para-la-escuela-de-agricultura-ganaderia-y-granja-de-esperanza\\\/\"]}]},{\"@type\":\"ImageObject\",\"inLanguage\":\"es\",\"@id\":\"https:\\\/\\\/ruralrafaela.com.ar\\\/exporural2025\\\/2025\\\/09\\\/17\\\/las-olimpiadas-agrotecnicas-2025-fueron-para-la-escuela-de-agricultura-ganaderia-y-granja-de-esperanza\\\/#primaryimage\",\"url\":\"https:\\\/\\\/ruralrafaela.com.ar\\\/exporural2025\\\/wp-content\\\/uploads\\\/sites\\\/24\\\/2025\\\/09\\\/Captura-de-pantalla-2025-09-17-171931-1.png\",\"contentUrl\":\"https:\\\/\\\/ruralrafaela.com.ar\\\/exporural2025\\\/wp-content\\\/uploads\\\/sites\\\/24\\\/2025\\\/09\\\/Captura-de-pantalla-2025-09-17-171931-1.png\",\"width\":880,\"height\":577},{\"@type\":\"BreadcrumbList\",\"@id\":\"https:\\\/\\\/ruralrafaela.com.ar\\\/exporural2025\\\/2025\\\/09\\\/17\\\/las-olimpiadas-agrotecnicas-2025-fueron-para-la-escuela-de-agricultura-ganaderia-y-granja-de-esperanza\\\/#breadcrumb\",\"itemListElement\":[{\"@type\":\"ListItem\",\"position\":1,\"name\":\"Portada\",\"item\":\"https:\\\/\\\/ruralrafaela.com.ar\\\/exporural2025\\\/\"},{\"@type\":\"ListItem\",\"position\":2,\"name\":\"Las Olimp\u00edadas Agrot\u00e9cnicas 2025 fueron para la Escuela de Agricultura, Ganader\u00eda y Granja de Esperanza\"}]},{\"@type\":\"WebSite\",\"@id\":\"https:\\\/\\\/ruralrafaela.com.ar\\\/exporural2025\\\/#website\",\"url\":\"https:\\\/\\\/ruralrafaela.com.ar\\\/exporural2025\\\/\",\"name\":\"118 Expo Rural Rafaela 2025\",\"description\":\"Sitio oficial de la Expo Rural Rafaela\",\"publisher\":{\"@id\":\"https:\\\/\\\/ruralrafaela.com.ar\\\/exporural2025\\\/#organization\"},\"potentialAction\":[{\"@type\":\"SearchAction\",\"target\":{\"@type\":\"EntryPoint\",\"urlTemplate\":\"https:\\\/\\\/ruralrafaela.com.ar\\\/exporural2025\\\/?s={search_term_string}\"},\"query-input\":{\"@type\":\"PropertyValueSpecification\",\"valueRequired\":true,\"valueName\":\"search_term_string\"}}],\"inLanguage\":\"es\"},{\"@type\":\"Organization\",\"@id\":\"https:\\\/\\\/ruralrafaela.com.ar\\\/exporural2025\\\/#organization\",\"name\":\"118 Expo Rural Rafaela 2025\",\"url\":\"https:\\\/\\\/ruralrafaela.com.ar\\\/exporural2025\\\/\",\"logo\":{\"@type\":\"ImageObject\",\"inLanguage\":\"es\",\"@id\":\"https:\\\/\\\/ruralrafaela.com.ar\\\/exporural2025\\\/#\\\/schema\\\/logo\\\/image\\\/\",\"url\":\"https:\\\/\\\/ruralrafaela.com.ar\\\/exporural2025\\\/wp-content\\\/uploads\\\/sites\\\/24\\\/2025\\\/08\\\/logo_expo2025.jpg\",\"contentUrl\":\"https:\\\/\\\/ruralrafaela.com.ar\\\/exporural2025\\\/wp-content\\\/uploads\\\/sites\\\/24\\\/2025\\\/08\\\/logo_expo2025.jpg\",\"width\":611,\"height\":368,\"caption\":\"118 Expo Rural Rafaela 2025\"},\"image\":{\"@id\":\"https:\\\/\\\/ruralrafaela.com.ar\\\/exporural2025\\\/#\\\/schema\\\/logo\\\/image\\\/\"}},{\"@type\":\"Person\",\"@id\":\"https:\\\/\\\/ruralrafaela.com.ar\\\/exporural2025\\\/#\\\/schema\\\/person\\\/fa167bfed3a2b8029213c0bac80612f7\",\"name\":\"voces\",\"image\":{\"@type\":\"ImageObject\",\"inLanguage\":\"es\",\"@id\":\"https:\\\/\\\/secure.gravatar.com\\\/avatar\\\/8be4c66bb16cf788ff6688b77c76240c16a5397e072068b8fd79350e9acb3d86?s=96&d=mm&r=g\",\"url\":\"https:\\\/\\\/secure.gravatar.com\\\/avatar\\\/8be4c66bb16cf788ff6688b77c76240c16a5397e072068b8fd79350e9acb3d86?s=96&d=mm&r=g\",\"contentUrl\":\"https:\\\/\\\/secure.gravatar.com\\\/avatar\\\/8be4c66bb16cf788ff6688b77c76240c16a5397e072068b8fd79350e9acb3d86?s=96&d=mm&r=g\",\"caption\":\"voces\"},\"url\":\"https:\\\/\\\/ruralrafaela.com.ar\\\/exporural2025\\\/author\\\/voces\\\/\"}]}<\/script>\n<!-- \/ Yoast SEO plugin. -->","yoast_head_json":{"title":"Las Olimp\u00edadas Agrot\u00e9cnicas 2025 fueron para la Escuela de Agricultura, Ganader\u00eda y Granja de Esperanza - 118 Expo Rural Rafaela 2025","robots":{"index":"index","follow":"follow","max-snippet":"max-snippet:-1","max-image-preview":"max-image-preview:large","max-video-preview":"max-video-preview:-1"},"canonical":"https:\/\/ruralrafaela.com.ar\/exporural2025\/2025\/09\/17\/las-olimpiadas-agrotecnicas-2025-fueron-para-la-escuela-de-agricultura-ganaderia-y-granja-de-esperanza\/","og_locale":"es_ES","og_type":"article","og_title":"Las Olimp\u00edadas Agrot\u00e9cnicas 2025 fueron para la Escuela de Agricultura, Ganader\u00eda y Granja de Esperanza - 118 Expo Rural Rafaela 2025","og_description":"En lo que ya es un cl\u00e1sico de cada a\u00f1o, las Olimp\u00edadas Agrot\u00e9cnicas 2025 fueron el centro de atenci\u00f3n del d\u00eda mi\u00e9rcoles en la 118\u00b0 ExpoRural de Rafaela y la Regi\u00f3n, como la actividad de inicio formal de una agenda que se extender\u00e1 hasta el domingo. Con la presencia de 11 escuelas agrot\u00e9cnicas de una [&hellip;]","og_url":"https:\/\/ruralrafaela.com.ar\/exporural2025\/2025\/09\/17\/las-olimpiadas-agrotecnicas-2025-fueron-para-la-escuela-de-agricultura-ganaderia-y-granja-de-esperanza\/","og_site_name":"118 Expo Rural Rafaela 2025","article_published_time":"2025-09-17T22:28:03+00:00","article_modified_time":"2025-09-18T12:47:58+00:00","og_image":[{"width":880,"height":577,"url":"https:\/\/ruralrafaela.com.ar\/exporural2025\/wp-content\/uploads\/sites\/24\/2025\/09\/Captura-de-pantalla-2025-09-17-171931-1.png","type":"image\/png"}],"author":"voces","twitter_card":"summary_large_image","twitter_misc":{"Escrito por":"voces","Tiempo de lectura":"6 minutos"},"schema":{"@context":"https:\/\/schema.org","@graph":[{"@type":"Article","@id":"https:\/\/ruralrafaela.com.ar\/exporural2025\/2025\/09\/17\/las-olimpiadas-agrotecnicas-2025-fueron-para-la-escuela-de-agricultura-ganaderia-y-granja-de-esperanza\/#article","isPartOf":{"@id":"https:\/\/ruralrafaela.com.ar\/exporural2025\/2025\/09\/17\/las-olimpiadas-agrotecnicas-2025-fueron-para-la-escuela-de-agricultura-ganaderia-y-granja-de-esperanza\/"},"author":{"name":"voces","@id":"https:\/\/ruralrafaela.com.ar\/exporural2025\/#\/schema\/person\/fa167bfed3a2b8029213c0bac80612f7"},"headline":"Las Olimp\u00edadas Agrot\u00e9cnicas 2025 fueron para la Escuela de Agricultura, Ganader\u00eda y Granja de Esperanza","datePublished":"2025-09-17T22:28:03+00:00","dateModified":"2025-09-18T12:47:58+00:00","mainEntityOfPage":{"@id":"https:\/\/ruralrafaela.com.ar\/exporural2025\/2025\/09\/17\/las-olimpiadas-agrotecnicas-2025-fueron-para-la-escuela-de-agricultura-ganaderia-y-granja-de-esperanza\/"},"wordCount":645,"publisher":{"@id":"https:\/\/ruralrafaela.com.ar\/exporural2025\/#organization"},"image":{"@id":"https:\/\/ruralrafaela.com.ar\/exporural2025\/2025\/09\/17\/las-olimpiadas-agrotecnicas-2025-fueron-para-la-escuela-de-agricultura-ganaderia-y-granja-de-esperanza\/#primaryimage"},"thumbnailUrl":"https:\/\/ruralrafaela.com.ar\/exporural2025\/wp-content\/uploads\/sites\/24\/2025\/09\/Captura-de-pantalla-2025-09-17-171931-1.png","inLanguage":"es"},{"@type":"WebPage","@id":"https:\/\/ruralrafaela.com.ar\/exporural2025\/2025\/09\/17\/las-olimpiadas-agrotecnicas-2025-fueron-para-la-escuela-de-agricultura-ganaderia-y-granja-de-esperanza\/","url":"https:\/\/ruralrafaela.com.ar\/exporural2025\/2025\/09\/17\/las-olimpiadas-agrotecnicas-2025-fueron-para-la-escuela-de-agricultura-ganaderia-y-granja-de-esperanza\/","name":"Las Olimp\u00edadas Agrot\u00e9cnicas 2025 fueron para la Escuela de Agricultura, Ganader\u00eda y Granja de Esperanza - 118 Expo Rural Rafaela 2025","isPartOf":{"@id":"https:\/\/ruralrafaela.com.ar\/exporural2025\/#website"},"primaryImageOfPage":{"@id":"https:\/\/ruralrafaela.com.ar\/exporural2025\/2025\/09\/17\/las-olimpiadas-agrotecnicas-2025-fueron-para-la-escuela-de-agricultura-ganaderia-y-granja-de-esperanza\/#primaryimage"},"image":{"@id":"https:\/\/ruralrafaela.com.ar\/exporural2025\/2025\/09\/17\/las-olimpiadas-agrotecnicas-2025-fueron-para-la-escuela-de-agricultura-ganaderia-y-granja-de-esperanza\/#primaryimage"},"thumbnailUrl":"https:\/\/ruralrafaela.com.ar\/exporural2025\/wp-content\/uploads\/sites\/24\/2025\/09\/Captura-de-pantalla-2025-09-17-171931-1.png","datePublished":"2025-09-17T22:28:03+00:00","dateModified":"2025-09-18T12:47:58+00:00","breadcrumb":{"@id":"https:\/\/ruralrafaela.com.ar\/exporural2025\/2025\/09\/17\/las-olimpiadas-agrotecnicas-2025-fueron-para-la-escuela-de-agricultura-ganaderia-y-granja-de-esperanza\/#breadcrumb"},"inLanguage":"es","potentialAction":[{"@type":"ReadAction","target":["https:\/\/ruralrafaela.com.ar\/exporural2025\/2025\/09\/17\/las-olimpiadas-agrotecnicas-2025-fueron-para-la-escuela-de-agricultura-ganaderia-y-granja-de-esperanza\/"]}]},{"@type":"ImageObject","inLanguage":"es","@id":"https:\/\/ruralrafaela.com.ar\/exporural2025\/2025\/09\/17\/las-olimpiadas-agrotecnicas-2025-fueron-para-la-escuela-de-agricultura-ganaderia-y-granja-de-esperanza\/#primaryimage","url":"https:\/\/ruralrafaela.com.ar\/exporural2025\/wp-content\/uploads\/sites\/24\/2025\/09\/Captura-de-pantalla-2025-09-17-171931-1.png","contentUrl":"https:\/\/ruralrafaela.com.ar\/exporural2025\/wp-content\/uploads\/sites\/24\/2025\/09\/Captura-de-pantalla-2025-09-17-171931-1.png","width":880,"height":577},{"@type":"BreadcrumbList","@id":"https:\/\/ruralrafaela.com.ar\/exporural2025\/2025\/09\/17\/las-olimpiadas-agrotecnicas-2025-fueron-para-la-escuela-de-agricultura-ganaderia-y-granja-de-esperanza\/#breadcrumb","itemListElement":[{"@type":"ListItem","position":1,"name":"Portada","item":"https:\/\/ruralrafaela.com.ar\/exporural2025\/"},{"@type":"ListItem","position":2,"name":"Las Olimp\u00edadas Agrot\u00e9cnicas 2025 fueron para la Escuela de Agricultura, Ganader\u00eda y Granja de Esperanza"}]},{"@type":"WebSite","@id":"https:\/\/ruralrafaela.com.ar\/exporural2025\/#website","url":"https:\/\/ruralrafaela.com.ar\/exporural2025\/","name":"118 Expo Rural Rafaela 2025","description":"Sitio oficial de la Expo Rural Rafaela","publisher":{"@id":"https:\/\/ruralrafaela.com.ar\/exporural2025\/#organization"},"potentialAction":[{"@type":"SearchAction","target":{"@type":"EntryPoint","urlTemplate":"https:\/\/ruralrafaela.com.ar\/exporural2025\/?s={search_term_string}"},"query-input":{"@type":"PropertyValueSpecification","valueRequired":true,"valueName":"search_term_string"}}],"inLanguage":"es"},{"@type":"Organization","@id":"https:\/\/ruralrafaela.com.ar\/exporural2025\/#organization","name":"118 Expo Rural Rafaela 2025","url":"https:\/\/ruralrafaela.com.ar\/exporural2025\/","logo":{"@type":"ImageObject","inLanguage":"es","@id":"https:\/\/ruralrafaela.com.ar\/exporural2025\/#\/schema\/logo\/image\/","url":"https:\/\/ruralrafaela.com.ar\/exporural2025\/wp-content\/uploads\/sites\/24\/2025\/08\/logo_expo2025.jpg","contentUrl":"https:\/\/ruralrafaela.com.ar\/exporural2025\/wp-content\/uploads\/sites\/24\/2025\/08\/logo_expo2025.jpg","width":611,"height":368,"caption":"118 Expo Rural Rafaela 2025"},"image":{"@id":"https:\/\/ruralrafaela.com.ar\/exporural2025\/#\/schema\/logo\/image\/"}},{"@type":"Person","@id":"https:\/\/ruralrafaela.com.ar\/exporural2025\/#\/schema\/person\/fa167bfed3a2b8029213c0bac80612f7","name":"voces","image":{"@type":"ImageObject","inLanguage":"es","@id":"https:\/\/secure.gravatar.com\/avatar\/8be4c66bb16cf788ff6688b77c76240c16a5397e072068b8fd79350e9acb3d86?s=96&d=mm&r=g","url":"https:\/\/secure.gravatar.com\/avatar\/8be4c66bb16cf788ff6688b77c76240c16a5397e072068b8fd79350e9acb3d86?s=96&d=mm&r=g","contentUrl":"https:\/\/secure.gravatar.com\/avatar\/8be4c66bb16cf788ff6688b77c76240c16a5397e072068b8fd79350e9acb3d86?s=96&d=mm&r=g","caption":"voces"},"url":"https:\/\/ruralrafaela.com.ar\/exporural2025\/author\/voces\/"}]}},"_links":{"self":[{"href":"https:\/\/ruralrafaela.com.ar\/exporural2025\/wp-json\/wp\/v2\/posts\/7166","targetHints":{"allow":["GET"]}}],"collection":[{"href":"https:\/\/ruralrafaela.com.ar\/exporural2025\/wp-json\/wp\/v2\/posts"}],"about":[{"href":"https:\/\/ruralrafaela.com.ar\/exporural2025\/wp-json\/wp\/v2\/types\/post"}],"author":[{"embeddable":true,"href":"https:\/\/ruralrafaela.com.ar\/exporural2025\/wp-json\/wp\/v2\/users\/17"}],"replies":[{"embeddable":true,"href":"https:\/\/ruralrafaela.com.ar\/exporural2025\/wp-json\/wp\/v2\/comments?post=7166"}],"version-history":[{"count":1,"href":"https:\/\/ruralrafaela.com.ar\/exporural2025\/wp-json\/wp\/v2\/posts\/7166\/revisions"}],"predecessor-version":[{"id":7180,"href":"https:\/\/ruralrafaela.com.ar\/exporural2025\/wp-json\/wp\/v2\/posts\/7166\/revisions\/7180"}],"wp:featuredmedia":[{"embeddable":true,"href":"https:\/\/ruralrafaela.com.ar\/exporural2025\/wp-json\/wp\/v2\/media\/7167"}],"wp:attachment":[{"href":"https:\/\/ruralrafaela.com.ar\/exporural2025\/wp-json\/wp\/v2\/media?parent=7166"}],"wp:term":[{"taxonomy":"category","embeddable":true,"href":"https:\/\/ruralrafaela.com.ar\/exporural2025\/wp-json\/wp\/v2\/categories?post=7166"},{"taxonomy":"post_tag","embeddable":true,"href":"https:\/\/ruralrafaela.com.ar\/exporural2025\/wp-json\/wp\/v2\/tags?post=7166"}],"curies":[{"name":"wp","href":"https:\/\/api.w.org\/{rel}","templated":true}]}}