{"id":7154,"date":"2025-09-17T11:03:13","date_gmt":"2025-09-17T11:03:13","guid":{"rendered":"https:\/\/ruralrafaela.com.ar\/exporural2025\/?p=7154"},"modified":"2025-09-17T11:03:19","modified_gmt":"2025-09-17T11:03:19","slug":"cuatro-vacas-de-tres-cabanas-compiten-en-el-104-concurso-de-vacas-lecheras","status":"publish","type":"post","link":"https:\/\/ruralrafaela.com.ar\/exporural2025\/2025\/09\/17\/cuatro-vacas-de-tres-cabanas-compiten-en-el-104-concurso-de-vacas-lecheras\/","title":{"rendered":"Cuatro vacas de tres caba\u00f1as compiten en el 104\u00b0 Concurso de Vacas Lecheras"},"content":{"rendered":"\n<figure class=\"wp-block-gallery has-nested-images columns-default is-cropped wp-block-gallery-1 is-layout-flex wp-block-gallery-is-layout-flex\">\n<figure class=\"wp-block-image size-medium\"><img fetchpriority=\"high\" decoding=\"async\" width=\"300\" height=\"200\" data-id=\"7155\" src=\"https:\/\/ruralrafaela.com.ar\/exporural2025\/wp-content\/uploads\/sites\/24\/2025\/09\/preview-10-1-2048x1366-1-300x200.jpeg\" alt=\"\" class=\"wp-image-7155\" srcset=\"https:\/\/ruralrafaela.com.ar\/exporural2025\/wp-content\/uploads\/sites\/24\/2025\/09\/preview-10-1-2048x1366-1-300x200.jpeg 300w, https:\/\/ruralrafaela.com.ar\/exporural2025\/wp-content\/uploads\/sites\/24\/2025\/09\/preview-10-1-2048x1366-1-1024x683.jpeg 1024w, https:\/\/ruralrafaela.com.ar\/exporural2025\/wp-content\/uploads\/sites\/24\/2025\/09\/preview-10-1-2048x1366-1-768x512.jpeg 768w, https:\/\/ruralrafaela.com.ar\/exporural2025\/wp-content\/uploads\/sites\/24\/2025\/09\/preview-10-1-2048x1366-1-1536x1025.jpeg 1536w, https:\/\/ruralrafaela.com.ar\/exporural2025\/wp-content\/uploads\/sites\/24\/2025\/09\/preview-10-1-2048x1366-1.jpeg 2048w\" sizes=\"(max-width: 300px) 100vw, 300px\" \/><\/figure>\n\n\n\n<figure class=\"wp-block-image size-large\"><img decoding=\"async\" width=\"1024\" height=\"683\" data-id=\"7156\" src=\"https:\/\/ruralrafaela.com.ar\/exporural2025\/wp-content\/uploads\/sites\/24\/2025\/09\/preview-12-1-1024x683.jpeg\" alt=\"\" class=\"wp-image-7156\" srcset=\"https:\/\/ruralrafaela.com.ar\/exporural2025\/wp-content\/uploads\/sites\/24\/2025\/09\/preview-12-1-1024x683.jpeg 1024w, https:\/\/ruralrafaela.com.ar\/exporural2025\/wp-content\/uploads\/sites\/24\/2025\/09\/preview-12-1-300x200.jpeg 300w, https:\/\/ruralrafaela.com.ar\/exporural2025\/wp-content\/uploads\/sites\/24\/2025\/09\/preview-12-1-768x512.jpeg 768w, https:\/\/ruralrafaela.com.ar\/exporural2025\/wp-content\/uploads\/sites\/24\/2025\/09\/preview-12-1-1536x1024.jpeg 1536w, https:\/\/ruralrafaela.com.ar\/exporural2025\/wp-content\/uploads\/sites\/24\/2025\/09\/preview-12-1-2048x1366.jpeg 2048w\" sizes=\"(max-width: 1024px) 100vw, 1024px\" \/><\/figure>\n\n\n\n<figure class=\"wp-block-image size-large\"><img decoding=\"async\" width=\"1024\" height=\"683\" data-id=\"7157\" src=\"https:\/\/ruralrafaela.com.ar\/exporural2025\/wp-content\/uploads\/sites\/24\/2025\/09\/preview-13-1024x683.jpeg\" alt=\"\" class=\"wp-image-7157\" srcset=\"https:\/\/ruralrafaela.com.ar\/exporural2025\/wp-content\/uploads\/sites\/24\/2025\/09\/preview-13-1024x683.jpeg 1024w, https:\/\/ruralrafaela.com.ar\/exporural2025\/wp-content\/uploads\/sites\/24\/2025\/09\/preview-13-300x200.jpeg 300w, https:\/\/ruralrafaela.com.ar\/exporural2025\/wp-content\/uploads\/sites\/24\/2025\/09\/preview-13-768x512.jpeg 768w, https:\/\/ruralrafaela.com.ar\/exporural2025\/wp-content\/uploads\/sites\/24\/2025\/09\/preview-13-1536x1024.jpeg 1536w, https:\/\/ruralrafaela.com.ar\/exporural2025\/wp-content\/uploads\/sites\/24\/2025\/09\/preview-13-2048x1366.jpeg 2048w\" sizes=\"(max-width: 1024px) 100vw, 1024px\" \/><\/figure>\n\n\n\n<figure class=\"wp-block-image size-large\"><img loading=\"lazy\" decoding=\"async\" width=\"1024\" height=\"683\" data-id=\"7158\" src=\"https:\/\/ruralrafaela.com.ar\/exporural2025\/wp-content\/uploads\/sites\/24\/2025\/09\/preview-14-2048x1366-1-1024x683.jpeg\" alt=\"\" class=\"wp-image-7158\" srcset=\"https:\/\/ruralrafaela.com.ar\/exporural2025\/wp-content\/uploads\/sites\/24\/2025\/09\/preview-14-2048x1366-1-1024x683.jpeg 1024w, https:\/\/ruralrafaela.com.ar\/exporural2025\/wp-content\/uploads\/sites\/24\/2025\/09\/preview-14-2048x1366-1-300x200.jpeg 300w, https:\/\/ruralrafaela.com.ar\/exporural2025\/wp-content\/uploads\/sites\/24\/2025\/09\/preview-14-2048x1366-1-768x512.jpeg 768w, https:\/\/ruralrafaela.com.ar\/exporural2025\/wp-content\/uploads\/sites\/24\/2025\/09\/preview-14-2048x1366-1-1536x1025.jpeg 1536w, https:\/\/ruralrafaela.com.ar\/exporural2025\/wp-content\/uploads\/sites\/24\/2025\/09\/preview-14-2048x1366-1.jpeg 2048w\" sizes=\"(max-width: 1024px) 100vw, 1024px\" \/><\/figure>\n\n\n\n<figure class=\"wp-block-image size-large\"><img loading=\"lazy\" decoding=\"async\" width=\"1024\" height=\"683\" data-id=\"7159\" src=\"https:\/\/ruralrafaela.com.ar\/exporural2025\/wp-content\/uploads\/sites\/24\/2025\/09\/preview-15-1024x683.jpeg\" alt=\"\" class=\"wp-image-7159\" srcset=\"https:\/\/ruralrafaela.com.ar\/exporural2025\/wp-content\/uploads\/sites\/24\/2025\/09\/preview-15-1024x683.jpeg 1024w, https:\/\/ruralrafaela.com.ar\/exporural2025\/wp-content\/uploads\/sites\/24\/2025\/09\/preview-15-300x200.jpeg 300w, https:\/\/ruralrafaela.com.ar\/exporural2025\/wp-content\/uploads\/sites\/24\/2025\/09\/preview-15-768x512.jpeg 768w, https:\/\/ruralrafaela.com.ar\/exporural2025\/wp-content\/uploads\/sites\/24\/2025\/09\/preview-15-1536x1024.jpeg 1536w, https:\/\/ruralrafaela.com.ar\/exporural2025\/wp-content\/uploads\/sites\/24\/2025\/09\/preview-15-2048x1366.jpeg 2048w\" sizes=\"(max-width: 1024px) 100vw, 1024px\" \/><\/figure>\n\n\n\n<figure class=\"wp-block-image size-large\"><img loading=\"lazy\" decoding=\"async\" width=\"1024\" height=\"683\" data-id=\"7161\" src=\"https:\/\/ruralrafaela.com.ar\/exporural2025\/wp-content\/uploads\/sites\/24\/2025\/09\/preview-18-1024x683.jpeg\" alt=\"\" class=\"wp-image-7161\" srcset=\"https:\/\/ruralrafaela.com.ar\/exporural2025\/wp-content\/uploads\/sites\/24\/2025\/09\/preview-18-1024x683.jpeg 1024w, https:\/\/ruralrafaela.com.ar\/exporural2025\/wp-content\/uploads\/sites\/24\/2025\/09\/preview-18-300x200.jpeg 300w, https:\/\/ruralrafaela.com.ar\/exporural2025\/wp-content\/uploads\/sites\/24\/2025\/09\/preview-18-768x512.jpeg 768w, https:\/\/ruralrafaela.com.ar\/exporural2025\/wp-content\/uploads\/sites\/24\/2025\/09\/preview-18-1536x1024.jpeg 1536w, https:\/\/ruralrafaela.com.ar\/exporural2025\/wp-content\/uploads\/sites\/24\/2025\/09\/preview-18-2048x1366.jpeg 2048w\" sizes=\"(max-width: 1024px) 100vw, 1024px\" \/><\/figure>\n<\/figure>\n\n\n\n<p>Cada a\u00f1o, el arranque de la muestra m\u00e1s importante de la lecher\u00eda est\u00e1 marcado por una competencia hist\u00f3rica, tradicional y que en esta oportunidad se presenta con una innovaci\u00f3n en la forma de orde\u00f1ar para la 118\u00b0 ExpoRural de Rafaela y la Regi\u00f3n.<\/p>\n\n\n\n<p>Fue por la propuesta de los caba\u00f1eros, de los que preparan las vacas y las presentan para sostener este cap\u00edtulo de la historia de la Sociedad Rural de Rafaela que este a\u00f1o no hay un lugar determinado para llevar a los animales para orde\u00f1ar, sino que la tarea se hace en la fila, en el lugar que los animales tienen asignado, para as\u00ed conseguir mejores resultados, con buena ventilaci\u00f3n, al lado del grupo de vacas con el que est\u00e1n acostumbradas y con las mejores condiciones que hacen a su bienestar.<\/p>\n\n\n\n<p>Este es el 104\u00b0 Concurso de Vacas Lecheras, el \u00fanico que se sostiene en el pa\u00eds y que muestra la capacidad de las vacas para la generaci\u00f3n de leche, no s\u00f3lo en litros, sino tambi\u00e9n en cuanto a calidad, con el respaldo en los an\u00e1lisis del Instituto Nacional de Tecnolog\u00eda Industrial.<\/p>\n\n\n\n<p>Este martes a las 18 horas se comenz\u00f3 la competencia con el orde\u00f1o que se denomina de secado, porque a partir de ahora la leche que produzcan las vacas ser\u00e1 la que vale para sumar puntos y encaminarse hacia la copa de la premiaci\u00f3n, que se har\u00e1 el jueves por la noche.<\/p>\n\n\n\n<p>La caba\u00f1a La Luisa de la familia Miretti, es la que empuja el Concurso presentando ejemplares todos los a\u00f1os y en esta oportunidad es con el box 604, 4189 de tres partos y compitiendo en la categor\u00eda 3, con 32,490 litros<\/p>\n\n\n\n<p>La caba\u00f1a San Santiago de Oscar Giuliano present\u00f3 al box 603, San Sars Liam Laia Kimgboy, tambi\u00e9n de tres lactancias y en la tercera categor\u00eda, con 29,350 litros al secado.<\/p>\n\n\n\n<p>En tanto, la caba\u00f1a La Traves\u00eda de Germ\u00e1n Fux, compite con el box 601, Shalom Oasis TE, con un secado de 31,100 litros; y el box 602, Shalom Pule Zasberilla TN TE, con 31,425 litros.<\/p>\n\n\n\n<p>Este mi\u00e9rcoles a las 6 de la ma\u00f1ana ser\u00e1 el primer orde\u00f1o de la competencia, que seguir\u00e1 a las 18 horas y se repetir\u00e1 el jueves a las 6 y 18 horas, cuando se defina a la gran ganadora, que no s\u00f3lo sume puntos por litros, sino por la calidad de la materia prima que determinen los an\u00e1lisis, en cuanto a porcentaje de grasa y prote\u00ednas.<\/p>\n\n\n\n<p><\/p>\n","protected":false},"excerpt":{"rendered":"<p>Cada a\u00f1o, el arranque de la muestra m\u00e1s importante de la lecher\u00eda est\u00e1 marcado por una competencia hist\u00f3rica, tradicional y que en esta oportunidad se presenta con una innovaci\u00f3n en la forma de orde\u00f1ar para la 118\u00b0 ExpoRural de Rafaela y la Regi\u00f3n. Fue por la propuesta de los caba\u00f1eros, de los que preparan las [&hellip;]<\/p>\n","protected":false},"author":17,"featured_media":7160,"comment_status":"closed","ping_status":"open","sticky":false,"template":"","format":"standard","meta":{"ocean_post_layout":"","ocean_both_sidebars_style":"","ocean_both_sidebars_content_width":0,"ocean_both_sidebars_sidebars_width":0,"ocean_sidebar":"","ocean_second_sidebar":"","ocean_disable_margins":"enable","ocean_add_body_class":"","ocean_shortcode_before_top_bar":"","ocean_shortcode_after_top_bar":"","ocean_shortcode_before_header":"","ocean_shortcode_after_header":"","ocean_has_shortcode":"","ocean_shortcode_after_title":"","ocean_shortcode_before_footer_widgets":"","ocean_shortcode_after_footer_widgets":"","ocean_shortcode_before_footer_bottom":"","ocean_shortcode_after_footer_bottom":"","ocean_display_top_bar":"default","ocean_display_header":"default","ocean_header_style":"","ocean_center_header_left_menu":"","ocean_custom_header_template":"","ocean_custom_logo":0,"ocean_custom_retina_logo":0,"ocean_custom_logo_max_width":0,"ocean_custom_logo_tablet_max_width":0,"ocean_custom_logo_mobile_max_width":0,"ocean_custom_logo_max_height":0,"ocean_custom_logo_tablet_max_height":0,"ocean_custom_logo_mobile_max_height":0,"ocean_header_custom_menu":"","ocean_menu_typo_font_family":"","ocean_menu_typo_font_subset":"","ocean_menu_typo_font_size":0,"ocean_menu_typo_font_size_tablet":0,"ocean_menu_typo_font_size_mobile":0,"ocean_menu_typo_font_size_unit":"px","ocean_menu_typo_font_weight":"","ocean_menu_typo_font_weight_tablet":"","ocean_menu_typo_font_weight_mobile":"","ocean_menu_typo_transform":"","ocean_menu_typo_transform_tablet":"","ocean_menu_typo_transform_mobile":"","ocean_menu_typo_line_height":0,"ocean_menu_typo_line_height_tablet":0,"ocean_menu_typo_line_height_mobile":0,"ocean_menu_typo_line_height_unit":"","ocean_menu_typo_spacing":0,"ocean_menu_typo_spacing_tablet":0,"ocean_menu_typo_spacing_mobile":0,"ocean_menu_typo_spacing_unit":"","ocean_menu_link_color":"","ocean_menu_link_color_hover":"","ocean_menu_link_color_active":"","ocean_menu_link_background":"","ocean_menu_link_hover_background":"","ocean_menu_link_active_background":"","ocean_menu_social_links_bg":"","ocean_menu_social_hover_links_bg":"","ocean_menu_social_links_color":"","ocean_menu_social_hover_links_color":"","ocean_disable_title":"default","ocean_disable_heading":"default","ocean_post_title":"","ocean_post_subheading":"","ocean_post_title_style":"","ocean_post_title_background_color":"","ocean_post_title_background":0,"ocean_post_title_bg_image_position":"","ocean_post_title_bg_image_attachment":"","ocean_post_title_bg_image_repeat":"","ocean_post_title_bg_image_size":"","ocean_post_title_height":0,"ocean_post_title_bg_overlay":0.5,"ocean_post_title_bg_overlay_color":"","ocean_disable_breadcrumbs":"default","ocean_breadcrumbs_color":"","ocean_breadcrumbs_separator_color":"","ocean_breadcrumbs_links_color":"","ocean_breadcrumbs_links_hover_color":"","ocean_display_footer_widgets":"default","ocean_display_footer_bottom":"default","ocean_custom_footer_template":"","_joinchat":[],"ocean_post_oembed":"","ocean_post_self_hosted_media":"","ocean_post_video_embed":"","ocean_link_format":"","ocean_link_format_target":"self","ocean_quote_format":"","ocean_quote_format_link":"post","ocean_gallery_link_images":"on","ocean_gallery_id":[],"footnotes":""},"categories":[5,52],"tags":[50,9,15,51],"class_list":["post-7154","post","type-post","status-publish","format-standard","has-post-thumbnail","hentry","category-expo-rural","category-exporural-2025","tag-50","tag-exporural","tag-rafaela","tag-vacas-lecheras","entry","has-media"],"yoast_head":"<!-- This site is optimized with the Yoast SEO plugin v27.5 - https:\/\/yoast.com\/product\/yoast-seo-wordpress\/ -->\n<title>Cuatro vacas de tres caba\u00f1as compiten en el 104\u00b0 Concurso de Vacas Lecheras - 118 Expo Rural Rafaela 2025<\/title>\n<meta name=\"robots\" content=\"index, follow, max-snippet:-1, max-image-preview:large, max-video-preview:-1\" \/>\n<link rel=\"canonical\" href=\"https:\/\/ruralrafaela.com.ar\/exporural2025\/2025\/09\/17\/cuatro-vacas-de-tres-cabanas-compiten-en-el-104-concurso-de-vacas-lecheras\/\" \/>\n<meta property=\"og:locale\" content=\"es_ES\" \/>\n<meta property=\"og:type\" content=\"article\" \/>\n<meta property=\"og:title\" content=\"Cuatro vacas de tres caba\u00f1as compiten en el 104\u00b0 Concurso de Vacas Lecheras - 118 Expo Rural Rafaela 2025\" \/>\n<meta property=\"og:description\" content=\"Cada a\u00f1o, el arranque de la muestra m\u00e1s importante de la lecher\u00eda est\u00e1 marcado por una competencia hist\u00f3rica, tradicional y que en esta oportunidad se presenta con una innovaci\u00f3n en la forma de orde\u00f1ar para la 118\u00b0 ExpoRural de Rafaela y la Regi\u00f3n. Fue por la propuesta de los caba\u00f1eros, de los que preparan las [&hellip;]\" \/>\n<meta property=\"og:url\" content=\"https:\/\/ruralrafaela.com.ar\/exporural2025\/2025\/09\/17\/cuatro-vacas-de-tres-cabanas-compiten-en-el-104-concurso-de-vacas-lecheras\/\" \/>\n<meta property=\"og:site_name\" content=\"118 Expo Rural Rafaela 2025\" \/>\n<meta property=\"article:published_time\" content=\"2025-09-17T11:03:13+00:00\" \/>\n<meta property=\"article:modified_time\" content=\"2025-09-17T11:03:19+00:00\" \/>\n<meta property=\"og:image\" content=\"https:\/\/ruralrafaela.com.ar\/exporural2025\/wp-content\/uploads\/sites\/24\/2025\/09\/preview-17-1.jpeg\" \/>\n\t<meta property=\"og:image:width\" content=\"2080\" \/>\n\t<meta property=\"og:image:height\" content=\"1387\" \/>\n\t<meta property=\"og:image:type\" content=\"image\/jpeg\" \/>\n<meta name=\"author\" content=\"voces\" \/>\n<meta name=\"twitter:card\" content=\"summary_large_image\" \/>\n<meta name=\"twitter:label1\" content=\"Escrito por\" \/>\n\t<meta name=\"twitter:data1\" content=\"voces\" \/>\n\t<meta name=\"twitter:label2\" content=\"Tiempo de lectura\" \/>\n\t<meta name=\"twitter:data2\" content=\"4 minutos\" \/>\n<script type=\"application\/ld+json\" class=\"yoast-schema-graph\">{\"@context\":\"https:\\\/\\\/schema.org\",\"@graph\":[{\"@type\":\"Article\",\"@id\":\"https:\\\/\\\/ruralrafaela.com.ar\\\/exporural2025\\\/2025\\\/09\\\/17\\\/cuatro-vacas-de-tres-cabanas-compiten-en-el-104-concurso-de-vacas-lecheras\\\/#article\",\"isPartOf\":{\"@id\":\"https:\\\/\\\/ruralrafaela.com.ar\\\/exporural2025\\\/2025\\\/09\\\/17\\\/cuatro-vacas-de-tres-cabanas-compiten-en-el-104-concurso-de-vacas-lecheras\\\/\"},\"author\":{\"name\":\"voces\",\"@id\":\"https:\\\/\\\/ruralrafaela.com.ar\\\/exporural2025\\\/#\\\/schema\\\/person\\\/fa167bfed3a2b8029213c0bac80612f7\"},\"headline\":\"Cuatro vacas de tres caba\u00f1as compiten en el 104\u00b0 Concurso de Vacas Lecheras\",\"datePublished\":\"2025-09-17T11:03:13+00:00\",\"dateModified\":\"2025-09-17T11:03:19+00:00\",\"mainEntityOfPage\":{\"@id\":\"https:\\\/\\\/ruralrafaela.com.ar\\\/exporural2025\\\/2025\\\/09\\\/17\\\/cuatro-vacas-de-tres-cabanas-compiten-en-el-104-concurso-de-vacas-lecheras\\\/\"},\"wordCount\":440,\"publisher\":{\"@id\":\"https:\\\/\\\/ruralrafaela.com.ar\\\/exporural2025\\\/#organization\"},\"image\":{\"@id\":\"https:\\\/\\\/ruralrafaela.com.ar\\\/exporural2025\\\/2025\\\/09\\\/17\\\/cuatro-vacas-de-tres-cabanas-compiten-en-el-104-concurso-de-vacas-lecheras\\\/#primaryimage\"},\"thumbnailUrl\":\"https:\\\/\\\/ruralrafaela.com.ar\\\/exporural2025\\\/wp-content\\\/uploads\\\/sites\\\/24\\\/2025\\\/09\\\/preview-17-1.jpeg\",\"keywords\":[\"2025\",\"exporural\",\"rafaela\",\"vacas lecheras\"],\"articleSection\":[\"Expo Rural\",\"Exporural 2025\"],\"inLanguage\":\"es\"},{\"@type\":\"WebPage\",\"@id\":\"https:\\\/\\\/ruralrafaela.com.ar\\\/exporural2025\\\/2025\\\/09\\\/17\\\/cuatro-vacas-de-tres-cabanas-compiten-en-el-104-concurso-de-vacas-lecheras\\\/\",\"url\":\"https:\\\/\\\/ruralrafaela.com.ar\\\/exporural2025\\\/2025\\\/09\\\/17\\\/cuatro-vacas-de-tres-cabanas-compiten-en-el-104-concurso-de-vacas-lecheras\\\/\",\"name\":\"Cuatro vacas de tres caba\u00f1as compiten en el 104\u00b0 Concurso de Vacas Lecheras - 118 Expo Rural Rafaela 2025\",\"isPartOf\":{\"@id\":\"https:\\\/\\\/ruralrafaela.com.ar\\\/exporural2025\\\/#website\"},\"primaryImageOfPage\":{\"@id\":\"https:\\\/\\\/ruralrafaela.com.ar\\\/exporural2025\\\/2025\\\/09\\\/17\\\/cuatro-vacas-de-tres-cabanas-compiten-en-el-104-concurso-de-vacas-lecheras\\\/#primaryimage\"},\"image\":{\"@id\":\"https:\\\/\\\/ruralrafaela.com.ar\\\/exporural2025\\\/2025\\\/09\\\/17\\\/cuatro-vacas-de-tres-cabanas-compiten-en-el-104-concurso-de-vacas-lecheras\\\/#primaryimage\"},\"thumbnailUrl\":\"https:\\\/\\\/ruralrafaela.com.ar\\\/exporural2025\\\/wp-content\\\/uploads\\\/sites\\\/24\\\/2025\\\/09\\\/preview-17-1.jpeg\",\"datePublished\":\"2025-09-17T11:03:13+00:00\",\"dateModified\":\"2025-09-17T11:03:19+00:00\",\"breadcrumb\":{\"@id\":\"https:\\\/\\\/ruralrafaela.com.ar\\\/exporural2025\\\/2025\\\/09\\\/17\\\/cuatro-vacas-de-tres-cabanas-compiten-en-el-104-concurso-de-vacas-lecheras\\\/#breadcrumb\"},\"inLanguage\":\"es\",\"potentialAction\":[{\"@type\":\"ReadAction\",\"target\":[\"https:\\\/\\\/ruralrafaela.com.ar\\\/exporural2025\\\/2025\\\/09\\\/17\\\/cuatro-vacas-de-tres-cabanas-compiten-en-el-104-concurso-de-vacas-lecheras\\\/\"]}]},{\"@type\":\"ImageObject\",\"inLanguage\":\"es\",\"@id\":\"https:\\\/\\\/ruralrafaela.com.ar\\\/exporural2025\\\/2025\\\/09\\\/17\\\/cuatro-vacas-de-tres-cabanas-compiten-en-el-104-concurso-de-vacas-lecheras\\\/#primaryimage\",\"url\":\"https:\\\/\\\/ruralrafaela.com.ar\\\/exporural2025\\\/wp-content\\\/uploads\\\/sites\\\/24\\\/2025\\\/09\\\/preview-17-1.jpeg\",\"contentUrl\":\"https:\\\/\\\/ruralrafaela.com.ar\\\/exporural2025\\\/wp-content\\\/uploads\\\/sites\\\/24\\\/2025\\\/09\\\/preview-17-1.jpeg\",\"width\":2080,\"height\":1387},{\"@type\":\"BreadcrumbList\",\"@id\":\"https:\\\/\\\/ruralrafaela.com.ar\\\/exporural2025\\\/2025\\\/09\\\/17\\\/cuatro-vacas-de-tres-cabanas-compiten-en-el-104-concurso-de-vacas-lecheras\\\/#breadcrumb\",\"itemListElement\":[{\"@type\":\"ListItem\",\"position\":1,\"name\":\"Portada\",\"item\":\"https:\\\/\\\/ruralrafaela.com.ar\\\/exporural2025\\\/\"},{\"@type\":\"ListItem\",\"position\":2,\"name\":\"Cuatro vacas de tres caba\u00f1as compiten en el 104\u00b0 Concurso de Vacas Lecheras\"}]},{\"@type\":\"WebSite\",\"@id\":\"https:\\\/\\\/ruralrafaela.com.ar\\\/exporural2025\\\/#website\",\"url\":\"https:\\\/\\\/ruralrafaela.com.ar\\\/exporural2025\\\/\",\"name\":\"118 Expo Rural Rafaela 2025\",\"description\":\"Sitio oficial de la Expo Rural Rafaela\",\"publisher\":{\"@id\":\"https:\\\/\\\/ruralrafaela.com.ar\\\/exporural2025\\\/#organization\"},\"potentialAction\":[{\"@type\":\"SearchAction\",\"target\":{\"@type\":\"EntryPoint\",\"urlTemplate\":\"https:\\\/\\\/ruralrafaela.com.ar\\\/exporural2025\\\/?s={search_term_string}\"},\"query-input\":{\"@type\":\"PropertyValueSpecification\",\"valueRequired\":true,\"valueName\":\"search_term_string\"}}],\"inLanguage\":\"es\"},{\"@type\":\"Organization\",\"@id\":\"https:\\\/\\\/ruralrafaela.com.ar\\\/exporural2025\\\/#organization\",\"name\":\"118 Expo Rural Rafaela 2025\",\"url\":\"https:\\\/\\\/ruralrafaela.com.ar\\\/exporural2025\\\/\",\"logo\":{\"@type\":\"ImageObject\",\"inLanguage\":\"es\",\"@id\":\"https:\\\/\\\/ruralrafaela.com.ar\\\/exporural2025\\\/#\\\/schema\\\/logo\\\/image\\\/\",\"url\":\"https:\\\/\\\/ruralrafaela.com.ar\\\/exporural2025\\\/wp-content\\\/uploads\\\/sites\\\/24\\\/2025\\\/08\\\/logo_expo2025.jpg\",\"contentUrl\":\"https:\\\/\\\/ruralrafaela.com.ar\\\/exporural2025\\\/wp-content\\\/uploads\\\/sites\\\/24\\\/2025\\\/08\\\/logo_expo2025.jpg\",\"width\":611,\"height\":368,\"caption\":\"118 Expo Rural Rafaela 2025\"},\"image\":{\"@id\":\"https:\\\/\\\/ruralrafaela.com.ar\\\/exporural2025\\\/#\\\/schema\\\/logo\\\/image\\\/\"}},{\"@type\":\"Person\",\"@id\":\"https:\\\/\\\/ruralrafaela.com.ar\\\/exporural2025\\\/#\\\/schema\\\/person\\\/fa167bfed3a2b8029213c0bac80612f7\",\"name\":\"voces\",\"image\":{\"@type\":\"ImageObject\",\"inLanguage\":\"es\",\"@id\":\"https:\\\/\\\/secure.gravatar.com\\\/avatar\\\/8be4c66bb16cf788ff6688b77c76240c16a5397e072068b8fd79350e9acb3d86?s=96&d=mm&r=g\",\"url\":\"https:\\\/\\\/secure.gravatar.com\\\/avatar\\\/8be4c66bb16cf788ff6688b77c76240c16a5397e072068b8fd79350e9acb3d86?s=96&d=mm&r=g\",\"contentUrl\":\"https:\\\/\\\/secure.gravatar.com\\\/avatar\\\/8be4c66bb16cf788ff6688b77c76240c16a5397e072068b8fd79350e9acb3d86?s=96&d=mm&r=g\",\"caption\":\"voces\"},\"url\":\"https:\\\/\\\/ruralrafaela.com.ar\\\/exporural2025\\\/author\\\/voces\\\/\"}]}<\/script>\n<!-- \/ Yoast SEO plugin. -->","yoast_head_json":{"title":"Cuatro vacas de tres caba\u00f1as compiten en el 104\u00b0 Concurso de Vacas Lecheras - 118 Expo Rural Rafaela 2025","robots":{"index":"index","follow":"follow","max-snippet":"max-snippet:-1","max-image-preview":"max-image-preview:large","max-video-preview":"max-video-preview:-1"},"canonical":"https:\/\/ruralrafaela.com.ar\/exporural2025\/2025\/09\/17\/cuatro-vacas-de-tres-cabanas-compiten-en-el-104-concurso-de-vacas-lecheras\/","og_locale":"es_ES","og_type":"article","og_title":"Cuatro vacas de tres caba\u00f1as compiten en el 104\u00b0 Concurso de Vacas Lecheras - 118 Expo Rural Rafaela 2025","og_description":"Cada a\u00f1o, el arranque de la muestra m\u00e1s importante de la lecher\u00eda est\u00e1 marcado por una competencia hist\u00f3rica, tradicional y que en esta oportunidad se presenta con una innovaci\u00f3n en la forma de orde\u00f1ar para la 118\u00b0 ExpoRural de Rafaela y la Regi\u00f3n. Fue por la propuesta de los caba\u00f1eros, de los que preparan las [&hellip;]","og_url":"https:\/\/ruralrafaela.com.ar\/exporural2025\/2025\/09\/17\/cuatro-vacas-de-tres-cabanas-compiten-en-el-104-concurso-de-vacas-lecheras\/","og_site_name":"118 Expo Rural Rafaela 2025","article_published_time":"2025-09-17T11:03:13+00:00","article_modified_time":"2025-09-17T11:03:19+00:00","og_image":[{"width":2080,"height":1387,"url":"https:\/\/ruralrafaela.com.ar\/exporural2025\/wp-content\/uploads\/sites\/24\/2025\/09\/preview-17-1.jpeg","type":"image\/jpeg"}],"author":"voces","twitter_card":"summary_large_image","twitter_misc":{"Escrito por":"voces","Tiempo de lectura":"4 minutos"},"schema":{"@context":"https:\/\/schema.org","@graph":[{"@type":"Article","@id":"https:\/\/ruralrafaela.com.ar\/exporural2025\/2025\/09\/17\/cuatro-vacas-de-tres-cabanas-compiten-en-el-104-concurso-de-vacas-lecheras\/#article","isPartOf":{"@id":"https:\/\/ruralrafaela.com.ar\/exporural2025\/2025\/09\/17\/cuatro-vacas-de-tres-cabanas-compiten-en-el-104-concurso-de-vacas-lecheras\/"},"author":{"name":"voces","@id":"https:\/\/ruralrafaela.com.ar\/exporural2025\/#\/schema\/person\/fa167bfed3a2b8029213c0bac80612f7"},"headline":"Cuatro vacas de tres caba\u00f1as compiten en el 104\u00b0 Concurso de Vacas Lecheras","datePublished":"2025-09-17T11:03:13+00:00","dateModified":"2025-09-17T11:03:19+00:00","mainEntityOfPage":{"@id":"https:\/\/ruralrafaela.com.ar\/exporural2025\/2025\/09\/17\/cuatro-vacas-de-tres-cabanas-compiten-en-el-104-concurso-de-vacas-lecheras\/"},"wordCount":440,"publisher":{"@id":"https:\/\/ruralrafaela.com.ar\/exporural2025\/#organization"},"image":{"@id":"https:\/\/ruralrafaela.com.ar\/exporural2025\/2025\/09\/17\/cuatro-vacas-de-tres-cabanas-compiten-en-el-104-concurso-de-vacas-lecheras\/#primaryimage"},"thumbnailUrl":"https:\/\/ruralrafaela.com.ar\/exporural2025\/wp-content\/uploads\/sites\/24\/2025\/09\/preview-17-1.jpeg","keywords":["2025","exporural","rafaela","vacas lecheras"],"articleSection":["Expo Rural","Exporural 2025"],"inLanguage":"es"},{"@type":"WebPage","@id":"https:\/\/ruralrafaela.com.ar\/exporural2025\/2025\/09\/17\/cuatro-vacas-de-tres-cabanas-compiten-en-el-104-concurso-de-vacas-lecheras\/","url":"https:\/\/ruralrafaela.com.ar\/exporural2025\/2025\/09\/17\/cuatro-vacas-de-tres-cabanas-compiten-en-el-104-concurso-de-vacas-lecheras\/","name":"Cuatro vacas de tres caba\u00f1as compiten en el 104\u00b0 Concurso de Vacas Lecheras - 118 Expo Rural Rafaela 2025","isPartOf":{"@id":"https:\/\/ruralrafaela.com.ar\/exporural2025\/#website"},"primaryImageOfPage":{"@id":"https:\/\/ruralrafaela.com.ar\/exporural2025\/2025\/09\/17\/cuatro-vacas-de-tres-cabanas-compiten-en-el-104-concurso-de-vacas-lecheras\/#primaryimage"},"image":{"@id":"https:\/\/ruralrafaela.com.ar\/exporural2025\/2025\/09\/17\/cuatro-vacas-de-tres-cabanas-compiten-en-el-104-concurso-de-vacas-lecheras\/#primaryimage"},"thumbnailUrl":"https:\/\/ruralrafaela.com.ar\/exporural2025\/wp-content\/uploads\/sites\/24\/2025\/09\/preview-17-1.jpeg","datePublished":"2025-09-17T11:03:13+00:00","dateModified":"2025-09-17T11:03:19+00:00","breadcrumb":{"@id":"https:\/\/ruralrafaela.com.ar\/exporural2025\/2025\/09\/17\/cuatro-vacas-de-tres-cabanas-compiten-en-el-104-concurso-de-vacas-lecheras\/#breadcrumb"},"inLanguage":"es","potentialAction":[{"@type":"ReadAction","target":["https:\/\/ruralrafaela.com.ar\/exporural2025\/2025\/09\/17\/cuatro-vacas-de-tres-cabanas-compiten-en-el-104-concurso-de-vacas-lecheras\/"]}]},{"@type":"ImageObject","inLanguage":"es","@id":"https:\/\/ruralrafaela.com.ar\/exporural2025\/2025\/09\/17\/cuatro-vacas-de-tres-cabanas-compiten-en-el-104-concurso-de-vacas-lecheras\/#primaryimage","url":"https:\/\/ruralrafaela.com.ar\/exporural2025\/wp-content\/uploads\/sites\/24\/2025\/09\/preview-17-1.jpeg","contentUrl":"https:\/\/ruralrafaela.com.ar\/exporural2025\/wp-content\/uploads\/sites\/24\/2025\/09\/preview-17-1.jpeg","width":2080,"height":1387},{"@type":"BreadcrumbList","@id":"https:\/\/ruralrafaela.com.ar\/exporural2025\/2025\/09\/17\/cuatro-vacas-de-tres-cabanas-compiten-en-el-104-concurso-de-vacas-lecheras\/#breadcrumb","itemListElement":[{"@type":"ListItem","position":1,"name":"Portada","item":"https:\/\/ruralrafaela.com.ar\/exporural2025\/"},{"@type":"ListItem","position":2,"name":"Cuatro vacas de tres caba\u00f1as compiten en el 104\u00b0 Concurso de Vacas Lecheras"}]},{"@type":"WebSite","@id":"https:\/\/ruralrafaela.com.ar\/exporural2025\/#website","url":"https:\/\/ruralrafaela.com.ar\/exporural2025\/","name":"118 Expo Rural Rafaela 2025","description":"Sitio oficial de la Expo Rural Rafaela","publisher":{"@id":"https:\/\/ruralrafaela.com.ar\/exporural2025\/#organization"},"potentialAction":[{"@type":"SearchAction","target":{"@type":"EntryPoint","urlTemplate":"https:\/\/ruralrafaela.com.ar\/exporural2025\/?s={search_term_string}"},"query-input":{"@type":"PropertyValueSpecification","valueRequired":true,"valueName":"search_term_string"}}],"inLanguage":"es"},{"@type":"Organization","@id":"https:\/\/ruralrafaela.com.ar\/exporural2025\/#organization","name":"118 Expo Rural Rafaela 2025","url":"https:\/\/ruralrafaela.com.ar\/exporural2025\/","logo":{"@type":"ImageObject","inLanguage":"es","@id":"https:\/\/ruralrafaela.com.ar\/exporural2025\/#\/schema\/logo\/image\/","url":"https:\/\/ruralrafaela.com.ar\/exporural2025\/wp-content\/uploads\/sites\/24\/2025\/08\/logo_expo2025.jpg","contentUrl":"https:\/\/ruralrafaela.com.ar\/exporural2025\/wp-content\/uploads\/sites\/24\/2025\/08\/logo_expo2025.jpg","width":611,"height":368,"caption":"118 Expo Rural Rafaela 2025"},"image":{"@id":"https:\/\/ruralrafaela.com.ar\/exporural2025\/#\/schema\/logo\/image\/"}},{"@type":"Person","@id":"https:\/\/ruralrafaela.com.ar\/exporural2025\/#\/schema\/person\/fa167bfed3a2b8029213c0bac80612f7","name":"voces","image":{"@type":"ImageObject","inLanguage":"es","@id":"https:\/\/secure.gravatar.com\/avatar\/8be4c66bb16cf788ff6688b77c76240c16a5397e072068b8fd79350e9acb3d86?s=96&d=mm&r=g","url":"https:\/\/secure.gravatar.com\/avatar\/8be4c66bb16cf788ff6688b77c76240c16a5397e072068b8fd79350e9acb3d86?s=96&d=mm&r=g","contentUrl":"https:\/\/secure.gravatar.com\/avatar\/8be4c66bb16cf788ff6688b77c76240c16a5397e072068b8fd79350e9acb3d86?s=96&d=mm&r=g","caption":"voces"},"url":"https:\/\/ruralrafaela.com.ar\/exporural2025\/author\/voces\/"}]}},"_links":{"self":[{"href":"https:\/\/ruralrafaela.com.ar\/exporural2025\/wp-json\/wp\/v2\/posts\/7154","targetHints":{"allow":["GET"]}}],"collection":[{"href":"https:\/\/ruralrafaela.com.ar\/exporural2025\/wp-json\/wp\/v2\/posts"}],"about":[{"href":"https:\/\/ruralrafaela.com.ar\/exporural2025\/wp-json\/wp\/v2\/types\/post"}],"author":[{"embeddable":true,"href":"https:\/\/ruralrafaela.com.ar\/exporural2025\/wp-json\/wp\/v2\/users\/17"}],"replies":[{"embeddable":true,"href":"https:\/\/ruralrafaela.com.ar\/exporural2025\/wp-json\/wp\/v2\/comments?post=7154"}],"version-history":[{"count":1,"href":"https:\/\/ruralrafaela.com.ar\/exporural2025\/wp-json\/wp\/v2\/posts\/7154\/revisions"}],"predecessor-version":[{"id":7162,"href":"https:\/\/ruralrafaela.com.ar\/exporural2025\/wp-json\/wp\/v2\/posts\/7154\/revisions\/7162"}],"wp:featuredmedia":[{"embeddable":true,"href":"https:\/\/ruralrafaela.com.ar\/exporural2025\/wp-json\/wp\/v2\/media\/7160"}],"wp:attachment":[{"href":"https:\/\/ruralrafaela.com.ar\/exporural2025\/wp-json\/wp\/v2\/media?parent=7154"}],"wp:term":[{"taxonomy":"category","embeddable":true,"href":"https:\/\/ruralrafaela.com.ar\/exporural2025\/wp-json\/wp\/v2\/categories?post=7154"},{"taxonomy":"post_tag","embeddable":true,"href":"https:\/\/ruralrafaela.com.ar\/exporural2025\/wp-json\/wp\/v2\/tags?post=7154"}],"curies":[{"name":"wp","href":"https:\/\/api.w.org\/{rel}","templated":true}]}}