{"id":7010,"date":"2025-09-03T15:54:47","date_gmt":"2025-09-03T15:54:47","guid":{"rendered":"https:\/\/ruralrafaela.com.ar\/exporural2025\/?p=7010"},"modified":"2025-09-03T15:54:49","modified_gmt":"2025-09-03T15:54:49","slug":"animales-de-granja-celebraran-su-juzgamiento-centenario-en-la-exporural-de-rafaela","status":"publish","type":"post","link":"https:\/\/ruralrafaela.com.ar\/exporural2025\/2025\/09\/03\/animales-de-granja-celebraran-su-juzgamiento-centenario-en-la-exporural-de-rafaela\/","title":{"rendered":"Animales de granja celebrar\u00e1n su juzgamiento centenario en la ExpoRural de Rafaela"},"content":{"rendered":"\n<p><strong>Nuestra muestra anual se distingue a nivel nacional por la calidad y cantidad de aves y ejemplares de granja que desde hace cien a\u00f1os se juran sobre el est\u00e1ndar oficial.<\/strong><\/p>\n\n\n\n<p>En dos semanas la 118\u00b0 ExpoRural de Rafaela y la Regi\u00f3n tendr\u00e1 una edici\u00f3n especial, donde los animales de granja cada a\u00f1o se exhiben. Ser\u00e1 que del 18 al 21 de septiembre se desarrolle el cent\u00e9simo juzgamiento sobre el est\u00e1ndar oficial de perfeccionamiento animal argentino, recuperando en esta oportunidad la exposici\u00f3n de aves, luego de las restricciones que hab\u00edan estado vigentes por casos de gripe aviar, luego tambi\u00e9n de la pandemia de Covid-19; y con todos los controles estrictos frente a dos brotes de la enfermedad en diferentes lugares del pa\u00eds.<\/p>\n\n\n\n<p>Desde los comienzos de la muestra se hicieron juras con profesionales id\u00f3neos, pero ser\u00e1 esta la oportunidad n\u00famero cien para destacar ejemplares, criadores y celebrar al sector.<\/p>\n\n\n\n<p>A partir de lo ocurrido en estos a\u00f1os, \u201cse form\u00f3 una Mesa Federal Av\u00edcola, de la que participan unas cincuenta instituciones de todo el pa\u00eds, las cuales son sociedades rurales o tambi\u00e9n organizadores locales de exposiciones de aves. A partir de este espacio se viene trabajando en armar un protocolo para poder volver a tener aves en las exposiciones, actividad que contribuyen a la sociedad, a la parte recreativa tienen las muestras por su rol social, pero tambi\u00e9n en cuanto a la econom\u00eda de muchos criadores, que sin exposiciones no podr\u00edan seguir adelante\u201d.<\/p>\n\n\n\n<p>Lo que explica Alejandro Galbusera, responsable de la Sociedad Rural de Rafaela en el \u00e1rea de animales de granja es que \u201ccon la recuperaci\u00f3n de las exposiciones se evita que se pierdan criadores, pero sobre todo que se extingan ciertas razas y diversidad, que de no llegar a las muestras y vender ejemplares no trabajar\u00edan en esto\u201d.<\/p>\n\n\n\n<p>Es por eso que la Mesa Federal Av\u00edcola inscribi\u00f3 a todos los criadores de aves de raza, en todas sus categor\u00edas, para ordenar la participaci\u00f3n, que tiene condiciones estrictas para poder ingresas a las exposiciones.<\/p>\n\n\n\n<p>\u201cPara entrar a la Rural de Rafaela, cada ejemplar va a necesitar cinco requisitos\u201d, enumer\u00f3 Galbusera.<\/p>\n\n\n\n<p>Se requerir\u00e1 el DT-e (Documento de Tr\u00e1nsito Electr\u00f3nico) emitido por Senasa, el certificado de vacunaci\u00f3n contra la enfermedad de Newcastle, el certificado de negatividad de la influenza aviar y el anillo, el estado sanitario del establecimiento, junto al certificado con el que se identifica a cada animal, para poder encuadrarlos por categor\u00edas.<\/p>\n\n\n\n<p>Los animales de granja ingresar\u00e1n el d\u00eda mi\u00e9rcoles 17, siendo el juzgamiento durante la primera jornada de la exposici\u00f3n.<\/p>\n\n\n\n<p>Durante s\u00e1bado y domingo las aves tendr\u00e1n ventas particulares, contando con un cat\u00e1logo completo que incluye ejemplares, los premios y los precios.<\/p>\n\n\n\n<p>En el Sal\u00f3n 43 tambi\u00e9n habr\u00e1 conejos, pavos reales, patos gansos, adem\u00e1s de ovinos y caprinos, cerdos y equinos, que tendr\u00e1n su admisi\u00f3n el jueves 18, siendo la jura el viernes 19 de septiembre. En tanto, durante el s\u00e1bado se har\u00e1n los diferentes remates y participar\u00e1n todas las categor\u00edas del desfile de grandes campeones al t\u00e9rmino del acto central, frente a las autoridades y el p\u00fablico, en la pista central.<\/p>\n","protected":false},"excerpt":{"rendered":"<p>Nuestra muestra anual se distingue a nivel nacional por la calidad y cantidad de aves y ejemplares de granja que desde hace cien a\u00f1os se juran sobre el est\u00e1ndar oficial. En dos semanas la 118\u00b0 ExpoRural de Rafaela y la Regi\u00f3n tendr\u00e1 una edici\u00f3n especial, donde los animales de granja cada a\u00f1o se exhiben. Ser\u00e1 [&hellip;]<\/p>\n","protected":false},"author":2,"featured_media":7011,"comment_status":"closed","ping_status":"open","sticky":false,"template":"","format":"standard","meta":{"ocean_post_layout":"","ocean_both_sidebars_style":"","ocean_both_sidebars_content_width":0,"ocean_both_sidebars_sidebars_width":0,"ocean_sidebar":"","ocean_second_sidebar":"","ocean_disable_margins":"enable","ocean_add_body_class":"","ocean_shortcode_before_top_bar":"","ocean_shortcode_after_top_bar":"","ocean_shortcode_before_header":"","ocean_shortcode_after_header":"","ocean_has_shortcode":"","ocean_shortcode_after_title":"","ocean_shortcode_before_footer_widgets":"","ocean_shortcode_after_footer_widgets":"","ocean_shortcode_before_footer_bottom":"","ocean_shortcode_after_footer_bottom":"","ocean_display_top_bar":"default","ocean_display_header":"default","ocean_header_style":"","ocean_center_header_left_menu":"","ocean_custom_header_template":"","ocean_custom_logo":0,"ocean_custom_retina_logo":0,"ocean_custom_logo_max_width":0,"ocean_custom_logo_tablet_max_width":0,"ocean_custom_logo_mobile_max_width":0,"ocean_custom_logo_max_height":0,"ocean_custom_logo_tablet_max_height":0,"ocean_custom_logo_mobile_max_height":0,"ocean_header_custom_menu":"","ocean_menu_typo_font_family":"","ocean_menu_typo_font_subset":"","ocean_menu_typo_font_size":0,"ocean_menu_typo_font_size_tablet":0,"ocean_menu_typo_font_size_mobile":0,"ocean_menu_typo_font_size_unit":"px","ocean_menu_typo_font_weight":"","ocean_menu_typo_font_weight_tablet":"","ocean_menu_typo_font_weight_mobile":"","ocean_menu_typo_transform":"","ocean_menu_typo_transform_tablet":"","ocean_menu_typo_transform_mobile":"","ocean_menu_typo_line_height":0,"ocean_menu_typo_line_height_tablet":0,"ocean_menu_typo_line_height_mobile":0,"ocean_menu_typo_line_height_unit":"","ocean_menu_typo_spacing":0,"ocean_menu_typo_spacing_tablet":0,"ocean_menu_typo_spacing_mobile":0,"ocean_menu_typo_spacing_unit":"","ocean_menu_link_color":"","ocean_menu_link_color_hover":"","ocean_menu_link_color_active":"","ocean_menu_link_background":"","ocean_menu_link_hover_background":"","ocean_menu_link_active_background":"","ocean_menu_social_links_bg":"","ocean_menu_social_hover_links_bg":"","ocean_menu_social_links_color":"","ocean_menu_social_hover_links_color":"","ocean_disable_title":"default","ocean_disable_heading":"default","ocean_post_title":"","ocean_post_subheading":"","ocean_post_title_style":"","ocean_post_title_background_color":"","ocean_post_title_background":0,"ocean_post_title_bg_image_position":"","ocean_post_title_bg_image_attachment":"","ocean_post_title_bg_image_repeat":"","ocean_post_title_bg_image_size":"","ocean_post_title_height":0,"ocean_post_title_bg_overlay":0.5,"ocean_post_title_bg_overlay_color":"","ocean_disable_breadcrumbs":"default","ocean_breadcrumbs_color":"","ocean_breadcrumbs_separator_color":"","ocean_breadcrumbs_links_color":"","ocean_breadcrumbs_links_hover_color":"","ocean_display_footer_widgets":"default","ocean_display_footer_bottom":"default","ocean_custom_footer_template":"","_joinchat":[],"ocean_post_oembed":"","ocean_post_self_hosted_media":"","ocean_post_video_embed":"","ocean_link_format":"","ocean_link_format_target":"self","ocean_quote_format":"","ocean_quote_format_link":"post","ocean_gallery_link_images":"on","ocean_gallery_id":[],"footnotes":""},"categories":[1],"tags":[],"class_list":["post-7010","post","type-post","status-publish","format-standard","has-post-thumbnail","hentry","category-sin-categoria","entry","has-media"],"yoast_head":"<!-- This site is optimized with the Yoast SEO plugin v27.5 - https:\/\/yoast.com\/product\/yoast-seo-wordpress\/ -->\n<title>Animales de granja celebrar\u00e1n su juzgamiento centenario en la ExpoRural de Rafaela - 118 Expo Rural Rafaela 2025<\/title>\n<meta name=\"robots\" content=\"index, follow, max-snippet:-1, max-image-preview:large, max-video-preview:-1\" \/>\n<link rel=\"canonical\" href=\"https:\/\/ruralrafaela.com.ar\/exporural2025\/2025\/09\/03\/animales-de-granja-celebraran-su-juzgamiento-centenario-en-la-exporural-de-rafaela\/\" \/>\n<meta property=\"og:locale\" content=\"es_ES\" \/>\n<meta property=\"og:type\" content=\"article\" \/>\n<meta property=\"og:title\" content=\"Animales de granja celebrar\u00e1n su juzgamiento centenario en la ExpoRural de Rafaela - 118 Expo Rural Rafaela 2025\" \/>\n<meta property=\"og:description\" content=\"Nuestra muestra anual se distingue a nivel nacional por la calidad y cantidad de aves y ejemplares de granja que desde hace cien a\u00f1os se juran sobre el est\u00e1ndar oficial. En dos semanas la 118\u00b0 ExpoRural de Rafaela y la Regi\u00f3n tendr\u00e1 una edici\u00f3n especial, donde los animales de granja cada a\u00f1o se exhiben. Ser\u00e1 [&hellip;]\" \/>\n<meta property=\"og:url\" content=\"https:\/\/ruralrafaela.com.ar\/exporural2025\/2025\/09\/03\/animales-de-granja-celebraran-su-juzgamiento-centenario-en-la-exporural-de-rafaela\/\" \/>\n<meta property=\"og:site_name\" content=\"118 Expo Rural Rafaela 2025\" \/>\n<meta property=\"article:published_time\" content=\"2025-09-03T15:54:47+00:00\" \/>\n<meta property=\"article:modified_time\" content=\"2025-09-03T15:54:49+00:00\" \/>\n<meta property=\"og:image\" content=\"https:\/\/ruralrafaela.com.ar\/exporural2025\/wp-content\/uploads\/sites\/24\/2025\/09\/Holandesa-Bantam-gallo.jpg\" \/>\n\t<meta property=\"og:image:width\" content=\"750\" \/>\n\t<meta property=\"og:image:height\" content=\"500\" \/>\n\t<meta property=\"og:image:type\" content=\"image\/jpeg\" \/>\n<meta name=\"author\" content=\"c1970093\" \/>\n<meta name=\"twitter:card\" content=\"summary_large_image\" \/>\n<meta name=\"twitter:label1\" content=\"Escrito por\" \/>\n\t<meta name=\"twitter:data1\" content=\"c1970093\" \/>\n\t<meta name=\"twitter:label2\" content=\"Tiempo de lectura\" \/>\n\t<meta name=\"twitter:data2\" content=\"3 minutos\" \/>\n<script type=\"application\/ld+json\" class=\"yoast-schema-graph\">{\"@context\":\"https:\\\/\\\/schema.org\",\"@graph\":[{\"@type\":\"Article\",\"@id\":\"https:\\\/\\\/ruralrafaela.com.ar\\\/exporural2025\\\/2025\\\/09\\\/03\\\/animales-de-granja-celebraran-su-juzgamiento-centenario-en-la-exporural-de-rafaela\\\/#article\",\"isPartOf\":{\"@id\":\"https:\\\/\\\/ruralrafaela.com.ar\\\/exporural2025\\\/2025\\\/09\\\/03\\\/animales-de-granja-celebraran-su-juzgamiento-centenario-en-la-exporural-de-rafaela\\\/\"},\"author\":{\"name\":\"c1970093\",\"@id\":\"https:\\\/\\\/ruralrafaela.com.ar\\\/exporural2025\\\/#\\\/schema\\\/person\\\/b944097647cc828e58952e18b2cc493c\"},\"headline\":\"Animales de granja celebrar\u00e1n su juzgamiento centenario en la ExpoRural de Rafaela\",\"datePublished\":\"2025-09-03T15:54:47+00:00\",\"dateModified\":\"2025-09-03T15:54:49+00:00\",\"mainEntityOfPage\":{\"@id\":\"https:\\\/\\\/ruralrafaela.com.ar\\\/exporural2025\\\/2025\\\/09\\\/03\\\/animales-de-granja-celebraran-su-juzgamiento-centenario-en-la-exporural-de-rafaela\\\/\"},\"wordCount\":565,\"publisher\":{\"@id\":\"https:\\\/\\\/ruralrafaela.com.ar\\\/exporural2025\\\/#organization\"},\"image\":{\"@id\":\"https:\\\/\\\/ruralrafaela.com.ar\\\/exporural2025\\\/2025\\\/09\\\/03\\\/animales-de-granja-celebraran-su-juzgamiento-centenario-en-la-exporural-de-rafaela\\\/#primaryimage\"},\"thumbnailUrl\":\"https:\\\/\\\/ruralrafaela.com.ar\\\/exporural2025\\\/wp-content\\\/uploads\\\/sites\\\/24\\\/2025\\\/09\\\/Holandesa-Bantam-gallo.jpg\",\"inLanguage\":\"es\"},{\"@type\":\"WebPage\",\"@id\":\"https:\\\/\\\/ruralrafaela.com.ar\\\/exporural2025\\\/2025\\\/09\\\/03\\\/animales-de-granja-celebraran-su-juzgamiento-centenario-en-la-exporural-de-rafaela\\\/\",\"url\":\"https:\\\/\\\/ruralrafaela.com.ar\\\/exporural2025\\\/2025\\\/09\\\/03\\\/animales-de-granja-celebraran-su-juzgamiento-centenario-en-la-exporural-de-rafaela\\\/\",\"name\":\"Animales de granja celebrar\u00e1n su juzgamiento centenario en la ExpoRural de Rafaela - 118 Expo Rural Rafaela 2025\",\"isPartOf\":{\"@id\":\"https:\\\/\\\/ruralrafaela.com.ar\\\/exporural2025\\\/#website\"},\"primaryImageOfPage\":{\"@id\":\"https:\\\/\\\/ruralrafaela.com.ar\\\/exporural2025\\\/2025\\\/09\\\/03\\\/animales-de-granja-celebraran-su-juzgamiento-centenario-en-la-exporural-de-rafaela\\\/#primaryimage\"},\"image\":{\"@id\":\"https:\\\/\\\/ruralrafaela.com.ar\\\/exporural2025\\\/2025\\\/09\\\/03\\\/animales-de-granja-celebraran-su-juzgamiento-centenario-en-la-exporural-de-rafaela\\\/#primaryimage\"},\"thumbnailUrl\":\"https:\\\/\\\/ruralrafaela.com.ar\\\/exporural2025\\\/wp-content\\\/uploads\\\/sites\\\/24\\\/2025\\\/09\\\/Holandesa-Bantam-gallo.jpg\",\"datePublished\":\"2025-09-03T15:54:47+00:00\",\"dateModified\":\"2025-09-03T15:54:49+00:00\",\"breadcrumb\":{\"@id\":\"https:\\\/\\\/ruralrafaela.com.ar\\\/exporural2025\\\/2025\\\/09\\\/03\\\/animales-de-granja-celebraran-su-juzgamiento-centenario-en-la-exporural-de-rafaela\\\/#breadcrumb\"},\"inLanguage\":\"es\",\"potentialAction\":[{\"@type\":\"ReadAction\",\"target\":[\"https:\\\/\\\/ruralrafaela.com.ar\\\/exporural2025\\\/2025\\\/09\\\/03\\\/animales-de-granja-celebraran-su-juzgamiento-centenario-en-la-exporural-de-rafaela\\\/\"]}]},{\"@type\":\"ImageObject\",\"inLanguage\":\"es\",\"@id\":\"https:\\\/\\\/ruralrafaela.com.ar\\\/exporural2025\\\/2025\\\/09\\\/03\\\/animales-de-granja-celebraran-su-juzgamiento-centenario-en-la-exporural-de-rafaela\\\/#primaryimage\",\"url\":\"https:\\\/\\\/ruralrafaela.com.ar\\\/exporural2025\\\/wp-content\\\/uploads\\\/sites\\\/24\\\/2025\\\/09\\\/Holandesa-Bantam-gallo.jpg\",\"contentUrl\":\"https:\\\/\\\/ruralrafaela.com.ar\\\/exporural2025\\\/wp-content\\\/uploads\\\/sites\\\/24\\\/2025\\\/09\\\/Holandesa-Bantam-gallo.jpg\",\"width\":750,\"height\":500},{\"@type\":\"BreadcrumbList\",\"@id\":\"https:\\\/\\\/ruralrafaela.com.ar\\\/exporural2025\\\/2025\\\/09\\\/03\\\/animales-de-granja-celebraran-su-juzgamiento-centenario-en-la-exporural-de-rafaela\\\/#breadcrumb\",\"itemListElement\":[{\"@type\":\"ListItem\",\"position\":1,\"name\":\"Portada\",\"item\":\"https:\\\/\\\/ruralrafaela.com.ar\\\/exporural2025\\\/\"},{\"@type\":\"ListItem\",\"position\":2,\"name\":\"Animales de granja celebrar\u00e1n su juzgamiento centenario en la ExpoRural de Rafaela\"}]},{\"@type\":\"WebSite\",\"@id\":\"https:\\\/\\\/ruralrafaela.com.ar\\\/exporural2025\\\/#website\",\"url\":\"https:\\\/\\\/ruralrafaela.com.ar\\\/exporural2025\\\/\",\"name\":\"118 Expo Rural Rafaela 2025\",\"description\":\"Sitio oficial de la Expo Rural Rafaela\",\"publisher\":{\"@id\":\"https:\\\/\\\/ruralrafaela.com.ar\\\/exporural2025\\\/#organization\"},\"potentialAction\":[{\"@type\":\"SearchAction\",\"target\":{\"@type\":\"EntryPoint\",\"urlTemplate\":\"https:\\\/\\\/ruralrafaela.com.ar\\\/exporural2025\\\/?s={search_term_string}\"},\"query-input\":{\"@type\":\"PropertyValueSpecification\",\"valueRequired\":true,\"valueName\":\"search_term_string\"}}],\"inLanguage\":\"es\"},{\"@type\":\"Organization\",\"@id\":\"https:\\\/\\\/ruralrafaela.com.ar\\\/exporural2025\\\/#organization\",\"name\":\"118 Expo Rural Rafaela 2025\",\"url\":\"https:\\\/\\\/ruralrafaela.com.ar\\\/exporural2025\\\/\",\"logo\":{\"@type\":\"ImageObject\",\"inLanguage\":\"es\",\"@id\":\"https:\\\/\\\/ruralrafaela.com.ar\\\/exporural2025\\\/#\\\/schema\\\/logo\\\/image\\\/\",\"url\":\"https:\\\/\\\/ruralrafaela.com.ar\\\/exporural2025\\\/wp-content\\\/uploads\\\/sites\\\/24\\\/2025\\\/08\\\/logo_expo2025.jpg\",\"contentUrl\":\"https:\\\/\\\/ruralrafaela.com.ar\\\/exporural2025\\\/wp-content\\\/uploads\\\/sites\\\/24\\\/2025\\\/08\\\/logo_expo2025.jpg\",\"width\":611,\"height\":368,\"caption\":\"118 Expo Rural Rafaela 2025\"},\"image\":{\"@id\":\"https:\\\/\\\/ruralrafaela.com.ar\\\/exporural2025\\\/#\\\/schema\\\/logo\\\/image\\\/\"}},{\"@type\":\"Person\",\"@id\":\"https:\\\/\\\/ruralrafaela.com.ar\\\/exporural2025\\\/#\\\/schema\\\/person\\\/b944097647cc828e58952e18b2cc493c\",\"name\":\"c1970093\",\"image\":{\"@type\":\"ImageObject\",\"inLanguage\":\"es\",\"@id\":\"https:\\\/\\\/secure.gravatar.com\\\/avatar\\\/45cdd73f3ef44c305e0057b84921f5c4dc0bf41c5999db82505293a43118ff3e?s=96&d=mm&r=g\",\"url\":\"https:\\\/\\\/secure.gravatar.com\\\/avatar\\\/45cdd73f3ef44c305e0057b84921f5c4dc0bf41c5999db82505293a43118ff3e?s=96&d=mm&r=g\",\"contentUrl\":\"https:\\\/\\\/secure.gravatar.com\\\/avatar\\\/45cdd73f3ef44c305e0057b84921f5c4dc0bf41c5999db82505293a43118ff3e?s=96&d=mm&r=g\",\"caption\":\"c1970093\"},\"url\":\"https:\\\/\\\/ruralrafaela.com.ar\\\/exporural2025\\\/author\\\/c1970093\\\/\"}]}<\/script>\n<!-- \/ Yoast SEO plugin. -->","yoast_head_json":{"title":"Animales de granja celebrar\u00e1n su juzgamiento centenario en la ExpoRural de Rafaela - 118 Expo Rural Rafaela 2025","robots":{"index":"index","follow":"follow","max-snippet":"max-snippet:-1","max-image-preview":"max-image-preview:large","max-video-preview":"max-video-preview:-1"},"canonical":"https:\/\/ruralrafaela.com.ar\/exporural2025\/2025\/09\/03\/animales-de-granja-celebraran-su-juzgamiento-centenario-en-la-exporural-de-rafaela\/","og_locale":"es_ES","og_type":"article","og_title":"Animales de granja celebrar\u00e1n su juzgamiento centenario en la ExpoRural de Rafaela - 118 Expo Rural Rafaela 2025","og_description":"Nuestra muestra anual se distingue a nivel nacional por la calidad y cantidad de aves y ejemplares de granja que desde hace cien a\u00f1os se juran sobre el est\u00e1ndar oficial. En dos semanas la 118\u00b0 ExpoRural de Rafaela y la Regi\u00f3n tendr\u00e1 una edici\u00f3n especial, donde los animales de granja cada a\u00f1o se exhiben. Ser\u00e1 [&hellip;]","og_url":"https:\/\/ruralrafaela.com.ar\/exporural2025\/2025\/09\/03\/animales-de-granja-celebraran-su-juzgamiento-centenario-en-la-exporural-de-rafaela\/","og_site_name":"118 Expo Rural Rafaela 2025","article_published_time":"2025-09-03T15:54:47+00:00","article_modified_time":"2025-09-03T15:54:49+00:00","og_image":[{"width":750,"height":500,"url":"https:\/\/ruralrafaela.com.ar\/exporural2025\/wp-content\/uploads\/sites\/24\/2025\/09\/Holandesa-Bantam-gallo.jpg","type":"image\/jpeg"}],"author":"c1970093","twitter_card":"summary_large_image","twitter_misc":{"Escrito por":"c1970093","Tiempo de lectura":"3 minutos"},"schema":{"@context":"https:\/\/schema.org","@graph":[{"@type":"Article","@id":"https:\/\/ruralrafaela.com.ar\/exporural2025\/2025\/09\/03\/animales-de-granja-celebraran-su-juzgamiento-centenario-en-la-exporural-de-rafaela\/#article","isPartOf":{"@id":"https:\/\/ruralrafaela.com.ar\/exporural2025\/2025\/09\/03\/animales-de-granja-celebraran-su-juzgamiento-centenario-en-la-exporural-de-rafaela\/"},"author":{"name":"c1970093","@id":"https:\/\/ruralrafaela.com.ar\/exporural2025\/#\/schema\/person\/b944097647cc828e58952e18b2cc493c"},"headline":"Animales de granja celebrar\u00e1n su juzgamiento centenario en la ExpoRural de Rafaela","datePublished":"2025-09-03T15:54:47+00:00","dateModified":"2025-09-03T15:54:49+00:00","mainEntityOfPage":{"@id":"https:\/\/ruralrafaela.com.ar\/exporural2025\/2025\/09\/03\/animales-de-granja-celebraran-su-juzgamiento-centenario-en-la-exporural-de-rafaela\/"},"wordCount":565,"publisher":{"@id":"https:\/\/ruralrafaela.com.ar\/exporural2025\/#organization"},"image":{"@id":"https:\/\/ruralrafaela.com.ar\/exporural2025\/2025\/09\/03\/animales-de-granja-celebraran-su-juzgamiento-centenario-en-la-exporural-de-rafaela\/#primaryimage"},"thumbnailUrl":"https:\/\/ruralrafaela.com.ar\/exporural2025\/wp-content\/uploads\/sites\/24\/2025\/09\/Holandesa-Bantam-gallo.jpg","inLanguage":"es"},{"@type":"WebPage","@id":"https:\/\/ruralrafaela.com.ar\/exporural2025\/2025\/09\/03\/animales-de-granja-celebraran-su-juzgamiento-centenario-en-la-exporural-de-rafaela\/","url":"https:\/\/ruralrafaela.com.ar\/exporural2025\/2025\/09\/03\/animales-de-granja-celebraran-su-juzgamiento-centenario-en-la-exporural-de-rafaela\/","name":"Animales de granja celebrar\u00e1n su juzgamiento centenario en la ExpoRural de Rafaela - 118 Expo Rural Rafaela 2025","isPartOf":{"@id":"https:\/\/ruralrafaela.com.ar\/exporural2025\/#website"},"primaryImageOfPage":{"@id":"https:\/\/ruralrafaela.com.ar\/exporural2025\/2025\/09\/03\/animales-de-granja-celebraran-su-juzgamiento-centenario-en-la-exporural-de-rafaela\/#primaryimage"},"image":{"@id":"https:\/\/ruralrafaela.com.ar\/exporural2025\/2025\/09\/03\/animales-de-granja-celebraran-su-juzgamiento-centenario-en-la-exporural-de-rafaela\/#primaryimage"},"thumbnailUrl":"https:\/\/ruralrafaela.com.ar\/exporural2025\/wp-content\/uploads\/sites\/24\/2025\/09\/Holandesa-Bantam-gallo.jpg","datePublished":"2025-09-03T15:54:47+00:00","dateModified":"2025-09-03T15:54:49+00:00","breadcrumb":{"@id":"https:\/\/ruralrafaela.com.ar\/exporural2025\/2025\/09\/03\/animales-de-granja-celebraran-su-juzgamiento-centenario-en-la-exporural-de-rafaela\/#breadcrumb"},"inLanguage":"es","potentialAction":[{"@type":"ReadAction","target":["https:\/\/ruralrafaela.com.ar\/exporural2025\/2025\/09\/03\/animales-de-granja-celebraran-su-juzgamiento-centenario-en-la-exporural-de-rafaela\/"]}]},{"@type":"ImageObject","inLanguage":"es","@id":"https:\/\/ruralrafaela.com.ar\/exporural2025\/2025\/09\/03\/animales-de-granja-celebraran-su-juzgamiento-centenario-en-la-exporural-de-rafaela\/#primaryimage","url":"https:\/\/ruralrafaela.com.ar\/exporural2025\/wp-content\/uploads\/sites\/24\/2025\/09\/Holandesa-Bantam-gallo.jpg","contentUrl":"https:\/\/ruralrafaela.com.ar\/exporural2025\/wp-content\/uploads\/sites\/24\/2025\/09\/Holandesa-Bantam-gallo.jpg","width":750,"height":500},{"@type":"BreadcrumbList","@id":"https:\/\/ruralrafaela.com.ar\/exporural2025\/2025\/09\/03\/animales-de-granja-celebraran-su-juzgamiento-centenario-en-la-exporural-de-rafaela\/#breadcrumb","itemListElement":[{"@type":"ListItem","position":1,"name":"Portada","item":"https:\/\/ruralrafaela.com.ar\/exporural2025\/"},{"@type":"ListItem","position":2,"name":"Animales de granja celebrar\u00e1n su juzgamiento centenario en la ExpoRural de Rafaela"}]},{"@type":"WebSite","@id":"https:\/\/ruralrafaela.com.ar\/exporural2025\/#website","url":"https:\/\/ruralrafaela.com.ar\/exporural2025\/","name":"118 Expo Rural Rafaela 2025","description":"Sitio oficial de la Expo Rural Rafaela","publisher":{"@id":"https:\/\/ruralrafaela.com.ar\/exporural2025\/#organization"},"potentialAction":[{"@type":"SearchAction","target":{"@type":"EntryPoint","urlTemplate":"https:\/\/ruralrafaela.com.ar\/exporural2025\/?s={search_term_string}"},"query-input":{"@type":"PropertyValueSpecification","valueRequired":true,"valueName":"search_term_string"}}],"inLanguage":"es"},{"@type":"Organization","@id":"https:\/\/ruralrafaela.com.ar\/exporural2025\/#organization","name":"118 Expo Rural Rafaela 2025","url":"https:\/\/ruralrafaela.com.ar\/exporural2025\/","logo":{"@type":"ImageObject","inLanguage":"es","@id":"https:\/\/ruralrafaela.com.ar\/exporural2025\/#\/schema\/logo\/image\/","url":"https:\/\/ruralrafaela.com.ar\/exporural2025\/wp-content\/uploads\/sites\/24\/2025\/08\/logo_expo2025.jpg","contentUrl":"https:\/\/ruralrafaela.com.ar\/exporural2025\/wp-content\/uploads\/sites\/24\/2025\/08\/logo_expo2025.jpg","width":611,"height":368,"caption":"118 Expo Rural Rafaela 2025"},"image":{"@id":"https:\/\/ruralrafaela.com.ar\/exporural2025\/#\/schema\/logo\/image\/"}},{"@type":"Person","@id":"https:\/\/ruralrafaela.com.ar\/exporural2025\/#\/schema\/person\/b944097647cc828e58952e18b2cc493c","name":"c1970093","image":{"@type":"ImageObject","inLanguage":"es","@id":"https:\/\/secure.gravatar.com\/avatar\/45cdd73f3ef44c305e0057b84921f5c4dc0bf41c5999db82505293a43118ff3e?s=96&d=mm&r=g","url":"https:\/\/secure.gravatar.com\/avatar\/45cdd73f3ef44c305e0057b84921f5c4dc0bf41c5999db82505293a43118ff3e?s=96&d=mm&r=g","contentUrl":"https:\/\/secure.gravatar.com\/avatar\/45cdd73f3ef44c305e0057b84921f5c4dc0bf41c5999db82505293a43118ff3e?s=96&d=mm&r=g","caption":"c1970093"},"url":"https:\/\/ruralrafaela.com.ar\/exporural2025\/author\/c1970093\/"}]}},"_links":{"self":[{"href":"https:\/\/ruralrafaela.com.ar\/exporural2025\/wp-json\/wp\/v2\/posts\/7010","targetHints":{"allow":["GET"]}}],"collection":[{"href":"https:\/\/ruralrafaela.com.ar\/exporural2025\/wp-json\/wp\/v2\/posts"}],"about":[{"href":"https:\/\/ruralrafaela.com.ar\/exporural2025\/wp-json\/wp\/v2\/types\/post"}],"author":[{"embeddable":true,"href":"https:\/\/ruralrafaela.com.ar\/exporural2025\/wp-json\/wp\/v2\/users\/2"}],"replies":[{"embeddable":true,"href":"https:\/\/ruralrafaela.com.ar\/exporural2025\/wp-json\/wp\/v2\/comments?post=7010"}],"version-history":[{"count":1,"href":"https:\/\/ruralrafaela.com.ar\/exporural2025\/wp-json\/wp\/v2\/posts\/7010\/revisions"}],"predecessor-version":[{"id":7012,"href":"https:\/\/ruralrafaela.com.ar\/exporural2025\/wp-json\/wp\/v2\/posts\/7010\/revisions\/7012"}],"wp:featuredmedia":[{"embeddable":true,"href":"https:\/\/ruralrafaela.com.ar\/exporural2025\/wp-json\/wp\/v2\/media\/7011"}],"wp:attachment":[{"href":"https:\/\/ruralrafaela.com.ar\/exporural2025\/wp-json\/wp\/v2\/media?parent=7010"}],"wp:term":[{"taxonomy":"category","embeddable":true,"href":"https:\/\/ruralrafaela.com.ar\/exporural2025\/wp-json\/wp\/v2\/categories?post=7010"},{"taxonomy":"post_tag","embeddable":true,"href":"https:\/\/ruralrafaela.com.ar\/exporural2025\/wp-json\/wp\/v2\/tags?post=7010"}],"curies":[{"name":"wp","href":"https:\/\/api.w.org\/{rel}","templated":true}]}}