{"id":6950,"date":"2025-08-15T13:21:26","date_gmt":"2025-08-15T13:21:26","guid":{"rendered":"https:\/\/ruralrafaela.com.ar\/exporural2025\/?p=6950"},"modified":"2025-08-15T13:22:30","modified_gmt":"2025-08-15T13:22:30","slug":"comenzo-el-recorrido-de-tambos-en-el-8-concurso-de-vacas-a-campo","status":"publish","type":"post","link":"https:\/\/ruralrafaela.com.ar\/exporural2025\/2025\/08\/15\/comenzo-el-recorrido-de-tambos-en-el-8-concurso-de-vacas-a-campo\/","title":{"rendered":"Comenz\u00f3 el recorrido de tambos en el 8\u00b0 Concurso de Vacas a Campo"},"content":{"rendered":"\n<p>Este es el octavo a\u00f1o que la Competencia de Vacas a Campo se desarrolla junto con la ExpoRural de Rafaela y la Regi\u00f3n, para confirmar que la lecher\u00eda en los tambos crece, mejora y muestra lo mejor de la raza Holando Argentino.<\/p>\n\n\n\n<p>Es durante este martes y mi\u00e9rcoles que Ariel Blatter, como responsable de Ganader\u00eda de la Comisi\u00f3n Directiva de la Sociedad Rural de Rafaela, recorre junto al jurado designado por la Asociaci\u00f3n de Criadores de Holando Argentino, Leonardo Garc\u00eda y a quien oficia como su secretario en la tarea, Mario Orlandi, los diez tambos comerciales que abren sus tranqueras a esta forma diferente de evaluar animales que est\u00e1n en producci\u00f3n en nuestra regi\u00f3n.<\/p>\n\n\n\n<p>\u201cLo que hacemos es visitar a todos los productores que muestran sus vacas en distintas categor\u00edas, que pueden ser vacas de un parto, hasta cinco o m\u00e1s partos. Estamos con un camar\u00f3grafo registrando las im\u00e1genes de cada uno de los ejemplares, yo las analizo parte por parte, el camar\u00f3grafo las filma, mientras yo eval\u00fao y me llevo un pantallazo de lo que voy viendo, voy anotando lo que m\u00e1s me gusta de cada una\u201d.<\/p>\n\n\n\n<p>\u201cDespu\u00e9s al momento de la definici\u00f3n final, las veo una por una nuevamente, analizo la filmaci\u00f3n, las fotos y ah\u00ed determino cu\u00e1l va a ser la vaca que va a ganar en cada categor\u00eda\u201d, as\u00ed explica su tarea el jurado que viene de estar en la pista de Palermo, en lo que fue el regreso de la raza en el foco agropecuario m\u00e1s importante.<\/p>\n\n\n\n<p>Pero Rafaela es el n\u00facleo de la lecher\u00eda a nivel nacional y si bien las vacas de los tambos no llegan a la pista de c\u00e9sped, tambi\u00e9n tendr\u00e1n su lugar en la agenda de la 118\u00b0 ExpoRural.<\/p>\n\n\n\n<p>Ser\u00e1 el jueves 18, en el primer d\u00eda de la muestra, que en la cena donde tambi\u00e9n se realice la premiaci\u00f3n del 104\u00b0 Concurso de Vacas Lecheras y el segundo Remate de Estrellas, se desarrolle la premiaci\u00f3n de estas Vacas a Campo.<\/p>\n\n\n\n<p>Diez tambos y cinco categor\u00edas son los que se contemplar\u00e1n este a\u00f1o en el que el Comit\u00e9 Ejecutivo de ACHA dispuso que tambi\u00e9n se elija a la mejor Vaca Joven, entre las que tienen uno y dos partos siendo un premio m\u00e1s para cada uno de los expositores en esta competencia que ya se transform\u00f3 en una tradici\u00f3n.<\/p>\n\n\n\n<figure class=\"wp-block-image size-large\"><img fetchpriority=\"high\" decoding=\"async\" width=\"1024\" height=\"547\" src=\"https:\/\/ruralrafaela.com.ar\/exporural2025\/wp-content\/uploads\/sites\/24\/2025\/08\/vacasacampo2-1024x547.jpg\" alt=\"\" class=\"wp-image-6951\" srcset=\"https:\/\/ruralrafaela.com.ar\/exporural2025\/wp-content\/uploads\/sites\/24\/2025\/08\/vacasacampo2-1024x547.jpg 1024w, https:\/\/ruralrafaela.com.ar\/exporural2025\/wp-content\/uploads\/sites\/24\/2025\/08\/vacasacampo2-300x160.jpg 300w, https:\/\/ruralrafaela.com.ar\/exporural2025\/wp-content\/uploads\/sites\/24\/2025\/08\/vacasacampo2-768x410.jpg 768w, https:\/\/ruralrafaela.com.ar\/exporural2025\/wp-content\/uploads\/sites\/24\/2025\/08\/vacasacampo2-1536x820.jpg 1536w, https:\/\/ruralrafaela.com.ar\/exporural2025\/wp-content\/uploads\/sites\/24\/2025\/08\/vacasacampo2.jpg 1600w\" sizes=\"(max-width: 1024px) 100vw, 1024px\" \/><\/figure>\n\n\n\n<p>Garc\u00eda es siempre did\u00e1ctico en sus exposiciones, un apasionado de las vacas, sostiene que \u201cesto es interesante para que vea la gente, para que todos apreciemos, el trabajo que hace el productor comercial. Vemos muy buenas vacas en los tambos y esta es una oportunidad para que las puedan mostrar, sin la necesidad de llegar a una exposici\u00f3n, con todo el trabajo que eso significa\u201d.<\/p>\n\n\n\n<p>\u201cLos tamberos ya saben lo que hay que hacer, es dejarlas sin orde\u00f1ar doce horas, para que se luzcan mejor las ubres, despu\u00e9s si las quieren ba\u00f1ar para que est\u00e9n mejor presentadas lo pueden hacer, pero no tienen ning\u00fan tipo de preparaci\u00f3n especial. Est\u00e1n bien a campo, se ven vacas de trabajo y es la mejor manera de apreciar mejor el potencial y la expresi\u00f3n de la raza\u201d.<\/p>\n\n\n\n<p>En los corrales de espera de los tambos, todos los productores est\u00e1n recibiendo en estas horas a esta comitiva que enaltece la tarea lechera desde el eslab\u00f3n primario, que revaloriza el trabajo que todos los d\u00edas del a\u00f1o se hace en las unidades productivas, desde la crianza hasta el orde\u00f1o, el cuidado sanitario, el pastoreo y la alimentaci\u00f3n, pero sobre todo el cuidado de cada uno de los ejemplares que son la base del sector.<\/p>\n\n\n\n<p>Para conocer m\u00e1s sobre las actividades de lecher\u00eda durante la muestra y toda la agenda de la ExpoRural se puede ingresar en <a href=\"https:\/\/ruralrafaela.com.ar\/\">https:\/\/ruralrafaela.com.ar\/<\/a><\/p>\n","protected":false},"excerpt":{"rendered":"<p>Este es el octavo a\u00f1o que la Competencia de Vacas a Campo se desarrolla junto con la ExpoRural de Rafaela y la Regi\u00f3n, para confirmar que la lecher\u00eda en los tambos crece, mejora y muestra lo mejor de la raza Holando Argentino. Es durante este martes y mi\u00e9rcoles que Ariel Blatter, como responsable de Ganader\u00eda [&hellip;]<\/p>\n","protected":false},"author":2,"featured_media":6948,"comment_status":"closed","ping_status":"open","sticky":false,"template":"","format":"standard","meta":{"ocean_post_layout":"","ocean_both_sidebars_style":"","ocean_both_sidebars_content_width":0,"ocean_both_sidebars_sidebars_width":0,"ocean_sidebar":"","ocean_second_sidebar":"","ocean_disable_margins":"enable","ocean_add_body_class":"","ocean_shortcode_before_top_bar":"","ocean_shortcode_after_top_bar":"","ocean_shortcode_before_header":"","ocean_shortcode_after_header":"","ocean_has_shortcode":"","ocean_shortcode_after_title":"","ocean_shortcode_before_footer_widgets":"","ocean_shortcode_after_footer_widgets":"","ocean_shortcode_before_footer_bottom":"","ocean_shortcode_after_footer_bottom":"","ocean_display_top_bar":"default","ocean_display_header":"default","ocean_header_style":"","ocean_center_header_left_menu":"","ocean_custom_header_template":"","ocean_custom_logo":0,"ocean_custom_retina_logo":0,"ocean_custom_logo_max_width":0,"ocean_custom_logo_tablet_max_width":0,"ocean_custom_logo_mobile_max_width":0,"ocean_custom_logo_max_height":0,"ocean_custom_logo_tablet_max_height":0,"ocean_custom_logo_mobile_max_height":0,"ocean_header_custom_menu":"","ocean_menu_typo_font_family":"","ocean_menu_typo_font_subset":"","ocean_menu_typo_font_size":0,"ocean_menu_typo_font_size_tablet":0,"ocean_menu_typo_font_size_mobile":0,"ocean_menu_typo_font_size_unit":"px","ocean_menu_typo_font_weight":"","ocean_menu_typo_font_weight_tablet":"","ocean_menu_typo_font_weight_mobile":"","ocean_menu_typo_transform":"","ocean_menu_typo_transform_tablet":"","ocean_menu_typo_transform_mobile":"","ocean_menu_typo_line_height":0,"ocean_menu_typo_line_height_tablet":0,"ocean_menu_typo_line_height_mobile":0,"ocean_menu_typo_line_height_unit":"","ocean_menu_typo_spacing":0,"ocean_menu_typo_spacing_tablet":0,"ocean_menu_typo_spacing_mobile":0,"ocean_menu_typo_spacing_unit":"","ocean_menu_link_color":"","ocean_menu_link_color_hover":"","ocean_menu_link_color_active":"","ocean_menu_link_background":"","ocean_menu_link_hover_background":"","ocean_menu_link_active_background":"","ocean_menu_social_links_bg":"","ocean_menu_social_hover_links_bg":"","ocean_menu_social_links_color":"","ocean_menu_social_hover_links_color":"","ocean_disable_title":"default","ocean_disable_heading":"default","ocean_post_title":"","ocean_post_subheading":"","ocean_post_title_style":"","ocean_post_title_background_color":"","ocean_post_title_background":0,"ocean_post_title_bg_image_position":"","ocean_post_title_bg_image_attachment":"","ocean_post_title_bg_image_repeat":"","ocean_post_title_bg_image_size":"","ocean_post_title_height":0,"ocean_post_title_bg_overlay":0.5,"ocean_post_title_bg_overlay_color":"","ocean_disable_breadcrumbs":"default","ocean_breadcrumbs_color":"","ocean_breadcrumbs_separator_color":"","ocean_breadcrumbs_links_color":"","ocean_breadcrumbs_links_hover_color":"","ocean_display_footer_widgets":"default","ocean_display_footer_bottom":"default","ocean_custom_footer_template":"","_joinchat":[],"ocean_post_oembed":"","ocean_post_self_hosted_media":"","ocean_post_video_embed":"","ocean_link_format":"","ocean_link_format_target":"self","ocean_quote_format":"","ocean_quote_format_link":"post","ocean_gallery_link_images":"on","ocean_gallery_id":[],"footnotes":""},"categories":[1],"tags":[],"class_list":["post-6950","post","type-post","status-publish","format-standard","has-post-thumbnail","hentry","category-sin-categoria","entry","has-media"],"yoast_head":"<!-- This site is optimized with the Yoast SEO plugin v27.5 - https:\/\/yoast.com\/product\/yoast-seo-wordpress\/ -->\n<title>Comenz\u00f3 el recorrido de tambos en el 8\u00b0 Concurso de Vacas a Campo - 118 Expo Rural Rafaela 2025<\/title>\n<meta name=\"robots\" content=\"index, follow, max-snippet:-1, max-image-preview:large, max-video-preview:-1\" \/>\n<link rel=\"canonical\" href=\"https:\/\/ruralrafaela.com.ar\/exporural2025\/2025\/08\/15\/comenzo-el-recorrido-de-tambos-en-el-8-concurso-de-vacas-a-campo\/\" \/>\n<meta property=\"og:locale\" content=\"es_ES\" \/>\n<meta property=\"og:type\" content=\"article\" \/>\n<meta property=\"og:title\" content=\"Comenz\u00f3 el recorrido de tambos en el 8\u00b0 Concurso de Vacas a Campo - 118 Expo Rural Rafaela 2025\" \/>\n<meta property=\"og:description\" content=\"Este es el octavo a\u00f1o que la Competencia de Vacas a Campo se desarrolla junto con la ExpoRural de Rafaela y la Regi\u00f3n, para confirmar que la lecher\u00eda en los tambos crece, mejora y muestra lo mejor de la raza Holando Argentino. Es durante este martes y mi\u00e9rcoles que Ariel Blatter, como responsable de Ganader\u00eda [&hellip;]\" \/>\n<meta property=\"og:url\" content=\"https:\/\/ruralrafaela.com.ar\/exporural2025\/2025\/08\/15\/comenzo-el-recorrido-de-tambos-en-el-8-concurso-de-vacas-a-campo\/\" \/>\n<meta property=\"og:site_name\" content=\"118 Expo Rural Rafaela 2025\" \/>\n<meta property=\"article:published_time\" content=\"2025-08-15T13:21:26+00:00\" \/>\n<meta property=\"article:modified_time\" content=\"2025-08-15T13:22:30+00:00\" \/>\n<meta property=\"og:image\" content=\"https:\/\/ruralrafaela.com.ar\/exporural2025\/wp-content\/uploads\/sites\/24\/2025\/08\/vacasacampo.jpg\" \/>\n\t<meta property=\"og:image:width\" content=\"1416\" \/>\n\t<meta property=\"og:image:height\" content=\"850\" \/>\n\t<meta property=\"og:image:type\" content=\"image\/jpeg\" \/>\n<meta name=\"author\" content=\"c1970093\" \/>\n<meta name=\"twitter:card\" content=\"summary_large_image\" \/>\n<meta name=\"twitter:label1\" content=\"Escrito por\" \/>\n\t<meta name=\"twitter:data1\" content=\"c1970093\" \/>\n\t<meta name=\"twitter:label2\" content=\"Tiempo de lectura\" \/>\n\t<meta name=\"twitter:data2\" content=\"4 minutos\" \/>\n<script type=\"application\/ld+json\" class=\"yoast-schema-graph\">{\"@context\":\"https:\\\/\\\/schema.org\",\"@graph\":[{\"@type\":\"Article\",\"@id\":\"https:\\\/\\\/ruralrafaela.com.ar\\\/exporural2025\\\/2025\\\/08\\\/15\\\/comenzo-el-recorrido-de-tambos-en-el-8-concurso-de-vacas-a-campo\\\/#article\",\"isPartOf\":{\"@id\":\"https:\\\/\\\/ruralrafaela.com.ar\\\/exporural2025\\\/2025\\\/08\\\/15\\\/comenzo-el-recorrido-de-tambos-en-el-8-concurso-de-vacas-a-campo\\\/\"},\"author\":{\"name\":\"c1970093\",\"@id\":\"https:\\\/\\\/ruralrafaela.com.ar\\\/exporural2025\\\/#\\\/schema\\\/person\\\/b944097647cc828e58952e18b2cc493c\"},\"headline\":\"Comenz\u00f3 el recorrido de tambos en el 8\u00b0 Concurso de Vacas a Campo\",\"datePublished\":\"2025-08-15T13:21:26+00:00\",\"dateModified\":\"2025-08-15T13:22:30+00:00\",\"mainEntityOfPage\":{\"@id\":\"https:\\\/\\\/ruralrafaela.com.ar\\\/exporural2025\\\/2025\\\/08\\\/15\\\/comenzo-el-recorrido-de-tambos-en-el-8-concurso-de-vacas-a-campo\\\/\"},\"wordCount\":690,\"publisher\":{\"@id\":\"https:\\\/\\\/ruralrafaela.com.ar\\\/exporural2025\\\/#organization\"},\"image\":{\"@id\":\"https:\\\/\\\/ruralrafaela.com.ar\\\/exporural2025\\\/2025\\\/08\\\/15\\\/comenzo-el-recorrido-de-tambos-en-el-8-concurso-de-vacas-a-campo\\\/#primaryimage\"},\"thumbnailUrl\":\"https:\\\/\\\/ruralrafaela.com.ar\\\/exporural2025\\\/wp-content\\\/uploads\\\/sites\\\/24\\\/2025\\\/08\\\/vacasacampo.jpg\",\"inLanguage\":\"es\"},{\"@type\":\"WebPage\",\"@id\":\"https:\\\/\\\/ruralrafaela.com.ar\\\/exporural2025\\\/2025\\\/08\\\/15\\\/comenzo-el-recorrido-de-tambos-en-el-8-concurso-de-vacas-a-campo\\\/\",\"url\":\"https:\\\/\\\/ruralrafaela.com.ar\\\/exporural2025\\\/2025\\\/08\\\/15\\\/comenzo-el-recorrido-de-tambos-en-el-8-concurso-de-vacas-a-campo\\\/\",\"name\":\"Comenz\u00f3 el recorrido de tambos en el 8\u00b0 Concurso de Vacas a Campo - 118 Expo Rural Rafaela 2025\",\"isPartOf\":{\"@id\":\"https:\\\/\\\/ruralrafaela.com.ar\\\/exporural2025\\\/#website\"},\"primaryImageOfPage\":{\"@id\":\"https:\\\/\\\/ruralrafaela.com.ar\\\/exporural2025\\\/2025\\\/08\\\/15\\\/comenzo-el-recorrido-de-tambos-en-el-8-concurso-de-vacas-a-campo\\\/#primaryimage\"},\"image\":{\"@id\":\"https:\\\/\\\/ruralrafaela.com.ar\\\/exporural2025\\\/2025\\\/08\\\/15\\\/comenzo-el-recorrido-de-tambos-en-el-8-concurso-de-vacas-a-campo\\\/#primaryimage\"},\"thumbnailUrl\":\"https:\\\/\\\/ruralrafaela.com.ar\\\/exporural2025\\\/wp-content\\\/uploads\\\/sites\\\/24\\\/2025\\\/08\\\/vacasacampo.jpg\",\"datePublished\":\"2025-08-15T13:21:26+00:00\",\"dateModified\":\"2025-08-15T13:22:30+00:00\",\"breadcrumb\":{\"@id\":\"https:\\\/\\\/ruralrafaela.com.ar\\\/exporural2025\\\/2025\\\/08\\\/15\\\/comenzo-el-recorrido-de-tambos-en-el-8-concurso-de-vacas-a-campo\\\/#breadcrumb\"},\"inLanguage\":\"es\",\"potentialAction\":[{\"@type\":\"ReadAction\",\"target\":[\"https:\\\/\\\/ruralrafaela.com.ar\\\/exporural2025\\\/2025\\\/08\\\/15\\\/comenzo-el-recorrido-de-tambos-en-el-8-concurso-de-vacas-a-campo\\\/\"]}]},{\"@type\":\"ImageObject\",\"inLanguage\":\"es\",\"@id\":\"https:\\\/\\\/ruralrafaela.com.ar\\\/exporural2025\\\/2025\\\/08\\\/15\\\/comenzo-el-recorrido-de-tambos-en-el-8-concurso-de-vacas-a-campo\\\/#primaryimage\",\"url\":\"https:\\\/\\\/ruralrafaela.com.ar\\\/exporural2025\\\/wp-content\\\/uploads\\\/sites\\\/24\\\/2025\\\/08\\\/vacasacampo.jpg\",\"contentUrl\":\"https:\\\/\\\/ruralrafaela.com.ar\\\/exporural2025\\\/wp-content\\\/uploads\\\/sites\\\/24\\\/2025\\\/08\\\/vacasacampo.jpg\",\"width\":1416,\"height\":850},{\"@type\":\"BreadcrumbList\",\"@id\":\"https:\\\/\\\/ruralrafaela.com.ar\\\/exporural2025\\\/2025\\\/08\\\/15\\\/comenzo-el-recorrido-de-tambos-en-el-8-concurso-de-vacas-a-campo\\\/#breadcrumb\",\"itemListElement\":[{\"@type\":\"ListItem\",\"position\":1,\"name\":\"Portada\",\"item\":\"https:\\\/\\\/ruralrafaela.com.ar\\\/exporural2025\\\/\"},{\"@type\":\"ListItem\",\"position\":2,\"name\":\"Comenz\u00f3 el recorrido de tambos en el 8\u00b0 Concurso de Vacas a Campo\"}]},{\"@type\":\"WebSite\",\"@id\":\"https:\\\/\\\/ruralrafaela.com.ar\\\/exporural2025\\\/#website\",\"url\":\"https:\\\/\\\/ruralrafaela.com.ar\\\/exporural2025\\\/\",\"name\":\"118 Expo Rural Rafaela 2025\",\"description\":\"Sitio oficial de la Expo Rural Rafaela\",\"publisher\":{\"@id\":\"https:\\\/\\\/ruralrafaela.com.ar\\\/exporural2025\\\/#organization\"},\"potentialAction\":[{\"@type\":\"SearchAction\",\"target\":{\"@type\":\"EntryPoint\",\"urlTemplate\":\"https:\\\/\\\/ruralrafaela.com.ar\\\/exporural2025\\\/?s={search_term_string}\"},\"query-input\":{\"@type\":\"PropertyValueSpecification\",\"valueRequired\":true,\"valueName\":\"search_term_string\"}}],\"inLanguage\":\"es\"},{\"@type\":\"Organization\",\"@id\":\"https:\\\/\\\/ruralrafaela.com.ar\\\/exporural2025\\\/#organization\",\"name\":\"118 Expo Rural Rafaela 2025\",\"url\":\"https:\\\/\\\/ruralrafaela.com.ar\\\/exporural2025\\\/\",\"logo\":{\"@type\":\"ImageObject\",\"inLanguage\":\"es\",\"@id\":\"https:\\\/\\\/ruralrafaela.com.ar\\\/exporural2025\\\/#\\\/schema\\\/logo\\\/image\\\/\",\"url\":\"https:\\\/\\\/ruralrafaela.com.ar\\\/exporural2025\\\/wp-content\\\/uploads\\\/sites\\\/24\\\/2025\\\/08\\\/logo_expo2025.jpg\",\"contentUrl\":\"https:\\\/\\\/ruralrafaela.com.ar\\\/exporural2025\\\/wp-content\\\/uploads\\\/sites\\\/24\\\/2025\\\/08\\\/logo_expo2025.jpg\",\"width\":611,\"height\":368,\"caption\":\"118 Expo Rural Rafaela 2025\"},\"image\":{\"@id\":\"https:\\\/\\\/ruralrafaela.com.ar\\\/exporural2025\\\/#\\\/schema\\\/logo\\\/image\\\/\"}},{\"@type\":\"Person\",\"@id\":\"https:\\\/\\\/ruralrafaela.com.ar\\\/exporural2025\\\/#\\\/schema\\\/person\\\/b944097647cc828e58952e18b2cc493c\",\"name\":\"c1970093\",\"image\":{\"@type\":\"ImageObject\",\"inLanguage\":\"es\",\"@id\":\"https:\\\/\\\/secure.gravatar.com\\\/avatar\\\/45cdd73f3ef44c305e0057b84921f5c4dc0bf41c5999db82505293a43118ff3e?s=96&d=mm&r=g\",\"url\":\"https:\\\/\\\/secure.gravatar.com\\\/avatar\\\/45cdd73f3ef44c305e0057b84921f5c4dc0bf41c5999db82505293a43118ff3e?s=96&d=mm&r=g\",\"contentUrl\":\"https:\\\/\\\/secure.gravatar.com\\\/avatar\\\/45cdd73f3ef44c305e0057b84921f5c4dc0bf41c5999db82505293a43118ff3e?s=96&d=mm&r=g\",\"caption\":\"c1970093\"},\"url\":\"https:\\\/\\\/ruralrafaela.com.ar\\\/exporural2025\\\/author\\\/c1970093\\\/\"}]}<\/script>\n<!-- \/ Yoast SEO plugin. -->","yoast_head_json":{"title":"Comenz\u00f3 el recorrido de tambos en el 8\u00b0 Concurso de Vacas a Campo - 118 Expo Rural Rafaela 2025","robots":{"index":"index","follow":"follow","max-snippet":"max-snippet:-1","max-image-preview":"max-image-preview:large","max-video-preview":"max-video-preview:-1"},"canonical":"https:\/\/ruralrafaela.com.ar\/exporural2025\/2025\/08\/15\/comenzo-el-recorrido-de-tambos-en-el-8-concurso-de-vacas-a-campo\/","og_locale":"es_ES","og_type":"article","og_title":"Comenz\u00f3 el recorrido de tambos en el 8\u00b0 Concurso de Vacas a Campo - 118 Expo Rural Rafaela 2025","og_description":"Este es el octavo a\u00f1o que la Competencia de Vacas a Campo se desarrolla junto con la ExpoRural de Rafaela y la Regi\u00f3n, para confirmar que la lecher\u00eda en los tambos crece, mejora y muestra lo mejor de la raza Holando Argentino. Es durante este martes y mi\u00e9rcoles que Ariel Blatter, como responsable de Ganader\u00eda [&hellip;]","og_url":"https:\/\/ruralrafaela.com.ar\/exporural2025\/2025\/08\/15\/comenzo-el-recorrido-de-tambos-en-el-8-concurso-de-vacas-a-campo\/","og_site_name":"118 Expo Rural Rafaela 2025","article_published_time":"2025-08-15T13:21:26+00:00","article_modified_time":"2025-08-15T13:22:30+00:00","og_image":[{"width":1416,"height":850,"url":"https:\/\/ruralrafaela.com.ar\/exporural2025\/wp-content\/uploads\/sites\/24\/2025\/08\/vacasacampo.jpg","type":"image\/jpeg"}],"author":"c1970093","twitter_card":"summary_large_image","twitter_misc":{"Escrito por":"c1970093","Tiempo de lectura":"4 minutos"},"schema":{"@context":"https:\/\/schema.org","@graph":[{"@type":"Article","@id":"https:\/\/ruralrafaela.com.ar\/exporural2025\/2025\/08\/15\/comenzo-el-recorrido-de-tambos-en-el-8-concurso-de-vacas-a-campo\/#article","isPartOf":{"@id":"https:\/\/ruralrafaela.com.ar\/exporural2025\/2025\/08\/15\/comenzo-el-recorrido-de-tambos-en-el-8-concurso-de-vacas-a-campo\/"},"author":{"name":"c1970093","@id":"https:\/\/ruralrafaela.com.ar\/exporural2025\/#\/schema\/person\/b944097647cc828e58952e18b2cc493c"},"headline":"Comenz\u00f3 el recorrido de tambos en el 8\u00b0 Concurso de Vacas a Campo","datePublished":"2025-08-15T13:21:26+00:00","dateModified":"2025-08-15T13:22:30+00:00","mainEntityOfPage":{"@id":"https:\/\/ruralrafaela.com.ar\/exporural2025\/2025\/08\/15\/comenzo-el-recorrido-de-tambos-en-el-8-concurso-de-vacas-a-campo\/"},"wordCount":690,"publisher":{"@id":"https:\/\/ruralrafaela.com.ar\/exporural2025\/#organization"},"image":{"@id":"https:\/\/ruralrafaela.com.ar\/exporural2025\/2025\/08\/15\/comenzo-el-recorrido-de-tambos-en-el-8-concurso-de-vacas-a-campo\/#primaryimage"},"thumbnailUrl":"https:\/\/ruralrafaela.com.ar\/exporural2025\/wp-content\/uploads\/sites\/24\/2025\/08\/vacasacampo.jpg","inLanguage":"es"},{"@type":"WebPage","@id":"https:\/\/ruralrafaela.com.ar\/exporural2025\/2025\/08\/15\/comenzo-el-recorrido-de-tambos-en-el-8-concurso-de-vacas-a-campo\/","url":"https:\/\/ruralrafaela.com.ar\/exporural2025\/2025\/08\/15\/comenzo-el-recorrido-de-tambos-en-el-8-concurso-de-vacas-a-campo\/","name":"Comenz\u00f3 el recorrido de tambos en el 8\u00b0 Concurso de Vacas a Campo - 118 Expo Rural Rafaela 2025","isPartOf":{"@id":"https:\/\/ruralrafaela.com.ar\/exporural2025\/#website"},"primaryImageOfPage":{"@id":"https:\/\/ruralrafaela.com.ar\/exporural2025\/2025\/08\/15\/comenzo-el-recorrido-de-tambos-en-el-8-concurso-de-vacas-a-campo\/#primaryimage"},"image":{"@id":"https:\/\/ruralrafaela.com.ar\/exporural2025\/2025\/08\/15\/comenzo-el-recorrido-de-tambos-en-el-8-concurso-de-vacas-a-campo\/#primaryimage"},"thumbnailUrl":"https:\/\/ruralrafaela.com.ar\/exporural2025\/wp-content\/uploads\/sites\/24\/2025\/08\/vacasacampo.jpg","datePublished":"2025-08-15T13:21:26+00:00","dateModified":"2025-08-15T13:22:30+00:00","breadcrumb":{"@id":"https:\/\/ruralrafaela.com.ar\/exporural2025\/2025\/08\/15\/comenzo-el-recorrido-de-tambos-en-el-8-concurso-de-vacas-a-campo\/#breadcrumb"},"inLanguage":"es","potentialAction":[{"@type":"ReadAction","target":["https:\/\/ruralrafaela.com.ar\/exporural2025\/2025\/08\/15\/comenzo-el-recorrido-de-tambos-en-el-8-concurso-de-vacas-a-campo\/"]}]},{"@type":"ImageObject","inLanguage":"es","@id":"https:\/\/ruralrafaela.com.ar\/exporural2025\/2025\/08\/15\/comenzo-el-recorrido-de-tambos-en-el-8-concurso-de-vacas-a-campo\/#primaryimage","url":"https:\/\/ruralrafaela.com.ar\/exporural2025\/wp-content\/uploads\/sites\/24\/2025\/08\/vacasacampo.jpg","contentUrl":"https:\/\/ruralrafaela.com.ar\/exporural2025\/wp-content\/uploads\/sites\/24\/2025\/08\/vacasacampo.jpg","width":1416,"height":850},{"@type":"BreadcrumbList","@id":"https:\/\/ruralrafaela.com.ar\/exporural2025\/2025\/08\/15\/comenzo-el-recorrido-de-tambos-en-el-8-concurso-de-vacas-a-campo\/#breadcrumb","itemListElement":[{"@type":"ListItem","position":1,"name":"Portada","item":"https:\/\/ruralrafaela.com.ar\/exporural2025\/"},{"@type":"ListItem","position":2,"name":"Comenz\u00f3 el recorrido de tambos en el 8\u00b0 Concurso de Vacas a Campo"}]},{"@type":"WebSite","@id":"https:\/\/ruralrafaela.com.ar\/exporural2025\/#website","url":"https:\/\/ruralrafaela.com.ar\/exporural2025\/","name":"118 Expo Rural Rafaela 2025","description":"Sitio oficial de la Expo Rural Rafaela","publisher":{"@id":"https:\/\/ruralrafaela.com.ar\/exporural2025\/#organization"},"potentialAction":[{"@type":"SearchAction","target":{"@type":"EntryPoint","urlTemplate":"https:\/\/ruralrafaela.com.ar\/exporural2025\/?s={search_term_string}"},"query-input":{"@type":"PropertyValueSpecification","valueRequired":true,"valueName":"search_term_string"}}],"inLanguage":"es"},{"@type":"Organization","@id":"https:\/\/ruralrafaela.com.ar\/exporural2025\/#organization","name":"118 Expo Rural Rafaela 2025","url":"https:\/\/ruralrafaela.com.ar\/exporural2025\/","logo":{"@type":"ImageObject","inLanguage":"es","@id":"https:\/\/ruralrafaela.com.ar\/exporural2025\/#\/schema\/logo\/image\/","url":"https:\/\/ruralrafaela.com.ar\/exporural2025\/wp-content\/uploads\/sites\/24\/2025\/08\/logo_expo2025.jpg","contentUrl":"https:\/\/ruralrafaela.com.ar\/exporural2025\/wp-content\/uploads\/sites\/24\/2025\/08\/logo_expo2025.jpg","width":611,"height":368,"caption":"118 Expo Rural Rafaela 2025"},"image":{"@id":"https:\/\/ruralrafaela.com.ar\/exporural2025\/#\/schema\/logo\/image\/"}},{"@type":"Person","@id":"https:\/\/ruralrafaela.com.ar\/exporural2025\/#\/schema\/person\/b944097647cc828e58952e18b2cc493c","name":"c1970093","image":{"@type":"ImageObject","inLanguage":"es","@id":"https:\/\/secure.gravatar.com\/avatar\/45cdd73f3ef44c305e0057b84921f5c4dc0bf41c5999db82505293a43118ff3e?s=96&d=mm&r=g","url":"https:\/\/secure.gravatar.com\/avatar\/45cdd73f3ef44c305e0057b84921f5c4dc0bf41c5999db82505293a43118ff3e?s=96&d=mm&r=g","contentUrl":"https:\/\/secure.gravatar.com\/avatar\/45cdd73f3ef44c305e0057b84921f5c4dc0bf41c5999db82505293a43118ff3e?s=96&d=mm&r=g","caption":"c1970093"},"url":"https:\/\/ruralrafaela.com.ar\/exporural2025\/author\/c1970093\/"}]}},"_links":{"self":[{"href":"https:\/\/ruralrafaela.com.ar\/exporural2025\/wp-json\/wp\/v2\/posts\/6950","targetHints":{"allow":["GET"]}}],"collection":[{"href":"https:\/\/ruralrafaela.com.ar\/exporural2025\/wp-json\/wp\/v2\/posts"}],"about":[{"href":"https:\/\/ruralrafaela.com.ar\/exporural2025\/wp-json\/wp\/v2\/types\/post"}],"author":[{"embeddable":true,"href":"https:\/\/ruralrafaela.com.ar\/exporural2025\/wp-json\/wp\/v2\/users\/2"}],"replies":[{"embeddable":true,"href":"https:\/\/ruralrafaela.com.ar\/exporural2025\/wp-json\/wp\/v2\/comments?post=6950"}],"version-history":[{"count":1,"href":"https:\/\/ruralrafaela.com.ar\/exporural2025\/wp-json\/wp\/v2\/posts\/6950\/revisions"}],"predecessor-version":[{"id":6952,"href":"https:\/\/ruralrafaela.com.ar\/exporural2025\/wp-json\/wp\/v2\/posts\/6950\/revisions\/6952"}],"wp:featuredmedia":[{"embeddable":true,"href":"https:\/\/ruralrafaela.com.ar\/exporural2025\/wp-json\/wp\/v2\/media\/6948"}],"wp:attachment":[{"href":"https:\/\/ruralrafaela.com.ar\/exporural2025\/wp-json\/wp\/v2\/media?parent=6950"}],"wp:term":[{"taxonomy":"category","embeddable":true,"href":"https:\/\/ruralrafaela.com.ar\/exporural2025\/wp-json\/wp\/v2\/categories?post=6950"},{"taxonomy":"post_tag","embeddable":true,"href":"https:\/\/ruralrafaela.com.ar\/exporural2025\/wp-json\/wp\/v2\/tags?post=6950"}],"curies":[{"name":"wp","href":"https:\/\/api.w.org\/{rel}","templated":true}]}}