{"id":6946,"date":"2025-08-15T13:17:23","date_gmt":"2025-08-15T13:17:23","guid":{"rendered":"https:\/\/ruralrafaela.com.ar\/exporural2025\/?p=6946"},"modified":"2025-08-15T13:17:25","modified_gmt":"2025-08-15T13:17:25","slug":"tradicion-e-innovacion-se-reuniran-del-18-al-21-de-septiembre-en-la-118-exporural-de-rafaela-y-la-region","status":"publish","type":"post","link":"https:\/\/ruralrafaela.com.ar\/exporural2025\/2025\/08\/15\/tradicion-e-innovacion-se-reuniran-del-18-al-21-de-septiembre-en-la-118-exporural-de-rafaela-y-la-region\/","title":{"rendered":"Tradici\u00f3n e innovaci\u00f3n se reunir\u00e1n del 18 al 21 de septiembre en la 118\u00b0 ExpoRural de Rafaela y la Regi\u00f3n"},"content":{"rendered":"\n<p>Como cada a\u00f1o, el mayor encuentro agropecuario, indsutrial y comercial se dar\u00e1 del 18 al 21 de septiembre en la 118\u00b0 ExpoRural de Rafaela y la Regi\u00f3n.<\/p>\n\n\n\n<p>El evento que fue presentado este jueves en el predio de la Sociedad Rural de Rafaela, tambi\u00e9n abarcar\u00e1 la 53\u00aa Exposici\u00f3n Internacional de Ganader\u00eda, Agricultura, Industria y Comercio; el 104\u00ba Concurso de Vacas Lecheras; el 67\u00ba Concurso de Dibujo y Pintura; el 34\u00ba Remate de Gen\u00e9tica de Jerarqu\u00eda; la 24\u00b0 edici\u00f3n de las Olimp\u00edadas Agrot\u00e9cnicas; la 8\u00aa Competencia de Vacas a Campo; y cent\u00e9sima Exposici\u00f3n de Animales de Granja.<\/p>\n\n\n\n<p>El evento cuenta con el apoyo de instituciones como Confederaciones Rurales Argentinas, la Confederaci\u00f3n de Asociaciones Rurales de Santa Fe, el Ministerio de Desarrollo Productivo de la provincia de Santa Fe, la Municipalidad de Rafaela; y la escuela Idesa.<\/p>\n\n\n\n<p>IDESA, adem\u00e1s del auspicio del Gobierno de Santa Fe, Long Automotores, Alpes Automotores, Sancor Seguros, Luqstoff, Banco de Santa Fe, la Cooperativa Guillermo Lehmann, Italm\u00e9dica, Biog\u00e9nesis Bag\u00f3, Seguriraf, Diario Castellanos y Revista Nuestro Agro.<\/p>\n\n\n\n<p>Para el presidente de la SRR, Leonardo Alassia, volver a encontrarse en el predio de la avenida Brasil, es recuperar cada a\u00f1o un espacio de encuentro.<\/p>\n\n\n\n<p>\u201cLa Expo muestra todo el potencial productivo y todo lo que tiene Rafaela y la regi\u00f3n. Para nosotros es desarrollo, es empeo, educaci\u00f3n, es esa vidriera que muestra lo que el productor todos los d\u00edas lleva adelante\u201d, sumando al comercio y a la industria para reunir a toda la comunidad.<\/p>\n\n\n\n<p>Celebrando el acompa\u00f1amiento de la presidente de Carsfe, Sara Gardiol; y de Duilio Rohrman, como representantes del Ministerio de Desarrollo Productivo de Santa Fe, el intendente, Leonardo Viotti, fue quien ampli\u00f3 la invitaci\u00f3n para que todos participen en este, el evento de mayor tradici\u00f3n de la ciudad.<\/p>\n\n\n\n<p><strong>Lecher\u00eda, ganader\u00eda y granja<\/strong><\/p>\n\n\n\n<p>Guillermo Patrono, integrante de la SRR, estuvo encargado de presentar la agenda de ganader\u00eda, donde la raza Holando Argentino seguir\u00e1 siendo la estrella indiscutida.<\/p>\n\n\n\n<p>Entre el 5 y 6 de agosto se har\u00e1 el recorrido por los tambos comerciales de la zona para la jura preliminar de la 8\u00aa Competencia de Vacas a Campo, con el Jurado de ACHA, Leonardo Garc\u00eda.<\/p>\n\n\n\n<p>En el 104\u00ba Concurso de Vacas Lecheras, seguir\u00e1 con una tradici\u00f3n \u00fanica en el pa\u00eds, donde tomar\u00e1n parte ejemplares de las mejores caba\u00f1as.<\/p>\n\n\n\n<p>El s\u00e1bado 20 de septiembre, contaremos con un jurado de trayectoria internacional en nuestra tradicional pista de c\u00e9sped, ante los planteles con los mejores Holando Argentino de todo el pa\u00eds.<\/p>\n\n\n\n<p>En el primer d\u00eda de la exposic\u00f3n se har\u00e1 la segunda edici\u00f3n del Remate de Estrellas, con animales desfilando en una cena donde tambi\u00e9n se subastar\u00e1n embriones y semen, Holando y de razas de carne. Adem\u00e1s se conocer\u00e1n a los ganadores de la Competencia de Vacas a Campo, juradas por Leonardo Garc\u00eda.<\/p>\n\n\n\n<p>La 34\u00aa Expo Venta Gen\u00e9tica de Jerarqu\u00eda, tendr\u00e1 unos 300 ejemplares, bajo el martillo de La Lehmann que se har\u00e1 en el Tinglado de Remates y se transmitir\u00e1 en vivo por streaming, el viernes 19 desde las 15 horas.<\/p>\n\n\n\n<p>Una de las grandes novedades de este a\u00f1o, es recuperar la presencia de las aves, con gran gesti\u00f3n ante Senasa, luego de los a\u00f1os de restricciones por gripe aviar.<\/p>\n\n\n\n<p>Adem\u00e1s se destaca la presencia de ejemplares de bovinos de carne, ovinos, caprinos, equinos, conejos y cerdos, para su evaluaci\u00f3n, desfile y remates, complementado todo con capacitaciones, charlas y exhibiciones.<\/p>\n\n\n\n<p><strong>Actividades educativas<\/strong><\/p>\n\n\n\n<p>Por el Grupo GAMA, Yanina Brignone anticip\u00f3 la presencia de 58 establecimientos educativos de nivel inicial, primario y primario, en los dos primeros d\u00edas de la ExpoRural.<\/p>\n\n\n\n<p>El 67\u00ba Concurso de Dibujo y Pintura, seguir\u00e1 su tradici\u00f3n, para el cual ya se reciben inscripciones. En tanto, las 24\u00aa Olimp\u00edadas Agrot\u00e9cnicas, organizadas por IDESA, se desarrollar\u00e1n el mi\u00e9rcoles 17 de septiembre en nuestras instalaciones e incluir\u00e1n una visita al INTA Rafaela, para diferentes capacitaciones.<\/p>\n\n\n\n<p>La Universidad Nacional del Litoral armar\u00e1 nuevamente la granja educativa, adem\u00e1s de brindar la visita de su grupo Zoolidarios, que realiza actividades asistidas con animales destinadas a personas con discapacidad motriz, intelectual o vulnerabilidad emocional, afectiva o social.<\/p>\n\n\n\n<p><strong>Charlas<\/strong><\/p>\n\n\n\n<p>El Mg. Luis Mondino fue el encargado de detallar algunas de las charlas, donde se destacan dos eventos convocados por la Cooperativa Guillermo Lehmann, uno sobre mercados y coyuntura, adem\u00e1s de otro encuentro sobre nutrici\u00f3n animal, enfocada en producci\u00f3n mixta de granos y carne.<\/p>\n\n\n\n<p>Grosso Tractores, el s\u00e1bado por la ma\u00f1ana estar\u00e1 ofreciendo una actividad sobre las mujeres en el \u00e1mbito rural.<\/p>\n\n\n\n<p>El Banco Naci\u00f3n estar\u00e1 brindando informaci\u00f3n sobre l\u00edneas de financiamiento disponibles para todo el sector productivo.<\/p>\n\n\n\n<p>El encuentro central de capacitaci\u00f3n tendr\u00e1 como protagonista al futbolista Leo Ponzio, que contar\u00e1 su experiencia actual como productor agropecuario, enfoc\u00e1ndose en el liderazgo, sacrificio y compromiso.<br>Adem\u00e1s del acto inaugural, del domingo 21 a las 16:00 horas en la pista central, seguido por una exhibici\u00f3n de las tropillas entabladas; en la misma jornada a las 11 horas se desarrollar\u00e1 el Encuentro Ecum\u00e9nico que tendr\u00e1 como lema a \u201cLa mujer\u201d, en este 2025 en el que el Grupo Gama celebra sus 30 a\u00f1os de historia.<\/p>\n\n\n\n<p><strong>Stands y oferta comercial<\/strong><\/p>\n\n\n\n<p>Marcelo Mont\u00f3n, coordinador comercial de la ExpoRural 2025, destac\u00f3 que \u201ca dos meses de la muestra ya tenemos todos los stands vendidos\u201d, remarcando cambios en los sectores de recorrida, ampli\u00e1ndose el espacio para la maquinaria agr\u00edcola, la propuesta vuelve a ser para todos los productores, pero tambi\u00e9n para la familia de toda la regi\u00f3n.<\/p>\n\n\n\n<p>El espect\u00e1culo central del s\u00e1bado por la tarde estar\u00e1 a cargo de Uriel Lozano, adem\u00e1s de otros artistas en la pista central, en el paseo gastron\u00f3mico y un espect\u00e1culo infantil.<\/p>\n\n\n\n<p><strong>Horarios y entradas<\/strong><\/p>\n\n\n\n<p>La muestra estar\u00e1 abierta de 11 a 19 horas jueves y domingo, mientras que viernes y s\u00e1bado la muestra comercial estar\u00e1 abierta de 11 a 21 horas.<\/p>\n\n\n\n<p>Las entradas tendr\u00e1n un costo de 5.000 pesos jueves y viernes, jubilados gratis; mientras que s\u00e1bado y domingo el costo ser\u00e1 de 10.000 pesos, jubilados 5.000 y los ni\u00f1os menores de 12 a\u00f1os ingresar\u00e1n gratis, acompa\u00f1ados por un mayor, todos los dias.<\/p>\n\n\n\n<p>Toda la informaci\u00f3n de la muestra estar\u00e1 disponible en <a href=\"http:\/\/www.ruralrafaela.com.ar\">www.ruralrafaela.com.ar<\/a>.<\/p>\n","protected":false},"excerpt":{"rendered":"<p>Como cada a\u00f1o, el mayor encuentro agropecuario, indsutrial y comercial se dar\u00e1 del 18 al 21 de septiembre en la 118\u00b0 ExpoRural de Rafaela y la Regi\u00f3n. El evento que fue presentado este jueves en el predio de la Sociedad Rural de Rafaela, tambi\u00e9n abarcar\u00e1 la 53\u00aa Exposici\u00f3n Internacional de Ganader\u00eda, Agricultura, Industria y Comercio; [&hellip;]<\/p>\n","protected":false},"author":2,"featured_media":6947,"comment_status":"closed","ping_status":"open","sticky":false,"template":"","format":"standard","meta":{"ocean_post_layout":"","ocean_both_sidebars_style":"","ocean_both_sidebars_content_width":0,"ocean_both_sidebars_sidebars_width":0,"ocean_sidebar":"","ocean_second_sidebar":"","ocean_disable_margins":"enable","ocean_add_body_class":"","ocean_shortcode_before_top_bar":"","ocean_shortcode_after_top_bar":"","ocean_shortcode_before_header":"","ocean_shortcode_after_header":"","ocean_has_shortcode":"","ocean_shortcode_after_title":"","ocean_shortcode_before_footer_widgets":"","ocean_shortcode_after_footer_widgets":"","ocean_shortcode_before_footer_bottom":"","ocean_shortcode_after_footer_bottom":"","ocean_display_top_bar":"default","ocean_display_header":"default","ocean_header_style":"","ocean_center_header_left_menu":"","ocean_custom_header_template":"","ocean_custom_logo":0,"ocean_custom_retina_logo":0,"ocean_custom_logo_max_width":0,"ocean_custom_logo_tablet_max_width":0,"ocean_custom_logo_mobile_max_width":0,"ocean_custom_logo_max_height":0,"ocean_custom_logo_tablet_max_height":0,"ocean_custom_logo_mobile_max_height":0,"ocean_header_custom_menu":"","ocean_menu_typo_font_family":"","ocean_menu_typo_font_subset":"","ocean_menu_typo_font_size":0,"ocean_menu_typo_font_size_tablet":0,"ocean_menu_typo_font_size_mobile":0,"ocean_menu_typo_font_size_unit":"px","ocean_menu_typo_font_weight":"","ocean_menu_typo_font_weight_tablet":"","ocean_menu_typo_font_weight_mobile":"","ocean_menu_typo_transform":"","ocean_menu_typo_transform_tablet":"","ocean_menu_typo_transform_mobile":"","ocean_menu_typo_line_height":0,"ocean_menu_typo_line_height_tablet":0,"ocean_menu_typo_line_height_mobile":0,"ocean_menu_typo_line_height_unit":"","ocean_menu_typo_spacing":0,"ocean_menu_typo_spacing_tablet":0,"ocean_menu_typo_spacing_mobile":0,"ocean_menu_typo_spacing_unit":"","ocean_menu_link_color":"","ocean_menu_link_color_hover":"","ocean_menu_link_color_active":"","ocean_menu_link_background":"","ocean_menu_link_hover_background":"","ocean_menu_link_active_background":"","ocean_menu_social_links_bg":"","ocean_menu_social_hover_links_bg":"","ocean_menu_social_links_color":"","ocean_menu_social_hover_links_color":"","ocean_disable_title":"default","ocean_disable_heading":"default","ocean_post_title":"","ocean_post_subheading":"","ocean_post_title_style":"","ocean_post_title_background_color":"","ocean_post_title_background":0,"ocean_post_title_bg_image_position":"","ocean_post_title_bg_image_attachment":"","ocean_post_title_bg_image_repeat":"","ocean_post_title_bg_image_size":"","ocean_post_title_height":0,"ocean_post_title_bg_overlay":0.5,"ocean_post_title_bg_overlay_color":"","ocean_disable_breadcrumbs":"default","ocean_breadcrumbs_color":"","ocean_breadcrumbs_separator_color":"","ocean_breadcrumbs_links_color":"","ocean_breadcrumbs_links_hover_color":"","ocean_display_footer_widgets":"default","ocean_display_footer_bottom":"default","ocean_custom_footer_template":"","_joinchat":[],"ocean_post_oembed":"","ocean_post_self_hosted_media":"","ocean_post_video_embed":"","ocean_link_format":"","ocean_link_format_target":"self","ocean_quote_format":"","ocean_quote_format_link":"post","ocean_gallery_link_images":"on","ocean_gallery_id":[],"footnotes":""},"categories":[1],"tags":[],"class_list":["post-6946","post","type-post","status-publish","format-standard","has-post-thumbnail","hentry","category-sin-categoria","entry","has-media"],"yoast_head":"<!-- This site is optimized with the Yoast SEO plugin v27.5 - https:\/\/yoast.com\/product\/yoast-seo-wordpress\/ -->\n<title>Tradici\u00f3n e innovaci\u00f3n se reunir\u00e1n del 18 al 21 de septiembre en la 118\u00b0 ExpoRural de Rafaela y la Regi\u00f3n - 118 Expo Rural Rafaela 2025<\/title>\n<meta name=\"robots\" content=\"index, follow, max-snippet:-1, max-image-preview:large, max-video-preview:-1\" \/>\n<link rel=\"canonical\" href=\"https:\/\/ruralrafaela.com.ar\/exporural2025\/2025\/08\/15\/tradicion-e-innovacion-se-reuniran-del-18-al-21-de-septiembre-en-la-118-exporural-de-rafaela-y-la-region\/\" \/>\n<meta property=\"og:locale\" content=\"es_ES\" \/>\n<meta property=\"og:type\" content=\"article\" \/>\n<meta property=\"og:title\" content=\"Tradici\u00f3n e innovaci\u00f3n se reunir\u00e1n del 18 al 21 de septiembre en la 118\u00b0 ExpoRural de Rafaela y la Regi\u00f3n - 118 Expo Rural Rafaela 2025\" \/>\n<meta property=\"og:description\" content=\"Como cada a\u00f1o, el mayor encuentro agropecuario, indsutrial y comercial se dar\u00e1 del 18 al 21 de septiembre en la 118\u00b0 ExpoRural de Rafaela y la Regi\u00f3n. El evento que fue presentado este jueves en el predio de la Sociedad Rural de Rafaela, tambi\u00e9n abarcar\u00e1 la 53\u00aa Exposici\u00f3n Internacional de Ganader\u00eda, Agricultura, Industria y Comercio; [&hellip;]\" \/>\n<meta property=\"og:url\" content=\"https:\/\/ruralrafaela.com.ar\/exporural2025\/2025\/08\/15\/tradicion-e-innovacion-se-reuniran-del-18-al-21-de-septiembre-en-la-118-exporural-de-rafaela-y-la-region\/\" \/>\n<meta property=\"og:site_name\" content=\"118 Expo Rural Rafaela 2025\" \/>\n<meta property=\"article:published_time\" content=\"2025-08-15T13:17:23+00:00\" \/>\n<meta property=\"article:modified_time\" content=\"2025-08-15T13:17:25+00:00\" \/>\n<meta property=\"og:image\" content=\"https:\/\/ruralrafaela.com.ar\/exporural2025\/wp-content\/uploads\/sites\/24\/2025\/08\/lanzamiento.jpeg\" \/>\n\t<meta property=\"og:image:width\" content=\"1536\" \/>\n\t<meta property=\"og:image:height\" content=\"691\" \/>\n\t<meta property=\"og:image:type\" content=\"image\/jpeg\" \/>\n<meta name=\"author\" content=\"c1970093\" \/>\n<meta name=\"twitter:card\" content=\"summary_large_image\" \/>\n<meta name=\"twitter:label1\" content=\"Escrito por\" \/>\n\t<meta name=\"twitter:data1\" content=\"c1970093\" \/>\n\t<meta name=\"twitter:label2\" content=\"Tiempo de lectura\" \/>\n\t<meta name=\"twitter:data2\" content=\"5 minutos\" \/>\n<script type=\"application\/ld+json\" class=\"yoast-schema-graph\">{\"@context\":\"https:\\\/\\\/schema.org\",\"@graph\":[{\"@type\":\"Article\",\"@id\":\"https:\\\/\\\/ruralrafaela.com.ar\\\/exporural2025\\\/2025\\\/08\\\/15\\\/tradicion-e-innovacion-se-reuniran-del-18-al-21-de-septiembre-en-la-118-exporural-de-rafaela-y-la-region\\\/#article\",\"isPartOf\":{\"@id\":\"https:\\\/\\\/ruralrafaela.com.ar\\\/exporural2025\\\/2025\\\/08\\\/15\\\/tradicion-e-innovacion-se-reuniran-del-18-al-21-de-septiembre-en-la-118-exporural-de-rafaela-y-la-region\\\/\"},\"author\":{\"name\":\"c1970093\",\"@id\":\"https:\\\/\\\/ruralrafaela.com.ar\\\/exporural2025\\\/#\\\/schema\\\/person\\\/b944097647cc828e58952e18b2cc493c\"},\"headline\":\"Tradici\u00f3n e innovaci\u00f3n se reunir\u00e1n del 18 al 21 de septiembre en la 118\u00b0 ExpoRural de Rafaela y la Regi\u00f3n\",\"datePublished\":\"2025-08-15T13:17:23+00:00\",\"dateModified\":\"2025-08-15T13:17:25+00:00\",\"mainEntityOfPage\":{\"@id\":\"https:\\\/\\\/ruralrafaela.com.ar\\\/exporural2025\\\/2025\\\/08\\\/15\\\/tradicion-e-innovacion-se-reuniran-del-18-al-21-de-septiembre-en-la-118-exporural-de-rafaela-y-la-region\\\/\"},\"wordCount\":1084,\"publisher\":{\"@id\":\"https:\\\/\\\/ruralrafaela.com.ar\\\/exporural2025\\\/#organization\"},\"image\":{\"@id\":\"https:\\\/\\\/ruralrafaela.com.ar\\\/exporural2025\\\/2025\\\/08\\\/15\\\/tradicion-e-innovacion-se-reuniran-del-18-al-21-de-septiembre-en-la-118-exporural-de-rafaela-y-la-region\\\/#primaryimage\"},\"thumbnailUrl\":\"https:\\\/\\\/ruralrafaela.com.ar\\\/exporural2025\\\/wp-content\\\/uploads\\\/sites\\\/24\\\/2025\\\/08\\\/lanzamiento.jpeg\",\"inLanguage\":\"es\"},{\"@type\":\"WebPage\",\"@id\":\"https:\\\/\\\/ruralrafaela.com.ar\\\/exporural2025\\\/2025\\\/08\\\/15\\\/tradicion-e-innovacion-se-reuniran-del-18-al-21-de-septiembre-en-la-118-exporural-de-rafaela-y-la-region\\\/\",\"url\":\"https:\\\/\\\/ruralrafaela.com.ar\\\/exporural2025\\\/2025\\\/08\\\/15\\\/tradicion-e-innovacion-se-reuniran-del-18-al-21-de-septiembre-en-la-118-exporural-de-rafaela-y-la-region\\\/\",\"name\":\"Tradici\u00f3n e innovaci\u00f3n se reunir\u00e1n del 18 al 21 de septiembre en la 118\u00b0 ExpoRural de Rafaela y la Regi\u00f3n - 118 Expo Rural Rafaela 2025\",\"isPartOf\":{\"@id\":\"https:\\\/\\\/ruralrafaela.com.ar\\\/exporural2025\\\/#website\"},\"primaryImageOfPage\":{\"@id\":\"https:\\\/\\\/ruralrafaela.com.ar\\\/exporural2025\\\/2025\\\/08\\\/15\\\/tradicion-e-innovacion-se-reuniran-del-18-al-21-de-septiembre-en-la-118-exporural-de-rafaela-y-la-region\\\/#primaryimage\"},\"image\":{\"@id\":\"https:\\\/\\\/ruralrafaela.com.ar\\\/exporural2025\\\/2025\\\/08\\\/15\\\/tradicion-e-innovacion-se-reuniran-del-18-al-21-de-septiembre-en-la-118-exporural-de-rafaela-y-la-region\\\/#primaryimage\"},\"thumbnailUrl\":\"https:\\\/\\\/ruralrafaela.com.ar\\\/exporural2025\\\/wp-content\\\/uploads\\\/sites\\\/24\\\/2025\\\/08\\\/lanzamiento.jpeg\",\"datePublished\":\"2025-08-15T13:17:23+00:00\",\"dateModified\":\"2025-08-15T13:17:25+00:00\",\"breadcrumb\":{\"@id\":\"https:\\\/\\\/ruralrafaela.com.ar\\\/exporural2025\\\/2025\\\/08\\\/15\\\/tradicion-e-innovacion-se-reuniran-del-18-al-21-de-septiembre-en-la-118-exporural-de-rafaela-y-la-region\\\/#breadcrumb\"},\"inLanguage\":\"es\",\"potentialAction\":[{\"@type\":\"ReadAction\",\"target\":[\"https:\\\/\\\/ruralrafaela.com.ar\\\/exporural2025\\\/2025\\\/08\\\/15\\\/tradicion-e-innovacion-se-reuniran-del-18-al-21-de-septiembre-en-la-118-exporural-de-rafaela-y-la-region\\\/\"]}]},{\"@type\":\"ImageObject\",\"inLanguage\":\"es\",\"@id\":\"https:\\\/\\\/ruralrafaela.com.ar\\\/exporural2025\\\/2025\\\/08\\\/15\\\/tradicion-e-innovacion-se-reuniran-del-18-al-21-de-septiembre-en-la-118-exporural-de-rafaela-y-la-region\\\/#primaryimage\",\"url\":\"https:\\\/\\\/ruralrafaela.com.ar\\\/exporural2025\\\/wp-content\\\/uploads\\\/sites\\\/24\\\/2025\\\/08\\\/lanzamiento.jpeg\",\"contentUrl\":\"https:\\\/\\\/ruralrafaela.com.ar\\\/exporural2025\\\/wp-content\\\/uploads\\\/sites\\\/24\\\/2025\\\/08\\\/lanzamiento.jpeg\",\"width\":1536,\"height\":691},{\"@type\":\"BreadcrumbList\",\"@id\":\"https:\\\/\\\/ruralrafaela.com.ar\\\/exporural2025\\\/2025\\\/08\\\/15\\\/tradicion-e-innovacion-se-reuniran-del-18-al-21-de-septiembre-en-la-118-exporural-de-rafaela-y-la-region\\\/#breadcrumb\",\"itemListElement\":[{\"@type\":\"ListItem\",\"position\":1,\"name\":\"Portada\",\"item\":\"https:\\\/\\\/ruralrafaela.com.ar\\\/exporural2025\\\/\"},{\"@type\":\"ListItem\",\"position\":2,\"name\":\"Tradici\u00f3n e innovaci\u00f3n se reunir\u00e1n del 18 al 21 de septiembre en la 118\u00b0 ExpoRural de Rafaela y la Regi\u00f3n\"}]},{\"@type\":\"WebSite\",\"@id\":\"https:\\\/\\\/ruralrafaela.com.ar\\\/exporural2025\\\/#website\",\"url\":\"https:\\\/\\\/ruralrafaela.com.ar\\\/exporural2025\\\/\",\"name\":\"118 Expo Rural Rafaela 2025\",\"description\":\"Sitio oficial de la Expo Rural Rafaela\",\"publisher\":{\"@id\":\"https:\\\/\\\/ruralrafaela.com.ar\\\/exporural2025\\\/#organization\"},\"potentialAction\":[{\"@type\":\"SearchAction\",\"target\":{\"@type\":\"EntryPoint\",\"urlTemplate\":\"https:\\\/\\\/ruralrafaela.com.ar\\\/exporural2025\\\/?s={search_term_string}\"},\"query-input\":{\"@type\":\"PropertyValueSpecification\",\"valueRequired\":true,\"valueName\":\"search_term_string\"}}],\"inLanguage\":\"es\"},{\"@type\":\"Organization\",\"@id\":\"https:\\\/\\\/ruralrafaela.com.ar\\\/exporural2025\\\/#organization\",\"name\":\"118 Expo Rural Rafaela 2025\",\"url\":\"https:\\\/\\\/ruralrafaela.com.ar\\\/exporural2025\\\/\",\"logo\":{\"@type\":\"ImageObject\",\"inLanguage\":\"es\",\"@id\":\"https:\\\/\\\/ruralrafaela.com.ar\\\/exporural2025\\\/#\\\/schema\\\/logo\\\/image\\\/\",\"url\":\"https:\\\/\\\/ruralrafaela.com.ar\\\/exporural2025\\\/wp-content\\\/uploads\\\/sites\\\/24\\\/2025\\\/08\\\/logo_expo2025.jpg\",\"contentUrl\":\"https:\\\/\\\/ruralrafaela.com.ar\\\/exporural2025\\\/wp-content\\\/uploads\\\/sites\\\/24\\\/2025\\\/08\\\/logo_expo2025.jpg\",\"width\":611,\"height\":368,\"caption\":\"118 Expo Rural Rafaela 2025\"},\"image\":{\"@id\":\"https:\\\/\\\/ruralrafaela.com.ar\\\/exporural2025\\\/#\\\/schema\\\/logo\\\/image\\\/\"}},{\"@type\":\"Person\",\"@id\":\"https:\\\/\\\/ruralrafaela.com.ar\\\/exporural2025\\\/#\\\/schema\\\/person\\\/b944097647cc828e58952e18b2cc493c\",\"name\":\"c1970093\",\"image\":{\"@type\":\"ImageObject\",\"inLanguage\":\"es\",\"@id\":\"https:\\\/\\\/secure.gravatar.com\\\/avatar\\\/45cdd73f3ef44c305e0057b84921f5c4dc0bf41c5999db82505293a43118ff3e?s=96&d=mm&r=g\",\"url\":\"https:\\\/\\\/secure.gravatar.com\\\/avatar\\\/45cdd73f3ef44c305e0057b84921f5c4dc0bf41c5999db82505293a43118ff3e?s=96&d=mm&r=g\",\"contentUrl\":\"https:\\\/\\\/secure.gravatar.com\\\/avatar\\\/45cdd73f3ef44c305e0057b84921f5c4dc0bf41c5999db82505293a43118ff3e?s=96&d=mm&r=g\",\"caption\":\"c1970093\"},\"url\":\"https:\\\/\\\/ruralrafaela.com.ar\\\/exporural2025\\\/author\\\/c1970093\\\/\"}]}<\/script>\n<!-- \/ Yoast SEO plugin. -->","yoast_head_json":{"title":"Tradici\u00f3n e innovaci\u00f3n se reunir\u00e1n del 18 al 21 de septiembre en la 118\u00b0 ExpoRural de Rafaela y la Regi\u00f3n - 118 Expo Rural Rafaela 2025","robots":{"index":"index","follow":"follow","max-snippet":"max-snippet:-1","max-image-preview":"max-image-preview:large","max-video-preview":"max-video-preview:-1"},"canonical":"https:\/\/ruralrafaela.com.ar\/exporural2025\/2025\/08\/15\/tradicion-e-innovacion-se-reuniran-del-18-al-21-de-septiembre-en-la-118-exporural-de-rafaela-y-la-region\/","og_locale":"es_ES","og_type":"article","og_title":"Tradici\u00f3n e innovaci\u00f3n se reunir\u00e1n del 18 al 21 de septiembre en la 118\u00b0 ExpoRural de Rafaela y la Regi\u00f3n - 118 Expo Rural Rafaela 2025","og_description":"Como cada a\u00f1o, el mayor encuentro agropecuario, indsutrial y comercial se dar\u00e1 del 18 al 21 de septiembre en la 118\u00b0 ExpoRural de Rafaela y la Regi\u00f3n. El evento que fue presentado este jueves en el predio de la Sociedad Rural de Rafaela, tambi\u00e9n abarcar\u00e1 la 53\u00aa Exposici\u00f3n Internacional de Ganader\u00eda, Agricultura, Industria y Comercio; [&hellip;]","og_url":"https:\/\/ruralrafaela.com.ar\/exporural2025\/2025\/08\/15\/tradicion-e-innovacion-se-reuniran-del-18-al-21-de-septiembre-en-la-118-exporural-de-rafaela-y-la-region\/","og_site_name":"118 Expo Rural Rafaela 2025","article_published_time":"2025-08-15T13:17:23+00:00","article_modified_time":"2025-08-15T13:17:25+00:00","og_image":[{"width":1536,"height":691,"url":"https:\/\/ruralrafaela.com.ar\/exporural2025\/wp-content\/uploads\/sites\/24\/2025\/08\/lanzamiento.jpeg","type":"image\/jpeg"}],"author":"c1970093","twitter_card":"summary_large_image","twitter_misc":{"Escrito por":"c1970093","Tiempo de lectura":"5 minutos"},"schema":{"@context":"https:\/\/schema.org","@graph":[{"@type":"Article","@id":"https:\/\/ruralrafaela.com.ar\/exporural2025\/2025\/08\/15\/tradicion-e-innovacion-se-reuniran-del-18-al-21-de-septiembre-en-la-118-exporural-de-rafaela-y-la-region\/#article","isPartOf":{"@id":"https:\/\/ruralrafaela.com.ar\/exporural2025\/2025\/08\/15\/tradicion-e-innovacion-se-reuniran-del-18-al-21-de-septiembre-en-la-118-exporural-de-rafaela-y-la-region\/"},"author":{"name":"c1970093","@id":"https:\/\/ruralrafaela.com.ar\/exporural2025\/#\/schema\/person\/b944097647cc828e58952e18b2cc493c"},"headline":"Tradici\u00f3n e innovaci\u00f3n se reunir\u00e1n del 18 al 21 de septiembre en la 118\u00b0 ExpoRural de Rafaela y la Regi\u00f3n","datePublished":"2025-08-15T13:17:23+00:00","dateModified":"2025-08-15T13:17:25+00:00","mainEntityOfPage":{"@id":"https:\/\/ruralrafaela.com.ar\/exporural2025\/2025\/08\/15\/tradicion-e-innovacion-se-reuniran-del-18-al-21-de-septiembre-en-la-118-exporural-de-rafaela-y-la-region\/"},"wordCount":1084,"publisher":{"@id":"https:\/\/ruralrafaela.com.ar\/exporural2025\/#organization"},"image":{"@id":"https:\/\/ruralrafaela.com.ar\/exporural2025\/2025\/08\/15\/tradicion-e-innovacion-se-reuniran-del-18-al-21-de-septiembre-en-la-118-exporural-de-rafaela-y-la-region\/#primaryimage"},"thumbnailUrl":"https:\/\/ruralrafaela.com.ar\/exporural2025\/wp-content\/uploads\/sites\/24\/2025\/08\/lanzamiento.jpeg","inLanguage":"es"},{"@type":"WebPage","@id":"https:\/\/ruralrafaela.com.ar\/exporural2025\/2025\/08\/15\/tradicion-e-innovacion-se-reuniran-del-18-al-21-de-septiembre-en-la-118-exporural-de-rafaela-y-la-region\/","url":"https:\/\/ruralrafaela.com.ar\/exporural2025\/2025\/08\/15\/tradicion-e-innovacion-se-reuniran-del-18-al-21-de-septiembre-en-la-118-exporural-de-rafaela-y-la-region\/","name":"Tradici\u00f3n e innovaci\u00f3n se reunir\u00e1n del 18 al 21 de septiembre en la 118\u00b0 ExpoRural de Rafaela y la Regi\u00f3n - 118 Expo Rural Rafaela 2025","isPartOf":{"@id":"https:\/\/ruralrafaela.com.ar\/exporural2025\/#website"},"primaryImageOfPage":{"@id":"https:\/\/ruralrafaela.com.ar\/exporural2025\/2025\/08\/15\/tradicion-e-innovacion-se-reuniran-del-18-al-21-de-septiembre-en-la-118-exporural-de-rafaela-y-la-region\/#primaryimage"},"image":{"@id":"https:\/\/ruralrafaela.com.ar\/exporural2025\/2025\/08\/15\/tradicion-e-innovacion-se-reuniran-del-18-al-21-de-septiembre-en-la-118-exporural-de-rafaela-y-la-region\/#primaryimage"},"thumbnailUrl":"https:\/\/ruralrafaela.com.ar\/exporural2025\/wp-content\/uploads\/sites\/24\/2025\/08\/lanzamiento.jpeg","datePublished":"2025-08-15T13:17:23+00:00","dateModified":"2025-08-15T13:17:25+00:00","breadcrumb":{"@id":"https:\/\/ruralrafaela.com.ar\/exporural2025\/2025\/08\/15\/tradicion-e-innovacion-se-reuniran-del-18-al-21-de-septiembre-en-la-118-exporural-de-rafaela-y-la-region\/#breadcrumb"},"inLanguage":"es","potentialAction":[{"@type":"ReadAction","target":["https:\/\/ruralrafaela.com.ar\/exporural2025\/2025\/08\/15\/tradicion-e-innovacion-se-reuniran-del-18-al-21-de-septiembre-en-la-118-exporural-de-rafaela-y-la-region\/"]}]},{"@type":"ImageObject","inLanguage":"es","@id":"https:\/\/ruralrafaela.com.ar\/exporural2025\/2025\/08\/15\/tradicion-e-innovacion-se-reuniran-del-18-al-21-de-septiembre-en-la-118-exporural-de-rafaela-y-la-region\/#primaryimage","url":"https:\/\/ruralrafaela.com.ar\/exporural2025\/wp-content\/uploads\/sites\/24\/2025\/08\/lanzamiento.jpeg","contentUrl":"https:\/\/ruralrafaela.com.ar\/exporural2025\/wp-content\/uploads\/sites\/24\/2025\/08\/lanzamiento.jpeg","width":1536,"height":691},{"@type":"BreadcrumbList","@id":"https:\/\/ruralrafaela.com.ar\/exporural2025\/2025\/08\/15\/tradicion-e-innovacion-se-reuniran-del-18-al-21-de-septiembre-en-la-118-exporural-de-rafaela-y-la-region\/#breadcrumb","itemListElement":[{"@type":"ListItem","position":1,"name":"Portada","item":"https:\/\/ruralrafaela.com.ar\/exporural2025\/"},{"@type":"ListItem","position":2,"name":"Tradici\u00f3n e innovaci\u00f3n se reunir\u00e1n del 18 al 21 de septiembre en la 118\u00b0 ExpoRural de Rafaela y la Regi\u00f3n"}]},{"@type":"WebSite","@id":"https:\/\/ruralrafaela.com.ar\/exporural2025\/#website","url":"https:\/\/ruralrafaela.com.ar\/exporural2025\/","name":"118 Expo Rural Rafaela 2025","description":"Sitio oficial de la Expo Rural Rafaela","publisher":{"@id":"https:\/\/ruralrafaela.com.ar\/exporural2025\/#organization"},"potentialAction":[{"@type":"SearchAction","target":{"@type":"EntryPoint","urlTemplate":"https:\/\/ruralrafaela.com.ar\/exporural2025\/?s={search_term_string}"},"query-input":{"@type":"PropertyValueSpecification","valueRequired":true,"valueName":"search_term_string"}}],"inLanguage":"es"},{"@type":"Organization","@id":"https:\/\/ruralrafaela.com.ar\/exporural2025\/#organization","name":"118 Expo Rural Rafaela 2025","url":"https:\/\/ruralrafaela.com.ar\/exporural2025\/","logo":{"@type":"ImageObject","inLanguage":"es","@id":"https:\/\/ruralrafaela.com.ar\/exporural2025\/#\/schema\/logo\/image\/","url":"https:\/\/ruralrafaela.com.ar\/exporural2025\/wp-content\/uploads\/sites\/24\/2025\/08\/logo_expo2025.jpg","contentUrl":"https:\/\/ruralrafaela.com.ar\/exporural2025\/wp-content\/uploads\/sites\/24\/2025\/08\/logo_expo2025.jpg","width":611,"height":368,"caption":"118 Expo Rural Rafaela 2025"},"image":{"@id":"https:\/\/ruralrafaela.com.ar\/exporural2025\/#\/schema\/logo\/image\/"}},{"@type":"Person","@id":"https:\/\/ruralrafaela.com.ar\/exporural2025\/#\/schema\/person\/b944097647cc828e58952e18b2cc493c","name":"c1970093","image":{"@type":"ImageObject","inLanguage":"es","@id":"https:\/\/secure.gravatar.com\/avatar\/45cdd73f3ef44c305e0057b84921f5c4dc0bf41c5999db82505293a43118ff3e?s=96&d=mm&r=g","url":"https:\/\/secure.gravatar.com\/avatar\/45cdd73f3ef44c305e0057b84921f5c4dc0bf41c5999db82505293a43118ff3e?s=96&d=mm&r=g","contentUrl":"https:\/\/secure.gravatar.com\/avatar\/45cdd73f3ef44c305e0057b84921f5c4dc0bf41c5999db82505293a43118ff3e?s=96&d=mm&r=g","caption":"c1970093"},"url":"https:\/\/ruralrafaela.com.ar\/exporural2025\/author\/c1970093\/"}]}},"_links":{"self":[{"href":"https:\/\/ruralrafaela.com.ar\/exporural2025\/wp-json\/wp\/v2\/posts\/6946","targetHints":{"allow":["GET"]}}],"collection":[{"href":"https:\/\/ruralrafaela.com.ar\/exporural2025\/wp-json\/wp\/v2\/posts"}],"about":[{"href":"https:\/\/ruralrafaela.com.ar\/exporural2025\/wp-json\/wp\/v2\/types\/post"}],"author":[{"embeddable":true,"href":"https:\/\/ruralrafaela.com.ar\/exporural2025\/wp-json\/wp\/v2\/users\/2"}],"replies":[{"embeddable":true,"href":"https:\/\/ruralrafaela.com.ar\/exporural2025\/wp-json\/wp\/v2\/comments?post=6946"}],"version-history":[{"count":1,"href":"https:\/\/ruralrafaela.com.ar\/exporural2025\/wp-json\/wp\/v2\/posts\/6946\/revisions"}],"predecessor-version":[{"id":6949,"href":"https:\/\/ruralrafaela.com.ar\/exporural2025\/wp-json\/wp\/v2\/posts\/6946\/revisions\/6949"}],"wp:featuredmedia":[{"embeddable":true,"href":"https:\/\/ruralrafaela.com.ar\/exporural2025\/wp-json\/wp\/v2\/media\/6947"}],"wp:attachment":[{"href":"https:\/\/ruralrafaela.com.ar\/exporural2025\/wp-json\/wp\/v2\/media?parent=6946"}],"wp:term":[{"taxonomy":"category","embeddable":true,"href":"https:\/\/ruralrafaela.com.ar\/exporural2025\/wp-json\/wp\/v2\/categories?post=6946"},{"taxonomy":"post_tag","embeddable":true,"href":"https:\/\/ruralrafaela.com.ar\/exporural2025\/wp-json\/wp\/v2\/tags?post=6946"}],"curies":[{"name":"wp","href":"https:\/\/api.w.org\/{rel}","templated":true}]}}