{"id":6629,"date":"2023-09-25T01:05:51","date_gmt":"2023-09-25T01:05:51","guid":{"rendered":"https:\/\/ruralrafaela.com.ar\/exporural2023\/?p=6629"},"modified":"2023-09-25T01:05:51","modified_gmt":"2023-09-25T01:05:51","slug":"gracias-a-todos-los-que-hicieron-y-pasaron-por-la-116-exporural-de-rafaela","status":"publish","type":"post","link":"https:\/\/ruralrafaela.com.ar\/exporural2023\/2023\/09\/25\/gracias-a-todos-los-que-hicieron-y-pasaron-por-la-116-exporural-de-rafaela\/","title":{"rendered":"Gracias a todos los que hicieron y pasaron por la 116\u00b0 ExpoRural de Rafaela"},"content":{"rendered":"\n<p>El domingo fue un d\u00eda especial, no s\u00f3lo por los cambios de la temperatura, sino por las emociones de terminar una exposici\u00f3n m\u00e1s con miles de personas que trabjaron y disfrutaron de uno de los eventos m\u00e1s tradicionales de Rafaela.<\/p>\n\n\n\n<p>En un a\u00f1o tan complejo como este, para el pa\u00eds, pero sobre todo para el campo que le hace frente a la sequ\u00eda y sus circunstancias, una vez m\u00e1s el sector se instal\u00f3 en la ciudad de Rafaela, en el predio ferial de una Rural hist\u00f3rica, que le abre la puerta al comercio, a la industria, a la comunidad, a las instituciones de la regi\u00f3n, para reforzar la idea de trabajo conjunto, de interacci\u00f3n, renovando objetivos, ideas y el trayecto hacia ellas.<\/p>\n\n\n\n<p>Fueron cuatro d\u00edas de visitas, charlas, capacitaciones, encuentros, premios, emociones, negocios, espect\u00e1culos, pero sobre todo, de cumplir con una cita que hace 116 a\u00f1os ininterrumpidos se denomina ExpoRural de Rafaela y la Regi\u00f3n.<\/p>\n\n\n\n<p>La tarde del domingo estuvo marcada por dos importantes eventos.<\/p>\n\n\n\n<p>El remate de la Cooperativa Guillermo Lehmann colm\u00f3 los corrales con 300 ejemplares Holando Argentino que se pusieron a la venta en el ring y nueva estructura para estas actividades.<\/p>\n\n\n\n<p>Los toros se vendieron con un m\u00e1ximo de 1.700.000 pesos y un promedio de 1.300.000. Las vaquillonas tocaron el m\u00e1ximo de un mill\u00f3n de pesos y el promedio se ubic\u00f3 en 680 mil pesos, mientras que las vaquillonas para entorar se vendieron a 390.000 pesos en promedio y un tope de 420 mil.<\/p>\n\n\n\n<p>Finalmente las terneras con poca oscilaci\u00f3n, con promedio de 250 mil pesos y m\u00e1ximo de 260 mil pesos.<\/p>\n\n\n\n<p>Los productores encontraron no s\u00f3lo la exhibici\u00f3n de los mejores animales y ejemplares en pista durante la jura del s\u00e1bado, en la subasta de semen del s\u00e1bado a la noche, sino tambi\u00e9n los animales en pie de este \u00faltimo d\u00eda de la muestra, con una estructura adecuada para la actividad.<\/p>\n\n\n\n<p>En tanto, con una tribuna colmada y en la empalizada de la pista completa con un p\u00fablico que disfrut\u00f3 de la destreza de caballos y jockeys, se realiz\u00f3 el Concurso de Saltos H\u00edpicos.<\/p>\n\n\n\n<p>Un espect\u00e1culo que volvi\u00f3 a la verde pista de la Sociedad Rural de Rafaela encant\u00f3 a todos los presentes, al igual que un rato antes hab\u00eda sido \u201cChiquit\u00edn\u201d, el que hizo bailar a los ni\u00f1os que cubrieron la exposici\u00f3n y disfrutaron de una propuesta tambi\u00e9n pensada para ellos.<\/p>\n\n\n\n<p>Stands del sector comercial, el paseo gastron\u00f3mico, los prestadores de servicios para el campo, todos transitaron estas cuatro jornadas mirando de otra manera a una realidad que no es sencilla pero en la que se demuestra que el esp\u00edritu de los pioneros, de aquellos que formaron a la entidad, est\u00e1 intacto, trabajar y progresar con una mirada integrada, conjunta y abarcativa.<\/p>\n\n\n\n<p>Cientos de personas se desempe\u00f1aron en estos d\u00edas en los diferentes sectores de un predio que lentamente empezar\u00e1 a desarmar la que fue una ExpoRural especial.<\/p>\n\n\n\n<p>Para todos la tarea est\u00e1 cumplida y no queda m\u00e1s que decir muchas gracias por habernos visitado, los esperamos el a\u00f1o pr\u00f3ximo.<\/p>\n","protected":false},"excerpt":{"rendered":"<p>El domingo fue un d\u00eda especial, no s\u00f3lo por los cambios de la temperatura, sino por las emociones de terminar una exposici\u00f3n m\u00e1s con miles de personas que trabjaron y disfrutaron de uno de los eventos m\u00e1s tradicionales de Rafaela. En un a\u00f1o tan complejo como este, para el pa\u00eds, pero sobre todo para el [&hellip;]<\/p>\n","protected":false},"author":2,"featured_media":6630,"comment_status":"closed","ping_status":"open","sticky":false,"template":"","format":"standard","meta":{"ocean_post_layout":"","ocean_both_sidebars_style":"","ocean_both_sidebars_content_width":0,"ocean_both_sidebars_sidebars_width":0,"ocean_sidebar":"","ocean_second_sidebar":"","ocean_disable_margins":"enable","ocean_add_body_class":"","ocean_shortcode_before_top_bar":"","ocean_shortcode_after_top_bar":"","ocean_shortcode_before_header":"","ocean_shortcode_after_header":"","ocean_has_shortcode":"","ocean_shortcode_after_title":"","ocean_shortcode_before_footer_widgets":"","ocean_shortcode_after_footer_widgets":"","ocean_shortcode_before_footer_bottom":"","ocean_shortcode_after_footer_bottom":"","ocean_display_top_bar":"default","ocean_display_header":"default","ocean_header_style":"","ocean_center_header_left_menu":"","ocean_custom_header_template":"","ocean_custom_logo":0,"ocean_custom_retina_logo":0,"ocean_custom_logo_max_width":0,"ocean_custom_logo_tablet_max_width":0,"ocean_custom_logo_mobile_max_width":0,"ocean_custom_logo_max_height":0,"ocean_custom_logo_tablet_max_height":0,"ocean_custom_logo_mobile_max_height":0,"ocean_header_custom_menu":"","ocean_menu_typo_font_family":"","ocean_menu_typo_font_subset":"","ocean_menu_typo_font_size":0,"ocean_menu_typo_font_size_tablet":0,"ocean_menu_typo_font_size_mobile":0,"ocean_menu_typo_font_size_unit":"px","ocean_menu_typo_font_weight":"","ocean_menu_typo_font_weight_tablet":"","ocean_menu_typo_font_weight_mobile":"","ocean_menu_typo_transform":"","ocean_menu_typo_transform_tablet":"","ocean_menu_typo_transform_mobile":"","ocean_menu_typo_line_height":0,"ocean_menu_typo_line_height_tablet":0,"ocean_menu_typo_line_height_mobile":0,"ocean_menu_typo_line_height_unit":"","ocean_menu_typo_spacing":0,"ocean_menu_typo_spacing_tablet":0,"ocean_menu_typo_spacing_mobile":0,"ocean_menu_typo_spacing_unit":"","ocean_menu_link_color":"","ocean_menu_link_color_hover":"","ocean_menu_link_color_active":"","ocean_menu_link_background":"","ocean_menu_link_hover_background":"","ocean_menu_link_active_background":"","ocean_menu_social_links_bg":"","ocean_menu_social_hover_links_bg":"","ocean_menu_social_links_color":"","ocean_menu_social_hover_links_color":"","ocean_disable_title":"default","ocean_disable_heading":"default","ocean_post_title":"","ocean_post_subheading":"","ocean_post_title_style":"","ocean_post_title_background_color":"","ocean_post_title_background":0,"ocean_post_title_bg_image_position":"","ocean_post_title_bg_image_attachment":"","ocean_post_title_bg_image_repeat":"","ocean_post_title_bg_image_size":"","ocean_post_title_height":0,"ocean_post_title_bg_overlay":0.5,"ocean_post_title_bg_overlay_color":"","ocean_disable_breadcrumbs":"default","ocean_breadcrumbs_color":"","ocean_breadcrumbs_separator_color":"","ocean_breadcrumbs_links_color":"","ocean_breadcrumbs_links_hover_color":"","ocean_display_footer_widgets":"default","ocean_display_footer_bottom":"default","ocean_custom_footer_template":"","_joinchat":[],"ocean_post_oembed":"","ocean_post_self_hosted_media":"","ocean_post_video_embed":"","ocean_link_format":"","ocean_link_format_target":"self","ocean_quote_format":"","ocean_quote_format_link":"post","ocean_gallery_link_images":"on","ocean_gallery_id":[],"footnotes":""},"categories":[43],"tags":[],"class_list":["post-6629","post","type-post","status-publish","format-standard","has-post-thumbnail","hentry","category-expo-rural-2023","entry","has-media"],"yoast_head":"<!-- This site is optimized with the Yoast SEO plugin v27.5 - https:\/\/yoast.com\/product\/yoast-seo-wordpress\/ -->\n<title>Gracias a todos los que hicieron y pasaron por la 116\u00b0 ExpoRural de Rafaela - 116 Expo Rural Rafaela 2023<\/title>\n<meta name=\"robots\" content=\"index, follow, max-snippet:-1, max-image-preview:large, max-video-preview:-1\" \/>\n<link rel=\"canonical\" href=\"https:\/\/ruralrafaela.com.ar\/exporural2023\/2023\/09\/25\/gracias-a-todos-los-que-hicieron-y-pasaron-por-la-116-exporural-de-rafaela\/\" \/>\n<meta property=\"og:locale\" content=\"es_ES\" \/>\n<meta property=\"og:type\" content=\"article\" \/>\n<meta property=\"og:title\" content=\"Gracias a todos los que hicieron y pasaron por la 116\u00b0 ExpoRural de Rafaela - 116 Expo Rural Rafaela 2023\" \/>\n<meta property=\"og:description\" content=\"El domingo fue un d\u00eda especial, no s\u00f3lo por los cambios de la temperatura, sino por las emociones de terminar una exposici\u00f3n m\u00e1s con miles de personas que trabjaron y disfrutaron de uno de los eventos m\u00e1s tradicionales de Rafaela. En un a\u00f1o tan complejo como este, para el pa\u00eds, pero sobre todo para el [&hellip;]\" \/>\n<meta property=\"og:url\" content=\"https:\/\/ruralrafaela.com.ar\/exporural2023\/2023\/09\/25\/gracias-a-todos-los-que-hicieron-y-pasaron-por-la-116-exporural-de-rafaela\/\" \/>\n<meta property=\"og:site_name\" content=\"116 Expo Rural Rafaela 2023\" \/>\n<meta property=\"article:published_time\" content=\"2023-09-25T01:05:51+00:00\" \/>\n<meta property=\"og:image\" content=\"https:\/\/ruralrafaela.com.ar\/exporural2023\/wp-content\/uploads\/sites\/21\/2023\/09\/Imagen-de-WhatsApp-2023-09-24-a-las-21.54.30.jpg\" \/>\n\t<meta property=\"og:image:width\" content=\"1947\" \/>\n\t<meta property=\"og:image:height\" content=\"635\" \/>\n\t<meta property=\"og:image:type\" content=\"image\/jpeg\" \/>\n<meta name=\"author\" content=\"c1970093\" \/>\n<meta name=\"twitter:card\" content=\"summary_large_image\" \/>\n<meta name=\"twitter:label1\" content=\"Escrito por\" \/>\n\t<meta name=\"twitter:data1\" content=\"c1970093\" \/>\n\t<meta name=\"twitter:label2\" content=\"Tiempo de lectura\" \/>\n\t<meta name=\"twitter:data2\" content=\"3 minutos\" \/>\n<script type=\"application\/ld+json\" class=\"yoast-schema-graph\">{\"@context\":\"https:\\\/\\\/schema.org\",\"@graph\":[{\"@type\":\"Article\",\"@id\":\"https:\\\/\\\/ruralrafaela.com.ar\\\/exporural2023\\\/2023\\\/09\\\/25\\\/gracias-a-todos-los-que-hicieron-y-pasaron-por-la-116-exporural-de-rafaela\\\/#article\",\"isPartOf\":{\"@id\":\"https:\\\/\\\/ruralrafaela.com.ar\\\/exporural2023\\\/2023\\\/09\\\/25\\\/gracias-a-todos-los-que-hicieron-y-pasaron-por-la-116-exporural-de-rafaela\\\/\"},\"author\":{\"name\":\"c1970093\",\"@id\":\"https:\\\/\\\/ruralrafaela.com.ar\\\/exporural2023\\\/#\\\/schema\\\/person\\\/b944097647cc828e58952e18b2cc493c\"},\"headline\":\"Gracias a todos los que hicieron y pasaron por la 116\u00b0 ExpoRural de Rafaela\",\"datePublished\":\"2023-09-25T01:05:51+00:00\",\"mainEntityOfPage\":{\"@id\":\"https:\\\/\\\/ruralrafaela.com.ar\\\/exporural2023\\\/2023\\\/09\\\/25\\\/gracias-a-todos-los-que-hicieron-y-pasaron-por-la-116-exporural-de-rafaela\\\/\"},\"wordCount\":552,\"publisher\":{\"@id\":\"https:\\\/\\\/ruralrafaela.com.ar\\\/exporural2023\\\/#organization\"},\"image\":{\"@id\":\"https:\\\/\\\/ruralrafaela.com.ar\\\/exporural2023\\\/2023\\\/09\\\/25\\\/gracias-a-todos-los-que-hicieron-y-pasaron-por-la-116-exporural-de-rafaela\\\/#primaryimage\"},\"thumbnailUrl\":\"https:\\\/\\\/ruralrafaela.com.ar\\\/exporural2023\\\/wp-content\\\/uploads\\\/sites\\\/21\\\/2023\\\/09\\\/Imagen-de-WhatsApp-2023-09-24-a-las-21.54.30.jpg\",\"articleSection\":[\"Expo Rural 2023\"],\"inLanguage\":\"es\"},{\"@type\":\"WebPage\",\"@id\":\"https:\\\/\\\/ruralrafaela.com.ar\\\/exporural2023\\\/2023\\\/09\\\/25\\\/gracias-a-todos-los-que-hicieron-y-pasaron-por-la-116-exporural-de-rafaela\\\/\",\"url\":\"https:\\\/\\\/ruralrafaela.com.ar\\\/exporural2023\\\/2023\\\/09\\\/25\\\/gracias-a-todos-los-que-hicieron-y-pasaron-por-la-116-exporural-de-rafaela\\\/\",\"name\":\"Gracias a todos los que hicieron y pasaron por la 116\u00b0 ExpoRural de Rafaela - 116 Expo Rural Rafaela 2023\",\"isPartOf\":{\"@id\":\"https:\\\/\\\/ruralrafaela.com.ar\\\/exporural2023\\\/#website\"},\"primaryImageOfPage\":{\"@id\":\"https:\\\/\\\/ruralrafaela.com.ar\\\/exporural2023\\\/2023\\\/09\\\/25\\\/gracias-a-todos-los-que-hicieron-y-pasaron-por-la-116-exporural-de-rafaela\\\/#primaryimage\"},\"image\":{\"@id\":\"https:\\\/\\\/ruralrafaela.com.ar\\\/exporural2023\\\/2023\\\/09\\\/25\\\/gracias-a-todos-los-que-hicieron-y-pasaron-por-la-116-exporural-de-rafaela\\\/#primaryimage\"},\"thumbnailUrl\":\"https:\\\/\\\/ruralrafaela.com.ar\\\/exporural2023\\\/wp-content\\\/uploads\\\/sites\\\/21\\\/2023\\\/09\\\/Imagen-de-WhatsApp-2023-09-24-a-las-21.54.30.jpg\",\"datePublished\":\"2023-09-25T01:05:51+00:00\",\"breadcrumb\":{\"@id\":\"https:\\\/\\\/ruralrafaela.com.ar\\\/exporural2023\\\/2023\\\/09\\\/25\\\/gracias-a-todos-los-que-hicieron-y-pasaron-por-la-116-exporural-de-rafaela\\\/#breadcrumb\"},\"inLanguage\":\"es\",\"potentialAction\":[{\"@type\":\"ReadAction\",\"target\":[\"https:\\\/\\\/ruralrafaela.com.ar\\\/exporural2023\\\/2023\\\/09\\\/25\\\/gracias-a-todos-los-que-hicieron-y-pasaron-por-la-116-exporural-de-rafaela\\\/\"]}]},{\"@type\":\"ImageObject\",\"inLanguage\":\"es\",\"@id\":\"https:\\\/\\\/ruralrafaela.com.ar\\\/exporural2023\\\/2023\\\/09\\\/25\\\/gracias-a-todos-los-que-hicieron-y-pasaron-por-la-116-exporural-de-rafaela\\\/#primaryimage\",\"url\":\"https:\\\/\\\/ruralrafaela.com.ar\\\/exporural2023\\\/wp-content\\\/uploads\\\/sites\\\/21\\\/2023\\\/09\\\/Imagen-de-WhatsApp-2023-09-24-a-las-21.54.30.jpg\",\"contentUrl\":\"https:\\\/\\\/ruralrafaela.com.ar\\\/exporural2023\\\/wp-content\\\/uploads\\\/sites\\\/21\\\/2023\\\/09\\\/Imagen-de-WhatsApp-2023-09-24-a-las-21.54.30.jpg\",\"width\":\"1947\",\"height\":\"635\"},{\"@type\":\"BreadcrumbList\",\"@id\":\"https:\\\/\\\/ruralrafaela.com.ar\\\/exporural2023\\\/2023\\\/09\\\/25\\\/gracias-a-todos-los-que-hicieron-y-pasaron-por-la-116-exporural-de-rafaela\\\/#breadcrumb\",\"itemListElement\":[{\"@type\":\"ListItem\",\"position\":1,\"name\":\"Portada\",\"item\":\"https:\\\/\\\/ruralrafaela.com.ar\\\/exporural2023\\\/\"},{\"@type\":\"ListItem\",\"position\":2,\"name\":\"Gracias a todos los que hicieron y pasaron por la 116\u00b0 ExpoRural de Rafaela\"}]},{\"@type\":\"WebSite\",\"@id\":\"https:\\\/\\\/ruralrafaela.com.ar\\\/exporural2023\\\/#website\",\"url\":\"https:\\\/\\\/ruralrafaela.com.ar\\\/exporural2023\\\/\",\"name\":\"116 Expo Rural Rafaela 2023\",\"description\":\"Sitio oficial de la Expo Rural Rafaela\",\"publisher\":{\"@id\":\"https:\\\/\\\/ruralrafaela.com.ar\\\/exporural2023\\\/#organization\"},\"potentialAction\":[{\"@type\":\"SearchAction\",\"target\":{\"@type\":\"EntryPoint\",\"urlTemplate\":\"https:\\\/\\\/ruralrafaela.com.ar\\\/exporural2023\\\/?s={search_term_string}\"},\"query-input\":{\"@type\":\"PropertyValueSpecification\",\"valueRequired\":true,\"valueName\":\"search_term_string\"}}],\"inLanguage\":\"es\"},{\"@type\":\"Organization\",\"@id\":\"https:\\\/\\\/ruralrafaela.com.ar\\\/exporural2023\\\/#organization\",\"name\":\"116 Expo Rural Rafaela 2023\",\"url\":\"https:\\\/\\\/ruralrafaela.com.ar\\\/exporural2023\\\/\",\"logo\":{\"@type\":\"ImageObject\",\"inLanguage\":\"es\",\"@id\":\"https:\\\/\\\/ruralrafaela.com.ar\\\/exporural2023\\\/#\\\/schema\\\/logo\\\/image\\\/\",\"url\":\"https:\\\/\\\/ruralrafaela.com.ar\\\/exporural2023\\\/wp-content\\\/uploads\\\/sites\\\/21\\\/2023\\\/08\\\/cropped-logoH.jpg\",\"contentUrl\":\"https:\\\/\\\/ruralrafaela.com.ar\\\/exporural2023\\\/wp-content\\\/uploads\\\/sites\\\/21\\\/2023\\\/08\\\/cropped-logoH.jpg\",\"width\":250,\"height\":57,\"caption\":\"116 Expo Rural Rafaela 2023 \"},\"image\":{\"@id\":\"https:\\\/\\\/ruralrafaela.com.ar\\\/exporural2023\\\/#\\\/schema\\\/logo\\\/image\\\/\"}},{\"@type\":\"Person\",\"@id\":\"https:\\\/\\\/ruralrafaela.com.ar\\\/exporural2023\\\/#\\\/schema\\\/person\\\/b944097647cc828e58952e18b2cc493c\",\"name\":\"c1970093\",\"image\":{\"@type\":\"ImageObject\",\"inLanguage\":\"es\",\"@id\":\"https:\\\/\\\/secure.gravatar.com\\\/avatar\\\/45cdd73f3ef44c305e0057b84921f5c4dc0bf41c5999db82505293a43118ff3e?s=96&d=mm&r=g\",\"url\":\"https:\\\/\\\/secure.gravatar.com\\\/avatar\\\/45cdd73f3ef44c305e0057b84921f5c4dc0bf41c5999db82505293a43118ff3e?s=96&d=mm&r=g\",\"contentUrl\":\"https:\\\/\\\/secure.gravatar.com\\\/avatar\\\/45cdd73f3ef44c305e0057b84921f5c4dc0bf41c5999db82505293a43118ff3e?s=96&d=mm&r=g\",\"caption\":\"c1970093\"},\"url\":\"https:\\\/\\\/ruralrafaela.com.ar\\\/exporural2023\\\/author\\\/c1970093\\\/\"}]}<\/script>\n<!-- \/ Yoast SEO plugin. -->","yoast_head_json":{"title":"Gracias a todos los que hicieron y pasaron por la 116\u00b0 ExpoRural de Rafaela - 116 Expo Rural Rafaela 2023","robots":{"index":"index","follow":"follow","max-snippet":"max-snippet:-1","max-image-preview":"max-image-preview:large","max-video-preview":"max-video-preview:-1"},"canonical":"https:\/\/ruralrafaela.com.ar\/exporural2023\/2023\/09\/25\/gracias-a-todos-los-que-hicieron-y-pasaron-por-la-116-exporural-de-rafaela\/","og_locale":"es_ES","og_type":"article","og_title":"Gracias a todos los que hicieron y pasaron por la 116\u00b0 ExpoRural de Rafaela - 116 Expo Rural Rafaela 2023","og_description":"El domingo fue un d\u00eda especial, no s\u00f3lo por los cambios de la temperatura, sino por las emociones de terminar una exposici\u00f3n m\u00e1s con miles de personas que trabjaron y disfrutaron de uno de los eventos m\u00e1s tradicionales de Rafaela. En un a\u00f1o tan complejo como este, para el pa\u00eds, pero sobre todo para el [&hellip;]","og_url":"https:\/\/ruralrafaela.com.ar\/exporural2023\/2023\/09\/25\/gracias-a-todos-los-que-hicieron-y-pasaron-por-la-116-exporural-de-rafaela\/","og_site_name":"116 Expo Rural Rafaela 2023","article_published_time":"2023-09-25T01:05:51+00:00","og_image":[{"width":1947,"height":635,"url":"https:\/\/ruralrafaela.com.ar\/exporural2023\/wp-content\/uploads\/sites\/21\/2023\/09\/Imagen-de-WhatsApp-2023-09-24-a-las-21.54.30.jpg","type":"image\/jpeg"}],"author":"c1970093","twitter_card":"summary_large_image","twitter_misc":{"Escrito por":"c1970093","Tiempo de lectura":"3 minutos"},"schema":{"@context":"https:\/\/schema.org","@graph":[{"@type":"Article","@id":"https:\/\/ruralrafaela.com.ar\/exporural2023\/2023\/09\/25\/gracias-a-todos-los-que-hicieron-y-pasaron-por-la-116-exporural-de-rafaela\/#article","isPartOf":{"@id":"https:\/\/ruralrafaela.com.ar\/exporural2023\/2023\/09\/25\/gracias-a-todos-los-que-hicieron-y-pasaron-por-la-116-exporural-de-rafaela\/"},"author":{"name":"c1970093","@id":"https:\/\/ruralrafaela.com.ar\/exporural2023\/#\/schema\/person\/b944097647cc828e58952e18b2cc493c"},"headline":"Gracias a todos los que hicieron y pasaron por la 116\u00b0 ExpoRural de Rafaela","datePublished":"2023-09-25T01:05:51+00:00","mainEntityOfPage":{"@id":"https:\/\/ruralrafaela.com.ar\/exporural2023\/2023\/09\/25\/gracias-a-todos-los-que-hicieron-y-pasaron-por-la-116-exporural-de-rafaela\/"},"wordCount":552,"publisher":{"@id":"https:\/\/ruralrafaela.com.ar\/exporural2023\/#organization"},"image":{"@id":"https:\/\/ruralrafaela.com.ar\/exporural2023\/2023\/09\/25\/gracias-a-todos-los-que-hicieron-y-pasaron-por-la-116-exporural-de-rafaela\/#primaryimage"},"thumbnailUrl":"https:\/\/ruralrafaela.com.ar\/exporural2023\/wp-content\/uploads\/sites\/21\/2023\/09\/Imagen-de-WhatsApp-2023-09-24-a-las-21.54.30.jpg","articleSection":["Expo Rural 2023"],"inLanguage":"es"},{"@type":"WebPage","@id":"https:\/\/ruralrafaela.com.ar\/exporural2023\/2023\/09\/25\/gracias-a-todos-los-que-hicieron-y-pasaron-por-la-116-exporural-de-rafaela\/","url":"https:\/\/ruralrafaela.com.ar\/exporural2023\/2023\/09\/25\/gracias-a-todos-los-que-hicieron-y-pasaron-por-la-116-exporural-de-rafaela\/","name":"Gracias a todos los que hicieron y pasaron por la 116\u00b0 ExpoRural de Rafaela - 116 Expo Rural Rafaela 2023","isPartOf":{"@id":"https:\/\/ruralrafaela.com.ar\/exporural2023\/#website"},"primaryImageOfPage":{"@id":"https:\/\/ruralrafaela.com.ar\/exporural2023\/2023\/09\/25\/gracias-a-todos-los-que-hicieron-y-pasaron-por-la-116-exporural-de-rafaela\/#primaryimage"},"image":{"@id":"https:\/\/ruralrafaela.com.ar\/exporural2023\/2023\/09\/25\/gracias-a-todos-los-que-hicieron-y-pasaron-por-la-116-exporural-de-rafaela\/#primaryimage"},"thumbnailUrl":"https:\/\/ruralrafaela.com.ar\/exporural2023\/wp-content\/uploads\/sites\/21\/2023\/09\/Imagen-de-WhatsApp-2023-09-24-a-las-21.54.30.jpg","datePublished":"2023-09-25T01:05:51+00:00","breadcrumb":{"@id":"https:\/\/ruralrafaela.com.ar\/exporural2023\/2023\/09\/25\/gracias-a-todos-los-que-hicieron-y-pasaron-por-la-116-exporural-de-rafaela\/#breadcrumb"},"inLanguage":"es","potentialAction":[{"@type":"ReadAction","target":["https:\/\/ruralrafaela.com.ar\/exporural2023\/2023\/09\/25\/gracias-a-todos-los-que-hicieron-y-pasaron-por-la-116-exporural-de-rafaela\/"]}]},{"@type":"ImageObject","inLanguage":"es","@id":"https:\/\/ruralrafaela.com.ar\/exporural2023\/2023\/09\/25\/gracias-a-todos-los-que-hicieron-y-pasaron-por-la-116-exporural-de-rafaela\/#primaryimage","url":"https:\/\/ruralrafaela.com.ar\/exporural2023\/wp-content\/uploads\/sites\/21\/2023\/09\/Imagen-de-WhatsApp-2023-09-24-a-las-21.54.30.jpg","contentUrl":"https:\/\/ruralrafaela.com.ar\/exporural2023\/wp-content\/uploads\/sites\/21\/2023\/09\/Imagen-de-WhatsApp-2023-09-24-a-las-21.54.30.jpg","width":"1947","height":"635"},{"@type":"BreadcrumbList","@id":"https:\/\/ruralrafaela.com.ar\/exporural2023\/2023\/09\/25\/gracias-a-todos-los-que-hicieron-y-pasaron-por-la-116-exporural-de-rafaela\/#breadcrumb","itemListElement":[{"@type":"ListItem","position":1,"name":"Portada","item":"https:\/\/ruralrafaela.com.ar\/exporural2023\/"},{"@type":"ListItem","position":2,"name":"Gracias a todos los que hicieron y pasaron por la 116\u00b0 ExpoRural de Rafaela"}]},{"@type":"WebSite","@id":"https:\/\/ruralrafaela.com.ar\/exporural2023\/#website","url":"https:\/\/ruralrafaela.com.ar\/exporural2023\/","name":"116 Expo Rural Rafaela 2023","description":"Sitio oficial de la Expo Rural Rafaela","publisher":{"@id":"https:\/\/ruralrafaela.com.ar\/exporural2023\/#organization"},"potentialAction":[{"@type":"SearchAction","target":{"@type":"EntryPoint","urlTemplate":"https:\/\/ruralrafaela.com.ar\/exporural2023\/?s={search_term_string}"},"query-input":{"@type":"PropertyValueSpecification","valueRequired":true,"valueName":"search_term_string"}}],"inLanguage":"es"},{"@type":"Organization","@id":"https:\/\/ruralrafaela.com.ar\/exporural2023\/#organization","name":"116 Expo Rural Rafaela 2023","url":"https:\/\/ruralrafaela.com.ar\/exporural2023\/","logo":{"@type":"ImageObject","inLanguage":"es","@id":"https:\/\/ruralrafaela.com.ar\/exporural2023\/#\/schema\/logo\/image\/","url":"https:\/\/ruralrafaela.com.ar\/exporural2023\/wp-content\/uploads\/sites\/21\/2023\/08\/cropped-logoH.jpg","contentUrl":"https:\/\/ruralrafaela.com.ar\/exporural2023\/wp-content\/uploads\/sites\/21\/2023\/08\/cropped-logoH.jpg","width":250,"height":57,"caption":"116 Expo Rural Rafaela 2023 "},"image":{"@id":"https:\/\/ruralrafaela.com.ar\/exporural2023\/#\/schema\/logo\/image\/"}},{"@type":"Person","@id":"https:\/\/ruralrafaela.com.ar\/exporural2023\/#\/schema\/person\/b944097647cc828e58952e18b2cc493c","name":"c1970093","image":{"@type":"ImageObject","inLanguage":"es","@id":"https:\/\/secure.gravatar.com\/avatar\/45cdd73f3ef44c305e0057b84921f5c4dc0bf41c5999db82505293a43118ff3e?s=96&d=mm&r=g","url":"https:\/\/secure.gravatar.com\/avatar\/45cdd73f3ef44c305e0057b84921f5c4dc0bf41c5999db82505293a43118ff3e?s=96&d=mm&r=g","contentUrl":"https:\/\/secure.gravatar.com\/avatar\/45cdd73f3ef44c305e0057b84921f5c4dc0bf41c5999db82505293a43118ff3e?s=96&d=mm&r=g","caption":"c1970093"},"url":"https:\/\/ruralrafaela.com.ar\/exporural2023\/author\/c1970093\/"}]}},"_links":{"self":[{"href":"https:\/\/ruralrafaela.com.ar\/exporural2023\/wp-json\/wp\/v2\/posts\/6629","targetHints":{"allow":["GET"]}}],"collection":[{"href":"https:\/\/ruralrafaela.com.ar\/exporural2023\/wp-json\/wp\/v2\/posts"}],"about":[{"href":"https:\/\/ruralrafaela.com.ar\/exporural2023\/wp-json\/wp\/v2\/types\/post"}],"author":[{"embeddable":true,"href":"https:\/\/ruralrafaela.com.ar\/exporural2023\/wp-json\/wp\/v2\/users\/2"}],"replies":[{"embeddable":true,"href":"https:\/\/ruralrafaela.com.ar\/exporural2023\/wp-json\/wp\/v2\/comments?post=6629"}],"version-history":[{"count":1,"href":"https:\/\/ruralrafaela.com.ar\/exporural2023\/wp-json\/wp\/v2\/posts\/6629\/revisions"}],"predecessor-version":[{"id":6631,"href":"https:\/\/ruralrafaela.com.ar\/exporural2023\/wp-json\/wp\/v2\/posts\/6629\/revisions\/6631"}],"wp:featuredmedia":[{"embeddable":true,"href":"https:\/\/ruralrafaela.com.ar\/exporural2023\/wp-json\/wp\/v2\/media\/6630"}],"wp:attachment":[{"href":"https:\/\/ruralrafaela.com.ar\/exporural2023\/wp-json\/wp\/v2\/media?parent=6629"}],"wp:term":[{"taxonomy":"category","embeddable":true,"href":"https:\/\/ruralrafaela.com.ar\/exporural2023\/wp-json\/wp\/v2\/categories?post=6629"},{"taxonomy":"post_tag","embeddable":true,"href":"https:\/\/ruralrafaela.com.ar\/exporural2023\/wp-json\/wp\/v2\/tags?post=6629"}],"curies":[{"name":"wp","href":"https:\/\/api.w.org\/{rel}","templated":true}]}}