{"id":6626,"date":"2023-09-25T00:26:39","date_gmt":"2023-09-25T00:26:39","guid":{"rendered":"https:\/\/ruralrafaela.com.ar\/exporural2023\/?p=6626"},"modified":"2023-09-25T00:26:40","modified_gmt":"2023-09-25T00:26:40","slug":"como-previa-al-centenario-de-la-jura-de-animales-de-granja-rafaela-volvio-a-sobresalir","status":"publish","type":"post","link":"https:\/\/ruralrafaela.com.ar\/exporural2023\/2023\/09\/25\/como-previa-al-centenario-de-la-jura-de-animales-de-granja-rafaela-volvio-a-sobresalir\/","title":{"rendered":"Como previa al centenario de la jura de animales de granja, Rafaela volvi\u00f3 a sobresalir"},"content":{"rendered":"\n<p><\/p>\n\n\n\n<p>Ser\u00e1 el pr\u00f3ximo a\u00f1o cuando se cumplan cien a\u00f1os de la primera edici\u00f3n en la que se juraron en la ExpoRural de Rafaela los primeros animales de granja, confirmando que esta es una m\u00e1s de las tradiciones que siguieron creciendo en esta 116\u00b0 edici\u00f3n de una muestra que exhibe los mejor de la producci\u00f3n agropecuaria, indsutrial y comercial de la regi\u00f3n central de Santa Fe y la zona.<\/p>\n\n\n\n<p>Sin aves por las restricciones sanitarias a causa de las consecuencias de la gripe aviar, el protagonismo del renovado Sal\u00f3n 43 y los diferentes galpones estuvieron dados por animales de gran calidad, en los diferentes d\u00edas de la muestra.<\/p>\n\n\n\n<p>El juez calificador de la exposici\u00f3n de conejos con registro fue el Ing. Agr. N\u00e9stor Rodas, \u201cfue medio centenar de ejemplares, que en l\u00edneas generales me generaron una muy buena impresi\u00f3n, no tanto en las razas ornamentales por estar menos representadas, sino en las razas de producci\u00f3n, que son fuertes. La calidad de los animales fue muy buena\u201d.<\/p>\n\n\n\n<p>El juzgamiento se hace de manera an\u00f3nima, pero genera un par\u00e1metro del trabajo que se hace en esta zona y confirma a\u00f1o tras a\u00f1o una mayor cualidad en los resultados, a trav\u00e9s de los ejemplares que se presentan.<\/p>\n\n\n\n<p>\u201cEl mejor ejemplar de la exposici\u00f3n fue un conejo macho de la raza neocelandes, que adem\u00e1s de su tipicidad racial, fue el que m\u00e1s puntos obtuvo, siendo un animal de caracter\u00edsticas salientes con un futuro como reproductor, es un animal que se va a seguir desarrollando y en una raza que hist\u00f3ricamente ha sido muy importante en nuestro pa\u00eds para consumo\u201d, concluy\u00f3.<\/p>\n\n\n\n<p>El Criadero El Quebracho de G\u00e1lvez consigui\u00f3 los principales premios. Raza Neoceland\u00e9s Blanco, categor\u00eda macho joven, gran campe\u00f3n, Raza Neoceland\u00e9s Blanco, categor\u00eda hembra jovenreservado gran campe\u00f3n y Californiano (orejas negras), categor\u00eda macho joven, primer premio , campe\u00f3n y reservado gran campe\u00f3n.<\/p>\n\n\n\n<p>Mar\u00eda Emilia Lovera, con su hija Luciana a upa, jur\u00f3 en la pista a los equinos. \u201cEran todos de sangre pura de carrera, con un nivel excelente. Sobresalieron los machos con una estructura espectacular, con correcta posici\u00f3n de manos y patas, caminaban muy bien, bien presentados, peinados y brillosos, con la caracter\u00edstica de la raza de ser bien finos, altos y activos\u201d.<\/p>\n\n\n\n<p>\u201cEsta exposici\u00f3n es muy importante a nivel provincial, si bien es una muestra lechera, la pista siempre recibe caballos de gran nivel y le permite a los productores mostrar el trabajo que es muy bueno de los studs de la zona que generan un buen mercado\u201d, explic\u00f3.<\/p>\n\n\n\n<p><strong>Ovinos y caprinos<\/strong><\/p>\n\n\n\n<p>En caprinos el gran campe\u00f3n fue el box 4, RP 193 puro de pedigree macho con dos dientes de la Facultad de Ciencias Veterinarias de la Universidad Nacional del Litoral. El reservado fue el box 14, RP 1 puro por cruza macho diente de leche de Ignacio Strata. El tercer lugar fue para el box 29, RP 322 puro por cruza macho con diente de leche de la FCV\/UNL.<\/p>\n\n\n\n<p>En ovinos de la raza Hampshire down, el gran campe\u00f3n puro de pedigree fue el RP 1234 macho de cuatro dientes, de Daniel Zabala. Su reservado fue un ejemplar de la FCV\/UNL.<\/p>\n\n\n\n<p>En puros por cruza, el gran campe\u00f3n macho fue el box 27, RP 79 de dos dientes de la caba\u00f1a El Candil, de Fernando Zeiter. El reservado fue para el box 6, RP 164 diente de leche de Gabriel Parizzi.<\/p>\n\n\n\n<p>En hembras puras por cruza el box 26 fue el gran campe\u00f3n, RP 13 diente de leche de El Candil. El box 25 fue el reservado, RP 269 de dos dientes, perteneciente a Ceferino Aiassa.<\/p>\n\n\n\n<p>En dorper white el gran campe\u00f3n fue el box 21, RP 466 macho dos dientes de Mar\u00eda Ester Garnero. El reservado fue para el box 18, RP 365 macho de seis dientes, de Carlos Scaglia.<\/p>\n","protected":false},"excerpt":{"rendered":"<p>Ser\u00e1 el pr\u00f3ximo a\u00f1o cuando se cumplan cien a\u00f1os de la primera edici\u00f3n en la que se juraron en la ExpoRural de Rafaela los primeros animales de granja, confirmando que esta es una m\u00e1s de las tradiciones que siguieron creciendo en esta 116\u00b0 edici\u00f3n de una muestra que exhibe los mejor de la producci\u00f3n agropecuaria, [&hellip;]<\/p>\n","protected":false},"author":2,"featured_media":6627,"comment_status":"closed","ping_status":"open","sticky":false,"template":"","format":"standard","meta":{"ocean_post_layout":"","ocean_both_sidebars_style":"","ocean_both_sidebars_content_width":0,"ocean_both_sidebars_sidebars_width":0,"ocean_sidebar":"","ocean_second_sidebar":"","ocean_disable_margins":"enable","ocean_add_body_class":"","ocean_shortcode_before_top_bar":"","ocean_shortcode_after_top_bar":"","ocean_shortcode_before_header":"","ocean_shortcode_after_header":"","ocean_has_shortcode":"","ocean_shortcode_after_title":"","ocean_shortcode_before_footer_widgets":"","ocean_shortcode_after_footer_widgets":"","ocean_shortcode_before_footer_bottom":"","ocean_shortcode_after_footer_bottom":"","ocean_display_top_bar":"default","ocean_display_header":"default","ocean_header_style":"","ocean_center_header_left_menu":"","ocean_custom_header_template":"","ocean_custom_logo":0,"ocean_custom_retina_logo":0,"ocean_custom_logo_max_width":0,"ocean_custom_logo_tablet_max_width":0,"ocean_custom_logo_mobile_max_width":0,"ocean_custom_logo_max_height":0,"ocean_custom_logo_tablet_max_height":0,"ocean_custom_logo_mobile_max_height":0,"ocean_header_custom_menu":"","ocean_menu_typo_font_family":"","ocean_menu_typo_font_subset":"","ocean_menu_typo_font_size":0,"ocean_menu_typo_font_size_tablet":0,"ocean_menu_typo_font_size_mobile":0,"ocean_menu_typo_font_size_unit":"px","ocean_menu_typo_font_weight":"","ocean_menu_typo_font_weight_tablet":"","ocean_menu_typo_font_weight_mobile":"","ocean_menu_typo_transform":"","ocean_menu_typo_transform_tablet":"","ocean_menu_typo_transform_mobile":"","ocean_menu_typo_line_height":0,"ocean_menu_typo_line_height_tablet":0,"ocean_menu_typo_line_height_mobile":0,"ocean_menu_typo_line_height_unit":"","ocean_menu_typo_spacing":0,"ocean_menu_typo_spacing_tablet":0,"ocean_menu_typo_spacing_mobile":0,"ocean_menu_typo_spacing_unit":"","ocean_menu_link_color":"","ocean_menu_link_color_hover":"","ocean_menu_link_color_active":"","ocean_menu_link_background":"","ocean_menu_link_hover_background":"","ocean_menu_link_active_background":"","ocean_menu_social_links_bg":"","ocean_menu_social_hover_links_bg":"","ocean_menu_social_links_color":"","ocean_menu_social_hover_links_color":"","ocean_disable_title":"default","ocean_disable_heading":"default","ocean_post_title":"","ocean_post_subheading":"","ocean_post_title_style":"","ocean_post_title_background_color":"","ocean_post_title_background":0,"ocean_post_title_bg_image_position":"","ocean_post_title_bg_image_attachment":"","ocean_post_title_bg_image_repeat":"","ocean_post_title_bg_image_size":"","ocean_post_title_height":0,"ocean_post_title_bg_overlay":0.5,"ocean_post_title_bg_overlay_color":"","ocean_disable_breadcrumbs":"default","ocean_breadcrumbs_color":"","ocean_breadcrumbs_separator_color":"","ocean_breadcrumbs_links_color":"","ocean_breadcrumbs_links_hover_color":"","ocean_display_footer_widgets":"default","ocean_display_footer_bottom":"default","ocean_custom_footer_template":"","_joinchat":[],"ocean_post_oembed":"","ocean_post_self_hosted_media":"","ocean_post_video_embed":"","ocean_link_format":"","ocean_link_format_target":"self","ocean_quote_format":"","ocean_quote_format_link":"post","ocean_gallery_link_images":"on","ocean_gallery_id":[],"footnotes":""},"categories":[43],"tags":[],"class_list":["post-6626","post","type-post","status-publish","format-standard","has-post-thumbnail","hentry","category-expo-rural-2023","entry","has-media"],"yoast_head":"<!-- This site is optimized with the Yoast SEO plugin v27.5 - https:\/\/yoast.com\/product\/yoast-seo-wordpress\/ -->\n<title>Como previa al centenario de la jura de animales de granja, Rafaela volvi\u00f3 a sobresalir - 116 Expo Rural Rafaela 2023<\/title>\n<meta name=\"robots\" content=\"index, follow, max-snippet:-1, max-image-preview:large, max-video-preview:-1\" \/>\n<link rel=\"canonical\" href=\"https:\/\/ruralrafaela.com.ar\/exporural2023\/2023\/09\/25\/como-previa-al-centenario-de-la-jura-de-animales-de-granja-rafaela-volvio-a-sobresalir\/\" \/>\n<meta property=\"og:locale\" content=\"es_ES\" \/>\n<meta property=\"og:type\" content=\"article\" \/>\n<meta property=\"og:title\" content=\"Como previa al centenario de la jura de animales de granja, Rafaela volvi\u00f3 a sobresalir - 116 Expo Rural Rafaela 2023\" \/>\n<meta property=\"og:description\" content=\"Ser\u00e1 el pr\u00f3ximo a\u00f1o cuando se cumplan cien a\u00f1os de la primera edici\u00f3n en la que se juraron en la ExpoRural de Rafaela los primeros animales de granja, confirmando que esta es una m\u00e1s de las tradiciones que siguieron creciendo en esta 116\u00b0 edici\u00f3n de una muestra que exhibe los mejor de la producci\u00f3n agropecuaria, [&hellip;]\" \/>\n<meta property=\"og:url\" content=\"https:\/\/ruralrafaela.com.ar\/exporural2023\/2023\/09\/25\/como-previa-al-centenario-de-la-jura-de-animales-de-granja-rafaela-volvio-a-sobresalir\/\" \/>\n<meta property=\"og:site_name\" content=\"116 Expo Rural Rafaela 2023\" \/>\n<meta property=\"article:published_time\" content=\"2023-09-25T00:26:39+00:00\" \/>\n<meta property=\"article:modified_time\" content=\"2023-09-25T00:26:40+00:00\" \/>\n<meta property=\"og:image\" content=\"https:\/\/ruralrafaela.com.ar\/exporural2023\/wp-content\/uploads\/sites\/21\/2023\/09\/Captura-de-pantalla-2023-09-24-212555.png\" \/>\n\t<meta property=\"og:image:width\" content=\"1338\" \/>\n\t<meta property=\"og:image:height\" content=\"735\" \/>\n\t<meta property=\"og:image:type\" content=\"image\/png\" \/>\n<meta name=\"author\" content=\"c1970093\" \/>\n<meta name=\"twitter:card\" content=\"summary_large_image\" \/>\n<meta name=\"twitter:label1\" content=\"Escrito por\" \/>\n\t<meta name=\"twitter:data1\" content=\"c1970093\" \/>\n\t<meta name=\"twitter:label2\" content=\"Tiempo de lectura\" \/>\n\t<meta name=\"twitter:data2\" content=\"3 minutos\" \/>\n<script type=\"application\/ld+json\" class=\"yoast-schema-graph\">{\"@context\":\"https:\\\/\\\/schema.org\",\"@graph\":[{\"@type\":\"Article\",\"@id\":\"https:\\\/\\\/ruralrafaela.com.ar\\\/exporural2023\\\/2023\\\/09\\\/25\\\/como-previa-al-centenario-de-la-jura-de-animales-de-granja-rafaela-volvio-a-sobresalir\\\/#article\",\"isPartOf\":{\"@id\":\"https:\\\/\\\/ruralrafaela.com.ar\\\/exporural2023\\\/2023\\\/09\\\/25\\\/como-previa-al-centenario-de-la-jura-de-animales-de-granja-rafaela-volvio-a-sobresalir\\\/\"},\"author\":{\"name\":\"c1970093\",\"@id\":\"https:\\\/\\\/ruralrafaela.com.ar\\\/exporural2023\\\/#\\\/schema\\\/person\\\/b944097647cc828e58952e18b2cc493c\"},\"headline\":\"Como previa al centenario de la jura de animales de granja, Rafaela volvi\u00f3 a sobresalir\",\"datePublished\":\"2023-09-25T00:26:39+00:00\",\"dateModified\":\"2023-09-25T00:26:40+00:00\",\"mainEntityOfPage\":{\"@id\":\"https:\\\/\\\/ruralrafaela.com.ar\\\/exporural2023\\\/2023\\\/09\\\/25\\\/como-previa-al-centenario-de-la-jura-de-animales-de-granja-rafaela-volvio-a-sobresalir\\\/\"},\"wordCount\":671,\"publisher\":{\"@id\":\"https:\\\/\\\/ruralrafaela.com.ar\\\/exporural2023\\\/#organization\"},\"image\":{\"@id\":\"https:\\\/\\\/ruralrafaela.com.ar\\\/exporural2023\\\/2023\\\/09\\\/25\\\/como-previa-al-centenario-de-la-jura-de-animales-de-granja-rafaela-volvio-a-sobresalir\\\/#primaryimage\"},\"thumbnailUrl\":\"https:\\\/\\\/ruralrafaela.com.ar\\\/exporural2023\\\/wp-content\\\/uploads\\\/sites\\\/21\\\/2023\\\/09\\\/Captura-de-pantalla-2023-09-24-212555.png\",\"articleSection\":[\"Expo Rural 2023\"],\"inLanguage\":\"es\"},{\"@type\":\"WebPage\",\"@id\":\"https:\\\/\\\/ruralrafaela.com.ar\\\/exporural2023\\\/2023\\\/09\\\/25\\\/como-previa-al-centenario-de-la-jura-de-animales-de-granja-rafaela-volvio-a-sobresalir\\\/\",\"url\":\"https:\\\/\\\/ruralrafaela.com.ar\\\/exporural2023\\\/2023\\\/09\\\/25\\\/como-previa-al-centenario-de-la-jura-de-animales-de-granja-rafaela-volvio-a-sobresalir\\\/\",\"name\":\"Como previa al centenario de la jura de animales de granja, Rafaela volvi\u00f3 a sobresalir - 116 Expo Rural Rafaela 2023\",\"isPartOf\":{\"@id\":\"https:\\\/\\\/ruralrafaela.com.ar\\\/exporural2023\\\/#website\"},\"primaryImageOfPage\":{\"@id\":\"https:\\\/\\\/ruralrafaela.com.ar\\\/exporural2023\\\/2023\\\/09\\\/25\\\/como-previa-al-centenario-de-la-jura-de-animales-de-granja-rafaela-volvio-a-sobresalir\\\/#primaryimage\"},\"image\":{\"@id\":\"https:\\\/\\\/ruralrafaela.com.ar\\\/exporural2023\\\/2023\\\/09\\\/25\\\/como-previa-al-centenario-de-la-jura-de-animales-de-granja-rafaela-volvio-a-sobresalir\\\/#primaryimage\"},\"thumbnailUrl\":\"https:\\\/\\\/ruralrafaela.com.ar\\\/exporural2023\\\/wp-content\\\/uploads\\\/sites\\\/21\\\/2023\\\/09\\\/Captura-de-pantalla-2023-09-24-212555.png\",\"datePublished\":\"2023-09-25T00:26:39+00:00\",\"dateModified\":\"2023-09-25T00:26:40+00:00\",\"breadcrumb\":{\"@id\":\"https:\\\/\\\/ruralrafaela.com.ar\\\/exporural2023\\\/2023\\\/09\\\/25\\\/como-previa-al-centenario-de-la-jura-de-animales-de-granja-rafaela-volvio-a-sobresalir\\\/#breadcrumb\"},\"inLanguage\":\"es\",\"potentialAction\":[{\"@type\":\"ReadAction\",\"target\":[\"https:\\\/\\\/ruralrafaela.com.ar\\\/exporural2023\\\/2023\\\/09\\\/25\\\/como-previa-al-centenario-de-la-jura-de-animales-de-granja-rafaela-volvio-a-sobresalir\\\/\"]}]},{\"@type\":\"ImageObject\",\"inLanguage\":\"es\",\"@id\":\"https:\\\/\\\/ruralrafaela.com.ar\\\/exporural2023\\\/2023\\\/09\\\/25\\\/como-previa-al-centenario-de-la-jura-de-animales-de-granja-rafaela-volvio-a-sobresalir\\\/#primaryimage\",\"url\":\"https:\\\/\\\/ruralrafaela.com.ar\\\/exporural2023\\\/wp-content\\\/uploads\\\/sites\\\/21\\\/2023\\\/09\\\/Captura-de-pantalla-2023-09-24-212555.png\",\"contentUrl\":\"https:\\\/\\\/ruralrafaela.com.ar\\\/exporural2023\\\/wp-content\\\/uploads\\\/sites\\\/21\\\/2023\\\/09\\\/Captura-de-pantalla-2023-09-24-212555.png\",\"width\":\"1338\",\"height\":\"735\"},{\"@type\":\"BreadcrumbList\",\"@id\":\"https:\\\/\\\/ruralrafaela.com.ar\\\/exporural2023\\\/2023\\\/09\\\/25\\\/como-previa-al-centenario-de-la-jura-de-animales-de-granja-rafaela-volvio-a-sobresalir\\\/#breadcrumb\",\"itemListElement\":[{\"@type\":\"ListItem\",\"position\":1,\"name\":\"Portada\",\"item\":\"https:\\\/\\\/ruralrafaela.com.ar\\\/exporural2023\\\/\"},{\"@type\":\"ListItem\",\"position\":2,\"name\":\"Como previa al centenario de la jura de animales de granja, Rafaela volvi\u00f3 a sobresalir\"}]},{\"@type\":\"WebSite\",\"@id\":\"https:\\\/\\\/ruralrafaela.com.ar\\\/exporural2023\\\/#website\",\"url\":\"https:\\\/\\\/ruralrafaela.com.ar\\\/exporural2023\\\/\",\"name\":\"116 Expo Rural Rafaela 2023\",\"description\":\"Sitio oficial de la Expo Rural Rafaela\",\"publisher\":{\"@id\":\"https:\\\/\\\/ruralrafaela.com.ar\\\/exporural2023\\\/#organization\"},\"potentialAction\":[{\"@type\":\"SearchAction\",\"target\":{\"@type\":\"EntryPoint\",\"urlTemplate\":\"https:\\\/\\\/ruralrafaela.com.ar\\\/exporural2023\\\/?s={search_term_string}\"},\"query-input\":{\"@type\":\"PropertyValueSpecification\",\"valueRequired\":true,\"valueName\":\"search_term_string\"}}],\"inLanguage\":\"es\"},{\"@type\":\"Organization\",\"@id\":\"https:\\\/\\\/ruralrafaela.com.ar\\\/exporural2023\\\/#organization\",\"name\":\"116 Expo Rural Rafaela 2023\",\"url\":\"https:\\\/\\\/ruralrafaela.com.ar\\\/exporural2023\\\/\",\"logo\":{\"@type\":\"ImageObject\",\"inLanguage\":\"es\",\"@id\":\"https:\\\/\\\/ruralrafaela.com.ar\\\/exporural2023\\\/#\\\/schema\\\/logo\\\/image\\\/\",\"url\":\"https:\\\/\\\/ruralrafaela.com.ar\\\/exporural2023\\\/wp-content\\\/uploads\\\/sites\\\/21\\\/2023\\\/08\\\/cropped-logoH.jpg\",\"contentUrl\":\"https:\\\/\\\/ruralrafaela.com.ar\\\/exporural2023\\\/wp-content\\\/uploads\\\/sites\\\/21\\\/2023\\\/08\\\/cropped-logoH.jpg\",\"width\":250,\"height\":57,\"caption\":\"116 Expo Rural Rafaela 2023 \"},\"image\":{\"@id\":\"https:\\\/\\\/ruralrafaela.com.ar\\\/exporural2023\\\/#\\\/schema\\\/logo\\\/image\\\/\"}},{\"@type\":\"Person\",\"@id\":\"https:\\\/\\\/ruralrafaela.com.ar\\\/exporural2023\\\/#\\\/schema\\\/person\\\/b944097647cc828e58952e18b2cc493c\",\"name\":\"c1970093\",\"image\":{\"@type\":\"ImageObject\",\"inLanguage\":\"es\",\"@id\":\"https:\\\/\\\/secure.gravatar.com\\\/avatar\\\/45cdd73f3ef44c305e0057b84921f5c4dc0bf41c5999db82505293a43118ff3e?s=96&d=mm&r=g\",\"url\":\"https:\\\/\\\/secure.gravatar.com\\\/avatar\\\/45cdd73f3ef44c305e0057b84921f5c4dc0bf41c5999db82505293a43118ff3e?s=96&d=mm&r=g\",\"contentUrl\":\"https:\\\/\\\/secure.gravatar.com\\\/avatar\\\/45cdd73f3ef44c305e0057b84921f5c4dc0bf41c5999db82505293a43118ff3e?s=96&d=mm&r=g\",\"caption\":\"c1970093\"},\"url\":\"https:\\\/\\\/ruralrafaela.com.ar\\\/exporural2023\\\/author\\\/c1970093\\\/\"}]}<\/script>\n<!-- \/ Yoast SEO plugin. -->","yoast_head_json":{"title":"Como previa al centenario de la jura de animales de granja, Rafaela volvi\u00f3 a sobresalir - 116 Expo Rural Rafaela 2023","robots":{"index":"index","follow":"follow","max-snippet":"max-snippet:-1","max-image-preview":"max-image-preview:large","max-video-preview":"max-video-preview:-1"},"canonical":"https:\/\/ruralrafaela.com.ar\/exporural2023\/2023\/09\/25\/como-previa-al-centenario-de-la-jura-de-animales-de-granja-rafaela-volvio-a-sobresalir\/","og_locale":"es_ES","og_type":"article","og_title":"Como previa al centenario de la jura de animales de granja, Rafaela volvi\u00f3 a sobresalir - 116 Expo Rural Rafaela 2023","og_description":"Ser\u00e1 el pr\u00f3ximo a\u00f1o cuando se cumplan cien a\u00f1os de la primera edici\u00f3n en la que se juraron en la ExpoRural de Rafaela los primeros animales de granja, confirmando que esta es una m\u00e1s de las tradiciones que siguieron creciendo en esta 116\u00b0 edici\u00f3n de una muestra que exhibe los mejor de la producci\u00f3n agropecuaria, [&hellip;]","og_url":"https:\/\/ruralrafaela.com.ar\/exporural2023\/2023\/09\/25\/como-previa-al-centenario-de-la-jura-de-animales-de-granja-rafaela-volvio-a-sobresalir\/","og_site_name":"116 Expo Rural Rafaela 2023","article_published_time":"2023-09-25T00:26:39+00:00","article_modified_time":"2023-09-25T00:26:40+00:00","og_image":[{"width":1338,"height":735,"url":"https:\/\/ruralrafaela.com.ar\/exporural2023\/wp-content\/uploads\/sites\/21\/2023\/09\/Captura-de-pantalla-2023-09-24-212555.png","type":"image\/png"}],"author":"c1970093","twitter_card":"summary_large_image","twitter_misc":{"Escrito por":"c1970093","Tiempo de lectura":"3 minutos"},"schema":{"@context":"https:\/\/schema.org","@graph":[{"@type":"Article","@id":"https:\/\/ruralrafaela.com.ar\/exporural2023\/2023\/09\/25\/como-previa-al-centenario-de-la-jura-de-animales-de-granja-rafaela-volvio-a-sobresalir\/#article","isPartOf":{"@id":"https:\/\/ruralrafaela.com.ar\/exporural2023\/2023\/09\/25\/como-previa-al-centenario-de-la-jura-de-animales-de-granja-rafaela-volvio-a-sobresalir\/"},"author":{"name":"c1970093","@id":"https:\/\/ruralrafaela.com.ar\/exporural2023\/#\/schema\/person\/b944097647cc828e58952e18b2cc493c"},"headline":"Como previa al centenario de la jura de animales de granja, Rafaela volvi\u00f3 a sobresalir","datePublished":"2023-09-25T00:26:39+00:00","dateModified":"2023-09-25T00:26:40+00:00","mainEntityOfPage":{"@id":"https:\/\/ruralrafaela.com.ar\/exporural2023\/2023\/09\/25\/como-previa-al-centenario-de-la-jura-de-animales-de-granja-rafaela-volvio-a-sobresalir\/"},"wordCount":671,"publisher":{"@id":"https:\/\/ruralrafaela.com.ar\/exporural2023\/#organization"},"image":{"@id":"https:\/\/ruralrafaela.com.ar\/exporural2023\/2023\/09\/25\/como-previa-al-centenario-de-la-jura-de-animales-de-granja-rafaela-volvio-a-sobresalir\/#primaryimage"},"thumbnailUrl":"https:\/\/ruralrafaela.com.ar\/exporural2023\/wp-content\/uploads\/sites\/21\/2023\/09\/Captura-de-pantalla-2023-09-24-212555.png","articleSection":["Expo Rural 2023"],"inLanguage":"es"},{"@type":"WebPage","@id":"https:\/\/ruralrafaela.com.ar\/exporural2023\/2023\/09\/25\/como-previa-al-centenario-de-la-jura-de-animales-de-granja-rafaela-volvio-a-sobresalir\/","url":"https:\/\/ruralrafaela.com.ar\/exporural2023\/2023\/09\/25\/como-previa-al-centenario-de-la-jura-de-animales-de-granja-rafaela-volvio-a-sobresalir\/","name":"Como previa al centenario de la jura de animales de granja, Rafaela volvi\u00f3 a sobresalir - 116 Expo Rural Rafaela 2023","isPartOf":{"@id":"https:\/\/ruralrafaela.com.ar\/exporural2023\/#website"},"primaryImageOfPage":{"@id":"https:\/\/ruralrafaela.com.ar\/exporural2023\/2023\/09\/25\/como-previa-al-centenario-de-la-jura-de-animales-de-granja-rafaela-volvio-a-sobresalir\/#primaryimage"},"image":{"@id":"https:\/\/ruralrafaela.com.ar\/exporural2023\/2023\/09\/25\/como-previa-al-centenario-de-la-jura-de-animales-de-granja-rafaela-volvio-a-sobresalir\/#primaryimage"},"thumbnailUrl":"https:\/\/ruralrafaela.com.ar\/exporural2023\/wp-content\/uploads\/sites\/21\/2023\/09\/Captura-de-pantalla-2023-09-24-212555.png","datePublished":"2023-09-25T00:26:39+00:00","dateModified":"2023-09-25T00:26:40+00:00","breadcrumb":{"@id":"https:\/\/ruralrafaela.com.ar\/exporural2023\/2023\/09\/25\/como-previa-al-centenario-de-la-jura-de-animales-de-granja-rafaela-volvio-a-sobresalir\/#breadcrumb"},"inLanguage":"es","potentialAction":[{"@type":"ReadAction","target":["https:\/\/ruralrafaela.com.ar\/exporural2023\/2023\/09\/25\/como-previa-al-centenario-de-la-jura-de-animales-de-granja-rafaela-volvio-a-sobresalir\/"]}]},{"@type":"ImageObject","inLanguage":"es","@id":"https:\/\/ruralrafaela.com.ar\/exporural2023\/2023\/09\/25\/como-previa-al-centenario-de-la-jura-de-animales-de-granja-rafaela-volvio-a-sobresalir\/#primaryimage","url":"https:\/\/ruralrafaela.com.ar\/exporural2023\/wp-content\/uploads\/sites\/21\/2023\/09\/Captura-de-pantalla-2023-09-24-212555.png","contentUrl":"https:\/\/ruralrafaela.com.ar\/exporural2023\/wp-content\/uploads\/sites\/21\/2023\/09\/Captura-de-pantalla-2023-09-24-212555.png","width":"1338","height":"735"},{"@type":"BreadcrumbList","@id":"https:\/\/ruralrafaela.com.ar\/exporural2023\/2023\/09\/25\/como-previa-al-centenario-de-la-jura-de-animales-de-granja-rafaela-volvio-a-sobresalir\/#breadcrumb","itemListElement":[{"@type":"ListItem","position":1,"name":"Portada","item":"https:\/\/ruralrafaela.com.ar\/exporural2023\/"},{"@type":"ListItem","position":2,"name":"Como previa al centenario de la jura de animales de granja, Rafaela volvi\u00f3 a sobresalir"}]},{"@type":"WebSite","@id":"https:\/\/ruralrafaela.com.ar\/exporural2023\/#website","url":"https:\/\/ruralrafaela.com.ar\/exporural2023\/","name":"116 Expo Rural Rafaela 2023","description":"Sitio oficial de la Expo Rural Rafaela","publisher":{"@id":"https:\/\/ruralrafaela.com.ar\/exporural2023\/#organization"},"potentialAction":[{"@type":"SearchAction","target":{"@type":"EntryPoint","urlTemplate":"https:\/\/ruralrafaela.com.ar\/exporural2023\/?s={search_term_string}"},"query-input":{"@type":"PropertyValueSpecification","valueRequired":true,"valueName":"search_term_string"}}],"inLanguage":"es"},{"@type":"Organization","@id":"https:\/\/ruralrafaela.com.ar\/exporural2023\/#organization","name":"116 Expo Rural Rafaela 2023","url":"https:\/\/ruralrafaela.com.ar\/exporural2023\/","logo":{"@type":"ImageObject","inLanguage":"es","@id":"https:\/\/ruralrafaela.com.ar\/exporural2023\/#\/schema\/logo\/image\/","url":"https:\/\/ruralrafaela.com.ar\/exporural2023\/wp-content\/uploads\/sites\/21\/2023\/08\/cropped-logoH.jpg","contentUrl":"https:\/\/ruralrafaela.com.ar\/exporural2023\/wp-content\/uploads\/sites\/21\/2023\/08\/cropped-logoH.jpg","width":250,"height":57,"caption":"116 Expo Rural Rafaela 2023 "},"image":{"@id":"https:\/\/ruralrafaela.com.ar\/exporural2023\/#\/schema\/logo\/image\/"}},{"@type":"Person","@id":"https:\/\/ruralrafaela.com.ar\/exporural2023\/#\/schema\/person\/b944097647cc828e58952e18b2cc493c","name":"c1970093","image":{"@type":"ImageObject","inLanguage":"es","@id":"https:\/\/secure.gravatar.com\/avatar\/45cdd73f3ef44c305e0057b84921f5c4dc0bf41c5999db82505293a43118ff3e?s=96&d=mm&r=g","url":"https:\/\/secure.gravatar.com\/avatar\/45cdd73f3ef44c305e0057b84921f5c4dc0bf41c5999db82505293a43118ff3e?s=96&d=mm&r=g","contentUrl":"https:\/\/secure.gravatar.com\/avatar\/45cdd73f3ef44c305e0057b84921f5c4dc0bf41c5999db82505293a43118ff3e?s=96&d=mm&r=g","caption":"c1970093"},"url":"https:\/\/ruralrafaela.com.ar\/exporural2023\/author\/c1970093\/"}]}},"_links":{"self":[{"href":"https:\/\/ruralrafaela.com.ar\/exporural2023\/wp-json\/wp\/v2\/posts\/6626","targetHints":{"allow":["GET"]}}],"collection":[{"href":"https:\/\/ruralrafaela.com.ar\/exporural2023\/wp-json\/wp\/v2\/posts"}],"about":[{"href":"https:\/\/ruralrafaela.com.ar\/exporural2023\/wp-json\/wp\/v2\/types\/post"}],"author":[{"embeddable":true,"href":"https:\/\/ruralrafaela.com.ar\/exporural2023\/wp-json\/wp\/v2\/users\/2"}],"replies":[{"embeddable":true,"href":"https:\/\/ruralrafaela.com.ar\/exporural2023\/wp-json\/wp\/v2\/comments?post=6626"}],"version-history":[{"count":1,"href":"https:\/\/ruralrafaela.com.ar\/exporural2023\/wp-json\/wp\/v2\/posts\/6626\/revisions"}],"predecessor-version":[{"id":6628,"href":"https:\/\/ruralrafaela.com.ar\/exporural2023\/wp-json\/wp\/v2\/posts\/6626\/revisions\/6628"}],"wp:featuredmedia":[{"embeddable":true,"href":"https:\/\/ruralrafaela.com.ar\/exporural2023\/wp-json\/wp\/v2\/media\/6627"}],"wp:attachment":[{"href":"https:\/\/ruralrafaela.com.ar\/exporural2023\/wp-json\/wp\/v2\/media?parent=6626"}],"wp:term":[{"taxonomy":"category","embeddable":true,"href":"https:\/\/ruralrafaela.com.ar\/exporural2023\/wp-json\/wp\/v2\/categories?post=6626"},{"taxonomy":"post_tag","embeddable":true,"href":"https:\/\/ruralrafaela.com.ar\/exporural2023\/wp-json\/wp\/v2\/tags?post=6626"}],"curies":[{"name":"wp","href":"https:\/\/api.w.org\/{rel}","templated":true}]}}