{"id":6623,"date":"2023-09-24T16:27:22","date_gmt":"2023-09-24T16:27:22","guid":{"rendered":"https:\/\/ruralrafaela.com.ar\/exporural2023\/?p=6623"},"modified":"2023-09-24T16:27:23","modified_gmt":"2023-09-24T16:27:23","slug":"debemos-construir-futuro-para-el-campo-y-el-pais-sostuvo-norma-bessone-en-el-acto-inaugural-de-la-116-exporural-de-rafaela","status":"publish","type":"post","link":"https:\/\/ruralrafaela.com.ar\/exporural2023\/2023\/09\/24\/debemos-construir-futuro-para-el-campo-y-el-pais-sostuvo-norma-bessone-en-el-acto-inaugural-de-la-116-exporural-de-rafaela\/","title":{"rendered":"\u00abDebemos construir futuro para el campo y el pa\u00eds\u00bb sostuvo Norma Bessone en el acto inaugural de la 116\u00b0 ExpoRural de Rafaela"},"content":{"rendered":"\n<p><\/p>\n\n\n\n<p>En el \u00faltimo d\u00eda de la 116\u00b0 ExpoRural de Rafaela y la Regi\u00f3n se realiz\u00f3 el acto inaugural con los grandes campeones en la tradicional pista de Rafaela.<\/p>\n\n\n\n<p>Con un marco clim\u00e1tico que fue mejorando al llegar el mediod\u00eda, Norma Bessone, la presidente de la Sociedad Rural de Rafaela, estuvo acompa\u00f1ada por el resto de las autoridades de la entidad, pero tambi\u00e9n del presidente de Confederaciones Rurales Argentinas, Jorge Chemes; del secretario de la Confederaci\u00f3n de Asociaciones Rurales de Santa Fe, Ignacio M\u00e1ntaras; del ministro de la Producci\u00f3n de Santa Fe, Daniel Costamagna; del senador departamental, Alcides Calvo; el intendente saliente, Luis Castellano; el electo, Leonardo Viotti, otras autoridades de instituciones y entidades agropecuarias.<\/p>\n\n\n\n<p>A continuaci\u00f3n compartimos las palabras de la responsable de la instituci\u00f3n, en su \u00faltimo acto como tal, al cumplirse su mandato.<br><\/p>\n\n\n\n<p>Estamos en un a\u00f1o electoral en el cual la ciudadan\u00eda expresa agobio y necesidad de CAMBIO. Un momento que nos encuentra sumidos en incertidumbres y desavenencias.\u00a0\u2026<\/p>\n\n\n\n<p>Y a\u00fan a pesar del contexto, estamos aqu\u00ed, aunando esfuerzos, con humildad y con la misma paciencia que necesitamos para cada uno de los tiempos biol\u00f3gicos que requieren los diferentes tipos de producci\u00f3n, atentos a los&nbsp;ritmos y condiciones que define cada d\u00eda la naturaleza misma\u2026 y tambi\u00e9n con la convicci\u00f3n de que este momento hist\u00f3rico marca un punto de inflexi\u00f3n crucial para redefinir cambios estructurales en la sociedad.<\/p>\n\n\n\n<p>La enorme fortaleza de las instituciones, el entramado p\u00fablico privado con el acompa\u00f1amiento de auspiciantes, expositores y colaboradores conforma este GRAN EQUIPO DE TRABAJO que hoy nos permite inaugurar esta Expo 116, efectivo acercamiento entre campo y ciudad, complementos fundamentales para esta unidad generadora de innovaci\u00f3n y desarrollo\u2026&nbsp;GRACIAS\u2026!!! Esta&nbsp; Expo, inevitablemente se mueve al pulso del contexto dif\u00edcil que compartimos\u2026<\/p>\n\n\n\n<p>La falta de responsabilidad en el manejo de las cuentas del estado y las nuevas inequidades del sistema nos dejan at\u00f3nitos, mientras nuestra lecher\u00eda se desploma al vac\u00edo, nuestras unidades productivas desaparecen o corren serio riesgo de que esto ocurra en el corto plazo\u2026 Las recientes medidas anunciadas para los pr\u00f3ximos 90 d\u00edas no solucionan nuestros problemas\u2026<\/p>\n\n\n\n<p>Una antidemocr\u00e1tica aplicaci\u00f3n por derechos de exportaci\u00f3n hace que no vuelva al territorio el abusivo aporte que hace el campo, dej\u00e1ndonos con problemas de infraestructura, de conectividad, de energ\u00eda\u2026<\/p>\n\n\n\n<p>En este contexto se nos hace dif\u00edcil mantener el optimismo y la confianza aunque <strong>estamos absolutamente convencidos de que -a pesar de las dificultades- \u00a1debemos construir futuro para el campo y el pa\u00eds\u2026!&nbsp;<\/strong><\/p>\n\n\n\n<p><strong>Hay oportunidades, y no las podemos desaprovechar<\/strong>. Sabemos c\u00f3mo se est\u00e1 transformando la agricultura de precisi\u00f3n, su influencia en el incremento de productividad, en la mejora de la rentabilidad y en el impulso del desarrollo sostenible de los territorios poniendo especial \u00e9nfasis en el cuidado de los recursos naturales. Las tecnolog\u00edas y herramientas necesarias para conseguir esta transformaci\u00f3n est\u00e1n disponibles pero no siempre podemos llegar a ellas\u2026<\/p>\n\n\n\n<p>Tenemos ayudas del estado, pero son insuficientes. La pol\u00edtica se desentiende de los tiempos biol\u00f3gicos, con anuncios que muchas veces quedan solamente en palabras\u2026<\/p>\n\n\n\n<p>No olvidemos que gran parte de nuestros ciclos se extienden m\u00e1s all\u00e1 de los ciclos electivos\u2026<\/p>\n\n\n\n<p>No estamos sacando el m\u00e1ximo provecho de las oportunidades que nos presentan los mercados agr\u00edcolas internacionales. A la vez, asistimos a la destrucci\u00f3n de los mercados locales por las constantes intervenciones del Estado cada treinta d\u00edas\u2026 destrucci\u00f3n del mercado de la soja, del ma\u00edz\u2026 no se piensa con proyecci\u00f3n a futuro, sino para intereses ocasionales, estrictamente recaudatorios o electoralistas. El productor, de esta manera, se descapitaliza a futuro y pierde la posibilidad de reinvertir y mejorar la competitividad\u2026<\/p>\n\n\n\n<p>Uno de los grandes desaf\u00edos de hoy es dar alimentos a una poblaci\u00f3n mundial cada vez mayor. Podemos producir m\u00e1s, \u00a1es evidente! Pero necesitamos pol\u00edticas agropecuarias que nos lo permitan, con l\u00edneas de financiamiento y oportunidades de capacitaci\u00f3n para acompa\u00f1ar al productor en los procesos de digitalizaci\u00f3n. Debemos considerar al campo como factor de desarrollo y la tecnolog\u00eda debe acercarnos a la sostenibilidad, donde todo el ecosistema agropecuario debe alinearse.<\/p>\n\n\n\n<p>Corresponde incluir los temas ambientales como prioridad de agenda, porque las exigencias internacionales ya est\u00e1n presentes. Argentina est\u00e1 bien posicionada frente a esas demandas pero necesitamos que nuestros productores puedan trabajar sin presiones. Las BPAs deben ser formalizadas y visibilizadas para generar confianza en la sociedad. Nuestras PYMES agropecuarias, sin dudas, necesitan buscar su desarrollo empresarial en la producci\u00f3n por triple impacto (econ\u00f3mico, social y ambiental).<\/p>\n\n\n\n<p>La ganader\u00eda tambi\u00e9n es asolada por la sequ\u00eda y con pol\u00edticas p\u00fablicas desacertadas tiene altos \u00edndices de descapitalizaci\u00f3n. Se requerir\u00e1n como m\u00ednimo dos a\u00f1os para recuperar el actual stock ganadero, con riesgos de que la extensi\u00f3n en el tiempo sea a\u00fan mayor\u2026<\/p>\n\n\n\n<p>Mientras tanto, crece s\u00f3lidamente la demanda internacional a la cual no se puede dar respuesta. Se requiere del trabajo fuerte desde las entidades, no solo para ganar o consolidar mercados, sino impulsando negocios que nos permitan ser m\u00e1s eficientes.<\/p>\n\n\n\n<p>No debemos olvidar las producciones alternativas dentro de las econom\u00edas regionales, ya que ofrecen un importante potencial. Y para eso debemos acompa\u00f1ar al productor para profesionalizar su trabajo, d\u00e1ndole m\u00e1s sustentabilidad para su crecimiento y desarrollo, hoy realizado netamente desde lo afectivo emocional.<\/p>\n\n\n\n<p>Necesitamos un estado efectivamente presente y reglas claras que nos permitan la previsibilidad, la capacidad de planificaci\u00f3n y la seguridad jur\u00eddica\u2026 Reducir la carga impositiva para favorecer la inversi\u00f3n local es imprescindible\u2026!!<\/p>\n\n\n\n<p>Tenemos talentos y recursos m\u00e1s que suficientes\u2026 no necesitamos la permanente intervenci\u00f3n del Estado, ni tampoco subsidios\u2026<\/p>\n\n\n\n<p><em><strong>Solamente reclamamos pol\u00edticas de estado que nos permitan trabajar, invertir y desarrollarnos conforme a lo que el mundo demanda con respecto a la producci\u00f3n de alimentos\u2026<\/strong><\/em><\/p>\n\n\n\n<p><em><strong>Necesitamos legisladores que valoren el sistema econ\u00f3mico productivo del pa\u00eds\u2026 los derechos de exportaci\u00f3n deben ser un tema prioritario de la agenda legislativa\u2026<\/strong><\/em><\/p>\n\n\n\n<p>Los tiempos que llegan requieren de un liderazgo firme, de consensos y de acuerdos, de re estructuraciones de base\u2026nuestros dirigentes deben ver en la pol\u00edtica un servicio y no un medio de vida\u2026<\/p>\n\n\n\n<p>Y tambi\u00e9n es verdad que desde el sector agropecuario debemos involucrarnos m\u00e1s\u2026 Ocuparnos por llegar a los espacios que definen a las pol\u00edticas p\u00fablicas\u2026 Llegar a las mesas de debate, de consensos y con funcionarios referentes en el tema por tratar\u2026 Las improvisaciones deben quedar descartadas! Basta con mirar la fortaleza institucional y el crecimiento econ\u00f3mico de nuestros pa\u00edses vecinos&#8230;&nbsp;<\/p>\n\n\n\n<p>En este marco de la Expo, que evidencia el alt\u00edsimo valor de la producci\u00f3n regional a\u00fan en el contexto m\u00e1s dif\u00edcil, tengamos presente que esta econom\u00eda en colapso tiene alto impacto negativo en la educaci\u00f3n\u2026! Y no debemos permitirlo\u2026!<\/p>\n\n\n\n<p>Como miembros de esta valiosa comunidad, sabemos que la cultura del trabajo es el pilar sobre el cual se sustenta nuestra fortaleza. Y la juventud -que se incorpora con entusiasmo y pasi\u00f3n- es la promesa de un ma\u00f1ana a\u00fan m\u00e1s brillante.&nbsp;<\/p>\n\n\n\n<p>La descripci\u00f3n de un panorama complejo y preocupante no debe desmerecer el constante trabajo coordinado durante estos a\u00f1os junto a la Municipalidad de Rafaela con respecto a diferentes problem\u00e1ticas sectoriales y globales, con importantes objetivos logrados\u2026 Nuestra Mesa de Seguridad incluye hacer realidad la guardia rural Los Pumas en Bella Italia, adem\u00e1s de avances en problem\u00e1ticas periurbanas\u2026 Esta gesti\u00f3n coordinada merece continuidad en la pr\u00f3xima gesti\u00f3n para la soluci\u00f3n de las cuestiones pendientes\u2026<\/p>\n\n\n\n<p>Y tambi\u00e9n las constantes intervenciones junto al equipo del Ministerio de la Producci\u00f3n, Ciencia y Tecnolog\u00eda nos han permitido crecer como instituci\u00f3n y participar frecuentemente de mesas de debates con tem\u00e1ticas relevantes para el sector\u2026<\/p>\n\n\n\n<p>Caminos de la ruralidad es una realidad important\u00edsima&nbsp; que merece fortalecerse en la agenda de la futura gesti\u00f3n, adquiriendo fuerza de Ley\u2026 la poblaci\u00f3n rural tambi\u00e9n necesita los servicios propios del \u00e1mbito urbano\u2026<\/p>\n\n\n\n<p>Es innegable que enfrentamos desaf\u00edos, retos que requieren soluciones conjuntas con visiones a largo plazo.<\/p>\n\n\n\n<p>Debemos mantener una actitud abierta al di\u00e1logo y al consenso con la dirigencia pol\u00edtica. Sabemos que nuestros intereses no siempre coincidir\u00e1n, pero la \u00fanica manera de avanzar es construyendo puentes, no muros. La naturaleza no destruye, solo suma lo nuevo.<\/p>\n\n\n\n<p>Desde la Sociedad Rural de Rafaela expresamos p\u00fablicamente nuestro compromiso con el di\u00e1logo, con el entendimiento\u2026 hemos demostrado una y otra vez que la colaboraci\u00f3n y la unidad son la clave para superar cualquier obst\u00e1culo.&nbsp;<\/p>\n\n\n\n<p>Juntos, somos imparables.<\/p>\n\n\n\n<p>Juntos, podemos lograr un futuro m\u00e1s pr\u00f3spero y sostenible para todos.<\/p>\n\n\n\n<p>Juntos, podemos construir un mejor porvenir para las generaciones venideras. Es la sinergia que se necesita para dejar de empe\u00f1ar el futuro\u2026<\/p>\n\n\n\n<p>Gracias a todos por su compromiso, por ser parte de esta gran familia agropecuaria y sobre todo POR ESTAR\u2026<\/p>\n","protected":false},"excerpt":{"rendered":"<p>En el \u00faltimo d\u00eda de la 116\u00b0 ExpoRural de Rafaela y la Regi\u00f3n se realiz\u00f3 el acto inaugural con los grandes campeones en la tradicional pista de Rafaela. Con un marco clim\u00e1tico que fue mejorando al llegar el mediod\u00eda, Norma Bessone, la presidente de la Sociedad Rural de Rafaela, estuvo acompa\u00f1ada por el resto de [&hellip;]<\/p>\n","protected":false},"author":2,"featured_media":6624,"comment_status":"closed","ping_status":"open","sticky":false,"template":"","format":"standard","meta":{"ocean_post_layout":"","ocean_both_sidebars_style":"","ocean_both_sidebars_content_width":0,"ocean_both_sidebars_sidebars_width":0,"ocean_sidebar":"","ocean_second_sidebar":"","ocean_disable_margins":"enable","ocean_add_body_class":"","ocean_shortcode_before_top_bar":"","ocean_shortcode_after_top_bar":"","ocean_shortcode_before_header":"","ocean_shortcode_after_header":"","ocean_has_shortcode":"","ocean_shortcode_after_title":"","ocean_shortcode_before_footer_widgets":"","ocean_shortcode_after_footer_widgets":"","ocean_shortcode_before_footer_bottom":"","ocean_shortcode_after_footer_bottom":"","ocean_display_top_bar":"default","ocean_display_header":"default","ocean_header_style":"","ocean_center_header_left_menu":"","ocean_custom_header_template":"","ocean_custom_logo":0,"ocean_custom_retina_logo":0,"ocean_custom_logo_max_width":0,"ocean_custom_logo_tablet_max_width":0,"ocean_custom_logo_mobile_max_width":0,"ocean_custom_logo_max_height":0,"ocean_custom_logo_tablet_max_height":0,"ocean_custom_logo_mobile_max_height":0,"ocean_header_custom_menu":"","ocean_menu_typo_font_family":"","ocean_menu_typo_font_subset":"","ocean_menu_typo_font_size":0,"ocean_menu_typo_font_size_tablet":0,"ocean_menu_typo_font_size_mobile":0,"ocean_menu_typo_font_size_unit":"px","ocean_menu_typo_font_weight":"","ocean_menu_typo_font_weight_tablet":"","ocean_menu_typo_font_weight_mobile":"","ocean_menu_typo_transform":"","ocean_menu_typo_transform_tablet":"","ocean_menu_typo_transform_mobile":"","ocean_menu_typo_line_height":0,"ocean_menu_typo_line_height_tablet":0,"ocean_menu_typo_line_height_mobile":0,"ocean_menu_typo_line_height_unit":"","ocean_menu_typo_spacing":0,"ocean_menu_typo_spacing_tablet":0,"ocean_menu_typo_spacing_mobile":0,"ocean_menu_typo_spacing_unit":"","ocean_menu_link_color":"","ocean_menu_link_color_hover":"","ocean_menu_link_color_active":"","ocean_menu_link_background":"","ocean_menu_link_hover_background":"","ocean_menu_link_active_background":"","ocean_menu_social_links_bg":"","ocean_menu_social_hover_links_bg":"","ocean_menu_social_links_color":"","ocean_menu_social_hover_links_color":"","ocean_disable_title":"default","ocean_disable_heading":"default","ocean_post_title":"","ocean_post_subheading":"","ocean_post_title_style":"","ocean_post_title_background_color":"","ocean_post_title_background":0,"ocean_post_title_bg_image_position":"","ocean_post_title_bg_image_attachment":"","ocean_post_title_bg_image_repeat":"","ocean_post_title_bg_image_size":"","ocean_post_title_height":0,"ocean_post_title_bg_overlay":0.5,"ocean_post_title_bg_overlay_color":"","ocean_disable_breadcrumbs":"default","ocean_breadcrumbs_color":"","ocean_breadcrumbs_separator_color":"","ocean_breadcrumbs_links_color":"","ocean_breadcrumbs_links_hover_color":"","ocean_display_footer_widgets":"default","ocean_display_footer_bottom":"default","ocean_custom_footer_template":"","_joinchat":[],"ocean_post_oembed":"","ocean_post_self_hosted_media":"","ocean_post_video_embed":"","ocean_link_format":"","ocean_link_format_target":"self","ocean_quote_format":"","ocean_quote_format_link":"post","ocean_gallery_link_images":"on","ocean_gallery_id":[],"footnotes":""},"categories":[43],"tags":[],"class_list":["post-6623","post","type-post","status-publish","format-standard","has-post-thumbnail","hentry","category-expo-rural-2023","entry","has-media"],"yoast_head":"<!-- This site is optimized with the Yoast SEO plugin v27.5 - https:\/\/yoast.com\/product\/yoast-seo-wordpress\/ -->\n<title>&quot;Debemos construir futuro para el campo y el pa\u00eds&quot; sostuvo Norma Bessone en el acto inaugural de la 116\u00b0 ExpoRural de Rafaela - 116 Expo Rural Rafaela 2023<\/title>\n<meta name=\"robots\" content=\"index, follow, max-snippet:-1, max-image-preview:large, max-video-preview:-1\" \/>\n<link rel=\"canonical\" href=\"https:\/\/ruralrafaela.com.ar\/exporural2023\/2023\/09\/24\/debemos-construir-futuro-para-el-campo-y-el-pais-sostuvo-norma-bessone-en-el-acto-inaugural-de-la-116-exporural-de-rafaela\/\" \/>\n<meta property=\"og:locale\" content=\"es_ES\" \/>\n<meta property=\"og:type\" content=\"article\" \/>\n<meta property=\"og:title\" content=\"&quot;Debemos construir futuro para el campo y el pa\u00eds&quot; sostuvo Norma Bessone en el acto inaugural de la 116\u00b0 ExpoRural de Rafaela - 116 Expo Rural Rafaela 2023\" \/>\n<meta property=\"og:description\" content=\"En el \u00faltimo d\u00eda de la 116\u00b0 ExpoRural de Rafaela y la Regi\u00f3n se realiz\u00f3 el acto inaugural con los grandes campeones en la tradicional pista de Rafaela. Con un marco clim\u00e1tico que fue mejorando al llegar el mediod\u00eda, Norma Bessone, la presidente de la Sociedad Rural de Rafaela, estuvo acompa\u00f1ada por el resto de [&hellip;]\" \/>\n<meta property=\"og:url\" content=\"https:\/\/ruralrafaela.com.ar\/exporural2023\/2023\/09\/24\/debemos-construir-futuro-para-el-campo-y-el-pais-sostuvo-norma-bessone-en-el-acto-inaugural-de-la-116-exporural-de-rafaela\/\" \/>\n<meta property=\"og:site_name\" content=\"116 Expo Rural Rafaela 2023\" \/>\n<meta property=\"article:published_time\" content=\"2023-09-24T16:27:22+00:00\" \/>\n<meta property=\"article:modified_time\" content=\"2023-09-24T16:27:23+00:00\" \/>\n<meta property=\"og:image\" content=\"https:\/\/ruralrafaela.com.ar\/exporural2023\/wp-content\/uploads\/sites\/21\/2023\/09\/Imagen-de-WhatsApp-2023-09-24-a-las-13.25.09.jpg\" \/>\n\t<meta property=\"og:image:width\" content=\"1600\" \/>\n\t<meta property=\"og:image:height\" content=\"720\" \/>\n\t<meta property=\"og:image:type\" content=\"image\/jpeg\" \/>\n<meta name=\"author\" content=\"c1970093\" \/>\n<meta name=\"twitter:card\" content=\"summary_large_image\" \/>\n<meta name=\"twitter:label1\" content=\"Escrito por\" \/>\n\t<meta name=\"twitter:data1\" content=\"c1970093\" \/>\n\t<meta name=\"twitter:label2\" content=\"Tiempo de lectura\" \/>\n\t<meta name=\"twitter:data2\" content=\"7 minutos\" \/>\n<script type=\"application\/ld+json\" class=\"yoast-schema-graph\">{\"@context\":\"https:\\\/\\\/schema.org\",\"@graph\":[{\"@type\":\"Article\",\"@id\":\"https:\\\/\\\/ruralrafaela.com.ar\\\/exporural2023\\\/2023\\\/09\\\/24\\\/debemos-construir-futuro-para-el-campo-y-el-pais-sostuvo-norma-bessone-en-el-acto-inaugural-de-la-116-exporural-de-rafaela\\\/#article\",\"isPartOf\":{\"@id\":\"https:\\\/\\\/ruralrafaela.com.ar\\\/exporural2023\\\/2023\\\/09\\\/24\\\/debemos-construir-futuro-para-el-campo-y-el-pais-sostuvo-norma-bessone-en-el-acto-inaugural-de-la-116-exporural-de-rafaela\\\/\"},\"author\":{\"name\":\"c1970093\",\"@id\":\"https:\\\/\\\/ruralrafaela.com.ar\\\/exporural2023\\\/#\\\/schema\\\/person\\\/b944097647cc828e58952e18b2cc493c\"},\"headline\":\"\u00abDebemos construir futuro para el campo y el pa\u00eds\u00bb sostuvo Norma Bessone en el acto inaugural de la 116\u00b0 ExpoRural de Rafaela\",\"datePublished\":\"2023-09-24T16:27:22+00:00\",\"dateModified\":\"2023-09-24T16:27:23+00:00\",\"mainEntityOfPage\":{\"@id\":\"https:\\\/\\\/ruralrafaela.com.ar\\\/exporural2023\\\/2023\\\/09\\\/24\\\/debemos-construir-futuro-para-el-campo-y-el-pais-sostuvo-norma-bessone-en-el-acto-inaugural-de-la-116-exporural-de-rafaela\\\/\"},\"wordCount\":1578,\"publisher\":{\"@id\":\"https:\\\/\\\/ruralrafaela.com.ar\\\/exporural2023\\\/#organization\"},\"image\":{\"@id\":\"https:\\\/\\\/ruralrafaela.com.ar\\\/exporural2023\\\/2023\\\/09\\\/24\\\/debemos-construir-futuro-para-el-campo-y-el-pais-sostuvo-norma-bessone-en-el-acto-inaugural-de-la-116-exporural-de-rafaela\\\/#primaryimage\"},\"thumbnailUrl\":\"https:\\\/\\\/ruralrafaela.com.ar\\\/exporural2023\\\/wp-content\\\/uploads\\\/sites\\\/21\\\/2023\\\/09\\\/Imagen-de-WhatsApp-2023-09-24-a-las-13.25.09.jpg\",\"articleSection\":[\"Expo Rural 2023\"],\"inLanguage\":\"es\"},{\"@type\":\"WebPage\",\"@id\":\"https:\\\/\\\/ruralrafaela.com.ar\\\/exporural2023\\\/2023\\\/09\\\/24\\\/debemos-construir-futuro-para-el-campo-y-el-pais-sostuvo-norma-bessone-en-el-acto-inaugural-de-la-116-exporural-de-rafaela\\\/\",\"url\":\"https:\\\/\\\/ruralrafaela.com.ar\\\/exporural2023\\\/2023\\\/09\\\/24\\\/debemos-construir-futuro-para-el-campo-y-el-pais-sostuvo-norma-bessone-en-el-acto-inaugural-de-la-116-exporural-de-rafaela\\\/\",\"name\":\"\\\"Debemos construir futuro para el campo y el pa\u00eds\\\" sostuvo Norma Bessone en el acto inaugural de la 116\u00b0 ExpoRural de Rafaela - 116 Expo Rural Rafaela 2023\",\"isPartOf\":{\"@id\":\"https:\\\/\\\/ruralrafaela.com.ar\\\/exporural2023\\\/#website\"},\"primaryImageOfPage\":{\"@id\":\"https:\\\/\\\/ruralrafaela.com.ar\\\/exporural2023\\\/2023\\\/09\\\/24\\\/debemos-construir-futuro-para-el-campo-y-el-pais-sostuvo-norma-bessone-en-el-acto-inaugural-de-la-116-exporural-de-rafaela\\\/#primaryimage\"},\"image\":{\"@id\":\"https:\\\/\\\/ruralrafaela.com.ar\\\/exporural2023\\\/2023\\\/09\\\/24\\\/debemos-construir-futuro-para-el-campo-y-el-pais-sostuvo-norma-bessone-en-el-acto-inaugural-de-la-116-exporural-de-rafaela\\\/#primaryimage\"},\"thumbnailUrl\":\"https:\\\/\\\/ruralrafaela.com.ar\\\/exporural2023\\\/wp-content\\\/uploads\\\/sites\\\/21\\\/2023\\\/09\\\/Imagen-de-WhatsApp-2023-09-24-a-las-13.25.09.jpg\",\"datePublished\":\"2023-09-24T16:27:22+00:00\",\"dateModified\":\"2023-09-24T16:27:23+00:00\",\"breadcrumb\":{\"@id\":\"https:\\\/\\\/ruralrafaela.com.ar\\\/exporural2023\\\/2023\\\/09\\\/24\\\/debemos-construir-futuro-para-el-campo-y-el-pais-sostuvo-norma-bessone-en-el-acto-inaugural-de-la-116-exporural-de-rafaela\\\/#breadcrumb\"},\"inLanguage\":\"es\",\"potentialAction\":[{\"@type\":\"ReadAction\",\"target\":[\"https:\\\/\\\/ruralrafaela.com.ar\\\/exporural2023\\\/2023\\\/09\\\/24\\\/debemos-construir-futuro-para-el-campo-y-el-pais-sostuvo-norma-bessone-en-el-acto-inaugural-de-la-116-exporural-de-rafaela\\\/\"]}]},{\"@type\":\"ImageObject\",\"inLanguage\":\"es\",\"@id\":\"https:\\\/\\\/ruralrafaela.com.ar\\\/exporural2023\\\/2023\\\/09\\\/24\\\/debemos-construir-futuro-para-el-campo-y-el-pais-sostuvo-norma-bessone-en-el-acto-inaugural-de-la-116-exporural-de-rafaela\\\/#primaryimage\",\"url\":\"https:\\\/\\\/ruralrafaela.com.ar\\\/exporural2023\\\/wp-content\\\/uploads\\\/sites\\\/21\\\/2023\\\/09\\\/Imagen-de-WhatsApp-2023-09-24-a-las-13.25.09.jpg\",\"contentUrl\":\"https:\\\/\\\/ruralrafaela.com.ar\\\/exporural2023\\\/wp-content\\\/uploads\\\/sites\\\/21\\\/2023\\\/09\\\/Imagen-de-WhatsApp-2023-09-24-a-las-13.25.09.jpg\",\"width\":\"1600\",\"height\":\"720\"},{\"@type\":\"BreadcrumbList\",\"@id\":\"https:\\\/\\\/ruralrafaela.com.ar\\\/exporural2023\\\/2023\\\/09\\\/24\\\/debemos-construir-futuro-para-el-campo-y-el-pais-sostuvo-norma-bessone-en-el-acto-inaugural-de-la-116-exporural-de-rafaela\\\/#breadcrumb\",\"itemListElement\":[{\"@type\":\"ListItem\",\"position\":1,\"name\":\"Portada\",\"item\":\"https:\\\/\\\/ruralrafaela.com.ar\\\/exporural2023\\\/\"},{\"@type\":\"ListItem\",\"position\":2,\"name\":\"\u00abDebemos construir futuro para el campo y el pa\u00eds\u00bb sostuvo Norma Bessone en el acto inaugural de la 116\u00b0 ExpoRural de Rafaela\"}]},{\"@type\":\"WebSite\",\"@id\":\"https:\\\/\\\/ruralrafaela.com.ar\\\/exporural2023\\\/#website\",\"url\":\"https:\\\/\\\/ruralrafaela.com.ar\\\/exporural2023\\\/\",\"name\":\"116 Expo Rural Rafaela 2023\",\"description\":\"Sitio oficial de la Expo Rural Rafaela\",\"publisher\":{\"@id\":\"https:\\\/\\\/ruralrafaela.com.ar\\\/exporural2023\\\/#organization\"},\"potentialAction\":[{\"@type\":\"SearchAction\",\"target\":{\"@type\":\"EntryPoint\",\"urlTemplate\":\"https:\\\/\\\/ruralrafaela.com.ar\\\/exporural2023\\\/?s={search_term_string}\"},\"query-input\":{\"@type\":\"PropertyValueSpecification\",\"valueRequired\":true,\"valueName\":\"search_term_string\"}}],\"inLanguage\":\"es\"},{\"@type\":\"Organization\",\"@id\":\"https:\\\/\\\/ruralrafaela.com.ar\\\/exporural2023\\\/#organization\",\"name\":\"116 Expo Rural Rafaela 2023\",\"url\":\"https:\\\/\\\/ruralrafaela.com.ar\\\/exporural2023\\\/\",\"logo\":{\"@type\":\"ImageObject\",\"inLanguage\":\"es\",\"@id\":\"https:\\\/\\\/ruralrafaela.com.ar\\\/exporural2023\\\/#\\\/schema\\\/logo\\\/image\\\/\",\"url\":\"https:\\\/\\\/ruralrafaela.com.ar\\\/exporural2023\\\/wp-content\\\/uploads\\\/sites\\\/21\\\/2023\\\/08\\\/cropped-logoH.jpg\",\"contentUrl\":\"https:\\\/\\\/ruralrafaela.com.ar\\\/exporural2023\\\/wp-content\\\/uploads\\\/sites\\\/21\\\/2023\\\/08\\\/cropped-logoH.jpg\",\"width\":250,\"height\":57,\"caption\":\"116 Expo Rural Rafaela 2023 \"},\"image\":{\"@id\":\"https:\\\/\\\/ruralrafaela.com.ar\\\/exporural2023\\\/#\\\/schema\\\/logo\\\/image\\\/\"}},{\"@type\":\"Person\",\"@id\":\"https:\\\/\\\/ruralrafaela.com.ar\\\/exporural2023\\\/#\\\/schema\\\/person\\\/b944097647cc828e58952e18b2cc493c\",\"name\":\"c1970093\",\"image\":{\"@type\":\"ImageObject\",\"inLanguage\":\"es\",\"@id\":\"https:\\\/\\\/secure.gravatar.com\\\/avatar\\\/45cdd73f3ef44c305e0057b84921f5c4dc0bf41c5999db82505293a43118ff3e?s=96&d=mm&r=g\",\"url\":\"https:\\\/\\\/secure.gravatar.com\\\/avatar\\\/45cdd73f3ef44c305e0057b84921f5c4dc0bf41c5999db82505293a43118ff3e?s=96&d=mm&r=g\",\"contentUrl\":\"https:\\\/\\\/secure.gravatar.com\\\/avatar\\\/45cdd73f3ef44c305e0057b84921f5c4dc0bf41c5999db82505293a43118ff3e?s=96&d=mm&r=g\",\"caption\":\"c1970093\"},\"url\":\"https:\\\/\\\/ruralrafaela.com.ar\\\/exporural2023\\\/author\\\/c1970093\\\/\"}]}<\/script>\n<!-- \/ Yoast SEO plugin. -->","yoast_head_json":{"title":"\"Debemos construir futuro para el campo y el pa\u00eds\" sostuvo Norma Bessone en el acto inaugural de la 116\u00b0 ExpoRural de Rafaela - 116 Expo Rural Rafaela 2023","robots":{"index":"index","follow":"follow","max-snippet":"max-snippet:-1","max-image-preview":"max-image-preview:large","max-video-preview":"max-video-preview:-1"},"canonical":"https:\/\/ruralrafaela.com.ar\/exporural2023\/2023\/09\/24\/debemos-construir-futuro-para-el-campo-y-el-pais-sostuvo-norma-bessone-en-el-acto-inaugural-de-la-116-exporural-de-rafaela\/","og_locale":"es_ES","og_type":"article","og_title":"\"Debemos construir futuro para el campo y el pa\u00eds\" sostuvo Norma Bessone en el acto inaugural de la 116\u00b0 ExpoRural de Rafaela - 116 Expo Rural Rafaela 2023","og_description":"En el \u00faltimo d\u00eda de la 116\u00b0 ExpoRural de Rafaela y la Regi\u00f3n se realiz\u00f3 el acto inaugural con los grandes campeones en la tradicional pista de Rafaela. Con un marco clim\u00e1tico que fue mejorando al llegar el mediod\u00eda, Norma Bessone, la presidente de la Sociedad Rural de Rafaela, estuvo acompa\u00f1ada por el resto de [&hellip;]","og_url":"https:\/\/ruralrafaela.com.ar\/exporural2023\/2023\/09\/24\/debemos-construir-futuro-para-el-campo-y-el-pais-sostuvo-norma-bessone-en-el-acto-inaugural-de-la-116-exporural-de-rafaela\/","og_site_name":"116 Expo Rural Rafaela 2023","article_published_time":"2023-09-24T16:27:22+00:00","article_modified_time":"2023-09-24T16:27:23+00:00","og_image":[{"width":1600,"height":720,"url":"https:\/\/ruralrafaela.com.ar\/exporural2023\/wp-content\/uploads\/sites\/21\/2023\/09\/Imagen-de-WhatsApp-2023-09-24-a-las-13.25.09.jpg","type":"image\/jpeg"}],"author":"c1970093","twitter_card":"summary_large_image","twitter_misc":{"Escrito por":"c1970093","Tiempo de lectura":"7 minutos"},"schema":{"@context":"https:\/\/schema.org","@graph":[{"@type":"Article","@id":"https:\/\/ruralrafaela.com.ar\/exporural2023\/2023\/09\/24\/debemos-construir-futuro-para-el-campo-y-el-pais-sostuvo-norma-bessone-en-el-acto-inaugural-de-la-116-exporural-de-rafaela\/#article","isPartOf":{"@id":"https:\/\/ruralrafaela.com.ar\/exporural2023\/2023\/09\/24\/debemos-construir-futuro-para-el-campo-y-el-pais-sostuvo-norma-bessone-en-el-acto-inaugural-de-la-116-exporural-de-rafaela\/"},"author":{"name":"c1970093","@id":"https:\/\/ruralrafaela.com.ar\/exporural2023\/#\/schema\/person\/b944097647cc828e58952e18b2cc493c"},"headline":"\u00abDebemos construir futuro para el campo y el pa\u00eds\u00bb sostuvo Norma Bessone en el acto inaugural de la 116\u00b0 ExpoRural de Rafaela","datePublished":"2023-09-24T16:27:22+00:00","dateModified":"2023-09-24T16:27:23+00:00","mainEntityOfPage":{"@id":"https:\/\/ruralrafaela.com.ar\/exporural2023\/2023\/09\/24\/debemos-construir-futuro-para-el-campo-y-el-pais-sostuvo-norma-bessone-en-el-acto-inaugural-de-la-116-exporural-de-rafaela\/"},"wordCount":1578,"publisher":{"@id":"https:\/\/ruralrafaela.com.ar\/exporural2023\/#organization"},"image":{"@id":"https:\/\/ruralrafaela.com.ar\/exporural2023\/2023\/09\/24\/debemos-construir-futuro-para-el-campo-y-el-pais-sostuvo-norma-bessone-en-el-acto-inaugural-de-la-116-exporural-de-rafaela\/#primaryimage"},"thumbnailUrl":"https:\/\/ruralrafaela.com.ar\/exporural2023\/wp-content\/uploads\/sites\/21\/2023\/09\/Imagen-de-WhatsApp-2023-09-24-a-las-13.25.09.jpg","articleSection":["Expo Rural 2023"],"inLanguage":"es"},{"@type":"WebPage","@id":"https:\/\/ruralrafaela.com.ar\/exporural2023\/2023\/09\/24\/debemos-construir-futuro-para-el-campo-y-el-pais-sostuvo-norma-bessone-en-el-acto-inaugural-de-la-116-exporural-de-rafaela\/","url":"https:\/\/ruralrafaela.com.ar\/exporural2023\/2023\/09\/24\/debemos-construir-futuro-para-el-campo-y-el-pais-sostuvo-norma-bessone-en-el-acto-inaugural-de-la-116-exporural-de-rafaela\/","name":"\"Debemos construir futuro para el campo y el pa\u00eds\" sostuvo Norma Bessone en el acto inaugural de la 116\u00b0 ExpoRural de Rafaela - 116 Expo Rural Rafaela 2023","isPartOf":{"@id":"https:\/\/ruralrafaela.com.ar\/exporural2023\/#website"},"primaryImageOfPage":{"@id":"https:\/\/ruralrafaela.com.ar\/exporural2023\/2023\/09\/24\/debemos-construir-futuro-para-el-campo-y-el-pais-sostuvo-norma-bessone-en-el-acto-inaugural-de-la-116-exporural-de-rafaela\/#primaryimage"},"image":{"@id":"https:\/\/ruralrafaela.com.ar\/exporural2023\/2023\/09\/24\/debemos-construir-futuro-para-el-campo-y-el-pais-sostuvo-norma-bessone-en-el-acto-inaugural-de-la-116-exporural-de-rafaela\/#primaryimage"},"thumbnailUrl":"https:\/\/ruralrafaela.com.ar\/exporural2023\/wp-content\/uploads\/sites\/21\/2023\/09\/Imagen-de-WhatsApp-2023-09-24-a-las-13.25.09.jpg","datePublished":"2023-09-24T16:27:22+00:00","dateModified":"2023-09-24T16:27:23+00:00","breadcrumb":{"@id":"https:\/\/ruralrafaela.com.ar\/exporural2023\/2023\/09\/24\/debemos-construir-futuro-para-el-campo-y-el-pais-sostuvo-norma-bessone-en-el-acto-inaugural-de-la-116-exporural-de-rafaela\/#breadcrumb"},"inLanguage":"es","potentialAction":[{"@type":"ReadAction","target":["https:\/\/ruralrafaela.com.ar\/exporural2023\/2023\/09\/24\/debemos-construir-futuro-para-el-campo-y-el-pais-sostuvo-norma-bessone-en-el-acto-inaugural-de-la-116-exporural-de-rafaela\/"]}]},{"@type":"ImageObject","inLanguage":"es","@id":"https:\/\/ruralrafaela.com.ar\/exporural2023\/2023\/09\/24\/debemos-construir-futuro-para-el-campo-y-el-pais-sostuvo-norma-bessone-en-el-acto-inaugural-de-la-116-exporural-de-rafaela\/#primaryimage","url":"https:\/\/ruralrafaela.com.ar\/exporural2023\/wp-content\/uploads\/sites\/21\/2023\/09\/Imagen-de-WhatsApp-2023-09-24-a-las-13.25.09.jpg","contentUrl":"https:\/\/ruralrafaela.com.ar\/exporural2023\/wp-content\/uploads\/sites\/21\/2023\/09\/Imagen-de-WhatsApp-2023-09-24-a-las-13.25.09.jpg","width":"1600","height":"720"},{"@type":"BreadcrumbList","@id":"https:\/\/ruralrafaela.com.ar\/exporural2023\/2023\/09\/24\/debemos-construir-futuro-para-el-campo-y-el-pais-sostuvo-norma-bessone-en-el-acto-inaugural-de-la-116-exporural-de-rafaela\/#breadcrumb","itemListElement":[{"@type":"ListItem","position":1,"name":"Portada","item":"https:\/\/ruralrafaela.com.ar\/exporural2023\/"},{"@type":"ListItem","position":2,"name":"\u00abDebemos construir futuro para el campo y el pa\u00eds\u00bb sostuvo Norma Bessone en el acto inaugural de la 116\u00b0 ExpoRural de Rafaela"}]},{"@type":"WebSite","@id":"https:\/\/ruralrafaela.com.ar\/exporural2023\/#website","url":"https:\/\/ruralrafaela.com.ar\/exporural2023\/","name":"116 Expo Rural Rafaela 2023","description":"Sitio oficial de la Expo Rural Rafaela","publisher":{"@id":"https:\/\/ruralrafaela.com.ar\/exporural2023\/#organization"},"potentialAction":[{"@type":"SearchAction","target":{"@type":"EntryPoint","urlTemplate":"https:\/\/ruralrafaela.com.ar\/exporural2023\/?s={search_term_string}"},"query-input":{"@type":"PropertyValueSpecification","valueRequired":true,"valueName":"search_term_string"}}],"inLanguage":"es"},{"@type":"Organization","@id":"https:\/\/ruralrafaela.com.ar\/exporural2023\/#organization","name":"116 Expo Rural Rafaela 2023","url":"https:\/\/ruralrafaela.com.ar\/exporural2023\/","logo":{"@type":"ImageObject","inLanguage":"es","@id":"https:\/\/ruralrafaela.com.ar\/exporural2023\/#\/schema\/logo\/image\/","url":"https:\/\/ruralrafaela.com.ar\/exporural2023\/wp-content\/uploads\/sites\/21\/2023\/08\/cropped-logoH.jpg","contentUrl":"https:\/\/ruralrafaela.com.ar\/exporural2023\/wp-content\/uploads\/sites\/21\/2023\/08\/cropped-logoH.jpg","width":250,"height":57,"caption":"116 Expo Rural Rafaela 2023 "},"image":{"@id":"https:\/\/ruralrafaela.com.ar\/exporural2023\/#\/schema\/logo\/image\/"}},{"@type":"Person","@id":"https:\/\/ruralrafaela.com.ar\/exporural2023\/#\/schema\/person\/b944097647cc828e58952e18b2cc493c","name":"c1970093","image":{"@type":"ImageObject","inLanguage":"es","@id":"https:\/\/secure.gravatar.com\/avatar\/45cdd73f3ef44c305e0057b84921f5c4dc0bf41c5999db82505293a43118ff3e?s=96&d=mm&r=g","url":"https:\/\/secure.gravatar.com\/avatar\/45cdd73f3ef44c305e0057b84921f5c4dc0bf41c5999db82505293a43118ff3e?s=96&d=mm&r=g","contentUrl":"https:\/\/secure.gravatar.com\/avatar\/45cdd73f3ef44c305e0057b84921f5c4dc0bf41c5999db82505293a43118ff3e?s=96&d=mm&r=g","caption":"c1970093"},"url":"https:\/\/ruralrafaela.com.ar\/exporural2023\/author\/c1970093\/"}]}},"_links":{"self":[{"href":"https:\/\/ruralrafaela.com.ar\/exporural2023\/wp-json\/wp\/v2\/posts\/6623","targetHints":{"allow":["GET"]}}],"collection":[{"href":"https:\/\/ruralrafaela.com.ar\/exporural2023\/wp-json\/wp\/v2\/posts"}],"about":[{"href":"https:\/\/ruralrafaela.com.ar\/exporural2023\/wp-json\/wp\/v2\/types\/post"}],"author":[{"embeddable":true,"href":"https:\/\/ruralrafaela.com.ar\/exporural2023\/wp-json\/wp\/v2\/users\/2"}],"replies":[{"embeddable":true,"href":"https:\/\/ruralrafaela.com.ar\/exporural2023\/wp-json\/wp\/v2\/comments?post=6623"}],"version-history":[{"count":1,"href":"https:\/\/ruralrafaela.com.ar\/exporural2023\/wp-json\/wp\/v2\/posts\/6623\/revisions"}],"predecessor-version":[{"id":6625,"href":"https:\/\/ruralrafaela.com.ar\/exporural2023\/wp-json\/wp\/v2\/posts\/6623\/revisions\/6625"}],"wp:featuredmedia":[{"embeddable":true,"href":"https:\/\/ruralrafaela.com.ar\/exporural2023\/wp-json\/wp\/v2\/media\/6624"}],"wp:attachment":[{"href":"https:\/\/ruralrafaela.com.ar\/exporural2023\/wp-json\/wp\/v2\/media?parent=6623"}],"wp:term":[{"taxonomy":"category","embeddable":true,"href":"https:\/\/ruralrafaela.com.ar\/exporural2023\/wp-json\/wp\/v2\/categories?post=6623"},{"taxonomy":"post_tag","embeddable":true,"href":"https:\/\/ruralrafaela.com.ar\/exporural2023\/wp-json\/wp\/v2\/tags?post=6623"}],"curies":[{"name":"wp","href":"https:\/\/api.w.org\/{rel}","templated":true}]}}