{"id":6614,"date":"2023-09-23T19:10:32","date_gmt":"2023-09-23T19:10:32","guid":{"rendered":"https:\/\/ruralrafaela.com.ar\/exporural2023\/?p=6614"},"modified":"2023-09-23T19:10:33","modified_gmt":"2023-09-23T19:10:33","slug":"colores-y-texturas-el-arte-de-los-ninos-en-el-65-concurso-de-dibujo-y-pintura","status":"publish","type":"post","link":"https:\/\/ruralrafaela.com.ar\/exporural2023\/2023\/09\/23\/colores-y-texturas-el-arte-de-los-ninos-en-el-65-concurso-de-dibujo-y-pintura\/","title":{"rendered":"Colores y Texturas: el Arte de los Ni\u00f1os en el 65\u00b0 Concurso de Dibujo y Pintura\u00a0"},"content":{"rendered":"\n<figure class=\"wp-block-image size-large\"><img fetchpriority=\"high\" decoding=\"async\" width=\"1024\" height=\"771\" src=\"https:\/\/ruralrafaela.com.ar\/exporural2023\/wp-content\/uploads\/sites\/21\/2023\/09\/IMG_20230922_170811826-1024x771.jpg\" alt=\"\" class=\"wp-image-6615\" srcset=\"https:\/\/ruralrafaela.com.ar\/exporural2023\/wp-content\/uploads\/sites\/21\/2023\/09\/IMG_20230922_170811826-1024x771.jpg 1024w, https:\/\/ruralrafaela.com.ar\/exporural2023\/wp-content\/uploads\/sites\/21\/2023\/09\/IMG_20230922_170811826-300x226.jpg 300w, https:\/\/ruralrafaela.com.ar\/exporural2023\/wp-content\/uploads\/sites\/21\/2023\/09\/IMG_20230922_170811826-768x578.jpg 768w, https:\/\/ruralrafaela.com.ar\/exporural2023\/wp-content\/uploads\/sites\/21\/2023\/09\/IMG_20230922_170811826-1536x1157.jpg 1536w, https:\/\/ruralrafaela.com.ar\/exporural2023\/wp-content\/uploads\/sites\/21\/2023\/09\/IMG_20230922_170811826-2048x1542.jpg 2048w\" sizes=\"(max-width: 1024px) 100vw, 1024px\" \/><\/figure>\n\n\n\n<p>Tan tradicional como la misma Muestra, organizado por GAMA, por 65\u00b0 a\u00f1o se desarroll\u00f3 en la Expo Rural el Concurso de Dibujo y Pintura, con la participaci\u00f3n de alumnos de jardines y escuelas primarias de la ciudad.\u00a0<\/p>\n\n\n\n<p>Durante jueves y viernes, los chicos recorrieron los diferentes espacios del Predio Ferial, plasmando cada detalle en sus producciones. Oficiaron como jurados Marcela Grosso y Elsa Operto, quienes destacaron especialmente que la calidad de las obras entregadas convirti\u00f3 en una tarea dif\u00edcil la selecci\u00f3n de las ganadoras.<\/p>\n\n\n\n<p>Los dibujos y pinturas fueron expuestos en el SUM de la entidad, y en la ma\u00f1ana del s\u00e1bado 23 se entregaron all\u00ed -en el marco de una ceremonia conducida por GAMA- los primeros premios y certificados de participaci\u00f3n a los autores:&nbsp;<\/p>\n\n\n\n<p><strong>1\u00ba CATEGOR\u00cdA \u2013 Jard\u00edn 5 A\u00f1os<\/strong><\/p>\n\n\n\n<p>1\u00ba&nbsp; Premio&nbsp; DIBUJO&nbsp;<\/p>\n\n\n\n<p>Meyer Luna&nbsp; (Jard\u00edn 218 Ma. Cristina Faraudelo de Aimino)<\/p>\n\n\n\n<p>1\u00ba&nbsp; Premio&nbsp; PINTURA<\/p>\n\n\n\n<p>Roldan Jazm\u00edn&nbsp; (Jard\u00edn 218 Ma. Cristina Faraudelo de Aimino)<\/p>\n\n\n\n<p><strong>2\u00ba CATEGOR\u00cdA 6 y 7&nbsp; A\u00f1os<\/strong><\/p>\n\n\n\n<p>1\u00ba&nbsp; Premio DIBUJO&nbsp;<\/p>\n\n\n\n<p>Mendoza Simon&nbsp; (Escuela Amancay)<\/p>\n\n\n\n<p>1\u00ba&nbsp; Premio&nbsp; PINTURA<\/p>\n\n\n\n<p>Aimetta Jazmin&nbsp; (Escuela Misericordia)<\/p>\n\n\n\n<p><strong>3\u00ba CATEGOR\u00cdA 8 y 9 A\u00f1os<\/strong><\/p>\n\n\n\n<p>1\u00ba Premio DIBUJO&nbsp;&nbsp;<\/p>\n\n\n\n<p>Modenutti Maximo (Escuela Amancay)<\/p>\n\n\n\n<p>1\u00ba&nbsp; Premio PINTURA<\/p>\n\n\n\n<p>Rico Victorio (Escuela Mitre)<\/p>\n\n\n\n<p><strong>4 \u00ba CATEGOR\u00cdA 10 y 11 A\u00f1os<\/strong><\/p>\n\n\n\n<p>1\u00ba Premio DIBUJO&nbsp;<\/p>\n\n\n\n<p>Montenegro Lucas (Escuela Centenario)<\/p>\n\n\n\n<p>1\u00ba&nbsp; Premio PINTURA<\/p>\n\n\n\n<p>Crosta victoria (Escuela Mitre)<\/p>\n\n\n\n<p><strong>5\u00ba CATEGOR\u00cdA 12 y 13 A\u00f1os<\/strong><\/p>\n\n\n\n<p>1\u00ba Premio DIBUJO&nbsp;<\/p>\n\n\n\n<p>Dominguez Abigail (Escuela Brigadier L\u00f3pez)<\/p>\n\n\n\n<p>1\u00ba Premio PINTURA&nbsp;<\/p>\n\n\n\n<p>Sosa Alaia (Escuela Ma. Teresa de Calcuta)<\/p>\n\n\n\n<p>\u00a1Felicitamos a los ganadores, a sus familias y a los docentes y escuelas que acompa\u00f1aron esta actividad! Los esperamos el pr\u00f3ximo a\u00f1o.&nbsp;<\/p>\n","protected":false},"excerpt":{"rendered":"<p>Tan tradicional como la misma Muestra, organizado por GAMA, por 65\u00b0 a\u00f1o se desarroll\u00f3 en la Expo Rural el Concurso de Dibujo y Pintura, con la participaci\u00f3n de alumnos de jardines y escuelas primarias de la ciudad.\u00a0 Durante jueves y viernes, los chicos recorrieron los diferentes espacios del Predio Ferial, plasmando cada detalle en sus [&hellip;]<\/p>\n","protected":false},"author":17,"featured_media":6615,"comment_status":"closed","ping_status":"open","sticky":false,"template":"","format":"standard","meta":{"ocean_post_layout":"","ocean_both_sidebars_style":"","ocean_both_sidebars_content_width":0,"ocean_both_sidebars_sidebars_width":0,"ocean_sidebar":"","ocean_second_sidebar":"","ocean_disable_margins":"enable","ocean_add_body_class":"","ocean_shortcode_before_top_bar":"","ocean_shortcode_after_top_bar":"","ocean_shortcode_before_header":"","ocean_shortcode_after_header":"","ocean_has_shortcode":"","ocean_shortcode_after_title":"","ocean_shortcode_before_footer_widgets":"","ocean_shortcode_after_footer_widgets":"","ocean_shortcode_before_footer_bottom":"","ocean_shortcode_after_footer_bottom":"","ocean_display_top_bar":"default","ocean_display_header":"default","ocean_header_style":"","ocean_center_header_left_menu":"","ocean_custom_header_template":"","ocean_custom_logo":0,"ocean_custom_retina_logo":0,"ocean_custom_logo_max_width":0,"ocean_custom_logo_tablet_max_width":0,"ocean_custom_logo_mobile_max_width":0,"ocean_custom_logo_max_height":0,"ocean_custom_logo_tablet_max_height":0,"ocean_custom_logo_mobile_max_height":0,"ocean_header_custom_menu":"","ocean_menu_typo_font_family":"","ocean_menu_typo_font_subset":"","ocean_menu_typo_font_size":0,"ocean_menu_typo_font_size_tablet":0,"ocean_menu_typo_font_size_mobile":0,"ocean_menu_typo_font_size_unit":"px","ocean_menu_typo_font_weight":"","ocean_menu_typo_font_weight_tablet":"","ocean_menu_typo_font_weight_mobile":"","ocean_menu_typo_transform":"","ocean_menu_typo_transform_tablet":"","ocean_menu_typo_transform_mobile":"","ocean_menu_typo_line_height":0,"ocean_menu_typo_line_height_tablet":0,"ocean_menu_typo_line_height_mobile":0,"ocean_menu_typo_line_height_unit":"","ocean_menu_typo_spacing":0,"ocean_menu_typo_spacing_tablet":0,"ocean_menu_typo_spacing_mobile":0,"ocean_menu_typo_spacing_unit":"","ocean_menu_link_color":"","ocean_menu_link_color_hover":"","ocean_menu_link_color_active":"","ocean_menu_link_background":"","ocean_menu_link_hover_background":"","ocean_menu_link_active_background":"","ocean_menu_social_links_bg":"","ocean_menu_social_hover_links_bg":"","ocean_menu_social_links_color":"","ocean_menu_social_hover_links_color":"","ocean_disable_title":"default","ocean_disable_heading":"default","ocean_post_title":"","ocean_post_subheading":"","ocean_post_title_style":"","ocean_post_title_background_color":"","ocean_post_title_background":0,"ocean_post_title_bg_image_position":"","ocean_post_title_bg_image_attachment":"","ocean_post_title_bg_image_repeat":"","ocean_post_title_bg_image_size":"","ocean_post_title_height":0,"ocean_post_title_bg_overlay":0.5,"ocean_post_title_bg_overlay_color":"","ocean_disable_breadcrumbs":"default","ocean_breadcrumbs_color":"","ocean_breadcrumbs_separator_color":"","ocean_breadcrumbs_links_color":"","ocean_breadcrumbs_links_hover_color":"","ocean_display_footer_widgets":"default","ocean_display_footer_bottom":"default","ocean_custom_footer_template":"","_joinchat":[],"ocean_post_oembed":"","ocean_post_self_hosted_media":"","ocean_post_video_embed":"","ocean_link_format":"","ocean_link_format_target":"self","ocean_quote_format":"","ocean_quote_format_link":"post","ocean_gallery_link_images":"on","ocean_gallery_id":[],"footnotes":""},"categories":[43],"tags":[49,45,46],"class_list":["post-6614","post","type-post","status-publish","format-standard","has-post-thumbnail","hentry","category-expo-rural-2023","tag-concurso-dibujo","tag-expo-rural","tag-expo-rural-2023","entry","has-media"],"yoast_head":"<!-- This site is optimized with the Yoast SEO plugin v27.5 - https:\/\/yoast.com\/product\/yoast-seo-wordpress\/ -->\n<title>Colores y Texturas: el Arte de los Ni\u00f1os en el 65\u00b0 Concurso de Dibujo y Pintura\u00a0 - 116 Expo Rural Rafaela 2023<\/title>\n<meta name=\"robots\" content=\"index, follow, max-snippet:-1, max-image-preview:large, max-video-preview:-1\" \/>\n<link rel=\"canonical\" href=\"https:\/\/ruralrafaela.com.ar\/exporural2023\/2023\/09\/23\/colores-y-texturas-el-arte-de-los-ninos-en-el-65-concurso-de-dibujo-y-pintura\/\" \/>\n<meta property=\"og:locale\" content=\"es_ES\" \/>\n<meta property=\"og:type\" content=\"article\" \/>\n<meta property=\"og:title\" content=\"Colores y Texturas: el Arte de los Ni\u00f1os en el 65\u00b0 Concurso de Dibujo y Pintura\u00a0 - 116 Expo Rural Rafaela 2023\" \/>\n<meta property=\"og:description\" content=\"Tan tradicional como la misma Muestra, organizado por GAMA, por 65\u00b0 a\u00f1o se desarroll\u00f3 en la Expo Rural el Concurso de Dibujo y Pintura, con la participaci\u00f3n de alumnos de jardines y escuelas primarias de la ciudad.\u00a0 Durante jueves y viernes, los chicos recorrieron los diferentes espacios del Predio Ferial, plasmando cada detalle en sus [&hellip;]\" \/>\n<meta property=\"og:url\" content=\"https:\/\/ruralrafaela.com.ar\/exporural2023\/2023\/09\/23\/colores-y-texturas-el-arte-de-los-ninos-en-el-65-concurso-de-dibujo-y-pintura\/\" \/>\n<meta property=\"og:site_name\" content=\"116 Expo Rural Rafaela 2023\" \/>\n<meta property=\"article:published_time\" content=\"2023-09-23T19:10:32+00:00\" \/>\n<meta property=\"article:modified_time\" content=\"2023-09-23T19:10:33+00:00\" \/>\n<meta property=\"og:image\" content=\"https:\/\/ruralrafaela.com.ar\/exporural2023\/wp-content\/uploads\/sites\/21\/2023\/09\/IMG_20230922_170811826-scaled.jpg\" \/>\n\t<meta property=\"og:image:width\" content=\"2560\" \/>\n\t<meta property=\"og:image:height\" content=\"1928\" \/>\n\t<meta property=\"og:image:type\" content=\"image\/jpeg\" \/>\n<meta name=\"author\" content=\"voces\" \/>\n<meta name=\"twitter:card\" content=\"summary_large_image\" \/>\n<meta name=\"twitter:label1\" content=\"Escrito por\" \/>\n\t<meta name=\"twitter:data1\" content=\"voces\" \/>\n\t<meta name=\"twitter:label2\" content=\"Tiempo de lectura\" \/>\n\t<meta name=\"twitter:data2\" content=\"2 minutos\" \/>\n<script type=\"application\/ld+json\" class=\"yoast-schema-graph\">{\"@context\":\"https:\\\/\\\/schema.org\",\"@graph\":[{\"@type\":\"Article\",\"@id\":\"https:\\\/\\\/ruralrafaela.com.ar\\\/exporural2023\\\/2023\\\/09\\\/23\\\/colores-y-texturas-el-arte-de-los-ninos-en-el-65-concurso-de-dibujo-y-pintura\\\/#article\",\"isPartOf\":{\"@id\":\"https:\\\/\\\/ruralrafaela.com.ar\\\/exporural2023\\\/2023\\\/09\\\/23\\\/colores-y-texturas-el-arte-de-los-ninos-en-el-65-concurso-de-dibujo-y-pintura\\\/\"},\"author\":{\"name\":\"voces\",\"@id\":\"https:\\\/\\\/ruralrafaela.com.ar\\\/exporural2023\\\/#\\\/schema\\\/person\\\/fa167bfed3a2b8029213c0bac80612f7\"},\"headline\":\"Colores y Texturas: el Arte de los Ni\u00f1os en el 65\u00b0 Concurso de Dibujo y Pintura\u00a0\",\"datePublished\":\"2023-09-23T19:10:32+00:00\",\"dateModified\":\"2023-09-23T19:10:33+00:00\",\"mainEntityOfPage\":{\"@id\":\"https:\\\/\\\/ruralrafaela.com.ar\\\/exporural2023\\\/2023\\\/09\\\/23\\\/colores-y-texturas-el-arte-de-los-ninos-en-el-65-concurso-de-dibujo-y-pintura\\\/\"},\"wordCount\":296,\"publisher\":{\"@id\":\"https:\\\/\\\/ruralrafaela.com.ar\\\/exporural2023\\\/#organization\"},\"image\":{\"@id\":\"https:\\\/\\\/ruralrafaela.com.ar\\\/exporural2023\\\/2023\\\/09\\\/23\\\/colores-y-texturas-el-arte-de-los-ninos-en-el-65-concurso-de-dibujo-y-pintura\\\/#primaryimage\"},\"thumbnailUrl\":\"https:\\\/\\\/ruralrafaela.com.ar\\\/exporural2023\\\/wp-content\\\/uploads\\\/sites\\\/21\\\/2023\\\/09\\\/IMG_20230922_170811826-scaled.jpg\",\"keywords\":[\"Concurso dibujo\",\"Expo Rural\",\"Expo Rural 2023\"],\"articleSection\":[\"Expo Rural 2023\"],\"inLanguage\":\"es\"},{\"@type\":\"WebPage\",\"@id\":\"https:\\\/\\\/ruralrafaela.com.ar\\\/exporural2023\\\/2023\\\/09\\\/23\\\/colores-y-texturas-el-arte-de-los-ninos-en-el-65-concurso-de-dibujo-y-pintura\\\/\",\"url\":\"https:\\\/\\\/ruralrafaela.com.ar\\\/exporural2023\\\/2023\\\/09\\\/23\\\/colores-y-texturas-el-arte-de-los-ninos-en-el-65-concurso-de-dibujo-y-pintura\\\/\",\"name\":\"Colores y Texturas: el Arte de los Ni\u00f1os en el 65\u00b0 Concurso de Dibujo y Pintura\u00a0 - 116 Expo Rural Rafaela 2023\",\"isPartOf\":{\"@id\":\"https:\\\/\\\/ruralrafaela.com.ar\\\/exporural2023\\\/#website\"},\"primaryImageOfPage\":{\"@id\":\"https:\\\/\\\/ruralrafaela.com.ar\\\/exporural2023\\\/2023\\\/09\\\/23\\\/colores-y-texturas-el-arte-de-los-ninos-en-el-65-concurso-de-dibujo-y-pintura\\\/#primaryimage\"},\"image\":{\"@id\":\"https:\\\/\\\/ruralrafaela.com.ar\\\/exporural2023\\\/2023\\\/09\\\/23\\\/colores-y-texturas-el-arte-de-los-ninos-en-el-65-concurso-de-dibujo-y-pintura\\\/#primaryimage\"},\"thumbnailUrl\":\"https:\\\/\\\/ruralrafaela.com.ar\\\/exporural2023\\\/wp-content\\\/uploads\\\/sites\\\/21\\\/2023\\\/09\\\/IMG_20230922_170811826-scaled.jpg\",\"datePublished\":\"2023-09-23T19:10:32+00:00\",\"dateModified\":\"2023-09-23T19:10:33+00:00\",\"breadcrumb\":{\"@id\":\"https:\\\/\\\/ruralrafaela.com.ar\\\/exporural2023\\\/2023\\\/09\\\/23\\\/colores-y-texturas-el-arte-de-los-ninos-en-el-65-concurso-de-dibujo-y-pintura\\\/#breadcrumb\"},\"inLanguage\":\"es\",\"potentialAction\":[{\"@type\":\"ReadAction\",\"target\":[\"https:\\\/\\\/ruralrafaela.com.ar\\\/exporural2023\\\/2023\\\/09\\\/23\\\/colores-y-texturas-el-arte-de-los-ninos-en-el-65-concurso-de-dibujo-y-pintura\\\/\"]}]},{\"@type\":\"ImageObject\",\"inLanguage\":\"es\",\"@id\":\"https:\\\/\\\/ruralrafaela.com.ar\\\/exporural2023\\\/2023\\\/09\\\/23\\\/colores-y-texturas-el-arte-de-los-ninos-en-el-65-concurso-de-dibujo-y-pintura\\\/#primaryimage\",\"url\":\"https:\\\/\\\/ruralrafaela.com.ar\\\/exporural2023\\\/wp-content\\\/uploads\\\/sites\\\/21\\\/2023\\\/09\\\/IMG_20230922_170811826-scaled.jpg\",\"contentUrl\":\"https:\\\/\\\/ruralrafaela.com.ar\\\/exporural2023\\\/wp-content\\\/uploads\\\/sites\\\/21\\\/2023\\\/09\\\/IMG_20230922_170811826-scaled.jpg\",\"width\":\"2560\",\"height\":\"1928\"},{\"@type\":\"BreadcrumbList\",\"@id\":\"https:\\\/\\\/ruralrafaela.com.ar\\\/exporural2023\\\/2023\\\/09\\\/23\\\/colores-y-texturas-el-arte-de-los-ninos-en-el-65-concurso-de-dibujo-y-pintura\\\/#breadcrumb\",\"itemListElement\":[{\"@type\":\"ListItem\",\"position\":1,\"name\":\"Portada\",\"item\":\"https:\\\/\\\/ruralrafaela.com.ar\\\/exporural2023\\\/\"},{\"@type\":\"ListItem\",\"position\":2,\"name\":\"Colores y Texturas: el Arte de los Ni\u00f1os en el 65\u00b0 Concurso de Dibujo y Pintura\u00a0\"}]},{\"@type\":\"WebSite\",\"@id\":\"https:\\\/\\\/ruralrafaela.com.ar\\\/exporural2023\\\/#website\",\"url\":\"https:\\\/\\\/ruralrafaela.com.ar\\\/exporural2023\\\/\",\"name\":\"116 Expo Rural Rafaela 2023\",\"description\":\"Sitio oficial de la Expo Rural Rafaela\",\"publisher\":{\"@id\":\"https:\\\/\\\/ruralrafaela.com.ar\\\/exporural2023\\\/#organization\"},\"potentialAction\":[{\"@type\":\"SearchAction\",\"target\":{\"@type\":\"EntryPoint\",\"urlTemplate\":\"https:\\\/\\\/ruralrafaela.com.ar\\\/exporural2023\\\/?s={search_term_string}\"},\"query-input\":{\"@type\":\"PropertyValueSpecification\",\"valueRequired\":true,\"valueName\":\"search_term_string\"}}],\"inLanguage\":\"es\"},{\"@type\":\"Organization\",\"@id\":\"https:\\\/\\\/ruralrafaela.com.ar\\\/exporural2023\\\/#organization\",\"name\":\"116 Expo Rural Rafaela 2023\",\"url\":\"https:\\\/\\\/ruralrafaela.com.ar\\\/exporural2023\\\/\",\"logo\":{\"@type\":\"ImageObject\",\"inLanguage\":\"es\",\"@id\":\"https:\\\/\\\/ruralrafaela.com.ar\\\/exporural2023\\\/#\\\/schema\\\/logo\\\/image\\\/\",\"url\":\"https:\\\/\\\/ruralrafaela.com.ar\\\/exporural2023\\\/wp-content\\\/uploads\\\/sites\\\/21\\\/2023\\\/08\\\/cropped-logoH.jpg\",\"contentUrl\":\"https:\\\/\\\/ruralrafaela.com.ar\\\/exporural2023\\\/wp-content\\\/uploads\\\/sites\\\/21\\\/2023\\\/08\\\/cropped-logoH.jpg\",\"width\":250,\"height\":57,\"caption\":\"116 Expo Rural Rafaela 2023 \"},\"image\":{\"@id\":\"https:\\\/\\\/ruralrafaela.com.ar\\\/exporural2023\\\/#\\\/schema\\\/logo\\\/image\\\/\"}},{\"@type\":\"Person\",\"@id\":\"https:\\\/\\\/ruralrafaela.com.ar\\\/exporural2023\\\/#\\\/schema\\\/person\\\/fa167bfed3a2b8029213c0bac80612f7\",\"name\":\"voces\",\"image\":{\"@type\":\"ImageObject\",\"inLanguage\":\"es\",\"@id\":\"https:\\\/\\\/secure.gravatar.com\\\/avatar\\\/8be4c66bb16cf788ff6688b77c76240c16a5397e072068b8fd79350e9acb3d86?s=96&d=mm&r=g\",\"url\":\"https:\\\/\\\/secure.gravatar.com\\\/avatar\\\/8be4c66bb16cf788ff6688b77c76240c16a5397e072068b8fd79350e9acb3d86?s=96&d=mm&r=g\",\"contentUrl\":\"https:\\\/\\\/secure.gravatar.com\\\/avatar\\\/8be4c66bb16cf788ff6688b77c76240c16a5397e072068b8fd79350e9acb3d86?s=96&d=mm&r=g\",\"caption\":\"voces\"},\"url\":\"https:\\\/\\\/ruralrafaela.com.ar\\\/exporural2023\\\/author\\\/voces\\\/\"}]}<\/script>\n<!-- \/ Yoast SEO plugin. -->","yoast_head_json":{"title":"Colores y Texturas: el Arte de los Ni\u00f1os en el 65\u00b0 Concurso de Dibujo y Pintura\u00a0 - 116 Expo Rural Rafaela 2023","robots":{"index":"index","follow":"follow","max-snippet":"max-snippet:-1","max-image-preview":"max-image-preview:large","max-video-preview":"max-video-preview:-1"},"canonical":"https:\/\/ruralrafaela.com.ar\/exporural2023\/2023\/09\/23\/colores-y-texturas-el-arte-de-los-ninos-en-el-65-concurso-de-dibujo-y-pintura\/","og_locale":"es_ES","og_type":"article","og_title":"Colores y Texturas: el Arte de los Ni\u00f1os en el 65\u00b0 Concurso de Dibujo y Pintura\u00a0 - 116 Expo Rural Rafaela 2023","og_description":"Tan tradicional como la misma Muestra, organizado por GAMA, por 65\u00b0 a\u00f1o se desarroll\u00f3 en la Expo Rural el Concurso de Dibujo y Pintura, con la participaci\u00f3n de alumnos de jardines y escuelas primarias de la ciudad.\u00a0 Durante jueves y viernes, los chicos recorrieron los diferentes espacios del Predio Ferial, plasmando cada detalle en sus [&hellip;]","og_url":"https:\/\/ruralrafaela.com.ar\/exporural2023\/2023\/09\/23\/colores-y-texturas-el-arte-de-los-ninos-en-el-65-concurso-de-dibujo-y-pintura\/","og_site_name":"116 Expo Rural Rafaela 2023","article_published_time":"2023-09-23T19:10:32+00:00","article_modified_time":"2023-09-23T19:10:33+00:00","og_image":[{"width":2560,"height":1928,"url":"https:\/\/ruralrafaela.com.ar\/exporural2023\/wp-content\/uploads\/sites\/21\/2023\/09\/IMG_20230922_170811826-scaled.jpg","type":"image\/jpeg"}],"author":"voces","twitter_card":"summary_large_image","twitter_misc":{"Escrito por":"voces","Tiempo de lectura":"2 minutos"},"schema":{"@context":"https:\/\/schema.org","@graph":[{"@type":"Article","@id":"https:\/\/ruralrafaela.com.ar\/exporural2023\/2023\/09\/23\/colores-y-texturas-el-arte-de-los-ninos-en-el-65-concurso-de-dibujo-y-pintura\/#article","isPartOf":{"@id":"https:\/\/ruralrafaela.com.ar\/exporural2023\/2023\/09\/23\/colores-y-texturas-el-arte-de-los-ninos-en-el-65-concurso-de-dibujo-y-pintura\/"},"author":{"name":"voces","@id":"https:\/\/ruralrafaela.com.ar\/exporural2023\/#\/schema\/person\/fa167bfed3a2b8029213c0bac80612f7"},"headline":"Colores y Texturas: el Arte de los Ni\u00f1os en el 65\u00b0 Concurso de Dibujo y Pintura\u00a0","datePublished":"2023-09-23T19:10:32+00:00","dateModified":"2023-09-23T19:10:33+00:00","mainEntityOfPage":{"@id":"https:\/\/ruralrafaela.com.ar\/exporural2023\/2023\/09\/23\/colores-y-texturas-el-arte-de-los-ninos-en-el-65-concurso-de-dibujo-y-pintura\/"},"wordCount":296,"publisher":{"@id":"https:\/\/ruralrafaela.com.ar\/exporural2023\/#organization"},"image":{"@id":"https:\/\/ruralrafaela.com.ar\/exporural2023\/2023\/09\/23\/colores-y-texturas-el-arte-de-los-ninos-en-el-65-concurso-de-dibujo-y-pintura\/#primaryimage"},"thumbnailUrl":"https:\/\/ruralrafaela.com.ar\/exporural2023\/wp-content\/uploads\/sites\/21\/2023\/09\/IMG_20230922_170811826-scaled.jpg","keywords":["Concurso dibujo","Expo Rural","Expo Rural 2023"],"articleSection":["Expo Rural 2023"],"inLanguage":"es"},{"@type":"WebPage","@id":"https:\/\/ruralrafaela.com.ar\/exporural2023\/2023\/09\/23\/colores-y-texturas-el-arte-de-los-ninos-en-el-65-concurso-de-dibujo-y-pintura\/","url":"https:\/\/ruralrafaela.com.ar\/exporural2023\/2023\/09\/23\/colores-y-texturas-el-arte-de-los-ninos-en-el-65-concurso-de-dibujo-y-pintura\/","name":"Colores y Texturas: el Arte de los Ni\u00f1os en el 65\u00b0 Concurso de Dibujo y Pintura\u00a0 - 116 Expo Rural Rafaela 2023","isPartOf":{"@id":"https:\/\/ruralrafaela.com.ar\/exporural2023\/#website"},"primaryImageOfPage":{"@id":"https:\/\/ruralrafaela.com.ar\/exporural2023\/2023\/09\/23\/colores-y-texturas-el-arte-de-los-ninos-en-el-65-concurso-de-dibujo-y-pintura\/#primaryimage"},"image":{"@id":"https:\/\/ruralrafaela.com.ar\/exporural2023\/2023\/09\/23\/colores-y-texturas-el-arte-de-los-ninos-en-el-65-concurso-de-dibujo-y-pintura\/#primaryimage"},"thumbnailUrl":"https:\/\/ruralrafaela.com.ar\/exporural2023\/wp-content\/uploads\/sites\/21\/2023\/09\/IMG_20230922_170811826-scaled.jpg","datePublished":"2023-09-23T19:10:32+00:00","dateModified":"2023-09-23T19:10:33+00:00","breadcrumb":{"@id":"https:\/\/ruralrafaela.com.ar\/exporural2023\/2023\/09\/23\/colores-y-texturas-el-arte-de-los-ninos-en-el-65-concurso-de-dibujo-y-pintura\/#breadcrumb"},"inLanguage":"es","potentialAction":[{"@type":"ReadAction","target":["https:\/\/ruralrafaela.com.ar\/exporural2023\/2023\/09\/23\/colores-y-texturas-el-arte-de-los-ninos-en-el-65-concurso-de-dibujo-y-pintura\/"]}]},{"@type":"ImageObject","inLanguage":"es","@id":"https:\/\/ruralrafaela.com.ar\/exporural2023\/2023\/09\/23\/colores-y-texturas-el-arte-de-los-ninos-en-el-65-concurso-de-dibujo-y-pintura\/#primaryimage","url":"https:\/\/ruralrafaela.com.ar\/exporural2023\/wp-content\/uploads\/sites\/21\/2023\/09\/IMG_20230922_170811826-scaled.jpg","contentUrl":"https:\/\/ruralrafaela.com.ar\/exporural2023\/wp-content\/uploads\/sites\/21\/2023\/09\/IMG_20230922_170811826-scaled.jpg","width":"2560","height":"1928"},{"@type":"BreadcrumbList","@id":"https:\/\/ruralrafaela.com.ar\/exporural2023\/2023\/09\/23\/colores-y-texturas-el-arte-de-los-ninos-en-el-65-concurso-de-dibujo-y-pintura\/#breadcrumb","itemListElement":[{"@type":"ListItem","position":1,"name":"Portada","item":"https:\/\/ruralrafaela.com.ar\/exporural2023\/"},{"@type":"ListItem","position":2,"name":"Colores y Texturas: el Arte de los Ni\u00f1os en el 65\u00b0 Concurso de Dibujo y Pintura\u00a0"}]},{"@type":"WebSite","@id":"https:\/\/ruralrafaela.com.ar\/exporural2023\/#website","url":"https:\/\/ruralrafaela.com.ar\/exporural2023\/","name":"116 Expo Rural Rafaela 2023","description":"Sitio oficial de la Expo Rural Rafaela","publisher":{"@id":"https:\/\/ruralrafaela.com.ar\/exporural2023\/#organization"},"potentialAction":[{"@type":"SearchAction","target":{"@type":"EntryPoint","urlTemplate":"https:\/\/ruralrafaela.com.ar\/exporural2023\/?s={search_term_string}"},"query-input":{"@type":"PropertyValueSpecification","valueRequired":true,"valueName":"search_term_string"}}],"inLanguage":"es"},{"@type":"Organization","@id":"https:\/\/ruralrafaela.com.ar\/exporural2023\/#organization","name":"116 Expo Rural Rafaela 2023","url":"https:\/\/ruralrafaela.com.ar\/exporural2023\/","logo":{"@type":"ImageObject","inLanguage":"es","@id":"https:\/\/ruralrafaela.com.ar\/exporural2023\/#\/schema\/logo\/image\/","url":"https:\/\/ruralrafaela.com.ar\/exporural2023\/wp-content\/uploads\/sites\/21\/2023\/08\/cropped-logoH.jpg","contentUrl":"https:\/\/ruralrafaela.com.ar\/exporural2023\/wp-content\/uploads\/sites\/21\/2023\/08\/cropped-logoH.jpg","width":250,"height":57,"caption":"116 Expo Rural Rafaela 2023 "},"image":{"@id":"https:\/\/ruralrafaela.com.ar\/exporural2023\/#\/schema\/logo\/image\/"}},{"@type":"Person","@id":"https:\/\/ruralrafaela.com.ar\/exporural2023\/#\/schema\/person\/fa167bfed3a2b8029213c0bac80612f7","name":"voces","image":{"@type":"ImageObject","inLanguage":"es","@id":"https:\/\/secure.gravatar.com\/avatar\/8be4c66bb16cf788ff6688b77c76240c16a5397e072068b8fd79350e9acb3d86?s=96&d=mm&r=g","url":"https:\/\/secure.gravatar.com\/avatar\/8be4c66bb16cf788ff6688b77c76240c16a5397e072068b8fd79350e9acb3d86?s=96&d=mm&r=g","contentUrl":"https:\/\/secure.gravatar.com\/avatar\/8be4c66bb16cf788ff6688b77c76240c16a5397e072068b8fd79350e9acb3d86?s=96&d=mm&r=g","caption":"voces"},"url":"https:\/\/ruralrafaela.com.ar\/exporural2023\/author\/voces\/"}]}},"_links":{"self":[{"href":"https:\/\/ruralrafaela.com.ar\/exporural2023\/wp-json\/wp\/v2\/posts\/6614","targetHints":{"allow":["GET"]}}],"collection":[{"href":"https:\/\/ruralrafaela.com.ar\/exporural2023\/wp-json\/wp\/v2\/posts"}],"about":[{"href":"https:\/\/ruralrafaela.com.ar\/exporural2023\/wp-json\/wp\/v2\/types\/post"}],"author":[{"embeddable":true,"href":"https:\/\/ruralrafaela.com.ar\/exporural2023\/wp-json\/wp\/v2\/users\/17"}],"replies":[{"embeddable":true,"href":"https:\/\/ruralrafaela.com.ar\/exporural2023\/wp-json\/wp\/v2\/comments?post=6614"}],"version-history":[{"count":1,"href":"https:\/\/ruralrafaela.com.ar\/exporural2023\/wp-json\/wp\/v2\/posts\/6614\/revisions"}],"predecessor-version":[{"id":6616,"href":"https:\/\/ruralrafaela.com.ar\/exporural2023\/wp-json\/wp\/v2\/posts\/6614\/revisions\/6616"}],"wp:featuredmedia":[{"embeddable":true,"href":"https:\/\/ruralrafaela.com.ar\/exporural2023\/wp-json\/wp\/v2\/media\/6615"}],"wp:attachment":[{"href":"https:\/\/ruralrafaela.com.ar\/exporural2023\/wp-json\/wp\/v2\/media?parent=6614"}],"wp:term":[{"taxonomy":"category","embeddable":true,"href":"https:\/\/ruralrafaela.com.ar\/exporural2023\/wp-json\/wp\/v2\/categories?post=6614"},{"taxonomy":"post_tag","embeddable":true,"href":"https:\/\/ruralrafaela.com.ar\/exporural2023\/wp-json\/wp\/v2\/tags?post=6614"}],"curies":[{"name":"wp","href":"https:\/\/api.w.org\/{rel}","templated":true}]}}