{"id":6606,"date":"2023-09-23T19:02:25","date_gmt":"2023-09-23T19:02:25","guid":{"rendered":"https:\/\/ruralrafaela.com.ar\/exporural2023\/?p=6606"},"modified":"2023-09-23T19:11:21","modified_gmt":"2023-09-23T19:11:21","slug":"5o-encuentro-ecumenico-en-el-marco-de-la-expo-rural-2023","status":"publish","type":"post","link":"https:\/\/ruralrafaela.com.ar\/exporural2023\/2023\/09\/23\/5o-encuentro-ecumenico-en-el-marco-de-la-expo-rural-2023\/","title":{"rendered":"5\u00ba Encuentro Ecum\u00e9nico en el marco de la Expo Rural 2023"},"content":{"rendered":"\n<p>Se desarroll\u00f3 este s\u00e1bado 23 desde las 11 en el SUM de la Sociedad Rural. Nos acompa\u00f1aron: Monse\u00f1or Pedro Torres, P. Luis Cecchi y la Hermana Noelia Delgado de Don Orione, por el culto cat\u00f3lico; tambi\u00e9n, el Pastor Henri Altare, por el culto evang\u00e9lico. Adem\u00e1s, estuvieron presentes el intendente Luis Castellano; el Diputado provincial de Santa Fe, Juan Arga\u00f1araz. Participaron representantes de otras instituciones de la ciudad, y Daniela Piombi int\u00e9rprete de lengua de se\u00f1as.<\/p>\n\n\n\n<p>El Encuentro, organizado por Gama, tuvo como objetivo reflexionar sobre el tema: \u201cJuventudes\u201d. En este contexto, se hizo referencia a la importancia de atender a las necesidades sociales, econ\u00f3micas y ambientales de hoy y el futuro; como as\u00ed tambi\u00e9n, el desarrollo humano y la convivencia pac\u00edfica.<\/p>\n\n\n\n<p>Altare hizo hincapi\u00e9 en la importancia del perd\u00f3n para construir el futuro y tambi\u00e9n la relaci\u00f3n con Dios. Monse\u00f1or Torres destac\u00f3 la necesidad de dar gracias, especialmente por los j\u00f3venes y sus vidas. Delgado, por su parte, afirm\u00f3: \u201cs\u00f3lo la fe saca lo mejor de nosotros\u201d.<\/p>\n\n\n\n<p>Gabriel Reimondez, integrante de la comisi\u00f3n directiva de la SRR, tuvo a su cargo las palabras de cierre en nombre de la entidad.<\/p>\n\n\n\n<p>Para finalizar, Norma Bessone presidente de SRR, hizo entrega a representantes de la Casita del Ni\u00f1o y Don Orione, de 500 raciones de alimentos nutritivos donados por UNL, a cada una.<\/p>\n\n\n\n<figure class=\"wp-block-image size-large\"><img fetchpriority=\"high\" decoding=\"async\" width=\"1024\" height=\"872\" src=\"https:\/\/ruralrafaela.com.ar\/exporural2023\/wp-content\/uploads\/sites\/21\/2023\/09\/IMG_20230923_120237474-2-1024x872.jpg\" alt=\"\" class=\"wp-image-6612\" srcset=\"https:\/\/ruralrafaela.com.ar\/exporural2023\/wp-content\/uploads\/sites\/21\/2023\/09\/IMG_20230923_120237474-2-1024x872.jpg 1024w, https:\/\/ruralrafaela.com.ar\/exporural2023\/wp-content\/uploads\/sites\/21\/2023\/09\/IMG_20230923_120237474-2-300x255.jpg 300w, https:\/\/ruralrafaela.com.ar\/exporural2023\/wp-content\/uploads\/sites\/21\/2023\/09\/IMG_20230923_120237474-2-768x654.jpg 768w, https:\/\/ruralrafaela.com.ar\/exporural2023\/wp-content\/uploads\/sites\/21\/2023\/09\/IMG_20230923_120237474-2-1536x1308.jpg 1536w, https:\/\/ruralrafaela.com.ar\/exporural2023\/wp-content\/uploads\/sites\/21\/2023\/09\/IMG_20230923_120237474-2-2048x1744.jpg 2048w\" sizes=\"(max-width: 1024px) 100vw, 1024px\" \/><\/figure>\n","protected":false},"excerpt":{"rendered":"<p>Se desarroll\u00f3 este s\u00e1bado 23 desde las 11 en el SUM de la Sociedad Rural. Nos acompa\u00f1aron: Monse\u00f1or Pedro Torres, P. Luis Cecchi y la Hermana Noelia Delgado de Don Orione, por el culto cat\u00f3lico; tambi\u00e9n, el Pastor Henri Altare, por el culto evang\u00e9lico. Adem\u00e1s, estuvieron presentes el intendente Luis Castellano; el Diputado provincial de [&hellip;]<\/p>\n","protected":false},"author":17,"featured_media":6612,"comment_status":"closed","ping_status":"open","sticky":false,"template":"","format":"standard","meta":{"ocean_post_layout":"","ocean_both_sidebars_style":"","ocean_both_sidebars_content_width":0,"ocean_both_sidebars_sidebars_width":0,"ocean_sidebar":"","ocean_second_sidebar":"","ocean_disable_margins":"enable","ocean_add_body_class":"","ocean_shortcode_before_top_bar":"","ocean_shortcode_after_top_bar":"","ocean_shortcode_before_header":"","ocean_shortcode_after_header":"","ocean_has_shortcode":"","ocean_shortcode_after_title":"","ocean_shortcode_before_footer_widgets":"","ocean_shortcode_after_footer_widgets":"","ocean_shortcode_before_footer_bottom":"","ocean_shortcode_after_footer_bottom":"","ocean_display_top_bar":"default","ocean_display_header":"default","ocean_header_style":"","ocean_center_header_left_menu":"","ocean_custom_header_template":"","ocean_custom_logo":0,"ocean_custom_retina_logo":0,"ocean_custom_logo_max_width":0,"ocean_custom_logo_tablet_max_width":0,"ocean_custom_logo_mobile_max_width":0,"ocean_custom_logo_max_height":0,"ocean_custom_logo_tablet_max_height":0,"ocean_custom_logo_mobile_max_height":0,"ocean_header_custom_menu":"","ocean_menu_typo_font_family":"","ocean_menu_typo_font_subset":"","ocean_menu_typo_font_size":0,"ocean_menu_typo_font_size_tablet":0,"ocean_menu_typo_font_size_mobile":0,"ocean_menu_typo_font_size_unit":"px","ocean_menu_typo_font_weight":"","ocean_menu_typo_font_weight_tablet":"","ocean_menu_typo_font_weight_mobile":"","ocean_menu_typo_transform":"","ocean_menu_typo_transform_tablet":"","ocean_menu_typo_transform_mobile":"","ocean_menu_typo_line_height":0,"ocean_menu_typo_line_height_tablet":0,"ocean_menu_typo_line_height_mobile":0,"ocean_menu_typo_line_height_unit":"","ocean_menu_typo_spacing":0,"ocean_menu_typo_spacing_tablet":0,"ocean_menu_typo_spacing_mobile":0,"ocean_menu_typo_spacing_unit":"","ocean_menu_link_color":"","ocean_menu_link_color_hover":"","ocean_menu_link_color_active":"","ocean_menu_link_background":"","ocean_menu_link_hover_background":"","ocean_menu_link_active_background":"","ocean_menu_social_links_bg":"","ocean_menu_social_hover_links_bg":"","ocean_menu_social_links_color":"","ocean_menu_social_hover_links_color":"","ocean_disable_title":"default","ocean_disable_heading":"default","ocean_post_title":"","ocean_post_subheading":"","ocean_post_title_style":"","ocean_post_title_background_color":"","ocean_post_title_background":0,"ocean_post_title_bg_image_position":"","ocean_post_title_bg_image_attachment":"","ocean_post_title_bg_image_repeat":"","ocean_post_title_bg_image_size":"","ocean_post_title_height":0,"ocean_post_title_bg_overlay":0.5,"ocean_post_title_bg_overlay_color":"","ocean_disable_breadcrumbs":"default","ocean_breadcrumbs_color":"","ocean_breadcrumbs_separator_color":"","ocean_breadcrumbs_links_color":"","ocean_breadcrumbs_links_hover_color":"","ocean_display_footer_widgets":"default","ocean_display_footer_bottom":"default","ocean_custom_footer_template":"","_joinchat":[],"ocean_post_oembed":"","ocean_post_self_hosted_media":"","ocean_post_video_embed":"","ocean_link_format":"","ocean_link_format_target":"self","ocean_quote_format":"","ocean_quote_format_link":"post","ocean_gallery_link_images":"on","ocean_gallery_id":[],"footnotes":""},"categories":[43],"tags":[48,45,46],"class_list":["post-6606","post","type-post","status-publish","format-standard","has-post-thumbnail","hentry","category-expo-rural-2023","tag-encuentro-ecumenico","tag-expo-rural","tag-expo-rural-2023","entry","has-media"],"yoast_head":"<!-- This site is optimized with the Yoast SEO plugin v27.5 - https:\/\/yoast.com\/product\/yoast-seo-wordpress\/ -->\n<title>5\u00ba Encuentro Ecum\u00e9nico en el marco de la Expo Rural 2023 - 116 Expo Rural Rafaela 2023<\/title>\n<meta name=\"robots\" content=\"index, follow, max-snippet:-1, max-image-preview:large, max-video-preview:-1\" \/>\n<link rel=\"canonical\" href=\"https:\/\/ruralrafaela.com.ar\/exporural2023\/2023\/09\/23\/5o-encuentro-ecumenico-en-el-marco-de-la-expo-rural-2023\/\" \/>\n<meta property=\"og:locale\" content=\"es_ES\" \/>\n<meta property=\"og:type\" content=\"article\" \/>\n<meta property=\"og:title\" content=\"5\u00ba Encuentro Ecum\u00e9nico en el marco de la Expo Rural 2023 - 116 Expo Rural Rafaela 2023\" \/>\n<meta property=\"og:description\" content=\"Se desarroll\u00f3 este s\u00e1bado 23 desde las 11 en el SUM de la Sociedad Rural. Nos acompa\u00f1aron: Monse\u00f1or Pedro Torres, P. Luis Cecchi y la Hermana Noelia Delgado de Don Orione, por el culto cat\u00f3lico; tambi\u00e9n, el Pastor Henri Altare, por el culto evang\u00e9lico. Adem\u00e1s, estuvieron presentes el intendente Luis Castellano; el Diputado provincial de [&hellip;]\" \/>\n<meta property=\"og:url\" content=\"https:\/\/ruralrafaela.com.ar\/exporural2023\/2023\/09\/23\/5o-encuentro-ecumenico-en-el-marco-de-la-expo-rural-2023\/\" \/>\n<meta property=\"og:site_name\" content=\"116 Expo Rural Rafaela 2023\" \/>\n<meta property=\"article:published_time\" content=\"2023-09-23T19:02:25+00:00\" \/>\n<meta property=\"article:modified_time\" content=\"2023-09-23T19:11:21+00:00\" \/>\n<meta property=\"og:image\" content=\"https:\/\/ruralrafaela.com.ar\/exporural2023\/wp-content\/uploads\/sites\/21\/2023\/09\/IMG_20230923_120237474-2.jpg\" \/>\n\t<meta property=\"og:image:width\" content=\"2506\" \/>\n\t<meta property=\"og:image:height\" content=\"2134\" \/>\n\t<meta property=\"og:image:type\" content=\"image\/jpeg\" \/>\n<meta name=\"author\" content=\"voces\" \/>\n<meta name=\"twitter:card\" content=\"summary_large_image\" \/>\n<meta name=\"twitter:label1\" content=\"Escrito por\" \/>\n\t<meta name=\"twitter:data1\" content=\"voces\" \/>\n\t<meta name=\"twitter:label2\" content=\"Tiempo de lectura\" \/>\n\t<meta name=\"twitter:data2\" content=\"2 minutos\" \/>\n<script type=\"application\/ld+json\" class=\"yoast-schema-graph\">{\"@context\":\"https:\\\/\\\/schema.org\",\"@graph\":[{\"@type\":\"Article\",\"@id\":\"https:\\\/\\\/ruralrafaela.com.ar\\\/exporural2023\\\/2023\\\/09\\\/23\\\/5o-encuentro-ecumenico-en-el-marco-de-la-expo-rural-2023\\\/#article\",\"isPartOf\":{\"@id\":\"https:\\\/\\\/ruralrafaela.com.ar\\\/exporural2023\\\/2023\\\/09\\\/23\\\/5o-encuentro-ecumenico-en-el-marco-de-la-expo-rural-2023\\\/\"},\"author\":{\"name\":\"voces\",\"@id\":\"https:\\\/\\\/ruralrafaela.com.ar\\\/exporural2023\\\/#\\\/schema\\\/person\\\/fa167bfed3a2b8029213c0bac80612f7\"},\"headline\":\"5\u00ba Encuentro Ecum\u00e9nico en el marco de la Expo Rural 2023\",\"datePublished\":\"2023-09-23T19:02:25+00:00\",\"dateModified\":\"2023-09-23T19:11:21+00:00\",\"mainEntityOfPage\":{\"@id\":\"https:\\\/\\\/ruralrafaela.com.ar\\\/exporural2023\\\/2023\\\/09\\\/23\\\/5o-encuentro-ecumenico-en-el-marco-de-la-expo-rural-2023\\\/\"},\"wordCount\":249,\"publisher\":{\"@id\":\"https:\\\/\\\/ruralrafaela.com.ar\\\/exporural2023\\\/#organization\"},\"image\":{\"@id\":\"https:\\\/\\\/ruralrafaela.com.ar\\\/exporural2023\\\/2023\\\/09\\\/23\\\/5o-encuentro-ecumenico-en-el-marco-de-la-expo-rural-2023\\\/#primaryimage\"},\"thumbnailUrl\":\"https:\\\/\\\/ruralrafaela.com.ar\\\/exporural2023\\\/wp-content\\\/uploads\\\/sites\\\/21\\\/2023\\\/09\\\/IMG_20230923_120237474-2.jpg\",\"keywords\":[\"encuentro ecum\u00e9nico\",\"Expo Rural\",\"Expo Rural 2023\"],\"articleSection\":[\"Expo Rural 2023\"],\"inLanguage\":\"es\"},{\"@type\":\"WebPage\",\"@id\":\"https:\\\/\\\/ruralrafaela.com.ar\\\/exporural2023\\\/2023\\\/09\\\/23\\\/5o-encuentro-ecumenico-en-el-marco-de-la-expo-rural-2023\\\/\",\"url\":\"https:\\\/\\\/ruralrafaela.com.ar\\\/exporural2023\\\/2023\\\/09\\\/23\\\/5o-encuentro-ecumenico-en-el-marco-de-la-expo-rural-2023\\\/\",\"name\":\"5\u00ba Encuentro Ecum\u00e9nico en el marco de la Expo Rural 2023 - 116 Expo Rural Rafaela 2023\",\"isPartOf\":{\"@id\":\"https:\\\/\\\/ruralrafaela.com.ar\\\/exporural2023\\\/#website\"},\"primaryImageOfPage\":{\"@id\":\"https:\\\/\\\/ruralrafaela.com.ar\\\/exporural2023\\\/2023\\\/09\\\/23\\\/5o-encuentro-ecumenico-en-el-marco-de-la-expo-rural-2023\\\/#primaryimage\"},\"image\":{\"@id\":\"https:\\\/\\\/ruralrafaela.com.ar\\\/exporural2023\\\/2023\\\/09\\\/23\\\/5o-encuentro-ecumenico-en-el-marco-de-la-expo-rural-2023\\\/#primaryimage\"},\"thumbnailUrl\":\"https:\\\/\\\/ruralrafaela.com.ar\\\/exporural2023\\\/wp-content\\\/uploads\\\/sites\\\/21\\\/2023\\\/09\\\/IMG_20230923_120237474-2.jpg\",\"datePublished\":\"2023-09-23T19:02:25+00:00\",\"dateModified\":\"2023-09-23T19:11:21+00:00\",\"breadcrumb\":{\"@id\":\"https:\\\/\\\/ruralrafaela.com.ar\\\/exporural2023\\\/2023\\\/09\\\/23\\\/5o-encuentro-ecumenico-en-el-marco-de-la-expo-rural-2023\\\/#breadcrumb\"},\"inLanguage\":\"es\",\"potentialAction\":[{\"@type\":\"ReadAction\",\"target\":[\"https:\\\/\\\/ruralrafaela.com.ar\\\/exporural2023\\\/2023\\\/09\\\/23\\\/5o-encuentro-ecumenico-en-el-marco-de-la-expo-rural-2023\\\/\"]}]},{\"@type\":\"ImageObject\",\"inLanguage\":\"es\",\"@id\":\"https:\\\/\\\/ruralrafaela.com.ar\\\/exporural2023\\\/2023\\\/09\\\/23\\\/5o-encuentro-ecumenico-en-el-marco-de-la-expo-rural-2023\\\/#primaryimage\",\"url\":\"https:\\\/\\\/ruralrafaela.com.ar\\\/exporural2023\\\/wp-content\\\/uploads\\\/sites\\\/21\\\/2023\\\/09\\\/IMG_20230923_120237474-2.jpg\",\"contentUrl\":\"https:\\\/\\\/ruralrafaela.com.ar\\\/exporural2023\\\/wp-content\\\/uploads\\\/sites\\\/21\\\/2023\\\/09\\\/IMG_20230923_120237474-2.jpg\",\"width\":2506,\"height\":2134},{\"@type\":\"BreadcrumbList\",\"@id\":\"https:\\\/\\\/ruralrafaela.com.ar\\\/exporural2023\\\/2023\\\/09\\\/23\\\/5o-encuentro-ecumenico-en-el-marco-de-la-expo-rural-2023\\\/#breadcrumb\",\"itemListElement\":[{\"@type\":\"ListItem\",\"position\":1,\"name\":\"Portada\",\"item\":\"https:\\\/\\\/ruralrafaela.com.ar\\\/exporural2023\\\/\"},{\"@type\":\"ListItem\",\"position\":2,\"name\":\"5\u00ba Encuentro Ecum\u00e9nico en el marco de la Expo Rural 2023\"}]},{\"@type\":\"WebSite\",\"@id\":\"https:\\\/\\\/ruralrafaela.com.ar\\\/exporural2023\\\/#website\",\"url\":\"https:\\\/\\\/ruralrafaela.com.ar\\\/exporural2023\\\/\",\"name\":\"116 Expo Rural Rafaela 2023\",\"description\":\"Sitio oficial de la Expo Rural Rafaela\",\"publisher\":{\"@id\":\"https:\\\/\\\/ruralrafaela.com.ar\\\/exporural2023\\\/#organization\"},\"potentialAction\":[{\"@type\":\"SearchAction\",\"target\":{\"@type\":\"EntryPoint\",\"urlTemplate\":\"https:\\\/\\\/ruralrafaela.com.ar\\\/exporural2023\\\/?s={search_term_string}\"},\"query-input\":{\"@type\":\"PropertyValueSpecification\",\"valueRequired\":true,\"valueName\":\"search_term_string\"}}],\"inLanguage\":\"es\"},{\"@type\":\"Organization\",\"@id\":\"https:\\\/\\\/ruralrafaela.com.ar\\\/exporural2023\\\/#organization\",\"name\":\"116 Expo Rural Rafaela 2023\",\"url\":\"https:\\\/\\\/ruralrafaela.com.ar\\\/exporural2023\\\/\",\"logo\":{\"@type\":\"ImageObject\",\"inLanguage\":\"es\",\"@id\":\"https:\\\/\\\/ruralrafaela.com.ar\\\/exporural2023\\\/#\\\/schema\\\/logo\\\/image\\\/\",\"url\":\"https:\\\/\\\/ruralrafaela.com.ar\\\/exporural2023\\\/wp-content\\\/uploads\\\/sites\\\/21\\\/2023\\\/08\\\/cropped-logoH.jpg\",\"contentUrl\":\"https:\\\/\\\/ruralrafaela.com.ar\\\/exporural2023\\\/wp-content\\\/uploads\\\/sites\\\/21\\\/2023\\\/08\\\/cropped-logoH.jpg\",\"width\":250,\"height\":57,\"caption\":\"116 Expo Rural Rafaela 2023 \"},\"image\":{\"@id\":\"https:\\\/\\\/ruralrafaela.com.ar\\\/exporural2023\\\/#\\\/schema\\\/logo\\\/image\\\/\"}},{\"@type\":\"Person\",\"@id\":\"https:\\\/\\\/ruralrafaela.com.ar\\\/exporural2023\\\/#\\\/schema\\\/person\\\/fa167bfed3a2b8029213c0bac80612f7\",\"name\":\"voces\",\"image\":{\"@type\":\"ImageObject\",\"inLanguage\":\"es\",\"@id\":\"https:\\\/\\\/secure.gravatar.com\\\/avatar\\\/8be4c66bb16cf788ff6688b77c76240c16a5397e072068b8fd79350e9acb3d86?s=96&d=mm&r=g\",\"url\":\"https:\\\/\\\/secure.gravatar.com\\\/avatar\\\/8be4c66bb16cf788ff6688b77c76240c16a5397e072068b8fd79350e9acb3d86?s=96&d=mm&r=g\",\"contentUrl\":\"https:\\\/\\\/secure.gravatar.com\\\/avatar\\\/8be4c66bb16cf788ff6688b77c76240c16a5397e072068b8fd79350e9acb3d86?s=96&d=mm&r=g\",\"caption\":\"voces\"},\"url\":\"https:\\\/\\\/ruralrafaela.com.ar\\\/exporural2023\\\/author\\\/voces\\\/\"}]}<\/script>\n<!-- \/ Yoast SEO plugin. -->","yoast_head_json":{"title":"5\u00ba Encuentro Ecum\u00e9nico en el marco de la Expo Rural 2023 - 116 Expo Rural Rafaela 2023","robots":{"index":"index","follow":"follow","max-snippet":"max-snippet:-1","max-image-preview":"max-image-preview:large","max-video-preview":"max-video-preview:-1"},"canonical":"https:\/\/ruralrafaela.com.ar\/exporural2023\/2023\/09\/23\/5o-encuentro-ecumenico-en-el-marco-de-la-expo-rural-2023\/","og_locale":"es_ES","og_type":"article","og_title":"5\u00ba Encuentro Ecum\u00e9nico en el marco de la Expo Rural 2023 - 116 Expo Rural Rafaela 2023","og_description":"Se desarroll\u00f3 este s\u00e1bado 23 desde las 11 en el SUM de la Sociedad Rural. Nos acompa\u00f1aron: Monse\u00f1or Pedro Torres, P. Luis Cecchi y la Hermana Noelia Delgado de Don Orione, por el culto cat\u00f3lico; tambi\u00e9n, el Pastor Henri Altare, por el culto evang\u00e9lico. Adem\u00e1s, estuvieron presentes el intendente Luis Castellano; el Diputado provincial de [&hellip;]","og_url":"https:\/\/ruralrafaela.com.ar\/exporural2023\/2023\/09\/23\/5o-encuentro-ecumenico-en-el-marco-de-la-expo-rural-2023\/","og_site_name":"116 Expo Rural Rafaela 2023","article_published_time":"2023-09-23T19:02:25+00:00","article_modified_time":"2023-09-23T19:11:21+00:00","og_image":[{"width":2506,"height":2134,"url":"https:\/\/ruralrafaela.com.ar\/exporural2023\/wp-content\/uploads\/sites\/21\/2023\/09\/IMG_20230923_120237474-2.jpg","type":"image\/jpeg"}],"author":"voces","twitter_card":"summary_large_image","twitter_misc":{"Escrito por":"voces","Tiempo de lectura":"2 minutos"},"schema":{"@context":"https:\/\/schema.org","@graph":[{"@type":"Article","@id":"https:\/\/ruralrafaela.com.ar\/exporural2023\/2023\/09\/23\/5o-encuentro-ecumenico-en-el-marco-de-la-expo-rural-2023\/#article","isPartOf":{"@id":"https:\/\/ruralrafaela.com.ar\/exporural2023\/2023\/09\/23\/5o-encuentro-ecumenico-en-el-marco-de-la-expo-rural-2023\/"},"author":{"name":"voces","@id":"https:\/\/ruralrafaela.com.ar\/exporural2023\/#\/schema\/person\/fa167bfed3a2b8029213c0bac80612f7"},"headline":"5\u00ba Encuentro Ecum\u00e9nico en el marco de la Expo Rural 2023","datePublished":"2023-09-23T19:02:25+00:00","dateModified":"2023-09-23T19:11:21+00:00","mainEntityOfPage":{"@id":"https:\/\/ruralrafaela.com.ar\/exporural2023\/2023\/09\/23\/5o-encuentro-ecumenico-en-el-marco-de-la-expo-rural-2023\/"},"wordCount":249,"publisher":{"@id":"https:\/\/ruralrafaela.com.ar\/exporural2023\/#organization"},"image":{"@id":"https:\/\/ruralrafaela.com.ar\/exporural2023\/2023\/09\/23\/5o-encuentro-ecumenico-en-el-marco-de-la-expo-rural-2023\/#primaryimage"},"thumbnailUrl":"https:\/\/ruralrafaela.com.ar\/exporural2023\/wp-content\/uploads\/sites\/21\/2023\/09\/IMG_20230923_120237474-2.jpg","keywords":["encuentro ecum\u00e9nico","Expo Rural","Expo Rural 2023"],"articleSection":["Expo Rural 2023"],"inLanguage":"es"},{"@type":"WebPage","@id":"https:\/\/ruralrafaela.com.ar\/exporural2023\/2023\/09\/23\/5o-encuentro-ecumenico-en-el-marco-de-la-expo-rural-2023\/","url":"https:\/\/ruralrafaela.com.ar\/exporural2023\/2023\/09\/23\/5o-encuentro-ecumenico-en-el-marco-de-la-expo-rural-2023\/","name":"5\u00ba Encuentro Ecum\u00e9nico en el marco de la Expo Rural 2023 - 116 Expo Rural Rafaela 2023","isPartOf":{"@id":"https:\/\/ruralrafaela.com.ar\/exporural2023\/#website"},"primaryImageOfPage":{"@id":"https:\/\/ruralrafaela.com.ar\/exporural2023\/2023\/09\/23\/5o-encuentro-ecumenico-en-el-marco-de-la-expo-rural-2023\/#primaryimage"},"image":{"@id":"https:\/\/ruralrafaela.com.ar\/exporural2023\/2023\/09\/23\/5o-encuentro-ecumenico-en-el-marco-de-la-expo-rural-2023\/#primaryimage"},"thumbnailUrl":"https:\/\/ruralrafaela.com.ar\/exporural2023\/wp-content\/uploads\/sites\/21\/2023\/09\/IMG_20230923_120237474-2.jpg","datePublished":"2023-09-23T19:02:25+00:00","dateModified":"2023-09-23T19:11:21+00:00","breadcrumb":{"@id":"https:\/\/ruralrafaela.com.ar\/exporural2023\/2023\/09\/23\/5o-encuentro-ecumenico-en-el-marco-de-la-expo-rural-2023\/#breadcrumb"},"inLanguage":"es","potentialAction":[{"@type":"ReadAction","target":["https:\/\/ruralrafaela.com.ar\/exporural2023\/2023\/09\/23\/5o-encuentro-ecumenico-en-el-marco-de-la-expo-rural-2023\/"]}]},{"@type":"ImageObject","inLanguage":"es","@id":"https:\/\/ruralrafaela.com.ar\/exporural2023\/2023\/09\/23\/5o-encuentro-ecumenico-en-el-marco-de-la-expo-rural-2023\/#primaryimage","url":"https:\/\/ruralrafaela.com.ar\/exporural2023\/wp-content\/uploads\/sites\/21\/2023\/09\/IMG_20230923_120237474-2.jpg","contentUrl":"https:\/\/ruralrafaela.com.ar\/exporural2023\/wp-content\/uploads\/sites\/21\/2023\/09\/IMG_20230923_120237474-2.jpg","width":2506,"height":2134},{"@type":"BreadcrumbList","@id":"https:\/\/ruralrafaela.com.ar\/exporural2023\/2023\/09\/23\/5o-encuentro-ecumenico-en-el-marco-de-la-expo-rural-2023\/#breadcrumb","itemListElement":[{"@type":"ListItem","position":1,"name":"Portada","item":"https:\/\/ruralrafaela.com.ar\/exporural2023\/"},{"@type":"ListItem","position":2,"name":"5\u00ba Encuentro Ecum\u00e9nico en el marco de la Expo Rural 2023"}]},{"@type":"WebSite","@id":"https:\/\/ruralrafaela.com.ar\/exporural2023\/#website","url":"https:\/\/ruralrafaela.com.ar\/exporural2023\/","name":"116 Expo Rural Rafaela 2023","description":"Sitio oficial de la Expo Rural Rafaela","publisher":{"@id":"https:\/\/ruralrafaela.com.ar\/exporural2023\/#organization"},"potentialAction":[{"@type":"SearchAction","target":{"@type":"EntryPoint","urlTemplate":"https:\/\/ruralrafaela.com.ar\/exporural2023\/?s={search_term_string}"},"query-input":{"@type":"PropertyValueSpecification","valueRequired":true,"valueName":"search_term_string"}}],"inLanguage":"es"},{"@type":"Organization","@id":"https:\/\/ruralrafaela.com.ar\/exporural2023\/#organization","name":"116 Expo Rural Rafaela 2023","url":"https:\/\/ruralrafaela.com.ar\/exporural2023\/","logo":{"@type":"ImageObject","inLanguage":"es","@id":"https:\/\/ruralrafaela.com.ar\/exporural2023\/#\/schema\/logo\/image\/","url":"https:\/\/ruralrafaela.com.ar\/exporural2023\/wp-content\/uploads\/sites\/21\/2023\/08\/cropped-logoH.jpg","contentUrl":"https:\/\/ruralrafaela.com.ar\/exporural2023\/wp-content\/uploads\/sites\/21\/2023\/08\/cropped-logoH.jpg","width":250,"height":57,"caption":"116 Expo Rural Rafaela 2023 "},"image":{"@id":"https:\/\/ruralrafaela.com.ar\/exporural2023\/#\/schema\/logo\/image\/"}},{"@type":"Person","@id":"https:\/\/ruralrafaela.com.ar\/exporural2023\/#\/schema\/person\/fa167bfed3a2b8029213c0bac80612f7","name":"voces","image":{"@type":"ImageObject","inLanguage":"es","@id":"https:\/\/secure.gravatar.com\/avatar\/8be4c66bb16cf788ff6688b77c76240c16a5397e072068b8fd79350e9acb3d86?s=96&d=mm&r=g","url":"https:\/\/secure.gravatar.com\/avatar\/8be4c66bb16cf788ff6688b77c76240c16a5397e072068b8fd79350e9acb3d86?s=96&d=mm&r=g","contentUrl":"https:\/\/secure.gravatar.com\/avatar\/8be4c66bb16cf788ff6688b77c76240c16a5397e072068b8fd79350e9acb3d86?s=96&d=mm&r=g","caption":"voces"},"url":"https:\/\/ruralrafaela.com.ar\/exporural2023\/author\/voces\/"}]}},"_links":{"self":[{"href":"https:\/\/ruralrafaela.com.ar\/exporural2023\/wp-json\/wp\/v2\/posts\/6606","targetHints":{"allow":["GET"]}}],"collection":[{"href":"https:\/\/ruralrafaela.com.ar\/exporural2023\/wp-json\/wp\/v2\/posts"}],"about":[{"href":"https:\/\/ruralrafaela.com.ar\/exporural2023\/wp-json\/wp\/v2\/types\/post"}],"author":[{"embeddable":true,"href":"https:\/\/ruralrafaela.com.ar\/exporural2023\/wp-json\/wp\/v2\/users\/17"}],"replies":[{"embeddable":true,"href":"https:\/\/ruralrafaela.com.ar\/exporural2023\/wp-json\/wp\/v2\/comments?post=6606"}],"version-history":[{"count":2,"href":"https:\/\/ruralrafaela.com.ar\/exporural2023\/wp-json\/wp\/v2\/posts\/6606\/revisions"}],"predecessor-version":[{"id":6613,"href":"https:\/\/ruralrafaela.com.ar\/exporural2023\/wp-json\/wp\/v2\/posts\/6606\/revisions\/6613"}],"wp:featuredmedia":[{"embeddable":true,"href":"https:\/\/ruralrafaela.com.ar\/exporural2023\/wp-json\/wp\/v2\/media\/6612"}],"wp:attachment":[{"href":"https:\/\/ruralrafaela.com.ar\/exporural2023\/wp-json\/wp\/v2\/media?parent=6606"}],"wp:term":[{"taxonomy":"category","embeddable":true,"href":"https:\/\/ruralrafaela.com.ar\/exporural2023\/wp-json\/wp\/v2\/categories?post=6606"},{"taxonomy":"post_tag","embeddable":true,"href":"https:\/\/ruralrafaela.com.ar\/exporural2023\/wp-json\/wp\/v2\/tags?post=6606"}],"curies":[{"name":"wp","href":"https:\/\/api.w.org\/{rel}","templated":true}]}}