{"id":6584,"date":"2023-09-23T01:48:33","date_gmt":"2023-09-23T01:48:33","guid":{"rendered":"https:\/\/ruralrafaela.com.ar\/exporural2023\/?p=6584"},"modified":"2023-09-23T01:57:33","modified_gmt":"2023-09-23T01:57:33","slug":"6584","status":"publish","type":"post","link":"https:\/\/ruralrafaela.com.ar\/exporural2023\/2023\/09\/23\/6584\/","title":{"rendered":"Seg\u00fan Fausto Spotorno \u201cas\u00ed como Argentina va, chocamos\u201d"},"content":{"rendered":"\n<p><\/p>\n\n\n\n<p>Como cada a\u00f1o, el cierre de la actividad de la ExpoRural de Rafaela y la Regi\u00f3n de los viernes concentra su atenci\u00f3n en la charla de actualidad.<\/p>\n\n\n\n<p>En esta 116\u00b0 edici\u00f3n el invitado fue el economista Fausto Spotorno, licenciado en Econom\u00eda de la UCA y Master en Finanzas UCEMA. Es director del Instituto de Econom\u00eda de UADE y <strong>d<\/strong>irector del Centro de Estudios Econ\u00f3micos del estudio Orlando Ferreres y Asociados.<\/p>\n\n\n\n<p>Por supuesto que fue convocado para brindar un an\u00e1lisis sobre la realidad econ\u00f3mica y la orientaci\u00f3n para lo que se presenta en lo inmediato y en el mediano plazo.<\/p>\n\n\n\n<p>\u201cA este a\u00f1o le quedan cuatro meses y son todos complicados\u201d comenz\u00f3 explicando aunque no se \u201cpueda ver luz porque hay un mont\u00f3n de cosas que no sabemos, porque por ejemplo el principal candidato a presidente de Argentina, hace un mes no lo sab\u00eda ni \u00e9l. Est\u00e1n todas las cosas muy en construcci\u00f3n\u201d.<\/p>\n\n\n\n<p>Sin certezas sobre los futuros planes econ\u00f3micos desde el 10 de diciembre, \u201cno se est\u00e1 aclarando mucho el panorama, porque nadie dice lo que va a hacer el a\u00f1o que viene\u201d.<\/p>\n\n\n\n<p>\u201cEl punto clave es pensar que as\u00ed como Argentina va, chocamos, este camino va a la hiperinflaci\u00f3n directo y uno lo que asume es que alguien va a doblar antes del precipicio al que vamos todos juntos\u201d.<\/p>\n\n\n\n<p>Spotorno enfatiz\u00f3 que \u201cen general hay intenciones de tener un plan econ\u00f3mico\u201d y \u201chay cosas que hay que hacer para tenerlo como la modificaci\u00f3n cambiaria\u201d.<\/p>\n\n\n\n<p>Con proyecciones anualizadas de 190 por ciento de inflaci\u00f3n, que de no corregir el rumbo podr\u00eda duplicarse en 2024, con un tipo de cambio oficial en ascenso luego de las elecciones y un d\u00f3lar paralelo calculado en 910 pesos para fin de a\u00f1o, \u201cel pa\u00eds tiene que hacer un intento de integrar a Argentina al mundo\u201d.<\/p>\n\n\n\n<p>El horizonte marca un cambio en la situaci\u00f3n del clima, con lluvias que ante sequ\u00edas entre nuestros competidores en la generaci\u00f3n de materias primas abren una oportunidad que debe ser acompa\u00f1adas no s\u00f3lo por la econom\u00eda, sino por pol\u00edticas.<\/p>\n\n\n\n<p>Su detalle incluy\u00f3 un recorrido por el mes de septiembre en el que el Gobierno \u201cestuvo tirando planes por todos lados\u201d por parte del oficialismo que se replican con m\u00e1s emisi\u00f3n y con una \u201cinflaci\u00f3n que est\u00e1 jugada\u201d, en alza.<\/p>\n\n\n\n<p>Para octubre las elecciones generar\u00e1n una modificaci\u00f3n en el tipo de cambio oficial, que podr\u00eda tener un n\u00famero de inflaci\u00f3n contenido, mientras que despu\u00e9s podr\u00eda volver a dispararse.<\/p>\n\n\n\n<p>Noviembre va a seguir con correcciones y \u201cdiciembre es un signo de pregunta entero, depende de quien gane si hay o no ballotaje, que quiere hacer quien asuma. Todo eso hace que la inflaci\u00f3n va a ser protagonista y la actividad econ\u00f3mica no va a estar en su mejor momento\u201d.<\/p>\n\n\n\n<p>Orientado al campo sum\u00f3 que \u201cal productor le importan las retenciones y el tipo de cambio de la macroeconom\u00eda. Yo creo que el a\u00f1o que viene va a haber una unificaci\u00f3n cambiaria, tengo la expectativa, el tema es cu\u00e1ndo porque para el productor no es lo mismo que sea en diciembre, que en junio. Eso no lo podemos saber, porque diferentes decisiones van a tomar diferentes decisiones en ese sentido y con diferentes condiciones finales\u201d.<\/p>\n\n\n\n<p>Con una deuda interna aproximada en 30 mil millones de d\u00f3lares, el campo puede ser la clave de la recuperaci\u00f3n con su mejora productiva, pero claramente necesita un acompa\u00f1amiento en las decisiones que van m\u00e1s all\u00e1 de los precios internacionales, de la demanda, sino que no pierden de vista a la administraci\u00f3n de esos recursos.<\/p>\n","protected":false},"excerpt":{"rendered":"<p>Como cada a\u00f1o, el cierre de la actividad de la ExpoRural de Rafaela y la Regi\u00f3n de los viernes concentra su atenci\u00f3n en la charla de actualidad. En esta 116\u00b0 edici\u00f3n el invitado fue el economista Fausto Spotorno, licenciado en Econom\u00eda de la UCA y Master en Finanzas UCEMA. Es director del Instituto de Econom\u00eda [&hellip;]<\/p>\n","protected":false},"author":2,"featured_media":6589,"comment_status":"closed","ping_status":"open","sticky":false,"template":"","format":"standard","meta":{"ocean_post_layout":"","ocean_both_sidebars_style":"","ocean_both_sidebars_content_width":0,"ocean_both_sidebars_sidebars_width":0,"ocean_sidebar":"","ocean_second_sidebar":"","ocean_disable_margins":"enable","ocean_add_body_class":"","ocean_shortcode_before_top_bar":"","ocean_shortcode_after_top_bar":"","ocean_shortcode_before_header":"","ocean_shortcode_after_header":"","ocean_has_shortcode":"","ocean_shortcode_after_title":"","ocean_shortcode_before_footer_widgets":"","ocean_shortcode_after_footer_widgets":"","ocean_shortcode_before_footer_bottom":"","ocean_shortcode_after_footer_bottom":"","ocean_display_top_bar":"default","ocean_display_header":"default","ocean_header_style":"","ocean_center_header_left_menu":"","ocean_custom_header_template":"","ocean_custom_logo":0,"ocean_custom_retina_logo":0,"ocean_custom_logo_max_width":0,"ocean_custom_logo_tablet_max_width":0,"ocean_custom_logo_mobile_max_width":0,"ocean_custom_logo_max_height":0,"ocean_custom_logo_tablet_max_height":0,"ocean_custom_logo_mobile_max_height":0,"ocean_header_custom_menu":"","ocean_menu_typo_font_family":"","ocean_menu_typo_font_subset":"","ocean_menu_typo_font_size":0,"ocean_menu_typo_font_size_tablet":0,"ocean_menu_typo_font_size_mobile":0,"ocean_menu_typo_font_size_unit":"px","ocean_menu_typo_font_weight":"","ocean_menu_typo_font_weight_tablet":"","ocean_menu_typo_font_weight_mobile":"","ocean_menu_typo_transform":"","ocean_menu_typo_transform_tablet":"","ocean_menu_typo_transform_mobile":"","ocean_menu_typo_line_height":0,"ocean_menu_typo_line_height_tablet":0,"ocean_menu_typo_line_height_mobile":0,"ocean_menu_typo_line_height_unit":"","ocean_menu_typo_spacing":0,"ocean_menu_typo_spacing_tablet":0,"ocean_menu_typo_spacing_mobile":0,"ocean_menu_typo_spacing_unit":"","ocean_menu_link_color":"","ocean_menu_link_color_hover":"","ocean_menu_link_color_active":"","ocean_menu_link_background":"","ocean_menu_link_hover_background":"","ocean_menu_link_active_background":"","ocean_menu_social_links_bg":"","ocean_menu_social_hover_links_bg":"","ocean_menu_social_links_color":"","ocean_menu_social_hover_links_color":"","ocean_disable_title":"default","ocean_disable_heading":"default","ocean_post_title":"","ocean_post_subheading":"","ocean_post_title_style":"","ocean_post_title_background_color":"","ocean_post_title_background":0,"ocean_post_title_bg_image_position":"","ocean_post_title_bg_image_attachment":"","ocean_post_title_bg_image_repeat":"","ocean_post_title_bg_image_size":"","ocean_post_title_height":0,"ocean_post_title_bg_overlay":0.5,"ocean_post_title_bg_overlay_color":"","ocean_disable_breadcrumbs":"default","ocean_breadcrumbs_color":"","ocean_breadcrumbs_separator_color":"","ocean_breadcrumbs_links_color":"","ocean_breadcrumbs_links_hover_color":"","ocean_display_footer_widgets":"default","ocean_display_footer_bottom":"default","ocean_custom_footer_template":"","_joinchat":[],"ocean_post_oembed":"","ocean_post_self_hosted_media":"","ocean_post_video_embed":"","ocean_link_format":"","ocean_link_format_target":"self","ocean_quote_format":"","ocean_quote_format_link":"post","ocean_gallery_link_images":"on","ocean_gallery_id":[],"footnotes":""},"categories":[43],"tags":[],"class_list":["post-6584","post","type-post","status-publish","format-standard","has-post-thumbnail","hentry","category-expo-rural-2023","entry","has-media"],"yoast_head":"<!-- This site is optimized with the Yoast SEO plugin v27.5 - https:\/\/yoast.com\/product\/yoast-seo-wordpress\/ -->\n<title>Seg\u00fan Fausto Spotorno \u201cas\u00ed como Argentina va, chocamos\u201d - 116 Expo Rural Rafaela 2023<\/title>\n<meta name=\"robots\" content=\"index, follow, max-snippet:-1, max-image-preview:large, max-video-preview:-1\" \/>\n<link rel=\"canonical\" href=\"https:\/\/ruralrafaela.com.ar\/exporural2023\/2023\/09\/23\/6584\/\" \/>\n<meta property=\"og:locale\" content=\"es_ES\" \/>\n<meta property=\"og:type\" content=\"article\" \/>\n<meta property=\"og:title\" content=\"Seg\u00fan Fausto Spotorno \u201cas\u00ed como Argentina va, chocamos\u201d - 116 Expo Rural Rafaela 2023\" \/>\n<meta property=\"og:description\" content=\"Como cada a\u00f1o, el cierre de la actividad de la ExpoRural de Rafaela y la Regi\u00f3n de los viernes concentra su atenci\u00f3n en la charla de actualidad. En esta 116\u00b0 edici\u00f3n el invitado fue el economista Fausto Spotorno, licenciado en Econom\u00eda de la UCA y Master en Finanzas UCEMA. Es director del Instituto de Econom\u00eda [&hellip;]\" \/>\n<meta property=\"og:url\" content=\"https:\/\/ruralrafaela.com.ar\/exporural2023\/2023\/09\/23\/6584\/\" \/>\n<meta property=\"og:site_name\" content=\"116 Expo Rural Rafaela 2023\" \/>\n<meta property=\"article:published_time\" content=\"2023-09-23T01:48:33+00:00\" \/>\n<meta property=\"article:modified_time\" content=\"2023-09-23T01:57:33+00:00\" \/>\n<meta property=\"og:image\" content=\"https:\/\/ruralrafaela.com.ar\/exporural2023\/wp-content\/uploads\/sites\/21\/2023\/09\/Imagen-de-WhatsApp-2023-09-22-a-las-22.55.26.jpg\" \/>\n\t<meta property=\"og:image:width\" content=\"1600\" \/>\n\t<meta property=\"og:image:height\" content=\"1066\" \/>\n\t<meta property=\"og:image:type\" content=\"image\/jpeg\" \/>\n<meta name=\"author\" content=\"c1970093\" \/>\n<meta name=\"twitter:card\" content=\"summary_large_image\" \/>\n<meta name=\"twitter:label1\" content=\"Escrito por\" \/>\n\t<meta name=\"twitter:data1\" content=\"c1970093\" \/>\n\t<meta name=\"twitter:label2\" content=\"Tiempo de lectura\" \/>\n\t<meta name=\"twitter:data2\" content=\"3 minutos\" \/>\n<script type=\"application\/ld+json\" class=\"yoast-schema-graph\">{\"@context\":\"https:\\\/\\\/schema.org\",\"@graph\":[{\"@type\":\"Article\",\"@id\":\"https:\\\/\\\/ruralrafaela.com.ar\\\/exporural2023\\\/2023\\\/09\\\/23\\\/6584\\\/#article\",\"isPartOf\":{\"@id\":\"https:\\\/\\\/ruralrafaela.com.ar\\\/exporural2023\\\/2023\\\/09\\\/23\\\/6584\\\/\"},\"author\":{\"name\":\"c1970093\",\"@id\":\"https:\\\/\\\/ruralrafaela.com.ar\\\/exporural2023\\\/#\\\/schema\\\/person\\\/b944097647cc828e58952e18b2cc493c\"},\"headline\":\"Seg\u00fan Fausto Spotorno \u201cas\u00ed como Argentina va, chocamos\u201d\",\"datePublished\":\"2023-09-23T01:48:33+00:00\",\"dateModified\":\"2023-09-23T01:57:33+00:00\",\"mainEntityOfPage\":{\"@id\":\"https:\\\/\\\/ruralrafaela.com.ar\\\/exporural2023\\\/2023\\\/09\\\/23\\\/6584\\\/\"},\"wordCount\":644,\"publisher\":{\"@id\":\"https:\\\/\\\/ruralrafaela.com.ar\\\/exporural2023\\\/#organization\"},\"image\":{\"@id\":\"https:\\\/\\\/ruralrafaela.com.ar\\\/exporural2023\\\/2023\\\/09\\\/23\\\/6584\\\/#primaryimage\"},\"thumbnailUrl\":\"https:\\\/\\\/ruralrafaela.com.ar\\\/exporural2023\\\/wp-content\\\/uploads\\\/sites\\\/21\\\/2023\\\/09\\\/Imagen-de-WhatsApp-2023-09-22-a-las-22.55.26.jpg\",\"articleSection\":[\"Expo Rural 2023\"],\"inLanguage\":\"es\"},{\"@type\":\"WebPage\",\"@id\":\"https:\\\/\\\/ruralrafaela.com.ar\\\/exporural2023\\\/2023\\\/09\\\/23\\\/6584\\\/\",\"url\":\"https:\\\/\\\/ruralrafaela.com.ar\\\/exporural2023\\\/2023\\\/09\\\/23\\\/6584\\\/\",\"name\":\"Seg\u00fan Fausto Spotorno \u201cas\u00ed como Argentina va, chocamos\u201d - 116 Expo Rural Rafaela 2023\",\"isPartOf\":{\"@id\":\"https:\\\/\\\/ruralrafaela.com.ar\\\/exporural2023\\\/#website\"},\"primaryImageOfPage\":{\"@id\":\"https:\\\/\\\/ruralrafaela.com.ar\\\/exporural2023\\\/2023\\\/09\\\/23\\\/6584\\\/#primaryimage\"},\"image\":{\"@id\":\"https:\\\/\\\/ruralrafaela.com.ar\\\/exporural2023\\\/2023\\\/09\\\/23\\\/6584\\\/#primaryimage\"},\"thumbnailUrl\":\"https:\\\/\\\/ruralrafaela.com.ar\\\/exporural2023\\\/wp-content\\\/uploads\\\/sites\\\/21\\\/2023\\\/09\\\/Imagen-de-WhatsApp-2023-09-22-a-las-22.55.26.jpg\",\"datePublished\":\"2023-09-23T01:48:33+00:00\",\"dateModified\":\"2023-09-23T01:57:33+00:00\",\"breadcrumb\":{\"@id\":\"https:\\\/\\\/ruralrafaela.com.ar\\\/exporural2023\\\/2023\\\/09\\\/23\\\/6584\\\/#breadcrumb\"},\"inLanguage\":\"es\",\"potentialAction\":[{\"@type\":\"ReadAction\",\"target\":[\"https:\\\/\\\/ruralrafaela.com.ar\\\/exporural2023\\\/2023\\\/09\\\/23\\\/6584\\\/\"]}]},{\"@type\":\"ImageObject\",\"inLanguage\":\"es\",\"@id\":\"https:\\\/\\\/ruralrafaela.com.ar\\\/exporural2023\\\/2023\\\/09\\\/23\\\/6584\\\/#primaryimage\",\"url\":\"https:\\\/\\\/ruralrafaela.com.ar\\\/exporural2023\\\/wp-content\\\/uploads\\\/sites\\\/21\\\/2023\\\/09\\\/Imagen-de-WhatsApp-2023-09-22-a-las-22.55.26.jpg\",\"contentUrl\":\"https:\\\/\\\/ruralrafaela.com.ar\\\/exporural2023\\\/wp-content\\\/uploads\\\/sites\\\/21\\\/2023\\\/09\\\/Imagen-de-WhatsApp-2023-09-22-a-las-22.55.26.jpg\",\"width\":\"1600\",\"height\":\"1066\"},{\"@type\":\"BreadcrumbList\",\"@id\":\"https:\\\/\\\/ruralrafaela.com.ar\\\/exporural2023\\\/2023\\\/09\\\/23\\\/6584\\\/#breadcrumb\",\"itemListElement\":[{\"@type\":\"ListItem\",\"position\":1,\"name\":\"Portada\",\"item\":\"https:\\\/\\\/ruralrafaela.com.ar\\\/exporural2023\\\/\"},{\"@type\":\"ListItem\",\"position\":2,\"name\":\"Seg\u00fan Fausto Spotorno \u201cas\u00ed como Argentina va, chocamos\u201d\"}]},{\"@type\":\"WebSite\",\"@id\":\"https:\\\/\\\/ruralrafaela.com.ar\\\/exporural2023\\\/#website\",\"url\":\"https:\\\/\\\/ruralrafaela.com.ar\\\/exporural2023\\\/\",\"name\":\"116 Expo Rural Rafaela 2023\",\"description\":\"Sitio oficial de la Expo Rural Rafaela\",\"publisher\":{\"@id\":\"https:\\\/\\\/ruralrafaela.com.ar\\\/exporural2023\\\/#organization\"},\"potentialAction\":[{\"@type\":\"SearchAction\",\"target\":{\"@type\":\"EntryPoint\",\"urlTemplate\":\"https:\\\/\\\/ruralrafaela.com.ar\\\/exporural2023\\\/?s={search_term_string}\"},\"query-input\":{\"@type\":\"PropertyValueSpecification\",\"valueRequired\":true,\"valueName\":\"search_term_string\"}}],\"inLanguage\":\"es\"},{\"@type\":\"Organization\",\"@id\":\"https:\\\/\\\/ruralrafaela.com.ar\\\/exporural2023\\\/#organization\",\"name\":\"116 Expo Rural Rafaela 2023\",\"url\":\"https:\\\/\\\/ruralrafaela.com.ar\\\/exporural2023\\\/\",\"logo\":{\"@type\":\"ImageObject\",\"inLanguage\":\"es\",\"@id\":\"https:\\\/\\\/ruralrafaela.com.ar\\\/exporural2023\\\/#\\\/schema\\\/logo\\\/image\\\/\",\"url\":\"https:\\\/\\\/ruralrafaela.com.ar\\\/exporural2023\\\/wp-content\\\/uploads\\\/sites\\\/21\\\/2023\\\/08\\\/cropped-logoH.jpg\",\"contentUrl\":\"https:\\\/\\\/ruralrafaela.com.ar\\\/exporural2023\\\/wp-content\\\/uploads\\\/sites\\\/21\\\/2023\\\/08\\\/cropped-logoH.jpg\",\"width\":250,\"height\":57,\"caption\":\"116 Expo Rural Rafaela 2023 \"},\"image\":{\"@id\":\"https:\\\/\\\/ruralrafaela.com.ar\\\/exporural2023\\\/#\\\/schema\\\/logo\\\/image\\\/\"}},{\"@type\":\"Person\",\"@id\":\"https:\\\/\\\/ruralrafaela.com.ar\\\/exporural2023\\\/#\\\/schema\\\/person\\\/b944097647cc828e58952e18b2cc493c\",\"name\":\"c1970093\",\"image\":{\"@type\":\"ImageObject\",\"inLanguage\":\"es\",\"@id\":\"https:\\\/\\\/secure.gravatar.com\\\/avatar\\\/45cdd73f3ef44c305e0057b84921f5c4dc0bf41c5999db82505293a43118ff3e?s=96&d=mm&r=g\",\"url\":\"https:\\\/\\\/secure.gravatar.com\\\/avatar\\\/45cdd73f3ef44c305e0057b84921f5c4dc0bf41c5999db82505293a43118ff3e?s=96&d=mm&r=g\",\"contentUrl\":\"https:\\\/\\\/secure.gravatar.com\\\/avatar\\\/45cdd73f3ef44c305e0057b84921f5c4dc0bf41c5999db82505293a43118ff3e?s=96&d=mm&r=g\",\"caption\":\"c1970093\"},\"url\":\"https:\\\/\\\/ruralrafaela.com.ar\\\/exporural2023\\\/author\\\/c1970093\\\/\"}]}<\/script>\n<!-- \/ Yoast SEO plugin. -->","yoast_head_json":{"title":"Seg\u00fan Fausto Spotorno \u201cas\u00ed como Argentina va, chocamos\u201d - 116 Expo Rural Rafaela 2023","robots":{"index":"index","follow":"follow","max-snippet":"max-snippet:-1","max-image-preview":"max-image-preview:large","max-video-preview":"max-video-preview:-1"},"canonical":"https:\/\/ruralrafaela.com.ar\/exporural2023\/2023\/09\/23\/6584\/","og_locale":"es_ES","og_type":"article","og_title":"Seg\u00fan Fausto Spotorno \u201cas\u00ed como Argentina va, chocamos\u201d - 116 Expo Rural Rafaela 2023","og_description":"Como cada a\u00f1o, el cierre de la actividad de la ExpoRural de Rafaela y la Regi\u00f3n de los viernes concentra su atenci\u00f3n en la charla de actualidad. En esta 116\u00b0 edici\u00f3n el invitado fue el economista Fausto Spotorno, licenciado en Econom\u00eda de la UCA y Master en Finanzas UCEMA. Es director del Instituto de Econom\u00eda [&hellip;]","og_url":"https:\/\/ruralrafaela.com.ar\/exporural2023\/2023\/09\/23\/6584\/","og_site_name":"116 Expo Rural Rafaela 2023","article_published_time":"2023-09-23T01:48:33+00:00","article_modified_time":"2023-09-23T01:57:33+00:00","og_image":[{"width":1600,"height":1066,"url":"https:\/\/ruralrafaela.com.ar\/exporural2023\/wp-content\/uploads\/sites\/21\/2023\/09\/Imagen-de-WhatsApp-2023-09-22-a-las-22.55.26.jpg","type":"image\/jpeg"}],"author":"c1970093","twitter_card":"summary_large_image","twitter_misc":{"Escrito por":"c1970093","Tiempo de lectura":"3 minutos"},"schema":{"@context":"https:\/\/schema.org","@graph":[{"@type":"Article","@id":"https:\/\/ruralrafaela.com.ar\/exporural2023\/2023\/09\/23\/6584\/#article","isPartOf":{"@id":"https:\/\/ruralrafaela.com.ar\/exporural2023\/2023\/09\/23\/6584\/"},"author":{"name":"c1970093","@id":"https:\/\/ruralrafaela.com.ar\/exporural2023\/#\/schema\/person\/b944097647cc828e58952e18b2cc493c"},"headline":"Seg\u00fan Fausto Spotorno \u201cas\u00ed como Argentina va, chocamos\u201d","datePublished":"2023-09-23T01:48:33+00:00","dateModified":"2023-09-23T01:57:33+00:00","mainEntityOfPage":{"@id":"https:\/\/ruralrafaela.com.ar\/exporural2023\/2023\/09\/23\/6584\/"},"wordCount":644,"publisher":{"@id":"https:\/\/ruralrafaela.com.ar\/exporural2023\/#organization"},"image":{"@id":"https:\/\/ruralrafaela.com.ar\/exporural2023\/2023\/09\/23\/6584\/#primaryimage"},"thumbnailUrl":"https:\/\/ruralrafaela.com.ar\/exporural2023\/wp-content\/uploads\/sites\/21\/2023\/09\/Imagen-de-WhatsApp-2023-09-22-a-las-22.55.26.jpg","articleSection":["Expo Rural 2023"],"inLanguage":"es"},{"@type":"WebPage","@id":"https:\/\/ruralrafaela.com.ar\/exporural2023\/2023\/09\/23\/6584\/","url":"https:\/\/ruralrafaela.com.ar\/exporural2023\/2023\/09\/23\/6584\/","name":"Seg\u00fan Fausto Spotorno \u201cas\u00ed como Argentina va, chocamos\u201d - 116 Expo Rural Rafaela 2023","isPartOf":{"@id":"https:\/\/ruralrafaela.com.ar\/exporural2023\/#website"},"primaryImageOfPage":{"@id":"https:\/\/ruralrafaela.com.ar\/exporural2023\/2023\/09\/23\/6584\/#primaryimage"},"image":{"@id":"https:\/\/ruralrafaela.com.ar\/exporural2023\/2023\/09\/23\/6584\/#primaryimage"},"thumbnailUrl":"https:\/\/ruralrafaela.com.ar\/exporural2023\/wp-content\/uploads\/sites\/21\/2023\/09\/Imagen-de-WhatsApp-2023-09-22-a-las-22.55.26.jpg","datePublished":"2023-09-23T01:48:33+00:00","dateModified":"2023-09-23T01:57:33+00:00","breadcrumb":{"@id":"https:\/\/ruralrafaela.com.ar\/exporural2023\/2023\/09\/23\/6584\/#breadcrumb"},"inLanguage":"es","potentialAction":[{"@type":"ReadAction","target":["https:\/\/ruralrafaela.com.ar\/exporural2023\/2023\/09\/23\/6584\/"]}]},{"@type":"ImageObject","inLanguage":"es","@id":"https:\/\/ruralrafaela.com.ar\/exporural2023\/2023\/09\/23\/6584\/#primaryimage","url":"https:\/\/ruralrafaela.com.ar\/exporural2023\/wp-content\/uploads\/sites\/21\/2023\/09\/Imagen-de-WhatsApp-2023-09-22-a-las-22.55.26.jpg","contentUrl":"https:\/\/ruralrafaela.com.ar\/exporural2023\/wp-content\/uploads\/sites\/21\/2023\/09\/Imagen-de-WhatsApp-2023-09-22-a-las-22.55.26.jpg","width":"1600","height":"1066"},{"@type":"BreadcrumbList","@id":"https:\/\/ruralrafaela.com.ar\/exporural2023\/2023\/09\/23\/6584\/#breadcrumb","itemListElement":[{"@type":"ListItem","position":1,"name":"Portada","item":"https:\/\/ruralrafaela.com.ar\/exporural2023\/"},{"@type":"ListItem","position":2,"name":"Seg\u00fan Fausto Spotorno \u201cas\u00ed como Argentina va, chocamos\u201d"}]},{"@type":"WebSite","@id":"https:\/\/ruralrafaela.com.ar\/exporural2023\/#website","url":"https:\/\/ruralrafaela.com.ar\/exporural2023\/","name":"116 Expo Rural Rafaela 2023","description":"Sitio oficial de la Expo Rural Rafaela","publisher":{"@id":"https:\/\/ruralrafaela.com.ar\/exporural2023\/#organization"},"potentialAction":[{"@type":"SearchAction","target":{"@type":"EntryPoint","urlTemplate":"https:\/\/ruralrafaela.com.ar\/exporural2023\/?s={search_term_string}"},"query-input":{"@type":"PropertyValueSpecification","valueRequired":true,"valueName":"search_term_string"}}],"inLanguage":"es"},{"@type":"Organization","@id":"https:\/\/ruralrafaela.com.ar\/exporural2023\/#organization","name":"116 Expo Rural Rafaela 2023","url":"https:\/\/ruralrafaela.com.ar\/exporural2023\/","logo":{"@type":"ImageObject","inLanguage":"es","@id":"https:\/\/ruralrafaela.com.ar\/exporural2023\/#\/schema\/logo\/image\/","url":"https:\/\/ruralrafaela.com.ar\/exporural2023\/wp-content\/uploads\/sites\/21\/2023\/08\/cropped-logoH.jpg","contentUrl":"https:\/\/ruralrafaela.com.ar\/exporural2023\/wp-content\/uploads\/sites\/21\/2023\/08\/cropped-logoH.jpg","width":250,"height":57,"caption":"116 Expo Rural Rafaela 2023 "},"image":{"@id":"https:\/\/ruralrafaela.com.ar\/exporural2023\/#\/schema\/logo\/image\/"}},{"@type":"Person","@id":"https:\/\/ruralrafaela.com.ar\/exporural2023\/#\/schema\/person\/b944097647cc828e58952e18b2cc493c","name":"c1970093","image":{"@type":"ImageObject","inLanguage":"es","@id":"https:\/\/secure.gravatar.com\/avatar\/45cdd73f3ef44c305e0057b84921f5c4dc0bf41c5999db82505293a43118ff3e?s=96&d=mm&r=g","url":"https:\/\/secure.gravatar.com\/avatar\/45cdd73f3ef44c305e0057b84921f5c4dc0bf41c5999db82505293a43118ff3e?s=96&d=mm&r=g","contentUrl":"https:\/\/secure.gravatar.com\/avatar\/45cdd73f3ef44c305e0057b84921f5c4dc0bf41c5999db82505293a43118ff3e?s=96&d=mm&r=g","caption":"c1970093"},"url":"https:\/\/ruralrafaela.com.ar\/exporural2023\/author\/c1970093\/"}]}},"_links":{"self":[{"href":"https:\/\/ruralrafaela.com.ar\/exporural2023\/wp-json\/wp\/v2\/posts\/6584","targetHints":{"allow":["GET"]}}],"collection":[{"href":"https:\/\/ruralrafaela.com.ar\/exporural2023\/wp-json\/wp\/v2\/posts"}],"about":[{"href":"https:\/\/ruralrafaela.com.ar\/exporural2023\/wp-json\/wp\/v2\/types\/post"}],"author":[{"embeddable":true,"href":"https:\/\/ruralrafaela.com.ar\/exporural2023\/wp-json\/wp\/v2\/users\/2"}],"replies":[{"embeddable":true,"href":"https:\/\/ruralrafaela.com.ar\/exporural2023\/wp-json\/wp\/v2\/comments?post=6584"}],"version-history":[{"count":2,"href":"https:\/\/ruralrafaela.com.ar\/exporural2023\/wp-json\/wp\/v2\/posts\/6584\/revisions"}],"predecessor-version":[{"id":6587,"href":"https:\/\/ruralrafaela.com.ar\/exporural2023\/wp-json\/wp\/v2\/posts\/6584\/revisions\/6587"}],"wp:featuredmedia":[{"embeddable":true,"href":"https:\/\/ruralrafaela.com.ar\/exporural2023\/wp-json\/wp\/v2\/media\/6589"}],"wp:attachment":[{"href":"https:\/\/ruralrafaela.com.ar\/exporural2023\/wp-json\/wp\/v2\/media?parent=6584"}],"wp:term":[{"taxonomy":"category","embeddable":true,"href":"https:\/\/ruralrafaela.com.ar\/exporural2023\/wp-json\/wp\/v2\/categories?post=6584"},{"taxonomy":"post_tag","embeddable":true,"href":"https:\/\/ruralrafaela.com.ar\/exporural2023\/wp-json\/wp\/v2\/tags?post=6584"}],"curies":[{"name":"wp","href":"https:\/\/api.w.org\/{rel}","templated":true}]}}