{"id":6484,"date":"2023-09-22T01:11:33","date_gmt":"2023-09-22T01:11:33","guid":{"rendered":"https:\/\/ruralrafaela.com.ar\/exporural2023\/?p=6484"},"modified":"2023-09-22T01:11:33","modified_gmt":"2023-09-22T01:11:33","slug":"la-produccion-agropecuaria-busca-avanzar-en-la-licencia-social","status":"publish","type":"post","link":"https:\/\/ruralrafaela.com.ar\/exporural2023\/2023\/09\/22\/la-produccion-agropecuaria-busca-avanzar-en-la-licencia-social\/","title":{"rendered":"La producci\u00f3n agropecuaria busca avanzar en la licencia social"},"content":{"rendered":"\n<p><\/p>\n\n\n\n<p>El primer d\u00eda de la 116\u00b0 ExpoRural de Rafaela y la regi\u00f3n se concluy\u00f3 con una charla de inter\u00e9s social y productivo.<\/p>\n\n\n\n<p>Con la convocatoria solidaria de la C\u00e1mara de Empresas de Proveedoras del Agro del Centro Comercial e Industrial de Rafaela y la Regi\u00f3n, con la donaci\u00f3n de un litro de leche por asistente destinado al Rotaract; y de la Cooperativa Guillermo Lehmann, el SUM de la Sociedad Rural de Rafaela se colm\u00f3 con un interesado auditorio.<\/p>\n\n\n\n<p>Como director Ejecutivo de la La Lehmann, Gonzalo Turri, explic\u00f3 que en estos 72 a\u00f1os de la Cooperativa se trabaja para generar negocios de valor, por eso \u201cqueremos transformarnos en el aliado estrat\u00e9gico del productor\u201d, no solo en lo productivo, sino en cuanto al entorno.<\/p>\n\n\n\n<p>\u201cQueremos ser l\u00edderes en ese viaje al que los invitamos a nuestros socios, para que podamos lograr una licencia social, un mensaje emp\u00e1tico para llegar al triple impacto, social, econ\u00f3mico y ambiental\u201d.<\/p>\n\n\n\n<p>Con un programa a corto y largo plazo, se viene desarrollando hace 15 a\u00f1os el Proyecto Forestal, a partir del cual en 15 a\u00f1os se plantaron 66 mil ejemplares.<\/p>\n\n\n\n<p>Adem\u00e1s hay acuerdos clave con instituciones de formaci\u00f3n. Con la Universidad Cat\u00f3lica de Santa Fe, en el dictado de educaci\u00f3n ambiental y forestal, adem\u00e1s en la colaboraci\u00f3n lograda para acreditar que toda la evoluci\u00f3n agropecuaria de los tres departamentos centrales de Santa Fe no se realiz\u00f3 en tierras deforestadas.<\/p>\n\n\n\n<p>Con la Universidad Nacional del Litoral se avanz\u00f3 en la plantaci\u00f3n de 4.600 ejemplares de cinco especies distintas de eucaliptus, en cinco hect\u00e1reas de la sucursal de San Agust\u00edn, que ayudar\u00e1n a medir cu\u00e1l es la que m\u00e1s carbono absorbe para ayudar en las decisiones de los productores.<\/p>\n\n\n\n<p>La Lehmann particip\u00f3 en el Programa de Carbono Argentino Neutro, junto a otras organizaciones para poder evaluar el impacto de la huella ambiental.<\/p>\n\n\n\n<p>Es as\u00ed que a partir de soja, trigo, girasol, sorgo y alfalfa, pero tambi\u00e9n los tambos de la zona; se medir\u00e1 la actividad de la f\u00e1brica de alimentos balanceados y de esos productos, para que los productores se puedan evaluar, con un desarrollo que est\u00e1 encabezando la Cooperativa, junto con la asesor\u00eda de la Dra. Mar\u00eda Paz Tieri, investigadora y profesional del INTA.<\/p>\n\n\n\n<p>Camino a presentar un reporte de sustentabilidad entre 2022 y 2023, siguiendo los Objetivos de Desarrollo Sustentable, las tareas de la Cooperativa se orientan a que \u201ca trav\u00e9s del trabajo asociativo est\u00e1 la b\u00fasqueda de la licencia social, como una oportunidad nueva de trabajo en conjunto\u201d.<\/p>\n\n\n\n<p>Lograr la aceptaci\u00f3n de las actividades por parte de una comunidad se est\u00e1 transformando en una condici\u00f3n ineludible, sobre todo en un sector tan observado como el de la producci\u00f3n agropecuaria.<\/p>\n\n\n\n<p>Con el cambio clim\u00e1tico y la evaluaci\u00f3n de los nueve l\u00edmites que corroboran la continuidad del espacio operativo para la vida en el planeta, con un crecimiento constante de la poblaci\u00f3n, la mayor demanda de alimentos, hay que producir m\u00e1s, ser m\u00e1s eficientes, reducir desperdicios, manejar los efluentes, reducir las emisiones de gases de efecto invernadero, entre otras, para caminar hacia la cobertura de la demanda de alimentos hacia 2050, se presenta que la intensificaci\u00f3n de la producci\u00f3n aumenta el impacto ambiental y se debe trabajar para aumentar el cuidado del suelo.<\/p>\n\n\n\n<p>\u201cSi bien es compleja y costosa la medici\u00f3n del impacto ambiental, es posible hacerlo en todos los establecimientos\u201d, explic\u00f3 la especialista.<\/p>\n\n\n\n<p>El an\u00e1lisis del ciclo de vida ayuda a evaluar todas las etapas de generaci\u00f3n de cada producto, normatizado por ISO, lo cual reglamenta el m\u00e9todo de control de cada fase, entre la extracci\u00f3n de la materia prima, la fabricaci\u00f3n, el embalaje y transporte, el uso y mantenimiento; y el reciclaje o desecho final, con una mirada integral hacia una evaluaci\u00f3n basada en 14 impactos, b\u00e1sicamente seis para el agro, con lo cual se puede categorizar y avanzar hacia la indicaci\u00f3n de impacto en cuanto a la emisi\u00f3n de gases como metano, di\u00f3xido de carbono y \u00f3xido nitroso.<\/p>\n\n\n\n<p>\u201cLo que se haga hoy para emitir menos, se podr\u00e1 percibir en diez o doce a\u00f1os\u201d, en un marco en el que Argentina eval\u00faa su inventario de gases de efecto invernadero cada dos a\u00f1os y es as\u00ed que el 37 por ciento de las emisiones le corresponden a la ganader\u00eda, agricultura y la silvicultura.<\/p>\n\n\n\n<p>Con el compromiso global de disminuir las emisiones indica que se debe seguir trabajando en todos los aspectos de cada unidad productiva, siendo el agua y su calidad una de sus claves, al igual que la atenci\u00f3n sobre la acidificaci\u00f3n del suelo, la formaci\u00f3n fotoqu\u00edmica de ozono, el agotamiento de recursos abi\u00f3ticos y el potencial agotamiento de la capa de ozono.<\/p>\n\n\n\n<p>\u201cLa idea es tener todos los impactos medidos, nos interesa trabajar con los distintos actores que tenemos en el agro\u201d, tendiendo a incrementar la productividad, pero tambi\u00e9n la sostenibilidad, en un marco de licencia social.<\/p>\n\n\n\n<p>\u201cNecesitamos demostrar que nuestros sistemas productivos tienen mucho por hacer, tenemos mucha tecnolog\u00eda de proceso para ser m\u00e1s sostenibles, tenemos que entrenar en esto\u201d, dijo la disertante.<\/p>\n\n\n\n<p>Animando a ocuparse de esta tarea fundamental para poder seguir estando en los mercados internacionales, pero tambi\u00e9n para mejorar las condiciones nacionales.<\/p>\n\n\n\n<p>\u201cLo que no conocemos no lo podemos evaluar, entonces tenemos que conocer nuestro sistema y c\u00f3mo nos va en lo econ\u00f3mico y lo productivo. Nosotros cuando trabajamos en ambiente preguntamos todo, repasamos incluso las facturas de cada compra\u201d.<\/p>\n\n\n\n<p>Tambi\u00e9n los productores y las empresas tienen que entender que \u201cel problema de las emisiones de gases de efecto invernadero ya est\u00e1n, entonces tenemos que ver c\u00f3mo adaptarnos a las condiciones, en la parte de investigaci\u00f3n se tiene que trabajar m\u00e1s y avanzar en cultivos y pasturas de diferentes especies. No existe el sistema ideal, cada uno tiene que ver su caso, los puntos d\u00e9biles para tratar de mejorarlos\u201d, sugiri\u00f3.<\/p>\n","protected":false},"excerpt":{"rendered":"<p>El primer d\u00eda de la 116\u00b0 ExpoRural de Rafaela y la regi\u00f3n se concluy\u00f3 con una charla de inter\u00e9s social y productivo. Con la convocatoria solidaria de la C\u00e1mara de Empresas de Proveedoras del Agro del Centro Comercial e Industrial de Rafaela y la Regi\u00f3n, con la donaci\u00f3n de un litro de leche por asistente [&hellip;]<\/p>\n","protected":false},"author":2,"featured_media":6485,"comment_status":"closed","ping_status":"open","sticky":false,"template":"","format":"standard","meta":{"ocean_post_layout":"","ocean_both_sidebars_style":"","ocean_both_sidebars_content_width":0,"ocean_both_sidebars_sidebars_width":0,"ocean_sidebar":"","ocean_second_sidebar":"","ocean_disable_margins":"enable","ocean_add_body_class":"","ocean_shortcode_before_top_bar":"","ocean_shortcode_after_top_bar":"","ocean_shortcode_before_header":"","ocean_shortcode_after_header":"","ocean_has_shortcode":"","ocean_shortcode_after_title":"","ocean_shortcode_before_footer_widgets":"","ocean_shortcode_after_footer_widgets":"","ocean_shortcode_before_footer_bottom":"","ocean_shortcode_after_footer_bottom":"","ocean_display_top_bar":"default","ocean_display_header":"default","ocean_header_style":"","ocean_center_header_left_menu":"","ocean_custom_header_template":"","ocean_custom_logo":0,"ocean_custom_retina_logo":0,"ocean_custom_logo_max_width":0,"ocean_custom_logo_tablet_max_width":0,"ocean_custom_logo_mobile_max_width":0,"ocean_custom_logo_max_height":0,"ocean_custom_logo_tablet_max_height":0,"ocean_custom_logo_mobile_max_height":0,"ocean_header_custom_menu":"","ocean_menu_typo_font_family":"","ocean_menu_typo_font_subset":"","ocean_menu_typo_font_size":0,"ocean_menu_typo_font_size_tablet":0,"ocean_menu_typo_font_size_mobile":0,"ocean_menu_typo_font_size_unit":"px","ocean_menu_typo_font_weight":"","ocean_menu_typo_font_weight_tablet":"","ocean_menu_typo_font_weight_mobile":"","ocean_menu_typo_transform":"","ocean_menu_typo_transform_tablet":"","ocean_menu_typo_transform_mobile":"","ocean_menu_typo_line_height":0,"ocean_menu_typo_line_height_tablet":0,"ocean_menu_typo_line_height_mobile":0,"ocean_menu_typo_line_height_unit":"","ocean_menu_typo_spacing":0,"ocean_menu_typo_spacing_tablet":0,"ocean_menu_typo_spacing_mobile":0,"ocean_menu_typo_spacing_unit":"","ocean_menu_link_color":"","ocean_menu_link_color_hover":"","ocean_menu_link_color_active":"","ocean_menu_link_background":"","ocean_menu_link_hover_background":"","ocean_menu_link_active_background":"","ocean_menu_social_links_bg":"","ocean_menu_social_hover_links_bg":"","ocean_menu_social_links_color":"","ocean_menu_social_hover_links_color":"","ocean_disable_title":"default","ocean_disable_heading":"default","ocean_post_title":"","ocean_post_subheading":"","ocean_post_title_style":"","ocean_post_title_background_color":"","ocean_post_title_background":0,"ocean_post_title_bg_image_position":"","ocean_post_title_bg_image_attachment":"","ocean_post_title_bg_image_repeat":"","ocean_post_title_bg_image_size":"","ocean_post_title_height":0,"ocean_post_title_bg_overlay":0.5,"ocean_post_title_bg_overlay_color":"","ocean_disable_breadcrumbs":"default","ocean_breadcrumbs_color":"","ocean_breadcrumbs_separator_color":"","ocean_breadcrumbs_links_color":"","ocean_breadcrumbs_links_hover_color":"","ocean_display_footer_widgets":"default","ocean_display_footer_bottom":"default","ocean_custom_footer_template":"","_joinchat":[],"ocean_post_oembed":"","ocean_post_self_hosted_media":"","ocean_post_video_embed":"","ocean_link_format":"","ocean_link_format_target":"self","ocean_quote_format":"","ocean_quote_format_link":"post","ocean_gallery_link_images":"on","ocean_gallery_id":[],"footnotes":""},"categories":[43],"tags":[],"class_list":["post-6484","post","type-post","status-publish","format-standard","has-post-thumbnail","hentry","category-expo-rural-2023","entry","has-media"],"yoast_head":"<!-- This site is optimized with the Yoast SEO plugin v27.5 - https:\/\/yoast.com\/product\/yoast-seo-wordpress\/ -->\n<title>La producci\u00f3n agropecuaria busca avanzar en la licencia social - 116 Expo Rural Rafaela 2023<\/title>\n<meta name=\"robots\" content=\"index, follow, max-snippet:-1, max-image-preview:large, max-video-preview:-1\" \/>\n<link rel=\"canonical\" href=\"https:\/\/ruralrafaela.com.ar\/exporural2023\/2023\/09\/22\/la-produccion-agropecuaria-busca-avanzar-en-la-licencia-social\/\" \/>\n<meta property=\"og:locale\" content=\"es_ES\" \/>\n<meta property=\"og:type\" content=\"article\" \/>\n<meta property=\"og:title\" content=\"La producci\u00f3n agropecuaria busca avanzar en la licencia social - 116 Expo Rural Rafaela 2023\" \/>\n<meta property=\"og:description\" content=\"El primer d\u00eda de la 116\u00b0 ExpoRural de Rafaela y la regi\u00f3n se concluy\u00f3 con una charla de inter\u00e9s social y productivo. Con la convocatoria solidaria de la C\u00e1mara de Empresas de Proveedoras del Agro del Centro Comercial e Industrial de Rafaela y la Regi\u00f3n, con la donaci\u00f3n de un litro de leche por asistente [&hellip;]\" \/>\n<meta property=\"og:url\" content=\"https:\/\/ruralrafaela.com.ar\/exporural2023\/2023\/09\/22\/la-produccion-agropecuaria-busca-avanzar-en-la-licencia-social\/\" \/>\n<meta property=\"og:site_name\" content=\"116 Expo Rural Rafaela 2023\" \/>\n<meta property=\"article:published_time\" content=\"2023-09-22T01:11:33+00:00\" \/>\n<meta property=\"og:image\" content=\"https:\/\/ruralrafaela.com.ar\/exporural2023\/wp-content\/uploads\/sites\/21\/2023\/09\/Imagen-de-WhatsApp-2023-09-21-a-las-19.29.42.jpg\" \/>\n\t<meta property=\"og:image:width\" content=\"1100\" \/>\n\t<meta property=\"og:image:height\" content=\"647\" \/>\n\t<meta property=\"og:image:type\" content=\"image\/jpeg\" \/>\n<meta name=\"author\" content=\"c1970093\" \/>\n<meta name=\"twitter:card\" content=\"summary_large_image\" \/>\n<meta name=\"twitter:label1\" content=\"Escrito por\" \/>\n\t<meta name=\"twitter:data1\" content=\"c1970093\" \/>\n\t<meta name=\"twitter:label2\" content=\"Tiempo de lectura\" \/>\n\t<meta name=\"twitter:data2\" content=\"5 minutos\" \/>\n<script type=\"application\/ld+json\" class=\"yoast-schema-graph\">{\"@context\":\"https:\\\/\\\/schema.org\",\"@graph\":[{\"@type\":\"Article\",\"@id\":\"https:\\\/\\\/ruralrafaela.com.ar\\\/exporural2023\\\/2023\\\/09\\\/22\\\/la-produccion-agropecuaria-busca-avanzar-en-la-licencia-social\\\/#article\",\"isPartOf\":{\"@id\":\"https:\\\/\\\/ruralrafaela.com.ar\\\/exporural2023\\\/2023\\\/09\\\/22\\\/la-produccion-agropecuaria-busca-avanzar-en-la-licencia-social\\\/\"},\"author\":{\"name\":\"c1970093\",\"@id\":\"https:\\\/\\\/ruralrafaela.com.ar\\\/exporural2023\\\/#\\\/schema\\\/person\\\/b944097647cc828e58952e18b2cc493c\"},\"headline\":\"La producci\u00f3n agropecuaria busca avanzar en la licencia social\",\"datePublished\":\"2023-09-22T01:11:33+00:00\",\"mainEntityOfPage\":{\"@id\":\"https:\\\/\\\/ruralrafaela.com.ar\\\/exporural2023\\\/2023\\\/09\\\/22\\\/la-produccion-agropecuaria-busca-avanzar-en-la-licencia-social\\\/\"},\"wordCount\":1035,\"publisher\":{\"@id\":\"https:\\\/\\\/ruralrafaela.com.ar\\\/exporural2023\\\/#organization\"},\"image\":{\"@id\":\"https:\\\/\\\/ruralrafaela.com.ar\\\/exporural2023\\\/2023\\\/09\\\/22\\\/la-produccion-agropecuaria-busca-avanzar-en-la-licencia-social\\\/#primaryimage\"},\"thumbnailUrl\":\"https:\\\/\\\/ruralrafaela.com.ar\\\/exporural2023\\\/wp-content\\\/uploads\\\/sites\\\/21\\\/2023\\\/09\\\/Imagen-de-WhatsApp-2023-09-21-a-las-19.29.42.jpg\",\"articleSection\":[\"Expo Rural 2023\"],\"inLanguage\":\"es\"},{\"@type\":\"WebPage\",\"@id\":\"https:\\\/\\\/ruralrafaela.com.ar\\\/exporural2023\\\/2023\\\/09\\\/22\\\/la-produccion-agropecuaria-busca-avanzar-en-la-licencia-social\\\/\",\"url\":\"https:\\\/\\\/ruralrafaela.com.ar\\\/exporural2023\\\/2023\\\/09\\\/22\\\/la-produccion-agropecuaria-busca-avanzar-en-la-licencia-social\\\/\",\"name\":\"La producci\u00f3n agropecuaria busca avanzar en la licencia social - 116 Expo Rural Rafaela 2023\",\"isPartOf\":{\"@id\":\"https:\\\/\\\/ruralrafaela.com.ar\\\/exporural2023\\\/#website\"},\"primaryImageOfPage\":{\"@id\":\"https:\\\/\\\/ruralrafaela.com.ar\\\/exporural2023\\\/2023\\\/09\\\/22\\\/la-produccion-agropecuaria-busca-avanzar-en-la-licencia-social\\\/#primaryimage\"},\"image\":{\"@id\":\"https:\\\/\\\/ruralrafaela.com.ar\\\/exporural2023\\\/2023\\\/09\\\/22\\\/la-produccion-agropecuaria-busca-avanzar-en-la-licencia-social\\\/#primaryimage\"},\"thumbnailUrl\":\"https:\\\/\\\/ruralrafaela.com.ar\\\/exporural2023\\\/wp-content\\\/uploads\\\/sites\\\/21\\\/2023\\\/09\\\/Imagen-de-WhatsApp-2023-09-21-a-las-19.29.42.jpg\",\"datePublished\":\"2023-09-22T01:11:33+00:00\",\"breadcrumb\":{\"@id\":\"https:\\\/\\\/ruralrafaela.com.ar\\\/exporural2023\\\/2023\\\/09\\\/22\\\/la-produccion-agropecuaria-busca-avanzar-en-la-licencia-social\\\/#breadcrumb\"},\"inLanguage\":\"es\",\"potentialAction\":[{\"@type\":\"ReadAction\",\"target\":[\"https:\\\/\\\/ruralrafaela.com.ar\\\/exporural2023\\\/2023\\\/09\\\/22\\\/la-produccion-agropecuaria-busca-avanzar-en-la-licencia-social\\\/\"]}]},{\"@type\":\"ImageObject\",\"inLanguage\":\"es\",\"@id\":\"https:\\\/\\\/ruralrafaela.com.ar\\\/exporural2023\\\/2023\\\/09\\\/22\\\/la-produccion-agropecuaria-busca-avanzar-en-la-licencia-social\\\/#primaryimage\",\"url\":\"https:\\\/\\\/ruralrafaela.com.ar\\\/exporural2023\\\/wp-content\\\/uploads\\\/sites\\\/21\\\/2023\\\/09\\\/Imagen-de-WhatsApp-2023-09-21-a-las-19.29.42.jpg\",\"contentUrl\":\"https:\\\/\\\/ruralrafaela.com.ar\\\/exporural2023\\\/wp-content\\\/uploads\\\/sites\\\/21\\\/2023\\\/09\\\/Imagen-de-WhatsApp-2023-09-21-a-las-19.29.42.jpg\",\"width\":1100,\"height\":647},{\"@type\":\"BreadcrumbList\",\"@id\":\"https:\\\/\\\/ruralrafaela.com.ar\\\/exporural2023\\\/2023\\\/09\\\/22\\\/la-produccion-agropecuaria-busca-avanzar-en-la-licencia-social\\\/#breadcrumb\",\"itemListElement\":[{\"@type\":\"ListItem\",\"position\":1,\"name\":\"Portada\",\"item\":\"https:\\\/\\\/ruralrafaela.com.ar\\\/exporural2023\\\/\"},{\"@type\":\"ListItem\",\"position\":2,\"name\":\"La producci\u00f3n agropecuaria busca avanzar en la licencia social\"}]},{\"@type\":\"WebSite\",\"@id\":\"https:\\\/\\\/ruralrafaela.com.ar\\\/exporural2023\\\/#website\",\"url\":\"https:\\\/\\\/ruralrafaela.com.ar\\\/exporural2023\\\/\",\"name\":\"116 Expo Rural Rafaela 2023\",\"description\":\"Sitio oficial de la Expo Rural Rafaela\",\"publisher\":{\"@id\":\"https:\\\/\\\/ruralrafaela.com.ar\\\/exporural2023\\\/#organization\"},\"potentialAction\":[{\"@type\":\"SearchAction\",\"target\":{\"@type\":\"EntryPoint\",\"urlTemplate\":\"https:\\\/\\\/ruralrafaela.com.ar\\\/exporural2023\\\/?s={search_term_string}\"},\"query-input\":{\"@type\":\"PropertyValueSpecification\",\"valueRequired\":true,\"valueName\":\"search_term_string\"}}],\"inLanguage\":\"es\"},{\"@type\":\"Organization\",\"@id\":\"https:\\\/\\\/ruralrafaela.com.ar\\\/exporural2023\\\/#organization\",\"name\":\"116 Expo Rural Rafaela 2023\",\"url\":\"https:\\\/\\\/ruralrafaela.com.ar\\\/exporural2023\\\/\",\"logo\":{\"@type\":\"ImageObject\",\"inLanguage\":\"es\",\"@id\":\"https:\\\/\\\/ruralrafaela.com.ar\\\/exporural2023\\\/#\\\/schema\\\/logo\\\/image\\\/\",\"url\":\"https:\\\/\\\/ruralrafaela.com.ar\\\/exporural2023\\\/wp-content\\\/uploads\\\/sites\\\/21\\\/2023\\\/08\\\/cropped-logoH.jpg\",\"contentUrl\":\"https:\\\/\\\/ruralrafaela.com.ar\\\/exporural2023\\\/wp-content\\\/uploads\\\/sites\\\/21\\\/2023\\\/08\\\/cropped-logoH.jpg\",\"width\":250,\"height\":57,\"caption\":\"116 Expo Rural Rafaela 2023 \"},\"image\":{\"@id\":\"https:\\\/\\\/ruralrafaela.com.ar\\\/exporural2023\\\/#\\\/schema\\\/logo\\\/image\\\/\"}},{\"@type\":\"Person\",\"@id\":\"https:\\\/\\\/ruralrafaela.com.ar\\\/exporural2023\\\/#\\\/schema\\\/person\\\/b944097647cc828e58952e18b2cc493c\",\"name\":\"c1970093\",\"image\":{\"@type\":\"ImageObject\",\"inLanguage\":\"es\",\"@id\":\"https:\\\/\\\/secure.gravatar.com\\\/avatar\\\/45cdd73f3ef44c305e0057b84921f5c4dc0bf41c5999db82505293a43118ff3e?s=96&d=mm&r=g\",\"url\":\"https:\\\/\\\/secure.gravatar.com\\\/avatar\\\/45cdd73f3ef44c305e0057b84921f5c4dc0bf41c5999db82505293a43118ff3e?s=96&d=mm&r=g\",\"contentUrl\":\"https:\\\/\\\/secure.gravatar.com\\\/avatar\\\/45cdd73f3ef44c305e0057b84921f5c4dc0bf41c5999db82505293a43118ff3e?s=96&d=mm&r=g\",\"caption\":\"c1970093\"},\"url\":\"https:\\\/\\\/ruralrafaela.com.ar\\\/exporural2023\\\/author\\\/c1970093\\\/\"}]}<\/script>\n<!-- \/ Yoast SEO plugin. -->","yoast_head_json":{"title":"La producci\u00f3n agropecuaria busca avanzar en la licencia social - 116 Expo Rural Rafaela 2023","robots":{"index":"index","follow":"follow","max-snippet":"max-snippet:-1","max-image-preview":"max-image-preview:large","max-video-preview":"max-video-preview:-1"},"canonical":"https:\/\/ruralrafaela.com.ar\/exporural2023\/2023\/09\/22\/la-produccion-agropecuaria-busca-avanzar-en-la-licencia-social\/","og_locale":"es_ES","og_type":"article","og_title":"La producci\u00f3n agropecuaria busca avanzar en la licencia social - 116 Expo Rural Rafaela 2023","og_description":"El primer d\u00eda de la 116\u00b0 ExpoRural de Rafaela y la regi\u00f3n se concluy\u00f3 con una charla de inter\u00e9s social y productivo. Con la convocatoria solidaria de la C\u00e1mara de Empresas de Proveedoras del Agro del Centro Comercial e Industrial de Rafaela y la Regi\u00f3n, con la donaci\u00f3n de un litro de leche por asistente [&hellip;]","og_url":"https:\/\/ruralrafaela.com.ar\/exporural2023\/2023\/09\/22\/la-produccion-agropecuaria-busca-avanzar-en-la-licencia-social\/","og_site_name":"116 Expo Rural Rafaela 2023","article_published_time":"2023-09-22T01:11:33+00:00","og_image":[{"width":1100,"height":647,"url":"https:\/\/ruralrafaela.com.ar\/exporural2023\/wp-content\/uploads\/sites\/21\/2023\/09\/Imagen-de-WhatsApp-2023-09-21-a-las-19.29.42.jpg","type":"image\/jpeg"}],"author":"c1970093","twitter_card":"summary_large_image","twitter_misc":{"Escrito por":"c1970093","Tiempo de lectura":"5 minutos"},"schema":{"@context":"https:\/\/schema.org","@graph":[{"@type":"Article","@id":"https:\/\/ruralrafaela.com.ar\/exporural2023\/2023\/09\/22\/la-produccion-agropecuaria-busca-avanzar-en-la-licencia-social\/#article","isPartOf":{"@id":"https:\/\/ruralrafaela.com.ar\/exporural2023\/2023\/09\/22\/la-produccion-agropecuaria-busca-avanzar-en-la-licencia-social\/"},"author":{"name":"c1970093","@id":"https:\/\/ruralrafaela.com.ar\/exporural2023\/#\/schema\/person\/b944097647cc828e58952e18b2cc493c"},"headline":"La producci\u00f3n agropecuaria busca avanzar en la licencia social","datePublished":"2023-09-22T01:11:33+00:00","mainEntityOfPage":{"@id":"https:\/\/ruralrafaela.com.ar\/exporural2023\/2023\/09\/22\/la-produccion-agropecuaria-busca-avanzar-en-la-licencia-social\/"},"wordCount":1035,"publisher":{"@id":"https:\/\/ruralrafaela.com.ar\/exporural2023\/#organization"},"image":{"@id":"https:\/\/ruralrafaela.com.ar\/exporural2023\/2023\/09\/22\/la-produccion-agropecuaria-busca-avanzar-en-la-licencia-social\/#primaryimage"},"thumbnailUrl":"https:\/\/ruralrafaela.com.ar\/exporural2023\/wp-content\/uploads\/sites\/21\/2023\/09\/Imagen-de-WhatsApp-2023-09-21-a-las-19.29.42.jpg","articleSection":["Expo Rural 2023"],"inLanguage":"es"},{"@type":"WebPage","@id":"https:\/\/ruralrafaela.com.ar\/exporural2023\/2023\/09\/22\/la-produccion-agropecuaria-busca-avanzar-en-la-licencia-social\/","url":"https:\/\/ruralrafaela.com.ar\/exporural2023\/2023\/09\/22\/la-produccion-agropecuaria-busca-avanzar-en-la-licencia-social\/","name":"La producci\u00f3n agropecuaria busca avanzar en la licencia social - 116 Expo Rural Rafaela 2023","isPartOf":{"@id":"https:\/\/ruralrafaela.com.ar\/exporural2023\/#website"},"primaryImageOfPage":{"@id":"https:\/\/ruralrafaela.com.ar\/exporural2023\/2023\/09\/22\/la-produccion-agropecuaria-busca-avanzar-en-la-licencia-social\/#primaryimage"},"image":{"@id":"https:\/\/ruralrafaela.com.ar\/exporural2023\/2023\/09\/22\/la-produccion-agropecuaria-busca-avanzar-en-la-licencia-social\/#primaryimage"},"thumbnailUrl":"https:\/\/ruralrafaela.com.ar\/exporural2023\/wp-content\/uploads\/sites\/21\/2023\/09\/Imagen-de-WhatsApp-2023-09-21-a-las-19.29.42.jpg","datePublished":"2023-09-22T01:11:33+00:00","breadcrumb":{"@id":"https:\/\/ruralrafaela.com.ar\/exporural2023\/2023\/09\/22\/la-produccion-agropecuaria-busca-avanzar-en-la-licencia-social\/#breadcrumb"},"inLanguage":"es","potentialAction":[{"@type":"ReadAction","target":["https:\/\/ruralrafaela.com.ar\/exporural2023\/2023\/09\/22\/la-produccion-agropecuaria-busca-avanzar-en-la-licencia-social\/"]}]},{"@type":"ImageObject","inLanguage":"es","@id":"https:\/\/ruralrafaela.com.ar\/exporural2023\/2023\/09\/22\/la-produccion-agropecuaria-busca-avanzar-en-la-licencia-social\/#primaryimage","url":"https:\/\/ruralrafaela.com.ar\/exporural2023\/wp-content\/uploads\/sites\/21\/2023\/09\/Imagen-de-WhatsApp-2023-09-21-a-las-19.29.42.jpg","contentUrl":"https:\/\/ruralrafaela.com.ar\/exporural2023\/wp-content\/uploads\/sites\/21\/2023\/09\/Imagen-de-WhatsApp-2023-09-21-a-las-19.29.42.jpg","width":1100,"height":647},{"@type":"BreadcrumbList","@id":"https:\/\/ruralrafaela.com.ar\/exporural2023\/2023\/09\/22\/la-produccion-agropecuaria-busca-avanzar-en-la-licencia-social\/#breadcrumb","itemListElement":[{"@type":"ListItem","position":1,"name":"Portada","item":"https:\/\/ruralrafaela.com.ar\/exporural2023\/"},{"@type":"ListItem","position":2,"name":"La producci\u00f3n agropecuaria busca avanzar en la licencia social"}]},{"@type":"WebSite","@id":"https:\/\/ruralrafaela.com.ar\/exporural2023\/#website","url":"https:\/\/ruralrafaela.com.ar\/exporural2023\/","name":"116 Expo Rural Rafaela 2023","description":"Sitio oficial de la Expo Rural Rafaela","publisher":{"@id":"https:\/\/ruralrafaela.com.ar\/exporural2023\/#organization"},"potentialAction":[{"@type":"SearchAction","target":{"@type":"EntryPoint","urlTemplate":"https:\/\/ruralrafaela.com.ar\/exporural2023\/?s={search_term_string}"},"query-input":{"@type":"PropertyValueSpecification","valueRequired":true,"valueName":"search_term_string"}}],"inLanguage":"es"},{"@type":"Organization","@id":"https:\/\/ruralrafaela.com.ar\/exporural2023\/#organization","name":"116 Expo Rural Rafaela 2023","url":"https:\/\/ruralrafaela.com.ar\/exporural2023\/","logo":{"@type":"ImageObject","inLanguage":"es","@id":"https:\/\/ruralrafaela.com.ar\/exporural2023\/#\/schema\/logo\/image\/","url":"https:\/\/ruralrafaela.com.ar\/exporural2023\/wp-content\/uploads\/sites\/21\/2023\/08\/cropped-logoH.jpg","contentUrl":"https:\/\/ruralrafaela.com.ar\/exporural2023\/wp-content\/uploads\/sites\/21\/2023\/08\/cropped-logoH.jpg","width":250,"height":57,"caption":"116 Expo Rural Rafaela 2023 "},"image":{"@id":"https:\/\/ruralrafaela.com.ar\/exporural2023\/#\/schema\/logo\/image\/"}},{"@type":"Person","@id":"https:\/\/ruralrafaela.com.ar\/exporural2023\/#\/schema\/person\/b944097647cc828e58952e18b2cc493c","name":"c1970093","image":{"@type":"ImageObject","inLanguage":"es","@id":"https:\/\/secure.gravatar.com\/avatar\/45cdd73f3ef44c305e0057b84921f5c4dc0bf41c5999db82505293a43118ff3e?s=96&d=mm&r=g","url":"https:\/\/secure.gravatar.com\/avatar\/45cdd73f3ef44c305e0057b84921f5c4dc0bf41c5999db82505293a43118ff3e?s=96&d=mm&r=g","contentUrl":"https:\/\/secure.gravatar.com\/avatar\/45cdd73f3ef44c305e0057b84921f5c4dc0bf41c5999db82505293a43118ff3e?s=96&d=mm&r=g","caption":"c1970093"},"url":"https:\/\/ruralrafaela.com.ar\/exporural2023\/author\/c1970093\/"}]}},"_links":{"self":[{"href":"https:\/\/ruralrafaela.com.ar\/exporural2023\/wp-json\/wp\/v2\/posts\/6484","targetHints":{"allow":["GET"]}}],"collection":[{"href":"https:\/\/ruralrafaela.com.ar\/exporural2023\/wp-json\/wp\/v2\/posts"}],"about":[{"href":"https:\/\/ruralrafaela.com.ar\/exporural2023\/wp-json\/wp\/v2\/types\/post"}],"author":[{"embeddable":true,"href":"https:\/\/ruralrafaela.com.ar\/exporural2023\/wp-json\/wp\/v2\/users\/2"}],"replies":[{"embeddable":true,"href":"https:\/\/ruralrafaela.com.ar\/exporural2023\/wp-json\/wp\/v2\/comments?post=6484"}],"version-history":[{"count":1,"href":"https:\/\/ruralrafaela.com.ar\/exporural2023\/wp-json\/wp\/v2\/posts\/6484\/revisions"}],"predecessor-version":[{"id":6486,"href":"https:\/\/ruralrafaela.com.ar\/exporural2023\/wp-json\/wp\/v2\/posts\/6484\/revisions\/6486"}],"wp:featuredmedia":[{"embeddable":true,"href":"https:\/\/ruralrafaela.com.ar\/exporural2023\/wp-json\/wp\/v2\/media\/6485"}],"wp:attachment":[{"href":"https:\/\/ruralrafaela.com.ar\/exporural2023\/wp-json\/wp\/v2\/media?parent=6484"}],"wp:term":[{"taxonomy":"category","embeddable":true,"href":"https:\/\/ruralrafaela.com.ar\/exporural2023\/wp-json\/wp\/v2\/categories?post=6484"},{"taxonomy":"post_tag","embeddable":true,"href":"https:\/\/ruralrafaela.com.ar\/exporural2023\/wp-json\/wp\/v2\/tags?post=6484"}],"curies":[{"name":"wp","href":"https:\/\/api.w.org\/{rel}","templated":true}]}}