{"id":6451,"date":"2023-09-20T00:46:12","date_gmt":"2023-09-20T00:46:12","guid":{"rendered":"https:\/\/ruralrafaela.com.ar\/exporural2023\/?p=6451"},"modified":"2023-09-20T00:46:13","modified_gmt":"2023-09-20T00:46:13","slug":"claves-para-mejorar-las-estructuras-en-las-empresas-agropecuarias","status":"publish","type":"post","link":"https:\/\/ruralrafaela.com.ar\/exporural2023\/2023\/09\/20\/claves-para-mejorar-las-estructuras-en-las-empresas-agropecuarias\/","title":{"rendered":"Claves para mejorar las estructuras en las empresas agropecuarias"},"content":{"rendered":"\n<p><\/p>\n\n\n\n<p><strong><em>Larisa Acosta abord\u00f3 uno de los ejes fundamentales para la mejora organizacional en la segunda charla, a horas del comienzo de la 116\u00b0 ExpoRural de Rafaela y la Regi\u00f3n.<\/em><\/strong><\/p>\n\n\n\n<p><\/p>\n\n\n\n<p>Como previa al inicio formal de la 116\u00b0 ExpoRural de Rafaela y la Regi\u00f3n, este martes se desarroll\u00f3 la segunda charla de capacitaci\u00f3n que permite tener una agenda m\u00e1s ampliada a la tradicional muestra que tendr\u00e1 espacio de jueves a domingo.<\/p>\n\n\n\n<p>En el nuevo SUM del predio ferial, Larisa Acosta abord\u00f3 la tem\u00e1tica de \u00abRecursos humanos en empresas agropecuarias, desaf\u00edos y herramientas de gesti\u00f3n\u00bb.<\/p>\n\n\n\n<p>Como Licenciada en Recursos Humanos, M\u00e1ster en Direcci\u00f3n Estrat\u00e9gica de Empresas Familiares, habl\u00f3 de manera franca ante un auditorio donde las inquietudes sobre c\u00f3mo seguir adelante en las organizaciones de todos los tama\u00f1os y donde los v\u00ednculos son la base para la continuidad.<\/p>\n\n\n\n<p>\u201cHay diferencias en las empresas que est\u00e1n ya trabajando en estos temas y las que est\u00e1n arrancando\u201d, indic\u00f3 sabiendo que encargarse de las personas que est\u00e1n adentro de las empresas es fundamental.<\/p>\n\n\n\n<p>En un \u201ccontexto VICA, volatil, incierto, complejo y ambiguo\u201d es importante tener en claro el rumbo de cada empresa, m\u00e1s all\u00e1 de las condiciones que aparezcan por variables que no dependen de si misma.<\/p>\n\n\n\n<p>\u201cRafaela tiene un entramado emprendedor muy diverso y muy interesante, que hay que aprovechar\u201d indic\u00f3 a pesar de la competencia por la tierra, e incluso por la competencia por el personal capacitado que implica la ubicaci\u00f3n.<\/p>\n\n\n\n<p>Los desaf\u00edos que se pueden afrontar hacia adentro de las empresas son las condiciones de las tareas, la organizaci\u00f3n y planificaci\u00f3n de las actividades, la conformaci\u00f3n de los equipos, el lliderazgo para desarrollar equipos, e incluso se puede profundizar el compromiso.<\/p>\n\n\n\n<p>Las empresas que se ocupan de la gesti\u00f3n del capital humano aumentan su rentabilidad en cuatro veces, reducen el ausentismo en 51 por ciento, bajan 64 por ciento los accidentes y crecen 29 por ciento en calidad. As\u00ed se pueden gestar empresas atractivas para j\u00f3venes y para que los mejores talentos quieran sumarse a las organizaciones.<\/p>\n\n\n\n<p>Acosta motiv\u00f3 a dotar de mejores condiciones a los mandos medios de las empresas, a partir de un esquema claro a partir de un organigrama y con tareas concretas para cada uno de los que lo conforman.<\/p>\n\n\n\n<p>En esto es clave la profesionalizaci\u00f3n de selecci\u00f3n de personal, para cada parte de la estructura. Las claves est\u00e1n en la planificaci\u00f3n con tiempo, la definici\u00f3n de un perfil, lograr entrevistar por competencias y a partir de eso generar una selecci\u00f3n buena, para evitar un costo alt\u00edsimo detr\u00e1s de una mala decisi\u00f3n y una posterior desvinculaci\u00f3n.<\/p>\n\n\n\n<p>La inducci\u00f3n, una buena conducci\u00f3n en los primeros d\u00edas y meses dentro de una empresa, ser\u00e1n claves para la conservaci\u00f3n de ese recurso humano clave para el progreso mutuo.<\/p>\n\n\n\n<p>La comunicaci\u00f3n es clave para que las empresas progresen, aproximadamente el 85 por ciento de los problemas tienen v\u00ednculos con este punto, donde adem\u00e1s de saber tener una escucha activa, hay que decir de la mejor manera por parte del l\u00edder de cada sector.<\/p>\n\n\n\n<p>Si las bases de la tarea del d\u00eda a d\u00eda est\u00e1n bien dadas, el compromiso, la motivaci\u00f3n y la responsabilidad se cumplir\u00e1n de una forma m\u00e1s natural. Se releva que el 83 por ciento de las personas valoran m\u00e1s un elogio que un premio en dinero.<\/p>\n\n\n\n<p>Seg\u00fan Larisa Acosta hay que preguntarse \u201c\u00bfque hace que la gente quiera trabajar en mi empresa?\u201d, ocuparse de las personas que forman parte de la empresa es la clave indispensable para conseguir el \u00e9xito en cada organizaci\u00f3n.<\/p>\n","protected":false},"excerpt":{"rendered":"<p>Larisa Acosta abord\u00f3 uno de los ejes fundamentales para la mejora organizacional en la segunda charla, a horas del comienzo de la 116\u00b0 ExpoRural de Rafaela y la Regi\u00f3n. Como previa al inicio formal de la 116\u00b0 ExpoRural de Rafaela y la Regi\u00f3n, este martes se desarroll\u00f3 la segunda charla de capacitaci\u00f3n que permite tener [&hellip;]<\/p>\n","protected":false},"author":2,"featured_media":6452,"comment_status":"closed","ping_status":"open","sticky":false,"template":"","format":"standard","meta":{"ocean_post_layout":"","ocean_both_sidebars_style":"","ocean_both_sidebars_content_width":0,"ocean_both_sidebars_sidebars_width":0,"ocean_sidebar":"","ocean_second_sidebar":"","ocean_disable_margins":"enable","ocean_add_body_class":"","ocean_shortcode_before_top_bar":"","ocean_shortcode_after_top_bar":"","ocean_shortcode_before_header":"","ocean_shortcode_after_header":"","ocean_has_shortcode":"","ocean_shortcode_after_title":"","ocean_shortcode_before_footer_widgets":"","ocean_shortcode_after_footer_widgets":"","ocean_shortcode_before_footer_bottom":"","ocean_shortcode_after_footer_bottom":"","ocean_display_top_bar":"default","ocean_display_header":"default","ocean_header_style":"","ocean_center_header_left_menu":"","ocean_custom_header_template":"","ocean_custom_logo":0,"ocean_custom_retina_logo":0,"ocean_custom_logo_max_width":0,"ocean_custom_logo_tablet_max_width":0,"ocean_custom_logo_mobile_max_width":0,"ocean_custom_logo_max_height":0,"ocean_custom_logo_tablet_max_height":0,"ocean_custom_logo_mobile_max_height":0,"ocean_header_custom_menu":"","ocean_menu_typo_font_family":"","ocean_menu_typo_font_subset":"","ocean_menu_typo_font_size":0,"ocean_menu_typo_font_size_tablet":0,"ocean_menu_typo_font_size_mobile":0,"ocean_menu_typo_font_size_unit":"px","ocean_menu_typo_font_weight":"","ocean_menu_typo_font_weight_tablet":"","ocean_menu_typo_font_weight_mobile":"","ocean_menu_typo_transform":"","ocean_menu_typo_transform_tablet":"","ocean_menu_typo_transform_mobile":"","ocean_menu_typo_line_height":0,"ocean_menu_typo_line_height_tablet":0,"ocean_menu_typo_line_height_mobile":0,"ocean_menu_typo_line_height_unit":"","ocean_menu_typo_spacing":0,"ocean_menu_typo_spacing_tablet":0,"ocean_menu_typo_spacing_mobile":0,"ocean_menu_typo_spacing_unit":"","ocean_menu_link_color":"","ocean_menu_link_color_hover":"","ocean_menu_link_color_active":"","ocean_menu_link_background":"","ocean_menu_link_hover_background":"","ocean_menu_link_active_background":"","ocean_menu_social_links_bg":"","ocean_menu_social_hover_links_bg":"","ocean_menu_social_links_color":"","ocean_menu_social_hover_links_color":"","ocean_disable_title":"default","ocean_disable_heading":"default","ocean_post_title":"","ocean_post_subheading":"","ocean_post_title_style":"","ocean_post_title_background_color":"","ocean_post_title_background":0,"ocean_post_title_bg_image_position":"","ocean_post_title_bg_image_attachment":"","ocean_post_title_bg_image_repeat":"","ocean_post_title_bg_image_size":"","ocean_post_title_height":0,"ocean_post_title_bg_overlay":0.5,"ocean_post_title_bg_overlay_color":"","ocean_disable_breadcrumbs":"default","ocean_breadcrumbs_color":"","ocean_breadcrumbs_separator_color":"","ocean_breadcrumbs_links_color":"","ocean_breadcrumbs_links_hover_color":"","ocean_display_footer_widgets":"default","ocean_display_footer_bottom":"default","ocean_custom_footer_template":"","_joinchat":[],"ocean_post_oembed":"","ocean_post_self_hosted_media":"","ocean_post_video_embed":"","ocean_link_format":"","ocean_link_format_target":"self","ocean_quote_format":"","ocean_quote_format_link":"post","ocean_gallery_link_images":"on","ocean_gallery_id":[],"footnotes":""},"categories":[43],"tags":[],"class_list":["post-6451","post","type-post","status-publish","format-standard","has-post-thumbnail","hentry","category-expo-rural-2023","entry","has-media"],"yoast_head":"<!-- This site is optimized with the Yoast SEO plugin v27.5 - https:\/\/yoast.com\/product\/yoast-seo-wordpress\/ -->\n<title>Claves para mejorar las estructuras en las empresas agropecuarias - 116 Expo Rural Rafaela 2023<\/title>\n<meta name=\"robots\" content=\"index, follow, max-snippet:-1, max-image-preview:large, max-video-preview:-1\" \/>\n<link rel=\"canonical\" href=\"https:\/\/ruralrafaela.com.ar\/exporural2023\/2023\/09\/20\/claves-para-mejorar-las-estructuras-en-las-empresas-agropecuarias\/\" \/>\n<meta property=\"og:locale\" content=\"es_ES\" \/>\n<meta property=\"og:type\" content=\"article\" \/>\n<meta property=\"og:title\" content=\"Claves para mejorar las estructuras en las empresas agropecuarias - 116 Expo Rural Rafaela 2023\" \/>\n<meta property=\"og:description\" content=\"Larisa Acosta abord\u00f3 uno de los ejes fundamentales para la mejora organizacional en la segunda charla, a horas del comienzo de la 116\u00b0 ExpoRural de Rafaela y la Regi\u00f3n. Como previa al inicio formal de la 116\u00b0 ExpoRural de Rafaela y la Regi\u00f3n, este martes se desarroll\u00f3 la segunda charla de capacitaci\u00f3n que permite tener [&hellip;]\" \/>\n<meta property=\"og:url\" content=\"https:\/\/ruralrafaela.com.ar\/exporural2023\/2023\/09\/20\/claves-para-mejorar-las-estructuras-en-las-empresas-agropecuarias\/\" \/>\n<meta property=\"og:site_name\" content=\"116 Expo Rural Rafaela 2023\" \/>\n<meta property=\"article:published_time\" content=\"2023-09-20T00:46:12+00:00\" \/>\n<meta property=\"article:modified_time\" content=\"2023-09-20T00:46:13+00:00\" \/>\n<meta property=\"og:image\" content=\"https:\/\/ruralrafaela.com.ar\/exporural2023\/wp-content\/uploads\/sites\/21\/2023\/09\/Imagen-de-WhatsApp-2023-09-19-a-las-20.01.53.jpg\" \/>\n\t<meta property=\"og:image:width\" content=\"1600\" \/>\n\t<meta property=\"og:image:height\" content=\"702\" \/>\n\t<meta property=\"og:image:type\" content=\"image\/jpeg\" \/>\n<meta name=\"author\" content=\"c1970093\" \/>\n<meta name=\"twitter:card\" content=\"summary_large_image\" \/>\n<meta name=\"twitter:label1\" content=\"Escrito por\" \/>\n\t<meta name=\"twitter:data1\" content=\"c1970093\" \/>\n\t<meta name=\"twitter:label2\" content=\"Tiempo de lectura\" \/>\n\t<meta name=\"twitter:data2\" content=\"3 minutos\" \/>\n<script type=\"application\/ld+json\" class=\"yoast-schema-graph\">{\"@context\":\"https:\\\/\\\/schema.org\",\"@graph\":[{\"@type\":\"Article\",\"@id\":\"https:\\\/\\\/ruralrafaela.com.ar\\\/exporural2023\\\/2023\\\/09\\\/20\\\/claves-para-mejorar-las-estructuras-en-las-empresas-agropecuarias\\\/#article\",\"isPartOf\":{\"@id\":\"https:\\\/\\\/ruralrafaela.com.ar\\\/exporural2023\\\/2023\\\/09\\\/20\\\/claves-para-mejorar-las-estructuras-en-las-empresas-agropecuarias\\\/\"},\"author\":{\"name\":\"c1970093\",\"@id\":\"https:\\\/\\\/ruralrafaela.com.ar\\\/exporural2023\\\/#\\\/schema\\\/person\\\/b944097647cc828e58952e18b2cc493c\"},\"headline\":\"Claves para mejorar las estructuras en las empresas agropecuarias\",\"datePublished\":\"2023-09-20T00:46:12+00:00\",\"dateModified\":\"2023-09-20T00:46:13+00:00\",\"mainEntityOfPage\":{\"@id\":\"https:\\\/\\\/ruralrafaela.com.ar\\\/exporural2023\\\/2023\\\/09\\\/20\\\/claves-para-mejorar-las-estructuras-en-las-empresas-agropecuarias\\\/\"},\"wordCount\":638,\"publisher\":{\"@id\":\"https:\\\/\\\/ruralrafaela.com.ar\\\/exporural2023\\\/#organization\"},\"image\":{\"@id\":\"https:\\\/\\\/ruralrafaela.com.ar\\\/exporural2023\\\/2023\\\/09\\\/20\\\/claves-para-mejorar-las-estructuras-en-las-empresas-agropecuarias\\\/#primaryimage\"},\"thumbnailUrl\":\"https:\\\/\\\/ruralrafaela.com.ar\\\/exporural2023\\\/wp-content\\\/uploads\\\/sites\\\/21\\\/2023\\\/09\\\/Imagen-de-WhatsApp-2023-09-19-a-las-20.01.53.jpg\",\"articleSection\":[\"Expo Rural 2023\"],\"inLanguage\":\"es\"},{\"@type\":\"WebPage\",\"@id\":\"https:\\\/\\\/ruralrafaela.com.ar\\\/exporural2023\\\/2023\\\/09\\\/20\\\/claves-para-mejorar-las-estructuras-en-las-empresas-agropecuarias\\\/\",\"url\":\"https:\\\/\\\/ruralrafaela.com.ar\\\/exporural2023\\\/2023\\\/09\\\/20\\\/claves-para-mejorar-las-estructuras-en-las-empresas-agropecuarias\\\/\",\"name\":\"Claves para mejorar las estructuras en las empresas agropecuarias - 116 Expo Rural Rafaela 2023\",\"isPartOf\":{\"@id\":\"https:\\\/\\\/ruralrafaela.com.ar\\\/exporural2023\\\/#website\"},\"primaryImageOfPage\":{\"@id\":\"https:\\\/\\\/ruralrafaela.com.ar\\\/exporural2023\\\/2023\\\/09\\\/20\\\/claves-para-mejorar-las-estructuras-en-las-empresas-agropecuarias\\\/#primaryimage\"},\"image\":{\"@id\":\"https:\\\/\\\/ruralrafaela.com.ar\\\/exporural2023\\\/2023\\\/09\\\/20\\\/claves-para-mejorar-las-estructuras-en-las-empresas-agropecuarias\\\/#primaryimage\"},\"thumbnailUrl\":\"https:\\\/\\\/ruralrafaela.com.ar\\\/exporural2023\\\/wp-content\\\/uploads\\\/sites\\\/21\\\/2023\\\/09\\\/Imagen-de-WhatsApp-2023-09-19-a-las-20.01.53.jpg\",\"datePublished\":\"2023-09-20T00:46:12+00:00\",\"dateModified\":\"2023-09-20T00:46:13+00:00\",\"breadcrumb\":{\"@id\":\"https:\\\/\\\/ruralrafaela.com.ar\\\/exporural2023\\\/2023\\\/09\\\/20\\\/claves-para-mejorar-las-estructuras-en-las-empresas-agropecuarias\\\/#breadcrumb\"},\"inLanguage\":\"es\",\"potentialAction\":[{\"@type\":\"ReadAction\",\"target\":[\"https:\\\/\\\/ruralrafaela.com.ar\\\/exporural2023\\\/2023\\\/09\\\/20\\\/claves-para-mejorar-las-estructuras-en-las-empresas-agropecuarias\\\/\"]}]},{\"@type\":\"ImageObject\",\"inLanguage\":\"es\",\"@id\":\"https:\\\/\\\/ruralrafaela.com.ar\\\/exporural2023\\\/2023\\\/09\\\/20\\\/claves-para-mejorar-las-estructuras-en-las-empresas-agropecuarias\\\/#primaryimage\",\"url\":\"https:\\\/\\\/ruralrafaela.com.ar\\\/exporural2023\\\/wp-content\\\/uploads\\\/sites\\\/21\\\/2023\\\/09\\\/Imagen-de-WhatsApp-2023-09-19-a-las-20.01.53.jpg\",\"contentUrl\":\"https:\\\/\\\/ruralrafaela.com.ar\\\/exporural2023\\\/wp-content\\\/uploads\\\/sites\\\/21\\\/2023\\\/09\\\/Imagen-de-WhatsApp-2023-09-19-a-las-20.01.53.jpg\",\"width\":1600,\"height\":702},{\"@type\":\"BreadcrumbList\",\"@id\":\"https:\\\/\\\/ruralrafaela.com.ar\\\/exporural2023\\\/2023\\\/09\\\/20\\\/claves-para-mejorar-las-estructuras-en-las-empresas-agropecuarias\\\/#breadcrumb\",\"itemListElement\":[{\"@type\":\"ListItem\",\"position\":1,\"name\":\"Portada\",\"item\":\"https:\\\/\\\/ruralrafaela.com.ar\\\/exporural2023\\\/\"},{\"@type\":\"ListItem\",\"position\":2,\"name\":\"Claves para mejorar las estructuras en las empresas agropecuarias\"}]},{\"@type\":\"WebSite\",\"@id\":\"https:\\\/\\\/ruralrafaela.com.ar\\\/exporural2023\\\/#website\",\"url\":\"https:\\\/\\\/ruralrafaela.com.ar\\\/exporural2023\\\/\",\"name\":\"116 Expo Rural Rafaela 2023\",\"description\":\"Sitio oficial de la Expo Rural Rafaela\",\"publisher\":{\"@id\":\"https:\\\/\\\/ruralrafaela.com.ar\\\/exporural2023\\\/#organization\"},\"potentialAction\":[{\"@type\":\"SearchAction\",\"target\":{\"@type\":\"EntryPoint\",\"urlTemplate\":\"https:\\\/\\\/ruralrafaela.com.ar\\\/exporural2023\\\/?s={search_term_string}\"},\"query-input\":{\"@type\":\"PropertyValueSpecification\",\"valueRequired\":true,\"valueName\":\"search_term_string\"}}],\"inLanguage\":\"es\"},{\"@type\":\"Organization\",\"@id\":\"https:\\\/\\\/ruralrafaela.com.ar\\\/exporural2023\\\/#organization\",\"name\":\"116 Expo Rural Rafaela 2023\",\"url\":\"https:\\\/\\\/ruralrafaela.com.ar\\\/exporural2023\\\/\",\"logo\":{\"@type\":\"ImageObject\",\"inLanguage\":\"es\",\"@id\":\"https:\\\/\\\/ruralrafaela.com.ar\\\/exporural2023\\\/#\\\/schema\\\/logo\\\/image\\\/\",\"url\":\"https:\\\/\\\/ruralrafaela.com.ar\\\/exporural2023\\\/wp-content\\\/uploads\\\/sites\\\/21\\\/2023\\\/08\\\/cropped-logoH.jpg\",\"contentUrl\":\"https:\\\/\\\/ruralrafaela.com.ar\\\/exporural2023\\\/wp-content\\\/uploads\\\/sites\\\/21\\\/2023\\\/08\\\/cropped-logoH.jpg\",\"width\":250,\"height\":57,\"caption\":\"116 Expo Rural Rafaela 2023 \"},\"image\":{\"@id\":\"https:\\\/\\\/ruralrafaela.com.ar\\\/exporural2023\\\/#\\\/schema\\\/logo\\\/image\\\/\"}},{\"@type\":\"Person\",\"@id\":\"https:\\\/\\\/ruralrafaela.com.ar\\\/exporural2023\\\/#\\\/schema\\\/person\\\/b944097647cc828e58952e18b2cc493c\",\"name\":\"c1970093\",\"image\":{\"@type\":\"ImageObject\",\"inLanguage\":\"es\",\"@id\":\"https:\\\/\\\/secure.gravatar.com\\\/avatar\\\/45cdd73f3ef44c305e0057b84921f5c4dc0bf41c5999db82505293a43118ff3e?s=96&d=mm&r=g\",\"url\":\"https:\\\/\\\/secure.gravatar.com\\\/avatar\\\/45cdd73f3ef44c305e0057b84921f5c4dc0bf41c5999db82505293a43118ff3e?s=96&d=mm&r=g\",\"contentUrl\":\"https:\\\/\\\/secure.gravatar.com\\\/avatar\\\/45cdd73f3ef44c305e0057b84921f5c4dc0bf41c5999db82505293a43118ff3e?s=96&d=mm&r=g\",\"caption\":\"c1970093\"},\"url\":\"https:\\\/\\\/ruralrafaela.com.ar\\\/exporural2023\\\/author\\\/c1970093\\\/\"}]}<\/script>\n<!-- \/ Yoast SEO plugin. -->","yoast_head_json":{"title":"Claves para mejorar las estructuras en las empresas agropecuarias - 116 Expo Rural Rafaela 2023","robots":{"index":"index","follow":"follow","max-snippet":"max-snippet:-1","max-image-preview":"max-image-preview:large","max-video-preview":"max-video-preview:-1"},"canonical":"https:\/\/ruralrafaela.com.ar\/exporural2023\/2023\/09\/20\/claves-para-mejorar-las-estructuras-en-las-empresas-agropecuarias\/","og_locale":"es_ES","og_type":"article","og_title":"Claves para mejorar las estructuras en las empresas agropecuarias - 116 Expo Rural Rafaela 2023","og_description":"Larisa Acosta abord\u00f3 uno de los ejes fundamentales para la mejora organizacional en la segunda charla, a horas del comienzo de la 116\u00b0 ExpoRural de Rafaela y la Regi\u00f3n. Como previa al inicio formal de la 116\u00b0 ExpoRural de Rafaela y la Regi\u00f3n, este martes se desarroll\u00f3 la segunda charla de capacitaci\u00f3n que permite tener [&hellip;]","og_url":"https:\/\/ruralrafaela.com.ar\/exporural2023\/2023\/09\/20\/claves-para-mejorar-las-estructuras-en-las-empresas-agropecuarias\/","og_site_name":"116 Expo Rural Rafaela 2023","article_published_time":"2023-09-20T00:46:12+00:00","article_modified_time":"2023-09-20T00:46:13+00:00","og_image":[{"width":1600,"height":702,"url":"https:\/\/ruralrafaela.com.ar\/exporural2023\/wp-content\/uploads\/sites\/21\/2023\/09\/Imagen-de-WhatsApp-2023-09-19-a-las-20.01.53.jpg","type":"image\/jpeg"}],"author":"c1970093","twitter_card":"summary_large_image","twitter_misc":{"Escrito por":"c1970093","Tiempo de lectura":"3 minutos"},"schema":{"@context":"https:\/\/schema.org","@graph":[{"@type":"Article","@id":"https:\/\/ruralrafaela.com.ar\/exporural2023\/2023\/09\/20\/claves-para-mejorar-las-estructuras-en-las-empresas-agropecuarias\/#article","isPartOf":{"@id":"https:\/\/ruralrafaela.com.ar\/exporural2023\/2023\/09\/20\/claves-para-mejorar-las-estructuras-en-las-empresas-agropecuarias\/"},"author":{"name":"c1970093","@id":"https:\/\/ruralrafaela.com.ar\/exporural2023\/#\/schema\/person\/b944097647cc828e58952e18b2cc493c"},"headline":"Claves para mejorar las estructuras en las empresas agropecuarias","datePublished":"2023-09-20T00:46:12+00:00","dateModified":"2023-09-20T00:46:13+00:00","mainEntityOfPage":{"@id":"https:\/\/ruralrafaela.com.ar\/exporural2023\/2023\/09\/20\/claves-para-mejorar-las-estructuras-en-las-empresas-agropecuarias\/"},"wordCount":638,"publisher":{"@id":"https:\/\/ruralrafaela.com.ar\/exporural2023\/#organization"},"image":{"@id":"https:\/\/ruralrafaela.com.ar\/exporural2023\/2023\/09\/20\/claves-para-mejorar-las-estructuras-en-las-empresas-agropecuarias\/#primaryimage"},"thumbnailUrl":"https:\/\/ruralrafaela.com.ar\/exporural2023\/wp-content\/uploads\/sites\/21\/2023\/09\/Imagen-de-WhatsApp-2023-09-19-a-las-20.01.53.jpg","articleSection":["Expo Rural 2023"],"inLanguage":"es"},{"@type":"WebPage","@id":"https:\/\/ruralrafaela.com.ar\/exporural2023\/2023\/09\/20\/claves-para-mejorar-las-estructuras-en-las-empresas-agropecuarias\/","url":"https:\/\/ruralrafaela.com.ar\/exporural2023\/2023\/09\/20\/claves-para-mejorar-las-estructuras-en-las-empresas-agropecuarias\/","name":"Claves para mejorar las estructuras en las empresas agropecuarias - 116 Expo Rural Rafaela 2023","isPartOf":{"@id":"https:\/\/ruralrafaela.com.ar\/exporural2023\/#website"},"primaryImageOfPage":{"@id":"https:\/\/ruralrafaela.com.ar\/exporural2023\/2023\/09\/20\/claves-para-mejorar-las-estructuras-en-las-empresas-agropecuarias\/#primaryimage"},"image":{"@id":"https:\/\/ruralrafaela.com.ar\/exporural2023\/2023\/09\/20\/claves-para-mejorar-las-estructuras-en-las-empresas-agropecuarias\/#primaryimage"},"thumbnailUrl":"https:\/\/ruralrafaela.com.ar\/exporural2023\/wp-content\/uploads\/sites\/21\/2023\/09\/Imagen-de-WhatsApp-2023-09-19-a-las-20.01.53.jpg","datePublished":"2023-09-20T00:46:12+00:00","dateModified":"2023-09-20T00:46:13+00:00","breadcrumb":{"@id":"https:\/\/ruralrafaela.com.ar\/exporural2023\/2023\/09\/20\/claves-para-mejorar-las-estructuras-en-las-empresas-agropecuarias\/#breadcrumb"},"inLanguage":"es","potentialAction":[{"@type":"ReadAction","target":["https:\/\/ruralrafaela.com.ar\/exporural2023\/2023\/09\/20\/claves-para-mejorar-las-estructuras-en-las-empresas-agropecuarias\/"]}]},{"@type":"ImageObject","inLanguage":"es","@id":"https:\/\/ruralrafaela.com.ar\/exporural2023\/2023\/09\/20\/claves-para-mejorar-las-estructuras-en-las-empresas-agropecuarias\/#primaryimage","url":"https:\/\/ruralrafaela.com.ar\/exporural2023\/wp-content\/uploads\/sites\/21\/2023\/09\/Imagen-de-WhatsApp-2023-09-19-a-las-20.01.53.jpg","contentUrl":"https:\/\/ruralrafaela.com.ar\/exporural2023\/wp-content\/uploads\/sites\/21\/2023\/09\/Imagen-de-WhatsApp-2023-09-19-a-las-20.01.53.jpg","width":1600,"height":702},{"@type":"BreadcrumbList","@id":"https:\/\/ruralrafaela.com.ar\/exporural2023\/2023\/09\/20\/claves-para-mejorar-las-estructuras-en-las-empresas-agropecuarias\/#breadcrumb","itemListElement":[{"@type":"ListItem","position":1,"name":"Portada","item":"https:\/\/ruralrafaela.com.ar\/exporural2023\/"},{"@type":"ListItem","position":2,"name":"Claves para mejorar las estructuras en las empresas agropecuarias"}]},{"@type":"WebSite","@id":"https:\/\/ruralrafaela.com.ar\/exporural2023\/#website","url":"https:\/\/ruralrafaela.com.ar\/exporural2023\/","name":"116 Expo Rural Rafaela 2023","description":"Sitio oficial de la Expo Rural Rafaela","publisher":{"@id":"https:\/\/ruralrafaela.com.ar\/exporural2023\/#organization"},"potentialAction":[{"@type":"SearchAction","target":{"@type":"EntryPoint","urlTemplate":"https:\/\/ruralrafaela.com.ar\/exporural2023\/?s={search_term_string}"},"query-input":{"@type":"PropertyValueSpecification","valueRequired":true,"valueName":"search_term_string"}}],"inLanguage":"es"},{"@type":"Organization","@id":"https:\/\/ruralrafaela.com.ar\/exporural2023\/#organization","name":"116 Expo Rural Rafaela 2023","url":"https:\/\/ruralrafaela.com.ar\/exporural2023\/","logo":{"@type":"ImageObject","inLanguage":"es","@id":"https:\/\/ruralrafaela.com.ar\/exporural2023\/#\/schema\/logo\/image\/","url":"https:\/\/ruralrafaela.com.ar\/exporural2023\/wp-content\/uploads\/sites\/21\/2023\/08\/cropped-logoH.jpg","contentUrl":"https:\/\/ruralrafaela.com.ar\/exporural2023\/wp-content\/uploads\/sites\/21\/2023\/08\/cropped-logoH.jpg","width":250,"height":57,"caption":"116 Expo Rural Rafaela 2023 "},"image":{"@id":"https:\/\/ruralrafaela.com.ar\/exporural2023\/#\/schema\/logo\/image\/"}},{"@type":"Person","@id":"https:\/\/ruralrafaela.com.ar\/exporural2023\/#\/schema\/person\/b944097647cc828e58952e18b2cc493c","name":"c1970093","image":{"@type":"ImageObject","inLanguage":"es","@id":"https:\/\/secure.gravatar.com\/avatar\/45cdd73f3ef44c305e0057b84921f5c4dc0bf41c5999db82505293a43118ff3e?s=96&d=mm&r=g","url":"https:\/\/secure.gravatar.com\/avatar\/45cdd73f3ef44c305e0057b84921f5c4dc0bf41c5999db82505293a43118ff3e?s=96&d=mm&r=g","contentUrl":"https:\/\/secure.gravatar.com\/avatar\/45cdd73f3ef44c305e0057b84921f5c4dc0bf41c5999db82505293a43118ff3e?s=96&d=mm&r=g","caption":"c1970093"},"url":"https:\/\/ruralrafaela.com.ar\/exporural2023\/author\/c1970093\/"}]}},"_links":{"self":[{"href":"https:\/\/ruralrafaela.com.ar\/exporural2023\/wp-json\/wp\/v2\/posts\/6451","targetHints":{"allow":["GET"]}}],"collection":[{"href":"https:\/\/ruralrafaela.com.ar\/exporural2023\/wp-json\/wp\/v2\/posts"}],"about":[{"href":"https:\/\/ruralrafaela.com.ar\/exporural2023\/wp-json\/wp\/v2\/types\/post"}],"author":[{"embeddable":true,"href":"https:\/\/ruralrafaela.com.ar\/exporural2023\/wp-json\/wp\/v2\/users\/2"}],"replies":[{"embeddable":true,"href":"https:\/\/ruralrafaela.com.ar\/exporural2023\/wp-json\/wp\/v2\/comments?post=6451"}],"version-history":[{"count":1,"href":"https:\/\/ruralrafaela.com.ar\/exporural2023\/wp-json\/wp\/v2\/posts\/6451\/revisions"}],"predecessor-version":[{"id":6453,"href":"https:\/\/ruralrafaela.com.ar\/exporural2023\/wp-json\/wp\/v2\/posts\/6451\/revisions\/6453"}],"wp:featuredmedia":[{"embeddable":true,"href":"https:\/\/ruralrafaela.com.ar\/exporural2023\/wp-json\/wp\/v2\/media\/6452"}],"wp:attachment":[{"href":"https:\/\/ruralrafaela.com.ar\/exporural2023\/wp-json\/wp\/v2\/media?parent=6451"}],"wp:term":[{"taxonomy":"category","embeddable":true,"href":"https:\/\/ruralrafaela.com.ar\/exporural2023\/wp-json\/wp\/v2\/categories?post=6451"},{"taxonomy":"post_tag","embeddable":true,"href":"https:\/\/ruralrafaela.com.ar\/exporural2023\/wp-json\/wp\/v2\/tags?post=6451"}],"curies":[{"name":"wp","href":"https:\/\/api.w.org\/{rel}","templated":true}]}}