{"id":6448,"date":"2023-09-19T19:16:11","date_gmt":"2023-09-19T19:16:11","guid":{"rendered":"https:\/\/ruralrafaela.com.ar\/exporural2023\/?p=6448"},"modified":"2023-09-19T19:16:12","modified_gmt":"2023-09-19T19:16:12","slug":"la-exporural-comienza-a-completar-sus-corrales","status":"publish","type":"post","link":"https:\/\/ruralrafaela.com.ar\/exporural2023\/2023\/09\/19\/la-exporural-comienza-a-completar-sus-corrales\/","title":{"rendered":"La ExpoRural comienza a completar sus corrales"},"content":{"rendered":"\n<p><\/p>\n\n\n\n<p>En esta 116\u00b0 ExpoRural de Rafaela y la Regi\u00f3n se renuevan los espacios dedicados a las diferentes especies y razas que participar\u00e1n de las diferentes juras dispuestas en la agenda de actividades, de jueves a domingo.<\/p>\n\n\n\n<p>Las primeras en llegar fueron seis vacas y dos terneras de la Caba\u00f1a La Luisa de Guillermo Miretti e hijos, el domingo pasadas las 18 horas, siendo las que comenzaron a poblar el Galp\u00f3n de Toros que con el arranque de la semana sigui\u00f3 sumando animales, mientras en el predio se siguen armando stands y d\u00e1ndole forma a la muestra comercial, industrial, de servicios y agropecuaria.<\/p>\n\n\n\n<p>Ser\u00e1n 90 los ejemplares de la raza Holando Argentino que pisar\u00e1n la pista de c\u00e9sped que desde la hora 13 del s\u00e1bado ser\u00e1n juradas por Fl\u00e1vio Junqueira, de Brasil, dispuesto por la Asociaci\u00f3n de Criadores Holando Argentino.<\/p>\n\n\n\n<p>Las caba\u00f1as que formar\u00e1n parte de la competencia son \u201cBeatriz\u201d de Barberis y Cavallero, de Aldao; \u201cLa Clide\u201d de Adri\u00e1n Martin, ubicada en Marul, C\u00f3rdoba; \u201cLa Florida\u201d de Correnti Gabriela, de Felisia; \u201cLa Luisa\u201d de Guillermo Miretti e Hijos, de Ataliva; \u201cLa Magdalena\u201d de Felissia Hermanos S.A., de Rafaela; \u201cDon Francisco\u201d de Oscar Lungo Oscar, ubicada en Egusquiza; \u201cLa Rinconada\u201d de Tacural; \u201cLos Aromitos\u201d de Omar Fux, ubicada en Felisia; y \u201cLa Lilia\u201d de Horacio Barberis, en Aldao; \u201cLa Travesia\u201d de Rafaela.<\/p>\n\n\n\n<p>Por otra parte, este martes con el secado de las competidoras comienza el 102\u00b0 Concurso de Vacas Lecheras, definiendo a la mayor productora el jueves durante el atardecer con el \u00faltimo orde\u00f1o. Son tres vacas de la caba\u00f1a La Luisa de raza Holando; y una montbeliarde de la caba\u00f1a cordobesa La Clide, las que conformar\u00e1n este hecho hist\u00f3rico.<\/p>\n\n\n\n<p>Tambi\u00e9n habr\u00e1 exposici\u00f3n y venta de animales de carne, de las caba\u00f1as \u201cJuan Luis\u201d de Mario Rafael Monti, de Arequito; \u201cLa Yunta\u201d de Mar\u00eda Virginia Aiassa, de G\u00e1lvez; \u201cLa Curva\u201d de Marcelo Audero, oriundo de Ataliva; y caba\u00f1a \u201cEl Fuerte\u201d de Jorge Chiabrando de Sunchales.<\/p>\n\n\n\n<p>Ser\u00e1 el domingo desde las 14:30 qu ella Cooperativa Guillermo Lehmann desarrollar\u00e1 la tradicional 32\u00b0 Expo Venta de Gen\u00e9tica de Jerarqu\u00eda para bovinos Holando Argentino, machos puros de pedigree a bozal, terneras, vaquillonas en edad de servicio y vaquillonas pre\u00f1adas a parir (puros de pedigree, registro de cr\u00edas y marca liquida); y de los bovinos raza carne (machos y hembras controlados a corral).<\/p>\n\n\n\n<p>El s\u00e1bado por la noche, a partir de las 20:30 se cumplir\u00e1 con la cena de agasajo a expositores ganderos y de granja, donde tambi\u00e9n se conocer\u00e1n los resultados de la sexta Competencia de Vacas a Campo, cuya jura est\u00e1 a cargo de Gabriel Miretti, habiendo recorrido 13 tambos de la regi\u00f3n.<\/p>\n\n\n\n<p>Animales de granja<\/p>\n\n\n\n<p>Con una granja educativa a cargo de la Facultad de Ciencias Veterinarias de la Universidad Nacional del Litoral, la casa de altos estudios expondr\u00e1 tambi\u00e9n un Demo Sistema acuap\u00f3nico, estar\u00e1 presente el Grupo de caprinos y equinos, Terapia Asistida con animales, Hilanderas de la cu\u00f1a boscosa, el Centro de Innovaci\u00f3n Tecnol\u00f3gica FCV UNL, se dispondr\u00e1 una muestra de Colecci\u00f3n Entomol\u00f3gica; y el Programa de Documentaci\u00f3n, Conservaci\u00f3n y Valoraci\u00f3n de la Flora Nativa (PRODOCOVA).<\/p>\n\n\n\n<p>Adem\u00e1s todos los d\u00edas se har\u00e1 un orde\u00f1o de cabras de la raza Saanen, para conocer m\u00e1s sobre las producciones alternativas.<\/p>\n\n\n\n<p>Habr\u00e1 tambi\u00e9n el s\u00e1bado a las 17 horas en la pista alternativa, una esquila de ovejas y una exhibici\u00f3n a cargo de un grupo de hilanderas de la Cu\u00f1a Boscosa, para el agregado de valor de la lana.<\/p>\n\n\n\n<p>Ser\u00e1n unos 60 ejemplares presentes para la jura del s\u00e1bado por la ma\u00f1ana en la pista central, entre chivos de raza Boer; y los ovinos de las razas Hampshire Down, Pampinta, White y Black Dorper.<\/p>\n\n\n\n<p>En cerdos participar\u00e1n animales de las razas Hampshire, Landrace y los h\u00edbridos.<\/p>\n\n\n\n<p>Habr\u00e1 equinos, sangre pura de carrera para la jura, pero a la vez el domingo desde las 16:30 en la pista central se har\u00e1 una demostraci\u00f3n de saltos h\u00edpicos.<\/p>\n\n\n\n<p>Sin aves este a\u00f1o en las exposiciones, por disposici\u00f3n del Senasa a causa de los casos superados de gripe aviar, ser\u00e1n los conejos los que colmen las jaulas en los espacios de exhibici\u00f3n con m\u00e1s de 45 ejemplares de las razas Holland Lop, Dutch, Californiano, Neocelandes, Leonado de Borgo\u00f1a y Mariposa.<\/p>\n\n\n\n<p>La propuesta de la Sociedad Rural de Rafaela es generar espacios exhibici\u00f3n y negocios para los productores no s\u00f3lo de Santa Fe, sino de las provincias cercanas, pero tambi\u00e9n ofrece en su predio ferial el espacio ideal para que quienes viven en la ciudad, conozcan y vivencien de cerca la producci\u00f3n agropecuaria, las formas de trabajar en el campo, el respeto por los animales, con bienestar y respeto de la naturaleza.<\/p>\n\n\n\n<p>La ExpoRural es un lugar de encuentro que en cuatro d\u00edas permite entender la realidad y el potencial productivo regional.<\/p>\n","protected":false},"excerpt":{"rendered":"<p>En esta 116\u00b0 ExpoRural de Rafaela y la Regi\u00f3n se renuevan los espacios dedicados a las diferentes especies y razas que participar\u00e1n de las diferentes juras dispuestas en la agenda de actividades, de jueves a domingo. Las primeras en llegar fueron seis vacas y dos terneras de la Caba\u00f1a La Luisa de Guillermo Miretti e [&hellip;]<\/p>\n","protected":false},"author":2,"featured_media":6449,"comment_status":"closed","ping_status":"open","sticky":false,"template":"","format":"standard","meta":{"ocean_post_layout":"","ocean_both_sidebars_style":"","ocean_both_sidebars_content_width":0,"ocean_both_sidebars_sidebars_width":0,"ocean_sidebar":"","ocean_second_sidebar":"","ocean_disable_margins":"enable","ocean_add_body_class":"","ocean_shortcode_before_top_bar":"","ocean_shortcode_after_top_bar":"","ocean_shortcode_before_header":"","ocean_shortcode_after_header":"","ocean_has_shortcode":"","ocean_shortcode_after_title":"","ocean_shortcode_before_footer_widgets":"","ocean_shortcode_after_footer_widgets":"","ocean_shortcode_before_footer_bottom":"","ocean_shortcode_after_footer_bottom":"","ocean_display_top_bar":"default","ocean_display_header":"default","ocean_header_style":"","ocean_center_header_left_menu":"","ocean_custom_header_template":"","ocean_custom_logo":0,"ocean_custom_retina_logo":0,"ocean_custom_logo_max_width":0,"ocean_custom_logo_tablet_max_width":0,"ocean_custom_logo_mobile_max_width":0,"ocean_custom_logo_max_height":0,"ocean_custom_logo_tablet_max_height":0,"ocean_custom_logo_mobile_max_height":0,"ocean_header_custom_menu":"","ocean_menu_typo_font_family":"","ocean_menu_typo_font_subset":"","ocean_menu_typo_font_size":0,"ocean_menu_typo_font_size_tablet":0,"ocean_menu_typo_font_size_mobile":0,"ocean_menu_typo_font_size_unit":"px","ocean_menu_typo_font_weight":"","ocean_menu_typo_font_weight_tablet":"","ocean_menu_typo_font_weight_mobile":"","ocean_menu_typo_transform":"","ocean_menu_typo_transform_tablet":"","ocean_menu_typo_transform_mobile":"","ocean_menu_typo_line_height":0,"ocean_menu_typo_line_height_tablet":0,"ocean_menu_typo_line_height_mobile":0,"ocean_menu_typo_line_height_unit":"","ocean_menu_typo_spacing":0,"ocean_menu_typo_spacing_tablet":0,"ocean_menu_typo_spacing_mobile":0,"ocean_menu_typo_spacing_unit":"","ocean_menu_link_color":"","ocean_menu_link_color_hover":"","ocean_menu_link_color_active":"","ocean_menu_link_background":"","ocean_menu_link_hover_background":"","ocean_menu_link_active_background":"","ocean_menu_social_links_bg":"","ocean_menu_social_hover_links_bg":"","ocean_menu_social_links_color":"","ocean_menu_social_hover_links_color":"","ocean_disable_title":"default","ocean_disable_heading":"default","ocean_post_title":"","ocean_post_subheading":"","ocean_post_title_style":"","ocean_post_title_background_color":"","ocean_post_title_background":0,"ocean_post_title_bg_image_position":"","ocean_post_title_bg_image_attachment":"","ocean_post_title_bg_image_repeat":"","ocean_post_title_bg_image_size":"","ocean_post_title_height":0,"ocean_post_title_bg_overlay":0.5,"ocean_post_title_bg_overlay_color":"","ocean_disable_breadcrumbs":"default","ocean_breadcrumbs_color":"","ocean_breadcrumbs_separator_color":"","ocean_breadcrumbs_links_color":"","ocean_breadcrumbs_links_hover_color":"","ocean_display_footer_widgets":"default","ocean_display_footer_bottom":"default","ocean_custom_footer_template":"","_joinchat":[],"ocean_post_oembed":"","ocean_post_self_hosted_media":"","ocean_post_video_embed":"","ocean_link_format":"","ocean_link_format_target":"self","ocean_quote_format":"","ocean_quote_format_link":"post","ocean_gallery_link_images":"on","ocean_gallery_id":[],"footnotes":""},"categories":[43],"tags":[],"class_list":["post-6448","post","type-post","status-publish","format-standard","has-post-thumbnail","hentry","category-expo-rural-2023","entry","has-media"],"yoast_head":"<!-- This site is optimized with the Yoast SEO plugin v27.5 - https:\/\/yoast.com\/product\/yoast-seo-wordpress\/ -->\n<title>La ExpoRural comienza a completar sus corrales - 116 Expo Rural Rafaela 2023<\/title>\n<meta name=\"robots\" content=\"index, follow, max-snippet:-1, max-image-preview:large, max-video-preview:-1\" \/>\n<link rel=\"canonical\" href=\"https:\/\/ruralrafaela.com.ar\/exporural2023\/2023\/09\/19\/la-exporural-comienza-a-completar-sus-corrales\/\" \/>\n<meta property=\"og:locale\" content=\"es_ES\" \/>\n<meta property=\"og:type\" content=\"article\" \/>\n<meta property=\"og:title\" content=\"La ExpoRural comienza a completar sus corrales - 116 Expo Rural Rafaela 2023\" \/>\n<meta property=\"og:description\" content=\"En esta 116\u00b0 ExpoRural de Rafaela y la Regi\u00f3n se renuevan los espacios dedicados a las diferentes especies y razas que participar\u00e1n de las diferentes juras dispuestas en la agenda de actividades, de jueves a domingo. Las primeras en llegar fueron seis vacas y dos terneras de la Caba\u00f1a La Luisa de Guillermo Miretti e [&hellip;]\" \/>\n<meta property=\"og:url\" content=\"https:\/\/ruralrafaela.com.ar\/exporural2023\/2023\/09\/19\/la-exporural-comienza-a-completar-sus-corrales\/\" \/>\n<meta property=\"og:site_name\" content=\"116 Expo Rural Rafaela 2023\" \/>\n<meta property=\"article:published_time\" content=\"2023-09-19T19:16:11+00:00\" \/>\n<meta property=\"article:modified_time\" content=\"2023-09-19T19:16:12+00:00\" \/>\n<meta property=\"og:image\" content=\"https:\/\/ruralrafaela.com.ar\/exporural2023\/wp-content\/uploads\/sites\/21\/2023\/09\/vacas-conc.jpg\" \/>\n\t<meta property=\"og:image:width\" content=\"1840\" \/>\n\t<meta property=\"og:image:height\" content=\"632\" \/>\n\t<meta property=\"og:image:type\" content=\"image\/jpeg\" \/>\n<meta name=\"author\" content=\"c1970093\" \/>\n<meta name=\"twitter:card\" content=\"summary_large_image\" \/>\n<meta name=\"twitter:label1\" content=\"Escrito por\" \/>\n\t<meta name=\"twitter:data1\" content=\"c1970093\" \/>\n\t<meta name=\"twitter:label2\" content=\"Tiempo de lectura\" \/>\n\t<meta name=\"twitter:data2\" content=\"4 minutos\" \/>\n<script type=\"application\/ld+json\" class=\"yoast-schema-graph\">{\"@context\":\"https:\\\/\\\/schema.org\",\"@graph\":[{\"@type\":\"Article\",\"@id\":\"https:\\\/\\\/ruralrafaela.com.ar\\\/exporural2023\\\/2023\\\/09\\\/19\\\/la-exporural-comienza-a-completar-sus-corrales\\\/#article\",\"isPartOf\":{\"@id\":\"https:\\\/\\\/ruralrafaela.com.ar\\\/exporural2023\\\/2023\\\/09\\\/19\\\/la-exporural-comienza-a-completar-sus-corrales\\\/\"},\"author\":{\"name\":\"c1970093\",\"@id\":\"https:\\\/\\\/ruralrafaela.com.ar\\\/exporural2023\\\/#\\\/schema\\\/person\\\/b944097647cc828e58952e18b2cc493c\"},\"headline\":\"La ExpoRural comienza a completar sus corrales\",\"datePublished\":\"2023-09-19T19:16:11+00:00\",\"dateModified\":\"2023-09-19T19:16:12+00:00\",\"mainEntityOfPage\":{\"@id\":\"https:\\\/\\\/ruralrafaela.com.ar\\\/exporural2023\\\/2023\\\/09\\\/19\\\/la-exporural-comienza-a-completar-sus-corrales\\\/\"},\"wordCount\":858,\"publisher\":{\"@id\":\"https:\\\/\\\/ruralrafaela.com.ar\\\/exporural2023\\\/#organization\"},\"image\":{\"@id\":\"https:\\\/\\\/ruralrafaela.com.ar\\\/exporural2023\\\/2023\\\/09\\\/19\\\/la-exporural-comienza-a-completar-sus-corrales\\\/#primaryimage\"},\"thumbnailUrl\":\"https:\\\/\\\/ruralrafaela.com.ar\\\/exporural2023\\\/wp-content\\\/uploads\\\/sites\\\/21\\\/2023\\\/09\\\/vacas-conc.jpg\",\"articleSection\":[\"Expo Rural 2023\"],\"inLanguage\":\"es\"},{\"@type\":\"WebPage\",\"@id\":\"https:\\\/\\\/ruralrafaela.com.ar\\\/exporural2023\\\/2023\\\/09\\\/19\\\/la-exporural-comienza-a-completar-sus-corrales\\\/\",\"url\":\"https:\\\/\\\/ruralrafaela.com.ar\\\/exporural2023\\\/2023\\\/09\\\/19\\\/la-exporural-comienza-a-completar-sus-corrales\\\/\",\"name\":\"La ExpoRural comienza a completar sus corrales - 116 Expo Rural Rafaela 2023\",\"isPartOf\":{\"@id\":\"https:\\\/\\\/ruralrafaela.com.ar\\\/exporural2023\\\/#website\"},\"primaryImageOfPage\":{\"@id\":\"https:\\\/\\\/ruralrafaela.com.ar\\\/exporural2023\\\/2023\\\/09\\\/19\\\/la-exporural-comienza-a-completar-sus-corrales\\\/#primaryimage\"},\"image\":{\"@id\":\"https:\\\/\\\/ruralrafaela.com.ar\\\/exporural2023\\\/2023\\\/09\\\/19\\\/la-exporural-comienza-a-completar-sus-corrales\\\/#primaryimage\"},\"thumbnailUrl\":\"https:\\\/\\\/ruralrafaela.com.ar\\\/exporural2023\\\/wp-content\\\/uploads\\\/sites\\\/21\\\/2023\\\/09\\\/vacas-conc.jpg\",\"datePublished\":\"2023-09-19T19:16:11+00:00\",\"dateModified\":\"2023-09-19T19:16:12+00:00\",\"breadcrumb\":{\"@id\":\"https:\\\/\\\/ruralrafaela.com.ar\\\/exporural2023\\\/2023\\\/09\\\/19\\\/la-exporural-comienza-a-completar-sus-corrales\\\/#breadcrumb\"},\"inLanguage\":\"es\",\"potentialAction\":[{\"@type\":\"ReadAction\",\"target\":[\"https:\\\/\\\/ruralrafaela.com.ar\\\/exporural2023\\\/2023\\\/09\\\/19\\\/la-exporural-comienza-a-completar-sus-corrales\\\/\"]}]},{\"@type\":\"ImageObject\",\"inLanguage\":\"es\",\"@id\":\"https:\\\/\\\/ruralrafaela.com.ar\\\/exporural2023\\\/2023\\\/09\\\/19\\\/la-exporural-comienza-a-completar-sus-corrales\\\/#primaryimage\",\"url\":\"https:\\\/\\\/ruralrafaela.com.ar\\\/exporural2023\\\/wp-content\\\/uploads\\\/sites\\\/21\\\/2023\\\/09\\\/vacas-conc.jpg\",\"contentUrl\":\"https:\\\/\\\/ruralrafaela.com.ar\\\/exporural2023\\\/wp-content\\\/uploads\\\/sites\\\/21\\\/2023\\\/09\\\/vacas-conc.jpg\",\"width\":1840,\"height\":632},{\"@type\":\"BreadcrumbList\",\"@id\":\"https:\\\/\\\/ruralrafaela.com.ar\\\/exporural2023\\\/2023\\\/09\\\/19\\\/la-exporural-comienza-a-completar-sus-corrales\\\/#breadcrumb\",\"itemListElement\":[{\"@type\":\"ListItem\",\"position\":1,\"name\":\"Portada\",\"item\":\"https:\\\/\\\/ruralrafaela.com.ar\\\/exporural2023\\\/\"},{\"@type\":\"ListItem\",\"position\":2,\"name\":\"La ExpoRural comienza a completar sus corrales\"}]},{\"@type\":\"WebSite\",\"@id\":\"https:\\\/\\\/ruralrafaela.com.ar\\\/exporural2023\\\/#website\",\"url\":\"https:\\\/\\\/ruralrafaela.com.ar\\\/exporural2023\\\/\",\"name\":\"116 Expo Rural Rafaela 2023\",\"description\":\"Sitio oficial de la Expo Rural Rafaela\",\"publisher\":{\"@id\":\"https:\\\/\\\/ruralrafaela.com.ar\\\/exporural2023\\\/#organization\"},\"potentialAction\":[{\"@type\":\"SearchAction\",\"target\":{\"@type\":\"EntryPoint\",\"urlTemplate\":\"https:\\\/\\\/ruralrafaela.com.ar\\\/exporural2023\\\/?s={search_term_string}\"},\"query-input\":{\"@type\":\"PropertyValueSpecification\",\"valueRequired\":true,\"valueName\":\"search_term_string\"}}],\"inLanguage\":\"es\"},{\"@type\":\"Organization\",\"@id\":\"https:\\\/\\\/ruralrafaela.com.ar\\\/exporural2023\\\/#organization\",\"name\":\"116 Expo Rural Rafaela 2023\",\"url\":\"https:\\\/\\\/ruralrafaela.com.ar\\\/exporural2023\\\/\",\"logo\":{\"@type\":\"ImageObject\",\"inLanguage\":\"es\",\"@id\":\"https:\\\/\\\/ruralrafaela.com.ar\\\/exporural2023\\\/#\\\/schema\\\/logo\\\/image\\\/\",\"url\":\"https:\\\/\\\/ruralrafaela.com.ar\\\/exporural2023\\\/wp-content\\\/uploads\\\/sites\\\/21\\\/2023\\\/08\\\/cropped-logoH.jpg\",\"contentUrl\":\"https:\\\/\\\/ruralrafaela.com.ar\\\/exporural2023\\\/wp-content\\\/uploads\\\/sites\\\/21\\\/2023\\\/08\\\/cropped-logoH.jpg\",\"width\":250,\"height\":57,\"caption\":\"116 Expo Rural Rafaela 2023 \"},\"image\":{\"@id\":\"https:\\\/\\\/ruralrafaela.com.ar\\\/exporural2023\\\/#\\\/schema\\\/logo\\\/image\\\/\"}},{\"@type\":\"Person\",\"@id\":\"https:\\\/\\\/ruralrafaela.com.ar\\\/exporural2023\\\/#\\\/schema\\\/person\\\/b944097647cc828e58952e18b2cc493c\",\"name\":\"c1970093\",\"image\":{\"@type\":\"ImageObject\",\"inLanguage\":\"es\",\"@id\":\"https:\\\/\\\/secure.gravatar.com\\\/avatar\\\/45cdd73f3ef44c305e0057b84921f5c4dc0bf41c5999db82505293a43118ff3e?s=96&d=mm&r=g\",\"url\":\"https:\\\/\\\/secure.gravatar.com\\\/avatar\\\/45cdd73f3ef44c305e0057b84921f5c4dc0bf41c5999db82505293a43118ff3e?s=96&d=mm&r=g\",\"contentUrl\":\"https:\\\/\\\/secure.gravatar.com\\\/avatar\\\/45cdd73f3ef44c305e0057b84921f5c4dc0bf41c5999db82505293a43118ff3e?s=96&d=mm&r=g\",\"caption\":\"c1970093\"},\"url\":\"https:\\\/\\\/ruralrafaela.com.ar\\\/exporural2023\\\/author\\\/c1970093\\\/\"}]}<\/script>\n<!-- \/ Yoast SEO plugin. -->","yoast_head_json":{"title":"La ExpoRural comienza a completar sus corrales - 116 Expo Rural Rafaela 2023","robots":{"index":"index","follow":"follow","max-snippet":"max-snippet:-1","max-image-preview":"max-image-preview:large","max-video-preview":"max-video-preview:-1"},"canonical":"https:\/\/ruralrafaela.com.ar\/exporural2023\/2023\/09\/19\/la-exporural-comienza-a-completar-sus-corrales\/","og_locale":"es_ES","og_type":"article","og_title":"La ExpoRural comienza a completar sus corrales - 116 Expo Rural Rafaela 2023","og_description":"En esta 116\u00b0 ExpoRural de Rafaela y la Regi\u00f3n se renuevan los espacios dedicados a las diferentes especies y razas que participar\u00e1n de las diferentes juras dispuestas en la agenda de actividades, de jueves a domingo. Las primeras en llegar fueron seis vacas y dos terneras de la Caba\u00f1a La Luisa de Guillermo Miretti e [&hellip;]","og_url":"https:\/\/ruralrafaela.com.ar\/exporural2023\/2023\/09\/19\/la-exporural-comienza-a-completar-sus-corrales\/","og_site_name":"116 Expo Rural Rafaela 2023","article_published_time":"2023-09-19T19:16:11+00:00","article_modified_time":"2023-09-19T19:16:12+00:00","og_image":[{"width":1840,"height":632,"url":"https:\/\/ruralrafaela.com.ar\/exporural2023\/wp-content\/uploads\/sites\/21\/2023\/09\/vacas-conc.jpg","type":"image\/jpeg"}],"author":"c1970093","twitter_card":"summary_large_image","twitter_misc":{"Escrito por":"c1970093","Tiempo de lectura":"4 minutos"},"schema":{"@context":"https:\/\/schema.org","@graph":[{"@type":"Article","@id":"https:\/\/ruralrafaela.com.ar\/exporural2023\/2023\/09\/19\/la-exporural-comienza-a-completar-sus-corrales\/#article","isPartOf":{"@id":"https:\/\/ruralrafaela.com.ar\/exporural2023\/2023\/09\/19\/la-exporural-comienza-a-completar-sus-corrales\/"},"author":{"name":"c1970093","@id":"https:\/\/ruralrafaela.com.ar\/exporural2023\/#\/schema\/person\/b944097647cc828e58952e18b2cc493c"},"headline":"La ExpoRural comienza a completar sus corrales","datePublished":"2023-09-19T19:16:11+00:00","dateModified":"2023-09-19T19:16:12+00:00","mainEntityOfPage":{"@id":"https:\/\/ruralrafaela.com.ar\/exporural2023\/2023\/09\/19\/la-exporural-comienza-a-completar-sus-corrales\/"},"wordCount":858,"publisher":{"@id":"https:\/\/ruralrafaela.com.ar\/exporural2023\/#organization"},"image":{"@id":"https:\/\/ruralrafaela.com.ar\/exporural2023\/2023\/09\/19\/la-exporural-comienza-a-completar-sus-corrales\/#primaryimage"},"thumbnailUrl":"https:\/\/ruralrafaela.com.ar\/exporural2023\/wp-content\/uploads\/sites\/21\/2023\/09\/vacas-conc.jpg","articleSection":["Expo Rural 2023"],"inLanguage":"es"},{"@type":"WebPage","@id":"https:\/\/ruralrafaela.com.ar\/exporural2023\/2023\/09\/19\/la-exporural-comienza-a-completar-sus-corrales\/","url":"https:\/\/ruralrafaela.com.ar\/exporural2023\/2023\/09\/19\/la-exporural-comienza-a-completar-sus-corrales\/","name":"La ExpoRural comienza a completar sus corrales - 116 Expo Rural Rafaela 2023","isPartOf":{"@id":"https:\/\/ruralrafaela.com.ar\/exporural2023\/#website"},"primaryImageOfPage":{"@id":"https:\/\/ruralrafaela.com.ar\/exporural2023\/2023\/09\/19\/la-exporural-comienza-a-completar-sus-corrales\/#primaryimage"},"image":{"@id":"https:\/\/ruralrafaela.com.ar\/exporural2023\/2023\/09\/19\/la-exporural-comienza-a-completar-sus-corrales\/#primaryimage"},"thumbnailUrl":"https:\/\/ruralrafaela.com.ar\/exporural2023\/wp-content\/uploads\/sites\/21\/2023\/09\/vacas-conc.jpg","datePublished":"2023-09-19T19:16:11+00:00","dateModified":"2023-09-19T19:16:12+00:00","breadcrumb":{"@id":"https:\/\/ruralrafaela.com.ar\/exporural2023\/2023\/09\/19\/la-exporural-comienza-a-completar-sus-corrales\/#breadcrumb"},"inLanguage":"es","potentialAction":[{"@type":"ReadAction","target":["https:\/\/ruralrafaela.com.ar\/exporural2023\/2023\/09\/19\/la-exporural-comienza-a-completar-sus-corrales\/"]}]},{"@type":"ImageObject","inLanguage":"es","@id":"https:\/\/ruralrafaela.com.ar\/exporural2023\/2023\/09\/19\/la-exporural-comienza-a-completar-sus-corrales\/#primaryimage","url":"https:\/\/ruralrafaela.com.ar\/exporural2023\/wp-content\/uploads\/sites\/21\/2023\/09\/vacas-conc.jpg","contentUrl":"https:\/\/ruralrafaela.com.ar\/exporural2023\/wp-content\/uploads\/sites\/21\/2023\/09\/vacas-conc.jpg","width":1840,"height":632},{"@type":"BreadcrumbList","@id":"https:\/\/ruralrafaela.com.ar\/exporural2023\/2023\/09\/19\/la-exporural-comienza-a-completar-sus-corrales\/#breadcrumb","itemListElement":[{"@type":"ListItem","position":1,"name":"Portada","item":"https:\/\/ruralrafaela.com.ar\/exporural2023\/"},{"@type":"ListItem","position":2,"name":"La ExpoRural comienza a completar sus corrales"}]},{"@type":"WebSite","@id":"https:\/\/ruralrafaela.com.ar\/exporural2023\/#website","url":"https:\/\/ruralrafaela.com.ar\/exporural2023\/","name":"116 Expo Rural Rafaela 2023","description":"Sitio oficial de la Expo Rural Rafaela","publisher":{"@id":"https:\/\/ruralrafaela.com.ar\/exporural2023\/#organization"},"potentialAction":[{"@type":"SearchAction","target":{"@type":"EntryPoint","urlTemplate":"https:\/\/ruralrafaela.com.ar\/exporural2023\/?s={search_term_string}"},"query-input":{"@type":"PropertyValueSpecification","valueRequired":true,"valueName":"search_term_string"}}],"inLanguage":"es"},{"@type":"Organization","@id":"https:\/\/ruralrafaela.com.ar\/exporural2023\/#organization","name":"116 Expo Rural Rafaela 2023","url":"https:\/\/ruralrafaela.com.ar\/exporural2023\/","logo":{"@type":"ImageObject","inLanguage":"es","@id":"https:\/\/ruralrafaela.com.ar\/exporural2023\/#\/schema\/logo\/image\/","url":"https:\/\/ruralrafaela.com.ar\/exporural2023\/wp-content\/uploads\/sites\/21\/2023\/08\/cropped-logoH.jpg","contentUrl":"https:\/\/ruralrafaela.com.ar\/exporural2023\/wp-content\/uploads\/sites\/21\/2023\/08\/cropped-logoH.jpg","width":250,"height":57,"caption":"116 Expo Rural Rafaela 2023 "},"image":{"@id":"https:\/\/ruralrafaela.com.ar\/exporural2023\/#\/schema\/logo\/image\/"}},{"@type":"Person","@id":"https:\/\/ruralrafaela.com.ar\/exporural2023\/#\/schema\/person\/b944097647cc828e58952e18b2cc493c","name":"c1970093","image":{"@type":"ImageObject","inLanguage":"es","@id":"https:\/\/secure.gravatar.com\/avatar\/45cdd73f3ef44c305e0057b84921f5c4dc0bf41c5999db82505293a43118ff3e?s=96&d=mm&r=g","url":"https:\/\/secure.gravatar.com\/avatar\/45cdd73f3ef44c305e0057b84921f5c4dc0bf41c5999db82505293a43118ff3e?s=96&d=mm&r=g","contentUrl":"https:\/\/secure.gravatar.com\/avatar\/45cdd73f3ef44c305e0057b84921f5c4dc0bf41c5999db82505293a43118ff3e?s=96&d=mm&r=g","caption":"c1970093"},"url":"https:\/\/ruralrafaela.com.ar\/exporural2023\/author\/c1970093\/"}]}},"_links":{"self":[{"href":"https:\/\/ruralrafaela.com.ar\/exporural2023\/wp-json\/wp\/v2\/posts\/6448","targetHints":{"allow":["GET"]}}],"collection":[{"href":"https:\/\/ruralrafaela.com.ar\/exporural2023\/wp-json\/wp\/v2\/posts"}],"about":[{"href":"https:\/\/ruralrafaela.com.ar\/exporural2023\/wp-json\/wp\/v2\/types\/post"}],"author":[{"embeddable":true,"href":"https:\/\/ruralrafaela.com.ar\/exporural2023\/wp-json\/wp\/v2\/users\/2"}],"replies":[{"embeddable":true,"href":"https:\/\/ruralrafaela.com.ar\/exporural2023\/wp-json\/wp\/v2\/comments?post=6448"}],"version-history":[{"count":1,"href":"https:\/\/ruralrafaela.com.ar\/exporural2023\/wp-json\/wp\/v2\/posts\/6448\/revisions"}],"predecessor-version":[{"id":6450,"href":"https:\/\/ruralrafaela.com.ar\/exporural2023\/wp-json\/wp\/v2\/posts\/6448\/revisions\/6450"}],"wp:featuredmedia":[{"embeddable":true,"href":"https:\/\/ruralrafaela.com.ar\/exporural2023\/wp-json\/wp\/v2\/media\/6449"}],"wp:attachment":[{"href":"https:\/\/ruralrafaela.com.ar\/exporural2023\/wp-json\/wp\/v2\/media?parent=6448"}],"wp:term":[{"taxonomy":"category","embeddable":true,"href":"https:\/\/ruralrafaela.com.ar\/exporural2023\/wp-json\/wp\/v2\/categories?post=6448"},{"taxonomy":"post_tag","embeddable":true,"href":"https:\/\/ruralrafaela.com.ar\/exporural2023\/wp-json\/wp\/v2\/tags?post=6448"}],"curies":[{"name":"wp","href":"https:\/\/api.w.org\/{rel}","templated":true}]}}