{"id":6445,"date":"2023-09-19T00:43:44","date_gmt":"2023-09-19T00:43:44","guid":{"rendered":"https:\/\/ruralrafaela.com.ar\/exporural2023\/?p=6445"},"modified":"2023-09-19T00:43:45","modified_gmt":"2023-09-19T00:43:45","slug":"rafaela-y-la-region-cuna-de-casos-de-exito-entre-las-empresas-familiares","status":"publish","type":"post","link":"https:\/\/ruralrafaela.com.ar\/exporural2023\/2023\/09\/19\/rafaela-y-la-region-cuna-de-casos-de-exito-entre-las-empresas-familiares\/","title":{"rendered":"Rafaela y la regi\u00f3n, cuna de casos de \u00e9xito entre las empresas familiares"},"content":{"rendered":"\n<p><\/p>\n\n\n\n<p><strong><em>Facundo Sonatti, especialista y asesor de organizaciones de este tipo abri\u00f3 el ciclo de charlas de la 116\u00b0 edici\u00f3n de la ExpoRural de Rafaela y la Regi\u00f3n.<\/em><\/strong><\/p>\n\n\n\n<p>En la previa al comienzo oficial de la 116\u00b0 ExpoRural de Rafaela y la Regi\u00f3n, este lunes se gener\u00f3 la primera charla de capacitaci\u00f3n en nuestro predio ferial.<\/p>\n\n\n\n<p>En el Sal\u00f3n de Usos M\u00faltiples fue Facundo Sonatti el encargado de dar comienzo a esta agenda especial que genera el marco inicial para una muestra que vuelve a acercar al campo hacia la ciudad.<\/p>\n\n\n\n<p>Periodista y consultor de empresas de familia, especializado en el segmento desde hace 12 a\u00f1os, es oriundo de San Vicente. Actualmente trabaja en CNN Radio y en el canal de twitch Neura Media, con el programa Derribando Mitos, sobre econom\u00eda&nbsp;y&nbsp;negocios, habl\u00f3 ante un atento auditorio.<\/p>\n\n\n\n<p>\u201cPotencial productivo de la regi\u00f3n: presente y futuro. Casos de \u00e9xito\u201d fue el t\u00edtulo del encuentro en el que se recorri\u00f3 parte de la cultura, la idiosincracia y la realidad de la franja central santafesina, con un particular eje en el centro-oeste de la provincia.<\/p>\n\n\n\n<p>\u201cRafaela es una ciudad que tiene m\u00e1s de 500 empresas, que tiene un valor de tonelada exportada que es cinco veces m\u00e1s alto que el promedio de Argentina. En 2021 se vendieron 500 millones de d\u00f3lares entre 58 empresas\u201d comenz\u00f3 diciendo el analista.<\/p>\n\n\n\n<p>\u201cEsto es fuera de lo com\u00fan, es un caso de \u00e9xito en Argentina el de Rafaela, pero tambi\u00e9n el de toda la regi\u00f3n que tiene un enorme potencial, a pesar de la macroeconom\u00eda\u201d.<\/p>\n\n\n\n<p>Para quienes habitan en la zona, es algo habitual, pero el enclave productivo, geogr\u00e1fico, clim\u00e1tico, se dan condiciones favorables para la creaci\u00f3n de riqueza, de fuentes de trabajo y de progreso, b\u00e1sicamente.<\/p>\n\n\n\n<p>\u201cTodas las empresas a las cuales les va bien, reinvierten sus ganancias y tienen un perfil exportador, una mirada internacional con la que han logrado crecer\u201d, sumado esto a la adaptaci\u00f3n a las nuevas tecnolog\u00edas, a las necesidades de las nuevas generaciones, incluso dentro de \u201cun mundo cada vez m\u00e1s complicado\u201d.<\/p>\n\n\n\n<p>Present\u00f3 cinco casos destacables que son los que marcan un camino optimista para el desarrollo empresarial.<\/p>\n\n\n\n<p>El molino Esmeralda, de la localidad santafesina hom\u00f3nima y de la familia Forzani, en cuatro d\u00e9cadas lograron diversificar la producci\u00f3n, automatizar el molino para que una sola persona lo pueda operar, con 60 mil toneladas al a\u00f1o de trigo y la participaci\u00f3n del uno por ciento del mercado nacional, a partir de una inversi\u00f3n de diez millones de d\u00f3lares y una combinaci\u00f3n generacional dentro de la empresa y superando una evoluci\u00f3n intergeneracional.<\/p>\n\n\n\n<p>El valor agregado est\u00e1 en la productividad a partir del trabajo de una sola persona. El proyecto de la empresa es exportar a Estados Unidos tanto harina, como tapas de empanada congeladas desde Santa Fe.<\/p>\n\n\n\n<p>El Laboratorio Over, iniciado en la d\u00e9cada del \u00b480 desde San Vicente, desde 2010 y con una inversi\u00f3n de siete millones de d\u00f3lares, hoy factura casi el triple de eso por a\u00f1o, con presencia en 50 pa\u00edses y con una importante participaci\u00f3n en el mercado veterinario y ganadero puntualmente.<\/p>\n\n\n\n<p>Con el proyecto de una nueva nave industrial, siguen creciendo desde la localidad que fue cuna de la cosechadora.<\/p>\n\n\n\n<p>En la provincia de C\u00f3rdoba, la familia Ricca en la localidad de El T\u00edo, se desarroll\u00f3 la empresa Valorasoy, a partir de un campo peque\u00f1o y un acopio. Con el desarrollo de un texturizado de soja, para la producci\u00f3n de una suerte de hamburguesas de base vegetal, vendiendo el 75 por ciento de su producci\u00f3n al exterior, lograron este a\u00f1o vender el negocio a uno de los herederos del gigante Paladini, que est\u00e1 establecido en Estados Unidos y cuya empresa cotiza en la bolsa de Nueva York, por seis millones de d\u00f3lares.<\/p>\n\n\n\n<p>Gonella, desde la ciudad de Esperanza, procesa 120 mil toneladas de acero al a\u00f1o, para producir calderas y otros productos vinculados a la energ\u00eda. Adem\u00e1s tienen producci\u00f3n primaria en lecher\u00eda, una usina l\u00e1ctea en la localidad de Franck y trabajan constantemente reinvirtiendo.<\/p>\n\n\n\n<p>Basso SA es uno de los grandes empleadores de la ciudad de Rafaela. Es el gran exportador de la ciudad, con 25 mil d\u00f3lares en el valor de la tonelada de v\u00e1lvulas para motores a combusti\u00f3n, por eso tiene esta empresa hoy un desaf\u00edo de transformaci\u00f3n, que actualmente tiene en desarrollo la primera bateria de litio del pa\u00eds. El 90 por ciento de la producci\u00f3n la exportan a empresas como John Deere, Ferrari y Harley Davidson.<\/p>\n\n\n\n<p>Sonatti explic\u00f3 aspectos vinculados a la influencia inmigratoria, a la confluencia cultural que se da en zonas como esta del pa\u00eds, pero sobre todo indic\u00f3 que las empresas de base familiar \u201co se profesionalizan o se venden\u201d, en general, m\u00e1s all\u00e1 de las condiciones reinantes en la pol\u00edtica y la econom\u00eda nacional, como para entender las tendencias de muchas de las firmas que no pegan el salto en cuanto a tecnolog\u00eda, a nuevos productos o a nuevos mercados.<\/p>\n","protected":false},"excerpt":{"rendered":"<p>Facundo Sonatti, especialista y asesor de organizaciones de este tipo abri\u00f3 el ciclo de charlas de la 116\u00b0 edici\u00f3n de la ExpoRural de Rafaela y la Regi\u00f3n. En la previa al comienzo oficial de la 116\u00b0 ExpoRural de Rafaela y la Regi\u00f3n, este lunes se gener\u00f3 la primera charla de capacitaci\u00f3n en nuestro predio ferial. [&hellip;]<\/p>\n","protected":false},"author":2,"featured_media":6446,"comment_status":"closed","ping_status":"open","sticky":false,"template":"","format":"standard","meta":{"ocean_post_layout":"","ocean_both_sidebars_style":"","ocean_both_sidebars_content_width":0,"ocean_both_sidebars_sidebars_width":0,"ocean_sidebar":"","ocean_second_sidebar":"","ocean_disable_margins":"enable","ocean_add_body_class":"","ocean_shortcode_before_top_bar":"","ocean_shortcode_after_top_bar":"","ocean_shortcode_before_header":"","ocean_shortcode_after_header":"","ocean_has_shortcode":"","ocean_shortcode_after_title":"","ocean_shortcode_before_footer_widgets":"","ocean_shortcode_after_footer_widgets":"","ocean_shortcode_before_footer_bottom":"","ocean_shortcode_after_footer_bottom":"","ocean_display_top_bar":"default","ocean_display_header":"default","ocean_header_style":"","ocean_center_header_left_menu":"","ocean_custom_header_template":"","ocean_custom_logo":0,"ocean_custom_retina_logo":0,"ocean_custom_logo_max_width":0,"ocean_custom_logo_tablet_max_width":0,"ocean_custom_logo_mobile_max_width":0,"ocean_custom_logo_max_height":0,"ocean_custom_logo_tablet_max_height":0,"ocean_custom_logo_mobile_max_height":0,"ocean_header_custom_menu":"","ocean_menu_typo_font_family":"","ocean_menu_typo_font_subset":"","ocean_menu_typo_font_size":0,"ocean_menu_typo_font_size_tablet":0,"ocean_menu_typo_font_size_mobile":0,"ocean_menu_typo_font_size_unit":"px","ocean_menu_typo_font_weight":"","ocean_menu_typo_font_weight_tablet":"","ocean_menu_typo_font_weight_mobile":"","ocean_menu_typo_transform":"","ocean_menu_typo_transform_tablet":"","ocean_menu_typo_transform_mobile":"","ocean_menu_typo_line_height":0,"ocean_menu_typo_line_height_tablet":0,"ocean_menu_typo_line_height_mobile":0,"ocean_menu_typo_line_height_unit":"","ocean_menu_typo_spacing":0,"ocean_menu_typo_spacing_tablet":0,"ocean_menu_typo_spacing_mobile":0,"ocean_menu_typo_spacing_unit":"","ocean_menu_link_color":"","ocean_menu_link_color_hover":"","ocean_menu_link_color_active":"","ocean_menu_link_background":"","ocean_menu_link_hover_background":"","ocean_menu_link_active_background":"","ocean_menu_social_links_bg":"","ocean_menu_social_hover_links_bg":"","ocean_menu_social_links_color":"","ocean_menu_social_hover_links_color":"","ocean_disable_title":"default","ocean_disable_heading":"default","ocean_post_title":"","ocean_post_subheading":"","ocean_post_title_style":"","ocean_post_title_background_color":"","ocean_post_title_background":0,"ocean_post_title_bg_image_position":"","ocean_post_title_bg_image_attachment":"","ocean_post_title_bg_image_repeat":"","ocean_post_title_bg_image_size":"","ocean_post_title_height":0,"ocean_post_title_bg_overlay":0.5,"ocean_post_title_bg_overlay_color":"","ocean_disable_breadcrumbs":"default","ocean_breadcrumbs_color":"","ocean_breadcrumbs_separator_color":"","ocean_breadcrumbs_links_color":"","ocean_breadcrumbs_links_hover_color":"","ocean_display_footer_widgets":"default","ocean_display_footer_bottom":"default","ocean_custom_footer_template":"","_joinchat":[],"ocean_post_oembed":"","ocean_post_self_hosted_media":"","ocean_post_video_embed":"","ocean_link_format":"","ocean_link_format_target":"self","ocean_quote_format":"","ocean_quote_format_link":"post","ocean_gallery_link_images":"on","ocean_gallery_id":[],"footnotes":""},"categories":[43],"tags":[],"class_list":["post-6445","post","type-post","status-publish","format-standard","has-post-thumbnail","hentry","category-expo-rural-2023","entry","has-media"],"yoast_head":"<!-- This site is optimized with the Yoast SEO plugin v27.5 - https:\/\/yoast.com\/product\/yoast-seo-wordpress\/ -->\n<title>Rafaela y la regi\u00f3n, cuna de casos de \u00e9xito entre las empresas familiares - 116 Expo Rural Rafaela 2023<\/title>\n<meta name=\"robots\" content=\"index, follow, max-snippet:-1, max-image-preview:large, max-video-preview:-1\" \/>\n<link rel=\"canonical\" href=\"https:\/\/ruralrafaela.com.ar\/exporural2023\/2023\/09\/19\/rafaela-y-la-region-cuna-de-casos-de-exito-entre-las-empresas-familiares\/\" \/>\n<meta property=\"og:locale\" content=\"es_ES\" \/>\n<meta property=\"og:type\" content=\"article\" \/>\n<meta property=\"og:title\" content=\"Rafaela y la regi\u00f3n, cuna de casos de \u00e9xito entre las empresas familiares - 116 Expo Rural Rafaela 2023\" \/>\n<meta property=\"og:description\" content=\"Facundo Sonatti, especialista y asesor de organizaciones de este tipo abri\u00f3 el ciclo de charlas de la 116\u00b0 edici\u00f3n de la ExpoRural de Rafaela y la Regi\u00f3n. En la previa al comienzo oficial de la 116\u00b0 ExpoRural de Rafaela y la Regi\u00f3n, este lunes se gener\u00f3 la primera charla de capacitaci\u00f3n en nuestro predio ferial. [&hellip;]\" \/>\n<meta property=\"og:url\" content=\"https:\/\/ruralrafaela.com.ar\/exporural2023\/2023\/09\/19\/rafaela-y-la-region-cuna-de-casos-de-exito-entre-las-empresas-familiares\/\" \/>\n<meta property=\"og:site_name\" content=\"116 Expo Rural Rafaela 2023\" \/>\n<meta property=\"article:published_time\" content=\"2023-09-19T00:43:44+00:00\" \/>\n<meta property=\"article:modified_time\" content=\"2023-09-19T00:43:45+00:00\" \/>\n<meta property=\"og:image\" content=\"https:\/\/ruralrafaela.com.ar\/exporural2023\/wp-content\/uploads\/sites\/21\/2023\/09\/Imagen-de-WhatsApp-2023-09-18-a-las-21.38.16.jpg\" \/>\n\t<meta property=\"og:image:width\" content=\"1600\" \/>\n\t<meta property=\"og:image:height\" content=\"720\" \/>\n\t<meta property=\"og:image:type\" content=\"image\/jpeg\" \/>\n<meta name=\"author\" content=\"c1970093\" \/>\n<meta name=\"twitter:card\" content=\"summary_large_image\" \/>\n<meta name=\"twitter:label1\" content=\"Escrito por\" \/>\n\t<meta name=\"twitter:data1\" content=\"c1970093\" \/>\n\t<meta name=\"twitter:label2\" content=\"Tiempo de lectura\" \/>\n\t<meta name=\"twitter:data2\" content=\"4 minutos\" \/>\n<script type=\"application\/ld+json\" class=\"yoast-schema-graph\">{\"@context\":\"https:\\\/\\\/schema.org\",\"@graph\":[{\"@type\":\"Article\",\"@id\":\"https:\\\/\\\/ruralrafaela.com.ar\\\/exporural2023\\\/2023\\\/09\\\/19\\\/rafaela-y-la-region-cuna-de-casos-de-exito-entre-las-empresas-familiares\\\/#article\",\"isPartOf\":{\"@id\":\"https:\\\/\\\/ruralrafaela.com.ar\\\/exporural2023\\\/2023\\\/09\\\/19\\\/rafaela-y-la-region-cuna-de-casos-de-exito-entre-las-empresas-familiares\\\/\"},\"author\":{\"name\":\"c1970093\",\"@id\":\"https:\\\/\\\/ruralrafaela.com.ar\\\/exporural2023\\\/#\\\/schema\\\/person\\\/b944097647cc828e58952e18b2cc493c\"},\"headline\":\"Rafaela y la regi\u00f3n, cuna de casos de \u00e9xito entre las empresas familiares\",\"datePublished\":\"2023-09-19T00:43:44+00:00\",\"dateModified\":\"2023-09-19T00:43:45+00:00\",\"mainEntityOfPage\":{\"@id\":\"https:\\\/\\\/ruralrafaela.com.ar\\\/exporural2023\\\/2023\\\/09\\\/19\\\/rafaela-y-la-region-cuna-de-casos-de-exito-entre-las-empresas-familiares\\\/\"},\"wordCount\":885,\"publisher\":{\"@id\":\"https:\\\/\\\/ruralrafaela.com.ar\\\/exporural2023\\\/#organization\"},\"image\":{\"@id\":\"https:\\\/\\\/ruralrafaela.com.ar\\\/exporural2023\\\/2023\\\/09\\\/19\\\/rafaela-y-la-region-cuna-de-casos-de-exito-entre-las-empresas-familiares\\\/#primaryimage\"},\"thumbnailUrl\":\"https:\\\/\\\/ruralrafaela.com.ar\\\/exporural2023\\\/wp-content\\\/uploads\\\/sites\\\/21\\\/2023\\\/09\\\/Imagen-de-WhatsApp-2023-09-18-a-las-21.38.16.jpg\",\"articleSection\":[\"Expo Rural 2023\"],\"inLanguage\":\"es\"},{\"@type\":\"WebPage\",\"@id\":\"https:\\\/\\\/ruralrafaela.com.ar\\\/exporural2023\\\/2023\\\/09\\\/19\\\/rafaela-y-la-region-cuna-de-casos-de-exito-entre-las-empresas-familiares\\\/\",\"url\":\"https:\\\/\\\/ruralrafaela.com.ar\\\/exporural2023\\\/2023\\\/09\\\/19\\\/rafaela-y-la-region-cuna-de-casos-de-exito-entre-las-empresas-familiares\\\/\",\"name\":\"Rafaela y la regi\u00f3n, cuna de casos de \u00e9xito entre las empresas familiares - 116 Expo Rural Rafaela 2023\",\"isPartOf\":{\"@id\":\"https:\\\/\\\/ruralrafaela.com.ar\\\/exporural2023\\\/#website\"},\"primaryImageOfPage\":{\"@id\":\"https:\\\/\\\/ruralrafaela.com.ar\\\/exporural2023\\\/2023\\\/09\\\/19\\\/rafaela-y-la-region-cuna-de-casos-de-exito-entre-las-empresas-familiares\\\/#primaryimage\"},\"image\":{\"@id\":\"https:\\\/\\\/ruralrafaela.com.ar\\\/exporural2023\\\/2023\\\/09\\\/19\\\/rafaela-y-la-region-cuna-de-casos-de-exito-entre-las-empresas-familiares\\\/#primaryimage\"},\"thumbnailUrl\":\"https:\\\/\\\/ruralrafaela.com.ar\\\/exporural2023\\\/wp-content\\\/uploads\\\/sites\\\/21\\\/2023\\\/09\\\/Imagen-de-WhatsApp-2023-09-18-a-las-21.38.16.jpg\",\"datePublished\":\"2023-09-19T00:43:44+00:00\",\"dateModified\":\"2023-09-19T00:43:45+00:00\",\"breadcrumb\":{\"@id\":\"https:\\\/\\\/ruralrafaela.com.ar\\\/exporural2023\\\/2023\\\/09\\\/19\\\/rafaela-y-la-region-cuna-de-casos-de-exito-entre-las-empresas-familiares\\\/#breadcrumb\"},\"inLanguage\":\"es\",\"potentialAction\":[{\"@type\":\"ReadAction\",\"target\":[\"https:\\\/\\\/ruralrafaela.com.ar\\\/exporural2023\\\/2023\\\/09\\\/19\\\/rafaela-y-la-region-cuna-de-casos-de-exito-entre-las-empresas-familiares\\\/\"]}]},{\"@type\":\"ImageObject\",\"inLanguage\":\"es\",\"@id\":\"https:\\\/\\\/ruralrafaela.com.ar\\\/exporural2023\\\/2023\\\/09\\\/19\\\/rafaela-y-la-region-cuna-de-casos-de-exito-entre-las-empresas-familiares\\\/#primaryimage\",\"url\":\"https:\\\/\\\/ruralrafaela.com.ar\\\/exporural2023\\\/wp-content\\\/uploads\\\/sites\\\/21\\\/2023\\\/09\\\/Imagen-de-WhatsApp-2023-09-18-a-las-21.38.16.jpg\",\"contentUrl\":\"https:\\\/\\\/ruralrafaela.com.ar\\\/exporural2023\\\/wp-content\\\/uploads\\\/sites\\\/21\\\/2023\\\/09\\\/Imagen-de-WhatsApp-2023-09-18-a-las-21.38.16.jpg\",\"width\":1600,\"height\":720},{\"@type\":\"BreadcrumbList\",\"@id\":\"https:\\\/\\\/ruralrafaela.com.ar\\\/exporural2023\\\/2023\\\/09\\\/19\\\/rafaela-y-la-region-cuna-de-casos-de-exito-entre-las-empresas-familiares\\\/#breadcrumb\",\"itemListElement\":[{\"@type\":\"ListItem\",\"position\":1,\"name\":\"Portada\",\"item\":\"https:\\\/\\\/ruralrafaela.com.ar\\\/exporural2023\\\/\"},{\"@type\":\"ListItem\",\"position\":2,\"name\":\"Rafaela y la regi\u00f3n, cuna de casos de \u00e9xito entre las empresas familiares\"}]},{\"@type\":\"WebSite\",\"@id\":\"https:\\\/\\\/ruralrafaela.com.ar\\\/exporural2023\\\/#website\",\"url\":\"https:\\\/\\\/ruralrafaela.com.ar\\\/exporural2023\\\/\",\"name\":\"116 Expo Rural Rafaela 2023\",\"description\":\"Sitio oficial de la Expo Rural Rafaela\",\"publisher\":{\"@id\":\"https:\\\/\\\/ruralrafaela.com.ar\\\/exporural2023\\\/#organization\"},\"potentialAction\":[{\"@type\":\"SearchAction\",\"target\":{\"@type\":\"EntryPoint\",\"urlTemplate\":\"https:\\\/\\\/ruralrafaela.com.ar\\\/exporural2023\\\/?s={search_term_string}\"},\"query-input\":{\"@type\":\"PropertyValueSpecification\",\"valueRequired\":true,\"valueName\":\"search_term_string\"}}],\"inLanguage\":\"es\"},{\"@type\":\"Organization\",\"@id\":\"https:\\\/\\\/ruralrafaela.com.ar\\\/exporural2023\\\/#organization\",\"name\":\"116 Expo Rural Rafaela 2023\",\"url\":\"https:\\\/\\\/ruralrafaela.com.ar\\\/exporural2023\\\/\",\"logo\":{\"@type\":\"ImageObject\",\"inLanguage\":\"es\",\"@id\":\"https:\\\/\\\/ruralrafaela.com.ar\\\/exporural2023\\\/#\\\/schema\\\/logo\\\/image\\\/\",\"url\":\"https:\\\/\\\/ruralrafaela.com.ar\\\/exporural2023\\\/wp-content\\\/uploads\\\/sites\\\/21\\\/2023\\\/08\\\/cropped-logoH.jpg\",\"contentUrl\":\"https:\\\/\\\/ruralrafaela.com.ar\\\/exporural2023\\\/wp-content\\\/uploads\\\/sites\\\/21\\\/2023\\\/08\\\/cropped-logoH.jpg\",\"width\":250,\"height\":57,\"caption\":\"116 Expo Rural Rafaela 2023 \"},\"image\":{\"@id\":\"https:\\\/\\\/ruralrafaela.com.ar\\\/exporural2023\\\/#\\\/schema\\\/logo\\\/image\\\/\"}},{\"@type\":\"Person\",\"@id\":\"https:\\\/\\\/ruralrafaela.com.ar\\\/exporural2023\\\/#\\\/schema\\\/person\\\/b944097647cc828e58952e18b2cc493c\",\"name\":\"c1970093\",\"image\":{\"@type\":\"ImageObject\",\"inLanguage\":\"es\",\"@id\":\"https:\\\/\\\/secure.gravatar.com\\\/avatar\\\/45cdd73f3ef44c305e0057b84921f5c4dc0bf41c5999db82505293a43118ff3e?s=96&d=mm&r=g\",\"url\":\"https:\\\/\\\/secure.gravatar.com\\\/avatar\\\/45cdd73f3ef44c305e0057b84921f5c4dc0bf41c5999db82505293a43118ff3e?s=96&d=mm&r=g\",\"contentUrl\":\"https:\\\/\\\/secure.gravatar.com\\\/avatar\\\/45cdd73f3ef44c305e0057b84921f5c4dc0bf41c5999db82505293a43118ff3e?s=96&d=mm&r=g\",\"caption\":\"c1970093\"},\"url\":\"https:\\\/\\\/ruralrafaela.com.ar\\\/exporural2023\\\/author\\\/c1970093\\\/\"}]}<\/script>\n<!-- \/ Yoast SEO plugin. -->","yoast_head_json":{"title":"Rafaela y la regi\u00f3n, cuna de casos de \u00e9xito entre las empresas familiares - 116 Expo Rural Rafaela 2023","robots":{"index":"index","follow":"follow","max-snippet":"max-snippet:-1","max-image-preview":"max-image-preview:large","max-video-preview":"max-video-preview:-1"},"canonical":"https:\/\/ruralrafaela.com.ar\/exporural2023\/2023\/09\/19\/rafaela-y-la-region-cuna-de-casos-de-exito-entre-las-empresas-familiares\/","og_locale":"es_ES","og_type":"article","og_title":"Rafaela y la regi\u00f3n, cuna de casos de \u00e9xito entre las empresas familiares - 116 Expo Rural Rafaela 2023","og_description":"Facundo Sonatti, especialista y asesor de organizaciones de este tipo abri\u00f3 el ciclo de charlas de la 116\u00b0 edici\u00f3n de la ExpoRural de Rafaela y la Regi\u00f3n. En la previa al comienzo oficial de la 116\u00b0 ExpoRural de Rafaela y la Regi\u00f3n, este lunes se gener\u00f3 la primera charla de capacitaci\u00f3n en nuestro predio ferial. [&hellip;]","og_url":"https:\/\/ruralrafaela.com.ar\/exporural2023\/2023\/09\/19\/rafaela-y-la-region-cuna-de-casos-de-exito-entre-las-empresas-familiares\/","og_site_name":"116 Expo Rural Rafaela 2023","article_published_time":"2023-09-19T00:43:44+00:00","article_modified_time":"2023-09-19T00:43:45+00:00","og_image":[{"width":1600,"height":720,"url":"https:\/\/ruralrafaela.com.ar\/exporural2023\/wp-content\/uploads\/sites\/21\/2023\/09\/Imagen-de-WhatsApp-2023-09-18-a-las-21.38.16.jpg","type":"image\/jpeg"}],"author":"c1970093","twitter_card":"summary_large_image","twitter_misc":{"Escrito por":"c1970093","Tiempo de lectura":"4 minutos"},"schema":{"@context":"https:\/\/schema.org","@graph":[{"@type":"Article","@id":"https:\/\/ruralrafaela.com.ar\/exporural2023\/2023\/09\/19\/rafaela-y-la-region-cuna-de-casos-de-exito-entre-las-empresas-familiares\/#article","isPartOf":{"@id":"https:\/\/ruralrafaela.com.ar\/exporural2023\/2023\/09\/19\/rafaela-y-la-region-cuna-de-casos-de-exito-entre-las-empresas-familiares\/"},"author":{"name":"c1970093","@id":"https:\/\/ruralrafaela.com.ar\/exporural2023\/#\/schema\/person\/b944097647cc828e58952e18b2cc493c"},"headline":"Rafaela y la regi\u00f3n, cuna de casos de \u00e9xito entre las empresas familiares","datePublished":"2023-09-19T00:43:44+00:00","dateModified":"2023-09-19T00:43:45+00:00","mainEntityOfPage":{"@id":"https:\/\/ruralrafaela.com.ar\/exporural2023\/2023\/09\/19\/rafaela-y-la-region-cuna-de-casos-de-exito-entre-las-empresas-familiares\/"},"wordCount":885,"publisher":{"@id":"https:\/\/ruralrafaela.com.ar\/exporural2023\/#organization"},"image":{"@id":"https:\/\/ruralrafaela.com.ar\/exporural2023\/2023\/09\/19\/rafaela-y-la-region-cuna-de-casos-de-exito-entre-las-empresas-familiares\/#primaryimage"},"thumbnailUrl":"https:\/\/ruralrafaela.com.ar\/exporural2023\/wp-content\/uploads\/sites\/21\/2023\/09\/Imagen-de-WhatsApp-2023-09-18-a-las-21.38.16.jpg","articleSection":["Expo Rural 2023"],"inLanguage":"es"},{"@type":"WebPage","@id":"https:\/\/ruralrafaela.com.ar\/exporural2023\/2023\/09\/19\/rafaela-y-la-region-cuna-de-casos-de-exito-entre-las-empresas-familiares\/","url":"https:\/\/ruralrafaela.com.ar\/exporural2023\/2023\/09\/19\/rafaela-y-la-region-cuna-de-casos-de-exito-entre-las-empresas-familiares\/","name":"Rafaela y la regi\u00f3n, cuna de casos de \u00e9xito entre las empresas familiares - 116 Expo Rural Rafaela 2023","isPartOf":{"@id":"https:\/\/ruralrafaela.com.ar\/exporural2023\/#website"},"primaryImageOfPage":{"@id":"https:\/\/ruralrafaela.com.ar\/exporural2023\/2023\/09\/19\/rafaela-y-la-region-cuna-de-casos-de-exito-entre-las-empresas-familiares\/#primaryimage"},"image":{"@id":"https:\/\/ruralrafaela.com.ar\/exporural2023\/2023\/09\/19\/rafaela-y-la-region-cuna-de-casos-de-exito-entre-las-empresas-familiares\/#primaryimage"},"thumbnailUrl":"https:\/\/ruralrafaela.com.ar\/exporural2023\/wp-content\/uploads\/sites\/21\/2023\/09\/Imagen-de-WhatsApp-2023-09-18-a-las-21.38.16.jpg","datePublished":"2023-09-19T00:43:44+00:00","dateModified":"2023-09-19T00:43:45+00:00","breadcrumb":{"@id":"https:\/\/ruralrafaela.com.ar\/exporural2023\/2023\/09\/19\/rafaela-y-la-region-cuna-de-casos-de-exito-entre-las-empresas-familiares\/#breadcrumb"},"inLanguage":"es","potentialAction":[{"@type":"ReadAction","target":["https:\/\/ruralrafaela.com.ar\/exporural2023\/2023\/09\/19\/rafaela-y-la-region-cuna-de-casos-de-exito-entre-las-empresas-familiares\/"]}]},{"@type":"ImageObject","inLanguage":"es","@id":"https:\/\/ruralrafaela.com.ar\/exporural2023\/2023\/09\/19\/rafaela-y-la-region-cuna-de-casos-de-exito-entre-las-empresas-familiares\/#primaryimage","url":"https:\/\/ruralrafaela.com.ar\/exporural2023\/wp-content\/uploads\/sites\/21\/2023\/09\/Imagen-de-WhatsApp-2023-09-18-a-las-21.38.16.jpg","contentUrl":"https:\/\/ruralrafaela.com.ar\/exporural2023\/wp-content\/uploads\/sites\/21\/2023\/09\/Imagen-de-WhatsApp-2023-09-18-a-las-21.38.16.jpg","width":1600,"height":720},{"@type":"BreadcrumbList","@id":"https:\/\/ruralrafaela.com.ar\/exporural2023\/2023\/09\/19\/rafaela-y-la-region-cuna-de-casos-de-exito-entre-las-empresas-familiares\/#breadcrumb","itemListElement":[{"@type":"ListItem","position":1,"name":"Portada","item":"https:\/\/ruralrafaela.com.ar\/exporural2023\/"},{"@type":"ListItem","position":2,"name":"Rafaela y la regi\u00f3n, cuna de casos de \u00e9xito entre las empresas familiares"}]},{"@type":"WebSite","@id":"https:\/\/ruralrafaela.com.ar\/exporural2023\/#website","url":"https:\/\/ruralrafaela.com.ar\/exporural2023\/","name":"116 Expo Rural Rafaela 2023","description":"Sitio oficial de la Expo Rural Rafaela","publisher":{"@id":"https:\/\/ruralrafaela.com.ar\/exporural2023\/#organization"},"potentialAction":[{"@type":"SearchAction","target":{"@type":"EntryPoint","urlTemplate":"https:\/\/ruralrafaela.com.ar\/exporural2023\/?s={search_term_string}"},"query-input":{"@type":"PropertyValueSpecification","valueRequired":true,"valueName":"search_term_string"}}],"inLanguage":"es"},{"@type":"Organization","@id":"https:\/\/ruralrafaela.com.ar\/exporural2023\/#organization","name":"116 Expo Rural Rafaela 2023","url":"https:\/\/ruralrafaela.com.ar\/exporural2023\/","logo":{"@type":"ImageObject","inLanguage":"es","@id":"https:\/\/ruralrafaela.com.ar\/exporural2023\/#\/schema\/logo\/image\/","url":"https:\/\/ruralrafaela.com.ar\/exporural2023\/wp-content\/uploads\/sites\/21\/2023\/08\/cropped-logoH.jpg","contentUrl":"https:\/\/ruralrafaela.com.ar\/exporural2023\/wp-content\/uploads\/sites\/21\/2023\/08\/cropped-logoH.jpg","width":250,"height":57,"caption":"116 Expo Rural Rafaela 2023 "},"image":{"@id":"https:\/\/ruralrafaela.com.ar\/exporural2023\/#\/schema\/logo\/image\/"}},{"@type":"Person","@id":"https:\/\/ruralrafaela.com.ar\/exporural2023\/#\/schema\/person\/b944097647cc828e58952e18b2cc493c","name":"c1970093","image":{"@type":"ImageObject","inLanguage":"es","@id":"https:\/\/secure.gravatar.com\/avatar\/45cdd73f3ef44c305e0057b84921f5c4dc0bf41c5999db82505293a43118ff3e?s=96&d=mm&r=g","url":"https:\/\/secure.gravatar.com\/avatar\/45cdd73f3ef44c305e0057b84921f5c4dc0bf41c5999db82505293a43118ff3e?s=96&d=mm&r=g","contentUrl":"https:\/\/secure.gravatar.com\/avatar\/45cdd73f3ef44c305e0057b84921f5c4dc0bf41c5999db82505293a43118ff3e?s=96&d=mm&r=g","caption":"c1970093"},"url":"https:\/\/ruralrafaela.com.ar\/exporural2023\/author\/c1970093\/"}]}},"_links":{"self":[{"href":"https:\/\/ruralrafaela.com.ar\/exporural2023\/wp-json\/wp\/v2\/posts\/6445","targetHints":{"allow":["GET"]}}],"collection":[{"href":"https:\/\/ruralrafaela.com.ar\/exporural2023\/wp-json\/wp\/v2\/posts"}],"about":[{"href":"https:\/\/ruralrafaela.com.ar\/exporural2023\/wp-json\/wp\/v2\/types\/post"}],"author":[{"embeddable":true,"href":"https:\/\/ruralrafaela.com.ar\/exporural2023\/wp-json\/wp\/v2\/users\/2"}],"replies":[{"embeddable":true,"href":"https:\/\/ruralrafaela.com.ar\/exporural2023\/wp-json\/wp\/v2\/comments?post=6445"}],"version-history":[{"count":1,"href":"https:\/\/ruralrafaela.com.ar\/exporural2023\/wp-json\/wp\/v2\/posts\/6445\/revisions"}],"predecessor-version":[{"id":6447,"href":"https:\/\/ruralrafaela.com.ar\/exporural2023\/wp-json\/wp\/v2\/posts\/6445\/revisions\/6447"}],"wp:featuredmedia":[{"embeddable":true,"href":"https:\/\/ruralrafaela.com.ar\/exporural2023\/wp-json\/wp\/v2\/media\/6446"}],"wp:attachment":[{"href":"https:\/\/ruralrafaela.com.ar\/exporural2023\/wp-json\/wp\/v2\/media?parent=6445"}],"wp:term":[{"taxonomy":"category","embeddable":true,"href":"https:\/\/ruralrafaela.com.ar\/exporural2023\/wp-json\/wp\/v2\/categories?post=6445"},{"taxonomy":"post_tag","embeddable":true,"href":"https:\/\/ruralrafaela.com.ar\/exporural2023\/wp-json\/wp\/v2\/tags?post=6445"}],"curies":[{"name":"wp","href":"https:\/\/api.w.org\/{rel}","templated":true}]}}