{"id":6440,"date":"2023-09-15T03:38:43","date_gmt":"2023-09-15T03:38:43","guid":{"rendered":"https:\/\/ruralrafaela.com.ar\/exporural2023\/?p=6440"},"modified":"2023-09-15T03:38:43","modified_gmt":"2023-09-15T03:38:43","slug":"las-22-olimpiadas-agrotecnicas-fueron-para-una-escuela-de-angel-gallardo","status":"publish","type":"post","link":"https:\/\/ruralrafaela.com.ar\/exporural2023\/2023\/09\/15\/las-22-olimpiadas-agrotecnicas-fueron-para-una-escuela-de-angel-gallardo\/","title":{"rendered":"Las 22\u00b0 Olimp\u00edadas Agrot\u00e9cnicas fueron para una escuela de Angel Gallardo"},"content":{"rendered":"\n<p><\/p>\n\n\n\n<p>En Ataliva y con una asistencia muy interesante de alumnos de escuelas de una amplia regi\u00f3n, con las 22\u00b0 Olimp\u00edadas Agrot\u00e9cnicas se dio comienzo a la 116\u00b0 ExpoRural de Rafaela y la Regi\u00f3n este jueves, mientras que la muestra abrir\u00e1 sus puertas del 21 al 24 de septiembre en el tradicional predio ferial.<\/p>\n\n\n\n<p>La actividad se adelant\u00f3 por coincidir el inicio de la exposici\u00f3n con el d\u00eda del Estudiante y fue por eso que se defini\u00f3 este formato especial, coordinado por la Escuela de Educacion T\u00e9cnico Profesional Particular Incorporada Nro. 2010 IDESA (Instituto de Ense\u00f1anza Secundaria Agrot\u00e9cnica), junto al Grupo de Ayuda a Mujeres Agropecuarias de la Rural y donde tambi\u00e9n intervienen autoridades del INTA Rafalea, del INTI; y de la UNRAF.<\/p>\n\n\n\n<p>Participaron 90 alumnos de la Escuela de Agricultura, Ganader\u00eda y granja de Esperanza UNL, Santa Fe; Escuela de Educaci\u00f3n T\u00e9cnico Profesional n\u00b0301 Mariano Moreno Landeta, Santa Fe; Escuela de Educaci\u00f3n T\u00e9cnico Profesional n\u00b0 2050 Monse\u00f1or Zaspe Emilia, Santa Fe; Escuela secundaria Orientada n\u00b02047 Los Colonizadores Santo Domingo, Santa Fe; Escuela de Educaci\u00f3n T\u00e9cnico Profesional n\u00b0690 Luc\u00eda Araoz de \u00c1ngel Gallardo, Santa Fe; Instituto Agro t\u00e9cnico Salesiano Nuestra Se\u00f1ora del Rosario, Colonia Vignaud, C\u00f3rdoba; Escuela de Educaci\u00f3n T\u00e9cnico Profesional N\u00b0 8248 EFA Totoras, Santa Fe; y de la Escuela de Educaci\u00f3n T\u00e9cnico Profesional n\u00b0339 Lanceros del Sauce San Crist\u00f3bal, Santa&nbsp;Fe.<\/p>\n\n\n\n<p>Las actividades en la Sociedad Italiana de Ataliva se iniciaron con una charla especial que brind\u00f3 el ingeniero agr\u00f3nomo Carlos Cuadrado, que como profesional argentino desarroll\u00e1ndose en el exterior trat\u00f3, \u201c\u00bfC\u00f3mo es producir leche en Nueva Zelandia?\u201d.<\/p>\n\n\n\n<p>Con una presentaci\u00f3n sobre la producci\u00f3n diaria de unos 14 mil litros diarios, que se miden por kilo y se pagan con bonificaciones por el 9,6 por ciento de s\u00f3lidos gracias al uso de un rodeo cruza, que se orde\u00f1a \u201clo m\u00e1s r\u00e1pido posible, para maximizar el tiempo de la vaca en el potrero comiendo.<\/p>\n\n\n\n<p>Seg\u00fan Cuadrado, \u201ceste es el mejor de los \u00faltimos 20 a\u00f1os, tenemos 270 terneras criadas, con un solo animal fallecido luego de la parici\u00f3n\u201d.<\/p>\n\n\n\n<p>Lo que le recomend\u00f3 a los chicos que estaban presentes es que \u201chay que trabajar duro, divertirse, aprovechar las oportunidades, an\u00edmense, hablen con quienes no conocen, pregunten. Hay que trabajar duro como una se\u00f1al de vida, no es algo que sea malo. Me da mucha gratificaci\u00f3n poder estar activo, progresar y ayudar a otros a progresar\u201d.<\/p>\n\n\n\n<p>Luego se inici\u00f3 la competencia en su fase te\u00f3rica, con cuestionarios virtuales sobre producci\u00f3n de bovinos para leche, producci\u00f3n de plantas en vivero, agricultura de cereales y forrajes, m\u00e1quinas, equipos y herramientas, avicultura, producci\u00f3n de hortalizas, organizaci\u00f3n y gesti\u00f3n; y finalmente la industria en general.<\/p>\n\n\n\n<p>Una vez conclu\u00edda esta fase, se trasladaron al campo did\u00e1ctico de la escuela donde se completaron las estaciones de la competencia pr\u00e1ctica.<\/p>\n\n\n\n<p>Despu\u00e9s de almorzar visitaron el Establecimiento Santa Mar\u00eda que cuenta con orde\u00f1o robotizado y los tambos de la Caba\u00f1a La Luisa de la familia Miretti, para llegar finalmente el tambo de IDESA sobre la Ruta 13 donde se hizo el cierre de las actividades y el anuncio de los ganadores.<\/p>\n\n\n\n<p>Con 66,4 puntos, el grupo 9 de la escuela Luc\u00eda Araoz de \u00c1ngel Gallardo fue el ganador de esta vig\u00e9sima segunda edici\u00f3n de la competencia, en la que el segundo puesto fue para el grupo 15 con 61,5 unidades representando a la escuela Lanceros del Sauce San Crist\u00f3bal; mientras que la tercera posici\u00f3n qued\u00f3 para el grupo 1 con 60 puntos, por la Escuela Granja de Esperanza.<\/p>\n\n\n\n<p>\u201cRecibimos a ocho escuelas, siete con dos equipos en competencia y la restante con uno. Este fue un desaf\u00edo impresionante, pero trabajamos en equipo con todos los integrantes de la escuela para poder mostrar nuestro pueblo y nuestra escuela. La idea fue innovar y lo logramos\u201d, explic\u00f3 Romina Urso.<\/p>\n\n\n\n<p>Como directora de IDESA, habiendo acompa\u00f1ado durante toda la jornada la actividad en la que tambi\u00e9n estuvo presente la presidente de la SRR, Norma Bessone e integrantes del grupo GAMA, indic\u00f3 que \u201cesta competencia en la que se pone en tela de juicio el conocimiento de sus alumnos, permite premiar a los primeros puestos, pero sobre todo es un momento de encuentro para las escuelas que estamos en el mismo camino de educar a nuestros chicos en el mundo del agro\u201d.<\/p>\n\n\n\n<p>Este a\u00f1o se sigui\u00f3 apostando a este \u201cespacio de encuentro, de educaci\u00f3n de los j\u00f3venes, de los futuros profesionales en la actividad agropecuaria\u201d, concluy\u00f3.<\/p>\n","protected":false},"excerpt":{"rendered":"<p>En Ataliva y con una asistencia muy interesante de alumnos de escuelas de una amplia regi\u00f3n, con las 22\u00b0 Olimp\u00edadas Agrot\u00e9cnicas se dio comienzo a la 116\u00b0 ExpoRural de Rafaela y la Regi\u00f3n este jueves, mientras que la muestra abrir\u00e1 sus puertas del 21 al 24 de septiembre en el tradicional predio ferial. La actividad [&hellip;]<\/p>\n","protected":false},"author":2,"featured_media":6441,"comment_status":"closed","ping_status":"open","sticky":false,"template":"","format":"standard","meta":{"ocean_post_layout":"","ocean_both_sidebars_style":"","ocean_both_sidebars_content_width":0,"ocean_both_sidebars_sidebars_width":0,"ocean_sidebar":"","ocean_second_sidebar":"","ocean_disable_margins":"enable","ocean_add_body_class":"","ocean_shortcode_before_top_bar":"","ocean_shortcode_after_top_bar":"","ocean_shortcode_before_header":"","ocean_shortcode_after_header":"","ocean_has_shortcode":"","ocean_shortcode_after_title":"","ocean_shortcode_before_footer_widgets":"","ocean_shortcode_after_footer_widgets":"","ocean_shortcode_before_footer_bottom":"","ocean_shortcode_after_footer_bottom":"","ocean_display_top_bar":"default","ocean_display_header":"default","ocean_header_style":"","ocean_center_header_left_menu":"","ocean_custom_header_template":"","ocean_custom_logo":0,"ocean_custom_retina_logo":0,"ocean_custom_logo_max_width":0,"ocean_custom_logo_tablet_max_width":0,"ocean_custom_logo_mobile_max_width":0,"ocean_custom_logo_max_height":0,"ocean_custom_logo_tablet_max_height":0,"ocean_custom_logo_mobile_max_height":0,"ocean_header_custom_menu":"","ocean_menu_typo_font_family":"","ocean_menu_typo_font_subset":"","ocean_menu_typo_font_size":0,"ocean_menu_typo_font_size_tablet":0,"ocean_menu_typo_font_size_mobile":0,"ocean_menu_typo_font_size_unit":"px","ocean_menu_typo_font_weight":"","ocean_menu_typo_font_weight_tablet":"","ocean_menu_typo_font_weight_mobile":"","ocean_menu_typo_transform":"","ocean_menu_typo_transform_tablet":"","ocean_menu_typo_transform_mobile":"","ocean_menu_typo_line_height":0,"ocean_menu_typo_line_height_tablet":0,"ocean_menu_typo_line_height_mobile":0,"ocean_menu_typo_line_height_unit":"","ocean_menu_typo_spacing":0,"ocean_menu_typo_spacing_tablet":0,"ocean_menu_typo_spacing_mobile":0,"ocean_menu_typo_spacing_unit":"","ocean_menu_link_color":"","ocean_menu_link_color_hover":"","ocean_menu_link_color_active":"","ocean_menu_link_background":"","ocean_menu_link_hover_background":"","ocean_menu_link_active_background":"","ocean_menu_social_links_bg":"","ocean_menu_social_hover_links_bg":"","ocean_menu_social_links_color":"","ocean_menu_social_hover_links_color":"","ocean_disable_title":"default","ocean_disable_heading":"default","ocean_post_title":"","ocean_post_subheading":"","ocean_post_title_style":"","ocean_post_title_background_color":"","ocean_post_title_background":0,"ocean_post_title_bg_image_position":"","ocean_post_title_bg_image_attachment":"","ocean_post_title_bg_image_repeat":"","ocean_post_title_bg_image_size":"","ocean_post_title_height":0,"ocean_post_title_bg_overlay":0.5,"ocean_post_title_bg_overlay_color":"","ocean_disable_breadcrumbs":"default","ocean_breadcrumbs_color":"","ocean_breadcrumbs_separator_color":"","ocean_breadcrumbs_links_color":"","ocean_breadcrumbs_links_hover_color":"","ocean_display_footer_widgets":"default","ocean_display_footer_bottom":"default","ocean_custom_footer_template":"","_joinchat":[],"ocean_post_oembed":"","ocean_post_self_hosted_media":"","ocean_post_video_embed":"","ocean_link_format":"","ocean_link_format_target":"self","ocean_quote_format":"","ocean_quote_format_link":"post","ocean_gallery_link_images":"on","ocean_gallery_id":[],"footnotes":""},"categories":[43],"tags":[],"class_list":["post-6440","post","type-post","status-publish","format-standard","has-post-thumbnail","hentry","category-expo-rural-2023","entry","has-media"],"yoast_head":"<!-- This site is optimized with the Yoast SEO plugin v27.5 - https:\/\/yoast.com\/product\/yoast-seo-wordpress\/ -->\n<title>Las 22\u00b0 Olimp\u00edadas Agrot\u00e9cnicas fueron para una escuela de Angel Gallardo - 116 Expo Rural Rafaela 2023<\/title>\n<meta name=\"robots\" content=\"index, follow, max-snippet:-1, max-image-preview:large, max-video-preview:-1\" \/>\n<link rel=\"canonical\" href=\"https:\/\/ruralrafaela.com.ar\/exporural2023\/2023\/09\/15\/las-22-olimpiadas-agrotecnicas-fueron-para-una-escuela-de-angel-gallardo\/\" \/>\n<meta property=\"og:locale\" content=\"es_ES\" \/>\n<meta property=\"og:type\" content=\"article\" \/>\n<meta property=\"og:title\" content=\"Las 22\u00b0 Olimp\u00edadas Agrot\u00e9cnicas fueron para una escuela de Angel Gallardo - 116 Expo Rural Rafaela 2023\" \/>\n<meta property=\"og:description\" content=\"En Ataliva y con una asistencia muy interesante de alumnos de escuelas de una amplia regi\u00f3n, con las 22\u00b0 Olimp\u00edadas Agrot\u00e9cnicas se dio comienzo a la 116\u00b0 ExpoRural de Rafaela y la Regi\u00f3n este jueves, mientras que la muestra abrir\u00e1 sus puertas del 21 al 24 de septiembre en el tradicional predio ferial. La actividad [&hellip;]\" \/>\n<meta property=\"og:url\" content=\"https:\/\/ruralrafaela.com.ar\/exporural2023\/2023\/09\/15\/las-22-olimpiadas-agrotecnicas-fueron-para-una-escuela-de-angel-gallardo\/\" \/>\n<meta property=\"og:site_name\" content=\"116 Expo Rural Rafaela 2023\" \/>\n<meta property=\"article:published_time\" content=\"2023-09-15T03:38:43+00:00\" \/>\n<meta property=\"og:image\" content=\"https:\/\/ruralrafaela.com.ar\/exporural2023\/wp-content\/uploads\/sites\/21\/2023\/09\/Imagen-de-WhatsApp-2023-09-15-a-las-00.37.18.jpg\" \/>\n\t<meta property=\"og:image:width\" content=\"1600\" \/>\n\t<meta property=\"og:image:height\" content=\"720\" \/>\n\t<meta property=\"og:image:type\" content=\"image\/jpeg\" \/>\n<meta name=\"author\" content=\"c1970093\" \/>\n<meta name=\"twitter:card\" content=\"summary_large_image\" \/>\n<meta name=\"twitter:label1\" content=\"Escrito por\" \/>\n\t<meta name=\"twitter:data1\" content=\"c1970093\" \/>\n\t<meta name=\"twitter:label2\" content=\"Tiempo de lectura\" \/>\n\t<meta name=\"twitter:data2\" content=\"4 minutos\" \/>\n<script type=\"application\/ld+json\" class=\"yoast-schema-graph\">{\"@context\":\"https:\\\/\\\/schema.org\",\"@graph\":[{\"@type\":\"Article\",\"@id\":\"https:\\\/\\\/ruralrafaela.com.ar\\\/exporural2023\\\/2023\\\/09\\\/15\\\/las-22-olimpiadas-agrotecnicas-fueron-para-una-escuela-de-angel-gallardo\\\/#article\",\"isPartOf\":{\"@id\":\"https:\\\/\\\/ruralrafaela.com.ar\\\/exporural2023\\\/2023\\\/09\\\/15\\\/las-22-olimpiadas-agrotecnicas-fueron-para-una-escuela-de-angel-gallardo\\\/\"},\"author\":{\"name\":\"c1970093\",\"@id\":\"https:\\\/\\\/ruralrafaela.com.ar\\\/exporural2023\\\/#\\\/schema\\\/person\\\/b944097647cc828e58952e18b2cc493c\"},\"headline\":\"Las 22\u00b0 Olimp\u00edadas Agrot\u00e9cnicas fueron para una escuela de Angel Gallardo\",\"datePublished\":\"2023-09-15T03:38:43+00:00\",\"mainEntityOfPage\":{\"@id\":\"https:\\\/\\\/ruralrafaela.com.ar\\\/exporural2023\\\/2023\\\/09\\\/15\\\/las-22-olimpiadas-agrotecnicas-fueron-para-una-escuela-de-angel-gallardo\\\/\"},\"wordCount\":793,\"publisher\":{\"@id\":\"https:\\\/\\\/ruralrafaela.com.ar\\\/exporural2023\\\/#organization\"},\"image\":{\"@id\":\"https:\\\/\\\/ruralrafaela.com.ar\\\/exporural2023\\\/2023\\\/09\\\/15\\\/las-22-olimpiadas-agrotecnicas-fueron-para-una-escuela-de-angel-gallardo\\\/#primaryimage\"},\"thumbnailUrl\":\"https:\\\/\\\/ruralrafaela.com.ar\\\/exporural2023\\\/wp-content\\\/uploads\\\/sites\\\/21\\\/2023\\\/09\\\/Imagen-de-WhatsApp-2023-09-15-a-las-00.37.18.jpg\",\"articleSection\":[\"Expo Rural 2023\"],\"inLanguage\":\"es\"},{\"@type\":\"WebPage\",\"@id\":\"https:\\\/\\\/ruralrafaela.com.ar\\\/exporural2023\\\/2023\\\/09\\\/15\\\/las-22-olimpiadas-agrotecnicas-fueron-para-una-escuela-de-angel-gallardo\\\/\",\"url\":\"https:\\\/\\\/ruralrafaela.com.ar\\\/exporural2023\\\/2023\\\/09\\\/15\\\/las-22-olimpiadas-agrotecnicas-fueron-para-una-escuela-de-angel-gallardo\\\/\",\"name\":\"Las 22\u00b0 Olimp\u00edadas Agrot\u00e9cnicas fueron para una escuela de Angel Gallardo - 116 Expo Rural Rafaela 2023\",\"isPartOf\":{\"@id\":\"https:\\\/\\\/ruralrafaela.com.ar\\\/exporural2023\\\/#website\"},\"primaryImageOfPage\":{\"@id\":\"https:\\\/\\\/ruralrafaela.com.ar\\\/exporural2023\\\/2023\\\/09\\\/15\\\/las-22-olimpiadas-agrotecnicas-fueron-para-una-escuela-de-angel-gallardo\\\/#primaryimage\"},\"image\":{\"@id\":\"https:\\\/\\\/ruralrafaela.com.ar\\\/exporural2023\\\/2023\\\/09\\\/15\\\/las-22-olimpiadas-agrotecnicas-fueron-para-una-escuela-de-angel-gallardo\\\/#primaryimage\"},\"thumbnailUrl\":\"https:\\\/\\\/ruralrafaela.com.ar\\\/exporural2023\\\/wp-content\\\/uploads\\\/sites\\\/21\\\/2023\\\/09\\\/Imagen-de-WhatsApp-2023-09-15-a-las-00.37.18.jpg\",\"datePublished\":\"2023-09-15T03:38:43+00:00\",\"breadcrumb\":{\"@id\":\"https:\\\/\\\/ruralrafaela.com.ar\\\/exporural2023\\\/2023\\\/09\\\/15\\\/las-22-olimpiadas-agrotecnicas-fueron-para-una-escuela-de-angel-gallardo\\\/#breadcrumb\"},\"inLanguage\":\"es\",\"potentialAction\":[{\"@type\":\"ReadAction\",\"target\":[\"https:\\\/\\\/ruralrafaela.com.ar\\\/exporural2023\\\/2023\\\/09\\\/15\\\/las-22-olimpiadas-agrotecnicas-fueron-para-una-escuela-de-angel-gallardo\\\/\"]}]},{\"@type\":\"ImageObject\",\"inLanguage\":\"es\",\"@id\":\"https:\\\/\\\/ruralrafaela.com.ar\\\/exporural2023\\\/2023\\\/09\\\/15\\\/las-22-olimpiadas-agrotecnicas-fueron-para-una-escuela-de-angel-gallardo\\\/#primaryimage\",\"url\":\"https:\\\/\\\/ruralrafaela.com.ar\\\/exporural2023\\\/wp-content\\\/uploads\\\/sites\\\/21\\\/2023\\\/09\\\/Imagen-de-WhatsApp-2023-09-15-a-las-00.37.18.jpg\",\"contentUrl\":\"https:\\\/\\\/ruralrafaela.com.ar\\\/exporural2023\\\/wp-content\\\/uploads\\\/sites\\\/21\\\/2023\\\/09\\\/Imagen-de-WhatsApp-2023-09-15-a-las-00.37.18.jpg\",\"width\":1600,\"height\":720},{\"@type\":\"BreadcrumbList\",\"@id\":\"https:\\\/\\\/ruralrafaela.com.ar\\\/exporural2023\\\/2023\\\/09\\\/15\\\/las-22-olimpiadas-agrotecnicas-fueron-para-una-escuela-de-angel-gallardo\\\/#breadcrumb\",\"itemListElement\":[{\"@type\":\"ListItem\",\"position\":1,\"name\":\"Portada\",\"item\":\"https:\\\/\\\/ruralrafaela.com.ar\\\/exporural2023\\\/\"},{\"@type\":\"ListItem\",\"position\":2,\"name\":\"Las 22\u00b0 Olimp\u00edadas Agrot\u00e9cnicas fueron para una escuela de Angel Gallardo\"}]},{\"@type\":\"WebSite\",\"@id\":\"https:\\\/\\\/ruralrafaela.com.ar\\\/exporural2023\\\/#website\",\"url\":\"https:\\\/\\\/ruralrafaela.com.ar\\\/exporural2023\\\/\",\"name\":\"116 Expo Rural Rafaela 2023\",\"description\":\"Sitio oficial de la Expo Rural Rafaela\",\"publisher\":{\"@id\":\"https:\\\/\\\/ruralrafaela.com.ar\\\/exporural2023\\\/#organization\"},\"potentialAction\":[{\"@type\":\"SearchAction\",\"target\":{\"@type\":\"EntryPoint\",\"urlTemplate\":\"https:\\\/\\\/ruralrafaela.com.ar\\\/exporural2023\\\/?s={search_term_string}\"},\"query-input\":{\"@type\":\"PropertyValueSpecification\",\"valueRequired\":true,\"valueName\":\"search_term_string\"}}],\"inLanguage\":\"es\"},{\"@type\":\"Organization\",\"@id\":\"https:\\\/\\\/ruralrafaela.com.ar\\\/exporural2023\\\/#organization\",\"name\":\"116 Expo Rural Rafaela 2023\",\"url\":\"https:\\\/\\\/ruralrafaela.com.ar\\\/exporural2023\\\/\",\"logo\":{\"@type\":\"ImageObject\",\"inLanguage\":\"es\",\"@id\":\"https:\\\/\\\/ruralrafaela.com.ar\\\/exporural2023\\\/#\\\/schema\\\/logo\\\/image\\\/\",\"url\":\"https:\\\/\\\/ruralrafaela.com.ar\\\/exporural2023\\\/wp-content\\\/uploads\\\/sites\\\/21\\\/2023\\\/08\\\/cropped-logoH.jpg\",\"contentUrl\":\"https:\\\/\\\/ruralrafaela.com.ar\\\/exporural2023\\\/wp-content\\\/uploads\\\/sites\\\/21\\\/2023\\\/08\\\/cropped-logoH.jpg\",\"width\":250,\"height\":57,\"caption\":\"116 Expo Rural Rafaela 2023 \"},\"image\":{\"@id\":\"https:\\\/\\\/ruralrafaela.com.ar\\\/exporural2023\\\/#\\\/schema\\\/logo\\\/image\\\/\"}},{\"@type\":\"Person\",\"@id\":\"https:\\\/\\\/ruralrafaela.com.ar\\\/exporural2023\\\/#\\\/schema\\\/person\\\/b944097647cc828e58952e18b2cc493c\",\"name\":\"c1970093\",\"image\":{\"@type\":\"ImageObject\",\"inLanguage\":\"es\",\"@id\":\"https:\\\/\\\/secure.gravatar.com\\\/avatar\\\/45cdd73f3ef44c305e0057b84921f5c4dc0bf41c5999db82505293a43118ff3e?s=96&d=mm&r=g\",\"url\":\"https:\\\/\\\/secure.gravatar.com\\\/avatar\\\/45cdd73f3ef44c305e0057b84921f5c4dc0bf41c5999db82505293a43118ff3e?s=96&d=mm&r=g\",\"contentUrl\":\"https:\\\/\\\/secure.gravatar.com\\\/avatar\\\/45cdd73f3ef44c305e0057b84921f5c4dc0bf41c5999db82505293a43118ff3e?s=96&d=mm&r=g\",\"caption\":\"c1970093\"},\"url\":\"https:\\\/\\\/ruralrafaela.com.ar\\\/exporural2023\\\/author\\\/c1970093\\\/\"}]}<\/script>\n<!-- \/ Yoast SEO plugin. -->","yoast_head_json":{"title":"Las 22\u00b0 Olimp\u00edadas Agrot\u00e9cnicas fueron para una escuela de Angel Gallardo - 116 Expo Rural Rafaela 2023","robots":{"index":"index","follow":"follow","max-snippet":"max-snippet:-1","max-image-preview":"max-image-preview:large","max-video-preview":"max-video-preview:-1"},"canonical":"https:\/\/ruralrafaela.com.ar\/exporural2023\/2023\/09\/15\/las-22-olimpiadas-agrotecnicas-fueron-para-una-escuela-de-angel-gallardo\/","og_locale":"es_ES","og_type":"article","og_title":"Las 22\u00b0 Olimp\u00edadas Agrot\u00e9cnicas fueron para una escuela de Angel Gallardo - 116 Expo Rural Rafaela 2023","og_description":"En Ataliva y con una asistencia muy interesante de alumnos de escuelas de una amplia regi\u00f3n, con las 22\u00b0 Olimp\u00edadas Agrot\u00e9cnicas se dio comienzo a la 116\u00b0 ExpoRural de Rafaela y la Regi\u00f3n este jueves, mientras que la muestra abrir\u00e1 sus puertas del 21 al 24 de septiembre en el tradicional predio ferial. La actividad [&hellip;]","og_url":"https:\/\/ruralrafaela.com.ar\/exporural2023\/2023\/09\/15\/las-22-olimpiadas-agrotecnicas-fueron-para-una-escuela-de-angel-gallardo\/","og_site_name":"116 Expo Rural Rafaela 2023","article_published_time":"2023-09-15T03:38:43+00:00","og_image":[{"width":1600,"height":720,"url":"https:\/\/ruralrafaela.com.ar\/exporural2023\/wp-content\/uploads\/sites\/21\/2023\/09\/Imagen-de-WhatsApp-2023-09-15-a-las-00.37.18.jpg","type":"image\/jpeg"}],"author":"c1970093","twitter_card":"summary_large_image","twitter_misc":{"Escrito por":"c1970093","Tiempo de lectura":"4 minutos"},"schema":{"@context":"https:\/\/schema.org","@graph":[{"@type":"Article","@id":"https:\/\/ruralrafaela.com.ar\/exporural2023\/2023\/09\/15\/las-22-olimpiadas-agrotecnicas-fueron-para-una-escuela-de-angel-gallardo\/#article","isPartOf":{"@id":"https:\/\/ruralrafaela.com.ar\/exporural2023\/2023\/09\/15\/las-22-olimpiadas-agrotecnicas-fueron-para-una-escuela-de-angel-gallardo\/"},"author":{"name":"c1970093","@id":"https:\/\/ruralrafaela.com.ar\/exporural2023\/#\/schema\/person\/b944097647cc828e58952e18b2cc493c"},"headline":"Las 22\u00b0 Olimp\u00edadas Agrot\u00e9cnicas fueron para una escuela de Angel Gallardo","datePublished":"2023-09-15T03:38:43+00:00","mainEntityOfPage":{"@id":"https:\/\/ruralrafaela.com.ar\/exporural2023\/2023\/09\/15\/las-22-olimpiadas-agrotecnicas-fueron-para-una-escuela-de-angel-gallardo\/"},"wordCount":793,"publisher":{"@id":"https:\/\/ruralrafaela.com.ar\/exporural2023\/#organization"},"image":{"@id":"https:\/\/ruralrafaela.com.ar\/exporural2023\/2023\/09\/15\/las-22-olimpiadas-agrotecnicas-fueron-para-una-escuela-de-angel-gallardo\/#primaryimage"},"thumbnailUrl":"https:\/\/ruralrafaela.com.ar\/exporural2023\/wp-content\/uploads\/sites\/21\/2023\/09\/Imagen-de-WhatsApp-2023-09-15-a-las-00.37.18.jpg","articleSection":["Expo Rural 2023"],"inLanguage":"es"},{"@type":"WebPage","@id":"https:\/\/ruralrafaela.com.ar\/exporural2023\/2023\/09\/15\/las-22-olimpiadas-agrotecnicas-fueron-para-una-escuela-de-angel-gallardo\/","url":"https:\/\/ruralrafaela.com.ar\/exporural2023\/2023\/09\/15\/las-22-olimpiadas-agrotecnicas-fueron-para-una-escuela-de-angel-gallardo\/","name":"Las 22\u00b0 Olimp\u00edadas Agrot\u00e9cnicas fueron para una escuela de Angel Gallardo - 116 Expo Rural Rafaela 2023","isPartOf":{"@id":"https:\/\/ruralrafaela.com.ar\/exporural2023\/#website"},"primaryImageOfPage":{"@id":"https:\/\/ruralrafaela.com.ar\/exporural2023\/2023\/09\/15\/las-22-olimpiadas-agrotecnicas-fueron-para-una-escuela-de-angel-gallardo\/#primaryimage"},"image":{"@id":"https:\/\/ruralrafaela.com.ar\/exporural2023\/2023\/09\/15\/las-22-olimpiadas-agrotecnicas-fueron-para-una-escuela-de-angel-gallardo\/#primaryimage"},"thumbnailUrl":"https:\/\/ruralrafaela.com.ar\/exporural2023\/wp-content\/uploads\/sites\/21\/2023\/09\/Imagen-de-WhatsApp-2023-09-15-a-las-00.37.18.jpg","datePublished":"2023-09-15T03:38:43+00:00","breadcrumb":{"@id":"https:\/\/ruralrafaela.com.ar\/exporural2023\/2023\/09\/15\/las-22-olimpiadas-agrotecnicas-fueron-para-una-escuela-de-angel-gallardo\/#breadcrumb"},"inLanguage":"es","potentialAction":[{"@type":"ReadAction","target":["https:\/\/ruralrafaela.com.ar\/exporural2023\/2023\/09\/15\/las-22-olimpiadas-agrotecnicas-fueron-para-una-escuela-de-angel-gallardo\/"]}]},{"@type":"ImageObject","inLanguage":"es","@id":"https:\/\/ruralrafaela.com.ar\/exporural2023\/2023\/09\/15\/las-22-olimpiadas-agrotecnicas-fueron-para-una-escuela-de-angel-gallardo\/#primaryimage","url":"https:\/\/ruralrafaela.com.ar\/exporural2023\/wp-content\/uploads\/sites\/21\/2023\/09\/Imagen-de-WhatsApp-2023-09-15-a-las-00.37.18.jpg","contentUrl":"https:\/\/ruralrafaela.com.ar\/exporural2023\/wp-content\/uploads\/sites\/21\/2023\/09\/Imagen-de-WhatsApp-2023-09-15-a-las-00.37.18.jpg","width":1600,"height":720},{"@type":"BreadcrumbList","@id":"https:\/\/ruralrafaela.com.ar\/exporural2023\/2023\/09\/15\/las-22-olimpiadas-agrotecnicas-fueron-para-una-escuela-de-angel-gallardo\/#breadcrumb","itemListElement":[{"@type":"ListItem","position":1,"name":"Portada","item":"https:\/\/ruralrafaela.com.ar\/exporural2023\/"},{"@type":"ListItem","position":2,"name":"Las 22\u00b0 Olimp\u00edadas Agrot\u00e9cnicas fueron para una escuela de Angel Gallardo"}]},{"@type":"WebSite","@id":"https:\/\/ruralrafaela.com.ar\/exporural2023\/#website","url":"https:\/\/ruralrafaela.com.ar\/exporural2023\/","name":"116 Expo Rural Rafaela 2023","description":"Sitio oficial de la Expo Rural Rafaela","publisher":{"@id":"https:\/\/ruralrafaela.com.ar\/exporural2023\/#organization"},"potentialAction":[{"@type":"SearchAction","target":{"@type":"EntryPoint","urlTemplate":"https:\/\/ruralrafaela.com.ar\/exporural2023\/?s={search_term_string}"},"query-input":{"@type":"PropertyValueSpecification","valueRequired":true,"valueName":"search_term_string"}}],"inLanguage":"es"},{"@type":"Organization","@id":"https:\/\/ruralrafaela.com.ar\/exporural2023\/#organization","name":"116 Expo Rural Rafaela 2023","url":"https:\/\/ruralrafaela.com.ar\/exporural2023\/","logo":{"@type":"ImageObject","inLanguage":"es","@id":"https:\/\/ruralrafaela.com.ar\/exporural2023\/#\/schema\/logo\/image\/","url":"https:\/\/ruralrafaela.com.ar\/exporural2023\/wp-content\/uploads\/sites\/21\/2023\/08\/cropped-logoH.jpg","contentUrl":"https:\/\/ruralrafaela.com.ar\/exporural2023\/wp-content\/uploads\/sites\/21\/2023\/08\/cropped-logoH.jpg","width":250,"height":57,"caption":"116 Expo Rural Rafaela 2023 "},"image":{"@id":"https:\/\/ruralrafaela.com.ar\/exporural2023\/#\/schema\/logo\/image\/"}},{"@type":"Person","@id":"https:\/\/ruralrafaela.com.ar\/exporural2023\/#\/schema\/person\/b944097647cc828e58952e18b2cc493c","name":"c1970093","image":{"@type":"ImageObject","inLanguage":"es","@id":"https:\/\/secure.gravatar.com\/avatar\/45cdd73f3ef44c305e0057b84921f5c4dc0bf41c5999db82505293a43118ff3e?s=96&d=mm&r=g","url":"https:\/\/secure.gravatar.com\/avatar\/45cdd73f3ef44c305e0057b84921f5c4dc0bf41c5999db82505293a43118ff3e?s=96&d=mm&r=g","contentUrl":"https:\/\/secure.gravatar.com\/avatar\/45cdd73f3ef44c305e0057b84921f5c4dc0bf41c5999db82505293a43118ff3e?s=96&d=mm&r=g","caption":"c1970093"},"url":"https:\/\/ruralrafaela.com.ar\/exporural2023\/author\/c1970093\/"}]}},"_links":{"self":[{"href":"https:\/\/ruralrafaela.com.ar\/exporural2023\/wp-json\/wp\/v2\/posts\/6440","targetHints":{"allow":["GET"]}}],"collection":[{"href":"https:\/\/ruralrafaela.com.ar\/exporural2023\/wp-json\/wp\/v2\/posts"}],"about":[{"href":"https:\/\/ruralrafaela.com.ar\/exporural2023\/wp-json\/wp\/v2\/types\/post"}],"author":[{"embeddable":true,"href":"https:\/\/ruralrafaela.com.ar\/exporural2023\/wp-json\/wp\/v2\/users\/2"}],"replies":[{"embeddable":true,"href":"https:\/\/ruralrafaela.com.ar\/exporural2023\/wp-json\/wp\/v2\/comments?post=6440"}],"version-history":[{"count":1,"href":"https:\/\/ruralrafaela.com.ar\/exporural2023\/wp-json\/wp\/v2\/posts\/6440\/revisions"}],"predecessor-version":[{"id":6442,"href":"https:\/\/ruralrafaela.com.ar\/exporural2023\/wp-json\/wp\/v2\/posts\/6440\/revisions\/6442"}],"wp:featuredmedia":[{"embeddable":true,"href":"https:\/\/ruralrafaela.com.ar\/exporural2023\/wp-json\/wp\/v2\/media\/6441"}],"wp:attachment":[{"href":"https:\/\/ruralrafaela.com.ar\/exporural2023\/wp-json\/wp\/v2\/media?parent=6440"}],"wp:term":[{"taxonomy":"category","embeddable":true,"href":"https:\/\/ruralrafaela.com.ar\/exporural2023\/wp-json\/wp\/v2\/categories?post=6440"},{"taxonomy":"post_tag","embeddable":true,"href":"https:\/\/ruralrafaela.com.ar\/exporural2023\/wp-json\/wp\/v2\/tags?post=6440"}],"curies":[{"name":"wp","href":"https:\/\/api.w.org\/{rel}","templated":true}]}}