{"id":6367,"date":"2023-09-08T02:28:24","date_gmt":"2023-09-08T02:28:24","guid":{"rendered":"https:\/\/ruralrafaela.com.ar\/exporural2023\/?p=6367"},"modified":"2023-09-08T02:28:25","modified_gmt":"2023-09-08T02:28:25","slug":"todo-listo-para-las-22-olimpiadas-agrotecnicas-de-la-exporural","status":"publish","type":"post","link":"https:\/\/ruralrafaela.com.ar\/exporural2023\/2023\/09\/08\/todo-listo-para-las-22-olimpiadas-agrotecnicas-de-la-exporural\/","title":{"rendered":"Todo listo para las 22\u00b0 Olimp\u00edadas Agrot\u00e9cnicas de la ExpoRural"},"content":{"rendered":"\n<p><\/p>\n\n\n\n<p>Este a\u00f1o la 116\u00b0 ExpoRural de Rafaela y la Regi\u00f3n se realizar\u00e1 del 21 al 24 de septiembre en el tradicional predio ferial de la Sociedad Rural de Rafaela. Coincidiendo la fecha con el d\u00eda del estudiante es que se defini\u00f3 para la vig\u00e9sima segunda edici\u00f3n de las Olimp\u00edadas Agrot\u00e9cnicas una agenda especial.<\/p>\n\n\n\n<p>Coordinadas por la Escuela de Educacion T\u00e9cnico Profesional Particular Incorporada Nro. 2010, conocida como IDESA (Instituto de Ense\u00f1anza Secundaria Agrot\u00e9cnica), junto al Grupo de Ayuda a Mujeres Agropecuarias de la entidad este pr\u00f3ximo jueves 14 de septiembre tendr\u00e1n lugar en Ataliva, por primera vez desde su inicio.<\/p>\n\n\n\n<p>Todas las escuelas participantes ya cumplimentaron los requisitos para formar parte de una jornada que no s\u00f3lo servir\u00e1 de encuentro para los futuros profesionales de las ciencias que desarrollan al campo, sino que les permitir\u00e1 a los alumnos tomar contacto de una manera diferente con la formaci\u00f3n y con los criterios de evaluaci\u00f3n de sus conocimientos.<\/p>\n\n\n\n<p>La jornada comenzar\u00e1 a las 8:30 el pr\u00f3ximo jueves, siendo la primera actividad una conexi\u00f3n internacional con el ingeniero agr\u00f3nomo Carlos Cuadrado, que hablar\u00e1 sobre \u201c\u00bfC\u00f3mo es producir leche en Nueva Zelandia?\u201d.<\/p>\n\n\n\n<p>La competencia comenzar\u00e1 luego con la fase te\u00f3rica que ser\u00e1 digital y la pr\u00e1ctica que tendr\u00e1 un recorrido especial por diferentes estaciones dentro de la escuela. Luego del almuerzo, las escuelas se trasladar\u00e1n a tres unidades productivas de la localidad, para ver de cerca diferentes maneras de hacer la lecher\u00eda en la principal cuenca de Sudam\u00e9rica. Visitar\u00e1n el Establecimiento Santa Mar\u00eda que cuenta con orde\u00f1o robotizado, los tambos de la Caba\u00f1a La Luisa de la familia Miretti; y finalmente el tambo de IDESA.<\/p>\n\n\n\n<p>El cierre de las actividades estar\u00e1 dado por la comunicaci\u00f3n de los resultados finales y la entrega de premios.<\/p>\n\n\n\n<p>Formar\u00e1n parte de esta edici\u00f3n las siguientes instituciones. Escuela de Agricultura, Ganader\u00eda y granja de Esperanza UNL- Santa Fe; Escuela de Educaci\u00f3n T\u00e9cnico Profesional n\u00b0301 Mariano Moreno Landeta- Santa Fe; Escuela de Educaci\u00f3n T\u00e9cnico Profesional n\u00b0 2050 Monse\u00f1or Zaspe Emilia \u2013 Santa Fe; Escuela secundaria Orientada n\u00b02047 Los Colonizadores Santo Domingo- Santa Fe; Escuela de Educaci\u00f3n T\u00e9cnico Profesional n\u00b0690 Lucia Araoz de \u00c1ngel Gallardo- Santa Fe; Instituto Agro t\u00e9cnico Salesiano Nuestra se\u00f1ora del Rosario- Colonia Vignaud- C\u00f3rdoba; Escuela de educaci\u00f3n T\u00e9cnico Profesional N\u00b0 8248 EFA Totoras- Santa Fe; y Escuela de Educaci\u00f3n T\u00e9cnico Profesional n\u00b0339 Lanceros del Sauce San Crist\u00f3bal-&nbsp;Santa&nbsp;Fe.<\/p>\n","protected":false},"excerpt":{"rendered":"<p>Este a\u00f1o la 116\u00b0 ExpoRural de Rafaela y la Regi\u00f3n se realizar\u00e1 del 21 al 24 de septiembre en el tradicional predio ferial de la Sociedad Rural de Rafaela. Coincidiendo la fecha con el d\u00eda del estudiante es que se defini\u00f3 para la vig\u00e9sima segunda edici\u00f3n de las Olimp\u00edadas Agrot\u00e9cnicas una agenda especial. Coordinadas por [&hellip;]<\/p>\n","protected":false},"author":2,"featured_media":6368,"comment_status":"closed","ping_status":"open","sticky":false,"template":"","format":"standard","meta":{"ocean_post_layout":"","ocean_both_sidebars_style":"","ocean_both_sidebars_content_width":0,"ocean_both_sidebars_sidebars_width":0,"ocean_sidebar":"0","ocean_second_sidebar":"0","ocean_disable_margins":"enable","ocean_add_body_class":"","ocean_shortcode_before_top_bar":"","ocean_shortcode_after_top_bar":"","ocean_shortcode_before_header":"","ocean_shortcode_after_header":"","ocean_has_shortcode":"","ocean_shortcode_after_title":"","ocean_shortcode_before_footer_widgets":"","ocean_shortcode_after_footer_widgets":"","ocean_shortcode_before_footer_bottom":"","ocean_shortcode_after_footer_bottom":"","ocean_display_top_bar":"default","ocean_display_header":"default","ocean_header_style":"","ocean_center_header_left_menu":"0","ocean_custom_header_template":"0","ocean_custom_logo":0,"ocean_custom_retina_logo":0,"ocean_custom_logo_max_width":0,"ocean_custom_logo_tablet_max_width":0,"ocean_custom_logo_mobile_max_width":0,"ocean_custom_logo_max_height":0,"ocean_custom_logo_tablet_max_height":0,"ocean_custom_logo_mobile_max_height":0,"ocean_header_custom_menu":"0","ocean_menu_typo_font_family":"0","ocean_menu_typo_font_subset":"","ocean_menu_typo_font_size":0,"ocean_menu_typo_font_size_tablet":0,"ocean_menu_typo_font_size_mobile":0,"ocean_menu_typo_font_size_unit":"px","ocean_menu_typo_font_weight":"","ocean_menu_typo_font_weight_tablet":"","ocean_menu_typo_font_weight_mobile":"","ocean_menu_typo_transform":"","ocean_menu_typo_transform_tablet":"","ocean_menu_typo_transform_mobile":"","ocean_menu_typo_line_height":0,"ocean_menu_typo_line_height_tablet":0,"ocean_menu_typo_line_height_mobile":0,"ocean_menu_typo_line_height_unit":"","ocean_menu_typo_spacing":0,"ocean_menu_typo_spacing_tablet":0,"ocean_menu_typo_spacing_mobile":0,"ocean_menu_typo_spacing_unit":"","ocean_menu_link_color":"","ocean_menu_link_color_hover":"","ocean_menu_link_color_active":"","ocean_menu_link_background":"","ocean_menu_link_hover_background":"","ocean_menu_link_active_background":"","ocean_menu_social_links_bg":"","ocean_menu_social_hover_links_bg":"","ocean_menu_social_links_color":"","ocean_menu_social_hover_links_color":"","ocean_disable_title":"default","ocean_disable_heading":"default","ocean_post_title":"","ocean_post_subheading":"","ocean_post_title_style":"","ocean_post_title_background_color":"","ocean_post_title_background":0,"ocean_post_title_bg_image_position":"","ocean_post_title_bg_image_attachment":"","ocean_post_title_bg_image_repeat":"","ocean_post_title_bg_image_size":"","ocean_post_title_height":0,"ocean_post_title_bg_overlay":0.5,"ocean_post_title_bg_overlay_color":"","ocean_disable_breadcrumbs":"default","ocean_breadcrumbs_color":"","ocean_breadcrumbs_separator_color":"","ocean_breadcrumbs_links_color":"","ocean_breadcrumbs_links_hover_color":"","ocean_display_footer_widgets":"default","ocean_display_footer_bottom":"default","ocean_custom_footer_template":"0","_joinchat":[],"ocean_post_oembed":"","ocean_post_self_hosted_media":"","ocean_post_video_embed":"","ocean_link_format":"","ocean_link_format_target":"self","ocean_quote_format":"","ocean_quote_format_link":"post","ocean_gallery_link_images":"off","ocean_gallery_id":[],"footnotes":""},"categories":[1],"tags":[],"class_list":["post-6367","post","type-post","status-publish","format-standard","has-post-thumbnail","hentry","category-sin-categoria","entry","has-media"],"yoast_head":"<!-- This site is optimized with the Yoast SEO plugin v27.5 - https:\/\/yoast.com\/product\/yoast-seo-wordpress\/ -->\n<title>Todo listo para las 22\u00b0 Olimp\u00edadas Agrot\u00e9cnicas de la ExpoRural - 116 Expo Rural Rafaela 2023<\/title>\n<meta name=\"robots\" content=\"index, follow, max-snippet:-1, max-image-preview:large, max-video-preview:-1\" \/>\n<link rel=\"canonical\" href=\"https:\/\/ruralrafaela.com.ar\/exporural2023\/2023\/09\/08\/todo-listo-para-las-22-olimpiadas-agrotecnicas-de-la-exporural\/\" \/>\n<meta property=\"og:locale\" content=\"es_ES\" \/>\n<meta property=\"og:type\" content=\"article\" \/>\n<meta property=\"og:title\" content=\"Todo listo para las 22\u00b0 Olimp\u00edadas Agrot\u00e9cnicas de la ExpoRural - 116 Expo Rural Rafaela 2023\" \/>\n<meta property=\"og:description\" content=\"Este a\u00f1o la 116\u00b0 ExpoRural de Rafaela y la Regi\u00f3n se realizar\u00e1 del 21 al 24 de septiembre en el tradicional predio ferial de la Sociedad Rural de Rafaela. Coincidiendo la fecha con el d\u00eda del estudiante es que se defini\u00f3 para la vig\u00e9sima segunda edici\u00f3n de las Olimp\u00edadas Agrot\u00e9cnicas una agenda especial. Coordinadas por [&hellip;]\" \/>\n<meta property=\"og:url\" content=\"https:\/\/ruralrafaela.com.ar\/exporural2023\/2023\/09\/08\/todo-listo-para-las-22-olimpiadas-agrotecnicas-de-la-exporural\/\" \/>\n<meta property=\"og:site_name\" content=\"116 Expo Rural Rafaela 2023\" \/>\n<meta property=\"article:published_time\" content=\"2023-09-08T02:28:24+00:00\" \/>\n<meta property=\"article:modified_time\" content=\"2023-09-08T02:28:25+00:00\" \/>\n<meta property=\"og:image\" content=\"https:\/\/ruralrafaela.com.ar\/exporural2023\/wp-content\/uploads\/sites\/21\/2023\/09\/Imagen-de-WhatsApp-2023-09-06-a-las-19.05.26.jpg\" \/>\n\t<meta property=\"og:image:width\" content=\"1080\" \/>\n\t<meta property=\"og:image:height\" content=\"1080\" \/>\n\t<meta property=\"og:image:type\" content=\"image\/jpeg\" \/>\n<meta name=\"author\" content=\"c1970093\" \/>\n<meta name=\"twitter:card\" content=\"summary_large_image\" \/>\n<meta name=\"twitter:label1\" content=\"Escrito por\" \/>\n\t<meta name=\"twitter:data1\" content=\"c1970093\" \/>\n\t<meta name=\"twitter:label2\" content=\"Tiempo de lectura\" \/>\n\t<meta name=\"twitter:data2\" content=\"2 minutos\" \/>\n<script type=\"application\/ld+json\" class=\"yoast-schema-graph\">{\"@context\":\"https:\\\/\\\/schema.org\",\"@graph\":[{\"@type\":\"Article\",\"@id\":\"https:\\\/\\\/ruralrafaela.com.ar\\\/exporural2023\\\/2023\\\/09\\\/08\\\/todo-listo-para-las-22-olimpiadas-agrotecnicas-de-la-exporural\\\/#article\",\"isPartOf\":{\"@id\":\"https:\\\/\\\/ruralrafaela.com.ar\\\/exporural2023\\\/2023\\\/09\\\/08\\\/todo-listo-para-las-22-olimpiadas-agrotecnicas-de-la-exporural\\\/\"},\"author\":{\"name\":\"c1970093\",\"@id\":\"https:\\\/\\\/ruralrafaela.com.ar\\\/exporural2023\\\/#\\\/schema\\\/person\\\/b944097647cc828e58952e18b2cc493c\"},\"headline\":\"Todo listo para las 22\u00b0 Olimp\u00edadas Agrot\u00e9cnicas de la ExpoRural\",\"datePublished\":\"2023-09-08T02:28:24+00:00\",\"dateModified\":\"2023-09-08T02:28:25+00:00\",\"mainEntityOfPage\":{\"@id\":\"https:\\\/\\\/ruralrafaela.com.ar\\\/exporural2023\\\/2023\\\/09\\\/08\\\/todo-listo-para-las-22-olimpiadas-agrotecnicas-de-la-exporural\\\/\"},\"wordCount\":443,\"publisher\":{\"@id\":\"https:\\\/\\\/ruralrafaela.com.ar\\\/exporural2023\\\/#organization\"},\"image\":{\"@id\":\"https:\\\/\\\/ruralrafaela.com.ar\\\/exporural2023\\\/2023\\\/09\\\/08\\\/todo-listo-para-las-22-olimpiadas-agrotecnicas-de-la-exporural\\\/#primaryimage\"},\"thumbnailUrl\":\"https:\\\/\\\/ruralrafaela.com.ar\\\/exporural2023\\\/wp-content\\\/uploads\\\/sites\\\/21\\\/2023\\\/09\\\/Imagen-de-WhatsApp-2023-09-06-a-las-19.05.26.jpg\",\"inLanguage\":\"es\"},{\"@type\":\"WebPage\",\"@id\":\"https:\\\/\\\/ruralrafaela.com.ar\\\/exporural2023\\\/2023\\\/09\\\/08\\\/todo-listo-para-las-22-olimpiadas-agrotecnicas-de-la-exporural\\\/\",\"url\":\"https:\\\/\\\/ruralrafaela.com.ar\\\/exporural2023\\\/2023\\\/09\\\/08\\\/todo-listo-para-las-22-olimpiadas-agrotecnicas-de-la-exporural\\\/\",\"name\":\"Todo listo para las 22\u00b0 Olimp\u00edadas Agrot\u00e9cnicas de la ExpoRural - 116 Expo Rural Rafaela 2023\",\"isPartOf\":{\"@id\":\"https:\\\/\\\/ruralrafaela.com.ar\\\/exporural2023\\\/#website\"},\"primaryImageOfPage\":{\"@id\":\"https:\\\/\\\/ruralrafaela.com.ar\\\/exporural2023\\\/2023\\\/09\\\/08\\\/todo-listo-para-las-22-olimpiadas-agrotecnicas-de-la-exporural\\\/#primaryimage\"},\"image\":{\"@id\":\"https:\\\/\\\/ruralrafaela.com.ar\\\/exporural2023\\\/2023\\\/09\\\/08\\\/todo-listo-para-las-22-olimpiadas-agrotecnicas-de-la-exporural\\\/#primaryimage\"},\"thumbnailUrl\":\"https:\\\/\\\/ruralrafaela.com.ar\\\/exporural2023\\\/wp-content\\\/uploads\\\/sites\\\/21\\\/2023\\\/09\\\/Imagen-de-WhatsApp-2023-09-06-a-las-19.05.26.jpg\",\"datePublished\":\"2023-09-08T02:28:24+00:00\",\"dateModified\":\"2023-09-08T02:28:25+00:00\",\"breadcrumb\":{\"@id\":\"https:\\\/\\\/ruralrafaela.com.ar\\\/exporural2023\\\/2023\\\/09\\\/08\\\/todo-listo-para-las-22-olimpiadas-agrotecnicas-de-la-exporural\\\/#breadcrumb\"},\"inLanguage\":\"es\",\"potentialAction\":[{\"@type\":\"ReadAction\",\"target\":[\"https:\\\/\\\/ruralrafaela.com.ar\\\/exporural2023\\\/2023\\\/09\\\/08\\\/todo-listo-para-las-22-olimpiadas-agrotecnicas-de-la-exporural\\\/\"]}]},{\"@type\":\"ImageObject\",\"inLanguage\":\"es\",\"@id\":\"https:\\\/\\\/ruralrafaela.com.ar\\\/exporural2023\\\/2023\\\/09\\\/08\\\/todo-listo-para-las-22-olimpiadas-agrotecnicas-de-la-exporural\\\/#primaryimage\",\"url\":\"https:\\\/\\\/ruralrafaela.com.ar\\\/exporural2023\\\/wp-content\\\/uploads\\\/sites\\\/21\\\/2023\\\/09\\\/Imagen-de-WhatsApp-2023-09-06-a-las-19.05.26.jpg\",\"contentUrl\":\"https:\\\/\\\/ruralrafaela.com.ar\\\/exporural2023\\\/wp-content\\\/uploads\\\/sites\\\/21\\\/2023\\\/09\\\/Imagen-de-WhatsApp-2023-09-06-a-las-19.05.26.jpg\",\"width\":1080,\"height\":1080},{\"@type\":\"BreadcrumbList\",\"@id\":\"https:\\\/\\\/ruralrafaela.com.ar\\\/exporural2023\\\/2023\\\/09\\\/08\\\/todo-listo-para-las-22-olimpiadas-agrotecnicas-de-la-exporural\\\/#breadcrumb\",\"itemListElement\":[{\"@type\":\"ListItem\",\"position\":1,\"name\":\"Portada\",\"item\":\"https:\\\/\\\/ruralrafaela.com.ar\\\/exporural2023\\\/\"},{\"@type\":\"ListItem\",\"position\":2,\"name\":\"Todo listo para las 22\u00b0 Olimp\u00edadas Agrot\u00e9cnicas de la ExpoRural\"}]},{\"@type\":\"WebSite\",\"@id\":\"https:\\\/\\\/ruralrafaela.com.ar\\\/exporural2023\\\/#website\",\"url\":\"https:\\\/\\\/ruralrafaela.com.ar\\\/exporural2023\\\/\",\"name\":\"116 Expo Rural Rafaela 2023\",\"description\":\"Sitio oficial de la Expo Rural Rafaela\",\"publisher\":{\"@id\":\"https:\\\/\\\/ruralrafaela.com.ar\\\/exporural2023\\\/#organization\"},\"potentialAction\":[{\"@type\":\"SearchAction\",\"target\":{\"@type\":\"EntryPoint\",\"urlTemplate\":\"https:\\\/\\\/ruralrafaela.com.ar\\\/exporural2023\\\/?s={search_term_string}\"},\"query-input\":{\"@type\":\"PropertyValueSpecification\",\"valueRequired\":true,\"valueName\":\"search_term_string\"}}],\"inLanguage\":\"es\"},{\"@type\":\"Organization\",\"@id\":\"https:\\\/\\\/ruralrafaela.com.ar\\\/exporural2023\\\/#organization\",\"name\":\"116 Expo Rural Rafaela 2023\",\"url\":\"https:\\\/\\\/ruralrafaela.com.ar\\\/exporural2023\\\/\",\"logo\":{\"@type\":\"ImageObject\",\"inLanguage\":\"es\",\"@id\":\"https:\\\/\\\/ruralrafaela.com.ar\\\/exporural2023\\\/#\\\/schema\\\/logo\\\/image\\\/\",\"url\":\"https:\\\/\\\/ruralrafaela.com.ar\\\/exporural2023\\\/wp-content\\\/uploads\\\/sites\\\/21\\\/2023\\\/08\\\/cropped-logoH.jpg\",\"contentUrl\":\"https:\\\/\\\/ruralrafaela.com.ar\\\/exporural2023\\\/wp-content\\\/uploads\\\/sites\\\/21\\\/2023\\\/08\\\/cropped-logoH.jpg\",\"width\":250,\"height\":57,\"caption\":\"116 Expo Rural Rafaela 2023 \"},\"image\":{\"@id\":\"https:\\\/\\\/ruralrafaela.com.ar\\\/exporural2023\\\/#\\\/schema\\\/logo\\\/image\\\/\"}},{\"@type\":\"Person\",\"@id\":\"https:\\\/\\\/ruralrafaela.com.ar\\\/exporural2023\\\/#\\\/schema\\\/person\\\/b944097647cc828e58952e18b2cc493c\",\"name\":\"c1970093\",\"image\":{\"@type\":\"ImageObject\",\"inLanguage\":\"es\",\"@id\":\"https:\\\/\\\/secure.gravatar.com\\\/avatar\\\/45cdd73f3ef44c305e0057b84921f5c4dc0bf41c5999db82505293a43118ff3e?s=96&d=mm&r=g\",\"url\":\"https:\\\/\\\/secure.gravatar.com\\\/avatar\\\/45cdd73f3ef44c305e0057b84921f5c4dc0bf41c5999db82505293a43118ff3e?s=96&d=mm&r=g\",\"contentUrl\":\"https:\\\/\\\/secure.gravatar.com\\\/avatar\\\/45cdd73f3ef44c305e0057b84921f5c4dc0bf41c5999db82505293a43118ff3e?s=96&d=mm&r=g\",\"caption\":\"c1970093\"},\"url\":\"https:\\\/\\\/ruralrafaela.com.ar\\\/exporural2023\\\/author\\\/c1970093\\\/\"}]}<\/script>\n<!-- \/ Yoast SEO plugin. -->","yoast_head_json":{"title":"Todo listo para las 22\u00b0 Olimp\u00edadas Agrot\u00e9cnicas de la ExpoRural - 116 Expo Rural Rafaela 2023","robots":{"index":"index","follow":"follow","max-snippet":"max-snippet:-1","max-image-preview":"max-image-preview:large","max-video-preview":"max-video-preview:-1"},"canonical":"https:\/\/ruralrafaela.com.ar\/exporural2023\/2023\/09\/08\/todo-listo-para-las-22-olimpiadas-agrotecnicas-de-la-exporural\/","og_locale":"es_ES","og_type":"article","og_title":"Todo listo para las 22\u00b0 Olimp\u00edadas Agrot\u00e9cnicas de la ExpoRural - 116 Expo Rural Rafaela 2023","og_description":"Este a\u00f1o la 116\u00b0 ExpoRural de Rafaela y la Regi\u00f3n se realizar\u00e1 del 21 al 24 de septiembre en el tradicional predio ferial de la Sociedad Rural de Rafaela. Coincidiendo la fecha con el d\u00eda del estudiante es que se defini\u00f3 para la vig\u00e9sima segunda edici\u00f3n de las Olimp\u00edadas Agrot\u00e9cnicas una agenda especial. Coordinadas por [&hellip;]","og_url":"https:\/\/ruralrafaela.com.ar\/exporural2023\/2023\/09\/08\/todo-listo-para-las-22-olimpiadas-agrotecnicas-de-la-exporural\/","og_site_name":"116 Expo Rural Rafaela 2023","article_published_time":"2023-09-08T02:28:24+00:00","article_modified_time":"2023-09-08T02:28:25+00:00","og_image":[{"width":1080,"height":1080,"url":"https:\/\/ruralrafaela.com.ar\/exporural2023\/wp-content\/uploads\/sites\/21\/2023\/09\/Imagen-de-WhatsApp-2023-09-06-a-las-19.05.26.jpg","type":"image\/jpeg"}],"author":"c1970093","twitter_card":"summary_large_image","twitter_misc":{"Escrito por":"c1970093","Tiempo de lectura":"2 minutos"},"schema":{"@context":"https:\/\/schema.org","@graph":[{"@type":"Article","@id":"https:\/\/ruralrafaela.com.ar\/exporural2023\/2023\/09\/08\/todo-listo-para-las-22-olimpiadas-agrotecnicas-de-la-exporural\/#article","isPartOf":{"@id":"https:\/\/ruralrafaela.com.ar\/exporural2023\/2023\/09\/08\/todo-listo-para-las-22-olimpiadas-agrotecnicas-de-la-exporural\/"},"author":{"name":"c1970093","@id":"https:\/\/ruralrafaela.com.ar\/exporural2023\/#\/schema\/person\/b944097647cc828e58952e18b2cc493c"},"headline":"Todo listo para las 22\u00b0 Olimp\u00edadas Agrot\u00e9cnicas de la ExpoRural","datePublished":"2023-09-08T02:28:24+00:00","dateModified":"2023-09-08T02:28:25+00:00","mainEntityOfPage":{"@id":"https:\/\/ruralrafaela.com.ar\/exporural2023\/2023\/09\/08\/todo-listo-para-las-22-olimpiadas-agrotecnicas-de-la-exporural\/"},"wordCount":443,"publisher":{"@id":"https:\/\/ruralrafaela.com.ar\/exporural2023\/#organization"},"image":{"@id":"https:\/\/ruralrafaela.com.ar\/exporural2023\/2023\/09\/08\/todo-listo-para-las-22-olimpiadas-agrotecnicas-de-la-exporural\/#primaryimage"},"thumbnailUrl":"https:\/\/ruralrafaela.com.ar\/exporural2023\/wp-content\/uploads\/sites\/21\/2023\/09\/Imagen-de-WhatsApp-2023-09-06-a-las-19.05.26.jpg","inLanguage":"es"},{"@type":"WebPage","@id":"https:\/\/ruralrafaela.com.ar\/exporural2023\/2023\/09\/08\/todo-listo-para-las-22-olimpiadas-agrotecnicas-de-la-exporural\/","url":"https:\/\/ruralrafaela.com.ar\/exporural2023\/2023\/09\/08\/todo-listo-para-las-22-olimpiadas-agrotecnicas-de-la-exporural\/","name":"Todo listo para las 22\u00b0 Olimp\u00edadas Agrot\u00e9cnicas de la ExpoRural - 116 Expo Rural Rafaela 2023","isPartOf":{"@id":"https:\/\/ruralrafaela.com.ar\/exporural2023\/#website"},"primaryImageOfPage":{"@id":"https:\/\/ruralrafaela.com.ar\/exporural2023\/2023\/09\/08\/todo-listo-para-las-22-olimpiadas-agrotecnicas-de-la-exporural\/#primaryimage"},"image":{"@id":"https:\/\/ruralrafaela.com.ar\/exporural2023\/2023\/09\/08\/todo-listo-para-las-22-olimpiadas-agrotecnicas-de-la-exporural\/#primaryimage"},"thumbnailUrl":"https:\/\/ruralrafaela.com.ar\/exporural2023\/wp-content\/uploads\/sites\/21\/2023\/09\/Imagen-de-WhatsApp-2023-09-06-a-las-19.05.26.jpg","datePublished":"2023-09-08T02:28:24+00:00","dateModified":"2023-09-08T02:28:25+00:00","breadcrumb":{"@id":"https:\/\/ruralrafaela.com.ar\/exporural2023\/2023\/09\/08\/todo-listo-para-las-22-olimpiadas-agrotecnicas-de-la-exporural\/#breadcrumb"},"inLanguage":"es","potentialAction":[{"@type":"ReadAction","target":["https:\/\/ruralrafaela.com.ar\/exporural2023\/2023\/09\/08\/todo-listo-para-las-22-olimpiadas-agrotecnicas-de-la-exporural\/"]}]},{"@type":"ImageObject","inLanguage":"es","@id":"https:\/\/ruralrafaela.com.ar\/exporural2023\/2023\/09\/08\/todo-listo-para-las-22-olimpiadas-agrotecnicas-de-la-exporural\/#primaryimage","url":"https:\/\/ruralrafaela.com.ar\/exporural2023\/wp-content\/uploads\/sites\/21\/2023\/09\/Imagen-de-WhatsApp-2023-09-06-a-las-19.05.26.jpg","contentUrl":"https:\/\/ruralrafaela.com.ar\/exporural2023\/wp-content\/uploads\/sites\/21\/2023\/09\/Imagen-de-WhatsApp-2023-09-06-a-las-19.05.26.jpg","width":1080,"height":1080},{"@type":"BreadcrumbList","@id":"https:\/\/ruralrafaela.com.ar\/exporural2023\/2023\/09\/08\/todo-listo-para-las-22-olimpiadas-agrotecnicas-de-la-exporural\/#breadcrumb","itemListElement":[{"@type":"ListItem","position":1,"name":"Portada","item":"https:\/\/ruralrafaela.com.ar\/exporural2023\/"},{"@type":"ListItem","position":2,"name":"Todo listo para las 22\u00b0 Olimp\u00edadas Agrot\u00e9cnicas de la ExpoRural"}]},{"@type":"WebSite","@id":"https:\/\/ruralrafaela.com.ar\/exporural2023\/#website","url":"https:\/\/ruralrafaela.com.ar\/exporural2023\/","name":"116 Expo Rural Rafaela 2023","description":"Sitio oficial de la Expo Rural Rafaela","publisher":{"@id":"https:\/\/ruralrafaela.com.ar\/exporural2023\/#organization"},"potentialAction":[{"@type":"SearchAction","target":{"@type":"EntryPoint","urlTemplate":"https:\/\/ruralrafaela.com.ar\/exporural2023\/?s={search_term_string}"},"query-input":{"@type":"PropertyValueSpecification","valueRequired":true,"valueName":"search_term_string"}}],"inLanguage":"es"},{"@type":"Organization","@id":"https:\/\/ruralrafaela.com.ar\/exporural2023\/#organization","name":"116 Expo Rural Rafaela 2023","url":"https:\/\/ruralrafaela.com.ar\/exporural2023\/","logo":{"@type":"ImageObject","inLanguage":"es","@id":"https:\/\/ruralrafaela.com.ar\/exporural2023\/#\/schema\/logo\/image\/","url":"https:\/\/ruralrafaela.com.ar\/exporural2023\/wp-content\/uploads\/sites\/21\/2023\/08\/cropped-logoH.jpg","contentUrl":"https:\/\/ruralrafaela.com.ar\/exporural2023\/wp-content\/uploads\/sites\/21\/2023\/08\/cropped-logoH.jpg","width":250,"height":57,"caption":"116 Expo Rural Rafaela 2023 "},"image":{"@id":"https:\/\/ruralrafaela.com.ar\/exporural2023\/#\/schema\/logo\/image\/"}},{"@type":"Person","@id":"https:\/\/ruralrafaela.com.ar\/exporural2023\/#\/schema\/person\/b944097647cc828e58952e18b2cc493c","name":"c1970093","image":{"@type":"ImageObject","inLanguage":"es","@id":"https:\/\/secure.gravatar.com\/avatar\/45cdd73f3ef44c305e0057b84921f5c4dc0bf41c5999db82505293a43118ff3e?s=96&d=mm&r=g","url":"https:\/\/secure.gravatar.com\/avatar\/45cdd73f3ef44c305e0057b84921f5c4dc0bf41c5999db82505293a43118ff3e?s=96&d=mm&r=g","contentUrl":"https:\/\/secure.gravatar.com\/avatar\/45cdd73f3ef44c305e0057b84921f5c4dc0bf41c5999db82505293a43118ff3e?s=96&d=mm&r=g","caption":"c1970093"},"url":"https:\/\/ruralrafaela.com.ar\/exporural2023\/author\/c1970093\/"}]}},"_links":{"self":[{"href":"https:\/\/ruralrafaela.com.ar\/exporural2023\/wp-json\/wp\/v2\/posts\/6367","targetHints":{"allow":["GET"]}}],"collection":[{"href":"https:\/\/ruralrafaela.com.ar\/exporural2023\/wp-json\/wp\/v2\/posts"}],"about":[{"href":"https:\/\/ruralrafaela.com.ar\/exporural2023\/wp-json\/wp\/v2\/types\/post"}],"author":[{"embeddable":true,"href":"https:\/\/ruralrafaela.com.ar\/exporural2023\/wp-json\/wp\/v2\/users\/2"}],"replies":[{"embeddable":true,"href":"https:\/\/ruralrafaela.com.ar\/exporural2023\/wp-json\/wp\/v2\/comments?post=6367"}],"version-history":[{"count":1,"href":"https:\/\/ruralrafaela.com.ar\/exporural2023\/wp-json\/wp\/v2\/posts\/6367\/revisions"}],"predecessor-version":[{"id":6369,"href":"https:\/\/ruralrafaela.com.ar\/exporural2023\/wp-json\/wp\/v2\/posts\/6367\/revisions\/6369"}],"wp:featuredmedia":[{"embeddable":true,"href":"https:\/\/ruralrafaela.com.ar\/exporural2023\/wp-json\/wp\/v2\/media\/6368"}],"wp:attachment":[{"href":"https:\/\/ruralrafaela.com.ar\/exporural2023\/wp-json\/wp\/v2\/media?parent=6367"}],"wp:term":[{"taxonomy":"category","embeddable":true,"href":"https:\/\/ruralrafaela.com.ar\/exporural2023\/wp-json\/wp\/v2\/categories?post=6367"},{"taxonomy":"post_tag","embeddable":true,"href":"https:\/\/ruralrafaela.com.ar\/exporural2023\/wp-json\/wp\/v2\/tags?post=6367"}],"curies":[{"name":"wp","href":"https:\/\/api.w.org\/{rel}","templated":true}]}}