{"id":6331,"date":"2023-08-30T13:33:01","date_gmt":"2023-08-30T13:33:01","guid":{"rendered":"https:\/\/ruralrafaela.com.ar\/exporural2023\/?p=6331"},"modified":"2023-08-30T13:36:45","modified_gmt":"2023-08-30T13:36:45","slug":"la-116-exporural-ya-se-percibe-en-la-sociedad-rural","status":"publish","type":"post","link":"https:\/\/ruralrafaela.com.ar\/exporural2023\/2023\/08\/30\/la-116-exporural-ya-se-percibe-en-la-sociedad-rural\/","title":{"rendered":"La 116\u00b0 ExpoRural ya se percibe en la Sociedad Rural"},"content":{"rendered":"\n<p><strong>Ser\u00e1 del 21 al 24 de septiembre en el predio ferial, con todas las actividades tradicionales, lo mejor de la raza Holando Argentino, charlas, capacitaciones y muchas actividades para los productores y las familias.<\/strong><\/p>\n\n\n\n<p>Este martes se present\u00f3 formalmente la 116\u00b0 ExpoRural de Rafaela y la Regi\u00f3n, la muestra m\u00e1s significativa del centro de la provincia de Santa Fe, que tendr\u00e1 lugar en el coraz\u00f3n de la cuenca lechera del 21 al 24 de septiembre.<\/p>\n\n\n\n<p>El encuentro entre el campo y la ciudad ser\u00e1 a la vez la 51\u00aa Exposici\u00f3n Internacional de Ganader\u00eda, Agricultura, Industria y Comercio, 102\u00ba Concurso de Vacas Lecheras, Sede de la Expo Holando y Lecher\u00eda de Santa Fe para el Mundo, incluir\u00e1 a la 6\u00aa Competencia de Vacas a Campo, al 32\u00ba Remate de Gen\u00e9tica de Jerarqu\u00eda, a las 22\u00ba Olimp\u00edadas Agrot\u00e9cnicas, a una gran exposici\u00f3n de Animales de Granja, y al 65\u00ba Concurso de Dibujo y Pintura.<\/p>\n\n\n\n<p>Como presidente de la entidad, Norma Bessone, destac\u00f3 la importancia del encuentro de entidades p\u00fablicas y privadas, que asumen los desaf\u00edos de una nueva exposici\u00f3n, de gran importancia para Rafaela y toda su regi\u00f3n de influencia.<\/p>\n\n\n\n<p>\u201cEsta ExpoRural aspira visibilizar el fuerte valor productivo, es educaci\u00f3n, es tecnolog\u00eda para visibilizar el futuro y reafirma nuestro compromiso con el ambiente. As\u00ed pensamos la Expo, as\u00ed trabajamos como entidad\u201d, explic\u00f3 la anfitriona sobre la base de los valores que fundamentan la historia y la trayectoria de la instituci\u00f3n.<\/p>\n\n\n\n<p>La titular de la Confederaci\u00f3n de Asociaciones Rurales de Santa Fe, Sara Gardiol, acompa\u00f1\u00f3 la presentaci\u00f3n, destacando que \u201cestas son \u00e9pocas de fiesta para el sector, que demuestra su potencial\u201d, sum\u00e1ndose al resto de las muestras de las instituciones que est\u00e1n en todo el territorio provincial.<\/p>\n\n\n\n<figure class=\"wp-block-image size-large\"><img fetchpriority=\"high\" decoding=\"async\" width=\"1024\" height=\"576\" src=\"https:\/\/ruralrafaela.com.ar\/exporural2023\/wp-content\/uploads\/sites\/21\/2023\/08\/IMG_20230829_194750055-1024x576.jpg\" alt=\"\" class=\"wp-image-6333\" srcset=\"https:\/\/ruralrafaela.com.ar\/exporural2023\/wp-content\/uploads\/sites\/21\/2023\/08\/IMG_20230829_194750055-1024x576.jpg 1024w, https:\/\/ruralrafaela.com.ar\/exporural2023\/wp-content\/uploads\/sites\/21\/2023\/08\/IMG_20230829_194750055-300x169.jpg 300w, https:\/\/ruralrafaela.com.ar\/exporural2023\/wp-content\/uploads\/sites\/21\/2023\/08\/IMG_20230829_194750055-768x432.jpg 768w, https:\/\/ruralrafaela.com.ar\/exporural2023\/wp-content\/uploads\/sites\/21\/2023\/08\/IMG_20230829_194750055-1536x864.jpg 1536w, https:\/\/ruralrafaela.com.ar\/exporural2023\/wp-content\/uploads\/sites\/21\/2023\/08\/IMG_20230829_194750055-2048x1153.jpg 2048w, https:\/\/ruralrafaela.com.ar\/exporural2023\/wp-content\/uploads\/sites\/21\/2023\/08\/IMG_20230829_194750055-800x450.jpg 800w\" sizes=\"(max-width: 1024px) 100vw, 1024px\" \/><\/figure>\n\n\n\n<p>A pesar de los momentos cr\u00edticos, la dirigente destac\u00f3 que es necesario el di\u00e1logo, para generar acuerdos y en definitiva acceder a la previsibilidad que la producci\u00f3n requiere.<\/p>\n\n\n\n<p>Estuvo acompa\u00f1ando la presentaci\u00f3n el intendente de la ciudad, Luis Castellano, quien destac\u00f3 el trabajo conjunto de instituciones y empresas que hacen \u201ca uno de los eventos m\u00e1s importantes de la ciudad, de la regi\u00f3n y de la provincia\u201d.<\/p>\n\n\n\n<p>\u201cEl campo es una parte vital de lo que somos nosotros, desde lo productivo y lo econ\u00f3mico, pero tambi\u00e9n desde lo cultural, en Rafaela somos el campo\u201d, expres\u00f3 aludiendo al pr\u00f3ximo debate que se dar\u00e1 en el Concejo Municipal sobre el desarrollo del oeste productivo, a partir de la inauguraci\u00f3n de la variante de la Ruta Nacional 34.<\/p>\n\n\n\n<p>Finalmente, la secretaria de Agroalimentos del Ministerio de la Producci\u00f3n de la provincia de Santa Fe, Mar\u00eda Eugenia Carrizo indic\u00f3 que \u201ces fundamental que prime el sentido com\u00fan, para que todos trabajemos de manera mancomunada y acompa\u00f1emos a este sector estrat\u00e9gico\u201d, en referencia al campo y su industria vinculada, en representaci\u00f3n del Gobierno provincial.<\/p>\n\n\n\n<p><strong>Datos clave<\/strong><\/p>\n\n\n\n<p>La exposici\u00f3n abrir\u00e1 del jueves 21, de 9 a 19 horas, mientras que del viernes 22 al domingo 24 de septiembre el horario ser\u00e1 de 9 a 21 horas, con una entrada general de $1.500, ingresando de forma gratuita los menores de 12 a\u00f1os acompa\u00f1ados de un mayor en todas las jornadas. En tanto, los jubilados ingresar\u00e1n sin costo los d\u00edas jueves y viernes, mientras que durante el fin de semana la entrada ser\u00e1 de mil pesos.<\/p>\n\n\n\n<p>Habr\u00e1 venta de anticipadas hasta el viernes 15 de septiembre, por un valor de mil pesos, que se retiran en la secretar\u00eda de la entidad, de lunes a viernes de 8 a 12 y de 14 a 18 horas.<\/p>\n\n\n\n<p>El jueves 21 a las 11:30, ser\u00e1 el acto de apertura y recorrido con las autoridades.<\/p>\n\n\n\n<p>El s\u00e1bado 23 a las 11, en el SUM se har\u00e1 el Encuentro Ecum\u00e9nico, para la reflexi\u00f3n interreligiosa sobre \u201clas juventudes\u201d.<\/p>\n\n\n\n<p>El domingo 24 a las 11, ser\u00e1 el Acto de Inauguraci\u00f3n Oficial; y adem\u00e1s del desfile de los grandes campeones habr\u00e1 por la tarde un espect\u00e1culo de saltos h\u00edpicos, con nivel deportivo y tambi\u00e9n recreativo.<\/p>\n\n\n\n<p><strong>Expositores<\/strong><\/p>\n\n\n\n<p>Marcelo Mont\u00f3n, responsable del \u00e1rea comercial de la muestra, confirm\u00f3 que ya est\u00e1 el 95 por ciento de los espacios vendidos, luego de una ampliaci\u00f3n del \u00e1rea disponible con m\u00e1s de 200 expositores de rubros como maquinaria agr\u00edcola, automotores, productos relacionados al campo, construcci\u00f3n, vivienda, inmobiliarias, metal\u00fargicas, equipamientos, tecnolog\u00eda, moda, gastronom\u00eda, universidades, sindicatos y organismos estatales, con m\u00e1s de 80 stands al aire libre, m\u00e1s de 35 stands en el sal\u00f3n de Industrias y m\u00e1s de 40 participantes en el Paseo de Artesanos y Emprendedores.<\/p>\n\n\n\n<p>Se a\u00f1ade un paseo gastron\u00f3mico con m\u00e1s de 20 food trucks y stands diversos, donde habr\u00e1 espect\u00e1culos todos los d\u00edas. Se destacan Germ\u00e1n Vega y la Onda Cuartetera, el viernes22; Chiquit\u00edn y Nahuel Calevaris, el domingo 24 .<br><\/p>\n\n\n\n<p><strong>Actividades<\/strong><\/p>\n\n\n\n<p>La 6\u00b0 Competencia de Vacas a campo tiene este a\u00f1o a 13 tambos en competencia, jurados por Gabriel Miretti, d\u00e1ndose a conocer los resultados en la Cena de Premiaci\u00f3n el s\u00e1bado 23 de septiembre.<\/p>\n\n\n\n<p>Se cumplir\u00e1 con el 102\u00b0 Concurso de Vacas Lecheras, que se inicia el martes 19 y concluir\u00e1 en el atardecer del jueves 21 de septiembre, entre caba\u00f1as de tradici\u00f3n hist\u00f3rica en razas lecheras.<\/p>\n\n\n\n<p>En cuanto a la jura en pista, siendo la m\u00e1s representativa del pa\u00eds en la raza Holando Argentino, tendr\u00e1 el s\u00e1bado 23 por la tarde una exhibici\u00f3n de los mejores ejemplares de todas las categor\u00edas y con los mejores criadores del pa\u00eds, con la participaci\u00f3n del jurado internacional Fl\u00e1vio Junqueira, de Brasil.<\/p>\n\n\n\n<p>El domingo 24 de septiembre, a las 14:30, se dar\u00e1 lugar a la tradicional 32\u00b0 Expo Venta Gen\u00e9tica de Jerarqu\u00eda, con la Cooperativa Guillermo Lehmann como consignataria, de forma presencial y por streaming. Saldr\u00e1n a la venta los mejores Holando en las categor\u00edas Machos Puros de Pedigree a Bozal, terneras, vaquillonas en edad de servicio y vaquillonas pre\u00f1adas a parir (puros de pedigree, registro de cr\u00edas y marca liquida). Tambi\u00e9n bovinos Raza Carne (machos y hembras controlados a corral).<\/p>\n\n\n\n<p>Sin aves en la muestra este a\u00f1o, por motivos sanitarios, tendremos a criadores de conejos, ovinos, caprinos, cerdos y equinos, de las provincias de Santa Fe, Formosa, Chaco, Corrientes, Entre R\u00edos, C\u00f3rdoba y Buenos Aires. Adem\u00e1s, producci\u00f3n ap\u00edcola y una granja tem\u00e1tica atendida por alumnos de la Escuela Agrot\u00e9cnica de Esperanza \u201cLa Granja\u201d.<\/p>\n\n\n\n<p>Coordinadas por IDESA y acompa\u00f1adas desde GAMA y la SRR, las 22\u00b0 Olimp\u00edadas Agrot\u00e9cnicas se realizar\u00e1n el jueves 14 de septiembre de manera especial y en la localidad de Ataliva, recibiendo a alumnos inscriptos al momento de las escuelas La Granja de Esperanza, Mariano Moreno de Landeta, Zaspe de Emilia, Los Colonizadores de Santo Domingo, Lucia Ar\u00e1oz de Angel Gallardo, Salesiano de Vignaud, Colonias Unidas de Totoras y Carlos Sylvestre Begnis de SA Pereira.<\/p>\n\n\n\n<p>Para el 65\u00b0 Concurso de Dibujo y Pintura est\u00e1n invitadas todas las escuelas de la ciudad, con ni\u00f1os de 6 a 13 a\u00f1os, cuyos trabajos ser\u00e1n jurados por estudiantes de la carrera de Bellas Artes -ISP N\u00b02- quienes estar\u00e1n acompa\u00f1ando la actividad.<\/p>\n\n\n\n<p>Adem\u00e1s de la granja, desde la Universidad Nacional del Litoral se expondr\u00e1n diferentes tem\u00e1ticas: Demo Sistema acuap\u00f3nico, Grupo de caprinos y equinos, Terapia Asistida con animales, Hilanderas de la cu\u00f1a boscosa, el Centro de Innovaci\u00f3n Tecnol\u00f3gica FCV UNL, Muestra de Colecci\u00f3n Entomol\u00f3gica; y el Programa de Documentaci\u00f3n, Conservaci\u00f3n y Valoraci\u00f3n de la Flora Nativa (PRODOCOVA).<\/p>\n\n\n\n<p><strong>Charlas especiales<\/strong><\/p>\n\n\n\n<p>Con una agenda diversa y extendida, las charlas se iniciar\u00e1n el lunes 18 a las 18:30, con Facundo Sonatti, periodista e investigador de negocios, especializado en empresas de familia, que hablar\u00e1 sobre \u201cPotencial productivo de la regi\u00f3n: presente y futuro. Casos de \u00e9xito\u201d.<\/p>\n\n\n\n<p>El martes 19 a las 19:30, \u00abRecursos humanos en empresas agropecuarias, desaf\u00edos y herramientas de gesti\u00f3n\u00bb, a cargo de Larisa A. Acosta, Licenciada en Recursos Humanos, M\u00e1ster en Direcci\u00f3n Estrat\u00e9gica de Empresas Familiares. Organiza GAMA.<\/p>\n\n\n\n<p>El jueves 21 a las 19, la Dra. Ing. Agr. Mar\u00eda Paz Tieri, docente e investigadora de UTN e investigadora en INTA, nos presenta \u201cCambio clim\u00e1tico: de la huella ambiental a la licencia social. El caso de la Cooperativa Guillermo Lehmann\u201d.<\/p>\n\n\n\n<p>El viernes 22 de septiembre, a las 16, Ver\u00f3nica Cipolatti, especialista en proyectos de desarrollo sostenible tratar\u00e1 \u201cLos desaf\u00edos de las PyMEs agropecuarias en el escenario global ambiental\u201d.<\/p>\n\n\n\n<p>Finalmente, el viernes 22 a las 18:45, tendr\u00e1 a su cargo la charla de actualidad el economista Fausto Spotorno, detallando las \u201cPerspectivas econ\u00f3micas de Argentina\u201d.<\/p>\n\n\n\n<p>Todas las actividades cuentan con cupos limitados y requieren inscripci\u00f3n en el whatsapp institucional: 3492-306917.<\/p>\n","protected":false},"excerpt":{"rendered":"<p>Ser\u00e1 del 21 al 24 de septiembre en el predio ferial, con todas las actividades tradicionales, lo mejor de la raza Holando Argentino, charlas, capacitaciones y muchas actividades para los productores y las familias. Este martes se present\u00f3 formalmente la 116\u00b0 ExpoRural de Rafaela y la Regi\u00f3n, la muestra m\u00e1s significativa del centro de la [&hellip;]<\/p>\n","protected":false},"author":17,"featured_media":6332,"comment_status":"closed","ping_status":"open","sticky":false,"template":"","format":"standard","meta":{"ocean_post_layout":"","ocean_both_sidebars_style":"","ocean_both_sidebars_content_width":0,"ocean_both_sidebars_sidebars_width":0,"ocean_sidebar":"0","ocean_second_sidebar":"0","ocean_disable_margins":"enable","ocean_add_body_class":"","ocean_shortcode_before_top_bar":"","ocean_shortcode_after_top_bar":"","ocean_shortcode_before_header":"","ocean_shortcode_after_header":"","ocean_has_shortcode":"","ocean_shortcode_after_title":"","ocean_shortcode_before_footer_widgets":"","ocean_shortcode_after_footer_widgets":"","ocean_shortcode_before_footer_bottom":"","ocean_shortcode_after_footer_bottom":"","ocean_display_top_bar":"default","ocean_display_header":"default","ocean_header_style":"","ocean_center_header_left_menu":"0","ocean_custom_header_template":"0","ocean_custom_logo":0,"ocean_custom_retina_logo":0,"ocean_custom_logo_max_width":0,"ocean_custom_logo_tablet_max_width":0,"ocean_custom_logo_mobile_max_width":0,"ocean_custom_logo_max_height":0,"ocean_custom_logo_tablet_max_height":0,"ocean_custom_logo_mobile_max_height":0,"ocean_header_custom_menu":"0","ocean_menu_typo_font_family":"0","ocean_menu_typo_font_subset":"","ocean_menu_typo_font_size":0,"ocean_menu_typo_font_size_tablet":0,"ocean_menu_typo_font_size_mobile":0,"ocean_menu_typo_font_size_unit":"px","ocean_menu_typo_font_weight":"","ocean_menu_typo_font_weight_tablet":"","ocean_menu_typo_font_weight_mobile":"","ocean_menu_typo_transform":"","ocean_menu_typo_transform_tablet":"","ocean_menu_typo_transform_mobile":"","ocean_menu_typo_line_height":0,"ocean_menu_typo_line_height_tablet":0,"ocean_menu_typo_line_height_mobile":0,"ocean_menu_typo_line_height_unit":"","ocean_menu_typo_spacing":0,"ocean_menu_typo_spacing_tablet":0,"ocean_menu_typo_spacing_mobile":0,"ocean_menu_typo_spacing_unit":"","ocean_menu_link_color":"","ocean_menu_link_color_hover":"","ocean_menu_link_color_active":"","ocean_menu_link_background":"","ocean_menu_link_hover_background":"","ocean_menu_link_active_background":"","ocean_menu_social_links_bg":"","ocean_menu_social_hover_links_bg":"","ocean_menu_social_links_color":"","ocean_menu_social_hover_links_color":"","ocean_disable_title":"default","ocean_disable_heading":"default","ocean_post_title":"","ocean_post_subheading":"","ocean_post_title_style":"","ocean_post_title_background_color":"","ocean_post_title_background":0,"ocean_post_title_bg_image_position":"","ocean_post_title_bg_image_attachment":"","ocean_post_title_bg_image_repeat":"","ocean_post_title_bg_image_size":"","ocean_post_title_height":0,"ocean_post_title_bg_overlay":0.5,"ocean_post_title_bg_overlay_color":"","ocean_disable_breadcrumbs":"default","ocean_breadcrumbs_color":"","ocean_breadcrumbs_separator_color":"","ocean_breadcrumbs_links_color":"","ocean_breadcrumbs_links_hover_color":"","ocean_display_footer_widgets":"default","ocean_display_footer_bottom":"default","ocean_custom_footer_template":"0","_joinchat":[],"ocean_post_oembed":"","ocean_post_self_hosted_media":"","ocean_post_video_embed":"","ocean_link_format":"","ocean_link_format_target":"self","ocean_quote_format":"","ocean_quote_format_link":"post","ocean_gallery_link_images":"off","ocean_gallery_id":[],"footnotes":""},"categories":[43,12,23],"tags":[45,46,44],"class_list":["post-6331","post","type-post","status-publish","format-standard","has-post-thumbnail","hentry","category-expo-rural-2023","category-informacion-institucional","category-prensa-muestra","tag-expo-rural","tag-expo-rural-2023","tag-lanzamiento","entry","has-media"],"yoast_head":"<!-- This site is optimized with the Yoast SEO plugin v27.5 - https:\/\/yoast.com\/product\/yoast-seo-wordpress\/ -->\n<title>La 116\u00b0 ExpoRural ya se percibe en la Sociedad Rural - 116 Expo Rural Rafaela 2023<\/title>\n<meta name=\"robots\" content=\"index, follow, max-snippet:-1, max-image-preview:large, max-video-preview:-1\" \/>\n<link rel=\"canonical\" href=\"https:\/\/ruralrafaela.com.ar\/exporural2023\/2023\/08\/30\/la-116-exporural-ya-se-percibe-en-la-sociedad-rural\/\" \/>\n<meta property=\"og:locale\" content=\"es_ES\" \/>\n<meta property=\"og:type\" content=\"article\" \/>\n<meta property=\"og:title\" content=\"La 116\u00b0 ExpoRural ya se percibe en la Sociedad Rural - 116 Expo Rural Rafaela 2023\" \/>\n<meta property=\"og:description\" content=\"Ser\u00e1 del 21 al 24 de septiembre en el predio ferial, con todas las actividades tradicionales, lo mejor de la raza Holando Argentino, charlas, capacitaciones y muchas actividades para los productores y las familias. Este martes se present\u00f3 formalmente la 116\u00b0 ExpoRural de Rafaela y la Regi\u00f3n, la muestra m\u00e1s significativa del centro de la [&hellip;]\" \/>\n<meta property=\"og:url\" content=\"https:\/\/ruralrafaela.com.ar\/exporural2023\/2023\/08\/30\/la-116-exporural-ya-se-percibe-en-la-sociedad-rural\/\" \/>\n<meta property=\"og:site_name\" content=\"116 Expo Rural Rafaela 2023\" \/>\n<meta property=\"article:published_time\" content=\"2023-08-30T13:33:01+00:00\" \/>\n<meta property=\"article:modified_time\" content=\"2023-08-30T13:36:45+00:00\" \/>\n<meta property=\"og:image\" content=\"https:\/\/ruralrafaela.com.ar\/exporural2023\/wp-content\/uploads\/sites\/21\/2023\/08\/Imagen-de-WhatsApp-2023-08-29-a-las-20.14.16.jpg\" \/>\n\t<meta property=\"og:image:width\" content=\"1466\" \/>\n\t<meta property=\"og:image:height\" content=\"900\" \/>\n\t<meta property=\"og:image:type\" content=\"image\/jpeg\" \/>\n<meta name=\"author\" content=\"voces\" \/>\n<meta name=\"twitter:card\" content=\"summary_large_image\" \/>\n<meta name=\"twitter:label1\" content=\"Escrito por\" \/>\n\t<meta name=\"twitter:data1\" content=\"voces\" \/>\n\t<meta name=\"twitter:label2\" content=\"Tiempo de lectura\" \/>\n\t<meta name=\"twitter:data2\" content=\"7 minutos\" \/>\n<script type=\"application\/ld+json\" class=\"yoast-schema-graph\">{\"@context\":\"https:\\\/\\\/schema.org\",\"@graph\":[{\"@type\":\"Article\",\"@id\":\"https:\\\/\\\/ruralrafaela.com.ar\\\/exporural2023\\\/2023\\\/08\\\/30\\\/la-116-exporural-ya-se-percibe-en-la-sociedad-rural\\\/#article\",\"isPartOf\":{\"@id\":\"https:\\\/\\\/ruralrafaela.com.ar\\\/exporural2023\\\/2023\\\/08\\\/30\\\/la-116-exporural-ya-se-percibe-en-la-sociedad-rural\\\/\"},\"author\":{\"name\":\"voces\",\"@id\":\"https:\\\/\\\/ruralrafaela.com.ar\\\/exporural2023\\\/#\\\/schema\\\/person\\\/fa167bfed3a2b8029213c0bac80612f7\"},\"headline\":\"La 116\u00b0 ExpoRural ya se percibe en la Sociedad Rural\",\"datePublished\":\"2023-08-30T13:33:01+00:00\",\"dateModified\":\"2023-08-30T13:36:45+00:00\",\"mainEntityOfPage\":{\"@id\":\"https:\\\/\\\/ruralrafaela.com.ar\\\/exporural2023\\\/2023\\\/08\\\/30\\\/la-116-exporural-ya-se-percibe-en-la-sociedad-rural\\\/\"},\"wordCount\":1472,\"publisher\":{\"@id\":\"https:\\\/\\\/ruralrafaela.com.ar\\\/exporural2023\\\/#organization\"},\"image\":{\"@id\":\"https:\\\/\\\/ruralrafaela.com.ar\\\/exporural2023\\\/2023\\\/08\\\/30\\\/la-116-exporural-ya-se-percibe-en-la-sociedad-rural\\\/#primaryimage\"},\"thumbnailUrl\":\"https:\\\/\\\/ruralrafaela.com.ar\\\/exporural2023\\\/wp-content\\\/uploads\\\/sites\\\/21\\\/2023\\\/08\\\/Imagen-de-WhatsApp-2023-08-29-a-las-20.14.16.jpg\",\"keywords\":[\"Expo Rural\",\"Expo Rural 2023\",\"Lanzamiento\"],\"articleSection\":[\"Expo Rural 2023\",\"Informaci\u00f3n Institucional\",\"Prensa Muestra\"],\"inLanguage\":\"es\"},{\"@type\":\"WebPage\",\"@id\":\"https:\\\/\\\/ruralrafaela.com.ar\\\/exporural2023\\\/2023\\\/08\\\/30\\\/la-116-exporural-ya-se-percibe-en-la-sociedad-rural\\\/\",\"url\":\"https:\\\/\\\/ruralrafaela.com.ar\\\/exporural2023\\\/2023\\\/08\\\/30\\\/la-116-exporural-ya-se-percibe-en-la-sociedad-rural\\\/\",\"name\":\"La 116\u00b0 ExpoRural ya se percibe en la Sociedad Rural - 116 Expo Rural Rafaela 2023\",\"isPartOf\":{\"@id\":\"https:\\\/\\\/ruralrafaela.com.ar\\\/exporural2023\\\/#website\"},\"primaryImageOfPage\":{\"@id\":\"https:\\\/\\\/ruralrafaela.com.ar\\\/exporural2023\\\/2023\\\/08\\\/30\\\/la-116-exporural-ya-se-percibe-en-la-sociedad-rural\\\/#primaryimage\"},\"image\":{\"@id\":\"https:\\\/\\\/ruralrafaela.com.ar\\\/exporural2023\\\/2023\\\/08\\\/30\\\/la-116-exporural-ya-se-percibe-en-la-sociedad-rural\\\/#primaryimage\"},\"thumbnailUrl\":\"https:\\\/\\\/ruralrafaela.com.ar\\\/exporural2023\\\/wp-content\\\/uploads\\\/sites\\\/21\\\/2023\\\/08\\\/Imagen-de-WhatsApp-2023-08-29-a-las-20.14.16.jpg\",\"datePublished\":\"2023-08-30T13:33:01+00:00\",\"dateModified\":\"2023-08-30T13:36:45+00:00\",\"breadcrumb\":{\"@id\":\"https:\\\/\\\/ruralrafaela.com.ar\\\/exporural2023\\\/2023\\\/08\\\/30\\\/la-116-exporural-ya-se-percibe-en-la-sociedad-rural\\\/#breadcrumb\"},\"inLanguage\":\"es\",\"potentialAction\":[{\"@type\":\"ReadAction\",\"target\":[\"https:\\\/\\\/ruralrafaela.com.ar\\\/exporural2023\\\/2023\\\/08\\\/30\\\/la-116-exporural-ya-se-percibe-en-la-sociedad-rural\\\/\"]}]},{\"@type\":\"ImageObject\",\"inLanguage\":\"es\",\"@id\":\"https:\\\/\\\/ruralrafaela.com.ar\\\/exporural2023\\\/2023\\\/08\\\/30\\\/la-116-exporural-ya-se-percibe-en-la-sociedad-rural\\\/#primaryimage\",\"url\":\"https:\\\/\\\/ruralrafaela.com.ar\\\/exporural2023\\\/wp-content\\\/uploads\\\/sites\\\/21\\\/2023\\\/08\\\/Imagen-de-WhatsApp-2023-08-29-a-las-20.14.16.jpg\",\"contentUrl\":\"https:\\\/\\\/ruralrafaela.com.ar\\\/exporural2023\\\/wp-content\\\/uploads\\\/sites\\\/21\\\/2023\\\/08\\\/Imagen-de-WhatsApp-2023-08-29-a-las-20.14.16.jpg\",\"width\":1466,\"height\":900},{\"@type\":\"BreadcrumbList\",\"@id\":\"https:\\\/\\\/ruralrafaela.com.ar\\\/exporural2023\\\/2023\\\/08\\\/30\\\/la-116-exporural-ya-se-percibe-en-la-sociedad-rural\\\/#breadcrumb\",\"itemListElement\":[{\"@type\":\"ListItem\",\"position\":1,\"name\":\"Portada\",\"item\":\"https:\\\/\\\/ruralrafaela.com.ar\\\/exporural2023\\\/\"},{\"@type\":\"ListItem\",\"position\":2,\"name\":\"La 116\u00b0 ExpoRural ya se percibe en la Sociedad Rural\"}]},{\"@type\":\"WebSite\",\"@id\":\"https:\\\/\\\/ruralrafaela.com.ar\\\/exporural2023\\\/#website\",\"url\":\"https:\\\/\\\/ruralrafaela.com.ar\\\/exporural2023\\\/\",\"name\":\"116 Expo Rural Rafaela 2023\",\"description\":\"Sitio oficial de la Expo Rural Rafaela\",\"publisher\":{\"@id\":\"https:\\\/\\\/ruralrafaela.com.ar\\\/exporural2023\\\/#organization\"},\"potentialAction\":[{\"@type\":\"SearchAction\",\"target\":{\"@type\":\"EntryPoint\",\"urlTemplate\":\"https:\\\/\\\/ruralrafaela.com.ar\\\/exporural2023\\\/?s={search_term_string}\"},\"query-input\":{\"@type\":\"PropertyValueSpecification\",\"valueRequired\":true,\"valueName\":\"search_term_string\"}}],\"inLanguage\":\"es\"},{\"@type\":\"Organization\",\"@id\":\"https:\\\/\\\/ruralrafaela.com.ar\\\/exporural2023\\\/#organization\",\"name\":\"116 Expo Rural Rafaela 2023\",\"url\":\"https:\\\/\\\/ruralrafaela.com.ar\\\/exporural2023\\\/\",\"logo\":{\"@type\":\"ImageObject\",\"inLanguage\":\"es\",\"@id\":\"https:\\\/\\\/ruralrafaela.com.ar\\\/exporural2023\\\/#\\\/schema\\\/logo\\\/image\\\/\",\"url\":\"https:\\\/\\\/ruralrafaela.com.ar\\\/exporural2023\\\/wp-content\\\/uploads\\\/sites\\\/21\\\/2023\\\/08\\\/cropped-logoH.jpg\",\"contentUrl\":\"https:\\\/\\\/ruralrafaela.com.ar\\\/exporural2023\\\/wp-content\\\/uploads\\\/sites\\\/21\\\/2023\\\/08\\\/cropped-logoH.jpg\",\"width\":250,\"height\":57,\"caption\":\"116 Expo Rural Rafaela 2023 \"},\"image\":{\"@id\":\"https:\\\/\\\/ruralrafaela.com.ar\\\/exporural2023\\\/#\\\/schema\\\/logo\\\/image\\\/\"}},{\"@type\":\"Person\",\"@id\":\"https:\\\/\\\/ruralrafaela.com.ar\\\/exporural2023\\\/#\\\/schema\\\/person\\\/fa167bfed3a2b8029213c0bac80612f7\",\"name\":\"voces\",\"image\":{\"@type\":\"ImageObject\",\"inLanguage\":\"es\",\"@id\":\"https:\\\/\\\/secure.gravatar.com\\\/avatar\\\/8be4c66bb16cf788ff6688b77c76240c16a5397e072068b8fd79350e9acb3d86?s=96&d=mm&r=g\",\"url\":\"https:\\\/\\\/secure.gravatar.com\\\/avatar\\\/8be4c66bb16cf788ff6688b77c76240c16a5397e072068b8fd79350e9acb3d86?s=96&d=mm&r=g\",\"contentUrl\":\"https:\\\/\\\/secure.gravatar.com\\\/avatar\\\/8be4c66bb16cf788ff6688b77c76240c16a5397e072068b8fd79350e9acb3d86?s=96&d=mm&r=g\",\"caption\":\"voces\"},\"url\":\"https:\\\/\\\/ruralrafaela.com.ar\\\/exporural2023\\\/author\\\/voces\\\/\"}]}<\/script>\n<!-- \/ Yoast SEO plugin. -->","yoast_head_json":{"title":"La 116\u00b0 ExpoRural ya se percibe en la Sociedad Rural - 116 Expo Rural Rafaela 2023","robots":{"index":"index","follow":"follow","max-snippet":"max-snippet:-1","max-image-preview":"max-image-preview:large","max-video-preview":"max-video-preview:-1"},"canonical":"https:\/\/ruralrafaela.com.ar\/exporural2023\/2023\/08\/30\/la-116-exporural-ya-se-percibe-en-la-sociedad-rural\/","og_locale":"es_ES","og_type":"article","og_title":"La 116\u00b0 ExpoRural ya se percibe en la Sociedad Rural - 116 Expo Rural Rafaela 2023","og_description":"Ser\u00e1 del 21 al 24 de septiembre en el predio ferial, con todas las actividades tradicionales, lo mejor de la raza Holando Argentino, charlas, capacitaciones y muchas actividades para los productores y las familias. Este martes se present\u00f3 formalmente la 116\u00b0 ExpoRural de Rafaela y la Regi\u00f3n, la muestra m\u00e1s significativa del centro de la [&hellip;]","og_url":"https:\/\/ruralrafaela.com.ar\/exporural2023\/2023\/08\/30\/la-116-exporural-ya-se-percibe-en-la-sociedad-rural\/","og_site_name":"116 Expo Rural Rafaela 2023","article_published_time":"2023-08-30T13:33:01+00:00","article_modified_time":"2023-08-30T13:36:45+00:00","og_image":[{"width":1466,"height":900,"url":"https:\/\/ruralrafaela.com.ar\/exporural2023\/wp-content\/uploads\/sites\/21\/2023\/08\/Imagen-de-WhatsApp-2023-08-29-a-las-20.14.16.jpg","type":"image\/jpeg"}],"author":"voces","twitter_card":"summary_large_image","twitter_misc":{"Escrito por":"voces","Tiempo de lectura":"7 minutos"},"schema":{"@context":"https:\/\/schema.org","@graph":[{"@type":"Article","@id":"https:\/\/ruralrafaela.com.ar\/exporural2023\/2023\/08\/30\/la-116-exporural-ya-se-percibe-en-la-sociedad-rural\/#article","isPartOf":{"@id":"https:\/\/ruralrafaela.com.ar\/exporural2023\/2023\/08\/30\/la-116-exporural-ya-se-percibe-en-la-sociedad-rural\/"},"author":{"name":"voces","@id":"https:\/\/ruralrafaela.com.ar\/exporural2023\/#\/schema\/person\/fa167bfed3a2b8029213c0bac80612f7"},"headline":"La 116\u00b0 ExpoRural ya se percibe en la Sociedad Rural","datePublished":"2023-08-30T13:33:01+00:00","dateModified":"2023-08-30T13:36:45+00:00","mainEntityOfPage":{"@id":"https:\/\/ruralrafaela.com.ar\/exporural2023\/2023\/08\/30\/la-116-exporural-ya-se-percibe-en-la-sociedad-rural\/"},"wordCount":1472,"publisher":{"@id":"https:\/\/ruralrafaela.com.ar\/exporural2023\/#organization"},"image":{"@id":"https:\/\/ruralrafaela.com.ar\/exporural2023\/2023\/08\/30\/la-116-exporural-ya-se-percibe-en-la-sociedad-rural\/#primaryimage"},"thumbnailUrl":"https:\/\/ruralrafaela.com.ar\/exporural2023\/wp-content\/uploads\/sites\/21\/2023\/08\/Imagen-de-WhatsApp-2023-08-29-a-las-20.14.16.jpg","keywords":["Expo Rural","Expo Rural 2023","Lanzamiento"],"articleSection":["Expo Rural 2023","Informaci\u00f3n Institucional","Prensa Muestra"],"inLanguage":"es"},{"@type":"WebPage","@id":"https:\/\/ruralrafaela.com.ar\/exporural2023\/2023\/08\/30\/la-116-exporural-ya-se-percibe-en-la-sociedad-rural\/","url":"https:\/\/ruralrafaela.com.ar\/exporural2023\/2023\/08\/30\/la-116-exporural-ya-se-percibe-en-la-sociedad-rural\/","name":"La 116\u00b0 ExpoRural ya se percibe en la Sociedad Rural - 116 Expo Rural Rafaela 2023","isPartOf":{"@id":"https:\/\/ruralrafaela.com.ar\/exporural2023\/#website"},"primaryImageOfPage":{"@id":"https:\/\/ruralrafaela.com.ar\/exporural2023\/2023\/08\/30\/la-116-exporural-ya-se-percibe-en-la-sociedad-rural\/#primaryimage"},"image":{"@id":"https:\/\/ruralrafaela.com.ar\/exporural2023\/2023\/08\/30\/la-116-exporural-ya-se-percibe-en-la-sociedad-rural\/#primaryimage"},"thumbnailUrl":"https:\/\/ruralrafaela.com.ar\/exporural2023\/wp-content\/uploads\/sites\/21\/2023\/08\/Imagen-de-WhatsApp-2023-08-29-a-las-20.14.16.jpg","datePublished":"2023-08-30T13:33:01+00:00","dateModified":"2023-08-30T13:36:45+00:00","breadcrumb":{"@id":"https:\/\/ruralrafaela.com.ar\/exporural2023\/2023\/08\/30\/la-116-exporural-ya-se-percibe-en-la-sociedad-rural\/#breadcrumb"},"inLanguage":"es","potentialAction":[{"@type":"ReadAction","target":["https:\/\/ruralrafaela.com.ar\/exporural2023\/2023\/08\/30\/la-116-exporural-ya-se-percibe-en-la-sociedad-rural\/"]}]},{"@type":"ImageObject","inLanguage":"es","@id":"https:\/\/ruralrafaela.com.ar\/exporural2023\/2023\/08\/30\/la-116-exporural-ya-se-percibe-en-la-sociedad-rural\/#primaryimage","url":"https:\/\/ruralrafaela.com.ar\/exporural2023\/wp-content\/uploads\/sites\/21\/2023\/08\/Imagen-de-WhatsApp-2023-08-29-a-las-20.14.16.jpg","contentUrl":"https:\/\/ruralrafaela.com.ar\/exporural2023\/wp-content\/uploads\/sites\/21\/2023\/08\/Imagen-de-WhatsApp-2023-08-29-a-las-20.14.16.jpg","width":1466,"height":900},{"@type":"BreadcrumbList","@id":"https:\/\/ruralrafaela.com.ar\/exporural2023\/2023\/08\/30\/la-116-exporural-ya-se-percibe-en-la-sociedad-rural\/#breadcrumb","itemListElement":[{"@type":"ListItem","position":1,"name":"Portada","item":"https:\/\/ruralrafaela.com.ar\/exporural2023\/"},{"@type":"ListItem","position":2,"name":"La 116\u00b0 ExpoRural ya se percibe en la Sociedad Rural"}]},{"@type":"WebSite","@id":"https:\/\/ruralrafaela.com.ar\/exporural2023\/#website","url":"https:\/\/ruralrafaela.com.ar\/exporural2023\/","name":"116 Expo Rural Rafaela 2023","description":"Sitio oficial de la Expo Rural Rafaela","publisher":{"@id":"https:\/\/ruralrafaela.com.ar\/exporural2023\/#organization"},"potentialAction":[{"@type":"SearchAction","target":{"@type":"EntryPoint","urlTemplate":"https:\/\/ruralrafaela.com.ar\/exporural2023\/?s={search_term_string}"},"query-input":{"@type":"PropertyValueSpecification","valueRequired":true,"valueName":"search_term_string"}}],"inLanguage":"es"},{"@type":"Organization","@id":"https:\/\/ruralrafaela.com.ar\/exporural2023\/#organization","name":"116 Expo Rural Rafaela 2023","url":"https:\/\/ruralrafaela.com.ar\/exporural2023\/","logo":{"@type":"ImageObject","inLanguage":"es","@id":"https:\/\/ruralrafaela.com.ar\/exporural2023\/#\/schema\/logo\/image\/","url":"https:\/\/ruralrafaela.com.ar\/exporural2023\/wp-content\/uploads\/sites\/21\/2023\/08\/cropped-logoH.jpg","contentUrl":"https:\/\/ruralrafaela.com.ar\/exporural2023\/wp-content\/uploads\/sites\/21\/2023\/08\/cropped-logoH.jpg","width":250,"height":57,"caption":"116 Expo Rural Rafaela 2023 "},"image":{"@id":"https:\/\/ruralrafaela.com.ar\/exporural2023\/#\/schema\/logo\/image\/"}},{"@type":"Person","@id":"https:\/\/ruralrafaela.com.ar\/exporural2023\/#\/schema\/person\/fa167bfed3a2b8029213c0bac80612f7","name":"voces","image":{"@type":"ImageObject","inLanguage":"es","@id":"https:\/\/secure.gravatar.com\/avatar\/8be4c66bb16cf788ff6688b77c76240c16a5397e072068b8fd79350e9acb3d86?s=96&d=mm&r=g","url":"https:\/\/secure.gravatar.com\/avatar\/8be4c66bb16cf788ff6688b77c76240c16a5397e072068b8fd79350e9acb3d86?s=96&d=mm&r=g","contentUrl":"https:\/\/secure.gravatar.com\/avatar\/8be4c66bb16cf788ff6688b77c76240c16a5397e072068b8fd79350e9acb3d86?s=96&d=mm&r=g","caption":"voces"},"url":"https:\/\/ruralrafaela.com.ar\/exporural2023\/author\/voces\/"}]}},"_links":{"self":[{"href":"https:\/\/ruralrafaela.com.ar\/exporural2023\/wp-json\/wp\/v2\/posts\/6331","targetHints":{"allow":["GET"]}}],"collection":[{"href":"https:\/\/ruralrafaela.com.ar\/exporural2023\/wp-json\/wp\/v2\/posts"}],"about":[{"href":"https:\/\/ruralrafaela.com.ar\/exporural2023\/wp-json\/wp\/v2\/types\/post"}],"author":[{"embeddable":true,"href":"https:\/\/ruralrafaela.com.ar\/exporural2023\/wp-json\/wp\/v2\/users\/17"}],"replies":[{"embeddable":true,"href":"https:\/\/ruralrafaela.com.ar\/exporural2023\/wp-json\/wp\/v2\/comments?post=6331"}],"version-history":[{"count":2,"href":"https:\/\/ruralrafaela.com.ar\/exporural2023\/wp-json\/wp\/v2\/posts\/6331\/revisions"}],"predecessor-version":[{"id":6335,"href":"https:\/\/ruralrafaela.com.ar\/exporural2023\/wp-json\/wp\/v2\/posts\/6331\/revisions\/6335"}],"wp:featuredmedia":[{"embeddable":true,"href":"https:\/\/ruralrafaela.com.ar\/exporural2023\/wp-json\/wp\/v2\/media\/6332"}],"wp:attachment":[{"href":"https:\/\/ruralrafaela.com.ar\/exporural2023\/wp-json\/wp\/v2\/media?parent=6331"}],"wp:term":[{"taxonomy":"category","embeddable":true,"href":"https:\/\/ruralrafaela.com.ar\/exporural2023\/wp-json\/wp\/v2\/categories?post=6331"},{"taxonomy":"post_tag","embeddable":true,"href":"https:\/\/ruralrafaela.com.ar\/exporural2023\/wp-json\/wp\/v2\/tags?post=6331"}],"curies":[{"name":"wp","href":"https:\/\/api.w.org\/{rel}","templated":true}]}}