{"id":472,"date":"2020-11-03T18:38:01","date_gmt":"2020-11-03T21:38:01","guid":{"rendered":"http:\/\/ruralrafaela.com.ar\/exporural\/?p=472"},"modified":"2020-11-03T18:38:02","modified_gmt":"2020-11-03T21:38:02","slug":"faltan-muy-pocos-dias-programa-de-actividades-para-la-exporural-2020","status":"publish","type":"post","link":"https:\/\/ruralrafaela.com.ar\/exporural\/faltan-muy-pocos-dias-programa-de-actividades-para-la-exporural-2020\/","title":{"rendered":"\u00a1Faltan muy pocos d\u00edas!            Programa de Actividades para la EXPORURAL 2020"},"content":{"rendered":"\n<p>La comisi\u00f3n organizadora de la &nbsp;Expo Rural Rafaela y la Regi\u00f3n present\u00f3 un atractivo y completo programa de actividades para la versi\u00f3n \u201cen l\u00ednea\u201d de la Muestra de este a\u00f1o que ser\u00e1 los pr\u00f3ximos 11, 12 y 13 de noviembre. Entre las actividades salientes est\u00e1 la charla abierta, organizada por CEPAR, entidad comprometida con el desarrollo de la expo virtual, <em>\u201cC\u00f3mo es producir en Argentina comparado a otros pa\u00edses\u201d <\/em>a cargo del productor y reconocido influencer en redes Jos\u00e9 A. \u00c1lvarez. La cita en vivo ser\u00e1 para el jueves 12, a las 19.30.<\/p>\n\n\n\n<p>Otra actividad pensada para el p\u00fablico en general es <strong>\u201cPara quienes quieren iniciar su primera huerta\u2026\u201d<\/strong>, a cargo de la Ing. Agr. Evelyn Knuttzen, del Ministerio de la Producci\u00f3n del Gobierno de Santa Fe.Los temas que se abordar\u00e1n son: Lugar y dise\u00f1o. Siembra, riego y otros cuidados.. Cu\u00e1ndo y c\u00f3mo cultivar. Prevenci\u00f3n de plagas y enfermedades. Tips para no frustarse y seguir adelante.<\/p>\n\n\n\n<p>Para todas las actividades simplemente hay que ingresar a la &nbsp;web <a href=\"http:\/\/www.exporuralrafaela.com.ar\">www.exporuralrafaela.com.ar<\/a>, y hacer click en <strong>CHARLAS<\/strong> y seleccionar a la que se quiera asistir. Este ingreso es libre y gratuito y habilita a participar de las actividades en vivo o verlas grabadas posteriormente.<\/p>\n\n\n\n<p>El remate habitual de la Expo&nbsp; se realizar\u00e1 &nbsp;\u201con line\u201d, el viernes 13 a las 14.00, con la consignaci\u00f3n de la Cooperativa Guillermo Lehmann. La subasta est\u00e1 destinada a terneras y vaquillonas Holando Argentino vac\u00edas y aptas para reproducci\u00f3n, pre\u00f1adas adelantadas y paridas. Toros Holando Argentino de las tradicionales caba\u00f1as de la zona.<\/p>\n\n\n\n<p>EL viernes 13, a las 20.00 se realizar\u00e1 un Acto Institucional en el que habr\u00e1 palabras de la presidente y la conmemoraci\u00f3n especial del 100\u00b0 Concurso Lechero. Ser\u00e1 transmitido en vivo ajustado a las medidas sanitarias exigidas.<\/p>\n\n\n\n<p>M\u00e1s actividades y actualizaciones se pueden consultar en <a href=\"http:\/\/ruralrafaela.com.ar\/exporural\/auditorio\/\">http:\/\/ruralrafaela.com.ar\/exporural\/auditorio\/<\/a><\/p>\n\n\n\n<p>Por supuesto los visitantes de <a href=\"http:\/\/www.exporuralrafaela.com.ar\">www.exporuralrafaela.com.ar<\/a> podr\u00e1n acceder a los micrositios de sponsors y expositores que apoyan la innovaci\u00f3n y adaptaci\u00f3n a los tiempos que corren. All\u00ed habr\u00e1 presentaciones de productos y servicios, atenci\u00f3n al p\u00fablico interesado, y promociones especiales por los d\u00edas de la muestra.<\/p>\n\n\n\n<p>Los \u201cstands virtuales\u201d estar\u00e1n habilitados al inicio de la muestra y disponibles con personal de 09:00 a 18:00.<\/p>\n\n\n\n<p>Recordamos a los miembros de la prensa actualizar sus datos de contacto en <a href=\"http:\/\/www.ruralrafaela.com.ar\">www.ruralrafaela.com.ar<\/a> para acceder a toda la informaci\u00f3n institucional y de la muestra.<\/p>\n","protected":false},"excerpt":{"rendered":"<p>La comisi\u00f3n organizadora de la &nbsp;Expo Rural Rafaela y la Regi\u00f3n present\u00f3 un atractivo y completo programa de actividades para la versi\u00f3n \u201cen l\u00ednea\u201d de la Muestra de este a\u00f1o que ser\u00e1 los pr\u00f3ximos 11, 12 y 13 de noviembre. Entre las actividades salientes est\u00e1 la charla abierta, organizada por CEPAR, entidad comprometida con el [&hellip;]<\/p>\n","protected":false},"author":2,"featured_media":473,"comment_status":"open","ping_status":"open","sticky":false,"template":"","format":"standard","meta":{"ocean_post_layout":"","ocean_both_sidebars_style":"","ocean_both_sidebars_content_width":0,"ocean_both_sidebars_sidebars_width":0,"ocean_sidebar":"0","ocean_second_sidebar":"0","ocean_disable_margins":"enable","ocean_add_body_class":"","ocean_shortcode_before_top_bar":"","ocean_shortcode_after_top_bar":"","ocean_shortcode_before_header":"","ocean_shortcode_after_header":"","ocean_has_shortcode":"","ocean_shortcode_after_title":"","ocean_shortcode_before_footer_widgets":"","ocean_shortcode_after_footer_widgets":"","ocean_shortcode_before_footer_bottom":"","ocean_shortcode_after_footer_bottom":"","ocean_display_top_bar":"default","ocean_display_header":"default","ocean_header_style":"","ocean_center_header_left_menu":"0","ocean_custom_header_template":"0","ocean_custom_logo":0,"ocean_custom_retina_logo":0,"ocean_custom_logo_max_width":0,"ocean_custom_logo_tablet_max_width":0,"ocean_custom_logo_mobile_max_width":0,"ocean_custom_logo_max_height":0,"ocean_custom_logo_tablet_max_height":0,"ocean_custom_logo_mobile_max_height":0,"ocean_header_custom_menu":"0","ocean_menu_typo_font_family":"0","ocean_menu_typo_font_subset":"","ocean_menu_typo_font_size":0,"ocean_menu_typo_font_size_tablet":0,"ocean_menu_typo_font_size_mobile":0,"ocean_menu_typo_font_size_unit":"px","ocean_menu_typo_font_weight":"","ocean_menu_typo_font_weight_tablet":"","ocean_menu_typo_font_weight_mobile":"","ocean_menu_typo_transform":"","ocean_menu_typo_transform_tablet":"","ocean_menu_typo_transform_mobile":"","ocean_menu_typo_line_height":0,"ocean_menu_typo_line_height_tablet":0,"ocean_menu_typo_line_height_mobile":0,"ocean_menu_typo_line_height_unit":"","ocean_menu_typo_spacing":0,"ocean_menu_typo_spacing_tablet":0,"ocean_menu_typo_spacing_mobile":0,"ocean_menu_typo_spacing_unit":"","ocean_menu_link_color":"","ocean_menu_link_color_hover":"","ocean_menu_link_color_active":"","ocean_menu_link_background":"","ocean_menu_link_hover_background":"","ocean_menu_link_active_background":"","ocean_menu_social_links_bg":"","ocean_menu_social_hover_links_bg":"","ocean_menu_social_links_color":"","ocean_menu_social_hover_links_color":"","ocean_disable_title":"default","ocean_disable_heading":"default","ocean_post_title":"","ocean_post_subheading":"","ocean_post_title_style":"","ocean_post_title_background_color":"","ocean_post_title_background":0,"ocean_post_title_bg_image_position":"","ocean_post_title_bg_image_attachment":"","ocean_post_title_bg_image_repeat":"","ocean_post_title_bg_image_size":"","ocean_post_title_height":0,"ocean_post_title_bg_overlay":0.5,"ocean_post_title_bg_overlay_color":"","ocean_disable_breadcrumbs":"default","ocean_breadcrumbs_color":"","ocean_breadcrumbs_separator_color":"","ocean_breadcrumbs_links_color":"","ocean_breadcrumbs_links_hover_color":"","ocean_display_footer_widgets":"default","ocean_display_footer_bottom":"default","ocean_custom_footer_template":"0","_joinchat":[],"ocean_post_oembed":"","ocean_post_self_hosted_media":"","ocean_post_video_embed":"","ocean_link_format":"","ocean_link_format_target":"self","ocean_quote_format":"","ocean_quote_format_link":"post","ocean_gallery_link_images":"off","ocean_gallery_id":[],"footnotes":""},"categories":[8],"tags":[],"class_list":["post-472","post","type-post","status-publish","format-standard","has-post-thumbnail","hentry","category-exporural","entry","has-media"],"yoast_head":"<!-- This site is optimized with the Yoast SEO plugin v27.5 - https:\/\/yoast.com\/product\/yoast-seo-wordpress\/ -->\n<title>\u00a1Faltan muy pocos d\u00edas!      Programa de Actividades para la EXPORURAL 2020 - ExpoRural Rafaela y la Regi\u00f3n<\/title>\n<meta name=\"robots\" content=\"index, follow, max-snippet:-1, max-image-preview:large, max-video-preview:-1\" \/>\n<link rel=\"canonical\" href=\"https:\/\/ruralrafaela.com.ar\/exporural\/faltan-muy-pocos-dias-programa-de-actividades-para-la-exporural-2020\/\" \/>\n<meta property=\"og:locale\" content=\"es_ES\" \/>\n<meta property=\"og:type\" content=\"article\" \/>\n<meta property=\"og:title\" content=\"\u00a1Faltan muy pocos d\u00edas!      Programa de Actividades para la EXPORURAL 2020 - ExpoRural Rafaela y la Regi\u00f3n\" \/>\n<meta property=\"og:description\" content=\"La comisi\u00f3n organizadora de la &nbsp;Expo Rural Rafaela y la Regi\u00f3n present\u00f3 un atractivo y completo programa de actividades para la versi\u00f3n \u201cen l\u00ednea\u201d de la Muestra de este a\u00f1o que ser\u00e1 los pr\u00f3ximos 11, 12 y 13 de noviembre. Entre las actividades salientes est\u00e1 la charla abierta, organizada por CEPAR, entidad comprometida con el [&hellip;]\" \/>\n<meta property=\"og:url\" content=\"https:\/\/ruralrafaela.com.ar\/exporural\/faltan-muy-pocos-dias-programa-de-actividades-para-la-exporural-2020\/\" \/>\n<meta property=\"og:site_name\" content=\"ExpoRural Rafaela y la Regi\u00f3n\" \/>\n<meta property=\"article:published_time\" content=\"2020-11-03T21:38:01+00:00\" \/>\n<meta property=\"article:modified_time\" content=\"2020-11-03T21:38:02+00:00\" \/>\n<meta property=\"og:image\" content=\"https:\/\/ruralrafaela.com.ar\/exporural\/wp-content\/uploads\/sites\/16\/2020\/11\/Charla_bumper.jpg\" \/>\n\t<meta property=\"og:image:width\" content=\"600\" \/>\n\t<meta property=\"og:image:height\" content=\"750\" \/>\n\t<meta property=\"og:image:type\" content=\"image\/jpeg\" \/>\n<meta name=\"author\" content=\"c1970093\" \/>\n<meta name=\"twitter:card\" content=\"summary_large_image\" \/>\n<meta name=\"twitter:label1\" content=\"Escrito por\" \/>\n\t<meta name=\"twitter:data1\" content=\"c1970093\" \/>\n\t<meta name=\"twitter:label2\" content=\"Tiempo de lectura\" \/>\n\t<meta name=\"twitter:data2\" content=\"2 minutos\" \/>\n<script type=\"application\/ld+json\" class=\"yoast-schema-graph\">{\"@context\":\"https:\\\/\\\/schema.org\",\"@graph\":[{\"@type\":\"Article\",\"@id\":\"https:\\\/\\\/ruralrafaela.com.ar\\\/exporural\\\/faltan-muy-pocos-dias-programa-de-actividades-para-la-exporural-2020\\\/#article\",\"isPartOf\":{\"@id\":\"https:\\\/\\\/ruralrafaela.com.ar\\\/exporural\\\/faltan-muy-pocos-dias-programa-de-actividades-para-la-exporural-2020\\\/\"},\"author\":{\"name\":\"c1970093\",\"@id\":\"https:\\\/\\\/ruralrafaela.com.ar\\\/exporural\\\/#\\\/schema\\\/person\\\/b944097647cc828e58952e18b2cc493c\"},\"headline\":\"\u00a1Faltan muy pocos d\u00edas! Programa de Actividades para la EXPORURAL 2020\",\"datePublished\":\"2020-11-03T21:38:01+00:00\",\"dateModified\":\"2020-11-03T21:38:02+00:00\",\"mainEntityOfPage\":{\"@id\":\"https:\\\/\\\/ruralrafaela.com.ar\\\/exporural\\\/faltan-muy-pocos-dias-programa-de-actividades-para-la-exporural-2020\\\/\"},\"wordCount\":436,\"commentCount\":0,\"publisher\":{\"@id\":\"https:\\\/\\\/ruralrafaela.com.ar\\\/exporural\\\/#organization\"},\"image\":{\"@id\":\"https:\\\/\\\/ruralrafaela.com.ar\\\/exporural\\\/faltan-muy-pocos-dias-programa-de-actividades-para-la-exporural-2020\\\/#primaryimage\"},\"thumbnailUrl\":\"https:\\\/\\\/ruralrafaela.com.ar\\\/exporural\\\/wp-content\\\/uploads\\\/sites\\\/16\\\/2020\\\/11\\\/Charla_bumper.jpg\",\"articleSection\":[\"ExpoRural\"],\"inLanguage\":\"es\",\"potentialAction\":[{\"@type\":\"CommentAction\",\"name\":\"Comment\",\"target\":[\"https:\\\/\\\/ruralrafaela.com.ar\\\/exporural\\\/faltan-muy-pocos-dias-programa-de-actividades-para-la-exporural-2020\\\/#respond\"]}]},{\"@type\":\"WebPage\",\"@id\":\"https:\\\/\\\/ruralrafaela.com.ar\\\/exporural\\\/faltan-muy-pocos-dias-programa-de-actividades-para-la-exporural-2020\\\/\",\"url\":\"https:\\\/\\\/ruralrafaela.com.ar\\\/exporural\\\/faltan-muy-pocos-dias-programa-de-actividades-para-la-exporural-2020\\\/\",\"name\":\"\u00a1Faltan muy pocos d\u00edas! Programa de Actividades para la EXPORURAL 2020 - ExpoRural Rafaela y la Regi\u00f3n\",\"isPartOf\":{\"@id\":\"https:\\\/\\\/ruralrafaela.com.ar\\\/exporural\\\/#website\"},\"primaryImageOfPage\":{\"@id\":\"https:\\\/\\\/ruralrafaela.com.ar\\\/exporural\\\/faltan-muy-pocos-dias-programa-de-actividades-para-la-exporural-2020\\\/#primaryimage\"},\"image\":{\"@id\":\"https:\\\/\\\/ruralrafaela.com.ar\\\/exporural\\\/faltan-muy-pocos-dias-programa-de-actividades-para-la-exporural-2020\\\/#primaryimage\"},\"thumbnailUrl\":\"https:\\\/\\\/ruralrafaela.com.ar\\\/exporural\\\/wp-content\\\/uploads\\\/sites\\\/16\\\/2020\\\/11\\\/Charla_bumper.jpg\",\"datePublished\":\"2020-11-03T21:38:01+00:00\",\"dateModified\":\"2020-11-03T21:38:02+00:00\",\"breadcrumb\":{\"@id\":\"https:\\\/\\\/ruralrafaela.com.ar\\\/exporural\\\/faltan-muy-pocos-dias-programa-de-actividades-para-la-exporural-2020\\\/#breadcrumb\"},\"inLanguage\":\"es\",\"potentialAction\":[{\"@type\":\"ReadAction\",\"target\":[\"https:\\\/\\\/ruralrafaela.com.ar\\\/exporural\\\/faltan-muy-pocos-dias-programa-de-actividades-para-la-exporural-2020\\\/\"]}]},{\"@type\":\"ImageObject\",\"inLanguage\":\"es\",\"@id\":\"https:\\\/\\\/ruralrafaela.com.ar\\\/exporural\\\/faltan-muy-pocos-dias-programa-de-actividades-para-la-exporural-2020\\\/#primaryimage\",\"url\":\"https:\\\/\\\/ruralrafaela.com.ar\\\/exporural\\\/wp-content\\\/uploads\\\/sites\\\/16\\\/2020\\\/11\\\/Charla_bumper.jpg\",\"contentUrl\":\"https:\\\/\\\/ruralrafaela.com.ar\\\/exporural\\\/wp-content\\\/uploads\\\/sites\\\/16\\\/2020\\\/11\\\/Charla_bumper.jpg\",\"width\":600,\"height\":750},{\"@type\":\"BreadcrumbList\",\"@id\":\"https:\\\/\\\/ruralrafaela.com.ar\\\/exporural\\\/faltan-muy-pocos-dias-programa-de-actividades-para-la-exporural-2020\\\/#breadcrumb\",\"itemListElement\":[{\"@type\":\"ListItem\",\"position\":1,\"name\":\"Portada\",\"item\":\"https:\\\/\\\/ruralrafaela.com.ar\\\/exporural\\\/\"},{\"@type\":\"ListItem\",\"position\":2,\"name\":\"\u00a1Faltan muy pocos d\u00edas! Programa de Actividades para la EXPORURAL 2020\"}]},{\"@type\":\"WebSite\",\"@id\":\"https:\\\/\\\/ruralrafaela.com.ar\\\/exporural\\\/#website\",\"url\":\"https:\\\/\\\/ruralrafaela.com.ar\\\/exporural\\\/\",\"name\":\"ExpoRural Rafaela y la Regi\u00f3n\",\"description\":\"ExpoRural Rafaela y la Regi\u00f3n 2020 - Edici\u00f3n en L\u00ednea\",\"publisher\":{\"@id\":\"https:\\\/\\\/ruralrafaela.com.ar\\\/exporural\\\/#organization\"},\"potentialAction\":[{\"@type\":\"SearchAction\",\"target\":{\"@type\":\"EntryPoint\",\"urlTemplate\":\"https:\\\/\\\/ruralrafaela.com.ar\\\/exporural\\\/?s={search_term_string}\"},\"query-input\":{\"@type\":\"PropertyValueSpecification\",\"valueRequired\":true,\"valueName\":\"search_term_string\"}}],\"inLanguage\":\"es\"},{\"@type\":\"Organization\",\"@id\":\"https:\\\/\\\/ruralrafaela.com.ar\\\/exporural\\\/#organization\",\"name\":\"ExpoRural Rafaela y la Regi\u00f3n\",\"url\":\"https:\\\/\\\/ruralrafaela.com.ar\\\/exporural\\\/\",\"logo\":{\"@type\":\"ImageObject\",\"inLanguage\":\"es\",\"@id\":\"https:\\\/\\\/ruralrafaela.com.ar\\\/exporural\\\/#\\\/schema\\\/logo\\\/image\\\/\",\"url\":\"https:\\\/\\\/ruralrafaela.com.ar\\\/exporural\\\/wp-content\\\/uploads\\\/sites\\\/16\\\/2020\\\/10\\\/Log-Expo-2020.png\",\"contentUrl\":\"https:\\\/\\\/ruralrafaela.com.ar\\\/exporural\\\/wp-content\\\/uploads\\\/sites\\\/16\\\/2020\\\/10\\\/Log-Expo-2020.png\",\"width\":680,\"height\":404,\"caption\":\"ExpoRural Rafaela y la Regi\u00f3n\"},\"image\":{\"@id\":\"https:\\\/\\\/ruralrafaela.com.ar\\\/exporural\\\/#\\\/schema\\\/logo\\\/image\\\/\"}},{\"@type\":\"Person\",\"@id\":\"https:\\\/\\\/ruralrafaela.com.ar\\\/exporural\\\/#\\\/schema\\\/person\\\/b944097647cc828e58952e18b2cc493c\",\"name\":\"c1970093\",\"image\":{\"@type\":\"ImageObject\",\"inLanguage\":\"es\",\"@id\":\"https:\\\/\\\/secure.gravatar.com\\\/avatar\\\/45cdd73f3ef44c305e0057b84921f5c4dc0bf41c5999db82505293a43118ff3e?s=96&d=mm&r=g\",\"url\":\"https:\\\/\\\/secure.gravatar.com\\\/avatar\\\/45cdd73f3ef44c305e0057b84921f5c4dc0bf41c5999db82505293a43118ff3e?s=96&d=mm&r=g\",\"contentUrl\":\"https:\\\/\\\/secure.gravatar.com\\\/avatar\\\/45cdd73f3ef44c305e0057b84921f5c4dc0bf41c5999db82505293a43118ff3e?s=96&d=mm&r=g\",\"caption\":\"c1970093\"},\"url\":\"https:\\\/\\\/ruralrafaela.com.ar\\\/exporural\\\/author\\\/c1970093\\\/\"}]}<\/script>\n<!-- \/ Yoast SEO plugin. -->","yoast_head_json":{"title":"\u00a1Faltan muy pocos d\u00edas!      Programa de Actividades para la EXPORURAL 2020 - ExpoRural Rafaela y la Regi\u00f3n","robots":{"index":"index","follow":"follow","max-snippet":"max-snippet:-1","max-image-preview":"max-image-preview:large","max-video-preview":"max-video-preview:-1"},"canonical":"https:\/\/ruralrafaela.com.ar\/exporural\/faltan-muy-pocos-dias-programa-de-actividades-para-la-exporural-2020\/","og_locale":"es_ES","og_type":"article","og_title":"\u00a1Faltan muy pocos d\u00edas!      Programa de Actividades para la EXPORURAL 2020 - ExpoRural Rafaela y la Regi\u00f3n","og_description":"La comisi\u00f3n organizadora de la &nbsp;Expo Rural Rafaela y la Regi\u00f3n present\u00f3 un atractivo y completo programa de actividades para la versi\u00f3n \u201cen l\u00ednea\u201d de la Muestra de este a\u00f1o que ser\u00e1 los pr\u00f3ximos 11, 12 y 13 de noviembre. Entre las actividades salientes est\u00e1 la charla abierta, organizada por CEPAR, entidad comprometida con el [&hellip;]","og_url":"https:\/\/ruralrafaela.com.ar\/exporural\/faltan-muy-pocos-dias-programa-de-actividades-para-la-exporural-2020\/","og_site_name":"ExpoRural Rafaela y la Regi\u00f3n","article_published_time":"2020-11-03T21:38:01+00:00","article_modified_time":"2020-11-03T21:38:02+00:00","og_image":[{"width":600,"height":750,"url":"https:\/\/ruralrafaela.com.ar\/exporural\/wp-content\/uploads\/sites\/16\/2020\/11\/Charla_bumper.jpg","type":"image\/jpeg"}],"author":"c1970093","twitter_card":"summary_large_image","twitter_misc":{"Escrito por":"c1970093","Tiempo de lectura":"2 minutos"},"schema":{"@context":"https:\/\/schema.org","@graph":[{"@type":"Article","@id":"https:\/\/ruralrafaela.com.ar\/exporural\/faltan-muy-pocos-dias-programa-de-actividades-para-la-exporural-2020\/#article","isPartOf":{"@id":"https:\/\/ruralrafaela.com.ar\/exporural\/faltan-muy-pocos-dias-programa-de-actividades-para-la-exporural-2020\/"},"author":{"name":"c1970093","@id":"https:\/\/ruralrafaela.com.ar\/exporural\/#\/schema\/person\/b944097647cc828e58952e18b2cc493c"},"headline":"\u00a1Faltan muy pocos d\u00edas! Programa de Actividades para la EXPORURAL 2020","datePublished":"2020-11-03T21:38:01+00:00","dateModified":"2020-11-03T21:38:02+00:00","mainEntityOfPage":{"@id":"https:\/\/ruralrafaela.com.ar\/exporural\/faltan-muy-pocos-dias-programa-de-actividades-para-la-exporural-2020\/"},"wordCount":436,"commentCount":0,"publisher":{"@id":"https:\/\/ruralrafaela.com.ar\/exporural\/#organization"},"image":{"@id":"https:\/\/ruralrafaela.com.ar\/exporural\/faltan-muy-pocos-dias-programa-de-actividades-para-la-exporural-2020\/#primaryimage"},"thumbnailUrl":"https:\/\/ruralrafaela.com.ar\/exporural\/wp-content\/uploads\/sites\/16\/2020\/11\/Charla_bumper.jpg","articleSection":["ExpoRural"],"inLanguage":"es","potentialAction":[{"@type":"CommentAction","name":"Comment","target":["https:\/\/ruralrafaela.com.ar\/exporural\/faltan-muy-pocos-dias-programa-de-actividades-para-la-exporural-2020\/#respond"]}]},{"@type":"WebPage","@id":"https:\/\/ruralrafaela.com.ar\/exporural\/faltan-muy-pocos-dias-programa-de-actividades-para-la-exporural-2020\/","url":"https:\/\/ruralrafaela.com.ar\/exporural\/faltan-muy-pocos-dias-programa-de-actividades-para-la-exporural-2020\/","name":"\u00a1Faltan muy pocos d\u00edas! Programa de Actividades para la EXPORURAL 2020 - ExpoRural Rafaela y la Regi\u00f3n","isPartOf":{"@id":"https:\/\/ruralrafaela.com.ar\/exporural\/#website"},"primaryImageOfPage":{"@id":"https:\/\/ruralrafaela.com.ar\/exporural\/faltan-muy-pocos-dias-programa-de-actividades-para-la-exporural-2020\/#primaryimage"},"image":{"@id":"https:\/\/ruralrafaela.com.ar\/exporural\/faltan-muy-pocos-dias-programa-de-actividades-para-la-exporural-2020\/#primaryimage"},"thumbnailUrl":"https:\/\/ruralrafaela.com.ar\/exporural\/wp-content\/uploads\/sites\/16\/2020\/11\/Charla_bumper.jpg","datePublished":"2020-11-03T21:38:01+00:00","dateModified":"2020-11-03T21:38:02+00:00","breadcrumb":{"@id":"https:\/\/ruralrafaela.com.ar\/exporural\/faltan-muy-pocos-dias-programa-de-actividades-para-la-exporural-2020\/#breadcrumb"},"inLanguage":"es","potentialAction":[{"@type":"ReadAction","target":["https:\/\/ruralrafaela.com.ar\/exporural\/faltan-muy-pocos-dias-programa-de-actividades-para-la-exporural-2020\/"]}]},{"@type":"ImageObject","inLanguage":"es","@id":"https:\/\/ruralrafaela.com.ar\/exporural\/faltan-muy-pocos-dias-programa-de-actividades-para-la-exporural-2020\/#primaryimage","url":"https:\/\/ruralrafaela.com.ar\/exporural\/wp-content\/uploads\/sites\/16\/2020\/11\/Charla_bumper.jpg","contentUrl":"https:\/\/ruralrafaela.com.ar\/exporural\/wp-content\/uploads\/sites\/16\/2020\/11\/Charla_bumper.jpg","width":600,"height":750},{"@type":"BreadcrumbList","@id":"https:\/\/ruralrafaela.com.ar\/exporural\/faltan-muy-pocos-dias-programa-de-actividades-para-la-exporural-2020\/#breadcrumb","itemListElement":[{"@type":"ListItem","position":1,"name":"Portada","item":"https:\/\/ruralrafaela.com.ar\/exporural\/"},{"@type":"ListItem","position":2,"name":"\u00a1Faltan muy pocos d\u00edas! Programa de Actividades para la EXPORURAL 2020"}]},{"@type":"WebSite","@id":"https:\/\/ruralrafaela.com.ar\/exporural\/#website","url":"https:\/\/ruralrafaela.com.ar\/exporural\/","name":"ExpoRural Rafaela y la Regi\u00f3n","description":"ExpoRural Rafaela y la Regi\u00f3n 2020 - Edici\u00f3n en L\u00ednea","publisher":{"@id":"https:\/\/ruralrafaela.com.ar\/exporural\/#organization"},"potentialAction":[{"@type":"SearchAction","target":{"@type":"EntryPoint","urlTemplate":"https:\/\/ruralrafaela.com.ar\/exporural\/?s={search_term_string}"},"query-input":{"@type":"PropertyValueSpecification","valueRequired":true,"valueName":"search_term_string"}}],"inLanguage":"es"},{"@type":"Organization","@id":"https:\/\/ruralrafaela.com.ar\/exporural\/#organization","name":"ExpoRural Rafaela y la Regi\u00f3n","url":"https:\/\/ruralrafaela.com.ar\/exporural\/","logo":{"@type":"ImageObject","inLanguage":"es","@id":"https:\/\/ruralrafaela.com.ar\/exporural\/#\/schema\/logo\/image\/","url":"https:\/\/ruralrafaela.com.ar\/exporural\/wp-content\/uploads\/sites\/16\/2020\/10\/Log-Expo-2020.png","contentUrl":"https:\/\/ruralrafaela.com.ar\/exporural\/wp-content\/uploads\/sites\/16\/2020\/10\/Log-Expo-2020.png","width":680,"height":404,"caption":"ExpoRural Rafaela y la Regi\u00f3n"},"image":{"@id":"https:\/\/ruralrafaela.com.ar\/exporural\/#\/schema\/logo\/image\/"}},{"@type":"Person","@id":"https:\/\/ruralrafaela.com.ar\/exporural\/#\/schema\/person\/b944097647cc828e58952e18b2cc493c","name":"c1970093","image":{"@type":"ImageObject","inLanguage":"es","@id":"https:\/\/secure.gravatar.com\/avatar\/45cdd73f3ef44c305e0057b84921f5c4dc0bf41c5999db82505293a43118ff3e?s=96&d=mm&r=g","url":"https:\/\/secure.gravatar.com\/avatar\/45cdd73f3ef44c305e0057b84921f5c4dc0bf41c5999db82505293a43118ff3e?s=96&d=mm&r=g","contentUrl":"https:\/\/secure.gravatar.com\/avatar\/45cdd73f3ef44c305e0057b84921f5c4dc0bf41c5999db82505293a43118ff3e?s=96&d=mm&r=g","caption":"c1970093"},"url":"https:\/\/ruralrafaela.com.ar\/exporural\/author\/c1970093\/"}]}},"_links":{"self":[{"href":"https:\/\/ruralrafaela.com.ar\/exporural\/wp-json\/wp\/v2\/posts\/472","targetHints":{"allow":["GET"]}}],"collection":[{"href":"https:\/\/ruralrafaela.com.ar\/exporural\/wp-json\/wp\/v2\/posts"}],"about":[{"href":"https:\/\/ruralrafaela.com.ar\/exporural\/wp-json\/wp\/v2\/types\/post"}],"author":[{"embeddable":true,"href":"https:\/\/ruralrafaela.com.ar\/exporural\/wp-json\/wp\/v2\/users\/2"}],"replies":[{"embeddable":true,"href":"https:\/\/ruralrafaela.com.ar\/exporural\/wp-json\/wp\/v2\/comments?post=472"}],"version-history":[{"count":1,"href":"https:\/\/ruralrafaela.com.ar\/exporural\/wp-json\/wp\/v2\/posts\/472\/revisions"}],"predecessor-version":[{"id":474,"href":"https:\/\/ruralrafaela.com.ar\/exporural\/wp-json\/wp\/v2\/posts\/472\/revisions\/474"}],"wp:featuredmedia":[{"embeddable":true,"href":"https:\/\/ruralrafaela.com.ar\/exporural\/wp-json\/wp\/v2\/media\/473"}],"wp:attachment":[{"href":"https:\/\/ruralrafaela.com.ar\/exporural\/wp-json\/wp\/v2\/media?parent=472"}],"wp:term":[{"taxonomy":"category","embeddable":true,"href":"https:\/\/ruralrafaela.com.ar\/exporural\/wp-json\/wp\/v2\/categories?post=472"},{"taxonomy":"post_tag","embeddable":true,"href":"https:\/\/ruralrafaela.com.ar\/exporural\/wp-json\/wp\/v2\/tags?post=472"}],"curies":[{"name":"wp","href":"https:\/\/api.w.org\/{rel}","templated":true}]}}