{"id":2242,"date":"2020-11-14T11:19:00","date_gmt":"2020-11-14T14:19:00","guid":{"rendered":"http:\/\/ruralrafaela.com.ar\/exporural\/?p=2242"},"modified":"2020-11-16T17:23:38","modified_gmt":"2020-11-16T20:23:38","slug":"es-el-momento-de-torcer-para-bien-el-rumbo-de-la-historia","status":"publish","type":"post","link":"https:\/\/ruralrafaela.com.ar\/exporural\/es-el-momento-de-torcer-para-bien-el-rumbo-de-la-historia\/","title":{"rendered":"\u00abEs el momento de torcer para bien el rumbo de la historia\u2026\u00bb"},"content":{"rendered":"\n<p><strong>En un a\u00f1o especial, concluy\u00f3 la 113\u00ba ExpoRural de Rafaela y la Regi\u00f3n&nbsp;<\/strong><\/p>\n\n\n\n<p>La tradicional muestra se cerr\u00f3 con un acto reducido y transmitido en l\u00ednea donde se destac\u00f3 el centenario del Concurso de Vacas Lecheras, el 70\u00ba aniversario del Control Lechero y los 25 a\u00f1os del grupo GAMA.&nbsp;<\/p>\n\n\n\n<p>Es la primera vez que un acto formal de la muestra se da en un marco de tanta quietud. Con una presencia reducida por las condiciones impuestas por la pandemia de Covid-19 el acto se hizo durante el atardecer de este viernes, frente al&nbsp; Sal\u00f3n de Industrias.&nbsp;<\/p>\n\n\n\n<p>Con la presencia de los integrantes de la Comisi\u00f3n Directiva de la Sociedad Rural de Rafaela, del ministro de la Producci\u00f3n, Daniel Costamagna, del director provincial de Lecher\u00eda, Abel Zenklusen; el intendente de la ciudad, Luis Castellano; el presidente del Concejo Municipal, Germ\u00e1n Bottero; el subdirector de la Unidad Regional V, Jos\u00e9 Carruega; y el presidente del Centro Comercial e Industrial de Rafaela y la Regi\u00f3n, Diego Castro.<br>De manera virtual y a trav\u00e9s del canal de YouTube de la entidad estuvieron conectados Jorge Chemes, el presidente de CRA y Carlos Castagnani, presidente de Carsfe.&nbsp;<\/p>\n\n\n\n<p>El gobernador Omar Perotti, envi\u00f3 una carta saludando a la entidad por el empe\u00f1o para desarrollar esta edici\u00f3n.<\/p>\n\n\n\n<p>Cabe destacar que esta muestra fue declarada de inter\u00e9s por la C\u00e1mara de Diputados de la Provincia de Santa Fe.<\/p>\n\n\n\n<p>En esta oportunidad y como es habitual, se respet\u00f3 el momento de recuerdo a los h\u00e9roes de Malvinas.&nbsp;<\/p>\n\n\n\n<p>Este 2020 marca el centenario del Concurso de Vacas Lecheras, competencia \u00fanica en su tipo en el pa\u00eds, que es orgullo para la raza Holando Argentino. El dedicado trabajo&nbsp; y el entusiasmo de los competidores, caba\u00f1eros, cuidadores y ayudantes constituye un atractivo esencial en la muestra y un ejemplo para el pa\u00eds. Los ejemplares premiados representan lo m\u00e1s exquisito de la raza y el emblema de la estructura productiva, econ\u00f3mica y social del centro-oeste de la provincia de Santa Fe.&nbsp;<\/p>\n\n\n\n<p>Se festejaron tambi\u00e9n los 70 a\u00f1os del Control Lechero, el servicio m\u00e1s antiguo que presta de la entidad.&nbsp; &nbsp;<\/p>\n\n\n\n<p>Para descubrir una placa conmemorativa se convoc\u00f3 a Daniel Costamagna; a Rub\u00e9n Ferrero, vicepresidente CRA; Pedro Rostagno Vicepresidente de CARSFE; Guillermo Miretti vicepresidente ACHA, de Caba\u00f1a La Luisa y a Juan Felissia de Caba\u00f1a La Magdalena, tambi\u00e9n jurado internacional de la raza.&nbsp;<\/p>\n\n\n\n<p>Del mismo modo, pero celebrando 25 a\u00f1os, el Grupo de Ayuda a Mujeres Agropecuarias fue reconocido por compartir, apoyar desaf\u00edos y buscar soluciones desde y para la familia agropecuaria.&nbsp;<\/p>\n\n\n\n<p>Luis Castellano, junto a la presidente de GAMA, Noel\u00ed Demarco, y las integrantes Beatriz Zenklusen, Beatriz Podio y Ana Ferrero descurbrieron tambi\u00e9n la placa que se ubicar\u00e1 frente al Sal\u00f3n de Industrias a descubrir la placa conmemorativa.&nbsp;<\/p>\n\n\n\n<p>Al momento de compartir los discursos, la presidente de la entidad sostuvo que \u201c<strong><em>es el momento de torcer para bien el rumbo de la historia\u2026 Concertemos bases y principios para lineamientos comunes de crecimiento, aceptemos las diferencias, respetemos las particularidades y desde las coincidencias empecemos hoy a recuperar ese pa\u00eds grandioso e infinito al que so\u00f1amos pertenecer\u201d<\/em><\/strong>, poniendo de relieve la disposici\u00f3n del campo a sumarse al desaf\u00edo.&nbsp;<\/p>\n\n\n\n<p>Seguidamente el Intendente Castellano tambi\u00e9n habl\u00f3, reconociendo los espacios de intercambio compartidos con la Sociedad Rural de Rafaela, el trabajo sobre la inseguridad rural, pero tambi\u00e9n mencion\u00f3 que \u201cla discusi\u00f3n de los fitosanitarios que no va a ser f\u00e1cil, pero hay que asumirla\u201d.&nbsp;<\/p>\n\n\n\n<p>Antes del cierre del acto, Jonatan Santill\u00e1n ameniz\u00f3 el momento interpretando \u201cViva la vida\u201d de Coldplay, en una noche especial en la que toda la expectativa se centr\u00f3 en volver a tener el predio repleto de visitas para el a\u00f1o pr\u00f3ximo, augurando que se pueda recuperar los sonidos habituales de la ExpoRural de Rafaela.&nbsp;<\/p>\n","protected":false},"excerpt":{"rendered":"<p>En un a\u00f1o especial, concluy\u00f3 la 113\u00ba ExpoRural de Rafaela y la Regi\u00f3n&nbsp; La tradicional muestra se cerr\u00f3 con un acto reducido y transmitido en l\u00ednea donde se destac\u00f3 el centenario del Concurso de Vacas Lecheras, el 70\u00ba aniversario del Control Lechero y los 25 a\u00f1os del grupo GAMA.&nbsp; Es la primera vez que un [&hellip;]<\/p>\n","protected":false},"author":2,"featured_media":2243,"comment_status":"closed","ping_status":"open","sticky":false,"template":"","format":"standard","meta":{"ocean_post_layout":"","ocean_both_sidebars_style":"","ocean_both_sidebars_content_width":0,"ocean_both_sidebars_sidebars_width":0,"ocean_sidebar":"0","ocean_second_sidebar":"0","ocean_disable_margins":"enable","ocean_add_body_class":"","ocean_shortcode_before_top_bar":"","ocean_shortcode_after_top_bar":"","ocean_shortcode_before_header":"","ocean_shortcode_after_header":"","ocean_has_shortcode":"","ocean_shortcode_after_title":"","ocean_shortcode_before_footer_widgets":"","ocean_shortcode_after_footer_widgets":"","ocean_shortcode_before_footer_bottom":"","ocean_shortcode_after_footer_bottom":"","ocean_display_top_bar":"default","ocean_display_header":"default","ocean_header_style":"","ocean_center_header_left_menu":"0","ocean_custom_header_template":"0","ocean_custom_logo":0,"ocean_custom_retina_logo":0,"ocean_custom_logo_max_width":0,"ocean_custom_logo_tablet_max_width":0,"ocean_custom_logo_mobile_max_width":0,"ocean_custom_logo_max_height":0,"ocean_custom_logo_tablet_max_height":0,"ocean_custom_logo_mobile_max_height":0,"ocean_header_custom_menu":"0","ocean_menu_typo_font_family":"0","ocean_menu_typo_font_subset":"","ocean_menu_typo_font_size":0,"ocean_menu_typo_font_size_tablet":0,"ocean_menu_typo_font_size_mobile":0,"ocean_menu_typo_font_size_unit":"px","ocean_menu_typo_font_weight":"","ocean_menu_typo_font_weight_tablet":"","ocean_menu_typo_font_weight_mobile":"","ocean_menu_typo_transform":"","ocean_menu_typo_transform_tablet":"","ocean_menu_typo_transform_mobile":"","ocean_menu_typo_line_height":0,"ocean_menu_typo_line_height_tablet":0,"ocean_menu_typo_line_height_mobile":0,"ocean_menu_typo_line_height_unit":"","ocean_menu_typo_spacing":0,"ocean_menu_typo_spacing_tablet":0,"ocean_menu_typo_spacing_mobile":0,"ocean_menu_typo_spacing_unit":"","ocean_menu_link_color":"","ocean_menu_link_color_hover":"","ocean_menu_link_color_active":"","ocean_menu_link_background":"","ocean_menu_link_hover_background":"","ocean_menu_link_active_background":"","ocean_menu_social_links_bg":"","ocean_menu_social_hover_links_bg":"","ocean_menu_social_links_color":"","ocean_menu_social_hover_links_color":"","ocean_disable_title":"default","ocean_disable_heading":"default","ocean_post_title":"","ocean_post_subheading":"","ocean_post_title_style":"","ocean_post_title_background_color":"","ocean_post_title_background":0,"ocean_post_title_bg_image_position":"","ocean_post_title_bg_image_attachment":"","ocean_post_title_bg_image_repeat":"","ocean_post_title_bg_image_size":"","ocean_post_title_height":0,"ocean_post_title_bg_overlay":0.5,"ocean_post_title_bg_overlay_color":"","ocean_disable_breadcrumbs":"default","ocean_breadcrumbs_color":"","ocean_breadcrumbs_separator_color":"","ocean_breadcrumbs_links_color":"","ocean_breadcrumbs_links_hover_color":"","ocean_display_footer_widgets":"default","ocean_display_footer_bottom":"default","ocean_custom_footer_template":"0","_joinchat":[],"ocean_post_oembed":"","ocean_post_self_hosted_media":"","ocean_post_video_embed":"","ocean_link_format":"","ocean_link_format_target":"self","ocean_quote_format":"","ocean_quote_format_link":"post","ocean_gallery_link_images":"off","ocean_gallery_id":[],"footnotes":""},"categories":[8],"tags":[],"class_list":["post-2242","post","type-post","status-publish","format-standard","has-post-thumbnail","hentry","category-exporural","entry","has-media"],"yoast_head":"<!-- This site is optimized with the Yoast SEO plugin v27.5 - https:\/\/yoast.com\/product\/yoast-seo-wordpress\/ -->\n<title>&quot;Es el momento de torcer para bien el rumbo de la historia\u2026&quot; - ExpoRural Rafaela y la Regi\u00f3n<\/title>\n<meta name=\"robots\" content=\"index, follow, max-snippet:-1, max-image-preview:large, max-video-preview:-1\" \/>\n<link rel=\"canonical\" href=\"https:\/\/ruralrafaela.com.ar\/exporural\/es-el-momento-de-torcer-para-bien-el-rumbo-de-la-historia\/\" \/>\n<meta property=\"og:locale\" content=\"es_ES\" \/>\n<meta property=\"og:type\" content=\"article\" \/>\n<meta property=\"og:title\" content=\"&quot;Es el momento de torcer para bien el rumbo de la historia\u2026&quot; - ExpoRural Rafaela y la Regi\u00f3n\" \/>\n<meta property=\"og:description\" content=\"En un a\u00f1o especial, concluy\u00f3 la 113\u00ba ExpoRural de Rafaela y la Regi\u00f3n&nbsp; La tradicional muestra se cerr\u00f3 con un acto reducido y transmitido en l\u00ednea donde se destac\u00f3 el centenario del Concurso de Vacas Lecheras, el 70\u00ba aniversario del Control Lechero y los 25 a\u00f1os del grupo GAMA.&nbsp; Es la primera vez que un [&hellip;]\" \/>\n<meta property=\"og:url\" content=\"https:\/\/ruralrafaela.com.ar\/exporural\/es-el-momento-de-torcer-para-bien-el-rumbo-de-la-historia\/\" \/>\n<meta property=\"og:site_name\" content=\"ExpoRural Rafaela y la Regi\u00f3n\" \/>\n<meta property=\"article:published_time\" content=\"2020-11-14T14:19:00+00:00\" \/>\n<meta property=\"article:modified_time\" content=\"2020-11-16T20:23:38+00:00\" \/>\n<meta property=\"og:image\" content=\"https:\/\/ruralrafaela.com.ar\/exporural\/wp-content\/uploads\/sites\/16\/2020\/11\/Acto.jpg\" \/>\n\t<meta property=\"og:image:width\" content=\"1115\" \/>\n\t<meta property=\"og:image:height\" content=\"627\" \/>\n\t<meta property=\"og:image:type\" content=\"image\/jpeg\" \/>\n<meta name=\"author\" content=\"c1970093\" \/>\n<meta name=\"twitter:card\" content=\"summary_large_image\" \/>\n<meta name=\"twitter:label1\" content=\"Escrito por\" \/>\n\t<meta name=\"twitter:data1\" content=\"c1970093\" \/>\n\t<meta name=\"twitter:label2\" content=\"Tiempo de lectura\" \/>\n\t<meta name=\"twitter:data2\" content=\"3 minutos\" \/>\n<script type=\"application\/ld+json\" class=\"yoast-schema-graph\">{\"@context\":\"https:\\\/\\\/schema.org\",\"@graph\":[{\"@type\":\"Article\",\"@id\":\"https:\\\/\\\/ruralrafaela.com.ar\\\/exporural\\\/es-el-momento-de-torcer-para-bien-el-rumbo-de-la-historia\\\/#article\",\"isPartOf\":{\"@id\":\"https:\\\/\\\/ruralrafaela.com.ar\\\/exporural\\\/es-el-momento-de-torcer-para-bien-el-rumbo-de-la-historia\\\/\"},\"author\":{\"name\":\"c1970093\",\"@id\":\"https:\\\/\\\/ruralrafaela.com.ar\\\/exporural\\\/#\\\/schema\\\/person\\\/b944097647cc828e58952e18b2cc493c\"},\"headline\":\"\u00abEs el momento de torcer para bien el rumbo de la historia\u2026\u00bb\",\"datePublished\":\"2020-11-14T14:19:00+00:00\",\"dateModified\":\"2020-11-16T20:23:38+00:00\",\"mainEntityOfPage\":{\"@id\":\"https:\\\/\\\/ruralrafaela.com.ar\\\/exporural\\\/es-el-momento-de-torcer-para-bien-el-rumbo-de-la-historia\\\/\"},\"wordCount\":683,\"publisher\":{\"@id\":\"https:\\\/\\\/ruralrafaela.com.ar\\\/exporural\\\/#organization\"},\"image\":{\"@id\":\"https:\\\/\\\/ruralrafaela.com.ar\\\/exporural\\\/es-el-momento-de-torcer-para-bien-el-rumbo-de-la-historia\\\/#primaryimage\"},\"thumbnailUrl\":\"https:\\\/\\\/ruralrafaela.com.ar\\\/exporural\\\/wp-content\\\/uploads\\\/sites\\\/16\\\/2020\\\/11\\\/Acto.jpg\",\"articleSection\":[\"ExpoRural\"],\"inLanguage\":\"es\"},{\"@type\":\"WebPage\",\"@id\":\"https:\\\/\\\/ruralrafaela.com.ar\\\/exporural\\\/es-el-momento-de-torcer-para-bien-el-rumbo-de-la-historia\\\/\",\"url\":\"https:\\\/\\\/ruralrafaela.com.ar\\\/exporural\\\/es-el-momento-de-torcer-para-bien-el-rumbo-de-la-historia\\\/\",\"name\":\"\\\"Es el momento de torcer para bien el rumbo de la historia\u2026\\\" - ExpoRural Rafaela y la Regi\u00f3n\",\"isPartOf\":{\"@id\":\"https:\\\/\\\/ruralrafaela.com.ar\\\/exporural\\\/#website\"},\"primaryImageOfPage\":{\"@id\":\"https:\\\/\\\/ruralrafaela.com.ar\\\/exporural\\\/es-el-momento-de-torcer-para-bien-el-rumbo-de-la-historia\\\/#primaryimage\"},\"image\":{\"@id\":\"https:\\\/\\\/ruralrafaela.com.ar\\\/exporural\\\/es-el-momento-de-torcer-para-bien-el-rumbo-de-la-historia\\\/#primaryimage\"},\"thumbnailUrl\":\"https:\\\/\\\/ruralrafaela.com.ar\\\/exporural\\\/wp-content\\\/uploads\\\/sites\\\/16\\\/2020\\\/11\\\/Acto.jpg\",\"datePublished\":\"2020-11-14T14:19:00+00:00\",\"dateModified\":\"2020-11-16T20:23:38+00:00\",\"breadcrumb\":{\"@id\":\"https:\\\/\\\/ruralrafaela.com.ar\\\/exporural\\\/es-el-momento-de-torcer-para-bien-el-rumbo-de-la-historia\\\/#breadcrumb\"},\"inLanguage\":\"es\",\"potentialAction\":[{\"@type\":\"ReadAction\",\"target\":[\"https:\\\/\\\/ruralrafaela.com.ar\\\/exporural\\\/es-el-momento-de-torcer-para-bien-el-rumbo-de-la-historia\\\/\"]}]},{\"@type\":\"ImageObject\",\"inLanguage\":\"es\",\"@id\":\"https:\\\/\\\/ruralrafaela.com.ar\\\/exporural\\\/es-el-momento-de-torcer-para-bien-el-rumbo-de-la-historia\\\/#primaryimage\",\"url\":\"https:\\\/\\\/ruralrafaela.com.ar\\\/exporural\\\/wp-content\\\/uploads\\\/sites\\\/16\\\/2020\\\/11\\\/Acto.jpg\",\"contentUrl\":\"https:\\\/\\\/ruralrafaela.com.ar\\\/exporural\\\/wp-content\\\/uploads\\\/sites\\\/16\\\/2020\\\/11\\\/Acto.jpg\",\"width\":1115,\"height\":627},{\"@type\":\"BreadcrumbList\",\"@id\":\"https:\\\/\\\/ruralrafaela.com.ar\\\/exporural\\\/es-el-momento-de-torcer-para-bien-el-rumbo-de-la-historia\\\/#breadcrumb\",\"itemListElement\":[{\"@type\":\"ListItem\",\"position\":1,\"name\":\"Portada\",\"item\":\"https:\\\/\\\/ruralrafaela.com.ar\\\/exporural\\\/\"},{\"@type\":\"ListItem\",\"position\":2,\"name\":\"\u00abEs el momento de torcer para bien el rumbo de la historia\u2026\u00bb\"}]},{\"@type\":\"WebSite\",\"@id\":\"https:\\\/\\\/ruralrafaela.com.ar\\\/exporural\\\/#website\",\"url\":\"https:\\\/\\\/ruralrafaela.com.ar\\\/exporural\\\/\",\"name\":\"ExpoRural Rafaela y la Regi\u00f3n\",\"description\":\"ExpoRural Rafaela y la Regi\u00f3n 2020 - Edici\u00f3n en L\u00ednea\",\"publisher\":{\"@id\":\"https:\\\/\\\/ruralrafaela.com.ar\\\/exporural\\\/#organization\"},\"potentialAction\":[{\"@type\":\"SearchAction\",\"target\":{\"@type\":\"EntryPoint\",\"urlTemplate\":\"https:\\\/\\\/ruralrafaela.com.ar\\\/exporural\\\/?s={search_term_string}\"},\"query-input\":{\"@type\":\"PropertyValueSpecification\",\"valueRequired\":true,\"valueName\":\"search_term_string\"}}],\"inLanguage\":\"es\"},{\"@type\":\"Organization\",\"@id\":\"https:\\\/\\\/ruralrafaela.com.ar\\\/exporural\\\/#organization\",\"name\":\"ExpoRural Rafaela y la Regi\u00f3n\",\"url\":\"https:\\\/\\\/ruralrafaela.com.ar\\\/exporural\\\/\",\"logo\":{\"@type\":\"ImageObject\",\"inLanguage\":\"es\",\"@id\":\"https:\\\/\\\/ruralrafaela.com.ar\\\/exporural\\\/#\\\/schema\\\/logo\\\/image\\\/\",\"url\":\"https:\\\/\\\/ruralrafaela.com.ar\\\/exporural\\\/wp-content\\\/uploads\\\/sites\\\/16\\\/2020\\\/10\\\/Log-Expo-2020.png\",\"contentUrl\":\"https:\\\/\\\/ruralrafaela.com.ar\\\/exporural\\\/wp-content\\\/uploads\\\/sites\\\/16\\\/2020\\\/10\\\/Log-Expo-2020.png\",\"width\":680,\"height\":404,\"caption\":\"ExpoRural Rafaela y la Regi\u00f3n\"},\"image\":{\"@id\":\"https:\\\/\\\/ruralrafaela.com.ar\\\/exporural\\\/#\\\/schema\\\/logo\\\/image\\\/\"}},{\"@type\":\"Person\",\"@id\":\"https:\\\/\\\/ruralrafaela.com.ar\\\/exporural\\\/#\\\/schema\\\/person\\\/b944097647cc828e58952e18b2cc493c\",\"name\":\"c1970093\",\"image\":{\"@type\":\"ImageObject\",\"inLanguage\":\"es\",\"@id\":\"https:\\\/\\\/secure.gravatar.com\\\/avatar\\\/45cdd73f3ef44c305e0057b84921f5c4dc0bf41c5999db82505293a43118ff3e?s=96&d=mm&r=g\",\"url\":\"https:\\\/\\\/secure.gravatar.com\\\/avatar\\\/45cdd73f3ef44c305e0057b84921f5c4dc0bf41c5999db82505293a43118ff3e?s=96&d=mm&r=g\",\"contentUrl\":\"https:\\\/\\\/secure.gravatar.com\\\/avatar\\\/45cdd73f3ef44c305e0057b84921f5c4dc0bf41c5999db82505293a43118ff3e?s=96&d=mm&r=g\",\"caption\":\"c1970093\"},\"url\":\"https:\\\/\\\/ruralrafaela.com.ar\\\/exporural\\\/author\\\/c1970093\\\/\"}]}<\/script>\n<!-- \/ Yoast SEO plugin. -->","yoast_head_json":{"title":"\"Es el momento de torcer para bien el rumbo de la historia\u2026\" - ExpoRural Rafaela y la Regi\u00f3n","robots":{"index":"index","follow":"follow","max-snippet":"max-snippet:-1","max-image-preview":"max-image-preview:large","max-video-preview":"max-video-preview:-1"},"canonical":"https:\/\/ruralrafaela.com.ar\/exporural\/es-el-momento-de-torcer-para-bien-el-rumbo-de-la-historia\/","og_locale":"es_ES","og_type":"article","og_title":"\"Es el momento de torcer para bien el rumbo de la historia\u2026\" - ExpoRural Rafaela y la Regi\u00f3n","og_description":"En un a\u00f1o especial, concluy\u00f3 la 113\u00ba ExpoRural de Rafaela y la Regi\u00f3n&nbsp; La tradicional muestra se cerr\u00f3 con un acto reducido y transmitido en l\u00ednea donde se destac\u00f3 el centenario del Concurso de Vacas Lecheras, el 70\u00ba aniversario del Control Lechero y los 25 a\u00f1os del grupo GAMA.&nbsp; Es la primera vez que un [&hellip;]","og_url":"https:\/\/ruralrafaela.com.ar\/exporural\/es-el-momento-de-torcer-para-bien-el-rumbo-de-la-historia\/","og_site_name":"ExpoRural Rafaela y la Regi\u00f3n","article_published_time":"2020-11-14T14:19:00+00:00","article_modified_time":"2020-11-16T20:23:38+00:00","og_image":[{"width":1115,"height":627,"url":"https:\/\/ruralrafaela.com.ar\/exporural\/wp-content\/uploads\/sites\/16\/2020\/11\/Acto.jpg","type":"image\/jpeg"}],"author":"c1970093","twitter_card":"summary_large_image","twitter_misc":{"Escrito por":"c1970093","Tiempo de lectura":"3 minutos"},"schema":{"@context":"https:\/\/schema.org","@graph":[{"@type":"Article","@id":"https:\/\/ruralrafaela.com.ar\/exporural\/es-el-momento-de-torcer-para-bien-el-rumbo-de-la-historia\/#article","isPartOf":{"@id":"https:\/\/ruralrafaela.com.ar\/exporural\/es-el-momento-de-torcer-para-bien-el-rumbo-de-la-historia\/"},"author":{"name":"c1970093","@id":"https:\/\/ruralrafaela.com.ar\/exporural\/#\/schema\/person\/b944097647cc828e58952e18b2cc493c"},"headline":"\u00abEs el momento de torcer para bien el rumbo de la historia\u2026\u00bb","datePublished":"2020-11-14T14:19:00+00:00","dateModified":"2020-11-16T20:23:38+00:00","mainEntityOfPage":{"@id":"https:\/\/ruralrafaela.com.ar\/exporural\/es-el-momento-de-torcer-para-bien-el-rumbo-de-la-historia\/"},"wordCount":683,"publisher":{"@id":"https:\/\/ruralrafaela.com.ar\/exporural\/#organization"},"image":{"@id":"https:\/\/ruralrafaela.com.ar\/exporural\/es-el-momento-de-torcer-para-bien-el-rumbo-de-la-historia\/#primaryimage"},"thumbnailUrl":"https:\/\/ruralrafaela.com.ar\/exporural\/wp-content\/uploads\/sites\/16\/2020\/11\/Acto.jpg","articleSection":["ExpoRural"],"inLanguage":"es"},{"@type":"WebPage","@id":"https:\/\/ruralrafaela.com.ar\/exporural\/es-el-momento-de-torcer-para-bien-el-rumbo-de-la-historia\/","url":"https:\/\/ruralrafaela.com.ar\/exporural\/es-el-momento-de-torcer-para-bien-el-rumbo-de-la-historia\/","name":"\"Es el momento de torcer para bien el rumbo de la historia\u2026\" - ExpoRural Rafaela y la Regi\u00f3n","isPartOf":{"@id":"https:\/\/ruralrafaela.com.ar\/exporural\/#website"},"primaryImageOfPage":{"@id":"https:\/\/ruralrafaela.com.ar\/exporural\/es-el-momento-de-torcer-para-bien-el-rumbo-de-la-historia\/#primaryimage"},"image":{"@id":"https:\/\/ruralrafaela.com.ar\/exporural\/es-el-momento-de-torcer-para-bien-el-rumbo-de-la-historia\/#primaryimage"},"thumbnailUrl":"https:\/\/ruralrafaela.com.ar\/exporural\/wp-content\/uploads\/sites\/16\/2020\/11\/Acto.jpg","datePublished":"2020-11-14T14:19:00+00:00","dateModified":"2020-11-16T20:23:38+00:00","breadcrumb":{"@id":"https:\/\/ruralrafaela.com.ar\/exporural\/es-el-momento-de-torcer-para-bien-el-rumbo-de-la-historia\/#breadcrumb"},"inLanguage":"es","potentialAction":[{"@type":"ReadAction","target":["https:\/\/ruralrafaela.com.ar\/exporural\/es-el-momento-de-torcer-para-bien-el-rumbo-de-la-historia\/"]}]},{"@type":"ImageObject","inLanguage":"es","@id":"https:\/\/ruralrafaela.com.ar\/exporural\/es-el-momento-de-torcer-para-bien-el-rumbo-de-la-historia\/#primaryimage","url":"https:\/\/ruralrafaela.com.ar\/exporural\/wp-content\/uploads\/sites\/16\/2020\/11\/Acto.jpg","contentUrl":"https:\/\/ruralrafaela.com.ar\/exporural\/wp-content\/uploads\/sites\/16\/2020\/11\/Acto.jpg","width":1115,"height":627},{"@type":"BreadcrumbList","@id":"https:\/\/ruralrafaela.com.ar\/exporural\/es-el-momento-de-torcer-para-bien-el-rumbo-de-la-historia\/#breadcrumb","itemListElement":[{"@type":"ListItem","position":1,"name":"Portada","item":"https:\/\/ruralrafaela.com.ar\/exporural\/"},{"@type":"ListItem","position":2,"name":"\u00abEs el momento de torcer para bien el rumbo de la historia\u2026\u00bb"}]},{"@type":"WebSite","@id":"https:\/\/ruralrafaela.com.ar\/exporural\/#website","url":"https:\/\/ruralrafaela.com.ar\/exporural\/","name":"ExpoRural Rafaela y la Regi\u00f3n","description":"ExpoRural Rafaela y la Regi\u00f3n 2020 - Edici\u00f3n en L\u00ednea","publisher":{"@id":"https:\/\/ruralrafaela.com.ar\/exporural\/#organization"},"potentialAction":[{"@type":"SearchAction","target":{"@type":"EntryPoint","urlTemplate":"https:\/\/ruralrafaela.com.ar\/exporural\/?s={search_term_string}"},"query-input":{"@type":"PropertyValueSpecification","valueRequired":true,"valueName":"search_term_string"}}],"inLanguage":"es"},{"@type":"Organization","@id":"https:\/\/ruralrafaela.com.ar\/exporural\/#organization","name":"ExpoRural Rafaela y la Regi\u00f3n","url":"https:\/\/ruralrafaela.com.ar\/exporural\/","logo":{"@type":"ImageObject","inLanguage":"es","@id":"https:\/\/ruralrafaela.com.ar\/exporural\/#\/schema\/logo\/image\/","url":"https:\/\/ruralrafaela.com.ar\/exporural\/wp-content\/uploads\/sites\/16\/2020\/10\/Log-Expo-2020.png","contentUrl":"https:\/\/ruralrafaela.com.ar\/exporural\/wp-content\/uploads\/sites\/16\/2020\/10\/Log-Expo-2020.png","width":680,"height":404,"caption":"ExpoRural Rafaela y la Regi\u00f3n"},"image":{"@id":"https:\/\/ruralrafaela.com.ar\/exporural\/#\/schema\/logo\/image\/"}},{"@type":"Person","@id":"https:\/\/ruralrafaela.com.ar\/exporural\/#\/schema\/person\/b944097647cc828e58952e18b2cc493c","name":"c1970093","image":{"@type":"ImageObject","inLanguage":"es","@id":"https:\/\/secure.gravatar.com\/avatar\/45cdd73f3ef44c305e0057b84921f5c4dc0bf41c5999db82505293a43118ff3e?s=96&d=mm&r=g","url":"https:\/\/secure.gravatar.com\/avatar\/45cdd73f3ef44c305e0057b84921f5c4dc0bf41c5999db82505293a43118ff3e?s=96&d=mm&r=g","contentUrl":"https:\/\/secure.gravatar.com\/avatar\/45cdd73f3ef44c305e0057b84921f5c4dc0bf41c5999db82505293a43118ff3e?s=96&d=mm&r=g","caption":"c1970093"},"url":"https:\/\/ruralrafaela.com.ar\/exporural\/author\/c1970093\/"}]}},"_links":{"self":[{"href":"https:\/\/ruralrafaela.com.ar\/exporural\/wp-json\/wp\/v2\/posts\/2242","targetHints":{"allow":["GET"]}}],"collection":[{"href":"https:\/\/ruralrafaela.com.ar\/exporural\/wp-json\/wp\/v2\/posts"}],"about":[{"href":"https:\/\/ruralrafaela.com.ar\/exporural\/wp-json\/wp\/v2\/types\/post"}],"author":[{"embeddable":true,"href":"https:\/\/ruralrafaela.com.ar\/exporural\/wp-json\/wp\/v2\/users\/2"}],"replies":[{"embeddable":true,"href":"https:\/\/ruralrafaela.com.ar\/exporural\/wp-json\/wp\/v2\/comments?post=2242"}],"version-history":[{"count":1,"href":"https:\/\/ruralrafaela.com.ar\/exporural\/wp-json\/wp\/v2\/posts\/2242\/revisions"}],"predecessor-version":[{"id":2244,"href":"https:\/\/ruralrafaela.com.ar\/exporural\/wp-json\/wp\/v2\/posts\/2242\/revisions\/2244"}],"wp:featuredmedia":[{"embeddable":true,"href":"https:\/\/ruralrafaela.com.ar\/exporural\/wp-json\/wp\/v2\/media\/2243"}],"wp:attachment":[{"href":"https:\/\/ruralrafaela.com.ar\/exporural\/wp-json\/wp\/v2\/media?parent=2242"}],"wp:term":[{"taxonomy":"category","embeddable":true,"href":"https:\/\/ruralrafaela.com.ar\/exporural\/wp-json\/wp\/v2\/categories?post=2242"},{"taxonomy":"post_tag","embeddable":true,"href":"https:\/\/ruralrafaela.com.ar\/exporural\/wp-json\/wp\/v2\/tags?post=2242"}],"curies":[{"name":"wp","href":"https:\/\/api.w.org\/{rel}","templated":true}]}}