{"id":2235,"date":"2020-11-13T16:08:00","date_gmt":"2020-11-13T19:08:00","guid":{"rendered":"http:\/\/ruralrafaela.com.ar\/exporural\/?p=2235"},"modified":"2020-11-16T17:10:07","modified_gmt":"2020-11-16T20:10:07","slug":"exporural-2020todo-lo-que-hay-que-saber-sobre-cortinas-forestales","status":"publish","type":"post","link":"https:\/\/ruralrafaela.com.ar\/exporural\/exporural-2020todo-lo-que-hay-que-saber-sobre-cortinas-forestales\/","title":{"rendered":"ExpoRural 2020:Todo lo que hay que saber sobre cortinas forestales"},"content":{"rendered":"\n<p>&nbsp;<strong><em>\u201cProponemos cortinas forestales y una producci\u00f3n con cada vez menos uso de productos sint\u00e9ticos, con m\u00e1s control municipal, m\u00e1s informaci\u00f3n disponible y con criterios mancomunados. Estamos convencidos que es posible producir en tierras del periurbano, con la certeza que nadie quiere perjudicar a nadie\u201d<\/em><\/strong>.&nbsp;<\/p>\n\n\n\n<p>Como parte de la agenda del \u00faltimo d\u00eda de la 113\u00ba ExpoRural de Rafaela y la Regi\u00f3n, continuando con las charlas vinculadas a la responsabilidad ambiental de los productores, se desarroll\u00f3 un exhaustivo detalle sobre las cortinas forestales.&nbsp;<\/p>\n\n\n\n<p>Convocado por el Grupo de Ayuda a Mujeres Agropecuarias, que celebran  sus 25 a\u00f1os de formaci\u00f3n, el encuentro tuvo a tres disertantes&nbsp; avezados en la materia.&nbsp;<\/p>\n\n\n\n<p>En primer t\u00e9rmino, el licenciado en edafolog\u00eda de la Agencia de Extensi\u00f3n Rural del INTA Rafaela, Cristian Le\u00f3n, present\u00f3 brevemente el proyecto que se viene elaborando para unificar las disposiciones para agroqu\u00edmicos, remarcando que <strong><em>\u201ctodos nosotros queremos lo mejor para la poblaci\u00f3n urbana y rural\u201d,<\/em><\/strong> por eso este trabajo se viene desarrollando con autoridades pol\u00edticas de todo el Departamento Castellanos.&nbsp;<\/p>\n\n\n\n<p><strong><em>\u201cProponemos cortinas forestales y una producci\u00f3n con cada vez menos uso de productos sint\u00e9ticos, con m\u00e1s control municipal, m\u00e1s informaci\u00f3n disponible y con criterios mancomunados. Estamos convencidos que es posible producir en tierras del periurbano, con la certeza que nadie quiere perjudicar a nadie\u201d<\/em><\/strong>.&nbsp;<\/p>\n\n\n\n<p>El INTA gener\u00f3 un proyecto que se propone para aplicar en las 46 comunidades del Departamento Castellanos, con la posibilidad de corregirse y ajustarse anualmente, aunque \u201c<strong><em>el remanido tema de los metros es m\u00e1s una formalidad que otra cosa, debiendo trabajarse en aspectos t\u00e9cnicos, econ\u00f3micos, ecol\u00f3gicos\u201d,<\/em><\/strong> para obtener resultados de una forma eficaz, eficiente con bajo impacto y racional.&nbsp;<\/p>\n\n\n\n<p>De 4.161 productos fitosanitarios registrados, el 69 por ciento corresponden a productos de banda verde y azul, que son de bajo impacto toxicol\u00f3gico.&nbsp;<\/p>\n\n\n\n<p>El monitoreo integrado de plagas permite minimizar aplicaciones, la instalaci\u00f3n de mangas de viento advierten sobre una condici\u00f3n clim\u00e1tica fundamental para habilitar o no una aplicaci\u00f3n, por parte de un veedor profesional que constante condiciones meteorol\u00f3gicas, los vidones precintados, los equipos, la receta agron\u00f3mica y ser\u00e1 garante de la aplicaci\u00f3n, incluso al momento de tener que suspenderla, incluso cuando est\u00e9 en marcha.&nbsp;<\/p>\n\n\n\n<p>El arbolado da sombra, amortigua el impacto de las lluvias, produce ox\u00edgeno, protege a los animales y el impacto del viento, regula la temperatura del casco urbano, controla la erosi\u00f3n del suelo e incluso permite producir bienes como la madera. Adem\u00e1s, pueden controlar la deriva de las fitosanitarios si se usan como cortinas en lotes lindantes con las ciudades. Las forestaciones secuestran carbono, protegen la biodiversidad y colaboran con el paisaje.&nbsp;<\/p>\n\n\n\n<p><strong>Pensadas para proteger<\/strong>&nbsp;<\/p>\n\n\n\n<p>El Ing. Forestal, Francisco Cardozo, es especialista en gesti\u00f3n ambiental y coordinador del Area de Desarrollo del INTA Oliveros y forma parte de una Plataforma de Innovaci\u00f3n Territorial, un espacio de articulaci\u00f3n con todos los actores de la regi\u00f3n del sur santafesino, con gesti\u00f3n operativa del Instituto, para unificar criterios. &nbsp;<\/p>\n\n\n\n<p><strong><em>\u201cEl periurbano es un territorio con caracter\u00edsticas muy especiales\u201d<\/em><\/strong>, sobre lo cual desde la Experimental tienen tres proyectos aprobados, uno sobre producci\u00f3n agroecol\u00f3gica, otro sobre la unificaci\u00f3n de ordenanzas en el sur provincial y el \u00faltimo sobre el relevamiento de la producci\u00f3n hort\u00edcola para mercados y cercan\u00eda.&nbsp;<\/p>\n\n\n\n<p>Las cortinas forestales est\u00e1n pensadas para poder proteger los recursos naturales y aumentar la productividad, frenando la circulaci\u00f3n del viento. Hay multiestrato, con diferentes especies y altura, con especies caducas y perennes. Teniendo en cuenta que se necesita aumentar la producci\u00f3n de ox\u00edgeno y capturar carbono, generando un equilibrio de carbono neutro, los \u00e1rboles mitigan el efecto de las temperaturas, baj\u00e1ndola hasta cinco grados, beneficiando a animales en producci\u00f3n. Tambi\u00e9n con la absorci\u00f3n de agua se generan beneficios sobre problemas vinculados a los anegamientos y erosi\u00f3n del suelo, pero tambi\u00e9n al absorber de la napa se genera una evapotranspiraci\u00f3n al ambiente.&nbsp;<\/p>\n\n\n\n<p>En el armado de una cortina hay que colocar las especies de menor porte del lado donde provienen los principales vientos, con distancias entre plantas de tres a cinco metros y entre las filas de unos tres metros. Las barreras con forma de campana son m\u00e1s eficientes, protegiendo esa barrera en 20 veces la altura del eje principal, pero su dise\u00f1o depende del objetivo de uso que puede ser mitigar la deriva, en una zona en particular, pero tambi\u00e9n pueden ser de uso productivo.&nbsp;<\/p>\n\n\n\n<p>La selecci\u00f3n de las especies dependen de las condiciones del sitio, pero tambi\u00e9n el requerimiento de agua, la velocidad de crecimiento y el tipo de cortina. Siempre ubicados de forma perpendicular al viento y preferentemente con ubicaci\u00f3n alterna entre una fila y la otra, siempre teniendo en cuenta la densidad y la porosidad de las mismas.&nbsp;<\/p>\n\n\n\n<p>El principal problema es conseguir el desarrollo de las plantas. El primer a\u00f1o es fundamental para que sea una plantaci\u00f3n lograda, a partir de plantas de calidad, tambi\u00e9n la poda y el sitio son importantes, al igual que el control de malezas. El riego, la protecci\u00f3n de animales, adem\u00e1s de fertilizaci\u00f3n, tambi\u00e9n son estrategias a contemplar.&nbsp;<\/p>\n\n\n\n<p><strong><em>A forestar<\/em><\/strong>&nbsp;<\/p>\n\n\n\n<p>Finalmente, en representaci\u00f3n del Ministerio de la Producci\u00f3n de la Provincia de Santa Fe, la Ing. Agr. Marcela Candioti remarc\u00f3 que en Santa Fe est\u00e1 vigente la adhesi\u00f3n a la Ley Nacional de Bosques Cultivados, siendo el Ministerio el organismo de aplicaci\u00f3n, para incrementar la oferta de madera y posterior agregado de valor, con aprovechamiento posterior industrial. Con beneficios fiscales, existe un esquema que genera aportes no reintegrables de 38 a 75 mil pesos por hect\u00e1rea dependiendo de la especie y en relaci\u00f3n a la densidad de plantas seg\u00fan sea necesario, que contempla diferentes tipos de \u00e1rboles, cortinas y macizos forestales, e incluso la vinculaci\u00f3n con la producci\u00f3n ganadera. &nbsp;<\/p>\n\n\n\n<p>Los interesados en acceder a ese subsidio nacional deben contactarse con el Ministerio de la Producci\u00f3n para iniciar el tr\u00e1mite, contando en un principio con los detalles del Impuesto Inmobiliario Rural, para cruzar con informaci\u00f3n sobre bosques nativos y a partir de su aprobaci\u00f3n se inicia el proyecto de forestaci\u00f3n y control.&nbsp;<\/p>\n\n\n\n<p>Otra norma importante a tener en cuenta es la Ley del Arbol, aprobada en 2018 y reglamentada en 2019, donde se dispone la obligatoriedad de forestar predios privados rurales que var\u00eda entre el 0,3 y el 1,2 por ciento de la superficie m\u00ednima a cubrir. A\u00fan esto no se exige, pero ya los productores pueden avanzar por los m\u00faltiples beneficios que proporcionan los \u00e1rboles al ecosistema.&nbsp;<\/p>\n\n\n\n<p>El Departamento Castellanos tiene hoy el nueve por ciento de su superficie forestada con algo m\u00e1s de 3.500 hect\u00e1reas cubiertas.&nbsp;<\/p>\n\n\n\n<p>La Red Provincial de Viveros incluyen a 30 emprendimientos privados, que tienen la capacidad de proveer plantas, con ejes en Recreo Sur y en el Paraje Santa Felicia, en el Departamento de Vera. Comunas y municipios pueden acceder a promociones y convenios seg\u00fan sus necesidades, al igual que los productores agropecuarios.&nbsp;<\/p>\n\n\n\n<p>Ver la charla: <a href=\"https:\/\/youtu.be\/Zp9esSIEskw Cortinas Forestales: Todo lo que hay que saber. Expo Rural Rafaela En Linea - 13.11.20  Sus Beneficios \u00bfpor que son una alternativa interesante para periurbanos? Avances en territorio y herramientas de promoci\u00f3n Disponibles.  Disertantes:  Ing. Marcela Candioti. Ing. Francisco Cardozo. Edaf. Cristin Le\u00f3n.\">https:\/\/youtu.be\/Zp9esSIEskw Cortinas Forestales: Todo lo que hay que saber. Expo Rural Rafaela En Linea &#8211; 13.11.20  Sus Beneficios \u00bfpor que son una alternativa interesante para periurbanos? Avances en territorio y herramientas de promoci\u00f3n Disponibles.  Disertantes:  Ing. Marcela Candioti. Ing. Francisco Cardozo. Edaf. Cristin Le\u00f3n.<\/a><\/p>\n","protected":false},"excerpt":{"rendered":"<p>&nbsp;\u201cProponemos cortinas forestales y una producci\u00f3n con cada vez menos uso de productos sint\u00e9ticos, con m\u00e1s control municipal, m\u00e1s informaci\u00f3n disponible y con criterios mancomunados. Estamos convencidos que es posible producir en tierras del periurbano, con la certeza que nadie quiere perjudicar a nadie\u201d.&nbsp; Como parte de la agenda del \u00faltimo d\u00eda de la 113\u00ba [&hellip;]<\/p>\n","protected":false},"author":2,"featured_media":2236,"comment_status":"closed","ping_status":"open","sticky":false,"template":"","format":"standard","meta":{"ocean_post_layout":"","ocean_both_sidebars_style":"","ocean_both_sidebars_content_width":0,"ocean_both_sidebars_sidebars_width":0,"ocean_sidebar":"0","ocean_second_sidebar":"0","ocean_disable_margins":"enable","ocean_add_body_class":"","ocean_shortcode_before_top_bar":"","ocean_shortcode_after_top_bar":"","ocean_shortcode_before_header":"","ocean_shortcode_after_header":"","ocean_has_shortcode":"","ocean_shortcode_after_title":"","ocean_shortcode_before_footer_widgets":"","ocean_shortcode_after_footer_widgets":"","ocean_shortcode_before_footer_bottom":"","ocean_shortcode_after_footer_bottom":"","ocean_display_top_bar":"default","ocean_display_header":"default","ocean_header_style":"","ocean_center_header_left_menu":"0","ocean_custom_header_template":"0","ocean_custom_logo":0,"ocean_custom_retina_logo":0,"ocean_custom_logo_max_width":0,"ocean_custom_logo_tablet_max_width":0,"ocean_custom_logo_mobile_max_width":0,"ocean_custom_logo_max_height":0,"ocean_custom_logo_tablet_max_height":0,"ocean_custom_logo_mobile_max_height":0,"ocean_header_custom_menu":"0","ocean_menu_typo_font_family":"0","ocean_menu_typo_font_subset":"","ocean_menu_typo_font_size":0,"ocean_menu_typo_font_size_tablet":0,"ocean_menu_typo_font_size_mobile":0,"ocean_menu_typo_font_size_unit":"px","ocean_menu_typo_font_weight":"","ocean_menu_typo_font_weight_tablet":"","ocean_menu_typo_font_weight_mobile":"","ocean_menu_typo_transform":"","ocean_menu_typo_transform_tablet":"","ocean_menu_typo_transform_mobile":"","ocean_menu_typo_line_height":0,"ocean_menu_typo_line_height_tablet":0,"ocean_menu_typo_line_height_mobile":0,"ocean_menu_typo_line_height_unit":"","ocean_menu_typo_spacing":0,"ocean_menu_typo_spacing_tablet":0,"ocean_menu_typo_spacing_mobile":0,"ocean_menu_typo_spacing_unit":"","ocean_menu_link_color":"","ocean_menu_link_color_hover":"","ocean_menu_link_color_active":"","ocean_menu_link_background":"","ocean_menu_link_hover_background":"","ocean_menu_link_active_background":"","ocean_menu_social_links_bg":"","ocean_menu_social_hover_links_bg":"","ocean_menu_social_links_color":"","ocean_menu_social_hover_links_color":"","ocean_disable_title":"default","ocean_disable_heading":"default","ocean_post_title":"","ocean_post_subheading":"","ocean_post_title_style":"","ocean_post_title_background_color":"","ocean_post_title_background":0,"ocean_post_title_bg_image_position":"","ocean_post_title_bg_image_attachment":"","ocean_post_title_bg_image_repeat":"","ocean_post_title_bg_image_size":"","ocean_post_title_height":0,"ocean_post_title_bg_overlay":0.5,"ocean_post_title_bg_overlay_color":"","ocean_disable_breadcrumbs":"default","ocean_breadcrumbs_color":"","ocean_breadcrumbs_separator_color":"","ocean_breadcrumbs_links_color":"","ocean_breadcrumbs_links_hover_color":"","ocean_display_footer_widgets":"default","ocean_display_footer_bottom":"default","ocean_custom_footer_template":"0","_joinchat":[],"ocean_post_oembed":"","ocean_post_self_hosted_media":"","ocean_post_video_embed":"","ocean_link_format":"","ocean_link_format_target":"self","ocean_quote_format":"","ocean_quote_format_link":"post","ocean_gallery_link_images":"off","ocean_gallery_id":[],"footnotes":""},"categories":[8],"tags":[],"class_list":["post-2235","post","type-post","status-publish","format-standard","has-post-thumbnail","hentry","category-exporural","entry","has-media"],"yoast_head":"<!-- This site is optimized with the Yoast SEO plugin v27.5 - https:\/\/yoast.com\/product\/yoast-seo-wordpress\/ -->\n<title>ExpoRural 2020:Todo lo que hay que saber sobre cortinas forestales - ExpoRural Rafaela y la Regi\u00f3n<\/title>\n<meta name=\"robots\" content=\"index, follow, max-snippet:-1, max-image-preview:large, max-video-preview:-1\" \/>\n<link rel=\"canonical\" href=\"https:\/\/ruralrafaela.com.ar\/exporural\/exporural-2020todo-lo-que-hay-que-saber-sobre-cortinas-forestales\/\" \/>\n<meta property=\"og:locale\" content=\"es_ES\" \/>\n<meta property=\"og:type\" content=\"article\" \/>\n<meta property=\"og:title\" content=\"ExpoRural 2020:Todo lo que hay que saber sobre cortinas forestales - ExpoRural Rafaela y la Regi\u00f3n\" \/>\n<meta property=\"og:description\" content=\"&nbsp;\u201cProponemos cortinas forestales y una producci\u00f3n con cada vez menos uso de productos sint\u00e9ticos, con m\u00e1s control municipal, m\u00e1s informaci\u00f3n disponible y con criterios mancomunados. Estamos convencidos que es posible producir en tierras del periurbano, con la certeza que nadie quiere perjudicar a nadie\u201d.&nbsp; Como parte de la agenda del \u00faltimo d\u00eda de la 113\u00ba [&hellip;]\" \/>\n<meta property=\"og:url\" content=\"https:\/\/ruralrafaela.com.ar\/exporural\/exporural-2020todo-lo-que-hay-que-saber-sobre-cortinas-forestales\/\" \/>\n<meta property=\"og:site_name\" content=\"ExpoRural Rafaela y la Regi\u00f3n\" \/>\n<meta property=\"article:published_time\" content=\"2020-11-13T19:08:00+00:00\" \/>\n<meta property=\"article:modified_time\" content=\"2020-11-16T20:10:07+00:00\" \/>\n<meta property=\"og:image\" content=\"https:\/\/ruralrafaela.com.ar\/exporural\/wp-content\/uploads\/sites\/16\/2020\/11\/Charla_Cortinas.jpg\" \/>\n\t<meta property=\"og:image:width\" content=\"1115\" \/>\n\t<meta property=\"og:image:height\" content=\"627\" \/>\n\t<meta property=\"og:image:type\" content=\"image\/jpeg\" \/>\n<meta name=\"author\" content=\"c1970093\" \/>\n<meta name=\"twitter:card\" content=\"summary_large_image\" \/>\n<meta name=\"twitter:label1\" content=\"Escrito por\" \/>\n\t<meta name=\"twitter:data1\" content=\"c1970093\" \/>\n\t<meta name=\"twitter:label2\" content=\"Tiempo de lectura\" \/>\n\t<meta name=\"twitter:data2\" content=\"6 minutos\" \/>\n<script type=\"application\/ld+json\" class=\"yoast-schema-graph\">{\"@context\":\"https:\\\/\\\/schema.org\",\"@graph\":[{\"@type\":\"Article\",\"@id\":\"https:\\\/\\\/ruralrafaela.com.ar\\\/exporural\\\/exporural-2020todo-lo-que-hay-que-saber-sobre-cortinas-forestales\\\/#article\",\"isPartOf\":{\"@id\":\"https:\\\/\\\/ruralrafaela.com.ar\\\/exporural\\\/exporural-2020todo-lo-que-hay-que-saber-sobre-cortinas-forestales\\\/\"},\"author\":{\"name\":\"c1970093\",\"@id\":\"https:\\\/\\\/ruralrafaela.com.ar\\\/exporural\\\/#\\\/schema\\\/person\\\/b944097647cc828e58952e18b2cc493c\"},\"headline\":\"ExpoRural 2020:Todo lo que hay que saber sobre cortinas forestales\",\"datePublished\":\"2020-11-13T19:08:00+00:00\",\"dateModified\":\"2020-11-16T20:10:07+00:00\",\"mainEntityOfPage\":{\"@id\":\"https:\\\/\\\/ruralrafaela.com.ar\\\/exporural\\\/exporural-2020todo-lo-que-hay-que-saber-sobre-cortinas-forestales\\\/\"},\"wordCount\":1289,\"publisher\":{\"@id\":\"https:\\\/\\\/ruralrafaela.com.ar\\\/exporural\\\/#organization\"},\"image\":{\"@id\":\"https:\\\/\\\/ruralrafaela.com.ar\\\/exporural\\\/exporural-2020todo-lo-que-hay-que-saber-sobre-cortinas-forestales\\\/#primaryimage\"},\"thumbnailUrl\":\"https:\\\/\\\/ruralrafaela.com.ar\\\/exporural\\\/wp-content\\\/uploads\\\/sites\\\/16\\\/2020\\\/11\\\/Charla_Cortinas.jpg\",\"articleSection\":[\"ExpoRural\"],\"inLanguage\":\"es\"},{\"@type\":\"WebPage\",\"@id\":\"https:\\\/\\\/ruralrafaela.com.ar\\\/exporural\\\/exporural-2020todo-lo-que-hay-que-saber-sobre-cortinas-forestales\\\/\",\"url\":\"https:\\\/\\\/ruralrafaela.com.ar\\\/exporural\\\/exporural-2020todo-lo-que-hay-que-saber-sobre-cortinas-forestales\\\/\",\"name\":\"ExpoRural 2020:Todo lo que hay que saber sobre cortinas forestales - ExpoRural Rafaela y la Regi\u00f3n\",\"isPartOf\":{\"@id\":\"https:\\\/\\\/ruralrafaela.com.ar\\\/exporural\\\/#website\"},\"primaryImageOfPage\":{\"@id\":\"https:\\\/\\\/ruralrafaela.com.ar\\\/exporural\\\/exporural-2020todo-lo-que-hay-que-saber-sobre-cortinas-forestales\\\/#primaryimage\"},\"image\":{\"@id\":\"https:\\\/\\\/ruralrafaela.com.ar\\\/exporural\\\/exporural-2020todo-lo-que-hay-que-saber-sobre-cortinas-forestales\\\/#primaryimage\"},\"thumbnailUrl\":\"https:\\\/\\\/ruralrafaela.com.ar\\\/exporural\\\/wp-content\\\/uploads\\\/sites\\\/16\\\/2020\\\/11\\\/Charla_Cortinas.jpg\",\"datePublished\":\"2020-11-13T19:08:00+00:00\",\"dateModified\":\"2020-11-16T20:10:07+00:00\",\"breadcrumb\":{\"@id\":\"https:\\\/\\\/ruralrafaela.com.ar\\\/exporural\\\/exporural-2020todo-lo-que-hay-que-saber-sobre-cortinas-forestales\\\/#breadcrumb\"},\"inLanguage\":\"es\",\"potentialAction\":[{\"@type\":\"ReadAction\",\"target\":[\"https:\\\/\\\/ruralrafaela.com.ar\\\/exporural\\\/exporural-2020todo-lo-que-hay-que-saber-sobre-cortinas-forestales\\\/\"]}]},{\"@type\":\"ImageObject\",\"inLanguage\":\"es\",\"@id\":\"https:\\\/\\\/ruralrafaela.com.ar\\\/exporural\\\/exporural-2020todo-lo-que-hay-que-saber-sobre-cortinas-forestales\\\/#primaryimage\",\"url\":\"https:\\\/\\\/ruralrafaela.com.ar\\\/exporural\\\/wp-content\\\/uploads\\\/sites\\\/16\\\/2020\\\/11\\\/Charla_Cortinas.jpg\",\"contentUrl\":\"https:\\\/\\\/ruralrafaela.com.ar\\\/exporural\\\/wp-content\\\/uploads\\\/sites\\\/16\\\/2020\\\/11\\\/Charla_Cortinas.jpg\",\"width\":1115,\"height\":627},{\"@type\":\"BreadcrumbList\",\"@id\":\"https:\\\/\\\/ruralrafaela.com.ar\\\/exporural\\\/exporural-2020todo-lo-que-hay-que-saber-sobre-cortinas-forestales\\\/#breadcrumb\",\"itemListElement\":[{\"@type\":\"ListItem\",\"position\":1,\"name\":\"Portada\",\"item\":\"https:\\\/\\\/ruralrafaela.com.ar\\\/exporural\\\/\"},{\"@type\":\"ListItem\",\"position\":2,\"name\":\"ExpoRural 2020:Todo lo que hay que saber sobre cortinas forestales\"}]},{\"@type\":\"WebSite\",\"@id\":\"https:\\\/\\\/ruralrafaela.com.ar\\\/exporural\\\/#website\",\"url\":\"https:\\\/\\\/ruralrafaela.com.ar\\\/exporural\\\/\",\"name\":\"ExpoRural Rafaela y la Regi\u00f3n\",\"description\":\"ExpoRural Rafaela y la Regi\u00f3n 2020 - Edici\u00f3n en L\u00ednea\",\"publisher\":{\"@id\":\"https:\\\/\\\/ruralrafaela.com.ar\\\/exporural\\\/#organization\"},\"potentialAction\":[{\"@type\":\"SearchAction\",\"target\":{\"@type\":\"EntryPoint\",\"urlTemplate\":\"https:\\\/\\\/ruralrafaela.com.ar\\\/exporural\\\/?s={search_term_string}\"},\"query-input\":{\"@type\":\"PropertyValueSpecification\",\"valueRequired\":true,\"valueName\":\"search_term_string\"}}],\"inLanguage\":\"es\"},{\"@type\":\"Organization\",\"@id\":\"https:\\\/\\\/ruralrafaela.com.ar\\\/exporural\\\/#organization\",\"name\":\"ExpoRural Rafaela y la Regi\u00f3n\",\"url\":\"https:\\\/\\\/ruralrafaela.com.ar\\\/exporural\\\/\",\"logo\":{\"@type\":\"ImageObject\",\"inLanguage\":\"es\",\"@id\":\"https:\\\/\\\/ruralrafaela.com.ar\\\/exporural\\\/#\\\/schema\\\/logo\\\/image\\\/\",\"url\":\"https:\\\/\\\/ruralrafaela.com.ar\\\/exporural\\\/wp-content\\\/uploads\\\/sites\\\/16\\\/2020\\\/10\\\/Log-Expo-2020.png\",\"contentUrl\":\"https:\\\/\\\/ruralrafaela.com.ar\\\/exporural\\\/wp-content\\\/uploads\\\/sites\\\/16\\\/2020\\\/10\\\/Log-Expo-2020.png\",\"width\":680,\"height\":404,\"caption\":\"ExpoRural Rafaela y la Regi\u00f3n\"},\"image\":{\"@id\":\"https:\\\/\\\/ruralrafaela.com.ar\\\/exporural\\\/#\\\/schema\\\/logo\\\/image\\\/\"}},{\"@type\":\"Person\",\"@id\":\"https:\\\/\\\/ruralrafaela.com.ar\\\/exporural\\\/#\\\/schema\\\/person\\\/b944097647cc828e58952e18b2cc493c\",\"name\":\"c1970093\",\"image\":{\"@type\":\"ImageObject\",\"inLanguage\":\"es\",\"@id\":\"https:\\\/\\\/secure.gravatar.com\\\/avatar\\\/45cdd73f3ef44c305e0057b84921f5c4dc0bf41c5999db82505293a43118ff3e?s=96&d=mm&r=g\",\"url\":\"https:\\\/\\\/secure.gravatar.com\\\/avatar\\\/45cdd73f3ef44c305e0057b84921f5c4dc0bf41c5999db82505293a43118ff3e?s=96&d=mm&r=g\",\"contentUrl\":\"https:\\\/\\\/secure.gravatar.com\\\/avatar\\\/45cdd73f3ef44c305e0057b84921f5c4dc0bf41c5999db82505293a43118ff3e?s=96&d=mm&r=g\",\"caption\":\"c1970093\"},\"url\":\"https:\\\/\\\/ruralrafaela.com.ar\\\/exporural\\\/author\\\/c1970093\\\/\"}]}<\/script>\n<!-- \/ Yoast SEO plugin. -->","yoast_head_json":{"title":"ExpoRural 2020:Todo lo que hay que saber sobre cortinas forestales - ExpoRural Rafaela y la Regi\u00f3n","robots":{"index":"index","follow":"follow","max-snippet":"max-snippet:-1","max-image-preview":"max-image-preview:large","max-video-preview":"max-video-preview:-1"},"canonical":"https:\/\/ruralrafaela.com.ar\/exporural\/exporural-2020todo-lo-que-hay-que-saber-sobre-cortinas-forestales\/","og_locale":"es_ES","og_type":"article","og_title":"ExpoRural 2020:Todo lo que hay que saber sobre cortinas forestales - ExpoRural Rafaela y la Regi\u00f3n","og_description":"&nbsp;\u201cProponemos cortinas forestales y una producci\u00f3n con cada vez menos uso de productos sint\u00e9ticos, con m\u00e1s control municipal, m\u00e1s informaci\u00f3n disponible y con criterios mancomunados. Estamos convencidos que es posible producir en tierras del periurbano, con la certeza que nadie quiere perjudicar a nadie\u201d.&nbsp; Como parte de la agenda del \u00faltimo d\u00eda de la 113\u00ba [&hellip;]","og_url":"https:\/\/ruralrafaela.com.ar\/exporural\/exporural-2020todo-lo-que-hay-que-saber-sobre-cortinas-forestales\/","og_site_name":"ExpoRural Rafaela y la Regi\u00f3n","article_published_time":"2020-11-13T19:08:00+00:00","article_modified_time":"2020-11-16T20:10:07+00:00","og_image":[{"width":1115,"height":627,"url":"https:\/\/ruralrafaela.com.ar\/exporural\/wp-content\/uploads\/sites\/16\/2020\/11\/Charla_Cortinas.jpg","type":"image\/jpeg"}],"author":"c1970093","twitter_card":"summary_large_image","twitter_misc":{"Escrito por":"c1970093","Tiempo de lectura":"6 minutos"},"schema":{"@context":"https:\/\/schema.org","@graph":[{"@type":"Article","@id":"https:\/\/ruralrafaela.com.ar\/exporural\/exporural-2020todo-lo-que-hay-que-saber-sobre-cortinas-forestales\/#article","isPartOf":{"@id":"https:\/\/ruralrafaela.com.ar\/exporural\/exporural-2020todo-lo-que-hay-que-saber-sobre-cortinas-forestales\/"},"author":{"name":"c1970093","@id":"https:\/\/ruralrafaela.com.ar\/exporural\/#\/schema\/person\/b944097647cc828e58952e18b2cc493c"},"headline":"ExpoRural 2020:Todo lo que hay que saber sobre cortinas forestales","datePublished":"2020-11-13T19:08:00+00:00","dateModified":"2020-11-16T20:10:07+00:00","mainEntityOfPage":{"@id":"https:\/\/ruralrafaela.com.ar\/exporural\/exporural-2020todo-lo-que-hay-que-saber-sobre-cortinas-forestales\/"},"wordCount":1289,"publisher":{"@id":"https:\/\/ruralrafaela.com.ar\/exporural\/#organization"},"image":{"@id":"https:\/\/ruralrafaela.com.ar\/exporural\/exporural-2020todo-lo-que-hay-que-saber-sobre-cortinas-forestales\/#primaryimage"},"thumbnailUrl":"https:\/\/ruralrafaela.com.ar\/exporural\/wp-content\/uploads\/sites\/16\/2020\/11\/Charla_Cortinas.jpg","articleSection":["ExpoRural"],"inLanguage":"es"},{"@type":"WebPage","@id":"https:\/\/ruralrafaela.com.ar\/exporural\/exporural-2020todo-lo-que-hay-que-saber-sobre-cortinas-forestales\/","url":"https:\/\/ruralrafaela.com.ar\/exporural\/exporural-2020todo-lo-que-hay-que-saber-sobre-cortinas-forestales\/","name":"ExpoRural 2020:Todo lo que hay que saber sobre cortinas forestales - ExpoRural Rafaela y la Regi\u00f3n","isPartOf":{"@id":"https:\/\/ruralrafaela.com.ar\/exporural\/#website"},"primaryImageOfPage":{"@id":"https:\/\/ruralrafaela.com.ar\/exporural\/exporural-2020todo-lo-que-hay-que-saber-sobre-cortinas-forestales\/#primaryimage"},"image":{"@id":"https:\/\/ruralrafaela.com.ar\/exporural\/exporural-2020todo-lo-que-hay-que-saber-sobre-cortinas-forestales\/#primaryimage"},"thumbnailUrl":"https:\/\/ruralrafaela.com.ar\/exporural\/wp-content\/uploads\/sites\/16\/2020\/11\/Charla_Cortinas.jpg","datePublished":"2020-11-13T19:08:00+00:00","dateModified":"2020-11-16T20:10:07+00:00","breadcrumb":{"@id":"https:\/\/ruralrafaela.com.ar\/exporural\/exporural-2020todo-lo-que-hay-que-saber-sobre-cortinas-forestales\/#breadcrumb"},"inLanguage":"es","potentialAction":[{"@type":"ReadAction","target":["https:\/\/ruralrafaela.com.ar\/exporural\/exporural-2020todo-lo-que-hay-que-saber-sobre-cortinas-forestales\/"]}]},{"@type":"ImageObject","inLanguage":"es","@id":"https:\/\/ruralrafaela.com.ar\/exporural\/exporural-2020todo-lo-que-hay-que-saber-sobre-cortinas-forestales\/#primaryimage","url":"https:\/\/ruralrafaela.com.ar\/exporural\/wp-content\/uploads\/sites\/16\/2020\/11\/Charla_Cortinas.jpg","contentUrl":"https:\/\/ruralrafaela.com.ar\/exporural\/wp-content\/uploads\/sites\/16\/2020\/11\/Charla_Cortinas.jpg","width":1115,"height":627},{"@type":"BreadcrumbList","@id":"https:\/\/ruralrafaela.com.ar\/exporural\/exporural-2020todo-lo-que-hay-que-saber-sobre-cortinas-forestales\/#breadcrumb","itemListElement":[{"@type":"ListItem","position":1,"name":"Portada","item":"https:\/\/ruralrafaela.com.ar\/exporural\/"},{"@type":"ListItem","position":2,"name":"ExpoRural 2020:Todo lo que hay que saber sobre cortinas forestales"}]},{"@type":"WebSite","@id":"https:\/\/ruralrafaela.com.ar\/exporural\/#website","url":"https:\/\/ruralrafaela.com.ar\/exporural\/","name":"ExpoRural Rafaela y la Regi\u00f3n","description":"ExpoRural Rafaela y la Regi\u00f3n 2020 - Edici\u00f3n en L\u00ednea","publisher":{"@id":"https:\/\/ruralrafaela.com.ar\/exporural\/#organization"},"potentialAction":[{"@type":"SearchAction","target":{"@type":"EntryPoint","urlTemplate":"https:\/\/ruralrafaela.com.ar\/exporural\/?s={search_term_string}"},"query-input":{"@type":"PropertyValueSpecification","valueRequired":true,"valueName":"search_term_string"}}],"inLanguage":"es"},{"@type":"Organization","@id":"https:\/\/ruralrafaela.com.ar\/exporural\/#organization","name":"ExpoRural Rafaela y la Regi\u00f3n","url":"https:\/\/ruralrafaela.com.ar\/exporural\/","logo":{"@type":"ImageObject","inLanguage":"es","@id":"https:\/\/ruralrafaela.com.ar\/exporural\/#\/schema\/logo\/image\/","url":"https:\/\/ruralrafaela.com.ar\/exporural\/wp-content\/uploads\/sites\/16\/2020\/10\/Log-Expo-2020.png","contentUrl":"https:\/\/ruralrafaela.com.ar\/exporural\/wp-content\/uploads\/sites\/16\/2020\/10\/Log-Expo-2020.png","width":680,"height":404,"caption":"ExpoRural Rafaela y la Regi\u00f3n"},"image":{"@id":"https:\/\/ruralrafaela.com.ar\/exporural\/#\/schema\/logo\/image\/"}},{"@type":"Person","@id":"https:\/\/ruralrafaela.com.ar\/exporural\/#\/schema\/person\/b944097647cc828e58952e18b2cc493c","name":"c1970093","image":{"@type":"ImageObject","inLanguage":"es","@id":"https:\/\/secure.gravatar.com\/avatar\/45cdd73f3ef44c305e0057b84921f5c4dc0bf41c5999db82505293a43118ff3e?s=96&d=mm&r=g","url":"https:\/\/secure.gravatar.com\/avatar\/45cdd73f3ef44c305e0057b84921f5c4dc0bf41c5999db82505293a43118ff3e?s=96&d=mm&r=g","contentUrl":"https:\/\/secure.gravatar.com\/avatar\/45cdd73f3ef44c305e0057b84921f5c4dc0bf41c5999db82505293a43118ff3e?s=96&d=mm&r=g","caption":"c1970093"},"url":"https:\/\/ruralrafaela.com.ar\/exporural\/author\/c1970093\/"}]}},"_links":{"self":[{"href":"https:\/\/ruralrafaela.com.ar\/exporural\/wp-json\/wp\/v2\/posts\/2235","targetHints":{"allow":["GET"]}}],"collection":[{"href":"https:\/\/ruralrafaela.com.ar\/exporural\/wp-json\/wp\/v2\/posts"}],"about":[{"href":"https:\/\/ruralrafaela.com.ar\/exporural\/wp-json\/wp\/v2\/types\/post"}],"author":[{"embeddable":true,"href":"https:\/\/ruralrafaela.com.ar\/exporural\/wp-json\/wp\/v2\/users\/2"}],"replies":[{"embeddable":true,"href":"https:\/\/ruralrafaela.com.ar\/exporural\/wp-json\/wp\/v2\/comments?post=2235"}],"version-history":[{"count":1,"href":"https:\/\/ruralrafaela.com.ar\/exporural\/wp-json\/wp\/v2\/posts\/2235\/revisions"}],"predecessor-version":[{"id":2237,"href":"https:\/\/ruralrafaela.com.ar\/exporural\/wp-json\/wp\/v2\/posts\/2235\/revisions\/2237"}],"wp:featuredmedia":[{"embeddable":true,"href":"https:\/\/ruralrafaela.com.ar\/exporural\/wp-json\/wp\/v2\/media\/2236"}],"wp:attachment":[{"href":"https:\/\/ruralrafaela.com.ar\/exporural\/wp-json\/wp\/v2\/media?parent=2235"}],"wp:term":[{"taxonomy":"category","embeddable":true,"href":"https:\/\/ruralrafaela.com.ar\/exporural\/wp-json\/wp\/v2\/categories?post=2235"},{"taxonomy":"post_tag","embeddable":true,"href":"https:\/\/ruralrafaela.com.ar\/exporural\/wp-json\/wp\/v2\/tags?post=2235"}],"curies":[{"name":"wp","href":"https:\/\/api.w.org\/{rel}","templated":true}]}}