{"id":2232,"date":"2020-11-13T23:05:00","date_gmt":"2020-11-14T02:05:00","guid":{"rendered":"http:\/\/ruralrafaela.com.ar\/exporural\/?p=2232"},"modified":"2020-11-16T17:06:33","modified_gmt":"2020-11-16T20:06:33","slug":"exporural-2020-repaso-de-la-nutricion-y-alimentacion-en-aves-de-exposicion","status":"publish","type":"post","link":"https:\/\/ruralrafaela.com.ar\/exporural\/exporural-2020-repaso-de-la-nutricion-y-alimentacion-en-aves-de-exposicion\/","title":{"rendered":"ExpoRural 2020: Repaso de la nutrici\u00f3n y alimentaci\u00f3n en aves de exposici\u00f3n"},"content":{"rendered":"\n<p>Como cierre del esquema de charlas de la 113\u00ba ExpoRural de Rafaela y la Regi\u00f3n, ante un importante auditorio virtual el Ing. Agr. Jos\u00e9 Le\u00f3n habl\u00f3 sobre \u201cClaves para la nutrici\u00f3n y alimentaci\u00f3n para aves de exposici\u00f3n.&nbsp;<\/p>\n\n\n\n<p><strong><em>\u201cTanto los machos como las hembras tienen que llegar en plenitud a una muestra\u201d<\/em><\/strong>, dijo con entusiasmo y gran capacidad did\u00e1ctica. &nbsp;<\/p>\n\n\n\n<p>El detalle comenz\u00f3 explicando que las aves son monog\u00e1stricas e ingieren por degluci\u00f3n, dejando el alimento en el buche a trav\u00e9s del es\u00f3fago, como espacio de almacenamiento temporario, hasta llegar al est\u00f3mago.&nbsp;<\/p>\n\n\n\n<p>La higiene en la producci\u00f3n de aves es fundamental para criar, bien. \u201cHay que limpiar todo el tiempo\u201d, repiti\u00f3.&nbsp;<\/p>\n\n\n\n<p>Se debe tener en cuenta que el costo de la alimentaci\u00f3n representa entre el 60 y el 80 por ciento de los gastos y es lo que determina la continuidad en la actividad. Actualmente el valor aproximado es de 43,8 kilos de alimento, al a\u00f1o, en el c\u00e1lculo para una gallina, ya que ingiere 120 gramos por d\u00eda de ma\u00edz o pastoreando.&nbsp;<\/p>\n\n\n\n<p>Con esto las gallinas generan energ\u00eda para el mantenimiento de sus funciones basales y tambi\u00e9n para poder producir.&nbsp;<\/p>\n\n\n\n<p><strong><em>\u201cLa nutrici\u00f3n es una sola, pero lo que cambian son los alimentos que les podemos dar a la aves\u201d.<\/em><\/strong> Prote\u00ednas, hidratos de carbono, grasas, vitaminas, minerales y agua son la secuencia fundamental de la alimentaci\u00f3n aviar. \u201c<strong><em>La soja y el ma\u00edz es el mejor matrimonio posible para las aves y eso lo tenemos ac\u00e1, tenemos que aprovecharlo\u201d<\/em><\/strong> debiendo suplementar con m\u00e1s nutrientes a estos alimentos para conseguir los resultados esperados, por lo tanto el alimento balanceado ya tiene la combinaci\u00f3n ideal, dependiendo de la etapa de desarrollo del animal.&nbsp;<\/p>\n\n\n\n<p><strong>El alimento<\/strong> &nbsp;<\/p>\n\n\n\n<p>Comederos y bebederos a la altura del dorso del ave, para evitar mayor suciedad.&nbsp;<\/p>\n\n\n\n<p>Le\u00f3n concluy\u00f3 que tanto los pisos, como bebederos y comederos tienen que estar constantemente limpios. \u201c<strong><em>Tenemos que pensar en poder tomar agua o comer donde lo hacen nuestros animales\u201d<\/em><\/strong>, para superar as\u00ed una costumbre mal heredada de tener gallineros sucios, que en definitiva afecta a la sanidad de las aves y al avance de la producci\u00f3n.&nbsp;<\/p>\n\n\n\n<p>Quienes quieran conocer m\u00e1s sobre consejos productivos y formaciones del sector av\u00edcola pueden ingresar al sitio www.aviar.com.ar.&nbsp;<\/p>\n\n\n\n<p>Ver charla: <a href=\"https:\/\/youtu.be\/yFz4Ypw7O2s Claves para la nutrici\u00f3n y alimentaci\u00f3n para aves de exposici\u00f3n - Expo Rural Rafaela - 13.11.20 Disertantes. Ing. Agr. Jos\u00e9 Le\u00f3n. Aviar Educativo\">https:\/\/youtu.be\/yFz4Ypw7O2s Claves para la nutrici\u00f3n y alimentaci\u00f3n para aves de exposici\u00f3n &#8211; Expo Rural Rafaela &#8211; 13.11.20 Disertantes. Ing. Agr. Jos\u00e9 Le\u00f3n. Aviar Educativo<\/a><\/p>\n","protected":false},"excerpt":{"rendered":"<p>Como cierre del esquema de charlas de la 113\u00ba ExpoRural de Rafaela y la Regi\u00f3n, ante un importante auditorio virtual el Ing. Agr. Jos\u00e9 Le\u00f3n habl\u00f3 sobre \u201cClaves para la nutrici\u00f3n y alimentaci\u00f3n para aves de exposici\u00f3n.&nbsp; \u201cTanto los machos como las hembras tienen que llegar en plenitud a una muestra\u201d, dijo con entusiasmo y [&hellip;]<\/p>\n","protected":false},"author":2,"featured_media":2233,"comment_status":"closed","ping_status":"open","sticky":false,"template":"","format":"standard","meta":{"ocean_post_layout":"","ocean_both_sidebars_style":"","ocean_both_sidebars_content_width":0,"ocean_both_sidebars_sidebars_width":0,"ocean_sidebar":"0","ocean_second_sidebar":"0","ocean_disable_margins":"enable","ocean_add_body_class":"","ocean_shortcode_before_top_bar":"","ocean_shortcode_after_top_bar":"","ocean_shortcode_before_header":"","ocean_shortcode_after_header":"","ocean_has_shortcode":"","ocean_shortcode_after_title":"","ocean_shortcode_before_footer_widgets":"","ocean_shortcode_after_footer_widgets":"","ocean_shortcode_before_footer_bottom":"","ocean_shortcode_after_footer_bottom":"","ocean_display_top_bar":"default","ocean_display_header":"default","ocean_header_style":"","ocean_center_header_left_menu":"0","ocean_custom_header_template":"0","ocean_custom_logo":0,"ocean_custom_retina_logo":0,"ocean_custom_logo_max_width":0,"ocean_custom_logo_tablet_max_width":0,"ocean_custom_logo_mobile_max_width":0,"ocean_custom_logo_max_height":0,"ocean_custom_logo_tablet_max_height":0,"ocean_custom_logo_mobile_max_height":0,"ocean_header_custom_menu":"0","ocean_menu_typo_font_family":"0","ocean_menu_typo_font_subset":"","ocean_menu_typo_font_size":0,"ocean_menu_typo_font_size_tablet":0,"ocean_menu_typo_font_size_mobile":0,"ocean_menu_typo_font_size_unit":"px","ocean_menu_typo_font_weight":"","ocean_menu_typo_font_weight_tablet":"","ocean_menu_typo_font_weight_mobile":"","ocean_menu_typo_transform":"","ocean_menu_typo_transform_tablet":"","ocean_menu_typo_transform_mobile":"","ocean_menu_typo_line_height":0,"ocean_menu_typo_line_height_tablet":0,"ocean_menu_typo_line_height_mobile":0,"ocean_menu_typo_line_height_unit":"","ocean_menu_typo_spacing":0,"ocean_menu_typo_spacing_tablet":0,"ocean_menu_typo_spacing_mobile":0,"ocean_menu_typo_spacing_unit":"","ocean_menu_link_color":"","ocean_menu_link_color_hover":"","ocean_menu_link_color_active":"","ocean_menu_link_background":"","ocean_menu_link_hover_background":"","ocean_menu_link_active_background":"","ocean_menu_social_links_bg":"","ocean_menu_social_hover_links_bg":"","ocean_menu_social_links_color":"","ocean_menu_social_hover_links_color":"","ocean_disable_title":"default","ocean_disable_heading":"default","ocean_post_title":"","ocean_post_subheading":"","ocean_post_title_style":"","ocean_post_title_background_color":"","ocean_post_title_background":0,"ocean_post_title_bg_image_position":"","ocean_post_title_bg_image_attachment":"","ocean_post_title_bg_image_repeat":"","ocean_post_title_bg_image_size":"","ocean_post_title_height":0,"ocean_post_title_bg_overlay":0.5,"ocean_post_title_bg_overlay_color":"","ocean_disable_breadcrumbs":"default","ocean_breadcrumbs_color":"","ocean_breadcrumbs_separator_color":"","ocean_breadcrumbs_links_color":"","ocean_breadcrumbs_links_hover_color":"","ocean_display_footer_widgets":"default","ocean_display_footer_bottom":"default","ocean_custom_footer_template":"0","_joinchat":[],"ocean_post_oembed":"","ocean_post_self_hosted_media":"","ocean_post_video_embed":"","ocean_link_format":"","ocean_link_format_target":"self","ocean_quote_format":"","ocean_quote_format_link":"post","ocean_gallery_link_images":"off","ocean_gallery_id":[],"footnotes":""},"categories":[8],"tags":[],"class_list":["post-2232","post","type-post","status-publish","format-standard","has-post-thumbnail","hentry","category-exporural","entry","has-media"],"yoast_head":"<!-- This site is optimized with the Yoast SEO plugin v27.5 - https:\/\/yoast.com\/product\/yoast-seo-wordpress\/ -->\n<title>ExpoRural 2020: Repaso de la nutrici\u00f3n y alimentaci\u00f3n en aves de exposici\u00f3n - ExpoRural Rafaela y la Regi\u00f3n<\/title>\n<meta name=\"robots\" content=\"index, follow, max-snippet:-1, max-image-preview:large, max-video-preview:-1\" \/>\n<link rel=\"canonical\" href=\"https:\/\/ruralrafaela.com.ar\/exporural\/exporural-2020-repaso-de-la-nutricion-y-alimentacion-en-aves-de-exposicion\/\" \/>\n<meta property=\"og:locale\" content=\"es_ES\" \/>\n<meta property=\"og:type\" content=\"article\" \/>\n<meta property=\"og:title\" content=\"ExpoRural 2020: Repaso de la nutrici\u00f3n y alimentaci\u00f3n en aves de exposici\u00f3n - ExpoRural Rafaela y la Regi\u00f3n\" \/>\n<meta property=\"og:description\" content=\"Como cierre del esquema de charlas de la 113\u00ba ExpoRural de Rafaela y la Regi\u00f3n, ante un importante auditorio virtual el Ing. Agr. Jos\u00e9 Le\u00f3n habl\u00f3 sobre \u201cClaves para la nutrici\u00f3n y alimentaci\u00f3n para aves de exposici\u00f3n.&nbsp; \u201cTanto los machos como las hembras tienen que llegar en plenitud a una muestra\u201d, dijo con entusiasmo y [&hellip;]\" \/>\n<meta property=\"og:url\" content=\"https:\/\/ruralrafaela.com.ar\/exporural\/exporural-2020-repaso-de-la-nutricion-y-alimentacion-en-aves-de-exposicion\/\" \/>\n<meta property=\"og:site_name\" content=\"ExpoRural Rafaela y la Regi\u00f3n\" \/>\n<meta property=\"article:published_time\" content=\"2020-11-14T02:05:00+00:00\" \/>\n<meta property=\"article:modified_time\" content=\"2020-11-16T20:06:33+00:00\" \/>\n<meta property=\"og:image\" content=\"https:\/\/ruralrafaela.com.ar\/exporural\/wp-content\/uploads\/sites\/16\/2020\/11\/Charla_Aviar.jpg\" \/>\n\t<meta property=\"og:image:width\" content=\"1115\" \/>\n\t<meta property=\"og:image:height\" content=\"627\" \/>\n\t<meta property=\"og:image:type\" content=\"image\/jpeg\" \/>\n<meta name=\"author\" content=\"c1970093\" \/>\n<meta name=\"twitter:card\" content=\"summary_large_image\" \/>\n<meta name=\"twitter:label1\" content=\"Escrito por\" \/>\n\t<meta name=\"twitter:data1\" content=\"c1970093\" \/>\n\t<meta name=\"twitter:label2\" content=\"Tiempo de lectura\" \/>\n\t<meta name=\"twitter:data2\" content=\"2 minutos\" \/>\n<script type=\"application\/ld+json\" class=\"yoast-schema-graph\">{\"@context\":\"https:\\\/\\\/schema.org\",\"@graph\":[{\"@type\":\"Article\",\"@id\":\"https:\\\/\\\/ruralrafaela.com.ar\\\/exporural\\\/exporural-2020-repaso-de-la-nutricion-y-alimentacion-en-aves-de-exposicion\\\/#article\",\"isPartOf\":{\"@id\":\"https:\\\/\\\/ruralrafaela.com.ar\\\/exporural\\\/exporural-2020-repaso-de-la-nutricion-y-alimentacion-en-aves-de-exposicion\\\/\"},\"author\":{\"name\":\"c1970093\",\"@id\":\"https:\\\/\\\/ruralrafaela.com.ar\\\/exporural\\\/#\\\/schema\\\/person\\\/b944097647cc828e58952e18b2cc493c\"},\"headline\":\"ExpoRural 2020: Repaso de la nutrici\u00f3n y alimentaci\u00f3n en aves de exposici\u00f3n\",\"datePublished\":\"2020-11-14T02:05:00+00:00\",\"dateModified\":\"2020-11-16T20:06:33+00:00\",\"mainEntityOfPage\":{\"@id\":\"https:\\\/\\\/ruralrafaela.com.ar\\\/exporural\\\/exporural-2020-repaso-de-la-nutricion-y-alimentacion-en-aves-de-exposicion\\\/\"},\"wordCount\":454,\"publisher\":{\"@id\":\"https:\\\/\\\/ruralrafaela.com.ar\\\/exporural\\\/#organization\"},\"image\":{\"@id\":\"https:\\\/\\\/ruralrafaela.com.ar\\\/exporural\\\/exporural-2020-repaso-de-la-nutricion-y-alimentacion-en-aves-de-exposicion\\\/#primaryimage\"},\"thumbnailUrl\":\"https:\\\/\\\/ruralrafaela.com.ar\\\/exporural\\\/wp-content\\\/uploads\\\/sites\\\/16\\\/2020\\\/11\\\/Charla_Aviar.jpg\",\"articleSection\":[\"ExpoRural\"],\"inLanguage\":\"es\"},{\"@type\":\"WebPage\",\"@id\":\"https:\\\/\\\/ruralrafaela.com.ar\\\/exporural\\\/exporural-2020-repaso-de-la-nutricion-y-alimentacion-en-aves-de-exposicion\\\/\",\"url\":\"https:\\\/\\\/ruralrafaela.com.ar\\\/exporural\\\/exporural-2020-repaso-de-la-nutricion-y-alimentacion-en-aves-de-exposicion\\\/\",\"name\":\"ExpoRural 2020: Repaso de la nutrici\u00f3n y alimentaci\u00f3n en aves de exposici\u00f3n - ExpoRural Rafaela y la Regi\u00f3n\",\"isPartOf\":{\"@id\":\"https:\\\/\\\/ruralrafaela.com.ar\\\/exporural\\\/#website\"},\"primaryImageOfPage\":{\"@id\":\"https:\\\/\\\/ruralrafaela.com.ar\\\/exporural\\\/exporural-2020-repaso-de-la-nutricion-y-alimentacion-en-aves-de-exposicion\\\/#primaryimage\"},\"image\":{\"@id\":\"https:\\\/\\\/ruralrafaela.com.ar\\\/exporural\\\/exporural-2020-repaso-de-la-nutricion-y-alimentacion-en-aves-de-exposicion\\\/#primaryimage\"},\"thumbnailUrl\":\"https:\\\/\\\/ruralrafaela.com.ar\\\/exporural\\\/wp-content\\\/uploads\\\/sites\\\/16\\\/2020\\\/11\\\/Charla_Aviar.jpg\",\"datePublished\":\"2020-11-14T02:05:00+00:00\",\"dateModified\":\"2020-11-16T20:06:33+00:00\",\"breadcrumb\":{\"@id\":\"https:\\\/\\\/ruralrafaela.com.ar\\\/exporural\\\/exporural-2020-repaso-de-la-nutricion-y-alimentacion-en-aves-de-exposicion\\\/#breadcrumb\"},\"inLanguage\":\"es\",\"potentialAction\":[{\"@type\":\"ReadAction\",\"target\":[\"https:\\\/\\\/ruralrafaela.com.ar\\\/exporural\\\/exporural-2020-repaso-de-la-nutricion-y-alimentacion-en-aves-de-exposicion\\\/\"]}]},{\"@type\":\"ImageObject\",\"inLanguage\":\"es\",\"@id\":\"https:\\\/\\\/ruralrafaela.com.ar\\\/exporural\\\/exporural-2020-repaso-de-la-nutricion-y-alimentacion-en-aves-de-exposicion\\\/#primaryimage\",\"url\":\"https:\\\/\\\/ruralrafaela.com.ar\\\/exporural\\\/wp-content\\\/uploads\\\/sites\\\/16\\\/2020\\\/11\\\/Charla_Aviar.jpg\",\"contentUrl\":\"https:\\\/\\\/ruralrafaela.com.ar\\\/exporural\\\/wp-content\\\/uploads\\\/sites\\\/16\\\/2020\\\/11\\\/Charla_Aviar.jpg\",\"width\":1115,\"height\":627},{\"@type\":\"BreadcrumbList\",\"@id\":\"https:\\\/\\\/ruralrafaela.com.ar\\\/exporural\\\/exporural-2020-repaso-de-la-nutricion-y-alimentacion-en-aves-de-exposicion\\\/#breadcrumb\",\"itemListElement\":[{\"@type\":\"ListItem\",\"position\":1,\"name\":\"Portada\",\"item\":\"https:\\\/\\\/ruralrafaela.com.ar\\\/exporural\\\/\"},{\"@type\":\"ListItem\",\"position\":2,\"name\":\"ExpoRural 2020: Repaso de la nutrici\u00f3n y alimentaci\u00f3n en aves de exposici\u00f3n\"}]},{\"@type\":\"WebSite\",\"@id\":\"https:\\\/\\\/ruralrafaela.com.ar\\\/exporural\\\/#website\",\"url\":\"https:\\\/\\\/ruralrafaela.com.ar\\\/exporural\\\/\",\"name\":\"ExpoRural Rafaela y la Regi\u00f3n\",\"description\":\"ExpoRural Rafaela y la Regi\u00f3n 2020 - Edici\u00f3n en L\u00ednea\",\"publisher\":{\"@id\":\"https:\\\/\\\/ruralrafaela.com.ar\\\/exporural\\\/#organization\"},\"potentialAction\":[{\"@type\":\"SearchAction\",\"target\":{\"@type\":\"EntryPoint\",\"urlTemplate\":\"https:\\\/\\\/ruralrafaela.com.ar\\\/exporural\\\/?s={search_term_string}\"},\"query-input\":{\"@type\":\"PropertyValueSpecification\",\"valueRequired\":true,\"valueName\":\"search_term_string\"}}],\"inLanguage\":\"es\"},{\"@type\":\"Organization\",\"@id\":\"https:\\\/\\\/ruralrafaela.com.ar\\\/exporural\\\/#organization\",\"name\":\"ExpoRural Rafaela y la Regi\u00f3n\",\"url\":\"https:\\\/\\\/ruralrafaela.com.ar\\\/exporural\\\/\",\"logo\":{\"@type\":\"ImageObject\",\"inLanguage\":\"es\",\"@id\":\"https:\\\/\\\/ruralrafaela.com.ar\\\/exporural\\\/#\\\/schema\\\/logo\\\/image\\\/\",\"url\":\"https:\\\/\\\/ruralrafaela.com.ar\\\/exporural\\\/wp-content\\\/uploads\\\/sites\\\/16\\\/2020\\\/10\\\/Log-Expo-2020.png\",\"contentUrl\":\"https:\\\/\\\/ruralrafaela.com.ar\\\/exporural\\\/wp-content\\\/uploads\\\/sites\\\/16\\\/2020\\\/10\\\/Log-Expo-2020.png\",\"width\":680,\"height\":404,\"caption\":\"ExpoRural Rafaela y la Regi\u00f3n\"},\"image\":{\"@id\":\"https:\\\/\\\/ruralrafaela.com.ar\\\/exporural\\\/#\\\/schema\\\/logo\\\/image\\\/\"}},{\"@type\":\"Person\",\"@id\":\"https:\\\/\\\/ruralrafaela.com.ar\\\/exporural\\\/#\\\/schema\\\/person\\\/b944097647cc828e58952e18b2cc493c\",\"name\":\"c1970093\",\"image\":{\"@type\":\"ImageObject\",\"inLanguage\":\"es\",\"@id\":\"https:\\\/\\\/secure.gravatar.com\\\/avatar\\\/45cdd73f3ef44c305e0057b84921f5c4dc0bf41c5999db82505293a43118ff3e?s=96&d=mm&r=g\",\"url\":\"https:\\\/\\\/secure.gravatar.com\\\/avatar\\\/45cdd73f3ef44c305e0057b84921f5c4dc0bf41c5999db82505293a43118ff3e?s=96&d=mm&r=g\",\"contentUrl\":\"https:\\\/\\\/secure.gravatar.com\\\/avatar\\\/45cdd73f3ef44c305e0057b84921f5c4dc0bf41c5999db82505293a43118ff3e?s=96&d=mm&r=g\",\"caption\":\"c1970093\"},\"url\":\"https:\\\/\\\/ruralrafaela.com.ar\\\/exporural\\\/author\\\/c1970093\\\/\"}]}<\/script>\n<!-- \/ Yoast SEO plugin. -->","yoast_head_json":{"title":"ExpoRural 2020: Repaso de la nutrici\u00f3n y alimentaci\u00f3n en aves de exposici\u00f3n - ExpoRural Rafaela y la Regi\u00f3n","robots":{"index":"index","follow":"follow","max-snippet":"max-snippet:-1","max-image-preview":"max-image-preview:large","max-video-preview":"max-video-preview:-1"},"canonical":"https:\/\/ruralrafaela.com.ar\/exporural\/exporural-2020-repaso-de-la-nutricion-y-alimentacion-en-aves-de-exposicion\/","og_locale":"es_ES","og_type":"article","og_title":"ExpoRural 2020: Repaso de la nutrici\u00f3n y alimentaci\u00f3n en aves de exposici\u00f3n - ExpoRural Rafaela y la Regi\u00f3n","og_description":"Como cierre del esquema de charlas de la 113\u00ba ExpoRural de Rafaela y la Regi\u00f3n, ante un importante auditorio virtual el Ing. Agr. Jos\u00e9 Le\u00f3n habl\u00f3 sobre \u201cClaves para la nutrici\u00f3n y alimentaci\u00f3n para aves de exposici\u00f3n.&nbsp; \u201cTanto los machos como las hembras tienen que llegar en plenitud a una muestra\u201d, dijo con entusiasmo y [&hellip;]","og_url":"https:\/\/ruralrafaela.com.ar\/exporural\/exporural-2020-repaso-de-la-nutricion-y-alimentacion-en-aves-de-exposicion\/","og_site_name":"ExpoRural Rafaela y la Regi\u00f3n","article_published_time":"2020-11-14T02:05:00+00:00","article_modified_time":"2020-11-16T20:06:33+00:00","og_image":[{"width":1115,"height":627,"url":"https:\/\/ruralrafaela.com.ar\/exporural\/wp-content\/uploads\/sites\/16\/2020\/11\/Charla_Aviar.jpg","type":"image\/jpeg"}],"author":"c1970093","twitter_card":"summary_large_image","twitter_misc":{"Escrito por":"c1970093","Tiempo de lectura":"2 minutos"},"schema":{"@context":"https:\/\/schema.org","@graph":[{"@type":"Article","@id":"https:\/\/ruralrafaela.com.ar\/exporural\/exporural-2020-repaso-de-la-nutricion-y-alimentacion-en-aves-de-exposicion\/#article","isPartOf":{"@id":"https:\/\/ruralrafaela.com.ar\/exporural\/exporural-2020-repaso-de-la-nutricion-y-alimentacion-en-aves-de-exposicion\/"},"author":{"name":"c1970093","@id":"https:\/\/ruralrafaela.com.ar\/exporural\/#\/schema\/person\/b944097647cc828e58952e18b2cc493c"},"headline":"ExpoRural 2020: Repaso de la nutrici\u00f3n y alimentaci\u00f3n en aves de exposici\u00f3n","datePublished":"2020-11-14T02:05:00+00:00","dateModified":"2020-11-16T20:06:33+00:00","mainEntityOfPage":{"@id":"https:\/\/ruralrafaela.com.ar\/exporural\/exporural-2020-repaso-de-la-nutricion-y-alimentacion-en-aves-de-exposicion\/"},"wordCount":454,"publisher":{"@id":"https:\/\/ruralrafaela.com.ar\/exporural\/#organization"},"image":{"@id":"https:\/\/ruralrafaela.com.ar\/exporural\/exporural-2020-repaso-de-la-nutricion-y-alimentacion-en-aves-de-exposicion\/#primaryimage"},"thumbnailUrl":"https:\/\/ruralrafaela.com.ar\/exporural\/wp-content\/uploads\/sites\/16\/2020\/11\/Charla_Aviar.jpg","articleSection":["ExpoRural"],"inLanguage":"es"},{"@type":"WebPage","@id":"https:\/\/ruralrafaela.com.ar\/exporural\/exporural-2020-repaso-de-la-nutricion-y-alimentacion-en-aves-de-exposicion\/","url":"https:\/\/ruralrafaela.com.ar\/exporural\/exporural-2020-repaso-de-la-nutricion-y-alimentacion-en-aves-de-exposicion\/","name":"ExpoRural 2020: Repaso de la nutrici\u00f3n y alimentaci\u00f3n en aves de exposici\u00f3n - ExpoRural Rafaela y la Regi\u00f3n","isPartOf":{"@id":"https:\/\/ruralrafaela.com.ar\/exporural\/#website"},"primaryImageOfPage":{"@id":"https:\/\/ruralrafaela.com.ar\/exporural\/exporural-2020-repaso-de-la-nutricion-y-alimentacion-en-aves-de-exposicion\/#primaryimage"},"image":{"@id":"https:\/\/ruralrafaela.com.ar\/exporural\/exporural-2020-repaso-de-la-nutricion-y-alimentacion-en-aves-de-exposicion\/#primaryimage"},"thumbnailUrl":"https:\/\/ruralrafaela.com.ar\/exporural\/wp-content\/uploads\/sites\/16\/2020\/11\/Charla_Aviar.jpg","datePublished":"2020-11-14T02:05:00+00:00","dateModified":"2020-11-16T20:06:33+00:00","breadcrumb":{"@id":"https:\/\/ruralrafaela.com.ar\/exporural\/exporural-2020-repaso-de-la-nutricion-y-alimentacion-en-aves-de-exposicion\/#breadcrumb"},"inLanguage":"es","potentialAction":[{"@type":"ReadAction","target":["https:\/\/ruralrafaela.com.ar\/exporural\/exporural-2020-repaso-de-la-nutricion-y-alimentacion-en-aves-de-exposicion\/"]}]},{"@type":"ImageObject","inLanguage":"es","@id":"https:\/\/ruralrafaela.com.ar\/exporural\/exporural-2020-repaso-de-la-nutricion-y-alimentacion-en-aves-de-exposicion\/#primaryimage","url":"https:\/\/ruralrafaela.com.ar\/exporural\/wp-content\/uploads\/sites\/16\/2020\/11\/Charla_Aviar.jpg","contentUrl":"https:\/\/ruralrafaela.com.ar\/exporural\/wp-content\/uploads\/sites\/16\/2020\/11\/Charla_Aviar.jpg","width":1115,"height":627},{"@type":"BreadcrumbList","@id":"https:\/\/ruralrafaela.com.ar\/exporural\/exporural-2020-repaso-de-la-nutricion-y-alimentacion-en-aves-de-exposicion\/#breadcrumb","itemListElement":[{"@type":"ListItem","position":1,"name":"Portada","item":"https:\/\/ruralrafaela.com.ar\/exporural\/"},{"@type":"ListItem","position":2,"name":"ExpoRural 2020: Repaso de la nutrici\u00f3n y alimentaci\u00f3n en aves de exposici\u00f3n"}]},{"@type":"WebSite","@id":"https:\/\/ruralrafaela.com.ar\/exporural\/#website","url":"https:\/\/ruralrafaela.com.ar\/exporural\/","name":"ExpoRural Rafaela y la Regi\u00f3n","description":"ExpoRural Rafaela y la Regi\u00f3n 2020 - Edici\u00f3n en L\u00ednea","publisher":{"@id":"https:\/\/ruralrafaela.com.ar\/exporural\/#organization"},"potentialAction":[{"@type":"SearchAction","target":{"@type":"EntryPoint","urlTemplate":"https:\/\/ruralrafaela.com.ar\/exporural\/?s={search_term_string}"},"query-input":{"@type":"PropertyValueSpecification","valueRequired":true,"valueName":"search_term_string"}}],"inLanguage":"es"},{"@type":"Organization","@id":"https:\/\/ruralrafaela.com.ar\/exporural\/#organization","name":"ExpoRural Rafaela y la Regi\u00f3n","url":"https:\/\/ruralrafaela.com.ar\/exporural\/","logo":{"@type":"ImageObject","inLanguage":"es","@id":"https:\/\/ruralrafaela.com.ar\/exporural\/#\/schema\/logo\/image\/","url":"https:\/\/ruralrafaela.com.ar\/exporural\/wp-content\/uploads\/sites\/16\/2020\/10\/Log-Expo-2020.png","contentUrl":"https:\/\/ruralrafaela.com.ar\/exporural\/wp-content\/uploads\/sites\/16\/2020\/10\/Log-Expo-2020.png","width":680,"height":404,"caption":"ExpoRural Rafaela y la Regi\u00f3n"},"image":{"@id":"https:\/\/ruralrafaela.com.ar\/exporural\/#\/schema\/logo\/image\/"}},{"@type":"Person","@id":"https:\/\/ruralrafaela.com.ar\/exporural\/#\/schema\/person\/b944097647cc828e58952e18b2cc493c","name":"c1970093","image":{"@type":"ImageObject","inLanguage":"es","@id":"https:\/\/secure.gravatar.com\/avatar\/45cdd73f3ef44c305e0057b84921f5c4dc0bf41c5999db82505293a43118ff3e?s=96&d=mm&r=g","url":"https:\/\/secure.gravatar.com\/avatar\/45cdd73f3ef44c305e0057b84921f5c4dc0bf41c5999db82505293a43118ff3e?s=96&d=mm&r=g","contentUrl":"https:\/\/secure.gravatar.com\/avatar\/45cdd73f3ef44c305e0057b84921f5c4dc0bf41c5999db82505293a43118ff3e?s=96&d=mm&r=g","caption":"c1970093"},"url":"https:\/\/ruralrafaela.com.ar\/exporural\/author\/c1970093\/"}]}},"_links":{"self":[{"href":"https:\/\/ruralrafaela.com.ar\/exporural\/wp-json\/wp\/v2\/posts\/2232","targetHints":{"allow":["GET"]}}],"collection":[{"href":"https:\/\/ruralrafaela.com.ar\/exporural\/wp-json\/wp\/v2\/posts"}],"about":[{"href":"https:\/\/ruralrafaela.com.ar\/exporural\/wp-json\/wp\/v2\/types\/post"}],"author":[{"embeddable":true,"href":"https:\/\/ruralrafaela.com.ar\/exporural\/wp-json\/wp\/v2\/users\/2"}],"replies":[{"embeddable":true,"href":"https:\/\/ruralrafaela.com.ar\/exporural\/wp-json\/wp\/v2\/comments?post=2232"}],"version-history":[{"count":1,"href":"https:\/\/ruralrafaela.com.ar\/exporural\/wp-json\/wp\/v2\/posts\/2232\/revisions"}],"predecessor-version":[{"id":2234,"href":"https:\/\/ruralrafaela.com.ar\/exporural\/wp-json\/wp\/v2\/posts\/2232\/revisions\/2234"}],"wp:featuredmedia":[{"embeddable":true,"href":"https:\/\/ruralrafaela.com.ar\/exporural\/wp-json\/wp\/v2\/media\/2233"}],"wp:attachment":[{"href":"https:\/\/ruralrafaela.com.ar\/exporural\/wp-json\/wp\/v2\/media?parent=2232"}],"wp:term":[{"taxonomy":"category","embeddable":true,"href":"https:\/\/ruralrafaela.com.ar\/exporural\/wp-json\/wp\/v2\/categories?post=2232"},{"taxonomy":"post_tag","embeddable":true,"href":"https:\/\/ruralrafaela.com.ar\/exporural\/wp-json\/wp\/v2\/tags?post=2232"}],"curies":[{"name":"wp","href":"https:\/\/api.w.org\/{rel}","templated":true}]}}