{"id":2229,"date":"2020-11-13T13:01:00","date_gmt":"2020-11-13T16:01:00","guid":{"rendered":"http:\/\/ruralrafaela.com.ar\/exporural\/?p=2229"},"modified":"2020-11-16T17:05:12","modified_gmt":"2020-11-16T20:05:12","slug":"exporural-2020-la-experiencia-del-piemonte-sobre-el-uso-de-fitosanitarios","status":"publish","type":"post","link":"https:\/\/ruralrafaela.com.ar\/exporural\/exporural-2020-la-experiencia-del-piemonte-sobre-el-uso-de-fitosanitarios\/","title":{"rendered":"ExpoRural 2020: \u00abLa experiencia del Piemonte, sobre el uso de fitosanitarios\u00bb"},"content":{"rendered":"\n<p>Con un desayuno virtual, este viernes, en la \u00faltima jornada de la 113\u00ba ExpoRural de Rafaela y la Regi\u00f3n se hizo el balance de la campa\u00f1a \u201cAmamos Nuestra Tierra\u201d.&nbsp;<\/p>\n\n\n\n<p>Esta iniciativa de la Sociedad Rural de Rafaela fue presentada por su presidente, Norma Bessone. <strong><em>\u201cEl objetivo de esta convocatoria es contribuir a generar proyectos concretos a partir del consenso, a nivel local y regional sobre el tema producci\u00f3n, ambiente y salud, orientado a las Buenas Pr\u00e1cticas Agr\u00edcolas\u201d. &nbsp;<\/em><\/strong><\/p>\n\n\n\n<p>Desde los requerimientos sociales sobre la protecci\u00f3n de la salud y los recursos naturales, <strong><em>\u201csugerimos una propuesta superadora en la ciudad y por qu\u00e9 no, ejemplificadora a niveles provinciales y nacionales<\/em><\/strong>\u201d.&nbsp;<\/p>\n\n\n\n<p>La campa\u00f1a comenz\u00f3 el 4 de agosto de 2020, con publicaciones de divulgaci\u00f3n cient\u00edfica y social y en la interacci\u00f3n la comunidad manifest\u00f3 su inter\u00e9s en conocer la clasificaci\u00f3n de los fitosanitarios, especialmente los de banda verde, las actividades del aplicador, el desarrollo de huertas urbanas, entre otros aspectos.&nbsp;<\/p>\n\n\n\n<p><strong><em>\u201cLa finalidad institucional de hacer un valioso y responsable aporte al tratamiento y desarrollo de proyectos en relaci\u00f3n a esta tem\u00e1tica\u201d.&nbsp;<\/em><\/strong><\/p>\n\n\n\n<p>Luego de la emisi\u00f3n de un video que compendi\u00f3&nbsp; las actividades de la campa\u00f1a, tom\u00f3 la palabra el Ing. Agr. Jorge Ghiano, para manifestar que \u201c&#8230;<strong>desde la Sociedad Rural de Rafaela bregamos por el equilibrio entre la producci\u00f3n, la salud y el ambiente. Insistimos en el consenso que se debe dar entre el campo y la ciudad, como lo han demostrado pa\u00edses del primer mundo\u201d.&nbsp;<\/strong><\/p>\n\n\n\n<p>Como Pro-secretario de la directiva agreg\u00f3, \u201c<strong><em>creemos que es fundamental llegar a estos consensos, porque el sector agroindustrial argentino es productor y exportador\u201d<\/em><\/strong>, por lo tanto en la responsabilidad de seguir generando alimentos, \u201c<strong><em>se debe ocupar todo el espacio rural para la producci\u00f3n agropecuaria, haciendo las cosas bien y demostrando esto a la ciudadan\u00eda\u201d&nbsp;<\/em><\/strong><\/p>\n\n\n\n<p>Por su parte, June Allison, tambi\u00e9n profesional integrante de la entidad, sostuvo que la generaci\u00f3n de normativa tiene que ser a partir de informaci\u00f3n que surja de <strong><em>\u201creferentes reconocidos y con t\u00e9cnicas probadas a nivel nacional e internacional\u201d<\/em><\/strong>, para que los lineamientos sean adecuados con <strong><em>\u201cinformaci\u00f3n id\u00f3nea, proveniente de la ciencia y la tecnolog\u00eda\u201d y para eso la SRR \u201caport\u00f3 conceptos para que se puedan avanzar en decisiones importantes\u201d, entendiendo que \u201cno podemos pensar en dejar tierras productivas, las m\u00e1s f\u00e9rtiles, fuera de la explotaci\u00f3n\u201d&nbsp;<\/em><\/strong><\/p>\n\n\n\n<p><strong>Protecci\u00f3n medioambiental&nbsp;<\/strong><\/p>\n\n\n\n<p>Tomando las palabras del Papa Francisco en la enc\u00edclica Laudato Si, Paolo Mancin, funcionario del sector Tutela de Aguas de la Direcci\u00f3n de Ambiente, Energ\u00eda y Territorio de la Regi\u00f3n Piemonte, habl\u00f3 de la importancia de los proyectos de triple impacto, con generaci\u00f3n de recursos econ\u00f3micos, beneficios sociales y tambi\u00e9n la protecci\u00f3n del medio ambiente.&nbsp;<\/p>\n\n\n\n<p><strong><em>\u201cEn toda Europa se trabaja con \u00e9nfasis en la protecci\u00f3n de recursos h\u00eddricos sobre y bajo la tierra. Se hace un seguimiento del nivel de calidad ecol\u00f3gica y qu\u00edmica\u201d,<\/em><\/strong> a\u00f1adiendo que \u201c<strong><em>el agua potable y limpia es un asunto de vital importancia, dice tambi\u00e9n el Papa\u201d, siendo este aspecto \u201cun problema en parte educativo y cultural\u201d.&nbsp;<\/em><\/strong><\/p>\n\n\n\n<p>Teniendo en cuenta que la regi\u00f3n del Piemonte siempre fue muy cuidadosa con el medioambiente y el agua, Mancin aclar\u00f3 que \u201c<strong><em>para protegerse es necesario saber, para evaluar el impacto de un contaminante y de las medidas tomadas\u201d.&nbsp;<\/em><\/strong><\/p>\n\n\n\n<p><strong>Fitosanitarios en el Piemonte<\/strong>&nbsp;<\/p>\n\n\n\n<p>Elena Anselmetti es graduada en Ciencias Agrarias, funcionaria de la Direcci\u00f3n de Ambiente, Energ\u00eda y Territorio del Piemonte, es referente en esa regi\u00f3n italiana para la planificaci\u00f3n y programaci\u00f3n en el uso de productos fitosanitarios.&nbsp;<\/p>\n\n\n\n<p>En un contacto virtual transmitido en vivo en el sitio <a href=\"http:\/\/www.exporuralrafaela.com.ar\">www.exporuralrafaela.com.ar<\/a>, explic\u00f3 ante un auditorio en el que se encontraban algunos concejales del oficialismo de nuestra ciudad que a nivel europeo la principal normativa es el Reglamento 1107\/2009, relativo a la comercializaci\u00f3n de productos fitosanitarios, garantizando a un alto nivel de protecci\u00f3n de la salud humana, animal y del ambiente, con la vigencia de autorizaci\u00f3n de sustancias activas para el continente y la habilitaci\u00f3n de productos fitosanitarios por parte del gobierno de cada pa\u00eds, variando la validez de la aprobaci\u00f3n,&nbsp; seg\u00fan el producto.&nbsp;<\/p>\n\n\n\n<p><strong><em>\u201cSabemos que s\u00f3lo una parte llega al objetivo de la planta, que seg\u00fan la Universidad de Torino lo logra entre el 20 y el 55 por ciento. Es normal que una parte se pierda en el ambiente, por deriva, por evaporaci\u00f3n, o en el suelo\u201d, <\/em><\/strong>es por esto que hay legislaci\u00f3n complementaria para tratar todo el panorama productivo.&nbsp;<\/p>\n\n\n\n<p>Se agrega la Directiva 2009\/127 para la habilitaci\u00f3n de maquinaria, pero tambi\u00e9n la Directiva 2009\/128, que trabaja sobre el uso sostenible de plaguicidas, tendiendo a la reducci\u00f3n del uso, con planes de acci\u00f3n nacional, formaci\u00f3n de los aplicadores, vendedores y consumidores. Adem\u00e1s, se detallan los requisitos de venta y se trabaja en la informaci\u00f3n y sensibilizaci\u00f3n social, tambi\u00e9n la inspecci\u00f3n de equipos terrestres y a\u00e9reos. &nbsp;<\/p>\n\n\n\n<p>Dispone la reducci\u00f3n del uso y aplicaci\u00f3n en zonas espec\u00edficas, como los espacios p\u00fablicos de uso general o de grupos vulnerables (embarazadas, ni\u00f1os, adultos mayores y personas expuestas a qu\u00edmicos por per\u00edodos prolongados), como parques, jardines, espacios deportivos, parques infantiles y lugares cercanos a espacios de atenci\u00f3n de la salud. En general, est\u00e1 prohibido el uso de productos fitosanitarios en las \u00e1reas urbanas y se trabaja en la disposici\u00f3n final de envases de los mismos.&nbsp;<\/p>\n\n\n\n<p>En \u00e1reas cercanas a los cementerios o hist\u00f3ricas se puede reducir a cinco metros la distancia de aplicaci\u00f3n, con cambio de boquillas en los equipos; y las aplicaciones deben terminar dos horas antes de la apertura al p\u00fablico de estos espacios. &nbsp;<\/p>\n\n\n\n<p>El Decreto Legislativo 150\/2012 y un Plan de Acci\u00f3n nacional desde 2014, disponen en Italia que el uso en el campo est\u00e1 prohibido a una distancia menor a 30 metros, salvo en lugares donde se usan reductores de deriva, en las que se habilita una distancia de diez metros.&nbsp;<\/p>\n\n\n\n<p>En un documento especial se detalla que la deriva puede aumentar con las condiciones clim\u00e1ticas, tanto el viento, como en condiciones de precipitaciones, debiendo buscar gotas m\u00e1s grandes en cada aplicaci\u00f3n.&nbsp;<\/p>\n\n\n\n<p>Existe actualmente una propuesta para un nuevo plan que lleve la distancia con restricciones a laso 50 metros para productos A y B, 40 metros para los productos que ser\u00e1n reemplazados a partir de 2022, en tanto son 20 metros para plantas arb\u00f3reas y 15 para plantas bajas, mientras que hay una reducci\u00f3n hasta los diez metros, a medida que mejora la calidad de la banda del producto. &nbsp;<\/p>\n\n\n\n<p>De todas maneras, las regiones pueden reducir a los cinco metros la restricci\u00f3n de aplicaci\u00f3n, cuando se cuenta con estrategias de amortiguaci\u00f3n, ya sean espacios con arbustos, o con \u00e1rboles.&nbsp;<\/p>\n\n\n\n<p>A nivel europeo el glifosato est\u00e1 autorizado para su uso hasta 2022, s\u00f3lo como herbicida y se destaca en su uso la necesidad de una particular atenci\u00f3n en cuanto a la protecci\u00f3n de aguas subterr\u00e1neas.&nbsp;<\/p>\n\n\n\n<p>El EFSA (Autoridad Europea de Seguridad Alimentaria) concluy\u00f3 que 72 horas despu\u00e9s de su uso el glifosato se degrada, mientras que contienen AMPA (\u00e1cido aminomethylphosphonico) se deben aplicar siguiendo las Buenas Pr\u00e1cticas Agr\u00edcolas, e incluso se habilita para usos no agr\u00edcolas como la limpieza de canales, con autorizaci\u00f3n previa, los ferrocarriles y las rutas.&nbsp;<\/p>\n\n\n\n<p>Los problemas agron\u00f3micos que se contemplan con un uso constante, sin alternancia de productos o t\u00e9cnicas, puede generar resistencia en malezas, siempre cumpliendo con las indicaciones que se adjuntan en el producto.&nbsp;<\/p>\n\n\n\n<p>Las medidas de mitigaci\u00f3n incluyen zonas de amortiguaci\u00f3n con arbustos, \u00e1rboles o simplemente vegetales, e incluso el uso de sistemas antideriva en la maquinaria.&nbsp;<\/p>\n\n\n\n<p>Las aplicaciones a\u00e9reas s\u00f3lo tienen autorizaciones extraordinarias, por considerar algunos riesgos de contaminaci\u00f3n. Sin embargo, se avanza en la investigaci\u00f3n de aplicaciones a partir de drones.&nbsp;<\/p>\n\n\n\n<p>Con la gesti\u00f3n integrada de plagas se trabaja sobre las malezas en las rutas y en las calles de las ciudades. Se trabaja con m\u00e9todos tradicionales, mec\u00e1nicos, e incluso con sensores \u00f3pticos que buscan malezas. Las buenas pr\u00e1cticas en las ciudades sugieren barrer las veredas dos veces por semana y tambi\u00e9n las calles.&nbsp;<\/p>\n\n\n\n<p><strong><em>\u201cCada producto es autorizado sobre la base de estudios sobre el territorio\u201d,<\/em><\/strong> remarc\u00f3 Elena Anselmetti.&nbsp;<\/p>\n\n\n\n<p>Sobre el final de la charla fue consultada sobre la distancia vigente en Rafaela de 200 metros desde la planta urbana y hasta el inicio de habilitaciones en el campo y consider\u00f3 que esa distancia \u201c<strong><em>es un \u00e1rea amplia de seguridad, pero es necesario adoptar las buenas pr\u00e1cticas para que no haya peligro para las personas y el ambiente. Es in\u00fatil aumentar a los mil metros si no se respetan las medidas. No es suficiente s\u00f3lo la distancia. Si aplico y no presto atenci\u00f3n a la lluvia o al viento, es m\u00e1s da\u00f1ino que la distancia\u201d<\/em><\/strong>, concluy\u00f3.&nbsp;<\/p>\n\n\n\n<p><\/p>\n\n\n\n<p>Ver Desayuno completo:<a href=\"https:\/\/youtu.be\/9q4gO5R5fwM Desayuno Virtual: Producci\u00f3n, Ambiente y Salud. Expo Rural Rafaela En Linea- 13.11.20 Presentaci\u00f3n Campa\u00f1a: Amamos Nuestra Tierra. Experiencias d la Producci\u00f3n.\">https:\/\/youtu.be\/9q4gO5R5fwM Desayuno Virtual: Producci\u00f3n, Ambiente y Salud. Expo Rural Rafaela En Linea- 13.11.20 Presentaci\u00f3n Campa\u00f1a: Amamos Nuestra Tierra. Experiencias d la Producci\u00f3n.<\/a><\/p>\n","protected":false},"excerpt":{"rendered":"<p>Con un desayuno virtual, este viernes, en la \u00faltima jornada de la 113\u00ba ExpoRural de Rafaela y la Regi\u00f3n se hizo el balance de la campa\u00f1a \u201cAmamos Nuestra Tierra\u201d.&nbsp; Esta iniciativa de la Sociedad Rural de Rafaela fue presentada por su presidente, Norma Bessone. \u201cEl objetivo de esta convocatoria es contribuir a generar proyectos concretos [&hellip;]<\/p>\n","protected":false},"author":2,"featured_media":2230,"comment_status":"closed","ping_status":"open","sticky":false,"template":"","format":"standard","meta":{"ocean_post_layout":"","ocean_both_sidebars_style":"","ocean_both_sidebars_content_width":0,"ocean_both_sidebars_sidebars_width":0,"ocean_sidebar":"0","ocean_second_sidebar":"0","ocean_disable_margins":"enable","ocean_add_body_class":"","ocean_shortcode_before_top_bar":"","ocean_shortcode_after_top_bar":"","ocean_shortcode_before_header":"","ocean_shortcode_after_header":"","ocean_has_shortcode":"","ocean_shortcode_after_title":"","ocean_shortcode_before_footer_widgets":"","ocean_shortcode_after_footer_widgets":"","ocean_shortcode_before_footer_bottom":"","ocean_shortcode_after_footer_bottom":"","ocean_display_top_bar":"default","ocean_display_header":"default","ocean_header_style":"","ocean_center_header_left_menu":"0","ocean_custom_header_template":"0","ocean_custom_logo":0,"ocean_custom_retina_logo":0,"ocean_custom_logo_max_width":0,"ocean_custom_logo_tablet_max_width":0,"ocean_custom_logo_mobile_max_width":0,"ocean_custom_logo_max_height":0,"ocean_custom_logo_tablet_max_height":0,"ocean_custom_logo_mobile_max_height":0,"ocean_header_custom_menu":"0","ocean_menu_typo_font_family":"0","ocean_menu_typo_font_subset":"","ocean_menu_typo_font_size":0,"ocean_menu_typo_font_size_tablet":0,"ocean_menu_typo_font_size_mobile":0,"ocean_menu_typo_font_size_unit":"px","ocean_menu_typo_font_weight":"","ocean_menu_typo_font_weight_tablet":"","ocean_menu_typo_font_weight_mobile":"","ocean_menu_typo_transform":"","ocean_menu_typo_transform_tablet":"","ocean_menu_typo_transform_mobile":"","ocean_menu_typo_line_height":0,"ocean_menu_typo_line_height_tablet":0,"ocean_menu_typo_line_height_mobile":0,"ocean_menu_typo_line_height_unit":"","ocean_menu_typo_spacing":0,"ocean_menu_typo_spacing_tablet":0,"ocean_menu_typo_spacing_mobile":0,"ocean_menu_typo_spacing_unit":"","ocean_menu_link_color":"","ocean_menu_link_color_hover":"","ocean_menu_link_color_active":"","ocean_menu_link_background":"","ocean_menu_link_hover_background":"","ocean_menu_link_active_background":"","ocean_menu_social_links_bg":"","ocean_menu_social_hover_links_bg":"","ocean_menu_social_links_color":"","ocean_menu_social_hover_links_color":"","ocean_disable_title":"default","ocean_disable_heading":"default","ocean_post_title":"","ocean_post_subheading":"","ocean_post_title_style":"","ocean_post_title_background_color":"","ocean_post_title_background":0,"ocean_post_title_bg_image_position":"","ocean_post_title_bg_image_attachment":"","ocean_post_title_bg_image_repeat":"","ocean_post_title_bg_image_size":"","ocean_post_title_height":0,"ocean_post_title_bg_overlay":0.5,"ocean_post_title_bg_overlay_color":"","ocean_disable_breadcrumbs":"default","ocean_breadcrumbs_color":"","ocean_breadcrumbs_separator_color":"","ocean_breadcrumbs_links_color":"","ocean_breadcrumbs_links_hover_color":"","ocean_display_footer_widgets":"default","ocean_display_footer_bottom":"default","ocean_custom_footer_template":"0","_joinchat":[],"ocean_post_oembed":"","ocean_post_self_hosted_media":"","ocean_post_video_embed":"","ocean_link_format":"","ocean_link_format_target":"self","ocean_quote_format":"","ocean_quote_format_link":"post","ocean_gallery_link_images":"off","ocean_gallery_id":[],"footnotes":""},"categories":[8],"tags":[],"class_list":["post-2229","post","type-post","status-publish","format-standard","has-post-thumbnail","hentry","category-exporural","entry","has-media"],"yoast_head":"<!-- This site is optimized with the Yoast SEO plugin v27.5 - https:\/\/yoast.com\/product\/yoast-seo-wordpress\/ -->\n<title>ExpoRural 2020: &quot;La experiencia del Piemonte, sobre el uso de fitosanitarios&quot; - ExpoRural Rafaela y la Regi\u00f3n<\/title>\n<meta name=\"robots\" content=\"index, follow, max-snippet:-1, max-image-preview:large, max-video-preview:-1\" \/>\n<link rel=\"canonical\" href=\"https:\/\/ruralrafaela.com.ar\/exporural\/exporural-2020-la-experiencia-del-piemonte-sobre-el-uso-de-fitosanitarios\/\" \/>\n<meta property=\"og:locale\" content=\"es_ES\" \/>\n<meta property=\"og:type\" content=\"article\" \/>\n<meta property=\"og:title\" content=\"ExpoRural 2020: &quot;La experiencia del Piemonte, sobre el uso de fitosanitarios&quot; - ExpoRural Rafaela y la Regi\u00f3n\" \/>\n<meta property=\"og:description\" content=\"Con un desayuno virtual, este viernes, en la \u00faltima jornada de la 113\u00ba ExpoRural de Rafaela y la Regi\u00f3n se hizo el balance de la campa\u00f1a \u201cAmamos Nuestra Tierra\u201d.&nbsp; Esta iniciativa de la Sociedad Rural de Rafaela fue presentada por su presidente, Norma Bessone. \u201cEl objetivo de esta convocatoria es contribuir a generar proyectos concretos [&hellip;]\" \/>\n<meta property=\"og:url\" content=\"https:\/\/ruralrafaela.com.ar\/exporural\/exporural-2020-la-experiencia-del-piemonte-sobre-el-uso-de-fitosanitarios\/\" \/>\n<meta property=\"og:site_name\" content=\"ExpoRural Rafaela y la Regi\u00f3n\" \/>\n<meta property=\"article:published_time\" content=\"2020-11-13T16:01:00+00:00\" \/>\n<meta property=\"article:modified_time\" content=\"2020-11-16T20:05:12+00:00\" \/>\n<meta property=\"og:image\" content=\"https:\/\/ruralrafaela.com.ar\/exporural\/wp-content\/uploads\/sites\/16\/2020\/11\/Charla_Fitosanitario.jpg\" \/>\n\t<meta property=\"og:image:width\" content=\"1115\" \/>\n\t<meta property=\"og:image:height\" content=\"627\" \/>\n\t<meta property=\"og:image:type\" content=\"image\/jpeg\" \/>\n<meta name=\"author\" content=\"c1970093\" \/>\n<meta name=\"twitter:card\" content=\"summary_large_image\" \/>\n<meta name=\"twitter:label1\" content=\"Escrito por\" \/>\n\t<meta name=\"twitter:data1\" content=\"c1970093\" \/>\n\t<meta name=\"twitter:label2\" content=\"Tiempo de lectura\" \/>\n\t<meta name=\"twitter:data2\" content=\"8 minutos\" \/>\n<script type=\"application\/ld+json\" class=\"yoast-schema-graph\">{\"@context\":\"https:\\\/\\\/schema.org\",\"@graph\":[{\"@type\":\"Article\",\"@id\":\"https:\\\/\\\/ruralrafaela.com.ar\\\/exporural\\\/exporural-2020-la-experiencia-del-piemonte-sobre-el-uso-de-fitosanitarios\\\/#article\",\"isPartOf\":{\"@id\":\"https:\\\/\\\/ruralrafaela.com.ar\\\/exporural\\\/exporural-2020-la-experiencia-del-piemonte-sobre-el-uso-de-fitosanitarios\\\/\"},\"author\":{\"name\":\"c1970093\",\"@id\":\"https:\\\/\\\/ruralrafaela.com.ar\\\/exporural\\\/#\\\/schema\\\/person\\\/b944097647cc828e58952e18b2cc493c\"},\"headline\":\"ExpoRural 2020: \u00abLa experiencia del Piemonte, sobre el uso de fitosanitarios\u00bb\",\"datePublished\":\"2020-11-13T16:01:00+00:00\",\"dateModified\":\"2020-11-16T20:05:12+00:00\",\"mainEntityOfPage\":{\"@id\":\"https:\\\/\\\/ruralrafaela.com.ar\\\/exporural\\\/exporural-2020-la-experiencia-del-piemonte-sobre-el-uso-de-fitosanitarios\\\/\"},\"wordCount\":1602,\"publisher\":{\"@id\":\"https:\\\/\\\/ruralrafaela.com.ar\\\/exporural\\\/#organization\"},\"image\":{\"@id\":\"https:\\\/\\\/ruralrafaela.com.ar\\\/exporural\\\/exporural-2020-la-experiencia-del-piemonte-sobre-el-uso-de-fitosanitarios\\\/#primaryimage\"},\"thumbnailUrl\":\"https:\\\/\\\/ruralrafaela.com.ar\\\/exporural\\\/wp-content\\\/uploads\\\/sites\\\/16\\\/2020\\\/11\\\/Charla_Fitosanitario.jpg\",\"articleSection\":[\"ExpoRural\"],\"inLanguage\":\"es\"},{\"@type\":\"WebPage\",\"@id\":\"https:\\\/\\\/ruralrafaela.com.ar\\\/exporural\\\/exporural-2020-la-experiencia-del-piemonte-sobre-el-uso-de-fitosanitarios\\\/\",\"url\":\"https:\\\/\\\/ruralrafaela.com.ar\\\/exporural\\\/exporural-2020-la-experiencia-del-piemonte-sobre-el-uso-de-fitosanitarios\\\/\",\"name\":\"ExpoRural 2020: \\\"La experiencia del Piemonte, sobre el uso de fitosanitarios\\\" - ExpoRural Rafaela y la Regi\u00f3n\",\"isPartOf\":{\"@id\":\"https:\\\/\\\/ruralrafaela.com.ar\\\/exporural\\\/#website\"},\"primaryImageOfPage\":{\"@id\":\"https:\\\/\\\/ruralrafaela.com.ar\\\/exporural\\\/exporural-2020-la-experiencia-del-piemonte-sobre-el-uso-de-fitosanitarios\\\/#primaryimage\"},\"image\":{\"@id\":\"https:\\\/\\\/ruralrafaela.com.ar\\\/exporural\\\/exporural-2020-la-experiencia-del-piemonte-sobre-el-uso-de-fitosanitarios\\\/#primaryimage\"},\"thumbnailUrl\":\"https:\\\/\\\/ruralrafaela.com.ar\\\/exporural\\\/wp-content\\\/uploads\\\/sites\\\/16\\\/2020\\\/11\\\/Charla_Fitosanitario.jpg\",\"datePublished\":\"2020-11-13T16:01:00+00:00\",\"dateModified\":\"2020-11-16T20:05:12+00:00\",\"breadcrumb\":{\"@id\":\"https:\\\/\\\/ruralrafaela.com.ar\\\/exporural\\\/exporural-2020-la-experiencia-del-piemonte-sobre-el-uso-de-fitosanitarios\\\/#breadcrumb\"},\"inLanguage\":\"es\",\"potentialAction\":[{\"@type\":\"ReadAction\",\"target\":[\"https:\\\/\\\/ruralrafaela.com.ar\\\/exporural\\\/exporural-2020-la-experiencia-del-piemonte-sobre-el-uso-de-fitosanitarios\\\/\"]}]},{\"@type\":\"ImageObject\",\"inLanguage\":\"es\",\"@id\":\"https:\\\/\\\/ruralrafaela.com.ar\\\/exporural\\\/exporural-2020-la-experiencia-del-piemonte-sobre-el-uso-de-fitosanitarios\\\/#primaryimage\",\"url\":\"https:\\\/\\\/ruralrafaela.com.ar\\\/exporural\\\/wp-content\\\/uploads\\\/sites\\\/16\\\/2020\\\/11\\\/Charla_Fitosanitario.jpg\",\"contentUrl\":\"https:\\\/\\\/ruralrafaela.com.ar\\\/exporural\\\/wp-content\\\/uploads\\\/sites\\\/16\\\/2020\\\/11\\\/Charla_Fitosanitario.jpg\",\"width\":1115,\"height\":627},{\"@type\":\"BreadcrumbList\",\"@id\":\"https:\\\/\\\/ruralrafaela.com.ar\\\/exporural\\\/exporural-2020-la-experiencia-del-piemonte-sobre-el-uso-de-fitosanitarios\\\/#breadcrumb\",\"itemListElement\":[{\"@type\":\"ListItem\",\"position\":1,\"name\":\"Portada\",\"item\":\"https:\\\/\\\/ruralrafaela.com.ar\\\/exporural\\\/\"},{\"@type\":\"ListItem\",\"position\":2,\"name\":\"ExpoRural 2020: \u00abLa experiencia del Piemonte, sobre el uso de fitosanitarios\u00bb\"}]},{\"@type\":\"WebSite\",\"@id\":\"https:\\\/\\\/ruralrafaela.com.ar\\\/exporural\\\/#website\",\"url\":\"https:\\\/\\\/ruralrafaela.com.ar\\\/exporural\\\/\",\"name\":\"ExpoRural Rafaela y la Regi\u00f3n\",\"description\":\"ExpoRural Rafaela y la Regi\u00f3n 2020 - Edici\u00f3n en L\u00ednea\",\"publisher\":{\"@id\":\"https:\\\/\\\/ruralrafaela.com.ar\\\/exporural\\\/#organization\"},\"potentialAction\":[{\"@type\":\"SearchAction\",\"target\":{\"@type\":\"EntryPoint\",\"urlTemplate\":\"https:\\\/\\\/ruralrafaela.com.ar\\\/exporural\\\/?s={search_term_string}\"},\"query-input\":{\"@type\":\"PropertyValueSpecification\",\"valueRequired\":true,\"valueName\":\"search_term_string\"}}],\"inLanguage\":\"es\"},{\"@type\":\"Organization\",\"@id\":\"https:\\\/\\\/ruralrafaela.com.ar\\\/exporural\\\/#organization\",\"name\":\"ExpoRural Rafaela y la Regi\u00f3n\",\"url\":\"https:\\\/\\\/ruralrafaela.com.ar\\\/exporural\\\/\",\"logo\":{\"@type\":\"ImageObject\",\"inLanguage\":\"es\",\"@id\":\"https:\\\/\\\/ruralrafaela.com.ar\\\/exporural\\\/#\\\/schema\\\/logo\\\/image\\\/\",\"url\":\"https:\\\/\\\/ruralrafaela.com.ar\\\/exporural\\\/wp-content\\\/uploads\\\/sites\\\/16\\\/2020\\\/10\\\/Log-Expo-2020.png\",\"contentUrl\":\"https:\\\/\\\/ruralrafaela.com.ar\\\/exporural\\\/wp-content\\\/uploads\\\/sites\\\/16\\\/2020\\\/10\\\/Log-Expo-2020.png\",\"width\":680,\"height\":404,\"caption\":\"ExpoRural Rafaela y la Regi\u00f3n\"},\"image\":{\"@id\":\"https:\\\/\\\/ruralrafaela.com.ar\\\/exporural\\\/#\\\/schema\\\/logo\\\/image\\\/\"}},{\"@type\":\"Person\",\"@id\":\"https:\\\/\\\/ruralrafaela.com.ar\\\/exporural\\\/#\\\/schema\\\/person\\\/b944097647cc828e58952e18b2cc493c\",\"name\":\"c1970093\",\"image\":{\"@type\":\"ImageObject\",\"inLanguage\":\"es\",\"@id\":\"https:\\\/\\\/secure.gravatar.com\\\/avatar\\\/45cdd73f3ef44c305e0057b84921f5c4dc0bf41c5999db82505293a43118ff3e?s=96&d=mm&r=g\",\"url\":\"https:\\\/\\\/secure.gravatar.com\\\/avatar\\\/45cdd73f3ef44c305e0057b84921f5c4dc0bf41c5999db82505293a43118ff3e?s=96&d=mm&r=g\",\"contentUrl\":\"https:\\\/\\\/secure.gravatar.com\\\/avatar\\\/45cdd73f3ef44c305e0057b84921f5c4dc0bf41c5999db82505293a43118ff3e?s=96&d=mm&r=g\",\"caption\":\"c1970093\"},\"url\":\"https:\\\/\\\/ruralrafaela.com.ar\\\/exporural\\\/author\\\/c1970093\\\/\"}]}<\/script>\n<!-- \/ Yoast SEO plugin. -->","yoast_head_json":{"title":"ExpoRural 2020: \"La experiencia del Piemonte, sobre el uso de fitosanitarios\" - ExpoRural Rafaela y la Regi\u00f3n","robots":{"index":"index","follow":"follow","max-snippet":"max-snippet:-1","max-image-preview":"max-image-preview:large","max-video-preview":"max-video-preview:-1"},"canonical":"https:\/\/ruralrafaela.com.ar\/exporural\/exporural-2020-la-experiencia-del-piemonte-sobre-el-uso-de-fitosanitarios\/","og_locale":"es_ES","og_type":"article","og_title":"ExpoRural 2020: \"La experiencia del Piemonte, sobre el uso de fitosanitarios\" - ExpoRural Rafaela y la Regi\u00f3n","og_description":"Con un desayuno virtual, este viernes, en la \u00faltima jornada de la 113\u00ba ExpoRural de Rafaela y la Regi\u00f3n se hizo el balance de la campa\u00f1a \u201cAmamos Nuestra Tierra\u201d.&nbsp; Esta iniciativa de la Sociedad Rural de Rafaela fue presentada por su presidente, Norma Bessone. \u201cEl objetivo de esta convocatoria es contribuir a generar proyectos concretos [&hellip;]","og_url":"https:\/\/ruralrafaela.com.ar\/exporural\/exporural-2020-la-experiencia-del-piemonte-sobre-el-uso-de-fitosanitarios\/","og_site_name":"ExpoRural Rafaela y la Regi\u00f3n","article_published_time":"2020-11-13T16:01:00+00:00","article_modified_time":"2020-11-16T20:05:12+00:00","og_image":[{"width":1115,"height":627,"url":"https:\/\/ruralrafaela.com.ar\/exporural\/wp-content\/uploads\/sites\/16\/2020\/11\/Charla_Fitosanitario.jpg","type":"image\/jpeg"}],"author":"c1970093","twitter_card":"summary_large_image","twitter_misc":{"Escrito por":"c1970093","Tiempo de lectura":"8 minutos"},"schema":{"@context":"https:\/\/schema.org","@graph":[{"@type":"Article","@id":"https:\/\/ruralrafaela.com.ar\/exporural\/exporural-2020-la-experiencia-del-piemonte-sobre-el-uso-de-fitosanitarios\/#article","isPartOf":{"@id":"https:\/\/ruralrafaela.com.ar\/exporural\/exporural-2020-la-experiencia-del-piemonte-sobre-el-uso-de-fitosanitarios\/"},"author":{"name":"c1970093","@id":"https:\/\/ruralrafaela.com.ar\/exporural\/#\/schema\/person\/b944097647cc828e58952e18b2cc493c"},"headline":"ExpoRural 2020: \u00abLa experiencia del Piemonte, sobre el uso de fitosanitarios\u00bb","datePublished":"2020-11-13T16:01:00+00:00","dateModified":"2020-11-16T20:05:12+00:00","mainEntityOfPage":{"@id":"https:\/\/ruralrafaela.com.ar\/exporural\/exporural-2020-la-experiencia-del-piemonte-sobre-el-uso-de-fitosanitarios\/"},"wordCount":1602,"publisher":{"@id":"https:\/\/ruralrafaela.com.ar\/exporural\/#organization"},"image":{"@id":"https:\/\/ruralrafaela.com.ar\/exporural\/exporural-2020-la-experiencia-del-piemonte-sobre-el-uso-de-fitosanitarios\/#primaryimage"},"thumbnailUrl":"https:\/\/ruralrafaela.com.ar\/exporural\/wp-content\/uploads\/sites\/16\/2020\/11\/Charla_Fitosanitario.jpg","articleSection":["ExpoRural"],"inLanguage":"es"},{"@type":"WebPage","@id":"https:\/\/ruralrafaela.com.ar\/exporural\/exporural-2020-la-experiencia-del-piemonte-sobre-el-uso-de-fitosanitarios\/","url":"https:\/\/ruralrafaela.com.ar\/exporural\/exporural-2020-la-experiencia-del-piemonte-sobre-el-uso-de-fitosanitarios\/","name":"ExpoRural 2020: \"La experiencia del Piemonte, sobre el uso de fitosanitarios\" - ExpoRural Rafaela y la Regi\u00f3n","isPartOf":{"@id":"https:\/\/ruralrafaela.com.ar\/exporural\/#website"},"primaryImageOfPage":{"@id":"https:\/\/ruralrafaela.com.ar\/exporural\/exporural-2020-la-experiencia-del-piemonte-sobre-el-uso-de-fitosanitarios\/#primaryimage"},"image":{"@id":"https:\/\/ruralrafaela.com.ar\/exporural\/exporural-2020-la-experiencia-del-piemonte-sobre-el-uso-de-fitosanitarios\/#primaryimage"},"thumbnailUrl":"https:\/\/ruralrafaela.com.ar\/exporural\/wp-content\/uploads\/sites\/16\/2020\/11\/Charla_Fitosanitario.jpg","datePublished":"2020-11-13T16:01:00+00:00","dateModified":"2020-11-16T20:05:12+00:00","breadcrumb":{"@id":"https:\/\/ruralrafaela.com.ar\/exporural\/exporural-2020-la-experiencia-del-piemonte-sobre-el-uso-de-fitosanitarios\/#breadcrumb"},"inLanguage":"es","potentialAction":[{"@type":"ReadAction","target":["https:\/\/ruralrafaela.com.ar\/exporural\/exporural-2020-la-experiencia-del-piemonte-sobre-el-uso-de-fitosanitarios\/"]}]},{"@type":"ImageObject","inLanguage":"es","@id":"https:\/\/ruralrafaela.com.ar\/exporural\/exporural-2020-la-experiencia-del-piemonte-sobre-el-uso-de-fitosanitarios\/#primaryimage","url":"https:\/\/ruralrafaela.com.ar\/exporural\/wp-content\/uploads\/sites\/16\/2020\/11\/Charla_Fitosanitario.jpg","contentUrl":"https:\/\/ruralrafaela.com.ar\/exporural\/wp-content\/uploads\/sites\/16\/2020\/11\/Charla_Fitosanitario.jpg","width":1115,"height":627},{"@type":"BreadcrumbList","@id":"https:\/\/ruralrafaela.com.ar\/exporural\/exporural-2020-la-experiencia-del-piemonte-sobre-el-uso-de-fitosanitarios\/#breadcrumb","itemListElement":[{"@type":"ListItem","position":1,"name":"Portada","item":"https:\/\/ruralrafaela.com.ar\/exporural\/"},{"@type":"ListItem","position":2,"name":"ExpoRural 2020: \u00abLa experiencia del Piemonte, sobre el uso de fitosanitarios\u00bb"}]},{"@type":"WebSite","@id":"https:\/\/ruralrafaela.com.ar\/exporural\/#website","url":"https:\/\/ruralrafaela.com.ar\/exporural\/","name":"ExpoRural Rafaela y la Regi\u00f3n","description":"ExpoRural Rafaela y la Regi\u00f3n 2020 - Edici\u00f3n en L\u00ednea","publisher":{"@id":"https:\/\/ruralrafaela.com.ar\/exporural\/#organization"},"potentialAction":[{"@type":"SearchAction","target":{"@type":"EntryPoint","urlTemplate":"https:\/\/ruralrafaela.com.ar\/exporural\/?s={search_term_string}"},"query-input":{"@type":"PropertyValueSpecification","valueRequired":true,"valueName":"search_term_string"}}],"inLanguage":"es"},{"@type":"Organization","@id":"https:\/\/ruralrafaela.com.ar\/exporural\/#organization","name":"ExpoRural Rafaela y la Regi\u00f3n","url":"https:\/\/ruralrafaela.com.ar\/exporural\/","logo":{"@type":"ImageObject","inLanguage":"es","@id":"https:\/\/ruralrafaela.com.ar\/exporural\/#\/schema\/logo\/image\/","url":"https:\/\/ruralrafaela.com.ar\/exporural\/wp-content\/uploads\/sites\/16\/2020\/10\/Log-Expo-2020.png","contentUrl":"https:\/\/ruralrafaela.com.ar\/exporural\/wp-content\/uploads\/sites\/16\/2020\/10\/Log-Expo-2020.png","width":680,"height":404,"caption":"ExpoRural Rafaela y la Regi\u00f3n"},"image":{"@id":"https:\/\/ruralrafaela.com.ar\/exporural\/#\/schema\/logo\/image\/"}},{"@type":"Person","@id":"https:\/\/ruralrafaela.com.ar\/exporural\/#\/schema\/person\/b944097647cc828e58952e18b2cc493c","name":"c1970093","image":{"@type":"ImageObject","inLanguage":"es","@id":"https:\/\/secure.gravatar.com\/avatar\/45cdd73f3ef44c305e0057b84921f5c4dc0bf41c5999db82505293a43118ff3e?s=96&d=mm&r=g","url":"https:\/\/secure.gravatar.com\/avatar\/45cdd73f3ef44c305e0057b84921f5c4dc0bf41c5999db82505293a43118ff3e?s=96&d=mm&r=g","contentUrl":"https:\/\/secure.gravatar.com\/avatar\/45cdd73f3ef44c305e0057b84921f5c4dc0bf41c5999db82505293a43118ff3e?s=96&d=mm&r=g","caption":"c1970093"},"url":"https:\/\/ruralrafaela.com.ar\/exporural\/author\/c1970093\/"}]}},"_links":{"self":[{"href":"https:\/\/ruralrafaela.com.ar\/exporural\/wp-json\/wp\/v2\/posts\/2229","targetHints":{"allow":["GET"]}}],"collection":[{"href":"https:\/\/ruralrafaela.com.ar\/exporural\/wp-json\/wp\/v2\/posts"}],"about":[{"href":"https:\/\/ruralrafaela.com.ar\/exporural\/wp-json\/wp\/v2\/types\/post"}],"author":[{"embeddable":true,"href":"https:\/\/ruralrafaela.com.ar\/exporural\/wp-json\/wp\/v2\/users\/2"}],"replies":[{"embeddable":true,"href":"https:\/\/ruralrafaela.com.ar\/exporural\/wp-json\/wp\/v2\/comments?post=2229"}],"version-history":[{"count":1,"href":"https:\/\/ruralrafaela.com.ar\/exporural\/wp-json\/wp\/v2\/posts\/2229\/revisions"}],"predecessor-version":[{"id":2231,"href":"https:\/\/ruralrafaela.com.ar\/exporural\/wp-json\/wp\/v2\/posts\/2229\/revisions\/2231"}],"wp:featuredmedia":[{"embeddable":true,"href":"https:\/\/ruralrafaela.com.ar\/exporural\/wp-json\/wp\/v2\/media\/2230"}],"wp:attachment":[{"href":"https:\/\/ruralrafaela.com.ar\/exporural\/wp-json\/wp\/v2\/media?parent=2229"}],"wp:term":[{"taxonomy":"category","embeddable":true,"href":"https:\/\/ruralrafaela.com.ar\/exporural\/wp-json\/wp\/v2\/categories?post=2229"},{"taxonomy":"post_tag","embeddable":true,"href":"https:\/\/ruralrafaela.com.ar\/exporural\/wp-json\/wp\/v2\/tags?post=2229"}],"curies":[{"name":"wp","href":"https:\/\/api.w.org\/{rel}","templated":true}]}}