{"id":2223,"date":"2020-11-13T00:54:00","date_gmt":"2020-11-13T03:54:00","guid":{"rendered":"http:\/\/ruralrafaela.com.ar\/exporural\/?p=2223"},"modified":"2020-11-16T16:58:19","modified_gmt":"2020-11-16T19:58:19","slug":"exporural-2020bumper-crop-paso-por-la-rural-para-acercarse-a-los-productores","status":"publish","type":"post","link":"https:\/\/ruralrafaela.com.ar\/exporural\/exporural-2020bumper-crop-paso-por-la-rural-para-acercarse-a-los-productores\/","title":{"rendered":"ExpoRural 2020:\u00bbBumper Crop pas\u00f3 por la Rural para acercarse a los productores\u00bb"},"content":{"rendered":"\n<p><strong><em>\u201cSomos bendecidos de producir m\u00faltiples veces lo que consumimos\u201d.&nbsp;<\/em><\/strong><\/p>\n\n\n\n<p>El influencer del campo en Twitter remarc\u00f3 que en nuestro pa\u00eds <strong><em>\u201csomos bendecidos de producir m\u00faltiples veces lo que consumimos\u201d.&nbsp;<\/em><\/strong><\/p>\n\n\n\n<p><strong><em>\u201cNo hay nada m\u00e1s parecido al medio oeste de Estados Unidos que la llanura pampeana argentina\u201d<\/em><\/strong>, as\u00ed empez\u00f3 la charla que la C\u00e1mara de Empresas Proveedoras del Agro de Rafaela organiz\u00f3 en el marco de la 113\u00ba ExpoRural de Rafaela y la Regi\u00f3n con la presencia de Jos\u00e9 \u00c1lvarez.&nbsp;<\/p>\n\n\n\n<p>Produciendo en Necochea, Tres Arroyos y Rojas en la provincia de Buenos Aires, pero tambi\u00e9n en el estado de Illinois, Estados Unidos, este productor que en Twitter es una estrella del agro y es conocido como Bumper Crop y habl\u00f3 ante una important\u00edsima audiencia virtual sobre la diferencia de producir en ambos destinos.&nbsp;<\/p>\n\n\n\n<p>En Estados Unidos, <strong><em>\u201cla gente accede de manera constante a la tecnolog\u00eda, es algo que genera rendimientos promedio tan altos\u201d<\/em><\/strong>, tanto en soja, como en ma\u00edz, porque tambi\u00e9n hay una constancia en los avances gen\u00e9ticos, con la aprobaci\u00f3n de eventos sin mucha burocracia y as\u00ed la expansi\u00f3n productiva es la m\u00e1s grande se da desde el a\u00f1o 2008, a\u00f1adido a esto que en la \u00faltima d\u00e9cada el valor de la tierra se duplic\u00f3.&nbsp;<\/p>\n\n\n\n<p>Estados Unidos tiene una escala de 36 millones de hect\u00e1reas anuales y algo similar en ma\u00edz, mientras que de trigo son unos 18 millones, mientras que en Argentina se siembran 35 millones de hect\u00e1reas en total. &nbsp;<\/p>\n\n\n\n<p>Mientras que ac\u00e1 la palabra subsidio siempre se vincula al oportunismo pol\u00edtico, all\u00e1 los productores recibieron subsidios por 353,5 billones de d\u00f3lares en los \u00faltimos diez a\u00f1os, teniendo como contrapartida un nivel de servicios ideal.&nbsp;<\/p>\n\n\n\n<p>Solo dos impuestos que gravan la actividad agr\u00edcola estadounidense, uno es el inmobiliario del condado y el Impuesto a las Ganancias una vez al a\u00f1o, repartido entre el Estado y la Naci\u00f3n, entre el 15 y el 21 por ciento, habiendo bajado del 35 por ciento. Mientras tanto, en Argentina hay unos 16 impuestos gravando la actividad<strong><em> \u201csiendo el m\u00e1s pernicioso el de las retenciones, que es algo que no paga ning\u00fan otro competidor nuestro, en ning\u00fan otro pa\u00eds\u201d<\/em><\/strong>, a eso se a\u00f1ade Ganancias, IVA, Cheque o a los combustibles.&nbsp;<\/p>\n\n\n\n<p>La proyecci\u00f3n de subsidios hasta 2027, por una d\u00e9cada, son 205 mil millones de d\u00f3lares, unos 20 mil al a\u00f1o, para cubrir el seguro multiriesgo, la conservaci\u00f3n de los suelos para evitar la erosi\u00f3n, as\u00ed como en los commodities.&nbsp;<\/p>\n\n\n\n<p>La dualidad en la producci\u00f3n se gener\u00f3 cuando viaj\u00f3 a trabajar a Canad\u00e1 y tambi\u00e9n estuvo en Estados Unidos despu\u00e9s de recibirse, en 1998 y concret\u00f3 la idea de ser productor en el norte, en el Estado de Illinois, tambi\u00e9n como una manera de preservar el capital en el a\u00f1o 2014.&nbsp;<\/p>\n\n\n\n<p><strong><em>\u201cLo mejor de all\u00e1 es mejor que lo mejor de ac\u00e1, adem\u00e1s se mejora con el acceso al cr\u00e9dito para obras\u201d,<\/em><\/strong> explica sobre la posibilidad&nbsp; de la tierra, porque <strong><em>\u201chay campos de 18 mil kilos de ma\u00edz en secano y nosotros ac\u00e1 tenemos menos de la mitad y para lograr esos promedios deber\u00edamos fertilizar mucho m\u00e1s\u201d.&nbsp;<\/em><\/strong><\/p>\n\n\n\n<p>Respecto al uso de fitosanitarios, indic\u00f3 que en los diez pa\u00edses netamente productores, entre los que est\u00e1 Argentina, e incluso en otros 200 no hay prohibiciones. Pero pareciera que aqu\u00ed se reniega de la naturaleza. <strong><em>\u201cSomos bendecidos de producir m\u00faltiples veces lo que consumimos\u201d<\/em><\/strong>, pero <strong><em>\u201cque estemos discutiendo s\u00f3lo ac\u00e1 aplicaciones y volviendo a muchas hect\u00e1reas improductivas, por un capricho, es poco menos que criminal\u201d.&nbsp;<\/em><\/strong><\/p>\n\n\n\n<p>Detall\u00f3 que en casos como el de Jap\u00f3n, Suiza o Espa\u00f1a se usan muchos m\u00e1s fitosanitarios en relaci\u00f3n con las hect\u00e1reas productivas que lo que sucede en la Argentina, sin distancias exageradas y nadie discute las reglamentaciones, porque son pa\u00edses en los que hay regulaciones para todo y se respetan. <strong><em>\u201cEllos no se vieron nunca en la posici\u00f3n de discutir temas de este talante\u201d, <\/em><\/strong>sostuvo. &nbsp;<\/p>\n\n\n\n<p>En cuanto a la imagen que se intenta imponer de los productores, Bumper explica que <strong><em>\u201cel prop\u00f3sito de la difamaci\u00f3n, como la responsabilidad de los productores por la prevalencia de c\u00e1ncer en las comunidades, o la contaminaci\u00f3n de cursos de agua, tienen como objetivo hacer m\u00e1s digestible ante la sociedad la extracci\u00f3n fiscal\u201d<\/em><\/strong>. Cobrar impuestos a alguien malo, pareciera que tiene menos rechazo social.&nbsp;<\/p>\n\n\n\n<p>Esto <strong><em>\u201cno es un tema s\u00f3lo de comunicaci\u00f3n, sino que es de educaci\u00f3n\u201d<\/em><\/strong>, porque \u201c<strong><em>nadie que no tenga educaci\u00f3n puede valorar la libertad, se ha buscado durante d\u00e9cadas que la gente tenga una pobre educaci\u00f3n para luego aprovecharse de ellos\u201d<\/em><\/strong>.&nbsp;<\/p>\n\n\n\n<p>Sin embargo los productores y el sector deben ir hacia la consecuci\u00f3n del beneficio de lograr que la actividad se conozca, muchos <strong><em>\u201cpor amor a la profesi\u00f3n\u201d y tambi\u00e9n por cuestiones de moral, porque \u201ces fundamental la difusi\u00f3n de la realidad, en la funci\u00f3n de educaci\u00f3n\u201d<\/em><\/strong>.&nbsp;<\/p>\n\n\n\n<p>En este sentido agreg\u00f3 que si bien \u00e9l no forma parte de ninguna entidad de representaci\u00f3n agropecuaria, <strong><em>\u201c&#8230;si uno est\u00e1 en una asociaci\u00f3n gremial del campo no es para hacer sociales, ni para rascar algo del Estado\u201d<\/em><\/strong>, sino para trabajar educando y acordando por las problem\u00e1ticas que afectan al sector.&nbsp;<\/p>\n\n\n\n<p>Cabe destacar que esta como otras charlas se pueden volver a ver en el canal de YouTube de la Sociedad Rural de Rafaela.&nbsp;<\/p>\n\n\n\n<p>Ver charla completa:<a href=\"https:\/\/youtu.be\/wTpmDg5H7T0 Como Producir en Argentina - CEPAR - Expo Rural Rafaela En Linea - 12.11.20 - 19:30 Charla Auspiciada por CEPAR. Como producir en Argentina Comparado a otros Pa\u00edses. Jos\u00e9 A. \u00c1lvarez @BumperCrop1. Productor Agropecuario. Influencer del Sector. CEPAR - Un litro de leche por mes - Rafaela\">https:\/\/youtu.be\/wTpmDg5H7T0 Como Producir en Argentina &#8211; CEPAR &#8211; Expo Rural Rafaela En Linea &#8211; 12.11.20 &#8211; 19:30 Charla Auspiciada por CEPAR. Como producir en Argentina Comparado a otros Pa\u00edses. Jos\u00e9 A. \u00c1lvarez @BumperCrop1. Productor Agropecuario. Influencer del Sector. CEPAR &#8211; Un litro de leche por mes &#8211; Rafaela<\/a><\/p>\n","protected":false},"excerpt":{"rendered":"<p>\u201cSomos bendecidos de producir m\u00faltiples veces lo que consumimos\u201d.&nbsp; El influencer del campo en Twitter remarc\u00f3 que en nuestro pa\u00eds \u201csomos bendecidos de producir m\u00faltiples veces lo que consumimos\u201d.&nbsp; \u201cNo hay nada m\u00e1s parecido al medio oeste de Estados Unidos que la llanura pampeana argentina\u201d, as\u00ed empez\u00f3 la charla que la C\u00e1mara de Empresas Proveedoras [&hellip;]<\/p>\n","protected":false},"author":2,"featured_media":2224,"comment_status":"closed","ping_status":"open","sticky":false,"template":"","format":"standard","meta":{"ocean_post_layout":"","ocean_both_sidebars_style":"","ocean_both_sidebars_content_width":0,"ocean_both_sidebars_sidebars_width":0,"ocean_sidebar":"0","ocean_second_sidebar":"0","ocean_disable_margins":"enable","ocean_add_body_class":"","ocean_shortcode_before_top_bar":"","ocean_shortcode_after_top_bar":"","ocean_shortcode_before_header":"","ocean_shortcode_after_header":"","ocean_has_shortcode":"","ocean_shortcode_after_title":"","ocean_shortcode_before_footer_widgets":"","ocean_shortcode_after_footer_widgets":"","ocean_shortcode_before_footer_bottom":"","ocean_shortcode_after_footer_bottom":"","ocean_display_top_bar":"default","ocean_display_header":"default","ocean_header_style":"","ocean_center_header_left_menu":"0","ocean_custom_header_template":"0","ocean_custom_logo":0,"ocean_custom_retina_logo":0,"ocean_custom_logo_max_width":0,"ocean_custom_logo_tablet_max_width":0,"ocean_custom_logo_mobile_max_width":0,"ocean_custom_logo_max_height":0,"ocean_custom_logo_tablet_max_height":0,"ocean_custom_logo_mobile_max_height":0,"ocean_header_custom_menu":"0","ocean_menu_typo_font_family":"0","ocean_menu_typo_font_subset":"","ocean_menu_typo_font_size":0,"ocean_menu_typo_font_size_tablet":0,"ocean_menu_typo_font_size_mobile":0,"ocean_menu_typo_font_size_unit":"px","ocean_menu_typo_font_weight":"","ocean_menu_typo_font_weight_tablet":"","ocean_menu_typo_font_weight_mobile":"","ocean_menu_typo_transform":"","ocean_menu_typo_transform_tablet":"","ocean_menu_typo_transform_mobile":"","ocean_menu_typo_line_height":0,"ocean_menu_typo_line_height_tablet":0,"ocean_menu_typo_line_height_mobile":0,"ocean_menu_typo_line_height_unit":"","ocean_menu_typo_spacing":0,"ocean_menu_typo_spacing_tablet":0,"ocean_menu_typo_spacing_mobile":0,"ocean_menu_typo_spacing_unit":"","ocean_menu_link_color":"","ocean_menu_link_color_hover":"","ocean_menu_link_color_active":"","ocean_menu_link_background":"","ocean_menu_link_hover_background":"","ocean_menu_link_active_background":"","ocean_menu_social_links_bg":"","ocean_menu_social_hover_links_bg":"","ocean_menu_social_links_color":"","ocean_menu_social_hover_links_color":"","ocean_disable_title":"default","ocean_disable_heading":"default","ocean_post_title":"","ocean_post_subheading":"","ocean_post_title_style":"","ocean_post_title_background_color":"","ocean_post_title_background":0,"ocean_post_title_bg_image_position":"","ocean_post_title_bg_image_attachment":"","ocean_post_title_bg_image_repeat":"","ocean_post_title_bg_image_size":"","ocean_post_title_height":0,"ocean_post_title_bg_overlay":0.5,"ocean_post_title_bg_overlay_color":"","ocean_disable_breadcrumbs":"default","ocean_breadcrumbs_color":"","ocean_breadcrumbs_separator_color":"","ocean_breadcrumbs_links_color":"","ocean_breadcrumbs_links_hover_color":"","ocean_display_footer_widgets":"default","ocean_display_footer_bottom":"default","ocean_custom_footer_template":"0","_joinchat":[],"ocean_post_oembed":"","ocean_post_self_hosted_media":"","ocean_post_video_embed":"","ocean_link_format":"","ocean_link_format_target":"self","ocean_quote_format":"","ocean_quote_format_link":"post","ocean_gallery_link_images":"off","ocean_gallery_id":[],"footnotes":""},"categories":[8],"tags":[],"class_list":["post-2223","post","type-post","status-publish","format-standard","has-post-thumbnail","hentry","category-exporural","entry","has-media"],"yoast_head":"<!-- This site is optimized with the Yoast SEO plugin v27.5 - https:\/\/yoast.com\/product\/yoast-seo-wordpress\/ -->\n<title>ExpoRural 2020:&quot;Bumper Crop pas\u00f3 por la Rural para acercarse a los productores&quot; - ExpoRural Rafaela y la Regi\u00f3n<\/title>\n<meta name=\"robots\" content=\"index, follow, max-snippet:-1, max-image-preview:large, max-video-preview:-1\" \/>\n<link rel=\"canonical\" href=\"https:\/\/ruralrafaela.com.ar\/exporural\/exporural-2020bumper-crop-paso-por-la-rural-para-acercarse-a-los-productores\/\" \/>\n<meta property=\"og:locale\" content=\"es_ES\" \/>\n<meta property=\"og:type\" content=\"article\" \/>\n<meta property=\"og:title\" content=\"ExpoRural 2020:&quot;Bumper Crop pas\u00f3 por la Rural para acercarse a los productores&quot; - ExpoRural Rafaela y la Regi\u00f3n\" \/>\n<meta property=\"og:description\" content=\"\u201cSomos bendecidos de producir m\u00faltiples veces lo que consumimos\u201d.&nbsp; El influencer del campo en Twitter remarc\u00f3 que en nuestro pa\u00eds \u201csomos bendecidos de producir m\u00faltiples veces lo que consumimos\u201d.&nbsp; \u201cNo hay nada m\u00e1s parecido al medio oeste de Estados Unidos que la llanura pampeana argentina\u201d, as\u00ed empez\u00f3 la charla que la C\u00e1mara de Empresas Proveedoras [&hellip;]\" \/>\n<meta property=\"og:url\" content=\"https:\/\/ruralrafaela.com.ar\/exporural\/exporural-2020bumper-crop-paso-por-la-rural-para-acercarse-a-los-productores\/\" \/>\n<meta property=\"og:site_name\" content=\"ExpoRural Rafaela y la Regi\u00f3n\" \/>\n<meta property=\"article:published_time\" content=\"2020-11-13T03:54:00+00:00\" \/>\n<meta property=\"article:modified_time\" content=\"2020-11-16T19:58:19+00:00\" \/>\n<meta property=\"og:image\" content=\"https:\/\/ruralrafaela.com.ar\/exporural\/wp-content\/uploads\/sites\/16\/2020\/11\/Charla-Bumper.jpg\" \/>\n\t<meta property=\"og:image:width\" content=\"1115\" \/>\n\t<meta property=\"og:image:height\" content=\"627\" \/>\n\t<meta property=\"og:image:type\" content=\"image\/jpeg\" \/>\n<meta name=\"author\" content=\"c1970093\" \/>\n<meta name=\"twitter:card\" content=\"summary_large_image\" \/>\n<meta name=\"twitter:label1\" content=\"Escrito por\" \/>\n\t<meta name=\"twitter:data1\" content=\"c1970093\" \/>\n\t<meta name=\"twitter:label2\" content=\"Tiempo de lectura\" \/>\n\t<meta name=\"twitter:data2\" content=\"5 minutos\" \/>\n<script type=\"application\/ld+json\" class=\"yoast-schema-graph\">{\"@context\":\"https:\\\/\\\/schema.org\",\"@graph\":[{\"@type\":\"Article\",\"@id\":\"https:\\\/\\\/ruralrafaela.com.ar\\\/exporural\\\/exporural-2020bumper-crop-paso-por-la-rural-para-acercarse-a-los-productores\\\/#article\",\"isPartOf\":{\"@id\":\"https:\\\/\\\/ruralrafaela.com.ar\\\/exporural\\\/exporural-2020bumper-crop-paso-por-la-rural-para-acercarse-a-los-productores\\\/\"},\"author\":{\"name\":\"c1970093\",\"@id\":\"https:\\\/\\\/ruralrafaela.com.ar\\\/exporural\\\/#\\\/schema\\\/person\\\/b944097647cc828e58952e18b2cc493c\"},\"headline\":\"ExpoRural 2020:\u00bbBumper Crop pas\u00f3 por la Rural para acercarse a los productores\u00bb\",\"datePublished\":\"2020-11-13T03:54:00+00:00\",\"dateModified\":\"2020-11-16T19:58:19+00:00\",\"mainEntityOfPage\":{\"@id\":\"https:\\\/\\\/ruralrafaela.com.ar\\\/exporural\\\/exporural-2020bumper-crop-paso-por-la-rural-para-acercarse-a-los-productores\\\/\"},\"wordCount\":1013,\"publisher\":{\"@id\":\"https:\\\/\\\/ruralrafaela.com.ar\\\/exporural\\\/#organization\"},\"image\":{\"@id\":\"https:\\\/\\\/ruralrafaela.com.ar\\\/exporural\\\/exporural-2020bumper-crop-paso-por-la-rural-para-acercarse-a-los-productores\\\/#primaryimage\"},\"thumbnailUrl\":\"https:\\\/\\\/ruralrafaela.com.ar\\\/exporural\\\/wp-content\\\/uploads\\\/sites\\\/16\\\/2020\\\/11\\\/Charla-Bumper.jpg\",\"articleSection\":[\"ExpoRural\"],\"inLanguage\":\"es\"},{\"@type\":\"WebPage\",\"@id\":\"https:\\\/\\\/ruralrafaela.com.ar\\\/exporural\\\/exporural-2020bumper-crop-paso-por-la-rural-para-acercarse-a-los-productores\\\/\",\"url\":\"https:\\\/\\\/ruralrafaela.com.ar\\\/exporural\\\/exporural-2020bumper-crop-paso-por-la-rural-para-acercarse-a-los-productores\\\/\",\"name\":\"ExpoRural 2020:\\\"Bumper Crop pas\u00f3 por la Rural para acercarse a los productores\\\" - ExpoRural Rafaela y la Regi\u00f3n\",\"isPartOf\":{\"@id\":\"https:\\\/\\\/ruralrafaela.com.ar\\\/exporural\\\/#website\"},\"primaryImageOfPage\":{\"@id\":\"https:\\\/\\\/ruralrafaela.com.ar\\\/exporural\\\/exporural-2020bumper-crop-paso-por-la-rural-para-acercarse-a-los-productores\\\/#primaryimage\"},\"image\":{\"@id\":\"https:\\\/\\\/ruralrafaela.com.ar\\\/exporural\\\/exporural-2020bumper-crop-paso-por-la-rural-para-acercarse-a-los-productores\\\/#primaryimage\"},\"thumbnailUrl\":\"https:\\\/\\\/ruralrafaela.com.ar\\\/exporural\\\/wp-content\\\/uploads\\\/sites\\\/16\\\/2020\\\/11\\\/Charla-Bumper.jpg\",\"datePublished\":\"2020-11-13T03:54:00+00:00\",\"dateModified\":\"2020-11-16T19:58:19+00:00\",\"breadcrumb\":{\"@id\":\"https:\\\/\\\/ruralrafaela.com.ar\\\/exporural\\\/exporural-2020bumper-crop-paso-por-la-rural-para-acercarse-a-los-productores\\\/#breadcrumb\"},\"inLanguage\":\"es\",\"potentialAction\":[{\"@type\":\"ReadAction\",\"target\":[\"https:\\\/\\\/ruralrafaela.com.ar\\\/exporural\\\/exporural-2020bumper-crop-paso-por-la-rural-para-acercarse-a-los-productores\\\/\"]}]},{\"@type\":\"ImageObject\",\"inLanguage\":\"es\",\"@id\":\"https:\\\/\\\/ruralrafaela.com.ar\\\/exporural\\\/exporural-2020bumper-crop-paso-por-la-rural-para-acercarse-a-los-productores\\\/#primaryimage\",\"url\":\"https:\\\/\\\/ruralrafaela.com.ar\\\/exporural\\\/wp-content\\\/uploads\\\/sites\\\/16\\\/2020\\\/11\\\/Charla-Bumper.jpg\",\"contentUrl\":\"https:\\\/\\\/ruralrafaela.com.ar\\\/exporural\\\/wp-content\\\/uploads\\\/sites\\\/16\\\/2020\\\/11\\\/Charla-Bumper.jpg\",\"width\":1115,\"height\":627},{\"@type\":\"BreadcrumbList\",\"@id\":\"https:\\\/\\\/ruralrafaela.com.ar\\\/exporural\\\/exporural-2020bumper-crop-paso-por-la-rural-para-acercarse-a-los-productores\\\/#breadcrumb\",\"itemListElement\":[{\"@type\":\"ListItem\",\"position\":1,\"name\":\"Portada\",\"item\":\"https:\\\/\\\/ruralrafaela.com.ar\\\/exporural\\\/\"},{\"@type\":\"ListItem\",\"position\":2,\"name\":\"ExpoRural 2020:\u00bbBumper Crop pas\u00f3 por la Rural para acercarse a los productores\u00bb\"}]},{\"@type\":\"WebSite\",\"@id\":\"https:\\\/\\\/ruralrafaela.com.ar\\\/exporural\\\/#website\",\"url\":\"https:\\\/\\\/ruralrafaela.com.ar\\\/exporural\\\/\",\"name\":\"ExpoRural Rafaela y la Regi\u00f3n\",\"description\":\"ExpoRural Rafaela y la Regi\u00f3n 2020 - Edici\u00f3n en L\u00ednea\",\"publisher\":{\"@id\":\"https:\\\/\\\/ruralrafaela.com.ar\\\/exporural\\\/#organization\"},\"potentialAction\":[{\"@type\":\"SearchAction\",\"target\":{\"@type\":\"EntryPoint\",\"urlTemplate\":\"https:\\\/\\\/ruralrafaela.com.ar\\\/exporural\\\/?s={search_term_string}\"},\"query-input\":{\"@type\":\"PropertyValueSpecification\",\"valueRequired\":true,\"valueName\":\"search_term_string\"}}],\"inLanguage\":\"es\"},{\"@type\":\"Organization\",\"@id\":\"https:\\\/\\\/ruralrafaela.com.ar\\\/exporural\\\/#organization\",\"name\":\"ExpoRural Rafaela y la Regi\u00f3n\",\"url\":\"https:\\\/\\\/ruralrafaela.com.ar\\\/exporural\\\/\",\"logo\":{\"@type\":\"ImageObject\",\"inLanguage\":\"es\",\"@id\":\"https:\\\/\\\/ruralrafaela.com.ar\\\/exporural\\\/#\\\/schema\\\/logo\\\/image\\\/\",\"url\":\"https:\\\/\\\/ruralrafaela.com.ar\\\/exporural\\\/wp-content\\\/uploads\\\/sites\\\/16\\\/2020\\\/10\\\/Log-Expo-2020.png\",\"contentUrl\":\"https:\\\/\\\/ruralrafaela.com.ar\\\/exporural\\\/wp-content\\\/uploads\\\/sites\\\/16\\\/2020\\\/10\\\/Log-Expo-2020.png\",\"width\":680,\"height\":404,\"caption\":\"ExpoRural Rafaela y la Regi\u00f3n\"},\"image\":{\"@id\":\"https:\\\/\\\/ruralrafaela.com.ar\\\/exporural\\\/#\\\/schema\\\/logo\\\/image\\\/\"}},{\"@type\":\"Person\",\"@id\":\"https:\\\/\\\/ruralrafaela.com.ar\\\/exporural\\\/#\\\/schema\\\/person\\\/b944097647cc828e58952e18b2cc493c\",\"name\":\"c1970093\",\"image\":{\"@type\":\"ImageObject\",\"inLanguage\":\"es\",\"@id\":\"https:\\\/\\\/secure.gravatar.com\\\/avatar\\\/45cdd73f3ef44c305e0057b84921f5c4dc0bf41c5999db82505293a43118ff3e?s=96&d=mm&r=g\",\"url\":\"https:\\\/\\\/secure.gravatar.com\\\/avatar\\\/45cdd73f3ef44c305e0057b84921f5c4dc0bf41c5999db82505293a43118ff3e?s=96&d=mm&r=g\",\"contentUrl\":\"https:\\\/\\\/secure.gravatar.com\\\/avatar\\\/45cdd73f3ef44c305e0057b84921f5c4dc0bf41c5999db82505293a43118ff3e?s=96&d=mm&r=g\",\"caption\":\"c1970093\"},\"url\":\"https:\\\/\\\/ruralrafaela.com.ar\\\/exporural\\\/author\\\/c1970093\\\/\"}]}<\/script>\n<!-- \/ Yoast SEO plugin. -->","yoast_head_json":{"title":"ExpoRural 2020:\"Bumper Crop pas\u00f3 por la Rural para acercarse a los productores\" - ExpoRural Rafaela y la Regi\u00f3n","robots":{"index":"index","follow":"follow","max-snippet":"max-snippet:-1","max-image-preview":"max-image-preview:large","max-video-preview":"max-video-preview:-1"},"canonical":"https:\/\/ruralrafaela.com.ar\/exporural\/exporural-2020bumper-crop-paso-por-la-rural-para-acercarse-a-los-productores\/","og_locale":"es_ES","og_type":"article","og_title":"ExpoRural 2020:\"Bumper Crop pas\u00f3 por la Rural para acercarse a los productores\" - ExpoRural Rafaela y la Regi\u00f3n","og_description":"\u201cSomos bendecidos de producir m\u00faltiples veces lo que consumimos\u201d.&nbsp; El influencer del campo en Twitter remarc\u00f3 que en nuestro pa\u00eds \u201csomos bendecidos de producir m\u00faltiples veces lo que consumimos\u201d.&nbsp; \u201cNo hay nada m\u00e1s parecido al medio oeste de Estados Unidos que la llanura pampeana argentina\u201d, as\u00ed empez\u00f3 la charla que la C\u00e1mara de Empresas Proveedoras [&hellip;]","og_url":"https:\/\/ruralrafaela.com.ar\/exporural\/exporural-2020bumper-crop-paso-por-la-rural-para-acercarse-a-los-productores\/","og_site_name":"ExpoRural Rafaela y la Regi\u00f3n","article_published_time":"2020-11-13T03:54:00+00:00","article_modified_time":"2020-11-16T19:58:19+00:00","og_image":[{"width":1115,"height":627,"url":"https:\/\/ruralrafaela.com.ar\/exporural\/wp-content\/uploads\/sites\/16\/2020\/11\/Charla-Bumper.jpg","type":"image\/jpeg"}],"author":"c1970093","twitter_card":"summary_large_image","twitter_misc":{"Escrito por":"c1970093","Tiempo de lectura":"5 minutos"},"schema":{"@context":"https:\/\/schema.org","@graph":[{"@type":"Article","@id":"https:\/\/ruralrafaela.com.ar\/exporural\/exporural-2020bumper-crop-paso-por-la-rural-para-acercarse-a-los-productores\/#article","isPartOf":{"@id":"https:\/\/ruralrafaela.com.ar\/exporural\/exporural-2020bumper-crop-paso-por-la-rural-para-acercarse-a-los-productores\/"},"author":{"name":"c1970093","@id":"https:\/\/ruralrafaela.com.ar\/exporural\/#\/schema\/person\/b944097647cc828e58952e18b2cc493c"},"headline":"ExpoRural 2020:\u00bbBumper Crop pas\u00f3 por la Rural para acercarse a los productores\u00bb","datePublished":"2020-11-13T03:54:00+00:00","dateModified":"2020-11-16T19:58:19+00:00","mainEntityOfPage":{"@id":"https:\/\/ruralrafaela.com.ar\/exporural\/exporural-2020bumper-crop-paso-por-la-rural-para-acercarse-a-los-productores\/"},"wordCount":1013,"publisher":{"@id":"https:\/\/ruralrafaela.com.ar\/exporural\/#organization"},"image":{"@id":"https:\/\/ruralrafaela.com.ar\/exporural\/exporural-2020bumper-crop-paso-por-la-rural-para-acercarse-a-los-productores\/#primaryimage"},"thumbnailUrl":"https:\/\/ruralrafaela.com.ar\/exporural\/wp-content\/uploads\/sites\/16\/2020\/11\/Charla-Bumper.jpg","articleSection":["ExpoRural"],"inLanguage":"es"},{"@type":"WebPage","@id":"https:\/\/ruralrafaela.com.ar\/exporural\/exporural-2020bumper-crop-paso-por-la-rural-para-acercarse-a-los-productores\/","url":"https:\/\/ruralrafaela.com.ar\/exporural\/exporural-2020bumper-crop-paso-por-la-rural-para-acercarse-a-los-productores\/","name":"ExpoRural 2020:\"Bumper Crop pas\u00f3 por la Rural para acercarse a los productores\" - ExpoRural Rafaela y la Regi\u00f3n","isPartOf":{"@id":"https:\/\/ruralrafaela.com.ar\/exporural\/#website"},"primaryImageOfPage":{"@id":"https:\/\/ruralrafaela.com.ar\/exporural\/exporural-2020bumper-crop-paso-por-la-rural-para-acercarse-a-los-productores\/#primaryimage"},"image":{"@id":"https:\/\/ruralrafaela.com.ar\/exporural\/exporural-2020bumper-crop-paso-por-la-rural-para-acercarse-a-los-productores\/#primaryimage"},"thumbnailUrl":"https:\/\/ruralrafaela.com.ar\/exporural\/wp-content\/uploads\/sites\/16\/2020\/11\/Charla-Bumper.jpg","datePublished":"2020-11-13T03:54:00+00:00","dateModified":"2020-11-16T19:58:19+00:00","breadcrumb":{"@id":"https:\/\/ruralrafaela.com.ar\/exporural\/exporural-2020bumper-crop-paso-por-la-rural-para-acercarse-a-los-productores\/#breadcrumb"},"inLanguage":"es","potentialAction":[{"@type":"ReadAction","target":["https:\/\/ruralrafaela.com.ar\/exporural\/exporural-2020bumper-crop-paso-por-la-rural-para-acercarse-a-los-productores\/"]}]},{"@type":"ImageObject","inLanguage":"es","@id":"https:\/\/ruralrafaela.com.ar\/exporural\/exporural-2020bumper-crop-paso-por-la-rural-para-acercarse-a-los-productores\/#primaryimage","url":"https:\/\/ruralrafaela.com.ar\/exporural\/wp-content\/uploads\/sites\/16\/2020\/11\/Charla-Bumper.jpg","contentUrl":"https:\/\/ruralrafaela.com.ar\/exporural\/wp-content\/uploads\/sites\/16\/2020\/11\/Charla-Bumper.jpg","width":1115,"height":627},{"@type":"BreadcrumbList","@id":"https:\/\/ruralrafaela.com.ar\/exporural\/exporural-2020bumper-crop-paso-por-la-rural-para-acercarse-a-los-productores\/#breadcrumb","itemListElement":[{"@type":"ListItem","position":1,"name":"Portada","item":"https:\/\/ruralrafaela.com.ar\/exporural\/"},{"@type":"ListItem","position":2,"name":"ExpoRural 2020:\u00bbBumper Crop pas\u00f3 por la Rural para acercarse a los productores\u00bb"}]},{"@type":"WebSite","@id":"https:\/\/ruralrafaela.com.ar\/exporural\/#website","url":"https:\/\/ruralrafaela.com.ar\/exporural\/","name":"ExpoRural Rafaela y la Regi\u00f3n","description":"ExpoRural Rafaela y la Regi\u00f3n 2020 - Edici\u00f3n en L\u00ednea","publisher":{"@id":"https:\/\/ruralrafaela.com.ar\/exporural\/#organization"},"potentialAction":[{"@type":"SearchAction","target":{"@type":"EntryPoint","urlTemplate":"https:\/\/ruralrafaela.com.ar\/exporural\/?s={search_term_string}"},"query-input":{"@type":"PropertyValueSpecification","valueRequired":true,"valueName":"search_term_string"}}],"inLanguage":"es"},{"@type":"Organization","@id":"https:\/\/ruralrafaela.com.ar\/exporural\/#organization","name":"ExpoRural Rafaela y la Regi\u00f3n","url":"https:\/\/ruralrafaela.com.ar\/exporural\/","logo":{"@type":"ImageObject","inLanguage":"es","@id":"https:\/\/ruralrafaela.com.ar\/exporural\/#\/schema\/logo\/image\/","url":"https:\/\/ruralrafaela.com.ar\/exporural\/wp-content\/uploads\/sites\/16\/2020\/10\/Log-Expo-2020.png","contentUrl":"https:\/\/ruralrafaela.com.ar\/exporural\/wp-content\/uploads\/sites\/16\/2020\/10\/Log-Expo-2020.png","width":680,"height":404,"caption":"ExpoRural Rafaela y la Regi\u00f3n"},"image":{"@id":"https:\/\/ruralrafaela.com.ar\/exporural\/#\/schema\/logo\/image\/"}},{"@type":"Person","@id":"https:\/\/ruralrafaela.com.ar\/exporural\/#\/schema\/person\/b944097647cc828e58952e18b2cc493c","name":"c1970093","image":{"@type":"ImageObject","inLanguage":"es","@id":"https:\/\/secure.gravatar.com\/avatar\/45cdd73f3ef44c305e0057b84921f5c4dc0bf41c5999db82505293a43118ff3e?s=96&d=mm&r=g","url":"https:\/\/secure.gravatar.com\/avatar\/45cdd73f3ef44c305e0057b84921f5c4dc0bf41c5999db82505293a43118ff3e?s=96&d=mm&r=g","contentUrl":"https:\/\/secure.gravatar.com\/avatar\/45cdd73f3ef44c305e0057b84921f5c4dc0bf41c5999db82505293a43118ff3e?s=96&d=mm&r=g","caption":"c1970093"},"url":"https:\/\/ruralrafaela.com.ar\/exporural\/author\/c1970093\/"}]}},"_links":{"self":[{"href":"https:\/\/ruralrafaela.com.ar\/exporural\/wp-json\/wp\/v2\/posts\/2223","targetHints":{"allow":["GET"]}}],"collection":[{"href":"https:\/\/ruralrafaela.com.ar\/exporural\/wp-json\/wp\/v2\/posts"}],"about":[{"href":"https:\/\/ruralrafaela.com.ar\/exporural\/wp-json\/wp\/v2\/types\/post"}],"author":[{"embeddable":true,"href":"https:\/\/ruralrafaela.com.ar\/exporural\/wp-json\/wp\/v2\/users\/2"}],"replies":[{"embeddable":true,"href":"https:\/\/ruralrafaela.com.ar\/exporural\/wp-json\/wp\/v2\/comments?post=2223"}],"version-history":[{"count":1,"href":"https:\/\/ruralrafaela.com.ar\/exporural\/wp-json\/wp\/v2\/posts\/2223\/revisions"}],"predecessor-version":[{"id":2225,"href":"https:\/\/ruralrafaela.com.ar\/exporural\/wp-json\/wp\/v2\/posts\/2223\/revisions\/2225"}],"wp:featuredmedia":[{"embeddable":true,"href":"https:\/\/ruralrafaela.com.ar\/exporural\/wp-json\/wp\/v2\/media\/2224"}],"wp:attachment":[{"href":"https:\/\/ruralrafaela.com.ar\/exporural\/wp-json\/wp\/v2\/media?parent=2223"}],"wp:term":[{"taxonomy":"category","embeddable":true,"href":"https:\/\/ruralrafaela.com.ar\/exporural\/wp-json\/wp\/v2\/categories?post=2223"},{"taxonomy":"post_tag","embeddable":true,"href":"https:\/\/ruralrafaela.com.ar\/exporural\/wp-json\/wp\/v2\/tags?post=2223"}],"curies":[{"name":"wp","href":"https:\/\/api.w.org\/{rel}","templated":true}]}}