{"id":2220,"date":"2020-11-12T19:49:00","date_gmt":"2020-11-12T22:49:00","guid":{"rendered":"http:\/\/ruralrafaela.com.ar\/exporural\/?p=2220"},"modified":"2020-11-16T16:53:19","modified_gmt":"2020-11-16T19:53:19","slug":"exporural-2020el-productor-tiene-que-cambiar-la-forma-de-comercializar-la-materia-prima","status":"publish","type":"post","link":"https:\/\/ruralrafaela.com.ar\/exporural\/exporural-2020el-productor-tiene-que-cambiar-la-forma-de-comercializar-la-materia-prima\/","title":{"rendered":"ExpoRural 2020:El productor tiene que cambiar la forma de comercializar la materia prima"},"content":{"rendered":"\n<p>El cierre de la primera jornada de la 113\u00ba ExpoRural de Rafaela y la Regi\u00f3n estuvo dado por la charla \u201cC\u00f3mo comercializamos nuestra leche II\u201d.&nbsp;<\/p>\n\n\n\n<p>Siguiendo con la estrategia de difusi\u00f3n del tema y las herramientas disponibles para cambiar el v\u00ednculo entre la producci\u00f3n y la industria, con la materia prima de por medio, Marcelo D\u00e1ndolo, el nuevo titular de la Comisi\u00f3n de Lecher\u00eda de la Confederaci\u00f3n de Asociaciones Rurales de Santa Fe, junto al Ing. Agr. Eduardo Garc\u00eda Maritano, hablaron ante un interesado auditorio virtual.&nbsp;<\/p>\n\n\n\n<p>D\u00e1ndolo comenz\u00f3 remarcando que esto \u201cno es en contra de nadie, esto es a favor de la cadena, para que funcione correctamente, para que el productor tenga rentabilidad y que se igualen las fuerzas, para que en definitiva nos iguale a todos\u201d.&nbsp;<\/p>\n\n\n\n<p>La intenci\u00f3n es que la lecher\u00eda se transforme en \u201c<em>un negocio con reglas claras de juego para todos a lo largo de la cadena\u201d, dado \u201ccon fuerza en el marco institucional\u201d<\/em>, dijo Garc\u00eda Maritano que condujo el hilo de toda la charla. &nbsp;<\/p>\n\n\n\n<p>De las 21 cadenas agroalimentarias que hay en nuestro pa\u00eds, s\u00f3lo tres tienen reglas transaccionales, que son granos, pudiendo valerse entonces de ese marco institucional para poder avanzar de la misma forma en la lecher\u00eda.&nbsp;<\/p>\n\n\n\n<p><em>\u201cSi la transacci\u00f3n no est\u00e1 alineada hay un conflicto latente\u201d<\/em>, por eso el producto debe estar definido, estandarizado, y tener un precio determinado, con condiciones pactadas, si esto no es as\u00ed se puede incurrir en posici\u00f3n dominante.&nbsp;<\/p>\n\n\n\n<p>La transacci\u00f3n de leche se hace por suministro, por la constancia &nbsp;del v\u00ednculo entre productor e industria, sin embargo actualmente s\u00f3lo hay contratos orales que se entienden como una entrega, sin posibilidad de negociaci\u00f3n.&nbsp;<\/p>\n\n\n\n<p>Sobre este tema existe un fallo de la Defensor\u00eda del Pueblo ante reclamo de la Mesa Nacional de Lecher\u00eda, donde se llama a mejorar la relaci\u00f3n contractual entre las partes. Santa Fe tiene a disposici\u00f3n el acuerdo l\u00e1cteo, donde se estipula todo el recorrido de la extracci\u00f3n de muestras, el an\u00e1lisis y la forma de pago. En tanto, el Instituto de Derecho Agrario de la Segunda Circunscripci\u00f3n de Santa Fe, as\u00ed como el Gobierno de la Provincia de Buenos Aires adhirieron a esta mejora de v\u00ednculo.&nbsp;<\/p>\n\n\n\n<p>A trav\u00e9s del Sistema Integrado de Gesti\u00f3n de la Lecher\u00eda Argentina, que hoy aporta datos concretos de la lecher\u00eda formal, pero en&nbsp; promedio, se podr\u00eda avanzar a un detalle mayor y preciso sobre los pagos y la calidad de la materia prima, vali\u00e9ndose de la Resoluci\u00f3n 229 que avanza sobre el pago por comparabilidad, con definici\u00f3n higi\u00e9nico-sanitaria, dejando de lado la consideraci\u00f3n por litro actual.&nbsp;<\/p>\n\n\n\n<p>Claro que tambi\u00e9n se contempla que es necesario disponer de sistemas arbitrales, en caso de conflicto entre la calidad que la empresa dice recibir en una muestra y la que supone el productor.&nbsp;<\/p>\n\n\n\n<p><em>\u201cDecidir c\u00f3mo vendemos nuestra leche es un derecho del productor, porque hoy no hay otra opci\u00f3n que la compra-venta oral y no hay arbitraje posible\u201d<\/em>, es por esto que se apunta que <em>\u201cSanta Fe tiene mucho camino hecho y tenemos el derecho de pedir una transacci\u00f3n distinta, no la de fijaci\u00f3n unilateral de precios\u201d.&nbsp;<\/em><\/p>\n\n\n\n<p>Explic\u00f3 tambi\u00e9n Garc\u00eda Maritano que \u201c<em>la funci\u00f3n del estado haciendo cumplir las leyes vigentes no es intervencionismo, sino ajustarse al cumplimiento de las normas vigentes\u201d.&nbsp;<\/em><\/p>\n","protected":false},"excerpt":{"rendered":"<p>El cierre de la primera jornada de la 113\u00ba ExpoRural de Rafaela y la Regi\u00f3n estuvo dado por la charla \u201cC\u00f3mo comercializamos nuestra leche II\u201d.&nbsp; Siguiendo con la estrategia de difusi\u00f3n del tema y las herramientas disponibles para cambiar el v\u00ednculo entre la producci\u00f3n y la industria, con la materia prima de por medio, Marcelo [&hellip;]<\/p>\n","protected":false},"author":2,"featured_media":2221,"comment_status":"closed","ping_status":"open","sticky":false,"template":"","format":"standard","meta":{"ocean_post_layout":"","ocean_both_sidebars_style":"","ocean_both_sidebars_content_width":0,"ocean_both_sidebars_sidebars_width":0,"ocean_sidebar":"0","ocean_second_sidebar":"0","ocean_disable_margins":"enable","ocean_add_body_class":"","ocean_shortcode_before_top_bar":"","ocean_shortcode_after_top_bar":"","ocean_shortcode_before_header":"","ocean_shortcode_after_header":"","ocean_has_shortcode":"","ocean_shortcode_after_title":"","ocean_shortcode_before_footer_widgets":"","ocean_shortcode_after_footer_widgets":"","ocean_shortcode_before_footer_bottom":"","ocean_shortcode_after_footer_bottom":"","ocean_display_top_bar":"default","ocean_display_header":"default","ocean_header_style":"","ocean_center_header_left_menu":"0","ocean_custom_header_template":"0","ocean_custom_logo":0,"ocean_custom_retina_logo":0,"ocean_custom_logo_max_width":0,"ocean_custom_logo_tablet_max_width":0,"ocean_custom_logo_mobile_max_width":0,"ocean_custom_logo_max_height":0,"ocean_custom_logo_tablet_max_height":0,"ocean_custom_logo_mobile_max_height":0,"ocean_header_custom_menu":"0","ocean_menu_typo_font_family":"0","ocean_menu_typo_font_subset":"","ocean_menu_typo_font_size":0,"ocean_menu_typo_font_size_tablet":0,"ocean_menu_typo_font_size_mobile":0,"ocean_menu_typo_font_size_unit":"px","ocean_menu_typo_font_weight":"","ocean_menu_typo_font_weight_tablet":"","ocean_menu_typo_font_weight_mobile":"","ocean_menu_typo_transform":"","ocean_menu_typo_transform_tablet":"","ocean_menu_typo_transform_mobile":"","ocean_menu_typo_line_height":0,"ocean_menu_typo_line_height_tablet":0,"ocean_menu_typo_line_height_mobile":0,"ocean_menu_typo_line_height_unit":"","ocean_menu_typo_spacing":0,"ocean_menu_typo_spacing_tablet":0,"ocean_menu_typo_spacing_mobile":0,"ocean_menu_typo_spacing_unit":"","ocean_menu_link_color":"","ocean_menu_link_color_hover":"","ocean_menu_link_color_active":"","ocean_menu_link_background":"","ocean_menu_link_hover_background":"","ocean_menu_link_active_background":"","ocean_menu_social_links_bg":"","ocean_menu_social_hover_links_bg":"","ocean_menu_social_links_color":"","ocean_menu_social_hover_links_color":"","ocean_disable_title":"default","ocean_disable_heading":"default","ocean_post_title":"","ocean_post_subheading":"","ocean_post_title_style":"","ocean_post_title_background_color":"","ocean_post_title_background":0,"ocean_post_title_bg_image_position":"","ocean_post_title_bg_image_attachment":"","ocean_post_title_bg_image_repeat":"","ocean_post_title_bg_image_size":"","ocean_post_title_height":0,"ocean_post_title_bg_overlay":0.5,"ocean_post_title_bg_overlay_color":"","ocean_disable_breadcrumbs":"default","ocean_breadcrumbs_color":"","ocean_breadcrumbs_separator_color":"","ocean_breadcrumbs_links_color":"","ocean_breadcrumbs_links_hover_color":"","ocean_display_footer_widgets":"default","ocean_display_footer_bottom":"default","ocean_custom_footer_template":"0","_joinchat":[],"ocean_post_oembed":"","ocean_post_self_hosted_media":"","ocean_post_video_embed":"","ocean_link_format":"","ocean_link_format_target":"self","ocean_quote_format":"","ocean_quote_format_link":"post","ocean_gallery_link_images":"off","ocean_gallery_id":[],"footnotes":""},"categories":[8],"tags":[],"class_list":["post-2220","post","type-post","status-publish","format-standard","has-post-thumbnail","hentry","category-exporural","entry","has-media"],"yoast_head":"<!-- This site is optimized with the Yoast SEO plugin v27.5 - https:\/\/yoast.com\/product\/yoast-seo-wordpress\/ -->\n<title>ExpoRural 2020:El productor tiene que cambiar la forma de comercializar la materia prima - ExpoRural Rafaela y la Regi\u00f3n<\/title>\n<meta name=\"robots\" content=\"index, follow, max-snippet:-1, max-image-preview:large, max-video-preview:-1\" \/>\n<link rel=\"canonical\" href=\"https:\/\/ruralrafaela.com.ar\/exporural\/exporural-2020el-productor-tiene-que-cambiar-la-forma-de-comercializar-la-materia-prima\/\" \/>\n<meta property=\"og:locale\" content=\"es_ES\" \/>\n<meta property=\"og:type\" content=\"article\" \/>\n<meta property=\"og:title\" content=\"ExpoRural 2020:El productor tiene que cambiar la forma de comercializar la materia prima - ExpoRural Rafaela y la Regi\u00f3n\" \/>\n<meta property=\"og:description\" content=\"El cierre de la primera jornada de la 113\u00ba ExpoRural de Rafaela y la Regi\u00f3n estuvo dado por la charla \u201cC\u00f3mo comercializamos nuestra leche II\u201d.&nbsp; Siguiendo con la estrategia de difusi\u00f3n del tema y las herramientas disponibles para cambiar el v\u00ednculo entre la producci\u00f3n y la industria, con la materia prima de por medio, Marcelo [&hellip;]\" \/>\n<meta property=\"og:url\" content=\"https:\/\/ruralrafaela.com.ar\/exporural\/exporural-2020el-productor-tiene-que-cambiar-la-forma-de-comercializar-la-materia-prima\/\" \/>\n<meta property=\"og:site_name\" content=\"ExpoRural Rafaela y la Regi\u00f3n\" \/>\n<meta property=\"article:published_time\" content=\"2020-11-12T22:49:00+00:00\" \/>\n<meta property=\"article:modified_time\" content=\"2020-11-16T19:53:19+00:00\" \/>\n<meta property=\"og:image\" content=\"https:\/\/ruralrafaela.com.ar\/exporural\/wp-content\/uploads\/sites\/16\/2020\/11\/Charla_Leche.jpg\" \/>\n\t<meta property=\"og:image:width\" content=\"1115\" \/>\n\t<meta property=\"og:image:height\" content=\"627\" \/>\n\t<meta property=\"og:image:type\" content=\"image\/jpeg\" \/>\n<meta name=\"author\" content=\"c1970093\" \/>\n<meta name=\"twitter:card\" content=\"summary_large_image\" \/>\n<meta name=\"twitter:label1\" content=\"Escrito por\" \/>\n\t<meta name=\"twitter:data1\" content=\"c1970093\" \/>\n\t<meta name=\"twitter:label2\" content=\"Tiempo de lectura\" \/>\n\t<meta name=\"twitter:data2\" content=\"3 minutos\" \/>\n<script type=\"application\/ld+json\" class=\"yoast-schema-graph\">{\"@context\":\"https:\\\/\\\/schema.org\",\"@graph\":[{\"@type\":\"Article\",\"@id\":\"https:\\\/\\\/ruralrafaela.com.ar\\\/exporural\\\/exporural-2020el-productor-tiene-que-cambiar-la-forma-de-comercializar-la-materia-prima\\\/#article\",\"isPartOf\":{\"@id\":\"https:\\\/\\\/ruralrafaela.com.ar\\\/exporural\\\/exporural-2020el-productor-tiene-que-cambiar-la-forma-de-comercializar-la-materia-prima\\\/\"},\"author\":{\"name\":\"c1970093\",\"@id\":\"https:\\\/\\\/ruralrafaela.com.ar\\\/exporural\\\/#\\\/schema\\\/person\\\/b944097647cc828e58952e18b2cc493c\"},\"headline\":\"ExpoRural 2020:El productor tiene que cambiar la forma de comercializar la materia prima\",\"datePublished\":\"2020-11-12T22:49:00+00:00\",\"dateModified\":\"2020-11-16T19:53:19+00:00\",\"mainEntityOfPage\":{\"@id\":\"https:\\\/\\\/ruralrafaela.com.ar\\\/exporural\\\/exporural-2020el-productor-tiene-que-cambiar-la-forma-de-comercializar-la-materia-prima\\\/\"},\"wordCount\":613,\"publisher\":{\"@id\":\"https:\\\/\\\/ruralrafaela.com.ar\\\/exporural\\\/#organization\"},\"image\":{\"@id\":\"https:\\\/\\\/ruralrafaela.com.ar\\\/exporural\\\/exporural-2020el-productor-tiene-que-cambiar-la-forma-de-comercializar-la-materia-prima\\\/#primaryimage\"},\"thumbnailUrl\":\"https:\\\/\\\/ruralrafaela.com.ar\\\/exporural\\\/wp-content\\\/uploads\\\/sites\\\/16\\\/2020\\\/11\\\/Charla_Leche.jpg\",\"articleSection\":[\"ExpoRural\"],\"inLanguage\":\"es\"},{\"@type\":\"WebPage\",\"@id\":\"https:\\\/\\\/ruralrafaela.com.ar\\\/exporural\\\/exporural-2020el-productor-tiene-que-cambiar-la-forma-de-comercializar-la-materia-prima\\\/\",\"url\":\"https:\\\/\\\/ruralrafaela.com.ar\\\/exporural\\\/exporural-2020el-productor-tiene-que-cambiar-la-forma-de-comercializar-la-materia-prima\\\/\",\"name\":\"ExpoRural 2020:El productor tiene que cambiar la forma de comercializar la materia prima - ExpoRural Rafaela y la Regi\u00f3n\",\"isPartOf\":{\"@id\":\"https:\\\/\\\/ruralrafaela.com.ar\\\/exporural\\\/#website\"},\"primaryImageOfPage\":{\"@id\":\"https:\\\/\\\/ruralrafaela.com.ar\\\/exporural\\\/exporural-2020el-productor-tiene-que-cambiar-la-forma-de-comercializar-la-materia-prima\\\/#primaryimage\"},\"image\":{\"@id\":\"https:\\\/\\\/ruralrafaela.com.ar\\\/exporural\\\/exporural-2020el-productor-tiene-que-cambiar-la-forma-de-comercializar-la-materia-prima\\\/#primaryimage\"},\"thumbnailUrl\":\"https:\\\/\\\/ruralrafaela.com.ar\\\/exporural\\\/wp-content\\\/uploads\\\/sites\\\/16\\\/2020\\\/11\\\/Charla_Leche.jpg\",\"datePublished\":\"2020-11-12T22:49:00+00:00\",\"dateModified\":\"2020-11-16T19:53:19+00:00\",\"breadcrumb\":{\"@id\":\"https:\\\/\\\/ruralrafaela.com.ar\\\/exporural\\\/exporural-2020el-productor-tiene-que-cambiar-la-forma-de-comercializar-la-materia-prima\\\/#breadcrumb\"},\"inLanguage\":\"es\",\"potentialAction\":[{\"@type\":\"ReadAction\",\"target\":[\"https:\\\/\\\/ruralrafaela.com.ar\\\/exporural\\\/exporural-2020el-productor-tiene-que-cambiar-la-forma-de-comercializar-la-materia-prima\\\/\"]}]},{\"@type\":\"ImageObject\",\"inLanguage\":\"es\",\"@id\":\"https:\\\/\\\/ruralrafaela.com.ar\\\/exporural\\\/exporural-2020el-productor-tiene-que-cambiar-la-forma-de-comercializar-la-materia-prima\\\/#primaryimage\",\"url\":\"https:\\\/\\\/ruralrafaela.com.ar\\\/exporural\\\/wp-content\\\/uploads\\\/sites\\\/16\\\/2020\\\/11\\\/Charla_Leche.jpg\",\"contentUrl\":\"https:\\\/\\\/ruralrafaela.com.ar\\\/exporural\\\/wp-content\\\/uploads\\\/sites\\\/16\\\/2020\\\/11\\\/Charla_Leche.jpg\",\"width\":1115,\"height\":627},{\"@type\":\"BreadcrumbList\",\"@id\":\"https:\\\/\\\/ruralrafaela.com.ar\\\/exporural\\\/exporural-2020el-productor-tiene-que-cambiar-la-forma-de-comercializar-la-materia-prima\\\/#breadcrumb\",\"itemListElement\":[{\"@type\":\"ListItem\",\"position\":1,\"name\":\"Portada\",\"item\":\"https:\\\/\\\/ruralrafaela.com.ar\\\/exporural\\\/\"},{\"@type\":\"ListItem\",\"position\":2,\"name\":\"ExpoRural 2020:El productor tiene que cambiar la forma de comercializar la materia prima\"}]},{\"@type\":\"WebSite\",\"@id\":\"https:\\\/\\\/ruralrafaela.com.ar\\\/exporural\\\/#website\",\"url\":\"https:\\\/\\\/ruralrafaela.com.ar\\\/exporural\\\/\",\"name\":\"ExpoRural Rafaela y la Regi\u00f3n\",\"description\":\"ExpoRural Rafaela y la Regi\u00f3n 2020 - Edici\u00f3n en L\u00ednea\",\"publisher\":{\"@id\":\"https:\\\/\\\/ruralrafaela.com.ar\\\/exporural\\\/#organization\"},\"potentialAction\":[{\"@type\":\"SearchAction\",\"target\":{\"@type\":\"EntryPoint\",\"urlTemplate\":\"https:\\\/\\\/ruralrafaela.com.ar\\\/exporural\\\/?s={search_term_string}\"},\"query-input\":{\"@type\":\"PropertyValueSpecification\",\"valueRequired\":true,\"valueName\":\"search_term_string\"}}],\"inLanguage\":\"es\"},{\"@type\":\"Organization\",\"@id\":\"https:\\\/\\\/ruralrafaela.com.ar\\\/exporural\\\/#organization\",\"name\":\"ExpoRural Rafaela y la Regi\u00f3n\",\"url\":\"https:\\\/\\\/ruralrafaela.com.ar\\\/exporural\\\/\",\"logo\":{\"@type\":\"ImageObject\",\"inLanguage\":\"es\",\"@id\":\"https:\\\/\\\/ruralrafaela.com.ar\\\/exporural\\\/#\\\/schema\\\/logo\\\/image\\\/\",\"url\":\"https:\\\/\\\/ruralrafaela.com.ar\\\/exporural\\\/wp-content\\\/uploads\\\/sites\\\/16\\\/2020\\\/10\\\/Log-Expo-2020.png\",\"contentUrl\":\"https:\\\/\\\/ruralrafaela.com.ar\\\/exporural\\\/wp-content\\\/uploads\\\/sites\\\/16\\\/2020\\\/10\\\/Log-Expo-2020.png\",\"width\":680,\"height\":404,\"caption\":\"ExpoRural Rafaela y la Regi\u00f3n\"},\"image\":{\"@id\":\"https:\\\/\\\/ruralrafaela.com.ar\\\/exporural\\\/#\\\/schema\\\/logo\\\/image\\\/\"}},{\"@type\":\"Person\",\"@id\":\"https:\\\/\\\/ruralrafaela.com.ar\\\/exporural\\\/#\\\/schema\\\/person\\\/b944097647cc828e58952e18b2cc493c\",\"name\":\"c1970093\",\"image\":{\"@type\":\"ImageObject\",\"inLanguage\":\"es\",\"@id\":\"https:\\\/\\\/secure.gravatar.com\\\/avatar\\\/45cdd73f3ef44c305e0057b84921f5c4dc0bf41c5999db82505293a43118ff3e?s=96&d=mm&r=g\",\"url\":\"https:\\\/\\\/secure.gravatar.com\\\/avatar\\\/45cdd73f3ef44c305e0057b84921f5c4dc0bf41c5999db82505293a43118ff3e?s=96&d=mm&r=g\",\"contentUrl\":\"https:\\\/\\\/secure.gravatar.com\\\/avatar\\\/45cdd73f3ef44c305e0057b84921f5c4dc0bf41c5999db82505293a43118ff3e?s=96&d=mm&r=g\",\"caption\":\"c1970093\"},\"url\":\"https:\\\/\\\/ruralrafaela.com.ar\\\/exporural\\\/author\\\/c1970093\\\/\"}]}<\/script>\n<!-- \/ Yoast SEO plugin. -->","yoast_head_json":{"title":"ExpoRural 2020:El productor tiene que cambiar la forma de comercializar la materia prima - ExpoRural Rafaela y la Regi\u00f3n","robots":{"index":"index","follow":"follow","max-snippet":"max-snippet:-1","max-image-preview":"max-image-preview:large","max-video-preview":"max-video-preview:-1"},"canonical":"https:\/\/ruralrafaela.com.ar\/exporural\/exporural-2020el-productor-tiene-que-cambiar-la-forma-de-comercializar-la-materia-prima\/","og_locale":"es_ES","og_type":"article","og_title":"ExpoRural 2020:El productor tiene que cambiar la forma de comercializar la materia prima - ExpoRural Rafaela y la Regi\u00f3n","og_description":"El cierre de la primera jornada de la 113\u00ba ExpoRural de Rafaela y la Regi\u00f3n estuvo dado por la charla \u201cC\u00f3mo comercializamos nuestra leche II\u201d.&nbsp; Siguiendo con la estrategia de difusi\u00f3n del tema y las herramientas disponibles para cambiar el v\u00ednculo entre la producci\u00f3n y la industria, con la materia prima de por medio, Marcelo [&hellip;]","og_url":"https:\/\/ruralrafaela.com.ar\/exporural\/exporural-2020el-productor-tiene-que-cambiar-la-forma-de-comercializar-la-materia-prima\/","og_site_name":"ExpoRural Rafaela y la Regi\u00f3n","article_published_time":"2020-11-12T22:49:00+00:00","article_modified_time":"2020-11-16T19:53:19+00:00","og_image":[{"width":1115,"height":627,"url":"https:\/\/ruralrafaela.com.ar\/exporural\/wp-content\/uploads\/sites\/16\/2020\/11\/Charla_Leche.jpg","type":"image\/jpeg"}],"author":"c1970093","twitter_card":"summary_large_image","twitter_misc":{"Escrito por":"c1970093","Tiempo de lectura":"3 minutos"},"schema":{"@context":"https:\/\/schema.org","@graph":[{"@type":"Article","@id":"https:\/\/ruralrafaela.com.ar\/exporural\/exporural-2020el-productor-tiene-que-cambiar-la-forma-de-comercializar-la-materia-prima\/#article","isPartOf":{"@id":"https:\/\/ruralrafaela.com.ar\/exporural\/exporural-2020el-productor-tiene-que-cambiar-la-forma-de-comercializar-la-materia-prima\/"},"author":{"name":"c1970093","@id":"https:\/\/ruralrafaela.com.ar\/exporural\/#\/schema\/person\/b944097647cc828e58952e18b2cc493c"},"headline":"ExpoRural 2020:El productor tiene que cambiar la forma de comercializar la materia prima","datePublished":"2020-11-12T22:49:00+00:00","dateModified":"2020-11-16T19:53:19+00:00","mainEntityOfPage":{"@id":"https:\/\/ruralrafaela.com.ar\/exporural\/exporural-2020el-productor-tiene-que-cambiar-la-forma-de-comercializar-la-materia-prima\/"},"wordCount":613,"publisher":{"@id":"https:\/\/ruralrafaela.com.ar\/exporural\/#organization"},"image":{"@id":"https:\/\/ruralrafaela.com.ar\/exporural\/exporural-2020el-productor-tiene-que-cambiar-la-forma-de-comercializar-la-materia-prima\/#primaryimage"},"thumbnailUrl":"https:\/\/ruralrafaela.com.ar\/exporural\/wp-content\/uploads\/sites\/16\/2020\/11\/Charla_Leche.jpg","articleSection":["ExpoRural"],"inLanguage":"es"},{"@type":"WebPage","@id":"https:\/\/ruralrafaela.com.ar\/exporural\/exporural-2020el-productor-tiene-que-cambiar-la-forma-de-comercializar-la-materia-prima\/","url":"https:\/\/ruralrafaela.com.ar\/exporural\/exporural-2020el-productor-tiene-que-cambiar-la-forma-de-comercializar-la-materia-prima\/","name":"ExpoRural 2020:El productor tiene que cambiar la forma de comercializar la materia prima - ExpoRural Rafaela y la Regi\u00f3n","isPartOf":{"@id":"https:\/\/ruralrafaela.com.ar\/exporural\/#website"},"primaryImageOfPage":{"@id":"https:\/\/ruralrafaela.com.ar\/exporural\/exporural-2020el-productor-tiene-que-cambiar-la-forma-de-comercializar-la-materia-prima\/#primaryimage"},"image":{"@id":"https:\/\/ruralrafaela.com.ar\/exporural\/exporural-2020el-productor-tiene-que-cambiar-la-forma-de-comercializar-la-materia-prima\/#primaryimage"},"thumbnailUrl":"https:\/\/ruralrafaela.com.ar\/exporural\/wp-content\/uploads\/sites\/16\/2020\/11\/Charla_Leche.jpg","datePublished":"2020-11-12T22:49:00+00:00","dateModified":"2020-11-16T19:53:19+00:00","breadcrumb":{"@id":"https:\/\/ruralrafaela.com.ar\/exporural\/exporural-2020el-productor-tiene-que-cambiar-la-forma-de-comercializar-la-materia-prima\/#breadcrumb"},"inLanguage":"es","potentialAction":[{"@type":"ReadAction","target":["https:\/\/ruralrafaela.com.ar\/exporural\/exporural-2020el-productor-tiene-que-cambiar-la-forma-de-comercializar-la-materia-prima\/"]}]},{"@type":"ImageObject","inLanguage":"es","@id":"https:\/\/ruralrafaela.com.ar\/exporural\/exporural-2020el-productor-tiene-que-cambiar-la-forma-de-comercializar-la-materia-prima\/#primaryimage","url":"https:\/\/ruralrafaela.com.ar\/exporural\/wp-content\/uploads\/sites\/16\/2020\/11\/Charla_Leche.jpg","contentUrl":"https:\/\/ruralrafaela.com.ar\/exporural\/wp-content\/uploads\/sites\/16\/2020\/11\/Charla_Leche.jpg","width":1115,"height":627},{"@type":"BreadcrumbList","@id":"https:\/\/ruralrafaela.com.ar\/exporural\/exporural-2020el-productor-tiene-que-cambiar-la-forma-de-comercializar-la-materia-prima\/#breadcrumb","itemListElement":[{"@type":"ListItem","position":1,"name":"Portada","item":"https:\/\/ruralrafaela.com.ar\/exporural\/"},{"@type":"ListItem","position":2,"name":"ExpoRural 2020:El productor tiene que cambiar la forma de comercializar la materia prima"}]},{"@type":"WebSite","@id":"https:\/\/ruralrafaela.com.ar\/exporural\/#website","url":"https:\/\/ruralrafaela.com.ar\/exporural\/","name":"ExpoRural Rafaela y la Regi\u00f3n","description":"ExpoRural Rafaela y la Regi\u00f3n 2020 - Edici\u00f3n en L\u00ednea","publisher":{"@id":"https:\/\/ruralrafaela.com.ar\/exporural\/#organization"},"potentialAction":[{"@type":"SearchAction","target":{"@type":"EntryPoint","urlTemplate":"https:\/\/ruralrafaela.com.ar\/exporural\/?s={search_term_string}"},"query-input":{"@type":"PropertyValueSpecification","valueRequired":true,"valueName":"search_term_string"}}],"inLanguage":"es"},{"@type":"Organization","@id":"https:\/\/ruralrafaela.com.ar\/exporural\/#organization","name":"ExpoRural Rafaela y la Regi\u00f3n","url":"https:\/\/ruralrafaela.com.ar\/exporural\/","logo":{"@type":"ImageObject","inLanguage":"es","@id":"https:\/\/ruralrafaela.com.ar\/exporural\/#\/schema\/logo\/image\/","url":"https:\/\/ruralrafaela.com.ar\/exporural\/wp-content\/uploads\/sites\/16\/2020\/10\/Log-Expo-2020.png","contentUrl":"https:\/\/ruralrafaela.com.ar\/exporural\/wp-content\/uploads\/sites\/16\/2020\/10\/Log-Expo-2020.png","width":680,"height":404,"caption":"ExpoRural Rafaela y la Regi\u00f3n"},"image":{"@id":"https:\/\/ruralrafaela.com.ar\/exporural\/#\/schema\/logo\/image\/"}},{"@type":"Person","@id":"https:\/\/ruralrafaela.com.ar\/exporural\/#\/schema\/person\/b944097647cc828e58952e18b2cc493c","name":"c1970093","image":{"@type":"ImageObject","inLanguage":"es","@id":"https:\/\/secure.gravatar.com\/avatar\/45cdd73f3ef44c305e0057b84921f5c4dc0bf41c5999db82505293a43118ff3e?s=96&d=mm&r=g","url":"https:\/\/secure.gravatar.com\/avatar\/45cdd73f3ef44c305e0057b84921f5c4dc0bf41c5999db82505293a43118ff3e?s=96&d=mm&r=g","contentUrl":"https:\/\/secure.gravatar.com\/avatar\/45cdd73f3ef44c305e0057b84921f5c4dc0bf41c5999db82505293a43118ff3e?s=96&d=mm&r=g","caption":"c1970093"},"url":"https:\/\/ruralrafaela.com.ar\/exporural\/author\/c1970093\/"}]}},"_links":{"self":[{"href":"https:\/\/ruralrafaela.com.ar\/exporural\/wp-json\/wp\/v2\/posts\/2220","targetHints":{"allow":["GET"]}}],"collection":[{"href":"https:\/\/ruralrafaela.com.ar\/exporural\/wp-json\/wp\/v2\/posts"}],"about":[{"href":"https:\/\/ruralrafaela.com.ar\/exporural\/wp-json\/wp\/v2\/types\/post"}],"author":[{"embeddable":true,"href":"https:\/\/ruralrafaela.com.ar\/exporural\/wp-json\/wp\/v2\/users\/2"}],"replies":[{"embeddable":true,"href":"https:\/\/ruralrafaela.com.ar\/exporural\/wp-json\/wp\/v2\/comments?post=2220"}],"version-history":[{"count":1,"href":"https:\/\/ruralrafaela.com.ar\/exporural\/wp-json\/wp\/v2\/posts\/2220\/revisions"}],"predecessor-version":[{"id":2222,"href":"https:\/\/ruralrafaela.com.ar\/exporural\/wp-json\/wp\/v2\/posts\/2220\/revisions\/2222"}],"wp:featuredmedia":[{"embeddable":true,"href":"https:\/\/ruralrafaela.com.ar\/exporural\/wp-json\/wp\/v2\/media\/2221"}],"wp:attachment":[{"href":"https:\/\/ruralrafaela.com.ar\/exporural\/wp-json\/wp\/v2\/media?parent=2220"}],"wp:term":[{"taxonomy":"category","embeddable":true,"href":"https:\/\/ruralrafaela.com.ar\/exporural\/wp-json\/wp\/v2\/categories?post=2220"},{"taxonomy":"post_tag","embeddable":true,"href":"https:\/\/ruralrafaela.com.ar\/exporural\/wp-json\/wp\/v2\/tags?post=2220"}],"curies":[{"name":"wp","href":"https:\/\/api.w.org\/{rel}","templated":true}]}}