{"id":2217,"date":"2020-11-12T14:24:00","date_gmt":"2020-11-12T17:24:00","guid":{"rendered":"http:\/\/ruralrafaela.com.ar\/exporural\/?p=2217"},"modified":"2020-11-16T16:49:34","modified_gmt":"2020-11-16T19:49:34","slug":"expo-2020el-negocio-de-ovinos-y-caprinos-plantea-sus-posibilidades","status":"publish","type":"post","link":"https:\/\/ruralrafaela.com.ar\/exporural\/expo-2020el-negocio-de-ovinos-y-caprinos-plantea-sus-posibilidades\/","title":{"rendered":"Expo 2020:El negocio de ovinos y caprinos plantea sus posibilidades"},"content":{"rendered":"\n<p>\u201c<em>Santa Fe tiene una historia en la producci\u00f3n de ovinos y caprinos<\/em>\u201d, comenz\u00f3 diciendo el m\u00e9dico veterinario Sergio Taffarel, aludiendo a que en la llegada de Juan De Garay en 1573 hab\u00eda tra\u00eddo a las primeras ovejas a la provincia.&nbsp;<\/p>\n\n\n\n<p>La charla de gran convocatoria en el primer d\u00eda de la 113\u00ba ExpoRural de Rafaela y la Regi\u00f3n recorri\u00f3 una mirada sobre la producci\u00f3n ovina y caprina en Santa Fe y los objetivos que se plantea el Ministerio de la Producci\u00f3n, para que el sector se formalice y genere valor, principalmente en la carne, pero tambi\u00e9n contemplando los subproductos lana, cuero y leche, a partir de la selecci\u00f3n de razas, que permitir\u00e1 que se aprovechen los beneficios del Programa <strong>Pro Lana <\/strong>al cual la provincia adhiri\u00f3. &nbsp;<\/p>\n\n\n\n<p>Teniendo en cuenta que en Santa Fe no hay esquiladores, el especialista y tambi\u00e9n productor <em>\u201chay que acomodar la producci\u00f3n, la faena y tambi\u00e9n el arte culinario, todo debe ir de la mano para lograr el valor agregado esperado\u201d<\/em>. El sector debe comenzar mejorando el trabajo entre los productores y terminar llegando a la mesa, para que el consumo demande la carne ovina y caprina, no solamente cuando mejora el valor de los bovinos o por cuestiones de excepci\u00f3n.<br>Actualmente <em>\u201cel productor no ve la alternativa econ\u00f3mica en la actividad y es por eso que hay que avanzar desde el campo. El primer paso puede ser un cluster, una vinculaci\u00f3n entre productores\u201d<\/em>, para trabajar en conjunto y mejorar las perspectivas de un rodeo total que se estima en 162 mil animales, en una baja relaci\u00f3n respecto a la faena que se calcula en unos 3.500 animales durante el \u00faltimo a\u00f1o.&nbsp;<\/p>\n\n\n\n<p><em>\u201cLo que nos proponemos es poder poner a la par la sanidad de ovinos y caprinos, tal como se hace en bovinos, para evitar zoonosis\u201d<\/em> dijo Taffarel en una actividad que tiene todo por hacer, pero que debe tenerse en cuenta que necesita mano de obra diaria, algo a tener en cuenta en el arraigo rural, ya que las majadas necesitan atenci\u00f3n cotidiana, para el pastoreo y la alimentaci\u00f3n.&nbsp;<\/p>\n\n\n\n<p>Los corderos zafreros de 10 a 12 kilos de carne, son los del consumo estacional como en las fiestas, en tanto el valor agregado superior llega con animales m\u00e1s pesados, de m\u00e1s de 20 kilos, que permiten un trozado.&nbsp;<\/p>\n\n\n\n<p>La carne ovina y caprina tiene un valor del 20 por ciento menos que el kilo de asado, consigui\u00e9ndose entre 300 y 400 pesos, actualmente, sin diferencias de cortes.&nbsp;<\/p>\n\n\n\n<p><em>\u201cAl producir en escala y generar valor agregado se deben compensar entre ambos, zafreros y pesados, para ofrecer producci\u00f3n de manera continua, descentralizada, velando por la inocuidad de la prote\u00edna animal y fortaleciendo al mercado interno\u201d<\/em>.&nbsp;<\/p>\n\n\n\n<p>La idea de un plan sanitario ya fue presentada ante la Comisi\u00f3n Provincial de Sanidad Animal, para poder ofrecer a los productores una alternativa para tal fin con el menor impacto econ\u00f3mico.&nbsp;<\/p>\n\n\n\n<p><em>\u201cLo primero que necesitamos desde la provincia es generar un censo, saber cu\u00e1ntos animales hay y d\u00f3nde est\u00e1n\u201d, <\/em>para poder generar la uni\u00f3n entre los productores sabiendo la escala productiva, para poder llegar a una sala de faena identificando la ubicaci\u00f3n de las disponibles.<br><em>\u201cSe est\u00e1 trabajando la incidencia del flete en el precio final, pero se necesita un trabajo en la concientizaci\u00f3n sobre la sanidad y la necesidad de llegar a los frigor\u00edficos\u201d<\/em>, explic\u00f3 el profesional y productor, contando el caso de un frigor\u00edfico en Ca\u00f1ada de G\u00f3mez que faena ovinos y caprinos, que tiene como esquema el trabajo en d\u00edas y horarios definidos, motivando a los trabajadores a hacerlo como ingreso extraordinario, luego de terminar las tareas habituales con reces bovinas.&nbsp;<\/p>\n\n\n\n<p>Se est\u00e1 a poca distancia de la conformaci\u00f3n de la Mesa T\u00e9cnica de Ovinos y Caprinos&nbsp;&nbsp;para hablar de reproducci\u00f3n, producci\u00f3n, sanidad y manejo. Para lo cual  se requiere tambi\u00e9n una mayor formaci\u00f3n profesional y perspectivas a futuro para conseguir investigaci\u00f3n cient\u00edfica para el sector.&nbsp;<br><br><\/p>\n","protected":false},"excerpt":{"rendered":"<p>\u201cSanta Fe tiene una historia en la producci\u00f3n de ovinos y caprinos\u201d, comenz\u00f3 diciendo el m\u00e9dico veterinario Sergio Taffarel, aludiendo a que en la llegada de Juan De Garay en 1573 hab\u00eda tra\u00eddo a las primeras ovejas a la provincia.&nbsp; La charla de gran convocatoria en el primer d\u00eda de la 113\u00ba ExpoRural de Rafaela [&hellip;]<\/p>\n","protected":false},"author":2,"featured_media":2218,"comment_status":"closed","ping_status":"open","sticky":false,"template":"","format":"standard","meta":{"ocean_post_layout":"","ocean_both_sidebars_style":"","ocean_both_sidebars_content_width":0,"ocean_both_sidebars_sidebars_width":0,"ocean_sidebar":"0","ocean_second_sidebar":"0","ocean_disable_margins":"enable","ocean_add_body_class":"","ocean_shortcode_before_top_bar":"","ocean_shortcode_after_top_bar":"","ocean_shortcode_before_header":"","ocean_shortcode_after_header":"","ocean_has_shortcode":"","ocean_shortcode_after_title":"","ocean_shortcode_before_footer_widgets":"","ocean_shortcode_after_footer_widgets":"","ocean_shortcode_before_footer_bottom":"","ocean_shortcode_after_footer_bottom":"","ocean_display_top_bar":"default","ocean_display_header":"default","ocean_header_style":"","ocean_center_header_left_menu":"0","ocean_custom_header_template":"0","ocean_custom_logo":0,"ocean_custom_retina_logo":0,"ocean_custom_logo_max_width":0,"ocean_custom_logo_tablet_max_width":0,"ocean_custom_logo_mobile_max_width":0,"ocean_custom_logo_max_height":0,"ocean_custom_logo_tablet_max_height":0,"ocean_custom_logo_mobile_max_height":0,"ocean_header_custom_menu":"0","ocean_menu_typo_font_family":"0","ocean_menu_typo_font_subset":"","ocean_menu_typo_font_size":0,"ocean_menu_typo_font_size_tablet":0,"ocean_menu_typo_font_size_mobile":0,"ocean_menu_typo_font_size_unit":"px","ocean_menu_typo_font_weight":"","ocean_menu_typo_font_weight_tablet":"","ocean_menu_typo_font_weight_mobile":"","ocean_menu_typo_transform":"","ocean_menu_typo_transform_tablet":"","ocean_menu_typo_transform_mobile":"","ocean_menu_typo_line_height":0,"ocean_menu_typo_line_height_tablet":0,"ocean_menu_typo_line_height_mobile":0,"ocean_menu_typo_line_height_unit":"","ocean_menu_typo_spacing":0,"ocean_menu_typo_spacing_tablet":0,"ocean_menu_typo_spacing_mobile":0,"ocean_menu_typo_spacing_unit":"","ocean_menu_link_color":"","ocean_menu_link_color_hover":"","ocean_menu_link_color_active":"","ocean_menu_link_background":"","ocean_menu_link_hover_background":"","ocean_menu_link_active_background":"","ocean_menu_social_links_bg":"","ocean_menu_social_hover_links_bg":"","ocean_menu_social_links_color":"","ocean_menu_social_hover_links_color":"","ocean_disable_title":"default","ocean_disable_heading":"default","ocean_post_title":"","ocean_post_subheading":"","ocean_post_title_style":"","ocean_post_title_background_color":"","ocean_post_title_background":0,"ocean_post_title_bg_image_position":"","ocean_post_title_bg_image_attachment":"","ocean_post_title_bg_image_repeat":"","ocean_post_title_bg_image_size":"","ocean_post_title_height":0,"ocean_post_title_bg_overlay":0.5,"ocean_post_title_bg_overlay_color":"","ocean_disable_breadcrumbs":"default","ocean_breadcrumbs_color":"","ocean_breadcrumbs_separator_color":"","ocean_breadcrumbs_links_color":"","ocean_breadcrumbs_links_hover_color":"","ocean_display_footer_widgets":"default","ocean_display_footer_bottom":"default","ocean_custom_footer_template":"0","_joinchat":[],"ocean_post_oembed":"","ocean_post_self_hosted_media":"","ocean_post_video_embed":"","ocean_link_format":"","ocean_link_format_target":"self","ocean_quote_format":"","ocean_quote_format_link":"post","ocean_gallery_link_images":"off","ocean_gallery_id":[],"footnotes":""},"categories":[8],"tags":[],"class_list":["post-2217","post","type-post","status-publish","format-standard","has-post-thumbnail","hentry","category-exporural","entry","has-media"],"yoast_head":"<!-- This site is optimized with the Yoast SEO plugin v27.5 - https:\/\/yoast.com\/product\/yoast-seo-wordpress\/ -->\n<title>Expo 2020:El negocio de ovinos y caprinos plantea sus posibilidades - ExpoRural Rafaela y la Regi\u00f3n<\/title>\n<meta name=\"robots\" content=\"index, follow, max-snippet:-1, max-image-preview:large, max-video-preview:-1\" \/>\n<link rel=\"canonical\" href=\"https:\/\/ruralrafaela.com.ar\/exporural\/expo-2020el-negocio-de-ovinos-y-caprinos-plantea-sus-posibilidades\/\" \/>\n<meta property=\"og:locale\" content=\"es_ES\" \/>\n<meta property=\"og:type\" content=\"article\" \/>\n<meta property=\"og:title\" content=\"Expo 2020:El negocio de ovinos y caprinos plantea sus posibilidades - ExpoRural Rafaela y la Regi\u00f3n\" \/>\n<meta property=\"og:description\" content=\"\u201cSanta Fe tiene una historia en la producci\u00f3n de ovinos y caprinos\u201d, comenz\u00f3 diciendo el m\u00e9dico veterinario Sergio Taffarel, aludiendo a que en la llegada de Juan De Garay en 1573 hab\u00eda tra\u00eddo a las primeras ovejas a la provincia.&nbsp; La charla de gran convocatoria en el primer d\u00eda de la 113\u00ba ExpoRural de Rafaela [&hellip;]\" \/>\n<meta property=\"og:url\" content=\"https:\/\/ruralrafaela.com.ar\/exporural\/expo-2020el-negocio-de-ovinos-y-caprinos-plantea-sus-posibilidades\/\" \/>\n<meta property=\"og:site_name\" content=\"ExpoRural Rafaela y la Regi\u00f3n\" \/>\n<meta property=\"article:published_time\" content=\"2020-11-12T17:24:00+00:00\" \/>\n<meta property=\"article:modified_time\" content=\"2020-11-16T19:49:34+00:00\" \/>\n<meta property=\"og:image\" content=\"https:\/\/ruralrafaela.com.ar\/exporural\/wp-content\/uploads\/sites\/16\/2020\/11\/Charla_Ovinos.jpg\" \/>\n\t<meta property=\"og:image:width\" content=\"1115\" \/>\n\t<meta property=\"og:image:height\" content=\"627\" \/>\n\t<meta property=\"og:image:type\" content=\"image\/jpeg\" \/>\n<meta name=\"author\" content=\"c1970093\" \/>\n<meta name=\"twitter:card\" content=\"summary_large_image\" \/>\n<meta name=\"twitter:label1\" content=\"Escrito por\" \/>\n\t<meta name=\"twitter:data1\" content=\"c1970093\" \/>\n\t<meta name=\"twitter:label2\" content=\"Tiempo de lectura\" \/>\n\t<meta name=\"twitter:data2\" content=\"3 minutos\" \/>\n<script type=\"application\/ld+json\" class=\"yoast-schema-graph\">{\"@context\":\"https:\\\/\\\/schema.org\",\"@graph\":[{\"@type\":\"Article\",\"@id\":\"https:\\\/\\\/ruralrafaela.com.ar\\\/exporural\\\/expo-2020el-negocio-de-ovinos-y-caprinos-plantea-sus-posibilidades\\\/#article\",\"isPartOf\":{\"@id\":\"https:\\\/\\\/ruralrafaela.com.ar\\\/exporural\\\/expo-2020el-negocio-de-ovinos-y-caprinos-plantea-sus-posibilidades\\\/\"},\"author\":{\"name\":\"c1970093\",\"@id\":\"https:\\\/\\\/ruralrafaela.com.ar\\\/exporural\\\/#\\\/schema\\\/person\\\/b944097647cc828e58952e18b2cc493c\"},\"headline\":\"Expo 2020:El negocio de ovinos y caprinos plantea sus posibilidades\",\"datePublished\":\"2020-11-12T17:24:00+00:00\",\"dateModified\":\"2020-11-16T19:49:34+00:00\",\"mainEntityOfPage\":{\"@id\":\"https:\\\/\\\/ruralrafaela.com.ar\\\/exporural\\\/expo-2020el-negocio-de-ovinos-y-caprinos-plantea-sus-posibilidades\\\/\"},\"wordCount\":707,\"publisher\":{\"@id\":\"https:\\\/\\\/ruralrafaela.com.ar\\\/exporural\\\/#organization\"},\"image\":{\"@id\":\"https:\\\/\\\/ruralrafaela.com.ar\\\/exporural\\\/expo-2020el-negocio-de-ovinos-y-caprinos-plantea-sus-posibilidades\\\/#primaryimage\"},\"thumbnailUrl\":\"https:\\\/\\\/ruralrafaela.com.ar\\\/exporural\\\/wp-content\\\/uploads\\\/sites\\\/16\\\/2020\\\/11\\\/Charla_Ovinos.jpg\",\"articleSection\":[\"ExpoRural\"],\"inLanguage\":\"es\"},{\"@type\":\"WebPage\",\"@id\":\"https:\\\/\\\/ruralrafaela.com.ar\\\/exporural\\\/expo-2020el-negocio-de-ovinos-y-caprinos-plantea-sus-posibilidades\\\/\",\"url\":\"https:\\\/\\\/ruralrafaela.com.ar\\\/exporural\\\/expo-2020el-negocio-de-ovinos-y-caprinos-plantea-sus-posibilidades\\\/\",\"name\":\"Expo 2020:El negocio de ovinos y caprinos plantea sus posibilidades - ExpoRural Rafaela y la Regi\u00f3n\",\"isPartOf\":{\"@id\":\"https:\\\/\\\/ruralrafaela.com.ar\\\/exporural\\\/#website\"},\"primaryImageOfPage\":{\"@id\":\"https:\\\/\\\/ruralrafaela.com.ar\\\/exporural\\\/expo-2020el-negocio-de-ovinos-y-caprinos-plantea-sus-posibilidades\\\/#primaryimage\"},\"image\":{\"@id\":\"https:\\\/\\\/ruralrafaela.com.ar\\\/exporural\\\/expo-2020el-negocio-de-ovinos-y-caprinos-plantea-sus-posibilidades\\\/#primaryimage\"},\"thumbnailUrl\":\"https:\\\/\\\/ruralrafaela.com.ar\\\/exporural\\\/wp-content\\\/uploads\\\/sites\\\/16\\\/2020\\\/11\\\/Charla_Ovinos.jpg\",\"datePublished\":\"2020-11-12T17:24:00+00:00\",\"dateModified\":\"2020-11-16T19:49:34+00:00\",\"breadcrumb\":{\"@id\":\"https:\\\/\\\/ruralrafaela.com.ar\\\/exporural\\\/expo-2020el-negocio-de-ovinos-y-caprinos-plantea-sus-posibilidades\\\/#breadcrumb\"},\"inLanguage\":\"es\",\"potentialAction\":[{\"@type\":\"ReadAction\",\"target\":[\"https:\\\/\\\/ruralrafaela.com.ar\\\/exporural\\\/expo-2020el-negocio-de-ovinos-y-caprinos-plantea-sus-posibilidades\\\/\"]}]},{\"@type\":\"ImageObject\",\"inLanguage\":\"es\",\"@id\":\"https:\\\/\\\/ruralrafaela.com.ar\\\/exporural\\\/expo-2020el-negocio-de-ovinos-y-caprinos-plantea-sus-posibilidades\\\/#primaryimage\",\"url\":\"https:\\\/\\\/ruralrafaela.com.ar\\\/exporural\\\/wp-content\\\/uploads\\\/sites\\\/16\\\/2020\\\/11\\\/Charla_Ovinos.jpg\",\"contentUrl\":\"https:\\\/\\\/ruralrafaela.com.ar\\\/exporural\\\/wp-content\\\/uploads\\\/sites\\\/16\\\/2020\\\/11\\\/Charla_Ovinos.jpg\",\"width\":1115,\"height\":627},{\"@type\":\"BreadcrumbList\",\"@id\":\"https:\\\/\\\/ruralrafaela.com.ar\\\/exporural\\\/expo-2020el-negocio-de-ovinos-y-caprinos-plantea-sus-posibilidades\\\/#breadcrumb\",\"itemListElement\":[{\"@type\":\"ListItem\",\"position\":1,\"name\":\"Portada\",\"item\":\"https:\\\/\\\/ruralrafaela.com.ar\\\/exporural\\\/\"},{\"@type\":\"ListItem\",\"position\":2,\"name\":\"Expo 2020:El negocio de ovinos y caprinos plantea sus posibilidades\"}]},{\"@type\":\"WebSite\",\"@id\":\"https:\\\/\\\/ruralrafaela.com.ar\\\/exporural\\\/#website\",\"url\":\"https:\\\/\\\/ruralrafaela.com.ar\\\/exporural\\\/\",\"name\":\"ExpoRural Rafaela y la Regi\u00f3n\",\"description\":\"ExpoRural Rafaela y la Regi\u00f3n 2020 - Edici\u00f3n en L\u00ednea\",\"publisher\":{\"@id\":\"https:\\\/\\\/ruralrafaela.com.ar\\\/exporural\\\/#organization\"},\"potentialAction\":[{\"@type\":\"SearchAction\",\"target\":{\"@type\":\"EntryPoint\",\"urlTemplate\":\"https:\\\/\\\/ruralrafaela.com.ar\\\/exporural\\\/?s={search_term_string}\"},\"query-input\":{\"@type\":\"PropertyValueSpecification\",\"valueRequired\":true,\"valueName\":\"search_term_string\"}}],\"inLanguage\":\"es\"},{\"@type\":\"Organization\",\"@id\":\"https:\\\/\\\/ruralrafaela.com.ar\\\/exporural\\\/#organization\",\"name\":\"ExpoRural Rafaela y la Regi\u00f3n\",\"url\":\"https:\\\/\\\/ruralrafaela.com.ar\\\/exporural\\\/\",\"logo\":{\"@type\":\"ImageObject\",\"inLanguage\":\"es\",\"@id\":\"https:\\\/\\\/ruralrafaela.com.ar\\\/exporural\\\/#\\\/schema\\\/logo\\\/image\\\/\",\"url\":\"https:\\\/\\\/ruralrafaela.com.ar\\\/exporural\\\/wp-content\\\/uploads\\\/sites\\\/16\\\/2020\\\/10\\\/Log-Expo-2020.png\",\"contentUrl\":\"https:\\\/\\\/ruralrafaela.com.ar\\\/exporural\\\/wp-content\\\/uploads\\\/sites\\\/16\\\/2020\\\/10\\\/Log-Expo-2020.png\",\"width\":680,\"height\":404,\"caption\":\"ExpoRural Rafaela y la Regi\u00f3n\"},\"image\":{\"@id\":\"https:\\\/\\\/ruralrafaela.com.ar\\\/exporural\\\/#\\\/schema\\\/logo\\\/image\\\/\"}},{\"@type\":\"Person\",\"@id\":\"https:\\\/\\\/ruralrafaela.com.ar\\\/exporural\\\/#\\\/schema\\\/person\\\/b944097647cc828e58952e18b2cc493c\",\"name\":\"c1970093\",\"image\":{\"@type\":\"ImageObject\",\"inLanguage\":\"es\",\"@id\":\"https:\\\/\\\/secure.gravatar.com\\\/avatar\\\/45cdd73f3ef44c305e0057b84921f5c4dc0bf41c5999db82505293a43118ff3e?s=96&d=mm&r=g\",\"url\":\"https:\\\/\\\/secure.gravatar.com\\\/avatar\\\/45cdd73f3ef44c305e0057b84921f5c4dc0bf41c5999db82505293a43118ff3e?s=96&d=mm&r=g\",\"contentUrl\":\"https:\\\/\\\/secure.gravatar.com\\\/avatar\\\/45cdd73f3ef44c305e0057b84921f5c4dc0bf41c5999db82505293a43118ff3e?s=96&d=mm&r=g\",\"caption\":\"c1970093\"},\"url\":\"https:\\\/\\\/ruralrafaela.com.ar\\\/exporural\\\/author\\\/c1970093\\\/\"}]}<\/script>\n<!-- \/ Yoast SEO plugin. -->","yoast_head_json":{"title":"Expo 2020:El negocio de ovinos y caprinos plantea sus posibilidades - ExpoRural Rafaela y la Regi\u00f3n","robots":{"index":"index","follow":"follow","max-snippet":"max-snippet:-1","max-image-preview":"max-image-preview:large","max-video-preview":"max-video-preview:-1"},"canonical":"https:\/\/ruralrafaela.com.ar\/exporural\/expo-2020el-negocio-de-ovinos-y-caprinos-plantea-sus-posibilidades\/","og_locale":"es_ES","og_type":"article","og_title":"Expo 2020:El negocio de ovinos y caprinos plantea sus posibilidades - ExpoRural Rafaela y la Regi\u00f3n","og_description":"\u201cSanta Fe tiene una historia en la producci\u00f3n de ovinos y caprinos\u201d, comenz\u00f3 diciendo el m\u00e9dico veterinario Sergio Taffarel, aludiendo a que en la llegada de Juan De Garay en 1573 hab\u00eda tra\u00eddo a las primeras ovejas a la provincia.&nbsp; La charla de gran convocatoria en el primer d\u00eda de la 113\u00ba ExpoRural de Rafaela [&hellip;]","og_url":"https:\/\/ruralrafaela.com.ar\/exporural\/expo-2020el-negocio-de-ovinos-y-caprinos-plantea-sus-posibilidades\/","og_site_name":"ExpoRural Rafaela y la Regi\u00f3n","article_published_time":"2020-11-12T17:24:00+00:00","article_modified_time":"2020-11-16T19:49:34+00:00","og_image":[{"width":1115,"height":627,"url":"https:\/\/ruralrafaela.com.ar\/exporural\/wp-content\/uploads\/sites\/16\/2020\/11\/Charla_Ovinos.jpg","type":"image\/jpeg"}],"author":"c1970093","twitter_card":"summary_large_image","twitter_misc":{"Escrito por":"c1970093","Tiempo de lectura":"3 minutos"},"schema":{"@context":"https:\/\/schema.org","@graph":[{"@type":"Article","@id":"https:\/\/ruralrafaela.com.ar\/exporural\/expo-2020el-negocio-de-ovinos-y-caprinos-plantea-sus-posibilidades\/#article","isPartOf":{"@id":"https:\/\/ruralrafaela.com.ar\/exporural\/expo-2020el-negocio-de-ovinos-y-caprinos-plantea-sus-posibilidades\/"},"author":{"name":"c1970093","@id":"https:\/\/ruralrafaela.com.ar\/exporural\/#\/schema\/person\/b944097647cc828e58952e18b2cc493c"},"headline":"Expo 2020:El negocio de ovinos y caprinos plantea sus posibilidades","datePublished":"2020-11-12T17:24:00+00:00","dateModified":"2020-11-16T19:49:34+00:00","mainEntityOfPage":{"@id":"https:\/\/ruralrafaela.com.ar\/exporural\/expo-2020el-negocio-de-ovinos-y-caprinos-plantea-sus-posibilidades\/"},"wordCount":707,"publisher":{"@id":"https:\/\/ruralrafaela.com.ar\/exporural\/#organization"},"image":{"@id":"https:\/\/ruralrafaela.com.ar\/exporural\/expo-2020el-negocio-de-ovinos-y-caprinos-plantea-sus-posibilidades\/#primaryimage"},"thumbnailUrl":"https:\/\/ruralrafaela.com.ar\/exporural\/wp-content\/uploads\/sites\/16\/2020\/11\/Charla_Ovinos.jpg","articleSection":["ExpoRural"],"inLanguage":"es"},{"@type":"WebPage","@id":"https:\/\/ruralrafaela.com.ar\/exporural\/expo-2020el-negocio-de-ovinos-y-caprinos-plantea-sus-posibilidades\/","url":"https:\/\/ruralrafaela.com.ar\/exporural\/expo-2020el-negocio-de-ovinos-y-caprinos-plantea-sus-posibilidades\/","name":"Expo 2020:El negocio de ovinos y caprinos plantea sus posibilidades - ExpoRural Rafaela y la Regi\u00f3n","isPartOf":{"@id":"https:\/\/ruralrafaela.com.ar\/exporural\/#website"},"primaryImageOfPage":{"@id":"https:\/\/ruralrafaela.com.ar\/exporural\/expo-2020el-negocio-de-ovinos-y-caprinos-plantea-sus-posibilidades\/#primaryimage"},"image":{"@id":"https:\/\/ruralrafaela.com.ar\/exporural\/expo-2020el-negocio-de-ovinos-y-caprinos-plantea-sus-posibilidades\/#primaryimage"},"thumbnailUrl":"https:\/\/ruralrafaela.com.ar\/exporural\/wp-content\/uploads\/sites\/16\/2020\/11\/Charla_Ovinos.jpg","datePublished":"2020-11-12T17:24:00+00:00","dateModified":"2020-11-16T19:49:34+00:00","breadcrumb":{"@id":"https:\/\/ruralrafaela.com.ar\/exporural\/expo-2020el-negocio-de-ovinos-y-caprinos-plantea-sus-posibilidades\/#breadcrumb"},"inLanguage":"es","potentialAction":[{"@type":"ReadAction","target":["https:\/\/ruralrafaela.com.ar\/exporural\/expo-2020el-negocio-de-ovinos-y-caprinos-plantea-sus-posibilidades\/"]}]},{"@type":"ImageObject","inLanguage":"es","@id":"https:\/\/ruralrafaela.com.ar\/exporural\/expo-2020el-negocio-de-ovinos-y-caprinos-plantea-sus-posibilidades\/#primaryimage","url":"https:\/\/ruralrafaela.com.ar\/exporural\/wp-content\/uploads\/sites\/16\/2020\/11\/Charla_Ovinos.jpg","contentUrl":"https:\/\/ruralrafaela.com.ar\/exporural\/wp-content\/uploads\/sites\/16\/2020\/11\/Charla_Ovinos.jpg","width":1115,"height":627},{"@type":"BreadcrumbList","@id":"https:\/\/ruralrafaela.com.ar\/exporural\/expo-2020el-negocio-de-ovinos-y-caprinos-plantea-sus-posibilidades\/#breadcrumb","itemListElement":[{"@type":"ListItem","position":1,"name":"Portada","item":"https:\/\/ruralrafaela.com.ar\/exporural\/"},{"@type":"ListItem","position":2,"name":"Expo 2020:El negocio de ovinos y caprinos plantea sus posibilidades"}]},{"@type":"WebSite","@id":"https:\/\/ruralrafaela.com.ar\/exporural\/#website","url":"https:\/\/ruralrafaela.com.ar\/exporural\/","name":"ExpoRural Rafaela y la Regi\u00f3n","description":"ExpoRural Rafaela y la Regi\u00f3n 2020 - Edici\u00f3n en L\u00ednea","publisher":{"@id":"https:\/\/ruralrafaela.com.ar\/exporural\/#organization"},"potentialAction":[{"@type":"SearchAction","target":{"@type":"EntryPoint","urlTemplate":"https:\/\/ruralrafaela.com.ar\/exporural\/?s={search_term_string}"},"query-input":{"@type":"PropertyValueSpecification","valueRequired":true,"valueName":"search_term_string"}}],"inLanguage":"es"},{"@type":"Organization","@id":"https:\/\/ruralrafaela.com.ar\/exporural\/#organization","name":"ExpoRural Rafaela y la Regi\u00f3n","url":"https:\/\/ruralrafaela.com.ar\/exporural\/","logo":{"@type":"ImageObject","inLanguage":"es","@id":"https:\/\/ruralrafaela.com.ar\/exporural\/#\/schema\/logo\/image\/","url":"https:\/\/ruralrafaela.com.ar\/exporural\/wp-content\/uploads\/sites\/16\/2020\/10\/Log-Expo-2020.png","contentUrl":"https:\/\/ruralrafaela.com.ar\/exporural\/wp-content\/uploads\/sites\/16\/2020\/10\/Log-Expo-2020.png","width":680,"height":404,"caption":"ExpoRural Rafaela y la Regi\u00f3n"},"image":{"@id":"https:\/\/ruralrafaela.com.ar\/exporural\/#\/schema\/logo\/image\/"}},{"@type":"Person","@id":"https:\/\/ruralrafaela.com.ar\/exporural\/#\/schema\/person\/b944097647cc828e58952e18b2cc493c","name":"c1970093","image":{"@type":"ImageObject","inLanguage":"es","@id":"https:\/\/secure.gravatar.com\/avatar\/45cdd73f3ef44c305e0057b84921f5c4dc0bf41c5999db82505293a43118ff3e?s=96&d=mm&r=g","url":"https:\/\/secure.gravatar.com\/avatar\/45cdd73f3ef44c305e0057b84921f5c4dc0bf41c5999db82505293a43118ff3e?s=96&d=mm&r=g","contentUrl":"https:\/\/secure.gravatar.com\/avatar\/45cdd73f3ef44c305e0057b84921f5c4dc0bf41c5999db82505293a43118ff3e?s=96&d=mm&r=g","caption":"c1970093"},"url":"https:\/\/ruralrafaela.com.ar\/exporural\/author\/c1970093\/"}]}},"_links":{"self":[{"href":"https:\/\/ruralrafaela.com.ar\/exporural\/wp-json\/wp\/v2\/posts\/2217","targetHints":{"allow":["GET"]}}],"collection":[{"href":"https:\/\/ruralrafaela.com.ar\/exporural\/wp-json\/wp\/v2\/posts"}],"about":[{"href":"https:\/\/ruralrafaela.com.ar\/exporural\/wp-json\/wp\/v2\/types\/post"}],"author":[{"embeddable":true,"href":"https:\/\/ruralrafaela.com.ar\/exporural\/wp-json\/wp\/v2\/users\/2"}],"replies":[{"embeddable":true,"href":"https:\/\/ruralrafaela.com.ar\/exporural\/wp-json\/wp\/v2\/comments?post=2217"}],"version-history":[{"count":1,"href":"https:\/\/ruralrafaela.com.ar\/exporural\/wp-json\/wp\/v2\/posts\/2217\/revisions"}],"predecessor-version":[{"id":2219,"href":"https:\/\/ruralrafaela.com.ar\/exporural\/wp-json\/wp\/v2\/posts\/2217\/revisions\/2219"}],"wp:featuredmedia":[{"embeddable":true,"href":"https:\/\/ruralrafaela.com.ar\/exporural\/wp-json\/wp\/v2\/media\/2218"}],"wp:attachment":[{"href":"https:\/\/ruralrafaela.com.ar\/exporural\/wp-json\/wp\/v2\/media?parent=2217"}],"wp:term":[{"taxonomy":"category","embeddable":true,"href":"https:\/\/ruralrafaela.com.ar\/exporural\/wp-json\/wp\/v2\/categories?post=2217"},{"taxonomy":"post_tag","embeddable":true,"href":"https:\/\/ruralrafaela.com.ar\/exporural\/wp-json\/wp\/v2\/tags?post=2217"}],"curies":[{"name":"wp","href":"https:\/\/api.w.org\/{rel}","templated":true}]}}