{"id":2213,"date":"2020-11-14T19:09:20","date_gmt":"2020-11-14T22:09:20","guid":{"rendered":"http:\/\/ruralrafaela.com.ar\/exporural\/?p=2213"},"modified":"2020-11-14T19:09:21","modified_gmt":"2020-11-14T22:09:21","slug":"debemos-generar-mas-espacios-comunes-fomentar-la-autocritica-y-el-reconocimiento-sincero-de-lo-que-no-estuvo-bien-hecho-acostumbrarnos-a-aceptar-las-diferencias-que-favorecen-la-complementariedad","status":"publish","type":"post","link":"https:\/\/ruralrafaela.com.ar\/exporural\/debemos-generar-mas-espacios-comunes-fomentar-la-autocritica-y-el-reconocimiento-sincero-de-lo-que-no-estuvo-bien-hecho-acostumbrarnos-a-aceptar-las-diferencias-que-favorecen-la-complementariedad\/","title":{"rendered":"\u00abDebemos generar m\u00e1s espacios comunes, fomentar la autocr\u00edtica y el reconocimiento sincero de lo que no estuvo bien hecho, acostumbrarnos a aceptar las diferencias que favorecen la complementariedad\u00bb"},"content":{"rendered":"\n<p><strong>Discurso de la Presidente Norma Bessone en el acto institucional de cierre de la 113\u00b0 ExpoRural Rafaela y la Regi\u00f3n , versi\u00f3n en l\u00ednea.<\/strong><\/p>\n\n\n\n<p>Ver video completo del acto :<a href=\"https:\/\/youtu.be\/-rAURFyxPFw ACTO INSTITUCIONAL: 113\u00b0 edici\u00f3n de EXPORURAL Rafaela y la Regi\u00f3n - Versi\u00f3n en Linea. 13.11.20\">https:\/\/youtu.be\/-rAURFyxPFw ACTO INSTITUCIONAL: 113\u00b0 edici\u00f3n de EXPORURAL Rafaela y la Regi\u00f3n &#8211; Versi\u00f3n en Linea. 13.11.20<\/a><\/p>\n\n\n\n<p>Buenas tardes y bienvenidos a este esperado reencuentro. &nbsp;<\/p>\n\n\n\n<p>Saludo a los presentes: autoridades, referentes institucionales, integrantes de comisi\u00f3n directiva, de subcomisiones, productores, personal de la casa, amigos\u2026&nbsp;<\/p>\n\n\n\n<p>Y tambi\u00e9n a quienes nos acompa\u00f1an desde sus trabajos y hogares mediante la posibilidad que nos da la tecnolog\u00eda.&nbsp;<\/p>\n\n\n\n<p>Este a\u00f1o el mundo qued\u00f3 sumergido en un escenario desconocido y desafiante para el que a\u00fan seguimos trabajando denodadamente con el prop\u00f3sito de&nbsp; adaptarnos e intentar mejorar las condiciones que nos rodean. Ha sido muy complejo y doloroso de transitar\u2026 altamente exigente para la toma de decisiones\u2026 y un verdadero reto al momento de continuar con las acciones planificadas.&nbsp;<\/p>\n\n\n\n<p>Con enorme esfuerzo, muchos temores y no menor riesgo esta semana pusimos a disposici\u00f3n del p\u00fablico nuestra 113\u00b0 edici\u00f3n de la ExpoRural Rafaela y la Regi\u00f3n, primera versi\u00f3n en l\u00ednea, que ha tenido una respuesta altamente gratificante y doblemente valiosa para nuestra instituci\u00f3n.<\/p>\n\n\n\n<p>Agradezco y subrayo la generosa disposici\u00f3n de todos los sponsors y entidades que a\u00fan desconociendo aspectos de este nuevo formato dijeron \u201cRafaela debe tener su Muestra\u201d y apoyaron a los diferentes&nbsp; disertantes\/ expositores\/coorganizadores que tambi\u00e9n se ajustaron a las posibilidades y creyeron en la propuesta.&nbsp;<\/p>\n\n\n\n<p>&nbsp;Al Ministerio de Producci\u00f3n, Ciencia y Tecnolog\u00eda de Santa Fe por el apoyo y la activa participaci\u00f3n y a la Municipalidad de Rafaela, quien cada a\u00f1o nos acompa\u00f1a, colabora y se involucra en este renovado desaf\u00edo.&nbsp;<\/p>\n\n\n\n<p>Nada de esto ser\u00eda factible sin el acompa\u00f1amiento de la Comisi\u00f3n Directiva, el equipo de trabajo que acompa\u00f1a, sustenta, alienta, refuerza y optimiza las propuestas y la colaboraci\u00f3n permanente de las sub comisiones GAMA y Ateneo.&nbsp;<\/p>\n\n\n\n<p>Queda demostrado que el trabajo en equipo no s\u00f3lo es necesario\u2026 sino que nos hace mejores para el cumplimiento de metas&#8230;&nbsp;<\/p>\n\n\n\n<p>La Sociedad Rural de Rafaela, consciente de su centenario rol e importancia no solo para el sector sino para la comunidad en la que est\u00e1 inserta, arbitr\u00f3 los mecanismos que estaban a su alcance para continuar aportando ideas, circulando proyectos, brindando alternativas y posibles soluciones.&nbsp;<\/p>\n\n\n\n<p>As\u00ed participamos de todas las iniciativas y multiplicamos los mensajes del Consejo Econ\u00f3mico, Social y Sanitario de Rafaela, \u00f3rgano esencial en la coordinaci\u00f3n de acciones en medio de esta pandemia.&nbsp;<\/p>\n\n\n\n<p>Integramos la Mesa de Coordinaci\u00f3n Institucional de Seguridad de Rafaela integrada por Sociedad Rural de Rafaela, la Secretar\u00eda de Seguridad de Municipalidad de Rafaela, el Coordinador Departamental del Ministerio de Seguridad de la Provincia de Santa Fe y otros actores de participaci\u00f3n activa como Unidad Regional 5\u00b0 de Polic\u00eda, C\u00e1mara de Seguridad Electr\u00f3nica, Unraf, Guardia Rural&nbsp; Los Pumas y Productores Periurbanos para trabajar activamente en la problem\u00e1tica de los delitos rurales entre otras necesidades.&nbsp;<\/p>\n\n\n\n<p>Llevamos adelante la campa\u00f1a \u201cAmamos nuestra tierra\u201d, una propuesta de comunicaci\u00f3n basada en la investigaci\u00f3n, informaci\u00f3n y divulgaci\u00f3n de conceptos sobre la aplicaci\u00f3n segura de fitosanitarios en zonas periurbanas de Rafaela, con el aporte y participaci\u00f3n de reconocidos profesionales e instituciones ocupadas de actualizar e innovar en los procesos productivos para dar respuestas adecuadas a las demandas del mundo de hoy.&nbsp;<\/p>\n\n\n\n<p>En este marco nos sumamos al Proyecto Periurbanos Productivos del INTA Rafaela, valorando el trabajo profesional y su relevancia en el territorio.&nbsp;<\/p>\n\n\n\n<p>Siempre compartiendo e integrando equipos capaces de sumar l\u00f3gicas de trabajo y aportes espec\u00edficos como por ejemplo el que refiere al 100\u00b0 aniversario del Concurso de Vacas de Lecheras y a los 70 a\u00f1os del Control lechero junto a UNRAF e IDESA de Ataliva. Esta iniciativa conjunta que ya iniciamos constituir\u00e1 un material audiovisual referido a la historia, trayectoria y aportes desde este lugar de la Cuenca Lechera Santafesina. Quiero destacar la labor incesante de caba\u00f1eros, cuidadores, colaboradores y&nbsp; sus familias que durante un siglo representaron dignamente a la producci\u00f3n lechera, en los inicios con la raza Shorton y despu\u00e9s con la valorada Holando Argentino. Honramos con dignidad y respeto el legado de tantas generaciones. &nbsp;<\/p>\n\n\n\n<p>Asimismo hacemos un merecido reconocimiento al Control Lechero de la Sociedad Rural de Rafaela, el servicio m\u00e1s antiguo de la entidad, que con sus ininterrumpidos 70 a\u00f1os es un logro para que el productor disponga de informaci\u00f3n completa de producci\u00f3n total de sus vacas, con los d\u00edas de lactancia, promedio diario de producci\u00f3n y dem\u00e1s datos que permiten evaluar su plantel lechero y adoptar pr\u00e1cticas de mejoramiento. &nbsp;<\/p>\n\n\n\n<p>Tambi\u00e9n este 2020, el Grupo Ayuda a Mujeres Agropecuarias cumple sus primeros 25 a\u00f1os, motivo que nos llena de orgullo y emociona al recordar el camino transitado siempre acompa\u00f1ando en sus necesidades y deseos al productor agropecuario y sus familias. Valoramos a todas las mujeres que conformaron el primer grupo anticip\u00e1ndose a la necesidad de una mayor participaci\u00f3n del rol femenino en la ruralidad y tambi\u00e9n a qui\u00e9nes consecuentes con aquellos principios, sostienen actualmente ese accionar conforme a demandas y particularidades del hoy.&nbsp;<\/p>\n\n\n\n<p>Como instituci\u00f3n, adem\u00e1s, decidimos marcar el camino, no bajar los brazos y enfrentar los escenarios actuales apoy\u00e1ndonos en las nuevas herramientas tecnol\u00f3gicas para seguir cumpliendo con nuestros objetivos y llegar a nuestros, socios, productores y comunidad en general. Aceptamos el riesgo, avanzamos con convicci\u00f3n, nos adecuamos a los recursos y renovamos y adaptamos nuestros sitios web para lograr mayor accesibilidad, cercan\u00eda y presencia en estos momentos. Este acto transmitido en vivo para quien quiera verlo desde cualquier planeta es la muestra de los resultados.&nbsp;<\/p>\n\n\n\n<p>Aqu\u00ed me gustar\u00eda remarcar que no s\u00f3lo es importante innovar y poner a funcionar nuevos proyectos sino que el verdadero desaf\u00edo es sostenerlos y mejorarlos en el tiempo a pesar de toda circunstancia y adversidad.&nbsp;<\/p>\n\n\n\n<p>En este marco debo destacar la relevancia del trabajo institucional junto a 30 entidades rurales de la provincia como lo es nuestra activa participaci\u00f3n en CARSFE. Desde all\u00ed&nbsp;&nbsp; iniciamos mediante la Comisi\u00f3n de Comunicaci\u00f3n un intenso trabajo de an\u00e1lisis, autocr\u00edtica y proyecci\u00f3n del sector agropecuario. Como resultado concreto la semana pasada se realiz\u00f3 el Congreso CARSFE \u201cTenemos que hablar. Un Puente entre el campo y la ciudad\u201d, expresi\u00f3n que representa cabalmente la intenci\u00f3n de lograr consensos y establecer m\u00faltiples caminos hacia el di\u00e1logo, consensuados a nivel nacional a trav\u00e9s de CRA.&nbsp;<\/p>\n\n\n\n<p>Nuestra querida Argentina, naci\u00f3n a quien la democracia le cost\u00f3 cap\u00edtulos negros de su historia, sufre hoy quiz\u00e1s el mal mayor para sus ciudadanos: el desentendimiento, el ego\u00edsmo, la lucha de poder y la obstrucci\u00f3n de la justicia. Los objetivos no son el bienestar de todos los ciudadanos sino lograr intereses propios que en su l\u00f3gica perversa llevan a construir mayor poder social y econ\u00f3mico, m\u00e1s dependencia y menos posibilidad de desarrollo para las personas. Los exiguos recursos de nuestro Estado son destinados a alcanzar intereses parciales y arbitrarios que terminaron por dividir a la Argentina y a dejar este panorama.&nbsp;<\/p>\n\n\n\n<p>Hay 18,5 millones de pobres y 4,7 millones de indigentes. La Encuesta Permanente de Hogares (EPH) del Indec indic\u00f3 que la pobreza afect\u00f3 a 40,9% de los argentinos en el primer semestre del a\u00f1o, el m\u00e1s golpeado por la profundizaci\u00f3n de la crisis econ\u00f3mica impulsada por las medidas para contener a la pandemia.&nbsp;<\/p>\n\n\n\n<p>El porcentaje de chicos de 0 a 14 a\u00f1os pobres aument\u00f3 de 52,6% a 56,3% en tan s\u00f3lo 12 meses. Esto significa alrededor de 6,1 millones de ni\u00f1os afectados.&nbsp;<\/p>\n\n\n\n<p>En un pa\u00eds cuyo principal valor es producir alimentos esto no s\u00f3lo es desgarrador sino tambi\u00e9n inadmisible.&nbsp;<\/p>\n\n\n\n<p>El espacio agropecuario y agroindustrial est\u00e1n capacitados, actualizados y dispuestos\u2026 se requieren condiciones viables para su \u00f3ptimo desarrollo.&nbsp;<\/p>\n\n\n\n<p>Necesitamos se\u00f1ales confiables de nuestros gobiernos para saber que quieren cambiar esto. Debido al sistema de d\u00e1divas y subsidios el gasto p\u00fablico se ha vuelto inmanejable. Est\u00e1 completamente ausente la transparencia de las decisiones, en el uso de recursos, en acciones con metas comunes. &nbsp;<\/p>\n\n\n\n<p>Sufrimos una inequidad constante que desgasta y aniquila a algunos en favor de la resoluci\u00f3n de problem\u00e1ticas que no s\u00f3lo no disminuyen sino que se acrecientan. Los viejos modelos no se adaptan a las nuevas realidades.&nbsp;<\/p>\n\n\n\n<p>Hay que estar dispuestos a la revisi\u00f3n permanente de procesos para direccionar hacia la eficiencia y eficacia en una verdadera transformaci\u00f3n de esta sociedad resquebrada, avergonzada y triste.&nbsp;<\/p>\n\n\n\n<p>Konrad Adenauer, pol\u00edtico alem\u00e1n quien lider\u00f3 su pa\u00eds desde las ruinas de la Segunda Guerra Mundial hasta convertirla en una naci\u00f3n productiva y pr\u00f3spera dijo: \u201cTodos vivimos bajo el mismo cielo, pero ninguno tiene el mismo horizonte\u201d. Tomo sus sabias palabras para expresar aquello en lo que debemos esforzarnos por entender y comprender hoy en nuestro pa\u00eds. &nbsp;<\/p>\n\n\n\n<p>No tener el mismo horizonte brinda a todos diferentes perspectivas, facilita otras miradas. Reconocer y validar que otros pueden ver \u201cotra cosa\u201d es tambi\u00e9n sostener una actitud madura, comprensiva y facilitadora del di\u00e1logo. Ello beneficia la empat\u00eda, la escucha comprometida y el considerar a los otros como interlocutores v\u00e1lidos.&nbsp;<\/p>\n\n\n\n<p>Debemos generar m\u00e1s espacios comunes, fomentar la autocr\u00edtica y el reconocimiento sincero de lo que no estuvo bien hecho, acostumbrarnos a aceptar las diferencias que favorecen la complementariedad para que la palabra vuelva a tener valor y no sea un simple mecanismo de justificaci\u00f3n. &nbsp;<\/p>\n\n\n\n<p>Ya no tenemos ni tendremos la vida anterior al 20 de marzo. La conducta y la responsabilidad individuales resultan definitivas para el cuidado de nuestros seres queridos, nuestra comunidad, nuestra sociedad. &nbsp;<\/p>\n\n\n\n<p>Actuemos con libertad responsable, seamos conscientes en cada momento, decisi\u00f3n y circunstancia. Estamos transitando un flagelo fuerte, nunca antes vivido por la Humanidad\u2026 estemos a la altura de las circunstancias.&nbsp;<\/p>\n\n\n\n<p>Terminemos con \u201cechar culpas\u201d, discriminar por ideolog\u00edas extintas en el mundo, buscar chivos expiatorios en los dem\u00e1s. Pensemos d\u00f3nde estamos posicionados y qu\u00e9 implica nuestro compromiso moral y civil como argentinos\u2026 desde el lugar que nos toca, sea cu\u00e1l fuere.&nbsp;<\/p>\n\n\n\n<p>Necesitamos un orden social m\u00ednimo, en el que haya respeto a los valores esenciales de nuestra Constituci\u00f3n Nacional. En el que trabajar no sea un privilegio, sino un derecho; en el que la educaci\u00f3n y la salud est\u00e9n garantizadas al igual que la seguridad de los ciudadanos, todas como objetivos inalterables.&nbsp; Gobernar para que las familias puedan progresar, para que los j\u00f3venes quieran emprender, para que los ancianos puedan disfrutar plenamente su vejez, para que los ni\u00f1os puedan estudiar y evolucionar sin distinci\u00f3n de credos, origen o ideolog\u00eda.&nbsp; &nbsp;<\/p>\n\n\n\n<p>Es el momento de torcer para bien el rumbo de la historia\u2026 Concertemos bases y principios para lineamientos comunes de crecimiento, aceptemos las diferencias, respetemos las particularidades y desde las coincidencias empecemos hoy a recuperar ese pa\u00eds grandioso e infinito al que so\u00f1amos pertenecer. Ese pa\u00eds que pretendemos pr\u00f3spero y creciente, con el adecuado funcionamiento independiente de los tres poderes que fija el gran acuerdo de los argentinos: la Constituci\u00f3n Nacional.&nbsp;<\/p>\n\n\n\n<p>El campo est\u00e1 dispuesto. SUM\u00c9MONOS TODOS\u2026!&nbsp;<\/p>\n\n\n\n<p>Viva nuestra Argentina\u2026!!!!&nbsp;<\/p>\n","protected":false},"excerpt":{"rendered":"<p>Discurso de la Presidente Norma Bessone en el acto institucional de cierre de la 113\u00b0 ExpoRural Rafaela y la Regi\u00f3n , versi\u00f3n en l\u00ednea. Ver video completo del acto :https:\/\/youtu.be\/-rAURFyxPFw ACTO INSTITUCIONAL: 113\u00b0 edici\u00f3n de EXPORURAL Rafaela y la Regi\u00f3n &#8211; Versi\u00f3n en Linea. 13.11.20 Buenas tardes y bienvenidos a este esperado reencuentro. &nbsp; Saludo [&hellip;]<\/p>\n","protected":false},"author":2,"featured_media":2214,"comment_status":"closed","ping_status":"open","sticky":false,"template":"","format":"standard","meta":{"ocean_post_layout":"","ocean_both_sidebars_style":"","ocean_both_sidebars_content_width":0,"ocean_both_sidebars_sidebars_width":0,"ocean_sidebar":"0","ocean_second_sidebar":"0","ocean_disable_margins":"enable","ocean_add_body_class":"","ocean_shortcode_before_top_bar":"","ocean_shortcode_after_top_bar":"","ocean_shortcode_before_header":"","ocean_shortcode_after_header":"","ocean_has_shortcode":"","ocean_shortcode_after_title":"","ocean_shortcode_before_footer_widgets":"","ocean_shortcode_after_footer_widgets":"","ocean_shortcode_before_footer_bottom":"","ocean_shortcode_after_footer_bottom":"","ocean_display_top_bar":"default","ocean_display_header":"default","ocean_header_style":"","ocean_center_header_left_menu":"0","ocean_custom_header_template":"0","ocean_custom_logo":0,"ocean_custom_retina_logo":0,"ocean_custom_logo_max_width":0,"ocean_custom_logo_tablet_max_width":0,"ocean_custom_logo_mobile_max_width":0,"ocean_custom_logo_max_height":0,"ocean_custom_logo_tablet_max_height":0,"ocean_custom_logo_mobile_max_height":0,"ocean_header_custom_menu":"0","ocean_menu_typo_font_family":"0","ocean_menu_typo_font_subset":"","ocean_menu_typo_font_size":0,"ocean_menu_typo_font_size_tablet":0,"ocean_menu_typo_font_size_mobile":0,"ocean_menu_typo_font_size_unit":"px","ocean_menu_typo_font_weight":"","ocean_menu_typo_font_weight_tablet":"","ocean_menu_typo_font_weight_mobile":"","ocean_menu_typo_transform":"","ocean_menu_typo_transform_tablet":"","ocean_menu_typo_transform_mobile":"","ocean_menu_typo_line_height":0,"ocean_menu_typo_line_height_tablet":0,"ocean_menu_typo_line_height_mobile":0,"ocean_menu_typo_line_height_unit":"","ocean_menu_typo_spacing":0,"ocean_menu_typo_spacing_tablet":0,"ocean_menu_typo_spacing_mobile":0,"ocean_menu_typo_spacing_unit":"","ocean_menu_link_color":"","ocean_menu_link_color_hover":"","ocean_menu_link_color_active":"","ocean_menu_link_background":"","ocean_menu_link_hover_background":"","ocean_menu_link_active_background":"","ocean_menu_social_links_bg":"","ocean_menu_social_hover_links_bg":"","ocean_menu_social_links_color":"","ocean_menu_social_hover_links_color":"","ocean_disable_title":"default","ocean_disable_heading":"default","ocean_post_title":"","ocean_post_subheading":"","ocean_post_title_style":"","ocean_post_title_background_color":"","ocean_post_title_background":0,"ocean_post_title_bg_image_position":"","ocean_post_title_bg_image_attachment":"","ocean_post_title_bg_image_repeat":"","ocean_post_title_bg_image_size":"","ocean_post_title_height":0,"ocean_post_title_bg_overlay":0.5,"ocean_post_title_bg_overlay_color":"","ocean_disable_breadcrumbs":"default","ocean_breadcrumbs_color":"","ocean_breadcrumbs_separator_color":"","ocean_breadcrumbs_links_color":"","ocean_breadcrumbs_links_hover_color":"","ocean_display_footer_widgets":"default","ocean_display_footer_bottom":"default","ocean_custom_footer_template":"0","_joinchat":{"view":"no"},"ocean_post_oembed":"","ocean_post_self_hosted_media":"","ocean_post_video_embed":"","ocean_link_format":"","ocean_link_format_target":"self","ocean_quote_format":"","ocean_quote_format_link":"post","ocean_gallery_link_images":"off","ocean_gallery_id":[],"footnotes":""},"categories":[8],"tags":[],"class_list":["post-2213","post","type-post","status-publish","format-standard","has-post-thumbnail","hentry","category-exporural","entry","has-media"],"yoast_head":"<!-- This site is optimized with the Yoast SEO plugin v27.5 - https:\/\/yoast.com\/product\/yoast-seo-wordpress\/ -->\n<title>&quot;Debemos generar m\u00e1s espacios comunes, fomentar la autocr\u00edtica y el reconocimiento sincero de lo que no estuvo bien hecho, acostumbrarnos a aceptar las diferencias que favorecen la complementariedad&quot; - ExpoRural Rafaela y la Regi\u00f3n<\/title>\n<meta name=\"robots\" content=\"index, follow, max-snippet:-1, max-image-preview:large, max-video-preview:-1\" \/>\n<link rel=\"canonical\" href=\"https:\/\/ruralrafaela.com.ar\/exporural\/debemos-generar-mas-espacios-comunes-fomentar-la-autocritica-y-el-reconocimiento-sincero-de-lo-que-no-estuvo-bien-hecho-acostumbrarnos-a-aceptar-las-diferencias-que-favorecen-la-complementariedad\/\" \/>\n<meta property=\"og:locale\" content=\"es_ES\" \/>\n<meta property=\"og:type\" content=\"article\" \/>\n<meta property=\"og:title\" content=\"&quot;Debemos generar m\u00e1s espacios comunes, fomentar la autocr\u00edtica y el reconocimiento sincero de lo que no estuvo bien hecho, acostumbrarnos a aceptar las diferencias que favorecen la complementariedad&quot; - ExpoRural Rafaela y la Regi\u00f3n\" \/>\n<meta property=\"og:description\" content=\"Discurso de la Presidente Norma Bessone en el acto institucional de cierre de la 113\u00b0 ExpoRural Rafaela y la Regi\u00f3n , versi\u00f3n en l\u00ednea. Ver video completo del acto :https:\/\/youtu.be\/-rAURFyxPFw ACTO INSTITUCIONAL: 113\u00b0 edici\u00f3n de EXPORURAL Rafaela y la Regi\u00f3n &#8211; Versi\u00f3n en Linea. 13.11.20 Buenas tardes y bienvenidos a este esperado reencuentro. &nbsp; Saludo [&hellip;]\" \/>\n<meta property=\"og:url\" content=\"https:\/\/ruralrafaela.com.ar\/exporural\/debemos-generar-mas-espacios-comunes-fomentar-la-autocritica-y-el-reconocimiento-sincero-de-lo-que-no-estuvo-bien-hecho-acostumbrarnos-a-aceptar-las-diferencias-que-favorecen-la-complementariedad\/\" \/>\n<meta property=\"og:site_name\" content=\"ExpoRural Rafaela y la Regi\u00f3n\" \/>\n<meta property=\"article:published_time\" content=\"2020-11-14T22:09:20+00:00\" \/>\n<meta property=\"article:modified_time\" content=\"2020-11-14T22:09:21+00:00\" \/>\n<meta property=\"og:image\" content=\"https:\/\/ruralrafaela.com.ar\/exporural\/wp-content\/uploads\/sites\/16\/2020\/11\/Norma.jpg\" \/>\n\t<meta property=\"og:image:width\" content=\"1115\" \/>\n\t<meta property=\"og:image:height\" content=\"627\" \/>\n\t<meta property=\"og:image:type\" content=\"image\/jpeg\" \/>\n<meta name=\"author\" content=\"c1970093\" \/>\n<meta name=\"twitter:card\" content=\"summary_large_image\" \/>\n<meta name=\"twitter:label1\" content=\"Escrito por\" \/>\n\t<meta name=\"twitter:data1\" content=\"c1970093\" \/>\n\t<meta name=\"twitter:label2\" content=\"Tiempo de lectura\" \/>\n\t<meta name=\"twitter:data2\" content=\"10 minutos\" \/>\n<script type=\"application\/ld+json\" class=\"yoast-schema-graph\">{\"@context\":\"https:\\\/\\\/schema.org\",\"@graph\":[{\"@type\":\"Article\",\"@id\":\"https:\\\/\\\/ruralrafaela.com.ar\\\/exporural\\\/debemos-generar-mas-espacios-comunes-fomentar-la-autocritica-y-el-reconocimiento-sincero-de-lo-que-no-estuvo-bien-hecho-acostumbrarnos-a-aceptar-las-diferencias-que-favorecen-la-complementariedad\\\/#article\",\"isPartOf\":{\"@id\":\"https:\\\/\\\/ruralrafaela.com.ar\\\/exporural\\\/debemos-generar-mas-espacios-comunes-fomentar-la-autocritica-y-el-reconocimiento-sincero-de-lo-que-no-estuvo-bien-hecho-acostumbrarnos-a-aceptar-las-diferencias-que-favorecen-la-complementariedad\\\/\"},\"author\":{\"name\":\"c1970093\",\"@id\":\"https:\\\/\\\/ruralrafaela.com.ar\\\/exporural\\\/#\\\/schema\\\/person\\\/b944097647cc828e58952e18b2cc493c\"},\"headline\":\"\u00abDebemos generar m\u00e1s espacios comunes, fomentar la autocr\u00edtica y el reconocimiento sincero de lo que no estuvo bien hecho, acostumbrarnos a aceptar las diferencias que favorecen la complementariedad\u00bb\",\"datePublished\":\"2020-11-14T22:09:20+00:00\",\"dateModified\":\"2020-11-14T22:09:21+00:00\",\"mainEntityOfPage\":{\"@id\":\"https:\\\/\\\/ruralrafaela.com.ar\\\/exporural\\\/debemos-generar-mas-espacios-comunes-fomentar-la-autocritica-y-el-reconocimiento-sincero-de-lo-que-no-estuvo-bien-hecho-acostumbrarnos-a-aceptar-las-diferencias-que-favorecen-la-complementariedad\\\/\"},\"wordCount\":1992,\"publisher\":{\"@id\":\"https:\\\/\\\/ruralrafaela.com.ar\\\/exporural\\\/#organization\"},\"image\":{\"@id\":\"https:\\\/\\\/ruralrafaela.com.ar\\\/exporural\\\/debemos-generar-mas-espacios-comunes-fomentar-la-autocritica-y-el-reconocimiento-sincero-de-lo-que-no-estuvo-bien-hecho-acostumbrarnos-a-aceptar-las-diferencias-que-favorecen-la-complementariedad\\\/#primaryimage\"},\"thumbnailUrl\":\"https:\\\/\\\/ruralrafaela.com.ar\\\/exporural\\\/wp-content\\\/uploads\\\/sites\\\/16\\\/2020\\\/11\\\/Norma.jpg\",\"articleSection\":[\"ExpoRural\"],\"inLanguage\":\"es\"},{\"@type\":\"WebPage\",\"@id\":\"https:\\\/\\\/ruralrafaela.com.ar\\\/exporural\\\/debemos-generar-mas-espacios-comunes-fomentar-la-autocritica-y-el-reconocimiento-sincero-de-lo-que-no-estuvo-bien-hecho-acostumbrarnos-a-aceptar-las-diferencias-que-favorecen-la-complementariedad\\\/\",\"url\":\"https:\\\/\\\/ruralrafaela.com.ar\\\/exporural\\\/debemos-generar-mas-espacios-comunes-fomentar-la-autocritica-y-el-reconocimiento-sincero-de-lo-que-no-estuvo-bien-hecho-acostumbrarnos-a-aceptar-las-diferencias-que-favorecen-la-complementariedad\\\/\",\"name\":\"\\\"Debemos generar m\u00e1s espacios comunes, fomentar la autocr\u00edtica y el reconocimiento sincero de lo que no estuvo bien hecho, acostumbrarnos a aceptar las diferencias que favorecen la complementariedad\\\" - ExpoRural Rafaela y la Regi\u00f3n\",\"isPartOf\":{\"@id\":\"https:\\\/\\\/ruralrafaela.com.ar\\\/exporural\\\/#website\"},\"primaryImageOfPage\":{\"@id\":\"https:\\\/\\\/ruralrafaela.com.ar\\\/exporural\\\/debemos-generar-mas-espacios-comunes-fomentar-la-autocritica-y-el-reconocimiento-sincero-de-lo-que-no-estuvo-bien-hecho-acostumbrarnos-a-aceptar-las-diferencias-que-favorecen-la-complementariedad\\\/#primaryimage\"},\"image\":{\"@id\":\"https:\\\/\\\/ruralrafaela.com.ar\\\/exporural\\\/debemos-generar-mas-espacios-comunes-fomentar-la-autocritica-y-el-reconocimiento-sincero-de-lo-que-no-estuvo-bien-hecho-acostumbrarnos-a-aceptar-las-diferencias-que-favorecen-la-complementariedad\\\/#primaryimage\"},\"thumbnailUrl\":\"https:\\\/\\\/ruralrafaela.com.ar\\\/exporural\\\/wp-content\\\/uploads\\\/sites\\\/16\\\/2020\\\/11\\\/Norma.jpg\",\"datePublished\":\"2020-11-14T22:09:20+00:00\",\"dateModified\":\"2020-11-14T22:09:21+00:00\",\"breadcrumb\":{\"@id\":\"https:\\\/\\\/ruralrafaela.com.ar\\\/exporural\\\/debemos-generar-mas-espacios-comunes-fomentar-la-autocritica-y-el-reconocimiento-sincero-de-lo-que-no-estuvo-bien-hecho-acostumbrarnos-a-aceptar-las-diferencias-que-favorecen-la-complementariedad\\\/#breadcrumb\"},\"inLanguage\":\"es\",\"potentialAction\":[{\"@type\":\"ReadAction\",\"target\":[\"https:\\\/\\\/ruralrafaela.com.ar\\\/exporural\\\/debemos-generar-mas-espacios-comunes-fomentar-la-autocritica-y-el-reconocimiento-sincero-de-lo-que-no-estuvo-bien-hecho-acostumbrarnos-a-aceptar-las-diferencias-que-favorecen-la-complementariedad\\\/\"]}]},{\"@type\":\"ImageObject\",\"inLanguage\":\"es\",\"@id\":\"https:\\\/\\\/ruralrafaela.com.ar\\\/exporural\\\/debemos-generar-mas-espacios-comunes-fomentar-la-autocritica-y-el-reconocimiento-sincero-de-lo-que-no-estuvo-bien-hecho-acostumbrarnos-a-aceptar-las-diferencias-que-favorecen-la-complementariedad\\\/#primaryimage\",\"url\":\"https:\\\/\\\/ruralrafaela.com.ar\\\/exporural\\\/wp-content\\\/uploads\\\/sites\\\/16\\\/2020\\\/11\\\/Norma.jpg\",\"contentUrl\":\"https:\\\/\\\/ruralrafaela.com.ar\\\/exporural\\\/wp-content\\\/uploads\\\/sites\\\/16\\\/2020\\\/11\\\/Norma.jpg\",\"width\":1115,\"height\":627},{\"@type\":\"BreadcrumbList\",\"@id\":\"https:\\\/\\\/ruralrafaela.com.ar\\\/exporural\\\/debemos-generar-mas-espacios-comunes-fomentar-la-autocritica-y-el-reconocimiento-sincero-de-lo-que-no-estuvo-bien-hecho-acostumbrarnos-a-aceptar-las-diferencias-que-favorecen-la-complementariedad\\\/#breadcrumb\",\"itemListElement\":[{\"@type\":\"ListItem\",\"position\":1,\"name\":\"Portada\",\"item\":\"https:\\\/\\\/ruralrafaela.com.ar\\\/exporural\\\/\"},{\"@type\":\"ListItem\",\"position\":2,\"name\":\"\u00abDebemos generar m\u00e1s espacios comunes, fomentar la autocr\u00edtica y el reconocimiento sincero de lo que no estuvo bien hecho, acostumbrarnos a aceptar las diferencias que favorecen la complementariedad\u00bb\"}]},{\"@type\":\"WebSite\",\"@id\":\"https:\\\/\\\/ruralrafaela.com.ar\\\/exporural\\\/#website\",\"url\":\"https:\\\/\\\/ruralrafaela.com.ar\\\/exporural\\\/\",\"name\":\"ExpoRural Rafaela y la Regi\u00f3n\",\"description\":\"ExpoRural Rafaela y la Regi\u00f3n 2020 - Edici\u00f3n en L\u00ednea\",\"publisher\":{\"@id\":\"https:\\\/\\\/ruralrafaela.com.ar\\\/exporural\\\/#organization\"},\"potentialAction\":[{\"@type\":\"SearchAction\",\"target\":{\"@type\":\"EntryPoint\",\"urlTemplate\":\"https:\\\/\\\/ruralrafaela.com.ar\\\/exporural\\\/?s={search_term_string}\"},\"query-input\":{\"@type\":\"PropertyValueSpecification\",\"valueRequired\":true,\"valueName\":\"search_term_string\"}}],\"inLanguage\":\"es\"},{\"@type\":\"Organization\",\"@id\":\"https:\\\/\\\/ruralrafaela.com.ar\\\/exporural\\\/#organization\",\"name\":\"ExpoRural Rafaela y la Regi\u00f3n\",\"url\":\"https:\\\/\\\/ruralrafaela.com.ar\\\/exporural\\\/\",\"logo\":{\"@type\":\"ImageObject\",\"inLanguage\":\"es\",\"@id\":\"https:\\\/\\\/ruralrafaela.com.ar\\\/exporural\\\/#\\\/schema\\\/logo\\\/image\\\/\",\"url\":\"https:\\\/\\\/ruralrafaela.com.ar\\\/exporural\\\/wp-content\\\/uploads\\\/sites\\\/16\\\/2020\\\/10\\\/Log-Expo-2020.png\",\"contentUrl\":\"https:\\\/\\\/ruralrafaela.com.ar\\\/exporural\\\/wp-content\\\/uploads\\\/sites\\\/16\\\/2020\\\/10\\\/Log-Expo-2020.png\",\"width\":680,\"height\":404,\"caption\":\"ExpoRural Rafaela y la Regi\u00f3n\"},\"image\":{\"@id\":\"https:\\\/\\\/ruralrafaela.com.ar\\\/exporural\\\/#\\\/schema\\\/logo\\\/image\\\/\"}},{\"@type\":\"Person\",\"@id\":\"https:\\\/\\\/ruralrafaela.com.ar\\\/exporural\\\/#\\\/schema\\\/person\\\/b944097647cc828e58952e18b2cc493c\",\"name\":\"c1970093\",\"image\":{\"@type\":\"ImageObject\",\"inLanguage\":\"es\",\"@id\":\"https:\\\/\\\/secure.gravatar.com\\\/avatar\\\/45cdd73f3ef44c305e0057b84921f5c4dc0bf41c5999db82505293a43118ff3e?s=96&d=mm&r=g\",\"url\":\"https:\\\/\\\/secure.gravatar.com\\\/avatar\\\/45cdd73f3ef44c305e0057b84921f5c4dc0bf41c5999db82505293a43118ff3e?s=96&d=mm&r=g\",\"contentUrl\":\"https:\\\/\\\/secure.gravatar.com\\\/avatar\\\/45cdd73f3ef44c305e0057b84921f5c4dc0bf41c5999db82505293a43118ff3e?s=96&d=mm&r=g\",\"caption\":\"c1970093\"},\"url\":\"https:\\\/\\\/ruralrafaela.com.ar\\\/exporural\\\/author\\\/c1970093\\\/\"}]}<\/script>\n<!-- \/ Yoast SEO plugin. -->","yoast_head_json":{"title":"\"Debemos generar m\u00e1s espacios comunes, fomentar la autocr\u00edtica y el reconocimiento sincero de lo que no estuvo bien hecho, acostumbrarnos a aceptar las diferencias que favorecen la complementariedad\" - ExpoRural Rafaela y la Regi\u00f3n","robots":{"index":"index","follow":"follow","max-snippet":"max-snippet:-1","max-image-preview":"max-image-preview:large","max-video-preview":"max-video-preview:-1"},"canonical":"https:\/\/ruralrafaela.com.ar\/exporural\/debemos-generar-mas-espacios-comunes-fomentar-la-autocritica-y-el-reconocimiento-sincero-de-lo-que-no-estuvo-bien-hecho-acostumbrarnos-a-aceptar-las-diferencias-que-favorecen-la-complementariedad\/","og_locale":"es_ES","og_type":"article","og_title":"\"Debemos generar m\u00e1s espacios comunes, fomentar la autocr\u00edtica y el reconocimiento sincero de lo que no estuvo bien hecho, acostumbrarnos a aceptar las diferencias que favorecen la complementariedad\" - ExpoRural Rafaela y la Regi\u00f3n","og_description":"Discurso de la Presidente Norma Bessone en el acto institucional de cierre de la 113\u00b0 ExpoRural Rafaela y la Regi\u00f3n , versi\u00f3n en l\u00ednea. Ver video completo del acto :https:\/\/youtu.be\/-rAURFyxPFw ACTO INSTITUCIONAL: 113\u00b0 edici\u00f3n de EXPORURAL Rafaela y la Regi\u00f3n &#8211; Versi\u00f3n en Linea. 13.11.20 Buenas tardes y bienvenidos a este esperado reencuentro. &nbsp; Saludo [&hellip;]","og_url":"https:\/\/ruralrafaela.com.ar\/exporural\/debemos-generar-mas-espacios-comunes-fomentar-la-autocritica-y-el-reconocimiento-sincero-de-lo-que-no-estuvo-bien-hecho-acostumbrarnos-a-aceptar-las-diferencias-que-favorecen-la-complementariedad\/","og_site_name":"ExpoRural Rafaela y la Regi\u00f3n","article_published_time":"2020-11-14T22:09:20+00:00","article_modified_time":"2020-11-14T22:09:21+00:00","og_image":[{"width":1115,"height":627,"url":"https:\/\/ruralrafaela.com.ar\/exporural\/wp-content\/uploads\/sites\/16\/2020\/11\/Norma.jpg","type":"image\/jpeg"}],"author":"c1970093","twitter_card":"summary_large_image","twitter_misc":{"Escrito por":"c1970093","Tiempo de lectura":"10 minutos"},"schema":{"@context":"https:\/\/schema.org","@graph":[{"@type":"Article","@id":"https:\/\/ruralrafaela.com.ar\/exporural\/debemos-generar-mas-espacios-comunes-fomentar-la-autocritica-y-el-reconocimiento-sincero-de-lo-que-no-estuvo-bien-hecho-acostumbrarnos-a-aceptar-las-diferencias-que-favorecen-la-complementariedad\/#article","isPartOf":{"@id":"https:\/\/ruralrafaela.com.ar\/exporural\/debemos-generar-mas-espacios-comunes-fomentar-la-autocritica-y-el-reconocimiento-sincero-de-lo-que-no-estuvo-bien-hecho-acostumbrarnos-a-aceptar-las-diferencias-que-favorecen-la-complementariedad\/"},"author":{"name":"c1970093","@id":"https:\/\/ruralrafaela.com.ar\/exporural\/#\/schema\/person\/b944097647cc828e58952e18b2cc493c"},"headline":"\u00abDebemos generar m\u00e1s espacios comunes, fomentar la autocr\u00edtica y el reconocimiento sincero de lo que no estuvo bien hecho, acostumbrarnos a aceptar las diferencias que favorecen la complementariedad\u00bb","datePublished":"2020-11-14T22:09:20+00:00","dateModified":"2020-11-14T22:09:21+00:00","mainEntityOfPage":{"@id":"https:\/\/ruralrafaela.com.ar\/exporural\/debemos-generar-mas-espacios-comunes-fomentar-la-autocritica-y-el-reconocimiento-sincero-de-lo-que-no-estuvo-bien-hecho-acostumbrarnos-a-aceptar-las-diferencias-que-favorecen-la-complementariedad\/"},"wordCount":1992,"publisher":{"@id":"https:\/\/ruralrafaela.com.ar\/exporural\/#organization"},"image":{"@id":"https:\/\/ruralrafaela.com.ar\/exporural\/debemos-generar-mas-espacios-comunes-fomentar-la-autocritica-y-el-reconocimiento-sincero-de-lo-que-no-estuvo-bien-hecho-acostumbrarnos-a-aceptar-las-diferencias-que-favorecen-la-complementariedad\/#primaryimage"},"thumbnailUrl":"https:\/\/ruralrafaela.com.ar\/exporural\/wp-content\/uploads\/sites\/16\/2020\/11\/Norma.jpg","articleSection":["ExpoRural"],"inLanguage":"es"},{"@type":"WebPage","@id":"https:\/\/ruralrafaela.com.ar\/exporural\/debemos-generar-mas-espacios-comunes-fomentar-la-autocritica-y-el-reconocimiento-sincero-de-lo-que-no-estuvo-bien-hecho-acostumbrarnos-a-aceptar-las-diferencias-que-favorecen-la-complementariedad\/","url":"https:\/\/ruralrafaela.com.ar\/exporural\/debemos-generar-mas-espacios-comunes-fomentar-la-autocritica-y-el-reconocimiento-sincero-de-lo-que-no-estuvo-bien-hecho-acostumbrarnos-a-aceptar-las-diferencias-que-favorecen-la-complementariedad\/","name":"\"Debemos generar m\u00e1s espacios comunes, fomentar la autocr\u00edtica y el reconocimiento sincero de lo que no estuvo bien hecho, acostumbrarnos a aceptar las diferencias que favorecen la complementariedad\" - ExpoRural Rafaela y la Regi\u00f3n","isPartOf":{"@id":"https:\/\/ruralrafaela.com.ar\/exporural\/#website"},"primaryImageOfPage":{"@id":"https:\/\/ruralrafaela.com.ar\/exporural\/debemos-generar-mas-espacios-comunes-fomentar-la-autocritica-y-el-reconocimiento-sincero-de-lo-que-no-estuvo-bien-hecho-acostumbrarnos-a-aceptar-las-diferencias-que-favorecen-la-complementariedad\/#primaryimage"},"image":{"@id":"https:\/\/ruralrafaela.com.ar\/exporural\/debemos-generar-mas-espacios-comunes-fomentar-la-autocritica-y-el-reconocimiento-sincero-de-lo-que-no-estuvo-bien-hecho-acostumbrarnos-a-aceptar-las-diferencias-que-favorecen-la-complementariedad\/#primaryimage"},"thumbnailUrl":"https:\/\/ruralrafaela.com.ar\/exporural\/wp-content\/uploads\/sites\/16\/2020\/11\/Norma.jpg","datePublished":"2020-11-14T22:09:20+00:00","dateModified":"2020-11-14T22:09:21+00:00","breadcrumb":{"@id":"https:\/\/ruralrafaela.com.ar\/exporural\/debemos-generar-mas-espacios-comunes-fomentar-la-autocritica-y-el-reconocimiento-sincero-de-lo-que-no-estuvo-bien-hecho-acostumbrarnos-a-aceptar-las-diferencias-que-favorecen-la-complementariedad\/#breadcrumb"},"inLanguage":"es","potentialAction":[{"@type":"ReadAction","target":["https:\/\/ruralrafaela.com.ar\/exporural\/debemos-generar-mas-espacios-comunes-fomentar-la-autocritica-y-el-reconocimiento-sincero-de-lo-que-no-estuvo-bien-hecho-acostumbrarnos-a-aceptar-las-diferencias-que-favorecen-la-complementariedad\/"]}]},{"@type":"ImageObject","inLanguage":"es","@id":"https:\/\/ruralrafaela.com.ar\/exporural\/debemos-generar-mas-espacios-comunes-fomentar-la-autocritica-y-el-reconocimiento-sincero-de-lo-que-no-estuvo-bien-hecho-acostumbrarnos-a-aceptar-las-diferencias-que-favorecen-la-complementariedad\/#primaryimage","url":"https:\/\/ruralrafaela.com.ar\/exporural\/wp-content\/uploads\/sites\/16\/2020\/11\/Norma.jpg","contentUrl":"https:\/\/ruralrafaela.com.ar\/exporural\/wp-content\/uploads\/sites\/16\/2020\/11\/Norma.jpg","width":1115,"height":627},{"@type":"BreadcrumbList","@id":"https:\/\/ruralrafaela.com.ar\/exporural\/debemos-generar-mas-espacios-comunes-fomentar-la-autocritica-y-el-reconocimiento-sincero-de-lo-que-no-estuvo-bien-hecho-acostumbrarnos-a-aceptar-las-diferencias-que-favorecen-la-complementariedad\/#breadcrumb","itemListElement":[{"@type":"ListItem","position":1,"name":"Portada","item":"https:\/\/ruralrafaela.com.ar\/exporural\/"},{"@type":"ListItem","position":2,"name":"\u00abDebemos generar m\u00e1s espacios comunes, fomentar la autocr\u00edtica y el reconocimiento sincero de lo que no estuvo bien hecho, acostumbrarnos a aceptar las diferencias que favorecen la complementariedad\u00bb"}]},{"@type":"WebSite","@id":"https:\/\/ruralrafaela.com.ar\/exporural\/#website","url":"https:\/\/ruralrafaela.com.ar\/exporural\/","name":"ExpoRural Rafaela y la Regi\u00f3n","description":"ExpoRural Rafaela y la Regi\u00f3n 2020 - Edici\u00f3n en L\u00ednea","publisher":{"@id":"https:\/\/ruralrafaela.com.ar\/exporural\/#organization"},"potentialAction":[{"@type":"SearchAction","target":{"@type":"EntryPoint","urlTemplate":"https:\/\/ruralrafaela.com.ar\/exporural\/?s={search_term_string}"},"query-input":{"@type":"PropertyValueSpecification","valueRequired":true,"valueName":"search_term_string"}}],"inLanguage":"es"},{"@type":"Organization","@id":"https:\/\/ruralrafaela.com.ar\/exporural\/#organization","name":"ExpoRural Rafaela y la Regi\u00f3n","url":"https:\/\/ruralrafaela.com.ar\/exporural\/","logo":{"@type":"ImageObject","inLanguage":"es","@id":"https:\/\/ruralrafaela.com.ar\/exporural\/#\/schema\/logo\/image\/","url":"https:\/\/ruralrafaela.com.ar\/exporural\/wp-content\/uploads\/sites\/16\/2020\/10\/Log-Expo-2020.png","contentUrl":"https:\/\/ruralrafaela.com.ar\/exporural\/wp-content\/uploads\/sites\/16\/2020\/10\/Log-Expo-2020.png","width":680,"height":404,"caption":"ExpoRural Rafaela y la Regi\u00f3n"},"image":{"@id":"https:\/\/ruralrafaela.com.ar\/exporural\/#\/schema\/logo\/image\/"}},{"@type":"Person","@id":"https:\/\/ruralrafaela.com.ar\/exporural\/#\/schema\/person\/b944097647cc828e58952e18b2cc493c","name":"c1970093","image":{"@type":"ImageObject","inLanguage":"es","@id":"https:\/\/secure.gravatar.com\/avatar\/45cdd73f3ef44c305e0057b84921f5c4dc0bf41c5999db82505293a43118ff3e?s=96&d=mm&r=g","url":"https:\/\/secure.gravatar.com\/avatar\/45cdd73f3ef44c305e0057b84921f5c4dc0bf41c5999db82505293a43118ff3e?s=96&d=mm&r=g","contentUrl":"https:\/\/secure.gravatar.com\/avatar\/45cdd73f3ef44c305e0057b84921f5c4dc0bf41c5999db82505293a43118ff3e?s=96&d=mm&r=g","caption":"c1970093"},"url":"https:\/\/ruralrafaela.com.ar\/exporural\/author\/c1970093\/"}]}},"_links":{"self":[{"href":"https:\/\/ruralrafaela.com.ar\/exporural\/wp-json\/wp\/v2\/posts\/2213","targetHints":{"allow":["GET"]}}],"collection":[{"href":"https:\/\/ruralrafaela.com.ar\/exporural\/wp-json\/wp\/v2\/posts"}],"about":[{"href":"https:\/\/ruralrafaela.com.ar\/exporural\/wp-json\/wp\/v2\/types\/post"}],"author":[{"embeddable":true,"href":"https:\/\/ruralrafaela.com.ar\/exporural\/wp-json\/wp\/v2\/users\/2"}],"replies":[{"embeddable":true,"href":"https:\/\/ruralrafaela.com.ar\/exporural\/wp-json\/wp\/v2\/comments?post=2213"}],"version-history":[{"count":1,"href":"https:\/\/ruralrafaela.com.ar\/exporural\/wp-json\/wp\/v2\/posts\/2213\/revisions"}],"predecessor-version":[{"id":2215,"href":"https:\/\/ruralrafaela.com.ar\/exporural\/wp-json\/wp\/v2\/posts\/2213\/revisions\/2215"}],"wp:featuredmedia":[{"embeddable":true,"href":"https:\/\/ruralrafaela.com.ar\/exporural\/wp-json\/wp\/v2\/media\/2214"}],"wp:attachment":[{"href":"https:\/\/ruralrafaela.com.ar\/exporural\/wp-json\/wp\/v2\/media?parent=2213"}],"wp:term":[{"taxonomy":"category","embeddable":true,"href":"https:\/\/ruralrafaela.com.ar\/exporural\/wp-json\/wp\/v2\/categories?post=2213"},{"taxonomy":"post_tag","embeddable":true,"href":"https:\/\/ruralrafaela.com.ar\/exporural\/wp-json\/wp\/v2\/tags?post=2213"}],"curies":[{"name":"wp","href":"https:\/\/api.w.org\/{rel}","templated":true}]}}