{"id":1876,"date":"2020-11-11T10:11:48","date_gmt":"2020-11-11T13:11:48","guid":{"rendered":"http:\/\/ruralrafaela.com.ar\/exporural\/?p=1876"},"modified":"2020-11-11T10:11:50","modified_gmt":"2020-11-11T13:11:50","slug":"en-momentos-tan-particulares-es-cuando-mas-debemos-emplear-energias-para-superar-el-momento-y-seguir-avanzando","status":"publish","type":"post","link":"https:\/\/ruralrafaela.com.ar\/exporural\/en-momentos-tan-particulares-es-cuando-mas-debemos-emplear-energias-para-superar-el-momento-y-seguir-avanzando\/","title":{"rendered":"\u00abEn momentos tan particulares es cu\u00e1ndo m\u00e1s debemos emplear energ\u00edas para superar el momento y seguir avanzando\u00bb"},"content":{"rendered":"\n<p id=\"block-6ffc7322-e611-48bd-ab85-a555e3102fb7\"><strong>Se present\u00f3 formalmente la 113\u00b0 ExpoRural Rafaela y la Regi\u00f3n- Versi\u00f3n en l\u00ednea_<\/strong><\/p>\n\n\n\n<p id=\"block-243c7b42-480c-4480-9d7a-67a84548bcf7\">De manera virtual, gratuita y simple, todas la agenda de charlas propuesta se podr\u00e1 seguir a trav\u00e9s del sitio <a href=\"http:\/\/www.ruralrafaela.com.ar\/\">www.exporuralrafaela.com.ar<\/a>&nbsp;<\/p>\n\n\n\n<p id=\"block-9c2cddcb-4872-4e1b-8438-2800779ad3aa\">Este ser\u00e1 un a\u00f1o especial, donde climatol\u00f3gicamente no habr\u00e1 sorpresas para el encuentro virtual que propone la Sociedad Rural de Rafaela para su 113\u00ba ExpoRural de Rafaela y la regi\u00f3n, el centenario del Concurso de Vacas Lecheras, los 70 a\u00f1os del Control Lechero y el 25\u00ba aniversario del Grupo de Ayuda a Mujeres Agropecuarias.&nbsp;<\/p>\n\n\n\n<p id=\"block-419ba157-ce6a-432b-86cc-a063be7df857\">La C\u00e1mara de Diputados de la Provincia de Santa Fe declar\u00f3 de inter\u00e9s a esta cita que dar\u00e1 comienzo este mi\u00e9rcoles y se prolongar\u00e1 hasta el viernes.&nbsp;<\/p>\n\n\n\n<p id=\"block-82240878-fe81-4a16-b9e1-324a58fc054a\">Con una amplia variedad de charlas, de manera simple y gratuita a trav\u00e9s del sitio <a href=\"http:\/\/www.ruralrafaela.com.ar\/\">www.exporuralrafaela.com.ar<\/a> la entidad espera a visitantes del sector agropecuario, &nbsp;de las ciudades y de los pueblos que se interesen en las diferentes tem\u00e1ticas propuestas. En la pesta\u00f1a de \u00abcharlas\u00bb est\u00e1n cargadas por d\u00eda y en orden cronol\u00f3gico las 12 actividades, pudiendo acceder a cada una mediante los links disponibles, e incluso se cuenta con un reloj regresivo que indica el tiempo restante hasta el inicio del encuentro.&nbsp;<\/p>\n\n\n\n<p id=\"block-934becdb-a140-484e-8f60-b48bcea503c5\">Del mismo modo, se pueden consultar los micrositios de los sponsors (stands virtuales) de la muestra, se puede tener contacto directo con asesores de cada una de ellas, e incluso un apartado con promociones y descuentos especiales que tendr\u00e1n vigencia durante los tres d\u00edas del evento, en la pesta\u00f1a ExpoOfertas.&nbsp;<\/p>\n\n\n\n<p id=\"block-32501170-4a3d-4608-bbbb-382a1746a047\">Norma Bessone, la presidente de la SRR, expres\u00f3 antes del inicio de este evento que se ajusta a las condiciones de este a\u00f1o tan extraordinario que \u201c<em>Hemos analizado much\u00edsimo la decisi\u00f3n de llevar a cabo la muestra, se ha debatido much\u00edsimo internamente en una etapa sumamente dif\u00edcil, pero d\u00f3nde es necesario que en momentos tan particulares es cu\u00e1ndo m\u00e1s debemos emplear energ\u00edas para superar el momento y seguir avanzando de esta que es la forma que podemos, en funci\u00f3n de las circunstancias\u201d<\/em>.&nbsp;<\/p>\n\n\n\n<p id=\"block-f2f9a0b5-a30e-434b-8d41-9e8a7136c89f\">Se agradeci\u00f3 el acompa\u00f1amiento de las entidades madre, tanto Confederaciones Rurales Argentinas, como la Confederaci\u00f3n de Asociaciones Rurales de Santa Fe, como al Ministerio de la Producci\u00f3n de Santa Fe, la Municipalidad de Rafaela, el Instituto de Promoci\u00f3n de la Carne Vacuna Argentina, la C\u00e1mara de Empresas Proveedoras del Agro de Rafaela y el Instituto Nacional de Tecnolog\u00eda Agropecuaria. Del mismo modo, a las empresas que participan de esta edici\u00f3n en l\u00ednea.&nbsp;<\/p>\n\n\n\n<p id=\"block-d30b6e36-621a-4026-82c4-63971d97b0ca\">\u201c<em>Esto es lo que hoy hemos construido, lo que ofrecemos y seguir\u00e1 un proceso de construcci\u00f3n a futuro. Lo que pretendemos es que la Sociedad Rural de Rafaela mantenga su voz, su presencia y su accionar en el medio, pero al mismo tiempo seguir transmitiendo y haci\u00e9ndose part\u00edcipe del espacio agropecuario<\/em>\u201d, explic\u00f3 Bessone.&nbsp;<\/p>\n\n\n\n<p id=\"block-3376f09b-9b2c-4553-a8d7-21af1b71912b\">Cabe recordar que las primeras actividades ser\u00e1n este mi\u00e9rcoles, a partir de las 8:30 con la exposici\u00f3n sobre la <strong>\u201cSituaci\u00f3n lechera en Santa Fe y difusi\u00f3n de las Buenas Pr\u00e1cticas Lecheras\u201d, <\/strong>que har\u00e1 el M\u00e9d. Vet. Abel Zenklusen, director provincial de Lecher\u00eda del Ministerio de la Producci\u00f3n de Santa Fe. En el mismo espacio, la \u201c<strong>Situaci\u00f3n y desaf\u00edos de los sistemas lecheros santafesinos\u201d<\/strong>, ser\u00e1 abordada por el Ing. Agr. Miguel Taverna, del INTA Rafaela y presidente de FunPEL.<br>Por la tarde, a las 19:30, <strong>\u201cLa provincia de Santa Fe, con mirada a la producci\u00f3n ovina y caprina. Metas y desaf\u00edos, producci\u00f3n en escala y valor agregado\u201d<\/strong>, estar\u00e1 a cargo del M\u00e9d. Vet. Sergio Taffarel; mientras que desde las 21, <strong>\u201cC\u00f3mo comercializamos nuestra leche II\u201d<\/strong>, servir\u00e1 para cerrar la jornada y debatir uno de los temas principales para los productores en la actualidad, con el desarrollo que le dar\u00e1n el Ing. Agr. Eduardo Garc\u00eda Maritano y Marcelo D\u00e1ndolo, coordinador de la Comisi\u00f3n de Lecher\u00eda de Santa Fe.<br><br>&nbsp;<\/p>\n","protected":false},"excerpt":{"rendered":"<p>Se present\u00f3 formalmente la 113\u00b0 ExpoRural Rafaela y la Regi\u00f3n- Versi\u00f3n en l\u00ednea_ De manera virtual, gratuita y simple, todas la agenda de charlas propuesta se podr\u00e1 seguir a trav\u00e9s del sitio www.exporuralrafaela.com.ar&nbsp; Este ser\u00e1 un a\u00f1o especial, donde climatol\u00f3gicamente no habr\u00e1 sorpresas para el encuentro virtual que propone la Sociedad Rural de Rafaela para [&hellip;]<\/p>\n","protected":false},"author":2,"featured_media":1871,"comment_status":"closed","ping_status":"open","sticky":false,"template":"","format":"standard","meta":{"ocean_post_layout":"","ocean_both_sidebars_style":"","ocean_both_sidebars_content_width":0,"ocean_both_sidebars_sidebars_width":0,"ocean_sidebar":"0","ocean_second_sidebar":"0","ocean_disable_margins":"enable","ocean_add_body_class":"","ocean_shortcode_before_top_bar":"","ocean_shortcode_after_top_bar":"","ocean_shortcode_before_header":"","ocean_shortcode_after_header":"","ocean_has_shortcode":"","ocean_shortcode_after_title":"","ocean_shortcode_before_footer_widgets":"","ocean_shortcode_after_footer_widgets":"","ocean_shortcode_before_footer_bottom":"","ocean_shortcode_after_footer_bottom":"","ocean_display_top_bar":"default","ocean_display_header":"default","ocean_header_style":"","ocean_center_header_left_menu":"0","ocean_custom_header_template":"0","ocean_custom_logo":0,"ocean_custom_retina_logo":0,"ocean_custom_logo_max_width":0,"ocean_custom_logo_tablet_max_width":0,"ocean_custom_logo_mobile_max_width":0,"ocean_custom_logo_max_height":0,"ocean_custom_logo_tablet_max_height":0,"ocean_custom_logo_mobile_max_height":0,"ocean_header_custom_menu":"0","ocean_menu_typo_font_family":"0","ocean_menu_typo_font_subset":"","ocean_menu_typo_font_size":0,"ocean_menu_typo_font_size_tablet":0,"ocean_menu_typo_font_size_mobile":0,"ocean_menu_typo_font_size_unit":"px","ocean_menu_typo_font_weight":"","ocean_menu_typo_font_weight_tablet":"","ocean_menu_typo_font_weight_mobile":"","ocean_menu_typo_transform":"","ocean_menu_typo_transform_tablet":"","ocean_menu_typo_transform_mobile":"","ocean_menu_typo_line_height":0,"ocean_menu_typo_line_height_tablet":0,"ocean_menu_typo_line_height_mobile":0,"ocean_menu_typo_line_height_unit":"","ocean_menu_typo_spacing":0,"ocean_menu_typo_spacing_tablet":0,"ocean_menu_typo_spacing_mobile":0,"ocean_menu_typo_spacing_unit":"","ocean_menu_link_color":"","ocean_menu_link_color_hover":"","ocean_menu_link_color_active":"","ocean_menu_link_background":"","ocean_menu_link_hover_background":"","ocean_menu_link_active_background":"","ocean_menu_social_links_bg":"","ocean_menu_social_hover_links_bg":"","ocean_menu_social_links_color":"","ocean_menu_social_hover_links_color":"","ocean_disable_title":"default","ocean_disable_heading":"default","ocean_post_title":"","ocean_post_subheading":"","ocean_post_title_style":"","ocean_post_title_background_color":"","ocean_post_title_background":0,"ocean_post_title_bg_image_position":"","ocean_post_title_bg_image_attachment":"","ocean_post_title_bg_image_repeat":"","ocean_post_title_bg_image_size":"","ocean_post_title_height":0,"ocean_post_title_bg_overlay":0.5,"ocean_post_title_bg_overlay_color":"","ocean_disable_breadcrumbs":"default","ocean_breadcrumbs_color":"","ocean_breadcrumbs_separator_color":"","ocean_breadcrumbs_links_color":"","ocean_breadcrumbs_links_hover_color":"","ocean_display_footer_widgets":"default","ocean_display_footer_bottom":"default","ocean_custom_footer_template":"0","_joinchat":{"view":"no"},"ocean_post_oembed":"","ocean_post_self_hosted_media":"","ocean_post_video_embed":"","ocean_link_format":"","ocean_link_format_target":"self","ocean_quote_format":"","ocean_quote_format_link":"post","ocean_gallery_link_images":"off","ocean_gallery_id":[],"footnotes":""},"categories":[8],"tags":[],"class_list":["post-1876","post","type-post","status-publish","format-standard","has-post-thumbnail","hentry","category-exporural","entry","has-media"],"yoast_head":"<!-- This site is optimized with the Yoast SEO plugin v27.5 - https:\/\/yoast.com\/product\/yoast-seo-wordpress\/ -->\n<title>&quot;En momentos tan particulares es cu\u00e1ndo m\u00e1s debemos emplear energ\u00edas para superar el momento y seguir avanzando&quot; - ExpoRural Rafaela y la Regi\u00f3n<\/title>\n<meta name=\"robots\" content=\"index, follow, max-snippet:-1, max-image-preview:large, max-video-preview:-1\" \/>\n<link rel=\"canonical\" href=\"https:\/\/ruralrafaela.com.ar\/exporural\/en-momentos-tan-particulares-es-cuando-mas-debemos-emplear-energias-para-superar-el-momento-y-seguir-avanzando\/\" \/>\n<meta property=\"og:locale\" content=\"es_ES\" \/>\n<meta property=\"og:type\" content=\"article\" \/>\n<meta property=\"og:title\" content=\"&quot;En momentos tan particulares es cu\u00e1ndo m\u00e1s debemos emplear energ\u00edas para superar el momento y seguir avanzando&quot; - ExpoRural Rafaela y la Regi\u00f3n\" \/>\n<meta property=\"og:description\" content=\"Se present\u00f3 formalmente la 113\u00b0 ExpoRural Rafaela y la Regi\u00f3n- Versi\u00f3n en l\u00ednea_ De manera virtual, gratuita y simple, todas la agenda de charlas propuesta se podr\u00e1 seguir a trav\u00e9s del sitio www.exporuralrafaela.com.ar&nbsp; Este ser\u00e1 un a\u00f1o especial, donde climatol\u00f3gicamente no habr\u00e1 sorpresas para el encuentro virtual que propone la Sociedad Rural de Rafaela para [&hellip;]\" \/>\n<meta property=\"og:url\" content=\"https:\/\/ruralrafaela.com.ar\/exporural\/en-momentos-tan-particulares-es-cuando-mas-debemos-emplear-energias-para-superar-el-momento-y-seguir-avanzando\/\" \/>\n<meta property=\"og:site_name\" content=\"ExpoRural Rafaela y la Regi\u00f3n\" \/>\n<meta property=\"article:published_time\" content=\"2020-11-11T13:11:48+00:00\" \/>\n<meta property=\"article:modified_time\" content=\"2020-11-11T13:11:50+00:00\" \/>\n<meta property=\"og:image\" content=\"https:\/\/ruralrafaela.com.ar\/exporural\/wp-content\/uploads\/sites\/16\/2020\/11\/Video_Lanzamiento.jpg\" \/>\n\t<meta property=\"og:image:width\" content=\"1115\" \/>\n\t<meta property=\"og:image:height\" content=\"627\" \/>\n\t<meta property=\"og:image:type\" content=\"image\/jpeg\" \/>\n<meta name=\"author\" content=\"c1970093\" \/>\n<meta name=\"twitter:card\" content=\"summary_large_image\" \/>\n<meta name=\"twitter:label1\" content=\"Escrito por\" \/>\n\t<meta name=\"twitter:data1\" content=\"c1970093\" \/>\n\t<meta name=\"twitter:label2\" content=\"Tiempo de lectura\" \/>\n\t<meta name=\"twitter:data2\" content=\"3 minutos\" \/>\n<script type=\"application\/ld+json\" class=\"yoast-schema-graph\">{\"@context\":\"https:\\\/\\\/schema.org\",\"@graph\":[{\"@type\":\"Article\",\"@id\":\"https:\\\/\\\/ruralrafaela.com.ar\\\/exporural\\\/en-momentos-tan-particulares-es-cuando-mas-debemos-emplear-energias-para-superar-el-momento-y-seguir-avanzando\\\/#article\",\"isPartOf\":{\"@id\":\"https:\\\/\\\/ruralrafaela.com.ar\\\/exporural\\\/en-momentos-tan-particulares-es-cuando-mas-debemos-emplear-energias-para-superar-el-momento-y-seguir-avanzando\\\/\"},\"author\":{\"name\":\"c1970093\",\"@id\":\"https:\\\/\\\/ruralrafaela.com.ar\\\/exporural\\\/#\\\/schema\\\/person\\\/b944097647cc828e58952e18b2cc493c\"},\"headline\":\"\u00abEn momentos tan particulares es cu\u00e1ndo m\u00e1s debemos emplear energ\u00edas para superar el momento y seguir avanzando\u00bb\",\"datePublished\":\"2020-11-11T13:11:48+00:00\",\"dateModified\":\"2020-11-11T13:11:50+00:00\",\"mainEntityOfPage\":{\"@id\":\"https:\\\/\\\/ruralrafaela.com.ar\\\/exporural\\\/en-momentos-tan-particulares-es-cuando-mas-debemos-emplear-energias-para-superar-el-momento-y-seguir-avanzando\\\/\"},\"wordCount\":709,\"publisher\":{\"@id\":\"https:\\\/\\\/ruralrafaela.com.ar\\\/exporural\\\/#organization\"},\"image\":{\"@id\":\"https:\\\/\\\/ruralrafaela.com.ar\\\/exporural\\\/en-momentos-tan-particulares-es-cuando-mas-debemos-emplear-energias-para-superar-el-momento-y-seguir-avanzando\\\/#primaryimage\"},\"thumbnailUrl\":\"https:\\\/\\\/ruralrafaela.com.ar\\\/exporural\\\/wp-content\\\/uploads\\\/sites\\\/16\\\/2020\\\/11\\\/Video_Lanzamiento.jpg\",\"articleSection\":[\"ExpoRural\"],\"inLanguage\":\"es\"},{\"@type\":\"WebPage\",\"@id\":\"https:\\\/\\\/ruralrafaela.com.ar\\\/exporural\\\/en-momentos-tan-particulares-es-cuando-mas-debemos-emplear-energias-para-superar-el-momento-y-seguir-avanzando\\\/\",\"url\":\"https:\\\/\\\/ruralrafaela.com.ar\\\/exporural\\\/en-momentos-tan-particulares-es-cuando-mas-debemos-emplear-energias-para-superar-el-momento-y-seguir-avanzando\\\/\",\"name\":\"\\\"En momentos tan particulares es cu\u00e1ndo m\u00e1s debemos emplear energ\u00edas para superar el momento y seguir avanzando\\\" - ExpoRural Rafaela y la Regi\u00f3n\",\"isPartOf\":{\"@id\":\"https:\\\/\\\/ruralrafaela.com.ar\\\/exporural\\\/#website\"},\"primaryImageOfPage\":{\"@id\":\"https:\\\/\\\/ruralrafaela.com.ar\\\/exporural\\\/en-momentos-tan-particulares-es-cuando-mas-debemos-emplear-energias-para-superar-el-momento-y-seguir-avanzando\\\/#primaryimage\"},\"image\":{\"@id\":\"https:\\\/\\\/ruralrafaela.com.ar\\\/exporural\\\/en-momentos-tan-particulares-es-cuando-mas-debemos-emplear-energias-para-superar-el-momento-y-seguir-avanzando\\\/#primaryimage\"},\"thumbnailUrl\":\"https:\\\/\\\/ruralrafaela.com.ar\\\/exporural\\\/wp-content\\\/uploads\\\/sites\\\/16\\\/2020\\\/11\\\/Video_Lanzamiento.jpg\",\"datePublished\":\"2020-11-11T13:11:48+00:00\",\"dateModified\":\"2020-11-11T13:11:50+00:00\",\"breadcrumb\":{\"@id\":\"https:\\\/\\\/ruralrafaela.com.ar\\\/exporural\\\/en-momentos-tan-particulares-es-cuando-mas-debemos-emplear-energias-para-superar-el-momento-y-seguir-avanzando\\\/#breadcrumb\"},\"inLanguage\":\"es\",\"potentialAction\":[{\"@type\":\"ReadAction\",\"target\":[\"https:\\\/\\\/ruralrafaela.com.ar\\\/exporural\\\/en-momentos-tan-particulares-es-cuando-mas-debemos-emplear-energias-para-superar-el-momento-y-seguir-avanzando\\\/\"]}]},{\"@type\":\"ImageObject\",\"inLanguage\":\"es\",\"@id\":\"https:\\\/\\\/ruralrafaela.com.ar\\\/exporural\\\/en-momentos-tan-particulares-es-cuando-mas-debemos-emplear-energias-para-superar-el-momento-y-seguir-avanzando\\\/#primaryimage\",\"url\":\"https:\\\/\\\/ruralrafaela.com.ar\\\/exporural\\\/wp-content\\\/uploads\\\/sites\\\/16\\\/2020\\\/11\\\/Video_Lanzamiento.jpg\",\"contentUrl\":\"https:\\\/\\\/ruralrafaela.com.ar\\\/exporural\\\/wp-content\\\/uploads\\\/sites\\\/16\\\/2020\\\/11\\\/Video_Lanzamiento.jpg\",\"width\":1115,\"height\":627},{\"@type\":\"BreadcrumbList\",\"@id\":\"https:\\\/\\\/ruralrafaela.com.ar\\\/exporural\\\/en-momentos-tan-particulares-es-cuando-mas-debemos-emplear-energias-para-superar-el-momento-y-seguir-avanzando\\\/#breadcrumb\",\"itemListElement\":[{\"@type\":\"ListItem\",\"position\":1,\"name\":\"Portada\",\"item\":\"https:\\\/\\\/ruralrafaela.com.ar\\\/exporural\\\/\"},{\"@type\":\"ListItem\",\"position\":2,\"name\":\"\u00abEn momentos tan particulares es cu\u00e1ndo m\u00e1s debemos emplear energ\u00edas para superar el momento y seguir avanzando\u00bb\"}]},{\"@type\":\"WebSite\",\"@id\":\"https:\\\/\\\/ruralrafaela.com.ar\\\/exporural\\\/#website\",\"url\":\"https:\\\/\\\/ruralrafaela.com.ar\\\/exporural\\\/\",\"name\":\"ExpoRural Rafaela y la Regi\u00f3n\",\"description\":\"ExpoRural Rafaela y la Regi\u00f3n 2020 - Edici\u00f3n en L\u00ednea\",\"publisher\":{\"@id\":\"https:\\\/\\\/ruralrafaela.com.ar\\\/exporural\\\/#organization\"},\"potentialAction\":[{\"@type\":\"SearchAction\",\"target\":{\"@type\":\"EntryPoint\",\"urlTemplate\":\"https:\\\/\\\/ruralrafaela.com.ar\\\/exporural\\\/?s={search_term_string}\"},\"query-input\":{\"@type\":\"PropertyValueSpecification\",\"valueRequired\":true,\"valueName\":\"search_term_string\"}}],\"inLanguage\":\"es\"},{\"@type\":\"Organization\",\"@id\":\"https:\\\/\\\/ruralrafaela.com.ar\\\/exporural\\\/#organization\",\"name\":\"ExpoRural Rafaela y la Regi\u00f3n\",\"url\":\"https:\\\/\\\/ruralrafaela.com.ar\\\/exporural\\\/\",\"logo\":{\"@type\":\"ImageObject\",\"inLanguage\":\"es\",\"@id\":\"https:\\\/\\\/ruralrafaela.com.ar\\\/exporural\\\/#\\\/schema\\\/logo\\\/image\\\/\",\"url\":\"https:\\\/\\\/ruralrafaela.com.ar\\\/exporural\\\/wp-content\\\/uploads\\\/sites\\\/16\\\/2020\\\/10\\\/Log-Expo-2020.png\",\"contentUrl\":\"https:\\\/\\\/ruralrafaela.com.ar\\\/exporural\\\/wp-content\\\/uploads\\\/sites\\\/16\\\/2020\\\/10\\\/Log-Expo-2020.png\",\"width\":680,\"height\":404,\"caption\":\"ExpoRural Rafaela y la Regi\u00f3n\"},\"image\":{\"@id\":\"https:\\\/\\\/ruralrafaela.com.ar\\\/exporural\\\/#\\\/schema\\\/logo\\\/image\\\/\"}},{\"@type\":\"Person\",\"@id\":\"https:\\\/\\\/ruralrafaela.com.ar\\\/exporural\\\/#\\\/schema\\\/person\\\/b944097647cc828e58952e18b2cc493c\",\"name\":\"c1970093\",\"image\":{\"@type\":\"ImageObject\",\"inLanguage\":\"es\",\"@id\":\"https:\\\/\\\/secure.gravatar.com\\\/avatar\\\/45cdd73f3ef44c305e0057b84921f5c4dc0bf41c5999db82505293a43118ff3e?s=96&d=mm&r=g\",\"url\":\"https:\\\/\\\/secure.gravatar.com\\\/avatar\\\/45cdd73f3ef44c305e0057b84921f5c4dc0bf41c5999db82505293a43118ff3e?s=96&d=mm&r=g\",\"contentUrl\":\"https:\\\/\\\/secure.gravatar.com\\\/avatar\\\/45cdd73f3ef44c305e0057b84921f5c4dc0bf41c5999db82505293a43118ff3e?s=96&d=mm&r=g\",\"caption\":\"c1970093\"},\"url\":\"https:\\\/\\\/ruralrafaela.com.ar\\\/exporural\\\/author\\\/c1970093\\\/\"}]}<\/script>\n<!-- \/ Yoast SEO plugin. -->","yoast_head_json":{"title":"\"En momentos tan particulares es cu\u00e1ndo m\u00e1s debemos emplear energ\u00edas para superar el momento y seguir avanzando\" - ExpoRural Rafaela y la Regi\u00f3n","robots":{"index":"index","follow":"follow","max-snippet":"max-snippet:-1","max-image-preview":"max-image-preview:large","max-video-preview":"max-video-preview:-1"},"canonical":"https:\/\/ruralrafaela.com.ar\/exporural\/en-momentos-tan-particulares-es-cuando-mas-debemos-emplear-energias-para-superar-el-momento-y-seguir-avanzando\/","og_locale":"es_ES","og_type":"article","og_title":"\"En momentos tan particulares es cu\u00e1ndo m\u00e1s debemos emplear energ\u00edas para superar el momento y seguir avanzando\" - ExpoRural Rafaela y la Regi\u00f3n","og_description":"Se present\u00f3 formalmente la 113\u00b0 ExpoRural Rafaela y la Regi\u00f3n- Versi\u00f3n en l\u00ednea_ De manera virtual, gratuita y simple, todas la agenda de charlas propuesta se podr\u00e1 seguir a trav\u00e9s del sitio www.exporuralrafaela.com.ar&nbsp; Este ser\u00e1 un a\u00f1o especial, donde climatol\u00f3gicamente no habr\u00e1 sorpresas para el encuentro virtual que propone la Sociedad Rural de Rafaela para [&hellip;]","og_url":"https:\/\/ruralrafaela.com.ar\/exporural\/en-momentos-tan-particulares-es-cuando-mas-debemos-emplear-energias-para-superar-el-momento-y-seguir-avanzando\/","og_site_name":"ExpoRural Rafaela y la Regi\u00f3n","article_published_time":"2020-11-11T13:11:48+00:00","article_modified_time":"2020-11-11T13:11:50+00:00","og_image":[{"width":1115,"height":627,"url":"https:\/\/ruralrafaela.com.ar\/exporural\/wp-content\/uploads\/sites\/16\/2020\/11\/Video_Lanzamiento.jpg","type":"image\/jpeg"}],"author":"c1970093","twitter_card":"summary_large_image","twitter_misc":{"Escrito por":"c1970093","Tiempo de lectura":"3 minutos"},"schema":{"@context":"https:\/\/schema.org","@graph":[{"@type":"Article","@id":"https:\/\/ruralrafaela.com.ar\/exporural\/en-momentos-tan-particulares-es-cuando-mas-debemos-emplear-energias-para-superar-el-momento-y-seguir-avanzando\/#article","isPartOf":{"@id":"https:\/\/ruralrafaela.com.ar\/exporural\/en-momentos-tan-particulares-es-cuando-mas-debemos-emplear-energias-para-superar-el-momento-y-seguir-avanzando\/"},"author":{"name":"c1970093","@id":"https:\/\/ruralrafaela.com.ar\/exporural\/#\/schema\/person\/b944097647cc828e58952e18b2cc493c"},"headline":"\u00abEn momentos tan particulares es cu\u00e1ndo m\u00e1s debemos emplear energ\u00edas para superar el momento y seguir avanzando\u00bb","datePublished":"2020-11-11T13:11:48+00:00","dateModified":"2020-11-11T13:11:50+00:00","mainEntityOfPage":{"@id":"https:\/\/ruralrafaela.com.ar\/exporural\/en-momentos-tan-particulares-es-cuando-mas-debemos-emplear-energias-para-superar-el-momento-y-seguir-avanzando\/"},"wordCount":709,"publisher":{"@id":"https:\/\/ruralrafaela.com.ar\/exporural\/#organization"},"image":{"@id":"https:\/\/ruralrafaela.com.ar\/exporural\/en-momentos-tan-particulares-es-cuando-mas-debemos-emplear-energias-para-superar-el-momento-y-seguir-avanzando\/#primaryimage"},"thumbnailUrl":"https:\/\/ruralrafaela.com.ar\/exporural\/wp-content\/uploads\/sites\/16\/2020\/11\/Video_Lanzamiento.jpg","articleSection":["ExpoRural"],"inLanguage":"es"},{"@type":"WebPage","@id":"https:\/\/ruralrafaela.com.ar\/exporural\/en-momentos-tan-particulares-es-cuando-mas-debemos-emplear-energias-para-superar-el-momento-y-seguir-avanzando\/","url":"https:\/\/ruralrafaela.com.ar\/exporural\/en-momentos-tan-particulares-es-cuando-mas-debemos-emplear-energias-para-superar-el-momento-y-seguir-avanzando\/","name":"\"En momentos tan particulares es cu\u00e1ndo m\u00e1s debemos emplear energ\u00edas para superar el momento y seguir avanzando\" - ExpoRural Rafaela y la Regi\u00f3n","isPartOf":{"@id":"https:\/\/ruralrafaela.com.ar\/exporural\/#website"},"primaryImageOfPage":{"@id":"https:\/\/ruralrafaela.com.ar\/exporural\/en-momentos-tan-particulares-es-cuando-mas-debemos-emplear-energias-para-superar-el-momento-y-seguir-avanzando\/#primaryimage"},"image":{"@id":"https:\/\/ruralrafaela.com.ar\/exporural\/en-momentos-tan-particulares-es-cuando-mas-debemos-emplear-energias-para-superar-el-momento-y-seguir-avanzando\/#primaryimage"},"thumbnailUrl":"https:\/\/ruralrafaela.com.ar\/exporural\/wp-content\/uploads\/sites\/16\/2020\/11\/Video_Lanzamiento.jpg","datePublished":"2020-11-11T13:11:48+00:00","dateModified":"2020-11-11T13:11:50+00:00","breadcrumb":{"@id":"https:\/\/ruralrafaela.com.ar\/exporural\/en-momentos-tan-particulares-es-cuando-mas-debemos-emplear-energias-para-superar-el-momento-y-seguir-avanzando\/#breadcrumb"},"inLanguage":"es","potentialAction":[{"@type":"ReadAction","target":["https:\/\/ruralrafaela.com.ar\/exporural\/en-momentos-tan-particulares-es-cuando-mas-debemos-emplear-energias-para-superar-el-momento-y-seguir-avanzando\/"]}]},{"@type":"ImageObject","inLanguage":"es","@id":"https:\/\/ruralrafaela.com.ar\/exporural\/en-momentos-tan-particulares-es-cuando-mas-debemos-emplear-energias-para-superar-el-momento-y-seguir-avanzando\/#primaryimage","url":"https:\/\/ruralrafaela.com.ar\/exporural\/wp-content\/uploads\/sites\/16\/2020\/11\/Video_Lanzamiento.jpg","contentUrl":"https:\/\/ruralrafaela.com.ar\/exporural\/wp-content\/uploads\/sites\/16\/2020\/11\/Video_Lanzamiento.jpg","width":1115,"height":627},{"@type":"BreadcrumbList","@id":"https:\/\/ruralrafaela.com.ar\/exporural\/en-momentos-tan-particulares-es-cuando-mas-debemos-emplear-energias-para-superar-el-momento-y-seguir-avanzando\/#breadcrumb","itemListElement":[{"@type":"ListItem","position":1,"name":"Portada","item":"https:\/\/ruralrafaela.com.ar\/exporural\/"},{"@type":"ListItem","position":2,"name":"\u00abEn momentos tan particulares es cu\u00e1ndo m\u00e1s debemos emplear energ\u00edas para superar el momento y seguir avanzando\u00bb"}]},{"@type":"WebSite","@id":"https:\/\/ruralrafaela.com.ar\/exporural\/#website","url":"https:\/\/ruralrafaela.com.ar\/exporural\/","name":"ExpoRural Rafaela y la Regi\u00f3n","description":"ExpoRural Rafaela y la Regi\u00f3n 2020 - Edici\u00f3n en L\u00ednea","publisher":{"@id":"https:\/\/ruralrafaela.com.ar\/exporural\/#organization"},"potentialAction":[{"@type":"SearchAction","target":{"@type":"EntryPoint","urlTemplate":"https:\/\/ruralrafaela.com.ar\/exporural\/?s={search_term_string}"},"query-input":{"@type":"PropertyValueSpecification","valueRequired":true,"valueName":"search_term_string"}}],"inLanguage":"es"},{"@type":"Organization","@id":"https:\/\/ruralrafaela.com.ar\/exporural\/#organization","name":"ExpoRural Rafaela y la Regi\u00f3n","url":"https:\/\/ruralrafaela.com.ar\/exporural\/","logo":{"@type":"ImageObject","inLanguage":"es","@id":"https:\/\/ruralrafaela.com.ar\/exporural\/#\/schema\/logo\/image\/","url":"https:\/\/ruralrafaela.com.ar\/exporural\/wp-content\/uploads\/sites\/16\/2020\/10\/Log-Expo-2020.png","contentUrl":"https:\/\/ruralrafaela.com.ar\/exporural\/wp-content\/uploads\/sites\/16\/2020\/10\/Log-Expo-2020.png","width":680,"height":404,"caption":"ExpoRural Rafaela y la Regi\u00f3n"},"image":{"@id":"https:\/\/ruralrafaela.com.ar\/exporural\/#\/schema\/logo\/image\/"}},{"@type":"Person","@id":"https:\/\/ruralrafaela.com.ar\/exporural\/#\/schema\/person\/b944097647cc828e58952e18b2cc493c","name":"c1970093","image":{"@type":"ImageObject","inLanguage":"es","@id":"https:\/\/secure.gravatar.com\/avatar\/45cdd73f3ef44c305e0057b84921f5c4dc0bf41c5999db82505293a43118ff3e?s=96&d=mm&r=g","url":"https:\/\/secure.gravatar.com\/avatar\/45cdd73f3ef44c305e0057b84921f5c4dc0bf41c5999db82505293a43118ff3e?s=96&d=mm&r=g","contentUrl":"https:\/\/secure.gravatar.com\/avatar\/45cdd73f3ef44c305e0057b84921f5c4dc0bf41c5999db82505293a43118ff3e?s=96&d=mm&r=g","caption":"c1970093"},"url":"https:\/\/ruralrafaela.com.ar\/exporural\/author\/c1970093\/"}]}},"_links":{"self":[{"href":"https:\/\/ruralrafaela.com.ar\/exporural\/wp-json\/wp\/v2\/posts\/1876","targetHints":{"allow":["GET"]}}],"collection":[{"href":"https:\/\/ruralrafaela.com.ar\/exporural\/wp-json\/wp\/v2\/posts"}],"about":[{"href":"https:\/\/ruralrafaela.com.ar\/exporural\/wp-json\/wp\/v2\/types\/post"}],"author":[{"embeddable":true,"href":"https:\/\/ruralrafaela.com.ar\/exporural\/wp-json\/wp\/v2\/users\/2"}],"replies":[{"embeddable":true,"href":"https:\/\/ruralrafaela.com.ar\/exporural\/wp-json\/wp\/v2\/comments?post=1876"}],"version-history":[{"count":1,"href":"https:\/\/ruralrafaela.com.ar\/exporural\/wp-json\/wp\/v2\/posts\/1876\/revisions"}],"predecessor-version":[{"id":1877,"href":"https:\/\/ruralrafaela.com.ar\/exporural\/wp-json\/wp\/v2\/posts\/1876\/revisions\/1877"}],"wp:featuredmedia":[{"embeddable":true,"href":"https:\/\/ruralrafaela.com.ar\/exporural\/wp-json\/wp\/v2\/media\/1871"}],"wp:attachment":[{"href":"https:\/\/ruralrafaela.com.ar\/exporural\/wp-json\/wp\/v2\/media?parent=1876"}],"wp:term":[{"taxonomy":"category","embeddable":true,"href":"https:\/\/ruralrafaela.com.ar\/exporural\/wp-json\/wp\/v2\/categories?post=1876"},{"taxonomy":"post_tag","embeddable":true,"href":"https:\/\/ruralrafaela.com.ar\/exporural\/wp-json\/wp\/v2\/tags?post=1876"}],"curies":[{"name":"wp","href":"https:\/\/api.w.org\/{rel}","templated":true}]}}