{"id":1686,"date":"2020-11-10T15:26:42","date_gmt":"2020-11-10T18:26:42","guid":{"rendered":"http:\/\/ruralrafaela.com.ar\/exporural\/?p=1686"},"modified":"2020-11-10T15:26:43","modified_gmt":"2020-11-10T18:26:43","slug":"conferencia-de-prensa-presentacion-exporural-2020-rafaela-y-la-region-version-en-linea","status":"publish","type":"post","link":"https:\/\/ruralrafaela.com.ar\/exporural\/conferencia-de-prensa-presentacion-exporural-2020-rafaela-y-la-region-version-en-linea\/","title":{"rendered":"Conferencia de Prensa: \u00abPresentaci\u00f3n ExpoRural 2020 Rafaela y la Regi\u00f3n-versi\u00f3n en l\u00ednea-"},"content":{"rendered":"\n<p>Ma\u00f1ana martes 10 de noviembre se realizar\u00e1 una conferencia de prensa, con estricto cumplimiento de las medidas sanitarias vigentes, para los asistentes en tanto tambi\u00e9n se podr\u00e1 seguir mediante el Canal de You Tube de la Sociedad Rural de Rafaela.<\/p>\n\n\n\n<p>Ser\u00e1 a las 17.00 en el Sal\u00f3n Centenario y se brindar\u00e1n detalles del nuevo formato de la muestra y Cronograma de Actividades previstas.<\/p>\n\n\n\n<p>Recordamos que a todas las actividades y stands se podr\u00e1 acceder de manera gratuita y sin inscripci\u00f3n previa mediante www.exporuralrafaela.com.ar.<\/p>\n\n\n\n<p>Con solo ingresar a la web citada se puede participar en este nuevo formato para la edici\u00f3n 113\u00b0 de la Expo.<\/p>\n","protected":false},"excerpt":{"rendered":"<p>Ma\u00f1ana martes 10 de noviembre se realizar\u00e1 una conferencia de prensa, con estricto cumplimiento de las medidas sanitarias vigentes, para los asistentes en tanto tambi\u00e9n se podr\u00e1 seguir mediante el Canal de You Tube de la Sociedad Rural de Rafaela. Ser\u00e1 a las 17.00 en el Sal\u00f3n Centenario y se brindar\u00e1n detalles del nuevo formato [&hellip;]<\/p>\n","protected":false},"author":2,"featured_media":131,"comment_status":"closed","ping_status":"open","sticky":false,"template":"","format":"standard","meta":{"ocean_post_layout":"","ocean_both_sidebars_style":"","ocean_both_sidebars_content_width":0,"ocean_both_sidebars_sidebars_width":0,"ocean_sidebar":"0","ocean_second_sidebar":"0","ocean_disable_margins":"enable","ocean_add_body_class":"","ocean_shortcode_before_top_bar":"","ocean_shortcode_after_top_bar":"","ocean_shortcode_before_header":"","ocean_shortcode_after_header":"","ocean_has_shortcode":"","ocean_shortcode_after_title":"","ocean_shortcode_before_footer_widgets":"","ocean_shortcode_after_footer_widgets":"","ocean_shortcode_before_footer_bottom":"","ocean_shortcode_after_footer_bottom":"","ocean_display_top_bar":"default","ocean_display_header":"default","ocean_header_style":"","ocean_center_header_left_menu":"0","ocean_custom_header_template":"0","ocean_custom_logo":0,"ocean_custom_retina_logo":0,"ocean_custom_logo_max_width":0,"ocean_custom_logo_tablet_max_width":0,"ocean_custom_logo_mobile_max_width":0,"ocean_custom_logo_max_height":0,"ocean_custom_logo_tablet_max_height":0,"ocean_custom_logo_mobile_max_height":0,"ocean_header_custom_menu":"0","ocean_menu_typo_font_family":"0","ocean_menu_typo_font_subset":"","ocean_menu_typo_font_size":0,"ocean_menu_typo_font_size_tablet":0,"ocean_menu_typo_font_size_mobile":0,"ocean_menu_typo_font_size_unit":"px","ocean_menu_typo_font_weight":"","ocean_menu_typo_font_weight_tablet":"","ocean_menu_typo_font_weight_mobile":"","ocean_menu_typo_transform":"","ocean_menu_typo_transform_tablet":"","ocean_menu_typo_transform_mobile":"","ocean_menu_typo_line_height":0,"ocean_menu_typo_line_height_tablet":0,"ocean_menu_typo_line_height_mobile":0,"ocean_menu_typo_line_height_unit":"","ocean_menu_typo_spacing":0,"ocean_menu_typo_spacing_tablet":0,"ocean_menu_typo_spacing_mobile":0,"ocean_menu_typo_spacing_unit":"","ocean_menu_link_color":"","ocean_menu_link_color_hover":"","ocean_menu_link_color_active":"","ocean_menu_link_background":"","ocean_menu_link_hover_background":"","ocean_menu_link_active_background":"","ocean_menu_social_links_bg":"","ocean_menu_social_hover_links_bg":"","ocean_menu_social_links_color":"","ocean_menu_social_hover_links_color":"","ocean_disable_title":"default","ocean_disable_heading":"default","ocean_post_title":"","ocean_post_subheading":"","ocean_post_title_style":"","ocean_post_title_background_color":"","ocean_post_title_background":0,"ocean_post_title_bg_image_position":"","ocean_post_title_bg_image_attachment":"","ocean_post_title_bg_image_repeat":"","ocean_post_title_bg_image_size":"","ocean_post_title_height":0,"ocean_post_title_bg_overlay":0.5,"ocean_post_title_bg_overlay_color":"","ocean_disable_breadcrumbs":"default","ocean_breadcrumbs_color":"","ocean_breadcrumbs_separator_color":"","ocean_breadcrumbs_links_color":"","ocean_breadcrumbs_links_hover_color":"","ocean_display_footer_widgets":"default","ocean_display_footer_bottom":"default","ocean_custom_footer_template":"0","_joinchat":[],"ocean_post_oembed":"","ocean_post_self_hosted_media":"","ocean_post_video_embed":"","ocean_link_format":"","ocean_link_format_target":"self","ocean_quote_format":"","ocean_quote_format_link":"post","ocean_gallery_link_images":"off","ocean_gallery_id":[],"footnotes":""},"categories":[8],"tags":[],"class_list":["post-1686","post","type-post","status-publish","format-standard","has-post-thumbnail","hentry","category-exporural","entry","has-media"],"yoast_head":"<!-- This site is optimized with the Yoast SEO plugin v27.5 - https:\/\/yoast.com\/product\/yoast-seo-wordpress\/ -->\n<title>Conferencia de Prensa: &quot;Presentaci\u00f3n ExpoRural 2020 Rafaela y la Regi\u00f3n-versi\u00f3n en l\u00ednea- ExpoRural Rafaela y la Regi\u00f3n<\/title>\n<meta name=\"robots\" content=\"index, follow, max-snippet:-1, max-image-preview:large, max-video-preview:-1\" \/>\n<link rel=\"canonical\" href=\"https:\/\/ruralrafaela.com.ar\/exporural\/conferencia-de-prensa-presentacion-exporural-2020-rafaela-y-la-region-version-en-linea\/\" \/>\n<meta property=\"og:locale\" content=\"es_ES\" \/>\n<meta property=\"og:type\" content=\"article\" \/>\n<meta property=\"og:title\" content=\"Conferencia de Prensa: &quot;Presentaci\u00f3n ExpoRural 2020 Rafaela y la Regi\u00f3n-versi\u00f3n en l\u00ednea- ExpoRural Rafaela y la Regi\u00f3n\" \/>\n<meta property=\"og:description\" content=\"Ma\u00f1ana martes 10 de noviembre se realizar\u00e1 una conferencia de prensa, con estricto cumplimiento de las medidas sanitarias vigentes, para los asistentes en tanto tambi\u00e9n se podr\u00e1 seguir mediante el Canal de You Tube de la Sociedad Rural de Rafaela. Ser\u00e1 a las 17.00 en el Sal\u00f3n Centenario y se brindar\u00e1n detalles del nuevo formato [&hellip;]\" \/>\n<meta property=\"og:url\" content=\"https:\/\/ruralrafaela.com.ar\/exporural\/conferencia-de-prensa-presentacion-exporural-2020-rafaela-y-la-region-version-en-linea\/\" \/>\n<meta property=\"og:site_name\" content=\"ExpoRural Rafaela y la Regi\u00f3n\" \/>\n<meta property=\"article:published_time\" content=\"2020-11-10T18:26:42+00:00\" \/>\n<meta property=\"article:modified_time\" content=\"2020-11-10T18:26:43+00:00\" \/>\n<meta property=\"og:image\" content=\"https:\/\/ruralrafaela.com.ar\/exporural\/wp-content\/uploads\/sites\/16\/2020\/10\/05.jpg\" \/>\n\t<meta property=\"og:image:width\" content=\"1920\" \/>\n\t<meta property=\"og:image:height\" content=\"800\" \/>\n\t<meta property=\"og:image:type\" content=\"image\/jpeg\" \/>\n<meta name=\"author\" content=\"c1970093\" \/>\n<meta name=\"twitter:card\" content=\"summary_large_image\" \/>\n<meta name=\"twitter:label1\" content=\"Escrito por\" \/>\n\t<meta name=\"twitter:data1\" content=\"c1970093\" \/>\n\t<meta name=\"twitter:label2\" content=\"Tiempo de lectura\" \/>\n\t<meta name=\"twitter:data2\" content=\"1 minuto\" \/>\n<script type=\"application\/ld+json\" class=\"yoast-schema-graph\">{\"@context\":\"https:\\\/\\\/schema.org\",\"@graph\":[{\"@type\":\"Article\",\"@id\":\"https:\\\/\\\/ruralrafaela.com.ar\\\/exporural\\\/conferencia-de-prensa-presentacion-exporural-2020-rafaela-y-la-region-version-en-linea\\\/#article\",\"isPartOf\":{\"@id\":\"https:\\\/\\\/ruralrafaela.com.ar\\\/exporural\\\/conferencia-de-prensa-presentacion-exporural-2020-rafaela-y-la-region-version-en-linea\\\/\"},\"author\":{\"name\":\"c1970093\",\"@id\":\"https:\\\/\\\/ruralrafaela.com.ar\\\/exporural\\\/#\\\/schema\\\/person\\\/b944097647cc828e58952e18b2cc493c\"},\"headline\":\"Conferencia de Prensa: \u00abPresentaci\u00f3n ExpoRural 2020 Rafaela y la Regi\u00f3n-versi\u00f3n en l\u00ednea-\",\"datePublished\":\"2020-11-10T18:26:42+00:00\",\"dateModified\":\"2020-11-10T18:26:43+00:00\",\"mainEntityOfPage\":{\"@id\":\"https:\\\/\\\/ruralrafaela.com.ar\\\/exporural\\\/conferencia-de-prensa-presentacion-exporural-2020-rafaela-y-la-region-version-en-linea\\\/\"},\"wordCount\":125,\"publisher\":{\"@id\":\"https:\\\/\\\/ruralrafaela.com.ar\\\/exporural\\\/#organization\"},\"image\":{\"@id\":\"https:\\\/\\\/ruralrafaela.com.ar\\\/exporural\\\/conferencia-de-prensa-presentacion-exporural-2020-rafaela-y-la-region-version-en-linea\\\/#primaryimage\"},\"thumbnailUrl\":\"https:\\\/\\\/ruralrafaela.com.ar\\\/exporural\\\/wp-content\\\/uploads\\\/sites\\\/16\\\/2020\\\/10\\\/05.jpg\",\"articleSection\":[\"ExpoRural\"],\"inLanguage\":\"es\"},{\"@type\":\"WebPage\",\"@id\":\"https:\\\/\\\/ruralrafaela.com.ar\\\/exporural\\\/conferencia-de-prensa-presentacion-exporural-2020-rafaela-y-la-region-version-en-linea\\\/\",\"url\":\"https:\\\/\\\/ruralrafaela.com.ar\\\/exporural\\\/conferencia-de-prensa-presentacion-exporural-2020-rafaela-y-la-region-version-en-linea\\\/\",\"name\":\"Conferencia de Prensa: \\\"Presentaci\u00f3n ExpoRural 2020 Rafaela y la Regi\u00f3n-versi\u00f3n en l\u00ednea- ExpoRural Rafaela y la Regi\u00f3n\",\"isPartOf\":{\"@id\":\"https:\\\/\\\/ruralrafaela.com.ar\\\/exporural\\\/#website\"},\"primaryImageOfPage\":{\"@id\":\"https:\\\/\\\/ruralrafaela.com.ar\\\/exporural\\\/conferencia-de-prensa-presentacion-exporural-2020-rafaela-y-la-region-version-en-linea\\\/#primaryimage\"},\"image\":{\"@id\":\"https:\\\/\\\/ruralrafaela.com.ar\\\/exporural\\\/conferencia-de-prensa-presentacion-exporural-2020-rafaela-y-la-region-version-en-linea\\\/#primaryimage\"},\"thumbnailUrl\":\"https:\\\/\\\/ruralrafaela.com.ar\\\/exporural\\\/wp-content\\\/uploads\\\/sites\\\/16\\\/2020\\\/10\\\/05.jpg\",\"datePublished\":\"2020-11-10T18:26:42+00:00\",\"dateModified\":\"2020-11-10T18:26:43+00:00\",\"breadcrumb\":{\"@id\":\"https:\\\/\\\/ruralrafaela.com.ar\\\/exporural\\\/conferencia-de-prensa-presentacion-exporural-2020-rafaela-y-la-region-version-en-linea\\\/#breadcrumb\"},\"inLanguage\":\"es\",\"potentialAction\":[{\"@type\":\"ReadAction\",\"target\":[\"https:\\\/\\\/ruralrafaela.com.ar\\\/exporural\\\/conferencia-de-prensa-presentacion-exporural-2020-rafaela-y-la-region-version-en-linea\\\/\"]}]},{\"@type\":\"ImageObject\",\"inLanguage\":\"es\",\"@id\":\"https:\\\/\\\/ruralrafaela.com.ar\\\/exporural\\\/conferencia-de-prensa-presentacion-exporural-2020-rafaela-y-la-region-version-en-linea\\\/#primaryimage\",\"url\":\"https:\\\/\\\/ruralrafaela.com.ar\\\/exporural\\\/wp-content\\\/uploads\\\/sites\\\/16\\\/2020\\\/10\\\/05.jpg\",\"contentUrl\":\"https:\\\/\\\/ruralrafaela.com.ar\\\/exporural\\\/wp-content\\\/uploads\\\/sites\\\/16\\\/2020\\\/10\\\/05.jpg\",\"width\":1920,\"height\":800},{\"@type\":\"BreadcrumbList\",\"@id\":\"https:\\\/\\\/ruralrafaela.com.ar\\\/exporural\\\/conferencia-de-prensa-presentacion-exporural-2020-rafaela-y-la-region-version-en-linea\\\/#breadcrumb\",\"itemListElement\":[{\"@type\":\"ListItem\",\"position\":1,\"name\":\"Portada\",\"item\":\"https:\\\/\\\/ruralrafaela.com.ar\\\/exporural\\\/\"},{\"@type\":\"ListItem\",\"position\":2,\"name\":\"Conferencia de Prensa: \u00abPresentaci\u00f3n ExpoRural 2020 Rafaela y la Regi\u00f3n-versi\u00f3n en l\u00ednea-\"}]},{\"@type\":\"WebSite\",\"@id\":\"https:\\\/\\\/ruralrafaela.com.ar\\\/exporural\\\/#website\",\"url\":\"https:\\\/\\\/ruralrafaela.com.ar\\\/exporural\\\/\",\"name\":\"ExpoRural Rafaela y la Regi\u00f3n\",\"description\":\"ExpoRural Rafaela y la Regi\u00f3n 2020 - Edici\u00f3n en L\u00ednea\",\"publisher\":{\"@id\":\"https:\\\/\\\/ruralrafaela.com.ar\\\/exporural\\\/#organization\"},\"potentialAction\":[{\"@type\":\"SearchAction\",\"target\":{\"@type\":\"EntryPoint\",\"urlTemplate\":\"https:\\\/\\\/ruralrafaela.com.ar\\\/exporural\\\/?s={search_term_string}\"},\"query-input\":{\"@type\":\"PropertyValueSpecification\",\"valueRequired\":true,\"valueName\":\"search_term_string\"}}],\"inLanguage\":\"es\"},{\"@type\":\"Organization\",\"@id\":\"https:\\\/\\\/ruralrafaela.com.ar\\\/exporural\\\/#organization\",\"name\":\"ExpoRural Rafaela y la Regi\u00f3n\",\"url\":\"https:\\\/\\\/ruralrafaela.com.ar\\\/exporural\\\/\",\"logo\":{\"@type\":\"ImageObject\",\"inLanguage\":\"es\",\"@id\":\"https:\\\/\\\/ruralrafaela.com.ar\\\/exporural\\\/#\\\/schema\\\/logo\\\/image\\\/\",\"url\":\"https:\\\/\\\/ruralrafaela.com.ar\\\/exporural\\\/wp-content\\\/uploads\\\/sites\\\/16\\\/2020\\\/10\\\/Log-Expo-2020.png\",\"contentUrl\":\"https:\\\/\\\/ruralrafaela.com.ar\\\/exporural\\\/wp-content\\\/uploads\\\/sites\\\/16\\\/2020\\\/10\\\/Log-Expo-2020.png\",\"width\":680,\"height\":404,\"caption\":\"ExpoRural Rafaela y la Regi\u00f3n\"},\"image\":{\"@id\":\"https:\\\/\\\/ruralrafaela.com.ar\\\/exporural\\\/#\\\/schema\\\/logo\\\/image\\\/\"}},{\"@type\":\"Person\",\"@id\":\"https:\\\/\\\/ruralrafaela.com.ar\\\/exporural\\\/#\\\/schema\\\/person\\\/b944097647cc828e58952e18b2cc493c\",\"name\":\"c1970093\",\"image\":{\"@type\":\"ImageObject\",\"inLanguage\":\"es\",\"@id\":\"https:\\\/\\\/secure.gravatar.com\\\/avatar\\\/45cdd73f3ef44c305e0057b84921f5c4dc0bf41c5999db82505293a43118ff3e?s=96&d=mm&r=g\",\"url\":\"https:\\\/\\\/secure.gravatar.com\\\/avatar\\\/45cdd73f3ef44c305e0057b84921f5c4dc0bf41c5999db82505293a43118ff3e?s=96&d=mm&r=g\",\"contentUrl\":\"https:\\\/\\\/secure.gravatar.com\\\/avatar\\\/45cdd73f3ef44c305e0057b84921f5c4dc0bf41c5999db82505293a43118ff3e?s=96&d=mm&r=g\",\"caption\":\"c1970093\"},\"url\":\"https:\\\/\\\/ruralrafaela.com.ar\\\/exporural\\\/author\\\/c1970093\\\/\"}]}<\/script>\n<!-- \/ Yoast SEO plugin. -->","yoast_head_json":{"title":"Conferencia de Prensa: \"Presentaci\u00f3n ExpoRural 2020 Rafaela y la Regi\u00f3n-versi\u00f3n en l\u00ednea- ExpoRural Rafaela y la Regi\u00f3n","robots":{"index":"index","follow":"follow","max-snippet":"max-snippet:-1","max-image-preview":"max-image-preview:large","max-video-preview":"max-video-preview:-1"},"canonical":"https:\/\/ruralrafaela.com.ar\/exporural\/conferencia-de-prensa-presentacion-exporural-2020-rafaela-y-la-region-version-en-linea\/","og_locale":"es_ES","og_type":"article","og_title":"Conferencia de Prensa: \"Presentaci\u00f3n ExpoRural 2020 Rafaela y la Regi\u00f3n-versi\u00f3n en l\u00ednea- ExpoRural Rafaela y la Regi\u00f3n","og_description":"Ma\u00f1ana martes 10 de noviembre se realizar\u00e1 una conferencia de prensa, con estricto cumplimiento de las medidas sanitarias vigentes, para los asistentes en tanto tambi\u00e9n se podr\u00e1 seguir mediante el Canal de You Tube de la Sociedad Rural de Rafaela. Ser\u00e1 a las 17.00 en el Sal\u00f3n Centenario y se brindar\u00e1n detalles del nuevo formato [&hellip;]","og_url":"https:\/\/ruralrafaela.com.ar\/exporural\/conferencia-de-prensa-presentacion-exporural-2020-rafaela-y-la-region-version-en-linea\/","og_site_name":"ExpoRural Rafaela y la Regi\u00f3n","article_published_time":"2020-11-10T18:26:42+00:00","article_modified_time":"2020-11-10T18:26:43+00:00","og_image":[{"width":1920,"height":800,"url":"https:\/\/ruralrafaela.com.ar\/exporural\/wp-content\/uploads\/sites\/16\/2020\/10\/05.jpg","type":"image\/jpeg"}],"author":"c1970093","twitter_card":"summary_large_image","twitter_misc":{"Escrito por":"c1970093","Tiempo de lectura":"1 minuto"},"schema":{"@context":"https:\/\/schema.org","@graph":[{"@type":"Article","@id":"https:\/\/ruralrafaela.com.ar\/exporural\/conferencia-de-prensa-presentacion-exporural-2020-rafaela-y-la-region-version-en-linea\/#article","isPartOf":{"@id":"https:\/\/ruralrafaela.com.ar\/exporural\/conferencia-de-prensa-presentacion-exporural-2020-rafaela-y-la-region-version-en-linea\/"},"author":{"name":"c1970093","@id":"https:\/\/ruralrafaela.com.ar\/exporural\/#\/schema\/person\/b944097647cc828e58952e18b2cc493c"},"headline":"Conferencia de Prensa: \u00abPresentaci\u00f3n ExpoRural 2020 Rafaela y la Regi\u00f3n-versi\u00f3n en l\u00ednea-","datePublished":"2020-11-10T18:26:42+00:00","dateModified":"2020-11-10T18:26:43+00:00","mainEntityOfPage":{"@id":"https:\/\/ruralrafaela.com.ar\/exporural\/conferencia-de-prensa-presentacion-exporural-2020-rafaela-y-la-region-version-en-linea\/"},"wordCount":125,"publisher":{"@id":"https:\/\/ruralrafaela.com.ar\/exporural\/#organization"},"image":{"@id":"https:\/\/ruralrafaela.com.ar\/exporural\/conferencia-de-prensa-presentacion-exporural-2020-rafaela-y-la-region-version-en-linea\/#primaryimage"},"thumbnailUrl":"https:\/\/ruralrafaela.com.ar\/exporural\/wp-content\/uploads\/sites\/16\/2020\/10\/05.jpg","articleSection":["ExpoRural"],"inLanguage":"es"},{"@type":"WebPage","@id":"https:\/\/ruralrafaela.com.ar\/exporural\/conferencia-de-prensa-presentacion-exporural-2020-rafaela-y-la-region-version-en-linea\/","url":"https:\/\/ruralrafaela.com.ar\/exporural\/conferencia-de-prensa-presentacion-exporural-2020-rafaela-y-la-region-version-en-linea\/","name":"Conferencia de Prensa: \"Presentaci\u00f3n ExpoRural 2020 Rafaela y la Regi\u00f3n-versi\u00f3n en l\u00ednea- ExpoRural Rafaela y la Regi\u00f3n","isPartOf":{"@id":"https:\/\/ruralrafaela.com.ar\/exporural\/#website"},"primaryImageOfPage":{"@id":"https:\/\/ruralrafaela.com.ar\/exporural\/conferencia-de-prensa-presentacion-exporural-2020-rafaela-y-la-region-version-en-linea\/#primaryimage"},"image":{"@id":"https:\/\/ruralrafaela.com.ar\/exporural\/conferencia-de-prensa-presentacion-exporural-2020-rafaela-y-la-region-version-en-linea\/#primaryimage"},"thumbnailUrl":"https:\/\/ruralrafaela.com.ar\/exporural\/wp-content\/uploads\/sites\/16\/2020\/10\/05.jpg","datePublished":"2020-11-10T18:26:42+00:00","dateModified":"2020-11-10T18:26:43+00:00","breadcrumb":{"@id":"https:\/\/ruralrafaela.com.ar\/exporural\/conferencia-de-prensa-presentacion-exporural-2020-rafaela-y-la-region-version-en-linea\/#breadcrumb"},"inLanguage":"es","potentialAction":[{"@type":"ReadAction","target":["https:\/\/ruralrafaela.com.ar\/exporural\/conferencia-de-prensa-presentacion-exporural-2020-rafaela-y-la-region-version-en-linea\/"]}]},{"@type":"ImageObject","inLanguage":"es","@id":"https:\/\/ruralrafaela.com.ar\/exporural\/conferencia-de-prensa-presentacion-exporural-2020-rafaela-y-la-region-version-en-linea\/#primaryimage","url":"https:\/\/ruralrafaela.com.ar\/exporural\/wp-content\/uploads\/sites\/16\/2020\/10\/05.jpg","contentUrl":"https:\/\/ruralrafaela.com.ar\/exporural\/wp-content\/uploads\/sites\/16\/2020\/10\/05.jpg","width":1920,"height":800},{"@type":"BreadcrumbList","@id":"https:\/\/ruralrafaela.com.ar\/exporural\/conferencia-de-prensa-presentacion-exporural-2020-rafaela-y-la-region-version-en-linea\/#breadcrumb","itemListElement":[{"@type":"ListItem","position":1,"name":"Portada","item":"https:\/\/ruralrafaela.com.ar\/exporural\/"},{"@type":"ListItem","position":2,"name":"Conferencia de Prensa: \u00abPresentaci\u00f3n ExpoRural 2020 Rafaela y la Regi\u00f3n-versi\u00f3n en l\u00ednea-"}]},{"@type":"WebSite","@id":"https:\/\/ruralrafaela.com.ar\/exporural\/#website","url":"https:\/\/ruralrafaela.com.ar\/exporural\/","name":"ExpoRural Rafaela y la Regi\u00f3n","description":"ExpoRural Rafaela y la Regi\u00f3n 2020 - Edici\u00f3n en L\u00ednea","publisher":{"@id":"https:\/\/ruralrafaela.com.ar\/exporural\/#organization"},"potentialAction":[{"@type":"SearchAction","target":{"@type":"EntryPoint","urlTemplate":"https:\/\/ruralrafaela.com.ar\/exporural\/?s={search_term_string}"},"query-input":{"@type":"PropertyValueSpecification","valueRequired":true,"valueName":"search_term_string"}}],"inLanguage":"es"},{"@type":"Organization","@id":"https:\/\/ruralrafaela.com.ar\/exporural\/#organization","name":"ExpoRural Rafaela y la Regi\u00f3n","url":"https:\/\/ruralrafaela.com.ar\/exporural\/","logo":{"@type":"ImageObject","inLanguage":"es","@id":"https:\/\/ruralrafaela.com.ar\/exporural\/#\/schema\/logo\/image\/","url":"https:\/\/ruralrafaela.com.ar\/exporural\/wp-content\/uploads\/sites\/16\/2020\/10\/Log-Expo-2020.png","contentUrl":"https:\/\/ruralrafaela.com.ar\/exporural\/wp-content\/uploads\/sites\/16\/2020\/10\/Log-Expo-2020.png","width":680,"height":404,"caption":"ExpoRural Rafaela y la Regi\u00f3n"},"image":{"@id":"https:\/\/ruralrafaela.com.ar\/exporural\/#\/schema\/logo\/image\/"}},{"@type":"Person","@id":"https:\/\/ruralrafaela.com.ar\/exporural\/#\/schema\/person\/b944097647cc828e58952e18b2cc493c","name":"c1970093","image":{"@type":"ImageObject","inLanguage":"es","@id":"https:\/\/secure.gravatar.com\/avatar\/45cdd73f3ef44c305e0057b84921f5c4dc0bf41c5999db82505293a43118ff3e?s=96&d=mm&r=g","url":"https:\/\/secure.gravatar.com\/avatar\/45cdd73f3ef44c305e0057b84921f5c4dc0bf41c5999db82505293a43118ff3e?s=96&d=mm&r=g","contentUrl":"https:\/\/secure.gravatar.com\/avatar\/45cdd73f3ef44c305e0057b84921f5c4dc0bf41c5999db82505293a43118ff3e?s=96&d=mm&r=g","caption":"c1970093"},"url":"https:\/\/ruralrafaela.com.ar\/exporural\/author\/c1970093\/"}]}},"_links":{"self":[{"href":"https:\/\/ruralrafaela.com.ar\/exporural\/wp-json\/wp\/v2\/posts\/1686","targetHints":{"allow":["GET"]}}],"collection":[{"href":"https:\/\/ruralrafaela.com.ar\/exporural\/wp-json\/wp\/v2\/posts"}],"about":[{"href":"https:\/\/ruralrafaela.com.ar\/exporural\/wp-json\/wp\/v2\/types\/post"}],"author":[{"embeddable":true,"href":"https:\/\/ruralrafaela.com.ar\/exporural\/wp-json\/wp\/v2\/users\/2"}],"replies":[{"embeddable":true,"href":"https:\/\/ruralrafaela.com.ar\/exporural\/wp-json\/wp\/v2\/comments?post=1686"}],"version-history":[{"count":1,"href":"https:\/\/ruralrafaela.com.ar\/exporural\/wp-json\/wp\/v2\/posts\/1686\/revisions"}],"predecessor-version":[{"id":1687,"href":"https:\/\/ruralrafaela.com.ar\/exporural\/wp-json\/wp\/v2\/posts\/1686\/revisions\/1687"}],"wp:featuredmedia":[{"embeddable":true,"href":"https:\/\/ruralrafaela.com.ar\/exporural\/wp-json\/wp\/v2\/media\/131"}],"wp:attachment":[{"href":"https:\/\/ruralrafaela.com.ar\/exporural\/wp-json\/wp\/v2\/media?parent=1686"}],"wp:term":[{"taxonomy":"category","embeddable":true,"href":"https:\/\/ruralrafaela.com.ar\/exporural\/wp-json\/wp\/v2\/categories?post=1686"},{"taxonomy":"post_tag","embeddable":true,"href":"https:\/\/ruralrafaela.com.ar\/exporural\/wp-json\/wp\/v2\/tags?post=1686"}],"curies":[{"name":"wp","href":"https:\/\/api.w.org\/{rel}","templated":true}]}}