{"id":101,"date":"2020-10-22T19:30:57","date_gmt":"2020-10-22T22:30:57","guid":{"rendered":"http:\/\/ruralrafaela.com.ar\/exporural\/?p=101"},"modified":"2020-10-22T19:30:58","modified_gmt":"2020-10-22T22:30:58","slug":"confirmada-la-exporural-2020-rafaela-y-la-region-version-en-linea","status":"publish","type":"post","link":"https:\/\/ruralrafaela.com.ar\/exporural\/confirmada-la-exporural-2020-rafaela-y-la-region-version-en-linea\/","title":{"rendered":"Confirmada la EXPORURAL 2020 Rafaela y la Regi\u00f3n-Versi\u00f3n \u201cen l\u00ednea\u201d"},"content":{"rendered":"\n<blockquote class=\"wp-block-quote is-layout-flow wp-block-quote-is-layout-flow\"><p><strong>\u201cNuevamente el campo se adapta y est\u00e1 M\u00c1S PRESENTE que nunca multiplicando las oportunidades\u201d<\/strong><\/p><\/blockquote>\n\n\n\n<p>La comisi\u00f3n organizadora de la &nbsp;Expo Rural Rafaela y la Regi\u00f3n se adapt\u00f3 a los tiempos y necesidades que transitamos y presenta oficialmente el nuevo formato \u201cen l\u00ednea\u201d para los d\u00edas 11, 12 y 13 de noviembre pr\u00f3ximos. Ser\u00e1 a trav\u00e9s de la su web&nbsp;<a href=\"http:\/\/www.exporuralrafaela.com.ar\/\">www.exporuralrafaela.com.ar<\/a>, habr\u00e1 actividades, charlas, capacitaciones, remates, expositores con espacios propios, ofertas especiales para esos d\u00edas y un acto institucional a la altura de las circunstancias.<\/p>\n\n\n\n<p>El acceso del p\u00fablico ser\u00e1 on line ingresando a la web de Expo como si sacara su \u201centrada\u201d. Este ingreso es libre y gratuito. Ello habilita a participar de las actividades en vivo o verlas grabadas posteriormente y a visitar cada micrositio (stand virtual) de los expositores.<\/p>\n\n\n\n<p><em>\u201cNos concentramos en armar una plataforma sencilla, de f\u00e1cil acceso y navegabilidad para que pueda acceder todo el mundo intuitivamente a trav\u00e9s de su pc o tel\u00e9fono.<\/em>&nbsp;<em>Planteamos esta edici\u00f3n como la \u201ccero\u201d ya que es un nuevo inicio en la historia de la muestra en el que necesitamos ir creciendo. El desaf\u00edo de hacerlo mediante plataformas digitales ha llegado para quedarse y si bien todos ansiamos la presencialidad somos conscientes que en el planeta las actividades humanas han cambiado como respuesta necesaria a la pandemia para la cual a\u00fan no hay soluci\u00f3n\u2026\u201d-&nbsp;<\/em>explican los organizadores<em>.<\/em><\/p>\n\n\n\n<p>En 2020 la muestra cumple su 113\u00b0 edici\u00f3n, el Concurso de Vacas Lecheras su 100\u00b0 aniversario a la par de los 70 a\u00f1os del Control Lechero de la entidad, y los 25 a\u00f1os de la labor inclaudicable por fortalecer la presencia de la mujer mediante la participaci\u00f3n y el trabajo de GAMA \u2026 razones que motivaron a\u00fan m\u00e1s la b\u00fasqueda de un formato posible para sostener su continuidad.<\/p>\n\n\n\n<p>Las empresas e instituciones que acompa\u00f1an a\u00f1o a a\u00f1o la Muestra estar\u00e1n presentes a trav\u00e9s de stands virtuales y adem\u00e1s se podr\u00e1n obtener beneficios mediante ofertas especiales o promociones.<\/p>\n\n\n\n<p>La ya tradicional charla abierta de CEPAR, presentar\u00e1 al productor agropecuario Jos\u00e9 \u00c1lvarez, conocido como BUMPER CROP, reconocido influencer en redes sociales. Ser\u00e1 el jueves 12 a las 19:30.<\/p>\n\n\n\n<p>Tambi\u00e9n habr\u00e1 charlas sobre Lecher\u00eda, Ovinos, Huerta, Forestaci\u00f3n y Cadena de Carnes y Ganado entre otras.<\/p>\n\n\n\n<p><em>\u201cPensamos en propuestas de inter\u00e9s para todos los p\u00fablicos y creemos que el recorrido que puede hacer la gente en los stands \u201cvirtuales\u201d resultar\u00e1 una novedad y tambi\u00e9n podr\u00e1 hacer consultas en l\u00ednea con los expositores\u201d.<\/em><\/p>\n\n\n\n<p>El remate habitual de la Expo&nbsp; se realizara tambi\u00e9n \u201con line\u201d, el viernes 13 a las 14.00, con la consignaci\u00f3n de la Cooperativa Guillermo Lehmann. La subasta est\u00e1 destinada a terneras y vaquillonas Holando Argentino vac\u00edas y aptas para reproducci\u00f3n, pre\u00f1adas adelantadas y paridas. Toros Holando Argentino de las tradicionales caba\u00f1as de la zona.<\/p>\n\n\n\n<p>Tambi\u00e9n acompa\u00f1ar\u00e1n, como cada a\u00f1o, el Ministerio de la Producci\u00f3n de Santa Fe, la Municipalidad de Rafaela, Sancor Seguros, la CEPAR, el IPCVA y el apoyo de nuestras entidades gremiales madres CRA y CARSFE<\/p>\n\n\n\n<p>EL viernes 13 se realizar\u00e1 un Acto Institucional en el que habr\u00e1 palabras de la presidente y la conmemoraci\u00f3n especial del 100\u00b0 Concurso Lechero. Ser\u00e1 transmitido en vivo ajustado a las medidas sanitarias exigidas.<\/p>\n\n\n\n<p>La comercializaci\u00f3n de los espacios est\u00e1 en marcha.&nbsp;<em>\u201dLas empresas son conscientes de que el cambio nos atraves\u00f3 y las cosas ya no pueden pensarse ni realizarse como antes y que hay que hacer un esfuerzo por reconvertirse. Nadie tiene 100% claro el horizonte hacia el que nos dirigimos pero todos coinciden en que hay que estar en movimiento, apostar a los que hacen y no a los que esperan. En Rafaela hay un sentido de pertenencia y orgullo por cuidar lo propio lo que significa que muchos se sumen y acepten ser parte del desaf\u00edo\u201d-&nbsp;<\/em>aseguran desde el \u00e1rea comercial.<\/p>\n\n\n\n<p>La informaci\u00f3n completa, m\u00e1s las nuevas confirmaciones se ir\u00e1n comunicando por los canales institucionales de SRR y ExpoRural.<\/p>\n\n\n\n<p><em>&nbsp;\u201cA\u00fan en medio de las numerosas y diversas dificultades en un contexto de tantas vacilaciones, NUESTRO COMPROMISO es seguir TRABAJANDO, desde el esfuerzo continuo y la creatividad, con los RECURSOS DISPONIBLES y siempre generando \u00e1mbitos propicios para hacer ESCUCHAR la VOZ del sector y MOSTRAR la CAPACIDAD DE PRODUCCI\u00d3N. Nuevamente el campo se adapta y est\u00e1 M\u00c1S PRESENTE que nunca multiplicando las oportunidades<\/em>\u201d. Afirm\u00f3 Norma Bessone, presidente de SRR<\/p>\n","protected":false},"excerpt":{"rendered":"<p>\u201cNuevamente el campo se adapta y est\u00e1 M\u00c1S PRESENTE que nunca multiplicando las oportunidades\u201d La comisi\u00f3n organizadora de la &nbsp;Expo Rural Rafaela y la Regi\u00f3n se adapt\u00f3 a los tiempos y necesidades que transitamos y presenta oficialmente el nuevo formato \u201cen l\u00ednea\u201d para los d\u00edas 11, 12 y 13 de noviembre pr\u00f3ximos. Ser\u00e1 a trav\u00e9s [&hellip;]<\/p>\n","protected":false},"author":2,"featured_media":12,"comment_status":"open","ping_status":"open","sticky":false,"template":"","format":"standard","meta":{"ocean_post_layout":"","ocean_both_sidebars_style":"","ocean_both_sidebars_content_width":0,"ocean_both_sidebars_sidebars_width":0,"ocean_sidebar":"0","ocean_second_sidebar":"0","ocean_disable_margins":"enable","ocean_add_body_class":"","ocean_shortcode_before_top_bar":"","ocean_shortcode_after_top_bar":"","ocean_shortcode_before_header":"","ocean_shortcode_after_header":"","ocean_has_shortcode":"","ocean_shortcode_after_title":"","ocean_shortcode_before_footer_widgets":"","ocean_shortcode_after_footer_widgets":"","ocean_shortcode_before_footer_bottom":"","ocean_shortcode_after_footer_bottom":"","ocean_display_top_bar":"default","ocean_display_header":"default","ocean_header_style":"","ocean_center_header_left_menu":"0","ocean_custom_header_template":"0","ocean_custom_logo":0,"ocean_custom_retina_logo":0,"ocean_custom_logo_max_width":0,"ocean_custom_logo_tablet_max_width":0,"ocean_custom_logo_mobile_max_width":0,"ocean_custom_logo_max_height":0,"ocean_custom_logo_tablet_max_height":0,"ocean_custom_logo_mobile_max_height":0,"ocean_header_custom_menu":"0","ocean_menu_typo_font_family":"0","ocean_menu_typo_font_subset":"","ocean_menu_typo_font_size":0,"ocean_menu_typo_font_size_tablet":0,"ocean_menu_typo_font_size_mobile":0,"ocean_menu_typo_font_size_unit":"px","ocean_menu_typo_font_weight":"","ocean_menu_typo_font_weight_tablet":"","ocean_menu_typo_font_weight_mobile":"","ocean_menu_typo_transform":"","ocean_menu_typo_transform_tablet":"","ocean_menu_typo_transform_mobile":"","ocean_menu_typo_line_height":0,"ocean_menu_typo_line_height_tablet":0,"ocean_menu_typo_line_height_mobile":0,"ocean_menu_typo_line_height_unit":"","ocean_menu_typo_spacing":0,"ocean_menu_typo_spacing_tablet":0,"ocean_menu_typo_spacing_mobile":0,"ocean_menu_typo_spacing_unit":"","ocean_menu_link_color":"","ocean_menu_link_color_hover":"","ocean_menu_link_color_active":"","ocean_menu_link_background":"","ocean_menu_link_hover_background":"","ocean_menu_link_active_background":"","ocean_menu_social_links_bg":"","ocean_menu_social_hover_links_bg":"","ocean_menu_social_links_color":"","ocean_menu_social_hover_links_color":"","ocean_disable_title":"default","ocean_disable_heading":"default","ocean_post_title":"","ocean_post_subheading":"","ocean_post_title_style":"","ocean_post_title_background_color":"","ocean_post_title_background":0,"ocean_post_title_bg_image_position":"","ocean_post_title_bg_image_attachment":"","ocean_post_title_bg_image_repeat":"","ocean_post_title_bg_image_size":"","ocean_post_title_height":0,"ocean_post_title_bg_overlay":0.5,"ocean_post_title_bg_overlay_color":"","ocean_disable_breadcrumbs":"default","ocean_breadcrumbs_color":"","ocean_breadcrumbs_separator_color":"","ocean_breadcrumbs_links_color":"","ocean_breadcrumbs_links_hover_color":"","ocean_display_footer_widgets":"default","ocean_display_footer_bottom":"default","ocean_custom_footer_template":"0","_joinchat":[],"ocean_post_oembed":"","ocean_post_self_hosted_media":"","ocean_post_video_embed":"","ocean_link_format":"","ocean_link_format_target":"self","ocean_quote_format":"","ocean_quote_format_link":"post","ocean_gallery_link_images":"off","ocean_gallery_id":[],"footnotes":""},"categories":[1],"tags":[],"class_list":["post-101","post","type-post","status-publish","format-standard","has-post-thumbnail","hentry","category-sin-categoria","entry","has-media"],"yoast_head":"<!-- This site is optimized with the Yoast SEO plugin v27.5 - https:\/\/yoast.com\/product\/yoast-seo-wordpress\/ -->\n<title>Confirmada la EXPORURAL 2020 Rafaela y la Regi\u00f3n-Versi\u00f3n \u201cen l\u00ednea\u201d - ExpoRural Rafaela y la Regi\u00f3n<\/title>\n<meta name=\"robots\" content=\"index, follow, max-snippet:-1, max-image-preview:large, max-video-preview:-1\" \/>\n<link rel=\"canonical\" href=\"https:\/\/ruralrafaela.com.ar\/exporural\/confirmada-la-exporural-2020-rafaela-y-la-region-version-en-linea\/\" \/>\n<meta property=\"og:locale\" content=\"es_ES\" \/>\n<meta property=\"og:type\" content=\"article\" \/>\n<meta property=\"og:title\" content=\"Confirmada la EXPORURAL 2020 Rafaela y la Regi\u00f3n-Versi\u00f3n \u201cen l\u00ednea\u201d - ExpoRural Rafaela y la Regi\u00f3n\" \/>\n<meta property=\"og:description\" content=\"\u201cNuevamente el campo se adapta y est\u00e1 M\u00c1S PRESENTE que nunca multiplicando las oportunidades\u201d La comisi\u00f3n organizadora de la &nbsp;Expo Rural Rafaela y la Regi\u00f3n se adapt\u00f3 a los tiempos y necesidades que transitamos y presenta oficialmente el nuevo formato \u201cen l\u00ednea\u201d para los d\u00edas 11, 12 y 13 de noviembre pr\u00f3ximos. Ser\u00e1 a trav\u00e9s [&hellip;]\" \/>\n<meta property=\"og:url\" content=\"https:\/\/ruralrafaela.com.ar\/exporural\/confirmada-la-exporural-2020-rafaela-y-la-region-version-en-linea\/\" \/>\n<meta property=\"og:site_name\" content=\"ExpoRural Rafaela y la Regi\u00f3n\" \/>\n<meta property=\"article:published_time\" content=\"2020-10-22T22:30:57+00:00\" \/>\n<meta property=\"article:modified_time\" content=\"2020-10-22T22:30:58+00:00\" \/>\n<meta property=\"og:image\" content=\"https:\/\/ruralrafaela.com.ar\/exporural\/wp-content\/uploads\/sites\/16\/2020\/10\/001.jpg\" \/>\n\t<meta property=\"og:image:width\" content=\"1920\" \/>\n\t<meta property=\"og:image:height\" content=\"800\" \/>\n\t<meta property=\"og:image:type\" content=\"image\/jpeg\" \/>\n<meta name=\"author\" content=\"c1970093\" \/>\n<meta name=\"twitter:card\" content=\"summary_large_image\" \/>\n<meta name=\"twitter:label1\" content=\"Escrito por\" \/>\n\t<meta name=\"twitter:data1\" content=\"c1970093\" \/>\n\t<meta name=\"twitter:label2\" content=\"Tiempo de lectura\" \/>\n\t<meta name=\"twitter:data2\" content=\"4 minutos\" \/>\n<script type=\"application\/ld+json\" class=\"yoast-schema-graph\">{\"@context\":\"https:\\\/\\\/schema.org\",\"@graph\":[{\"@type\":\"Article\",\"@id\":\"https:\\\/\\\/ruralrafaela.com.ar\\\/exporural\\\/confirmada-la-exporural-2020-rafaela-y-la-region-version-en-linea\\\/#article\",\"isPartOf\":{\"@id\":\"https:\\\/\\\/ruralrafaela.com.ar\\\/exporural\\\/confirmada-la-exporural-2020-rafaela-y-la-region-version-en-linea\\\/\"},\"author\":{\"name\":\"c1970093\",\"@id\":\"https:\\\/\\\/ruralrafaela.com.ar\\\/exporural\\\/#\\\/schema\\\/person\\\/b944097647cc828e58952e18b2cc493c\"},\"headline\":\"Confirmada la EXPORURAL 2020 Rafaela y la Regi\u00f3n-Versi\u00f3n \u201cen l\u00ednea\u201d\",\"datePublished\":\"2020-10-22T22:30:57+00:00\",\"dateModified\":\"2020-10-22T22:30:58+00:00\",\"mainEntityOfPage\":{\"@id\":\"https:\\\/\\\/ruralrafaela.com.ar\\\/exporural\\\/confirmada-la-exporural-2020-rafaela-y-la-region-version-en-linea\\\/\"},\"wordCount\":781,\"commentCount\":0,\"publisher\":{\"@id\":\"https:\\\/\\\/ruralrafaela.com.ar\\\/exporural\\\/#organization\"},\"image\":{\"@id\":\"https:\\\/\\\/ruralrafaela.com.ar\\\/exporural\\\/confirmada-la-exporural-2020-rafaela-y-la-region-version-en-linea\\\/#primaryimage\"},\"thumbnailUrl\":\"https:\\\/\\\/ruralrafaela.com.ar\\\/exporural\\\/wp-content\\\/uploads\\\/sites\\\/16\\\/2020\\\/10\\\/001.jpg\",\"inLanguage\":\"es\",\"potentialAction\":[{\"@type\":\"CommentAction\",\"name\":\"Comment\",\"target\":[\"https:\\\/\\\/ruralrafaela.com.ar\\\/exporural\\\/confirmada-la-exporural-2020-rafaela-y-la-region-version-en-linea\\\/#respond\"]}]},{\"@type\":\"WebPage\",\"@id\":\"https:\\\/\\\/ruralrafaela.com.ar\\\/exporural\\\/confirmada-la-exporural-2020-rafaela-y-la-region-version-en-linea\\\/\",\"url\":\"https:\\\/\\\/ruralrafaela.com.ar\\\/exporural\\\/confirmada-la-exporural-2020-rafaela-y-la-region-version-en-linea\\\/\",\"name\":\"Confirmada la EXPORURAL 2020 Rafaela y la Regi\u00f3n-Versi\u00f3n \u201cen l\u00ednea\u201d - ExpoRural Rafaela y la Regi\u00f3n\",\"isPartOf\":{\"@id\":\"https:\\\/\\\/ruralrafaela.com.ar\\\/exporural\\\/#website\"},\"primaryImageOfPage\":{\"@id\":\"https:\\\/\\\/ruralrafaela.com.ar\\\/exporural\\\/confirmada-la-exporural-2020-rafaela-y-la-region-version-en-linea\\\/#primaryimage\"},\"image\":{\"@id\":\"https:\\\/\\\/ruralrafaela.com.ar\\\/exporural\\\/confirmada-la-exporural-2020-rafaela-y-la-region-version-en-linea\\\/#primaryimage\"},\"thumbnailUrl\":\"https:\\\/\\\/ruralrafaela.com.ar\\\/exporural\\\/wp-content\\\/uploads\\\/sites\\\/16\\\/2020\\\/10\\\/001.jpg\",\"datePublished\":\"2020-10-22T22:30:57+00:00\",\"dateModified\":\"2020-10-22T22:30:58+00:00\",\"breadcrumb\":{\"@id\":\"https:\\\/\\\/ruralrafaela.com.ar\\\/exporural\\\/confirmada-la-exporural-2020-rafaela-y-la-region-version-en-linea\\\/#breadcrumb\"},\"inLanguage\":\"es\",\"potentialAction\":[{\"@type\":\"ReadAction\",\"target\":[\"https:\\\/\\\/ruralrafaela.com.ar\\\/exporural\\\/confirmada-la-exporural-2020-rafaela-y-la-region-version-en-linea\\\/\"]}]},{\"@type\":\"ImageObject\",\"inLanguage\":\"es\",\"@id\":\"https:\\\/\\\/ruralrafaela.com.ar\\\/exporural\\\/confirmada-la-exporural-2020-rafaela-y-la-region-version-en-linea\\\/#primaryimage\",\"url\":\"https:\\\/\\\/ruralrafaela.com.ar\\\/exporural\\\/wp-content\\\/uploads\\\/sites\\\/16\\\/2020\\\/10\\\/001.jpg\",\"contentUrl\":\"https:\\\/\\\/ruralrafaela.com.ar\\\/exporural\\\/wp-content\\\/uploads\\\/sites\\\/16\\\/2020\\\/10\\\/001.jpg\",\"width\":1920,\"height\":800},{\"@type\":\"BreadcrumbList\",\"@id\":\"https:\\\/\\\/ruralrafaela.com.ar\\\/exporural\\\/confirmada-la-exporural-2020-rafaela-y-la-region-version-en-linea\\\/#breadcrumb\",\"itemListElement\":[{\"@type\":\"ListItem\",\"position\":1,\"name\":\"Portada\",\"item\":\"https:\\\/\\\/ruralrafaela.com.ar\\\/exporural\\\/\"},{\"@type\":\"ListItem\",\"position\":2,\"name\":\"Confirmada la EXPORURAL 2020 Rafaela y la Regi\u00f3n-Versi\u00f3n \u201cen l\u00ednea\u201d\"}]},{\"@type\":\"WebSite\",\"@id\":\"https:\\\/\\\/ruralrafaela.com.ar\\\/exporural\\\/#website\",\"url\":\"https:\\\/\\\/ruralrafaela.com.ar\\\/exporural\\\/\",\"name\":\"ExpoRural Rafaela y la Regi\u00f3n\",\"description\":\"ExpoRural Rafaela y la Regi\u00f3n 2020 - Edici\u00f3n en L\u00ednea\",\"publisher\":{\"@id\":\"https:\\\/\\\/ruralrafaela.com.ar\\\/exporural\\\/#organization\"},\"potentialAction\":[{\"@type\":\"SearchAction\",\"target\":{\"@type\":\"EntryPoint\",\"urlTemplate\":\"https:\\\/\\\/ruralrafaela.com.ar\\\/exporural\\\/?s={search_term_string}\"},\"query-input\":{\"@type\":\"PropertyValueSpecification\",\"valueRequired\":true,\"valueName\":\"search_term_string\"}}],\"inLanguage\":\"es\"},{\"@type\":\"Organization\",\"@id\":\"https:\\\/\\\/ruralrafaela.com.ar\\\/exporural\\\/#organization\",\"name\":\"ExpoRural Rafaela y la Regi\u00f3n\",\"url\":\"https:\\\/\\\/ruralrafaela.com.ar\\\/exporural\\\/\",\"logo\":{\"@type\":\"ImageObject\",\"inLanguage\":\"es\",\"@id\":\"https:\\\/\\\/ruralrafaela.com.ar\\\/exporural\\\/#\\\/schema\\\/logo\\\/image\\\/\",\"url\":\"https:\\\/\\\/ruralrafaela.com.ar\\\/exporural\\\/wp-content\\\/uploads\\\/sites\\\/16\\\/2020\\\/10\\\/Log-Expo-2020.png\",\"contentUrl\":\"https:\\\/\\\/ruralrafaela.com.ar\\\/exporural\\\/wp-content\\\/uploads\\\/sites\\\/16\\\/2020\\\/10\\\/Log-Expo-2020.png\",\"width\":680,\"height\":404,\"caption\":\"ExpoRural Rafaela y la Regi\u00f3n\"},\"image\":{\"@id\":\"https:\\\/\\\/ruralrafaela.com.ar\\\/exporural\\\/#\\\/schema\\\/logo\\\/image\\\/\"}},{\"@type\":\"Person\",\"@id\":\"https:\\\/\\\/ruralrafaela.com.ar\\\/exporural\\\/#\\\/schema\\\/person\\\/b944097647cc828e58952e18b2cc493c\",\"name\":\"c1970093\",\"image\":{\"@type\":\"ImageObject\",\"inLanguage\":\"es\",\"@id\":\"https:\\\/\\\/secure.gravatar.com\\\/avatar\\\/45cdd73f3ef44c305e0057b84921f5c4dc0bf41c5999db82505293a43118ff3e?s=96&d=mm&r=g\",\"url\":\"https:\\\/\\\/secure.gravatar.com\\\/avatar\\\/45cdd73f3ef44c305e0057b84921f5c4dc0bf41c5999db82505293a43118ff3e?s=96&d=mm&r=g\",\"contentUrl\":\"https:\\\/\\\/secure.gravatar.com\\\/avatar\\\/45cdd73f3ef44c305e0057b84921f5c4dc0bf41c5999db82505293a43118ff3e?s=96&d=mm&r=g\",\"caption\":\"c1970093\"},\"url\":\"https:\\\/\\\/ruralrafaela.com.ar\\\/exporural\\\/author\\\/c1970093\\\/\"}]}<\/script>\n<!-- \/ Yoast SEO plugin. -->","yoast_head_json":{"title":"Confirmada la EXPORURAL 2020 Rafaela y la Regi\u00f3n-Versi\u00f3n \u201cen l\u00ednea\u201d - ExpoRural Rafaela y la Regi\u00f3n","robots":{"index":"index","follow":"follow","max-snippet":"max-snippet:-1","max-image-preview":"max-image-preview:large","max-video-preview":"max-video-preview:-1"},"canonical":"https:\/\/ruralrafaela.com.ar\/exporural\/confirmada-la-exporural-2020-rafaela-y-la-region-version-en-linea\/","og_locale":"es_ES","og_type":"article","og_title":"Confirmada la EXPORURAL 2020 Rafaela y la Regi\u00f3n-Versi\u00f3n \u201cen l\u00ednea\u201d - ExpoRural Rafaela y la Regi\u00f3n","og_description":"\u201cNuevamente el campo se adapta y est\u00e1 M\u00c1S PRESENTE que nunca multiplicando las oportunidades\u201d La comisi\u00f3n organizadora de la &nbsp;Expo Rural Rafaela y la Regi\u00f3n se adapt\u00f3 a los tiempos y necesidades que transitamos y presenta oficialmente el nuevo formato \u201cen l\u00ednea\u201d para los d\u00edas 11, 12 y 13 de noviembre pr\u00f3ximos. Ser\u00e1 a trav\u00e9s [&hellip;]","og_url":"https:\/\/ruralrafaela.com.ar\/exporural\/confirmada-la-exporural-2020-rafaela-y-la-region-version-en-linea\/","og_site_name":"ExpoRural Rafaela y la Regi\u00f3n","article_published_time":"2020-10-22T22:30:57+00:00","article_modified_time":"2020-10-22T22:30:58+00:00","og_image":[{"width":1920,"height":800,"url":"https:\/\/ruralrafaela.com.ar\/exporural\/wp-content\/uploads\/sites\/16\/2020\/10\/001.jpg","type":"image\/jpeg"}],"author":"c1970093","twitter_card":"summary_large_image","twitter_misc":{"Escrito por":"c1970093","Tiempo de lectura":"4 minutos"},"schema":{"@context":"https:\/\/schema.org","@graph":[{"@type":"Article","@id":"https:\/\/ruralrafaela.com.ar\/exporural\/confirmada-la-exporural-2020-rafaela-y-la-region-version-en-linea\/#article","isPartOf":{"@id":"https:\/\/ruralrafaela.com.ar\/exporural\/confirmada-la-exporural-2020-rafaela-y-la-region-version-en-linea\/"},"author":{"name":"c1970093","@id":"https:\/\/ruralrafaela.com.ar\/exporural\/#\/schema\/person\/b944097647cc828e58952e18b2cc493c"},"headline":"Confirmada la EXPORURAL 2020 Rafaela y la Regi\u00f3n-Versi\u00f3n \u201cen l\u00ednea\u201d","datePublished":"2020-10-22T22:30:57+00:00","dateModified":"2020-10-22T22:30:58+00:00","mainEntityOfPage":{"@id":"https:\/\/ruralrafaela.com.ar\/exporural\/confirmada-la-exporural-2020-rafaela-y-la-region-version-en-linea\/"},"wordCount":781,"commentCount":0,"publisher":{"@id":"https:\/\/ruralrafaela.com.ar\/exporural\/#organization"},"image":{"@id":"https:\/\/ruralrafaela.com.ar\/exporural\/confirmada-la-exporural-2020-rafaela-y-la-region-version-en-linea\/#primaryimage"},"thumbnailUrl":"https:\/\/ruralrafaela.com.ar\/exporural\/wp-content\/uploads\/sites\/16\/2020\/10\/001.jpg","inLanguage":"es","potentialAction":[{"@type":"CommentAction","name":"Comment","target":["https:\/\/ruralrafaela.com.ar\/exporural\/confirmada-la-exporural-2020-rafaela-y-la-region-version-en-linea\/#respond"]}]},{"@type":"WebPage","@id":"https:\/\/ruralrafaela.com.ar\/exporural\/confirmada-la-exporural-2020-rafaela-y-la-region-version-en-linea\/","url":"https:\/\/ruralrafaela.com.ar\/exporural\/confirmada-la-exporural-2020-rafaela-y-la-region-version-en-linea\/","name":"Confirmada la EXPORURAL 2020 Rafaela y la Regi\u00f3n-Versi\u00f3n \u201cen l\u00ednea\u201d - ExpoRural Rafaela y la Regi\u00f3n","isPartOf":{"@id":"https:\/\/ruralrafaela.com.ar\/exporural\/#website"},"primaryImageOfPage":{"@id":"https:\/\/ruralrafaela.com.ar\/exporural\/confirmada-la-exporural-2020-rafaela-y-la-region-version-en-linea\/#primaryimage"},"image":{"@id":"https:\/\/ruralrafaela.com.ar\/exporural\/confirmada-la-exporural-2020-rafaela-y-la-region-version-en-linea\/#primaryimage"},"thumbnailUrl":"https:\/\/ruralrafaela.com.ar\/exporural\/wp-content\/uploads\/sites\/16\/2020\/10\/001.jpg","datePublished":"2020-10-22T22:30:57+00:00","dateModified":"2020-10-22T22:30:58+00:00","breadcrumb":{"@id":"https:\/\/ruralrafaela.com.ar\/exporural\/confirmada-la-exporural-2020-rafaela-y-la-region-version-en-linea\/#breadcrumb"},"inLanguage":"es","potentialAction":[{"@type":"ReadAction","target":["https:\/\/ruralrafaela.com.ar\/exporural\/confirmada-la-exporural-2020-rafaela-y-la-region-version-en-linea\/"]}]},{"@type":"ImageObject","inLanguage":"es","@id":"https:\/\/ruralrafaela.com.ar\/exporural\/confirmada-la-exporural-2020-rafaela-y-la-region-version-en-linea\/#primaryimage","url":"https:\/\/ruralrafaela.com.ar\/exporural\/wp-content\/uploads\/sites\/16\/2020\/10\/001.jpg","contentUrl":"https:\/\/ruralrafaela.com.ar\/exporural\/wp-content\/uploads\/sites\/16\/2020\/10\/001.jpg","width":1920,"height":800},{"@type":"BreadcrumbList","@id":"https:\/\/ruralrafaela.com.ar\/exporural\/confirmada-la-exporural-2020-rafaela-y-la-region-version-en-linea\/#breadcrumb","itemListElement":[{"@type":"ListItem","position":1,"name":"Portada","item":"https:\/\/ruralrafaela.com.ar\/exporural\/"},{"@type":"ListItem","position":2,"name":"Confirmada la EXPORURAL 2020 Rafaela y la Regi\u00f3n-Versi\u00f3n \u201cen l\u00ednea\u201d"}]},{"@type":"WebSite","@id":"https:\/\/ruralrafaela.com.ar\/exporural\/#website","url":"https:\/\/ruralrafaela.com.ar\/exporural\/","name":"ExpoRural Rafaela y la Regi\u00f3n","description":"ExpoRural Rafaela y la Regi\u00f3n 2020 - Edici\u00f3n en L\u00ednea","publisher":{"@id":"https:\/\/ruralrafaela.com.ar\/exporural\/#organization"},"potentialAction":[{"@type":"SearchAction","target":{"@type":"EntryPoint","urlTemplate":"https:\/\/ruralrafaela.com.ar\/exporural\/?s={search_term_string}"},"query-input":{"@type":"PropertyValueSpecification","valueRequired":true,"valueName":"search_term_string"}}],"inLanguage":"es"},{"@type":"Organization","@id":"https:\/\/ruralrafaela.com.ar\/exporural\/#organization","name":"ExpoRural Rafaela y la Regi\u00f3n","url":"https:\/\/ruralrafaela.com.ar\/exporural\/","logo":{"@type":"ImageObject","inLanguage":"es","@id":"https:\/\/ruralrafaela.com.ar\/exporural\/#\/schema\/logo\/image\/","url":"https:\/\/ruralrafaela.com.ar\/exporural\/wp-content\/uploads\/sites\/16\/2020\/10\/Log-Expo-2020.png","contentUrl":"https:\/\/ruralrafaela.com.ar\/exporural\/wp-content\/uploads\/sites\/16\/2020\/10\/Log-Expo-2020.png","width":680,"height":404,"caption":"ExpoRural Rafaela y la Regi\u00f3n"},"image":{"@id":"https:\/\/ruralrafaela.com.ar\/exporural\/#\/schema\/logo\/image\/"}},{"@type":"Person","@id":"https:\/\/ruralrafaela.com.ar\/exporural\/#\/schema\/person\/b944097647cc828e58952e18b2cc493c","name":"c1970093","image":{"@type":"ImageObject","inLanguage":"es","@id":"https:\/\/secure.gravatar.com\/avatar\/45cdd73f3ef44c305e0057b84921f5c4dc0bf41c5999db82505293a43118ff3e?s=96&d=mm&r=g","url":"https:\/\/secure.gravatar.com\/avatar\/45cdd73f3ef44c305e0057b84921f5c4dc0bf41c5999db82505293a43118ff3e?s=96&d=mm&r=g","contentUrl":"https:\/\/secure.gravatar.com\/avatar\/45cdd73f3ef44c305e0057b84921f5c4dc0bf41c5999db82505293a43118ff3e?s=96&d=mm&r=g","caption":"c1970093"},"url":"https:\/\/ruralrafaela.com.ar\/exporural\/author\/c1970093\/"}]}},"_links":{"self":[{"href":"https:\/\/ruralrafaela.com.ar\/exporural\/wp-json\/wp\/v2\/posts\/101","targetHints":{"allow":["GET"]}}],"collection":[{"href":"https:\/\/ruralrafaela.com.ar\/exporural\/wp-json\/wp\/v2\/posts"}],"about":[{"href":"https:\/\/ruralrafaela.com.ar\/exporural\/wp-json\/wp\/v2\/types\/post"}],"author":[{"embeddable":true,"href":"https:\/\/ruralrafaela.com.ar\/exporural\/wp-json\/wp\/v2\/users\/2"}],"replies":[{"embeddable":true,"href":"https:\/\/ruralrafaela.com.ar\/exporural\/wp-json\/wp\/v2\/comments?post=101"}],"version-history":[{"count":1,"href":"https:\/\/ruralrafaela.com.ar\/exporural\/wp-json\/wp\/v2\/posts\/101\/revisions"}],"predecessor-version":[{"id":102,"href":"https:\/\/ruralrafaela.com.ar\/exporural\/wp-json\/wp\/v2\/posts\/101\/revisions\/102"}],"wp:featuredmedia":[{"embeddable":true,"href":"https:\/\/ruralrafaela.com.ar\/exporural\/wp-json\/wp\/v2\/media\/12"}],"wp:attachment":[{"href":"https:\/\/ruralrafaela.com.ar\/exporural\/wp-json\/wp\/v2\/media?parent=101"}],"wp:term":[{"taxonomy":"category","embeddable":true,"href":"https:\/\/ruralrafaela.com.ar\/exporural\/wp-json\/wp\/v2\/categories?post=101"},{"taxonomy":"post_tag","embeddable":true,"href":"https:\/\/ruralrafaela.com.ar\/exporural\/wp-json\/wp\/v2\/tags?post=101"}],"curies":[{"name":"wp","href":"https:\/\/api.w.org\/{rel}","templated":true}]}}